{"id":19379,"date":"2019-03-28T17:14:38","date_gmt":"2019-03-28T20:14:38","guid":{"rendered":"https:\/\/www.suno.com.br\/noticias\/?p=19379"},"modified":"2019-03-28T17:32:26","modified_gmt":"2019-03-28T20:32:26","slug":"relator-reforma-previdencia-pec-ccj-camara-delegado-marcelo-freitas","status":"publish","type":"post","link":"https:\/\/www.suno.com.br\/noticias\/relator-reforma-previdencia-pec-ccj-camara-delegado-marcelo-freitas\/","title":{"rendered":"Relator da PEC da Previd\u00eancia na CCJ da C\u00e2mara ser\u00e1 Delegado Freitas"},"content":{"rendered":"<p>O deputado <strong>Delegado\u00a0Marcelo Freitas (PSL)<\/strong> foi anunciado como <strong>relator<\/strong> da Proposta de Emenda Constitucional (PEC) da<strong> reforma da Previd\u00eancia<\/strong> na<strong>\u00a0Comiss\u00e3o de Constitui\u00e7\u00e3o e Justi\u00e7a<\/strong> (CCJ), da C\u00e2mara Federal.<\/p>\t<div class=\"wrapper-featured-image\">\n\t\t<figure class=\"spotlightImg\">\n\n\t\t\t<picture>\n\t\t\t\t<source media=\"(max-width: 768px)\" srcset=\"https:\/\/files.sunoresearch.com.br\/n\/uploads\/2019\/03\/74a9cd27-relator-400x200.webp\">\n\t\t\t\t<img loading=\"lazy\" decoding=\"async\" class=\"newsContent__article__imgCapa lazyloadDisabled newsContent__article__imgCapa--noCaption\" src=\"https:\/\/files.sunoresearch.com.br\/n\/uploads\/2019\/03\/74a9cd27-relator-800x450.webp\" width=\"800\" height=\"450\" alt=\"Relator da PEC da Previd\u00eancia na CCJ da C\u00e2mara ser\u00e1 Delegado Freitas\" fetchpriority=high \/>\n\t\t\t<\/picture>\n\n\t\t\t<figcaption class=\"wp-caption-text wp-caption-text--hide\">O relator da PEC da Previd\u00eancia da CCJ da C\u00e2mara ser\u00e1 o Delegado Marcelo Freitas. (divulga\u00e7\u00e3o)<\/figcaption>\n\t\t<\/figure>\n\t<\/div>\n\n\n<p>A decis\u00e3o de escolha do <strong>relator <\/strong>da<strong> PEC previdenci\u00e1ria<\/strong> na CCJ\u00a0foi tomada em reuni\u00e3o, que teve presen\u00e7a de:<\/p>\n<ul>\n<li>Felipe Francischini (PSL), o presidente da CCJ;<\/li>\n<li>Beatriz (Bia) Kicis (PSL), a vice-presidenta da CCJ;<\/li>\n<li>Onyx Lorenzoni, ministro da Casa Civil;<\/li>\n<li>Joice Hasselmann (PSL), a l\u00edder do Governo no Congresso Nacional;<\/li>\n<li>Rog\u00e9rio Marinho, o\u00a0secret\u00e1rio Especial de Previd\u00eancia e Trabalho;<\/li>\n<li>e Waldir Soares de Oliveira (Delegado Waldir), l\u00edder\u00a0 do PSL na C\u00e2mara.<\/li>\n<\/ul>\n<p><a href=\"https:\/\/www.suno.com.br\/noticias\/dolar-28032019\/\">Saiba mais &#8211;\u00a0D\u00f3lar bate os R$ 4; Tens\u00e3o entre Bolsonaro e Maia segue no radar<\/a><\/p>\n<p>O <strong>relator<\/strong>, <strong>Delegado Marcelo Freitas<\/strong>, ser\u00e1 respons\u00e1vel pela elabora\u00e7\u00e3o de um <strong>parecer<\/strong>, no qual far\u00e1 recomenda\u00e7\u00e3o positiva ou negativa da proposta.<\/p>\n<p>O <strong>presidente da CCJ<\/strong> espera que o parecer seja colocado em vota\u00e7\u00e3o na comiss\u00e3o no dia 17 de abril, segundo o &#8220;G1&#8221;.<\/p>\n<p>A <strong>CCJ da C\u00e2mara<\/strong> \u00e9 a<strong> primeira fase<\/strong> de tramita\u00e7\u00e3o da<strong> reforma da Previd\u00eancia<\/strong> no Congresso Nacional. A principal fun\u00e7\u00e3o da comiss\u00e3o \u00e9 verificar se a PEC enquadra-se nos par\u00e2metros estabelecidos pela Constitui\u00e7\u00e3o do Brasil.<\/p>\n<p><a href=\"https:\/\/www.suno.com.br\/noticias\/maia-brincadeira-bolsonaro\/\">Saiba mais &#8211;\u00a0Maia diz que est\u00e1 na hora de Bolsonaro parar de \u2018brincadeira\u2019 e trabalhar\u00a0<\/a><\/p>\n<p><a href=\"https:\/\/www.suno.com.br\/noticias\/paulo-guedes-nao-apego-cargo-bolsa-reage\/\">Saiba mais &#8211;\u00a0Paulo Guedes afirma n\u00e3o ter apego ao cargo; Bolsa reage negativamente\u00a0<\/a><\/p>\n<p>Caso o texto seja aprovado pela CCJ da C\u00e2mara Federal, o texto da reforma da Previd\u00eancia tra\u00e7ar\u00e1 o seguinte caminho:<\/p>\n<ul>\n<li><strong>Comiss\u00e3o especial da C\u00e2mara dos deputados<\/strong><\/li>\n<li><strong>Plen\u00e1rio da C\u00e2mara<\/strong>: para aprova\u00e7\u00e3o, ser\u00e3o necess\u00e1rios tr\u00eas quintos (3\/5) dos votos, o que equivale a 308 votos do total de 513 parlamentares.<\/li>\n<li><strong>CCJ do Senado Federal:<\/strong> caso o texto sofra alguma altera\u00e7\u00e3o nesta etapa, haver\u00e1 retorno da PEC \u00e0 C\u00e2mara.<\/li>\n<li><strong>Plen\u00e1rio do Senado: <\/strong>para aprova\u00e7\u00e3o, ser\u00e3o necess\u00e1rios tamb\u00e9m 3\/5 dos votos, o que equivale a 49 votos do total de 81 senadores.<\/li>\n<li><strong>Promulga\u00e7\u00e3o:<\/strong> PECs n\u00e3o s\u00e3o enviadas para san\u00e7\u00e3o do presidente da Rep\u00fablica, na contram\u00e3o dos projetos de leis. Assim, se o texto for aprovado nas demais etapas, ser\u00e1 <strong>promulgado<\/strong> pelo presidente do Senado, que tamb\u00e9m \u00e9 o presidente do Congresso Nacional: <strong>Davi Alcolumbre<\/strong> (DEM).<\/li>\n<\/ul>\n","protected":false},"excerpt":{"rendered":"<p>O deputado Delegado\u00a0Marcelo Freitas (PSL) foi anunciado como relator da Proposta de Emenda Constitucional (PEC) da reforma da Previd\u00eancia na\u00a0Comiss\u00e3o de Constitui\u00e7\u00e3o e Justi\u00e7a (CCJ), da C\u00e2mara Federal. O relator da PEC da Previd\u00eancia da CCJ da C\u00e2mara ser\u00e1 o Delegado Marcelo Freitas. (divulga\u00e7\u00e3o) A decis\u00e3o de escolha do relator da PEC previdenci\u00e1ria na CCJ\u00a0foi [&hellip;]<\/p>\n","protected":false},"author":12,"featured_media":19381,"comment_status":"closed","ping_status":"closed","sticky":false,"template":"","format":"standard","meta":[],"categories":[61],"tags":[939,940],"suno_strategy":[],"class_list":["post-19379","post","type-post","status-publish","format-standard","has-post-thumbnail","hentry","category-politica","tag-onyx-lorenzoni","tag-reforma-da-previdencia"],"yoast_head":"<!-- This site is optimized with the Yoast SEO plugin v24.4 - https:\/\/yoast.com\/wordpress\/plugins\/seo\/ -->\n<title>Relator da PEC da Previd\u00eancia na CCJ da C\u00e2mara ser\u00e1 delegado Freitas<\/title>\n<meta name=\"description\" content=\"O deputado Delegado\u00a0Marcelo Freitas (PSL) foi anunciado como relator PEC da reforma da Previd\u00eancia na CCJ da C\u00e2mara. Clique para saber mais.\" \/>\n<meta name=\"robots\" content=\"index, follow, max-snippet:-1, max-image-preview:large, max-video-preview:-1\" \/>\n<link rel=\"canonical\" href=\"https:\/\/www.suno.com.br\/noticias\/relator-reforma-previdencia-pec-ccj-camara-delegado-marcelo-freitas\/\" \/>\n<meta property=\"og:locale\" content=\"pt_BR\" \/>\n<meta property=\"og:type\" content=\"article\" \/>\n<meta property=\"og:title\" content=\"Relator da PEC da Previd\u00eancia na CCJ da C\u00e2mara ser\u00e1 delegado Freitas\" \/>\n<meta property=\"og:description\" content=\"O deputado Delegado\u00a0Marcelo Freitas (PSL) foi anunciado como relator PEC da reforma da Previd\u00eancia na CCJ da C\u00e2mara. Clique para saber mais.\" \/>\n<meta property=\"og:url\" content=\"https:\/\/www.suno.com.br\/noticias\/relator-reforma-previdencia-pec-ccj-camara-delegado-marcelo-freitas\/\" \/>\n<meta property=\"og:site_name\" content=\"Suno Not\u00edcias\" \/>\n<meta property=\"article:publisher\" content=\"https:\/\/facebook.com\/sunoresearch\" \/>\n<meta property=\"og:image\" content=\"https:\/\/files.sunoresearch.com.br\/n\/uploads\/2019\/03\/74a9cd27-relator.jpg\" \/>\n\t<meta property=\"og:image:width\" content=\"1280\" \/>\n\t<meta property=\"og:image:height\" content=\"853\" \/>\n\t<meta property=\"og:image:type\" content=\"image\/jpeg\" \/>\n<meta name=\"author\" content=\"Amanda Gushiken\" \/>\n<meta name=\"twitter:card\" content=\"summary_large_image\" \/>\n<meta name=\"twitter:creator\" content=\"@sunoresearch\" \/>\n<meta name=\"twitter:site\" content=\"@sunoresearch\" \/>\n<meta name=\"twitter:label1\" content=\"Escrito por\" \/>\n\t<meta name=\"twitter:data1\" content=\"Amanda Gushiken\" \/>\n\t<meta name=\"twitter:label2\" content=\"Est. tempo de leitura\" \/>\n\t<meta name=\"twitter:data2\" content=\"2 minutos\" \/>\n<script type=\"application\/ld+json\" class=\"yoast-schema-graph\">{\"@context\":\"https:\/\/schema.org\",\"@graph\":[{\"@type\":\"NewsArticle\",\"@id\":\"https:\/\/www.suno.com.br\/noticias\/relator-reforma-previdencia-pec-ccj-camara-delegado-marcelo-freitas\/#article\",\"isPartOf\":{\"@id\":\"https:\/\/www.suno.com.br\/noticias\/relator-reforma-previdencia-pec-ccj-camara-delegado-marcelo-freitas\/\"},\"author\":{\"name\":\"Amanda Gushiken\",\"@id\":\"https:\/\/www.suno.com.br\/noticias\/#\/schema\/person\/a5b06fa4e879d8e8e119c6ed3cd630d1\"},\"headline\":\"Relator da PEC da Previd\u00eancia na CCJ da C\u00e2mara ser\u00e1 Delegado Freitas\",\"datePublished\":\"2019-03-28T20:14:38+00:00\",\"dateModified\":\"2019-03-28T20:32:26+00:00\",\"mainEntityOfPage\":{\"@id\":\"https:\/\/www.suno.com.br\/noticias\/relator-reforma-previdencia-pec-ccj-camara-delegado-marcelo-freitas\/\"},\"wordCount\":414,\"publisher\":{\"@id\":\"https:\/\/www.suno.com.br\/noticias\/#organization\"},\"image\":{\"@id\":\"https:\/\/www.suno.com.br\/noticias\/relator-reforma-previdencia-pec-ccj-camara-delegado-marcelo-freitas\/#primaryimage\"},\"thumbnailUrl\":\"https:\/\/files.sunoresearch.com.br\/n\/uploads\/2019\/03\/74a9cd27-relator-jpg.webp\",\"keywords\":[\"Onyx Lorenzoni\",\"Reforma da Previd\u00eancia\"],\"articleSection\":[\"Pol\u00edtica\"],\"inLanguage\":\"pt-BR\"},{\"@type\":\"WebPage\",\"@id\":\"https:\/\/www.suno.com.br\/noticias\/relator-reforma-previdencia-pec-ccj-camara-delegado-marcelo-freitas\/\",\"url\":\"https:\/\/www.suno.com.br\/noticias\/relator-reforma-previdencia-pec-ccj-camara-delegado-marcelo-freitas\/\",\"name\":\"Relator da PEC da Previd\u00eancia na CCJ da C\u00e2mara ser\u00e1 delegado Freitas\",\"isPartOf\":{\"@id\":\"https:\/\/www.suno.com.br\/noticias\/#website\"},\"primaryImageOfPage\":{\"@id\":\"https:\/\/www.suno.com.br\/noticias\/relator-reforma-previdencia-pec-ccj-camara-delegado-marcelo-freitas\/#primaryimage\"},\"image\":{\"@id\":\"https:\/\/www.suno.com.br\/noticias\/relator-reforma-previdencia-pec-ccj-camara-delegado-marcelo-freitas\/#primaryimage\"},\"thumbnailUrl\":\"https:\/\/files.sunoresearch.com.br\/n\/uploads\/2019\/03\/74a9cd27-relator-jpg.webp\",\"datePublished\":\"2019-03-28T20:14:38+00:00\",\"dateModified\":\"2019-03-28T20:32:26+00:00\",\"description\":\"O deputado Delegado\u00a0Marcelo Freitas (PSL) foi anunciado como relator PEC da reforma da Previd\u00eancia na CCJ da C\u00e2mara. Clique para saber mais.\",\"breadcrumb\":{\"@id\":\"https:\/\/www.suno.com.br\/noticias\/relator-reforma-previdencia-pec-ccj-camara-delegado-marcelo-freitas\/#breadcrumb\"},\"inLanguage\":\"pt-BR\",\"potentialAction\":[{\"@type\":\"ReadAction\",\"target\":[\"https:\/\/www.suno.com.br\/noticias\/relator-reforma-previdencia-pec-ccj-camara-delegado-marcelo-freitas\/\"]}]},{\"@type\":\"ImageObject\",\"inLanguage\":\"pt-BR\",\"@id\":\"https:\/\/www.suno.com.br\/noticias\/relator-reforma-previdencia-pec-ccj-camara-delegado-marcelo-freitas\/#primaryimage\",\"url\":\"https:\/\/files.sunoresearch.com.br\/n\/uploads\/2019\/03\/74a9cd27-relator-jpg.webp\",\"contentUrl\":\"https:\/\/files.sunoresearch.com.br\/n\/uploads\/2019\/03\/74a9cd27-relator-jpg.webp\",\"width\":1280,\"height\":853,\"caption\":\"O relator da PEC da Previd\u00eancia da CCJ da C\u00e2mara ser\u00e1 o Delegado Marcelo Freitas. (divulga\u00e7\u00e3o)\"},{\"@type\":\"BreadcrumbList\",\"@id\":\"https:\/\/www.suno.com.br\/noticias\/relator-reforma-previdencia-pec-ccj-camara-delegado-marcelo-freitas\/#breadcrumb\",\"itemListElement\":[{\"@type\":\"ListItem\",\"position\":1,\"name\":\"Not\u00edcias\",\"item\":\"https:\/\/www.suno.com.br\/noticias\/\"},{\"@type\":\"ListItem\",\"position\":2,\"name\":\"Pol\u00edtica\",\"item\":\"https:\/\/www.suno.com.br\/noticias\/politica\/\"},{\"@type\":\"ListItem\",\"position\":3,\"name\":\"Relator da PEC da Previd\u00eancia na CCJ da C\u00e2mara ser\u00e1 Delegado Freitas\"}]},{\"@type\":\"WebSite\",\"@id\":\"https:\/\/www.suno.com.br\/noticias\/#website\",\"url\":\"https:\/\/www.suno.com.br\/noticias\/\",\"name\":\"Suno Not\u00edcias\",\"description\":\"Seu portal de informa\u00e7\u00e3o sobre o mundo dos investimentos\",\"publisher\":{\"@id\":\"https:\/\/www.suno.com.br\/noticias\/#organization\"},\"potentialAction\":[{\"@type\":\"SearchAction\",\"target\":{\"@type\":\"EntryPoint\",\"urlTemplate\":\"https:\/\/www.suno.com.br\/noticias\/?s={search_term_string}\"},\"query-input\":{\"@type\":\"PropertyValueSpecification\",\"valueRequired\":true,\"valueName\":\"search_term_string\"}}],\"inLanguage\":\"pt-BR\"},{\"@type\":\"Organization\",\"@id\":\"https:\/\/www.suno.com.br\/noticias\/#organization\",\"name\":\"Suno Not\u00edcias\",\"url\":\"https:\/\/www.suno.com.br\/noticias\/\",\"logo\":{\"@type\":\"ImageObject\",\"inLanguage\":\"pt-BR\",\"@id\":\"https:\/\/www.suno.com.br\/noticias\/#\/schema\/logo\/image\/\",\"url\":\"https:\/\/files.sunoresearch.com.br\/n\/uploads\/2021\/09\/suno-logo.png\",\"contentUrl\":\"https:\/\/files.sunoresearch.com.br\/n\/uploads\/2021\/09\/suno-logo.png\",\"width\":180,\"height\":180,\"caption\":\"Suno Not\u00edcias\"},\"image\":{\"@id\":\"https:\/\/www.suno.com.br\/noticias\/#\/schema\/logo\/image\/\"},\"sameAs\":[\"https:\/\/facebook.com\/sunoresearch\",\"https:\/\/x.com\/sunoresearch\",\"https:\/\/www.instagram.com\/suno\",\"https:\/\/www.linkedin.com\/company\/suno-research\/\",\"https:\/\/www.youtube.com\/c\/sunoresearch\"]},{\"@type\":\"Person\",\"@id\":\"https:\/\/www.suno.com.br\/noticias\/#\/schema\/person\/a5b06fa4e879d8e8e119c6ed3cd630d1\",\"name\":\"Amanda Gushiken\",\"image\":{\"@type\":\"ImageObject\",\"inLanguage\":\"pt-BR\",\"@id\":\"https:\/\/www.suno.com.br\/noticias\/#\/schema\/person\/image\/\",\"url\":\"https:\/\/secure.gravatar.com\/avatar\/ecd84705e6b65e3685ae80d725501fbe?s=96&r=g\",\"contentUrl\":\"https:\/\/secure.gravatar.com\/avatar\/ecd84705e6b65e3685ae80d725501fbe?s=96&r=g\",\"caption\":\"Amanda Gushiken\"},\"description\":\"Amanda Sayuri Gushiken escreve sobre finan\u00e7as e neg\u00f3cios para o portal Suno Not\u00edcias. Antes, trabalhou selecionando not\u00edcias da imprensa para clientes do mercado financeiro. Tamb\u00e9m desenvolveu pesquisa acad\u00eamica pela Universidade Anhembi Morumbi na \u00e1rea de Teorias da Comunica\u00e7\u00e3o e \u00e9 fot\u00f3grafa nas horas vagas.\",\"url\":\"https:\/\/www.suno.com.br\/noticias\/author\/amanda\/\"}]}<\/script>\n<!-- \/ Yoast SEO plugin. -->","yoast_head_json":{"title":"Relator da PEC da Previd\u00eancia na CCJ da C\u00e2mara ser\u00e1 delegado Freitas","description":"O deputado Delegado\u00a0Marcelo Freitas (PSL) foi anunciado como relator PEC da reforma da Previd\u00eancia na CCJ da C\u00e2mara. Clique para saber mais.","robots":{"index":"index","follow":"follow","max-snippet":"max-snippet:-1","max-image-preview":"max-image-preview:large","max-video-preview":"max-video-preview:-1"},"canonical":"https:\/\/www.suno.com.br\/noticias\/relator-reforma-previdencia-pec-ccj-camara-delegado-marcelo-freitas\/","og_locale":"pt_BR","og_type":"article","og_title":"Relator da PEC da Previd\u00eancia na CCJ da C\u00e2mara ser\u00e1 delegado Freitas","og_description":"O deputado Delegado\u00a0Marcelo Freitas (PSL) foi anunciado como relator PEC da reforma da Previd\u00eancia na CCJ da C\u00e2mara. Clique para saber mais.","og_url":"https:\/\/www.suno.com.br\/noticias\/relator-reforma-previdencia-pec-ccj-camara-delegado-marcelo-freitas\/","og_site_name":"Suno Not\u00edcias","article_publisher":"https:\/\/facebook.com\/sunoresearch","og_image":[{"width":1280,"height":853,"url":"https:\/\/files.sunoresearch.com.br\/n\/uploads\/2019\/03\/74a9cd27-relator.jpg","type":"image\/jpeg"}],"author":"Amanda Gushiken","twitter_card":"summary_large_image","twitter_creator":"@sunoresearch","twitter_site":"@sunoresearch","twitter_misc":{"Escrito por":"Amanda Gushiken","Est. tempo de leitura":"2 minutos"},"schema":{"@context":"https:\/\/schema.org","@graph":[{"@type":"NewsArticle","@id":"https:\/\/www.suno.com.br\/noticias\/relator-reforma-previdencia-pec-ccj-camara-delegado-marcelo-freitas\/#article","isPartOf":{"@id":"https:\/\/www.suno.com.br\/noticias\/relator-reforma-previdencia-pec-ccj-camara-delegado-marcelo-freitas\/"},"author":{"name":"Amanda Gushiken","@id":"https:\/\/www.suno.com.br\/noticias\/#\/schema\/person\/a5b06fa4e879d8e8e119c6ed3cd630d1"},"headline":"Relator da PEC da Previd\u00eancia na CCJ da C\u00e2mara ser\u00e1 Delegado Freitas","datePublished":"2019-03-28T20:14:38+00:00","dateModified":"2019-03-28T20:32:26+00:00","mainEntityOfPage":{"@id":"https:\/\/www.suno.com.br\/noticias\/relator-reforma-previdencia-pec-ccj-camara-delegado-marcelo-freitas\/"},"wordCount":414,"publisher":{"@id":"https:\/\/www.suno.com.br\/noticias\/#organization"},"image":{"@id":"https:\/\/www.suno.com.br\/noticias\/relator-reforma-previdencia-pec-ccj-camara-delegado-marcelo-freitas\/#primaryimage"},"thumbnailUrl":"https:\/\/files.sunoresearch.com.br\/n\/uploads\/2019\/03\/74a9cd27-relator-jpg.webp","keywords":["Onyx Lorenzoni","Reforma da Previd\u00eancia"],"articleSection":["Pol\u00edtica"],"inLanguage":"pt-BR"},{"@type":"WebPage","@id":"https:\/\/www.suno.com.br\/noticias\/relator-reforma-previdencia-pec-ccj-camara-delegado-marcelo-freitas\/","url":"https:\/\/www.suno.com.br\/noticias\/relator-reforma-previdencia-pec-ccj-camara-delegado-marcelo-freitas\/","name":"Relator da PEC da Previd\u00eancia na CCJ da C\u00e2mara ser\u00e1 delegado Freitas","isPartOf":{"@id":"https:\/\/www.suno.com.br\/noticias\/#website"},"primaryImageOfPage":{"@id":"https:\/\/www.suno.com.br\/noticias\/relator-reforma-previdencia-pec-ccj-camara-delegado-marcelo-freitas\/#primaryimage"},"image":{"@id":"https:\/\/www.suno.com.br\/noticias\/relator-reforma-previdencia-pec-ccj-camara-delegado-marcelo-freitas\/#primaryimage"},"thumbnailUrl":"https:\/\/files.sunoresearch.com.br\/n\/uploads\/2019\/03\/74a9cd27-relator-jpg.webp","datePublished":"2019-03-28T20:14:38+00:00","dateModified":"2019-03-28T20:32:26+00:00","description":"O deputado Delegado\u00a0Marcelo Freitas (PSL) foi anunciado como relator PEC da reforma da Previd\u00eancia na CCJ da C\u00e2mara. Clique para saber mais.","breadcrumb":{"@id":"https:\/\/www.suno.com.br\/noticias\/relator-reforma-previdencia-pec-ccj-camara-delegado-marcelo-freitas\/#breadcrumb"},"inLanguage":"pt-BR","potentialAction":[{"@type":"ReadAction","target":["https:\/\/www.suno.com.br\/noticias\/relator-reforma-previdencia-pec-ccj-camara-delegado-marcelo-freitas\/"]}]},{"@type":"ImageObject","inLanguage":"pt-BR","@id":"https:\/\/www.suno.com.br\/noticias\/relator-reforma-previdencia-pec-ccj-camara-delegado-marcelo-freitas\/#primaryimage","url":"https:\/\/files.sunoresearch.com.br\/n\/uploads\/2019\/03\/74a9cd27-relator-jpg.webp","contentUrl":"https:\/\/files.sunoresearch.com.br\/n\/uploads\/2019\/03\/74a9cd27-relator-jpg.webp","width":1280,"height":853,"caption":"O relator da PEC da Previd\u00eancia da CCJ da C\u00e2mara ser\u00e1 o Delegado Marcelo Freitas. (divulga\u00e7\u00e3o)"},{"@type":"BreadcrumbList","@id":"https:\/\/www.suno.com.br\/noticias\/relator-reforma-previdencia-pec-ccj-camara-delegado-marcelo-freitas\/#breadcrumb","itemListElement":[{"@type":"ListItem","position":1,"name":"Not\u00edcias","item":"https:\/\/www.suno.com.br\/noticias\/"},{"@type":"ListItem","position":2,"name":"Pol\u00edtica","item":"https:\/\/www.suno.com.br\/noticias\/politica\/"},{"@type":"ListItem","position":3,"name":"Relator da PEC da Previd\u00eancia na CCJ da C\u00e2mara ser\u00e1 Delegado Freitas"}]},{"@type":"WebSite","@id":"https:\/\/www.suno.com.br\/noticias\/#website","url":"https:\/\/www.suno.com.br\/noticias\/","name":"Suno Not\u00edcias","description":"Seu portal de informa\u00e7\u00e3o sobre o mundo dos investimentos","publisher":{"@id":"https:\/\/www.suno.com.br\/noticias\/#organization"},"potentialAction":[{"@type":"SearchAction","target":{"@type":"EntryPoint","urlTemplate":"https:\/\/www.suno.com.br\/noticias\/?s={search_term_string}"},"query-input":{"@type":"PropertyValueSpecification","valueRequired":true,"valueName":"search_term_string"}}],"inLanguage":"pt-BR"},{"@type":"Organization","@id":"https:\/\/www.suno.com.br\/noticias\/#organization","name":"Suno Not\u00edcias","url":"https:\/\/www.suno.com.br\/noticias\/","logo":{"@type":"ImageObject","inLanguage":"pt-BR","@id":"https:\/\/www.suno.com.br\/noticias\/#\/schema\/logo\/image\/","url":"https:\/\/files.sunoresearch.com.br\/n\/uploads\/2021\/09\/suno-logo.png","contentUrl":"https:\/\/files.sunoresearch.com.br\/n\/uploads\/2021\/09\/suno-logo.png","width":180,"height":180,"caption":"Suno Not\u00edcias"},"image":{"@id":"https:\/\/www.suno.com.br\/noticias\/#\/schema\/logo\/image\/"},"sameAs":["https:\/\/facebook.com\/sunoresearch","https:\/\/x.com\/sunoresearch","https:\/\/www.instagram.com\/suno","https:\/\/www.linkedin.com\/company\/suno-research\/","https:\/\/www.youtube.com\/c\/sunoresearch"]},{"@type":"Person","@id":"https:\/\/www.suno.com.br\/noticias\/#\/schema\/person\/a5b06fa4e879d8e8e119c6ed3cd630d1","name":"Amanda Gushiken","image":{"@type":"ImageObject","inLanguage":"pt-BR","@id":"https:\/\/www.suno.com.br\/noticias\/#\/schema\/person\/image\/","url":"https:\/\/secure.gravatar.com\/avatar\/ecd84705e6b65e3685ae80d725501fbe?s=96&r=g","contentUrl":"https:\/\/secure.gravatar.com\/avatar\/ecd84705e6b65e3685ae80d725501fbe?s=96&r=g","caption":"Amanda Gushiken"},"description":"Amanda Sayuri Gushiken escreve sobre finan\u00e7as e neg\u00f3cios para o portal Suno Not\u00edcias. Antes, trabalhou selecionando not\u00edcias da imprensa para clientes do mercado financeiro. Tamb\u00e9m desenvolveu pesquisa acad\u00eamica pela Universidade Anhembi Morumbi na \u00e1rea de Teorias da Comunica\u00e7\u00e3o e \u00e9 fot\u00f3grafa nas horas vagas.","url":"https:\/\/www.suno.com.br\/noticias\/author\/amanda\/"}]}},"default_loop_html":"<div class=\"cardsPage__listCard__boxs\"><div class=\"cardsPage__listCard__boxs__img\"><a href=\"https:\/\/www.suno.com.br\/noticias\/relator-reforma-previdencia-pec-ccj-camara-delegado-marcelo-freitas\/\"><img class=\"mask\" src=\"https:\/\/www.suno.com.br\/noticias\/wp-content\/themes\/suno\/resources\/images\/spotlight\/spotlight1img\/bg-mask.png\" alt=\"Image Mask\"\/><img src=\"https:\/\/files.sunoresearch.com.br\/n\/uploads\/2019\/03\/74a9cd27-relator-400x200.webp\" alt=\"Relator da PEC da Previd\u00eancia na CCJ da C\u00e2mara ser\u00e1 Delegado Freitas\"\/><\/a><span class=\"spotlightCategory\"><a href=\"https:\/\/www.suno.com.br\/noticias\/politica\/\">Pol\u00edtica<\/a><\/span><\/div><div class=\"cardsPage__listCard__boxs__content\"><a href=\"https:\/\/www.suno.com.br\/noticias\/relator-reforma-previdencia-pec-ccj-camara-delegado-marcelo-freitas\/\"><h2 class=\"content__title\">Relator da PEC da Previd\u00eancia na CCJ da C\u00e2mara ser\u00e1 Delegado Freitas<\/h2><\/a><div class=\"newsContent__article__meta\"><div class=\"newsContent__article__meta__authorBox\"><a href=\"https:\/\/www.suno.com.br\/noticias\/author\/amanda\/\" class=\"authorBox__avatar noMobi\"><img src=\"https:\/\/files.sunoresearch.com.br\/n\/uploads\/2018\/11\/c6ad30be-amanda-150x150.webp\" alt=\"Amanda Gushiken\"><\/a><div class=\"authorBox__name\"><span>por\n\t\t\t<a href=\"https:\/\/www.suno.com.br\/noticias\/author\/amanda\/\"><span itemprop=\"author\">Amanda Gushiken<\/span><\/a><\/span><time datetime=\"2019-03-28T17:14:38-03:00\" itemprop=\"datePublished\">28\/03\/2019 17:14<\/time><\/div><\/div><\/div><\/div><\/div>","single_layout":"posts","amp_enabled":true,"_links":{"self":[{"href":"https:\/\/www.suno.com.br\/noticias\/wp-json\/wp\/v2\/posts\/19379"}],"collection":[{"href":"https:\/\/www.suno.com.br\/noticias\/wp-json\/wp\/v2\/posts"}],"about":[{"href":"https:\/\/www.suno.com.br\/noticias\/wp-json\/wp\/v2\/types\/post"}],"author":[{"embeddable":true,"href":"https:\/\/www.suno.com.br\/noticias\/wp-json\/wp\/v2\/users\/12"}],"replies":[{"embeddable":true,"href":"https:\/\/www.suno.com.br\/noticias\/wp-json\/wp\/v2\/comments?post=19379"}],"version-history":[{"count":0,"href":"https:\/\/www.suno.com.br\/noticias\/wp-json\/wp\/v2\/posts\/19379\/revisions"}],"wp:featuredmedia":[{"embeddable":true,"href":"https:\/\/www.suno.com.br\/noticias\/wp-json\/wp\/v2\/media\/19381"}],"wp:attachment":[{"href":"https:\/\/www.suno.com.br\/noticias\/wp-json\/wp\/v2\/media?parent=19379"}],"wp:term":[{"taxonomy":"category","embeddable":true,"href":"https:\/\/www.suno.com.br\/noticias\/wp-json\/wp\/v2\/categories?post=19379"},{"taxonomy":"post_tag","embeddable":true,"href":"https:\/\/www.suno.com.br\/noticias\/wp-json\/wp\/v2\/tags?post=19379"},{"taxonomy":"suno_strategy","embeddable":true,"href":"https:\/\/www.suno.com.br\/noticias\/wp-json\/wp\/v2\/suno_strategy?post=19379"}],"curies":[{"name":"wp","href":"https:\/\/api.w.org\/{rel}","templated":true}]}}