{"id":19378,"date":"2019-03-28T18:03:13","date_gmt":"2019-03-28T21:03:13","guid":{"rendered":"https:\/\/www.suno.com.br\/noticias\/?p=19378"},"modified":"2021-02-17T22:49:47","modified_gmt":"2021-02-18T01:49:47","slug":"dolar-quinta-feira-fechamento-03282019","status":"publish","type":"post","link":"https:\/\/www.suno.com.br\/noticias\/dolar-quinta-feira-fechamento-03282019\/","title":{"rendered":"D\u00f3lar cai a R$ 3,91 com tr\u00e9gua entre Jair Bolsonaro e Rodrigo Maia"},"content":{"rendered":"<p>O d\u00f3lar encerrou em queda de\u00a00,938% a R$\u00a03,9174, nesta quinta-feira (28) na <a href=\"https:\/\/www.suno.com.br\/artigos\/b3\/\">B3<\/a> (Brasil, Bolsa Balc\u00e3o). A m\u00ednima do dia foi R$\u00a03,9063, enquanto a m\u00e1xima encosta nos R$ 4.<\/p>\t<div class=\"wrapper-featured-image\">\n\t\t<figure class=\"spotlightImg\">\n\n\t\t\t<picture>\n\t\t\t\t<source media=\"(max-width: 768px)\" srcset=\"https:\/\/files.sunoresearch.com.br\/n\/uploads\/2018\/12\/e7841ec7-d\u00f3lar-400x200.webp\">\n\t\t\t\t<img loading=\"lazy\" decoding=\"async\" class=\"newsContent__article__imgCapa lazyloadDisabled newsContent__article__imgCapa--noCaption\" src=\"https:\/\/files.sunoresearch.com.br\/n\/uploads\/2018\/12\/e7841ec7-d\u00f3lar-800x450.webp\" width=\"800\" height=\"450\" alt=\"D\u00f3lar cai a R$ 3,91 com tr\u00e9gua entre Jair Bolsonaro e Rodrigo Maia\" fetchpriority=high \/>\n\t\t\t<\/picture>\n\n\t\t\t<figcaption class=\"wp-caption-text wp-caption-text--hide\">Ap\u00f3s feriado de carnaval, d\u00f3lar abre em alta com coronav\u00edrus no radar<\/figcaption>\n\t\t<\/figure>\n\t<\/div>\n\n\n<p>O movimento do <strong>d\u00f3lar<\/strong> foi encabe\u00e7ado pela aparente<strong> tr\u00e9gua no cen\u00e1rio pol\u00edtico<\/strong>. A crise, protagonizada pelo presidente da Rep\u00fablica, Jair Bolsonaro, e o presidente da C\u00e2mara, Rodrigo Maia (DEM), parecer ter sido amenizada.<\/p>\n<p>Assim, a tr\u00e9gua visa confortar um mercado cauteloso com as <strong>dificuldades<\/strong> de <strong>articula\u00e7\u00e3o<\/strong> na aprova\u00e7\u00e3o da Proposta de Emenda Constitucional (PEC) da <strong>reforma da Previd\u00eancia<\/strong>.<\/p>\n<p>Nesta sess\u00e3o, o <a href=\"https:\/\/www.suno.com.br\/artigos\/bacen\/\">Banco Central<\/a> (BC) realizou <strong>dois leil\u00f5es<\/strong>:<\/p>\n<ul>\n<li>de<strong> US$ 1 bilh\u00e3o<\/strong>, em opera\u00e7\u00e3o de venda de moeda, com compromisso de recompra. A medida \u00e9 parte da <strong>estrat\u00e9gia<\/strong> para amenizar a press\u00e3o no d\u00f3lar, j\u00e1 que a moeda \u00e9 injetada no mercado. Com a maior oferta do <strong>d\u00f3lar<\/strong>, a moeda tende a cair.<\/li>\n<li>O <strong>BC<\/strong> tamb\u00e9m fez leil\u00e3o de 14,43 mil <a href=\"https:\/\/www.suno.com.br\/artigos\/swap-cambial\/\">swaps cambiais<\/a> tradicionais, correspondentes \u00e0 venda futura de d\u00f3lares, para rolagem do vencimento de abril, no total de US$ 12,321 bilh\u00f5es.<\/li>\n<\/ul>\n<h2>Reforma da Previd\u00eancia<\/h2>\n<p>O presidente da Rep\u00fablica,<strong> Jair Bolsonaro<\/strong>, disse nesta data que a <strong>crise<\/strong> pol\u00edtica que protagonizou com Rodrigo Maia \u00e9 <strong>p\u00e1gina virada<\/strong>.<\/p>\n<p>&#8220;P\u00e1gina virada, um abra\u00e7o, Rodrigo Maia. O<strong> Brasil est\u00e1 acima de todos<\/strong>. Acontece, \u00e9 uma chuva de ver\u00e3o&#8221;, afirmou Bolsonaro.<\/p>\n<p>&#8220;Outros problemas acontecer\u00e3o, com toda a certeza. Mas, pode ter certeza, na minha cabe\u00e7a e na dele, o <strong>Brasil acima de tudo e Deus acima de todos<\/strong>&#8220;, acrescentou.<\/p>\n<p>Al\u00e9m disso, <strong>Rodrigo Maia<\/strong> recebeu o ministro da Economia,<strong> Paulo Guedes<\/strong>, para um almo\u00e7o, com a presen\u00e7a de outros deputados. O objetivo da reuni\u00e3o era<strong> apaziguar o clima de tens\u00e3o<\/strong> entorno da PEC da<strong> reforma da Previd\u00eancia<\/strong>, que assustou o mercado nesta semana.<\/p>\n<h2>Paulo Guedes e sua interpreta\u00e7\u00e3o da crise pol\u00edtica<\/h2>\n<p>Ap\u00f3s sair do almo\u00e7o, Paulo Guedes declarou \u00e0 Imprensa que:<\/p>\n<p>&#8220;<strong>Estou muito confiante<\/strong> de que os poderes independentes est\u00e3o harmonicamente buscando o aperfei\u00e7oamento institucional do Brasil. Existem uns ru\u00eddos de comunica\u00e7\u00e3o. Houve <strong>muito combate<\/strong> durante a campanha, e esse <strong>barulho vai diminuir<\/strong>. O exerc\u00edcio das pr\u00f3prias fun\u00e7\u00f5es [de cada poder] daqui para a frente vai fazendo com que se tenha uma converg\u00eancia, uma harmoniza\u00e7\u00e3o. <strong>Eu acho que isso \u00e9 natural<\/strong>. O barulho est\u00e1 um pouco acima, exatamente porque houve esse choque inicial. Mas eu tenho sido <strong>testemunha<\/strong> de que todos est\u00e3o empenhados<\/p>\n<p>[&#8230;] Eu acredito muito que os<strong> principais poderes<\/strong>, apesar dessa coisa que d\u00e1 muita not\u00edcia, d\u00e1 barulho, esses ru\u00eddos, <strong>sabem a import\u00e2ncia<\/strong> do desempenho de cada um, do seu papel institucional&#8221;, afirmou o<strong> ministro da Economia<\/strong>.<\/p>\n<h2>Banco Central reduz previs\u00e3o PIB<\/h2>\n<p>O Banco Central reduziu a previs\u00e3o para o crescimento do <strong>Produto Interno Bruto<\/strong> (PIB) nacional em 2019. De acordo com os dados divulgados pela institui\u00e7\u00e3o nesta quinta-feira (28), a nova previs\u00e3o \u00e9 de uma expans\u00e3o de 2% e n\u00e3o mais 2,4%.<\/p>\n<p>Conforme os <strong>Banco Central<\/strong>, a redu\u00e7\u00e3o da estimativa de alta do <strong>PIB<\/strong> aconteceu por conta dos desdobramentos da trag\u00e9dia de <strong>Brumadinho<\/strong>, que vai prejudicar a produ\u00e7\u00e3o da ind\u00fastria do <strong>min\u00e9rio de ferro<\/strong>. Al\u00e9m disso, outros pontos citados para tal prospectiva \u00e9 a redu\u00e7\u00e3o das estimativas sobre a safra agr\u00edcola e tamb\u00e9m o ritmo lento de recupera\u00e7\u00e3o da <strong>economia nacional<\/strong>.<\/p>\n<p><a href=\"https:\/\/www.suno.com.br\/noticias\/pib-banco-central-reduz-economia\/\">Saiba mais &#8211;\u00a0PIB: Banco Central reduz previs\u00e3o de crescimento da economia para 2019\u00a0<\/a><\/p>\n<h2>Presidente do BC fala de spread e juros banc\u00e1rios<\/h2>\n<p>O novo presidente do Banco Central (BC), Roberto Campos Neto, declarou nesta quinta (28) a institui\u00e7\u00e3o vai trabalhar fortemente para reduzir o <a href=\"https:\/\/www.suno.com.br\/artigos\/spread-bancario\/\">spread banc\u00e1rio<\/a>.<\/p>\n<p>&#8220;Quando olhamos o <strong>spread banc\u00e1rio,<\/strong> n\u00e3o estamos contentes. Achamos que o <strong>spread banc\u00e1rio<\/strong> \u00e9 <strong>alto,<\/strong> estamos trabalhando para reduzi-lo [&#8230;] Estamos trabalhando <strong>fortemente<\/strong> nisso. H\u00e1 v\u00e1rios projetos, h\u00e1 uma agenda inteira de <strong>fintechs<\/strong> com v\u00e1rias medidas de <strong>regulamenta\u00e7\u00e3o&#8221;,<\/strong> declarou o <strong>presidente<\/strong> do <strong>BC.<\/strong><\/p>\n<p><a href=\"https:\/\/www.suno.com.br\/noticias\/novo-presidente-bc-spread-bancario\/\">Saiba mais &#8211;\u00a0Novo presidente do BC diz que vai trabalhar \u2018fortemente\u2019 para reduzir spread\u00a0<\/a><\/p>\n<h2>Leil\u00e3o de Ferrovia Norte-Sul<\/h2>\n<p>A Rumo Log\u00edstica (RAIL3), <strong>companhia ferrovi\u00e1ria<\/strong> e de log\u00edstica brasileira pertencente ao <strong>Grupo Cosan<\/strong> (CSAN3), venceu nesta quinta-feira (28) o <strong>leil\u00e3o<\/strong> do trecho de 1,5 mil quil\u00f4metros da <strong>Ferrovia Norte-Sul<\/strong>.<\/p>\n<p>Contudo, o evento, que ocorreu na sede da <strong>B3<\/strong>, n\u00e3o foi &#8220;tranquilo&#8221; e obteve pedido de liminar contra o leil\u00e3o, negado, minutos antes.\u00a0O pedido havia sido feito por:<\/p>\n<ul>\n<li>Carlos Lupi, <strong>presidente<\/strong> nacional do <strong>PDT<\/strong>;<\/li>\n<li>e pela <strong>senadora K\u00e1tia Abreu<\/strong> (PDT).<\/li>\n<\/ul>\n<p>O <strong>PDT<\/strong> argumentou em sua a\u00e7\u00e3o que,\u00a0segundo informa\u00e7\u00f5es obtidas com a estatal <strong>Valec<\/strong>,\u00a0o<strong> valor efetivo de concess\u00e3o<\/strong> seria hoje de<strong> R$ 6,5 bilh\u00f5es<\/strong>. Enquanto o<strong> lance\u00a0m\u00ednimo<\/strong> foi \u00e9 de <strong>R$ 1,35 bilh\u00e3o<\/strong>.<\/p>\n<p>Contudo, a <strong>Valec<\/strong> afirmou que o <strong>c\u00e1lculo oficial<\/strong> dos valores n\u00e3o compete a ela. Mas sim \u00e0 <strong>Ag\u00eancia Nacional de Transportes Terrestres<\/strong> (ANTT).<\/p>\n<p>Al\u00e9m disso, a\u00a0maior cr\u00edtica ao leil\u00e3o \u00e9 que o edital publicado, em novembro, n\u00e3o inclu\u00eda regras exigindo o <strong>uso m\u00faltiplo da ferrovia<\/strong> por diferentes empresas, o <strong>&#8220;direito de passagem&#8221;<\/strong>.<\/p>\n<p>Com a aus\u00eancia do direito, algumas empresas poderiam ser favorecidas no leil\u00e3o, segundo os cr\u00edticos apurados pelo &#8220;UOL&#8221;. As companhias favorecidas seriam aquelas que j\u00e1 possuem os demais trechos da Ferrovia Norte-Sul.<\/p>\n<p>A expectativa do mercado \u00e9 que a ferrovia torne-se o principal meio de <strong>escoamento<\/strong> da<strong> produ\u00e7\u00e3o agr\u00edcola<\/strong> do Pa\u00eds.<\/p>\n<p><a href=\"https:\/\/www.suno.com.br\/noticias\/ferrovia-norte-sul-leilao-controversias-rumo-vence\/\">Saiba mais &#8211;\u00a0Apesar de controv\u00e9rsias, Rumo vence leil\u00e3o de trecho da Ferrovia Norte-Sul\u00a0<\/a><\/p>\n<h2>IGP-M sobe em mar\u00e7o<\/h2>\n<p>O <a href=\"https:\/\/www.suno.com.br\/artigos\/igp-m\/\">\u00cdndice Geral de Pre\u00e7os-Mercado<\/a> (IGP-M), usado para corre\u00e7\u00e3o de contratos como os de aluguel de im\u00f3veis, acelerou e subiu para<strong> 1,26%<\/strong> em mar\u00e7o, contra um<strong> avan\u00e7o de 0,88%<\/strong> em fevereiro. Os dados foram divulgados pela <strong>Funda\u00e7\u00e3o Get\u00falio Vargas<\/strong> (FGV), nesta quinta-feira (28).<\/p>\n<p><a href=\"https:\/\/www.suno.com.br\/noticias\/igp-m-aluguel-acelera-fgv\/\">Saiba mais &#8211;\u00a0IGP-M: \u2018Infla\u00e7\u00e3o do aluguel\u2019 acelera de fevereiro para mar\u00e7o, diz FGV\u00a0<\/a><\/p>\n<h2>PIB dos EUA sobe abaixo do esperado<\/h2>\n<p>O <a href=\"https:\/\/www.suno.com.br\/artigos\/pib-produto-interno-bruto\/\">Produto Interno Bruto (PIB)<\/a> dos <strong>Estados Unidos<\/strong> cresceu de 2,2% no quarto trimestre de 2018. Os dados anualizados foram divulgados nesta quinta-feira (28) pelo <strong>Departamento do Com\u00e9rcio<\/strong>.<\/p>\n<p>A informa\u00e7\u00e3o revisou os dados sobre\u00a0<strong>PIB<\/strong> dos <b>Estados Unidos <\/b>divulgados no m\u00eas passado. Com isso, o crescimento da economia norte-americana no\u00a04\u00ba trimestre acabou levemente abaixo do previsto pelos analistas, que indicavam um crescimento de 2,3%.<\/p>\n<p><a href=\"https:\/\/www.suno.com.br\/noticias\/tesouro-carga-tributaria-subiu-pib\/\">Saiba mais &#8211;\u00a0Tesouro estima que carga tribut\u00e1ria subiu para 33,58% do PIB em 2018<\/a><\/p>\n<h2>\u00daltima cota\u00e7\u00e3o<\/h2>\n<p>O <strong>d\u00f3lar<\/strong> fechou a sess\u00e3o da quarta-feira (26) com alta de\u00a02,273% e a moeda encerrou a R$ 3,9545 na venda.<\/p>\n","protected":false},"excerpt":{"rendered":"<p>O d\u00f3lar encerrou em queda de\u00a00,938% a R$\u00a03,9174, nesta quinta-feira (28) na B3 (Brasil, Bolsa Balc\u00e3o). A m\u00ednima do dia foi R$\u00a03,9063, enquanto a m\u00e1xima encosta nos R$ 4. Ap\u00f3s feriado de carnaval, d\u00f3lar abre em alta com coronav\u00edrus no radar O movimento do d\u00f3lar foi encabe\u00e7ado pela aparente tr\u00e9gua no cen\u00e1rio pol\u00edtico. A crise, [&hellip;]<\/p>\n","protected":false},"author":12,"featured_media":7820,"comment_status":"closed","ping_status":"closed","sticky":false,"template":"","format":"standard","meta":[],"categories":[60],"tags":[1842,433,326,793,1045,719,796,807,940,1113,892,354],"suno_strategy":[],"class_list":["post-19378","post","type-post","status-publish","format-standard","has-post-thumbnail","hentry","category-mercado","tag-banco-central-bc","tag-cosan-csan3","tag-dolar","tag-estados-unidos-eua","tag-igp-m","tag-jair-bolsonaro","tag-paulo-guedes","tag-produto-interno-bruto-pib","tag-reforma-da-previdencia","tag-roberto-campos-neto","tag-rodrigo-maia","tag-rumo-rail3"],"yoast_head":"<!-- This site is optimized with the Yoast SEO plugin v24.4 - https:\/\/yoast.com\/wordpress\/plugins\/seo\/ -->\n<title>D\u00f3lar cai a R$ 3,91 com tr\u00e9gua entre Jair Bolsonaro e Rodrigo Maia<\/title>\n<meta name=\"description\" content=\"O d\u00f3lar encerrou em queda de\u00a00,938% a R$\u00a03,9174, nesta quinta-feira na B3; motivo seria tr\u00e9gua na crise pol\u00edtica. Clique para saber mais.\" \/>\n<meta name=\"robots\" content=\"index, follow, max-snippet:-1, max-image-preview:large, max-video-preview:-1\" \/>\n<link rel=\"canonical\" href=\"https:\/\/www.suno.com.br\/noticias\/dolar-quinta-feira-fechamento-03282019\/\" \/>\n<meta property=\"og:locale\" content=\"pt_BR\" \/>\n<meta property=\"og:type\" content=\"article\" \/>\n<meta property=\"og:title\" content=\"D\u00f3lar cai a R$ 3,91 com tr\u00e9gua entre Jair Bolsonaro e Rodrigo Maia\" \/>\n<meta property=\"og:description\" content=\"O d\u00f3lar encerrou em queda de\u00a00,938% a R$\u00a03,9174, nesta quinta-feira na B3; motivo seria tr\u00e9gua na crise pol\u00edtica. Clique para saber mais.\" \/>\n<meta property=\"og:url\" content=\"https:\/\/www.suno.com.br\/noticias\/dolar-quinta-feira-fechamento-03282019\/\" \/>\n<meta property=\"og:site_name\" content=\"Suno Not\u00edcias\" \/>\n<meta property=\"article:publisher\" content=\"https:\/\/facebook.com\/sunoresearch\" \/>\n<meta property=\"og:image\" content=\"https:\/\/files.sunoresearch.com.br\/n\/uploads\/2018\/12\/e7841ec7-d\u00f3lar.jpg\" \/>\n\t<meta property=\"og:image:width\" content=\"960\" \/>\n\t<meta property=\"og:image:height\" content=\"640\" \/>\n\t<meta property=\"og:image:type\" content=\"image\/jpeg\" \/>\n<meta name=\"author\" content=\"Amanda Gushiken\" \/>\n<meta name=\"twitter:card\" content=\"summary_large_image\" \/>\n<meta name=\"twitter:creator\" content=\"@sunoresearch\" \/>\n<meta name=\"twitter:site\" content=\"@sunoresearch\" \/>\n<meta name=\"twitter:label1\" content=\"Escrito por\" \/>\n\t<meta name=\"twitter:data1\" content=\"Amanda Gushiken\" \/>\n\t<meta name=\"twitter:label2\" content=\"Est. tempo de leitura\" \/>\n\t<meta name=\"twitter:data2\" content=\"6 minutos\" \/>\n<script type=\"application\/ld+json\" class=\"yoast-schema-graph\">{\"@context\":\"https:\/\/schema.org\",\"@graph\":[{\"@type\":\"NewsArticle\",\"@id\":\"https:\/\/www.suno.com.br\/noticias\/dolar-quinta-feira-fechamento-03282019\/#article\",\"isPartOf\":{\"@id\":\"https:\/\/www.suno.com.br\/noticias\/dolar-quinta-feira-fechamento-03282019\/\"},\"author\":{\"name\":\"Amanda Gushiken\",\"@id\":\"https:\/\/www.suno.com.br\/noticias\/#\/schema\/person\/a5b06fa4e879d8e8e119c6ed3cd630d1\"},\"headline\":\"D\u00f3lar cai a R$ 3,91 com tr\u00e9gua entre Jair Bolsonaro e Rodrigo Maia\",\"datePublished\":\"2019-03-28T21:03:13+00:00\",\"dateModified\":\"2021-02-18T01:49:47+00:00\",\"mainEntityOfPage\":{\"@id\":\"https:\/\/www.suno.com.br\/noticias\/dolar-quinta-feira-fechamento-03282019\/\"},\"wordCount\":1134,\"publisher\":{\"@id\":\"https:\/\/www.suno.com.br\/noticias\/#organization\"},\"image\":{\"@id\":\"https:\/\/www.suno.com.br\/noticias\/dolar-quinta-feira-fechamento-03282019\/#primaryimage\"},\"thumbnailUrl\":\"https:\/\/files.sunoresearch.com.br\/n\/uploads\/2018\/12\/e7841ec7-d\u00f3lar-jpg.webp\",\"keywords\":[\"Banco Central (BC)\",\"Cosan (CSAN3)\",\"d\u00f3lar\",\"Estados Unidos (EUA)\",\"IGP-M\",\"Jair Bolsonaro\",\"Paulo Guedes\",\"Produto Interno Bruto (PIB)\",\"Reforma da Previd\u00eancia\",\"Roberto Campos Neto\",\"Rodrigo Maia\",\"Rumo (RAIL3)\"],\"articleSection\":[\"Mercado\"],\"inLanguage\":\"pt-BR\"},{\"@type\":\"WebPage\",\"@id\":\"https:\/\/www.suno.com.br\/noticias\/dolar-quinta-feira-fechamento-03282019\/\",\"url\":\"https:\/\/www.suno.com.br\/noticias\/dolar-quinta-feira-fechamento-03282019\/\",\"name\":\"D\u00f3lar cai a R$ 3,91 com tr\u00e9gua entre Jair Bolsonaro e Rodrigo Maia\",\"isPartOf\":{\"@id\":\"https:\/\/www.suno.com.br\/noticias\/#website\"},\"primaryImageOfPage\":{\"@id\":\"https:\/\/www.suno.com.br\/noticias\/dolar-quinta-feira-fechamento-03282019\/#primaryimage\"},\"image\":{\"@id\":\"https:\/\/www.suno.com.br\/noticias\/dolar-quinta-feira-fechamento-03282019\/#primaryimage\"},\"thumbnailUrl\":\"https:\/\/files.sunoresearch.com.br\/n\/uploads\/2018\/12\/e7841ec7-d\u00f3lar-jpg.webp\",\"datePublished\":\"2019-03-28T21:03:13+00:00\",\"dateModified\":\"2021-02-18T01:49:47+00:00\",\"description\":\"O d\u00f3lar encerrou em queda de\u00a00,938% a R$\u00a03,9174, nesta quinta-feira na B3; motivo seria tr\u00e9gua na crise pol\u00edtica. Clique para saber mais.\",\"breadcrumb\":{\"@id\":\"https:\/\/www.suno.com.br\/noticias\/dolar-quinta-feira-fechamento-03282019\/#breadcrumb\"},\"inLanguage\":\"pt-BR\",\"potentialAction\":[{\"@type\":\"ReadAction\",\"target\":[\"https:\/\/www.suno.com.br\/noticias\/dolar-quinta-feira-fechamento-03282019\/\"]}]},{\"@type\":\"ImageObject\",\"inLanguage\":\"pt-BR\",\"@id\":\"https:\/\/www.suno.com.br\/noticias\/dolar-quinta-feira-fechamento-03282019\/#primaryimage\",\"url\":\"https:\/\/files.sunoresearch.com.br\/n\/uploads\/2018\/12\/e7841ec7-d\u00f3lar-jpg.webp\",\"contentUrl\":\"https:\/\/files.sunoresearch.com.br\/n\/uploads\/2018\/12\/e7841ec7-d\u00f3lar-jpg.webp\",\"width\":960,\"height\":640,\"caption\":\"Ap\u00f3s feriado de carnaval, d\u00f3lar abre em alta com coronav\u00edrus no radar\"},{\"@type\":\"BreadcrumbList\",\"@id\":\"https:\/\/www.suno.com.br\/noticias\/dolar-quinta-feira-fechamento-03282019\/#breadcrumb\",\"itemListElement\":[{\"@type\":\"ListItem\",\"position\":1,\"name\":\"Not\u00edcias\",\"item\":\"https:\/\/www.suno.com.br\/noticias\/\"},{\"@type\":\"ListItem\",\"position\":2,\"name\":\"Mercado\",\"item\":\"https:\/\/www.suno.com.br\/noticias\/mercado\/\"},{\"@type\":\"ListItem\",\"position\":3,\"name\":\"D\u00f3lar cai a R$ 3,91 com tr\u00e9gua entre Jair Bolsonaro e Rodrigo Maia\"}]},{\"@type\":\"WebSite\",\"@id\":\"https:\/\/www.suno.com.br\/noticias\/#website\",\"url\":\"https:\/\/www.suno.com.br\/noticias\/\",\"name\":\"Suno Not\u00edcias\",\"description\":\"Seu portal de informa\u00e7\u00e3o sobre o mundo dos investimentos\",\"publisher\":{\"@id\":\"https:\/\/www.suno.com.br\/noticias\/#organization\"},\"potentialAction\":[{\"@type\":\"SearchAction\",\"target\":{\"@type\":\"EntryPoint\",\"urlTemplate\":\"https:\/\/www.suno.com.br\/noticias\/?s={search_term_string}\"},\"query-input\":{\"@type\":\"PropertyValueSpecification\",\"valueRequired\":true,\"valueName\":\"search_term_string\"}}],\"inLanguage\":\"pt-BR\"},{\"@type\":\"Organization\",\"@id\":\"https:\/\/www.suno.com.br\/noticias\/#organization\",\"name\":\"Suno Not\u00edcias\",\"url\":\"https:\/\/www.suno.com.br\/noticias\/\",\"logo\":{\"@type\":\"ImageObject\",\"inLanguage\":\"pt-BR\",\"@id\":\"https:\/\/www.suno.com.br\/noticias\/#\/schema\/logo\/image\/\",\"url\":\"https:\/\/files.sunoresearch.com.br\/n\/uploads\/2021\/09\/suno-logo.png\",\"contentUrl\":\"https:\/\/files.sunoresearch.com.br\/n\/uploads\/2021\/09\/suno-logo.png\",\"width\":180,\"height\":180,\"caption\":\"Suno Not\u00edcias\"},\"image\":{\"@id\":\"https:\/\/www.suno.com.br\/noticias\/#\/schema\/logo\/image\/\"},\"sameAs\":[\"https:\/\/facebook.com\/sunoresearch\",\"https:\/\/x.com\/sunoresearch\",\"https:\/\/www.instagram.com\/suno\",\"https:\/\/www.linkedin.com\/company\/suno-research\/\",\"https:\/\/www.youtube.com\/c\/sunoresearch\"]},{\"@type\":\"Person\",\"@id\":\"https:\/\/www.suno.com.br\/noticias\/#\/schema\/person\/a5b06fa4e879d8e8e119c6ed3cd630d1\",\"name\":\"Amanda Gushiken\",\"image\":{\"@type\":\"ImageObject\",\"inLanguage\":\"pt-BR\",\"@id\":\"https:\/\/www.suno.com.br\/noticias\/#\/schema\/person\/image\/\",\"url\":\"https:\/\/secure.gravatar.com\/avatar\/ecd84705e6b65e3685ae80d725501fbe?s=96&r=g\",\"contentUrl\":\"https:\/\/secure.gravatar.com\/avatar\/ecd84705e6b65e3685ae80d725501fbe?s=96&r=g\",\"caption\":\"Amanda Gushiken\"},\"description\":\"Amanda Sayuri Gushiken escreve sobre finan\u00e7as e neg\u00f3cios para o portal Suno Not\u00edcias. Antes, trabalhou selecionando not\u00edcias da imprensa para clientes do mercado financeiro. Tamb\u00e9m desenvolveu pesquisa acad\u00eamica pela Universidade Anhembi Morumbi na \u00e1rea de Teorias da Comunica\u00e7\u00e3o e \u00e9 fot\u00f3grafa nas horas vagas.\",\"url\":\"https:\/\/www.suno.com.br\/noticias\/author\/amanda\/\"}]}<\/script>\n<!-- \/ Yoast SEO plugin. -->","yoast_head_json":{"title":"D\u00f3lar cai a R$ 3,91 com tr\u00e9gua entre Jair Bolsonaro e Rodrigo Maia","description":"O d\u00f3lar encerrou em queda de\u00a00,938% a R$\u00a03,9174, nesta quinta-feira na B3; motivo seria tr\u00e9gua na crise pol\u00edtica. Clique para saber mais.","robots":{"index":"index","follow":"follow","max-snippet":"max-snippet:-1","max-image-preview":"max-image-preview:large","max-video-preview":"max-video-preview:-1"},"canonical":"https:\/\/www.suno.com.br\/noticias\/dolar-quinta-feira-fechamento-03282019\/","og_locale":"pt_BR","og_type":"article","og_title":"D\u00f3lar cai a R$ 3,91 com tr\u00e9gua entre Jair Bolsonaro e Rodrigo Maia","og_description":"O d\u00f3lar encerrou em queda de\u00a00,938% a R$\u00a03,9174, nesta quinta-feira na B3; motivo seria tr\u00e9gua na crise pol\u00edtica. Clique para saber mais.","og_url":"https:\/\/www.suno.com.br\/noticias\/dolar-quinta-feira-fechamento-03282019\/","og_site_name":"Suno Not\u00edcias","article_publisher":"https:\/\/facebook.com\/sunoresearch","og_image":[{"width":960,"height":640,"url":"https:\/\/files.sunoresearch.com.br\/n\/uploads\/2018\/12\/e7841ec7-d\u00f3lar.jpg","type":"image\/jpeg"}],"author":"Amanda Gushiken","twitter_card":"summary_large_image","twitter_creator":"@sunoresearch","twitter_site":"@sunoresearch","twitter_misc":{"Escrito por":"Amanda Gushiken","Est. tempo de leitura":"6 minutos"},"schema":{"@context":"https:\/\/schema.org","@graph":[{"@type":"NewsArticle","@id":"https:\/\/www.suno.com.br\/noticias\/dolar-quinta-feira-fechamento-03282019\/#article","isPartOf":{"@id":"https:\/\/www.suno.com.br\/noticias\/dolar-quinta-feira-fechamento-03282019\/"},"author":{"name":"Amanda Gushiken","@id":"https:\/\/www.suno.com.br\/noticias\/#\/schema\/person\/a5b06fa4e879d8e8e119c6ed3cd630d1"},"headline":"D\u00f3lar cai a R$ 3,91 com tr\u00e9gua entre Jair Bolsonaro e Rodrigo Maia","datePublished":"2019-03-28T21:03:13+00:00","dateModified":"2021-02-18T01:49:47+00:00","mainEntityOfPage":{"@id":"https:\/\/www.suno.com.br\/noticias\/dolar-quinta-feira-fechamento-03282019\/"},"wordCount":1134,"publisher":{"@id":"https:\/\/www.suno.com.br\/noticias\/#organization"},"image":{"@id":"https:\/\/www.suno.com.br\/noticias\/dolar-quinta-feira-fechamento-03282019\/#primaryimage"},"thumbnailUrl":"https:\/\/files.sunoresearch.com.br\/n\/uploads\/2018\/12\/e7841ec7-d\u00f3lar-jpg.webp","keywords":["Banco Central (BC)","Cosan (CSAN3)","d\u00f3lar","Estados Unidos (EUA)","IGP-M","Jair Bolsonaro","Paulo Guedes","Produto Interno Bruto (PIB)","Reforma da Previd\u00eancia","Roberto Campos Neto","Rodrigo Maia","Rumo (RAIL3)"],"articleSection":["Mercado"],"inLanguage":"pt-BR"},{"@type":"WebPage","@id":"https:\/\/www.suno.com.br\/noticias\/dolar-quinta-feira-fechamento-03282019\/","url":"https:\/\/www.suno.com.br\/noticias\/dolar-quinta-feira-fechamento-03282019\/","name":"D\u00f3lar cai a R$ 3,91 com tr\u00e9gua entre Jair Bolsonaro e Rodrigo Maia","isPartOf":{"@id":"https:\/\/www.suno.com.br\/noticias\/#website"},"primaryImageOfPage":{"@id":"https:\/\/www.suno.com.br\/noticias\/dolar-quinta-feira-fechamento-03282019\/#primaryimage"},"image":{"@id":"https:\/\/www.suno.com.br\/noticias\/dolar-quinta-feira-fechamento-03282019\/#primaryimage"},"thumbnailUrl":"https:\/\/files.sunoresearch.com.br\/n\/uploads\/2018\/12\/e7841ec7-d\u00f3lar-jpg.webp","datePublished":"2019-03-28T21:03:13+00:00","dateModified":"2021-02-18T01:49:47+00:00","description":"O d\u00f3lar encerrou em queda de\u00a00,938% a R$\u00a03,9174, nesta quinta-feira na B3; motivo seria tr\u00e9gua na crise pol\u00edtica. Clique para saber mais.","breadcrumb":{"@id":"https:\/\/www.suno.com.br\/noticias\/dolar-quinta-feira-fechamento-03282019\/#breadcrumb"},"inLanguage":"pt-BR","potentialAction":[{"@type":"ReadAction","target":["https:\/\/www.suno.com.br\/noticias\/dolar-quinta-feira-fechamento-03282019\/"]}]},{"@type":"ImageObject","inLanguage":"pt-BR","@id":"https:\/\/www.suno.com.br\/noticias\/dolar-quinta-feira-fechamento-03282019\/#primaryimage","url":"https:\/\/files.sunoresearch.com.br\/n\/uploads\/2018\/12\/e7841ec7-d\u00f3lar-jpg.webp","contentUrl":"https:\/\/files.sunoresearch.com.br\/n\/uploads\/2018\/12\/e7841ec7-d\u00f3lar-jpg.webp","width":960,"height":640,"caption":"Ap\u00f3s feriado de carnaval, d\u00f3lar abre em alta com coronav\u00edrus no radar"},{"@type":"BreadcrumbList","@id":"https:\/\/www.suno.com.br\/noticias\/dolar-quinta-feira-fechamento-03282019\/#breadcrumb","itemListElement":[{"@type":"ListItem","position":1,"name":"Not\u00edcias","item":"https:\/\/www.suno.com.br\/noticias\/"},{"@type":"ListItem","position":2,"name":"Mercado","item":"https:\/\/www.suno.com.br\/noticias\/mercado\/"},{"@type":"ListItem","position":3,"name":"D\u00f3lar cai a R$ 3,91 com tr\u00e9gua entre Jair Bolsonaro e Rodrigo Maia"}]},{"@type":"WebSite","@id":"https:\/\/www.suno.com.br\/noticias\/#website","url":"https:\/\/www.suno.com.br\/noticias\/","name":"Suno Not\u00edcias","description":"Seu portal de informa\u00e7\u00e3o sobre o mundo dos investimentos","publisher":{"@id":"https:\/\/www.suno.com.br\/noticias\/#organization"},"potentialAction":[{"@type":"SearchAction","target":{"@type":"EntryPoint","urlTemplate":"https:\/\/www.suno.com.br\/noticias\/?s={search_term_string}"},"query-input":{"@type":"PropertyValueSpecification","valueRequired":true,"valueName":"search_term_string"}}],"inLanguage":"pt-BR"},{"@type":"Organization","@id":"https:\/\/www.suno.com.br\/noticias\/#organization","name":"Suno Not\u00edcias","url":"https:\/\/www.suno.com.br\/noticias\/","logo":{"@type":"ImageObject","inLanguage":"pt-BR","@id":"https:\/\/www.suno.com.br\/noticias\/#\/schema\/logo\/image\/","url":"https:\/\/files.sunoresearch.com.br\/n\/uploads\/2021\/09\/suno-logo.png","contentUrl":"https:\/\/files.sunoresearch.com.br\/n\/uploads\/2021\/09\/suno-logo.png","width":180,"height":180,"caption":"Suno Not\u00edcias"},"image":{"@id":"https:\/\/www.suno.com.br\/noticias\/#\/schema\/logo\/image\/"},"sameAs":["https:\/\/facebook.com\/sunoresearch","https:\/\/x.com\/sunoresearch","https:\/\/www.instagram.com\/suno","https:\/\/www.linkedin.com\/company\/suno-research\/","https:\/\/www.youtube.com\/c\/sunoresearch"]},{"@type":"Person","@id":"https:\/\/www.suno.com.br\/noticias\/#\/schema\/person\/a5b06fa4e879d8e8e119c6ed3cd630d1","name":"Amanda Gushiken","image":{"@type":"ImageObject","inLanguage":"pt-BR","@id":"https:\/\/www.suno.com.br\/noticias\/#\/schema\/person\/image\/","url":"https:\/\/secure.gravatar.com\/avatar\/ecd84705e6b65e3685ae80d725501fbe?s=96&r=g","contentUrl":"https:\/\/secure.gravatar.com\/avatar\/ecd84705e6b65e3685ae80d725501fbe?s=96&r=g","caption":"Amanda Gushiken"},"description":"Amanda Sayuri Gushiken escreve sobre finan\u00e7as e neg\u00f3cios para o portal Suno Not\u00edcias. Antes, trabalhou selecionando not\u00edcias da imprensa para clientes do mercado financeiro. Tamb\u00e9m desenvolveu pesquisa acad\u00eamica pela Universidade Anhembi Morumbi na \u00e1rea de Teorias da Comunica\u00e7\u00e3o e \u00e9 fot\u00f3grafa nas horas vagas.","url":"https:\/\/www.suno.com.br\/noticias\/author\/amanda\/"}]}},"default_loop_html":"<div class=\"cardsPage__listCard__boxs\"><div class=\"cardsPage__listCard__boxs__img\"><a href=\"https:\/\/www.suno.com.br\/noticias\/dolar-quinta-feira-fechamento-03282019\/\"><img class=\"mask\" src=\"https:\/\/www.suno.com.br\/noticias\/wp-content\/themes\/suno\/resources\/images\/spotlight\/spotlight1img\/bg-mask.png\" alt=\"Image Mask\"\/><img src=\"https:\/\/files.sunoresearch.com.br\/n\/uploads\/2018\/12\/e7841ec7-d\u00f3lar-400x200.webp\" alt=\"D\u00f3lar cai a R$ 3,91 com tr\u00e9gua entre Jair Bolsonaro e Rodrigo Maia\"\/><\/a><span class=\"spotlightCategory\"><a href=\"https:\/\/www.suno.com.br\/noticias\/mercado\/\">Mercado<\/a><\/span><\/div><div class=\"cardsPage__listCard__boxs__content\"><a href=\"https:\/\/www.suno.com.br\/noticias\/dolar-quinta-feira-fechamento-03282019\/\"><h2 class=\"content__title\">D\u00f3lar cai a R$ 3,91 com tr\u00e9gua entre Jair Bolsonaro e Rodrigo Maia<\/h2><\/a><div class=\"newsContent__article__meta\"><div class=\"newsContent__article__meta__authorBox\"><a href=\"https:\/\/www.suno.com.br\/noticias\/author\/amanda\/\" class=\"authorBox__avatar noMobi\"><img src=\"https:\/\/files.sunoresearch.com.br\/n\/uploads\/2018\/11\/c6ad30be-amanda-150x150.webp\" alt=\"Amanda Gushiken\"><\/a><div class=\"authorBox__name\"><span>por\n\t\t\t<a href=\"https:\/\/www.suno.com.br\/noticias\/author\/amanda\/\"><span itemprop=\"author\">Amanda Gushiken<\/span><\/a><\/span><time datetime=\"2019-03-28T18:03:13-03:00\" itemprop=\"datePublished\">28\/03\/2019 18:03<\/time><\/div><\/div><\/div><\/div><\/div>","single_layout":"posts","amp_enabled":true,"_links":{"self":[{"href":"https:\/\/www.suno.com.br\/noticias\/wp-json\/wp\/v2\/posts\/19378"}],"collection":[{"href":"https:\/\/www.suno.com.br\/noticias\/wp-json\/wp\/v2\/posts"}],"about":[{"href":"https:\/\/www.suno.com.br\/noticias\/wp-json\/wp\/v2\/types\/post"}],"author":[{"embeddable":true,"href":"https:\/\/www.suno.com.br\/noticias\/wp-json\/wp\/v2\/users\/12"}],"replies":[{"embeddable":true,"href":"https:\/\/www.suno.com.br\/noticias\/wp-json\/wp\/v2\/comments?post=19378"}],"version-history":[{"count":0,"href":"https:\/\/www.suno.com.br\/noticias\/wp-json\/wp\/v2\/posts\/19378\/revisions"}],"wp:featuredmedia":[{"embeddable":true,"href":"https:\/\/www.suno.com.br\/noticias\/wp-json\/wp\/v2\/media\/7820"}],"wp:attachment":[{"href":"https:\/\/www.suno.com.br\/noticias\/wp-json\/wp\/v2\/media?parent=19378"}],"wp:term":[{"taxonomy":"category","embeddable":true,"href":"https:\/\/www.suno.com.br\/noticias\/wp-json\/wp\/v2\/categories?post=19378"},{"taxonomy":"post_tag","embeddable":true,"href":"https:\/\/www.suno.com.br\/noticias\/wp-json\/wp\/v2\/tags?post=19378"},{"taxonomy":"suno_strategy","embeddable":true,"href":"https:\/\/www.suno.com.br\/noticias\/wp-json\/wp\/v2\/suno_strategy?post=19378"}],"curies":[{"name":"wp","href":"https:\/\/api.w.org\/{rel}","templated":true}]}}