{"id":193772,"date":"2021-10-14T18:00:13","date_gmt":"2021-10-14T21:00:13","guid":{"rendered":"https:\/\/www.suno.com.br\/noticias\/?p=193772"},"modified":"2021-10-14T18:00:42","modified_gmt":"2021-10-14T21:00:42","slug":"camara-pode-intervir-preco-gas-petrobras-lira","status":"publish","type":"post","link":"https:\/\/www.suno.com.br\/noticias\/camara-pode-intervir-preco-gas-petrobras-lira\/","title":{"rendered":"Petrobras (PETR4): Lira afirma que C\u00e2mara e o Cade podem intervir no pre\u00e7o do g\u00e1s de cozinha"},"content":{"rendered":"<p>O presidente da C\u00e2mara dos Deputados,<strong> Arthur Lira (PP-AL)<\/strong>, declarou nesta quinta (14) que a C\u00e2mara est\u00e1 discutindo propostas para baratear o pre\u00e7o do g\u00e1s de cozinha. Lira voltou a fazer criticas ao monop\u00f3lio que a <a class=\"suno-keyword\" href=\"https:\/\/www.suno.com.br\/acoes\/PETR4\/\" target=\"_blank\" rel=\"noopener\" data-force=\"yes\" data-priority=\"2\">Petrobras (PETR4)<\/a> tem sobre o produto e complementou dizendo que o Cade (Conselho Administrativo de Defesa Econ\u00f4mica) tamb\u00e9m pode ser acionado para intervir na estatal.<\/p>\t<div class=\"wrapper-featured-image\">\n\t\t<figure class=\"spotlightImg\">\n\n\t\t\t<picture>\n\t\t\t\t<source media=\"(max-width: 768px)\" srcset=\"https:\/\/files.sunoresearch.com.br\/n\/uploads\/2021\/09\/gas-de-cozinha-EBC-400x200.jpg\">\n\t\t\t\t<img loading=\"lazy\" decoding=\"async\" class=\"newsContent__article__imgCapa lazyloadDisabled \" src=\"https:\/\/files.sunoresearch.com.br\/n\/uploads\/2021\/09\/gas-de-cozinha-EBC-800x450.jpg\" width=\"800\" height=\"450\" alt=\"Petrobras (PETR4): Lira afirma que C\u00e2mara e o Cade podem intervir no pre\u00e7o do g\u00e1s de cozinha\" fetchpriority=high \/>\n\t\t\t<\/picture>\n\n\t\t\t<figcaption class=\"wp-caption-text wp-caption-text--show\">G\u00e1s de cozinha. Foto: EBC Imagens - reprodu\u00e7\u00e3o<\/figcaption>\n\t\t<\/figure>\n\t<\/div>\n\n\n\t<p>\n\t\t<a href=\"https:\/\/lp.suno.com.br\/planilha-controle-gastos\/\" target=\"_blank\" data-element=\"shortcode-suno-banner\" title=\"Banner SUNO, clique e saiba mais\">\n\t\t\t<picture>\n\t\t\t\t<source media=\"(max-width: 500px)\" srcset=\"https:\/\/files.sunoresearch.com.br\/n\/uploads\/2023\/03\/400x300-Planilha-controle-de-gastos.png\">\n\t\t\t\t<img class=\"newsContent__article__imgCapa newsContent__article__imgCapa--banner\"\n\t\t\t\t\tsrc=\"https:\/\/files.sunoresearch.com.br\/n\/uploads\/2023\/03\/1420x240-Planilha-controle-de-gastos.png\"\n\t\t\t\t\tdata-promo-id=\"101751\"\t\t\t\t\t\t\t\t\t\twidth='1420' height='240'\t\t\t\t\talt=\"https:\/\/files.sunoresearch.com.br\/n\/uploads\/2023\/03\/1420x240-Planilha-controle-de-gastos.png\"\n\t\t\t\t>\n\t\t\t<\/picture>\n\t\t<\/a>\n\t<\/p>\n\n\n<p>O <strong>Cade<\/strong> tem como objetivo zelar pela livre concorr\u00eancia e fiscalizar, apurar e corrigir abusos do poder econ\u00f4mico.\u00a0 &#8220;No Brasil, o problema do g\u00e1s se resume a uma coisa muito simples: monop\u00f3lio. A Petrobras det\u00e9m o monop\u00f3lio. N\u00e3o se justifica esse pre\u00e7o. \u00c9 importante esclarecer: por que o g\u00e1s \u00e9 extra\u00eddo a pouco mais de 2 d\u00f3lares e caminha nos gasodutos a mais de 10 d\u00f3lares para ser distribu\u00eddo? Isso encarece sobremaneira, a Petrobras tem que se esfor\u00e7ar para dar explica\u00e7\u00f5es&#8221;, disse.<\/p>\n<p>&#8220;A C\u00e2mara est\u00e1 atenta, deputados est\u00e3o debru\u00e7ados sobre isso e h\u00e1 uma possibilidade clara de se acionar o Cade para intervir nessa quest\u00e3o do monop\u00f3lio, porque o <strong>pre\u00e7o do g\u00e1s no Brasil<\/strong>, com as condi\u00e7\u00f5es e as jazidas que n\u00f3s temos, \u00e9 inadmiss\u00edvel. Todas as medidas legislativas que forem poss\u00edveis para a discuss\u00e3o da mat\u00e9ria, com seriedade e sobriedade, a C\u00e2mara dos Deputados est\u00e1 disposta a fazer, porque essa quest\u00e3o est\u00e1 colocando o brasileiro numa situa\u00e7\u00e3o de muita dificuldade&#8221;, acrescentou.<\/p>\n<p>Lira afirmou que as explica\u00e7\u00f5es do presidente da Petrobras, Joaquim Luna e Silva, n\u00e3o t\u00eam sido convincentes e questionou a falta de esclarecimentos sobre a pol\u00edtica da empresa para o setor. As afirma\u00e7\u00f5es foram feitas em entrevista \u00e0 R\u00e1dio Bandeirantes nesta quinta-feira (14).<\/p>\n\t<p>\n\t\t<a href=\"https:\/\/lp.suno.com.br\/planilha-da-vida-financeira\/\" target=\"_blank\" data-element=\"shortcode-suno-banner\" title=\"Banner SUNO, clique e saiba mais\">\n\t\t\t<picture>\n\t\t\t\t<source media=\"(max-width: 500px)\" srcset=\"https:\/\/files.sunoresearch.com.br\/n\/uploads\/2023\/04\/400x300-Planilha-vida-financeira-true.png\">\n\t\t\t\t<img class=\"newsContent__article__imgCapa newsContent__article__imgCapa--banner\"\n\t\t\t\t\tsrc=\"https:\/\/files.sunoresearch.com.br\/n\/uploads\/2023\/04\/1420x240-Planilha-vida-financeira-true.png\"\n\t\t\t\t\tdata-promo-id=\"106682\"\t\t\t\t\t\t\t\t\t\twidth='1420' height='240'\t\t\t\t\talt=\"https:\/\/files.sunoresearch.com.br\/n\/uploads\/2023\/04\/1420x240-Planilha-vida-financeira-true.png\"\n\t\t\t\t>\n\t\t\t<\/picture>\n\t\t<\/a>\n\t<\/p>\n\n\n<p>\u201cN\u00f3s temos quest\u00f5es complexas, que precisam ser esclarecidas pela Petrobras. Por que ela n\u00e3o prioriza a reinje\u00e7\u00e3o de \u00e1gua em vez de g\u00e1s para explora\u00e7\u00e3o do petr\u00f3leo no pr\u00e9-sal? Porque se produz mais petr\u00f3leo <strong>reinjetando g\u00e1s<\/strong>? Muitos t\u00e9cnicos dizem que essa varia\u00e7\u00e3o \u00e9 de 2%. E voc\u00ea poderia estar explorando esse g\u00e1s natural\u201d, disse.<\/p>\n<p>Lira voltou a citar a venda do gasoduto pela <strong>Petrobras<\/strong>. \u201cFoi vendido um gasoduto numa concess\u00e3o. Todos n\u00f3s sabemos que as concess\u00f5es t\u00eam prazo determinado. A empresa constr\u00f3i o gasoduto, recebe o ressarcimento do valor que investiu, depois de 20 anos essa concess\u00e3o volta para a Uni\u00e3o, para que ela fa\u00e7a nova licita\u00e7\u00e3o e, a partir da\u00ed, a tarifa seja minimizada. Houve uma venda pela Petrobr\u00e1s, por mais de R$ 90 bilh\u00f5es de reais, ela n\u00e3o distribuiu com a Uni\u00e3o os seus <a class=\"suno-keyword\" href=\"https:\/\/www.suno.com.br\/guias\/dividendos\/\" target=\"_blank\" rel=\"noopener\" data-force=\"no\" data-priority=\"1\">dividendos<\/a>, e as empresas hoje exploram o gasoduto como se o tivessem constru\u00eddo, usando inclusive a tarifa no mesmo valor&#8221;, criticou.<\/p>\n<h2><strong>Vota\u00e7\u00e3o do ICMS dos combust\u00edveis\u00a0<\/strong><\/h2>\n<p>Lira comentou sobre a vota\u00e7\u00e3o de ontem da C\u00e2mara, que aprovou com 392 votos a proposta que tornou fixo o valor do <strong>ICMS dos combust\u00edveis<\/strong>. Segundo o presidente, os entes federados n\u00e3o ser\u00e3o prejudicados, mas todos devem dar a sua contribui\u00e7\u00e3o.<\/p>\n<p>\u201cA arrecada\u00e7\u00e3o dos estados<strong> n\u00e3o ser\u00e1 cortada<\/strong>, deixar\u00e1 de crescer. \u00c9 fun\u00e7\u00e3o do Legislativo estar atento \u00e0s necessidades, e todos os entes t\u00eam que dar sua contribui\u00e7\u00e3o. Temos que estar vigilantes. [Com essa medida], os aumentos ser\u00e3o reduzidos\u201d, explicou.<\/p>\n\t<p>\n\t\t<a href=\"https:\/\/lp.suno.com.br\/ebook-como-analisar-uma-acao\/\" target=\"_blank\" data-element=\"shortcode-suno-banner\" title=\"Banner SUNO, clique e saiba mais\">\n\t\t\t<picture>\n\t\t\t\t<source media=\"(max-width: 500px)\" srcset=\"https:\/\/files.sunoresearch.com.br\/n\/uploads\/2023\/03\/Ebook-Acoes-Mobile-1.jpg\">\n\t\t\t\t<img class=\"newsContent__article__imgCapa newsContent__article__imgCapa--banner\"\n\t\t\t\t\tsrc=\"https:\/\/files.sunoresearch.com.br\/n\/uploads\/2023\/03\/Ebook-Acoes-Desktop-1.jpg\"\n\t\t\t\t\tdata-promo-id=\"171998\"\t\t\t\t\t\t\t\t\t\twidth='1420' height='286'\t\t\t\t\talt=\"https:\/\/files.sunoresearch.com.br\/n\/uploads\/2023\/03\/Ebook-Acoes-Desktop-1.jpg\"\n\t\t\t\t>\n\t\t\t<\/picture>\n\t\t<\/a>\n\t<\/p>\n\n\n<p>Arthur Lira afirmou que \u00e9 importante discutir o papel da Petrobras. Para ele, a empresa n\u00e3o pode apenas pagar dividendos aos seus acionistas. Na avalia\u00e7\u00e3o do presidente da C\u00e2mara, a empresa precisa ser mais transparente.<\/p>\n<h2><strong>Lira comenta Renda Brasil<\/strong><\/h2>\n<p>Lira tamb\u00e9m foi questionado sobre a demora da aprova\u00e7\u00e3o do <strong>Renda Brasil<\/strong>, o novo programa social do governo que vai ampliar o <strong>Bolsa Fam\u00edlia<\/strong>, e sobre o fim do aux\u00edlio emergencial. Segundo ele, \u00e9 preciso que a C\u00e2mara e o Senado aprovem a reforma no Imposto de Renda e a cobran\u00e7a de dividendos e a regulamenta\u00e7\u00e3o dos precat\u00f3rios. Dessa forma, haver\u00e1 fontes de recursos para o pagamento do benef\u00edcio.<\/p>\n\t<p>\n\t\t<a href=\"https:\/\/lp.suno.com.br\/planilha-de-controle-de-investimentos\/\" target=\"_blank\" data-element=\"shortcode-suno-banner\" title=\"Banner SUNO, clique e saiba mais\">\n\t\t\t<picture>\n\t\t\t\t<source media=\"(max-width: 500px)\" srcset=\"https:\/\/files.sunoresearch.com.br\/n\/uploads\/2023\/03\/400x300-Controle-de-Investimentos.png\">\n\t\t\t\t<img class=\"newsContent__article__imgCapa newsContent__article__imgCapa--banner\"\n\t\t\t\t\tsrc=\"https:\/\/files.sunoresearch.com.br\/n\/uploads\/2023\/03\/1420x240-Controle-de-Investimentos.png\"\n\t\t\t\t\tdata-promo-id=\"75934\"\t\t\t\t\t\t\t\t\t\twidth='1420' height='240'\t\t\t\t\talt=\"https:\/\/files.sunoresearch.com.br\/n\/uploads\/2023\/03\/1420x240-Controle-de-Investimentos.png\"\n\t\t\t\t>\n\t\t\t<\/picture>\n\t\t<\/a>\n\t<\/p>\n\n\n<p>J\u00e1 em rela\u00e7\u00e3o ao aux\u00edlio emergencial, Lira afirmou que sua eventual prorroga\u00e7\u00e3o depende da discuss\u00e3o do Congresso, mas destacou que todas as despesas dever\u00e3o estar previstas dentro do <a class=\"suno-keyword\" href=\"https:\/\/www.suno.com.br\/artigos\/teto-de-gastos\/\" target=\"_blank\" rel=\"noopener\" data-force=\"no\" data-priority=\"1\">teto de gastos<\/a>.<\/p>\n<p>\u201cTemos um excesso de arrecada\u00e7\u00e3o, mas precisamos analisar, n\u00e3o temos uma decis\u00e3o permanente. Todas as discuss\u00f5es ser\u00e3o feitas de maneira a acomodar as despesas no teto\u201d, disse <strong>Lira<\/strong>.<\/p>\n<p><em>(Com Ag\u00eancia C\u00e2mara de Not\u00edcias)<\/em><\/p>\n\t<p>\n\t\t<a href=\"\" target=\"_blank\" data-element=\"shortcode-suno-banner\" title=\"Banner SUNO, clique e saiba mais\">\n\t\t\t<picture>\n\t\t\t\t<source media=\"(max-width: 500px)\" srcset=\"\">\n\t\t\t\t<img class=\"newsContent__article__imgCapa newsContent__article__imgCapa--banner\"\n\t\t\t\t\tsrc=\"\"\n\t\t\t\t\tdata-promo-id=\"184190\"\t\t\t\t\t\t\t\t\t\t\t\t\t\t\talt=\"\"\n\t\t\t\t>\n\t\t\t<\/picture>\n\t\t<\/a>\n\t<\/p>\n\n\n","protected":false},"excerpt":{"rendered":"<p>O presidente da C\u00e2mara dos Deputados, Arthur Lira (PP-AL), declarou nesta quinta (14) que a C\u00e2mara est\u00e1 discutindo propostas para baratear o pre\u00e7o do g\u00e1s de cozinha. Lira voltou a fazer criticas ao monop\u00f3lio que a Petrobras (PETR4) tem sobre o produto e complementou dizendo que o Cade (Conselho Administrativo de Defesa Econ\u00f4mica) tamb\u00e9m pode [&hellip;]<\/p>\n","protected":false},"author":118,"featured_media":189208,"comment_status":"closed","ping_status":"closed","sticky":false,"template":"","format":"standard","meta":[],"categories":[61],"tags":[104858,595],"suno_strategy":[],"class_list":["post-193772","post","type-post","status-publish","format-standard","has-post-thumbnail","hentry","category-politica","tag-arthur-lira","tag-petrobras-petr4"],"yoast_head":"<!-- This site is optimized with the Yoast SEO plugin v24.4 - https:\/\/yoast.com\/wordpress\/plugins\/seo\/ -->\n<title>Lira diz que a C\u00e2mara e o Cade podem intervir no pre\u00e7o do g\u00e1s de cozinha<\/title>\n<meta name=\"description\" content=\"O presidente da C\u00e2mara dos Deputados, Arthur Lira, declarou nesta quinta que a C\u00e2mara est\u00e1 discutindo propostas para baratear...Saiba mais\" \/>\n<meta name=\"robots\" content=\"index, follow, max-snippet:-1, max-image-preview:large, max-video-preview:-1\" \/>\n<link rel=\"canonical\" href=\"https:\/\/www.suno.com.br\/noticias\/camara-pode-intervir-preco-gas-petrobras-lira\/\" \/>\n<meta property=\"og:locale\" content=\"pt_BR\" \/>\n<meta property=\"og:type\" content=\"article\" \/>\n<meta property=\"og:title\" content=\"Lira diz que a C\u00e2mara e o Cade podem intervir no pre\u00e7o do g\u00e1s de cozinha\" \/>\n<meta property=\"og:description\" content=\"O presidente da C\u00e2mara dos Deputados, Arthur Lira, declarou nesta quinta que a C\u00e2mara est\u00e1 discutindo propostas para baratear...Saiba mais\" \/>\n<meta property=\"og:url\" content=\"https:\/\/www.suno.com.br\/noticias\/camara-pode-intervir-preco-gas-petrobras-lira\/\" \/>\n<meta property=\"og:site_name\" content=\"Suno Not\u00edcias\" \/>\n<meta property=\"article:publisher\" content=\"https:\/\/facebook.com\/sunoresearch\" \/>\n<meta property=\"og:image\" content=\"https:\/\/files.sunoresearch.com.br\/n\/uploads\/2021\/09\/gas-de-cozinha-EBC.jpg\" \/>\n\t<meta property=\"og:image:width\" content=\"1600\" \/>\n\t<meta property=\"og:image:height\" content=\"752\" \/>\n\t<meta property=\"og:image:type\" content=\"image\/jpeg\" \/>\n<meta name=\"author\" content=\"Bruno Galv\u00e3o\" \/>\n<meta name=\"twitter:card\" content=\"summary_large_image\" \/>\n<meta name=\"twitter:creator\" content=\"@sunoresearch\" \/>\n<meta name=\"twitter:site\" content=\"@sunoresearch\" \/>\n<meta name=\"twitter:label1\" content=\"Escrito por\" \/>\n\t<meta name=\"twitter:data1\" content=\"Bruno Galv\u00e3o\" \/>\n\t<meta name=\"twitter:label2\" content=\"Est. tempo de leitura\" \/>\n\t<meta name=\"twitter:data2\" content=\"4 minutos\" \/>\n<script type=\"application\/ld+json\" class=\"yoast-schema-graph\">{\"@context\":\"https:\/\/schema.org\",\"@graph\":[{\"@type\":\"NewsArticle\",\"@id\":\"https:\/\/www.suno.com.br\/noticias\/camara-pode-intervir-preco-gas-petrobras-lira\/#article\",\"isPartOf\":{\"@id\":\"https:\/\/www.suno.com.br\/noticias\/camara-pode-intervir-preco-gas-petrobras-lira\/\"},\"author\":{\"name\":\"Bruno Galv\u00e3o\",\"@id\":\"https:\/\/www.suno.com.br\/noticias\/#\/schema\/person\/06f0d962a6b1c54852e4860f16935600\"},\"headline\":\"Petrobras (PETR4): Lira afirma que C\u00e2mara e o Cade podem intervir no pre\u00e7o do g\u00e1s de cozinha\",\"datePublished\":\"2021-10-14T21:00:13+00:00\",\"dateModified\":\"2021-10-14T21:00:42+00:00\",\"mainEntityOfPage\":{\"@id\":\"https:\/\/www.suno.com.br\/noticias\/camara-pode-intervir-preco-gas-petrobras-lira\/\"},\"wordCount\":809,\"publisher\":{\"@id\":\"https:\/\/www.suno.com.br\/noticias\/#organization\"},\"image\":{\"@id\":\"https:\/\/www.suno.com.br\/noticias\/camara-pode-intervir-preco-gas-petrobras-lira\/#primaryimage\"},\"thumbnailUrl\":\"https:\/\/files.sunoresearch.com.br\/n\/uploads\/2021\/09\/gas-de-cozinha-EBC.jpg\",\"keywords\":[\"Arthur Lira\",\"Petrobras (PETR4)\"],\"articleSection\":[\"Pol\u00edtica\"],\"inLanguage\":\"pt-BR\"},{\"@type\":\"WebPage\",\"@id\":\"https:\/\/www.suno.com.br\/noticias\/camara-pode-intervir-preco-gas-petrobras-lira\/\",\"url\":\"https:\/\/www.suno.com.br\/noticias\/camara-pode-intervir-preco-gas-petrobras-lira\/\",\"name\":\"Lira diz que a C\u00e2mara e o Cade podem intervir no pre\u00e7o do g\u00e1s de cozinha\",\"isPartOf\":{\"@id\":\"https:\/\/www.suno.com.br\/noticias\/#website\"},\"primaryImageOfPage\":{\"@id\":\"https:\/\/www.suno.com.br\/noticias\/camara-pode-intervir-preco-gas-petrobras-lira\/#primaryimage\"},\"image\":{\"@id\":\"https:\/\/www.suno.com.br\/noticias\/camara-pode-intervir-preco-gas-petrobras-lira\/#primaryimage\"},\"thumbnailUrl\":\"https:\/\/files.sunoresearch.com.br\/n\/uploads\/2021\/09\/gas-de-cozinha-EBC.jpg\",\"datePublished\":\"2021-10-14T21:00:13+00:00\",\"dateModified\":\"2021-10-14T21:00:42+00:00\",\"description\":\"O presidente da C\u00e2mara dos Deputados, Arthur Lira, declarou nesta quinta que a C\u00e2mara est\u00e1 discutindo propostas para baratear...Saiba mais\",\"breadcrumb\":{\"@id\":\"https:\/\/www.suno.com.br\/noticias\/camara-pode-intervir-preco-gas-petrobras-lira\/#breadcrumb\"},\"inLanguage\":\"pt-BR\",\"potentialAction\":[{\"@type\":\"ReadAction\",\"target\":[\"https:\/\/www.suno.com.br\/noticias\/camara-pode-intervir-preco-gas-petrobras-lira\/\"]}]},{\"@type\":\"ImageObject\",\"inLanguage\":\"pt-BR\",\"@id\":\"https:\/\/www.suno.com.br\/noticias\/camara-pode-intervir-preco-gas-petrobras-lira\/#primaryimage\",\"url\":\"https:\/\/files.sunoresearch.com.br\/n\/uploads\/2021\/09\/gas-de-cozinha-EBC.jpg\",\"contentUrl\":\"https:\/\/files.sunoresearch.com.br\/n\/uploads\/2021\/09\/gas-de-cozinha-EBC.jpg\",\"width\":1600,\"height\":752,\"caption\":\"G\u00e1s de cozinha. Foto: EBC Imagens - reprodu\u00e7\u00e3o\"},{\"@type\":\"BreadcrumbList\",\"@id\":\"https:\/\/www.suno.com.br\/noticias\/camara-pode-intervir-preco-gas-petrobras-lira\/#breadcrumb\",\"itemListElement\":[{\"@type\":\"ListItem\",\"position\":1,\"name\":\"Not\u00edcias\",\"item\":\"https:\/\/www.suno.com.br\/noticias\/\"},{\"@type\":\"ListItem\",\"position\":2,\"name\":\"Pol\u00edtica\",\"item\":\"https:\/\/www.suno.com.br\/noticias\/politica\/\"},{\"@type\":\"ListItem\",\"position\":3,\"name\":\"Petrobras (PETR4): Lira afirma que C\u00e2mara e o Cade podem intervir no pre\u00e7o do g\u00e1s de cozinha\"}]},{\"@type\":\"WebSite\",\"@id\":\"https:\/\/www.suno.com.br\/noticias\/#website\",\"url\":\"https:\/\/www.suno.com.br\/noticias\/\",\"name\":\"Suno Not\u00edcias\",\"description\":\"Seu portal de informa\u00e7\u00e3o sobre o mundo dos investimentos\",\"publisher\":{\"@id\":\"https:\/\/www.suno.com.br\/noticias\/#organization\"},\"potentialAction\":[{\"@type\":\"SearchAction\",\"target\":{\"@type\":\"EntryPoint\",\"urlTemplate\":\"https:\/\/www.suno.com.br\/noticias\/?s={search_term_string}\"},\"query-input\":{\"@type\":\"PropertyValueSpecification\",\"valueRequired\":true,\"valueName\":\"search_term_string\"}}],\"inLanguage\":\"pt-BR\"},{\"@type\":\"Organization\",\"@id\":\"https:\/\/www.suno.com.br\/noticias\/#organization\",\"name\":\"Suno Not\u00edcias\",\"url\":\"https:\/\/www.suno.com.br\/noticias\/\",\"logo\":{\"@type\":\"ImageObject\",\"inLanguage\":\"pt-BR\",\"@id\":\"https:\/\/www.suno.com.br\/noticias\/#\/schema\/logo\/image\/\",\"url\":\"https:\/\/files.sunoresearch.com.br\/n\/uploads\/2021\/09\/suno-logo.png\",\"contentUrl\":\"https:\/\/files.sunoresearch.com.br\/n\/uploads\/2021\/09\/suno-logo.png\",\"width\":180,\"height\":180,\"caption\":\"Suno Not\u00edcias\"},\"image\":{\"@id\":\"https:\/\/www.suno.com.br\/noticias\/#\/schema\/logo\/image\/\"},\"sameAs\":[\"https:\/\/facebook.com\/sunoresearch\",\"https:\/\/x.com\/sunoresearch\",\"https:\/\/www.instagram.com\/suno\",\"https:\/\/www.linkedin.com\/company\/suno-research\/\",\"https:\/\/www.youtube.com\/c\/sunoresearch\"]},{\"@type\":\"Person\",\"@id\":\"https:\/\/www.suno.com.br\/noticias\/#\/schema\/person\/06f0d962a6b1c54852e4860f16935600\",\"name\":\"Bruno Galv\u00e3o\",\"image\":{\"@type\":\"ImageObject\",\"inLanguage\":\"pt-BR\",\"@id\":\"https:\/\/www.suno.com.br\/noticias\/#\/schema\/person\/image\/\",\"url\":\"https:\/\/secure.gravatar.com\/avatar\/53598df0b41c00f12f287a912d0e918e?s=96&r=g\",\"contentUrl\":\"https:\/\/secure.gravatar.com\/avatar\/53598df0b41c00f12f287a912d0e918e?s=96&r=g\",\"caption\":\"Bruno Galv\u00e3o\"},\"description\":\"Escreve para o portal Suno Not\u00edcias. \u00c9 estudante de Jornalismo pela Faculdade C\u00e1sper L\u00edbero e Letras pela USP. Entusiasta de tecnologia e intelig\u00eancia artificial.\",\"url\":\"https:\/\/www.suno.com.br\/noticias\/author\/bruno-garcia\/\"}]}<\/script>\n<!-- \/ Yoast SEO plugin. -->","yoast_head_json":{"title":"Lira diz que a C\u00e2mara e o Cade podem intervir no pre\u00e7o do g\u00e1s de cozinha","description":"O presidente da C\u00e2mara dos Deputados, Arthur Lira, declarou nesta quinta que a C\u00e2mara est\u00e1 discutindo propostas para baratear...Saiba mais","robots":{"index":"index","follow":"follow","max-snippet":"max-snippet:-1","max-image-preview":"max-image-preview:large","max-video-preview":"max-video-preview:-1"},"canonical":"https:\/\/www.suno.com.br\/noticias\/camara-pode-intervir-preco-gas-petrobras-lira\/","og_locale":"pt_BR","og_type":"article","og_title":"Lira diz que a C\u00e2mara e o Cade podem intervir no pre\u00e7o do g\u00e1s de cozinha","og_description":"O presidente da C\u00e2mara dos Deputados, Arthur Lira, declarou nesta quinta que a C\u00e2mara est\u00e1 discutindo propostas para baratear...Saiba mais","og_url":"https:\/\/www.suno.com.br\/noticias\/camara-pode-intervir-preco-gas-petrobras-lira\/","og_site_name":"Suno Not\u00edcias","article_publisher":"https:\/\/facebook.com\/sunoresearch","og_image":[{"width":1600,"height":752,"url":"https:\/\/files.sunoresearch.com.br\/n\/uploads\/2021\/09\/gas-de-cozinha-EBC.jpg","type":"image\/jpeg"}],"author":"Bruno Galv\u00e3o","twitter_card":"summary_large_image","twitter_creator":"@sunoresearch","twitter_site":"@sunoresearch","twitter_misc":{"Escrito por":"Bruno Galv\u00e3o","Est. tempo de leitura":"4 minutos"},"schema":{"@context":"https:\/\/schema.org","@graph":[{"@type":"NewsArticle","@id":"https:\/\/www.suno.com.br\/noticias\/camara-pode-intervir-preco-gas-petrobras-lira\/#article","isPartOf":{"@id":"https:\/\/www.suno.com.br\/noticias\/camara-pode-intervir-preco-gas-petrobras-lira\/"},"author":{"name":"Bruno Galv\u00e3o","@id":"https:\/\/www.suno.com.br\/noticias\/#\/schema\/person\/06f0d962a6b1c54852e4860f16935600"},"headline":"Petrobras (PETR4): Lira afirma que C\u00e2mara e o Cade podem intervir no pre\u00e7o do g\u00e1s de cozinha","datePublished":"2021-10-14T21:00:13+00:00","dateModified":"2021-10-14T21:00:42+00:00","mainEntityOfPage":{"@id":"https:\/\/www.suno.com.br\/noticias\/camara-pode-intervir-preco-gas-petrobras-lira\/"},"wordCount":809,"publisher":{"@id":"https:\/\/www.suno.com.br\/noticias\/#organization"},"image":{"@id":"https:\/\/www.suno.com.br\/noticias\/camara-pode-intervir-preco-gas-petrobras-lira\/#primaryimage"},"thumbnailUrl":"https:\/\/files.sunoresearch.com.br\/n\/uploads\/2021\/09\/gas-de-cozinha-EBC.jpg","keywords":["Arthur Lira","Petrobras (PETR4)"],"articleSection":["Pol\u00edtica"],"inLanguage":"pt-BR"},{"@type":"WebPage","@id":"https:\/\/www.suno.com.br\/noticias\/camara-pode-intervir-preco-gas-petrobras-lira\/","url":"https:\/\/www.suno.com.br\/noticias\/camara-pode-intervir-preco-gas-petrobras-lira\/","name":"Lira diz que a C\u00e2mara e o Cade podem intervir no pre\u00e7o do g\u00e1s de cozinha","isPartOf":{"@id":"https:\/\/www.suno.com.br\/noticias\/#website"},"primaryImageOfPage":{"@id":"https:\/\/www.suno.com.br\/noticias\/camara-pode-intervir-preco-gas-petrobras-lira\/#primaryimage"},"image":{"@id":"https:\/\/www.suno.com.br\/noticias\/camara-pode-intervir-preco-gas-petrobras-lira\/#primaryimage"},"thumbnailUrl":"https:\/\/files.sunoresearch.com.br\/n\/uploads\/2021\/09\/gas-de-cozinha-EBC.jpg","datePublished":"2021-10-14T21:00:13+00:00","dateModified":"2021-10-14T21:00:42+00:00","description":"O presidente da C\u00e2mara dos Deputados, Arthur Lira, declarou nesta quinta que a C\u00e2mara est\u00e1 discutindo propostas para baratear...Saiba mais","breadcrumb":{"@id":"https:\/\/www.suno.com.br\/noticias\/camara-pode-intervir-preco-gas-petrobras-lira\/#breadcrumb"},"inLanguage":"pt-BR","potentialAction":[{"@type":"ReadAction","target":["https:\/\/www.suno.com.br\/noticias\/camara-pode-intervir-preco-gas-petrobras-lira\/"]}]},{"@type":"ImageObject","inLanguage":"pt-BR","@id":"https:\/\/www.suno.com.br\/noticias\/camara-pode-intervir-preco-gas-petrobras-lira\/#primaryimage","url":"https:\/\/files.sunoresearch.com.br\/n\/uploads\/2021\/09\/gas-de-cozinha-EBC.jpg","contentUrl":"https:\/\/files.sunoresearch.com.br\/n\/uploads\/2021\/09\/gas-de-cozinha-EBC.jpg","width":1600,"height":752,"caption":"G\u00e1s de cozinha. Foto: EBC Imagens - reprodu\u00e7\u00e3o"},{"@type":"BreadcrumbList","@id":"https:\/\/www.suno.com.br\/noticias\/camara-pode-intervir-preco-gas-petrobras-lira\/#breadcrumb","itemListElement":[{"@type":"ListItem","position":1,"name":"Not\u00edcias","item":"https:\/\/www.suno.com.br\/noticias\/"},{"@type":"ListItem","position":2,"name":"Pol\u00edtica","item":"https:\/\/www.suno.com.br\/noticias\/politica\/"},{"@type":"ListItem","position":3,"name":"Petrobras (PETR4): Lira afirma que C\u00e2mara e o Cade podem intervir no pre\u00e7o do g\u00e1s de cozinha"}]},{"@type":"WebSite","@id":"https:\/\/www.suno.com.br\/noticias\/#website","url":"https:\/\/www.suno.com.br\/noticias\/","name":"Suno Not\u00edcias","description":"Seu portal de informa\u00e7\u00e3o sobre o mundo dos investimentos","publisher":{"@id":"https:\/\/www.suno.com.br\/noticias\/#organization"},"potentialAction":[{"@type":"SearchAction","target":{"@type":"EntryPoint","urlTemplate":"https:\/\/www.suno.com.br\/noticias\/?s={search_term_string}"},"query-input":{"@type":"PropertyValueSpecification","valueRequired":true,"valueName":"search_term_string"}}],"inLanguage":"pt-BR"},{"@type":"Organization","@id":"https:\/\/www.suno.com.br\/noticias\/#organization","name":"Suno Not\u00edcias","url":"https:\/\/www.suno.com.br\/noticias\/","logo":{"@type":"ImageObject","inLanguage":"pt-BR","@id":"https:\/\/www.suno.com.br\/noticias\/#\/schema\/logo\/image\/","url":"https:\/\/files.sunoresearch.com.br\/n\/uploads\/2021\/09\/suno-logo.png","contentUrl":"https:\/\/files.sunoresearch.com.br\/n\/uploads\/2021\/09\/suno-logo.png","width":180,"height":180,"caption":"Suno Not\u00edcias"},"image":{"@id":"https:\/\/www.suno.com.br\/noticias\/#\/schema\/logo\/image\/"},"sameAs":["https:\/\/facebook.com\/sunoresearch","https:\/\/x.com\/sunoresearch","https:\/\/www.instagram.com\/suno","https:\/\/www.linkedin.com\/company\/suno-research\/","https:\/\/www.youtube.com\/c\/sunoresearch"]},{"@type":"Person","@id":"https:\/\/www.suno.com.br\/noticias\/#\/schema\/person\/06f0d962a6b1c54852e4860f16935600","name":"Bruno Galv\u00e3o","image":{"@type":"ImageObject","inLanguage":"pt-BR","@id":"https:\/\/www.suno.com.br\/noticias\/#\/schema\/person\/image\/","url":"https:\/\/secure.gravatar.com\/avatar\/53598df0b41c00f12f287a912d0e918e?s=96&r=g","contentUrl":"https:\/\/secure.gravatar.com\/avatar\/53598df0b41c00f12f287a912d0e918e?s=96&r=g","caption":"Bruno Galv\u00e3o"},"description":"Escreve para o portal Suno Not\u00edcias. \u00c9 estudante de Jornalismo pela Faculdade C\u00e1sper L\u00edbero e Letras pela USP. Entusiasta de tecnologia e intelig\u00eancia artificial.","url":"https:\/\/www.suno.com.br\/noticias\/author\/bruno-garcia\/"}]}},"default_loop_html":"<div class=\"cardsPage__listCard__boxs\"><div class=\"cardsPage__listCard__boxs__img\"><a href=\"https:\/\/www.suno.com.br\/noticias\/camara-pode-intervir-preco-gas-petrobras-lira\/\"><img class=\"mask\" src=\"https:\/\/www.suno.com.br\/noticias\/wp-content\/themes\/suno\/resources\/images\/spotlight\/spotlight1img\/bg-mask.png\" alt=\"Image Mask\"\/><img src=\"https:\/\/files.sunoresearch.com.br\/n\/uploads\/2021\/09\/gas-de-cozinha-EBC-400x200.jpg\" alt=\"Petrobras (PETR4): Lira afirma que C\u00e2mara e o Cade podem intervir no pre\u00e7o do g\u00e1s de cozinha\"\/><\/a><span class=\"spotlightCategory\"><a href=\"https:\/\/www.suno.com.br\/noticias\/politica\/\">Pol\u00edtica<\/a><\/span><\/div><div class=\"cardsPage__listCard__boxs__content\"><a href=\"https:\/\/www.suno.com.br\/noticias\/camara-pode-intervir-preco-gas-petrobras-lira\/\"><h2 class=\"content__title\">Petrobras (PETR4): Lira afirma que C\u00e2mara e o Cade podem intervir no pre\u00e7o do g\u00e1s de cozinha<\/h2><\/a><div class=\"newsContent__article__meta\"><div class=\"newsContent__article__meta__authorBox\"><a href=\"https:\/\/www.suno.com.br\/noticias\/author\/bruno-garcia\/\" class=\"authorBox__avatar noMobi\"><img src=\"https:\/\/secure.gravatar.com\/avatar\/53598df0b41c00f12f287a912d0e918e?s=96&#038;r=g\" alt=\"Bruno Galv\u00e3o\"><\/a><div class=\"authorBox__name\"><span>por\n\t\t\t<a href=\"https:\/\/www.suno.com.br\/noticias\/author\/bruno-garcia\/\"><span itemprop=\"author\">Bruno Galv\u00e3o<\/span><\/a><\/span><time datetime=\"2021-10-14T18:00:13-03:00\" itemprop=\"datePublished\">14\/10\/2021 18:00<\/time><\/div><\/div><\/div><\/div><\/div>","single_layout":"posts","amp_enabled":true,"_links":{"self":[{"href":"https:\/\/www.suno.com.br\/noticias\/wp-json\/wp\/v2\/posts\/193772"}],"collection":[{"href":"https:\/\/www.suno.com.br\/noticias\/wp-json\/wp\/v2\/posts"}],"about":[{"href":"https:\/\/www.suno.com.br\/noticias\/wp-json\/wp\/v2\/types\/post"}],"author":[{"embeddable":true,"href":"https:\/\/www.suno.com.br\/noticias\/wp-json\/wp\/v2\/users\/118"}],"replies":[{"embeddable":true,"href":"https:\/\/www.suno.com.br\/noticias\/wp-json\/wp\/v2\/comments?post=193772"}],"version-history":[{"count":3,"href":"https:\/\/www.suno.com.br\/noticias\/wp-json\/wp\/v2\/posts\/193772\/revisions"}],"predecessor-version":[{"id":193795,"href":"https:\/\/www.suno.com.br\/noticias\/wp-json\/wp\/v2\/posts\/193772\/revisions\/193795"}],"wp:featuredmedia":[{"embeddable":true,"href":"https:\/\/www.suno.com.br\/noticias\/wp-json\/wp\/v2\/media\/189208"}],"wp:attachment":[{"href":"https:\/\/www.suno.com.br\/noticias\/wp-json\/wp\/v2\/media?parent=193772"}],"wp:term":[{"taxonomy":"category","embeddable":true,"href":"https:\/\/www.suno.com.br\/noticias\/wp-json\/wp\/v2\/categories?post=193772"},{"taxonomy":"post_tag","embeddable":true,"href":"https:\/\/www.suno.com.br\/noticias\/wp-json\/wp\/v2\/tags?post=193772"},{"taxonomy":"suno_strategy","embeddable":true,"href":"https:\/\/www.suno.com.br\/noticias\/wp-json\/wp\/v2\/suno_strategy?post=193772"}],"curies":[{"name":"wp","href":"https:\/\/api.w.org\/{rel}","templated":true}]}}