{"id":193735,"date":"2021-10-14T19:53:56","date_gmt":"2021-10-14T22:53:56","guid":{"rendered":"https:\/\/www.suno.com.br\/noticias\/?p=193735"},"modified":"2021-10-14T19:53:56","modified_gmt":"2021-10-14T22:53:56","slug":"edp-brasil-enbr3-arremata-privatizacao","status":"publish","type":"post","link":"https:\/\/www.suno.com.br\/noticias\/edp-brasil-enbr3-arremata-privatizacao\/","title":{"rendered":"Subsidi\u00e1ria da EDP Brasil (ENBR3) arremata leil\u00e3o da Celg T (GO) por R$ 1,9 bi"},"content":{"rendered":"<p>A Pequena Central Hidrel\u00e9trica, subsidi\u00e1ria da <strong>EDP<\/strong> Brasil (ENBR3), arrematou nesta quinta (14) em leil\u00e3o na B3 (B3 SA3) os ativos da estatal de transmiss\u00e3o de energia el\u00e9trica de Goi\u00e1s Celg T por R$ 1,977 bilh\u00e3o. A empresa foi vendida por um valor 80% superior ao pre\u00e7o inicial, de R$ 1,097 bilh\u00e3o. Participaram do leil\u00e3o a Isa Cteep (TRPL4), Cymi e a MEZ Energia.<\/p>\t<div class=\"wrapper-featured-image\">\n\t\t<figure class=\"spotlightImg\">\n\n\t\t\t<picture>\n\t\t\t\t<source media=\"(max-width: 768px)\" srcset=\"https:\/\/files.sunoresearch.com.br\/n\/uploads\/2021\/09\/belo_monte090920214080-400x200.jpg\">\n\t\t\t\t<img loading=\"lazy\" decoding=\"async\" class=\"newsContent__article__imgCapa lazyloadDisabled \" src=\"https:\/\/files.sunoresearch.com.br\/n\/uploads\/2021\/09\/belo_monte090920214080-800x450.jpg\" width=\"800\" height=\"450\" alt=\"Subsidi\u00e1ria da EDP Brasil (ENBR3) arremata leil\u00e3o da Celg T (GO) por R$ 1,9 bi\" fetchpriority=high \/>\n\t\t\t<\/picture>\n\n\t\t\t<figcaption class=\"wp-caption-text wp-caption-text--show\">Hidrel\u00e9tricas terminar\u00e3o novembro com 49,9% da capacidade. Foto: Ag\u00eancia Brasil<\/figcaption>\n\t\t<\/figure>\n\t<\/div>\n\n\n\t<p>\n\t\t<a href=\"https:\/\/lp.suno.com.br\/planilha-controle-gastos\/\" target=\"_blank\" data-element=\"shortcode-suno-banner\" title=\"Banner SUNO, clique e saiba mais\">\n\t\t\t<picture>\n\t\t\t\t<source media=\"(max-width: 500px)\" srcset=\"https:\/\/files.sunoresearch.com.br\/n\/uploads\/2023\/03\/400x300-Planilha-controle-de-gastos.png\">\n\t\t\t\t<img class=\"newsContent__article__imgCapa newsContent__article__imgCapa--banner\"\n\t\t\t\t\tsrc=\"https:\/\/files.sunoresearch.com.br\/n\/uploads\/2023\/03\/1420x240-Planilha-controle-de-gastos.png\"\n\t\t\t\t\tdata-promo-id=\"101751\"\t\t\t\t\t\t\t\t\t\twidth='1420' height='240'\t\t\t\t\talt=\"https:\/\/files.sunoresearch.com.br\/n\/uploads\/2023\/03\/1420x240-Planilha-controle-de-gastos.png\"\n\t\t\t\t>\n\t\t\t<\/picture>\n\t\t<\/a>\n\t<\/p>\n\n\n<p>Com a aquisi\u00e7\u00e3o, a EDP Brasil passar\u00e1 a administrar um total de 755,5 quil\u00f4metros em linhas de transmiss\u00e3o e 11 subesta\u00e7\u00f5es conectadas ao <a class=\"suno-keyword\" href=\"https:\/\/www.suno.com.br\/artigos\/sistema-interligado-nacional\/\" target=\"_blank\" rel=\"noopener\" data-force=\"no\" data-priority=\"1\">Sistema Interligado Nacional<\/a> (SIN), nos Estados de Goi\u00e1s, Mato Grosso do Sul e Distrito Federal. Elas garantem uma Receita Anual Permitida (RAP) de R$ 238 milh\u00f5es.<\/p>\n<p>A privatiza\u00e7\u00e3o da Celg, controlada pela Companhia CELG de Participa\u00e7\u00f5es (CELGPAR), ocorre cinco anos ap\u00f3s a venda da \u00e1rea de distribui\u00e7\u00e3o da empresa para a Enel, e atraiu muitos interessados durante a fase de consultas e avalia\u00e7\u00f5es. Ao menos dez empresas chegaram a procurar os organizadores do certame para obter informa\u00e7\u00f5es do ativo. A CPFL (CPFE3), por exemplo, chegou a considerar a aquisi\u00e7\u00e3o, mas decidiu n\u00e3o participar da disputa.<\/p>\n\t<p>\n\t\t<a href=\"https:\/\/lp.suno.com.br\/planilha-da-vida-financeira\/\" target=\"_blank\" data-element=\"shortcode-suno-banner\" title=\"Banner SUNO, clique e saiba mais\">\n\t\t\t<picture>\n\t\t\t\t<source media=\"(max-width: 500px)\" srcset=\"https:\/\/files.sunoresearch.com.br\/n\/uploads\/2023\/04\/400x300-Planilha-vida-financeira-true.png\">\n\t\t\t\t<img class=\"newsContent__article__imgCapa newsContent__article__imgCapa--banner\"\n\t\t\t\t\tsrc=\"https:\/\/files.sunoresearch.com.br\/n\/uploads\/2023\/04\/1420x240-Planilha-vida-financeira-true.png\"\n\t\t\t\t\tdata-promo-id=\"106682\"\t\t\t\t\t\t\t\t\t\twidth='1420' height='240'\t\t\t\t\talt=\"https:\/\/files.sunoresearch.com.br\/n\/uploads\/2023\/04\/1420x240-Planilha-vida-financeira-true.png\"\n\t\t\t\t>\n\t\t\t<\/picture>\n\t\t<\/a>\n\t<\/p>\n\n\n<p>Com a venda da \u00e1rea de transmiss\u00e3o para a EDP Brasil, a Celg T ficou apenas com os ativos de gera\u00e7\u00e3o, que tamb\u00e9m devem ser privatizados em data ainda a ser definida. &#8220;Estamos avaliando o momento oportuno para que ela seja vendida. Estamos otimistas, mas tentando calibrar bem o momento&#8221;, comentou.<\/p>\n<p>&#8220;Consideramos os dados operacionais como positivos enquanto a aquisi\u00e7\u00e3o, apesar de fornecer potencialmente sinergias que podem ser exploradas, possui car\u00e1ter mais d\u00fabio em fun\u00e7\u00e3o do alto \u00e1gio pago pela companhia&#8221;, disse Ilan Arbetman &#8211; analista de research da Ativa Investimentos.<\/p>\n\t<p>\n\t\t<a href=\"https:\/\/lp.suno.com.br\/planilha-de-controle-de-investimentos\/\" target=\"_blank\" data-element=\"shortcode-suno-banner\" title=\"Banner SUNO, clique e saiba mais\">\n\t\t\t<picture>\n\t\t\t\t<source media=\"(max-width: 500px)\" srcset=\"https:\/\/files.sunoresearch.com.br\/n\/uploads\/2023\/03\/400x300-Controle-de-Investimentos.png\">\n\t\t\t\t<img class=\"newsContent__article__imgCapa newsContent__article__imgCapa--banner\"\n\t\t\t\t\tsrc=\"https:\/\/files.sunoresearch.com.br\/n\/uploads\/2023\/03\/1420x240-Controle-de-Investimentos.png\"\n\t\t\t\t\tdata-promo-id=\"75934\"\t\t\t\t\t\t\t\t\t\twidth='1420' height='240'\t\t\t\t\talt=\"https:\/\/files.sunoresearch.com.br\/n\/uploads\/2023\/03\/1420x240-Controle-de-Investimentos.png\"\n\t\t\t\t>\n\t\t\t<\/picture>\n\t\t<\/a>\n\t<\/p>\n\n\n<h2>Aquisi\u00e7\u00e3o da EDP ser\u00e1 usada para pagar previd\u00eancia<\/h2>\n<p>Ap\u00f3s privatizar os ativos de transmiss\u00e3o de energia da Celg Par por R$ 1,977 bilh\u00e3o em leil\u00e3o realizado na B3, o governador de Goi\u00e1s, Ronaldo Caiado (DEM), disse que utilizar\u00e1 o dinheiro para cobrir o d\u00e9ficit da previd\u00eancia do Estado.<\/p>\n\t<p>\n\t\t<a href=\"https:\/\/lp.suno.com.br\/ebook-como-analisar-uma-acao\/\" target=\"_blank\" data-element=\"shortcode-suno-banner\" title=\"Banner SUNO, clique e saiba mais\">\n\t\t\t<picture>\n\t\t\t\t<source media=\"(max-width: 500px)\" srcset=\"https:\/\/files.sunoresearch.com.br\/n\/uploads\/2023\/03\/Ebook-Acoes-Mobile-1.jpg\">\n\t\t\t\t<img class=\"newsContent__article__imgCapa newsContent__article__imgCapa--banner\"\n\t\t\t\t\tsrc=\"https:\/\/files.sunoresearch.com.br\/n\/uploads\/2023\/03\/Ebook-Acoes-Desktop-1.jpg\"\n\t\t\t\t\tdata-promo-id=\"171998\"\t\t\t\t\t\t\t\t\t\twidth='1420' height='286'\t\t\t\t\talt=\"https:\/\/files.sunoresearch.com.br\/n\/uploads\/2023\/03\/Ebook-Acoes-Desktop-1.jpg\"\n\t\t\t\t>\n\t\t\t<\/picture>\n\t\t<\/a>\n\t<\/p>\n\n\n<p>Segundo ele, o governo est\u00e1 trabalhando junto \u00e0 Assembleia Legislativa de Goi\u00e1s (Alego) para aprovar um projeto que isenta aposentados que recebem at\u00e9 R$ 3 mi da contribui\u00e7\u00e3o previdenci\u00e1ria. &#8220;O dinheiro ser\u00e1 investido no d\u00e9ficit da previd\u00eancia do Estado. N\u00e3o temos mais tempo a perder com discuss\u00f5es que n\u00e3o trazem resultado \u00e0 popula\u00e7\u00e3o&#8221;, disse ele.<\/p>\n<p>Caiado disse, ainda, que sua gest\u00e3o quer apoiar a <a class=\"suno-keyword\" href=\"https:\/\/www.suno.com.br\/artigos\/iniciativa-privada\/\" target=\"_blank\" rel=\"noopener\" data-force=\"no\" data-priority=\"1\">iniciativa privada<\/a> e n\u00e3o competir com ela. &#8220;Somos parceiros, e assim os tenho&#8221;. Assim, o governo v\u00ea a aquisi\u00e7\u00e3o da <strong>EDP<\/strong> com bons olhos.<\/p>\n<p><em>(Com informa\u00e7\u00f5es da Ag\u00eancia Estado)<\/em><\/p>\n\t<p>\n\t\t<a href=\"\" target=\"_blank\" data-element=\"shortcode-suno-banner\" title=\"Banner SUNO, clique e saiba mais\">\n\t\t\t<picture>\n\t\t\t\t<source media=\"(max-width: 500px)\" srcset=\"\">\n\t\t\t\t<img class=\"newsContent__article__imgCapa newsContent__article__imgCapa--banner\"\n\t\t\t\t\tsrc=\"\"\n\t\t\t\t\tdata-promo-id=\"184190\"\t\t\t\t\t\t\t\t\t\t\t\t\t\t\talt=\"\"\n\t\t\t\t>\n\t\t\t<\/picture>\n\t\t<\/a>\n\t<\/p>\n\n\n","protected":false},"excerpt":{"rendered":"<p>A Pequena Central Hidrel\u00e9trica, subsidi\u00e1ria da EDP Brasil (ENBR3), arrematou nesta quinta (14) em leil\u00e3o na B3 (B3 SA3) os ativos da estatal de transmiss\u00e3o de energia el\u00e9trica de Goi\u00e1s Celg T por R$ 1,977 bilh\u00e3o. A empresa foi vendida por um valor 80% superior ao pre\u00e7o inicial, de R$ 1,097 bilh\u00e3o. Participaram do leil\u00e3o [&hellip;]<\/p>\n","protected":false},"author":118,"featured_media":187866,"comment_status":"closed","ping_status":"closed","sticky":false,"template":"","format":"standard","meta":[],"categories":[64],"tags":[1207,105816],"suno_strategy":[],"class_list":["post-193735","post","type-post","status-publish","format-standard","has-post-thumbnail","hentry","category-negocios","tag-edp-brasil-enbr3","tag-especialistas"],"yoast_head":"<!-- This site is optimized with the Yoast SEO plugin v24.4 - https:\/\/yoast.com\/wordpress\/plugins\/seo\/ -->\n<title>Subsidi\u00e1ria da EDP Brasil (ENBR3) vence leil\u00e3o da Celg T por R$ 1,9 bi<\/title>\n<meta name=\"description\" content=\"A Pequena Central Hidrel\u00e9trica, subsidi\u00e1ria da EDP Brasil arrematou nesta quinta (14) os ativos da estatal de Goi\u00e1s Celg Par...Saiba mais\" \/>\n<meta name=\"robots\" content=\"index, follow, max-snippet:-1, max-image-preview:large, max-video-preview:-1\" \/>\n<link rel=\"canonical\" href=\"https:\/\/www.suno.com.br\/noticias\/edp-brasil-enbr3-arremata-privatizacao\/\" \/>\n<meta property=\"og:locale\" content=\"pt_BR\" \/>\n<meta property=\"og:type\" content=\"article\" \/>\n<meta property=\"og:title\" content=\"Subsidi\u00e1ria da EDP Brasil (ENBR3) vence leil\u00e3o da Celg T por R$ 1,9 bi\" \/>\n<meta property=\"og:description\" content=\"A Pequena Central Hidrel\u00e9trica, subsidi\u00e1ria da EDP Brasil arrematou nesta quinta (14) os ativos da estatal de Goi\u00e1s Celg Par...Saiba mais\" \/>\n<meta property=\"og:url\" content=\"https:\/\/www.suno.com.br\/noticias\/edp-brasil-enbr3-arremata-privatizacao\/\" \/>\n<meta property=\"og:site_name\" content=\"Suno Not\u00edcias\" \/>\n<meta property=\"article:publisher\" content=\"https:\/\/facebook.com\/sunoresearch\" \/>\n<meta property=\"og:image\" content=\"https:\/\/files.sunoresearch.com.br\/n\/uploads\/2021\/09\/belo_monte090920214080-scaled.jpg\" \/>\n\t<meta property=\"og:image:width\" content=\"2560\" \/>\n\t<meta property=\"og:image:height\" content=\"1440\" \/>\n\t<meta property=\"og:image:type\" content=\"image\/jpeg\" \/>\n<meta name=\"author\" content=\"Bruno Galv\u00e3o\" \/>\n<meta name=\"twitter:card\" content=\"summary_large_image\" \/>\n<meta name=\"twitter:creator\" content=\"@sunoresearch\" \/>\n<meta name=\"twitter:site\" content=\"@sunoresearch\" \/>\n<meta name=\"twitter:label1\" content=\"Escrito por\" \/>\n\t<meta name=\"twitter:data1\" content=\"Bruno Galv\u00e3o\" \/>\n\t<meta name=\"twitter:label2\" content=\"Est. tempo de leitura\" \/>\n\t<meta name=\"twitter:data2\" content=\"2 minutos\" \/>\n<script type=\"application\/ld+json\" class=\"yoast-schema-graph\">{\"@context\":\"https:\/\/schema.org\",\"@graph\":[{\"@type\":\"NewsArticle\",\"@id\":\"https:\/\/www.suno.com.br\/noticias\/edp-brasil-enbr3-arremata-privatizacao\/#article\",\"isPartOf\":{\"@id\":\"https:\/\/www.suno.com.br\/noticias\/edp-brasil-enbr3-arremata-privatizacao\/\"},\"author\":{\"name\":\"Bruno Galv\u00e3o\",\"@id\":\"https:\/\/www.suno.com.br\/noticias\/#\/schema\/person\/06f0d962a6b1c54852e4860f16935600\"},\"headline\":\"Subsidi\u00e1ria da EDP Brasil (ENBR3) arremata leil\u00e3o da Celg T (GO) por R$ 1,9 bi\",\"datePublished\":\"2021-10-14T22:53:56+00:00\",\"mainEntityOfPage\":{\"@id\":\"https:\/\/www.suno.com.br\/noticias\/edp-brasil-enbr3-arremata-privatizacao\/\"},\"wordCount\":488,\"publisher\":{\"@id\":\"https:\/\/www.suno.com.br\/noticias\/#organization\"},\"image\":{\"@id\":\"https:\/\/www.suno.com.br\/noticias\/edp-brasil-enbr3-arremata-privatizacao\/#primaryimage\"},\"thumbnailUrl\":\"https:\/\/files.sunoresearch.com.br\/n\/uploads\/2021\/09\/belo_monte090920214080-scaled.jpg\",\"keywords\":[\"EDP Brasil (ENBR3)\",\"Especialistas\"],\"articleSection\":[\"Neg\u00f3cios\"],\"inLanguage\":\"pt-BR\"},{\"@type\":\"WebPage\",\"@id\":\"https:\/\/www.suno.com.br\/noticias\/edp-brasil-enbr3-arremata-privatizacao\/\",\"url\":\"https:\/\/www.suno.com.br\/noticias\/edp-brasil-enbr3-arremata-privatizacao\/\",\"name\":\"Subsidi\u00e1ria da EDP Brasil (ENBR3) vence leil\u00e3o da Celg T por R$ 1,9 bi\",\"isPartOf\":{\"@id\":\"https:\/\/www.suno.com.br\/noticias\/#website\"},\"primaryImageOfPage\":{\"@id\":\"https:\/\/www.suno.com.br\/noticias\/edp-brasil-enbr3-arremata-privatizacao\/#primaryimage\"},\"image\":{\"@id\":\"https:\/\/www.suno.com.br\/noticias\/edp-brasil-enbr3-arremata-privatizacao\/#primaryimage\"},\"thumbnailUrl\":\"https:\/\/files.sunoresearch.com.br\/n\/uploads\/2021\/09\/belo_monte090920214080-scaled.jpg\",\"datePublished\":\"2021-10-14T22:53:56+00:00\",\"description\":\"A Pequena Central Hidrel\u00e9trica, subsidi\u00e1ria da EDP Brasil arrematou nesta quinta (14) os ativos da estatal de Goi\u00e1s Celg Par...Saiba mais\",\"breadcrumb\":{\"@id\":\"https:\/\/www.suno.com.br\/noticias\/edp-brasil-enbr3-arremata-privatizacao\/#breadcrumb\"},\"inLanguage\":\"pt-BR\",\"potentialAction\":[{\"@type\":\"ReadAction\",\"target\":[\"https:\/\/www.suno.com.br\/noticias\/edp-brasil-enbr3-arremata-privatizacao\/\"]}]},{\"@type\":\"ImageObject\",\"inLanguage\":\"pt-BR\",\"@id\":\"https:\/\/www.suno.com.br\/noticias\/edp-brasil-enbr3-arremata-privatizacao\/#primaryimage\",\"url\":\"https:\/\/files.sunoresearch.com.br\/n\/uploads\/2021\/09\/belo_monte090920214080-scaled.jpg\",\"contentUrl\":\"https:\/\/files.sunoresearch.com.br\/n\/uploads\/2021\/09\/belo_monte090920214080-scaled.jpg\",\"width\":2560,\"height\":1440,\"caption\":\"Hidrel\u00e9tricas terminar\u00e3o novembro com 49,9% da capacidade. Foto: Ag\u00eancia Brasil\"},{\"@type\":\"BreadcrumbList\",\"@id\":\"https:\/\/www.suno.com.br\/noticias\/edp-brasil-enbr3-arremata-privatizacao\/#breadcrumb\",\"itemListElement\":[{\"@type\":\"ListItem\",\"position\":1,\"name\":\"Not\u00edcias\",\"item\":\"https:\/\/www.suno.com.br\/noticias\/\"},{\"@type\":\"ListItem\",\"position\":2,\"name\":\"Neg\u00f3cios\",\"item\":\"https:\/\/www.suno.com.br\/noticias\/negocios\/\"},{\"@type\":\"ListItem\",\"position\":3,\"name\":\"Subsidi\u00e1ria da EDP Brasil (ENBR3) arremata leil\u00e3o da Celg T (GO) por R$ 1,9 bi\"}]},{\"@type\":\"WebSite\",\"@id\":\"https:\/\/www.suno.com.br\/noticias\/#website\",\"url\":\"https:\/\/www.suno.com.br\/noticias\/\",\"name\":\"Suno Not\u00edcias\",\"description\":\"Seu portal de informa\u00e7\u00e3o sobre o mundo dos investimentos\",\"publisher\":{\"@id\":\"https:\/\/www.suno.com.br\/noticias\/#organization\"},\"potentialAction\":[{\"@type\":\"SearchAction\",\"target\":{\"@type\":\"EntryPoint\",\"urlTemplate\":\"https:\/\/www.suno.com.br\/noticias\/?s={search_term_string}\"},\"query-input\":{\"@type\":\"PropertyValueSpecification\",\"valueRequired\":true,\"valueName\":\"search_term_string\"}}],\"inLanguage\":\"pt-BR\"},{\"@type\":\"Organization\",\"@id\":\"https:\/\/www.suno.com.br\/noticias\/#organization\",\"name\":\"Suno Not\u00edcias\",\"url\":\"https:\/\/www.suno.com.br\/noticias\/\",\"logo\":{\"@type\":\"ImageObject\",\"inLanguage\":\"pt-BR\",\"@id\":\"https:\/\/www.suno.com.br\/noticias\/#\/schema\/logo\/image\/\",\"url\":\"https:\/\/files.sunoresearch.com.br\/n\/uploads\/2021\/09\/suno-logo.png\",\"contentUrl\":\"https:\/\/files.sunoresearch.com.br\/n\/uploads\/2021\/09\/suno-logo.png\",\"width\":180,\"height\":180,\"caption\":\"Suno Not\u00edcias\"},\"image\":{\"@id\":\"https:\/\/www.suno.com.br\/noticias\/#\/schema\/logo\/image\/\"},\"sameAs\":[\"https:\/\/facebook.com\/sunoresearch\",\"https:\/\/x.com\/sunoresearch\",\"https:\/\/www.instagram.com\/suno\",\"https:\/\/www.linkedin.com\/company\/suno-research\/\",\"https:\/\/www.youtube.com\/c\/sunoresearch\"]},{\"@type\":\"Person\",\"@id\":\"https:\/\/www.suno.com.br\/noticias\/#\/schema\/person\/06f0d962a6b1c54852e4860f16935600\",\"name\":\"Bruno Galv\u00e3o\",\"image\":{\"@type\":\"ImageObject\",\"inLanguage\":\"pt-BR\",\"@id\":\"https:\/\/www.suno.com.br\/noticias\/#\/schema\/person\/image\/\",\"url\":\"https:\/\/secure.gravatar.com\/avatar\/53598df0b41c00f12f287a912d0e918e?s=96&r=g\",\"contentUrl\":\"https:\/\/secure.gravatar.com\/avatar\/53598df0b41c00f12f287a912d0e918e?s=96&r=g\",\"caption\":\"Bruno Galv\u00e3o\"},\"description\":\"Escreve para o portal Suno Not\u00edcias. \u00c9 estudante de Jornalismo pela Faculdade C\u00e1sper L\u00edbero e Letras pela USP. Entusiasta de tecnologia e intelig\u00eancia artificial.\",\"url\":\"https:\/\/www.suno.com.br\/noticias\/author\/bruno-garcia\/\"}]}<\/script>\n<!-- \/ Yoast SEO plugin. -->","yoast_head_json":{"title":"Subsidi\u00e1ria da EDP Brasil (ENBR3) vence leil\u00e3o da Celg T por R$ 1,9 bi","description":"A Pequena Central Hidrel\u00e9trica, subsidi\u00e1ria da EDP Brasil arrematou nesta quinta (14) os ativos da estatal de Goi\u00e1s Celg Par...Saiba mais","robots":{"index":"index","follow":"follow","max-snippet":"max-snippet:-1","max-image-preview":"max-image-preview:large","max-video-preview":"max-video-preview:-1"},"canonical":"https:\/\/www.suno.com.br\/noticias\/edp-brasil-enbr3-arremata-privatizacao\/","og_locale":"pt_BR","og_type":"article","og_title":"Subsidi\u00e1ria da EDP Brasil (ENBR3) vence leil\u00e3o da Celg T por R$ 1,9 bi","og_description":"A Pequena Central Hidrel\u00e9trica, subsidi\u00e1ria da EDP Brasil arrematou nesta quinta (14) os ativos da estatal de Goi\u00e1s Celg Par...Saiba mais","og_url":"https:\/\/www.suno.com.br\/noticias\/edp-brasil-enbr3-arremata-privatizacao\/","og_site_name":"Suno Not\u00edcias","article_publisher":"https:\/\/facebook.com\/sunoresearch","og_image":[{"width":2560,"height":1440,"url":"https:\/\/files.sunoresearch.com.br\/n\/uploads\/2021\/09\/belo_monte090920214080-scaled.jpg","type":"image\/jpeg"}],"author":"Bruno Galv\u00e3o","twitter_card":"summary_large_image","twitter_creator":"@sunoresearch","twitter_site":"@sunoresearch","twitter_misc":{"Escrito por":"Bruno Galv\u00e3o","Est. tempo de leitura":"2 minutos"},"schema":{"@context":"https:\/\/schema.org","@graph":[{"@type":"NewsArticle","@id":"https:\/\/www.suno.com.br\/noticias\/edp-brasil-enbr3-arremata-privatizacao\/#article","isPartOf":{"@id":"https:\/\/www.suno.com.br\/noticias\/edp-brasil-enbr3-arremata-privatizacao\/"},"author":{"name":"Bruno Galv\u00e3o","@id":"https:\/\/www.suno.com.br\/noticias\/#\/schema\/person\/06f0d962a6b1c54852e4860f16935600"},"headline":"Subsidi\u00e1ria da EDP Brasil (ENBR3) arremata leil\u00e3o da Celg T (GO) por R$ 1,9 bi","datePublished":"2021-10-14T22:53:56+00:00","mainEntityOfPage":{"@id":"https:\/\/www.suno.com.br\/noticias\/edp-brasil-enbr3-arremata-privatizacao\/"},"wordCount":488,"publisher":{"@id":"https:\/\/www.suno.com.br\/noticias\/#organization"},"image":{"@id":"https:\/\/www.suno.com.br\/noticias\/edp-brasil-enbr3-arremata-privatizacao\/#primaryimage"},"thumbnailUrl":"https:\/\/files.sunoresearch.com.br\/n\/uploads\/2021\/09\/belo_monte090920214080-scaled.jpg","keywords":["EDP Brasil (ENBR3)","Especialistas"],"articleSection":["Neg\u00f3cios"],"inLanguage":"pt-BR"},{"@type":"WebPage","@id":"https:\/\/www.suno.com.br\/noticias\/edp-brasil-enbr3-arremata-privatizacao\/","url":"https:\/\/www.suno.com.br\/noticias\/edp-brasil-enbr3-arremata-privatizacao\/","name":"Subsidi\u00e1ria da EDP Brasil (ENBR3) vence leil\u00e3o da Celg T por R$ 1,9 bi","isPartOf":{"@id":"https:\/\/www.suno.com.br\/noticias\/#website"},"primaryImageOfPage":{"@id":"https:\/\/www.suno.com.br\/noticias\/edp-brasil-enbr3-arremata-privatizacao\/#primaryimage"},"image":{"@id":"https:\/\/www.suno.com.br\/noticias\/edp-brasil-enbr3-arremata-privatizacao\/#primaryimage"},"thumbnailUrl":"https:\/\/files.sunoresearch.com.br\/n\/uploads\/2021\/09\/belo_monte090920214080-scaled.jpg","datePublished":"2021-10-14T22:53:56+00:00","description":"A Pequena Central Hidrel\u00e9trica, subsidi\u00e1ria da EDP Brasil arrematou nesta quinta (14) os ativos da estatal de Goi\u00e1s Celg Par...Saiba mais","breadcrumb":{"@id":"https:\/\/www.suno.com.br\/noticias\/edp-brasil-enbr3-arremata-privatizacao\/#breadcrumb"},"inLanguage":"pt-BR","potentialAction":[{"@type":"ReadAction","target":["https:\/\/www.suno.com.br\/noticias\/edp-brasil-enbr3-arremata-privatizacao\/"]}]},{"@type":"ImageObject","inLanguage":"pt-BR","@id":"https:\/\/www.suno.com.br\/noticias\/edp-brasil-enbr3-arremata-privatizacao\/#primaryimage","url":"https:\/\/files.sunoresearch.com.br\/n\/uploads\/2021\/09\/belo_monte090920214080-scaled.jpg","contentUrl":"https:\/\/files.sunoresearch.com.br\/n\/uploads\/2021\/09\/belo_monte090920214080-scaled.jpg","width":2560,"height":1440,"caption":"Hidrel\u00e9tricas terminar\u00e3o novembro com 49,9% da capacidade. Foto: Ag\u00eancia Brasil"},{"@type":"BreadcrumbList","@id":"https:\/\/www.suno.com.br\/noticias\/edp-brasil-enbr3-arremata-privatizacao\/#breadcrumb","itemListElement":[{"@type":"ListItem","position":1,"name":"Not\u00edcias","item":"https:\/\/www.suno.com.br\/noticias\/"},{"@type":"ListItem","position":2,"name":"Neg\u00f3cios","item":"https:\/\/www.suno.com.br\/noticias\/negocios\/"},{"@type":"ListItem","position":3,"name":"Subsidi\u00e1ria da EDP Brasil (ENBR3) arremata leil\u00e3o da Celg T (GO) por R$ 1,9 bi"}]},{"@type":"WebSite","@id":"https:\/\/www.suno.com.br\/noticias\/#website","url":"https:\/\/www.suno.com.br\/noticias\/","name":"Suno Not\u00edcias","description":"Seu portal de informa\u00e7\u00e3o sobre o mundo dos investimentos","publisher":{"@id":"https:\/\/www.suno.com.br\/noticias\/#organization"},"potentialAction":[{"@type":"SearchAction","target":{"@type":"EntryPoint","urlTemplate":"https:\/\/www.suno.com.br\/noticias\/?s={search_term_string}"},"query-input":{"@type":"PropertyValueSpecification","valueRequired":true,"valueName":"search_term_string"}}],"inLanguage":"pt-BR"},{"@type":"Organization","@id":"https:\/\/www.suno.com.br\/noticias\/#organization","name":"Suno Not\u00edcias","url":"https:\/\/www.suno.com.br\/noticias\/","logo":{"@type":"ImageObject","inLanguage":"pt-BR","@id":"https:\/\/www.suno.com.br\/noticias\/#\/schema\/logo\/image\/","url":"https:\/\/files.sunoresearch.com.br\/n\/uploads\/2021\/09\/suno-logo.png","contentUrl":"https:\/\/files.sunoresearch.com.br\/n\/uploads\/2021\/09\/suno-logo.png","width":180,"height":180,"caption":"Suno Not\u00edcias"},"image":{"@id":"https:\/\/www.suno.com.br\/noticias\/#\/schema\/logo\/image\/"},"sameAs":["https:\/\/facebook.com\/sunoresearch","https:\/\/x.com\/sunoresearch","https:\/\/www.instagram.com\/suno","https:\/\/www.linkedin.com\/company\/suno-research\/","https:\/\/www.youtube.com\/c\/sunoresearch"]},{"@type":"Person","@id":"https:\/\/www.suno.com.br\/noticias\/#\/schema\/person\/06f0d962a6b1c54852e4860f16935600","name":"Bruno Galv\u00e3o","image":{"@type":"ImageObject","inLanguage":"pt-BR","@id":"https:\/\/www.suno.com.br\/noticias\/#\/schema\/person\/image\/","url":"https:\/\/secure.gravatar.com\/avatar\/53598df0b41c00f12f287a912d0e918e?s=96&r=g","contentUrl":"https:\/\/secure.gravatar.com\/avatar\/53598df0b41c00f12f287a912d0e918e?s=96&r=g","caption":"Bruno Galv\u00e3o"},"description":"Escreve para o portal Suno Not\u00edcias. \u00c9 estudante de Jornalismo pela Faculdade C\u00e1sper L\u00edbero e Letras pela USP. Entusiasta de tecnologia e intelig\u00eancia artificial.","url":"https:\/\/www.suno.com.br\/noticias\/author\/bruno-garcia\/"}]}},"default_loop_html":"<div class=\"cardsPage__listCard__boxs\"><div class=\"cardsPage__listCard__boxs__img\"><a href=\"https:\/\/www.suno.com.br\/noticias\/edp-brasil-enbr3-arremata-privatizacao\/\"><img class=\"mask\" src=\"https:\/\/www.suno.com.br\/noticias\/wp-content\/themes\/suno\/resources\/images\/spotlight\/spotlight1img\/bg-mask.png\" alt=\"Image Mask\"\/><img src=\"https:\/\/files.sunoresearch.com.br\/n\/uploads\/2021\/09\/belo_monte090920214080-400x200.jpg\" alt=\"Subsidi\u00e1ria da EDP Brasil (ENBR3) arremata leil\u00e3o da Celg T (GO) por R$ 1,9 bi\"\/><\/a><span class=\"spotlightCategory\"><a href=\"https:\/\/www.suno.com.br\/noticias\/negocios\/\">Neg\u00f3cios<\/a><\/span><\/div><div class=\"cardsPage__listCard__boxs__content\"><a href=\"https:\/\/www.suno.com.br\/noticias\/edp-brasil-enbr3-arremata-privatizacao\/\"><h2 class=\"content__title\">Subsidi\u00e1ria da EDP Brasil (ENBR3) arremata leil\u00e3o da Celg T (GO) por R$ 1,9 bi<\/h2><\/a><div class=\"newsContent__article__meta\"><div class=\"newsContent__article__meta__authorBox\"><a href=\"https:\/\/www.suno.com.br\/noticias\/author\/bruno-garcia\/\" class=\"authorBox__avatar noMobi\"><img src=\"https:\/\/secure.gravatar.com\/avatar\/53598df0b41c00f12f287a912d0e918e?s=96&#038;r=g\" alt=\"Bruno Galv\u00e3o\"><\/a><div class=\"authorBox__name\"><span>por\n\t\t\t<a href=\"https:\/\/www.suno.com.br\/noticias\/author\/bruno-garcia\/\"><span itemprop=\"author\">Bruno Galv\u00e3o<\/span><\/a><\/span><time datetime=\"2021-10-14T19:53:56-03:00\" itemprop=\"datePublished\">14\/10\/2021 19:53<\/time><\/div><\/div><\/div><\/div><\/div>","single_layout":"posts","amp_enabled":true,"_links":{"self":[{"href":"https:\/\/www.suno.com.br\/noticias\/wp-json\/wp\/v2\/posts\/193735"}],"collection":[{"href":"https:\/\/www.suno.com.br\/noticias\/wp-json\/wp\/v2\/posts"}],"about":[{"href":"https:\/\/www.suno.com.br\/noticias\/wp-json\/wp\/v2\/types\/post"}],"author":[{"embeddable":true,"href":"https:\/\/www.suno.com.br\/noticias\/wp-json\/wp\/v2\/users\/118"}],"replies":[{"embeddable":true,"href":"https:\/\/www.suno.com.br\/noticias\/wp-json\/wp\/v2\/comments?post=193735"}],"version-history":[{"count":4,"href":"https:\/\/www.suno.com.br\/noticias\/wp-json\/wp\/v2\/posts\/193735\/revisions"}],"predecessor-version":[{"id":193873,"href":"https:\/\/www.suno.com.br\/noticias\/wp-json\/wp\/v2\/posts\/193735\/revisions\/193873"}],"wp:featuredmedia":[{"embeddable":true,"href":"https:\/\/www.suno.com.br\/noticias\/wp-json\/wp\/v2\/media\/187866"}],"wp:attachment":[{"href":"https:\/\/www.suno.com.br\/noticias\/wp-json\/wp\/v2\/media?parent=193735"}],"wp:term":[{"taxonomy":"category","embeddable":true,"href":"https:\/\/www.suno.com.br\/noticias\/wp-json\/wp\/v2\/categories?post=193735"},{"taxonomy":"post_tag","embeddable":true,"href":"https:\/\/www.suno.com.br\/noticias\/wp-json\/wp\/v2\/tags?post=193735"},{"taxonomy":"suno_strategy","embeddable":true,"href":"https:\/\/www.suno.com.br\/noticias\/wp-json\/wp\/v2\/suno_strategy?post=193735"}],"curies":[{"name":"wp","href":"https:\/\/api.w.org\/{rel}","templated":true}]}}