{"id":19371,"date":"2019-03-28T16:54:25","date_gmt":"2019-03-28T19:54:25","guid":{"rendered":"https:\/\/www.suno.com.br\/noticias\/?p=19371"},"modified":"2021-06-21T05:43:15","modified_gmt":"2021-06-21T08:43:15","slug":"tesouro-carga-tributaria-subiu-pib","status":"publish","type":"post","link":"https:\/\/www.suno.com.br\/noticias\/tesouro-carga-tributaria-subiu-pib\/","title":{"rendered":"Tesouro estima que carga tribut\u00e1ria subiu para 33,58% do PIB em 2018"},"content":{"rendered":"<p>A Secretaria do Tesouro Nacional estima que a carga tribut\u00e1ria brasileira cresceu para 33,58% do Produto Interno Bruto (PIB) em 2018.<\/p>\t<div class=\"wrapper-featured-image\">\n\t\t<figure class=\"spotlightImg\">\n\n\t\t\t<picture>\n\t\t\t\t<source media=\"(max-width: 768px)\" srcset=\"https:\/\/files.sunoresearch.com.br\/n\/uploads\/2018\/11\/7b927f07-impostos-400x200.webp\">\n\t\t\t\t<img loading=\"lazy\" decoding=\"async\" class=\"newsContent__article__imgCapa lazyloadDisabled newsContent__article__imgCapa--noCaption\" src=\"https:\/\/files.sunoresearch.com.br\/n\/uploads\/2018\/11\/7b927f07-impostos-800x450.webp\" width=\"800\" height=\"450\" alt=\"Tesouro estima que carga tribut\u00e1ria subiu para 33,58% do PIB em 2018\" fetchpriority=high \/>\n\t\t\t<\/picture>\n\n\t\t\t<figcaption class=\"wp-caption-text wp-caption-text--hide\">carga tribut\u00e1ria<\/figcaption>\n\t\t<\/figure>\n\t<\/div>\n\n\n<p>No ano passado, a <a href=\"https:\/\/www.suno.com.br\/artigos\/carga-tributaria\/\"><strong>taxa de impostos<\/strong><\/a> pagos em rela\u00e7\u00e3o \u00e0 <strong>riqueza<\/strong> produzida no <strong>Pa\u00eds<\/strong> era de 32,62%. Desde que esse quesito come\u00e7ou a ser medido, em 2010, \u00e9 o <strong>maior n\u00edvel<\/strong> j\u00e1 registrado.<\/p>\n<p><a href=\"https:\/\/www.suno.com.br\/noticias\/deputados-articulam-repasse-estados\/\">Saiba mais: C\u00e2mara articula votar repasse de R$ 39 bilh\u00f5es a estados, diz jornal<\/a><\/p>\n<p><strong>Carga tribut\u00e1ria<\/strong> no <strong>Brasil<\/strong> em rela\u00e7\u00e3o ao <strong>PIB<\/strong><\/p>\n<ul>\n<li>2010: 32,45%<\/li>\n<li>2011: 33,19%<\/li>\n<li>2012: 32,85$<\/li>\n<li>2013: 32,62%<\/li>\n<li>2014: 31,91%<\/li>\n<li>2015: 32,15%<\/li>\n<li>2016: 32,31%<\/li>\n<li>2017: 32,62%<\/li>\n<li>2018: 33,58%<\/li>\n<\/ul>\n<p>O c\u00e1lculo oficial, entretanto, s\u00f3 ser\u00e1 divulgado no segundo semestre deste ano pela <strong>Secretaria da Receita Federal.<\/strong><\/p>\n<p><a href=\"https:\/\/www.suno.com.br\/noticias\/pib-banco-central-reduz-economia\/\">Saiba mais: PIB: Banco Central reduz previs\u00e3o de crescimento da economia para 2019<\/a><\/p>\n<p>A proje\u00e7\u00e3o divulgada pelo <strong>Tesouro Nacional<\/strong> \u00e9 uma demanda da <strong>Controladoria-Geral da Uni\u00e3o<\/strong>. O \u00f3rg\u00e3o precisa dos n\u00fameros para elaborar a presta\u00e7\u00e3o de contas do <strong>presidente da Rep\u00fablica<\/strong>, dados que ser\u00e3o posteriormente usados pelo <strong>Tribunal de Contas da Uni\u00e3o<\/strong> e pelo <strong>Congresso Nacional<\/strong>.<\/p>\n<p>Segundo o secret\u00e1rio do <a href=\"http:\/\/www.tesouro.fazenda.gov.br\/\"><strong>Tesouro Nacional<\/strong><\/a>, <strong>Mansueto Almeida,<\/strong> a <strong>carga tribut\u00e1ria brasileira<\/strong> est\u00e1 10 pontos do PIB acima da m\u00e9dia dos pa\u00edses da <strong>Am\u00e9rica Latina.<\/strong> &#8220;A <strong>carga tribut\u00e1ria<\/strong> muito alta para o nosso n\u00edvel de <strong>desenvolvimento&#8221;,<\/strong> disse. &#8220;A carga cresce de acordo com o n\u00edvel de desenvolvimento. A <strong>produtividade<\/strong> do trabalhador \u00e9 muito maior em pa\u00edses desenvolvidos do que no Brasil&#8221;.<\/p>\n<p>Por outro lado, a <strong>carga<\/strong> de <strong>impostos brasileira<\/strong> n\u00e3o se compara a outros <strong>pa\u00edses desenvolvidos.<\/strong> Na <strong>Fran\u00e7a,<\/strong> por exemplo, a taxa chega a 46,2% do PIB.<\/p>\n<p><a href=\"https:\/\/www.suno.com.br\/noticias\/brasileiros-pagaram-impostos\/\">Saiba mais: Brasileiros pagaram R$ 600 bilh\u00f5es de impostos neste ano<\/a><\/p>\n<h2>As <strong>10 maiores<\/strong> cargas tribut\u00e1rias do mundo<\/h2>\n<ol>\n<li>Fran\u00e7a: 46,2%<\/li>\n<li>Dinamarca: 46%<\/li>\n<li>B\u00e9lgica: 44,6%<\/li>\n<li>Su\u00e9cia: 44%<\/li>\n<li>Finl\u00e2ndia: 43,3%<\/li>\n<li>It\u00e1lia: 42,4%<\/li>\n<li>\u00c1ustria: 41,8%<\/li>\n<li>Gr\u00e9cia: 39,4%<\/li>\n<li>Holanda: 38,8%<\/li>\n<li>Noruega: 38,2%<\/li>\n<\/ol>\n<p><a href=\"https:\/\/www.suno.com.br\/noticias\/imposto-renda-regra-dependentes\/\">Saiba mais: Imposto de Renda tem nova regra para dependentes<\/a><\/p>\n<h2>A contribui\u00e7\u00e3o de cada ente na <strong>carga tribut\u00e1ria<\/strong> em 2018<\/h2>\n<ul>\n<li>Uni\u00e3o: 22,66%<\/li>\n<li>Estados: 8,65%<\/li>\n<li>Munic\u00edpios: 2,27%<\/li>\n<\/ul>\n<h2>A contribui\u00e7\u00e3o de cada ente na <strong>carga tribut\u00e1ria<\/strong> em 2017<\/h2>\n<ul>\n<li>Uni\u00e3o: 22,13%<\/li>\n<li>Estados: 8,42%<\/li>\n<li>Munic\u00edpios: 2,06%<\/li>\n<\/ul>\n<h2>A contribui\u00e7\u00e3o de cada ente na <strong>carga tribut\u00e1ria<\/strong> em 2016<\/h2>\n<ul>\n<li>Uni\u00e3o: 22,08%<\/li>\n<li>Estados: 8,22%<\/li>\n<li>Munic\u00edpios: 2%<\/li>\n<\/ul>\n","protected":false},"excerpt":{"rendered":"<p>A Secretaria do Tesouro Nacional estima que a carga tribut\u00e1ria brasileira cresceu para 33,58% do Produto Interno Bruto (PIB) em 2018. carga tribut\u00e1ria No ano passado, a taxa de impostos pagos em rela\u00e7\u00e3o \u00e0 riqueza produzida no Pa\u00eds era de 32,62%. Desde que esse quesito come\u00e7ou a ser medido, em 2010, \u00e9 o maior n\u00edvel [&hellip;]<\/p>\n","protected":false},"author":13,"featured_media":6042,"comment_status":"closed","ping_status":"closed","sticky":false,"template":"","format":"standard","meta":[],"categories":[62],"tags":[704,807,1044],"suno_strategy":[],"class_list":["post-19371","post","type-post","status-publish","format-standard","has-post-thumbnail","hentry","category-economia","tag-impostos","tag-produto-interno-bruto-pib","tag-tesouro-nacional"],"yoast_head":"<!-- This site is optimized with the Yoast SEO plugin v24.4 - https:\/\/yoast.com\/wordpress\/plugins\/seo\/ -->\n<title>Tesouro estima que carga tribut\u00e1ria subiu para 33,58% do PIB em 2018<\/title>\n<meta name=\"description\" content=\"A Secretaria do Tesouro Nacional estima que a carga tribut\u00e1ria brasileira cresceu para 33,58% do PIB em 2018. Clique e saiba mais.\" \/>\n<meta name=\"robots\" content=\"index, follow, max-snippet:-1, max-image-preview:large, max-video-preview:-1\" \/>\n<link rel=\"canonical\" href=\"https:\/\/www.suno.com.br\/noticias\/tesouro-carga-tributaria-subiu-pib\/\" \/>\n<meta property=\"og:locale\" content=\"pt_BR\" \/>\n<meta property=\"og:type\" content=\"article\" \/>\n<meta property=\"og:title\" content=\"Tesouro estima que carga tribut\u00e1ria subiu para 33,58% do PIB em 2018\" \/>\n<meta property=\"og:description\" content=\"A Secretaria do Tesouro Nacional estima que a carga tribut\u00e1ria brasileira cresceu para 33,58% do PIB em 2018. Clique e saiba mais.\" \/>\n<meta property=\"og:url\" content=\"https:\/\/www.suno.com.br\/noticias\/tesouro-carga-tributaria-subiu-pib\/\" \/>\n<meta property=\"og:site_name\" content=\"Suno Not\u00edcias\" \/>\n<meta property=\"article:publisher\" content=\"https:\/\/facebook.com\/sunoresearch\" \/>\n<meta property=\"og:image\" content=\"https:\/\/files.sunoresearch.com.br\/n\/uploads\/2018\/11\/7b927f07-impostos.jpg\" \/>\n\t<meta property=\"og:image:width\" content=\"1920\" \/>\n\t<meta property=\"og:image:height\" content=\"1200\" \/>\n\t<meta property=\"og:image:type\" content=\"image\/jpeg\" \/>\n<meta name=\"author\" content=\"Guilherme Caetano\" \/>\n<meta name=\"twitter:card\" content=\"summary_large_image\" \/>\n<meta name=\"twitter:creator\" content=\"@sunoresearch\" \/>\n<meta name=\"twitter:site\" content=\"@sunoresearch\" \/>\n<meta name=\"twitter:label1\" content=\"Escrito por\" \/>\n\t<meta name=\"twitter:data1\" content=\"Guilherme Caetano\" \/>\n\t<meta name=\"twitter:label2\" content=\"Est. tempo de leitura\" \/>\n\t<meta name=\"twitter:data2\" content=\"2 minutos\" \/>\n<script type=\"application\/ld+json\" class=\"yoast-schema-graph\">{\"@context\":\"https:\/\/schema.org\",\"@graph\":[{\"@type\":\"NewsArticle\",\"@id\":\"https:\/\/www.suno.com.br\/noticias\/tesouro-carga-tributaria-subiu-pib\/#article\",\"isPartOf\":{\"@id\":\"https:\/\/www.suno.com.br\/noticias\/tesouro-carga-tributaria-subiu-pib\/\"},\"author\":{\"name\":\"Guilherme Caetano\",\"@id\":\"https:\/\/www.suno.com.br\/noticias\/#\/schema\/person\/0d0c9687cd2f600c564f25980c140de9\"},\"headline\":\"Tesouro estima que carga tribut\u00e1ria subiu para 33,58% do PIB em 2018\",\"datePublished\":\"2019-03-28T19:54:25+00:00\",\"dateModified\":\"2021-06-21T08:43:15+00:00\",\"mainEntityOfPage\":{\"@id\":\"https:\/\/www.suno.com.br\/noticias\/tesouro-carga-tributaria-subiu-pib\/\"},\"wordCount\":359,\"publisher\":{\"@id\":\"https:\/\/www.suno.com.br\/noticias\/#organization\"},\"image\":{\"@id\":\"https:\/\/www.suno.com.br\/noticias\/tesouro-carga-tributaria-subiu-pib\/#primaryimage\"},\"thumbnailUrl\":\"https:\/\/files.sunoresearch.com.br\/n\/uploads\/2018\/11\/7b927f07-impostos-jpg.webp\",\"keywords\":[\"impostos\",\"Produto Interno Bruto (PIB)\",\"Tesouro Nacional\"],\"articleSection\":[\"Economia\"],\"inLanguage\":\"pt-BR\"},{\"@type\":\"WebPage\",\"@id\":\"https:\/\/www.suno.com.br\/noticias\/tesouro-carga-tributaria-subiu-pib\/\",\"url\":\"https:\/\/www.suno.com.br\/noticias\/tesouro-carga-tributaria-subiu-pib\/\",\"name\":\"Tesouro estima que carga tribut\u00e1ria subiu para 33,58% do PIB em 2018\",\"isPartOf\":{\"@id\":\"https:\/\/www.suno.com.br\/noticias\/#website\"},\"primaryImageOfPage\":{\"@id\":\"https:\/\/www.suno.com.br\/noticias\/tesouro-carga-tributaria-subiu-pib\/#primaryimage\"},\"image\":{\"@id\":\"https:\/\/www.suno.com.br\/noticias\/tesouro-carga-tributaria-subiu-pib\/#primaryimage\"},\"thumbnailUrl\":\"https:\/\/files.sunoresearch.com.br\/n\/uploads\/2018\/11\/7b927f07-impostos-jpg.webp\",\"datePublished\":\"2019-03-28T19:54:25+00:00\",\"dateModified\":\"2021-06-21T08:43:15+00:00\",\"description\":\"A Secretaria do Tesouro Nacional estima que a carga tribut\u00e1ria brasileira cresceu para 33,58% do PIB em 2018. Clique e saiba mais.\",\"breadcrumb\":{\"@id\":\"https:\/\/www.suno.com.br\/noticias\/tesouro-carga-tributaria-subiu-pib\/#breadcrumb\"},\"inLanguage\":\"pt-BR\",\"potentialAction\":[{\"@type\":\"ReadAction\",\"target\":[\"https:\/\/www.suno.com.br\/noticias\/tesouro-carga-tributaria-subiu-pib\/\"]}]},{\"@type\":\"ImageObject\",\"inLanguage\":\"pt-BR\",\"@id\":\"https:\/\/www.suno.com.br\/noticias\/tesouro-carga-tributaria-subiu-pib\/#primaryimage\",\"url\":\"https:\/\/files.sunoresearch.com.br\/n\/uploads\/2018\/11\/7b927f07-impostos-jpg.webp\",\"contentUrl\":\"https:\/\/files.sunoresearch.com.br\/n\/uploads\/2018\/11\/7b927f07-impostos-jpg.webp\",\"width\":1920,\"height\":1200,\"caption\":\"carga tribut\u00e1ria\"},{\"@type\":\"BreadcrumbList\",\"@id\":\"https:\/\/www.suno.com.br\/noticias\/tesouro-carga-tributaria-subiu-pib\/#breadcrumb\",\"itemListElement\":[{\"@type\":\"ListItem\",\"position\":1,\"name\":\"Not\u00edcias\",\"item\":\"https:\/\/www.suno.com.br\/noticias\/\"},{\"@type\":\"ListItem\",\"position\":2,\"name\":\"Economia\",\"item\":\"https:\/\/www.suno.com.br\/noticias\/economia\/\"},{\"@type\":\"ListItem\",\"position\":3,\"name\":\"Tesouro estima que carga tribut\u00e1ria subiu para 33,58% do PIB em 2018\"}]},{\"@type\":\"WebSite\",\"@id\":\"https:\/\/www.suno.com.br\/noticias\/#website\",\"url\":\"https:\/\/www.suno.com.br\/noticias\/\",\"name\":\"Suno Not\u00edcias\",\"description\":\"Seu portal de informa\u00e7\u00e3o sobre o mundo dos investimentos\",\"publisher\":{\"@id\":\"https:\/\/www.suno.com.br\/noticias\/#organization\"},\"potentialAction\":[{\"@type\":\"SearchAction\",\"target\":{\"@type\":\"EntryPoint\",\"urlTemplate\":\"https:\/\/www.suno.com.br\/noticias\/?s={search_term_string}\"},\"query-input\":{\"@type\":\"PropertyValueSpecification\",\"valueRequired\":true,\"valueName\":\"search_term_string\"}}],\"inLanguage\":\"pt-BR\"},{\"@type\":\"Organization\",\"@id\":\"https:\/\/www.suno.com.br\/noticias\/#organization\",\"name\":\"Suno Not\u00edcias\",\"url\":\"https:\/\/www.suno.com.br\/noticias\/\",\"logo\":{\"@type\":\"ImageObject\",\"inLanguage\":\"pt-BR\",\"@id\":\"https:\/\/www.suno.com.br\/noticias\/#\/schema\/logo\/image\/\",\"url\":\"https:\/\/files.sunoresearch.com.br\/n\/uploads\/2021\/09\/suno-logo.png\",\"contentUrl\":\"https:\/\/files.sunoresearch.com.br\/n\/uploads\/2021\/09\/suno-logo.png\",\"width\":180,\"height\":180,\"caption\":\"Suno Not\u00edcias\"},\"image\":{\"@id\":\"https:\/\/www.suno.com.br\/noticias\/#\/schema\/logo\/image\/\"},\"sameAs\":[\"https:\/\/facebook.com\/sunoresearch\",\"https:\/\/x.com\/sunoresearch\",\"https:\/\/www.instagram.com\/suno\",\"https:\/\/www.linkedin.com\/company\/suno-research\/\",\"https:\/\/www.youtube.com\/c\/sunoresearch\"]},{\"@type\":\"Person\",\"@id\":\"https:\/\/www.suno.com.br\/noticias\/#\/schema\/person\/0d0c9687cd2f600c564f25980c140de9\",\"name\":\"Guilherme Caetano\",\"image\":{\"@type\":\"ImageObject\",\"inLanguage\":\"pt-BR\",\"@id\":\"https:\/\/www.suno.com.br\/noticias\/#\/schema\/person\/image\/\",\"url\":\"https:\/\/secure.gravatar.com\/avatar\/e48357351a01702a0d19307070e081bf?s=96&r=g\",\"contentUrl\":\"https:\/\/secure.gravatar.com\/avatar\/e48357351a01702a0d19307070e081bf?s=96&r=g\",\"caption\":\"Guilherme Caetano\"},\"description\":\"Formado em jornalismo pela Escola de Comunica\u00e7\u00f5es e Artes da USP, Guilherme Caetano escreve para o portal de not\u00edcias da Suno Research. Passou pelas reda\u00e7\u00f5es da Folha de S.Paulo e da revista \u00c9poca.\",\"url\":\"https:\/\/www.suno.com.br\/noticias\/author\/guilherme-caetano\/\"}]}<\/script>\n<!-- \/ Yoast SEO plugin. -->","yoast_head_json":{"title":"Tesouro estima que carga tribut\u00e1ria subiu para 33,58% do PIB em 2018","description":"A Secretaria do Tesouro Nacional estima que a carga tribut\u00e1ria brasileira cresceu para 33,58% do PIB em 2018. Clique e saiba mais.","robots":{"index":"index","follow":"follow","max-snippet":"max-snippet:-1","max-image-preview":"max-image-preview:large","max-video-preview":"max-video-preview:-1"},"canonical":"https:\/\/www.suno.com.br\/noticias\/tesouro-carga-tributaria-subiu-pib\/","og_locale":"pt_BR","og_type":"article","og_title":"Tesouro estima que carga tribut\u00e1ria subiu para 33,58% do PIB em 2018","og_description":"A Secretaria do Tesouro Nacional estima que a carga tribut\u00e1ria brasileira cresceu para 33,58% do PIB em 2018. Clique e saiba mais.","og_url":"https:\/\/www.suno.com.br\/noticias\/tesouro-carga-tributaria-subiu-pib\/","og_site_name":"Suno Not\u00edcias","article_publisher":"https:\/\/facebook.com\/sunoresearch","og_image":[{"width":1920,"height":1200,"url":"https:\/\/files.sunoresearch.com.br\/n\/uploads\/2018\/11\/7b927f07-impostos.jpg","type":"image\/jpeg"}],"author":"Guilherme Caetano","twitter_card":"summary_large_image","twitter_creator":"@sunoresearch","twitter_site":"@sunoresearch","twitter_misc":{"Escrito por":"Guilherme Caetano","Est. tempo de leitura":"2 minutos"},"schema":{"@context":"https:\/\/schema.org","@graph":[{"@type":"NewsArticle","@id":"https:\/\/www.suno.com.br\/noticias\/tesouro-carga-tributaria-subiu-pib\/#article","isPartOf":{"@id":"https:\/\/www.suno.com.br\/noticias\/tesouro-carga-tributaria-subiu-pib\/"},"author":{"name":"Guilherme Caetano","@id":"https:\/\/www.suno.com.br\/noticias\/#\/schema\/person\/0d0c9687cd2f600c564f25980c140de9"},"headline":"Tesouro estima que carga tribut\u00e1ria subiu para 33,58% do PIB em 2018","datePublished":"2019-03-28T19:54:25+00:00","dateModified":"2021-06-21T08:43:15+00:00","mainEntityOfPage":{"@id":"https:\/\/www.suno.com.br\/noticias\/tesouro-carga-tributaria-subiu-pib\/"},"wordCount":359,"publisher":{"@id":"https:\/\/www.suno.com.br\/noticias\/#organization"},"image":{"@id":"https:\/\/www.suno.com.br\/noticias\/tesouro-carga-tributaria-subiu-pib\/#primaryimage"},"thumbnailUrl":"https:\/\/files.sunoresearch.com.br\/n\/uploads\/2018\/11\/7b927f07-impostos-jpg.webp","keywords":["impostos","Produto Interno Bruto (PIB)","Tesouro Nacional"],"articleSection":["Economia"],"inLanguage":"pt-BR"},{"@type":"WebPage","@id":"https:\/\/www.suno.com.br\/noticias\/tesouro-carga-tributaria-subiu-pib\/","url":"https:\/\/www.suno.com.br\/noticias\/tesouro-carga-tributaria-subiu-pib\/","name":"Tesouro estima que carga tribut\u00e1ria subiu para 33,58% do PIB em 2018","isPartOf":{"@id":"https:\/\/www.suno.com.br\/noticias\/#website"},"primaryImageOfPage":{"@id":"https:\/\/www.suno.com.br\/noticias\/tesouro-carga-tributaria-subiu-pib\/#primaryimage"},"image":{"@id":"https:\/\/www.suno.com.br\/noticias\/tesouro-carga-tributaria-subiu-pib\/#primaryimage"},"thumbnailUrl":"https:\/\/files.sunoresearch.com.br\/n\/uploads\/2018\/11\/7b927f07-impostos-jpg.webp","datePublished":"2019-03-28T19:54:25+00:00","dateModified":"2021-06-21T08:43:15+00:00","description":"A Secretaria do Tesouro Nacional estima que a carga tribut\u00e1ria brasileira cresceu para 33,58% do PIB em 2018. Clique e saiba mais.","breadcrumb":{"@id":"https:\/\/www.suno.com.br\/noticias\/tesouro-carga-tributaria-subiu-pib\/#breadcrumb"},"inLanguage":"pt-BR","potentialAction":[{"@type":"ReadAction","target":["https:\/\/www.suno.com.br\/noticias\/tesouro-carga-tributaria-subiu-pib\/"]}]},{"@type":"ImageObject","inLanguage":"pt-BR","@id":"https:\/\/www.suno.com.br\/noticias\/tesouro-carga-tributaria-subiu-pib\/#primaryimage","url":"https:\/\/files.sunoresearch.com.br\/n\/uploads\/2018\/11\/7b927f07-impostos-jpg.webp","contentUrl":"https:\/\/files.sunoresearch.com.br\/n\/uploads\/2018\/11\/7b927f07-impostos-jpg.webp","width":1920,"height":1200,"caption":"carga tribut\u00e1ria"},{"@type":"BreadcrumbList","@id":"https:\/\/www.suno.com.br\/noticias\/tesouro-carga-tributaria-subiu-pib\/#breadcrumb","itemListElement":[{"@type":"ListItem","position":1,"name":"Not\u00edcias","item":"https:\/\/www.suno.com.br\/noticias\/"},{"@type":"ListItem","position":2,"name":"Economia","item":"https:\/\/www.suno.com.br\/noticias\/economia\/"},{"@type":"ListItem","position":3,"name":"Tesouro estima que carga tribut\u00e1ria subiu para 33,58% do PIB em 2018"}]},{"@type":"WebSite","@id":"https:\/\/www.suno.com.br\/noticias\/#website","url":"https:\/\/www.suno.com.br\/noticias\/","name":"Suno Not\u00edcias","description":"Seu portal de informa\u00e7\u00e3o sobre o mundo dos investimentos","publisher":{"@id":"https:\/\/www.suno.com.br\/noticias\/#organization"},"potentialAction":[{"@type":"SearchAction","target":{"@type":"EntryPoint","urlTemplate":"https:\/\/www.suno.com.br\/noticias\/?s={search_term_string}"},"query-input":{"@type":"PropertyValueSpecification","valueRequired":true,"valueName":"search_term_string"}}],"inLanguage":"pt-BR"},{"@type":"Organization","@id":"https:\/\/www.suno.com.br\/noticias\/#organization","name":"Suno Not\u00edcias","url":"https:\/\/www.suno.com.br\/noticias\/","logo":{"@type":"ImageObject","inLanguage":"pt-BR","@id":"https:\/\/www.suno.com.br\/noticias\/#\/schema\/logo\/image\/","url":"https:\/\/files.sunoresearch.com.br\/n\/uploads\/2021\/09\/suno-logo.png","contentUrl":"https:\/\/files.sunoresearch.com.br\/n\/uploads\/2021\/09\/suno-logo.png","width":180,"height":180,"caption":"Suno Not\u00edcias"},"image":{"@id":"https:\/\/www.suno.com.br\/noticias\/#\/schema\/logo\/image\/"},"sameAs":["https:\/\/facebook.com\/sunoresearch","https:\/\/x.com\/sunoresearch","https:\/\/www.instagram.com\/suno","https:\/\/www.linkedin.com\/company\/suno-research\/","https:\/\/www.youtube.com\/c\/sunoresearch"]},{"@type":"Person","@id":"https:\/\/www.suno.com.br\/noticias\/#\/schema\/person\/0d0c9687cd2f600c564f25980c140de9","name":"Guilherme Caetano","image":{"@type":"ImageObject","inLanguage":"pt-BR","@id":"https:\/\/www.suno.com.br\/noticias\/#\/schema\/person\/image\/","url":"https:\/\/secure.gravatar.com\/avatar\/e48357351a01702a0d19307070e081bf?s=96&r=g","contentUrl":"https:\/\/secure.gravatar.com\/avatar\/e48357351a01702a0d19307070e081bf?s=96&r=g","caption":"Guilherme Caetano"},"description":"Formado em jornalismo pela Escola de Comunica\u00e7\u00f5es e Artes da USP, Guilherme Caetano escreve para o portal de not\u00edcias da Suno Research. Passou pelas reda\u00e7\u00f5es da Folha de S.Paulo e da revista \u00c9poca.","url":"https:\/\/www.suno.com.br\/noticias\/author\/guilherme-caetano\/"}]}},"default_loop_html":"<div class=\"cardsPage__listCard__boxs\"><div class=\"cardsPage__listCard__boxs__img\"><a href=\"https:\/\/www.suno.com.br\/noticias\/tesouro-carga-tributaria-subiu-pib\/\"><img class=\"mask\" src=\"https:\/\/www.suno.com.br\/noticias\/wp-content\/themes\/suno\/resources\/images\/spotlight\/spotlight1img\/bg-mask.png\" alt=\"Image Mask\"\/><img src=\"https:\/\/files.sunoresearch.com.br\/n\/uploads\/2018\/11\/7b927f07-impostos-400x200.webp\" alt=\"Tesouro estima que carga tribut\u00e1ria subiu para 33,58% do PIB em 2018\"\/><\/a><span class=\"spotlightCategory\"><a href=\"https:\/\/www.suno.com.br\/noticias\/economia\/\">Economia<\/a><\/span><\/div><div class=\"cardsPage__listCard__boxs__content\"><a href=\"https:\/\/www.suno.com.br\/noticias\/tesouro-carga-tributaria-subiu-pib\/\"><h2 class=\"content__title\">Tesouro estima que carga tribut\u00e1ria subiu para 33,58% do PIB em 2018<\/h2><\/a><div class=\"newsContent__article__meta\"><div class=\"newsContent__article__meta__authorBox\"><a href=\"https:\/\/www.suno.com.br\/noticias\/author\/guilherme-caetano\/\" class=\"authorBox__avatar noMobi\"><img src=\"https:\/\/secure.gravatar.com\/avatar\/e48357351a01702a0d19307070e081bf?s=96&#038;r=g\" alt=\"Guilherme Caetano\"><\/a><div class=\"authorBox__name\"><span>por\n\t\t\t<a href=\"https:\/\/www.suno.com.br\/noticias\/author\/guilherme-caetano\/\"><span itemprop=\"author\">Guilherme Caetano<\/span><\/a><\/span><time datetime=\"2019-03-28T16:54:25-03:00\" itemprop=\"datePublished\">28\/03\/2019 16:54<\/time><\/div><\/div><\/div><\/div><\/div>","single_layout":"posts","amp_enabled":true,"_links":{"self":[{"href":"https:\/\/www.suno.com.br\/noticias\/wp-json\/wp\/v2\/posts\/19371"}],"collection":[{"href":"https:\/\/www.suno.com.br\/noticias\/wp-json\/wp\/v2\/posts"}],"about":[{"href":"https:\/\/www.suno.com.br\/noticias\/wp-json\/wp\/v2\/types\/post"}],"author":[{"embeddable":true,"href":"https:\/\/www.suno.com.br\/noticias\/wp-json\/wp\/v2\/users\/13"}],"replies":[{"embeddable":true,"href":"https:\/\/www.suno.com.br\/noticias\/wp-json\/wp\/v2\/comments?post=19371"}],"version-history":[{"count":1,"href":"https:\/\/www.suno.com.br\/noticias\/wp-json\/wp\/v2\/posts\/19371\/revisions"}],"predecessor-version":[{"id":159605,"href":"https:\/\/www.suno.com.br\/noticias\/wp-json\/wp\/v2\/posts\/19371\/revisions\/159605"}],"wp:featuredmedia":[{"embeddable":true,"href":"https:\/\/www.suno.com.br\/noticias\/wp-json\/wp\/v2\/media\/6042"}],"wp:attachment":[{"href":"https:\/\/www.suno.com.br\/noticias\/wp-json\/wp\/v2\/media?parent=19371"}],"wp:term":[{"taxonomy":"category","embeddable":true,"href":"https:\/\/www.suno.com.br\/noticias\/wp-json\/wp\/v2\/categories?post=19371"},{"taxonomy":"post_tag","embeddable":true,"href":"https:\/\/www.suno.com.br\/noticias\/wp-json\/wp\/v2\/tags?post=19371"},{"taxonomy":"suno_strategy","embeddable":true,"href":"https:\/\/www.suno.com.br\/noticias\/wp-json\/wp\/v2\/suno_strategy?post=19371"}],"curies":[{"name":"wp","href":"https:\/\/api.w.org\/{rel}","templated":true}]}}