{"id":193561,"date":"2021-10-14T20:16:00","date_gmt":"2021-10-14T23:16:00","guid":{"rendered":"https:\/\/www.suno.com.br\/noticias\/?p=193561"},"modified":"2021-10-14T20:16:00","modified_gmt":"2021-10-14T23:16:00","slug":"cosan-csan3-compra-radar-aprovada-cade","status":"publish","type":"post","link":"https:\/\/www.suno.com.br\/noticias\/cosan-csan3-compra-radar-aprovada-cade\/","title":{"rendered":"Cosan (CSAN3): compra de participa\u00e7\u00e3o adicional na Radar \u00e9 aprovada pelo Cade"},"content":{"rendered":"<p>Em nova decis\u00e3o, a Superintend\u00eancia-Geral do <a class=\"suno-keyword\" href=\"https:\/\/www.suno.com.br\/artigos\/cade\/\" target=\"_blank\" rel=\"noopener\" data-force=\"no\" data-priority=\"2\">Conselho Administrativo de Defesa Econ\u00f4mica (Cade)<\/a> aprovou a compra da participa\u00e7\u00e3o adicional da <a href=\"https:\/\/www.suno.com.br\/acoes\/CSAN3\/\"><strong>Cosan<\/strong> (CSAN3)<\/a> na Radar &#8211; gestora de propriedades agr\u00edcolas.<\/p>\t<div class=\"wrapper-featured-image\">\n\t\t<figure class=\"spotlightImg\">\n\n\t\t\t<picture>\n\t\t\t\t<source media=\"(max-width: 768px)\" srcset=\"https:\/\/files.sunoresearch.com.br\/n\/uploads\/2021\/05\/00f4e48c-1292900_544693992252750_274590456_o-400x200.webp\">\n\t\t\t\t<img loading=\"lazy\" decoding=\"async\" class=\"newsContent__article__imgCapa lazyloadDisabled \" src=\"https:\/\/files.sunoresearch.com.br\/n\/uploads\/2021\/05\/00f4e48c-1292900_544693992252750_274590456_o-800x450.webp\" width=\"800\" height=\"450\" alt=\"Cosan (CSAN3): compra de participa\u00e7\u00e3o adicional na Radar \u00e9 aprovada pelo Cade\" fetchpriority=high \/>\n\t\t\t<\/picture>\n\n\t\t\t<figcaption class=\"wp-caption-text wp-caption-text--show\">Cosan. Foto: Reprodu\u00e7\u00e3o\/Facebook<\/figcaption>\n\t\t<\/figure>\n\t<\/div>\n\n\n\t<p>\n\t\t<a href=\"https:\/\/lp.suno.com.br\/planilha-controle-gastos\/\" target=\"_blank\" data-element=\"shortcode-suno-banner\" title=\"Banner SUNO, clique e saiba mais\">\n\t\t\t<picture>\n\t\t\t\t<source media=\"(max-width: 500px)\" srcset=\"https:\/\/files.sunoresearch.com.br\/n\/uploads\/2023\/03\/400x300-Planilha-controle-de-gastos.png\">\n\t\t\t\t<img class=\"newsContent__article__imgCapa newsContent__article__imgCapa--banner\"\n\t\t\t\t\tsrc=\"https:\/\/files.sunoresearch.com.br\/n\/uploads\/2023\/03\/1420x240-Planilha-controle-de-gastos.png\"\n\t\t\t\t\tdata-promo-id=\"101751\"\t\t\t\t\t\t\t\t\t\twidth='1420' height='240'\t\t\t\t\talt=\"https:\/\/files.sunoresearch.com.br\/n\/uploads\/2023\/03\/1420x240-Planilha-controle-de-gastos.png\"\n\t\t\t\t>\n\t\t\t<\/picture>\n\t\t<\/a>\n\t<\/p>\n\n\n<p>A decis\u00e3o do <strong>Cade<\/strong> sobre a <strong>compra da Cosan<\/strong> se deu sem restri\u00e7\u00f5es. A Radar atualmente \u00e9 detida pela\u00a0Mansilla, <a href=\"https:\/\/www.suno.com.br\/artigos\/o-que-e-uma-holding\/\"><em>holding<\/em><\/a> pertencente a um grupo de empresas controladas pelo Teachers Insurance and Annuity Association of America (TIAA).<\/p>\n<p>A decis\u00e3o do Cade consta de despacho publicado no Di\u00e1rio Oficial da Uni\u00e3o (DOU).<\/p>\n\t<div data-element=\"shortcode-read-more\" class=\"knowMore\">\n\t\t\t\t<span class=\"knowMore__title\">Leia mais<\/span>\n\t\t\t\t<a class=\"knowMore__link\" href=\"https:\/\/www.suno.com.br\/noticias\/vale-vale3-cosan-csan3-e-embraer-embr3-sao-destaques\/\">\n\t\t\tVale (VALE3), Cosan (CSAN3) e Embraer (EMBR3) s\u00e3o destaques\t\t<\/a>\n\t<\/div>\n\n\n<p>O neg\u00f3cio contempla ainda a aquisi\u00e7\u00e3o, pela Cosan, de a\u00e7\u00f5es em sete Sociedades de Prop\u00f3sito Espec\u00edfico da Mansilla: Nova Agr\u00edcola, Nova Amaralina, Santa B\u00e1rbara, Ponte Alta, Castanheira, Manac\u00e1 e Paineira.<\/p>\n<p>Em comunicado ao mercado feito em setembro, a Cosan informou que o contrato prev\u00ea a compra de cerca de 47% de participa\u00e7\u00e3o da empresa Radar por R$ 1,479 bilh\u00e3o.<\/p>\n<p>Com o fechamento do neg\u00f3cio, a Cosan passar\u00e1 a deter mais de 50% do total do <a class=\"suno-keyword\" href=\"https:\/\/www.suno.com.br\/artigos\/capital-social\/\" target=\"_blank\" rel=\"noopener\" data-force=\"no\" data-priority=\"2\">capital social<\/a> da Radar, que, segundo o <a class=\"suno-keyword\" href=\"https:\/\/www.suno.com.br\/artigos\/fato-relevante\/\" target=\"_blank\" rel=\"noopener\" data-force=\"no\" data-priority=\"1\">fato relevante<\/a>, possui ativos com alto potencial produtivo no Brasil.<\/p>\n\t<p>\n\t\t<a href=\"https:\/\/lp.suno.com.br\/planilha-da-vida-financeira\/\" target=\"_blank\" data-element=\"shortcode-suno-banner\" title=\"Banner SUNO, clique e saiba mais\">\n\t\t\t<picture>\n\t\t\t\t<source media=\"(max-width: 500px)\" srcset=\"https:\/\/files.sunoresearch.com.br\/n\/uploads\/2023\/04\/400x300-Planilha-vida-financeira-true.png\">\n\t\t\t\t<img class=\"newsContent__article__imgCapa newsContent__article__imgCapa--banner\"\n\t\t\t\t\tsrc=\"https:\/\/files.sunoresearch.com.br\/n\/uploads\/2023\/04\/1420x240-Planilha-vida-financeira-true.png\"\n\t\t\t\t\tdata-promo-id=\"106682\"\t\t\t\t\t\t\t\t\t\twidth='1420' height='240'\t\t\t\t\talt=\"https:\/\/files.sunoresearch.com.br\/n\/uploads\/2023\/04\/1420x240-Planilha-vida-financeira-true.png\"\n\t\t\t\t>\n\t\t\t<\/picture>\n\t\t<\/a>\n\t<\/p>\n\n\n<p>&#8220;Por meio de um sistema de geomonitoramento via sat\u00e9lite, det\u00e9m e administra cerca de 390 propriedades rurais com um total de 96 mil hectares, dedicados ao cultivo de cana-de-a\u00e7\u00facar, soja, algod\u00e3o, milho e outros nos Estados de S\u00e3o Paulo, Maranh\u00e3o, e Mato Grosso&#8221;, disse a Cosan sobre a Radar no documento arquivado na <a href=\"https:\/\/www.suno.com.br\/artigos\/cvm\/\">Comiss\u00e3o de Valores Mobili\u00e1rios (CVM)<\/a>.<\/p>\n<p>De acordo com a empresa, o movimento est\u00e1 alinhado \u00e0 estrat\u00e9gia de aloca\u00e7\u00e3o de capital da Cosan, refor\u00e7ando o compromisso da companhia com o desenvolvimento do agroneg\u00f3cio brasileiro e com a cria\u00e7\u00e3o de valor para seus <i>stakeholders<\/i>.<\/p>\n\t<p>\n\t\t<a href=\"https:\/\/lp.suno.com.br\/ebook-como-analisar-uma-acao\/\" target=\"_blank\" data-element=\"shortcode-suno-banner\" title=\"Banner SUNO, clique e saiba mais\">\n\t\t\t<picture>\n\t\t\t\t<source media=\"(max-width: 500px)\" srcset=\"https:\/\/files.sunoresearch.com.br\/n\/uploads\/2023\/03\/Ebook-Acoes-Mobile-1.jpg\">\n\t\t\t\t<img class=\"newsContent__article__imgCapa newsContent__article__imgCapa--banner\"\n\t\t\t\t\tsrc=\"https:\/\/files.sunoresearch.com.br\/n\/uploads\/2023\/03\/Ebook-Acoes-Desktop-1.jpg\"\n\t\t\t\t\tdata-promo-id=\"171998\"\t\t\t\t\t\t\t\t\t\twidth='1420' height='286'\t\t\t\t\talt=\"https:\/\/files.sunoresearch.com.br\/n\/uploads\/2023\/03\/Ebook-Acoes-Desktop-1.jpg\"\n\t\t\t\t>\n\t\t\t<\/picture>\n\t\t<\/a>\n\t<\/p>\n\n\n<h2>Entenda a compra da Cosan<\/h2>\n<p>No fim de setembro a Cosan anunciou a compra de 47% da participa\u00e7\u00e3o adicional j\u00e1 detida pela companhia no Grupo Radar.<\/p>\n<p>\u201cA companhia dever\u00e1 fazer a aquisi\u00e7\u00e3o por meio da estrutura de Fundo de Investimentos anunciada em\u00a0<strong><a class=\"suno-keyword\" href=\"https:\/\/www.suno.com.br\/artigos\/fato-relevante\/\" target=\"_blank\" rel=\"noopener\" data-force=\"no\" data-priority=\"1\">fato relevante<\/a><\/strong> em 23 de agosto de 2021\u2033, disse a empresa em nota ao mercado.<\/p>\n\t<p>\n\t\t<a href=\"https:\/\/lp.suno.com.br\/planilha-de-controle-de-investimentos\/\" target=\"_blank\" data-element=\"shortcode-suno-banner\" title=\"Banner SUNO, clique e saiba mais\">\n\t\t\t<picture>\n\t\t\t\t<source media=\"(max-width: 500px)\" srcset=\"https:\/\/files.sunoresearch.com.br\/n\/uploads\/2023\/03\/400x300-Controle-de-Investimentos.png\">\n\t\t\t\t<img class=\"newsContent__article__imgCapa newsContent__article__imgCapa--banner\"\n\t\t\t\t\tsrc=\"https:\/\/files.sunoresearch.com.br\/n\/uploads\/2023\/03\/1420x240-Controle-de-Investimentos.png\"\n\t\t\t\t\tdata-promo-id=\"75934\"\t\t\t\t\t\t\t\t\t\twidth='1420' height='240'\t\t\t\t\talt=\"https:\/\/files.sunoresearch.com.br\/n\/uploads\/2023\/03\/1420x240-Controle-de-Investimentos.png\"\n\t\t\t\t>\n\t\t\t<\/picture>\n\t\t<\/a>\n\t<\/p>\n\n\n<p>A Radar \u00e9 uma gestora de propriedades agr\u00edcolas, com capacidade para investir em ativos com alto potencial produtivo no Brasil.<\/p>\n<p>\u201cEste movimento est\u00e1 alinhado \u00e0 estrat\u00e9gia de aloca\u00e7\u00e3o de capital da Cosan, refor\u00e7ando o compromisso da companhia com o desenvolvimento do agroneg\u00f3cio brasileiro e com a cria\u00e7\u00e3o de valor para seus stakeholders. O fechamento definitivo da opera\u00e7\u00e3o est\u00e1 condicionado \u00e0 aprova\u00e7\u00e3o do Conselho Administrativo de Defesa Econ\u00f4mico, Cade\u201d, frisou a Cosan, \u00e0 \u00e9poca.<\/p>\n<h2>Cota\u00e7\u00e3o de CSAN3<\/h2>\n<p>As <strong>a\u00e7\u00f5es da Cosan<\/strong> encontram-se cotadas a R$ 23,38, com queda de 0,6% no preg\u00e3o desta quinta-feira (14).<\/p>\n<p>A <strong>Cosan<\/strong>, desde o dia 20 de setembro, quando foi anunciada a compra, teve uma alta de 1,52% nos seus pap\u00e9is. Desde o in\u00edcio do ano as <a href=\"https:\/\/www.suno.com.br\/artigos\/acoes-ordinarias\">a\u00e7\u00f5es ordin\u00e1rias<\/a> da companhia j\u00e1 subiram 18%.<\/p>\n<p><em>Com informa\u00e7\u00f5es do Estad\u00e3o Conte\u00fado<\/em><\/p>\n\t<p>\n\t\t<a href=\"\" target=\"_blank\" data-element=\"shortcode-suno-banner\" title=\"Banner SUNO, clique e saiba mais\">\n\t\t\t<picture>\n\t\t\t\t<source media=\"(max-width: 500px)\" srcset=\"\">\n\t\t\t\t<img class=\"newsContent__article__imgCapa newsContent__article__imgCapa--banner\"\n\t\t\t\t\tsrc=\"\"\n\t\t\t\t\tdata-promo-id=\"184190\"\t\t\t\t\t\t\t\t\t\t\t\t\t\t\talt=\"\"\n\t\t\t\t>\n\t\t\t<\/picture>\n\t\t<\/a>\n\t<\/p>\n\n\n","protected":false},"excerpt":{"rendered":"<p>Em nova decis\u00e3o, a Superintend\u00eancia-Geral do Conselho Administrativo de Defesa Econ\u00f4mica (Cade) aprovou a compra da participa\u00e7\u00e3o adicional da Cosan (CSAN3) na Radar &#8211; gestora de propriedades agr\u00edcolas. Cosan. Foto: Reprodu\u00e7\u00e3o\/Facebook A decis\u00e3o do Cade sobre a compra da Cosan se deu sem restri\u00e7\u00f5es. A Radar atualmente \u00e9 detida pela\u00a0Mansilla, holding pertencente a um grupo [&hellip;]<\/p>\n","protected":false},"author":73,"featured_media":152844,"comment_status":"closed","ping_status":"closed","sticky":false,"template":"","format":"standard","meta":[],"categories":[64],"tags":[106444,851,433],"suno_strategy":[],"class_list":["post-193561","post","type-post","status-publish","format-standard","has-post-thumbnail","hentry","category-negocios","tag-agencias","tag-cade","tag-cosan-csan3"],"yoast_head":"<!-- This site is optimized with the Yoast SEO plugin v24.4 - https:\/\/yoast.com\/wordpress\/plugins\/seo\/ -->\n<title>Cosan (CSAN3) tem compra da Radar aprovada pelo Cade<\/title>\n<meta name=\"description\" content=\"Compra foi anunciada pela Cosan no fim de setembro, sendo uma transa\u00e7\u00e3o de R$ 1,479 bilh\u00e3o. Clique aqui e leia mais.\" \/>\n<meta name=\"robots\" content=\"index, follow, max-snippet:-1, max-image-preview:large, max-video-preview:-1\" \/>\n<link rel=\"canonical\" href=\"https:\/\/www.suno.com.br\/noticias\/cosan-csan3-compra-radar-aprovada-cade\/\" \/>\n<meta property=\"og:locale\" content=\"pt_BR\" \/>\n<meta property=\"og:type\" content=\"article\" \/>\n<meta property=\"og:title\" content=\"Cosan (CSAN3) tem compra da Radar aprovada pelo Cade\" \/>\n<meta property=\"og:description\" content=\"Compra foi anunciada pela Cosan no fim de setembro, sendo uma transa\u00e7\u00e3o de R$ 1,479 bilh\u00e3o. Clique aqui e leia mais.\" \/>\n<meta property=\"og:url\" content=\"https:\/\/www.suno.com.br\/noticias\/cosan-csan3-compra-radar-aprovada-cade\/\" \/>\n<meta property=\"og:site_name\" content=\"Suno Not\u00edcias\" \/>\n<meta property=\"article:publisher\" content=\"https:\/\/facebook.com\/sunoresearch\" \/>\n<meta property=\"og:image\" content=\"https:\/\/files.sunoresearch.com.br\/n\/uploads\/2021\/05\/00f4e48c-1292900_544693992252750_274590456_o.jpg\" \/>\n\t<meta property=\"og:image:width\" content=\"2048\" \/>\n\t<meta property=\"og:image:height\" content=\"1366\" \/>\n\t<meta property=\"og:image:type\" content=\"image\/jpeg\" \/>\n<meta name=\"author\" content=\"Eduardo Vargas\" \/>\n<meta name=\"twitter:card\" content=\"summary_large_image\" \/>\n<meta name=\"twitter:creator\" content=\"@sunoresearch\" \/>\n<meta name=\"twitter:site\" content=\"@sunoresearch\" \/>\n<meta name=\"twitter:label1\" content=\"Escrito por\" \/>\n\t<meta name=\"twitter:data1\" content=\"Eduardo Vargas\" \/>\n\t<meta name=\"twitter:label2\" content=\"Est. tempo de leitura\" \/>\n\t<meta name=\"twitter:data2\" content=\"3 minutos\" \/>\n<script type=\"application\/ld+json\" class=\"yoast-schema-graph\">{\"@context\":\"https:\/\/schema.org\",\"@graph\":[{\"@type\":\"NewsArticle\",\"@id\":\"https:\/\/www.suno.com.br\/noticias\/cosan-csan3-compra-radar-aprovada-cade\/#article\",\"isPartOf\":{\"@id\":\"https:\/\/www.suno.com.br\/noticias\/cosan-csan3-compra-radar-aprovada-cade\/\"},\"author\":{\"name\":\"Eduardo Vargas\",\"@id\":\"https:\/\/www.suno.com.br\/noticias\/#\/schema\/person\/7f4d362bf3518e76090143ae77bb49a5\"},\"headline\":\"Cosan (CSAN3): compra de participa\u00e7\u00e3o adicional na Radar \u00e9 aprovada pelo Cade\",\"datePublished\":\"2021-10-14T23:16:00+00:00\",\"mainEntityOfPage\":{\"@id\":\"https:\/\/www.suno.com.br\/noticias\/cosan-csan3-compra-radar-aprovada-cade\/\"},\"wordCount\":524,\"publisher\":{\"@id\":\"https:\/\/www.suno.com.br\/noticias\/#organization\"},\"image\":{\"@id\":\"https:\/\/www.suno.com.br\/noticias\/cosan-csan3-compra-radar-aprovada-cade\/#primaryimage\"},\"thumbnailUrl\":\"https:\/\/files.sunoresearch.com.br\/n\/uploads\/2021\/05\/00f4e48c-1292900_544693992252750_274590456_o-jpg.webp\",\"keywords\":[\"Ag\u00eancias\",\"CADE\",\"Cosan (CSAN3)\"],\"articleSection\":[\"Neg\u00f3cios\"],\"inLanguage\":\"pt-BR\"},{\"@type\":\"WebPage\",\"@id\":\"https:\/\/www.suno.com.br\/noticias\/cosan-csan3-compra-radar-aprovada-cade\/\",\"url\":\"https:\/\/www.suno.com.br\/noticias\/cosan-csan3-compra-radar-aprovada-cade\/\",\"name\":\"Cosan (CSAN3) tem compra da Radar aprovada pelo Cade\",\"isPartOf\":{\"@id\":\"https:\/\/www.suno.com.br\/noticias\/#website\"},\"primaryImageOfPage\":{\"@id\":\"https:\/\/www.suno.com.br\/noticias\/cosan-csan3-compra-radar-aprovada-cade\/#primaryimage\"},\"image\":{\"@id\":\"https:\/\/www.suno.com.br\/noticias\/cosan-csan3-compra-radar-aprovada-cade\/#primaryimage\"},\"thumbnailUrl\":\"https:\/\/files.sunoresearch.com.br\/n\/uploads\/2021\/05\/00f4e48c-1292900_544693992252750_274590456_o-jpg.webp\",\"datePublished\":\"2021-10-14T23:16:00+00:00\",\"description\":\"Compra foi anunciada pela Cosan no fim de setembro, sendo uma transa\u00e7\u00e3o de R$ 1,479 bilh\u00e3o. Clique aqui e leia mais.\",\"breadcrumb\":{\"@id\":\"https:\/\/www.suno.com.br\/noticias\/cosan-csan3-compra-radar-aprovada-cade\/#breadcrumb\"},\"inLanguage\":\"pt-BR\",\"potentialAction\":[{\"@type\":\"ReadAction\",\"target\":[\"https:\/\/www.suno.com.br\/noticias\/cosan-csan3-compra-radar-aprovada-cade\/\"]}]},{\"@type\":\"ImageObject\",\"inLanguage\":\"pt-BR\",\"@id\":\"https:\/\/www.suno.com.br\/noticias\/cosan-csan3-compra-radar-aprovada-cade\/#primaryimage\",\"url\":\"https:\/\/files.sunoresearch.com.br\/n\/uploads\/2021\/05\/00f4e48c-1292900_544693992252750_274590456_o-jpg.webp\",\"contentUrl\":\"https:\/\/files.sunoresearch.com.br\/n\/uploads\/2021\/05\/00f4e48c-1292900_544693992252750_274590456_o-jpg.webp\",\"width\":2048,\"height\":1366,\"caption\":\"Cosan. Foto: Reprodu\u00e7\u00e3o\/Facebook\"},{\"@type\":\"BreadcrumbList\",\"@id\":\"https:\/\/www.suno.com.br\/noticias\/cosan-csan3-compra-radar-aprovada-cade\/#breadcrumb\",\"itemListElement\":[{\"@type\":\"ListItem\",\"position\":1,\"name\":\"Not\u00edcias\",\"item\":\"https:\/\/www.suno.com.br\/noticias\/\"},{\"@type\":\"ListItem\",\"position\":2,\"name\":\"Neg\u00f3cios\",\"item\":\"https:\/\/www.suno.com.br\/noticias\/negocios\/\"},{\"@type\":\"ListItem\",\"position\":3,\"name\":\"Cosan (CSAN3): compra de participa\u00e7\u00e3o adicional na Radar \u00e9 aprovada pelo Cade\"}]},{\"@type\":\"WebSite\",\"@id\":\"https:\/\/www.suno.com.br\/noticias\/#website\",\"url\":\"https:\/\/www.suno.com.br\/noticias\/\",\"name\":\"Suno Not\u00edcias\",\"description\":\"Seu portal de informa\u00e7\u00e3o sobre o mundo dos investimentos\",\"publisher\":{\"@id\":\"https:\/\/www.suno.com.br\/noticias\/#organization\"},\"potentialAction\":[{\"@type\":\"SearchAction\",\"target\":{\"@type\":\"EntryPoint\",\"urlTemplate\":\"https:\/\/www.suno.com.br\/noticias\/?s={search_term_string}\"},\"query-input\":{\"@type\":\"PropertyValueSpecification\",\"valueRequired\":true,\"valueName\":\"search_term_string\"}}],\"inLanguage\":\"pt-BR\"},{\"@type\":\"Organization\",\"@id\":\"https:\/\/www.suno.com.br\/noticias\/#organization\",\"name\":\"Suno Not\u00edcias\",\"url\":\"https:\/\/www.suno.com.br\/noticias\/\",\"logo\":{\"@type\":\"ImageObject\",\"inLanguage\":\"pt-BR\",\"@id\":\"https:\/\/www.suno.com.br\/noticias\/#\/schema\/logo\/image\/\",\"url\":\"https:\/\/files.sunoresearch.com.br\/n\/uploads\/2021\/09\/suno-logo.png\",\"contentUrl\":\"https:\/\/files.sunoresearch.com.br\/n\/uploads\/2021\/09\/suno-logo.png\",\"width\":180,\"height\":180,\"caption\":\"Suno Not\u00edcias\"},\"image\":{\"@id\":\"https:\/\/www.suno.com.br\/noticias\/#\/schema\/logo\/image\/\"},\"sameAs\":[\"https:\/\/facebook.com\/sunoresearch\",\"https:\/\/x.com\/sunoresearch\",\"https:\/\/www.instagram.com\/suno\",\"https:\/\/www.linkedin.com\/company\/suno-research\/\",\"https:\/\/www.youtube.com\/c\/sunoresearch\"]},{\"@type\":\"Person\",\"@id\":\"https:\/\/www.suno.com.br\/noticias\/#\/schema\/person\/7f4d362bf3518e76090143ae77bb49a5\",\"name\":\"Eduardo Vargas\",\"image\":{\"@type\":\"ImageObject\",\"inLanguage\":\"pt-BR\",\"@id\":\"https:\/\/www.suno.com.br\/noticias\/#\/schema\/person\/image\/\",\"url\":\"https:\/\/secure.gravatar.com\/avatar\/dac340933427a22924c9f99d1eb2e3f2?s=96&r=g\",\"contentUrl\":\"https:\/\/secure.gravatar.com\/avatar\/dac340933427a22924c9f99d1eb2e3f2?s=96&r=g\",\"caption\":\"Eduardo Vargas\"},\"description\":\"Jornalista formado pela UFSC, cobre macroeconomia, neg\u00f3cios e startups para o Suno Not\u00edcias, escrevendo principalmente not\u00edcias sobre o mercado financeiro e a bolsa de valores. No YouTube e no Instagram, \u00e9 respons\u00e1vel pela produ\u00e7\u00e3o de Reels e Shorts do Suno Not\u00edcias. Anteriormente, trabalhou cobrindo economia e cotidiano no ND+ e para o ND, maior jornal impresso de Santa Catarina. Cursou um semestre letivo de Estudos de M\u00eddia na Universidad de Buenos Aires.\",\"url\":\"https:\/\/www.suno.com.br\/noticias\/author\/eduardo-vargas\/\"}]}<\/script>\n<!-- \/ Yoast SEO plugin. -->","yoast_head_json":{"title":"Cosan (CSAN3) tem compra da Radar aprovada pelo Cade","description":"Compra foi anunciada pela Cosan no fim de setembro, sendo uma transa\u00e7\u00e3o de R$ 1,479 bilh\u00e3o. Clique aqui e leia mais.","robots":{"index":"index","follow":"follow","max-snippet":"max-snippet:-1","max-image-preview":"max-image-preview:large","max-video-preview":"max-video-preview:-1"},"canonical":"https:\/\/www.suno.com.br\/noticias\/cosan-csan3-compra-radar-aprovada-cade\/","og_locale":"pt_BR","og_type":"article","og_title":"Cosan (CSAN3) tem compra da Radar aprovada pelo Cade","og_description":"Compra foi anunciada pela Cosan no fim de setembro, sendo uma transa\u00e7\u00e3o de R$ 1,479 bilh\u00e3o. Clique aqui e leia mais.","og_url":"https:\/\/www.suno.com.br\/noticias\/cosan-csan3-compra-radar-aprovada-cade\/","og_site_name":"Suno Not\u00edcias","article_publisher":"https:\/\/facebook.com\/sunoresearch","og_image":[{"width":2048,"height":1366,"url":"https:\/\/files.sunoresearch.com.br\/n\/uploads\/2021\/05\/00f4e48c-1292900_544693992252750_274590456_o.jpg","type":"image\/jpeg"}],"author":"Eduardo Vargas","twitter_card":"summary_large_image","twitter_creator":"@sunoresearch","twitter_site":"@sunoresearch","twitter_misc":{"Escrito por":"Eduardo Vargas","Est. tempo de leitura":"3 minutos"},"schema":{"@context":"https:\/\/schema.org","@graph":[{"@type":"NewsArticle","@id":"https:\/\/www.suno.com.br\/noticias\/cosan-csan3-compra-radar-aprovada-cade\/#article","isPartOf":{"@id":"https:\/\/www.suno.com.br\/noticias\/cosan-csan3-compra-radar-aprovada-cade\/"},"author":{"name":"Eduardo Vargas","@id":"https:\/\/www.suno.com.br\/noticias\/#\/schema\/person\/7f4d362bf3518e76090143ae77bb49a5"},"headline":"Cosan (CSAN3): compra de participa\u00e7\u00e3o adicional na Radar \u00e9 aprovada pelo Cade","datePublished":"2021-10-14T23:16:00+00:00","mainEntityOfPage":{"@id":"https:\/\/www.suno.com.br\/noticias\/cosan-csan3-compra-radar-aprovada-cade\/"},"wordCount":524,"publisher":{"@id":"https:\/\/www.suno.com.br\/noticias\/#organization"},"image":{"@id":"https:\/\/www.suno.com.br\/noticias\/cosan-csan3-compra-radar-aprovada-cade\/#primaryimage"},"thumbnailUrl":"https:\/\/files.sunoresearch.com.br\/n\/uploads\/2021\/05\/00f4e48c-1292900_544693992252750_274590456_o-jpg.webp","keywords":["Ag\u00eancias","CADE","Cosan (CSAN3)"],"articleSection":["Neg\u00f3cios"],"inLanguage":"pt-BR"},{"@type":"WebPage","@id":"https:\/\/www.suno.com.br\/noticias\/cosan-csan3-compra-radar-aprovada-cade\/","url":"https:\/\/www.suno.com.br\/noticias\/cosan-csan3-compra-radar-aprovada-cade\/","name":"Cosan (CSAN3) tem compra da Radar aprovada pelo Cade","isPartOf":{"@id":"https:\/\/www.suno.com.br\/noticias\/#website"},"primaryImageOfPage":{"@id":"https:\/\/www.suno.com.br\/noticias\/cosan-csan3-compra-radar-aprovada-cade\/#primaryimage"},"image":{"@id":"https:\/\/www.suno.com.br\/noticias\/cosan-csan3-compra-radar-aprovada-cade\/#primaryimage"},"thumbnailUrl":"https:\/\/files.sunoresearch.com.br\/n\/uploads\/2021\/05\/00f4e48c-1292900_544693992252750_274590456_o-jpg.webp","datePublished":"2021-10-14T23:16:00+00:00","description":"Compra foi anunciada pela Cosan no fim de setembro, sendo uma transa\u00e7\u00e3o de R$ 1,479 bilh\u00e3o. Clique aqui e leia mais.","breadcrumb":{"@id":"https:\/\/www.suno.com.br\/noticias\/cosan-csan3-compra-radar-aprovada-cade\/#breadcrumb"},"inLanguage":"pt-BR","potentialAction":[{"@type":"ReadAction","target":["https:\/\/www.suno.com.br\/noticias\/cosan-csan3-compra-radar-aprovada-cade\/"]}]},{"@type":"ImageObject","inLanguage":"pt-BR","@id":"https:\/\/www.suno.com.br\/noticias\/cosan-csan3-compra-radar-aprovada-cade\/#primaryimage","url":"https:\/\/files.sunoresearch.com.br\/n\/uploads\/2021\/05\/00f4e48c-1292900_544693992252750_274590456_o-jpg.webp","contentUrl":"https:\/\/files.sunoresearch.com.br\/n\/uploads\/2021\/05\/00f4e48c-1292900_544693992252750_274590456_o-jpg.webp","width":2048,"height":1366,"caption":"Cosan. Foto: Reprodu\u00e7\u00e3o\/Facebook"},{"@type":"BreadcrumbList","@id":"https:\/\/www.suno.com.br\/noticias\/cosan-csan3-compra-radar-aprovada-cade\/#breadcrumb","itemListElement":[{"@type":"ListItem","position":1,"name":"Not\u00edcias","item":"https:\/\/www.suno.com.br\/noticias\/"},{"@type":"ListItem","position":2,"name":"Neg\u00f3cios","item":"https:\/\/www.suno.com.br\/noticias\/negocios\/"},{"@type":"ListItem","position":3,"name":"Cosan (CSAN3): compra de participa\u00e7\u00e3o adicional na Radar \u00e9 aprovada pelo Cade"}]},{"@type":"WebSite","@id":"https:\/\/www.suno.com.br\/noticias\/#website","url":"https:\/\/www.suno.com.br\/noticias\/","name":"Suno Not\u00edcias","description":"Seu portal de informa\u00e7\u00e3o sobre o mundo dos investimentos","publisher":{"@id":"https:\/\/www.suno.com.br\/noticias\/#organization"},"potentialAction":[{"@type":"SearchAction","target":{"@type":"EntryPoint","urlTemplate":"https:\/\/www.suno.com.br\/noticias\/?s={search_term_string}"},"query-input":{"@type":"PropertyValueSpecification","valueRequired":true,"valueName":"search_term_string"}}],"inLanguage":"pt-BR"},{"@type":"Organization","@id":"https:\/\/www.suno.com.br\/noticias\/#organization","name":"Suno Not\u00edcias","url":"https:\/\/www.suno.com.br\/noticias\/","logo":{"@type":"ImageObject","inLanguage":"pt-BR","@id":"https:\/\/www.suno.com.br\/noticias\/#\/schema\/logo\/image\/","url":"https:\/\/files.sunoresearch.com.br\/n\/uploads\/2021\/09\/suno-logo.png","contentUrl":"https:\/\/files.sunoresearch.com.br\/n\/uploads\/2021\/09\/suno-logo.png","width":180,"height":180,"caption":"Suno Not\u00edcias"},"image":{"@id":"https:\/\/www.suno.com.br\/noticias\/#\/schema\/logo\/image\/"},"sameAs":["https:\/\/facebook.com\/sunoresearch","https:\/\/x.com\/sunoresearch","https:\/\/www.instagram.com\/suno","https:\/\/www.linkedin.com\/company\/suno-research\/","https:\/\/www.youtube.com\/c\/sunoresearch"]},{"@type":"Person","@id":"https:\/\/www.suno.com.br\/noticias\/#\/schema\/person\/7f4d362bf3518e76090143ae77bb49a5","name":"Eduardo Vargas","image":{"@type":"ImageObject","inLanguage":"pt-BR","@id":"https:\/\/www.suno.com.br\/noticias\/#\/schema\/person\/image\/","url":"https:\/\/secure.gravatar.com\/avatar\/dac340933427a22924c9f99d1eb2e3f2?s=96&r=g","contentUrl":"https:\/\/secure.gravatar.com\/avatar\/dac340933427a22924c9f99d1eb2e3f2?s=96&r=g","caption":"Eduardo Vargas"},"description":"Jornalista formado pela UFSC, cobre macroeconomia, neg\u00f3cios e startups para o Suno Not\u00edcias, escrevendo principalmente not\u00edcias sobre o mercado financeiro e a bolsa de valores. No YouTube e no Instagram, \u00e9 respons\u00e1vel pela produ\u00e7\u00e3o de Reels e Shorts do Suno Not\u00edcias. Anteriormente, trabalhou cobrindo economia e cotidiano no ND+ e para o ND, maior jornal impresso de Santa Catarina. Cursou um semestre letivo de Estudos de M\u00eddia na Universidad de Buenos Aires.","url":"https:\/\/www.suno.com.br\/noticias\/author\/eduardo-vargas\/"}]}},"default_loop_html":"<div class=\"cardsPage__listCard__boxs\"><div class=\"cardsPage__listCard__boxs__img\"><a href=\"https:\/\/www.suno.com.br\/noticias\/cosan-csan3-compra-radar-aprovada-cade\/\"><img class=\"mask\" src=\"https:\/\/www.suno.com.br\/noticias\/wp-content\/themes\/suno\/resources\/images\/spotlight\/spotlight1img\/bg-mask.png\" alt=\"Image Mask\"\/><img src=\"https:\/\/files.sunoresearch.com.br\/n\/uploads\/2021\/05\/00f4e48c-1292900_544693992252750_274590456_o-400x200.webp\" alt=\"Cosan (CSAN3): compra de participa\u00e7\u00e3o adicional na Radar \u00e9 aprovada pelo Cade\"\/><\/a><span class=\"spotlightCategory\"><a href=\"https:\/\/www.suno.com.br\/noticias\/negocios\/\">Neg\u00f3cios<\/a><\/span><\/div><div class=\"cardsPage__listCard__boxs__content\"><a href=\"https:\/\/www.suno.com.br\/noticias\/cosan-csan3-compra-radar-aprovada-cade\/\"><h2 class=\"content__title\">Cosan (CSAN3): compra de participa\u00e7\u00e3o adicional na Radar \u00e9 aprovada pelo Cade<\/h2><\/a><div class=\"newsContent__article__meta\"><div class=\"newsContent__article__meta__authorBox\"><a href=\"https:\/\/www.suno.com.br\/noticias\/author\/eduardo-vargas\/\" class=\"authorBox__avatar noMobi\"><img src=\"https:\/\/secure.gravatar.com\/avatar\/dac340933427a22924c9f99d1eb2e3f2?s=96&#038;r=g\" alt=\"Eduardo Vargas\"><\/a><div class=\"authorBox__name\"><span>por\n\t\t\t<a href=\"https:\/\/www.suno.com.br\/noticias\/author\/eduardo-vargas\/\"><span itemprop=\"author\">Eduardo Vargas<\/span><\/a><\/span><time datetime=\"2021-10-14T20:16:00-03:00\" itemprop=\"datePublished\">14\/10\/2021 20:16<\/time><\/div><\/div><\/div><\/div><\/div>","single_layout":"posts","amp_enabled":true,"_links":{"self":[{"href":"https:\/\/www.suno.com.br\/noticias\/wp-json\/wp\/v2\/posts\/193561"}],"collection":[{"href":"https:\/\/www.suno.com.br\/noticias\/wp-json\/wp\/v2\/posts"}],"about":[{"href":"https:\/\/www.suno.com.br\/noticias\/wp-json\/wp\/v2\/types\/post"}],"author":[{"embeddable":true,"href":"https:\/\/www.suno.com.br\/noticias\/wp-json\/wp\/v2\/users\/73"}],"replies":[{"embeddable":true,"href":"https:\/\/www.suno.com.br\/noticias\/wp-json\/wp\/v2\/comments?post=193561"}],"version-history":[{"count":4,"href":"https:\/\/www.suno.com.br\/noticias\/wp-json\/wp\/v2\/posts\/193561\/revisions"}],"predecessor-version":[{"id":193882,"href":"https:\/\/www.suno.com.br\/noticias\/wp-json\/wp\/v2\/posts\/193561\/revisions\/193882"}],"wp:featuredmedia":[{"embeddable":true,"href":"https:\/\/www.suno.com.br\/noticias\/wp-json\/wp\/v2\/media\/152844"}],"wp:attachment":[{"href":"https:\/\/www.suno.com.br\/noticias\/wp-json\/wp\/v2\/media?parent=193561"}],"wp:term":[{"taxonomy":"category","embeddable":true,"href":"https:\/\/www.suno.com.br\/noticias\/wp-json\/wp\/v2\/categories?post=193561"},{"taxonomy":"post_tag","embeddable":true,"href":"https:\/\/www.suno.com.br\/noticias\/wp-json\/wp\/v2\/tags?post=193561"},{"taxonomy":"suno_strategy","embeddable":true,"href":"https:\/\/www.suno.com.br\/noticias\/wp-json\/wp\/v2\/suno_strategy?post=193561"}],"curies":[{"name":"wp","href":"https:\/\/api.w.org\/{rel}","templated":true}]}}