{"id":193558,"date":"2021-10-14T10:42:18","date_gmt":"2021-10-14T13:42:18","guid":{"rendered":"https:\/\/www.suno.com.br\/noticias\/?p=193558"},"modified":"2021-10-14T11:00:42","modified_gmt":"2021-10-14T14:00:42","slug":"privatizar-petrobras-petr4-bolsonaro","status":"publish","type":"post","link":"https:\/\/www.suno.com.br\/noticias\/privatizar-petrobras-petr4-bolsonaro\/","title":{"rendered":"&#8220;Tenho vontade de privatizar Petrobras (PETR4)&#8221;, diz Bolsonaro"},"content":{"rendered":"<p>O presidente Jair Bolsonaro afirmou que tem vontade de privatizar a <a class=\"suno-keyword\" href=\"https:\/\/www.suno.com.br\/acoes\/PETR4\/\" target=\"_blank\" rel=\"noopener\" data-force=\"yes\" data-priority=\"2\"><strong>Petrobras<\/strong> (PETR4)<\/a> em meio a tantas cr\u00edticas sobre o aumento nos pre\u00e7os dos combust\u00edveis e do g\u00e1s de cozinha. A fala aconteceu na manh\u00e3 desta quinta-feira (14) em entrevista \u00e0 r\u00e1dio evang\u00e9lica &#8220;Novas de Paz&#8221;, de Recife (PE). A fala do presidente foi:<\/p>\t<div class=\"wrapper-featured-image\">\n\t\t<figure class=\"spotlightImg\">\n\n\t\t\t<picture>\n\t\t\t\t<source media=\"(max-width: 768px)\" srcset=\"https:\/\/files.sunoresearch.com.br\/n\/uploads\/2021\/03\/aeccded5-jair-bolsonaro-foto-marcos-correa-pr-400x200.webp\">\n\t\t\t\t<img loading=\"lazy\" decoding=\"async\" class=\"newsContent__article__imgCapa lazyloadDisabled \" src=\"https:\/\/files.sunoresearch.com.br\/n\/uploads\/2021\/03\/aeccded5-jair-bolsonaro-foto-marcos-correa-pr-800x450.webp\" width=\"800\" height=\"450\" alt=\"&#8220;Tenho vontade de privatizar Petrobras (PETR4)&#8221;, diz Bolsonaro\" fetchpriority=high \/>\n\t\t\t<\/picture>\n\n\t\t\t<figcaption class=\"wp-caption-text wp-caption-text--show\">Jair Bolsonaro: &quot;Tudo de ruim que acontece na Petrobras cai no meu colo. O que \u00e9  bom n\u00e3o cai nada em meu colo&quot;, disse.. Foto: Marcos Corr\u00eaa PR<\/figcaption>\n\t\t<\/figure>\n\t<\/div>\n\n\n\t<p>\n\t\t<a href=\"https:\/\/lp.suno.com.br\/planilha-controle-gastos\/\" target=\"_blank\" data-element=\"shortcode-suno-banner\" title=\"Banner SUNO, clique e saiba mais\">\n\t\t\t<picture>\n\t\t\t\t<source media=\"(max-width: 500px)\" srcset=\"https:\/\/files.sunoresearch.com.br\/n\/uploads\/2023\/03\/400x300-Planilha-controle-de-gastos.png\">\n\t\t\t\t<img class=\"newsContent__article__imgCapa newsContent__article__imgCapa--banner\"\n\t\t\t\t\tsrc=\"https:\/\/files.sunoresearch.com.br\/n\/uploads\/2023\/03\/1420x240-Planilha-controle-de-gastos.png\"\n\t\t\t\t\tdata-promo-id=\"101751\"\t\t\t\t\t\t\t\t\t\twidth='1420' height='240'\t\t\t\t\talt=\"https:\/\/files.sunoresearch.com.br\/n\/uploads\/2023\/03\/1420x240-Planilha-controle-de-gastos.png\"\n\t\t\t\t>\n\t\t\t<\/picture>\n\t\t<\/a>\n\t<\/p>\n\n\n<p>&#8220;\u00c9 muito f\u00e1cil [falar]: aumentou a gasolina, culpa do <strong>Bolsonaro<\/strong>. Eu j\u00e1 tenho vontade de <strong>privatizar a Petrobras<\/strong>, tenho vontade. Vou ver com a equipe econ\u00f4mica o que a gente pode fazer&#8221;, disse o presidente.<\/p>\n<p>Com isso, os pap\u00e9is da<strong> estatal de petr\u00f3leo<\/strong> avan\u00e7aram no in\u00edcio das opera\u00e7\u00f5es no Ibovespa, ap\u00f3s a abertura da bolsa de valores.<\/p>\n<p>\u00c0s 10:30, a a\u00e7\u00e3o preferencial da Petrobras subia 1,11%, sendo negociada a R$ 29,95. J\u00e1 as <a class=\"suno-keyword\" href=\"https:\/\/www.suno.com.br\/artigos\/o-que-sao-acoes-ordinarias-preferenciais-e-units\/\" target=\"_blank\" rel=\"noopener\" data-force=\"no\" data-priority=\"1\">a\u00e7\u00f5es ordin\u00e1rias<\/a> (<strong>PETR3<\/strong>) subiam 1,01% no mesmo hor\u00e1rio, valendo R$ 30,58.<\/p>\n<p>Ao mesmo tempo, o <strong>Ibovespa<\/strong> operava entre perdas e ganhos, perto da estabilidade. No mesmo hor\u00e1rio, o principal <strong>\u00edndice de a\u00e7\u00f5es<\/strong> do Pa\u00eds ca\u00eda 0,06%, aos 113.306 pontos.<\/p>\n<p>Em sua entrevista, Bolsonaro ainda destacou que zerou o imposto do <strong>g\u00e1s de cozinha<\/strong> no primeiro semestre deste ano, mas ainda assim o pre\u00e7o aumentou. &#8220;N\u00e3o posso controlar, melhor direcionar o pre\u00e7o. Mas quando aumenta, a culpa \u00e9 minha apesar de ter zerado o imposto federal&#8221;, disse.<\/p>\n\t<p>\n\t\t<a href=\"https:\/\/lp.suno.com.br\/planilha-da-vida-financeira\/\" target=\"_blank\" data-element=\"shortcode-suno-banner\" title=\"Banner SUNO, clique e saiba mais\">\n\t\t\t<picture>\n\t\t\t\t<source media=\"(max-width: 500px)\" srcset=\"https:\/\/files.sunoresearch.com.br\/n\/uploads\/2023\/04\/400x300-Planilha-vida-financeira-true.png\">\n\t\t\t\t<img class=\"newsContent__article__imgCapa newsContent__article__imgCapa--banner\"\n\t\t\t\t\tsrc=\"https:\/\/files.sunoresearch.com.br\/n\/uploads\/2023\/04\/1420x240-Planilha-vida-financeira-true.png\"\n\t\t\t\t\tdata-promo-id=\"106682\"\t\t\t\t\t\t\t\t\t\twidth='1420' height='240'\t\t\t\t\talt=\"https:\/\/files.sunoresearch.com.br\/n\/uploads\/2023\/04\/1420x240-Planilha-vida-financeira-true.png\"\n\t\t\t\t>\n\t\t\t<\/picture>\n\t\t<\/a>\n\t<\/p>\n\n\n<h2>&#8220;N\u00e3o seria melhor privatizar?&#8221;<\/h2>\n<p>Na tarde de ontem, o presidente da C\u00e2mara dos Deputador, <strong>Arthur Lira<\/strong>, foi pelo mesmo caminho do presidente ao questionar o papel da Petrobras no mercado brasileiro.\u00a0\u201cN\u00e3o seria o caso de privatizar a Petrobras?\u201c, perguntou.<\/p>\n<p>Segundo Lira, a estatal atua hoje num \u201climbo entre o p\u00fablico e o privado\u201d, e criticou o \u201cmonop\u00f3lio absurdo\u201d que a empresa tem no mercado de g\u00e1s.<\/p>\n<p>Para o presidente da C\u00e2mara, a <strong>Petrobras<\/strong>, apesar de ter uma parte de capital privado, \u00e9 \u201cpredominantemente p\u00fablica e, por essa raz\u00e3o, \u00e9 importante rever sua pol\u00edtica de investimento energ\u00e9tico\u201d.<\/p>\n<p>Leia mais:<\/p>\n\t<div data-element=\"shortcode-read-more\" class=\"knowMore\">\n\t\t\t\t<a class=\"knowMore__link\" href=\"https:\/\/www.suno.com.br\/noticias\/nao-seria-caso-privatizar-petrobras-petr4-diz-lira\/\">\n\t\t\tPetrobras (PETR4): \u201cN\u00e3o seria melhor privatizar a empresa?\u201d, pergunta Lira\t\t<\/a>\n\t<\/div>\n\n\n<p><em>Essa mat\u00e9ria est\u00e1 em atualiza\u00e7\u00e3o.\u00a0<\/em><\/p>\n\t<p>\n\t\t<a href=\"\" target=\"_blank\" data-element=\"shortcode-suno-banner\" title=\"Banner SUNO, clique e saiba mais\">\n\t\t\t<picture>\n\t\t\t\t<source media=\"(max-width: 500px)\" srcset=\"\">\n\t\t\t\t<img class=\"newsContent__article__imgCapa newsContent__article__imgCapa--banner\"\n\t\t\t\t\tsrc=\"\"\n\t\t\t\t\tdata-promo-id=\"184190\"\t\t\t\t\t\t\t\t\t\t\t\t\t\t\talt=\"\"\n\t\t\t\t>\n\t\t\t<\/picture>\n\t\t<\/a>\n\t<\/p>\n\n\n","protected":false},"excerpt":{"rendered":"<p>O presidente Jair Bolsonaro afirmou que tem vontade de privatizar a Petrobras (PETR4) em meio a tantas cr\u00edticas sobre o aumento nos pre\u00e7os dos combust\u00edveis e do g\u00e1s de cozinha. A fala aconteceu na manh\u00e3 desta quinta-feira (14) em entrevista \u00e0 r\u00e1dio evang\u00e9lica &#8220;Novas de Paz&#8221;, de Recife (PE). A fala do presidente foi: Jair [&hellip;]<\/p>\n","protected":false},"author":102,"featured_media":130360,"comment_status":"closed","ping_status":"closed","sticky":false,"template":"","format":"standard","meta":[],"categories":[61],"tags":[1437,879,719,595],"suno_strategy":[],"class_list":["post-193558","post","type-post","status-publish","format-standard","has-post-thumbnail","hentry","category-politica","tag-combustiveis","tag-gasolina","tag-jair-bolsonaro","tag-petrobras-petr4"],"yoast_head":"<!-- This site is optimized with the Yoast SEO plugin v24.4 - https:\/\/yoast.com\/wordpress\/plugins\/seo\/ -->\n<title>&quot;Tenho vontade de privatizar Petrobras (PETR4)&quot;, diz Bolsonaro<\/title>\n<meta name=\"description\" content=\"O presidente Jair Bolsonaro disse nesta quinta-feira (14) que tem vontade de privatizar a Petrobras (PETR4). Veja a fala e entenda o caso.\" \/>\n<meta name=\"robots\" content=\"index, follow, max-snippet:-1, max-image-preview:large, max-video-preview:-1\" \/>\n<link rel=\"canonical\" href=\"https:\/\/www.suno.com.br\/noticias\/privatizar-petrobras-petr4-bolsonaro\/\" \/>\n<meta property=\"og:locale\" content=\"pt_BR\" \/>\n<meta property=\"og:type\" content=\"article\" \/>\n<meta property=\"og:title\" content=\"&quot;Tenho vontade de privatizar Petrobras (PETR4)&quot;, diz Bolsonaro\" \/>\n<meta property=\"og:description\" content=\"O presidente Jair Bolsonaro disse nesta quinta-feira (14) que tem vontade de privatizar a Petrobras (PETR4). Veja a fala e entenda o caso.\" \/>\n<meta property=\"og:url\" content=\"https:\/\/www.suno.com.br\/noticias\/privatizar-petrobras-petr4-bolsonaro\/\" \/>\n<meta property=\"og:site_name\" content=\"Suno Not\u00edcias\" \/>\n<meta property=\"article:publisher\" content=\"https:\/\/facebook.com\/sunoresearch\" \/>\n<meta property=\"og:image\" content=\"https:\/\/files.sunoresearch.com.br\/n\/uploads\/2021\/03\/aeccded5-jair-bolsonaro-foto-marcos-correa-pr.jpg\" \/>\n\t<meta property=\"og:image:width\" content=\"1200\" \/>\n\t<meta property=\"og:image:height\" content=\"800\" \/>\n\t<meta property=\"og:image:type\" content=\"image\/jpeg\" \/>\n<meta name=\"author\" content=\"Monique Lima\" \/>\n<meta name=\"twitter:card\" content=\"summary_large_image\" \/>\n<meta name=\"twitter:creator\" content=\"@sunoresearch\" \/>\n<meta name=\"twitter:site\" content=\"@sunoresearch\" \/>\n<meta name=\"twitter:label1\" content=\"Escrito por\" \/>\n\t<meta name=\"twitter:data1\" content=\"Monique Lima\" \/>\n\t<meta name=\"twitter:label2\" content=\"Est. tempo de leitura\" \/>\n\t<meta name=\"twitter:data2\" content=\"2 minutos\" \/>\n<script type=\"application\/ld+json\" class=\"yoast-schema-graph\">{\"@context\":\"https:\/\/schema.org\",\"@graph\":[{\"@type\":\"NewsArticle\",\"@id\":\"https:\/\/www.suno.com.br\/noticias\/privatizar-petrobras-petr4-bolsonaro\/#article\",\"isPartOf\":{\"@id\":\"https:\/\/www.suno.com.br\/noticias\/privatizar-petrobras-petr4-bolsonaro\/\"},\"author\":{\"name\":\"Monique Lima\",\"@id\":\"https:\/\/www.suno.com.br\/noticias\/#\/schema\/person\/d712329319cc9b10f254d02d654cb36a\"},\"headline\":\"&#8220;Tenho vontade de privatizar Petrobras (PETR4)&#8221;, diz Bolsonaro\",\"datePublished\":\"2021-10-14T13:42:18+00:00\",\"dateModified\":\"2021-10-14T14:00:42+00:00\",\"mainEntityOfPage\":{\"@id\":\"https:\/\/www.suno.com.br\/noticias\/privatizar-petrobras-petr4-bolsonaro\/\"},\"wordCount\":365,\"publisher\":{\"@id\":\"https:\/\/www.suno.com.br\/noticias\/#organization\"},\"image\":{\"@id\":\"https:\/\/www.suno.com.br\/noticias\/privatizar-petrobras-petr4-bolsonaro\/#primaryimage\"},\"thumbnailUrl\":\"https:\/\/files.sunoresearch.com.br\/n\/uploads\/2021\/03\/aeccded5-jair-bolsonaro-foto-marcos-correa-pr-jpg.webp\",\"keywords\":[\"combust\u00edveis\",\"Gasolina\",\"Jair Bolsonaro\",\"Petrobras (PETR4)\"],\"articleSection\":[\"Pol\u00edtica\"],\"inLanguage\":\"pt-BR\"},{\"@type\":\"WebPage\",\"@id\":\"https:\/\/www.suno.com.br\/noticias\/privatizar-petrobras-petr4-bolsonaro\/\",\"url\":\"https:\/\/www.suno.com.br\/noticias\/privatizar-petrobras-petr4-bolsonaro\/\",\"name\":\"\\\"Tenho vontade de privatizar Petrobras (PETR4)\\\", diz Bolsonaro\",\"isPartOf\":{\"@id\":\"https:\/\/www.suno.com.br\/noticias\/#website\"},\"primaryImageOfPage\":{\"@id\":\"https:\/\/www.suno.com.br\/noticias\/privatizar-petrobras-petr4-bolsonaro\/#primaryimage\"},\"image\":{\"@id\":\"https:\/\/www.suno.com.br\/noticias\/privatizar-petrobras-petr4-bolsonaro\/#primaryimage\"},\"thumbnailUrl\":\"https:\/\/files.sunoresearch.com.br\/n\/uploads\/2021\/03\/aeccded5-jair-bolsonaro-foto-marcos-correa-pr-jpg.webp\",\"datePublished\":\"2021-10-14T13:42:18+00:00\",\"dateModified\":\"2021-10-14T14:00:42+00:00\",\"description\":\"O presidente Jair Bolsonaro disse nesta quinta-feira (14) que tem vontade de privatizar a Petrobras (PETR4). Veja a fala e entenda o caso.\",\"breadcrumb\":{\"@id\":\"https:\/\/www.suno.com.br\/noticias\/privatizar-petrobras-petr4-bolsonaro\/#breadcrumb\"},\"inLanguage\":\"pt-BR\",\"potentialAction\":[{\"@type\":\"ReadAction\",\"target\":[\"https:\/\/www.suno.com.br\/noticias\/privatizar-petrobras-petr4-bolsonaro\/\"]}]},{\"@type\":\"ImageObject\",\"inLanguage\":\"pt-BR\",\"@id\":\"https:\/\/www.suno.com.br\/noticias\/privatizar-petrobras-petr4-bolsonaro\/#primaryimage\",\"url\":\"https:\/\/files.sunoresearch.com.br\/n\/uploads\/2021\/03\/aeccded5-jair-bolsonaro-foto-marcos-correa-pr-jpg.webp\",\"contentUrl\":\"https:\/\/files.sunoresearch.com.br\/n\/uploads\/2021\/03\/aeccded5-jair-bolsonaro-foto-marcos-correa-pr-jpg.webp\",\"width\":1200,\"height\":800,\"caption\":\"Jair Bolsonaro: \\\"Tudo de ruim que acontece na Petrobras cai no meu colo. O que \u00e9 bom n\u00e3o cai nada em meu colo\\\", disse.. Foto: Marcos Corr\u00eaa PR\"},{\"@type\":\"BreadcrumbList\",\"@id\":\"https:\/\/www.suno.com.br\/noticias\/privatizar-petrobras-petr4-bolsonaro\/#breadcrumb\",\"itemListElement\":[{\"@type\":\"ListItem\",\"position\":1,\"name\":\"Not\u00edcias\",\"item\":\"https:\/\/www.suno.com.br\/noticias\/\"},{\"@type\":\"ListItem\",\"position\":2,\"name\":\"Pol\u00edtica\",\"item\":\"https:\/\/www.suno.com.br\/noticias\/politica\/\"},{\"@type\":\"ListItem\",\"position\":3,\"name\":\"&#8220;Tenho vontade de privatizar Petrobras (PETR4)&#8221;, diz Bolsonaro\"}]},{\"@type\":\"WebSite\",\"@id\":\"https:\/\/www.suno.com.br\/noticias\/#website\",\"url\":\"https:\/\/www.suno.com.br\/noticias\/\",\"name\":\"Suno Not\u00edcias\",\"description\":\"Seu portal de informa\u00e7\u00e3o sobre o mundo dos investimentos\",\"publisher\":{\"@id\":\"https:\/\/www.suno.com.br\/noticias\/#organization\"},\"potentialAction\":[{\"@type\":\"SearchAction\",\"target\":{\"@type\":\"EntryPoint\",\"urlTemplate\":\"https:\/\/www.suno.com.br\/noticias\/?s={search_term_string}\"},\"query-input\":{\"@type\":\"PropertyValueSpecification\",\"valueRequired\":true,\"valueName\":\"search_term_string\"}}],\"inLanguage\":\"pt-BR\"},{\"@type\":\"Organization\",\"@id\":\"https:\/\/www.suno.com.br\/noticias\/#organization\",\"name\":\"Suno Not\u00edcias\",\"url\":\"https:\/\/www.suno.com.br\/noticias\/\",\"logo\":{\"@type\":\"ImageObject\",\"inLanguage\":\"pt-BR\",\"@id\":\"https:\/\/www.suno.com.br\/noticias\/#\/schema\/logo\/image\/\",\"url\":\"https:\/\/files.sunoresearch.com.br\/n\/uploads\/2021\/09\/suno-logo.png\",\"contentUrl\":\"https:\/\/files.sunoresearch.com.br\/n\/uploads\/2021\/09\/suno-logo.png\",\"width\":180,\"height\":180,\"caption\":\"Suno Not\u00edcias\"},\"image\":{\"@id\":\"https:\/\/www.suno.com.br\/noticias\/#\/schema\/logo\/image\/\"},\"sameAs\":[\"https:\/\/facebook.com\/sunoresearch\",\"https:\/\/x.com\/sunoresearch\",\"https:\/\/www.instagram.com\/suno\",\"https:\/\/www.linkedin.com\/company\/suno-research\/\",\"https:\/\/www.youtube.com\/c\/sunoresearch\"]},{\"@type\":\"Person\",\"@id\":\"https:\/\/www.suno.com.br\/noticias\/#\/schema\/person\/d712329319cc9b10f254d02d654cb36a\",\"name\":\"Monique Lima\",\"image\":{\"@type\":\"ImageObject\",\"inLanguage\":\"pt-BR\",\"@id\":\"https:\/\/www.suno.com.br\/noticias\/#\/schema\/person\/image\/\",\"url\":\"https:\/\/secure.gravatar.com\/avatar\/daee7f16d906c2e9ffed236206ca2c30?s=96&r=g\",\"contentUrl\":\"https:\/\/secure.gravatar.com\/avatar\/daee7f16d906c2e9ffed236206ca2c30?s=96&r=g\",\"caption\":\"Monique Lima\"},\"description\":\"Rep\u00f3rter de Mercado no Suno Not\u00edcias, \u00e9 jornalista com experi\u00eancia na cobertura de economia, empreendedorismo, finan\u00e7as pessoais, mercado financeiro, carreira e recursos humanos. Formada em Jornalismo pela Universidade Paulista, teve experi\u00eancias em ve\u00edculos de comunica\u00e7\u00e3o como a Ag\u00eancia TradeMap, Revista Voc\u00ea S\/A e Revista Voc\u00ea RH, as duas \u00faltimas publica\u00e7\u00f5es da Editora Abril. No Suno Not\u00edcias, fala sobre as principais not\u00edcias de Fundos Imobili\u00e1rios, Fiagro, Startups e empresas listadas na Bolsa.\",\"url\":\"https:\/\/www.suno.com.br\/noticias\/author\/monique-lima\/\"}]}<\/script>\n<!-- \/ Yoast SEO plugin. -->","yoast_head_json":{"title":"\"Tenho vontade de privatizar Petrobras (PETR4)\", diz Bolsonaro","description":"O presidente Jair Bolsonaro disse nesta quinta-feira (14) que tem vontade de privatizar a Petrobras (PETR4). Veja a fala e entenda o caso.","robots":{"index":"index","follow":"follow","max-snippet":"max-snippet:-1","max-image-preview":"max-image-preview:large","max-video-preview":"max-video-preview:-1"},"canonical":"https:\/\/www.suno.com.br\/noticias\/privatizar-petrobras-petr4-bolsonaro\/","og_locale":"pt_BR","og_type":"article","og_title":"\"Tenho vontade de privatizar Petrobras (PETR4)\", diz Bolsonaro","og_description":"O presidente Jair Bolsonaro disse nesta quinta-feira (14) que tem vontade de privatizar a Petrobras (PETR4). Veja a fala e entenda o caso.","og_url":"https:\/\/www.suno.com.br\/noticias\/privatizar-petrobras-petr4-bolsonaro\/","og_site_name":"Suno Not\u00edcias","article_publisher":"https:\/\/facebook.com\/sunoresearch","og_image":[{"width":1200,"height":800,"url":"https:\/\/files.sunoresearch.com.br\/n\/uploads\/2021\/03\/aeccded5-jair-bolsonaro-foto-marcos-correa-pr.jpg","type":"image\/jpeg"}],"author":"Monique Lima","twitter_card":"summary_large_image","twitter_creator":"@sunoresearch","twitter_site":"@sunoresearch","twitter_misc":{"Escrito por":"Monique Lima","Est. tempo de leitura":"2 minutos"},"schema":{"@context":"https:\/\/schema.org","@graph":[{"@type":"NewsArticle","@id":"https:\/\/www.suno.com.br\/noticias\/privatizar-petrobras-petr4-bolsonaro\/#article","isPartOf":{"@id":"https:\/\/www.suno.com.br\/noticias\/privatizar-petrobras-petr4-bolsonaro\/"},"author":{"name":"Monique Lima","@id":"https:\/\/www.suno.com.br\/noticias\/#\/schema\/person\/d712329319cc9b10f254d02d654cb36a"},"headline":"&#8220;Tenho vontade de privatizar Petrobras (PETR4)&#8221;, diz Bolsonaro","datePublished":"2021-10-14T13:42:18+00:00","dateModified":"2021-10-14T14:00:42+00:00","mainEntityOfPage":{"@id":"https:\/\/www.suno.com.br\/noticias\/privatizar-petrobras-petr4-bolsonaro\/"},"wordCount":365,"publisher":{"@id":"https:\/\/www.suno.com.br\/noticias\/#organization"},"image":{"@id":"https:\/\/www.suno.com.br\/noticias\/privatizar-petrobras-petr4-bolsonaro\/#primaryimage"},"thumbnailUrl":"https:\/\/files.sunoresearch.com.br\/n\/uploads\/2021\/03\/aeccded5-jair-bolsonaro-foto-marcos-correa-pr-jpg.webp","keywords":["combust\u00edveis","Gasolina","Jair Bolsonaro","Petrobras (PETR4)"],"articleSection":["Pol\u00edtica"],"inLanguage":"pt-BR"},{"@type":"WebPage","@id":"https:\/\/www.suno.com.br\/noticias\/privatizar-petrobras-petr4-bolsonaro\/","url":"https:\/\/www.suno.com.br\/noticias\/privatizar-petrobras-petr4-bolsonaro\/","name":"\"Tenho vontade de privatizar Petrobras (PETR4)\", diz Bolsonaro","isPartOf":{"@id":"https:\/\/www.suno.com.br\/noticias\/#website"},"primaryImageOfPage":{"@id":"https:\/\/www.suno.com.br\/noticias\/privatizar-petrobras-petr4-bolsonaro\/#primaryimage"},"image":{"@id":"https:\/\/www.suno.com.br\/noticias\/privatizar-petrobras-petr4-bolsonaro\/#primaryimage"},"thumbnailUrl":"https:\/\/files.sunoresearch.com.br\/n\/uploads\/2021\/03\/aeccded5-jair-bolsonaro-foto-marcos-correa-pr-jpg.webp","datePublished":"2021-10-14T13:42:18+00:00","dateModified":"2021-10-14T14:00:42+00:00","description":"O presidente Jair Bolsonaro disse nesta quinta-feira (14) que tem vontade de privatizar a Petrobras (PETR4). Veja a fala e entenda o caso.","breadcrumb":{"@id":"https:\/\/www.suno.com.br\/noticias\/privatizar-petrobras-petr4-bolsonaro\/#breadcrumb"},"inLanguage":"pt-BR","potentialAction":[{"@type":"ReadAction","target":["https:\/\/www.suno.com.br\/noticias\/privatizar-petrobras-petr4-bolsonaro\/"]}]},{"@type":"ImageObject","inLanguage":"pt-BR","@id":"https:\/\/www.suno.com.br\/noticias\/privatizar-petrobras-petr4-bolsonaro\/#primaryimage","url":"https:\/\/files.sunoresearch.com.br\/n\/uploads\/2021\/03\/aeccded5-jair-bolsonaro-foto-marcos-correa-pr-jpg.webp","contentUrl":"https:\/\/files.sunoresearch.com.br\/n\/uploads\/2021\/03\/aeccded5-jair-bolsonaro-foto-marcos-correa-pr-jpg.webp","width":1200,"height":800,"caption":"Jair Bolsonaro: \"Tudo de ruim que acontece na Petrobras cai no meu colo. O que \u00e9 bom n\u00e3o cai nada em meu colo\", disse.. Foto: Marcos Corr\u00eaa PR"},{"@type":"BreadcrumbList","@id":"https:\/\/www.suno.com.br\/noticias\/privatizar-petrobras-petr4-bolsonaro\/#breadcrumb","itemListElement":[{"@type":"ListItem","position":1,"name":"Not\u00edcias","item":"https:\/\/www.suno.com.br\/noticias\/"},{"@type":"ListItem","position":2,"name":"Pol\u00edtica","item":"https:\/\/www.suno.com.br\/noticias\/politica\/"},{"@type":"ListItem","position":3,"name":"&#8220;Tenho vontade de privatizar Petrobras (PETR4)&#8221;, diz Bolsonaro"}]},{"@type":"WebSite","@id":"https:\/\/www.suno.com.br\/noticias\/#website","url":"https:\/\/www.suno.com.br\/noticias\/","name":"Suno Not\u00edcias","description":"Seu portal de informa\u00e7\u00e3o sobre o mundo dos investimentos","publisher":{"@id":"https:\/\/www.suno.com.br\/noticias\/#organization"},"potentialAction":[{"@type":"SearchAction","target":{"@type":"EntryPoint","urlTemplate":"https:\/\/www.suno.com.br\/noticias\/?s={search_term_string}"},"query-input":{"@type":"PropertyValueSpecification","valueRequired":true,"valueName":"search_term_string"}}],"inLanguage":"pt-BR"},{"@type":"Organization","@id":"https:\/\/www.suno.com.br\/noticias\/#organization","name":"Suno Not\u00edcias","url":"https:\/\/www.suno.com.br\/noticias\/","logo":{"@type":"ImageObject","inLanguage":"pt-BR","@id":"https:\/\/www.suno.com.br\/noticias\/#\/schema\/logo\/image\/","url":"https:\/\/files.sunoresearch.com.br\/n\/uploads\/2021\/09\/suno-logo.png","contentUrl":"https:\/\/files.sunoresearch.com.br\/n\/uploads\/2021\/09\/suno-logo.png","width":180,"height":180,"caption":"Suno Not\u00edcias"},"image":{"@id":"https:\/\/www.suno.com.br\/noticias\/#\/schema\/logo\/image\/"},"sameAs":["https:\/\/facebook.com\/sunoresearch","https:\/\/x.com\/sunoresearch","https:\/\/www.instagram.com\/suno","https:\/\/www.linkedin.com\/company\/suno-research\/","https:\/\/www.youtube.com\/c\/sunoresearch"]},{"@type":"Person","@id":"https:\/\/www.suno.com.br\/noticias\/#\/schema\/person\/d712329319cc9b10f254d02d654cb36a","name":"Monique Lima","image":{"@type":"ImageObject","inLanguage":"pt-BR","@id":"https:\/\/www.suno.com.br\/noticias\/#\/schema\/person\/image\/","url":"https:\/\/secure.gravatar.com\/avatar\/daee7f16d906c2e9ffed236206ca2c30?s=96&r=g","contentUrl":"https:\/\/secure.gravatar.com\/avatar\/daee7f16d906c2e9ffed236206ca2c30?s=96&r=g","caption":"Monique Lima"},"description":"Rep\u00f3rter de Mercado no Suno Not\u00edcias, \u00e9 jornalista com experi\u00eancia na cobertura de economia, empreendedorismo, finan\u00e7as pessoais, mercado financeiro, carreira e recursos humanos. Formada em Jornalismo pela Universidade Paulista, teve experi\u00eancias em ve\u00edculos de comunica\u00e7\u00e3o como a Ag\u00eancia TradeMap, Revista Voc\u00ea S\/A e Revista Voc\u00ea RH, as duas \u00faltimas publica\u00e7\u00f5es da Editora Abril. No Suno Not\u00edcias, fala sobre as principais not\u00edcias de Fundos Imobili\u00e1rios, Fiagro, Startups e empresas listadas na Bolsa.","url":"https:\/\/www.suno.com.br\/noticias\/author\/monique-lima\/"}]}},"default_loop_html":"<div class=\"cardsPage__listCard__boxs\"><div class=\"cardsPage__listCard__boxs__img\"><a href=\"https:\/\/www.suno.com.br\/noticias\/privatizar-petrobras-petr4-bolsonaro\/\"><img class=\"mask\" src=\"https:\/\/www.suno.com.br\/noticias\/wp-content\/themes\/suno\/resources\/images\/spotlight\/spotlight1img\/bg-mask.png\" alt=\"Image Mask\"\/><img src=\"https:\/\/files.sunoresearch.com.br\/n\/uploads\/2021\/03\/aeccded5-jair-bolsonaro-foto-marcos-correa-pr-400x200.webp\" alt=\"&#8220;Tenho vontade de privatizar Petrobras (PETR4)&#8221;, diz Bolsonaro\"\/><\/a><span class=\"spotlightCategory\"><a href=\"https:\/\/www.suno.com.br\/noticias\/politica\/\">Pol\u00edtica<\/a><\/span><\/div><div class=\"cardsPage__listCard__boxs__content\"><a href=\"https:\/\/www.suno.com.br\/noticias\/privatizar-petrobras-petr4-bolsonaro\/\"><h2 class=\"content__title\">&#8220;Tenho vontade de privatizar Petrobras (PETR4)&#8221;, diz Bolsonaro<\/h2><\/a><div class=\"newsContent__article__meta\"><div class=\"newsContent__article__meta__authorBox\"><a href=\"https:\/\/www.suno.com.br\/noticias\/author\/monique-lima\/\" class=\"authorBox__avatar noMobi\"><img src=\"https:\/\/secure.gravatar.com\/avatar\/daee7f16d906c2e9ffed236206ca2c30?s=96&#038;r=g\" alt=\"Monique Lima\"><\/a><div class=\"authorBox__name\"><span>por\n\t\t\t<a href=\"https:\/\/www.suno.com.br\/noticias\/author\/monique-lima\/\"><span itemprop=\"author\">Monique Lima<\/span><\/a><\/span><time datetime=\"2021-10-14T10:42:18-03:00\" itemprop=\"datePublished\">14\/10\/2021 10:42<\/time><\/div><\/div><\/div><\/div><\/div>","single_layout":"posts","amp_enabled":true,"_links":{"self":[{"href":"https:\/\/www.suno.com.br\/noticias\/wp-json\/wp\/v2\/posts\/193558"}],"collection":[{"href":"https:\/\/www.suno.com.br\/noticias\/wp-json\/wp\/v2\/posts"}],"about":[{"href":"https:\/\/www.suno.com.br\/noticias\/wp-json\/wp\/v2\/types\/post"}],"author":[{"embeddable":true,"href":"https:\/\/www.suno.com.br\/noticias\/wp-json\/wp\/v2\/users\/102"}],"replies":[{"embeddable":true,"href":"https:\/\/www.suno.com.br\/noticias\/wp-json\/wp\/v2\/comments?post=193558"}],"version-history":[{"count":5,"href":"https:\/\/www.suno.com.br\/noticias\/wp-json\/wp\/v2\/posts\/193558\/revisions"}],"predecessor-version":[{"id":194055,"href":"https:\/\/www.suno.com.br\/noticias\/wp-json\/wp\/v2\/posts\/193558\/revisions\/194055"}],"wp:featuredmedia":[{"embeddable":true,"href":"https:\/\/www.suno.com.br\/noticias\/wp-json\/wp\/v2\/media\/130360"}],"wp:attachment":[{"href":"https:\/\/www.suno.com.br\/noticias\/wp-json\/wp\/v2\/media?parent=193558"}],"wp:term":[{"taxonomy":"category","embeddable":true,"href":"https:\/\/www.suno.com.br\/noticias\/wp-json\/wp\/v2\/categories?post=193558"},{"taxonomy":"post_tag","embeddable":true,"href":"https:\/\/www.suno.com.br\/noticias\/wp-json\/wp\/v2\/tags?post=193558"},{"taxonomy":"suno_strategy","embeddable":true,"href":"https:\/\/www.suno.com.br\/noticias\/wp-json\/wp\/v2\/suno_strategy?post=193558"}],"curies":[{"name":"wp","href":"https:\/\/api.w.org\/{rel}","templated":true}]}}