{"id":193542,"date":"2021-10-14T11:48:02","date_gmt":"2021-10-14T14:48:02","guid":{"rendered":"https:\/\/www.suno.com.br\/noticias\/?p=193542"},"modified":"2021-10-14T11:48:02","modified_gmt":"2021-10-14T14:48:02","slug":"ipva-mais-caro-2022-calcule-o-imposto","status":"publish","type":"post","link":"https:\/\/www.suno.com.br\/noticias\/ipva-mais-caro-2022-calcule-o-imposto\/","title":{"rendered":"IPVA vai ficar mais caro em 2022; veja como calcular o valor do imposto"},"content":{"rendered":"<p>Com falta de <a href=\"https:\/\/www.suno.com.br\/noticias\/falta-semicondutores-volta-frear-venda-automoveis\/\" target=\"_blank\" rel=\"noopener\">abastecimento de semicondutores<\/a>, <a href=\"https:\/\/www.suno.com.br\/noticias\/tags\/inflacao\/\" target=\"_blank\" rel=\"noopener\">infla\u00e7\u00e3o<\/a> e <a class=\"suno-keyword\" href=\"https:\/\/www.suno.com.br\/artigos\/alta-do-dolar\/\" target=\"_blank\" rel=\"noopener\" data-force=\"no\" data-priority=\"1\">alta do d\u00f3lar,<\/a> o pre\u00e7o dos carros novos e usados aumenta um pouco mais a cada m\u00eas. O resultado disso \u00e9 o aumento do <strong>IPVA<\/strong> (Imposto Sobre Propriedade de Ve\u00edculo Automotor) a partir de janeiro de 2022.<\/p>\t<div class=\"wrapper-featured-image\">\n\t\t<figure class=\"spotlightImg\">\n\n\t\t\t<picture>\n\t\t\t\t<source media=\"(max-width: 768px)\" srcset=\"https:\/\/files.sunoresearch.com.br\/n\/uploads\/2021\/10\/carros-pixabay-400x200.jpg\">\n\t\t\t\t<img loading=\"lazy\" decoding=\"async\" class=\"newsContent__article__imgCapa lazyloadDisabled \" src=\"https:\/\/files.sunoresearch.com.br\/n\/uploads\/2021\/10\/carros-pixabay-800x450.jpg\" width=\"800\" height=\"450\" alt=\"IPVA vai ficar mais caro em 2022; veja como calcular o valor do imposto\" fetchpriority=high \/>\n\t\t\t<\/picture>\n\n\t\t\t<figcaption class=\"wp-caption-text wp-caption-text--show\">Carro mais vendidos em fevereiro: No per\u00edodo, foram emplacadas 7,3 mil unidades, um crescimento da ordem de 9% em rela\u00e7\u00e3o aos 6.716 carros vendidos do modelo no m\u00eas anterior. Foto: Holger Schu\u00e9 por Pixabay <\/figcaption>\n\t\t<\/figure>\n\t<\/div>\n\n\n\t<p>\n\t\t<a href=\"https:\/\/lp.suno.com.br\/planilha-controle-gastos\/\" target=\"_blank\" data-element=\"shortcode-suno-banner\" title=\"Banner SUNO, clique e saiba mais\">\n\t\t\t<picture>\n\t\t\t\t<source media=\"(max-width: 500px)\" srcset=\"https:\/\/files.sunoresearch.com.br\/n\/uploads\/2023\/03\/400x300-Planilha-controle-de-gastos.png\">\n\t\t\t\t<img class=\"newsContent__article__imgCapa newsContent__article__imgCapa--banner\"\n\t\t\t\t\tsrc=\"https:\/\/files.sunoresearch.com.br\/n\/uploads\/2023\/03\/1420x240-Planilha-controle-de-gastos.png\"\n\t\t\t\t\tdata-promo-id=\"101751\"\t\t\t\t\t\t\t\t\t\twidth='1420' height='240'\t\t\t\t\talt=\"https:\/\/files.sunoresearch.com.br\/n\/uploads\/2023\/03\/1420x240-Planilha-controle-de-gastos.png\"\n\t\t\t\t>\n\t\t\t<\/picture>\n\t\t<\/a>\n\t<\/p>\n\n\n<p>O valor cobrado no IPVA \u00e9 fixo, sendo um imposto de at\u00e9 4% em cima do valor do ve\u00edculo segundo a <strong>tabela Fipe<\/strong>. Alguns estados variam suas porcentagens cobrando valores entre 2% e 3,75%.<\/p>\n<p>Embora a <strong>al\u00edquota do IPVA<\/strong> seja a mesma do ano passado, o <strong>pre\u00e7o dos carros<\/strong> usados disparou desde o in\u00edcio da pandemia. Entre os 10 modelos mais vendidos no pa\u00eds em 2021, a diferen\u00e7a de valor chega a 31%.<\/p>\n<p>Com isso, os motoristas dever\u00e3o desembolsar mais dinheiro para pagar o <strong>IPVA em 2022<\/strong> do que gastaram para pagar o mesmo imposto este ano.<\/p>\n\t<p>\n\t\t<a href=\"https:\/\/lp.suno.com.br\/planilha-da-vida-financeira\/\" target=\"_blank\" data-element=\"shortcode-suno-banner\" title=\"Banner SUNO, clique e saiba mais\">\n\t\t\t<picture>\n\t\t\t\t<source media=\"(max-width: 500px)\" srcset=\"https:\/\/files.sunoresearch.com.br\/n\/uploads\/2023\/04\/400x300-Planilha-vida-financeira-true.png\">\n\t\t\t\t<img class=\"newsContent__article__imgCapa newsContent__article__imgCapa--banner\"\n\t\t\t\t\tsrc=\"https:\/\/files.sunoresearch.com.br\/n\/uploads\/2023\/04\/1420x240-Planilha-vida-financeira-true.png\"\n\t\t\t\t\tdata-promo-id=\"106682\"\t\t\t\t\t\t\t\t\t\twidth='1420' height='240'\t\t\t\t\talt=\"https:\/\/files.sunoresearch.com.br\/n\/uploads\/2023\/04\/1420x240-Planilha-vida-financeira-true.png\"\n\t\t\t\t>\n\t\t\t<\/picture>\n\t\t<\/a>\n\t<\/p>\n\n\n<p>Segundo dados da Fipe (Funda\u00e7\u00e3o Instituto de Pesquisas econ\u00f4micas), entre os meses de fevereiro de 2020 e julho de 2021, os ve\u00edculos novos e seminovos apresentaram os seguintes aumentos:<\/p>\n<ul>\n<li>Novos: +19,9% em 17 meses;<\/li>\n<li>Seminovos: +24,4% em 17 meses (independente do ano ou modelo).<\/li>\n<\/ul>\n<p>Como consequ\u00eancia, a alta nos pre\u00e7os dos ve\u00edculos registrada na tabela Fipe se reverte em alta no pagamento do IPVA, tendo em vista que a Fipe \u00e9 utilizada como base para o c\u00e1lculo do imposto.<\/p>\n<h2>Como calcular o IPVA<\/h2>\n\t<p>\n\t\t<a href=\"https:\/\/lp.suno.com.br\/ebook-como-analisar-uma-acao\/\" target=\"_blank\" data-element=\"shortcode-suno-banner\" title=\"Banner SUNO, clique e saiba mais\">\n\t\t\t<picture>\n\t\t\t\t<source media=\"(max-width: 500px)\" srcset=\"https:\/\/files.sunoresearch.com.br\/n\/uploads\/2023\/03\/Ebook-Acoes-Mobile-1.jpg\">\n\t\t\t\t<img class=\"newsContent__article__imgCapa newsContent__article__imgCapa--banner\"\n\t\t\t\t\tsrc=\"https:\/\/files.sunoresearch.com.br\/n\/uploads\/2023\/03\/Ebook-Acoes-Desktop-1.jpg\"\n\t\t\t\t\tdata-promo-id=\"171998\"\t\t\t\t\t\t\t\t\t\twidth='1420' height='286'\t\t\t\t\talt=\"https:\/\/files.sunoresearch.com.br\/n\/uploads\/2023\/03\/Ebook-Acoes-Desktop-1.jpg\"\n\t\t\t\t>\n\t\t\t<\/picture>\n\t\t<\/a>\n\t<\/p>\n\n\n<p>A maior parte dos estados considera o valor registrado na tabela Fipe do m\u00eas de setembro do ano anterior para <strong>calcular o IPVA<\/strong> do ano seguinte. A al\u00edquota de base mais comum \u00e9 de 4%, v\u00e1lida para ve\u00edculos a gasolina ou flex em estados como S\u00e3o Paulo e Rio de Janeiro.<\/p>\n<p>Para calcular o valor a ser pago de IPVA, o motorista deve saber o<strong> modelo do ve\u00edculo<\/strong> e o <strong>ano de fabrica\u00e7\u00e3o<\/strong>. Com essas informa\u00e7\u00f5es em m\u00e3os, al\u00e9m da al\u00edquota a ser paga, o motorista deve acessar o<a href=\"https:\/\/veiculos.fipe.org.br\/\" target=\"_blank\" rel=\"noopener\"> site de consulta da tabela Fipe<\/a> e verificar o valor do carro.<\/p>\n\t<p>\n\t\t<a href=\"https:\/\/lp.suno.com.br\/planilha-de-controle-de-investimentos\/\" target=\"_blank\" data-element=\"shortcode-suno-banner\" title=\"Banner SUNO, clique e saiba mais\">\n\t\t\t<picture>\n\t\t\t\t<source media=\"(max-width: 500px)\" srcset=\"https:\/\/files.sunoresearch.com.br\/n\/uploads\/2023\/03\/400x300-Controle-de-Investimentos.png\">\n\t\t\t\t<img class=\"newsContent__article__imgCapa newsContent__article__imgCapa--banner\"\n\t\t\t\t\tsrc=\"https:\/\/files.sunoresearch.com.br\/n\/uploads\/2023\/03\/1420x240-Controle-de-Investimentos.png\"\n\t\t\t\t\tdata-promo-id=\"75934\"\t\t\t\t\t\t\t\t\t\twidth='1420' height='240'\t\t\t\t\talt=\"https:\/\/files.sunoresearch.com.br\/n\/uploads\/2023\/03\/1420x240-Controle-de-Investimentos.png\"\n\t\t\t\t>\n\t\t\t<\/picture>\n\t\t<\/a>\n\t<\/p>\n\n\n<p>Os passos s\u00e3o:<\/p>\n<ul>\n<li>Acesse o site;<\/li>\n<li>No final da p\u00e1gina selecione o tipo de ve\u00edculo (carro, caminh\u00e3o ou moto);<\/li>\n<li>V\u00e1 para o campo &#8220;Digite ou selecione a marca do ve\u00edculo&#8221;;<\/li>\n<li>Depois preencha o modelo do ve\u00edculo;<\/li>\n<li>Por \u00faltimo o ano do ve\u00edculo;<\/li>\n<li>Clique em \u201cPesquisar\u201d e pronto: ser\u00e1 indicado o valor atual do seu ve\u00edculo.<\/li>\n<\/ul>\n<p>Com base nesse valor basta calcular o pre\u00e7o do carro vezes a al\u00edquota do imposto para saber o valor correspondente ao <strong>IPVA<\/strong> em 2022.<\/p>\n\t<p>\n\t\t<a href=\"\" target=\"_blank\" data-element=\"shortcode-suno-banner\" title=\"Banner SUNO, clique e saiba mais\">\n\t\t\t<picture>\n\t\t\t\t<source media=\"(max-width: 500px)\" srcset=\"\">\n\t\t\t\t<img class=\"newsContent__article__imgCapa newsContent__article__imgCapa--banner\"\n\t\t\t\t\tsrc=\"\"\n\t\t\t\t\tdata-promo-id=\"184190\"\t\t\t\t\t\t\t\t\t\t\t\t\t\t\talt=\"\"\n\t\t\t\t>\n\t\t\t<\/picture>\n\t\t<\/a>\n\t<\/p>\n\n\n","protected":false},"excerpt":{"rendered":"<p>Com falta de abastecimento de semicondutores, infla\u00e7\u00e3o e alta do d\u00f3lar, o pre\u00e7o dos carros novos e usados aumenta um pouco mais a cada m\u00eas. O resultado disso \u00e9 o aumento do IPVA (Imposto Sobre Propriedade de Ve\u00edculo Automotor) a partir de janeiro de 2022. Carro mais vendidos em fevereiro: No per\u00edodo, foram emplacadas 7,3 [&hellip;]<\/p>\n","protected":false},"author":102,"featured_media":193607,"comment_status":"closed","ping_status":"closed","sticky":false,"template":"","format":"standard","meta":[],"categories":[62],"tags":[740,704],"suno_strategy":[],"class_list":["post-193542","post","type-post","status-publish","format-standard","has-post-thumbnail","hentry","category-economia","tag-economia","tag-impostos"],"yoast_head":"<!-- This site is optimized with the Yoast SEO plugin v24.4 - https:\/\/yoast.com\/wordpress\/plugins\/seo\/ -->\n<title>IPVA vai ficar mais caro em 2022; veja como calcular o valor do imposto<\/title>\n<meta name=\"description\" content=\"O IPVA deve ficar mais caro em 2022, com o aumento no pre\u00e7o dos ve\u00edculos novos e seminovos. Veja detalhes e saiba como calcular o imposto\" \/>\n<meta name=\"robots\" content=\"index, follow, max-snippet:-1, max-image-preview:large, max-video-preview:-1\" \/>\n<link rel=\"canonical\" href=\"https:\/\/www.suno.com.br\/noticias\/ipva-mais-caro-2022-calcule-o-imposto\/\" \/>\n<meta property=\"og:locale\" content=\"pt_BR\" \/>\n<meta property=\"og:type\" content=\"article\" \/>\n<meta property=\"og:title\" content=\"IPVA vai ficar mais caro em 2022; veja como calcular o valor do imposto\" \/>\n<meta property=\"og:description\" content=\"O IPVA deve ficar mais caro em 2022, com o aumento no pre\u00e7o dos ve\u00edculos novos e seminovos. Veja detalhes e saiba como calcular o imposto\" \/>\n<meta property=\"og:url\" content=\"https:\/\/www.suno.com.br\/noticias\/ipva-mais-caro-2022-calcule-o-imposto\/\" \/>\n<meta property=\"og:site_name\" content=\"Suno Not\u00edcias\" \/>\n<meta property=\"article:publisher\" content=\"https:\/\/facebook.com\/sunoresearch\" \/>\n<meta property=\"og:image\" content=\"https:\/\/files.sunoresearch.com.br\/n\/uploads\/2021\/10\/carros-pixabay.jpg\" \/>\n\t<meta property=\"og:image:width\" content=\"1920\" \/>\n\t<meta property=\"og:image:height\" content=\"1280\" \/>\n\t<meta property=\"og:image:type\" content=\"image\/jpeg\" \/>\n<meta name=\"author\" content=\"Monique Lima\" \/>\n<meta name=\"twitter:card\" content=\"summary_large_image\" \/>\n<meta name=\"twitter:creator\" content=\"@sunoresearch\" \/>\n<meta name=\"twitter:site\" content=\"@sunoresearch\" \/>\n<meta name=\"twitter:label1\" content=\"Escrito por\" \/>\n\t<meta name=\"twitter:data1\" content=\"Monique Lima\" \/>\n\t<meta name=\"twitter:label2\" content=\"Est. tempo de leitura\" \/>\n\t<meta name=\"twitter:data2\" content=\"2 minutos\" \/>\n<script type=\"application\/ld+json\" class=\"yoast-schema-graph\">{\"@context\":\"https:\/\/schema.org\",\"@graph\":[{\"@type\":\"NewsArticle\",\"@id\":\"https:\/\/www.suno.com.br\/noticias\/ipva-mais-caro-2022-calcule-o-imposto\/#article\",\"isPartOf\":{\"@id\":\"https:\/\/www.suno.com.br\/noticias\/ipva-mais-caro-2022-calcule-o-imposto\/\"},\"author\":{\"name\":\"Monique Lima\",\"@id\":\"https:\/\/www.suno.com.br\/noticias\/#\/schema\/person\/d712329319cc9b10f254d02d654cb36a\"},\"headline\":\"IPVA vai ficar mais caro em 2022; veja como calcular o valor do imposto\",\"datePublished\":\"2021-10-14T14:48:02+00:00\",\"mainEntityOfPage\":{\"@id\":\"https:\/\/www.suno.com.br\/noticias\/ipva-mais-caro-2022-calcule-o-imposto\/\"},\"wordCount\":453,\"publisher\":{\"@id\":\"https:\/\/www.suno.com.br\/noticias\/#organization\"},\"image\":{\"@id\":\"https:\/\/www.suno.com.br\/noticias\/ipva-mais-caro-2022-calcule-o-imposto\/#primaryimage\"},\"thumbnailUrl\":\"https:\/\/files.sunoresearch.com.br\/n\/uploads\/2021\/10\/carros-pixabay.jpg\",\"keywords\":[\"Economia\",\"impostos\"],\"articleSection\":[\"Economia\"],\"inLanguage\":\"pt-BR\"},{\"@type\":\"WebPage\",\"@id\":\"https:\/\/www.suno.com.br\/noticias\/ipva-mais-caro-2022-calcule-o-imposto\/\",\"url\":\"https:\/\/www.suno.com.br\/noticias\/ipva-mais-caro-2022-calcule-o-imposto\/\",\"name\":\"IPVA vai ficar mais caro em 2022; veja como calcular o valor do imposto\",\"isPartOf\":{\"@id\":\"https:\/\/www.suno.com.br\/noticias\/#website\"},\"primaryImageOfPage\":{\"@id\":\"https:\/\/www.suno.com.br\/noticias\/ipva-mais-caro-2022-calcule-o-imposto\/#primaryimage\"},\"image\":{\"@id\":\"https:\/\/www.suno.com.br\/noticias\/ipva-mais-caro-2022-calcule-o-imposto\/#primaryimage\"},\"thumbnailUrl\":\"https:\/\/files.sunoresearch.com.br\/n\/uploads\/2021\/10\/carros-pixabay.jpg\",\"datePublished\":\"2021-10-14T14:48:02+00:00\",\"description\":\"O IPVA deve ficar mais caro em 2022, com o aumento no pre\u00e7o dos ve\u00edculos novos e seminovos. Veja detalhes e saiba como calcular o imposto\",\"breadcrumb\":{\"@id\":\"https:\/\/www.suno.com.br\/noticias\/ipva-mais-caro-2022-calcule-o-imposto\/#breadcrumb\"},\"inLanguage\":\"pt-BR\",\"potentialAction\":[{\"@type\":\"ReadAction\",\"target\":[\"https:\/\/www.suno.com.br\/noticias\/ipva-mais-caro-2022-calcule-o-imposto\/\"]}]},{\"@type\":\"ImageObject\",\"inLanguage\":\"pt-BR\",\"@id\":\"https:\/\/www.suno.com.br\/noticias\/ipva-mais-caro-2022-calcule-o-imposto\/#primaryimage\",\"url\":\"https:\/\/files.sunoresearch.com.br\/n\/uploads\/2021\/10\/carros-pixabay.jpg\",\"contentUrl\":\"https:\/\/files.sunoresearch.com.br\/n\/uploads\/2021\/10\/carros-pixabay.jpg\",\"width\":1920,\"height\":1280,\"caption\":\"Carro mais vendidos em fevereiro: No per\u00edodo, foram emplacadas 7,3 mil unidades, um crescimento da ordem de 9% em rela\u00e7\u00e3o aos 6.716 carros vendidos do modelo no m\u00eas anterior. Foto: Holger Schu\u00e9 por Pixabay\"},{\"@type\":\"BreadcrumbList\",\"@id\":\"https:\/\/www.suno.com.br\/noticias\/ipva-mais-caro-2022-calcule-o-imposto\/#breadcrumb\",\"itemListElement\":[{\"@type\":\"ListItem\",\"position\":1,\"name\":\"Not\u00edcias\",\"item\":\"https:\/\/www.suno.com.br\/noticias\/\"},{\"@type\":\"ListItem\",\"position\":2,\"name\":\"Economia\",\"item\":\"https:\/\/www.suno.com.br\/noticias\/economia\/\"},{\"@type\":\"ListItem\",\"position\":3,\"name\":\"IPVA vai ficar mais caro em 2022; veja como calcular o valor do imposto\"}]},{\"@type\":\"WebSite\",\"@id\":\"https:\/\/www.suno.com.br\/noticias\/#website\",\"url\":\"https:\/\/www.suno.com.br\/noticias\/\",\"name\":\"Suno Not\u00edcias\",\"description\":\"Seu portal de informa\u00e7\u00e3o sobre o mundo dos investimentos\",\"publisher\":{\"@id\":\"https:\/\/www.suno.com.br\/noticias\/#organization\"},\"potentialAction\":[{\"@type\":\"SearchAction\",\"target\":{\"@type\":\"EntryPoint\",\"urlTemplate\":\"https:\/\/www.suno.com.br\/noticias\/?s={search_term_string}\"},\"query-input\":{\"@type\":\"PropertyValueSpecification\",\"valueRequired\":true,\"valueName\":\"search_term_string\"}}],\"inLanguage\":\"pt-BR\"},{\"@type\":\"Organization\",\"@id\":\"https:\/\/www.suno.com.br\/noticias\/#organization\",\"name\":\"Suno Not\u00edcias\",\"url\":\"https:\/\/www.suno.com.br\/noticias\/\",\"logo\":{\"@type\":\"ImageObject\",\"inLanguage\":\"pt-BR\",\"@id\":\"https:\/\/www.suno.com.br\/noticias\/#\/schema\/logo\/image\/\",\"url\":\"https:\/\/files.sunoresearch.com.br\/n\/uploads\/2021\/09\/suno-logo.png\",\"contentUrl\":\"https:\/\/files.sunoresearch.com.br\/n\/uploads\/2021\/09\/suno-logo.png\",\"width\":180,\"height\":180,\"caption\":\"Suno Not\u00edcias\"},\"image\":{\"@id\":\"https:\/\/www.suno.com.br\/noticias\/#\/schema\/logo\/image\/\"},\"sameAs\":[\"https:\/\/facebook.com\/sunoresearch\",\"https:\/\/x.com\/sunoresearch\",\"https:\/\/www.instagram.com\/suno\",\"https:\/\/www.linkedin.com\/company\/suno-research\/\",\"https:\/\/www.youtube.com\/c\/sunoresearch\"]},{\"@type\":\"Person\",\"@id\":\"https:\/\/www.suno.com.br\/noticias\/#\/schema\/person\/d712329319cc9b10f254d02d654cb36a\",\"name\":\"Monique Lima\",\"image\":{\"@type\":\"ImageObject\",\"inLanguage\":\"pt-BR\",\"@id\":\"https:\/\/www.suno.com.br\/noticias\/#\/schema\/person\/image\/\",\"url\":\"https:\/\/secure.gravatar.com\/avatar\/daee7f16d906c2e9ffed236206ca2c30?s=96&r=g\",\"contentUrl\":\"https:\/\/secure.gravatar.com\/avatar\/daee7f16d906c2e9ffed236206ca2c30?s=96&r=g\",\"caption\":\"Monique Lima\"},\"description\":\"Rep\u00f3rter de Mercado no Suno Not\u00edcias, \u00e9 jornalista com experi\u00eancia na cobertura de economia, empreendedorismo, finan\u00e7as pessoais, mercado financeiro, carreira e recursos humanos. Formada em Jornalismo pela Universidade Paulista, teve experi\u00eancias em ve\u00edculos de comunica\u00e7\u00e3o como a Ag\u00eancia TradeMap, Revista Voc\u00ea S\/A e Revista Voc\u00ea RH, as duas \u00faltimas publica\u00e7\u00f5es da Editora Abril. No Suno Not\u00edcias, fala sobre as principais not\u00edcias de Fundos Imobili\u00e1rios, Fiagro, Startups e empresas listadas na Bolsa.\",\"url\":\"https:\/\/www.suno.com.br\/noticias\/author\/monique-lima\/\"}]}<\/script>\n<!-- \/ Yoast SEO plugin. -->","yoast_head_json":{"title":"IPVA vai ficar mais caro em 2022; veja como calcular o valor do imposto","description":"O IPVA deve ficar mais caro em 2022, com o aumento no pre\u00e7o dos ve\u00edculos novos e seminovos. Veja detalhes e saiba como calcular o imposto","robots":{"index":"index","follow":"follow","max-snippet":"max-snippet:-1","max-image-preview":"max-image-preview:large","max-video-preview":"max-video-preview:-1"},"canonical":"https:\/\/www.suno.com.br\/noticias\/ipva-mais-caro-2022-calcule-o-imposto\/","og_locale":"pt_BR","og_type":"article","og_title":"IPVA vai ficar mais caro em 2022; veja como calcular o valor do imposto","og_description":"O IPVA deve ficar mais caro em 2022, com o aumento no pre\u00e7o dos ve\u00edculos novos e seminovos. Veja detalhes e saiba como calcular o imposto","og_url":"https:\/\/www.suno.com.br\/noticias\/ipva-mais-caro-2022-calcule-o-imposto\/","og_site_name":"Suno Not\u00edcias","article_publisher":"https:\/\/facebook.com\/sunoresearch","og_image":[{"width":1920,"height":1280,"url":"https:\/\/files.sunoresearch.com.br\/n\/uploads\/2021\/10\/carros-pixabay.jpg","type":"image\/jpeg"}],"author":"Monique Lima","twitter_card":"summary_large_image","twitter_creator":"@sunoresearch","twitter_site":"@sunoresearch","twitter_misc":{"Escrito por":"Monique Lima","Est. tempo de leitura":"2 minutos"},"schema":{"@context":"https:\/\/schema.org","@graph":[{"@type":"NewsArticle","@id":"https:\/\/www.suno.com.br\/noticias\/ipva-mais-caro-2022-calcule-o-imposto\/#article","isPartOf":{"@id":"https:\/\/www.suno.com.br\/noticias\/ipva-mais-caro-2022-calcule-o-imposto\/"},"author":{"name":"Monique Lima","@id":"https:\/\/www.suno.com.br\/noticias\/#\/schema\/person\/d712329319cc9b10f254d02d654cb36a"},"headline":"IPVA vai ficar mais caro em 2022; veja como calcular o valor do imposto","datePublished":"2021-10-14T14:48:02+00:00","mainEntityOfPage":{"@id":"https:\/\/www.suno.com.br\/noticias\/ipva-mais-caro-2022-calcule-o-imposto\/"},"wordCount":453,"publisher":{"@id":"https:\/\/www.suno.com.br\/noticias\/#organization"},"image":{"@id":"https:\/\/www.suno.com.br\/noticias\/ipva-mais-caro-2022-calcule-o-imposto\/#primaryimage"},"thumbnailUrl":"https:\/\/files.sunoresearch.com.br\/n\/uploads\/2021\/10\/carros-pixabay.jpg","keywords":["Economia","impostos"],"articleSection":["Economia"],"inLanguage":"pt-BR"},{"@type":"WebPage","@id":"https:\/\/www.suno.com.br\/noticias\/ipva-mais-caro-2022-calcule-o-imposto\/","url":"https:\/\/www.suno.com.br\/noticias\/ipva-mais-caro-2022-calcule-o-imposto\/","name":"IPVA vai ficar mais caro em 2022; veja como calcular o valor do imposto","isPartOf":{"@id":"https:\/\/www.suno.com.br\/noticias\/#website"},"primaryImageOfPage":{"@id":"https:\/\/www.suno.com.br\/noticias\/ipva-mais-caro-2022-calcule-o-imposto\/#primaryimage"},"image":{"@id":"https:\/\/www.suno.com.br\/noticias\/ipva-mais-caro-2022-calcule-o-imposto\/#primaryimage"},"thumbnailUrl":"https:\/\/files.sunoresearch.com.br\/n\/uploads\/2021\/10\/carros-pixabay.jpg","datePublished":"2021-10-14T14:48:02+00:00","description":"O IPVA deve ficar mais caro em 2022, com o aumento no pre\u00e7o dos ve\u00edculos novos e seminovos. Veja detalhes e saiba como calcular o imposto","breadcrumb":{"@id":"https:\/\/www.suno.com.br\/noticias\/ipva-mais-caro-2022-calcule-o-imposto\/#breadcrumb"},"inLanguage":"pt-BR","potentialAction":[{"@type":"ReadAction","target":["https:\/\/www.suno.com.br\/noticias\/ipva-mais-caro-2022-calcule-o-imposto\/"]}]},{"@type":"ImageObject","inLanguage":"pt-BR","@id":"https:\/\/www.suno.com.br\/noticias\/ipva-mais-caro-2022-calcule-o-imposto\/#primaryimage","url":"https:\/\/files.sunoresearch.com.br\/n\/uploads\/2021\/10\/carros-pixabay.jpg","contentUrl":"https:\/\/files.sunoresearch.com.br\/n\/uploads\/2021\/10\/carros-pixabay.jpg","width":1920,"height":1280,"caption":"Carro mais vendidos em fevereiro: No per\u00edodo, foram emplacadas 7,3 mil unidades, um crescimento da ordem de 9% em rela\u00e7\u00e3o aos 6.716 carros vendidos do modelo no m\u00eas anterior. Foto: Holger Schu\u00e9 por Pixabay"},{"@type":"BreadcrumbList","@id":"https:\/\/www.suno.com.br\/noticias\/ipva-mais-caro-2022-calcule-o-imposto\/#breadcrumb","itemListElement":[{"@type":"ListItem","position":1,"name":"Not\u00edcias","item":"https:\/\/www.suno.com.br\/noticias\/"},{"@type":"ListItem","position":2,"name":"Economia","item":"https:\/\/www.suno.com.br\/noticias\/economia\/"},{"@type":"ListItem","position":3,"name":"IPVA vai ficar mais caro em 2022; veja como calcular o valor do imposto"}]},{"@type":"WebSite","@id":"https:\/\/www.suno.com.br\/noticias\/#website","url":"https:\/\/www.suno.com.br\/noticias\/","name":"Suno Not\u00edcias","description":"Seu portal de informa\u00e7\u00e3o sobre o mundo dos investimentos","publisher":{"@id":"https:\/\/www.suno.com.br\/noticias\/#organization"},"potentialAction":[{"@type":"SearchAction","target":{"@type":"EntryPoint","urlTemplate":"https:\/\/www.suno.com.br\/noticias\/?s={search_term_string}"},"query-input":{"@type":"PropertyValueSpecification","valueRequired":true,"valueName":"search_term_string"}}],"inLanguage":"pt-BR"},{"@type":"Organization","@id":"https:\/\/www.suno.com.br\/noticias\/#organization","name":"Suno Not\u00edcias","url":"https:\/\/www.suno.com.br\/noticias\/","logo":{"@type":"ImageObject","inLanguage":"pt-BR","@id":"https:\/\/www.suno.com.br\/noticias\/#\/schema\/logo\/image\/","url":"https:\/\/files.sunoresearch.com.br\/n\/uploads\/2021\/09\/suno-logo.png","contentUrl":"https:\/\/files.sunoresearch.com.br\/n\/uploads\/2021\/09\/suno-logo.png","width":180,"height":180,"caption":"Suno Not\u00edcias"},"image":{"@id":"https:\/\/www.suno.com.br\/noticias\/#\/schema\/logo\/image\/"},"sameAs":["https:\/\/facebook.com\/sunoresearch","https:\/\/x.com\/sunoresearch","https:\/\/www.instagram.com\/suno","https:\/\/www.linkedin.com\/company\/suno-research\/","https:\/\/www.youtube.com\/c\/sunoresearch"]},{"@type":"Person","@id":"https:\/\/www.suno.com.br\/noticias\/#\/schema\/person\/d712329319cc9b10f254d02d654cb36a","name":"Monique Lima","image":{"@type":"ImageObject","inLanguage":"pt-BR","@id":"https:\/\/www.suno.com.br\/noticias\/#\/schema\/person\/image\/","url":"https:\/\/secure.gravatar.com\/avatar\/daee7f16d906c2e9ffed236206ca2c30?s=96&r=g","contentUrl":"https:\/\/secure.gravatar.com\/avatar\/daee7f16d906c2e9ffed236206ca2c30?s=96&r=g","caption":"Monique Lima"},"description":"Rep\u00f3rter de Mercado no Suno Not\u00edcias, \u00e9 jornalista com experi\u00eancia na cobertura de economia, empreendedorismo, finan\u00e7as pessoais, mercado financeiro, carreira e recursos humanos. Formada em Jornalismo pela Universidade Paulista, teve experi\u00eancias em ve\u00edculos de comunica\u00e7\u00e3o como a Ag\u00eancia TradeMap, Revista Voc\u00ea S\/A e Revista Voc\u00ea RH, as duas \u00faltimas publica\u00e7\u00f5es da Editora Abril. No Suno Not\u00edcias, fala sobre as principais not\u00edcias de Fundos Imobili\u00e1rios, Fiagro, Startups e empresas listadas na Bolsa.","url":"https:\/\/www.suno.com.br\/noticias\/author\/monique-lima\/"}]}},"default_loop_html":"<div class=\"cardsPage__listCard__boxs\"><div class=\"cardsPage__listCard__boxs__img\"><a href=\"https:\/\/www.suno.com.br\/noticias\/ipva-mais-caro-2022-calcule-o-imposto\/\"><img class=\"mask\" src=\"https:\/\/www.suno.com.br\/noticias\/wp-content\/themes\/suno\/resources\/images\/spotlight\/spotlight1img\/bg-mask.png\" alt=\"Image Mask\"\/><img src=\"https:\/\/files.sunoresearch.com.br\/n\/uploads\/2021\/10\/carros-pixabay-400x200.jpg\" alt=\"IPVA vai ficar mais caro em 2022; veja como calcular o valor do imposto\"\/><\/a><span class=\"spotlightCategory\"><a href=\"https:\/\/www.suno.com.br\/noticias\/economia\/\">Economia<\/a><\/span><\/div><div class=\"cardsPage__listCard__boxs__content\"><a href=\"https:\/\/www.suno.com.br\/noticias\/ipva-mais-caro-2022-calcule-o-imposto\/\"><h2 class=\"content__title\">IPVA vai ficar mais caro em 2022; veja como calcular o valor do imposto<\/h2><\/a><div class=\"newsContent__article__meta\"><div class=\"newsContent__article__meta__authorBox\"><a href=\"https:\/\/www.suno.com.br\/noticias\/author\/monique-lima\/\" class=\"authorBox__avatar noMobi\"><img src=\"https:\/\/secure.gravatar.com\/avatar\/daee7f16d906c2e9ffed236206ca2c30?s=96&#038;r=g\" alt=\"Monique Lima\"><\/a><div class=\"authorBox__name\"><span>por\n\t\t\t<a href=\"https:\/\/www.suno.com.br\/noticias\/author\/monique-lima\/\"><span itemprop=\"author\">Monique Lima<\/span><\/a><\/span><time datetime=\"2021-10-14T11:48:02-03:00\" itemprop=\"datePublished\">14\/10\/2021 11:48<\/time><\/div><\/div><\/div><\/div><\/div>","single_layout":"posts","amp_enabled":true,"_links":{"self":[{"href":"https:\/\/www.suno.com.br\/noticias\/wp-json\/wp\/v2\/posts\/193542"}],"collection":[{"href":"https:\/\/www.suno.com.br\/noticias\/wp-json\/wp\/v2\/posts"}],"about":[{"href":"https:\/\/www.suno.com.br\/noticias\/wp-json\/wp\/v2\/types\/post"}],"author":[{"embeddable":true,"href":"https:\/\/www.suno.com.br\/noticias\/wp-json\/wp\/v2\/users\/102"}],"replies":[{"embeddable":true,"href":"https:\/\/www.suno.com.br\/noticias\/wp-json\/wp\/v2\/comments?post=193542"}],"version-history":[{"count":2,"href":"https:\/\/www.suno.com.br\/noticias\/wp-json\/wp\/v2\/posts\/193542\/revisions"}],"predecessor-version":[{"id":193610,"href":"https:\/\/www.suno.com.br\/noticias\/wp-json\/wp\/v2\/posts\/193542\/revisions\/193610"}],"wp:featuredmedia":[{"embeddable":true,"href":"https:\/\/www.suno.com.br\/noticias\/wp-json\/wp\/v2\/media\/193607"}],"wp:attachment":[{"href":"https:\/\/www.suno.com.br\/noticias\/wp-json\/wp\/v2\/media?parent=193542"}],"wp:term":[{"taxonomy":"category","embeddable":true,"href":"https:\/\/www.suno.com.br\/noticias\/wp-json\/wp\/v2\/categories?post=193542"},{"taxonomy":"post_tag","embeddable":true,"href":"https:\/\/www.suno.com.br\/noticias\/wp-json\/wp\/v2\/tags?post=193542"},{"taxonomy":"suno_strategy","embeddable":true,"href":"https:\/\/www.suno.com.br\/noticias\/wp-json\/wp\/v2\/suno_strategy?post=193542"}],"curies":[{"name":"wp","href":"https:\/\/api.w.org\/{rel}","templated":true}]}}