{"id":193327,"date":"2021-10-13T17:46:08","date_gmt":"2021-10-13T20:46:08","guid":{"rendered":"https:\/\/www.suno.com.br\/noticias\/?p=193327"},"modified":"2021-10-13T17:46:08","modified_gmt":"2021-10-13T20:46:08","slug":"nao-seria-caso-privatizar-petrobras-petr4-diz-lira","status":"publish","type":"post","link":"https:\/\/www.suno.com.br\/noticias\/nao-seria-caso-privatizar-petrobras-petr4-diz-lira\/","title":{"rendered":"Petrobras (PETR4): \u201cN\u00e3o seria melhor privatizar a empresa?\u201d, pergunta Lira"},"content":{"rendered":"<p>Nesta quarta-feira (13), o presidente da C\u00e2mara dos Deputados, Arthur<strong> Lira<\/strong> (PP-AL), questionou o papel da empresa no mercado brasileiro.\u00a0 &#8220;N\u00e3o seria o caso de privatizar a <a class=\"suno-keyword\" href=\"https:\/\/www.suno.com.br\/acoes\/PETR4\/\" target=\"_blank\" rel=\"noopener\" data-force=\"yes\" data-priority=\"2\">Petrobras (PETR4)<\/a>&#8220;. perguntou. O deputado afirmou que a estatal atua hoje num &#8220;limbo entre o p\u00fablico e o privado&#8221;, e criticou o &#8220;monop\u00f3lio absurdo&#8221; que a empresa tem no mercado de g\u00e1s.<\/p>\t<div class=\"wrapper-featured-image\">\n\t\t<figure class=\"spotlightImg\">\n\n\t\t\t<picture>\n\t\t\t\t<source media=\"(max-width: 768px)\" srcset=\"https:\/\/files.sunoresearch.com.br\/n\/uploads\/2021\/03\/fa91f49a-arthur-lira-foto-luis-macedo-camara-dos-deputados-400x200.webp\">\n\t\t\t\t<img loading=\"lazy\" decoding=\"async\" class=\"newsContent__article__imgCapa lazyloadDisabled \" src=\"https:\/\/files.sunoresearch.com.br\/n\/uploads\/2021\/03\/fa91f49a-arthur-lira-foto-luis-macedo-camara-dos-deputados-800x450.webp\" width=\"800\" height=\"450\" alt=\"Petrobras (PETR4): \u201cN\u00e3o seria melhor privatizar a empresa?\u201d, pergunta Lira\" fetchpriority=high \/>\n\t\t\t<\/picture>\n\n\t\t\t<figcaption class=\"wp-caption-text wp-caption-text--show\">Arthur Lira (PP-AL). Foto: Luis Macedo C\u00e2mara dos Deputados<\/figcaption>\n\t\t<\/figure>\n\t<\/div>\n\n\n\t<p>\n\t\t<a href=\"https:\/\/lp.suno.com.br\/planilha-controle-gastos\/\" target=\"_blank\" data-element=\"shortcode-suno-banner\" title=\"Banner SUNO, clique e saiba mais\">\n\t\t\t<picture>\n\t\t\t\t<source media=\"(max-width: 500px)\" srcset=\"https:\/\/files.sunoresearch.com.br\/n\/uploads\/2023\/03\/400x300-Planilha-controle-de-gastos.png\">\n\t\t\t\t<img class=\"newsContent__article__imgCapa newsContent__article__imgCapa--banner\"\n\t\t\t\t\tsrc=\"https:\/\/files.sunoresearch.com.br\/n\/uploads\/2023\/03\/1420x240-Planilha-controle-de-gastos.png\"\n\t\t\t\t\tdata-promo-id=\"101751\"\t\t\t\t\t\t\t\t\t\twidth='1420' height='240'\t\t\t\t\talt=\"https:\/\/files.sunoresearch.com.br\/n\/uploads\/2023\/03\/1420x240-Planilha-controle-de-gastos.png\"\n\t\t\t\t>\n\t\t\t<\/picture>\n\t\t<\/a>\n\t<\/p>\n\n\n<p>Segundo ele, a estatal, apesar de ter uma parte de capital privado, \u00e9 &#8220;predominantemente p\u00fablica e, por essa raz\u00e3o, \u00e9 importante rever sua pol\u00edtica de investimento energ\u00e9tico&#8221;. Para Lira, a Petrobras n\u00e3o pode apenas distribuir <strong>recursos para os acionistas<\/strong>. O presidente destacou que o foco da discuss\u00e3o n\u00e3o \u00e9 mudar a pol\u00edtica de pre\u00e7os da estatal ou a <strong>diretoria da empresa<\/strong>. As afirma\u00e7\u00f5es foram feitas em entrevista \u00e0 R\u00e1dio CNN nesta quarta.<\/p>\n<p>\u201cN\u00e3o h\u00e1 nem uma coisa nem nem outra: n\u00e3o existe conversa de bastidor nem para se mudar a pol\u00edtica de pre\u00e7o nem a sua diretoria. Ali funciona no autom\u00e1tico. <strong>Joaquim Luna e Silva<\/strong> (presidente da Petrobras) disse que a empresa n\u00e3o faz pol\u00edtica p\u00fablica. Ningu\u00e9m est\u00e1 falando de programa social nem de pol\u00edtica p\u00fablica. Estamos tratando do monop\u00f3lio absurdo do g\u00e1s de cozinha e da falta de investimento energ\u00e9tico. \u00c9 uma empresa predominantemente p\u00fablica, e o que existe ali \u00e9 uma pol\u00edtica que precisa ser revista, porque atualmente a companhia s\u00f3 distribui os recursos\u201d, criticou Lira.<\/p>\n\t<p>\n\t\t<a href=\"https:\/\/lp.suno.com.br\/planilha-da-vida-financeira\/\" target=\"_blank\" data-element=\"shortcode-suno-banner\" title=\"Banner SUNO, clique e saiba mais\">\n\t\t\t<picture>\n\t\t\t\t<source media=\"(max-width: 500px)\" srcset=\"https:\/\/files.sunoresearch.com.br\/n\/uploads\/2023\/04\/400x300-Planilha-vida-financeira-true.png\">\n\t\t\t\t<img class=\"newsContent__article__imgCapa newsContent__article__imgCapa--banner\"\n\t\t\t\t\tsrc=\"https:\/\/files.sunoresearch.com.br\/n\/uploads\/2023\/04\/1420x240-Planilha-vida-financeira-true.png\"\n\t\t\t\t\tdata-promo-id=\"106682\"\t\t\t\t\t\t\t\t\t\twidth='1420' height='240'\t\t\t\t\talt=\"https:\/\/files.sunoresearch.com.br\/n\/uploads\/2023\/04\/1420x240-Planilha-vida-financeira-true.png\"\n\t\t\t\t>\n\t\t\t<\/picture>\n\t\t<\/a>\n\t<\/p>\n\n\n<p>\u201cQueremos saber o que aconteceu com o gasoduto que foi vendido a R$ 90 bilh\u00f5es e por que esse recurso n\u00e3o foi para a Uni\u00e3o\u201d, cobrou o presidente da C\u00e2mara.<\/p>\n<h2>Lira quer alterar o ICMS dos combust\u00edveis<\/h2>\n<p>Lira e os deputados t\u00eam discutido uma proposta que altera a cobran\u00e7a do<strong> ICMS dos combust\u00edveis<\/strong>, com o objetivo de baixar os pre\u00e7os. A proposta ainda n\u00e3o tem data para ir aoplen\u00e1rio. De acordo com o presidente da C\u00e2mara, o valor do imposto seria calculado a partir da varia\u00e7\u00e3o do pre\u00e7o dos combust\u00edveis nos dois anos anteriores. O presidente avalia que haveria uma redu\u00e7\u00e3o imediata de 8% no pre\u00e7o da gasolina, 7% no do \u00e1lcool e 3,7% no do \u00f3leo diesel. Arthur Lira afirmou que o objetivo da proposta n\u00e3o \u00e9 retirar a arrecada\u00e7\u00e3o dos estados, mas criar uma \u201cbolsa de conten\u00e7\u00e3o\u201d para evitar o repasse direto do aumento dos combust\u00edveis para a popula\u00e7\u00e3o em raz\u00e3o das varia\u00e7\u00f5es do petr\u00f3leo e do d\u00f3lar.<\/p>\n\t<div data-element=\"shortcode-read-more\" class=\"knowMore\">\n\t\t\t\t<span class=\"knowMore__title\">Saiba mais<\/span>\n\t\t\t\t<a class=\"knowMore__link\" href=\"https:\/\/www.suno.com.br\/noticias\/icms-lira-votara-alteracao-combustiveis\/\">\n\t\t\tLira: proposta de mudan\u00e7a no ICMS dos combust\u00edveis ir\u00e1 a plen\u00e1rio na pr\u00f3xima quarta (13)\t\t<\/a>\n\t<\/div>\n\n\n\t<p>\n\t\t<a href=\"https:\/\/lp.suno.com.br\/ebook-como-analisar-uma-acao\/\" target=\"_blank\" data-element=\"shortcode-suno-banner\" title=\"Banner SUNO, clique e saiba mais\">\n\t\t\t<picture>\n\t\t\t\t<source media=\"(max-width: 500px)\" srcset=\"https:\/\/files.sunoresearch.com.br\/n\/uploads\/2023\/03\/Ebook-Acoes-Mobile-1.jpg\">\n\t\t\t\t<img class=\"newsContent__article__imgCapa newsContent__article__imgCapa--banner\"\n\t\t\t\t\tsrc=\"https:\/\/files.sunoresearch.com.br\/n\/uploads\/2023\/03\/Ebook-Acoes-Desktop-1.jpg\"\n\t\t\t\t\tdata-promo-id=\"171998\"\t\t\t\t\t\t\t\t\t\twidth='1420' height='286'\t\t\t\t\talt=\"https:\/\/files.sunoresearch.com.br\/n\/uploads\/2023\/03\/Ebook-Acoes-Desktop-1.jpg\"\n\t\t\t\t>\n\t\t\t<\/picture>\n\t\t<\/a>\n\t<\/p>\n\n\n<p>\u201cO governo federal j\u00e1 tem o imposto <strong>congelado<\/strong> desde 2004, estamos em 2021. Ele \u00e9 fixo, n\u00e3o aumenta, independentemente da varia\u00e7\u00e3o do petr\u00f3leo. \u00c9 um assunto que tem gerado discuss\u00e3o. O g\u00e1s \u00e9 uma crise no Brasil. O monop\u00f3lio da Petrobras \u00e9 absurdo, temos aumento de queimaduras de \u00e1lcool, as pessoas usando lenha para cozinhar. Esses assuntos precisam ser tratados com transpar\u00eancia e n\u00e3o com vers\u00e3o\u201d, disse.<\/p>\n\t<p>\n\t\t<a href=\"https:\/\/lp.suno.com.br\/planilha-de-controle-de-investimentos\/\" target=\"_blank\" data-element=\"shortcode-suno-banner\" title=\"Banner SUNO, clique e saiba mais\">\n\t\t\t<picture>\n\t\t\t\t<source media=\"(max-width: 500px)\" srcset=\"https:\/\/files.sunoresearch.com.br\/n\/uploads\/2023\/03\/400x300-Controle-de-Investimentos.png\">\n\t\t\t\t<img class=\"newsContent__article__imgCapa newsContent__article__imgCapa--banner\"\n\t\t\t\t\tsrc=\"https:\/\/files.sunoresearch.com.br\/n\/uploads\/2023\/03\/1420x240-Controle-de-Investimentos.png\"\n\t\t\t\t\tdata-promo-id=\"75934\"\t\t\t\t\t\t\t\t\t\twidth='1420' height='240'\t\t\t\t\talt=\"https:\/\/files.sunoresearch.com.br\/n\/uploads\/2023\/03\/1420x240-Controle-de-Investimentos.png\"\n\t\t\t\t>\n\t\t\t<\/picture>\n\t\t<\/a>\n\t<\/p>\n\n\n<p>\u201cEstamos propondo de forma clara que, no momento de crise, que impacta a vida dos brasileiros, os estados possam deixar de ganhar mais, n\u00e3o v\u00e3o perder a longo e m\u00e9dio prazo\u201d, explicou <strong>Lira<\/strong>.<\/p>\n<p><em>(Com Ag\u00eancia C\u00e2mara de Not\u00edcias)<\/em><\/p>\n\t<p>\n\t\t<a href=\"\" target=\"_blank\" data-element=\"shortcode-suno-banner\" title=\"Banner SUNO, clique e saiba mais\">\n\t\t\t<picture>\n\t\t\t\t<source media=\"(max-width: 500px)\" srcset=\"\">\n\t\t\t\t<img class=\"newsContent__article__imgCapa newsContent__article__imgCapa--banner\"\n\t\t\t\t\tsrc=\"\"\n\t\t\t\t\tdata-promo-id=\"184190\"\t\t\t\t\t\t\t\t\t\t\t\t\t\t\talt=\"\"\n\t\t\t\t>\n\t\t\t<\/picture>\n\t\t<\/a>\n\t<\/p>\n\n\n","protected":false},"excerpt":{"rendered":"<p>Nesta quarta-feira (13), o presidente da C\u00e2mara dos Deputados, Arthur Lira (PP-AL), questionou o papel da empresa no mercado brasileiro.\u00a0 &#8220;N\u00e3o seria o caso de privatizar a Petrobras (PETR4)&#8220;. perguntou. O deputado afirmou que a estatal atua hoje num &#8220;limbo entre o p\u00fablico e o privado&#8221;, e criticou o &#8220;monop\u00f3lio absurdo&#8221; que a empresa tem [&hellip;]<\/p>\n","protected":false},"author":118,"featured_media":130156,"comment_status":"closed","ping_status":"closed","sticky":false,"template":"","format":"standard","meta":[],"categories":[61],"tags":[104858,595],"suno_strategy":[],"class_list":["post-193327","post","type-post","status-publish","format-standard","has-post-thumbnail","hentry","category-politica","tag-arthur-lira","tag-petrobras-petr4"],"yoast_head":"<!-- This site is optimized with the Yoast SEO plugin v24.4 - https:\/\/yoast.com\/wordpress\/plugins\/seo\/ -->\n<title>Petrobras (PETR4): \u201cN\u00e3o seria melhor privatizar a empresa?\u201d, pergunta Lira<\/title>\n<meta name=\"description\" content=\"Nesta quarta, o presidente da C\u00e2mara dos Deputados, Arthur Lira, indagou se &quot;n\u00e3o seria o caso de privatizar a Petrobras (PETR4)&quot;...Saiba mais\" \/>\n<meta name=\"robots\" content=\"index, follow, max-snippet:-1, max-image-preview:large, max-video-preview:-1\" \/>\n<link rel=\"canonical\" href=\"https:\/\/www.suno.com.br\/noticias\/nao-seria-caso-privatizar-petrobras-petr4-diz-lira\/\" \/>\n<meta property=\"og:locale\" content=\"pt_BR\" \/>\n<meta property=\"og:type\" content=\"article\" \/>\n<meta property=\"og:title\" content=\"Petrobras (PETR4): \u201cN\u00e3o seria melhor privatizar a empresa?\u201d, pergunta Lira\" \/>\n<meta property=\"og:description\" content=\"Nesta quarta, o presidente da C\u00e2mara dos Deputados, Arthur Lira, indagou se &quot;n\u00e3o seria o caso de privatizar a Petrobras (PETR4)&quot;...Saiba mais\" \/>\n<meta property=\"og:url\" content=\"https:\/\/www.suno.com.br\/noticias\/nao-seria-caso-privatizar-petrobras-petr4-diz-lira\/\" \/>\n<meta property=\"og:site_name\" content=\"Suno Not\u00edcias\" \/>\n<meta property=\"article:publisher\" content=\"https:\/\/facebook.com\/sunoresearch\" \/>\n<meta property=\"og:image\" content=\"https:\/\/files.sunoresearch.com.br\/n\/uploads\/2021\/03\/fa91f49a-arthur-lira-foto-luis-macedo-camara-dos-deputados.jpg\" \/>\n\t<meta property=\"og:image:width\" content=\"1200\" \/>\n\t<meta property=\"og:image:height\" content=\"800\" \/>\n\t<meta property=\"og:image:type\" content=\"image\/jpeg\" \/>\n<meta name=\"author\" content=\"Bruno Galv\u00e3o\" \/>\n<meta name=\"twitter:card\" content=\"summary_large_image\" \/>\n<meta name=\"twitter:creator\" content=\"@sunoresearch\" \/>\n<meta name=\"twitter:site\" content=\"@sunoresearch\" \/>\n<meta name=\"twitter:label1\" content=\"Escrito por\" \/>\n\t<meta name=\"twitter:data1\" content=\"Bruno Galv\u00e3o\" \/>\n\t<meta name=\"twitter:label2\" content=\"Est. tempo de leitura\" \/>\n\t<meta name=\"twitter:data2\" content=\"3 minutos\" \/>\n<script type=\"application\/ld+json\" class=\"yoast-schema-graph\">{\"@context\":\"https:\/\/schema.org\",\"@graph\":[{\"@type\":\"NewsArticle\",\"@id\":\"https:\/\/www.suno.com.br\/noticias\/nao-seria-caso-privatizar-petrobras-petr4-diz-lira\/#article\",\"isPartOf\":{\"@id\":\"https:\/\/www.suno.com.br\/noticias\/nao-seria-caso-privatizar-petrobras-petr4-diz-lira\/\"},\"author\":{\"name\":\"Bruno Galv\u00e3o\",\"@id\":\"https:\/\/www.suno.com.br\/noticias\/#\/schema\/person\/06f0d962a6b1c54852e4860f16935600\"},\"headline\":\"Petrobras (PETR4): \u201cN\u00e3o seria melhor privatizar a empresa?\u201d, pergunta Lira\",\"datePublished\":\"2021-10-13T20:46:08+00:00\",\"mainEntityOfPage\":{\"@id\":\"https:\/\/www.suno.com.br\/noticias\/nao-seria-caso-privatizar-petrobras-petr4-diz-lira\/\"},\"wordCount\":580,\"publisher\":{\"@id\":\"https:\/\/www.suno.com.br\/noticias\/#organization\"},\"image\":{\"@id\":\"https:\/\/www.suno.com.br\/noticias\/nao-seria-caso-privatizar-petrobras-petr4-diz-lira\/#primaryimage\"},\"thumbnailUrl\":\"https:\/\/files.sunoresearch.com.br\/n\/uploads\/2021\/03\/fa91f49a-arthur-lira-foto-luis-macedo-camara-dos-deputados-jpg.webp\",\"keywords\":[\"Arthur Lira\",\"Petrobras (PETR4)\"],\"articleSection\":[\"Pol\u00edtica\"],\"inLanguage\":\"pt-BR\"},{\"@type\":\"WebPage\",\"@id\":\"https:\/\/www.suno.com.br\/noticias\/nao-seria-caso-privatizar-petrobras-petr4-diz-lira\/\",\"url\":\"https:\/\/www.suno.com.br\/noticias\/nao-seria-caso-privatizar-petrobras-petr4-diz-lira\/\",\"name\":\"Petrobras (PETR4): \u201cN\u00e3o seria melhor privatizar a empresa?\u201d, pergunta Lira\",\"isPartOf\":{\"@id\":\"https:\/\/www.suno.com.br\/noticias\/#website\"},\"primaryImageOfPage\":{\"@id\":\"https:\/\/www.suno.com.br\/noticias\/nao-seria-caso-privatizar-petrobras-petr4-diz-lira\/#primaryimage\"},\"image\":{\"@id\":\"https:\/\/www.suno.com.br\/noticias\/nao-seria-caso-privatizar-petrobras-petr4-diz-lira\/#primaryimage\"},\"thumbnailUrl\":\"https:\/\/files.sunoresearch.com.br\/n\/uploads\/2021\/03\/fa91f49a-arthur-lira-foto-luis-macedo-camara-dos-deputados-jpg.webp\",\"datePublished\":\"2021-10-13T20:46:08+00:00\",\"description\":\"Nesta quarta, o presidente da C\u00e2mara dos Deputados, Arthur Lira, indagou se \\\"n\u00e3o seria o caso de privatizar a Petrobras (PETR4)\\\"...Saiba mais\",\"breadcrumb\":{\"@id\":\"https:\/\/www.suno.com.br\/noticias\/nao-seria-caso-privatizar-petrobras-petr4-diz-lira\/#breadcrumb\"},\"inLanguage\":\"pt-BR\",\"potentialAction\":[{\"@type\":\"ReadAction\",\"target\":[\"https:\/\/www.suno.com.br\/noticias\/nao-seria-caso-privatizar-petrobras-petr4-diz-lira\/\"]}]},{\"@type\":\"ImageObject\",\"inLanguage\":\"pt-BR\",\"@id\":\"https:\/\/www.suno.com.br\/noticias\/nao-seria-caso-privatizar-petrobras-petr4-diz-lira\/#primaryimage\",\"url\":\"https:\/\/files.sunoresearch.com.br\/n\/uploads\/2021\/03\/fa91f49a-arthur-lira-foto-luis-macedo-camara-dos-deputados-jpg.webp\",\"contentUrl\":\"https:\/\/files.sunoresearch.com.br\/n\/uploads\/2021\/03\/fa91f49a-arthur-lira-foto-luis-macedo-camara-dos-deputados-jpg.webp\",\"width\":1200,\"height\":800,\"caption\":\"Arthur Lira (PP-AL). Foto: Luis Macedo C\u00e2mara dos Deputados\"},{\"@type\":\"BreadcrumbList\",\"@id\":\"https:\/\/www.suno.com.br\/noticias\/nao-seria-caso-privatizar-petrobras-petr4-diz-lira\/#breadcrumb\",\"itemListElement\":[{\"@type\":\"ListItem\",\"position\":1,\"name\":\"Not\u00edcias\",\"item\":\"https:\/\/www.suno.com.br\/noticias\/\"},{\"@type\":\"ListItem\",\"position\":2,\"name\":\"Pol\u00edtica\",\"item\":\"https:\/\/www.suno.com.br\/noticias\/politica\/\"},{\"@type\":\"ListItem\",\"position\":3,\"name\":\"Petrobras (PETR4): \u201cN\u00e3o seria melhor privatizar a empresa?\u201d, pergunta Lira\"}]},{\"@type\":\"WebSite\",\"@id\":\"https:\/\/www.suno.com.br\/noticias\/#website\",\"url\":\"https:\/\/www.suno.com.br\/noticias\/\",\"name\":\"Suno Not\u00edcias\",\"description\":\"Seu portal de informa\u00e7\u00e3o sobre o mundo dos investimentos\",\"publisher\":{\"@id\":\"https:\/\/www.suno.com.br\/noticias\/#organization\"},\"potentialAction\":[{\"@type\":\"SearchAction\",\"target\":{\"@type\":\"EntryPoint\",\"urlTemplate\":\"https:\/\/www.suno.com.br\/noticias\/?s={search_term_string}\"},\"query-input\":{\"@type\":\"PropertyValueSpecification\",\"valueRequired\":true,\"valueName\":\"search_term_string\"}}],\"inLanguage\":\"pt-BR\"},{\"@type\":\"Organization\",\"@id\":\"https:\/\/www.suno.com.br\/noticias\/#organization\",\"name\":\"Suno Not\u00edcias\",\"url\":\"https:\/\/www.suno.com.br\/noticias\/\",\"logo\":{\"@type\":\"ImageObject\",\"inLanguage\":\"pt-BR\",\"@id\":\"https:\/\/www.suno.com.br\/noticias\/#\/schema\/logo\/image\/\",\"url\":\"https:\/\/files.sunoresearch.com.br\/n\/uploads\/2021\/09\/suno-logo.png\",\"contentUrl\":\"https:\/\/files.sunoresearch.com.br\/n\/uploads\/2021\/09\/suno-logo.png\",\"width\":180,\"height\":180,\"caption\":\"Suno Not\u00edcias\"},\"image\":{\"@id\":\"https:\/\/www.suno.com.br\/noticias\/#\/schema\/logo\/image\/\"},\"sameAs\":[\"https:\/\/facebook.com\/sunoresearch\",\"https:\/\/x.com\/sunoresearch\",\"https:\/\/www.instagram.com\/suno\",\"https:\/\/www.linkedin.com\/company\/suno-research\/\",\"https:\/\/www.youtube.com\/c\/sunoresearch\"]},{\"@type\":\"Person\",\"@id\":\"https:\/\/www.suno.com.br\/noticias\/#\/schema\/person\/06f0d962a6b1c54852e4860f16935600\",\"name\":\"Bruno Galv\u00e3o\",\"image\":{\"@type\":\"ImageObject\",\"inLanguage\":\"pt-BR\",\"@id\":\"https:\/\/www.suno.com.br\/noticias\/#\/schema\/person\/image\/\",\"url\":\"https:\/\/secure.gravatar.com\/avatar\/53598df0b41c00f12f287a912d0e918e?s=96&r=g\",\"contentUrl\":\"https:\/\/secure.gravatar.com\/avatar\/53598df0b41c00f12f287a912d0e918e?s=96&r=g\",\"caption\":\"Bruno Galv\u00e3o\"},\"description\":\"Escreve para o portal Suno Not\u00edcias. \u00c9 estudante de Jornalismo pela Faculdade C\u00e1sper L\u00edbero e Letras pela USP. Entusiasta de tecnologia e intelig\u00eancia artificial.\",\"url\":\"https:\/\/www.suno.com.br\/noticias\/author\/bruno-garcia\/\"}]}<\/script>\n<!-- \/ Yoast SEO plugin. -->","yoast_head_json":{"title":"Petrobras (PETR4): \u201cN\u00e3o seria melhor privatizar a empresa?\u201d, pergunta Lira","description":"Nesta quarta, o presidente da C\u00e2mara dos Deputados, Arthur Lira, indagou se \"n\u00e3o seria o caso de privatizar a Petrobras (PETR4)\"...Saiba mais","robots":{"index":"index","follow":"follow","max-snippet":"max-snippet:-1","max-image-preview":"max-image-preview:large","max-video-preview":"max-video-preview:-1"},"canonical":"https:\/\/www.suno.com.br\/noticias\/nao-seria-caso-privatizar-petrobras-petr4-diz-lira\/","og_locale":"pt_BR","og_type":"article","og_title":"Petrobras (PETR4): \u201cN\u00e3o seria melhor privatizar a empresa?\u201d, pergunta Lira","og_description":"Nesta quarta, o presidente da C\u00e2mara dos Deputados, Arthur Lira, indagou se \"n\u00e3o seria o caso de privatizar a Petrobras (PETR4)\"...Saiba mais","og_url":"https:\/\/www.suno.com.br\/noticias\/nao-seria-caso-privatizar-petrobras-petr4-diz-lira\/","og_site_name":"Suno Not\u00edcias","article_publisher":"https:\/\/facebook.com\/sunoresearch","og_image":[{"width":1200,"height":800,"url":"https:\/\/files.sunoresearch.com.br\/n\/uploads\/2021\/03\/fa91f49a-arthur-lira-foto-luis-macedo-camara-dos-deputados.jpg","type":"image\/jpeg"}],"author":"Bruno Galv\u00e3o","twitter_card":"summary_large_image","twitter_creator":"@sunoresearch","twitter_site":"@sunoresearch","twitter_misc":{"Escrito por":"Bruno Galv\u00e3o","Est. tempo de leitura":"3 minutos"},"schema":{"@context":"https:\/\/schema.org","@graph":[{"@type":"NewsArticle","@id":"https:\/\/www.suno.com.br\/noticias\/nao-seria-caso-privatizar-petrobras-petr4-diz-lira\/#article","isPartOf":{"@id":"https:\/\/www.suno.com.br\/noticias\/nao-seria-caso-privatizar-petrobras-petr4-diz-lira\/"},"author":{"name":"Bruno Galv\u00e3o","@id":"https:\/\/www.suno.com.br\/noticias\/#\/schema\/person\/06f0d962a6b1c54852e4860f16935600"},"headline":"Petrobras (PETR4): \u201cN\u00e3o seria melhor privatizar a empresa?\u201d, pergunta Lira","datePublished":"2021-10-13T20:46:08+00:00","mainEntityOfPage":{"@id":"https:\/\/www.suno.com.br\/noticias\/nao-seria-caso-privatizar-petrobras-petr4-diz-lira\/"},"wordCount":580,"publisher":{"@id":"https:\/\/www.suno.com.br\/noticias\/#organization"},"image":{"@id":"https:\/\/www.suno.com.br\/noticias\/nao-seria-caso-privatizar-petrobras-petr4-diz-lira\/#primaryimage"},"thumbnailUrl":"https:\/\/files.sunoresearch.com.br\/n\/uploads\/2021\/03\/fa91f49a-arthur-lira-foto-luis-macedo-camara-dos-deputados-jpg.webp","keywords":["Arthur Lira","Petrobras (PETR4)"],"articleSection":["Pol\u00edtica"],"inLanguage":"pt-BR"},{"@type":"WebPage","@id":"https:\/\/www.suno.com.br\/noticias\/nao-seria-caso-privatizar-petrobras-petr4-diz-lira\/","url":"https:\/\/www.suno.com.br\/noticias\/nao-seria-caso-privatizar-petrobras-petr4-diz-lira\/","name":"Petrobras (PETR4): \u201cN\u00e3o seria melhor privatizar a empresa?\u201d, pergunta Lira","isPartOf":{"@id":"https:\/\/www.suno.com.br\/noticias\/#website"},"primaryImageOfPage":{"@id":"https:\/\/www.suno.com.br\/noticias\/nao-seria-caso-privatizar-petrobras-petr4-diz-lira\/#primaryimage"},"image":{"@id":"https:\/\/www.suno.com.br\/noticias\/nao-seria-caso-privatizar-petrobras-petr4-diz-lira\/#primaryimage"},"thumbnailUrl":"https:\/\/files.sunoresearch.com.br\/n\/uploads\/2021\/03\/fa91f49a-arthur-lira-foto-luis-macedo-camara-dos-deputados-jpg.webp","datePublished":"2021-10-13T20:46:08+00:00","description":"Nesta quarta, o presidente da C\u00e2mara dos Deputados, Arthur Lira, indagou se \"n\u00e3o seria o caso de privatizar a Petrobras (PETR4)\"...Saiba mais","breadcrumb":{"@id":"https:\/\/www.suno.com.br\/noticias\/nao-seria-caso-privatizar-petrobras-petr4-diz-lira\/#breadcrumb"},"inLanguage":"pt-BR","potentialAction":[{"@type":"ReadAction","target":["https:\/\/www.suno.com.br\/noticias\/nao-seria-caso-privatizar-petrobras-petr4-diz-lira\/"]}]},{"@type":"ImageObject","inLanguage":"pt-BR","@id":"https:\/\/www.suno.com.br\/noticias\/nao-seria-caso-privatizar-petrobras-petr4-diz-lira\/#primaryimage","url":"https:\/\/files.sunoresearch.com.br\/n\/uploads\/2021\/03\/fa91f49a-arthur-lira-foto-luis-macedo-camara-dos-deputados-jpg.webp","contentUrl":"https:\/\/files.sunoresearch.com.br\/n\/uploads\/2021\/03\/fa91f49a-arthur-lira-foto-luis-macedo-camara-dos-deputados-jpg.webp","width":1200,"height":800,"caption":"Arthur Lira (PP-AL). Foto: Luis Macedo C\u00e2mara dos Deputados"},{"@type":"BreadcrumbList","@id":"https:\/\/www.suno.com.br\/noticias\/nao-seria-caso-privatizar-petrobras-petr4-diz-lira\/#breadcrumb","itemListElement":[{"@type":"ListItem","position":1,"name":"Not\u00edcias","item":"https:\/\/www.suno.com.br\/noticias\/"},{"@type":"ListItem","position":2,"name":"Pol\u00edtica","item":"https:\/\/www.suno.com.br\/noticias\/politica\/"},{"@type":"ListItem","position":3,"name":"Petrobras (PETR4): \u201cN\u00e3o seria melhor privatizar a empresa?\u201d, pergunta Lira"}]},{"@type":"WebSite","@id":"https:\/\/www.suno.com.br\/noticias\/#website","url":"https:\/\/www.suno.com.br\/noticias\/","name":"Suno Not\u00edcias","description":"Seu portal de informa\u00e7\u00e3o sobre o mundo dos investimentos","publisher":{"@id":"https:\/\/www.suno.com.br\/noticias\/#organization"},"potentialAction":[{"@type":"SearchAction","target":{"@type":"EntryPoint","urlTemplate":"https:\/\/www.suno.com.br\/noticias\/?s={search_term_string}"},"query-input":{"@type":"PropertyValueSpecification","valueRequired":true,"valueName":"search_term_string"}}],"inLanguage":"pt-BR"},{"@type":"Organization","@id":"https:\/\/www.suno.com.br\/noticias\/#organization","name":"Suno Not\u00edcias","url":"https:\/\/www.suno.com.br\/noticias\/","logo":{"@type":"ImageObject","inLanguage":"pt-BR","@id":"https:\/\/www.suno.com.br\/noticias\/#\/schema\/logo\/image\/","url":"https:\/\/files.sunoresearch.com.br\/n\/uploads\/2021\/09\/suno-logo.png","contentUrl":"https:\/\/files.sunoresearch.com.br\/n\/uploads\/2021\/09\/suno-logo.png","width":180,"height":180,"caption":"Suno Not\u00edcias"},"image":{"@id":"https:\/\/www.suno.com.br\/noticias\/#\/schema\/logo\/image\/"},"sameAs":["https:\/\/facebook.com\/sunoresearch","https:\/\/x.com\/sunoresearch","https:\/\/www.instagram.com\/suno","https:\/\/www.linkedin.com\/company\/suno-research\/","https:\/\/www.youtube.com\/c\/sunoresearch"]},{"@type":"Person","@id":"https:\/\/www.suno.com.br\/noticias\/#\/schema\/person\/06f0d962a6b1c54852e4860f16935600","name":"Bruno Galv\u00e3o","image":{"@type":"ImageObject","inLanguage":"pt-BR","@id":"https:\/\/www.suno.com.br\/noticias\/#\/schema\/person\/image\/","url":"https:\/\/secure.gravatar.com\/avatar\/53598df0b41c00f12f287a912d0e918e?s=96&r=g","contentUrl":"https:\/\/secure.gravatar.com\/avatar\/53598df0b41c00f12f287a912d0e918e?s=96&r=g","caption":"Bruno Galv\u00e3o"},"description":"Escreve para o portal Suno Not\u00edcias. \u00c9 estudante de Jornalismo pela Faculdade C\u00e1sper L\u00edbero e Letras pela USP. Entusiasta de tecnologia e intelig\u00eancia artificial.","url":"https:\/\/www.suno.com.br\/noticias\/author\/bruno-garcia\/"}]}},"default_loop_html":"<div class=\"cardsPage__listCard__boxs\"><div class=\"cardsPage__listCard__boxs__img\"><a href=\"https:\/\/www.suno.com.br\/noticias\/nao-seria-caso-privatizar-petrobras-petr4-diz-lira\/\"><img class=\"mask\" src=\"https:\/\/www.suno.com.br\/noticias\/wp-content\/themes\/suno\/resources\/images\/spotlight\/spotlight1img\/bg-mask.png\" alt=\"Image Mask\"\/><img src=\"https:\/\/files.sunoresearch.com.br\/n\/uploads\/2021\/03\/fa91f49a-arthur-lira-foto-luis-macedo-camara-dos-deputados-400x200.webp\" alt=\"Petrobras (PETR4): \u201cN\u00e3o seria melhor privatizar a empresa?\u201d, pergunta Lira\"\/><\/a><span class=\"spotlightCategory\"><a href=\"https:\/\/www.suno.com.br\/noticias\/politica\/\">Pol\u00edtica<\/a><\/span><\/div><div class=\"cardsPage__listCard__boxs__content\"><a href=\"https:\/\/www.suno.com.br\/noticias\/nao-seria-caso-privatizar-petrobras-petr4-diz-lira\/\"><h2 class=\"content__title\">Petrobras (PETR4): \u201cN\u00e3o seria melhor privatizar a empresa?\u201d, pergunta Lira<\/h2><\/a><div class=\"newsContent__article__meta\"><div class=\"newsContent__article__meta__authorBox\"><a href=\"https:\/\/www.suno.com.br\/noticias\/author\/bruno-garcia\/\" class=\"authorBox__avatar noMobi\"><img src=\"https:\/\/secure.gravatar.com\/avatar\/53598df0b41c00f12f287a912d0e918e?s=96&#038;r=g\" alt=\"Bruno Galv\u00e3o\"><\/a><div class=\"authorBox__name\"><span>por\n\t\t\t<a href=\"https:\/\/www.suno.com.br\/noticias\/author\/bruno-garcia\/\"><span itemprop=\"author\">Bruno Galv\u00e3o<\/span><\/a><\/span><time datetime=\"2021-10-13T17:46:08-03:00\" itemprop=\"datePublished\">13\/10\/2021 17:46<\/time><\/div><\/div><\/div><\/div><\/div>","single_layout":"posts","amp_enabled":true,"_links":{"self":[{"href":"https:\/\/www.suno.com.br\/noticias\/wp-json\/wp\/v2\/posts\/193327"}],"collection":[{"href":"https:\/\/www.suno.com.br\/noticias\/wp-json\/wp\/v2\/posts"}],"about":[{"href":"https:\/\/www.suno.com.br\/noticias\/wp-json\/wp\/v2\/types\/post"}],"author":[{"embeddable":true,"href":"https:\/\/www.suno.com.br\/noticias\/wp-json\/wp\/v2\/users\/118"}],"replies":[{"embeddable":true,"href":"https:\/\/www.suno.com.br\/noticias\/wp-json\/wp\/v2\/comments?post=193327"}],"version-history":[{"count":3,"href":"https:\/\/www.suno.com.br\/noticias\/wp-json\/wp\/v2\/posts\/193327\/revisions"}],"predecessor-version":[{"id":193350,"href":"https:\/\/www.suno.com.br\/noticias\/wp-json\/wp\/v2\/posts\/193327\/revisions\/193350"}],"wp:featuredmedia":[{"embeddable":true,"href":"https:\/\/www.suno.com.br\/noticias\/wp-json\/wp\/v2\/media\/130156"}],"wp:attachment":[{"href":"https:\/\/www.suno.com.br\/noticias\/wp-json\/wp\/v2\/media?parent=193327"}],"wp:term":[{"taxonomy":"category","embeddable":true,"href":"https:\/\/www.suno.com.br\/noticias\/wp-json\/wp\/v2\/categories?post=193327"},{"taxonomy":"post_tag","embeddable":true,"href":"https:\/\/www.suno.com.br\/noticias\/wp-json\/wp\/v2\/tags?post=193327"},{"taxonomy":"suno_strategy","embeddable":true,"href":"https:\/\/www.suno.com.br\/noticias\/wp-json\/wp\/v2\/suno_strategy?post=193327"}],"curies":[{"name":"wp","href":"https:\/\/api.w.org\/{rel}","templated":true}]}}