{"id":193325,"date":"2021-10-13T18:02:02","date_gmt":"2021-10-13T21:02:02","guid":{"rendered":"https:\/\/www.suno.com.br\/noticias\/?p=193325"},"modified":"2021-10-13T18:07:52","modified_gmt":"2021-10-13T21:07:52","slug":"dolar-fecha-queda-inflacao-eua","status":"publish","type":"post","link":"https:\/\/www.suno.com.br\/noticias\/dolar-fecha-queda-inflacao-eua\/","title":{"rendered":"D\u00f3lar fecha em queda de 0,51%, com an\u00fancio de leil\u00e3o extra no BC e infla\u00e7\u00e3o dos EUA"},"content":{"rendered":"<p>O<strong> d\u00f3lar <\/strong>encerrou as negocia\u00e7\u00f5es desta quarta-feira (13) em queda de 0,51%, frente ao real, valendo R$ 5,509 na venda.<\/p>\t<div class=\"wrapper-featured-image\">\n\t\t<figure class=\"spotlightImg\">\n\n\t\t\t<picture>\n\t\t\t\t<source media=\"(max-width: 768px)\" srcset=\"https:\/\/files.sunoresearch.com.br\/n\/uploads\/2021\/05\/475ceeb8-dollar-2931882_1280-400x200.webp\">\n\t\t\t\t<img loading=\"lazy\" decoding=\"async\" class=\"newsContent__article__imgCapa lazyloadDisabled \" src=\"https:\/\/files.sunoresearch.com.br\/n\/uploads\/2021\/05\/475ceeb8-dollar-2931882_1280-800x450.webp\" width=\"800\" height=\"450\" alt=\"D\u00f3lar fecha em queda de 0,51%, com an\u00fancio de leil\u00e3o extra no BC e infla\u00e7\u00e3o dos EUA\" fetchpriority=high \/>\n\t\t\t<\/picture>\n\n\t\t\t<figcaption class=\"wp-caption-text wp-caption-text--show\">D\u00f3lar. Foto: Pixabay<\/figcaption>\n\t\t<\/figure>\n\t<\/div>\n\n\n\t<p>\n\t\t<a href=\"https:\/\/lp.suno.com.br\/planilha-controle-gastos\/\" target=\"_blank\" data-element=\"shortcode-suno-banner\" title=\"Banner SUNO, clique e saiba mais\">\n\t\t\t<picture>\n\t\t\t\t<source media=\"(max-width: 500px)\" srcset=\"https:\/\/files.sunoresearch.com.br\/n\/uploads\/2023\/03\/400x300-Planilha-controle-de-gastos.png\">\n\t\t\t\t<img class=\"newsContent__article__imgCapa newsContent__article__imgCapa--banner\"\n\t\t\t\t\tsrc=\"https:\/\/files.sunoresearch.com.br\/n\/uploads\/2023\/03\/1420x240-Planilha-controle-de-gastos.png\"\n\t\t\t\t\tdata-promo-id=\"101751\"\t\t\t\t\t\t\t\t\t\twidth='1420' height='240'\t\t\t\t\talt=\"https:\/\/files.sunoresearch.com.br\/n\/uploads\/2023\/03\/1420x240-Planilha-controle-de-gastos.png\"\n\t\t\t\t>\n\t\t\t<\/picture>\n\t\t<\/a>\n\t<\/p>\n\n\n<p>O<strong> d\u00f3lar hoje<\/strong> operava em alta, mas passou a cair ap\u00f3s o Banco Central anunciar leil\u00e3o extra de <a class=\"suno-keyword\" href=\"https:\/\/www.suno.com.br\/artigos\/swap-cambial\/\" target=\"_blank\" rel=\"noopener\" data-force=\"no\" data-priority=\"1\">swap cambial<\/a>, com venda de todos os 20 mil contratos ofertados, conforme destaca Marcelle Gutierrez, da mesa RV BTG Pactual digital.<\/p>\n<p>Os investidores tamb\u00e9m ficaram de olho na divulga\u00e7\u00e3o do Departamento do Trabalho dos EUA sobre a infla\u00e7\u00e3o aos consumidores (CPI, na sigla em ingl\u00eas). Em setembro, os pre\u00e7os gerais aumentaram 0,4%, somando 5,4% nos \u00faltimos 12 meses. A leitura veio acima da expectativa de economistas, que projetavam alta de 0,3% para o indicador.<\/p>\n\t<p>\n\t\t<a href=\"https:\/\/lp.suno.com.br\/planilha-da-vida-financeira\/\" target=\"_blank\" data-element=\"shortcode-suno-banner\" title=\"Banner SUNO, clique e saiba mais\">\n\t\t\t<picture>\n\t\t\t\t<source media=\"(max-width: 500px)\" srcset=\"https:\/\/files.sunoresearch.com.br\/n\/uploads\/2023\/04\/400x300-Planilha-vida-financeira-true.png\">\n\t\t\t\t<img class=\"newsContent__article__imgCapa newsContent__article__imgCapa--banner\"\n\t\t\t\t\tsrc=\"https:\/\/files.sunoresearch.com.br\/n\/uploads\/2023\/04\/1420x240-Planilha-vida-financeira-true.png\"\n\t\t\t\t\tdata-promo-id=\"106682\"\t\t\t\t\t\t\t\t\t\twidth='1420' height='240'\t\t\t\t\talt=\"https:\/\/files.sunoresearch.com.br\/n\/uploads\/2023\/04\/1420x240-Planilha-vida-financeira-true.png\"\n\t\t\t\t>\n\t\t\t<\/picture>\n\t\t<\/a>\n\t<\/p>\n\n\n<p>A leitura vem depois do relat\u00f3rio de empregos de sexta-feira (8) mostrar que foram criadas apenas 194 mil vagas nos EUA no m\u00eas passado, leitura bem abaixo das expectativas.<\/p>\n<h2>Movimenta\u00e7\u00e3o do d\u00f3lar hoje<\/h2>\n<p>O <strong>d\u00f3lar<\/strong> <strong>americano\u00a0<\/strong>abriu a sess\u00e3o de hoje est\u00e1vel nos primeiros neg\u00f3cios p\u00f3s feriado local. O mercado aguardava a divulga\u00e7\u00e3o do \u00edndice de infla\u00e7\u00e3o ao consumidor (CPI) americano de setembro e a ata da ultima reuni\u00e3o de <a class=\"suno-keyword\" href=\"https:\/\/www.suno.com.br\/artigos\/politica-monetaria\/\" target=\"_blank\" rel=\"noopener\" data-force=\"no\" data-priority=\"1\">pol\u00edtica monet\u00e1ria<\/a> do Federal Reserve.<\/p>\n<p>No decorrer do dia, o d\u00f3lar passou a subir, ap\u00f3s o Congresso americano aprovar o <a href=\"https:\/\/www.suno.com.br\/noticias\/camara-eua-aprova-aumento-teto-da-divida\/\" target=\"_blank\" rel=\"noopener\">aumento do teto da d\u00edvida at\u00e9 dezembro<\/a> e os dados de <a href=\"https:\/\/www.suno.com.br\/noticias\/ibovespa-hoje-13102021\/\" target=\"_blank\" rel=\"noopener\">infla\u00e7\u00e3o ao consumidor virem mais fortes<\/a> do que o esperado.<\/p>\n<h2>Not\u00edcias que movimentaram o d\u00f3lar<\/h2>\n<p>Al\u00e9m disso, veja algumas not\u00edcias que movimentaram o d\u00f3lar durante a sess\u00e3o de hoje:<\/p>\n<ul>\n<li>Alguns dirigentes do Fed levantaram possibilidade de elevar juros em 2022 nos EUA<\/li>\n<li>Fed v\u00ea infla\u00e7\u00e3o elevada e tapering poderia come\u00e7ar no meio de novembro<\/li>\n<li><a class=\"suno-keyword\" href=\"https:\/\/www.suno.com.br\/artigos\/fluxo-cambial\/\" target=\"_blank\" rel=\"noopener\" data-force=\"no\" data-priority=\"1\">Fluxo cambial<\/a> total no ano at\u00e9 8 de outubro \u00e9 positivo em US$ 17,855 bi, diz BC<\/li>\n<\/ul>\n<h3>Juros nos EUA podem subir, dizem dirigentes do Fed<\/h3>\n<p>Alguns dirigentes presentes na \u00faltima reuni\u00e3o de pol\u00edtica monet\u00e1ria do Federal Reserve (Fed, o banco central dos Estados Unidos) levantaram a possibilidade de a entidade elevar a sua taxa de juros no fim de 2022, segundo informa a ata do encontro, divulgada nesta quarta-feira. Conforme estes banqueiros centrais, as metas de infla\u00e7\u00e3o e emprego do Fed podem ser atingidas neste per\u00edodo.<\/p>\n<p>A entidade considera que as condi\u00e7\u00f5es financeiras seguem acomodat\u00edcias, e v\u00e1rios membros do Fomc expressaram preocupa\u00e7\u00e3o com o n\u00edvel elevado de acomoda\u00e7\u00e3o monet\u00e1ria, segundo a ata.<\/p>\n\t<p>\n\t\t<a href=\"https:\/\/lp.suno.com.br\/ebook-como-analisar-uma-acao\/\" target=\"_blank\" data-element=\"shortcode-suno-banner\" title=\"Banner SUNO, clique e saiba mais\">\n\t\t\t<picture>\n\t\t\t\t<source media=\"(max-width: 500px)\" srcset=\"https:\/\/files.sunoresearch.com.br\/n\/uploads\/2023\/03\/Ebook-Acoes-Mobile-1.jpg\">\n\t\t\t\t<img class=\"newsContent__article__imgCapa newsContent__article__imgCapa--banner\"\n\t\t\t\t\tsrc=\"https:\/\/files.sunoresearch.com.br\/n\/uploads\/2023\/03\/Ebook-Acoes-Desktop-1.jpg\"\n\t\t\t\t\tdata-promo-id=\"171998\"\t\t\t\t\t\t\t\t\t\twidth='1420' height='286'\t\t\t\t\talt=\"https:\/\/files.sunoresearch.com.br\/n\/uploads\/2023\/03\/Ebook-Acoes-Desktop-1.jpg\"\n\t\t\t\t>\n\t\t\t<\/picture>\n\t\t<\/a>\n\t<\/p>\n\n\n<p>As autoridades do Fed ainda estimaram que as compras de b\u00f4nus realizadas pelo Fed podem n\u00e3o ser eficientes para lidar com os problemas na oferta enfrentados atualmente pela economia americana.<\/p>\n<h3>Infla\u00e7\u00e3o nos EUA continua alta<\/h3>\n<p>A infla\u00e7\u00e3o dos EUA segue elevada, mas reflete em grande parte fatores transit\u00f3rios, segundo a avalia\u00e7\u00e3o de dirigentes do Federal Reserve\u00a0 registrada na ata da \u00faltima reuni\u00e3o de pol\u00edtica monet\u00e1ria do Fomc. De acordo com o documento, os banqueiros centrais preveem que os pre\u00e7os sigam altos pelos pr\u00f3ximos meses, antes de moderarem.<\/p>\n<p>A ata tamb\u00e9m afirma que os dirigentes notaram que os gargalos na cadeia de suprimentos e no <a class=\"suno-keyword\" href=\"https:\/\/www.suno.com.br\/artigos\/mercado-de-trabalho\/\" target=\"_blank\" rel=\"noopener\" data-force=\"no\" data-priority=\"2\">mercado de trabalho<\/a> americano acentuaram, e alguns membros do Fomc expressaram preocupa\u00e7\u00e3o com a possibilidade de que as leituras mais elevadas de infla\u00e7\u00e3o possam contaminar as expectativas de <a class=\"suno-keyword\" href=\"https:\/\/www.suno.com.br\/artigos\/longo-prazo\/\" target=\"_blank\" rel=\"noopener\" data-force=\"no\" data-priority=\"1\">longo prazo<\/a> de consumidores e empres\u00e1rios.<\/p>\n\t<p>\n\t\t<a href=\"https:\/\/lp.suno.com.br\/planilha-de-controle-de-investimentos\/\" target=\"_blank\" data-element=\"shortcode-suno-banner\" title=\"Banner SUNO, clique e saiba mais\">\n\t\t\t<picture>\n\t\t\t\t<source media=\"(max-width: 500px)\" srcset=\"https:\/\/files.sunoresearch.com.br\/n\/uploads\/2023\/03\/400x300-Controle-de-Investimentos.png\">\n\t\t\t\t<img class=\"newsContent__article__imgCapa newsContent__article__imgCapa--banner\"\n\t\t\t\t\tsrc=\"https:\/\/files.sunoresearch.com.br\/n\/uploads\/2023\/03\/1420x240-Controle-de-Investimentos.png\"\n\t\t\t\t\tdata-promo-id=\"75934\"\t\t\t\t\t\t\t\t\t\twidth='1420' height='240'\t\t\t\t\talt=\"https:\/\/files.sunoresearch.com.br\/n\/uploads\/2023\/03\/1420x240-Controle-de-Investimentos.png\"\n\t\t\t\t>\n\t\t\t<\/picture>\n\t\t<\/a>\n\t<\/p>\n\n\n<p>Algumas empresas consultadas pelo Fed antes da reuni\u00e3o de setembro da entidade afirmaram que esperam uma resolu\u00e7\u00e3o dos gargalos apenas em 2022, enquanto a dificuldade em contratar novos funcion\u00e1rios tem levado companhias a reduzir a carga hor\u00e1ria e sua produ\u00e7\u00e3o.<\/p>\n<h3>Fluxo cambial: positivo em US$ 17,855 bilh\u00f5es<\/h3>\n<p>O fluxo cambial do ano at\u00e9 8 de outubro ficou positivo em US$ 17,855 bilh\u00f5es, informou nesta quarta-feira o Banco Central. Em igual per\u00edodo do ano passado, o resultado era negativo em US$ 18,264 bilh\u00f5es.<\/p>\n<p>A sa\u00edda l\u00edquida pelo canal financeiro neste ano at\u00e9 8 de outubro foi de US$ 1,282 bilh\u00e3o. O resultado \u00e9 fruto de aportes no valor de US$ 408,066 bilh\u00f5es e de retiradas no total de US$ 409,348 bilh\u00f5es. O segmento re\u00fane os investimentos estrangeiros diretos e em carteira, remessas de lucro e pagamento de juros, entre outras opera\u00e7\u00f5es.<\/p>\n<p>No com\u00e9rcio exterior, o saldo anual acumulado at\u00e9 8 de outubro ficou positivo em US$ 19,137 bilh\u00f5es, com importa\u00e7\u00f5es de US$ 162,345 bilh\u00f5es e exporta\u00e7\u00f5es de US$ 181,482 bilh\u00f5es. Nas exporta\u00e7\u00f5es est\u00e3o inclu\u00eddos US$ 23,498 bilh\u00f5es em <a class=\"suno-keyword\" href=\"https:\/\/www.suno.com.br\/artigos\/adiantamento-contrato-cambio-acc\/\" target=\"_blank\" rel=\"noopener\" data-force=\"no\" data-priority=\"1\">Adiantamento de Contrato de C\u00e2mbio<\/a> (ACC), US$ 44,095 bilh\u00f5es em Pagamento Antecipado (PA) e US$ 113,889 bilh\u00f5es em outras entradas.<\/p>\n<h2>Cota\u00e7\u00e3o do d\u00f3lar nesta segunda (11)<\/h2>\n<p>Na \u00faltima sess\u00e3o, segunda-feira (11), o <strong>d\u00f3lar<\/strong> encerrou as negocia\u00e7\u00f5es em alta de 0,38% frente ao real, valendo R$ 5,53 na venda.<\/p>\n<p><em>Com informa\u00e7\u00f5es do Estad\u00e3o Conte\u00fado<\/em><\/p>\n\t<p>\n\t\t<a href=\"\" target=\"_blank\" data-element=\"shortcode-suno-banner\" title=\"Banner SUNO, clique e saiba mais\">\n\t\t\t<picture>\n\t\t\t\t<source media=\"(max-width: 500px)\" srcset=\"\">\n\t\t\t\t<img class=\"newsContent__article__imgCapa newsContent__article__imgCapa--banner\"\n\t\t\t\t\tsrc=\"\"\n\t\t\t\t\tdata-promo-id=\"184190\"\t\t\t\t\t\t\t\t\t\t\t\t\t\t\talt=\"\"\n\t\t\t\t>\n\t\t\t<\/picture>\n\t\t<\/a>\n\t<\/p>\n\n\n","protected":false},"excerpt":{"rendered":"<p>O d\u00f3lar encerrou as negocia\u00e7\u00f5es desta quarta-feira (13) em queda de 0,51%, frente ao real, valendo R$ 5,509 na venda. D\u00f3lar. Foto: Pixabay O d\u00f3lar hoje operava em alta, mas passou a cair ap\u00f3s o Banco Central anunciar leil\u00e3o extra de swap cambial, com venda de todos os 20 mil contratos ofertados, conforme destaca Marcelle [&hellip;]<\/p>\n","protected":false},"author":39,"featured_media":148884,"comment_status":"closed","ping_status":"closed","sticky":false,"template":"","format":"standard","meta":[],"categories":[60],"tags":[326,105816],"suno_strategy":[],"class_list":["post-193325","post","type-post","status-publish","format-standard","has-post-thumbnail","hentry","category-mercado","tag-dolar","tag-especialistas"],"yoast_head":"<!-- This site is optimized with the Yoast SEO plugin v24.4 - https:\/\/yoast.com\/wordpress\/plugins\/seo\/ -->\n<title>D\u00f3lar fecha em queda de 0,51%, com an\u00fancio de leil\u00e3o extra no BC e infla\u00e7\u00e3o dos EUA<\/title>\n<meta name=\"description\" content=\"O d\u00f3lar encerrou as negocia\u00e7\u00f5es desta quarta-feira (13) em queda de 0,51%, frente ao real, valendo R$ 5,509 na venda. Clique e saiba mais!\" \/>\n<meta name=\"robots\" content=\"index, follow, max-snippet:-1, max-image-preview:large, max-video-preview:-1\" \/>\n<link rel=\"canonical\" href=\"https:\/\/www.suno.com.br\/noticias\/dolar-fecha-queda-inflacao-eua\/\" \/>\n<meta property=\"og:locale\" content=\"pt_BR\" \/>\n<meta property=\"og:type\" content=\"article\" \/>\n<meta property=\"og:title\" content=\"D\u00f3lar fecha em queda de 0,51%, com an\u00fancio de leil\u00e3o extra no BC e infla\u00e7\u00e3o dos EUA\" \/>\n<meta property=\"og:description\" content=\"O d\u00f3lar encerrou as negocia\u00e7\u00f5es desta quarta-feira (13) em queda de 0,51%, frente ao real, valendo R$ 5,509 na venda. Clique e saiba mais!\" \/>\n<meta property=\"og:url\" content=\"https:\/\/www.suno.com.br\/noticias\/dolar-fecha-queda-inflacao-eua\/\" \/>\n<meta property=\"og:site_name\" content=\"Suno Not\u00edcias\" \/>\n<meta property=\"article:publisher\" content=\"https:\/\/facebook.com\/sunoresearch\" \/>\n<meta property=\"og:image\" content=\"https:\/\/files.sunoresearch.com.br\/n\/uploads\/2021\/05\/475ceeb8-dollar-2931882_1280.png\" \/>\n\t<meta property=\"og:image:width\" content=\"1280\" \/>\n\t<meta property=\"og:image:height\" content=\"863\" \/>\n\t<meta property=\"og:image:type\" content=\"image\/png\" \/>\n<meta name=\"author\" content=\"Laura Moutinho\" \/>\n<meta name=\"twitter:card\" content=\"summary_large_image\" \/>\n<meta name=\"twitter:creator\" content=\"@sunoresearch\" \/>\n<meta name=\"twitter:site\" content=\"@sunoresearch\" \/>\n<meta name=\"twitter:label1\" content=\"Escrito por\" \/>\n\t<meta name=\"twitter:data1\" content=\"Laura Moutinho\" \/>\n\t<meta name=\"twitter:label2\" content=\"Est. tempo de leitura\" \/>\n\t<meta name=\"twitter:data2\" content=\"4 minutos\" \/>\n<script type=\"application\/ld+json\" class=\"yoast-schema-graph\">{\"@context\":\"https:\/\/schema.org\",\"@graph\":[{\"@type\":\"NewsArticle\",\"@id\":\"https:\/\/www.suno.com.br\/noticias\/dolar-fecha-queda-inflacao-eua\/#article\",\"isPartOf\":{\"@id\":\"https:\/\/www.suno.com.br\/noticias\/dolar-fecha-queda-inflacao-eua\/\"},\"author\":{\"name\":\"Laura Moutinho\",\"@id\":\"https:\/\/www.suno.com.br\/noticias\/#\/schema\/person\/3df0d2808748b74496efe5dbeaef2c72\"},\"headline\":\"D\u00f3lar fecha em queda de 0,51%, com an\u00fancio de leil\u00e3o extra no BC e infla\u00e7\u00e3o dos EUA\",\"datePublished\":\"2021-10-13T21:02:02+00:00\",\"dateModified\":\"2021-10-13T21:07:52+00:00\",\"mainEntityOfPage\":{\"@id\":\"https:\/\/www.suno.com.br\/noticias\/dolar-fecha-queda-inflacao-eua\/\"},\"wordCount\":847,\"publisher\":{\"@id\":\"https:\/\/www.suno.com.br\/noticias\/#organization\"},\"image\":{\"@id\":\"https:\/\/www.suno.com.br\/noticias\/dolar-fecha-queda-inflacao-eua\/#primaryimage\"},\"thumbnailUrl\":\"https:\/\/files.sunoresearch.com.br\/n\/uploads\/2021\/05\/475ceeb8-dollar-2931882_1280-png.webp\",\"keywords\":[\"d\u00f3lar\",\"Especialistas\"],\"articleSection\":[\"Mercado\"],\"inLanguage\":\"pt-BR\"},{\"@type\":\"WebPage\",\"@id\":\"https:\/\/www.suno.com.br\/noticias\/dolar-fecha-queda-inflacao-eua\/\",\"url\":\"https:\/\/www.suno.com.br\/noticias\/dolar-fecha-queda-inflacao-eua\/\",\"name\":\"D\u00f3lar fecha em queda de 0,51%, com an\u00fancio de leil\u00e3o extra no BC e infla\u00e7\u00e3o dos EUA\",\"isPartOf\":{\"@id\":\"https:\/\/www.suno.com.br\/noticias\/#website\"},\"primaryImageOfPage\":{\"@id\":\"https:\/\/www.suno.com.br\/noticias\/dolar-fecha-queda-inflacao-eua\/#primaryimage\"},\"image\":{\"@id\":\"https:\/\/www.suno.com.br\/noticias\/dolar-fecha-queda-inflacao-eua\/#primaryimage\"},\"thumbnailUrl\":\"https:\/\/files.sunoresearch.com.br\/n\/uploads\/2021\/05\/475ceeb8-dollar-2931882_1280-png.webp\",\"datePublished\":\"2021-10-13T21:02:02+00:00\",\"dateModified\":\"2021-10-13T21:07:52+00:00\",\"description\":\"O d\u00f3lar encerrou as negocia\u00e7\u00f5es desta quarta-feira (13) em queda de 0,51%, frente ao real, valendo R$ 5,509 na venda. Clique e saiba mais!\",\"breadcrumb\":{\"@id\":\"https:\/\/www.suno.com.br\/noticias\/dolar-fecha-queda-inflacao-eua\/#breadcrumb\"},\"inLanguage\":\"pt-BR\",\"potentialAction\":[{\"@type\":\"ReadAction\",\"target\":[\"https:\/\/www.suno.com.br\/noticias\/dolar-fecha-queda-inflacao-eua\/\"]}]},{\"@type\":\"ImageObject\",\"inLanguage\":\"pt-BR\",\"@id\":\"https:\/\/www.suno.com.br\/noticias\/dolar-fecha-queda-inflacao-eua\/#primaryimage\",\"url\":\"https:\/\/files.sunoresearch.com.br\/n\/uploads\/2021\/05\/475ceeb8-dollar-2931882_1280-png.webp\",\"contentUrl\":\"https:\/\/files.sunoresearch.com.br\/n\/uploads\/2021\/05\/475ceeb8-dollar-2931882_1280-png.webp\",\"width\":1280,\"height\":863,\"caption\":\"D\u00f3lar. Foto: Pixabay\"},{\"@type\":\"BreadcrumbList\",\"@id\":\"https:\/\/www.suno.com.br\/noticias\/dolar-fecha-queda-inflacao-eua\/#breadcrumb\",\"itemListElement\":[{\"@type\":\"ListItem\",\"position\":1,\"name\":\"Not\u00edcias\",\"item\":\"https:\/\/www.suno.com.br\/noticias\/\"},{\"@type\":\"ListItem\",\"position\":2,\"name\":\"Mercado\",\"item\":\"https:\/\/www.suno.com.br\/noticias\/mercado\/\"},{\"@type\":\"ListItem\",\"position\":3,\"name\":\"D\u00f3lar fecha em queda de 0,51%, com an\u00fancio de leil\u00e3o extra no BC e infla\u00e7\u00e3o dos EUA\"}]},{\"@type\":\"WebSite\",\"@id\":\"https:\/\/www.suno.com.br\/noticias\/#website\",\"url\":\"https:\/\/www.suno.com.br\/noticias\/\",\"name\":\"Suno Not\u00edcias\",\"description\":\"Seu portal de informa\u00e7\u00e3o sobre o mundo dos investimentos\",\"publisher\":{\"@id\":\"https:\/\/www.suno.com.br\/noticias\/#organization\"},\"potentialAction\":[{\"@type\":\"SearchAction\",\"target\":{\"@type\":\"EntryPoint\",\"urlTemplate\":\"https:\/\/www.suno.com.br\/noticias\/?s={search_term_string}\"},\"query-input\":{\"@type\":\"PropertyValueSpecification\",\"valueRequired\":true,\"valueName\":\"search_term_string\"}}],\"inLanguage\":\"pt-BR\"},{\"@type\":\"Organization\",\"@id\":\"https:\/\/www.suno.com.br\/noticias\/#organization\",\"name\":\"Suno Not\u00edcias\",\"url\":\"https:\/\/www.suno.com.br\/noticias\/\",\"logo\":{\"@type\":\"ImageObject\",\"inLanguage\":\"pt-BR\",\"@id\":\"https:\/\/www.suno.com.br\/noticias\/#\/schema\/logo\/image\/\",\"url\":\"https:\/\/files.sunoresearch.com.br\/n\/uploads\/2021\/09\/suno-logo.png\",\"contentUrl\":\"https:\/\/files.sunoresearch.com.br\/n\/uploads\/2021\/09\/suno-logo.png\",\"width\":180,\"height\":180,\"caption\":\"Suno Not\u00edcias\"},\"image\":{\"@id\":\"https:\/\/www.suno.com.br\/noticias\/#\/schema\/logo\/image\/\"},\"sameAs\":[\"https:\/\/facebook.com\/sunoresearch\",\"https:\/\/x.com\/sunoresearch\",\"https:\/\/www.instagram.com\/suno\",\"https:\/\/www.linkedin.com\/company\/suno-research\/\",\"https:\/\/www.youtube.com\/c\/sunoresearch\"]},{\"@type\":\"Person\",\"@id\":\"https:\/\/www.suno.com.br\/noticias\/#\/schema\/person\/3df0d2808748b74496efe5dbeaef2c72\",\"name\":\"Laura Moutinho\",\"image\":{\"@type\":\"ImageObject\",\"inLanguage\":\"pt-BR\",\"@id\":\"https:\/\/www.suno.com.br\/noticias\/#\/schema\/person\/image\/\",\"url\":\"https:\/\/secure.gravatar.com\/avatar\/7571c7c8ca3a6fca5e41384ece5557ff?s=96&r=g\",\"contentUrl\":\"https:\/\/secure.gravatar.com\/avatar\/7571c7c8ca3a6fca5e41384ece5557ff?s=96&r=g\",\"caption\":\"Laura Moutinho\"},\"description\":\"Estagi\u00e1ria na Suno Not\u00edcias, escreve not\u00edcias que afetam o mercado financeiro. Estuda administra\u00e7\u00e3o na Universidade Presbiteriana Mackenzie.\",\"url\":\"https:\/\/www.suno.com.br\/noticias\/author\/laura-moutinho\/\"}]}<\/script>\n<!-- \/ Yoast SEO plugin. -->","yoast_head_json":{"title":"D\u00f3lar fecha em queda de 0,51%, com an\u00fancio de leil\u00e3o extra no BC e infla\u00e7\u00e3o dos EUA","description":"O d\u00f3lar encerrou as negocia\u00e7\u00f5es desta quarta-feira (13) em queda de 0,51%, frente ao real, valendo R$ 5,509 na venda. Clique e saiba mais!","robots":{"index":"index","follow":"follow","max-snippet":"max-snippet:-1","max-image-preview":"max-image-preview:large","max-video-preview":"max-video-preview:-1"},"canonical":"https:\/\/www.suno.com.br\/noticias\/dolar-fecha-queda-inflacao-eua\/","og_locale":"pt_BR","og_type":"article","og_title":"D\u00f3lar fecha em queda de 0,51%, com an\u00fancio de leil\u00e3o extra no BC e infla\u00e7\u00e3o dos EUA","og_description":"O d\u00f3lar encerrou as negocia\u00e7\u00f5es desta quarta-feira (13) em queda de 0,51%, frente ao real, valendo R$ 5,509 na venda. Clique e saiba mais!","og_url":"https:\/\/www.suno.com.br\/noticias\/dolar-fecha-queda-inflacao-eua\/","og_site_name":"Suno Not\u00edcias","article_publisher":"https:\/\/facebook.com\/sunoresearch","og_image":[{"width":1280,"height":863,"url":"https:\/\/files.sunoresearch.com.br\/n\/uploads\/2021\/05\/475ceeb8-dollar-2931882_1280.png","type":"image\/png"}],"author":"Laura Moutinho","twitter_card":"summary_large_image","twitter_creator":"@sunoresearch","twitter_site":"@sunoresearch","twitter_misc":{"Escrito por":"Laura Moutinho","Est. tempo de leitura":"4 minutos"},"schema":{"@context":"https:\/\/schema.org","@graph":[{"@type":"NewsArticle","@id":"https:\/\/www.suno.com.br\/noticias\/dolar-fecha-queda-inflacao-eua\/#article","isPartOf":{"@id":"https:\/\/www.suno.com.br\/noticias\/dolar-fecha-queda-inflacao-eua\/"},"author":{"name":"Laura Moutinho","@id":"https:\/\/www.suno.com.br\/noticias\/#\/schema\/person\/3df0d2808748b74496efe5dbeaef2c72"},"headline":"D\u00f3lar fecha em queda de 0,51%, com an\u00fancio de leil\u00e3o extra no BC e infla\u00e7\u00e3o dos EUA","datePublished":"2021-10-13T21:02:02+00:00","dateModified":"2021-10-13T21:07:52+00:00","mainEntityOfPage":{"@id":"https:\/\/www.suno.com.br\/noticias\/dolar-fecha-queda-inflacao-eua\/"},"wordCount":847,"publisher":{"@id":"https:\/\/www.suno.com.br\/noticias\/#organization"},"image":{"@id":"https:\/\/www.suno.com.br\/noticias\/dolar-fecha-queda-inflacao-eua\/#primaryimage"},"thumbnailUrl":"https:\/\/files.sunoresearch.com.br\/n\/uploads\/2021\/05\/475ceeb8-dollar-2931882_1280-png.webp","keywords":["d\u00f3lar","Especialistas"],"articleSection":["Mercado"],"inLanguage":"pt-BR"},{"@type":"WebPage","@id":"https:\/\/www.suno.com.br\/noticias\/dolar-fecha-queda-inflacao-eua\/","url":"https:\/\/www.suno.com.br\/noticias\/dolar-fecha-queda-inflacao-eua\/","name":"D\u00f3lar fecha em queda de 0,51%, com an\u00fancio de leil\u00e3o extra no BC e infla\u00e7\u00e3o dos EUA","isPartOf":{"@id":"https:\/\/www.suno.com.br\/noticias\/#website"},"primaryImageOfPage":{"@id":"https:\/\/www.suno.com.br\/noticias\/dolar-fecha-queda-inflacao-eua\/#primaryimage"},"image":{"@id":"https:\/\/www.suno.com.br\/noticias\/dolar-fecha-queda-inflacao-eua\/#primaryimage"},"thumbnailUrl":"https:\/\/files.sunoresearch.com.br\/n\/uploads\/2021\/05\/475ceeb8-dollar-2931882_1280-png.webp","datePublished":"2021-10-13T21:02:02+00:00","dateModified":"2021-10-13T21:07:52+00:00","description":"O d\u00f3lar encerrou as negocia\u00e7\u00f5es desta quarta-feira (13) em queda de 0,51%, frente ao real, valendo R$ 5,509 na venda. Clique e saiba mais!","breadcrumb":{"@id":"https:\/\/www.suno.com.br\/noticias\/dolar-fecha-queda-inflacao-eua\/#breadcrumb"},"inLanguage":"pt-BR","potentialAction":[{"@type":"ReadAction","target":["https:\/\/www.suno.com.br\/noticias\/dolar-fecha-queda-inflacao-eua\/"]}]},{"@type":"ImageObject","inLanguage":"pt-BR","@id":"https:\/\/www.suno.com.br\/noticias\/dolar-fecha-queda-inflacao-eua\/#primaryimage","url":"https:\/\/files.sunoresearch.com.br\/n\/uploads\/2021\/05\/475ceeb8-dollar-2931882_1280-png.webp","contentUrl":"https:\/\/files.sunoresearch.com.br\/n\/uploads\/2021\/05\/475ceeb8-dollar-2931882_1280-png.webp","width":1280,"height":863,"caption":"D\u00f3lar. Foto: Pixabay"},{"@type":"BreadcrumbList","@id":"https:\/\/www.suno.com.br\/noticias\/dolar-fecha-queda-inflacao-eua\/#breadcrumb","itemListElement":[{"@type":"ListItem","position":1,"name":"Not\u00edcias","item":"https:\/\/www.suno.com.br\/noticias\/"},{"@type":"ListItem","position":2,"name":"Mercado","item":"https:\/\/www.suno.com.br\/noticias\/mercado\/"},{"@type":"ListItem","position":3,"name":"D\u00f3lar fecha em queda de 0,51%, com an\u00fancio de leil\u00e3o extra no BC e infla\u00e7\u00e3o dos EUA"}]},{"@type":"WebSite","@id":"https:\/\/www.suno.com.br\/noticias\/#website","url":"https:\/\/www.suno.com.br\/noticias\/","name":"Suno Not\u00edcias","description":"Seu portal de informa\u00e7\u00e3o sobre o mundo dos investimentos","publisher":{"@id":"https:\/\/www.suno.com.br\/noticias\/#organization"},"potentialAction":[{"@type":"SearchAction","target":{"@type":"EntryPoint","urlTemplate":"https:\/\/www.suno.com.br\/noticias\/?s={search_term_string}"},"query-input":{"@type":"PropertyValueSpecification","valueRequired":true,"valueName":"search_term_string"}}],"inLanguage":"pt-BR"},{"@type":"Organization","@id":"https:\/\/www.suno.com.br\/noticias\/#organization","name":"Suno Not\u00edcias","url":"https:\/\/www.suno.com.br\/noticias\/","logo":{"@type":"ImageObject","inLanguage":"pt-BR","@id":"https:\/\/www.suno.com.br\/noticias\/#\/schema\/logo\/image\/","url":"https:\/\/files.sunoresearch.com.br\/n\/uploads\/2021\/09\/suno-logo.png","contentUrl":"https:\/\/files.sunoresearch.com.br\/n\/uploads\/2021\/09\/suno-logo.png","width":180,"height":180,"caption":"Suno Not\u00edcias"},"image":{"@id":"https:\/\/www.suno.com.br\/noticias\/#\/schema\/logo\/image\/"},"sameAs":["https:\/\/facebook.com\/sunoresearch","https:\/\/x.com\/sunoresearch","https:\/\/www.instagram.com\/suno","https:\/\/www.linkedin.com\/company\/suno-research\/","https:\/\/www.youtube.com\/c\/sunoresearch"]},{"@type":"Person","@id":"https:\/\/www.suno.com.br\/noticias\/#\/schema\/person\/3df0d2808748b74496efe5dbeaef2c72","name":"Laura Moutinho","image":{"@type":"ImageObject","inLanguage":"pt-BR","@id":"https:\/\/www.suno.com.br\/noticias\/#\/schema\/person\/image\/","url":"https:\/\/secure.gravatar.com\/avatar\/7571c7c8ca3a6fca5e41384ece5557ff?s=96&r=g","contentUrl":"https:\/\/secure.gravatar.com\/avatar\/7571c7c8ca3a6fca5e41384ece5557ff?s=96&r=g","caption":"Laura Moutinho"},"description":"Estagi\u00e1ria na Suno Not\u00edcias, escreve not\u00edcias que afetam o mercado financeiro. Estuda administra\u00e7\u00e3o na Universidade Presbiteriana Mackenzie.","url":"https:\/\/www.suno.com.br\/noticias\/author\/laura-moutinho\/"}]}},"default_loop_html":"<div class=\"cardsPage__listCard__boxs\"><div class=\"cardsPage__listCard__boxs__img\"><a href=\"https:\/\/www.suno.com.br\/noticias\/dolar-fecha-queda-inflacao-eua\/\"><img class=\"mask\" src=\"https:\/\/www.suno.com.br\/noticias\/wp-content\/themes\/suno\/resources\/images\/spotlight\/spotlight1img\/bg-mask.png\" alt=\"Image Mask\"\/><img src=\"https:\/\/files.sunoresearch.com.br\/n\/uploads\/2021\/05\/475ceeb8-dollar-2931882_1280-400x200.webp\" alt=\"D\u00f3lar fecha em queda de 0,51%, com an\u00fancio de leil\u00e3o extra no BC e infla\u00e7\u00e3o dos EUA\"\/><\/a><span class=\"spotlightCategory\"><a href=\"https:\/\/www.suno.com.br\/noticias\/mercado\/\">Mercado<\/a><\/span><\/div><div class=\"cardsPage__listCard__boxs__content\"><a href=\"https:\/\/www.suno.com.br\/noticias\/dolar-fecha-queda-inflacao-eua\/\"><h2 class=\"content__title\">D\u00f3lar fecha em queda de 0,51%, com an\u00fancio de leil\u00e3o extra no BC e infla\u00e7\u00e3o dos EUA<\/h2><\/a><div class=\"newsContent__article__meta\"><div class=\"newsContent__article__meta__authorBox\"><a href=\"https:\/\/www.suno.com.br\/noticias\/author\/laura-moutinho\/\" class=\"authorBox__avatar noMobi\"><img src=\"https:\/\/files.sunoresearch.com.br\/n\/uploads\/2020\/08\/531ff69d-whatsapp-image-2020-08-03-at-14.54.38-150x150.webp\" alt=\"Laura Moutinho\"><\/a><div class=\"authorBox__name\"><span>por\n\t\t\t<a href=\"https:\/\/www.suno.com.br\/noticias\/author\/laura-moutinho\/\"><span itemprop=\"author\">Laura Moutinho<\/span><\/a><\/span><time datetime=\"2021-10-13T18:02:02-03:00\" itemprop=\"datePublished\">13\/10\/2021 18:02<\/time><\/div><\/div><\/div><\/div><\/div>","single_layout":"posts","amp_enabled":true,"_links":{"self":[{"href":"https:\/\/www.suno.com.br\/noticias\/wp-json\/wp\/v2\/posts\/193325"}],"collection":[{"href":"https:\/\/www.suno.com.br\/noticias\/wp-json\/wp\/v2\/posts"}],"about":[{"href":"https:\/\/www.suno.com.br\/noticias\/wp-json\/wp\/v2\/types\/post"}],"author":[{"embeddable":true,"href":"https:\/\/www.suno.com.br\/noticias\/wp-json\/wp\/v2\/users\/39"}],"replies":[{"embeddable":true,"href":"https:\/\/www.suno.com.br\/noticias\/wp-json\/wp\/v2\/comments?post=193325"}],"version-history":[{"count":3,"href":"https:\/\/www.suno.com.br\/noticias\/wp-json\/wp\/v2\/posts\/193325\/revisions"}],"predecessor-version":[{"id":193368,"href":"https:\/\/www.suno.com.br\/noticias\/wp-json\/wp\/v2\/posts\/193325\/revisions\/193368"}],"wp:featuredmedia":[{"embeddable":true,"href":"https:\/\/www.suno.com.br\/noticias\/wp-json\/wp\/v2\/media\/148884"}],"wp:attachment":[{"href":"https:\/\/www.suno.com.br\/noticias\/wp-json\/wp\/v2\/media?parent=193325"}],"wp:term":[{"taxonomy":"category","embeddable":true,"href":"https:\/\/www.suno.com.br\/noticias\/wp-json\/wp\/v2\/categories?post=193325"},{"taxonomy":"post_tag","embeddable":true,"href":"https:\/\/www.suno.com.br\/noticias\/wp-json\/wp\/v2\/tags?post=193325"},{"taxonomy":"suno_strategy","embeddable":true,"href":"https:\/\/www.suno.com.br\/noticias\/wp-json\/wp\/v2\/suno_strategy?post=193325"}],"curies":[{"name":"wp","href":"https:\/\/api.w.org\/{rel}","templated":true}]}}