{"id":193308,"date":"2021-10-13T19:24:55","date_gmt":"2021-10-13T22:24:55","guid":{"rendered":"https:\/\/www.suno.com.br\/noticias\/?p=193308"},"modified":"2021-10-13T19:24:55","modified_gmt":"2021-10-13T22:24:55","slug":"creditos-nota-fiscal-paulista-expirar-domingo","status":"publish","type":"post","link":"https:\/\/www.suno.com.br\/noticias\/creditos-nota-fiscal-paulista-expirar-domingo\/","title":{"rendered":"Nota Fiscal Paulista: resgate de cr\u00e9dito deve ser feito at\u00e9 s\u00e1bado (16)"},"content":{"rendered":"<p>A partir do pr\u00f3ximo domingo (17), os cr\u00e9ditos da <strong>Nota Fiscal Paulista<\/strong> liberados h\u00e1 mais de 12 meses, ou seja, desde outubro de 2020, ir\u00e3o expirar. Com isso, o prazo de vencimento dos cr\u00e9ditos liberados sofreu uma altera\u00e7\u00e3o, passando de cinco anos para 12 meses. A mudan\u00e7a foi sancionada pelo governo estadual em outubro de 2020, pela lei 17.293.<\/p>\t<div class=\"wrapper-featured-image\">\n\t\t<figure class=\"spotlightImg\">\n\n\t\t\t<picture>\n\t\t\t\t<source media=\"(max-width: 768px)\" srcset=\"https:\/\/files.sunoresearch.com.br\/n\/uploads\/2021\/03\/4dbce26d-consignado-400x200.webp\">\n\t\t\t\t<img loading=\"lazy\" decoding=\"async\" class=\"newsContent__article__imgCapa lazyloadDisabled \" src=\"https:\/\/files.sunoresearch.com.br\/n\/uploads\/2021\/03\/4dbce26d-consignado-800x450.webp\" width=\"800\" height=\"450\" alt=\"Nota Fiscal Paulista: resgate de cr\u00e9dito deve ser feito at\u00e9 s\u00e1bado (16)\" fetchpriority=high \/>\n\t\t\t<\/picture>\n\n\t\t\t<figcaption class=\"wp-caption-text wp-caption-text--show\">Nota Fiscal Paulista: resgate de cr\u00e9dito deve ser feito at\u00e9 s\u00e1bado<\/figcaption>\n\t\t<\/figure>\n\t<\/div>\n\n\n\t<p>\n\t\t<a href=\"https:\/\/lp.suno.com.br\/planilha-controle-gastos\/\" target=\"_blank\" data-element=\"shortcode-suno-banner\" title=\"Banner SUNO, clique e saiba mais\">\n\t\t\t<picture>\n\t\t\t\t<source media=\"(max-width: 500px)\" srcset=\"https:\/\/files.sunoresearch.com.br\/n\/uploads\/2023\/03\/400x300-Planilha-controle-de-gastos.png\">\n\t\t\t\t<img class=\"newsContent__article__imgCapa newsContent__article__imgCapa--banner\"\n\t\t\t\t\tsrc=\"https:\/\/files.sunoresearch.com.br\/n\/uploads\/2023\/03\/1420x240-Planilha-controle-de-gastos.png\"\n\t\t\t\t\tdata-promo-id=\"101751\"\t\t\t\t\t\t\t\t\t\twidth='1420' height='240'\t\t\t\t\talt=\"https:\/\/files.sunoresearch.com.br\/n\/uploads\/2023\/03\/1420x240-Planilha-controle-de-gastos.png\"\n\t\t\t\t>\n\t\t\t<\/picture>\n\t\t<\/a>\n\t<\/p>\n\n\n<p>Com a nova regra, os valores liberados que n\u00e3o forem utilizados pelos consumidores no per\u00edodo de um ano<strong> retornar\u00e3o<\/strong> ao tesouro do estado. Segundo o governo paulista, as altera\u00e7\u00f5es apresentadas na lei, propostas pelo pr\u00f3prio governo, decorrem da necessidade de\u00a0\u201cajuste fiscal e do equil\u00edbrio das contas p\u00fablicas\u201d.<\/p>\n<p>Para<strong> transferir os recursos<\/strong> para uma conta corrente ou poupan\u00e7a, o consumidor pode utilizar o <strong>aplicativo<\/strong> oficial da Nota Fiscal Paulista pelo <em>tablet<\/em> ou <em>smartphone<\/em>, ou a p\u00e1gina na internet. Nas duas op\u00e7\u00f5es, os valores ser\u00e3o creditados na conta indicada em at\u00e9 20 dias.<\/p>\n\t<p>\n\t\t<a href=\"https:\/\/lp.suno.com.br\/planilha-da-vida-financeira\/\" target=\"_blank\" data-element=\"shortcode-suno-banner\" title=\"Banner SUNO, clique e saiba mais\">\n\t\t\t<picture>\n\t\t\t\t<source media=\"(max-width: 500px)\" srcset=\"https:\/\/files.sunoresearch.com.br\/n\/uploads\/2023\/04\/400x300-Planilha-vida-financeira-true.png\">\n\t\t\t\t<img class=\"newsContent__article__imgCapa newsContent__article__imgCapa--banner\"\n\t\t\t\t\tsrc=\"https:\/\/files.sunoresearch.com.br\/n\/uploads\/2023\/04\/1420x240-Planilha-vida-financeira-true.png\"\n\t\t\t\t\tdata-promo-id=\"106682\"\t\t\t\t\t\t\t\t\t\twidth='1420' height='240'\t\t\t\t\talt=\"https:\/\/files.sunoresearch.com.br\/n\/uploads\/2023\/04\/1420x240-Planilha-vida-financeira-true.png\"\n\t\t\t\t>\n\t\t\t<\/picture>\n\t\t<\/a>\n\t<\/p>\n\n\n<p>At\u00e9 o dia 31 de outubro os consumidores podem tamb\u00e9m utilizar os cr\u00e9ditos para abatimento do Imposto sobre a Propriedade de Ve\u00edculos Automotores (<strong>IPVA<\/strong>) 2022. Neste caso, \u00e9 preciso fazer a op\u00e7\u00e3o no site da Nota Fiscal Paulista.<\/p>\n\t<div data-element=\"shortcode-read-more\" class=\"knowMore\">\n\t\t\t\t<span class=\"knowMore__title\">Saiba mais<\/span>\n\t\t\t\t<a class=\"knowMore__link\" href=\"https:\/\/www.suno.com.br\/noticias\/auxilio-brasil-uso-da-reforma-ir\/\">\n\t\t\tGoverno sanciona lei que permite uso da reforma do IR como fonte de recursos para o Aux\u00edlio Brasil\t\t<\/a>\n\t<\/div>\n\n\n<h2>Usu\u00e1rios relatam problemas para resgate da Nota Fiscal Paulista<\/h2>\n<p>Usu\u00e1rios est\u00e3o comentando nas redes sociais que o sistema de resgate de cr\u00e9ditos da NFP est\u00e1 apresentando <strong>instabilidade<\/strong> nesta quarta-feira (13). Segundo os coment\u00e1rios, o problema est\u00e1 sendo observado tanto por quem acessou pelo navegador de internet, quanto por aqueles que usaram o app para celular.<\/p>\n\t<p>\n\t\t<a href=\"https:\/\/lp.suno.com.br\/ebook-como-analisar-uma-acao\/\" target=\"_blank\" data-element=\"shortcode-suno-banner\" title=\"Banner SUNO, clique e saiba mais\">\n\t\t\t<picture>\n\t\t\t\t<source media=\"(max-width: 500px)\" srcset=\"https:\/\/files.sunoresearch.com.br\/n\/uploads\/2023\/03\/Ebook-Acoes-Mobile-1.jpg\">\n\t\t\t\t<img class=\"newsContent__article__imgCapa newsContent__article__imgCapa--banner\"\n\t\t\t\t\tsrc=\"https:\/\/files.sunoresearch.com.br\/n\/uploads\/2023\/03\/Ebook-Acoes-Desktop-1.jpg\"\n\t\t\t\t\tdata-promo-id=\"171998\"\t\t\t\t\t\t\t\t\t\twidth='1420' height='286'\t\t\t\t\talt=\"https:\/\/files.sunoresearch.com.br\/n\/uploads\/2023\/03\/Ebook-Acoes-Desktop-1.jpg\"\n\t\t\t\t>\n\t\t\t<\/picture>\n\t\t<\/a>\n\t<\/p>\n\n\n<blockquote class=\"twitter-tweet\">\n<p dir=\"ltr\" lang=\"pt\">Imposs\u00edvel acessar o site da Nota Fiscal Paulista nesse momento. Fora do ar. <a href=\"https:\/\/twitter.com\/hashtag\/BDSP?src=hash&amp;ref_src=twsrc%5Etfw\">#BDSP<\/a> <a href=\"https:\/\/t.co\/FAdJl1WqfK\">pic.twitter.com\/FAdJl1WqfK<\/a><\/p>\n<p>\u2014 Geraldo Junior (@geraldo_2009) <a href=\"https:\/\/twitter.com\/geraldo_2009\/status\/1448242248160788482?ref_src=twsrc%5Etfw\">October 13, 2021<\/a><\/p><\/blockquote>\n<p><script async src=\"https:\/\/platform.twitter.com\/widgets.js\" charset=\"utf-8\"><\/script><\/p>\n<blockquote class=\"twitter-tweet\">\n<p dir=\"ltr\" lang=\"pt\">Nem site e nem app, nota fiscal paulista fora pra mim <a href=\"https:\/\/twitter.com\/hashtag\/bdsp?src=hash&amp;ref_src=twsrc%5Etfw\">#bdsp<\/a> <a href=\"https:\/\/t.co\/VVB9L14onB\">pic.twitter.com\/VVB9L14onB<\/a><\/p>\n<p>\u2014 Erik (@erikfsantos) <a href=\"https:\/\/twitter.com\/erikfsantos\/status\/1448242026617708547?ref_src=twsrc%5Etfw\">October 13, 2021<\/a><\/p><\/blockquote>\n<p><script async src=\"https:\/\/platform.twitter.com\/widgets.js\" charset=\"utf-8\"><\/script><\/p>\n<p>A Secretaria da Fazenda e Planejamento se pronunciou, dizendo que o problema \u00e9 decorrente da alta demanda, com m\u00faltiplos usu\u00e1rios acessando o site ao mesmo tempo. Segundo o pronunciamento, o departamento de Tecnologia da Informa\u00e7\u00e3o est\u00e1 atuando para controlar a instabilidade.<\/p>\n<p>O site entrar\u00e1 em manuten\u00e7\u00e3o at\u00e9 ter\u00e7a (19). Dessa forma, os interessados precisam realizar o resgate dos cr\u00e9ditos da <strong>Nota Fiscal Paulista<\/strong> at\u00e9 s\u00e1bado (16).<\/p>\n<p><em>(Com informa\u00e7\u00f5es da Ag\u00eancia Brasil)<\/em><\/p>\n\t<p>\n\t\t<a href=\"\" target=\"_blank\" data-element=\"shortcode-suno-banner\" title=\"Banner SUNO, clique e saiba mais\">\n\t\t\t<picture>\n\t\t\t\t<source media=\"(max-width: 500px)\" srcset=\"\">\n\t\t\t\t<img class=\"newsContent__article__imgCapa newsContent__article__imgCapa--banner\"\n\t\t\t\t\tsrc=\"\"\n\t\t\t\t\tdata-promo-id=\"184190\"\t\t\t\t\t\t\t\t\t\t\t\t\t\t\talt=\"\"\n\t\t\t\t>\n\t\t\t<\/picture>\n\t\t<\/a>\n\t<\/p>\n\n\n","protected":false},"excerpt":{"rendered":"<p>A partir do pr\u00f3ximo domingo (17), os cr\u00e9ditos da Nota Fiscal Paulista liberados h\u00e1 mais de 12 meses, ou seja, desde outubro de 2020, ir\u00e3o expirar. Com isso, o prazo de vencimento dos cr\u00e9ditos liberados sofreu uma altera\u00e7\u00e3o, passando de cinco anos para 12 meses. A mudan\u00e7a foi sancionada pelo governo estadual em outubro de [&hellip;]<\/p>\n","protected":false},"author":118,"featured_media":130029,"comment_status":"closed","ping_status":"closed","sticky":false,"template":"","format":"standard","meta":[],"categories":[62],"tags":[943],"suno_strategy":[],"class_list":["post-193308","post","type-post","status-publish","format-standard","has-post-thumbnail","hentry","category-economia","tag-credito"],"yoast_head":"<!-- This site is optimized with the Yoast SEO plugin v24.4 - https:\/\/yoast.com\/wordpress\/plugins\/seo\/ -->\n<title>Nota Fiscal Paulista: resgate de cr\u00e9dito deve ser feito at\u00e9 s\u00e1bado (16)<\/title>\n<meta name=\"description\" content=\"A partir do pr\u00f3ximo domingo (17), os cr\u00e9ditos da Nota Fiscal Paulista liberados h\u00e1 mais de 12 meses, ou seja, desde outubro...Saiba mais\" \/>\n<meta name=\"robots\" content=\"index, follow, max-snippet:-1, max-image-preview:large, max-video-preview:-1\" \/>\n<link rel=\"canonical\" href=\"https:\/\/www.suno.com.br\/noticias\/creditos-nota-fiscal-paulista-expirar-domingo\/\" \/>\n<meta property=\"og:locale\" content=\"pt_BR\" \/>\n<meta property=\"og:type\" content=\"article\" \/>\n<meta property=\"og:title\" content=\"Nota Fiscal Paulista: resgate de cr\u00e9dito deve ser feito at\u00e9 s\u00e1bado (16)\" \/>\n<meta property=\"og:description\" content=\"A partir do pr\u00f3ximo domingo (17), os cr\u00e9ditos da Nota Fiscal Paulista liberados h\u00e1 mais de 12 meses, ou seja, desde outubro...Saiba mais\" \/>\n<meta property=\"og:url\" content=\"https:\/\/www.suno.com.br\/noticias\/creditos-nota-fiscal-paulista-expirar-domingo\/\" \/>\n<meta property=\"og:site_name\" content=\"Suno Not\u00edcias\" \/>\n<meta property=\"article:publisher\" content=\"https:\/\/facebook.com\/sunoresearch\" \/>\n<meta property=\"og:image\" content=\"https:\/\/files.sunoresearch.com.br\/n\/uploads\/2021\/03\/4dbce26d-consignado.jpg\" \/>\n\t<meta property=\"og:image:width\" content=\"1024\" \/>\n\t<meta property=\"og:image:height\" content=\"683\" \/>\n\t<meta property=\"og:image:type\" content=\"image\/jpeg\" \/>\n<meta name=\"author\" content=\"Bruno Galv\u00e3o\" \/>\n<meta name=\"twitter:card\" content=\"summary_large_image\" \/>\n<meta name=\"twitter:creator\" content=\"@sunoresearch\" \/>\n<meta name=\"twitter:site\" content=\"@sunoresearch\" \/>\n<meta name=\"twitter:label1\" content=\"Escrito por\" \/>\n\t<meta name=\"twitter:data1\" content=\"Bruno Galv\u00e3o\" \/>\n\t<meta name=\"twitter:label2\" content=\"Est. tempo de leitura\" \/>\n\t<meta name=\"twitter:data2\" content=\"2 minutos\" \/>\n<script type=\"application\/ld+json\" class=\"yoast-schema-graph\">{\"@context\":\"https:\/\/schema.org\",\"@graph\":[{\"@type\":\"NewsArticle\",\"@id\":\"https:\/\/www.suno.com.br\/noticias\/creditos-nota-fiscal-paulista-expirar-domingo\/#article\",\"isPartOf\":{\"@id\":\"https:\/\/www.suno.com.br\/noticias\/creditos-nota-fiscal-paulista-expirar-domingo\/\"},\"author\":{\"name\":\"Bruno Galv\u00e3o\",\"@id\":\"https:\/\/www.suno.com.br\/noticias\/#\/schema\/person\/06f0d962a6b1c54852e4860f16935600\"},\"headline\":\"Nota Fiscal Paulista: resgate de cr\u00e9dito deve ser feito at\u00e9 s\u00e1bado (16)\",\"datePublished\":\"2021-10-13T22:24:55+00:00\",\"mainEntityOfPage\":{\"@id\":\"https:\/\/www.suno.com.br\/noticias\/creditos-nota-fiscal-paulista-expirar-domingo\/\"},\"wordCount\":413,\"publisher\":{\"@id\":\"https:\/\/www.suno.com.br\/noticias\/#organization\"},\"image\":{\"@id\":\"https:\/\/www.suno.com.br\/noticias\/creditos-nota-fiscal-paulista-expirar-domingo\/#primaryimage\"},\"thumbnailUrl\":\"https:\/\/files.sunoresearch.com.br\/n\/uploads\/2021\/03\/4dbce26d-consignado-jpg.webp\",\"keywords\":[\"cr\u00e9dito\"],\"articleSection\":[\"Economia\"],\"inLanguage\":\"pt-BR\"},{\"@type\":\"WebPage\",\"@id\":\"https:\/\/www.suno.com.br\/noticias\/creditos-nota-fiscal-paulista-expirar-domingo\/\",\"url\":\"https:\/\/www.suno.com.br\/noticias\/creditos-nota-fiscal-paulista-expirar-domingo\/\",\"name\":\"Nota Fiscal Paulista: resgate de cr\u00e9dito deve ser feito at\u00e9 s\u00e1bado (16)\",\"isPartOf\":{\"@id\":\"https:\/\/www.suno.com.br\/noticias\/#website\"},\"primaryImageOfPage\":{\"@id\":\"https:\/\/www.suno.com.br\/noticias\/creditos-nota-fiscal-paulista-expirar-domingo\/#primaryimage\"},\"image\":{\"@id\":\"https:\/\/www.suno.com.br\/noticias\/creditos-nota-fiscal-paulista-expirar-domingo\/#primaryimage\"},\"thumbnailUrl\":\"https:\/\/files.sunoresearch.com.br\/n\/uploads\/2021\/03\/4dbce26d-consignado-jpg.webp\",\"datePublished\":\"2021-10-13T22:24:55+00:00\",\"description\":\"A partir do pr\u00f3ximo domingo (17), os cr\u00e9ditos da Nota Fiscal Paulista liberados h\u00e1 mais de 12 meses, ou seja, desde outubro...Saiba mais\",\"breadcrumb\":{\"@id\":\"https:\/\/www.suno.com.br\/noticias\/creditos-nota-fiscal-paulista-expirar-domingo\/#breadcrumb\"},\"inLanguage\":\"pt-BR\",\"potentialAction\":[{\"@type\":\"ReadAction\",\"target\":[\"https:\/\/www.suno.com.br\/noticias\/creditos-nota-fiscal-paulista-expirar-domingo\/\"]}]},{\"@type\":\"ImageObject\",\"inLanguage\":\"pt-BR\",\"@id\":\"https:\/\/www.suno.com.br\/noticias\/creditos-nota-fiscal-paulista-expirar-domingo\/#primaryimage\",\"url\":\"https:\/\/files.sunoresearch.com.br\/n\/uploads\/2021\/03\/4dbce26d-consignado-jpg.webp\",\"contentUrl\":\"https:\/\/files.sunoresearch.com.br\/n\/uploads\/2021\/03\/4dbce26d-consignado-jpg.webp\",\"width\":1024,\"height\":683,\"caption\":\"Nota Fiscal Paulista: resgate de cr\u00e9dito deve ser feito at\u00e9 s\u00e1bado\"},{\"@type\":\"BreadcrumbList\",\"@id\":\"https:\/\/www.suno.com.br\/noticias\/creditos-nota-fiscal-paulista-expirar-domingo\/#breadcrumb\",\"itemListElement\":[{\"@type\":\"ListItem\",\"position\":1,\"name\":\"Not\u00edcias\",\"item\":\"https:\/\/www.suno.com.br\/noticias\/\"},{\"@type\":\"ListItem\",\"position\":2,\"name\":\"Economia\",\"item\":\"https:\/\/www.suno.com.br\/noticias\/economia\/\"},{\"@type\":\"ListItem\",\"position\":3,\"name\":\"Nota Fiscal Paulista: resgate de cr\u00e9dito deve ser feito at\u00e9 s\u00e1bado (16)\"}]},{\"@type\":\"WebSite\",\"@id\":\"https:\/\/www.suno.com.br\/noticias\/#website\",\"url\":\"https:\/\/www.suno.com.br\/noticias\/\",\"name\":\"Suno Not\u00edcias\",\"description\":\"Seu portal de informa\u00e7\u00e3o sobre o mundo dos investimentos\",\"publisher\":{\"@id\":\"https:\/\/www.suno.com.br\/noticias\/#organization\"},\"potentialAction\":[{\"@type\":\"SearchAction\",\"target\":{\"@type\":\"EntryPoint\",\"urlTemplate\":\"https:\/\/www.suno.com.br\/noticias\/?s={search_term_string}\"},\"query-input\":{\"@type\":\"PropertyValueSpecification\",\"valueRequired\":true,\"valueName\":\"search_term_string\"}}],\"inLanguage\":\"pt-BR\"},{\"@type\":\"Organization\",\"@id\":\"https:\/\/www.suno.com.br\/noticias\/#organization\",\"name\":\"Suno Not\u00edcias\",\"url\":\"https:\/\/www.suno.com.br\/noticias\/\",\"logo\":{\"@type\":\"ImageObject\",\"inLanguage\":\"pt-BR\",\"@id\":\"https:\/\/www.suno.com.br\/noticias\/#\/schema\/logo\/image\/\",\"url\":\"https:\/\/files.sunoresearch.com.br\/n\/uploads\/2021\/09\/suno-logo.png\",\"contentUrl\":\"https:\/\/files.sunoresearch.com.br\/n\/uploads\/2021\/09\/suno-logo.png\",\"width\":180,\"height\":180,\"caption\":\"Suno Not\u00edcias\"},\"image\":{\"@id\":\"https:\/\/www.suno.com.br\/noticias\/#\/schema\/logo\/image\/\"},\"sameAs\":[\"https:\/\/facebook.com\/sunoresearch\",\"https:\/\/x.com\/sunoresearch\",\"https:\/\/www.instagram.com\/suno\",\"https:\/\/www.linkedin.com\/company\/suno-research\/\",\"https:\/\/www.youtube.com\/c\/sunoresearch\"]},{\"@type\":\"Person\",\"@id\":\"https:\/\/www.suno.com.br\/noticias\/#\/schema\/person\/06f0d962a6b1c54852e4860f16935600\",\"name\":\"Bruno Galv\u00e3o\",\"image\":{\"@type\":\"ImageObject\",\"inLanguage\":\"pt-BR\",\"@id\":\"https:\/\/www.suno.com.br\/noticias\/#\/schema\/person\/image\/\",\"url\":\"https:\/\/secure.gravatar.com\/avatar\/53598df0b41c00f12f287a912d0e918e?s=96&r=g\",\"contentUrl\":\"https:\/\/secure.gravatar.com\/avatar\/53598df0b41c00f12f287a912d0e918e?s=96&r=g\",\"caption\":\"Bruno Galv\u00e3o\"},\"description\":\"Escreve para o portal Suno Not\u00edcias. \u00c9 estudante de Jornalismo pela Faculdade C\u00e1sper L\u00edbero e Letras pela USP. Entusiasta de tecnologia e intelig\u00eancia artificial.\",\"url\":\"https:\/\/www.suno.com.br\/noticias\/author\/bruno-garcia\/\"}]}<\/script>\n<!-- \/ Yoast SEO plugin. -->","yoast_head_json":{"title":"Nota Fiscal Paulista: resgate de cr\u00e9dito deve ser feito at\u00e9 s\u00e1bado (16)","description":"A partir do pr\u00f3ximo domingo (17), os cr\u00e9ditos da Nota Fiscal Paulista liberados h\u00e1 mais de 12 meses, ou seja, desde outubro...Saiba mais","robots":{"index":"index","follow":"follow","max-snippet":"max-snippet:-1","max-image-preview":"max-image-preview:large","max-video-preview":"max-video-preview:-1"},"canonical":"https:\/\/www.suno.com.br\/noticias\/creditos-nota-fiscal-paulista-expirar-domingo\/","og_locale":"pt_BR","og_type":"article","og_title":"Nota Fiscal Paulista: resgate de cr\u00e9dito deve ser feito at\u00e9 s\u00e1bado (16)","og_description":"A partir do pr\u00f3ximo domingo (17), os cr\u00e9ditos da Nota Fiscal Paulista liberados h\u00e1 mais de 12 meses, ou seja, desde outubro...Saiba mais","og_url":"https:\/\/www.suno.com.br\/noticias\/creditos-nota-fiscal-paulista-expirar-domingo\/","og_site_name":"Suno Not\u00edcias","article_publisher":"https:\/\/facebook.com\/sunoresearch","og_image":[{"width":1024,"height":683,"url":"https:\/\/files.sunoresearch.com.br\/n\/uploads\/2021\/03\/4dbce26d-consignado.jpg","type":"image\/jpeg"}],"author":"Bruno Galv\u00e3o","twitter_card":"summary_large_image","twitter_creator":"@sunoresearch","twitter_site":"@sunoresearch","twitter_misc":{"Escrito por":"Bruno Galv\u00e3o","Est. tempo de leitura":"2 minutos"},"schema":{"@context":"https:\/\/schema.org","@graph":[{"@type":"NewsArticle","@id":"https:\/\/www.suno.com.br\/noticias\/creditos-nota-fiscal-paulista-expirar-domingo\/#article","isPartOf":{"@id":"https:\/\/www.suno.com.br\/noticias\/creditos-nota-fiscal-paulista-expirar-domingo\/"},"author":{"name":"Bruno Galv\u00e3o","@id":"https:\/\/www.suno.com.br\/noticias\/#\/schema\/person\/06f0d962a6b1c54852e4860f16935600"},"headline":"Nota Fiscal Paulista: resgate de cr\u00e9dito deve ser feito at\u00e9 s\u00e1bado (16)","datePublished":"2021-10-13T22:24:55+00:00","mainEntityOfPage":{"@id":"https:\/\/www.suno.com.br\/noticias\/creditos-nota-fiscal-paulista-expirar-domingo\/"},"wordCount":413,"publisher":{"@id":"https:\/\/www.suno.com.br\/noticias\/#organization"},"image":{"@id":"https:\/\/www.suno.com.br\/noticias\/creditos-nota-fiscal-paulista-expirar-domingo\/#primaryimage"},"thumbnailUrl":"https:\/\/files.sunoresearch.com.br\/n\/uploads\/2021\/03\/4dbce26d-consignado-jpg.webp","keywords":["cr\u00e9dito"],"articleSection":["Economia"],"inLanguage":"pt-BR"},{"@type":"WebPage","@id":"https:\/\/www.suno.com.br\/noticias\/creditos-nota-fiscal-paulista-expirar-domingo\/","url":"https:\/\/www.suno.com.br\/noticias\/creditos-nota-fiscal-paulista-expirar-domingo\/","name":"Nota Fiscal Paulista: resgate de cr\u00e9dito deve ser feito at\u00e9 s\u00e1bado (16)","isPartOf":{"@id":"https:\/\/www.suno.com.br\/noticias\/#website"},"primaryImageOfPage":{"@id":"https:\/\/www.suno.com.br\/noticias\/creditos-nota-fiscal-paulista-expirar-domingo\/#primaryimage"},"image":{"@id":"https:\/\/www.suno.com.br\/noticias\/creditos-nota-fiscal-paulista-expirar-domingo\/#primaryimage"},"thumbnailUrl":"https:\/\/files.sunoresearch.com.br\/n\/uploads\/2021\/03\/4dbce26d-consignado-jpg.webp","datePublished":"2021-10-13T22:24:55+00:00","description":"A partir do pr\u00f3ximo domingo (17), os cr\u00e9ditos da Nota Fiscal Paulista liberados h\u00e1 mais de 12 meses, ou seja, desde outubro...Saiba mais","breadcrumb":{"@id":"https:\/\/www.suno.com.br\/noticias\/creditos-nota-fiscal-paulista-expirar-domingo\/#breadcrumb"},"inLanguage":"pt-BR","potentialAction":[{"@type":"ReadAction","target":["https:\/\/www.suno.com.br\/noticias\/creditos-nota-fiscal-paulista-expirar-domingo\/"]}]},{"@type":"ImageObject","inLanguage":"pt-BR","@id":"https:\/\/www.suno.com.br\/noticias\/creditos-nota-fiscal-paulista-expirar-domingo\/#primaryimage","url":"https:\/\/files.sunoresearch.com.br\/n\/uploads\/2021\/03\/4dbce26d-consignado-jpg.webp","contentUrl":"https:\/\/files.sunoresearch.com.br\/n\/uploads\/2021\/03\/4dbce26d-consignado-jpg.webp","width":1024,"height":683,"caption":"Nota Fiscal Paulista: resgate de cr\u00e9dito deve ser feito at\u00e9 s\u00e1bado"},{"@type":"BreadcrumbList","@id":"https:\/\/www.suno.com.br\/noticias\/creditos-nota-fiscal-paulista-expirar-domingo\/#breadcrumb","itemListElement":[{"@type":"ListItem","position":1,"name":"Not\u00edcias","item":"https:\/\/www.suno.com.br\/noticias\/"},{"@type":"ListItem","position":2,"name":"Economia","item":"https:\/\/www.suno.com.br\/noticias\/economia\/"},{"@type":"ListItem","position":3,"name":"Nota Fiscal Paulista: resgate de cr\u00e9dito deve ser feito at\u00e9 s\u00e1bado (16)"}]},{"@type":"WebSite","@id":"https:\/\/www.suno.com.br\/noticias\/#website","url":"https:\/\/www.suno.com.br\/noticias\/","name":"Suno Not\u00edcias","description":"Seu portal de informa\u00e7\u00e3o sobre o mundo dos investimentos","publisher":{"@id":"https:\/\/www.suno.com.br\/noticias\/#organization"},"potentialAction":[{"@type":"SearchAction","target":{"@type":"EntryPoint","urlTemplate":"https:\/\/www.suno.com.br\/noticias\/?s={search_term_string}"},"query-input":{"@type":"PropertyValueSpecification","valueRequired":true,"valueName":"search_term_string"}}],"inLanguage":"pt-BR"},{"@type":"Organization","@id":"https:\/\/www.suno.com.br\/noticias\/#organization","name":"Suno Not\u00edcias","url":"https:\/\/www.suno.com.br\/noticias\/","logo":{"@type":"ImageObject","inLanguage":"pt-BR","@id":"https:\/\/www.suno.com.br\/noticias\/#\/schema\/logo\/image\/","url":"https:\/\/files.sunoresearch.com.br\/n\/uploads\/2021\/09\/suno-logo.png","contentUrl":"https:\/\/files.sunoresearch.com.br\/n\/uploads\/2021\/09\/suno-logo.png","width":180,"height":180,"caption":"Suno Not\u00edcias"},"image":{"@id":"https:\/\/www.suno.com.br\/noticias\/#\/schema\/logo\/image\/"},"sameAs":["https:\/\/facebook.com\/sunoresearch","https:\/\/x.com\/sunoresearch","https:\/\/www.instagram.com\/suno","https:\/\/www.linkedin.com\/company\/suno-research\/","https:\/\/www.youtube.com\/c\/sunoresearch"]},{"@type":"Person","@id":"https:\/\/www.suno.com.br\/noticias\/#\/schema\/person\/06f0d962a6b1c54852e4860f16935600","name":"Bruno Galv\u00e3o","image":{"@type":"ImageObject","inLanguage":"pt-BR","@id":"https:\/\/www.suno.com.br\/noticias\/#\/schema\/person\/image\/","url":"https:\/\/secure.gravatar.com\/avatar\/53598df0b41c00f12f287a912d0e918e?s=96&r=g","contentUrl":"https:\/\/secure.gravatar.com\/avatar\/53598df0b41c00f12f287a912d0e918e?s=96&r=g","caption":"Bruno Galv\u00e3o"},"description":"Escreve para o portal Suno Not\u00edcias. \u00c9 estudante de Jornalismo pela Faculdade C\u00e1sper L\u00edbero e Letras pela USP. Entusiasta de tecnologia e intelig\u00eancia artificial.","url":"https:\/\/www.suno.com.br\/noticias\/author\/bruno-garcia\/"}]}},"default_loop_html":"<div class=\"cardsPage__listCard__boxs\"><div class=\"cardsPage__listCard__boxs__img\"><a href=\"https:\/\/www.suno.com.br\/noticias\/creditos-nota-fiscal-paulista-expirar-domingo\/\"><img class=\"mask\" src=\"https:\/\/www.suno.com.br\/noticias\/wp-content\/themes\/suno\/resources\/images\/spotlight\/spotlight1img\/bg-mask.png\" alt=\"Image Mask\"\/><img src=\"https:\/\/files.sunoresearch.com.br\/n\/uploads\/2021\/03\/4dbce26d-consignado-400x200.webp\" alt=\"Nota Fiscal Paulista: resgate de cr\u00e9dito deve ser feito at\u00e9 s\u00e1bado (16)\"\/><\/a><span class=\"spotlightCategory\"><a href=\"https:\/\/www.suno.com.br\/noticias\/economia\/\">Economia<\/a><\/span><\/div><div class=\"cardsPage__listCard__boxs__content\"><a href=\"https:\/\/www.suno.com.br\/noticias\/creditos-nota-fiscal-paulista-expirar-domingo\/\"><h2 class=\"content__title\">Nota Fiscal Paulista: resgate de cr\u00e9dito deve ser feito at\u00e9 s\u00e1bado (16)<\/h2><\/a><div class=\"newsContent__article__meta\"><div class=\"newsContent__article__meta__authorBox\"><a href=\"https:\/\/www.suno.com.br\/noticias\/author\/bruno-garcia\/\" class=\"authorBox__avatar noMobi\"><img src=\"https:\/\/secure.gravatar.com\/avatar\/53598df0b41c00f12f287a912d0e918e?s=96&#038;r=g\" alt=\"Bruno Galv\u00e3o\"><\/a><div class=\"authorBox__name\"><span>por\n\t\t\t<a href=\"https:\/\/www.suno.com.br\/noticias\/author\/bruno-garcia\/\"><span itemprop=\"author\">Bruno Galv\u00e3o<\/span><\/a><\/span><time datetime=\"2021-10-13T19:24:55-03:00\" itemprop=\"datePublished\">13\/10\/2021 19:24<\/time><\/div><\/div><\/div><\/div><\/div>","single_layout":"posts","amp_enabled":true,"_links":{"self":[{"href":"https:\/\/www.suno.com.br\/noticias\/wp-json\/wp\/v2\/posts\/193308"}],"collection":[{"href":"https:\/\/www.suno.com.br\/noticias\/wp-json\/wp\/v2\/posts"}],"about":[{"href":"https:\/\/www.suno.com.br\/noticias\/wp-json\/wp\/v2\/types\/post"}],"author":[{"embeddable":true,"href":"https:\/\/www.suno.com.br\/noticias\/wp-json\/wp\/v2\/users\/118"}],"replies":[{"embeddable":true,"href":"https:\/\/www.suno.com.br\/noticias\/wp-json\/wp\/v2\/comments?post=193308"}],"version-history":[{"count":4,"href":"https:\/\/www.suno.com.br\/noticias\/wp-json\/wp\/v2\/posts\/193308\/revisions"}],"predecessor-version":[{"id":193420,"href":"https:\/\/www.suno.com.br\/noticias\/wp-json\/wp\/v2\/posts\/193308\/revisions\/193420"}],"wp:featuredmedia":[{"embeddable":true,"href":"https:\/\/www.suno.com.br\/noticias\/wp-json\/wp\/v2\/media\/130029"}],"wp:attachment":[{"href":"https:\/\/www.suno.com.br\/noticias\/wp-json\/wp\/v2\/media?parent=193308"}],"wp:term":[{"taxonomy":"category","embeddable":true,"href":"https:\/\/www.suno.com.br\/noticias\/wp-json\/wp\/v2\/categories?post=193308"},{"taxonomy":"post_tag","embeddable":true,"href":"https:\/\/www.suno.com.br\/noticias\/wp-json\/wp\/v2\/tags?post=193308"},{"taxonomy":"suno_strategy","embeddable":true,"href":"https:\/\/www.suno.com.br\/noticias\/wp-json\/wp\/v2\/suno_strategy?post=193308"}],"curies":[{"name":"wp","href":"https:\/\/api.w.org\/{rel}","templated":true}]}}