{"id":19329,"date":"2019-03-28T13:09:33","date_gmt":"2019-03-28T16:09:33","guid":{"rendered":"https:\/\/www.suno.com.br\/noticias\/?p=19329"},"modified":"2021-02-17T22:49:48","modified_gmt":"2021-02-18T01:49:48","slug":"novo-presidente-bc-spread-bancario","status":"publish","type":"post","link":"https:\/\/www.suno.com.br\/noticias\/novo-presidente-bc-spread-bancario\/","title":{"rendered":"Novo presidente do BC diz que vai trabalhar &#8216;fortemente&#8217; para reduzir spread"},"content":{"rendered":"<p>O novo presidente do Banco Central (BC), Roberto Campos Neto, declarou nesta quinta (28) a institui\u00e7\u00e3o vai trabalhar fortemente para reduzir o <a href=\"https:\/\/www.suno.com.br\/artigos\/spread-bancario\/\">spread banc\u00e1rio<\/a>.<\/p>\t<div class=\"wrapper-featured-image\">\n\t\t<figure class=\"spotlightImg\">\n\n\t\t\t<picture>\n\t\t\t\t<source media=\"(max-width: 768px)\" srcset=\"https:\/\/files.sunoresearch.com.br\/n\/uploads\/2019\/02\/b3fe2447-roberto-campos-neto-400x200.webp\">\n\t\t\t\t<img loading=\"lazy\" decoding=\"async\" class=\"newsContent__article__imgCapa lazyloadDisabled newsContent__article__imgCapa--noCaption\" src=\"https:\/\/files.sunoresearch.com.br\/n\/uploads\/2019\/02\/b3fe2447-roberto-campos-neto-800x450.webp\" width=\"800\" height=\"450\" alt=\"Novo presidente do BC diz que vai trabalhar &#8216;fortemente&#8217; para reduzir spread\" fetchpriority=high \/>\n\t\t\t<\/picture>\n\n\t\t\t<figcaption class=\"wp-caption-text wp-caption-text--hide\">Roberto Campos Neto (Divulga\u00e7\u00e3o)<\/figcaption>\n\t\t<\/figure>\n\t<\/div>\n\n\n<p>&#8220;Quando olhamos o <strong>spread banc\u00e1rio,<\/strong> n\u00e3o estamos contentes. Achamos que o <strong>spread banc\u00e1rio<\/strong> \u00e9 <strong>alto,<\/strong> estamos trabalhando para reduzi-lo [&#8230;] Estamos trabalhando <strong>fortemente<\/strong> nisso. H\u00e1 v\u00e1rios projetos, h\u00e1 uma agenda inteira de <strong>fintechs<\/strong> com v\u00e1rias medidas de <strong>regulamenta\u00e7\u00e3o&#8221;,<\/strong> declarou o <strong>presidente<\/strong> do <strong>BC.<\/strong><\/p>\n<p><a href=\"https:\/\/www.suno.com.br\/noticias\/presidente-do-bc-banco\/\">Saiba mais: Presidente do BC: inova\u00e7\u00e3o reduz custos de bancos<\/a><\/p>\n<p><strong>Spread banc\u00e1rio<\/strong> \u00e9 a diferen\u00e7a entre os juros que o banco paga a seus investidores, como as pessoas que compram <strong>CDBs<\/strong> e outros produtos que a institui\u00e7\u00e3o utiliza para financiar, e aquela que ele cobra de quem toma empr\u00e9stimo.<\/p>\n<p style=\"text-align: center;\"><iframe loading=\"lazy\" src=\"https:\/\/www.youtube.com\/embed\/xwYPjp8QFK0\" width=\"560\" height=\"315\" frameborder=\"0\" allowfullscreen=\"allowfullscreen\"><\/iframe><\/p>\n<p>Segundo <strong>Campos Neto,<\/strong> a maior parte desse <strong>spread<\/strong> n\u00e3o est\u00e1 relacionado ao <strong>lucro<\/strong> das institui\u00e7\u00f5es banc\u00e1rias, que corresponderiam a apenas 15%. &#8220;O lucro sobre o <strong>spread<\/strong> n\u00e3o \u00e9 mais alto que em outros pa\u00edses. Precisamos trabalhar nas microrreformas&#8221;, disse. <strong>Inadimpl\u00eancia<\/strong> (35% do <strong>spread), custos financeiros<\/strong> (25%) e <strong>custos operacionais<\/strong> (25%), segundo ele, s\u00e3o mais importantes.<\/p>\n<p><a href=\"https:\/\/www.suno.com.br\/noticias\/pib-banco-central-reduz-economia\/\">Saiba mais: PIB: Banco Central reduz previs\u00e3o de crescimento da economia para 2019<\/a><\/p>\n<p>&#8220;A recupera\u00e7\u00e3o de <strong>cr\u00e9dito<\/strong> \u00e9 de R$ 0,13 por real no Brasil, e leva uma m\u00e9dia de quatro anos. Em alguns pa\u00edses da <strong>OCDE<\/strong> [Organiza\u00e7\u00e3o para a Coopera\u00e7\u00e3o e Desenvolvimento Econ\u00f4mico] \u00e9 de R$ 0,60 a R$ 0,70 e o prazo m\u00e9dio de recupera\u00e7\u00e3o \u00e9 de um ano e meio a dois. Tem de se fazer um trabalho enorme na parte de recupera\u00e7\u00e3o&#8221;, afirmou <strong>Roberto Campos Neto.<\/strong><\/p>\n<p><a href=\"https:\/\/www.suno.com.br\/noticias\/copom-cautela-indica-juro-estavel\/\">Saiba mais: Copom prega cautela e indica juro est\u00e1vel nos pr\u00f3ximos meses<\/a><\/p>\n<p>O executivo disse que a <strong>reforma trabalhista<\/strong> ajudou a reduzir o custo do trabalho e que, em rela\u00e7\u00e3o ao <strong>custo financeiro,<\/strong> \u00e9 necess\u00e1rio reduzir os <a href=\"https:\/\/www.suno.com.br\/artigos\/deposito-compulsorio\/\"><strong>dep\u00f3sitos compuls\u00f3rios<\/strong><\/a> (medida que obriga os bancos a depositarem parte dos recursos captados dos clientes, via dep\u00f3sitos \u00e0 vista, a prazo ou poupan\u00e7a, em uma conta do <strong><a href=\"https:\/\/www.bcb.gov.br\/\">Banco Central<\/a>).<\/strong> &#8220;Os <strong>compuls\u00f3rios<\/strong> s\u00e3o altos, mas h\u00e1 um plano de reduzir&#8221;, disse.<\/p>\n","protected":false},"excerpt":{"rendered":"<p>O novo presidente do Banco Central (BC), Roberto Campos Neto, declarou nesta quinta (28) a institui\u00e7\u00e3o vai trabalhar fortemente para reduzir o spread banc\u00e1rio. Roberto Campos Neto (Divulga\u00e7\u00e3o) &#8220;Quando olhamos o spread banc\u00e1rio, n\u00e3o estamos contentes. Achamos que o spread banc\u00e1rio \u00e9 alto, estamos trabalhando para reduzi-lo [&#8230;] Estamos trabalhando fortemente nisso. H\u00e1 v\u00e1rios projetos, [&hellip;]<\/p>\n","protected":false},"author":13,"featured_media":16643,"comment_status":"closed","ping_status":"closed","sticky":false,"template":"","format":"standard","meta":[],"categories":[60],"tags":[1842,1113],"suno_strategy":[],"class_list":["post-19329","post","type-post","status-publish","format-standard","has-post-thumbnail","hentry","category-mercado","tag-banco-central-bc","tag-roberto-campos-neto"],"yoast_head":"<!-- This site is optimized with the Yoast SEO plugin v24.4 - https:\/\/yoast.com\/wordpress\/plugins\/seo\/ -->\n<title>Novo presidente do BC diz que trabalhar\u00e1 &#039;fortemente&#039; para reduzir spread<\/title>\n<meta name=\"description\" content=\"&quot;Quando olhamos o spread banc\u00e1rio, n\u00e3o estamos contentes&quot;, disse o novo presidente do BC, Roberto Campos Neto. Clique para saber mais.\" \/>\n<meta name=\"robots\" content=\"index, follow, max-snippet:-1, max-image-preview:large, max-video-preview:-1\" \/>\n<link rel=\"canonical\" href=\"https:\/\/www.suno.com.br\/noticias\/novo-presidente-bc-spread-bancario\/\" \/>\n<meta property=\"og:locale\" content=\"pt_BR\" \/>\n<meta property=\"og:type\" content=\"article\" \/>\n<meta property=\"og:title\" content=\"Novo presidente do BC diz que trabalhar\u00e1 &#039;fortemente&#039; para reduzir spread\" \/>\n<meta property=\"og:description\" content=\"&quot;Quando olhamos o spread banc\u00e1rio, n\u00e3o estamos contentes&quot;, disse o novo presidente do BC, Roberto Campos Neto. Clique para saber mais.\" \/>\n<meta property=\"og:url\" content=\"https:\/\/www.suno.com.br\/noticias\/novo-presidente-bc-spread-bancario\/\" \/>\n<meta property=\"og:site_name\" content=\"Suno Not\u00edcias\" \/>\n<meta property=\"article:publisher\" content=\"https:\/\/facebook.com\/sunoresearch\" \/>\n<meta property=\"og:image\" content=\"https:\/\/files.sunoresearch.com.br\/n\/uploads\/2019\/02\/b3fe2447-roberto-campos-neto.jpg\" \/>\n\t<meta property=\"og:image:width\" content=\"1140\" \/>\n\t<meta property=\"og:image:height\" content=\"760\" \/>\n\t<meta property=\"og:image:type\" content=\"image\/jpeg\" \/>\n<meta name=\"author\" content=\"Guilherme Caetano\" \/>\n<meta name=\"twitter:card\" content=\"summary_large_image\" \/>\n<meta name=\"twitter:creator\" content=\"@sunoresearch\" \/>\n<meta name=\"twitter:site\" content=\"@sunoresearch\" \/>\n<meta name=\"twitter:label1\" content=\"Escrito por\" \/>\n\t<meta name=\"twitter:data1\" content=\"Guilherme Caetano\" \/>\n\t<meta name=\"twitter:label2\" content=\"Est. tempo de leitura\" \/>\n\t<meta name=\"twitter:data2\" content=\"2 minutos\" \/>\n<script type=\"application\/ld+json\" class=\"yoast-schema-graph\">{\"@context\":\"https:\/\/schema.org\",\"@graph\":[{\"@type\":\"NewsArticle\",\"@id\":\"https:\/\/www.suno.com.br\/noticias\/novo-presidente-bc-spread-bancario\/#article\",\"isPartOf\":{\"@id\":\"https:\/\/www.suno.com.br\/noticias\/novo-presidente-bc-spread-bancario\/\"},\"author\":{\"name\":\"Guilherme Caetano\",\"@id\":\"https:\/\/www.suno.com.br\/noticias\/#\/schema\/person\/0d0c9687cd2f600c564f25980c140de9\"},\"headline\":\"Novo presidente do BC diz que vai trabalhar &#8216;fortemente&#8217; para reduzir spread\",\"datePublished\":\"2019-03-28T16:09:33+00:00\",\"dateModified\":\"2021-02-18T01:49:48+00:00\",\"mainEntityOfPage\":{\"@id\":\"https:\/\/www.suno.com.br\/noticias\/novo-presidente-bc-spread-bancario\/\"},\"wordCount\":363,\"publisher\":{\"@id\":\"https:\/\/www.suno.com.br\/noticias\/#organization\"},\"image\":{\"@id\":\"https:\/\/www.suno.com.br\/noticias\/novo-presidente-bc-spread-bancario\/#primaryimage\"},\"thumbnailUrl\":\"https:\/\/files.sunoresearch.com.br\/n\/uploads\/2019\/02\/b3fe2447-roberto-campos-neto-jpg.webp\",\"keywords\":[\"Banco Central (BC)\",\"Roberto Campos Neto\"],\"articleSection\":[\"Mercado\"],\"inLanguage\":\"pt-BR\"},{\"@type\":\"WebPage\",\"@id\":\"https:\/\/www.suno.com.br\/noticias\/novo-presidente-bc-spread-bancario\/\",\"url\":\"https:\/\/www.suno.com.br\/noticias\/novo-presidente-bc-spread-bancario\/\",\"name\":\"Novo presidente do BC diz que trabalhar\u00e1 'fortemente' para reduzir spread\",\"isPartOf\":{\"@id\":\"https:\/\/www.suno.com.br\/noticias\/#website\"},\"primaryImageOfPage\":{\"@id\":\"https:\/\/www.suno.com.br\/noticias\/novo-presidente-bc-spread-bancario\/#primaryimage\"},\"image\":{\"@id\":\"https:\/\/www.suno.com.br\/noticias\/novo-presidente-bc-spread-bancario\/#primaryimage\"},\"thumbnailUrl\":\"https:\/\/files.sunoresearch.com.br\/n\/uploads\/2019\/02\/b3fe2447-roberto-campos-neto-jpg.webp\",\"datePublished\":\"2019-03-28T16:09:33+00:00\",\"dateModified\":\"2021-02-18T01:49:48+00:00\",\"description\":\"\\\"Quando olhamos o spread banc\u00e1rio, n\u00e3o estamos contentes\\\", disse o novo presidente do BC, Roberto Campos Neto. Clique para saber mais.\",\"breadcrumb\":{\"@id\":\"https:\/\/www.suno.com.br\/noticias\/novo-presidente-bc-spread-bancario\/#breadcrumb\"},\"inLanguage\":\"pt-BR\",\"potentialAction\":[{\"@type\":\"ReadAction\",\"target\":[\"https:\/\/www.suno.com.br\/noticias\/novo-presidente-bc-spread-bancario\/\"]}]},{\"@type\":\"ImageObject\",\"inLanguage\":\"pt-BR\",\"@id\":\"https:\/\/www.suno.com.br\/noticias\/novo-presidente-bc-spread-bancario\/#primaryimage\",\"url\":\"https:\/\/files.sunoresearch.com.br\/n\/uploads\/2019\/02\/b3fe2447-roberto-campos-neto-jpg.webp\",\"contentUrl\":\"https:\/\/files.sunoresearch.com.br\/n\/uploads\/2019\/02\/b3fe2447-roberto-campos-neto-jpg.webp\",\"width\":1140,\"height\":760,\"caption\":\"Roberto Campos Neto (Divulga\u00e7\u00e3o)\"},{\"@type\":\"BreadcrumbList\",\"@id\":\"https:\/\/www.suno.com.br\/noticias\/novo-presidente-bc-spread-bancario\/#breadcrumb\",\"itemListElement\":[{\"@type\":\"ListItem\",\"position\":1,\"name\":\"Not\u00edcias\",\"item\":\"https:\/\/www.suno.com.br\/noticias\/\"},{\"@type\":\"ListItem\",\"position\":2,\"name\":\"Mercado\",\"item\":\"https:\/\/www.suno.com.br\/noticias\/mercado\/\"},{\"@type\":\"ListItem\",\"position\":3,\"name\":\"Novo presidente do BC diz que vai trabalhar &#8216;fortemente&#8217; para reduzir spread\"}]},{\"@type\":\"WebSite\",\"@id\":\"https:\/\/www.suno.com.br\/noticias\/#website\",\"url\":\"https:\/\/www.suno.com.br\/noticias\/\",\"name\":\"Suno Not\u00edcias\",\"description\":\"Seu portal de informa\u00e7\u00e3o sobre o mundo dos investimentos\",\"publisher\":{\"@id\":\"https:\/\/www.suno.com.br\/noticias\/#organization\"},\"potentialAction\":[{\"@type\":\"SearchAction\",\"target\":{\"@type\":\"EntryPoint\",\"urlTemplate\":\"https:\/\/www.suno.com.br\/noticias\/?s={search_term_string}\"},\"query-input\":{\"@type\":\"PropertyValueSpecification\",\"valueRequired\":true,\"valueName\":\"search_term_string\"}}],\"inLanguage\":\"pt-BR\"},{\"@type\":\"Organization\",\"@id\":\"https:\/\/www.suno.com.br\/noticias\/#organization\",\"name\":\"Suno Not\u00edcias\",\"url\":\"https:\/\/www.suno.com.br\/noticias\/\",\"logo\":{\"@type\":\"ImageObject\",\"inLanguage\":\"pt-BR\",\"@id\":\"https:\/\/www.suno.com.br\/noticias\/#\/schema\/logo\/image\/\",\"url\":\"https:\/\/files.sunoresearch.com.br\/n\/uploads\/2021\/09\/suno-logo.png\",\"contentUrl\":\"https:\/\/files.sunoresearch.com.br\/n\/uploads\/2021\/09\/suno-logo.png\",\"width\":180,\"height\":180,\"caption\":\"Suno Not\u00edcias\"},\"image\":{\"@id\":\"https:\/\/www.suno.com.br\/noticias\/#\/schema\/logo\/image\/\"},\"sameAs\":[\"https:\/\/facebook.com\/sunoresearch\",\"https:\/\/x.com\/sunoresearch\",\"https:\/\/www.instagram.com\/suno\",\"https:\/\/www.linkedin.com\/company\/suno-research\/\",\"https:\/\/www.youtube.com\/c\/sunoresearch\"]},{\"@type\":\"Person\",\"@id\":\"https:\/\/www.suno.com.br\/noticias\/#\/schema\/person\/0d0c9687cd2f600c564f25980c140de9\",\"name\":\"Guilherme Caetano\",\"image\":{\"@type\":\"ImageObject\",\"inLanguage\":\"pt-BR\",\"@id\":\"https:\/\/www.suno.com.br\/noticias\/#\/schema\/person\/image\/\",\"url\":\"https:\/\/secure.gravatar.com\/avatar\/e48357351a01702a0d19307070e081bf?s=96&r=g\",\"contentUrl\":\"https:\/\/secure.gravatar.com\/avatar\/e48357351a01702a0d19307070e081bf?s=96&r=g\",\"caption\":\"Guilherme Caetano\"},\"description\":\"Formado em jornalismo pela Escola de Comunica\u00e7\u00f5es e Artes da USP, Guilherme Caetano escreve para o portal de not\u00edcias da Suno Research. Passou pelas reda\u00e7\u00f5es da Folha de S.Paulo e da revista \u00c9poca.\",\"url\":\"https:\/\/www.suno.com.br\/noticias\/author\/guilherme-caetano\/\"}]}<\/script>\n<!-- \/ Yoast SEO plugin. -->","yoast_head_json":{"title":"Novo presidente do BC diz que trabalhar\u00e1 'fortemente' para reduzir spread","description":"\"Quando olhamos o spread banc\u00e1rio, n\u00e3o estamos contentes\", disse o novo presidente do BC, Roberto Campos Neto. Clique para saber mais.","robots":{"index":"index","follow":"follow","max-snippet":"max-snippet:-1","max-image-preview":"max-image-preview:large","max-video-preview":"max-video-preview:-1"},"canonical":"https:\/\/www.suno.com.br\/noticias\/novo-presidente-bc-spread-bancario\/","og_locale":"pt_BR","og_type":"article","og_title":"Novo presidente do BC diz que trabalhar\u00e1 'fortemente' para reduzir spread","og_description":"\"Quando olhamos o spread banc\u00e1rio, n\u00e3o estamos contentes\", disse o novo presidente do BC, Roberto Campos Neto. Clique para saber mais.","og_url":"https:\/\/www.suno.com.br\/noticias\/novo-presidente-bc-spread-bancario\/","og_site_name":"Suno Not\u00edcias","article_publisher":"https:\/\/facebook.com\/sunoresearch","og_image":[{"width":1140,"height":760,"url":"https:\/\/files.sunoresearch.com.br\/n\/uploads\/2019\/02\/b3fe2447-roberto-campos-neto.jpg","type":"image\/jpeg"}],"author":"Guilherme Caetano","twitter_card":"summary_large_image","twitter_creator":"@sunoresearch","twitter_site":"@sunoresearch","twitter_misc":{"Escrito por":"Guilherme Caetano","Est. tempo de leitura":"2 minutos"},"schema":{"@context":"https:\/\/schema.org","@graph":[{"@type":"NewsArticle","@id":"https:\/\/www.suno.com.br\/noticias\/novo-presidente-bc-spread-bancario\/#article","isPartOf":{"@id":"https:\/\/www.suno.com.br\/noticias\/novo-presidente-bc-spread-bancario\/"},"author":{"name":"Guilherme Caetano","@id":"https:\/\/www.suno.com.br\/noticias\/#\/schema\/person\/0d0c9687cd2f600c564f25980c140de9"},"headline":"Novo presidente do BC diz que vai trabalhar &#8216;fortemente&#8217; para reduzir spread","datePublished":"2019-03-28T16:09:33+00:00","dateModified":"2021-02-18T01:49:48+00:00","mainEntityOfPage":{"@id":"https:\/\/www.suno.com.br\/noticias\/novo-presidente-bc-spread-bancario\/"},"wordCount":363,"publisher":{"@id":"https:\/\/www.suno.com.br\/noticias\/#organization"},"image":{"@id":"https:\/\/www.suno.com.br\/noticias\/novo-presidente-bc-spread-bancario\/#primaryimage"},"thumbnailUrl":"https:\/\/files.sunoresearch.com.br\/n\/uploads\/2019\/02\/b3fe2447-roberto-campos-neto-jpg.webp","keywords":["Banco Central (BC)","Roberto Campos Neto"],"articleSection":["Mercado"],"inLanguage":"pt-BR"},{"@type":"WebPage","@id":"https:\/\/www.suno.com.br\/noticias\/novo-presidente-bc-spread-bancario\/","url":"https:\/\/www.suno.com.br\/noticias\/novo-presidente-bc-spread-bancario\/","name":"Novo presidente do BC diz que trabalhar\u00e1 'fortemente' para reduzir spread","isPartOf":{"@id":"https:\/\/www.suno.com.br\/noticias\/#website"},"primaryImageOfPage":{"@id":"https:\/\/www.suno.com.br\/noticias\/novo-presidente-bc-spread-bancario\/#primaryimage"},"image":{"@id":"https:\/\/www.suno.com.br\/noticias\/novo-presidente-bc-spread-bancario\/#primaryimage"},"thumbnailUrl":"https:\/\/files.sunoresearch.com.br\/n\/uploads\/2019\/02\/b3fe2447-roberto-campos-neto-jpg.webp","datePublished":"2019-03-28T16:09:33+00:00","dateModified":"2021-02-18T01:49:48+00:00","description":"\"Quando olhamos o spread banc\u00e1rio, n\u00e3o estamos contentes\", disse o novo presidente do BC, Roberto Campos Neto. Clique para saber mais.","breadcrumb":{"@id":"https:\/\/www.suno.com.br\/noticias\/novo-presidente-bc-spread-bancario\/#breadcrumb"},"inLanguage":"pt-BR","potentialAction":[{"@type":"ReadAction","target":["https:\/\/www.suno.com.br\/noticias\/novo-presidente-bc-spread-bancario\/"]}]},{"@type":"ImageObject","inLanguage":"pt-BR","@id":"https:\/\/www.suno.com.br\/noticias\/novo-presidente-bc-spread-bancario\/#primaryimage","url":"https:\/\/files.sunoresearch.com.br\/n\/uploads\/2019\/02\/b3fe2447-roberto-campos-neto-jpg.webp","contentUrl":"https:\/\/files.sunoresearch.com.br\/n\/uploads\/2019\/02\/b3fe2447-roberto-campos-neto-jpg.webp","width":1140,"height":760,"caption":"Roberto Campos Neto (Divulga\u00e7\u00e3o)"},{"@type":"BreadcrumbList","@id":"https:\/\/www.suno.com.br\/noticias\/novo-presidente-bc-spread-bancario\/#breadcrumb","itemListElement":[{"@type":"ListItem","position":1,"name":"Not\u00edcias","item":"https:\/\/www.suno.com.br\/noticias\/"},{"@type":"ListItem","position":2,"name":"Mercado","item":"https:\/\/www.suno.com.br\/noticias\/mercado\/"},{"@type":"ListItem","position":3,"name":"Novo presidente do BC diz que vai trabalhar &#8216;fortemente&#8217; para reduzir spread"}]},{"@type":"WebSite","@id":"https:\/\/www.suno.com.br\/noticias\/#website","url":"https:\/\/www.suno.com.br\/noticias\/","name":"Suno Not\u00edcias","description":"Seu portal de informa\u00e7\u00e3o sobre o mundo dos investimentos","publisher":{"@id":"https:\/\/www.suno.com.br\/noticias\/#organization"},"potentialAction":[{"@type":"SearchAction","target":{"@type":"EntryPoint","urlTemplate":"https:\/\/www.suno.com.br\/noticias\/?s={search_term_string}"},"query-input":{"@type":"PropertyValueSpecification","valueRequired":true,"valueName":"search_term_string"}}],"inLanguage":"pt-BR"},{"@type":"Organization","@id":"https:\/\/www.suno.com.br\/noticias\/#organization","name":"Suno Not\u00edcias","url":"https:\/\/www.suno.com.br\/noticias\/","logo":{"@type":"ImageObject","inLanguage":"pt-BR","@id":"https:\/\/www.suno.com.br\/noticias\/#\/schema\/logo\/image\/","url":"https:\/\/files.sunoresearch.com.br\/n\/uploads\/2021\/09\/suno-logo.png","contentUrl":"https:\/\/files.sunoresearch.com.br\/n\/uploads\/2021\/09\/suno-logo.png","width":180,"height":180,"caption":"Suno Not\u00edcias"},"image":{"@id":"https:\/\/www.suno.com.br\/noticias\/#\/schema\/logo\/image\/"},"sameAs":["https:\/\/facebook.com\/sunoresearch","https:\/\/x.com\/sunoresearch","https:\/\/www.instagram.com\/suno","https:\/\/www.linkedin.com\/company\/suno-research\/","https:\/\/www.youtube.com\/c\/sunoresearch"]},{"@type":"Person","@id":"https:\/\/www.suno.com.br\/noticias\/#\/schema\/person\/0d0c9687cd2f600c564f25980c140de9","name":"Guilherme Caetano","image":{"@type":"ImageObject","inLanguage":"pt-BR","@id":"https:\/\/www.suno.com.br\/noticias\/#\/schema\/person\/image\/","url":"https:\/\/secure.gravatar.com\/avatar\/e48357351a01702a0d19307070e081bf?s=96&r=g","contentUrl":"https:\/\/secure.gravatar.com\/avatar\/e48357351a01702a0d19307070e081bf?s=96&r=g","caption":"Guilherme Caetano"},"description":"Formado em jornalismo pela Escola de Comunica\u00e7\u00f5es e Artes da USP, Guilherme Caetano escreve para o portal de not\u00edcias da Suno Research. Passou pelas reda\u00e7\u00f5es da Folha de S.Paulo e da revista \u00c9poca.","url":"https:\/\/www.suno.com.br\/noticias\/author\/guilherme-caetano\/"}]}},"default_loop_html":"<div class=\"cardsPage__listCard__boxs\"><div class=\"cardsPage__listCard__boxs__img\"><a href=\"https:\/\/www.suno.com.br\/noticias\/novo-presidente-bc-spread-bancario\/\"><img class=\"mask\" src=\"https:\/\/www.suno.com.br\/noticias\/wp-content\/themes\/suno\/resources\/images\/spotlight\/spotlight1img\/bg-mask.png\" alt=\"Image Mask\"\/><img src=\"https:\/\/files.sunoresearch.com.br\/n\/uploads\/2019\/02\/b3fe2447-roberto-campos-neto-400x200.webp\" alt=\"Novo presidente do BC diz que vai trabalhar &#8216;fortemente&#8217; para reduzir spread\"\/><\/a><span class=\"spotlightCategory\"><a href=\"https:\/\/www.suno.com.br\/noticias\/mercado\/\">Mercado<\/a><\/span><\/div><div class=\"cardsPage__listCard__boxs__content\"><a href=\"https:\/\/www.suno.com.br\/noticias\/novo-presidente-bc-spread-bancario\/\"><h2 class=\"content__title\">Novo presidente do BC diz que vai trabalhar &#8216;fortemente&#8217; para reduzir spread<\/h2><\/a><div class=\"newsContent__article__meta\"><div class=\"newsContent__article__meta__authorBox\"><a href=\"https:\/\/www.suno.com.br\/noticias\/author\/guilherme-caetano\/\" class=\"authorBox__avatar noMobi\"><img src=\"https:\/\/secure.gravatar.com\/avatar\/e48357351a01702a0d19307070e081bf?s=96&#038;r=g\" alt=\"Guilherme Caetano\"><\/a><div class=\"authorBox__name\"><span>por\n\t\t\t<a href=\"https:\/\/www.suno.com.br\/noticias\/author\/guilherme-caetano\/\"><span itemprop=\"author\">Guilherme Caetano<\/span><\/a><\/span><time datetime=\"2019-03-28T13:09:33-03:00\" itemprop=\"datePublished\">28\/03\/2019 13:09<\/time><\/div><\/div><\/div><\/div><\/div>","single_layout":"posts","amp_enabled":true,"_links":{"self":[{"href":"https:\/\/www.suno.com.br\/noticias\/wp-json\/wp\/v2\/posts\/19329"}],"collection":[{"href":"https:\/\/www.suno.com.br\/noticias\/wp-json\/wp\/v2\/posts"}],"about":[{"href":"https:\/\/www.suno.com.br\/noticias\/wp-json\/wp\/v2\/types\/post"}],"author":[{"embeddable":true,"href":"https:\/\/www.suno.com.br\/noticias\/wp-json\/wp\/v2\/users\/13"}],"replies":[{"embeddable":true,"href":"https:\/\/www.suno.com.br\/noticias\/wp-json\/wp\/v2\/comments?post=19329"}],"version-history":[{"count":0,"href":"https:\/\/www.suno.com.br\/noticias\/wp-json\/wp\/v2\/posts\/19329\/revisions"}],"wp:featuredmedia":[{"embeddable":true,"href":"https:\/\/www.suno.com.br\/noticias\/wp-json\/wp\/v2\/media\/16643"}],"wp:attachment":[{"href":"https:\/\/www.suno.com.br\/noticias\/wp-json\/wp\/v2\/media?parent=19329"}],"wp:term":[{"taxonomy":"category","embeddable":true,"href":"https:\/\/www.suno.com.br\/noticias\/wp-json\/wp\/v2\/categories?post=19329"},{"taxonomy":"post_tag","embeddable":true,"href":"https:\/\/www.suno.com.br\/noticias\/wp-json\/wp\/v2\/tags?post=19329"},{"taxonomy":"suno_strategy","embeddable":true,"href":"https:\/\/www.suno.com.br\/noticias\/wp-json\/wp\/v2\/suno_strategy?post=19329"}],"curies":[{"name":"wp","href":"https:\/\/api.w.org\/{rel}","templated":true}]}}