{"id":193190,"date":"2021-10-13T12:32:53","date_gmt":"2021-10-13T15:32:53","guid":{"rendered":"https:\/\/www.suno.com.br\/noticias\/?p=193190"},"modified":"2021-10-13T12:32:53","modified_gmt":"2021-10-13T15:32:53","slug":"iguatemi-igta3-jereissati-jpsa3-reorganizacao","status":"publish","type":"post","link":"https:\/\/www.suno.com.br\/noticias\/iguatemi-igta3-jereissati-jpsa3-reorganizacao\/","title":{"rendered":"Iguatemi (IGTA3) aprova incorpora\u00e7\u00e3o total das a\u00e7\u00f5es pela Jereissati (JPSA3); veja condi\u00e7\u00f5es"},"content":{"rendered":"<p>A <a href=\"https:\/\/www.suno.com.br\/acoes\/igta3\/\"><strong>Iguatemi<\/strong> (IGTA3)<\/a> aprovou, em Assembleia Geral Extraordin\u00e1ria realizada nesta quarta-feira (13), a proposta de incorpora\u00e7\u00e3o total das a\u00e7\u00f5es da empresa pela sua controladora, a <a href=\"https:\/\/www.suno.com.br\/acoes\/jpsa3\/\">Jereissati (JPSA3)<\/a>.<\/p>\t<div class=\"wrapper-featured-image\">\n\t\t<figure class=\"spotlightImg\">\n\n\t\t\t<picture>\n\t\t\t\t<source media=\"(max-width: 768px)\" srcset=\"https:\/\/files.sunoresearch.com.br\/n\/uploads\/2021\/03\/72dda60c-iguatemi-2-400x200.webp\">\n\t\t\t\t<img loading=\"lazy\" decoding=\"async\" class=\"newsContent__article__imgCapa lazyloadDisabled \" src=\"https:\/\/files.sunoresearch.com.br\/n\/uploads\/2021\/03\/72dda60c-iguatemi-2-800x450.webp\" width=\"800\" height=\"450\" alt=\"Iguatemi (IGTA3) aprova incorpora\u00e7\u00e3o total das a\u00e7\u00f5es pela Jereissati (JPSA3); veja condi\u00e7\u00f5es\" fetchpriority=high \/>\n\t\t\t<\/picture>\n\n\t\t\t<figcaption class=\"wp-caption-text wp-caption-text--show\">Iguatemi (IGTA3). Foto: Divulga\u00e7\u00e3o<\/figcaption>\n\t\t<\/figure>\n\t<\/div>\n\n\n\t<p>\n\t\t<a href=\"https:\/\/lp.suno.com.br\/planilha-controle-gastos\/\" target=\"_blank\" data-element=\"shortcode-suno-banner\" title=\"Banner SUNO, clique e saiba mais\">\n\t\t\t<picture>\n\t\t\t\t<source media=\"(max-width: 500px)\" srcset=\"https:\/\/files.sunoresearch.com.br\/n\/uploads\/2023\/03\/400x300-Planilha-controle-de-gastos.png\">\n\t\t\t\t<img class=\"newsContent__article__imgCapa newsContent__article__imgCapa--banner\"\n\t\t\t\t\tsrc=\"https:\/\/files.sunoresearch.com.br\/n\/uploads\/2023\/03\/1420x240-Planilha-controle-de-gastos.png\"\n\t\t\t\t\tdata-promo-id=\"101751\"\t\t\t\t\t\t\t\t\t\twidth='1420' height='240'\t\t\t\t\talt=\"https:\/\/files.sunoresearch.com.br\/n\/uploads\/2023\/03\/1420x240-Planilha-controle-de-gastos.png\"\n\t\t\t\t>\n\t\t\t<\/picture>\n\t\t<\/a>\n\t<\/p>\n\n\n<p>A holding que controla a Iguatemi, ir\u00e1 incorporar 100% da empresa de shoppings, assumindo seu nome e passando a negociar na forma de units na B3. Com isso, a administradora de shoppings sair\u00e1 do <strong><a class=\"suno-keyword\" href=\"https:\/\/www.suno.com.br\/artigos\/novo-mercado\/\" target=\"_blank\" rel=\"noopener\" data-force=\"no\" data-priority=\"1\">Novo Mercado<\/a><\/strong>, mais alto n\u00edvel de governan\u00e7a corporativa da Bolsa brasileira, indo para o N\u00edvel 1.<\/p>\n<p>A proposta de<strong> reorganiza\u00e7\u00e3o societ\u00e1ria<\/strong> havia sido divulgada em 7 de junho deste ano, com a justificativa de simplifica\u00e7\u00e3o da estrutura entre as duas empresas.<\/p>\n<p>Isso seria realizado &#8220;consolidando as bases acion\u00e1rias, sem altera\u00e7\u00e3o da sua estrutura de controle, propiciando, assim, um aumento de <a href=\"https:\/\/www.suno.com.br\/artigos\/liquidez\/\">liquidez<\/a> de suas a\u00e7\u00f5es e uma maior capacidade de investimento e crescimento\u201d.<\/p>\n\t<div data-element=\"shortcode-read-more\" class=\"knowMore\">\n\t\t\t\t<span class=\"knowMore__title\">Saiba mais<\/span>\n\t\t\t\t<a class=\"knowMore__link\" href=\"https:\/\/www.suno.com.br\/noticias\/iguatemi-igta3-vendas-shoppings-julho\/\">\n\t\t\tIguatemi (IGTA3): vendas em shoppings cresceram 5% em julho, comparadas a julho de 2019\t\t<\/a>\n\t<\/div>\n\n\n<p>Como resultado da opera\u00e7\u00e3o, os acionistas receber\u00e3o, para casa a\u00e7\u00e3o ordin\u00e1ria de emiss\u00e3o da empresa conjunta, 0,15964 a\u00e7\u00e3o ordin\u00e1ria e 0,31929 a\u00e7\u00e3o preferencial de emiss\u00e3o da <strong>Jereissati<\/strong>, na forma de units, formadas por uma a\u00e7\u00e3o ordin\u00e1ria (ON) e duas preferenciais (PN).<\/p>\n<p>As <a class=\"suno-keyword\" href=\"https:\/\/www.suno.com.br\/artigos\/o-que-sao-acoes-ordinarias-preferenciais-e-units\/\" target=\"_blank\" rel=\"noopener\" data-force=\"no\" data-priority=\"1\">a\u00e7\u00f5es ordin\u00e1rias<\/a> e as units da Jereissati passar\u00e3o a ser negociadas na B3 sob os novos tickers <strong>IGTI3<\/strong> e <strong>IGTI11<\/strong>, respectivamente, a partir do dia 29 de novembro.<\/p>\n<h2>Iguatemi delibera sobre direito de retirada<\/h2>\n<p>Segundo a Iguatemi, os acionistas que n\u00e3o estiverem de acordo com a opera\u00e7\u00e3o ter\u00e3o <strong>direito de retirada<\/strong> com rela\u00e7\u00e3o \u00e0s a\u00e7\u00f5es que possu\u00edrem, desde o dia 7 de junho. Quem comprou a\u00e7\u00f5es a partir daquele dia n\u00e3o ter\u00e1 direito.<\/p>\n\t<p>\n\t\t<a href=\"https:\/\/lp.suno.com.br\/ebook-como-analisar-uma-acao\/\" target=\"_blank\" data-element=\"shortcode-suno-banner\" title=\"Banner SUNO, clique e saiba mais\">\n\t\t\t<picture>\n\t\t\t\t<source media=\"(max-width: 500px)\" srcset=\"https:\/\/files.sunoresearch.com.br\/n\/uploads\/2023\/03\/Ebook-Acoes-Mobile-1.jpg\">\n\t\t\t\t<img class=\"newsContent__article__imgCapa newsContent__article__imgCapa--banner\"\n\t\t\t\t\tsrc=\"https:\/\/files.sunoresearch.com.br\/n\/uploads\/2023\/03\/Ebook-Acoes-Desktop-1.jpg\"\n\t\t\t\t\tdata-promo-id=\"171998\"\t\t\t\t\t\t\t\t\t\twidth='1420' height='286'\t\t\t\t\talt=\"https:\/\/files.sunoresearch.com.br\/n\/uploads\/2023\/03\/Ebook-Acoes-Desktop-1.jpg\"\n\t\t\t\t>\n\t\t\t<\/picture>\n\t\t<\/a>\n\t<\/p>\n\n\n<p>O valor a ser pago \u00e9 de R$ 17,82 por a\u00e7\u00e3o ordin\u00e1ria.<\/p>\n<p>Os acionistas que desejarem exercer o <a href=\"https:\/\/www.suno.com.br\/artigos\/direito-de-retirada\/\">direito de retirada<\/a> dever\u00e3o se manifestar dentro do prazo de 30 dias, contados a partir da pr\u00f3xima sexta-feira (14). No dia 16 de novembro, este per\u00edodo ser\u00e1 encerrado, com o dep\u00f3sito marcado para o dia 19 de novembro.<\/p>\n<p>Hoje, por volta das 12h10, as a\u00e7\u00f5es da <strong>Iguatemi<\/strong> negociavam a R$ 33,48, com alta de 3%. Os pap\u00e9is da Jereissati, por sua vez, subiam 3,44%, para R$ 28,84.<\/p>\n\t<p>\n\t\t<a href=\"\" target=\"_blank\" data-element=\"shortcode-suno-banner\" title=\"Banner SUNO, clique e saiba mais\">\n\t\t\t<picture>\n\t\t\t\t<source media=\"(max-width: 500px)\" srcset=\"\">\n\t\t\t\t<img class=\"newsContent__article__imgCapa newsContent__article__imgCapa--banner\"\n\t\t\t\t\tsrc=\"\"\n\t\t\t\t\tdata-promo-id=\"184190\"\t\t\t\t\t\t\t\t\t\t\t\t\t\t\talt=\"\"\n\t\t\t\t>\n\t\t\t<\/picture>\n\t\t<\/a>\n\t<\/p>\n\n\n","protected":false},"excerpt":{"rendered":"<p>A Iguatemi (IGTA3) aprovou, em Assembleia Geral Extraordin\u00e1ria realizada nesta quarta-feira (13), a proposta de incorpora\u00e7\u00e3o total das a\u00e7\u00f5es da empresa pela sua controladora, a Jereissati (JPSA3). Iguatemi (IGTA3). Foto: Divulga\u00e7\u00e3o A holding que controla a Iguatemi, ir\u00e1 incorporar 100% da empresa de shoppings, assumindo seu nome e passando a negociar na forma de units [&hellip;]<\/p>\n","protected":false},"author":24,"featured_media":137767,"comment_status":"closed","ping_status":"closed","sticky":false,"template":"","format":"standard","meta":[],"categories":[64],"tags":[309,106934,522],"suno_strategy":[],"class_list":["post-193190","post","type-post","status-publish","format-standard","has-post-thumbnail","hentry","category-negocios","tag-bolsa-de-valores","tag-iguatemi-igti3","tag-jereissati-jpsa3"],"yoast_head":"<!-- This site is optimized with the Yoast SEO plugin v24.4 - https:\/\/yoast.com\/wordpress\/plugins\/seo\/ -->\n<title>Iguatemi (IGTA3) aprova incorpora\u00e7\u00e3o total das a\u00e7\u00f5es pela Jereissati<\/title>\n<meta name=\"description\" content=\"A Iguatemi (IGTA3) aprovou nesta quarta a proposta de incorpora\u00e7\u00e3o total das a\u00e7\u00f5es da empresa pela Jereissati (JPSA3). Saiba mais.\" \/>\n<meta name=\"robots\" content=\"index, follow, max-snippet:-1, max-image-preview:large, max-video-preview:-1\" \/>\n<link rel=\"canonical\" href=\"https:\/\/www.suno.com.br\/noticias\/iguatemi-igta3-jereissati-jpsa3-reorganizacao\/\" \/>\n<meta property=\"og:locale\" content=\"pt_BR\" \/>\n<meta property=\"og:type\" content=\"article\" \/>\n<meta property=\"og:title\" content=\"Iguatemi (IGTA3) aprova incorpora\u00e7\u00e3o total das a\u00e7\u00f5es pela Jereissati\" \/>\n<meta property=\"og:description\" content=\"A Iguatemi (IGTA3) aprovou nesta quarta a proposta de incorpora\u00e7\u00e3o total das a\u00e7\u00f5es da empresa pela Jereissati (JPSA3). Saiba mais.\" \/>\n<meta property=\"og:url\" content=\"https:\/\/www.suno.com.br\/noticias\/iguatemi-igta3-jereissati-jpsa3-reorganizacao\/\" \/>\n<meta property=\"og:site_name\" content=\"Suno Not\u00edcias\" \/>\n<meta property=\"article:publisher\" content=\"https:\/\/facebook.com\/sunoresearch\" \/>\n<meta property=\"og:image\" content=\"https:\/\/files.sunoresearch.com.br\/n\/uploads\/2021\/03\/72dda60c-iguatemi-2.jpg\" \/>\n\t<meta property=\"og:image:width\" content=\"1200\" \/>\n\t<meta property=\"og:image:height\" content=\"800\" \/>\n\t<meta property=\"og:image:type\" content=\"image\/jpeg\" \/>\n<meta name=\"author\" content=\"Jader Lazarini\" \/>\n<meta name=\"twitter:card\" content=\"summary_large_image\" \/>\n<meta name=\"twitter:creator\" content=\"@sunoresearch\" \/>\n<meta name=\"twitter:site\" content=\"@sunoresearch\" \/>\n<meta name=\"twitter:label1\" content=\"Escrito por\" \/>\n\t<meta name=\"twitter:data1\" content=\"Jader Lazarini\" \/>\n\t<meta name=\"twitter:label2\" content=\"Est. tempo de leitura\" \/>\n\t<meta name=\"twitter:data2\" content=\"2 minutos\" \/>\n<script type=\"application\/ld+json\" class=\"yoast-schema-graph\">{\"@context\":\"https:\/\/schema.org\",\"@graph\":[{\"@type\":\"NewsArticle\",\"@id\":\"https:\/\/www.suno.com.br\/noticias\/iguatemi-igta3-jereissati-jpsa3-reorganizacao\/#article\",\"isPartOf\":{\"@id\":\"https:\/\/www.suno.com.br\/noticias\/iguatemi-igta3-jereissati-jpsa3-reorganizacao\/\"},\"author\":{\"name\":\"Jader Lazarini\",\"@id\":\"https:\/\/www.suno.com.br\/noticias\/#\/schema\/person\/918d79de1f0281f01599b93f9ea6e23f\"},\"headline\":\"Iguatemi (IGTA3) aprova incorpora\u00e7\u00e3o total das a\u00e7\u00f5es pela Jereissati (JPSA3); veja condi\u00e7\u00f5es\",\"datePublished\":\"2021-10-13T15:32:53+00:00\",\"mainEntityOfPage\":{\"@id\":\"https:\/\/www.suno.com.br\/noticias\/iguatemi-igta3-jereissati-jpsa3-reorganizacao\/\"},\"wordCount\":388,\"publisher\":{\"@id\":\"https:\/\/www.suno.com.br\/noticias\/#organization\"},\"image\":{\"@id\":\"https:\/\/www.suno.com.br\/noticias\/iguatemi-igta3-jereissati-jpsa3-reorganizacao\/#primaryimage\"},\"thumbnailUrl\":\"https:\/\/files.sunoresearch.com.br\/n\/uploads\/2021\/03\/72dda60c-iguatemi-2-jpg.webp\",\"keywords\":[\"Bolsa de Valores\",\"Iguatemi (IGTI3)\",\"Jereissati (JPSA3)\"],\"articleSection\":[\"Neg\u00f3cios\"],\"inLanguage\":\"pt-BR\"},{\"@type\":\"WebPage\",\"@id\":\"https:\/\/www.suno.com.br\/noticias\/iguatemi-igta3-jereissati-jpsa3-reorganizacao\/\",\"url\":\"https:\/\/www.suno.com.br\/noticias\/iguatemi-igta3-jereissati-jpsa3-reorganizacao\/\",\"name\":\"Iguatemi (IGTA3) aprova incorpora\u00e7\u00e3o total das a\u00e7\u00f5es pela Jereissati\",\"isPartOf\":{\"@id\":\"https:\/\/www.suno.com.br\/noticias\/#website\"},\"primaryImageOfPage\":{\"@id\":\"https:\/\/www.suno.com.br\/noticias\/iguatemi-igta3-jereissati-jpsa3-reorganizacao\/#primaryimage\"},\"image\":{\"@id\":\"https:\/\/www.suno.com.br\/noticias\/iguatemi-igta3-jereissati-jpsa3-reorganizacao\/#primaryimage\"},\"thumbnailUrl\":\"https:\/\/files.sunoresearch.com.br\/n\/uploads\/2021\/03\/72dda60c-iguatemi-2-jpg.webp\",\"datePublished\":\"2021-10-13T15:32:53+00:00\",\"description\":\"A Iguatemi (IGTA3) aprovou nesta quarta a proposta de incorpora\u00e7\u00e3o total das a\u00e7\u00f5es da empresa pela Jereissati (JPSA3). Saiba mais.\",\"breadcrumb\":{\"@id\":\"https:\/\/www.suno.com.br\/noticias\/iguatemi-igta3-jereissati-jpsa3-reorganizacao\/#breadcrumb\"},\"inLanguage\":\"pt-BR\",\"potentialAction\":[{\"@type\":\"ReadAction\",\"target\":[\"https:\/\/www.suno.com.br\/noticias\/iguatemi-igta3-jereissati-jpsa3-reorganizacao\/\"]}]},{\"@type\":\"ImageObject\",\"inLanguage\":\"pt-BR\",\"@id\":\"https:\/\/www.suno.com.br\/noticias\/iguatemi-igta3-jereissati-jpsa3-reorganizacao\/#primaryimage\",\"url\":\"https:\/\/files.sunoresearch.com.br\/n\/uploads\/2021\/03\/72dda60c-iguatemi-2-jpg.webp\",\"contentUrl\":\"https:\/\/files.sunoresearch.com.br\/n\/uploads\/2021\/03\/72dda60c-iguatemi-2-jpg.webp\",\"width\":1200,\"height\":800,\"caption\":\"Iguatemi (IGTA3). Foto: Divulga\u00e7\u00e3o\"},{\"@type\":\"BreadcrumbList\",\"@id\":\"https:\/\/www.suno.com.br\/noticias\/iguatemi-igta3-jereissati-jpsa3-reorganizacao\/#breadcrumb\",\"itemListElement\":[{\"@type\":\"ListItem\",\"position\":1,\"name\":\"Not\u00edcias\",\"item\":\"https:\/\/www.suno.com.br\/noticias\/\"},{\"@type\":\"ListItem\",\"position\":2,\"name\":\"Neg\u00f3cios\",\"item\":\"https:\/\/www.suno.com.br\/noticias\/negocios\/\"},{\"@type\":\"ListItem\",\"position\":3,\"name\":\"Iguatemi (IGTA3) aprova incorpora\u00e7\u00e3o total das a\u00e7\u00f5es pela Jereissati (JPSA3); veja condi\u00e7\u00f5es\"}]},{\"@type\":\"WebSite\",\"@id\":\"https:\/\/www.suno.com.br\/noticias\/#website\",\"url\":\"https:\/\/www.suno.com.br\/noticias\/\",\"name\":\"Suno Not\u00edcias\",\"description\":\"Seu portal de informa\u00e7\u00e3o sobre o mundo dos investimentos\",\"publisher\":{\"@id\":\"https:\/\/www.suno.com.br\/noticias\/#organization\"},\"potentialAction\":[{\"@type\":\"SearchAction\",\"target\":{\"@type\":\"EntryPoint\",\"urlTemplate\":\"https:\/\/www.suno.com.br\/noticias\/?s={search_term_string}\"},\"query-input\":{\"@type\":\"PropertyValueSpecification\",\"valueRequired\":true,\"valueName\":\"search_term_string\"}}],\"inLanguage\":\"pt-BR\"},{\"@type\":\"Organization\",\"@id\":\"https:\/\/www.suno.com.br\/noticias\/#organization\",\"name\":\"Suno Not\u00edcias\",\"url\":\"https:\/\/www.suno.com.br\/noticias\/\",\"logo\":{\"@type\":\"ImageObject\",\"inLanguage\":\"pt-BR\",\"@id\":\"https:\/\/www.suno.com.br\/noticias\/#\/schema\/logo\/image\/\",\"url\":\"https:\/\/files.sunoresearch.com.br\/n\/uploads\/2021\/09\/suno-logo.png\",\"contentUrl\":\"https:\/\/files.sunoresearch.com.br\/n\/uploads\/2021\/09\/suno-logo.png\",\"width\":180,\"height\":180,\"caption\":\"Suno Not\u00edcias\"},\"image\":{\"@id\":\"https:\/\/www.suno.com.br\/noticias\/#\/schema\/logo\/image\/\"},\"sameAs\":[\"https:\/\/facebook.com\/sunoresearch\",\"https:\/\/x.com\/sunoresearch\",\"https:\/\/www.instagram.com\/suno\",\"https:\/\/www.linkedin.com\/company\/suno-research\/\",\"https:\/\/www.youtube.com\/c\/sunoresearch\"]},{\"@type\":\"Person\",\"@id\":\"https:\/\/www.suno.com.br\/noticias\/#\/schema\/person\/918d79de1f0281f01599b93f9ea6e23f\",\"name\":\"Jader Lazarini\",\"image\":{\"@type\":\"ImageObject\",\"inLanguage\":\"pt-BR\",\"@id\":\"https:\/\/www.suno.com.br\/noticias\/#\/schema\/person\/image\/\",\"url\":\"https:\/\/secure.gravatar.com\/avatar\/3c1ad8caa51589841baeb923fcddea97?s=96&r=g\",\"contentUrl\":\"https:\/\/secure.gravatar.com\/avatar\/3c1ad8caa51589841baeb923fcddea97?s=96&r=g\",\"caption\":\"Jader Lazarini\"},\"description\":\"Jader Lazarini escreve sobre investimentos, finan\u00e7as, economia e neg\u00f3cios. \u00c9 bacharel em Rela\u00e7\u00f5es Internacionais e analista CNPI (2619).\",\"url\":\"https:\/\/www.suno.com.br\/noticias\/author\/jader-lazarini\/\"}]}<\/script>\n<!-- \/ Yoast SEO plugin. -->","yoast_head_json":{"title":"Iguatemi (IGTA3) aprova incorpora\u00e7\u00e3o total das a\u00e7\u00f5es pela Jereissati","description":"A Iguatemi (IGTA3) aprovou nesta quarta a proposta de incorpora\u00e7\u00e3o total das a\u00e7\u00f5es da empresa pela Jereissati (JPSA3). Saiba mais.","robots":{"index":"index","follow":"follow","max-snippet":"max-snippet:-1","max-image-preview":"max-image-preview:large","max-video-preview":"max-video-preview:-1"},"canonical":"https:\/\/www.suno.com.br\/noticias\/iguatemi-igta3-jereissati-jpsa3-reorganizacao\/","og_locale":"pt_BR","og_type":"article","og_title":"Iguatemi (IGTA3) aprova incorpora\u00e7\u00e3o total das a\u00e7\u00f5es pela Jereissati","og_description":"A Iguatemi (IGTA3) aprovou nesta quarta a proposta de incorpora\u00e7\u00e3o total das a\u00e7\u00f5es da empresa pela Jereissati (JPSA3). Saiba mais.","og_url":"https:\/\/www.suno.com.br\/noticias\/iguatemi-igta3-jereissati-jpsa3-reorganizacao\/","og_site_name":"Suno Not\u00edcias","article_publisher":"https:\/\/facebook.com\/sunoresearch","og_image":[{"width":1200,"height":800,"url":"https:\/\/files.sunoresearch.com.br\/n\/uploads\/2021\/03\/72dda60c-iguatemi-2.jpg","type":"image\/jpeg"}],"author":"Jader Lazarini","twitter_card":"summary_large_image","twitter_creator":"@sunoresearch","twitter_site":"@sunoresearch","twitter_misc":{"Escrito por":"Jader Lazarini","Est. tempo de leitura":"2 minutos"},"schema":{"@context":"https:\/\/schema.org","@graph":[{"@type":"NewsArticle","@id":"https:\/\/www.suno.com.br\/noticias\/iguatemi-igta3-jereissati-jpsa3-reorganizacao\/#article","isPartOf":{"@id":"https:\/\/www.suno.com.br\/noticias\/iguatemi-igta3-jereissati-jpsa3-reorganizacao\/"},"author":{"name":"Jader Lazarini","@id":"https:\/\/www.suno.com.br\/noticias\/#\/schema\/person\/918d79de1f0281f01599b93f9ea6e23f"},"headline":"Iguatemi (IGTA3) aprova incorpora\u00e7\u00e3o total das a\u00e7\u00f5es pela Jereissati (JPSA3); veja condi\u00e7\u00f5es","datePublished":"2021-10-13T15:32:53+00:00","mainEntityOfPage":{"@id":"https:\/\/www.suno.com.br\/noticias\/iguatemi-igta3-jereissati-jpsa3-reorganizacao\/"},"wordCount":388,"publisher":{"@id":"https:\/\/www.suno.com.br\/noticias\/#organization"},"image":{"@id":"https:\/\/www.suno.com.br\/noticias\/iguatemi-igta3-jereissati-jpsa3-reorganizacao\/#primaryimage"},"thumbnailUrl":"https:\/\/files.sunoresearch.com.br\/n\/uploads\/2021\/03\/72dda60c-iguatemi-2-jpg.webp","keywords":["Bolsa de Valores","Iguatemi (IGTI3)","Jereissati (JPSA3)"],"articleSection":["Neg\u00f3cios"],"inLanguage":"pt-BR"},{"@type":"WebPage","@id":"https:\/\/www.suno.com.br\/noticias\/iguatemi-igta3-jereissati-jpsa3-reorganizacao\/","url":"https:\/\/www.suno.com.br\/noticias\/iguatemi-igta3-jereissati-jpsa3-reorganizacao\/","name":"Iguatemi (IGTA3) aprova incorpora\u00e7\u00e3o total das a\u00e7\u00f5es pela Jereissati","isPartOf":{"@id":"https:\/\/www.suno.com.br\/noticias\/#website"},"primaryImageOfPage":{"@id":"https:\/\/www.suno.com.br\/noticias\/iguatemi-igta3-jereissati-jpsa3-reorganizacao\/#primaryimage"},"image":{"@id":"https:\/\/www.suno.com.br\/noticias\/iguatemi-igta3-jereissati-jpsa3-reorganizacao\/#primaryimage"},"thumbnailUrl":"https:\/\/files.sunoresearch.com.br\/n\/uploads\/2021\/03\/72dda60c-iguatemi-2-jpg.webp","datePublished":"2021-10-13T15:32:53+00:00","description":"A Iguatemi (IGTA3) aprovou nesta quarta a proposta de incorpora\u00e7\u00e3o total das a\u00e7\u00f5es da empresa pela Jereissati (JPSA3). Saiba mais.","breadcrumb":{"@id":"https:\/\/www.suno.com.br\/noticias\/iguatemi-igta3-jereissati-jpsa3-reorganizacao\/#breadcrumb"},"inLanguage":"pt-BR","potentialAction":[{"@type":"ReadAction","target":["https:\/\/www.suno.com.br\/noticias\/iguatemi-igta3-jereissati-jpsa3-reorganizacao\/"]}]},{"@type":"ImageObject","inLanguage":"pt-BR","@id":"https:\/\/www.suno.com.br\/noticias\/iguatemi-igta3-jereissati-jpsa3-reorganizacao\/#primaryimage","url":"https:\/\/files.sunoresearch.com.br\/n\/uploads\/2021\/03\/72dda60c-iguatemi-2-jpg.webp","contentUrl":"https:\/\/files.sunoresearch.com.br\/n\/uploads\/2021\/03\/72dda60c-iguatemi-2-jpg.webp","width":1200,"height":800,"caption":"Iguatemi (IGTA3). Foto: Divulga\u00e7\u00e3o"},{"@type":"BreadcrumbList","@id":"https:\/\/www.suno.com.br\/noticias\/iguatemi-igta3-jereissati-jpsa3-reorganizacao\/#breadcrumb","itemListElement":[{"@type":"ListItem","position":1,"name":"Not\u00edcias","item":"https:\/\/www.suno.com.br\/noticias\/"},{"@type":"ListItem","position":2,"name":"Neg\u00f3cios","item":"https:\/\/www.suno.com.br\/noticias\/negocios\/"},{"@type":"ListItem","position":3,"name":"Iguatemi (IGTA3) aprova incorpora\u00e7\u00e3o total das a\u00e7\u00f5es pela Jereissati (JPSA3); veja condi\u00e7\u00f5es"}]},{"@type":"WebSite","@id":"https:\/\/www.suno.com.br\/noticias\/#website","url":"https:\/\/www.suno.com.br\/noticias\/","name":"Suno Not\u00edcias","description":"Seu portal de informa\u00e7\u00e3o sobre o mundo dos investimentos","publisher":{"@id":"https:\/\/www.suno.com.br\/noticias\/#organization"},"potentialAction":[{"@type":"SearchAction","target":{"@type":"EntryPoint","urlTemplate":"https:\/\/www.suno.com.br\/noticias\/?s={search_term_string}"},"query-input":{"@type":"PropertyValueSpecification","valueRequired":true,"valueName":"search_term_string"}}],"inLanguage":"pt-BR"},{"@type":"Organization","@id":"https:\/\/www.suno.com.br\/noticias\/#organization","name":"Suno Not\u00edcias","url":"https:\/\/www.suno.com.br\/noticias\/","logo":{"@type":"ImageObject","inLanguage":"pt-BR","@id":"https:\/\/www.suno.com.br\/noticias\/#\/schema\/logo\/image\/","url":"https:\/\/files.sunoresearch.com.br\/n\/uploads\/2021\/09\/suno-logo.png","contentUrl":"https:\/\/files.sunoresearch.com.br\/n\/uploads\/2021\/09\/suno-logo.png","width":180,"height":180,"caption":"Suno Not\u00edcias"},"image":{"@id":"https:\/\/www.suno.com.br\/noticias\/#\/schema\/logo\/image\/"},"sameAs":["https:\/\/facebook.com\/sunoresearch","https:\/\/x.com\/sunoresearch","https:\/\/www.instagram.com\/suno","https:\/\/www.linkedin.com\/company\/suno-research\/","https:\/\/www.youtube.com\/c\/sunoresearch"]},{"@type":"Person","@id":"https:\/\/www.suno.com.br\/noticias\/#\/schema\/person\/918d79de1f0281f01599b93f9ea6e23f","name":"Jader Lazarini","image":{"@type":"ImageObject","inLanguage":"pt-BR","@id":"https:\/\/www.suno.com.br\/noticias\/#\/schema\/person\/image\/","url":"https:\/\/secure.gravatar.com\/avatar\/3c1ad8caa51589841baeb923fcddea97?s=96&r=g","contentUrl":"https:\/\/secure.gravatar.com\/avatar\/3c1ad8caa51589841baeb923fcddea97?s=96&r=g","caption":"Jader Lazarini"},"description":"Jader Lazarini escreve sobre investimentos, finan\u00e7as, economia e neg\u00f3cios. \u00c9 bacharel em Rela\u00e7\u00f5es Internacionais e analista CNPI (2619).","url":"https:\/\/www.suno.com.br\/noticias\/author\/jader-lazarini\/"}]}},"default_loop_html":"<div class=\"cardsPage__listCard__boxs\"><div class=\"cardsPage__listCard__boxs__img\"><a href=\"https:\/\/www.suno.com.br\/noticias\/iguatemi-igta3-jereissati-jpsa3-reorganizacao\/\"><img class=\"mask\" src=\"https:\/\/www.suno.com.br\/noticias\/wp-content\/themes\/suno\/resources\/images\/spotlight\/spotlight1img\/bg-mask.png\" alt=\"Image Mask\"\/><img src=\"https:\/\/files.sunoresearch.com.br\/n\/uploads\/2021\/03\/72dda60c-iguatemi-2-400x200.webp\" alt=\"Iguatemi (IGTA3) aprova incorpora\u00e7\u00e3o total das a\u00e7\u00f5es pela Jereissati (JPSA3); veja condi\u00e7\u00f5es\"\/><\/a><span class=\"spotlightCategory\"><a href=\"https:\/\/www.suno.com.br\/noticias\/negocios\/\">Neg\u00f3cios<\/a><\/span><\/div><div class=\"cardsPage__listCard__boxs__content\"><a href=\"https:\/\/www.suno.com.br\/noticias\/iguatemi-igta3-jereissati-jpsa3-reorganizacao\/\"><h2 class=\"content__title\">Iguatemi (IGTA3) aprova incorpora\u00e7\u00e3o total das a\u00e7\u00f5es pela Jereissati (JPSA3); veja condi\u00e7\u00f5es<\/h2><\/a><div class=\"newsContent__article__meta\"><div class=\"newsContent__article__meta__authorBox\"><a href=\"https:\/\/www.suno.com.br\/noticias\/author\/jader-lazarini\/\" class=\"authorBox__avatar noMobi\"><img src=\"https:\/\/files.sunoresearch.com.br\/n\/uploads\/2021\/01\/178e6598-foto-perfil-2-150x150.jpg\" alt=\"Jader Lazarini\"><\/a><div class=\"authorBox__name\"><span>por\n\t\t\t<a href=\"https:\/\/www.suno.com.br\/noticias\/author\/jader-lazarini\/\"><span itemprop=\"author\">Jader Lazarini<\/span><\/a><\/span><time datetime=\"2021-10-13T12:32:53-03:00\" itemprop=\"datePublished\">13\/10\/2021 12:32<\/time><\/div><\/div><\/div><\/div><\/div>","single_layout":"posts","amp_enabled":true,"_links":{"self":[{"href":"https:\/\/www.suno.com.br\/noticias\/wp-json\/wp\/v2\/posts\/193190"}],"collection":[{"href":"https:\/\/www.suno.com.br\/noticias\/wp-json\/wp\/v2\/posts"}],"about":[{"href":"https:\/\/www.suno.com.br\/noticias\/wp-json\/wp\/v2\/types\/post"}],"author":[{"embeddable":true,"href":"https:\/\/www.suno.com.br\/noticias\/wp-json\/wp\/v2\/users\/24"}],"replies":[{"embeddable":true,"href":"https:\/\/www.suno.com.br\/noticias\/wp-json\/wp\/v2\/comments?post=193190"}],"version-history":[{"count":1,"href":"https:\/\/www.suno.com.br\/noticias\/wp-json\/wp\/v2\/posts\/193190\/revisions"}],"predecessor-version":[{"id":193193,"href":"https:\/\/www.suno.com.br\/noticias\/wp-json\/wp\/v2\/posts\/193190\/revisions\/193193"}],"wp:featuredmedia":[{"embeddable":true,"href":"https:\/\/www.suno.com.br\/noticias\/wp-json\/wp\/v2\/media\/137767"}],"wp:attachment":[{"href":"https:\/\/www.suno.com.br\/noticias\/wp-json\/wp\/v2\/media?parent=193190"}],"wp:term":[{"taxonomy":"category","embeddable":true,"href":"https:\/\/www.suno.com.br\/noticias\/wp-json\/wp\/v2\/categories?post=193190"},{"taxonomy":"post_tag","embeddable":true,"href":"https:\/\/www.suno.com.br\/noticias\/wp-json\/wp\/v2\/tags?post=193190"},{"taxonomy":"suno_strategy","embeddable":true,"href":"https:\/\/www.suno.com.br\/noticias\/wp-json\/wp\/v2\/suno_strategy?post=193190"}],"curies":[{"name":"wp","href":"https:\/\/api.w.org\/{rel}","templated":true}]}}