{"id":193158,"date":"2021-10-13T11:35:08","date_gmt":"2021-10-13T14:35:08","guid":{"rendered":"https:\/\/www.suno.com.br\/noticias\/?p=193158"},"modified":"2021-10-13T11:35:08","modified_gmt":"2021-10-13T14:35:08","slug":"brf-brfs3-compra-marfrig-mrfg3-revista-cade","status":"publish","type":"post","link":"https:\/\/www.suno.com.br\/noticias\/brf-brfs3-compra-marfrig-mrfg3-revista-cade\/","title":{"rendered":"BRF (BRFS3): compra de a\u00e7\u00f5es pela Marfrig (MRFG3) pode ser revista pelo Cade"},"content":{"rendered":"<p>A aprova\u00e7\u00e3o da compra de a\u00e7\u00f5es da <a class=\"suno-keyword\" href=\"https:\/\/www.suno.com.br\/acoes\/BRFS3\/\" target=\"_blank\" rel=\"noopener\" data-force=\"yes\" data-priority=\"2\"><strong>BRF<\/strong> (BRFS3)<\/a> pela <a class=\"suno-keyword\" href=\"https:\/\/www.suno.com.br\/acoes\/MRFG3\/\" target=\"_blank\" rel=\"noopener\" data-force=\"yes\" data-priority=\"2\">Marfrig (MRFG3)<\/a> pode ter mais cap\u00edtulos, segundo a coluna Radar Econ\u00f4mico, da <em>Veja<\/em>. O Conselho Administrativo de Defesa Econ\u00f4mica (Cade) <a href=\"https:\/\/www.suno.com.br\/noticias\/marfrig-cade-aprova-aquisicao-acoes-brf\/\" target=\"_blank\" rel=\"noopener\">deu parecer positivo, sem restri\u00e7\u00f5es, no dia 23 de setembro<\/a>, por\u00e9m, uma das conselheiras ainda tem d\u00favidas sobre a opera\u00e7\u00e3o, diz a coluna.<\/p>\t<div class=\"wrapper-featured-image\">\n\t\t<figure class=\"spotlightImg\">\n\n\t\t\t<picture>\n\t\t\t\t<source media=\"(max-width: 768px)\" srcset=\"https:\/\/files.sunoresearch.com.br\/n\/uploads\/2021\/03\/4065bbe8-brf-3-400x200.webp\">\n\t\t\t\t<img loading=\"lazy\" decoding=\"async\" class=\"newsContent__article__imgCapa lazyloadDisabled \" src=\"https:\/\/files.sunoresearch.com.br\/n\/uploads\/2021\/03\/4065bbe8-brf-3-800x450.webp\" width=\"800\" height=\"450\" alt=\"BRF (BRFS3): compra de a\u00e7\u00f5es pela Marfrig (MRFG3) pode ser revista pelo Cade\" fetchpriority=high \/>\n\t\t\t<\/picture>\n\n\t\t\t<figcaption class=\"wp-caption-text wp-caption-text--show\">Produtos da BRF no supermercado. Foto: Divulga\u00e7\u00e3o BRF<\/figcaption>\n\t\t<\/figure>\n\t<\/div>\n\n\n\t<p>\n\t\t<a href=\"https:\/\/lp.suno.com.br\/planilha-controle-gastos\/\" target=\"_blank\" data-element=\"shortcode-suno-banner\" title=\"Banner SUNO, clique e saiba mais\">\n\t\t\t<picture>\n\t\t\t\t<source media=\"(max-width: 500px)\" srcset=\"https:\/\/files.sunoresearch.com.br\/n\/uploads\/2023\/03\/400x300-Planilha-controle-de-gastos.png\">\n\t\t\t\t<img class=\"newsContent__article__imgCapa newsContent__article__imgCapa--banner\"\n\t\t\t\t\tsrc=\"https:\/\/files.sunoresearch.com.br\/n\/uploads\/2023\/03\/1420x240-Planilha-controle-de-gastos.png\"\n\t\t\t\t\tdata-promo-id=\"101751\"\t\t\t\t\t\t\t\t\t\twidth='1420' height='240'\t\t\t\t\talt=\"https:\/\/files.sunoresearch.com.br\/n\/uploads\/2023\/03\/1420x240-Planilha-controle-de-gastos.png\"\n\t\t\t\t>\n\t\t\t<\/picture>\n\t\t<\/a>\n\t<\/p>\n\n\n<p>A <a href=\"https:\/\/www.suno.com.br\/artigos\/cade\/\" target=\"_blank\" rel=\"noopener\">conselheira do Cade<\/a> Lenise Rodrigues Prado pediu \u00e0 <strong>Superintend\u00eancia Geral<\/strong> mais informa\u00e7\u00f5es consistentes e uma an\u00e1lise mais minuciosa sobre a <strong>compra da BRF<\/strong> pela Marfrig, que abarque o impacto em mercados de varejo, atacado e restaurantes.<\/p>\n<p>Al\u00e9m disso, Prado afirma que n\u00e3o passaram por an\u00e1lise quest\u00f5es como a influ\u00eancia da Marfrig como acionista minorit\u00e1rio,\u00a0\u201cem especial um acionista que atua no mesmo setor, e que j\u00e1 foi concorrente ainda mais pr\u00f3ximo quando atuava com a marca &#8216;<strong>Seara<\/strong>&#8216;\u201d, destaca o Radar Econ\u00f4mico.<\/p>\n<p>Outra pondera\u00e7\u00e3o da conselheira \u00e9 em rela\u00e7\u00e3o ao tamanho do conglomerado e ao poder de portf\u00f3lio que a BRF ter\u00e1 com a <strong>Marfrig como acionista<\/strong>.<\/p>\n<p>&#8220;A atua\u00e7\u00e3o coordenada das requerentes em diversos segmentos tenderia a impactar significativamente a din\u00e2mica concorrencial e ter efeitos tanto para fornecedores como para os consumidores\u201d, disse em pedido encaminhado \u00e0 Superintend\u00eancia Geral.<\/p>\n\t<p>\n\t\t<a href=\"https:\/\/lp.suno.com.br\/planilha-da-vida-financeira\/\" target=\"_blank\" data-element=\"shortcode-suno-banner\" title=\"Banner SUNO, clique e saiba mais\">\n\t\t\t<picture>\n\t\t\t\t<source media=\"(max-width: 500px)\" srcset=\"https:\/\/files.sunoresearch.com.br\/n\/uploads\/2023\/04\/400x300-Planilha-vida-financeira-true.png\">\n\t\t\t\t<img class=\"newsContent__article__imgCapa newsContent__article__imgCapa--banner\"\n\t\t\t\t\tsrc=\"https:\/\/files.sunoresearch.com.br\/n\/uploads\/2023\/04\/1420x240-Planilha-vida-financeira-true.png\"\n\t\t\t\t\tdata-promo-id=\"106682\"\t\t\t\t\t\t\t\t\t\twidth='1420' height='240'\t\t\t\t\talt=\"https:\/\/files.sunoresearch.com.br\/n\/uploads\/2023\/04\/1420x240-Planilha-vida-financeira-true.png\"\n\t\t\t\t>\n\t\t\t<\/picture>\n\t\t<\/a>\n\t<\/p>\n\n\n<p>Com base nessas pondera\u00e7\u00f5es, Prado pediu a avoca\u00e7\u00e3o do ato de concentra\u00e7\u00e3o, de modo que deve puxar para si a investiga\u00e7\u00e3o dos pontos destacados, antes que o Conselho tome nova decis\u00e3o.<\/p>\n<p>O pedido de avoca\u00e7\u00e3o da conselheira precisa passar pela<strong> an\u00e1lise do Cade<\/strong> na pr\u00f3xima sess\u00e3o de julgamento.<\/p>\n<h2>Outro recurso contra a compra de a\u00e7\u00f5es da BRF pela Marfrig<\/h2>\n<p>N\u00e3o \u00e9 s\u00f3 a conselheira Lenise Rodrigues Prado que v\u00ea potenciais danos ao mercado concorrencial com a participa\u00e7\u00e3o da Marfrig na BRF. O Instituto Brasileiro de Estudo e Defesa do Consumidor (<strong>Ibedec<\/strong>) tamb\u00e9m avalia que a transa\u00e7\u00e3o \u00e9 prejudicial a concorrentes e consumidores e <a href=\"https:\/\/www.suno.com.br\/noticias\/marfrig-mrfg3-brf-brfs3-ibedec-compra-acoes\/\" target=\"_blank\" rel=\"noopener\">entrou com recurso para tentar reverter a decis\u00e3o do Cade<\/a>.<\/p>\n\t<p>\n\t\t<a href=\"https:\/\/lp.suno.com.br\/ebook-como-analisar-uma-acao\/\" target=\"_blank\" data-element=\"shortcode-suno-banner\" title=\"Banner SUNO, clique e saiba mais\">\n\t\t\t<picture>\n\t\t\t\t<source media=\"(max-width: 500px)\" srcset=\"https:\/\/files.sunoresearch.com.br\/n\/uploads\/2023\/03\/Ebook-Acoes-Mobile-1.jpg\">\n\t\t\t\t<img class=\"newsContent__article__imgCapa newsContent__article__imgCapa--banner\"\n\t\t\t\t\tsrc=\"https:\/\/files.sunoresearch.com.br\/n\/uploads\/2023\/03\/Ebook-Acoes-Desktop-1.jpg\"\n\t\t\t\t\tdata-promo-id=\"171998\"\t\t\t\t\t\t\t\t\t\twidth='1420' height='286'\t\t\t\t\talt=\"https:\/\/files.sunoresearch.com.br\/n\/uploads\/2023\/03\/Ebook-Acoes-Desktop-1.jpg\"\n\t\t\t\t>\n\t\t\t<\/picture>\n\t\t<\/a>\n\t<\/p>\n\n\n<p>O Ibedec diz que a transa\u00e7\u00e3o esbarra no risco de <a class=\"suno-keyword\" href=\"https:\/\/www.suno.com.br\/artigos\/fechamento-do-mercado\/\" target=\"_blank\" rel=\"noopener\" data-force=\"no\" data-priority=\"1\">fechamento do mercado<\/a> de hamb\u00fargueres, o que, em sua an\u00e1lise, deve lesar concorrentes e consumidores.<\/p>\n<p>\u201c\u00c9 uma pauta importante aos consumidores. Em um pa\u00eds j\u00e1 pressionado pela infla\u00e7\u00e3o, concentrar mercado representa risco grave \u00e0 cadeia econ\u00f4mica como um todo\u201d, diz um trecho da peti\u00e7\u00e3o enviada na sexta-feira, 08\/10, ao tribunal administrativo do <strong>\u00f3rg\u00e3o antitruste<\/strong>.<\/p>\n<p>O pedido do instituto \u00e9 para o Cade dar um passo atr\u00e1s e ouvir os atores do mercado antes de bater o martelo sobre a aquisi\u00e7\u00e3o.<\/p>\n\t<p>\n\t\t<a href=\"https:\/\/lp.suno.com.br\/planilha-de-controle-de-investimentos\/\" target=\"_blank\" data-element=\"shortcode-suno-banner\" title=\"Banner SUNO, clique e saiba mais\">\n\t\t\t<picture>\n\t\t\t\t<source media=\"(max-width: 500px)\" srcset=\"https:\/\/files.sunoresearch.com.br\/n\/uploads\/2023\/03\/400x300-Controle-de-Investimentos.png\">\n\t\t\t\t<img class=\"newsContent__article__imgCapa newsContent__article__imgCapa--banner\"\n\t\t\t\t\tsrc=\"https:\/\/files.sunoresearch.com.br\/n\/uploads\/2023\/03\/1420x240-Controle-de-Investimentos.png\"\n\t\t\t\t\tdata-promo-id=\"75934\"\t\t\t\t\t\t\t\t\t\twidth='1420' height='240'\t\t\t\t\talt=\"https:\/\/files.sunoresearch.com.br\/n\/uploads\/2023\/03\/1420x240-Controle-de-Investimentos.png\"\n\t\t\t\t>\n\t\t\t<\/picture>\n\t\t<\/a>\n\t<\/p>\n\n\n<p>Em 21 de maio, a Marfrig realizou a <a href=\"https:\/\/www.suno.com.br\/artigos\/compra-de-acoes\/\" target=\"_blank\" rel=\"noopener\">compra de a\u00e7\u00f5es<\/a> ordin\u00e1rias da concorrente, atingindo participa\u00e7\u00e3o de 24,23% do capital social. Em 3 de junho, a empresa adquiriu mais <strong>a\u00e7\u00f5es da BRF<\/strong> por meio de op\u00e7\u00f5es e em leil\u00f5es realizados na bolsa brasileira at\u00e9 chegar a participa\u00e7\u00e3o de 31,67%.<\/p>\n<p>A porcentagem adquirida aproximou a Marfrig dos limites estabelecidos no estatuto da <strong>BRF<\/strong> para acionistas minorit\u00e1rios e tamb\u00e9m da cl\u00e1usula de \u201c<em>poison pill<\/em>\u201d &#8211; mecanismo de defesa contra aquisi\u00e7\u00f5es vistas como danosas \u00e0s empresas adquiridas.<\/p>\n\t<p>\n\t\t<a href=\"\" target=\"_blank\" data-element=\"shortcode-suno-banner\" title=\"Banner SUNO, clique e saiba mais\">\n\t\t\t<picture>\n\t\t\t\t<source media=\"(max-width: 500px)\" srcset=\"\">\n\t\t\t\t<img class=\"newsContent__article__imgCapa newsContent__article__imgCapa--banner\"\n\t\t\t\t\tsrc=\"\"\n\t\t\t\t\tdata-promo-id=\"184190\"\t\t\t\t\t\t\t\t\t\t\t\t\t\t\talt=\"\"\n\t\t\t\t>\n\t\t\t<\/picture>\n\t\t<\/a>\n\t<\/p>\n\n\n","protected":false},"excerpt":{"rendered":"<p>A aprova\u00e7\u00e3o da compra de a\u00e7\u00f5es da BRF (BRFS3) pela Marfrig (MRFG3) pode ter mais cap\u00edtulos, segundo a coluna Radar Econ\u00f4mico, da Veja. O Conselho Administrativo de Defesa Econ\u00f4mica (Cade) deu parecer positivo, sem restri\u00e7\u00f5es, no dia 23 de setembro, por\u00e9m, uma das conselheiras ainda tem d\u00favidas sobre a opera\u00e7\u00e3o, diz a coluna. Produtos da [&hellip;]<\/p>\n","protected":false},"author":102,"featured_media":130193,"comment_status":"closed","ping_status":"closed","sticky":false,"template":"","format":"standard","meta":[],"categories":[64],"tags":[397,851,62812,552],"suno_strategy":[],"class_list":["post-193158","post","type-post","status-publish","format-standard","has-post-thumbnail","hentry","category-negocios","tag-brf-brfs3","tag-cade","tag-fusoes-e-aquisicoes","tag-marfrig-mrfg3"],"yoast_head":"<!-- This site is optimized with the Yoast SEO plugin v24.4 - https:\/\/yoast.com\/wordpress\/plugins\/seo\/ -->\n<title>BRF (BRFS3): participa\u00e7\u00e3o da Marfrig (MRFG3) pode ser revista no Cade<\/title>\n<meta name=\"description\" content=\"Conselheira do Cade e Ibedec pedem nova apura\u00e7\u00e3o da compra de a\u00e7\u00f5es da BRF (BRFS3) pela Marfrig (MRFG3). Veja o que alegam os contr\u00e1rios\" \/>\n<meta name=\"robots\" content=\"index, follow, max-snippet:-1, max-image-preview:large, max-video-preview:-1\" \/>\n<link rel=\"canonical\" href=\"https:\/\/www.suno.com.br\/noticias\/brf-brfs3-compra-marfrig-mrfg3-revista-cade\/\" \/>\n<meta property=\"og:locale\" content=\"pt_BR\" \/>\n<meta property=\"og:type\" content=\"article\" \/>\n<meta property=\"og:title\" content=\"BRF (BRFS3): participa\u00e7\u00e3o da Marfrig (MRFG3) pode ser revista no Cade\" \/>\n<meta property=\"og:description\" content=\"Conselheira do Cade e Ibedec pedem nova apura\u00e7\u00e3o da compra de a\u00e7\u00f5es da BRF (BRFS3) pela Marfrig (MRFG3). Veja o que alegam os contr\u00e1rios\" \/>\n<meta property=\"og:url\" content=\"https:\/\/www.suno.com.br\/noticias\/brf-brfs3-compra-marfrig-mrfg3-revista-cade\/\" \/>\n<meta property=\"og:site_name\" content=\"Suno Not\u00edcias\" \/>\n<meta property=\"article:publisher\" content=\"https:\/\/facebook.com\/sunoresearch\" \/>\n<meta property=\"og:image\" content=\"https:\/\/files.sunoresearch.com.br\/n\/uploads\/2021\/03\/4065bbe8-brf-3.jpg\" \/>\n\t<meta property=\"og:image:width\" content=\"1200\" \/>\n\t<meta property=\"og:image:height\" content=\"802\" \/>\n\t<meta property=\"og:image:type\" content=\"image\/jpeg\" \/>\n<meta name=\"author\" content=\"Monique Lima\" \/>\n<meta name=\"twitter:card\" content=\"summary_large_image\" \/>\n<meta name=\"twitter:creator\" content=\"@sunoresearch\" \/>\n<meta name=\"twitter:site\" content=\"@sunoresearch\" \/>\n<meta name=\"twitter:label1\" content=\"Escrito por\" \/>\n\t<meta name=\"twitter:data1\" content=\"Monique Lima\" \/>\n\t<meta name=\"twitter:label2\" content=\"Est. tempo de leitura\" \/>\n\t<meta name=\"twitter:data2\" content=\"3 minutos\" \/>\n<script type=\"application\/ld+json\" class=\"yoast-schema-graph\">{\"@context\":\"https:\/\/schema.org\",\"@graph\":[{\"@type\":\"NewsArticle\",\"@id\":\"https:\/\/www.suno.com.br\/noticias\/brf-brfs3-compra-marfrig-mrfg3-revista-cade\/#article\",\"isPartOf\":{\"@id\":\"https:\/\/www.suno.com.br\/noticias\/brf-brfs3-compra-marfrig-mrfg3-revista-cade\/\"},\"author\":{\"name\":\"Monique Lima\",\"@id\":\"https:\/\/www.suno.com.br\/noticias\/#\/schema\/person\/d712329319cc9b10f254d02d654cb36a\"},\"headline\":\"BRF (BRFS3): compra de a\u00e7\u00f5es pela Marfrig (MRFG3) pode ser revista pelo Cade\",\"datePublished\":\"2021-10-13T14:35:08+00:00\",\"mainEntityOfPage\":{\"@id\":\"https:\/\/www.suno.com.br\/noticias\/brf-brfs3-compra-marfrig-mrfg3-revista-cade\/\"},\"wordCount\":556,\"publisher\":{\"@id\":\"https:\/\/www.suno.com.br\/noticias\/#organization\"},\"image\":{\"@id\":\"https:\/\/www.suno.com.br\/noticias\/brf-brfs3-compra-marfrig-mrfg3-revista-cade\/#primaryimage\"},\"thumbnailUrl\":\"https:\/\/files.sunoresearch.com.br\/n\/uploads\/2021\/03\/4065bbe8-brf-3-jpg.webp\",\"keywords\":[\"BRF (BRFS3)\",\"CADE\",\"fus\u00f5es e aquisi\u00e7\u00f5es\",\"Marfrig (MRFG3)\"],\"articleSection\":[\"Neg\u00f3cios\"],\"inLanguage\":\"pt-BR\"},{\"@type\":\"WebPage\",\"@id\":\"https:\/\/www.suno.com.br\/noticias\/brf-brfs3-compra-marfrig-mrfg3-revista-cade\/\",\"url\":\"https:\/\/www.suno.com.br\/noticias\/brf-brfs3-compra-marfrig-mrfg3-revista-cade\/\",\"name\":\"BRF (BRFS3): participa\u00e7\u00e3o da Marfrig (MRFG3) pode ser revista no Cade\",\"isPartOf\":{\"@id\":\"https:\/\/www.suno.com.br\/noticias\/#website\"},\"primaryImageOfPage\":{\"@id\":\"https:\/\/www.suno.com.br\/noticias\/brf-brfs3-compra-marfrig-mrfg3-revista-cade\/#primaryimage\"},\"image\":{\"@id\":\"https:\/\/www.suno.com.br\/noticias\/brf-brfs3-compra-marfrig-mrfg3-revista-cade\/#primaryimage\"},\"thumbnailUrl\":\"https:\/\/files.sunoresearch.com.br\/n\/uploads\/2021\/03\/4065bbe8-brf-3-jpg.webp\",\"datePublished\":\"2021-10-13T14:35:08+00:00\",\"description\":\"Conselheira do Cade e Ibedec pedem nova apura\u00e7\u00e3o da compra de a\u00e7\u00f5es da BRF (BRFS3) pela Marfrig (MRFG3). Veja o que alegam os contr\u00e1rios\",\"breadcrumb\":{\"@id\":\"https:\/\/www.suno.com.br\/noticias\/brf-brfs3-compra-marfrig-mrfg3-revista-cade\/#breadcrumb\"},\"inLanguage\":\"pt-BR\",\"potentialAction\":[{\"@type\":\"ReadAction\",\"target\":[\"https:\/\/www.suno.com.br\/noticias\/brf-brfs3-compra-marfrig-mrfg3-revista-cade\/\"]}]},{\"@type\":\"ImageObject\",\"inLanguage\":\"pt-BR\",\"@id\":\"https:\/\/www.suno.com.br\/noticias\/brf-brfs3-compra-marfrig-mrfg3-revista-cade\/#primaryimage\",\"url\":\"https:\/\/files.sunoresearch.com.br\/n\/uploads\/2021\/03\/4065bbe8-brf-3-jpg.webp\",\"contentUrl\":\"https:\/\/files.sunoresearch.com.br\/n\/uploads\/2021\/03\/4065bbe8-brf-3-jpg.webp\",\"width\":1200,\"height\":802,\"caption\":\"Produtos da BRF no supermercado. Foto: Divulga\u00e7\u00e3o BRF\"},{\"@type\":\"BreadcrumbList\",\"@id\":\"https:\/\/www.suno.com.br\/noticias\/brf-brfs3-compra-marfrig-mrfg3-revista-cade\/#breadcrumb\",\"itemListElement\":[{\"@type\":\"ListItem\",\"position\":1,\"name\":\"Not\u00edcias\",\"item\":\"https:\/\/www.suno.com.br\/noticias\/\"},{\"@type\":\"ListItem\",\"position\":2,\"name\":\"Neg\u00f3cios\",\"item\":\"https:\/\/www.suno.com.br\/noticias\/negocios\/\"},{\"@type\":\"ListItem\",\"position\":3,\"name\":\"BRF (BRFS3): compra de a\u00e7\u00f5es pela Marfrig (MRFG3) pode ser revista pelo Cade\"}]},{\"@type\":\"WebSite\",\"@id\":\"https:\/\/www.suno.com.br\/noticias\/#website\",\"url\":\"https:\/\/www.suno.com.br\/noticias\/\",\"name\":\"Suno Not\u00edcias\",\"description\":\"Seu portal de informa\u00e7\u00e3o sobre o mundo dos investimentos\",\"publisher\":{\"@id\":\"https:\/\/www.suno.com.br\/noticias\/#organization\"},\"potentialAction\":[{\"@type\":\"SearchAction\",\"target\":{\"@type\":\"EntryPoint\",\"urlTemplate\":\"https:\/\/www.suno.com.br\/noticias\/?s={search_term_string}\"},\"query-input\":{\"@type\":\"PropertyValueSpecification\",\"valueRequired\":true,\"valueName\":\"search_term_string\"}}],\"inLanguage\":\"pt-BR\"},{\"@type\":\"Organization\",\"@id\":\"https:\/\/www.suno.com.br\/noticias\/#organization\",\"name\":\"Suno Not\u00edcias\",\"url\":\"https:\/\/www.suno.com.br\/noticias\/\",\"logo\":{\"@type\":\"ImageObject\",\"inLanguage\":\"pt-BR\",\"@id\":\"https:\/\/www.suno.com.br\/noticias\/#\/schema\/logo\/image\/\",\"url\":\"https:\/\/files.sunoresearch.com.br\/n\/uploads\/2021\/09\/suno-logo.png\",\"contentUrl\":\"https:\/\/files.sunoresearch.com.br\/n\/uploads\/2021\/09\/suno-logo.png\",\"width\":180,\"height\":180,\"caption\":\"Suno Not\u00edcias\"},\"image\":{\"@id\":\"https:\/\/www.suno.com.br\/noticias\/#\/schema\/logo\/image\/\"},\"sameAs\":[\"https:\/\/facebook.com\/sunoresearch\",\"https:\/\/x.com\/sunoresearch\",\"https:\/\/www.instagram.com\/suno\",\"https:\/\/www.linkedin.com\/company\/suno-research\/\",\"https:\/\/www.youtube.com\/c\/sunoresearch\"]},{\"@type\":\"Person\",\"@id\":\"https:\/\/www.suno.com.br\/noticias\/#\/schema\/person\/d712329319cc9b10f254d02d654cb36a\",\"name\":\"Monique Lima\",\"image\":{\"@type\":\"ImageObject\",\"inLanguage\":\"pt-BR\",\"@id\":\"https:\/\/www.suno.com.br\/noticias\/#\/schema\/person\/image\/\",\"url\":\"https:\/\/secure.gravatar.com\/avatar\/daee7f16d906c2e9ffed236206ca2c30?s=96&r=g\",\"contentUrl\":\"https:\/\/secure.gravatar.com\/avatar\/daee7f16d906c2e9ffed236206ca2c30?s=96&r=g\",\"caption\":\"Monique Lima\"},\"description\":\"Rep\u00f3rter de Mercado no Suno Not\u00edcias, \u00e9 jornalista com experi\u00eancia na cobertura de economia, empreendedorismo, finan\u00e7as pessoais, mercado financeiro, carreira e recursos humanos. Formada em Jornalismo pela Universidade Paulista, teve experi\u00eancias em ve\u00edculos de comunica\u00e7\u00e3o como a Ag\u00eancia TradeMap, Revista Voc\u00ea S\/A e Revista Voc\u00ea RH, as duas \u00faltimas publica\u00e7\u00f5es da Editora Abril. No Suno Not\u00edcias, fala sobre as principais not\u00edcias de Fundos Imobili\u00e1rios, Fiagro, Startups e empresas listadas na Bolsa.\",\"url\":\"https:\/\/www.suno.com.br\/noticias\/author\/monique-lima\/\"}]}<\/script>\n<!-- \/ Yoast SEO plugin. -->","yoast_head_json":{"title":"BRF (BRFS3): participa\u00e7\u00e3o da Marfrig (MRFG3) pode ser revista no Cade","description":"Conselheira do Cade e Ibedec pedem nova apura\u00e7\u00e3o da compra de a\u00e7\u00f5es da BRF (BRFS3) pela Marfrig (MRFG3). Veja o que alegam os contr\u00e1rios","robots":{"index":"index","follow":"follow","max-snippet":"max-snippet:-1","max-image-preview":"max-image-preview:large","max-video-preview":"max-video-preview:-1"},"canonical":"https:\/\/www.suno.com.br\/noticias\/brf-brfs3-compra-marfrig-mrfg3-revista-cade\/","og_locale":"pt_BR","og_type":"article","og_title":"BRF (BRFS3): participa\u00e7\u00e3o da Marfrig (MRFG3) pode ser revista no Cade","og_description":"Conselheira do Cade e Ibedec pedem nova apura\u00e7\u00e3o da compra de a\u00e7\u00f5es da BRF (BRFS3) pela Marfrig (MRFG3). Veja o que alegam os contr\u00e1rios","og_url":"https:\/\/www.suno.com.br\/noticias\/brf-brfs3-compra-marfrig-mrfg3-revista-cade\/","og_site_name":"Suno Not\u00edcias","article_publisher":"https:\/\/facebook.com\/sunoresearch","og_image":[{"width":1200,"height":802,"url":"https:\/\/files.sunoresearch.com.br\/n\/uploads\/2021\/03\/4065bbe8-brf-3.jpg","type":"image\/jpeg"}],"author":"Monique Lima","twitter_card":"summary_large_image","twitter_creator":"@sunoresearch","twitter_site":"@sunoresearch","twitter_misc":{"Escrito por":"Monique Lima","Est. tempo de leitura":"3 minutos"},"schema":{"@context":"https:\/\/schema.org","@graph":[{"@type":"NewsArticle","@id":"https:\/\/www.suno.com.br\/noticias\/brf-brfs3-compra-marfrig-mrfg3-revista-cade\/#article","isPartOf":{"@id":"https:\/\/www.suno.com.br\/noticias\/brf-brfs3-compra-marfrig-mrfg3-revista-cade\/"},"author":{"name":"Monique Lima","@id":"https:\/\/www.suno.com.br\/noticias\/#\/schema\/person\/d712329319cc9b10f254d02d654cb36a"},"headline":"BRF (BRFS3): compra de a\u00e7\u00f5es pela Marfrig (MRFG3) pode ser revista pelo Cade","datePublished":"2021-10-13T14:35:08+00:00","mainEntityOfPage":{"@id":"https:\/\/www.suno.com.br\/noticias\/brf-brfs3-compra-marfrig-mrfg3-revista-cade\/"},"wordCount":556,"publisher":{"@id":"https:\/\/www.suno.com.br\/noticias\/#organization"},"image":{"@id":"https:\/\/www.suno.com.br\/noticias\/brf-brfs3-compra-marfrig-mrfg3-revista-cade\/#primaryimage"},"thumbnailUrl":"https:\/\/files.sunoresearch.com.br\/n\/uploads\/2021\/03\/4065bbe8-brf-3-jpg.webp","keywords":["BRF (BRFS3)","CADE","fus\u00f5es e aquisi\u00e7\u00f5es","Marfrig (MRFG3)"],"articleSection":["Neg\u00f3cios"],"inLanguage":"pt-BR"},{"@type":"WebPage","@id":"https:\/\/www.suno.com.br\/noticias\/brf-brfs3-compra-marfrig-mrfg3-revista-cade\/","url":"https:\/\/www.suno.com.br\/noticias\/brf-brfs3-compra-marfrig-mrfg3-revista-cade\/","name":"BRF (BRFS3): participa\u00e7\u00e3o da Marfrig (MRFG3) pode ser revista no Cade","isPartOf":{"@id":"https:\/\/www.suno.com.br\/noticias\/#website"},"primaryImageOfPage":{"@id":"https:\/\/www.suno.com.br\/noticias\/brf-brfs3-compra-marfrig-mrfg3-revista-cade\/#primaryimage"},"image":{"@id":"https:\/\/www.suno.com.br\/noticias\/brf-brfs3-compra-marfrig-mrfg3-revista-cade\/#primaryimage"},"thumbnailUrl":"https:\/\/files.sunoresearch.com.br\/n\/uploads\/2021\/03\/4065bbe8-brf-3-jpg.webp","datePublished":"2021-10-13T14:35:08+00:00","description":"Conselheira do Cade e Ibedec pedem nova apura\u00e7\u00e3o da compra de a\u00e7\u00f5es da BRF (BRFS3) pela Marfrig (MRFG3). Veja o que alegam os contr\u00e1rios","breadcrumb":{"@id":"https:\/\/www.suno.com.br\/noticias\/brf-brfs3-compra-marfrig-mrfg3-revista-cade\/#breadcrumb"},"inLanguage":"pt-BR","potentialAction":[{"@type":"ReadAction","target":["https:\/\/www.suno.com.br\/noticias\/brf-brfs3-compra-marfrig-mrfg3-revista-cade\/"]}]},{"@type":"ImageObject","inLanguage":"pt-BR","@id":"https:\/\/www.suno.com.br\/noticias\/brf-brfs3-compra-marfrig-mrfg3-revista-cade\/#primaryimage","url":"https:\/\/files.sunoresearch.com.br\/n\/uploads\/2021\/03\/4065bbe8-brf-3-jpg.webp","contentUrl":"https:\/\/files.sunoresearch.com.br\/n\/uploads\/2021\/03\/4065bbe8-brf-3-jpg.webp","width":1200,"height":802,"caption":"Produtos da BRF no supermercado. Foto: Divulga\u00e7\u00e3o BRF"},{"@type":"BreadcrumbList","@id":"https:\/\/www.suno.com.br\/noticias\/brf-brfs3-compra-marfrig-mrfg3-revista-cade\/#breadcrumb","itemListElement":[{"@type":"ListItem","position":1,"name":"Not\u00edcias","item":"https:\/\/www.suno.com.br\/noticias\/"},{"@type":"ListItem","position":2,"name":"Neg\u00f3cios","item":"https:\/\/www.suno.com.br\/noticias\/negocios\/"},{"@type":"ListItem","position":3,"name":"BRF (BRFS3): compra de a\u00e7\u00f5es pela Marfrig (MRFG3) pode ser revista pelo Cade"}]},{"@type":"WebSite","@id":"https:\/\/www.suno.com.br\/noticias\/#website","url":"https:\/\/www.suno.com.br\/noticias\/","name":"Suno Not\u00edcias","description":"Seu portal de informa\u00e7\u00e3o sobre o mundo dos investimentos","publisher":{"@id":"https:\/\/www.suno.com.br\/noticias\/#organization"},"potentialAction":[{"@type":"SearchAction","target":{"@type":"EntryPoint","urlTemplate":"https:\/\/www.suno.com.br\/noticias\/?s={search_term_string}"},"query-input":{"@type":"PropertyValueSpecification","valueRequired":true,"valueName":"search_term_string"}}],"inLanguage":"pt-BR"},{"@type":"Organization","@id":"https:\/\/www.suno.com.br\/noticias\/#organization","name":"Suno Not\u00edcias","url":"https:\/\/www.suno.com.br\/noticias\/","logo":{"@type":"ImageObject","inLanguage":"pt-BR","@id":"https:\/\/www.suno.com.br\/noticias\/#\/schema\/logo\/image\/","url":"https:\/\/files.sunoresearch.com.br\/n\/uploads\/2021\/09\/suno-logo.png","contentUrl":"https:\/\/files.sunoresearch.com.br\/n\/uploads\/2021\/09\/suno-logo.png","width":180,"height":180,"caption":"Suno Not\u00edcias"},"image":{"@id":"https:\/\/www.suno.com.br\/noticias\/#\/schema\/logo\/image\/"},"sameAs":["https:\/\/facebook.com\/sunoresearch","https:\/\/x.com\/sunoresearch","https:\/\/www.instagram.com\/suno","https:\/\/www.linkedin.com\/company\/suno-research\/","https:\/\/www.youtube.com\/c\/sunoresearch"]},{"@type":"Person","@id":"https:\/\/www.suno.com.br\/noticias\/#\/schema\/person\/d712329319cc9b10f254d02d654cb36a","name":"Monique Lima","image":{"@type":"ImageObject","inLanguage":"pt-BR","@id":"https:\/\/www.suno.com.br\/noticias\/#\/schema\/person\/image\/","url":"https:\/\/secure.gravatar.com\/avatar\/daee7f16d906c2e9ffed236206ca2c30?s=96&r=g","contentUrl":"https:\/\/secure.gravatar.com\/avatar\/daee7f16d906c2e9ffed236206ca2c30?s=96&r=g","caption":"Monique Lima"},"description":"Rep\u00f3rter de Mercado no Suno Not\u00edcias, \u00e9 jornalista com experi\u00eancia na cobertura de economia, empreendedorismo, finan\u00e7as pessoais, mercado financeiro, carreira e recursos humanos. Formada em Jornalismo pela Universidade Paulista, teve experi\u00eancias em ve\u00edculos de comunica\u00e7\u00e3o como a Ag\u00eancia TradeMap, Revista Voc\u00ea S\/A e Revista Voc\u00ea RH, as duas \u00faltimas publica\u00e7\u00f5es da Editora Abril. No Suno Not\u00edcias, fala sobre as principais not\u00edcias de Fundos Imobili\u00e1rios, Fiagro, Startups e empresas listadas na Bolsa.","url":"https:\/\/www.suno.com.br\/noticias\/author\/monique-lima\/"}]}},"default_loop_html":"<div class=\"cardsPage__listCard__boxs\"><div class=\"cardsPage__listCard__boxs__img\"><a href=\"https:\/\/www.suno.com.br\/noticias\/brf-brfs3-compra-marfrig-mrfg3-revista-cade\/\"><img class=\"mask\" src=\"https:\/\/www.suno.com.br\/noticias\/wp-content\/themes\/suno\/resources\/images\/spotlight\/spotlight1img\/bg-mask.png\" alt=\"Image Mask\"\/><img src=\"https:\/\/files.sunoresearch.com.br\/n\/uploads\/2021\/03\/4065bbe8-brf-3-400x200.webp\" alt=\"BRF (BRFS3): compra de a\u00e7\u00f5es pela Marfrig (MRFG3) pode ser revista pelo Cade\"\/><\/a><span class=\"spotlightCategory\"><a href=\"https:\/\/www.suno.com.br\/noticias\/negocios\/\">Neg\u00f3cios<\/a><\/span><\/div><div class=\"cardsPage__listCard__boxs__content\"><a href=\"https:\/\/www.suno.com.br\/noticias\/brf-brfs3-compra-marfrig-mrfg3-revista-cade\/\"><h2 class=\"content__title\">BRF (BRFS3): compra de a\u00e7\u00f5es pela Marfrig (MRFG3) pode ser revista pelo Cade<\/h2><\/a><div class=\"newsContent__article__meta\"><div class=\"newsContent__article__meta__authorBox\"><a href=\"https:\/\/www.suno.com.br\/noticias\/author\/monique-lima\/\" class=\"authorBox__avatar noMobi\"><img src=\"https:\/\/secure.gravatar.com\/avatar\/daee7f16d906c2e9ffed236206ca2c30?s=96&#038;r=g\" alt=\"Monique Lima\"><\/a><div class=\"authorBox__name\"><span>por\n\t\t\t<a href=\"https:\/\/www.suno.com.br\/noticias\/author\/monique-lima\/\"><span itemprop=\"author\">Monique Lima<\/span><\/a><\/span><time datetime=\"2021-10-13T11:35:08-03:00\" itemprop=\"datePublished\">13\/10\/2021 11:35<\/time><\/div><\/div><\/div><\/div><\/div>","single_layout":"posts","amp_enabled":true,"_links":{"self":[{"href":"https:\/\/www.suno.com.br\/noticias\/wp-json\/wp\/v2\/posts\/193158"}],"collection":[{"href":"https:\/\/www.suno.com.br\/noticias\/wp-json\/wp\/v2\/posts"}],"about":[{"href":"https:\/\/www.suno.com.br\/noticias\/wp-json\/wp\/v2\/types\/post"}],"author":[{"embeddable":true,"href":"https:\/\/www.suno.com.br\/noticias\/wp-json\/wp\/v2\/users\/102"}],"replies":[{"embeddable":true,"href":"https:\/\/www.suno.com.br\/noticias\/wp-json\/wp\/v2\/comments?post=193158"}],"version-history":[{"count":3,"href":"https:\/\/www.suno.com.br\/noticias\/wp-json\/wp\/v2\/posts\/193158\/revisions"}],"predecessor-version":[{"id":193183,"href":"https:\/\/www.suno.com.br\/noticias\/wp-json\/wp\/v2\/posts\/193158\/revisions\/193183"}],"wp:featuredmedia":[{"embeddable":true,"href":"https:\/\/www.suno.com.br\/noticias\/wp-json\/wp\/v2\/media\/130193"}],"wp:attachment":[{"href":"https:\/\/www.suno.com.br\/noticias\/wp-json\/wp\/v2\/media?parent=193158"}],"wp:term":[{"taxonomy":"category","embeddable":true,"href":"https:\/\/www.suno.com.br\/noticias\/wp-json\/wp\/v2\/categories?post=193158"},{"taxonomy":"post_tag","embeddable":true,"href":"https:\/\/www.suno.com.br\/noticias\/wp-json\/wp\/v2\/tags?post=193158"},{"taxonomy":"suno_strategy","embeddable":true,"href":"https:\/\/www.suno.com.br\/noticias\/wp-json\/wp\/v2\/suno_strategy?post=193158"}],"curies":[{"name":"wp","href":"https:\/\/api.w.org\/{rel}","templated":true}]}}