{"id":193122,"date":"2021-10-13T10:46:31","date_gmt":"2021-10-13T13:46:31","guid":{"rendered":"https:\/\/www.suno.com.br\/noticias\/?p=193122"},"modified":"2021-10-13T10:46:31","modified_gmt":"2021-10-13T13:46:31","slug":"ibovespa-alta-apos-feriado-minerio-vale3","status":"publish","type":"post","link":"https:\/\/www.suno.com.br\/noticias\/ibovespa-alta-apos-feriado-minerio-vale3\/","title":{"rendered":"Ibovespa abre em alta ap\u00f3s feriado; Vale (VALE3) cai junto com min\u00e9rio"},"content":{"rendered":"<p>No preg\u00e3o ap\u00f3s o feriado, nesta quarta-feira (13),\u00a0o <strong>Ibovespa\u00a0<\/strong>abre em alta de 0,65% aos 112.913 pontos digerindo dados recentes da agenda econ\u00f4mica do exterior, que puxa altas da Europa. Al\u00e9m disso, o \u00edndice lida com a baixa recente do min\u00e9rio, que derruba as a\u00e7\u00f5es vinculadas \u00e0 commodity na bolsa, como a <a href=\"https:\/\/www.suno.com.br\/acoes\/vale3\/\">Vale (VALE3)<\/a>.<\/p>\t<div class=\"wrapper-featured-image\">\n\t\t<figure class=\"spotlightImg\">\n\n\t\t\t<picture>\n\t\t\t\t<source media=\"(max-width: 768px)\" srcset=\"https:\/\/files.sunoresearch.com.br\/n\/uploads\/2021\/06\/00e7c4b2-pump-jack-848300_1920-400x200.webp\">\n\t\t\t\t<img loading=\"lazy\" decoding=\"async\" class=\"newsContent__article__imgCapa lazyloadDisabled \" src=\"https:\/\/files.sunoresearch.com.br\/n\/uploads\/2021\/06\/00e7c4b2-pump-jack-848300_1920-800x450.webp\" width=\"800\" height=\"450\" alt=\"Ibovespa abre em alta ap\u00f3s feriado; Vale (VALE3) cai junto com min\u00e9rio\" fetchpriority=high \/>\n\t\t\t<\/picture>\n\n\t\t\t<figcaption class=\"wp-caption-text wp-caption-text--show\">Petr\u00f3leo. Foto: Pixabay<\/figcaption>\n\t\t<\/figure>\n\t<\/div>\n\n\n\t<p>\n\t\t<a href=\"https:\/\/lp.suno.com.br\/planilha-controle-gastos\/\" target=\"_blank\" data-element=\"shortcode-suno-banner\" title=\"Banner SUNO, clique e saiba mais\">\n\t\t\t<picture>\n\t\t\t\t<source media=\"(max-width: 500px)\" srcset=\"https:\/\/files.sunoresearch.com.br\/n\/uploads\/2023\/03\/400x300-Planilha-controle-de-gastos.png\">\n\t\t\t\t<img class=\"newsContent__article__imgCapa newsContent__article__imgCapa--banner\"\n\t\t\t\t\tsrc=\"https:\/\/files.sunoresearch.com.br\/n\/uploads\/2023\/03\/1420x240-Planilha-controle-de-gastos.png\"\n\t\t\t\t\tdata-promo-id=\"101751\"\t\t\t\t\t\t\t\t\t\twidth='1420' height='240'\t\t\t\t\talt=\"https:\/\/files.sunoresearch.com.br\/n\/uploads\/2023\/03\/1420x240-Planilha-controle-de-gastos.png\"\n\t\t\t\t>\n\t\t\t<\/picture>\n\t\t<\/a>\n\t<\/p>\n\n\n<p>O <strong>Ibovespa hoje<\/strong> lida com mercados internacionais ainda com influ\u00eancia das <a href=\"https:\/\/www.suno.com.br\/artigos\/inflacao\">tens\u00f5es inflacion\u00e1rias<\/a> e as preocupa\u00e7\u00f5es com a <strong>desacelera\u00e7\u00e3o econ\u00f4mica<\/strong>, mas com o otimismo com o relaxamento das restri\u00e7\u00f5es da pandemia nos Estados Unidos.<\/p>\n<p>Por outro lado,<a href=\"https:\/\/www.suno.com.br\/artigos\/commodities\"> as <strong>commodities<\/strong> est\u00e3o em baixa ap\u00f3s m\u00e1xima hist\u00f3rica do \u00edndice da Bloomberg na segunda (11)<\/a>. O <strong>min\u00e9rio de ferro<\/strong> teve queda de 6% na madrugada em Dalian, ficando cotado em US$ 126. O petr\u00f3leo Brent, por sua vez, cai pouco menos de 1%, ainda no patamar de US$ 82.<\/p>\n<p>Vale lembrar que a din\u00e2mica do <strong>feriado<\/strong> no Brasil deve gerar impacto no \u00edndice.<\/p>\n<p>&#8220;Ontem, foi feriado no Brasil (Dia de Nossa Senhora Aparecida), mas os mercados funcionaram normalmente l\u00e1 fora e as bolsas de valores registraram um dia de fraqueza, inclusive com os nossos ADRs no negativo, o que deve impor ajustes na abertura dos pre\u00e7os de algumas a\u00e7\u00f5es no preg\u00e3o de hoje&#8221;, explica Pedro Galdi, analista CNPI da Mirae Assset.<\/p>\n<p>A tens\u00e3o do <strong>mercado imobili\u00e1rio<\/strong> chin\u00eas ainda se mant\u00e9m, considerando que outras companhias do ramo podem dar calotes.<\/p>\n<p>Tanto a Fantasia Holdings quanto a Modern Land aumentam a preocupa\u00e7\u00e3o dos analistas ap\u00f3s um arrefecimento do caso da Evergrande, que soma US$ 300 bilh\u00f5es em d\u00edvidas.<\/p>\n\t<div data-element=\"shortcode-read-more\" class=\"knowMore\">\n\t\t\t\t<span class=\"knowMore__title\">Leia mais<\/span>\n\t\t\t\t<a class=\"knowMore__link\" href=\"https:\/\/www.suno.com.br\/noticias\/asia-evergrande-queda-toquio-hong-kong\/\">\n\t\t\tNa \u00c1sia, Evergrande pressiona Bolsa em T\u00f3quio mas Hong Kong se recupera\t\t<\/a>\n\t<\/div>\n\n\n<p>Em termos de indicadores, a China publicou exporta\u00e7\u00f5es acima das expectativas (28,1%) e importa\u00e7\u00f5es abaixo das expectativas (17,6%).<\/p>\n<p>O <strong>PIB<\/strong> do Reino Unido teve alta de 0,4% no m\u00eas, tamb\u00e9m frustrando o mercado, que esperava 0,5%. Apesar disso, o anualizado mant\u00e9m o otimismo, com crescimento de 6,9% ante expectativas de 6,7%.<\/p>\n<p>Os dados de <strong>infla\u00e7\u00e3o<\/strong> do IPC da Alemanha e dos EUA vieram em linha com as expectativas, apesar de que os americanos tiveram alta de 0,4% em setembro, ante proje\u00e7\u00f5es levemente abaixo disso, em 0,3%.<\/p>\n<p>&#8220;A reprecifica\u00e7\u00e3o em pre\u00e7os de ativos j\u00e1 come\u00e7a a fortalecer o argumento dos que esperam que a alta na infla\u00e7\u00e3o global ser\u00e1 mais persistente e n\u00e3o transit\u00f3ria, como expresso recorrentemente pelos Bancos Centrais. Nesse sentido, vale destacar que o presidente do Federal Reserve, Jerome Powell, ao se referir recentemente aos gargalos de oferta e aos problemas na cadeia produtiva, afirmou: &#8216;Vemos isso provavelmente continuando no pr\u00f3ximo ano e segurando a infla\u00e7\u00e3o por mais tempo do que hav\u00edamos pensado'&#8221;, consta no \u00faltimo relat\u00f3rio do Banco ABC.<\/p>\n<h2>Not\u00edcias que v\u00e3o movimentar o Ibovespa hoje<\/h2>\n<ul>\n<li><strong>Petrobras<\/strong> recebe novas propostas por polo<\/li>\n<li>Ex-CEO da <strong>Braskem<\/strong> \u00e9 preso nos EUA<\/li>\n<li><b>Embraer <\/b>fechar acordo e ganha certifica\u00e7\u00e3o<\/li>\n<\/ul>\n<h2>Petrobras com Polo Bahia Terra no radar<\/h2>\n<p>Um cons\u00f3rcio liderado pela Aguila Energia apresentou a melhor proposta para a compra do Polo Bahia Terra da <a href=\"https:\/\/www.suno.com.br\/acoes\/petr4\"><strong>Petrobras<\/strong> (PETR4)<\/a>, em valor acima de a US$ 1,5 bilh\u00e3o, segundo duas fontes com conhecimento do tema. A informa\u00e7\u00e3o \u00e9 da Reuters.]<\/p>\n\t<p>\n\t\t<a href=\"https:\/\/lp.suno.com.br\/planilha-da-vida-financeira\/\" target=\"_blank\" data-element=\"shortcode-suno-banner\" title=\"Banner SUNO, clique e saiba mais\">\n\t\t\t<picture>\n\t\t\t\t<source media=\"(max-width: 500px)\" srcset=\"https:\/\/files.sunoresearch.com.br\/n\/uploads\/2023\/04\/400x300-Planilha-vida-financeira-true.png\">\n\t\t\t\t<img class=\"newsContent__article__imgCapa newsContent__article__imgCapa--banner\"\n\t\t\t\t\tsrc=\"https:\/\/files.sunoresearch.com.br\/n\/uploads\/2023\/04\/1420x240-Planilha-vida-financeira-true.png\"\n\t\t\t\t\tdata-promo-id=\"106682\"\t\t\t\t\t\t\t\t\t\twidth='1420' height='240'\t\t\t\t\talt=\"https:\/\/files.sunoresearch.com.br\/n\/uploads\/2023\/04\/1420x240-Planilha-vida-financeira-true.png\"\n\t\t\t\t>\n\t\t\t<\/picture>\n\t\t<\/a>\n\t<\/p>\n\n\n<p>A companhia foi fundada por ex-executivos da <a href=\"https:\/\/www.suno.com.br\/acoes\/prio3\"><strong>PetroRio<\/strong> (PRIO3)<\/a> e fez a proposta juntamente com a Infra, superando as propostas feitas por <a href=\"https:\/\/www.suno.com.br\/acoes\/recv3\">PetroRec\u00f4ncavo (RECV3)<\/a>, <a href=\"https:\/\/www.suno.com.br\/acoes\/rrrp3\">3R Petroleum (RRRP3)<\/a> e <a href=\"https:\/\/www.suno.com.br\/acoes\/enev3\">Seacrest\/Eneva (ENEV3)<\/a>, segundo as fontes.<\/p>\n<p>Ap\u00f3s ser selecionado por apresentar a melhor proposta o cons\u00f3rcio deve seguir para uma fase de negocia\u00e7\u00f5es com a petroleira estatal.<\/p>\n<p>As <strong>a\u00e7\u00f5es da Petrobras <\/strong>sobem 0,2% no <strong>Ibovespa hoje<\/strong>.<\/p>\n<h2>Ex-Braskem pagar\u00e1 20 meses de deten\u00e7\u00e3o<\/h2>\n<p>O ex-CEO da <a class=\"suno-keyword\" href=\"https:\/\/www.suno.com.br\/acoes\/BRKM5\/\" target=\"_blank\" rel=\"noopener\" data-force=\"yes\" data-priority=\"2\"><strong>Braskem<\/strong>\u00a0(BRKM5)<\/a>, Jos\u00e9 Carlos Grubisich, recebeu condena\u00e7\u00e3o na Justi\u00e7a dos Estados Unidos nesta ter\u00e7a-feira (12). A pena \u00e9 de 20 meses de deten\u00e7\u00e3o.<\/p>\n<p><strong>Grubisich<\/strong> foi acusado de envolvimento em casos de \u201csuborno internacional\u201d e \u201cviola\u00e7\u00f5es a lei de valores mobili\u00e1rios\u201d, segundo informa\u00e7\u00f5es do Departamento de Justi\u00e7a americano.<\/p>\n<p>Al\u00e9m disso, Grubisich tamb\u00e9m ter\u00e1 de pagar US$ 2,2 milh\u00f5es em multas.<\/p>\n<p>O executivo foi sentenciado \u00e0 pris\u00e3o por ter \u201cconspirando para desviar centenas de milh\u00f5es de d\u00f3lares da Braskem para um fundo secreto e pagar propinas a funcion\u00e1rios do governo, partidos pol\u00edticos e outros no Brasil para obter e reter neg\u00f3cios\u201d, segundo o \u00f3rg\u00e3o dos EUA.<\/p>\n<p>As <strong>a\u00e7\u00f5es da Braskem <\/strong>ficam est\u00e1veis na <strong>bolsa de valores<\/strong><strong> hoje<\/strong>, em alta de 0,1%.<\/p>\n<h2>Embraer d\u00e1 novos passos<\/h2>\n<p>A\u00a0<strong><a class=\"suno-keyword\" href=\"https:\/\/www.suno.com.br\/acoes\/EMBR3\/\" target=\"_blank\" rel=\"noopener\" data-force=\"yes\" data-priority=\"2\">Embraer (EMBR3)<\/a><\/strong> informou nesta ter\u00e7a (12) que o Centro de Servi\u00e7os de Jatos Executivos em Fort Lauderdale, na Fl\u00f3rida, EUA, foi certificado como Centro de Instala\u00e7\u00e3o Aeroespacial Collins BE (Collins BE Aerospace Completion Center).<\/p>\n<p>A\u00a0<strong>certifica\u00e7\u00e3o da Embraer<\/strong>\u00a0ocorreu na edi\u00e7\u00e3o 2021 da conven\u00e7\u00e3o e exposi\u00e7\u00e3o da National Business Aviation Association (NBAA). O reconhecimento foi dado ao acabamento das aeronaves \u2014 especificamente para estofamento e assentos de avi\u00f5es j\u00e1 em opera\u00e7\u00e3o.<\/p>\n<p>Em nota, a companhia afirma que as atualiza\u00e7\u00f5es est\u00e3o dispon\u00edveis para os jatos executivos Legacy 450, Legacy 500, Praetor 500 e Praetor 600.<\/p>\n\t<p>\n\t\t<a href=\"https:\/\/lp.suno.com.br\/ebook-como-analisar-uma-acao\/\" target=\"_blank\" data-element=\"shortcode-suno-banner\" title=\"Banner SUNO, clique e saiba mais\">\n\t\t\t<picture>\n\t\t\t\t<source media=\"(max-width: 500px)\" srcset=\"https:\/\/files.sunoresearch.com.br\/n\/uploads\/2023\/03\/Ebook-Acoes-Mobile-1.jpg\">\n\t\t\t\t<img class=\"newsContent__article__imgCapa newsContent__article__imgCapa--banner\"\n\t\t\t\t\tsrc=\"https:\/\/files.sunoresearch.com.br\/n\/uploads\/2023\/03\/Ebook-Acoes-Desktop-1.jpg\"\n\t\t\t\t\tdata-promo-id=\"171998\"\t\t\t\t\t\t\t\t\t\twidth='1420' height='286'\t\t\t\t\talt=\"https:\/\/files.sunoresearch.com.br\/n\/uploads\/2023\/03\/Ebook-Acoes-Desktop-1.jpg\"\n\t\t\t\t>\n\t\t\t<\/picture>\n\t\t<\/a>\n\t<\/p>\n\n\n<p>\u201cEstamos entusiasmados ao anunciar a certifica\u00e7\u00e3o como Centro de Finaliza\u00e7\u00e3o de Estofamento Aeroespacial Collins BE. A confian\u00e7a da Collins na Embraer aumenta nossa\u00a0<strong>capacidade de design<\/strong>, modifica\u00e7\u00e3o e reparos de assentos. Este \u00e9 um marco que nos permite atender melhor os clientes, fornecendo recursos de modifica\u00e7\u00e3o e conserto de assentos de aeronaves executivas. A equipe da Embraer est\u00e1 orgulhosa e honrada por ser reconhecida por todo este trabalho\u201d, disse Frank Stevens, diretor global de MRO da Embraer Servi\u00e7os &amp; Suporte.<\/p>\n<p>Al\u00e9m disso, vale lembrar, ainda nesta semana a a\u00e9rea fechou um novo contrato com a NetJets para a venda de at\u00e9 100 aeronaves adicionais, totalizando mais de US$ 1,2 bilh\u00e3o.<\/p>\n<p>O acordo da Embraer prev\u00ea que a\u00a0<strong>NetJets<\/strong>\u00a0come\u00e7ar\u00e1 a receber o modelo Phenom 300E da nova encomenda no segundo trimestre de 2023, para opera\u00e7\u00e3o nos Estados Unidos e Europa.<\/p>\n<p>A <strong>fabricante<\/strong>\u00a0<strong>brasileira<\/strong>\u00a0lembra que o primeiro acordo de compra da NetJets, assinado em 2010, contemplou 50 pedidos firmes para os jatos executivos Phenom 300, mais op\u00e7\u00f5es de at\u00e9 75 aeronaves adicionais.<\/p>\n<p>As <strong>a\u00e7\u00f5es da Embraer<\/strong> sobem 0,7% no\u00a0<strong>Ibovespa hoje<\/strong>.<\/p>\n<h2>Destaques do Ibovespa<\/h2>\n<p>As principais altas no Ibovespa, por volta das 10h20 s\u00e3o:<\/p>\n<ul>\n<li><a href=\"https:\/\/www.suno.com.br\/acoes\/BIDI11\"><strong>EcoRodovias <\/strong>(ECOR3)<\/a>: +4,3%<\/li>\n<li><a href=\"https:\/\/www.suno.com.br\/acoes\/BIDI4\/\"><strong>Banco Inter <\/strong>(BIDI4)<\/a>: +3,8%<\/li>\n<li><strong><a href=\"https:\/\/www.suno.com.br\/acoes\/BIDI4\/\">Banco Inter<\/a><\/strong><a href=\"https:\/\/www.suno.com.br\/acoes\/BIDI4\/\"> (BIDI11)<\/a>: +3,6%<\/li>\n<li><a href=\"https:\/\/www.suno.com.br\/acoes\/sbsp3\/\"><strong>Petz <\/strong>(PETZ3)<\/a>: +3,4%<\/li>\n<li><a href=\"https:\/\/www.suno.com.br\/acoes\/CASH3\/\"><strong>Cogna <\/strong>(COGN3)<\/a>: +3,3%<\/li>\n<\/ul>\n<p>No mesmo hor\u00e1rio, as principais quedas no Ibovespa eram:<\/p>\n<ul>\n<li><a href=\"https:\/\/www.suno.com.br\/acoes\/suzb3\/\"><strong>Vale <\/strong>(VALE3)<\/a>: -2,5%<\/li>\n<li><a href=\"https:\/\/www.suno.com.br\/acoes\/suzb3\/\"><strong>Usiminas <\/strong>(USIM5)<\/a>: -1,7%<\/li>\n<li><a href=\"https:\/\/www.suno.com.br\/acoes\/sbsp3\/\"><strong>Companhia Sider\u00fargica Nacional <\/strong>(CSNA3)<\/a>: -1,4%<\/li>\n<li><a href=\"https:\/\/www.suno.com.br\/acoes\/sbsp3\/\"><strong>Bradespar <\/strong>(BRAP4)<\/a>: -1,1%<\/li>\n<li><a href=\"https:\/\/www.suno.com.br\/acoes\/klbn11\/\"><strong>Gerdau <\/strong>(GGBR4)<\/a>: -0,8%<\/li>\n<\/ul>\n<h2>Principais \u00edndices<\/h2>\n<ul>\n<li><a href=\"https:\/\/www.suno.com.br\/artigos\/ifix\/\">IFIX<\/a>: +0,09%<\/li>\n<li><a href=\"https:\/\/www.suno.com.br\/artigos\/smll\/\">SMLL<\/a>: +0,29%<\/li>\n<li><a href=\"https:\/\/www.suno.com.br\/artigos\/idiv\/\">IDIV<\/a>: +0,19%<\/li>\n<li><a href=\"https:\/\/www.suno.com.br\/artigos\/ibrx\/\">IBRX 100<\/a>: -0,32%<\/li>\n<\/ul>\n<h2>Bolsas mundiais<\/h2>\n<p>Veja o desempenho dos principais \u00edndices acion\u00e1rios no exterior, al\u00e9m do \u00edndice Ibovespa<strong>:<\/strong><\/p>\n<ul>\n<li><a href=\"https:\/\/www.suno.com.br\/artigos\/indice-dow-jones-djia\/\">Nova York Dow Jones (DJIA) futuro<\/a>: +0,09%<\/li>\n<li><a href=\"https:\/\/www.suno.com.br\/artigos\/futuro-de-sp-500\/\">Nova York (S&amp;P 500) futuro<\/a>: +0,25%<\/li>\n<li><a href=\"https:\/\/www.suno.com.br\/artigos\/dax-30\/\">Frankfurt (DAX 30)<\/a>: +0,82%<\/li>\n<li><a href=\"https:\/\/www.suno.com.br\/artigos\/ftse-100\/\">Londres (FTSE 100)<\/a>: +0,04%<\/li>\n<li><a href=\"https:\/\/www.suno.com.br\/artigos\/cac-40\/\">Paris (CAC 40)<\/a>: +0,63%<\/li>\n<li><a href=\"https:\/\/www.suno.com.br\/artigos\/ftse-mib\/\">Mil\u00e3o (FTSE\/MIB)<\/a>: +0,14%<\/li>\n<li><a href=\"https:\/\/www.suno.com.br\/artigos\/nikkei-225\/\">T\u00f3quio (Nikkei 225)<\/a>: -0,32% (fechada)<\/li>\n<li><a href=\"https:\/\/www.suno.com.br\/artigos\/bolsa-de-xangai\/\">Xangai (SSE Composite)<\/a>: +0,42% (fechada)<\/li>\n<li><a href=\"https:\/\/www.suno.com.br\/artigos\/hang-seng\/\">Hong Kong (Hang Seng)<\/a>: +1,96% (fechada)<\/li>\n<\/ul>\n<h2>\u00daltima cota\u00e7\u00e3o do Ibovespa<\/h2>\n<p>No fechamento do preg\u00e3o de segunda (11) o <strong>Ibovespa<\/strong> fechou em queda de 0,58%, a 112.180 pontos.<\/p>\n\t<p>\n\t\t<a href=\"https:\/\/lp.suno.com.br\/planilha-de-controle-de-investimentos\/\" target=\"_blank\" data-element=\"shortcode-suno-banner\" title=\"Banner SUNO, clique e saiba mais\">\n\t\t\t<picture>\n\t\t\t\t<source media=\"(max-width: 500px)\" srcset=\"https:\/\/files.sunoresearch.com.br\/n\/uploads\/2023\/03\/400x300-Controle-de-Investimentos.png\">\n\t\t\t\t<img class=\"newsContent__article__imgCapa newsContent__article__imgCapa--banner\"\n\t\t\t\t\tsrc=\"https:\/\/files.sunoresearch.com.br\/n\/uploads\/2023\/03\/1420x240-Controle-de-Investimentos.png\"\n\t\t\t\t\tdata-promo-id=\"75934\"\t\t\t\t\t\t\t\t\t\twidth='1420' height='240'\t\t\t\t\talt=\"https:\/\/files.sunoresearch.com.br\/n\/uploads\/2023\/03\/1420x240-Controle-de-Investimentos.png\"\n\t\t\t\t>\n\t\t\t<\/picture>\n\t\t<\/a>\n\t<\/p>\n\n\n","protected":false},"excerpt":{"rendered":"<p>No preg\u00e3o ap\u00f3s o feriado, nesta quarta-feira (13),\u00a0o Ibovespa\u00a0abre em alta de 0,65% aos 112.913 pontos digerindo dados recentes da agenda econ\u00f4mica do exterior, que puxa altas da Europa. Al\u00e9m disso, o \u00edndice lida com a baixa recente do min\u00e9rio, que derruba as a\u00e7\u00f5es vinculadas \u00e0 commodity na bolsa, como a Vale (VALE3). Petr\u00f3leo. Foto: [&hellip;]<\/p>\n","protected":false},"author":73,"featured_media":156193,"comment_status":"closed","ping_status":"closed","sticky":false,"template":"","format":"standard","meta":[],"categories":[64],"tags":[395,460,105816,721,595],"suno_strategy":[],"class_list":["post-193122","post","type-post","status-publish","format-standard","has-post-thumbnail","hentry","category-negocios","tag-braskem-brkm3-brkm5-brkm6","tag-embraer-embr3","tag-especialistas","tag-ibovespa","tag-petrobras-petr4"],"yoast_head":"<!-- This site is optimized with the Yoast SEO plugin v24.4 - https:\/\/yoast.com\/wordpress\/plugins\/seo\/ -->\n<title>Ibovespa abre em alta ap\u00f3s feriado; Vale (VALE3) cai junto com min\u00e9rio<\/title>\n<meta name=\"description\" content=\"O Ibovespa hoje lida com a queda do min\u00e9rio e do petr\u00f3leo ap\u00f3s m\u00e1xima do \u00edndice Bloomberg, al\u00e9m do IPC dos EUA. Clique aqui e leia mais.\" \/>\n<meta name=\"robots\" content=\"index, follow, max-snippet:-1, max-image-preview:large, max-video-preview:-1\" \/>\n<link rel=\"canonical\" href=\"https:\/\/www.suno.com.br\/noticias\/ibovespa-alta-apos-feriado-minerio-vale3\/\" \/>\n<meta property=\"og:locale\" content=\"pt_BR\" \/>\n<meta property=\"og:type\" content=\"article\" \/>\n<meta property=\"og:title\" content=\"Ibovespa abre em alta ap\u00f3s feriado; Vale (VALE3) cai junto com min\u00e9rio\" \/>\n<meta property=\"og:description\" content=\"O Ibovespa hoje lida com a queda do min\u00e9rio e do petr\u00f3leo ap\u00f3s m\u00e1xima do \u00edndice Bloomberg, al\u00e9m do IPC dos EUA. Clique aqui e leia mais.\" \/>\n<meta property=\"og:url\" content=\"https:\/\/www.suno.com.br\/noticias\/ibovespa-alta-apos-feriado-minerio-vale3\/\" \/>\n<meta property=\"og:site_name\" content=\"Suno Not\u00edcias\" \/>\n<meta property=\"article:publisher\" content=\"https:\/\/facebook.com\/sunoresearch\" \/>\n<meta property=\"og:image\" content=\"https:\/\/files.sunoresearch.com.br\/n\/uploads\/2021\/06\/00e7c4b2-pump-jack-848300_1920.jpg\" \/>\n\t<meta property=\"og:image:width\" content=\"1920\" \/>\n\t<meta property=\"og:image:height\" content=\"1080\" \/>\n\t<meta property=\"og:image:type\" content=\"image\/jpeg\" \/>\n<meta name=\"author\" content=\"Eduardo Vargas\" \/>\n<meta name=\"twitter:card\" content=\"summary_large_image\" \/>\n<meta name=\"twitter:creator\" content=\"@sunoresearch\" \/>\n<meta name=\"twitter:site\" content=\"@sunoresearch\" \/>\n<meta name=\"twitter:label1\" content=\"Escrito por\" \/>\n\t<meta name=\"twitter:data1\" content=\"Eduardo Vargas\" \/>\n\t<meta name=\"twitter:label2\" content=\"Est. tempo de leitura\" \/>\n\t<meta name=\"twitter:data2\" content=\"5 minutos\" \/>\n<script type=\"application\/ld+json\" class=\"yoast-schema-graph\">{\"@context\":\"https:\/\/schema.org\",\"@graph\":[{\"@type\":\"NewsArticle\",\"@id\":\"https:\/\/www.suno.com.br\/noticias\/ibovespa-alta-apos-feriado-minerio-vale3\/#article\",\"isPartOf\":{\"@id\":\"https:\/\/www.suno.com.br\/noticias\/ibovespa-alta-apos-feriado-minerio-vale3\/\"},\"author\":{\"name\":\"Eduardo Vargas\",\"@id\":\"https:\/\/www.suno.com.br\/noticias\/#\/schema\/person\/7f4d362bf3518e76090143ae77bb49a5\"},\"headline\":\"Ibovespa abre em alta ap\u00f3s feriado; Vale (VALE3) cai junto com min\u00e9rio\",\"datePublished\":\"2021-10-13T13:46:31+00:00\",\"mainEntityOfPage\":{\"@id\":\"https:\/\/www.suno.com.br\/noticias\/ibovespa-alta-apos-feriado-minerio-vale3\/\"},\"wordCount\":1202,\"publisher\":{\"@id\":\"https:\/\/www.suno.com.br\/noticias\/#organization\"},\"image\":{\"@id\":\"https:\/\/www.suno.com.br\/noticias\/ibovespa-alta-apos-feriado-minerio-vale3\/#primaryimage\"},\"thumbnailUrl\":\"https:\/\/files.sunoresearch.com.br\/n\/uploads\/2021\/06\/00e7c4b2-pump-jack-848300_1920-jpg.webp\",\"keywords\":[\"Braskem (BRKM3\/BRKM5\/BRKM6)\",\"Embraer (EMBR3)\",\"Especialistas\",\"Ibovespa\",\"Petrobras (PETR4)\"],\"articleSection\":[\"Neg\u00f3cios\"],\"inLanguage\":\"pt-BR\"},{\"@type\":\"WebPage\",\"@id\":\"https:\/\/www.suno.com.br\/noticias\/ibovespa-alta-apos-feriado-minerio-vale3\/\",\"url\":\"https:\/\/www.suno.com.br\/noticias\/ibovespa-alta-apos-feriado-minerio-vale3\/\",\"name\":\"Ibovespa abre em alta ap\u00f3s feriado; Vale (VALE3) cai junto com min\u00e9rio\",\"isPartOf\":{\"@id\":\"https:\/\/www.suno.com.br\/noticias\/#website\"},\"primaryImageOfPage\":{\"@id\":\"https:\/\/www.suno.com.br\/noticias\/ibovespa-alta-apos-feriado-minerio-vale3\/#primaryimage\"},\"image\":{\"@id\":\"https:\/\/www.suno.com.br\/noticias\/ibovespa-alta-apos-feriado-minerio-vale3\/#primaryimage\"},\"thumbnailUrl\":\"https:\/\/files.sunoresearch.com.br\/n\/uploads\/2021\/06\/00e7c4b2-pump-jack-848300_1920-jpg.webp\",\"datePublished\":\"2021-10-13T13:46:31+00:00\",\"description\":\"O Ibovespa hoje lida com a queda do min\u00e9rio e do petr\u00f3leo ap\u00f3s m\u00e1xima do \u00edndice Bloomberg, al\u00e9m do IPC dos EUA. Clique aqui e leia mais.\",\"breadcrumb\":{\"@id\":\"https:\/\/www.suno.com.br\/noticias\/ibovespa-alta-apos-feriado-minerio-vale3\/#breadcrumb\"},\"inLanguage\":\"pt-BR\",\"potentialAction\":[{\"@type\":\"ReadAction\",\"target\":[\"https:\/\/www.suno.com.br\/noticias\/ibovespa-alta-apos-feriado-minerio-vale3\/\"]}]},{\"@type\":\"ImageObject\",\"inLanguage\":\"pt-BR\",\"@id\":\"https:\/\/www.suno.com.br\/noticias\/ibovespa-alta-apos-feriado-minerio-vale3\/#primaryimage\",\"url\":\"https:\/\/files.sunoresearch.com.br\/n\/uploads\/2021\/06\/00e7c4b2-pump-jack-848300_1920-jpg.webp\",\"contentUrl\":\"https:\/\/files.sunoresearch.com.br\/n\/uploads\/2021\/06\/00e7c4b2-pump-jack-848300_1920-jpg.webp\",\"width\":1920,\"height\":1080,\"caption\":\"Petr\u00f3leo. Foto: Pixabay\"},{\"@type\":\"BreadcrumbList\",\"@id\":\"https:\/\/www.suno.com.br\/noticias\/ibovespa-alta-apos-feriado-minerio-vale3\/#breadcrumb\",\"itemListElement\":[{\"@type\":\"ListItem\",\"position\":1,\"name\":\"Not\u00edcias\",\"item\":\"https:\/\/www.suno.com.br\/noticias\/\"},{\"@type\":\"ListItem\",\"position\":2,\"name\":\"Neg\u00f3cios\",\"item\":\"https:\/\/www.suno.com.br\/noticias\/negocios\/\"},{\"@type\":\"ListItem\",\"position\":3,\"name\":\"Ibovespa abre em alta ap\u00f3s feriado; Vale (VALE3) cai junto com min\u00e9rio\"}]},{\"@type\":\"WebSite\",\"@id\":\"https:\/\/www.suno.com.br\/noticias\/#website\",\"url\":\"https:\/\/www.suno.com.br\/noticias\/\",\"name\":\"Suno Not\u00edcias\",\"description\":\"Seu portal de informa\u00e7\u00e3o sobre o mundo dos investimentos\",\"publisher\":{\"@id\":\"https:\/\/www.suno.com.br\/noticias\/#organization\"},\"potentialAction\":[{\"@type\":\"SearchAction\",\"target\":{\"@type\":\"EntryPoint\",\"urlTemplate\":\"https:\/\/www.suno.com.br\/noticias\/?s={search_term_string}\"},\"query-input\":{\"@type\":\"PropertyValueSpecification\",\"valueRequired\":true,\"valueName\":\"search_term_string\"}}],\"inLanguage\":\"pt-BR\"},{\"@type\":\"Organization\",\"@id\":\"https:\/\/www.suno.com.br\/noticias\/#organization\",\"name\":\"Suno Not\u00edcias\",\"url\":\"https:\/\/www.suno.com.br\/noticias\/\",\"logo\":{\"@type\":\"ImageObject\",\"inLanguage\":\"pt-BR\",\"@id\":\"https:\/\/www.suno.com.br\/noticias\/#\/schema\/logo\/image\/\",\"url\":\"https:\/\/files.sunoresearch.com.br\/n\/uploads\/2021\/09\/suno-logo.png\",\"contentUrl\":\"https:\/\/files.sunoresearch.com.br\/n\/uploads\/2021\/09\/suno-logo.png\",\"width\":180,\"height\":180,\"caption\":\"Suno Not\u00edcias\"},\"image\":{\"@id\":\"https:\/\/www.suno.com.br\/noticias\/#\/schema\/logo\/image\/\"},\"sameAs\":[\"https:\/\/facebook.com\/sunoresearch\",\"https:\/\/x.com\/sunoresearch\",\"https:\/\/www.instagram.com\/suno\",\"https:\/\/www.linkedin.com\/company\/suno-research\/\",\"https:\/\/www.youtube.com\/c\/sunoresearch\"]},{\"@type\":\"Person\",\"@id\":\"https:\/\/www.suno.com.br\/noticias\/#\/schema\/person\/7f4d362bf3518e76090143ae77bb49a5\",\"name\":\"Eduardo Vargas\",\"image\":{\"@type\":\"ImageObject\",\"inLanguage\":\"pt-BR\",\"@id\":\"https:\/\/www.suno.com.br\/noticias\/#\/schema\/person\/image\/\",\"url\":\"https:\/\/secure.gravatar.com\/avatar\/dac340933427a22924c9f99d1eb2e3f2?s=96&r=g\",\"contentUrl\":\"https:\/\/secure.gravatar.com\/avatar\/dac340933427a22924c9f99d1eb2e3f2?s=96&r=g\",\"caption\":\"Eduardo Vargas\"},\"description\":\"Jornalista formado pela UFSC, cobre macroeconomia, neg\u00f3cios e startups para o Suno Not\u00edcias, escrevendo principalmente not\u00edcias sobre o mercado financeiro e a bolsa de valores. No YouTube e no Instagram, \u00e9 respons\u00e1vel pela produ\u00e7\u00e3o de Reels e Shorts do Suno Not\u00edcias. Anteriormente, trabalhou cobrindo economia e cotidiano no ND+ e para o ND, maior jornal impresso de Santa Catarina. Cursou um semestre letivo de Estudos de M\u00eddia na Universidad de Buenos Aires.\",\"url\":\"https:\/\/www.suno.com.br\/noticias\/author\/eduardo-vargas\/\"}]}<\/script>\n<!-- \/ Yoast SEO plugin. -->","yoast_head_json":{"title":"Ibovespa abre em alta ap\u00f3s feriado; Vale (VALE3) cai junto com min\u00e9rio","description":"O Ibovespa hoje lida com a queda do min\u00e9rio e do petr\u00f3leo ap\u00f3s m\u00e1xima do \u00edndice Bloomberg, al\u00e9m do IPC dos EUA. Clique aqui e leia mais.","robots":{"index":"index","follow":"follow","max-snippet":"max-snippet:-1","max-image-preview":"max-image-preview:large","max-video-preview":"max-video-preview:-1"},"canonical":"https:\/\/www.suno.com.br\/noticias\/ibovespa-alta-apos-feriado-minerio-vale3\/","og_locale":"pt_BR","og_type":"article","og_title":"Ibovespa abre em alta ap\u00f3s feriado; Vale (VALE3) cai junto com min\u00e9rio","og_description":"O Ibovespa hoje lida com a queda do min\u00e9rio e do petr\u00f3leo ap\u00f3s m\u00e1xima do \u00edndice Bloomberg, al\u00e9m do IPC dos EUA. Clique aqui e leia mais.","og_url":"https:\/\/www.suno.com.br\/noticias\/ibovespa-alta-apos-feriado-minerio-vale3\/","og_site_name":"Suno Not\u00edcias","article_publisher":"https:\/\/facebook.com\/sunoresearch","og_image":[{"width":1920,"height":1080,"url":"https:\/\/files.sunoresearch.com.br\/n\/uploads\/2021\/06\/00e7c4b2-pump-jack-848300_1920.jpg","type":"image\/jpeg"}],"author":"Eduardo Vargas","twitter_card":"summary_large_image","twitter_creator":"@sunoresearch","twitter_site":"@sunoresearch","twitter_misc":{"Escrito por":"Eduardo Vargas","Est. tempo de leitura":"5 minutos"},"schema":{"@context":"https:\/\/schema.org","@graph":[{"@type":"NewsArticle","@id":"https:\/\/www.suno.com.br\/noticias\/ibovespa-alta-apos-feriado-minerio-vale3\/#article","isPartOf":{"@id":"https:\/\/www.suno.com.br\/noticias\/ibovespa-alta-apos-feriado-minerio-vale3\/"},"author":{"name":"Eduardo Vargas","@id":"https:\/\/www.suno.com.br\/noticias\/#\/schema\/person\/7f4d362bf3518e76090143ae77bb49a5"},"headline":"Ibovespa abre em alta ap\u00f3s feriado; Vale (VALE3) cai junto com min\u00e9rio","datePublished":"2021-10-13T13:46:31+00:00","mainEntityOfPage":{"@id":"https:\/\/www.suno.com.br\/noticias\/ibovespa-alta-apos-feriado-minerio-vale3\/"},"wordCount":1202,"publisher":{"@id":"https:\/\/www.suno.com.br\/noticias\/#organization"},"image":{"@id":"https:\/\/www.suno.com.br\/noticias\/ibovespa-alta-apos-feriado-minerio-vale3\/#primaryimage"},"thumbnailUrl":"https:\/\/files.sunoresearch.com.br\/n\/uploads\/2021\/06\/00e7c4b2-pump-jack-848300_1920-jpg.webp","keywords":["Braskem (BRKM3\/BRKM5\/BRKM6)","Embraer (EMBR3)","Especialistas","Ibovespa","Petrobras (PETR4)"],"articleSection":["Neg\u00f3cios"],"inLanguage":"pt-BR"},{"@type":"WebPage","@id":"https:\/\/www.suno.com.br\/noticias\/ibovespa-alta-apos-feriado-minerio-vale3\/","url":"https:\/\/www.suno.com.br\/noticias\/ibovespa-alta-apos-feriado-minerio-vale3\/","name":"Ibovespa abre em alta ap\u00f3s feriado; Vale (VALE3) cai junto com min\u00e9rio","isPartOf":{"@id":"https:\/\/www.suno.com.br\/noticias\/#website"},"primaryImageOfPage":{"@id":"https:\/\/www.suno.com.br\/noticias\/ibovespa-alta-apos-feriado-minerio-vale3\/#primaryimage"},"image":{"@id":"https:\/\/www.suno.com.br\/noticias\/ibovespa-alta-apos-feriado-minerio-vale3\/#primaryimage"},"thumbnailUrl":"https:\/\/files.sunoresearch.com.br\/n\/uploads\/2021\/06\/00e7c4b2-pump-jack-848300_1920-jpg.webp","datePublished":"2021-10-13T13:46:31+00:00","description":"O Ibovespa hoje lida com a queda do min\u00e9rio e do petr\u00f3leo ap\u00f3s m\u00e1xima do \u00edndice Bloomberg, al\u00e9m do IPC dos EUA. Clique aqui e leia mais.","breadcrumb":{"@id":"https:\/\/www.suno.com.br\/noticias\/ibovespa-alta-apos-feriado-minerio-vale3\/#breadcrumb"},"inLanguage":"pt-BR","potentialAction":[{"@type":"ReadAction","target":["https:\/\/www.suno.com.br\/noticias\/ibovespa-alta-apos-feriado-minerio-vale3\/"]}]},{"@type":"ImageObject","inLanguage":"pt-BR","@id":"https:\/\/www.suno.com.br\/noticias\/ibovespa-alta-apos-feriado-minerio-vale3\/#primaryimage","url":"https:\/\/files.sunoresearch.com.br\/n\/uploads\/2021\/06\/00e7c4b2-pump-jack-848300_1920-jpg.webp","contentUrl":"https:\/\/files.sunoresearch.com.br\/n\/uploads\/2021\/06\/00e7c4b2-pump-jack-848300_1920-jpg.webp","width":1920,"height":1080,"caption":"Petr\u00f3leo. Foto: Pixabay"},{"@type":"BreadcrumbList","@id":"https:\/\/www.suno.com.br\/noticias\/ibovespa-alta-apos-feriado-minerio-vale3\/#breadcrumb","itemListElement":[{"@type":"ListItem","position":1,"name":"Not\u00edcias","item":"https:\/\/www.suno.com.br\/noticias\/"},{"@type":"ListItem","position":2,"name":"Neg\u00f3cios","item":"https:\/\/www.suno.com.br\/noticias\/negocios\/"},{"@type":"ListItem","position":3,"name":"Ibovespa abre em alta ap\u00f3s feriado; Vale (VALE3) cai junto com min\u00e9rio"}]},{"@type":"WebSite","@id":"https:\/\/www.suno.com.br\/noticias\/#website","url":"https:\/\/www.suno.com.br\/noticias\/","name":"Suno Not\u00edcias","description":"Seu portal de informa\u00e7\u00e3o sobre o mundo dos investimentos","publisher":{"@id":"https:\/\/www.suno.com.br\/noticias\/#organization"},"potentialAction":[{"@type":"SearchAction","target":{"@type":"EntryPoint","urlTemplate":"https:\/\/www.suno.com.br\/noticias\/?s={search_term_string}"},"query-input":{"@type":"PropertyValueSpecification","valueRequired":true,"valueName":"search_term_string"}}],"inLanguage":"pt-BR"},{"@type":"Organization","@id":"https:\/\/www.suno.com.br\/noticias\/#organization","name":"Suno Not\u00edcias","url":"https:\/\/www.suno.com.br\/noticias\/","logo":{"@type":"ImageObject","inLanguage":"pt-BR","@id":"https:\/\/www.suno.com.br\/noticias\/#\/schema\/logo\/image\/","url":"https:\/\/files.sunoresearch.com.br\/n\/uploads\/2021\/09\/suno-logo.png","contentUrl":"https:\/\/files.sunoresearch.com.br\/n\/uploads\/2021\/09\/suno-logo.png","width":180,"height":180,"caption":"Suno Not\u00edcias"},"image":{"@id":"https:\/\/www.suno.com.br\/noticias\/#\/schema\/logo\/image\/"},"sameAs":["https:\/\/facebook.com\/sunoresearch","https:\/\/x.com\/sunoresearch","https:\/\/www.instagram.com\/suno","https:\/\/www.linkedin.com\/company\/suno-research\/","https:\/\/www.youtube.com\/c\/sunoresearch"]},{"@type":"Person","@id":"https:\/\/www.suno.com.br\/noticias\/#\/schema\/person\/7f4d362bf3518e76090143ae77bb49a5","name":"Eduardo Vargas","image":{"@type":"ImageObject","inLanguage":"pt-BR","@id":"https:\/\/www.suno.com.br\/noticias\/#\/schema\/person\/image\/","url":"https:\/\/secure.gravatar.com\/avatar\/dac340933427a22924c9f99d1eb2e3f2?s=96&r=g","contentUrl":"https:\/\/secure.gravatar.com\/avatar\/dac340933427a22924c9f99d1eb2e3f2?s=96&r=g","caption":"Eduardo Vargas"},"description":"Jornalista formado pela UFSC, cobre macroeconomia, neg\u00f3cios e startups para o Suno Not\u00edcias, escrevendo principalmente not\u00edcias sobre o mercado financeiro e a bolsa de valores. No YouTube e no Instagram, \u00e9 respons\u00e1vel pela produ\u00e7\u00e3o de Reels e Shorts do Suno Not\u00edcias. Anteriormente, trabalhou cobrindo economia e cotidiano no ND+ e para o ND, maior jornal impresso de Santa Catarina. Cursou um semestre letivo de Estudos de M\u00eddia na Universidad de Buenos Aires.","url":"https:\/\/www.suno.com.br\/noticias\/author\/eduardo-vargas\/"}]}},"default_loop_html":"<div class=\"cardsPage__listCard__boxs\"><div class=\"cardsPage__listCard__boxs__img\"><a href=\"https:\/\/www.suno.com.br\/noticias\/ibovespa-alta-apos-feriado-minerio-vale3\/\"><img class=\"mask\" src=\"https:\/\/www.suno.com.br\/noticias\/wp-content\/themes\/suno\/resources\/images\/spotlight\/spotlight1img\/bg-mask.png\" alt=\"Image Mask\"\/><img src=\"https:\/\/files.sunoresearch.com.br\/n\/uploads\/2021\/06\/00e7c4b2-pump-jack-848300_1920-400x200.webp\" alt=\"Ibovespa abre em alta ap\u00f3s feriado; Vale (VALE3) cai junto com min\u00e9rio\"\/><\/a><span class=\"spotlightCategory\"><a href=\"https:\/\/www.suno.com.br\/noticias\/negocios\/\">Neg\u00f3cios<\/a><\/span><\/div><div class=\"cardsPage__listCard__boxs__content\"><a href=\"https:\/\/www.suno.com.br\/noticias\/ibovespa-alta-apos-feriado-minerio-vale3\/\"><h2 class=\"content__title\">Ibovespa abre em alta ap\u00f3s feriado; Vale (VALE3) cai junto com min\u00e9rio<\/h2><\/a><div class=\"newsContent__article__meta\"><div class=\"newsContent__article__meta__authorBox\"><a href=\"https:\/\/www.suno.com.br\/noticias\/author\/eduardo-vargas\/\" class=\"authorBox__avatar noMobi\"><img src=\"https:\/\/secure.gravatar.com\/avatar\/dac340933427a22924c9f99d1eb2e3f2?s=96&#038;r=g\" alt=\"Eduardo Vargas\"><\/a><div class=\"authorBox__name\"><span>por\n\t\t\t<a href=\"https:\/\/www.suno.com.br\/noticias\/author\/eduardo-vargas\/\"><span itemprop=\"author\">Eduardo Vargas<\/span><\/a><\/span><time datetime=\"2021-10-13T10:46:31-03:00\" itemprop=\"datePublished\">13\/10\/2021 10:46<\/time><\/div><\/div><\/div><\/div><\/div>","single_layout":"posts","amp_enabled":true,"_links":{"self":[{"href":"https:\/\/www.suno.com.br\/noticias\/wp-json\/wp\/v2\/posts\/193122"}],"collection":[{"href":"https:\/\/www.suno.com.br\/noticias\/wp-json\/wp\/v2\/posts"}],"about":[{"href":"https:\/\/www.suno.com.br\/noticias\/wp-json\/wp\/v2\/types\/post"}],"author":[{"embeddable":true,"href":"https:\/\/www.suno.com.br\/noticias\/wp-json\/wp\/v2\/users\/73"}],"replies":[{"embeddable":true,"href":"https:\/\/www.suno.com.br\/noticias\/wp-json\/wp\/v2\/comments?post=193122"}],"version-history":[{"count":3,"href":"https:\/\/www.suno.com.br\/noticias\/wp-json\/wp\/v2\/posts\/193122\/revisions"}],"predecessor-version":[{"id":193159,"href":"https:\/\/www.suno.com.br\/noticias\/wp-json\/wp\/v2\/posts\/193122\/revisions\/193159"}],"wp:featuredmedia":[{"embeddable":true,"href":"https:\/\/www.suno.com.br\/noticias\/wp-json\/wp\/v2\/media\/156193"}],"wp:attachment":[{"href":"https:\/\/www.suno.com.br\/noticias\/wp-json\/wp\/v2\/media?parent=193122"}],"wp:term":[{"taxonomy":"category","embeddable":true,"href":"https:\/\/www.suno.com.br\/noticias\/wp-json\/wp\/v2\/categories?post=193122"},{"taxonomy":"post_tag","embeddable":true,"href":"https:\/\/www.suno.com.br\/noticias\/wp-json\/wp\/v2\/tags?post=193122"},{"taxonomy":"suno_strategy","embeddable":true,"href":"https:\/\/www.suno.com.br\/noticias\/wp-json\/wp\/v2\/suno_strategy?post=193122"}],"curies":[{"name":"wp","href":"https:\/\/api.w.org\/{rel}","templated":true}]}}