{"id":193104,"date":"2021-10-13T10:30:16","date_gmt":"2021-10-13T13:30:16","guid":{"rendered":"https:\/\/www.suno.com.br\/noticias\/?p=193104"},"modified":"2021-10-13T10:30:16","modified_gmt":"2021-10-13T13:30:16","slug":"cra-titulo-de-renda-fixa-podera-ser-emitido-em-dolar","status":"publish","type":"post","link":"https:\/\/www.suno.com.br\/noticias\/cra-titulo-de-renda-fixa-podera-ser-emitido-em-dolar\/","title":{"rendered":"CRA, t\u00edtulo de renda fixa, poder\u00e1 ser emitido em d\u00f3lar"},"content":{"rendered":"<p>Investidores profissionais e qualificados residentes no Brasil poder\u00e3o emitir Certificados de Receb\u00edveis do Agroneg\u00f3cio (<strong>CRA<\/strong>) corrigidos pelo d\u00f3lar ou por outras moedas estrangeiras. A medida foi aprovada pelo <a class=\"suno-keyword\" href=\"https:\/\/www.suno.com.br\/artigos\/cmn-conselho-monetario-nacional\/\" target=\"_blank\" rel=\"noopener\" data-force=\"no\" data-priority=\"1\">Conselho Monet\u00e1rio Nacional (CMN)<\/a> e passar\u00e1 a valer em novembro.<\/p>\t<div class=\"wrapper-featured-image\">\n\t\t<figure class=\"spotlightImg\">\n\n\t\t\t<picture>\n\t\t\t\t<source media=\"(max-width: 768px)\" srcset=\"https:\/\/files.sunoresearch.com.br\/n\/uploads\/2021\/04\/9a3c9edc-pexels-pixabay-164527-400x200.jpg\">\n\t\t\t\t<img loading=\"lazy\" decoding=\"async\" class=\"newsContent__article__imgCapa lazyloadDisabled \" src=\"https:\/\/files.sunoresearch.com.br\/n\/uploads\/2021\/04\/9a3c9edc-pexels-pixabay-164527-800x450.jpg\" width=\"800\" height=\"450\" alt=\"CRA, t\u00edtulo de renda fixa, poder\u00e1 ser emitido em d\u00f3lar\" fetchpriority=high \/>\n\t\t\t<\/picture>\n\n\t\t\t<figcaption class=\"wp-caption-text wp-caption-text--show\">D\u00f3lar. Foto: Pixabay<\/figcaption>\n\t\t<\/figure>\n\t<\/div>\n\n\n\t<p>\n\t\t<a href=\"https:\/\/lp.suno.com.br\/planilha-controle-gastos\/\" target=\"_blank\" data-element=\"shortcode-suno-banner\" title=\"Banner SUNO, clique e saiba mais\">\n\t\t\t<picture>\n\t\t\t\t<source media=\"(max-width: 500px)\" srcset=\"https:\/\/files.sunoresearch.com.br\/n\/uploads\/2023\/03\/400x300-Planilha-controle-de-gastos.png\">\n\t\t\t\t<img class=\"newsContent__article__imgCapa newsContent__article__imgCapa--banner\"\n\t\t\t\t\tsrc=\"https:\/\/files.sunoresearch.com.br\/n\/uploads\/2023\/03\/1420x240-Planilha-controle-de-gastos.png\"\n\t\t\t\t\tdata-promo-id=\"101751\"\t\t\t\t\t\t\t\t\t\twidth='1420' height='240'\t\t\t\t\talt=\"https:\/\/files.sunoresearch.com.br\/n\/uploads\/2023\/03\/1420x240-Planilha-controle-de-gastos.png\"\n\t\t\t\t>\n\t\t\t<\/picture>\n\t\t<\/a>\n\t<\/p>\n\n\n<p>O CRA \u00e9 um t\u00edtulo de renda fixa que financia projetos do <strong>agroneg\u00f3cio<\/strong>. Uma empresa do segmento emite uma promessa de pagamento, que \u00e9 convertida em t\u00edtulos e lan\u00e7ada no mercado financeiro. Em troca de pegar dinheiro emprestado dos investidores, o emissor devolve o dinheiro no fim do prazo, acrescido de algum rendimento. No caso das CRA cambiais, com a corre\u00e7\u00e3o do c\u00e2mbio.<\/p>\n<p>Assim como a Letra de Cr\u00e9dito do Agroneg\u00f3cio (<strong>LCA<\/strong>), o CRA \u00e9 isento de<strong> Imposto de Renda<\/strong> e de <strong>Imposto sobre Opera\u00e7\u00f5es Financeiras (IOF)<\/strong> para pessoas f\u00edsicas. No entanto, o CRA n\u00e3o tem a prote\u00e7\u00e3o do Fundo Garantidor de Cr\u00e9dito (<strong>FGC<\/strong>), fundo que cobre eventuais calotes caso o emissor n\u00e3o consiga honrar os compromissos.<\/p>\n<p>Em nota, o <a class=\"suno-keyword\" href=\"https:\/\/www.suno.com.br\/artigos\/ministerio-da-economia\/\" target=\"_blank\" rel=\"noopener\" data-force=\"no\" data-priority=\"3\">Minist\u00e9rio da Economia<\/a> informou que apenas investidores residentes no Brasil classificados como profissionais ou qualificados poder\u00e3o emitir CRA cambial. Os investidores profissionais poder\u00e3o lan\u00e7ar certificados do tipo s\u00eanior, subordinado mezanino e subordinado j\u00fanior. Os investidores qualificados ter\u00e3o acesso apenas aos instrumentos do tipo s\u00eanior e subordinado mezanino.<\/p>\n\t<p>\n\t\t<a href=\"https:\/\/lp.suno.com.br\/planilha-da-vida-financeira\/\" target=\"_blank\" data-element=\"shortcode-suno-banner\" title=\"Banner SUNO, clique e saiba mais\">\n\t\t\t<picture>\n\t\t\t\t<source media=\"(max-width: 500px)\" srcset=\"https:\/\/files.sunoresearch.com.br\/n\/uploads\/2023\/04\/400x300-Planilha-vida-financeira-true.png\">\n\t\t\t\t<img class=\"newsContent__article__imgCapa newsContent__article__imgCapa--banner\"\n\t\t\t\t\tsrc=\"https:\/\/files.sunoresearch.com.br\/n\/uploads\/2023\/04\/1420x240-Planilha-vida-financeira-true.png\"\n\t\t\t\t\tdata-promo-id=\"106682\"\t\t\t\t\t\t\t\t\t\twidth='1420' height='240'\t\t\t\t\talt=\"https:\/\/files.sunoresearch.com.br\/n\/uploads\/2023\/04\/1420x240-Planilha-vida-financeira-true.png\"\n\t\t\t\t>\n\t\t\t<\/picture>\n\t\t<\/a>\n\t<\/p>\n\n\n<h2>Emiss\u00e3o de CRA cambial ser\u00e1 gradual<\/h2>\n<p>De acordo com a pasta, a medida aumentar\u00e1 as opera\u00e7\u00f5es com os t\u00edtulos do agroneg\u00f3cio e diversificar\u00e1 as fontes de recursos usados para financiar o segmento. O minist\u00e9rio informou que a emiss\u00e3o de <strong>CRA em d\u00f3lar <\/strong>para investidores profissionais e qualificados ser\u00e1 feita gradualmente e de forma segura.<\/p>\n<p>Em outra resolu\u00e7\u00e3o, o CMN separou em dois programas os empreendimentos agropecu\u00e1rios financiados com recursos do <a class=\"suno-keyword\" href=\"https:\/\/www.suno.com.br\/artigos\/bndes\/\" target=\"_blank\" rel=\"noopener\" data-force=\"no\" data-priority=\"2\">Banco Nacional de Desenvolvimento Econ\u00f4mico e Social (BNDES)<\/a>. Os projetos de constru\u00e7\u00e3o, instala\u00e7\u00e3o e moderniza\u00e7\u00e3o de benfeitorias ser\u00e3o enquadrados no Programa de Incentivo \u00e0 Inova\u00e7\u00e3o Tecnol\u00f3gica na Produ\u00e7\u00e3o Agropecu\u00e1ria (Inovagro), quando ligados a alguma inova\u00e7\u00e3o ou empreendimento experimental.<\/p>\n\t<p>\n\t\t<a href=\"https:\/\/lp.suno.com.br\/ebook-como-analisar-uma-acao\/\" target=\"_blank\" data-element=\"shortcode-suno-banner\" title=\"Banner SUNO, clique e saiba mais\">\n\t\t\t<picture>\n\t\t\t\t<source media=\"(max-width: 500px)\" srcset=\"https:\/\/files.sunoresearch.com.br\/n\/uploads\/2023\/03\/Ebook-Acoes-Mobile-1.jpg\">\n\t\t\t\t<img class=\"newsContent__article__imgCapa newsContent__article__imgCapa--banner\"\n\t\t\t\t\tsrc=\"https:\/\/files.sunoresearch.com.br\/n\/uploads\/2023\/03\/Ebook-Acoes-Desktop-1.jpg\"\n\t\t\t\t\tdata-promo-id=\"171998\"\t\t\t\t\t\t\t\t\t\twidth='1420' height='286'\t\t\t\t\talt=\"https:\/\/files.sunoresearch.com.br\/n\/uploads\/2023\/03\/Ebook-Acoes-Desktop-1.jpg\"\n\t\t\t\t>\n\t\t\t<\/picture>\n\t\t<\/a>\n\t<\/p>\n\n\n<p>Os mesmos projetos n\u00e3o relacionados \u00e0 inova\u00e7\u00e3o permanecer\u00e3o no Programa de Moderniza\u00e7\u00e3o da Agricultura e Conserva\u00e7\u00e3o dos Recursos Naturais (Moderagro). A medida abrange os setores de avicultura; suinocultura; pecu\u00e1ria de leite; cria\u00e7\u00e3o de ovelhas, carneiros e bodes; piscicultura; aquicultura; e cria\u00e7\u00e3o de camar\u00f5es.<\/p>\n<p>Antes da regulamenta\u00e7\u00e3o, quando esse tipo de emiss\u00e3o de <strong>CRA<\/strong> cambial s\u00f3 estava dispon\u00edvel a pessoas que moram no exterior, o instrumento n\u00e3o deslanchou.<\/p>\n<p><em>(Com informa\u00e7\u00f5es da Ag\u00eancia Brasil)<\/em><\/p>\n\t<p>\n\t\t<a href=\"https:\/\/lp.suno.com.br\/planilha-de-controle-de-investimentos\/\" target=\"_blank\" data-element=\"shortcode-suno-banner\" title=\"Banner SUNO, clique e saiba mais\">\n\t\t\t<picture>\n\t\t\t\t<source media=\"(max-width: 500px)\" srcset=\"https:\/\/files.sunoresearch.com.br\/n\/uploads\/2023\/03\/400x300-Controle-de-Investimentos.png\">\n\t\t\t\t<img class=\"newsContent__article__imgCapa newsContent__article__imgCapa--banner\"\n\t\t\t\t\tsrc=\"https:\/\/files.sunoresearch.com.br\/n\/uploads\/2023\/03\/1420x240-Controle-de-Investimentos.png\"\n\t\t\t\t\tdata-promo-id=\"75934\"\t\t\t\t\t\t\t\t\t\twidth='1420' height='240'\t\t\t\t\talt=\"https:\/\/files.sunoresearch.com.br\/n\/uploads\/2023\/03\/1420x240-Controle-de-Investimentos.png\"\n\t\t\t\t>\n\t\t\t<\/picture>\n\t\t<\/a>\n\t<\/p>\n\n\n","protected":false},"excerpt":{"rendered":"<p>Investidores profissionais e qualificados residentes no Brasil poder\u00e3o emitir Certificados de Receb\u00edveis do Agroneg\u00f3cio (CRA) corrigidos pelo d\u00f3lar ou por outras moedas estrangeiras. A medida foi aprovada pelo Conselho Monet\u00e1rio Nacional (CMN) e passar\u00e1 a valer em novembro. D\u00f3lar. Foto: Pixabay O CRA \u00e9 um t\u00edtulo de renda fixa que financia projetos do agroneg\u00f3cio. Uma [&hellip;]<\/p>\n","protected":false},"author":15,"featured_media":137388,"comment_status":"closed","ping_status":"closed","sticky":false,"template":"","format":"standard","meta":[],"categories":[60],"tags":[1897,326,308],"suno_strategy":[],"class_list":["post-193104","post","type-post","status-publish","format-standard","has-post-thumbnail","hentry","category-mercado","tag-cra","tag-dolar","tag-renda-fixa"],"yoast_head":"<!-- This site is optimized with the Yoast SEO plugin v24.4 - https:\/\/yoast.com\/wordpress\/plugins\/seo\/ -->\n<title>CRA, t\u00edtulo de renda fixa, poder\u00e1 ser emitido em d\u00f3lar<\/title>\n<meta name=\"description\" content=\"Investidores profissionais no Brasil poder\u00e3o emitir CRA corrigidos pelo d\u00f3lar ou por outras moedas estrangeiras. Clique aqui e saiba mais\" \/>\n<meta name=\"robots\" content=\"index, follow, max-snippet:-1, max-image-preview:large, max-video-preview:-1\" \/>\n<link rel=\"canonical\" href=\"https:\/\/www.suno.com.br\/noticias\/cra-titulo-de-renda-fixa-podera-ser-emitido-em-dolar\/\" \/>\n<meta property=\"og:locale\" content=\"pt_BR\" \/>\n<meta property=\"og:type\" content=\"article\" \/>\n<meta property=\"og:title\" content=\"CRA, t\u00edtulo de renda fixa, poder\u00e1 ser emitido em d\u00f3lar\" \/>\n<meta property=\"og:description\" content=\"Investidores profissionais no Brasil poder\u00e3o emitir CRA corrigidos pelo d\u00f3lar ou por outras moedas estrangeiras. Clique aqui e saiba mais\" \/>\n<meta property=\"og:url\" content=\"https:\/\/www.suno.com.br\/noticias\/cra-titulo-de-renda-fixa-podera-ser-emitido-em-dolar\/\" \/>\n<meta property=\"og:site_name\" content=\"Suno Not\u00edcias\" \/>\n<meta property=\"article:publisher\" content=\"https:\/\/facebook.com\/sunoresearch\" \/>\n<meta property=\"og:image\" content=\"https:\/\/files.sunoresearch.com.br\/n\/uploads\/2021\/04\/9a3c9edc-pexels-pixabay-164527-scaled.jpg\" \/>\n\t<meta property=\"og:image:width\" content=\"2560\" \/>\n\t<meta property=\"og:image:height\" content=\"1707\" \/>\n\t<meta property=\"og:image:type\" content=\"image\/jpeg\" \/>\n<meta name=\"author\" content=\"Poliana Santos\" \/>\n<meta name=\"twitter:card\" content=\"summary_large_image\" \/>\n<meta name=\"twitter:creator\" content=\"@sunoresearch\" \/>\n<meta name=\"twitter:site\" content=\"@sunoresearch\" \/>\n<meta name=\"twitter:label1\" content=\"Escrito por\" \/>\n\t<meta name=\"twitter:data1\" content=\"Poliana Santos\" \/>\n\t<meta name=\"twitter:label2\" content=\"Est. tempo de leitura\" \/>\n\t<meta name=\"twitter:data2\" content=\"2 minutos\" \/>\n<script type=\"application\/ld+json\" class=\"yoast-schema-graph\">{\"@context\":\"https:\/\/schema.org\",\"@graph\":[{\"@type\":\"NewsArticle\",\"@id\":\"https:\/\/www.suno.com.br\/noticias\/cra-titulo-de-renda-fixa-podera-ser-emitido-em-dolar\/#article\",\"isPartOf\":{\"@id\":\"https:\/\/www.suno.com.br\/noticias\/cra-titulo-de-renda-fixa-podera-ser-emitido-em-dolar\/\"},\"author\":{\"name\":\"Poliana Santos\",\"@id\":\"https:\/\/www.suno.com.br\/noticias\/#\/schema\/person\/02ec1f752758247878a2bf4abee1aeda\"},\"headline\":\"CRA, t\u00edtulo de renda fixa, poder\u00e1 ser emitido em d\u00f3lar\",\"datePublished\":\"2021-10-13T13:30:16+00:00\",\"mainEntityOfPage\":{\"@id\":\"https:\/\/www.suno.com.br\/noticias\/cra-titulo-de-renda-fixa-podera-ser-emitido-em-dolar\/\"},\"wordCount\":465,\"publisher\":{\"@id\":\"https:\/\/www.suno.com.br\/noticias\/#organization\"},\"image\":{\"@id\":\"https:\/\/www.suno.com.br\/noticias\/cra-titulo-de-renda-fixa-podera-ser-emitido-em-dolar\/#primaryimage\"},\"thumbnailUrl\":\"https:\/\/files.sunoresearch.com.br\/n\/uploads\/2021\/04\/9a3c9edc-pexels-pixabay-164527-scaled.jpg\",\"keywords\":[\"CRA\",\"d\u00f3lar\",\"Renda Fixa\"],\"articleSection\":[\"Mercado\"],\"inLanguage\":\"pt-BR\"},{\"@type\":\"WebPage\",\"@id\":\"https:\/\/www.suno.com.br\/noticias\/cra-titulo-de-renda-fixa-podera-ser-emitido-em-dolar\/\",\"url\":\"https:\/\/www.suno.com.br\/noticias\/cra-titulo-de-renda-fixa-podera-ser-emitido-em-dolar\/\",\"name\":\"CRA, t\u00edtulo de renda fixa, poder\u00e1 ser emitido em d\u00f3lar\",\"isPartOf\":{\"@id\":\"https:\/\/www.suno.com.br\/noticias\/#website\"},\"primaryImageOfPage\":{\"@id\":\"https:\/\/www.suno.com.br\/noticias\/cra-titulo-de-renda-fixa-podera-ser-emitido-em-dolar\/#primaryimage\"},\"image\":{\"@id\":\"https:\/\/www.suno.com.br\/noticias\/cra-titulo-de-renda-fixa-podera-ser-emitido-em-dolar\/#primaryimage\"},\"thumbnailUrl\":\"https:\/\/files.sunoresearch.com.br\/n\/uploads\/2021\/04\/9a3c9edc-pexels-pixabay-164527-scaled.jpg\",\"datePublished\":\"2021-10-13T13:30:16+00:00\",\"description\":\"Investidores profissionais no Brasil poder\u00e3o emitir CRA corrigidos pelo d\u00f3lar ou por outras moedas estrangeiras. Clique aqui e saiba mais\",\"breadcrumb\":{\"@id\":\"https:\/\/www.suno.com.br\/noticias\/cra-titulo-de-renda-fixa-podera-ser-emitido-em-dolar\/#breadcrumb\"},\"inLanguage\":\"pt-BR\",\"potentialAction\":[{\"@type\":\"ReadAction\",\"target\":[\"https:\/\/www.suno.com.br\/noticias\/cra-titulo-de-renda-fixa-podera-ser-emitido-em-dolar\/\"]}]},{\"@type\":\"ImageObject\",\"inLanguage\":\"pt-BR\",\"@id\":\"https:\/\/www.suno.com.br\/noticias\/cra-titulo-de-renda-fixa-podera-ser-emitido-em-dolar\/#primaryimage\",\"url\":\"https:\/\/files.sunoresearch.com.br\/n\/uploads\/2021\/04\/9a3c9edc-pexels-pixabay-164527-scaled.jpg\",\"contentUrl\":\"https:\/\/files.sunoresearch.com.br\/n\/uploads\/2021\/04\/9a3c9edc-pexels-pixabay-164527-scaled.jpg\",\"width\":2560,\"height\":1707,\"caption\":\"D\u00f3lar. Foto: Pixabay\"},{\"@type\":\"BreadcrumbList\",\"@id\":\"https:\/\/www.suno.com.br\/noticias\/cra-titulo-de-renda-fixa-podera-ser-emitido-em-dolar\/#breadcrumb\",\"itemListElement\":[{\"@type\":\"ListItem\",\"position\":1,\"name\":\"Not\u00edcias\",\"item\":\"https:\/\/www.suno.com.br\/noticias\/\"},{\"@type\":\"ListItem\",\"position\":2,\"name\":\"Mercado\",\"item\":\"https:\/\/www.suno.com.br\/noticias\/mercado\/\"},{\"@type\":\"ListItem\",\"position\":3,\"name\":\"CRA, t\u00edtulo de renda fixa, poder\u00e1 ser emitido em d\u00f3lar\"}]},{\"@type\":\"WebSite\",\"@id\":\"https:\/\/www.suno.com.br\/noticias\/#website\",\"url\":\"https:\/\/www.suno.com.br\/noticias\/\",\"name\":\"Suno Not\u00edcias\",\"description\":\"Seu portal de informa\u00e7\u00e3o sobre o mundo dos investimentos\",\"publisher\":{\"@id\":\"https:\/\/www.suno.com.br\/noticias\/#organization\"},\"potentialAction\":[{\"@type\":\"SearchAction\",\"target\":{\"@type\":\"EntryPoint\",\"urlTemplate\":\"https:\/\/www.suno.com.br\/noticias\/?s={search_term_string}\"},\"query-input\":{\"@type\":\"PropertyValueSpecification\",\"valueRequired\":true,\"valueName\":\"search_term_string\"}}],\"inLanguage\":\"pt-BR\"},{\"@type\":\"Organization\",\"@id\":\"https:\/\/www.suno.com.br\/noticias\/#organization\",\"name\":\"Suno Not\u00edcias\",\"url\":\"https:\/\/www.suno.com.br\/noticias\/\",\"logo\":{\"@type\":\"ImageObject\",\"inLanguage\":\"pt-BR\",\"@id\":\"https:\/\/www.suno.com.br\/noticias\/#\/schema\/logo\/image\/\",\"url\":\"https:\/\/files.sunoresearch.com.br\/n\/uploads\/2021\/09\/suno-logo.png\",\"contentUrl\":\"https:\/\/files.sunoresearch.com.br\/n\/uploads\/2021\/09\/suno-logo.png\",\"width\":180,\"height\":180,\"caption\":\"Suno Not\u00edcias\"},\"image\":{\"@id\":\"https:\/\/www.suno.com.br\/noticias\/#\/schema\/logo\/image\/\"},\"sameAs\":[\"https:\/\/facebook.com\/sunoresearch\",\"https:\/\/x.com\/sunoresearch\",\"https:\/\/www.instagram.com\/suno\",\"https:\/\/www.linkedin.com\/company\/suno-research\/\",\"https:\/\/www.youtube.com\/c\/sunoresearch\"]},{\"@type\":\"Person\",\"@id\":\"https:\/\/www.suno.com.br\/noticias\/#\/schema\/person\/02ec1f752758247878a2bf4abee1aeda\",\"name\":\"Poliana Santos\",\"image\":{\"@type\":\"ImageObject\",\"inLanguage\":\"pt-BR\",\"@id\":\"https:\/\/www.suno.com.br\/noticias\/#\/schema\/person\/image\/\",\"url\":\"https:\/\/secure.gravatar.com\/avatar\/0645bd32f23d87b2130f2b2dff1d3f8d?s=96&r=g\",\"contentUrl\":\"https:\/\/secure.gravatar.com\/avatar\/0645bd32f23d87b2130f2b2dff1d3f8d?s=96&r=g\",\"caption\":\"Poliana Santos\"},\"description\":\"Rep\u00f3rter no Suno Not\u00edcias, com cobertura em mercado financeiro, economia, finan\u00e7as pessoais, renda fixa e varejo. Jornalista formada pela Faculdade C\u00e1sper L\u00edbero e possui passagem na R\u00e1dio Gazeta AM com a produ\u00e7\u00e3o de conte\u00fado sobre economia, pol\u00edtica, sa\u00fade, moda e m\u00fasica. Possui certificado de conclus\u00e3o do curso de An\u00e1lise de Balan\u00e7os pela Funda\u00e7\u00e3o Bradesco, Agenda Brasil pela FAAP, Educa\u00e7\u00e3o Pol\u00edtica por Alexandre Garcia e do Tesouro Direto e Mercado de A\u00e7\u00f5es pela B3.\",\"url\":\"https:\/\/www.suno.com.br\/noticias\/author\/poliana-santos\/\"}]}<\/script>\n<!-- \/ Yoast SEO plugin. -->","yoast_head_json":{"title":"CRA, t\u00edtulo de renda fixa, poder\u00e1 ser emitido em d\u00f3lar","description":"Investidores profissionais no Brasil poder\u00e3o emitir CRA corrigidos pelo d\u00f3lar ou por outras moedas estrangeiras. Clique aqui e saiba mais","robots":{"index":"index","follow":"follow","max-snippet":"max-snippet:-1","max-image-preview":"max-image-preview:large","max-video-preview":"max-video-preview:-1"},"canonical":"https:\/\/www.suno.com.br\/noticias\/cra-titulo-de-renda-fixa-podera-ser-emitido-em-dolar\/","og_locale":"pt_BR","og_type":"article","og_title":"CRA, t\u00edtulo de renda fixa, poder\u00e1 ser emitido em d\u00f3lar","og_description":"Investidores profissionais no Brasil poder\u00e3o emitir CRA corrigidos pelo d\u00f3lar ou por outras moedas estrangeiras. Clique aqui e saiba mais","og_url":"https:\/\/www.suno.com.br\/noticias\/cra-titulo-de-renda-fixa-podera-ser-emitido-em-dolar\/","og_site_name":"Suno Not\u00edcias","article_publisher":"https:\/\/facebook.com\/sunoresearch","og_image":[{"width":2560,"height":1707,"url":"https:\/\/files.sunoresearch.com.br\/n\/uploads\/2021\/04\/9a3c9edc-pexels-pixabay-164527-scaled.jpg","type":"image\/jpeg"}],"author":"Poliana Santos","twitter_card":"summary_large_image","twitter_creator":"@sunoresearch","twitter_site":"@sunoresearch","twitter_misc":{"Escrito por":"Poliana Santos","Est. tempo de leitura":"2 minutos"},"schema":{"@context":"https:\/\/schema.org","@graph":[{"@type":"NewsArticle","@id":"https:\/\/www.suno.com.br\/noticias\/cra-titulo-de-renda-fixa-podera-ser-emitido-em-dolar\/#article","isPartOf":{"@id":"https:\/\/www.suno.com.br\/noticias\/cra-titulo-de-renda-fixa-podera-ser-emitido-em-dolar\/"},"author":{"name":"Poliana Santos","@id":"https:\/\/www.suno.com.br\/noticias\/#\/schema\/person\/02ec1f752758247878a2bf4abee1aeda"},"headline":"CRA, t\u00edtulo de renda fixa, poder\u00e1 ser emitido em d\u00f3lar","datePublished":"2021-10-13T13:30:16+00:00","mainEntityOfPage":{"@id":"https:\/\/www.suno.com.br\/noticias\/cra-titulo-de-renda-fixa-podera-ser-emitido-em-dolar\/"},"wordCount":465,"publisher":{"@id":"https:\/\/www.suno.com.br\/noticias\/#organization"},"image":{"@id":"https:\/\/www.suno.com.br\/noticias\/cra-titulo-de-renda-fixa-podera-ser-emitido-em-dolar\/#primaryimage"},"thumbnailUrl":"https:\/\/files.sunoresearch.com.br\/n\/uploads\/2021\/04\/9a3c9edc-pexels-pixabay-164527-scaled.jpg","keywords":["CRA","d\u00f3lar","Renda Fixa"],"articleSection":["Mercado"],"inLanguage":"pt-BR"},{"@type":"WebPage","@id":"https:\/\/www.suno.com.br\/noticias\/cra-titulo-de-renda-fixa-podera-ser-emitido-em-dolar\/","url":"https:\/\/www.suno.com.br\/noticias\/cra-titulo-de-renda-fixa-podera-ser-emitido-em-dolar\/","name":"CRA, t\u00edtulo de renda fixa, poder\u00e1 ser emitido em d\u00f3lar","isPartOf":{"@id":"https:\/\/www.suno.com.br\/noticias\/#website"},"primaryImageOfPage":{"@id":"https:\/\/www.suno.com.br\/noticias\/cra-titulo-de-renda-fixa-podera-ser-emitido-em-dolar\/#primaryimage"},"image":{"@id":"https:\/\/www.suno.com.br\/noticias\/cra-titulo-de-renda-fixa-podera-ser-emitido-em-dolar\/#primaryimage"},"thumbnailUrl":"https:\/\/files.sunoresearch.com.br\/n\/uploads\/2021\/04\/9a3c9edc-pexels-pixabay-164527-scaled.jpg","datePublished":"2021-10-13T13:30:16+00:00","description":"Investidores profissionais no Brasil poder\u00e3o emitir CRA corrigidos pelo d\u00f3lar ou por outras moedas estrangeiras. Clique aqui e saiba mais","breadcrumb":{"@id":"https:\/\/www.suno.com.br\/noticias\/cra-titulo-de-renda-fixa-podera-ser-emitido-em-dolar\/#breadcrumb"},"inLanguage":"pt-BR","potentialAction":[{"@type":"ReadAction","target":["https:\/\/www.suno.com.br\/noticias\/cra-titulo-de-renda-fixa-podera-ser-emitido-em-dolar\/"]}]},{"@type":"ImageObject","inLanguage":"pt-BR","@id":"https:\/\/www.suno.com.br\/noticias\/cra-titulo-de-renda-fixa-podera-ser-emitido-em-dolar\/#primaryimage","url":"https:\/\/files.sunoresearch.com.br\/n\/uploads\/2021\/04\/9a3c9edc-pexels-pixabay-164527-scaled.jpg","contentUrl":"https:\/\/files.sunoresearch.com.br\/n\/uploads\/2021\/04\/9a3c9edc-pexels-pixabay-164527-scaled.jpg","width":2560,"height":1707,"caption":"D\u00f3lar. Foto: Pixabay"},{"@type":"BreadcrumbList","@id":"https:\/\/www.suno.com.br\/noticias\/cra-titulo-de-renda-fixa-podera-ser-emitido-em-dolar\/#breadcrumb","itemListElement":[{"@type":"ListItem","position":1,"name":"Not\u00edcias","item":"https:\/\/www.suno.com.br\/noticias\/"},{"@type":"ListItem","position":2,"name":"Mercado","item":"https:\/\/www.suno.com.br\/noticias\/mercado\/"},{"@type":"ListItem","position":3,"name":"CRA, t\u00edtulo de renda fixa, poder\u00e1 ser emitido em d\u00f3lar"}]},{"@type":"WebSite","@id":"https:\/\/www.suno.com.br\/noticias\/#website","url":"https:\/\/www.suno.com.br\/noticias\/","name":"Suno Not\u00edcias","description":"Seu portal de informa\u00e7\u00e3o sobre o mundo dos investimentos","publisher":{"@id":"https:\/\/www.suno.com.br\/noticias\/#organization"},"potentialAction":[{"@type":"SearchAction","target":{"@type":"EntryPoint","urlTemplate":"https:\/\/www.suno.com.br\/noticias\/?s={search_term_string}"},"query-input":{"@type":"PropertyValueSpecification","valueRequired":true,"valueName":"search_term_string"}}],"inLanguage":"pt-BR"},{"@type":"Organization","@id":"https:\/\/www.suno.com.br\/noticias\/#organization","name":"Suno Not\u00edcias","url":"https:\/\/www.suno.com.br\/noticias\/","logo":{"@type":"ImageObject","inLanguage":"pt-BR","@id":"https:\/\/www.suno.com.br\/noticias\/#\/schema\/logo\/image\/","url":"https:\/\/files.sunoresearch.com.br\/n\/uploads\/2021\/09\/suno-logo.png","contentUrl":"https:\/\/files.sunoresearch.com.br\/n\/uploads\/2021\/09\/suno-logo.png","width":180,"height":180,"caption":"Suno Not\u00edcias"},"image":{"@id":"https:\/\/www.suno.com.br\/noticias\/#\/schema\/logo\/image\/"},"sameAs":["https:\/\/facebook.com\/sunoresearch","https:\/\/x.com\/sunoresearch","https:\/\/www.instagram.com\/suno","https:\/\/www.linkedin.com\/company\/suno-research\/","https:\/\/www.youtube.com\/c\/sunoresearch"]},{"@type":"Person","@id":"https:\/\/www.suno.com.br\/noticias\/#\/schema\/person\/02ec1f752758247878a2bf4abee1aeda","name":"Poliana Santos","image":{"@type":"ImageObject","inLanguage":"pt-BR","@id":"https:\/\/www.suno.com.br\/noticias\/#\/schema\/person\/image\/","url":"https:\/\/secure.gravatar.com\/avatar\/0645bd32f23d87b2130f2b2dff1d3f8d?s=96&r=g","contentUrl":"https:\/\/secure.gravatar.com\/avatar\/0645bd32f23d87b2130f2b2dff1d3f8d?s=96&r=g","caption":"Poliana Santos"},"description":"Rep\u00f3rter no Suno Not\u00edcias, com cobertura em mercado financeiro, economia, finan\u00e7as pessoais, renda fixa e varejo. Jornalista formada pela Faculdade C\u00e1sper L\u00edbero e possui passagem na R\u00e1dio Gazeta AM com a produ\u00e7\u00e3o de conte\u00fado sobre economia, pol\u00edtica, sa\u00fade, moda e m\u00fasica. Possui certificado de conclus\u00e3o do curso de An\u00e1lise de Balan\u00e7os pela Funda\u00e7\u00e3o Bradesco, Agenda Brasil pela FAAP, Educa\u00e7\u00e3o Pol\u00edtica por Alexandre Garcia e do Tesouro Direto e Mercado de A\u00e7\u00f5es pela B3.","url":"https:\/\/www.suno.com.br\/noticias\/author\/poliana-santos\/"}]}},"default_loop_html":"<div class=\"cardsPage__listCard__boxs\"><div class=\"cardsPage__listCard__boxs__img\"><a href=\"https:\/\/www.suno.com.br\/noticias\/cra-titulo-de-renda-fixa-podera-ser-emitido-em-dolar\/\"><img class=\"mask\" src=\"https:\/\/www.suno.com.br\/noticias\/wp-content\/themes\/suno\/resources\/images\/spotlight\/spotlight1img\/bg-mask.png\" alt=\"Image Mask\"\/><img src=\"https:\/\/files.sunoresearch.com.br\/n\/uploads\/2021\/04\/9a3c9edc-pexels-pixabay-164527-400x200.jpg\" alt=\"CRA, t\u00edtulo de renda fixa, poder\u00e1 ser emitido em d\u00f3lar\"\/><\/a><span class=\"spotlightCategory\"><a href=\"https:\/\/www.suno.com.br\/noticias\/mercado\/\">Mercado<\/a><\/span><\/div><div class=\"cardsPage__listCard__boxs__content\"><a href=\"https:\/\/www.suno.com.br\/noticias\/cra-titulo-de-renda-fixa-podera-ser-emitido-em-dolar\/\"><h2 class=\"content__title\">CRA, t\u00edtulo de renda fixa, poder\u00e1 ser emitido em d\u00f3lar<\/h2><\/a><div class=\"newsContent__article__meta\"><div class=\"newsContent__article__meta__authorBox\"><a href=\"https:\/\/www.suno.com.br\/noticias\/author\/poliana-santos\/\" class=\"authorBox__avatar noMobi\"><img src=\"https:\/\/files.sunoresearch.com.br\/n\/uploads\/2020\/08\/7ef34026-whatsapp-image-2020-08-03-at-12.37.57-150x150.webp\" alt=\"Poliana Santos\"><\/a><div class=\"authorBox__name\"><span>por\n\t\t\t<a href=\"https:\/\/www.suno.com.br\/noticias\/author\/poliana-santos\/\"><span itemprop=\"author\">Poliana Santos<\/span><\/a><\/span><time datetime=\"2021-10-13T10:30:16-03:00\" itemprop=\"datePublished\">13\/10\/2021 10:30<\/time><\/div><\/div><\/div><\/div><\/div>","single_layout":"posts","amp_enabled":true,"_links":{"self":[{"href":"https:\/\/www.suno.com.br\/noticias\/wp-json\/wp\/v2\/posts\/193104"}],"collection":[{"href":"https:\/\/www.suno.com.br\/noticias\/wp-json\/wp\/v2\/posts"}],"about":[{"href":"https:\/\/www.suno.com.br\/noticias\/wp-json\/wp\/v2\/types\/post"}],"author":[{"embeddable":true,"href":"https:\/\/www.suno.com.br\/noticias\/wp-json\/wp\/v2\/users\/15"}],"replies":[{"embeddable":true,"href":"https:\/\/www.suno.com.br\/noticias\/wp-json\/wp\/v2\/comments?post=193104"}],"version-history":[{"count":3,"href":"https:\/\/www.suno.com.br\/noticias\/wp-json\/wp\/v2\/posts\/193104\/revisions"}],"predecessor-version":[{"id":193147,"href":"https:\/\/www.suno.com.br\/noticias\/wp-json\/wp\/v2\/posts\/193104\/revisions\/193147"}],"wp:featuredmedia":[{"embeddable":true,"href":"https:\/\/www.suno.com.br\/noticias\/wp-json\/wp\/v2\/media\/137388"}],"wp:attachment":[{"href":"https:\/\/www.suno.com.br\/noticias\/wp-json\/wp\/v2\/media?parent=193104"}],"wp:term":[{"taxonomy":"category","embeddable":true,"href":"https:\/\/www.suno.com.br\/noticias\/wp-json\/wp\/v2\/categories?post=193104"},{"taxonomy":"post_tag","embeddable":true,"href":"https:\/\/www.suno.com.br\/noticias\/wp-json\/wp\/v2\/tags?post=193104"},{"taxonomy":"suno_strategy","embeddable":true,"href":"https:\/\/www.suno.com.br\/noticias\/wp-json\/wp\/v2\/suno_strategy?post=193104"}],"curies":[{"name":"wp","href":"https:\/\/api.w.org\/{rel}","templated":true}]}}