{"id":193089,"date":"2021-10-13T07:54:46","date_gmt":"2021-10-13T10:54:46","guid":{"rendered":"https:\/\/www.suno.com.br\/noticias\/?p=193089"},"modified":"2021-10-13T07:54:46","modified_gmt":"2021-10-13T10:54:46","slug":"camara-eua-aprova-aumento-teto-da-divida","status":"publish","type":"post","link":"https:\/\/www.suno.com.br\/noticias\/camara-eua-aprova-aumento-teto-da-divida\/","title":{"rendered":"C\u00e2mara dos EUA aprova aumento do teto da d\u00edvida at\u00e9 dezembro"},"content":{"rendered":"<p>A C\u00e2mara dos Representantes dos <strong>EUA<\/strong> aprovou na ter\u00e7a-feira (12) uma lei para aumentar o teto da d\u00edvida do pa\u00eds. O impasse era o \u00faltimo obst\u00e1culo legislativo para evitar um calote nacional que, sem a medida legal, deveria ocorrer na pr\u00f3xima semana.<\/p>\t<div class=\"wrapper-featured-image\">\n\t\t<figure class=\"spotlightImg\">\n\n\t\t\t<picture>\n\t\t\t\t<source media=\"(max-width: 768px)\" srcset=\"https:\/\/files.sunoresearch.com.br\/n\/uploads\/2021\/03\/08a84518-flag-1291945_1280-1-400x200.webp\">\n\t\t\t\t<img loading=\"lazy\" decoding=\"async\" class=\"newsContent__article__imgCapa lazyloadDisabled \" src=\"https:\/\/files.sunoresearch.com.br\/n\/uploads\/2021\/03\/08a84518-flag-1291945_1280-1-800x450.webp\" width=\"800\" height=\"450\" alt=\"C\u00e2mara dos EUA aprova aumento do teto da d\u00edvida at\u00e9 dezembro\" fetchpriority=high \/>\n\t\t\t<\/picture>\n\n\t\t\t<figcaption class=\"wp-caption-text wp-caption-text--show\">EUA - Foto: Angelique Johnson, por Pixabay.<\/figcaption>\n\t\t<\/figure>\n\t<\/div>\n\n\n\t<p>\n\t\t<a href=\"https:\/\/lp.suno.com.br\/planilha-controle-gastos\/\" target=\"_blank\" data-element=\"shortcode-suno-banner\" title=\"Banner SUNO, clique e saiba mais\">\n\t\t\t<picture>\n\t\t\t\t<source media=\"(max-width: 500px)\" srcset=\"https:\/\/files.sunoresearch.com.br\/n\/uploads\/2023\/03\/400x300-Planilha-controle-de-gastos.png\">\n\t\t\t\t<img class=\"newsContent__article__imgCapa newsContent__article__imgCapa--banner\"\n\t\t\t\t\tsrc=\"https:\/\/files.sunoresearch.com.br\/n\/uploads\/2023\/03\/1420x240-Planilha-controle-de-gastos.png\"\n\t\t\t\t\tdata-promo-id=\"101751\"\t\t\t\t\t\t\t\t\t\twidth='1420' height='240'\t\t\t\t\talt=\"https:\/\/files.sunoresearch.com.br\/n\/uploads\/2023\/03\/1420x240-Planilha-controle-de-gastos.png\"\n\t\t\t\t>\n\t\t\t<\/picture>\n\t\t<\/a>\n\t<\/p>\n\n\n<p>Aprovado pelo Senado na semana passada, o projeto de aumento do <strong>teto da d\u00edvida dos EUA<\/strong> vai agora para a mesa do presidente Joe Biden, que deve assinar e promulgar a nova lei nesta quarta-feira (13).<\/p>\n<p>A legisla\u00e7\u00e3o \u00e9 o resultado de um acordo entre os democratas e o l\u00edder da minoria no Senado, Mitch McConnell. O texto prev\u00ea o <strong>aumento do teto da d\u00edvida<\/strong> em US$ 480 bilh\u00f5es. O endividamento americano atual est\u00e1 na ordem de US$ 28,4 trilh\u00f5es e poderia aumentar para cerca de US $ 28,8 trilh\u00f5es.<\/p>\n<p>Embora se espere que o presidente assine o projeto de lei, n\u00e3o faz\u00ea-lo resultaria em calamidade econ\u00f4mica at\u00e9 18 de outubro, advertiu a secret\u00e1ria do <strong>Tesouro Americano<\/strong>, <a class=\"suno-keyword\" href=\"https:\/\/www.suno.com.br\/tudo-sobre\/janet-yellen\/\" target=\"_blank\" rel=\"noopener\" data-force=\"no\" data-priority=\"2\">Janet Yellen<\/a>. Isso porque, sem a medida, Yellen afirma que \u201cesperaria plenamente\u201d uma recess\u00e3o nos EUA j\u00e1 para outubro, visto que o governo ficaria sem meios de pagar suas contas, o que desencadearia um calote sem precedentes.<\/p>\n\t<p>\n\t\t<a href=\"\" target=\"_blank\" data-element=\"shortcode-suno-banner\" title=\"Banner SUNO, clique e saiba mais\">\n\t\t\t<picture>\n\t\t\t\t<source media=\"(max-width: 500px)\" srcset=\"\">\n\t\t\t\t<img class=\"newsContent__article__imgCapa newsContent__article__imgCapa--banner\"\n\t\t\t\t\tsrc=\"\"\n\t\t\t\t\tdata-promo-id=\"77030\"\t\t\t\t\t\t\t\t\t\t\t\t\t\t\talt=\"\"\n\t\t\t\t>\n\t\t\t<\/picture>\n\t\t<\/a>\n\t<\/p>\n\n\n<p>As suspens\u00f5es ou prorroga\u00e7\u00f5es do<strong> teto da d\u00edvida<\/strong> dos Estados Unidos n\u00e3o autorizam novos gastos do governo, mas permitem que o Departamento do Tesouro pague as verbas j\u00e1 aprovadas pelo Congresso.<\/p>\n<p>Espera-se que a extens\u00e3o do <strong>limite da d\u00edvida<\/strong> permita ao governo cobrir suas despesas pelo menos at\u00e9 3 de dezembro, disse a presidente da C\u00e2mara, Nancy Pelosi, durante uma entrevista coletiva na manh\u00e3 de ter\u00e7a-feira.<\/p>\n<h2>Mercado dos EUA em clima de avers\u00e3o ao risco<\/h2>\n\t<p>\n\t\t<a href=\"\" target=\"_blank\" data-element=\"shortcode-suno-banner\" title=\"Banner SUNO, clique e saiba mais\">\n\t\t\t<picture>\n\t\t\t\t<source media=\"(max-width: 500px)\" srcset=\"\">\n\t\t\t\t<img class=\"newsContent__article__imgCapa newsContent__article__imgCapa--banner\"\n\t\t\t\t\tsrc=\"\"\n\t\t\t\t\tdata-promo-id=\"92668\"\t\t\t\t\t\t\t\t\t\t\t\t\t\t\talt=\"\"\n\t\t\t\t>\n\t\t\t<\/picture>\n\t\t<\/a>\n\t<\/p>\n\n\n<p>Os principais \u00edndices da <a class=\"suno-keyword\" href=\"https:\/\/www.suno.com.br\/guias\/bolsa-de-valores\/\" target=\"_blank\" rel=\"noopener\" data-force=\"no\" data-priority=\"3\">bolsa de valores<\/a> dos <strong>Estados Unidos<\/strong> fecharam em queda na ter\u00e7a-feira (12). Indicativos de desacelera\u00e7\u00e3o da economia e o risco de escalada inflacion\u00e1ria no pa\u00eds preocupam investidores.<\/p>\n<ul>\n<li><a href=\"https:\/\/www.suno.com.br\/artigos\/indice-dow-jones-djia\/\" target=\"_blank\" rel=\"noopener\"><strong>Dow Jones<\/strong><\/a> fechou em baixa de 0,34%, aos 34.378,34 pontos,<\/li>\n<li><a href=\"https:\/\/www.suno.com.br\/artigos\/futuro-de-sp-500\/\" target=\"_blank\" rel=\"noopener\"><strong>S&amp;P 500<\/strong><\/a> recuou 0,24%, aos 4.350,65 pontos, e<\/li>\n<li><a href=\"https:\/\/www.suno.com.br\/artigos\/nasdaq-composite\/\" target=\"_blank\" rel=\"noopener\"><strong>Nasdaq<\/strong> <\/a>acumulou perda de 0,14%, aos 14.465,92 pontos.<\/li>\n<\/ul>\n<p>Al\u00e9m disso, o Fundo Monet\u00e1rio Internacional (FMI) revisou para baixo a sua previs\u00e3o de crescimento da atividade dos EUA em 2021, de alta de 7% a avan\u00e7o de 6%.<\/p>\n<p>A entidade multilateral, no entanto, elevou a proje\u00e7\u00e3o de crescimento para 2022 nos <strong>EUA<\/strong>, de 4,9% a 5,2%.<\/p>\n\t<p>\n\t\t<a href=\"https:\/\/lp.suno.com.br\/planilha-de-controle-de-investimentos\/\" target=\"_blank\" data-element=\"shortcode-suno-banner\" title=\"Banner SUNO, clique e saiba mais\">\n\t\t\t<picture>\n\t\t\t\t<source media=\"(max-width: 500px)\" srcset=\"https:\/\/files.sunoresearch.com.br\/n\/uploads\/2023\/03\/400x300-Controle-de-Investimentos.png\">\n\t\t\t\t<img class=\"newsContent__article__imgCapa newsContent__article__imgCapa--banner\"\n\t\t\t\t\tsrc=\"https:\/\/files.sunoresearch.com.br\/n\/uploads\/2023\/03\/1420x240-Controle-de-Investimentos.png\"\n\t\t\t\t\tdata-promo-id=\"75934\"\t\t\t\t\t\t\t\t\t\twidth='1420' height='240'\t\t\t\t\talt=\"https:\/\/files.sunoresearch.com.br\/n\/uploads\/2023\/03\/1420x240-Controle-de-Investimentos.png\"\n\t\t\t\t>\n\t\t\t<\/picture>\n\t\t<\/a>\n\t<\/p>\n\n\n","protected":false},"excerpt":{"rendered":"<p>A C\u00e2mara dos Representantes dos EUA aprovou na ter\u00e7a-feira (12) uma lei para aumentar o teto da d\u00edvida do pa\u00eds. O impasse era o \u00faltimo obst\u00e1culo legislativo para evitar um calote nacional que, sem a medida legal, deveria ocorrer na pr\u00f3xima semana. EUA &#8211; Foto: Angelique Johnson, por Pixabay. Aprovado pelo Senado na semana passada, [&hellip;]<\/p>\n","protected":false},"author":102,"featured_media":137454,"comment_status":"closed","ping_status":"closed","sticky":false,"template":"","format":"standard","meta":[],"categories":[63],"tags":[1858,793,83329],"suno_strategy":[],"class_list":["post-193089","post","type-post","status-publish","format-standard","has-post-thumbnail","hentry","category-internacional","tag-endividamento","tag-estados-unidos-eua","tag-teto-de-gastos"],"yoast_head":"<!-- This site is optimized with the Yoast SEO plugin v24.4 - https:\/\/yoast.com\/wordpress\/plugins\/seo\/ -->\n<title>C\u00e2mara dos EUA aprova aumento do teto da d\u00edvida at\u00e9 dezembro<\/title>\n<meta name=\"description\" content=\"A C\u00e2mara dos Representantes dos EUA aprovou um novo limite de endividamento provis\u00f3rio para o pa\u00eds. Veja detalhes do teto da d\u00edvida aqui.\" \/>\n<meta name=\"robots\" content=\"index, follow, max-snippet:-1, max-image-preview:large, max-video-preview:-1\" \/>\n<link rel=\"canonical\" href=\"https:\/\/www.suno.com.br\/noticias\/camara-eua-aprova-aumento-teto-da-divida\/\" \/>\n<meta property=\"og:locale\" content=\"pt_BR\" \/>\n<meta property=\"og:type\" content=\"article\" \/>\n<meta property=\"og:title\" content=\"C\u00e2mara dos EUA aprova aumento do teto da d\u00edvida at\u00e9 dezembro\" \/>\n<meta property=\"og:description\" content=\"A C\u00e2mara dos Representantes dos EUA aprovou um novo limite de endividamento provis\u00f3rio para o pa\u00eds. Veja detalhes do teto da d\u00edvida aqui.\" \/>\n<meta property=\"og:url\" content=\"https:\/\/www.suno.com.br\/noticias\/camara-eua-aprova-aumento-teto-da-divida\/\" \/>\n<meta property=\"og:site_name\" content=\"Suno Not\u00edcias\" \/>\n<meta property=\"article:publisher\" content=\"https:\/\/facebook.com\/sunoresearch\" \/>\n<meta property=\"og:image\" content=\"https:\/\/files.sunoresearch.com.br\/n\/uploads\/2021\/03\/08a84518-flag-1291945_1280-1.jpg\" \/>\n\t<meta property=\"og:image:width\" content=\"1280\" \/>\n\t<meta property=\"og:image:height\" content=\"897\" \/>\n\t<meta property=\"og:image:type\" content=\"image\/jpeg\" \/>\n<meta name=\"author\" content=\"Monique Lima\" \/>\n<meta name=\"twitter:card\" content=\"summary_large_image\" \/>\n<meta name=\"twitter:creator\" content=\"@sunoresearch\" \/>\n<meta name=\"twitter:site\" content=\"@sunoresearch\" \/>\n<meta name=\"twitter:label1\" content=\"Escrito por\" \/>\n\t<meta name=\"twitter:data1\" content=\"Monique Lima\" \/>\n\t<meta name=\"twitter:label2\" content=\"Est. tempo de leitura\" \/>\n\t<meta name=\"twitter:data2\" content=\"2 minutos\" \/>\n<script type=\"application\/ld+json\" class=\"yoast-schema-graph\">{\"@context\":\"https:\/\/schema.org\",\"@graph\":[{\"@type\":\"NewsArticle\",\"@id\":\"https:\/\/www.suno.com.br\/noticias\/camara-eua-aprova-aumento-teto-da-divida\/#article\",\"isPartOf\":{\"@id\":\"https:\/\/www.suno.com.br\/noticias\/camara-eua-aprova-aumento-teto-da-divida\/\"},\"author\":{\"name\":\"Monique Lima\",\"@id\":\"https:\/\/www.suno.com.br\/noticias\/#\/schema\/person\/d712329319cc9b10f254d02d654cb36a\"},\"headline\":\"C\u00e2mara dos EUA aprova aumento do teto da d\u00edvida at\u00e9 dezembro\",\"datePublished\":\"2021-10-13T10:54:46+00:00\",\"mainEntityOfPage\":{\"@id\":\"https:\/\/www.suno.com.br\/noticias\/camara-eua-aprova-aumento-teto-da-divida\/\"},\"wordCount\":415,\"publisher\":{\"@id\":\"https:\/\/www.suno.com.br\/noticias\/#organization\"},\"image\":{\"@id\":\"https:\/\/www.suno.com.br\/noticias\/camara-eua-aprova-aumento-teto-da-divida\/#primaryimage\"},\"thumbnailUrl\":\"https:\/\/files.sunoresearch.com.br\/n\/uploads\/2021\/03\/08a84518-flag-1291945_1280-1-jpg.webp\",\"keywords\":[\"endividamento\",\"Estados Unidos (EUA)\",\"teto de gastos\"],\"articleSection\":[\"Internacional\"],\"inLanguage\":\"pt-BR\"},{\"@type\":\"WebPage\",\"@id\":\"https:\/\/www.suno.com.br\/noticias\/camara-eua-aprova-aumento-teto-da-divida\/\",\"url\":\"https:\/\/www.suno.com.br\/noticias\/camara-eua-aprova-aumento-teto-da-divida\/\",\"name\":\"C\u00e2mara dos EUA aprova aumento do teto da d\u00edvida at\u00e9 dezembro\",\"isPartOf\":{\"@id\":\"https:\/\/www.suno.com.br\/noticias\/#website\"},\"primaryImageOfPage\":{\"@id\":\"https:\/\/www.suno.com.br\/noticias\/camara-eua-aprova-aumento-teto-da-divida\/#primaryimage\"},\"image\":{\"@id\":\"https:\/\/www.suno.com.br\/noticias\/camara-eua-aprova-aumento-teto-da-divida\/#primaryimage\"},\"thumbnailUrl\":\"https:\/\/files.sunoresearch.com.br\/n\/uploads\/2021\/03\/08a84518-flag-1291945_1280-1-jpg.webp\",\"datePublished\":\"2021-10-13T10:54:46+00:00\",\"description\":\"A C\u00e2mara dos Representantes dos EUA aprovou um novo limite de endividamento provis\u00f3rio para o pa\u00eds. Veja detalhes do teto da d\u00edvida aqui.\",\"breadcrumb\":{\"@id\":\"https:\/\/www.suno.com.br\/noticias\/camara-eua-aprova-aumento-teto-da-divida\/#breadcrumb\"},\"inLanguage\":\"pt-BR\",\"potentialAction\":[{\"@type\":\"ReadAction\",\"target\":[\"https:\/\/www.suno.com.br\/noticias\/camara-eua-aprova-aumento-teto-da-divida\/\"]}]},{\"@type\":\"ImageObject\",\"inLanguage\":\"pt-BR\",\"@id\":\"https:\/\/www.suno.com.br\/noticias\/camara-eua-aprova-aumento-teto-da-divida\/#primaryimage\",\"url\":\"https:\/\/files.sunoresearch.com.br\/n\/uploads\/2021\/03\/08a84518-flag-1291945_1280-1-jpg.webp\",\"contentUrl\":\"https:\/\/files.sunoresearch.com.br\/n\/uploads\/2021\/03\/08a84518-flag-1291945_1280-1-jpg.webp\",\"width\":1280,\"height\":897,\"caption\":\"EUA - Foto: Angelique Johnson, por Pixabay.\"},{\"@type\":\"BreadcrumbList\",\"@id\":\"https:\/\/www.suno.com.br\/noticias\/camara-eua-aprova-aumento-teto-da-divida\/#breadcrumb\",\"itemListElement\":[{\"@type\":\"ListItem\",\"position\":1,\"name\":\"Not\u00edcias\",\"item\":\"https:\/\/www.suno.com.br\/noticias\/\"},{\"@type\":\"ListItem\",\"position\":2,\"name\":\"Internacional\",\"item\":\"https:\/\/www.suno.com.br\/noticias\/internacional\/\"},{\"@type\":\"ListItem\",\"position\":3,\"name\":\"C\u00e2mara dos EUA aprova aumento do teto da d\u00edvida at\u00e9 dezembro\"}]},{\"@type\":\"WebSite\",\"@id\":\"https:\/\/www.suno.com.br\/noticias\/#website\",\"url\":\"https:\/\/www.suno.com.br\/noticias\/\",\"name\":\"Suno Not\u00edcias\",\"description\":\"Seu portal de informa\u00e7\u00e3o sobre o mundo dos investimentos\",\"publisher\":{\"@id\":\"https:\/\/www.suno.com.br\/noticias\/#organization\"},\"potentialAction\":[{\"@type\":\"SearchAction\",\"target\":{\"@type\":\"EntryPoint\",\"urlTemplate\":\"https:\/\/www.suno.com.br\/noticias\/?s={search_term_string}\"},\"query-input\":{\"@type\":\"PropertyValueSpecification\",\"valueRequired\":true,\"valueName\":\"search_term_string\"}}],\"inLanguage\":\"pt-BR\"},{\"@type\":\"Organization\",\"@id\":\"https:\/\/www.suno.com.br\/noticias\/#organization\",\"name\":\"Suno Not\u00edcias\",\"url\":\"https:\/\/www.suno.com.br\/noticias\/\",\"logo\":{\"@type\":\"ImageObject\",\"inLanguage\":\"pt-BR\",\"@id\":\"https:\/\/www.suno.com.br\/noticias\/#\/schema\/logo\/image\/\",\"url\":\"https:\/\/files.sunoresearch.com.br\/n\/uploads\/2021\/09\/suno-logo.png\",\"contentUrl\":\"https:\/\/files.sunoresearch.com.br\/n\/uploads\/2021\/09\/suno-logo.png\",\"width\":180,\"height\":180,\"caption\":\"Suno Not\u00edcias\"},\"image\":{\"@id\":\"https:\/\/www.suno.com.br\/noticias\/#\/schema\/logo\/image\/\"},\"sameAs\":[\"https:\/\/facebook.com\/sunoresearch\",\"https:\/\/x.com\/sunoresearch\",\"https:\/\/www.instagram.com\/suno\",\"https:\/\/www.linkedin.com\/company\/suno-research\/\",\"https:\/\/www.youtube.com\/c\/sunoresearch\"]},{\"@type\":\"Person\",\"@id\":\"https:\/\/www.suno.com.br\/noticias\/#\/schema\/person\/d712329319cc9b10f254d02d654cb36a\",\"name\":\"Monique Lima\",\"image\":{\"@type\":\"ImageObject\",\"inLanguage\":\"pt-BR\",\"@id\":\"https:\/\/www.suno.com.br\/noticias\/#\/schema\/person\/image\/\",\"url\":\"https:\/\/secure.gravatar.com\/avatar\/daee7f16d906c2e9ffed236206ca2c30?s=96&r=g\",\"contentUrl\":\"https:\/\/secure.gravatar.com\/avatar\/daee7f16d906c2e9ffed236206ca2c30?s=96&r=g\",\"caption\":\"Monique Lima\"},\"description\":\"Rep\u00f3rter de Mercado no Suno Not\u00edcias, \u00e9 jornalista com experi\u00eancia na cobertura de economia, empreendedorismo, finan\u00e7as pessoais, mercado financeiro, carreira e recursos humanos. Formada em Jornalismo pela Universidade Paulista, teve experi\u00eancias em ve\u00edculos de comunica\u00e7\u00e3o como a Ag\u00eancia TradeMap, Revista Voc\u00ea S\/A e Revista Voc\u00ea RH, as duas \u00faltimas publica\u00e7\u00f5es da Editora Abril. No Suno Not\u00edcias, fala sobre as principais not\u00edcias de Fundos Imobili\u00e1rios, Fiagro, Startups e empresas listadas na Bolsa.\",\"url\":\"https:\/\/www.suno.com.br\/noticias\/author\/monique-lima\/\"}]}<\/script>\n<!-- \/ Yoast SEO plugin. -->","yoast_head_json":{"title":"C\u00e2mara dos EUA aprova aumento do teto da d\u00edvida at\u00e9 dezembro","description":"A C\u00e2mara dos Representantes dos EUA aprovou um novo limite de endividamento provis\u00f3rio para o pa\u00eds. Veja detalhes do teto da d\u00edvida aqui.","robots":{"index":"index","follow":"follow","max-snippet":"max-snippet:-1","max-image-preview":"max-image-preview:large","max-video-preview":"max-video-preview:-1"},"canonical":"https:\/\/www.suno.com.br\/noticias\/camara-eua-aprova-aumento-teto-da-divida\/","og_locale":"pt_BR","og_type":"article","og_title":"C\u00e2mara dos EUA aprova aumento do teto da d\u00edvida at\u00e9 dezembro","og_description":"A C\u00e2mara dos Representantes dos EUA aprovou um novo limite de endividamento provis\u00f3rio para o pa\u00eds. Veja detalhes do teto da d\u00edvida aqui.","og_url":"https:\/\/www.suno.com.br\/noticias\/camara-eua-aprova-aumento-teto-da-divida\/","og_site_name":"Suno Not\u00edcias","article_publisher":"https:\/\/facebook.com\/sunoresearch","og_image":[{"width":1280,"height":897,"url":"https:\/\/files.sunoresearch.com.br\/n\/uploads\/2021\/03\/08a84518-flag-1291945_1280-1.jpg","type":"image\/jpeg"}],"author":"Monique Lima","twitter_card":"summary_large_image","twitter_creator":"@sunoresearch","twitter_site":"@sunoresearch","twitter_misc":{"Escrito por":"Monique Lima","Est. tempo de leitura":"2 minutos"},"schema":{"@context":"https:\/\/schema.org","@graph":[{"@type":"NewsArticle","@id":"https:\/\/www.suno.com.br\/noticias\/camara-eua-aprova-aumento-teto-da-divida\/#article","isPartOf":{"@id":"https:\/\/www.suno.com.br\/noticias\/camara-eua-aprova-aumento-teto-da-divida\/"},"author":{"name":"Monique Lima","@id":"https:\/\/www.suno.com.br\/noticias\/#\/schema\/person\/d712329319cc9b10f254d02d654cb36a"},"headline":"C\u00e2mara dos EUA aprova aumento do teto da d\u00edvida at\u00e9 dezembro","datePublished":"2021-10-13T10:54:46+00:00","mainEntityOfPage":{"@id":"https:\/\/www.suno.com.br\/noticias\/camara-eua-aprova-aumento-teto-da-divida\/"},"wordCount":415,"publisher":{"@id":"https:\/\/www.suno.com.br\/noticias\/#organization"},"image":{"@id":"https:\/\/www.suno.com.br\/noticias\/camara-eua-aprova-aumento-teto-da-divida\/#primaryimage"},"thumbnailUrl":"https:\/\/files.sunoresearch.com.br\/n\/uploads\/2021\/03\/08a84518-flag-1291945_1280-1-jpg.webp","keywords":["endividamento","Estados Unidos (EUA)","teto de gastos"],"articleSection":["Internacional"],"inLanguage":"pt-BR"},{"@type":"WebPage","@id":"https:\/\/www.suno.com.br\/noticias\/camara-eua-aprova-aumento-teto-da-divida\/","url":"https:\/\/www.suno.com.br\/noticias\/camara-eua-aprova-aumento-teto-da-divida\/","name":"C\u00e2mara dos EUA aprova aumento do teto da d\u00edvida at\u00e9 dezembro","isPartOf":{"@id":"https:\/\/www.suno.com.br\/noticias\/#website"},"primaryImageOfPage":{"@id":"https:\/\/www.suno.com.br\/noticias\/camara-eua-aprova-aumento-teto-da-divida\/#primaryimage"},"image":{"@id":"https:\/\/www.suno.com.br\/noticias\/camara-eua-aprova-aumento-teto-da-divida\/#primaryimage"},"thumbnailUrl":"https:\/\/files.sunoresearch.com.br\/n\/uploads\/2021\/03\/08a84518-flag-1291945_1280-1-jpg.webp","datePublished":"2021-10-13T10:54:46+00:00","description":"A C\u00e2mara dos Representantes dos EUA aprovou um novo limite de endividamento provis\u00f3rio para o pa\u00eds. Veja detalhes do teto da d\u00edvida aqui.","breadcrumb":{"@id":"https:\/\/www.suno.com.br\/noticias\/camara-eua-aprova-aumento-teto-da-divida\/#breadcrumb"},"inLanguage":"pt-BR","potentialAction":[{"@type":"ReadAction","target":["https:\/\/www.suno.com.br\/noticias\/camara-eua-aprova-aumento-teto-da-divida\/"]}]},{"@type":"ImageObject","inLanguage":"pt-BR","@id":"https:\/\/www.suno.com.br\/noticias\/camara-eua-aprova-aumento-teto-da-divida\/#primaryimage","url":"https:\/\/files.sunoresearch.com.br\/n\/uploads\/2021\/03\/08a84518-flag-1291945_1280-1-jpg.webp","contentUrl":"https:\/\/files.sunoresearch.com.br\/n\/uploads\/2021\/03\/08a84518-flag-1291945_1280-1-jpg.webp","width":1280,"height":897,"caption":"EUA - Foto: Angelique Johnson, por Pixabay."},{"@type":"BreadcrumbList","@id":"https:\/\/www.suno.com.br\/noticias\/camara-eua-aprova-aumento-teto-da-divida\/#breadcrumb","itemListElement":[{"@type":"ListItem","position":1,"name":"Not\u00edcias","item":"https:\/\/www.suno.com.br\/noticias\/"},{"@type":"ListItem","position":2,"name":"Internacional","item":"https:\/\/www.suno.com.br\/noticias\/internacional\/"},{"@type":"ListItem","position":3,"name":"C\u00e2mara dos EUA aprova aumento do teto da d\u00edvida at\u00e9 dezembro"}]},{"@type":"WebSite","@id":"https:\/\/www.suno.com.br\/noticias\/#website","url":"https:\/\/www.suno.com.br\/noticias\/","name":"Suno Not\u00edcias","description":"Seu portal de informa\u00e7\u00e3o sobre o mundo dos investimentos","publisher":{"@id":"https:\/\/www.suno.com.br\/noticias\/#organization"},"potentialAction":[{"@type":"SearchAction","target":{"@type":"EntryPoint","urlTemplate":"https:\/\/www.suno.com.br\/noticias\/?s={search_term_string}"},"query-input":{"@type":"PropertyValueSpecification","valueRequired":true,"valueName":"search_term_string"}}],"inLanguage":"pt-BR"},{"@type":"Organization","@id":"https:\/\/www.suno.com.br\/noticias\/#organization","name":"Suno Not\u00edcias","url":"https:\/\/www.suno.com.br\/noticias\/","logo":{"@type":"ImageObject","inLanguage":"pt-BR","@id":"https:\/\/www.suno.com.br\/noticias\/#\/schema\/logo\/image\/","url":"https:\/\/files.sunoresearch.com.br\/n\/uploads\/2021\/09\/suno-logo.png","contentUrl":"https:\/\/files.sunoresearch.com.br\/n\/uploads\/2021\/09\/suno-logo.png","width":180,"height":180,"caption":"Suno Not\u00edcias"},"image":{"@id":"https:\/\/www.suno.com.br\/noticias\/#\/schema\/logo\/image\/"},"sameAs":["https:\/\/facebook.com\/sunoresearch","https:\/\/x.com\/sunoresearch","https:\/\/www.instagram.com\/suno","https:\/\/www.linkedin.com\/company\/suno-research\/","https:\/\/www.youtube.com\/c\/sunoresearch"]},{"@type":"Person","@id":"https:\/\/www.suno.com.br\/noticias\/#\/schema\/person\/d712329319cc9b10f254d02d654cb36a","name":"Monique Lima","image":{"@type":"ImageObject","inLanguage":"pt-BR","@id":"https:\/\/www.suno.com.br\/noticias\/#\/schema\/person\/image\/","url":"https:\/\/secure.gravatar.com\/avatar\/daee7f16d906c2e9ffed236206ca2c30?s=96&r=g","contentUrl":"https:\/\/secure.gravatar.com\/avatar\/daee7f16d906c2e9ffed236206ca2c30?s=96&r=g","caption":"Monique Lima"},"description":"Rep\u00f3rter de Mercado no Suno Not\u00edcias, \u00e9 jornalista com experi\u00eancia na cobertura de economia, empreendedorismo, finan\u00e7as pessoais, mercado financeiro, carreira e recursos humanos. Formada em Jornalismo pela Universidade Paulista, teve experi\u00eancias em ve\u00edculos de comunica\u00e7\u00e3o como a Ag\u00eancia TradeMap, Revista Voc\u00ea S\/A e Revista Voc\u00ea RH, as duas \u00faltimas publica\u00e7\u00f5es da Editora Abril. No Suno Not\u00edcias, fala sobre as principais not\u00edcias de Fundos Imobili\u00e1rios, Fiagro, Startups e empresas listadas na Bolsa.","url":"https:\/\/www.suno.com.br\/noticias\/author\/monique-lima\/"}]}},"default_loop_html":"<div class=\"cardsPage__listCard__boxs\"><div class=\"cardsPage__listCard__boxs__img\"><a href=\"https:\/\/www.suno.com.br\/noticias\/camara-eua-aprova-aumento-teto-da-divida\/\"><img class=\"mask\" src=\"https:\/\/www.suno.com.br\/noticias\/wp-content\/themes\/suno\/resources\/images\/spotlight\/spotlight1img\/bg-mask.png\" alt=\"Image Mask\"\/><img src=\"https:\/\/files.sunoresearch.com.br\/n\/uploads\/2021\/03\/08a84518-flag-1291945_1280-1-400x200.webp\" alt=\"C\u00e2mara dos EUA aprova aumento do teto da d\u00edvida at\u00e9 dezembro\"\/><\/a><span class=\"spotlightCategory\"><a href=\"https:\/\/www.suno.com.br\/noticias\/internacional\/\">Internacional<\/a><\/span><\/div><div class=\"cardsPage__listCard__boxs__content\"><a href=\"https:\/\/www.suno.com.br\/noticias\/camara-eua-aprova-aumento-teto-da-divida\/\"><h2 class=\"content__title\">C\u00e2mara dos EUA aprova aumento do teto da d\u00edvida at\u00e9 dezembro<\/h2><\/a><div class=\"newsContent__article__meta\"><div class=\"newsContent__article__meta__authorBox\"><a href=\"https:\/\/www.suno.com.br\/noticias\/author\/monique-lima\/\" class=\"authorBox__avatar noMobi\"><img src=\"https:\/\/secure.gravatar.com\/avatar\/daee7f16d906c2e9ffed236206ca2c30?s=96&#038;r=g\" alt=\"Monique Lima\"><\/a><div class=\"authorBox__name\"><span>por\n\t\t\t<a href=\"https:\/\/www.suno.com.br\/noticias\/author\/monique-lima\/\"><span itemprop=\"author\">Monique Lima<\/span><\/a><\/span><time datetime=\"2021-10-13T07:54:46-03:00\" itemprop=\"datePublished\">13\/10\/2021 07:54<\/time><\/div><\/div><\/div><\/div><\/div>","single_layout":"posts","amp_enabled":true,"_links":{"self":[{"href":"https:\/\/www.suno.com.br\/noticias\/wp-json\/wp\/v2\/posts\/193089"}],"collection":[{"href":"https:\/\/www.suno.com.br\/noticias\/wp-json\/wp\/v2\/posts"}],"about":[{"href":"https:\/\/www.suno.com.br\/noticias\/wp-json\/wp\/v2\/types\/post"}],"author":[{"embeddable":true,"href":"https:\/\/www.suno.com.br\/noticias\/wp-json\/wp\/v2\/users\/102"}],"replies":[{"embeddable":true,"href":"https:\/\/www.suno.com.br\/noticias\/wp-json\/wp\/v2\/comments?post=193089"}],"version-history":[{"count":2,"href":"https:\/\/www.suno.com.br\/noticias\/wp-json\/wp\/v2\/posts\/193089\/revisions"}],"predecessor-version":[{"id":193096,"href":"https:\/\/www.suno.com.br\/noticias\/wp-json\/wp\/v2\/posts\/193089\/revisions\/193096"}],"wp:featuredmedia":[{"embeddable":true,"href":"https:\/\/www.suno.com.br\/noticias\/wp-json\/wp\/v2\/media\/137454"}],"wp:attachment":[{"href":"https:\/\/www.suno.com.br\/noticias\/wp-json\/wp\/v2\/media?parent=193089"}],"wp:term":[{"taxonomy":"category","embeddable":true,"href":"https:\/\/www.suno.com.br\/noticias\/wp-json\/wp\/v2\/categories?post=193089"},{"taxonomy":"post_tag","embeddable":true,"href":"https:\/\/www.suno.com.br\/noticias\/wp-json\/wp\/v2\/tags?post=193089"},{"taxonomy":"suno_strategy","embeddable":true,"href":"https:\/\/www.suno.com.br\/noticias\/wp-json\/wp\/v2\/suno_strategy?post=193089"}],"curies":[{"name":"wp","href":"https:\/\/api.w.org\/{rel}","templated":true}]}}