{"id":193048,"date":"2021-10-13T17:26:04","date_gmt":"2021-10-13T20:26:04","guid":{"rendered":"https:\/\/www.suno.com.br\/noticias\/?p=193048"},"modified":"2021-10-13T17:26:04","modified_gmt":"2021-10-13T20:26:04","slug":"dona-da-brastemp-cozinha-inclusiva-esg-whirlpool","status":"publish","type":"post","link":"https:\/\/www.suno.com.br\/noticias\/dona-da-brastemp-cozinha-inclusiva-esg-whirlpool\/","title":{"rendered":"Whirlpool, dona da Brastemp, quer tornar cozinha &#8216;inclusiva&#8217; e refor\u00e7a agenda ESG; entenda"},"content":{"rendered":"<p>A <strong>Whirlpool<\/strong> <a href=\"https:\/\/www.suno.com.br\/artigos\/bdr-de-etf\/\">(BVMF: W1HR34)<\/a>, dona da Brastemp e a maior fabricante de geladeiras e fog\u00f5es do Brasil, quer que a cozinha deixe de ser um local de exclus\u00e3o, passando a pensar nas pessoas com algum tipo de limita\u00e7\u00e3o.<\/p>\t<div class=\"wrapper-featured-image\">\n\t\t<figure class=\"spotlightImg\">\n\n\t\t\t<picture>\n\t\t\t\t<source media=\"(max-width: 768px)\" srcset=\"https:\/\/files.sunoresearch.com.br\/n\/uploads\/2021\/07\/797d09aa-1511978_609602535743440_1690227601_o-400x200.jpg\">\n\t\t\t\t<img loading=\"lazy\" decoding=\"async\" class=\"newsContent__article__imgCapa lazyloadDisabled \" src=\"https:\/\/files.sunoresearch.com.br\/n\/uploads\/2021\/07\/797d09aa-1511978_609602535743440_1690227601_o-800x450.jpg\" width=\"800\" height=\"450\" alt=\"Whirlpool, dona da Brastemp, quer tornar cozinha &#8216;inclusiva&#8217; e refor\u00e7a agenda ESG; entenda\" fetchpriority=high \/>\n\t\t\t<\/picture>\n\n\t\t\t<figcaption class=\"wp-caption-text wp-caption-text--show\">Whirlpool, dona da Brastempo, frisa preocupa\u00e7\u00e3o com ESG - Foto: Reprodu\u00e7\u00e3o Facebook<\/figcaption>\n\t\t<\/figure>\n\t<\/div>\n\n\n\t<p>\n\t\t<a href=\"https:\/\/lp.suno.com.br\/planilha-controle-gastos\/\" target=\"_blank\" data-element=\"shortcode-suno-banner\" title=\"Banner SUNO, clique e saiba mais\">\n\t\t\t<picture>\n\t\t\t\t<source media=\"(max-width: 500px)\" srcset=\"https:\/\/files.sunoresearch.com.br\/n\/uploads\/2023\/03\/400x300-Planilha-controle-de-gastos.png\">\n\t\t\t\t<img class=\"newsContent__article__imgCapa newsContent__article__imgCapa--banner\"\n\t\t\t\t\tsrc=\"https:\/\/files.sunoresearch.com.br\/n\/uploads\/2023\/03\/1420x240-Planilha-controle-de-gastos.png\"\n\t\t\t\t\tdata-promo-id=\"101751\"\t\t\t\t\t\t\t\t\t\twidth='1420' height='240'\t\t\t\t\talt=\"https:\/\/files.sunoresearch.com.br\/n\/uploads\/2023\/03\/1420x240-Planilha-controle-de-gastos.png\"\n\t\t\t\t>\n\t\t\t<\/picture>\n\t\t<\/a>\n\t<\/p>\n\n\n<p>Em 2010, de acordo com o \u00faltimo censo do <a class=\"suno-keyword\" href=\"https:\/\/www.suno.com.br\/artigos\/ibge\/\" target=\"_blank\" rel=\"noopener\" data-force=\"no\" data-priority=\"3\">Instituto Brasileiro de Geografia e Estat\u00edstica (<strong>IBGE<\/strong>)<\/a>, havia no Brasil 6,5 milh\u00f5es de pessoas com alguma defici\u00eancia visual. &#8220;Imagine como elas podem cozinhar&#8221;, questiona <strong>Jo\u00e3o Carlos Brega<\/strong>, presidente da Whirlpool para a Am\u00e9rica Latina.<\/p>\n<p>Foi a partir desse desafio que Brega e uma equipe interna de <strong>inova\u00e7\u00e3o<\/strong>, em parceria com um instituto voltado para quem tem <strong>defici\u00eancia visual<\/strong>, encontraram uma solu\u00e7\u00e3o para tornar a cozinha um local inclusivo para esse p\u00fablico.<\/p>\n\t<div data-element=\"shortcode-read-more\" class=\"knowMore\">\n\t\t\t\t<span class=\"knowMore__title\">Leia mais<\/span>\n\t\t\t\t<a class=\"knowMore__link\" href=\"https:\/\/www.suno.com.br\/noticias\/petrobras-petr4-reforma-sede-com-planos-de-inclusao-e-coworking-para-startups\/\">\n\t\t\tPetrobras (PETR4) reforma sede, com planos de inclus\u00e3o e coworking para startups\t\t<\/a>\n\t<\/div>\n\n\n<p>O trabalho durou 40 dias, e o resultado estar\u00e1 dispon\u00edvel para venda em canais online a partir de dezembro. <a href=\"https:\/\/www.suno.com.br\/artigos\/esg\">S\u00e3o adesivos em alto relevo com \u00edcones que representam a fun\u00e7\u00e3o de cada tecla dos eletrodom\u00e9sticos<\/a>: fog\u00f5es, cooktops, micro-ondas, geladeiras, filtros de \u00e1gua e lava-lou\u00e7as.<\/p>\n<p>Colados aos equipamentos, os adesivos v\u00e3o facilitar o uso para pessoas com defici\u00eancia visual. Os adesivos poder\u00e3o ser utilizados em eletrodom\u00e9sticos de outras marcas tamb\u00e9m.<\/p>\n\t<p>\n\t\t<a href=\"https:\/\/lp.suno.com.br\/planilha-da-vida-financeira\/\" target=\"_blank\" data-element=\"shortcode-suno-banner\" title=\"Banner SUNO, clique e saiba mais\">\n\t\t\t<picture>\n\t\t\t\t<source media=\"(max-width: 500px)\" srcset=\"https:\/\/files.sunoresearch.com.br\/n\/uploads\/2023\/04\/400x300-Planilha-vida-financeira-true.png\">\n\t\t\t\t<img class=\"newsContent__article__imgCapa newsContent__article__imgCapa--banner\"\n\t\t\t\t\tsrc=\"https:\/\/files.sunoresearch.com.br\/n\/uploads\/2023\/04\/1420x240-Planilha-vida-financeira-true.png\"\n\t\t\t\t\tdata-promo-id=\"106682\"\t\t\t\t\t\t\t\t\t\twidth='1420' height='240'\t\t\t\t\talt=\"https:\/\/files.sunoresearch.com.br\/n\/uploads\/2023\/04\/1420x240-Planilha-vida-financeira-true.png\"\n\t\t\t\t>\n\t\t\t<\/picture>\n\t\t<\/a>\n\t<\/p>\n\n\n<p>O projeto est\u00e1 sob o guarda-chuva da <strong>Whirlpool Plural<\/strong>, que a partir deste ano re\u00fane todas as iniciativas da companhia para as \u00e1reas ambientais, sociais e de governan\u00e7a, sob a sigla ESG, em ingl\u00eas.<\/p>\n<p>Anteriormente essas iniciativas estavam espalhadas dentro da empresa. Ele esclarece que a Whirlpool Plural n\u00e3o \u00e9 um departamento, mas um conjunto de valores que faz parte da <a href=\"https:\/\/www.suno.com.br\/artigos\/tripe-da-sustentabilidade\/\">cultura da empresa<\/a>.<\/p>\n<p>A palavra plural foi escolhida para remeter a ideia de diversidade e <strong>inclus\u00e3o<\/strong>.<\/p>\n<p><strong>&#8220;Diversidade<\/strong> e inclus\u00e3o n\u00e3o \u00e9 favor, mas um direito das pessoas e, do ponto de vista das empresas, \u00e9 business&#8221;, diz Brega.<\/p>\n<p>Ele argumenta que se a empresa refletir no seu interior a sociedade que \u00e9 sua cliente, vai prestar melhores servi\u00e7os <a href=\"https:\/\/www.suno.com.br\/artigos\/lucro-liquido\">e ganhar mais dinheiro.<\/a><\/p>\n\t<p>\n\t\t<a href=\"https:\/\/lp.suno.com.br\/ebook-como-analisar-uma-acao\/\" target=\"_blank\" data-element=\"shortcode-suno-banner\" title=\"Banner SUNO, clique e saiba mais\">\n\t\t\t<picture>\n\t\t\t\t<source media=\"(max-width: 500px)\" srcset=\"https:\/\/files.sunoresearch.com.br\/n\/uploads\/2023\/03\/Ebook-Acoes-Mobile-1.jpg\">\n\t\t\t\t<img class=\"newsContent__article__imgCapa newsContent__article__imgCapa--banner\"\n\t\t\t\t\tsrc=\"https:\/\/files.sunoresearch.com.br\/n\/uploads\/2023\/03\/Ebook-Acoes-Desktop-1.jpg\"\n\t\t\t\t\tdata-promo-id=\"171998\"\t\t\t\t\t\t\t\t\t\twidth='1420' height='286'\t\t\t\t\talt=\"https:\/\/files.sunoresearch.com.br\/n\/uploads\/2023\/03\/Ebook-Acoes-Desktop-1.jpg\"\n\t\t\t\t>\n\t\t\t<\/picture>\n\t\t<\/a>\n\t<\/p>\n\n\n<h2>Whirlpool faz programa de admiss\u00e3o especial<\/h2>\n<p>Outra iniciativa recente nessa dire\u00e7\u00e3o foi a cria\u00e7\u00e3o de programa para admitir pessoas com qualquer tipo de defici\u00eancia e sem nenhuma experi\u00eancia para trabalhar em \u00e1reas administrativas.<\/p>\n<p>Brega afirma que h\u00e1 empresas dispostas a contratar esses profissionais, mas n\u00e3o o fazem por causa de falta de experi\u00eancia.<\/p>\n<p>Para esse programa, a dona das marcas Brastemp e Consul j\u00e1 admitiu, nos \u00faltimos meses, nove pessoas com algum tipo de defici\u00eancia e sem restri\u00e7\u00e3o de idade.<\/p>\n\t<p>\n\t\t<a href=\"https:\/\/lp.suno.com.br\/planilha-de-controle-de-investimentos\/\" target=\"_blank\" data-element=\"shortcode-suno-banner\" title=\"Banner SUNO, clique e saiba mais\">\n\t\t\t<picture>\n\t\t\t\t<source media=\"(max-width: 500px)\" srcset=\"https:\/\/files.sunoresearch.com.br\/n\/uploads\/2023\/03\/400x300-Controle-de-Investimentos.png\">\n\t\t\t\t<img class=\"newsContent__article__imgCapa newsContent__article__imgCapa--banner\"\n\t\t\t\t\tsrc=\"https:\/\/files.sunoresearch.com.br\/n\/uploads\/2023\/03\/1420x240-Controle-de-Investimentos.png\"\n\t\t\t\t\tdata-promo-id=\"75934\"\t\t\t\t\t\t\t\t\t\twidth='1420' height='240'\t\t\t\t\talt=\"https:\/\/files.sunoresearch.com.br\/n\/uploads\/2023\/03\/1420x240-Controle-de-Investimentos.png\"\n\t\t\t\t>\n\t\t\t<\/picture>\n\t\t<\/a>\n\t<\/p>\n\n\n<p>Elas ser\u00e3o treinadas por um ano e meio, recebendo sal\u00e1rio compat\u00edvel com a fun\u00e7\u00e3o. Depois, ser\u00e3o demitidas, dando lugar a outro grupo.<\/p>\n<p>Essa foi uma forma encontrada pela companhia de alimentar o mercado para que a falta de experi\u00eancia n\u00e3o seja uma barreira \u00e0s contrata\u00e7\u00f5es. A inten\u00e7\u00e3o \u00e9 que outras empresas sigam o mesmo caminho.<\/p>\n<p>Segundo Brega, n\u00e3o \u00e9 de hoje que a empresa tem preocupa\u00e7\u00e3o <strong>ambientais<\/strong>, <strong>sociais<\/strong> e de <strong>governan\u00e7a<\/strong>. A diferen\u00e7a \u00e9 que essas demandas est\u00e3o sendo endere\u00e7adas de forma estruturada.<\/p>\n<p>Globalmente, a <strong>Whirlpool<\/strong> \u00e9 <a href=\"https:\/\/www.suno.com.br\/artigos\/ico2\/\">signat\u00e1ria de um pacto de redu\u00e7\u00e3o a zero das emiss\u00f5es de carbono at\u00e9 2030<\/a>. Desde 2014, 100% das f\u00e1bricas do grupo t\u00eam res\u00edduos s\u00f3lidos tratados.<\/p>\n<p><em>Com informa\u00e7\u00f5es do Estad\u00e3o Conte\u00fado<\/em><\/p>\n\t<p>\n\t\t<a href=\"\" target=\"_blank\" data-element=\"shortcode-suno-banner\" title=\"Banner SUNO, clique e saiba mais\">\n\t\t\t<picture>\n\t\t\t\t<source media=\"(max-width: 500px)\" srcset=\"\">\n\t\t\t\t<img class=\"newsContent__article__imgCapa newsContent__article__imgCapa--banner\"\n\t\t\t\t\tsrc=\"\"\n\t\t\t\t\tdata-promo-id=\"184190\"\t\t\t\t\t\t\t\t\t\t\t\t\t\t\talt=\"\"\n\t\t\t\t>\n\t\t\t<\/picture>\n\t\t<\/a>\n\t<\/p>\n\n\n","protected":false},"excerpt":{"rendered":"<p>A Whirlpool (BVMF: W1HR34), dona da Brastemp e a maior fabricante de geladeiras e fog\u00f5es do Brasil, quer que a cozinha deixe de ser um local de exclus\u00e3o, passando a pensar nas pessoas com algum tipo de limita\u00e7\u00e3o. Whirlpool, dona da Brastempo, frisa preocupa\u00e7\u00e3o com ESG &#8211; Foto: Reprodu\u00e7\u00e3o Facebook Em 2010, de acordo com [&hellip;]<\/p>\n","protected":false},"author":73,"featured_media":167412,"comment_status":"closed","ping_status":"closed","sticky":false,"template":"","format":"standard","meta":[],"categories":[64],"tags":[106444,75364,106376],"suno_strategy":[],"class_list":["post-193048","post","type-post","status-publish","format-standard","has-post-thumbnail","hentry","category-negocios","tag-agencias","tag-esg","tag-whirlpool-whrl3-whrl4"],"yoast_head":"<!-- This site is optimized with the Yoast SEO plugin v24.4 - https:\/\/yoast.com\/wordpress\/plugins\/seo\/ -->\n<title>Whirlpool, dona da Brastemp, quer tornar cozinha &#039;inclusiva&#039; e frisa ESG<\/title>\n<meta name=\"description\" content=\"O projeto est\u00e1 sob o guarda-chuva da Whirlpool Plural, que a partir deste ano re\u00fane todas as iniciativas. Clique aqui e leia mais.\" \/>\n<meta name=\"robots\" content=\"index, follow, max-snippet:-1, max-image-preview:large, max-video-preview:-1\" \/>\n<link rel=\"canonical\" href=\"https:\/\/www.suno.com.br\/noticias\/dona-da-brastemp-cozinha-inclusiva-esg-whirlpool\/\" \/>\n<meta property=\"og:locale\" content=\"pt_BR\" \/>\n<meta property=\"og:type\" content=\"article\" \/>\n<meta property=\"og:title\" content=\"Whirlpool, dona da Brastemp, quer tornar cozinha &#039;inclusiva&#039; e frisa ESG\" \/>\n<meta property=\"og:description\" content=\"O projeto est\u00e1 sob o guarda-chuva da Whirlpool Plural, que a partir deste ano re\u00fane todas as iniciativas. Clique aqui e leia mais.\" \/>\n<meta property=\"og:url\" content=\"https:\/\/www.suno.com.br\/noticias\/dona-da-brastemp-cozinha-inclusiva-esg-whirlpool\/\" \/>\n<meta property=\"og:site_name\" content=\"Suno Not\u00edcias\" \/>\n<meta property=\"article:publisher\" content=\"https:\/\/facebook.com\/sunoresearch\" \/>\n<meta property=\"og:image\" content=\"https:\/\/files.sunoresearch.com.br\/n\/uploads\/2021\/07\/797d09aa-1511978_609602535743440_1690227601_o.jpg\" \/>\n\t<meta property=\"og:image:width\" content=\"2048\" \/>\n\t<meta property=\"og:image:height\" content=\"1366\" \/>\n\t<meta property=\"og:image:type\" content=\"image\/jpeg\" \/>\n<meta name=\"author\" content=\"Eduardo Vargas\" \/>\n<meta name=\"twitter:card\" content=\"summary_large_image\" \/>\n<meta name=\"twitter:creator\" content=\"@sunoresearch\" \/>\n<meta name=\"twitter:site\" content=\"@sunoresearch\" \/>\n<meta name=\"twitter:label1\" content=\"Escrito por\" \/>\n\t<meta name=\"twitter:data1\" content=\"Eduardo Vargas\" \/>\n\t<meta name=\"twitter:label2\" content=\"Est. tempo de leitura\" \/>\n\t<meta name=\"twitter:data2\" content=\"3 minutos\" \/>\n<script type=\"application\/ld+json\" class=\"yoast-schema-graph\">{\"@context\":\"https:\/\/schema.org\",\"@graph\":[{\"@type\":\"NewsArticle\",\"@id\":\"https:\/\/www.suno.com.br\/noticias\/dona-da-brastemp-cozinha-inclusiva-esg-whirlpool\/#article\",\"isPartOf\":{\"@id\":\"https:\/\/www.suno.com.br\/noticias\/dona-da-brastemp-cozinha-inclusiva-esg-whirlpool\/\"},\"author\":{\"name\":\"Eduardo Vargas\",\"@id\":\"https:\/\/www.suno.com.br\/noticias\/#\/schema\/person\/7f4d362bf3518e76090143ae77bb49a5\"},\"headline\":\"Whirlpool, dona da Brastemp, quer tornar cozinha &#8216;inclusiva&#8217; e refor\u00e7a agenda ESG; entenda\",\"datePublished\":\"2021-10-13T20:26:04+00:00\",\"mainEntityOfPage\":{\"@id\":\"https:\/\/www.suno.com.br\/noticias\/dona-da-brastemp-cozinha-inclusiva-esg-whirlpool\/\"},\"wordCount\":595,\"publisher\":{\"@id\":\"https:\/\/www.suno.com.br\/noticias\/#organization\"},\"image\":{\"@id\":\"https:\/\/www.suno.com.br\/noticias\/dona-da-brastemp-cozinha-inclusiva-esg-whirlpool\/#primaryimage\"},\"thumbnailUrl\":\"https:\/\/files.sunoresearch.com.br\/n\/uploads\/2021\/07\/797d09aa-1511978_609602535743440_1690227601_o.jpg\",\"keywords\":[\"Ag\u00eancias\",\"ESG\",\"Whirlpool (WHRL3\/WHRL4)\"],\"articleSection\":[\"Neg\u00f3cios\"],\"inLanguage\":\"pt-BR\"},{\"@type\":\"WebPage\",\"@id\":\"https:\/\/www.suno.com.br\/noticias\/dona-da-brastemp-cozinha-inclusiva-esg-whirlpool\/\",\"url\":\"https:\/\/www.suno.com.br\/noticias\/dona-da-brastemp-cozinha-inclusiva-esg-whirlpool\/\",\"name\":\"Whirlpool, dona da Brastemp, quer tornar cozinha 'inclusiva' e frisa ESG\",\"isPartOf\":{\"@id\":\"https:\/\/www.suno.com.br\/noticias\/#website\"},\"primaryImageOfPage\":{\"@id\":\"https:\/\/www.suno.com.br\/noticias\/dona-da-brastemp-cozinha-inclusiva-esg-whirlpool\/#primaryimage\"},\"image\":{\"@id\":\"https:\/\/www.suno.com.br\/noticias\/dona-da-brastemp-cozinha-inclusiva-esg-whirlpool\/#primaryimage\"},\"thumbnailUrl\":\"https:\/\/files.sunoresearch.com.br\/n\/uploads\/2021\/07\/797d09aa-1511978_609602535743440_1690227601_o.jpg\",\"datePublished\":\"2021-10-13T20:26:04+00:00\",\"description\":\"O projeto est\u00e1 sob o guarda-chuva da Whirlpool Plural, que a partir deste ano re\u00fane todas as iniciativas. Clique aqui e leia mais.\",\"breadcrumb\":{\"@id\":\"https:\/\/www.suno.com.br\/noticias\/dona-da-brastemp-cozinha-inclusiva-esg-whirlpool\/#breadcrumb\"},\"inLanguage\":\"pt-BR\",\"potentialAction\":[{\"@type\":\"ReadAction\",\"target\":[\"https:\/\/www.suno.com.br\/noticias\/dona-da-brastemp-cozinha-inclusiva-esg-whirlpool\/\"]}]},{\"@type\":\"ImageObject\",\"inLanguage\":\"pt-BR\",\"@id\":\"https:\/\/www.suno.com.br\/noticias\/dona-da-brastemp-cozinha-inclusiva-esg-whirlpool\/#primaryimage\",\"url\":\"https:\/\/files.sunoresearch.com.br\/n\/uploads\/2021\/07\/797d09aa-1511978_609602535743440_1690227601_o.jpg\",\"contentUrl\":\"https:\/\/files.sunoresearch.com.br\/n\/uploads\/2021\/07\/797d09aa-1511978_609602535743440_1690227601_o.jpg\",\"width\":2048,\"height\":1366,\"caption\":\"Whirlpool, dona da Brastempo, frisa preocupa\u00e7\u00e3o com ESG - Foto: Reprodu\u00e7\u00e3o Facebook\"},{\"@type\":\"BreadcrumbList\",\"@id\":\"https:\/\/www.suno.com.br\/noticias\/dona-da-brastemp-cozinha-inclusiva-esg-whirlpool\/#breadcrumb\",\"itemListElement\":[{\"@type\":\"ListItem\",\"position\":1,\"name\":\"Not\u00edcias\",\"item\":\"https:\/\/www.suno.com.br\/noticias\/\"},{\"@type\":\"ListItem\",\"position\":2,\"name\":\"Neg\u00f3cios\",\"item\":\"https:\/\/www.suno.com.br\/noticias\/negocios\/\"},{\"@type\":\"ListItem\",\"position\":3,\"name\":\"Whirlpool, dona da Brastemp, quer tornar cozinha &#8216;inclusiva&#8217; e refor\u00e7a agenda ESG; entenda\"}]},{\"@type\":\"WebSite\",\"@id\":\"https:\/\/www.suno.com.br\/noticias\/#website\",\"url\":\"https:\/\/www.suno.com.br\/noticias\/\",\"name\":\"Suno Not\u00edcias\",\"description\":\"Seu portal de informa\u00e7\u00e3o sobre o mundo dos investimentos\",\"publisher\":{\"@id\":\"https:\/\/www.suno.com.br\/noticias\/#organization\"},\"potentialAction\":[{\"@type\":\"SearchAction\",\"target\":{\"@type\":\"EntryPoint\",\"urlTemplate\":\"https:\/\/www.suno.com.br\/noticias\/?s={search_term_string}\"},\"query-input\":{\"@type\":\"PropertyValueSpecification\",\"valueRequired\":true,\"valueName\":\"search_term_string\"}}],\"inLanguage\":\"pt-BR\"},{\"@type\":\"Organization\",\"@id\":\"https:\/\/www.suno.com.br\/noticias\/#organization\",\"name\":\"Suno Not\u00edcias\",\"url\":\"https:\/\/www.suno.com.br\/noticias\/\",\"logo\":{\"@type\":\"ImageObject\",\"inLanguage\":\"pt-BR\",\"@id\":\"https:\/\/www.suno.com.br\/noticias\/#\/schema\/logo\/image\/\",\"url\":\"https:\/\/files.sunoresearch.com.br\/n\/uploads\/2021\/09\/suno-logo.png\",\"contentUrl\":\"https:\/\/files.sunoresearch.com.br\/n\/uploads\/2021\/09\/suno-logo.png\",\"width\":180,\"height\":180,\"caption\":\"Suno Not\u00edcias\"},\"image\":{\"@id\":\"https:\/\/www.suno.com.br\/noticias\/#\/schema\/logo\/image\/\"},\"sameAs\":[\"https:\/\/facebook.com\/sunoresearch\",\"https:\/\/x.com\/sunoresearch\",\"https:\/\/www.instagram.com\/suno\",\"https:\/\/www.linkedin.com\/company\/suno-research\/\",\"https:\/\/www.youtube.com\/c\/sunoresearch\"]},{\"@type\":\"Person\",\"@id\":\"https:\/\/www.suno.com.br\/noticias\/#\/schema\/person\/7f4d362bf3518e76090143ae77bb49a5\",\"name\":\"Eduardo Vargas\",\"image\":{\"@type\":\"ImageObject\",\"inLanguage\":\"pt-BR\",\"@id\":\"https:\/\/www.suno.com.br\/noticias\/#\/schema\/person\/image\/\",\"url\":\"https:\/\/secure.gravatar.com\/avatar\/dac340933427a22924c9f99d1eb2e3f2?s=96&r=g\",\"contentUrl\":\"https:\/\/secure.gravatar.com\/avatar\/dac340933427a22924c9f99d1eb2e3f2?s=96&r=g\",\"caption\":\"Eduardo Vargas\"},\"description\":\"Jornalista formado pela UFSC, cobre macroeconomia, neg\u00f3cios e startups para o Suno Not\u00edcias, escrevendo principalmente not\u00edcias sobre o mercado financeiro e a bolsa de valores. No YouTube e no Instagram, \u00e9 respons\u00e1vel pela produ\u00e7\u00e3o de Reels e Shorts do Suno Not\u00edcias. Anteriormente, trabalhou cobrindo economia e cotidiano no ND+ e para o ND, maior jornal impresso de Santa Catarina. Cursou um semestre letivo de Estudos de M\u00eddia na Universidad de Buenos Aires.\",\"url\":\"https:\/\/www.suno.com.br\/noticias\/author\/eduardo-vargas\/\"}]}<\/script>\n<!-- \/ Yoast SEO plugin. -->","yoast_head_json":{"title":"Whirlpool, dona da Brastemp, quer tornar cozinha 'inclusiva' e frisa ESG","description":"O projeto est\u00e1 sob o guarda-chuva da Whirlpool Plural, que a partir deste ano re\u00fane todas as iniciativas. Clique aqui e leia mais.","robots":{"index":"index","follow":"follow","max-snippet":"max-snippet:-1","max-image-preview":"max-image-preview:large","max-video-preview":"max-video-preview:-1"},"canonical":"https:\/\/www.suno.com.br\/noticias\/dona-da-brastemp-cozinha-inclusiva-esg-whirlpool\/","og_locale":"pt_BR","og_type":"article","og_title":"Whirlpool, dona da Brastemp, quer tornar cozinha 'inclusiva' e frisa ESG","og_description":"O projeto est\u00e1 sob o guarda-chuva da Whirlpool Plural, que a partir deste ano re\u00fane todas as iniciativas. Clique aqui e leia mais.","og_url":"https:\/\/www.suno.com.br\/noticias\/dona-da-brastemp-cozinha-inclusiva-esg-whirlpool\/","og_site_name":"Suno Not\u00edcias","article_publisher":"https:\/\/facebook.com\/sunoresearch","og_image":[{"width":2048,"height":1366,"url":"https:\/\/files.sunoresearch.com.br\/n\/uploads\/2021\/07\/797d09aa-1511978_609602535743440_1690227601_o.jpg","type":"image\/jpeg"}],"author":"Eduardo Vargas","twitter_card":"summary_large_image","twitter_creator":"@sunoresearch","twitter_site":"@sunoresearch","twitter_misc":{"Escrito por":"Eduardo Vargas","Est. tempo de leitura":"3 minutos"},"schema":{"@context":"https:\/\/schema.org","@graph":[{"@type":"NewsArticle","@id":"https:\/\/www.suno.com.br\/noticias\/dona-da-brastemp-cozinha-inclusiva-esg-whirlpool\/#article","isPartOf":{"@id":"https:\/\/www.suno.com.br\/noticias\/dona-da-brastemp-cozinha-inclusiva-esg-whirlpool\/"},"author":{"name":"Eduardo Vargas","@id":"https:\/\/www.suno.com.br\/noticias\/#\/schema\/person\/7f4d362bf3518e76090143ae77bb49a5"},"headline":"Whirlpool, dona da Brastemp, quer tornar cozinha &#8216;inclusiva&#8217; e refor\u00e7a agenda ESG; entenda","datePublished":"2021-10-13T20:26:04+00:00","mainEntityOfPage":{"@id":"https:\/\/www.suno.com.br\/noticias\/dona-da-brastemp-cozinha-inclusiva-esg-whirlpool\/"},"wordCount":595,"publisher":{"@id":"https:\/\/www.suno.com.br\/noticias\/#organization"},"image":{"@id":"https:\/\/www.suno.com.br\/noticias\/dona-da-brastemp-cozinha-inclusiva-esg-whirlpool\/#primaryimage"},"thumbnailUrl":"https:\/\/files.sunoresearch.com.br\/n\/uploads\/2021\/07\/797d09aa-1511978_609602535743440_1690227601_o.jpg","keywords":["Ag\u00eancias","ESG","Whirlpool (WHRL3\/WHRL4)"],"articleSection":["Neg\u00f3cios"],"inLanguage":"pt-BR"},{"@type":"WebPage","@id":"https:\/\/www.suno.com.br\/noticias\/dona-da-brastemp-cozinha-inclusiva-esg-whirlpool\/","url":"https:\/\/www.suno.com.br\/noticias\/dona-da-brastemp-cozinha-inclusiva-esg-whirlpool\/","name":"Whirlpool, dona da Brastemp, quer tornar cozinha 'inclusiva' e frisa ESG","isPartOf":{"@id":"https:\/\/www.suno.com.br\/noticias\/#website"},"primaryImageOfPage":{"@id":"https:\/\/www.suno.com.br\/noticias\/dona-da-brastemp-cozinha-inclusiva-esg-whirlpool\/#primaryimage"},"image":{"@id":"https:\/\/www.suno.com.br\/noticias\/dona-da-brastemp-cozinha-inclusiva-esg-whirlpool\/#primaryimage"},"thumbnailUrl":"https:\/\/files.sunoresearch.com.br\/n\/uploads\/2021\/07\/797d09aa-1511978_609602535743440_1690227601_o.jpg","datePublished":"2021-10-13T20:26:04+00:00","description":"O projeto est\u00e1 sob o guarda-chuva da Whirlpool Plural, que a partir deste ano re\u00fane todas as iniciativas. Clique aqui e leia mais.","breadcrumb":{"@id":"https:\/\/www.suno.com.br\/noticias\/dona-da-brastemp-cozinha-inclusiva-esg-whirlpool\/#breadcrumb"},"inLanguage":"pt-BR","potentialAction":[{"@type":"ReadAction","target":["https:\/\/www.suno.com.br\/noticias\/dona-da-brastemp-cozinha-inclusiva-esg-whirlpool\/"]}]},{"@type":"ImageObject","inLanguage":"pt-BR","@id":"https:\/\/www.suno.com.br\/noticias\/dona-da-brastemp-cozinha-inclusiva-esg-whirlpool\/#primaryimage","url":"https:\/\/files.sunoresearch.com.br\/n\/uploads\/2021\/07\/797d09aa-1511978_609602535743440_1690227601_o.jpg","contentUrl":"https:\/\/files.sunoresearch.com.br\/n\/uploads\/2021\/07\/797d09aa-1511978_609602535743440_1690227601_o.jpg","width":2048,"height":1366,"caption":"Whirlpool, dona da Brastempo, frisa preocupa\u00e7\u00e3o com ESG - Foto: Reprodu\u00e7\u00e3o Facebook"},{"@type":"BreadcrumbList","@id":"https:\/\/www.suno.com.br\/noticias\/dona-da-brastemp-cozinha-inclusiva-esg-whirlpool\/#breadcrumb","itemListElement":[{"@type":"ListItem","position":1,"name":"Not\u00edcias","item":"https:\/\/www.suno.com.br\/noticias\/"},{"@type":"ListItem","position":2,"name":"Neg\u00f3cios","item":"https:\/\/www.suno.com.br\/noticias\/negocios\/"},{"@type":"ListItem","position":3,"name":"Whirlpool, dona da Brastemp, quer tornar cozinha &#8216;inclusiva&#8217; e refor\u00e7a agenda ESG; entenda"}]},{"@type":"WebSite","@id":"https:\/\/www.suno.com.br\/noticias\/#website","url":"https:\/\/www.suno.com.br\/noticias\/","name":"Suno Not\u00edcias","description":"Seu portal de informa\u00e7\u00e3o sobre o mundo dos investimentos","publisher":{"@id":"https:\/\/www.suno.com.br\/noticias\/#organization"},"potentialAction":[{"@type":"SearchAction","target":{"@type":"EntryPoint","urlTemplate":"https:\/\/www.suno.com.br\/noticias\/?s={search_term_string}"},"query-input":{"@type":"PropertyValueSpecification","valueRequired":true,"valueName":"search_term_string"}}],"inLanguage":"pt-BR"},{"@type":"Organization","@id":"https:\/\/www.suno.com.br\/noticias\/#organization","name":"Suno Not\u00edcias","url":"https:\/\/www.suno.com.br\/noticias\/","logo":{"@type":"ImageObject","inLanguage":"pt-BR","@id":"https:\/\/www.suno.com.br\/noticias\/#\/schema\/logo\/image\/","url":"https:\/\/files.sunoresearch.com.br\/n\/uploads\/2021\/09\/suno-logo.png","contentUrl":"https:\/\/files.sunoresearch.com.br\/n\/uploads\/2021\/09\/suno-logo.png","width":180,"height":180,"caption":"Suno Not\u00edcias"},"image":{"@id":"https:\/\/www.suno.com.br\/noticias\/#\/schema\/logo\/image\/"},"sameAs":["https:\/\/facebook.com\/sunoresearch","https:\/\/x.com\/sunoresearch","https:\/\/www.instagram.com\/suno","https:\/\/www.linkedin.com\/company\/suno-research\/","https:\/\/www.youtube.com\/c\/sunoresearch"]},{"@type":"Person","@id":"https:\/\/www.suno.com.br\/noticias\/#\/schema\/person\/7f4d362bf3518e76090143ae77bb49a5","name":"Eduardo Vargas","image":{"@type":"ImageObject","inLanguage":"pt-BR","@id":"https:\/\/www.suno.com.br\/noticias\/#\/schema\/person\/image\/","url":"https:\/\/secure.gravatar.com\/avatar\/dac340933427a22924c9f99d1eb2e3f2?s=96&r=g","contentUrl":"https:\/\/secure.gravatar.com\/avatar\/dac340933427a22924c9f99d1eb2e3f2?s=96&r=g","caption":"Eduardo Vargas"},"description":"Jornalista formado pela UFSC, cobre macroeconomia, neg\u00f3cios e startups para o Suno Not\u00edcias, escrevendo principalmente not\u00edcias sobre o mercado financeiro e a bolsa de valores. No YouTube e no Instagram, \u00e9 respons\u00e1vel pela produ\u00e7\u00e3o de Reels e Shorts do Suno Not\u00edcias. Anteriormente, trabalhou cobrindo economia e cotidiano no ND+ e para o ND, maior jornal impresso de Santa Catarina. Cursou um semestre letivo de Estudos de M\u00eddia na Universidad de Buenos Aires.","url":"https:\/\/www.suno.com.br\/noticias\/author\/eduardo-vargas\/"}]}},"default_loop_html":"<div class=\"cardsPage__listCard__boxs\"><div class=\"cardsPage__listCard__boxs__img\"><a href=\"https:\/\/www.suno.com.br\/noticias\/dona-da-brastemp-cozinha-inclusiva-esg-whirlpool\/\"><img class=\"mask\" src=\"https:\/\/www.suno.com.br\/noticias\/wp-content\/themes\/suno\/resources\/images\/spotlight\/spotlight1img\/bg-mask.png\" alt=\"Image Mask\"\/><img src=\"https:\/\/files.sunoresearch.com.br\/n\/uploads\/2021\/07\/797d09aa-1511978_609602535743440_1690227601_o-400x200.jpg\" alt=\"Whirlpool, dona da Brastemp, quer tornar cozinha &#8216;inclusiva&#8217; e refor\u00e7a agenda ESG; entenda\"\/><\/a><span class=\"spotlightCategory\"><a href=\"https:\/\/www.suno.com.br\/noticias\/negocios\/\">Neg\u00f3cios<\/a><\/span><\/div><div class=\"cardsPage__listCard__boxs__content\"><a href=\"https:\/\/www.suno.com.br\/noticias\/dona-da-brastemp-cozinha-inclusiva-esg-whirlpool\/\"><h2 class=\"content__title\">Whirlpool, dona da Brastemp, quer tornar cozinha &#8216;inclusiva&#8217; e refor\u00e7a agenda ESG; entenda<\/h2><\/a><div class=\"newsContent__article__meta\"><div class=\"newsContent__article__meta__authorBox\"><a href=\"https:\/\/www.suno.com.br\/noticias\/author\/eduardo-vargas\/\" class=\"authorBox__avatar noMobi\"><img src=\"https:\/\/secure.gravatar.com\/avatar\/dac340933427a22924c9f99d1eb2e3f2?s=96&#038;r=g\" alt=\"Eduardo Vargas\"><\/a><div class=\"authorBox__name\"><span>por\n\t\t\t<a href=\"https:\/\/www.suno.com.br\/noticias\/author\/eduardo-vargas\/\"><span itemprop=\"author\">Eduardo Vargas<\/span><\/a><\/span><time datetime=\"2021-10-13T17:26:04-03:00\" itemprop=\"datePublished\">13\/10\/2021 17:26<\/time><\/div><\/div><\/div><\/div><\/div>","single_layout":"posts","amp_enabled":true,"_links":{"self":[{"href":"https:\/\/www.suno.com.br\/noticias\/wp-json\/wp\/v2\/posts\/193048"}],"collection":[{"href":"https:\/\/www.suno.com.br\/noticias\/wp-json\/wp\/v2\/posts"}],"about":[{"href":"https:\/\/www.suno.com.br\/noticias\/wp-json\/wp\/v2\/types\/post"}],"author":[{"embeddable":true,"href":"https:\/\/www.suno.com.br\/noticias\/wp-json\/wp\/v2\/users\/73"}],"replies":[{"embeddable":true,"href":"https:\/\/www.suno.com.br\/noticias\/wp-json\/wp\/v2\/comments?post=193048"}],"version-history":[{"count":4,"href":"https:\/\/www.suno.com.br\/noticias\/wp-json\/wp\/v2\/posts\/193048\/revisions"}],"predecessor-version":[{"id":193337,"href":"https:\/\/www.suno.com.br\/noticias\/wp-json\/wp\/v2\/posts\/193048\/revisions\/193337"}],"wp:featuredmedia":[{"embeddable":true,"href":"https:\/\/www.suno.com.br\/noticias\/wp-json\/wp\/v2\/media\/167412"}],"wp:attachment":[{"href":"https:\/\/www.suno.com.br\/noticias\/wp-json\/wp\/v2\/media?parent=193048"}],"wp:term":[{"taxonomy":"category","embeddable":true,"href":"https:\/\/www.suno.com.br\/noticias\/wp-json\/wp\/v2\/categories?post=193048"},{"taxonomy":"post_tag","embeddable":true,"href":"https:\/\/www.suno.com.br\/noticias\/wp-json\/wp\/v2\/tags?post=193048"},{"taxonomy":"suno_strategy","embeddable":true,"href":"https:\/\/www.suno.com.br\/noticias\/wp-json\/wp\/v2\/suno_strategy?post=193048"}],"curies":[{"name":"wp","href":"https:\/\/api.w.org\/{rel}","templated":true}]}}