{"id":193044,"date":"2021-10-12T20:41:13","date_gmt":"2021-10-12T23:41:13","guid":{"rendered":"https:\/\/www.suno.com.br\/noticias\/?p=193044"},"modified":"2021-10-12T23:43:54","modified_gmt":"2021-10-13T02:43:54","slug":"grendene-grnd3-3g-radar-expansao-internacional","status":"publish","type":"post","link":"https:\/\/www.suno.com.br\/noticias\/grendene-grnd3-3g-radar-expansao-internacional\/","title":{"rendered":"Ap\u00f3s parceria com bra\u00e7o da 3G Capital, Grendene (GRND3) quer acelerar no mercado internacional"},"content":{"rendered":"<p>A ga\u00facha <strong><a class=\"suno-keyword\" href=\"https:\/\/www.suno.com.br\/acoes\/GRND3\/\" target=\"_blank\" rel=\"noopener\" data-force=\"yes\" data-priority=\"2\">Grendene (GRND3)<\/a><\/strong> pretende acelerar sua atua\u00e7\u00e3o no mercado internacional. Uma parceria anunciada na semana passada pode ser o impulso para a expans\u00e3o da companhia no exterior.<\/p>\t<div class=\"wrapper-featured-image\">\n\t\t<figure class=\"spotlightImg\">\n\n\t\t\t<picture>\n\t\t\t\t<source media=\"(max-width: 768px)\" srcset=\"https:\/\/files.sunoresearch.com.br\/n\/uploads\/2021\/10\/grendene_negocios_money_reproducao_-1-1-400x200.jpg\">\n\t\t\t\t<img loading=\"lazy\" decoding=\"async\" class=\"newsContent__article__imgCapa lazyloadDisabled \" src=\"https:\/\/files.sunoresearch.com.br\/n\/uploads\/2021\/10\/grendene_negocios_money_reproducao_-1-1-800x450.jpg\" width=\"800\" height=\"450\" alt=\"Ap\u00f3s parceria com bra\u00e7o da 3G Capital, Grendene (GRND3) quer acelerar no mercado internacional\" fetchpriority=high \/>\n\t\t\t<\/picture>\n\n\t\t\t<figcaption class=\"wp-caption-text wp-caption-text--show\">Grendene. Foto: Reprodu\u00e7\u00e3o<\/figcaption>\n\t\t<\/figure>\n\t<\/div>\n\n\n<p>Tradicional ind\u00fastria cal\u00e7adista e dona de marcas como Melissa, Ipanema e Rider, a Grendene fez parceria com a 3G Radar, gestora de recursos independente ligada \u00e0 <a class=\"suno-keyword\" href=\"https:\/\/www.suno.com.br\/artigos\/3g-capital\/\" target=\"_blank\" rel=\"noopener\" data-force=\"no\" data-priority=\"1\">3G Capital<\/a>, dos fundadores da Ambev &#8211; Jorge Paulo Lemann, Marcel Telles e Carlos Alberto Sicupira. Com sede no Reino Unido, a empresa Grendene Global Brands ser\u00e1 respons\u00e1vel por distribuir <strong>produtos da cal\u00e7adista<\/strong> em mercados como EUA, Canad\u00e1, China e Hong Kong.<\/p>\n<p>A escolha desses pa\u00edses foi definida por uma estrat\u00e9gia trazida por profissionais com experi\u00eancia na AB Inbev. Na presid\u00eancia do neg\u00f3cio estar\u00e1 Gustavo Assump\u00e7\u00e3o, que atuou 16 anos na multinacional cervejeira. A inten\u00e7\u00e3o da Grendene \u00e9 avan\u00e7ar no mercado internacional no momento em que a ind\u00fastria cal\u00e7adista brasileira enfrenta dificuldades para voltar ao patamar pr\u00e9-pandemia, al\u00e9m de ficar mais conhecida entre investidores estrangeiros.<\/p>\n<p>O<strong> mercado global de cal\u00e7ados<\/strong> movimenta US$ 365 bilh\u00f5es ao ano. Desse total, 40% est\u00e3o nos quatro pa\u00edses nos quais a nova empresa vai focar a distribui\u00e7\u00e3o de produtos da Grendene. &#8220;J\u00e1 temos boa representatividade no mercado nacional, mas o internacional \u00e9 33 vezes maior&#8221;, diz o diretor de <a class=\"suno-keyword\" href=\"https:\/\/www.suno.com.br\/artigos\/relacoes-com-investidores\/\" target=\"_blank\" rel=\"noopener\" data-force=\"no\" data-priority=\"1\">rela\u00e7\u00f5es com investidores<\/a> da Grendene, Alceu Albuquerque.<\/p>\n<p>&#8220;No interno, vamos incrementar a participa\u00e7\u00e3o de mercado marginalmente, mas n\u00e3o haver\u00e1 mudan\u00e7a significativa no comportamento do brasileiro.&#8221;<\/p>\n<h2>Exporta\u00e7\u00f5es devem continuar a ser o motor do crescimento<\/h2>\n<p>O setor cal\u00e7adista prev\u00ea crescimento m\u00e9dio de 12,2% no Pa\u00eds em 2021 e de 2,6% em 2022. Para o pr\u00f3ximo ano, a \u00e1rea de intelig\u00eancia de mercado da Associa\u00e7\u00e3o Brasileira das Ind\u00fastrias de Cal\u00e7ados (Abical\u00e7ados) estima que ser\u00e3o produzidos 879 milh\u00f5es de pares, 22 milh\u00f5es a mais do que a proje\u00e7\u00e3o para este ano.<\/p>\n<p>Mesmo assim, a atividade ainda ficaria 6% abaixo dos n\u00edveis pr\u00e9-pandemia, em 2019. Portanto, as exporta\u00e7\u00f5es devem continuar a ser o motor do crescimento. Segundo as proje\u00e7\u00f5es, o volume de exporta\u00e7\u00f5es no ano que vem deve crescer 5,1%, alta de 7% ante o resultado de 2019. Com esses n\u00fameros, o porcentual de exporta\u00e7\u00e3o da <strong>produ\u00e7\u00e3o nacional de cal\u00e7ados<\/strong> deve passar de 12% para 14%.<\/p>\n<p>Caso a 3G Radar consiga ampliar as exporta\u00e7\u00f5es da Grendene, atingindo metas, a gestora poder\u00e1 ampliar sua fatia na cal\u00e7adista para at\u00e9 12%. Hoje, o fundo det\u00e9m 6,97% da companhia. Esse aumento da parcela da 3G, por\u00e9m, n\u00e3o vai diluir a fatia dos acionistas minorit\u00e1rios, j\u00e1 que deve sair diretamente da participa\u00e7\u00e3o da fam\u00edlia controladora.<\/p>\n<p>Ao ganhar musculatura, a empresa pretende ser uma consolidadora do setor globalmente. &#8220;Ser\u00e1 uma consequ\u00eancia natural de construirmos uma plataforma global de distribui\u00e7\u00e3o eficiente&#8221;, diz Albuquerque.<\/p>\n<p>As negocia\u00e7\u00f5es para forma\u00e7\u00e3o dessa parceria foram anunciadas em julho. As duas companhias aportar\u00e3o at\u00e9 US$ 50 milh\u00f5es na nova empresa, na propor\u00e7\u00e3o das respectivas participa\u00e7\u00f5es, at\u00e9 30 dias contados da data de assinatura do <a class=\"suno-keyword\" href=\"https:\/\/www.suno.com.br\/artigos\/acordo-de-acionistas\/\" target=\"_blank\" rel=\"noopener\" data-force=\"no\" data-priority=\"1\">acordo de acionistas<\/a>.<\/p>\n<p>A <strong>Grendene Global<\/strong> ser\u00e1 controlada e gerida pela 3G Radar, que deter\u00e1 50,1% do capital do neg\u00f3cio e indicar\u00e1 tr\u00eas membros do conselho administrativo. J\u00e1 a Grendene deter\u00e1 49,9% e indicar\u00e1 dois membros.<\/p>\n<h2><b>XP sobre a parceria da Grendene: &#8220;Positiva para o volume de vendas e rentabilidade&#8221;<\/b><\/h2>\n<p>A XP manteve a recomenda\u00e7\u00e3o neutra para os pap\u00e9is da <strong>Grendene<\/strong>, com pre\u00e7o-alvo de R$ 10,70. &#8220;Enxergamos a not\u00edcia (da parceria) como marginalmente positiva na medida em que a parceria pode vir a promover otimiza\u00e7\u00e3o das opera\u00e7\u00f5es internacionais da Grendene, tanto do ponto de vista de volume de vendas quanto de rentabilidade&#8221;, afirmam os analistas Larissa P\u00e9rez e Rafael Barros.<\/p>\n<p>As informa\u00e7\u00f5es s\u00e3o do jornal <b>O Estado de S. Paulo.<\/b><\/p>\n","protected":false},"excerpt":{"rendered":"<p>A ga\u00facha Grendene (GRND3) pretende acelerar sua atua\u00e7\u00e3o no mercado internacional. Uma parceria anunciada na semana passada pode ser o impulso para a expans\u00e3o da companhia no exterior. Grendene. Foto: Reprodu\u00e7\u00e3o Tradicional ind\u00fastria cal\u00e7adista e dona de marcas como Melissa, Ipanema e Rider, a Grendene fez parceria com a 3G Radar, gestora de recursos independente [&hellip;]<\/p>\n","protected":false},"author":43,"featured_media":193072,"comment_status":"closed","ping_status":"closed","sticky":false,"template":"","format":"standard","meta":[],"categories":[64],"tags":[1190,493],"suno_strategy":[],"class_list":["post-193044","post","type-post","status-publish","format-standard","has-post-thumbnail","hentry","category-negocios","tag-3g-capital","tag-grendene-grnd3"],"yoast_head":"<!-- This site is optimized with the Yoast SEO plugin v24.4 - https:\/\/yoast.com\/wordpress\/plugins\/seo\/ -->\n<title>Grendene (GRND3) quer acelerar atua\u00e7\u00e3o no mercado internacional<\/title>\n<meta name=\"description\" content=\"A Grendene fez parceria com a 3G Radar, gestora de recursos independente ligada \u00e0 3G Capital, dos fundadores da Ambev\" \/>\n<meta name=\"robots\" content=\"index, follow, max-snippet:-1, max-image-preview:large, max-video-preview:-1\" \/>\n<link rel=\"canonical\" href=\"https:\/\/www.suno.com.br\/noticias\/grendene-grnd3-3g-radar-expansao-internacional\/\" \/>\n<meta property=\"og:locale\" content=\"pt_BR\" \/>\n<meta property=\"og:type\" content=\"article\" \/>\n<meta property=\"og:title\" content=\"Grendene (GRND3) quer acelerar atua\u00e7\u00e3o no mercado internacional\" \/>\n<meta property=\"og:description\" content=\"A Grendene fez parceria com a 3G Radar, gestora de recursos independente ligada \u00e0 3G Capital, dos fundadores da Ambev\" \/>\n<meta property=\"og:url\" content=\"https:\/\/www.suno.com.br\/noticias\/grendene-grnd3-3g-radar-expansao-internacional\/\" \/>\n<meta property=\"og:site_name\" content=\"Suno Not\u00edcias\" \/>\n<meta property=\"article:publisher\" content=\"https:\/\/facebook.com\/sunoresearch\" \/>\n<meta property=\"article:author\" content=\"https:\/\/www.facebook.com\/sunonoticias\/\" \/>\n<meta property=\"og:image\" content=\"https:\/\/files.sunoresearch.com.br\/n\/uploads\/2021\/10\/grendene_negocios_money_reproducao_-1-1.jpg\" \/>\n\t<meta property=\"og:image:width\" content=\"2000\" \/>\n\t<meta property=\"og:image:height\" content=\"1333\" \/>\n\t<meta property=\"og:image:type\" content=\"image\/jpeg\" \/>\n<meta name=\"author\" content=\"Reda\u00e7\u00e3o Suno Not\u00edcias\" \/>\n<meta name=\"twitter:card\" content=\"summary_large_image\" \/>\n<meta name=\"twitter:creator\" content=\"@https:\/\/twitter.com\/sunoresearch\" \/>\n<meta name=\"twitter:site\" content=\"@sunoresearch\" \/>\n<meta name=\"twitter:label1\" content=\"Escrito por\" \/>\n\t<meta name=\"twitter:data1\" content=\"Reda\u00e7\u00e3o Suno Not\u00edcias\" \/>\n\t<meta name=\"twitter:label2\" content=\"Est. tempo de leitura\" \/>\n\t<meta name=\"twitter:data2\" content=\"3 minutos\" \/>\n<script type=\"application\/ld+json\" class=\"yoast-schema-graph\">{\"@context\":\"https:\/\/schema.org\",\"@graph\":[{\"@type\":\"NewsArticle\",\"@id\":\"https:\/\/www.suno.com.br\/noticias\/grendene-grnd3-3g-radar-expansao-internacional\/#article\",\"isPartOf\":{\"@id\":\"https:\/\/www.suno.com.br\/noticias\/grendene-grnd3-3g-radar-expansao-internacional\/\"},\"author\":{\"name\":\"Reda\u00e7\u00e3o Suno Not\u00edcias\",\"@id\":\"https:\/\/www.suno.com.br\/noticias\/#\/schema\/person\/c1b1bd3727fa852bd045e9dbff3673ea\"},\"headline\":\"Ap\u00f3s parceria com bra\u00e7o da 3G Capital, Grendene (GRND3) quer acelerar no mercado internacional\",\"datePublished\":\"2021-10-12T23:41:13+00:00\",\"dateModified\":\"2021-10-13T02:43:54+00:00\",\"mainEntityOfPage\":{\"@id\":\"https:\/\/www.suno.com.br\/noticias\/grendene-grnd3-3g-radar-expansao-internacional\/\"},\"wordCount\":663,\"publisher\":{\"@id\":\"https:\/\/www.suno.com.br\/noticias\/#organization\"},\"image\":{\"@id\":\"https:\/\/www.suno.com.br\/noticias\/grendene-grnd3-3g-radar-expansao-internacional\/#primaryimage\"},\"thumbnailUrl\":\"https:\/\/files.sunoresearch.com.br\/n\/uploads\/2021\/10\/grendene_negocios_money_reproducao_-1-1.jpg\",\"keywords\":[\"3G Capital\",\"Grendene (GRND3)\"],\"articleSection\":[\"Neg\u00f3cios\"],\"inLanguage\":\"pt-BR\"},{\"@type\":\"WebPage\",\"@id\":\"https:\/\/www.suno.com.br\/noticias\/grendene-grnd3-3g-radar-expansao-internacional\/\",\"url\":\"https:\/\/www.suno.com.br\/noticias\/grendene-grnd3-3g-radar-expansao-internacional\/\",\"name\":\"Grendene (GRND3) quer acelerar atua\u00e7\u00e3o no mercado internacional\",\"isPartOf\":{\"@id\":\"https:\/\/www.suno.com.br\/noticias\/#website\"},\"primaryImageOfPage\":{\"@id\":\"https:\/\/www.suno.com.br\/noticias\/grendene-grnd3-3g-radar-expansao-internacional\/#primaryimage\"},\"image\":{\"@id\":\"https:\/\/www.suno.com.br\/noticias\/grendene-grnd3-3g-radar-expansao-internacional\/#primaryimage\"},\"thumbnailUrl\":\"https:\/\/files.sunoresearch.com.br\/n\/uploads\/2021\/10\/grendene_negocios_money_reproducao_-1-1.jpg\",\"datePublished\":\"2021-10-12T23:41:13+00:00\",\"dateModified\":\"2021-10-13T02:43:54+00:00\",\"description\":\"A Grendene fez parceria com a 3G Radar, gestora de recursos independente ligada \u00e0 3G Capital, dos fundadores da Ambev\",\"breadcrumb\":{\"@id\":\"https:\/\/www.suno.com.br\/noticias\/grendene-grnd3-3g-radar-expansao-internacional\/#breadcrumb\"},\"inLanguage\":\"pt-BR\",\"potentialAction\":[{\"@type\":\"ReadAction\",\"target\":[\"https:\/\/www.suno.com.br\/noticias\/grendene-grnd3-3g-radar-expansao-internacional\/\"]}]},{\"@type\":\"ImageObject\",\"inLanguage\":\"pt-BR\",\"@id\":\"https:\/\/www.suno.com.br\/noticias\/grendene-grnd3-3g-radar-expansao-internacional\/#primaryimage\",\"url\":\"https:\/\/files.sunoresearch.com.br\/n\/uploads\/2021\/10\/grendene_negocios_money_reproducao_-1-1.jpg\",\"contentUrl\":\"https:\/\/files.sunoresearch.com.br\/n\/uploads\/2021\/10\/grendene_negocios_money_reproducao_-1-1.jpg\",\"width\":2000,\"height\":1333,\"caption\":\"Grendene. Foto: Reprodu\u00e7\u00e3o\"},{\"@type\":\"BreadcrumbList\",\"@id\":\"https:\/\/www.suno.com.br\/noticias\/grendene-grnd3-3g-radar-expansao-internacional\/#breadcrumb\",\"itemListElement\":[{\"@type\":\"ListItem\",\"position\":1,\"name\":\"Not\u00edcias\",\"item\":\"https:\/\/www.suno.com.br\/noticias\/\"},{\"@type\":\"ListItem\",\"position\":2,\"name\":\"Neg\u00f3cios\",\"item\":\"https:\/\/www.suno.com.br\/noticias\/negocios\/\"},{\"@type\":\"ListItem\",\"position\":3,\"name\":\"Ap\u00f3s parceria com bra\u00e7o da 3G Capital, Grendene (GRND3) quer acelerar no mercado internacional\"}]},{\"@type\":\"WebSite\",\"@id\":\"https:\/\/www.suno.com.br\/noticias\/#website\",\"url\":\"https:\/\/www.suno.com.br\/noticias\/\",\"name\":\"Suno Not\u00edcias\",\"description\":\"Seu portal de informa\u00e7\u00e3o sobre o mundo dos investimentos\",\"publisher\":{\"@id\":\"https:\/\/www.suno.com.br\/noticias\/#organization\"},\"potentialAction\":[{\"@type\":\"SearchAction\",\"target\":{\"@type\":\"EntryPoint\",\"urlTemplate\":\"https:\/\/www.suno.com.br\/noticias\/?s={search_term_string}\"},\"query-input\":{\"@type\":\"PropertyValueSpecification\",\"valueRequired\":true,\"valueName\":\"search_term_string\"}}],\"inLanguage\":\"pt-BR\"},{\"@type\":\"Organization\",\"@id\":\"https:\/\/www.suno.com.br\/noticias\/#organization\",\"name\":\"Suno Not\u00edcias\",\"url\":\"https:\/\/www.suno.com.br\/noticias\/\",\"logo\":{\"@type\":\"ImageObject\",\"inLanguage\":\"pt-BR\",\"@id\":\"https:\/\/www.suno.com.br\/noticias\/#\/schema\/logo\/image\/\",\"url\":\"https:\/\/files.sunoresearch.com.br\/n\/uploads\/2021\/09\/suno-logo.png\",\"contentUrl\":\"https:\/\/files.sunoresearch.com.br\/n\/uploads\/2021\/09\/suno-logo.png\",\"width\":180,\"height\":180,\"caption\":\"Suno Not\u00edcias\"},\"image\":{\"@id\":\"https:\/\/www.suno.com.br\/noticias\/#\/schema\/logo\/image\/\"},\"sameAs\":[\"https:\/\/facebook.com\/sunoresearch\",\"https:\/\/x.com\/sunoresearch\",\"https:\/\/www.instagram.com\/suno\",\"https:\/\/www.linkedin.com\/company\/suno-research\/\",\"https:\/\/www.youtube.com\/c\/sunoresearch\"]},{\"@type\":\"Person\",\"@id\":\"https:\/\/www.suno.com.br\/noticias\/#\/schema\/person\/c1b1bd3727fa852bd045e9dbff3673ea\",\"name\":\"Reda\u00e7\u00e3o Suno Not\u00edcias\",\"image\":{\"@type\":\"ImageObject\",\"inLanguage\":\"pt-BR\",\"@id\":\"https:\/\/www.suno.com.br\/noticias\/#\/schema\/person\/image\/\",\"url\":\"https:\/\/secure.gravatar.com\/avatar\/b8104b9b5a71985d5238ee59fbe418af?s=96&r=g\",\"contentUrl\":\"https:\/\/secure.gravatar.com\/avatar\/b8104b9b5a71985d5238ee59fbe418af?s=96&r=g\",\"caption\":\"Reda\u00e7\u00e3o Suno Not\u00edcias\"},\"description\":\"O Suno Not\u00edcias \u00e9 um portal de informa\u00e7\u00f5es sobre Mercado Financeiro, Pol\u00edtica, Neg\u00f3cios, Economia e Finan\u00e7as Pessoais.\",\"sameAs\":[\"https:\/\/www.suno.com.br\/noticias\",\"https:\/\/www.facebook.com\/sunonoticias\/\",\"https:\/\/www.instagram.com\/sunonoticias\/\",\"https:\/\/x.com\/https:\/\/twitter.com\/sunoresearch\",\"https:\/\/www.youtube.com\/sunonoticias\"],\"url\":\"https:\/\/www.suno.com.br\/noticias\/author\/redacao-suno\/\"}]}<\/script>\n<!-- \/ Yoast SEO plugin. -->","yoast_head_json":{"title":"Grendene (GRND3) quer acelerar atua\u00e7\u00e3o no mercado internacional","description":"A Grendene fez parceria com a 3G Radar, gestora de recursos independente ligada \u00e0 3G Capital, dos fundadores da Ambev","robots":{"index":"index","follow":"follow","max-snippet":"max-snippet:-1","max-image-preview":"max-image-preview:large","max-video-preview":"max-video-preview:-1"},"canonical":"https:\/\/www.suno.com.br\/noticias\/grendene-grnd3-3g-radar-expansao-internacional\/","og_locale":"pt_BR","og_type":"article","og_title":"Grendene (GRND3) quer acelerar atua\u00e7\u00e3o no mercado internacional","og_description":"A Grendene fez parceria com a 3G Radar, gestora de recursos independente ligada \u00e0 3G Capital, dos fundadores da Ambev","og_url":"https:\/\/www.suno.com.br\/noticias\/grendene-grnd3-3g-radar-expansao-internacional\/","og_site_name":"Suno Not\u00edcias","article_publisher":"https:\/\/facebook.com\/sunoresearch","article_author":"https:\/\/www.facebook.com\/sunonoticias\/","og_image":[{"width":2000,"height":1333,"url":"https:\/\/files.sunoresearch.com.br\/n\/uploads\/2021\/10\/grendene_negocios_money_reproducao_-1-1.jpg","type":"image\/jpeg"}],"author":"Reda\u00e7\u00e3o Suno Not\u00edcias","twitter_card":"summary_large_image","twitter_creator":"@https:\/\/twitter.com\/sunoresearch","twitter_site":"@sunoresearch","twitter_misc":{"Escrito por":"Reda\u00e7\u00e3o Suno Not\u00edcias","Est. tempo de leitura":"3 minutos"},"schema":{"@context":"https:\/\/schema.org","@graph":[{"@type":"NewsArticle","@id":"https:\/\/www.suno.com.br\/noticias\/grendene-grnd3-3g-radar-expansao-internacional\/#article","isPartOf":{"@id":"https:\/\/www.suno.com.br\/noticias\/grendene-grnd3-3g-radar-expansao-internacional\/"},"author":{"name":"Reda\u00e7\u00e3o Suno Not\u00edcias","@id":"https:\/\/www.suno.com.br\/noticias\/#\/schema\/person\/c1b1bd3727fa852bd045e9dbff3673ea"},"headline":"Ap\u00f3s parceria com bra\u00e7o da 3G Capital, Grendene (GRND3) quer acelerar no mercado internacional","datePublished":"2021-10-12T23:41:13+00:00","dateModified":"2021-10-13T02:43:54+00:00","mainEntityOfPage":{"@id":"https:\/\/www.suno.com.br\/noticias\/grendene-grnd3-3g-radar-expansao-internacional\/"},"wordCount":663,"publisher":{"@id":"https:\/\/www.suno.com.br\/noticias\/#organization"},"image":{"@id":"https:\/\/www.suno.com.br\/noticias\/grendene-grnd3-3g-radar-expansao-internacional\/#primaryimage"},"thumbnailUrl":"https:\/\/files.sunoresearch.com.br\/n\/uploads\/2021\/10\/grendene_negocios_money_reproducao_-1-1.jpg","keywords":["3G Capital","Grendene (GRND3)"],"articleSection":["Neg\u00f3cios"],"inLanguage":"pt-BR"},{"@type":"WebPage","@id":"https:\/\/www.suno.com.br\/noticias\/grendene-grnd3-3g-radar-expansao-internacional\/","url":"https:\/\/www.suno.com.br\/noticias\/grendene-grnd3-3g-radar-expansao-internacional\/","name":"Grendene (GRND3) quer acelerar atua\u00e7\u00e3o no mercado internacional","isPartOf":{"@id":"https:\/\/www.suno.com.br\/noticias\/#website"},"primaryImageOfPage":{"@id":"https:\/\/www.suno.com.br\/noticias\/grendene-grnd3-3g-radar-expansao-internacional\/#primaryimage"},"image":{"@id":"https:\/\/www.suno.com.br\/noticias\/grendene-grnd3-3g-radar-expansao-internacional\/#primaryimage"},"thumbnailUrl":"https:\/\/files.sunoresearch.com.br\/n\/uploads\/2021\/10\/grendene_negocios_money_reproducao_-1-1.jpg","datePublished":"2021-10-12T23:41:13+00:00","dateModified":"2021-10-13T02:43:54+00:00","description":"A Grendene fez parceria com a 3G Radar, gestora de recursos independente ligada \u00e0 3G Capital, dos fundadores da Ambev","breadcrumb":{"@id":"https:\/\/www.suno.com.br\/noticias\/grendene-grnd3-3g-radar-expansao-internacional\/#breadcrumb"},"inLanguage":"pt-BR","potentialAction":[{"@type":"ReadAction","target":["https:\/\/www.suno.com.br\/noticias\/grendene-grnd3-3g-radar-expansao-internacional\/"]}]},{"@type":"ImageObject","inLanguage":"pt-BR","@id":"https:\/\/www.suno.com.br\/noticias\/grendene-grnd3-3g-radar-expansao-internacional\/#primaryimage","url":"https:\/\/files.sunoresearch.com.br\/n\/uploads\/2021\/10\/grendene_negocios_money_reproducao_-1-1.jpg","contentUrl":"https:\/\/files.sunoresearch.com.br\/n\/uploads\/2021\/10\/grendene_negocios_money_reproducao_-1-1.jpg","width":2000,"height":1333,"caption":"Grendene. Foto: Reprodu\u00e7\u00e3o"},{"@type":"BreadcrumbList","@id":"https:\/\/www.suno.com.br\/noticias\/grendene-grnd3-3g-radar-expansao-internacional\/#breadcrumb","itemListElement":[{"@type":"ListItem","position":1,"name":"Not\u00edcias","item":"https:\/\/www.suno.com.br\/noticias\/"},{"@type":"ListItem","position":2,"name":"Neg\u00f3cios","item":"https:\/\/www.suno.com.br\/noticias\/negocios\/"},{"@type":"ListItem","position":3,"name":"Ap\u00f3s parceria com bra\u00e7o da 3G Capital, Grendene (GRND3) quer acelerar no mercado internacional"}]},{"@type":"WebSite","@id":"https:\/\/www.suno.com.br\/noticias\/#website","url":"https:\/\/www.suno.com.br\/noticias\/","name":"Suno Not\u00edcias","description":"Seu portal de informa\u00e7\u00e3o sobre o mundo dos investimentos","publisher":{"@id":"https:\/\/www.suno.com.br\/noticias\/#organization"},"potentialAction":[{"@type":"SearchAction","target":{"@type":"EntryPoint","urlTemplate":"https:\/\/www.suno.com.br\/noticias\/?s={search_term_string}"},"query-input":{"@type":"PropertyValueSpecification","valueRequired":true,"valueName":"search_term_string"}}],"inLanguage":"pt-BR"},{"@type":"Organization","@id":"https:\/\/www.suno.com.br\/noticias\/#organization","name":"Suno Not\u00edcias","url":"https:\/\/www.suno.com.br\/noticias\/","logo":{"@type":"ImageObject","inLanguage":"pt-BR","@id":"https:\/\/www.suno.com.br\/noticias\/#\/schema\/logo\/image\/","url":"https:\/\/files.sunoresearch.com.br\/n\/uploads\/2021\/09\/suno-logo.png","contentUrl":"https:\/\/files.sunoresearch.com.br\/n\/uploads\/2021\/09\/suno-logo.png","width":180,"height":180,"caption":"Suno Not\u00edcias"},"image":{"@id":"https:\/\/www.suno.com.br\/noticias\/#\/schema\/logo\/image\/"},"sameAs":["https:\/\/facebook.com\/sunoresearch","https:\/\/x.com\/sunoresearch","https:\/\/www.instagram.com\/suno","https:\/\/www.linkedin.com\/company\/suno-research\/","https:\/\/www.youtube.com\/c\/sunoresearch"]},{"@type":"Person","@id":"https:\/\/www.suno.com.br\/noticias\/#\/schema\/person\/c1b1bd3727fa852bd045e9dbff3673ea","name":"Reda\u00e7\u00e3o Suno Not\u00edcias","image":{"@type":"ImageObject","inLanguage":"pt-BR","@id":"https:\/\/www.suno.com.br\/noticias\/#\/schema\/person\/image\/","url":"https:\/\/secure.gravatar.com\/avatar\/b8104b9b5a71985d5238ee59fbe418af?s=96&r=g","contentUrl":"https:\/\/secure.gravatar.com\/avatar\/b8104b9b5a71985d5238ee59fbe418af?s=96&r=g","caption":"Reda\u00e7\u00e3o Suno Not\u00edcias"},"description":"O Suno Not\u00edcias \u00e9 um portal de informa\u00e7\u00f5es sobre Mercado Financeiro, Pol\u00edtica, Neg\u00f3cios, Economia e Finan\u00e7as Pessoais.","sameAs":["https:\/\/www.suno.com.br\/noticias","https:\/\/www.facebook.com\/sunonoticias\/","https:\/\/www.instagram.com\/sunonoticias\/","https:\/\/x.com\/https:\/\/twitter.com\/sunoresearch","https:\/\/www.youtube.com\/sunonoticias"],"url":"https:\/\/www.suno.com.br\/noticias\/author\/redacao-suno\/"}]}},"default_loop_html":"<div class=\"cardsPage__listCard__boxs\"><div class=\"cardsPage__listCard__boxs__img\"><a href=\"https:\/\/www.suno.com.br\/noticias\/grendene-grnd3-3g-radar-expansao-internacional\/\"><img class=\"mask\" src=\"https:\/\/www.suno.com.br\/noticias\/wp-content\/themes\/suno\/resources\/images\/spotlight\/spotlight1img\/bg-mask.png\" alt=\"Image Mask\"\/><img src=\"https:\/\/files.sunoresearch.com.br\/n\/uploads\/2021\/10\/grendene_negocios_money_reproducao_-1-1-400x200.jpg\" alt=\"Ap\u00f3s parceria com bra\u00e7o da 3G Capital, Grendene (GRND3) quer acelerar no mercado internacional\"\/><\/a><span class=\"spotlightCategory\"><a href=\"https:\/\/www.suno.com.br\/noticias\/negocios\/\">Neg\u00f3cios<\/a><\/span><\/div><div class=\"cardsPage__listCard__boxs__content\"><a href=\"https:\/\/www.suno.com.br\/noticias\/grendene-grnd3-3g-radar-expansao-internacional\/\"><h2 class=\"content__title\">Ap\u00f3s parceria com bra\u00e7o da 3G Capital, Grendene (GRND3) quer acelerar no mercado internacional<\/h2><\/a><div class=\"newsContent__article__meta\"><div class=\"newsContent__article__meta__authorBox\"><a href=\"https:\/\/www.suno.com.br\/noticias\/author\/redacao-suno\/\" class=\"authorBox__avatar noMobi\"><img src=\"https:\/\/files.sunoresearch.com.br\/n\/uploads\/2020\/08\/0ace682d-redacao-1-150x150.webp\" alt=\"Reda\u00e7\u00e3o Suno Not\u00edcias\"><\/a><div class=\"authorBox__name\"><span>por\n\t\t\t<a href=\"https:\/\/www.suno.com.br\/noticias\/author\/redacao-suno\/\"><span itemprop=\"author\">Reda\u00e7\u00e3o Suno Not\u00edcias<\/span><\/a><\/span><time datetime=\"2021-10-12T20:41:13-03:00\" itemprop=\"datePublished\">12\/10\/2021 20:41<\/time><\/div><\/div><\/div><\/div><\/div>","single_layout":"posts","amp_enabled":true,"_links":{"self":[{"href":"https:\/\/www.suno.com.br\/noticias\/wp-json\/wp\/v2\/posts\/193044"}],"collection":[{"href":"https:\/\/www.suno.com.br\/noticias\/wp-json\/wp\/v2\/posts"}],"about":[{"href":"https:\/\/www.suno.com.br\/noticias\/wp-json\/wp\/v2\/types\/post"}],"author":[{"embeddable":true,"href":"https:\/\/www.suno.com.br\/noticias\/wp-json\/wp\/v2\/users\/43"}],"replies":[{"embeddable":true,"href":"https:\/\/www.suno.com.br\/noticias\/wp-json\/wp\/v2\/comments?post=193044"}],"version-history":[{"count":4,"href":"https:\/\/www.suno.com.br\/noticias\/wp-json\/wp\/v2\/posts\/193044\/revisions"}],"predecessor-version":[{"id":193082,"href":"https:\/\/www.suno.com.br\/noticias\/wp-json\/wp\/v2\/posts\/193044\/revisions\/193082"}],"wp:featuredmedia":[{"embeddable":true,"href":"https:\/\/www.suno.com.br\/noticias\/wp-json\/wp\/v2\/media\/193072"}],"wp:attachment":[{"href":"https:\/\/www.suno.com.br\/noticias\/wp-json\/wp\/v2\/media?parent=193044"}],"wp:term":[{"taxonomy":"category","embeddable":true,"href":"https:\/\/www.suno.com.br\/noticias\/wp-json\/wp\/v2\/categories?post=193044"},{"taxonomy":"post_tag","embeddable":true,"href":"https:\/\/www.suno.com.br\/noticias\/wp-json\/wp\/v2\/tags?post=193044"},{"taxonomy":"suno_strategy","embeddable":true,"href":"https:\/\/www.suno.com.br\/noticias\/wp-json\/wp\/v2\/suno_strategy?post=193044"}],"curies":[{"name":"wp","href":"https:\/\/api.w.org\/{rel}","templated":true}]}}