{"id":193034,"date":"2021-10-12T17:40:14","date_gmt":"2021-10-12T20:40:14","guid":{"rendered":"https:\/\/www.suno.com.br\/noticias\/?p=193034"},"modified":"2021-10-12T17:40:14","modified_gmt":"2021-10-12T20:40:14","slug":"braskem-brkm5-condenado-prisao-eua","status":"publish","type":"post","link":"https:\/\/www.suno.com.br\/noticias\/braskem-brkm5-condenado-prisao-eua\/","title":{"rendered":"Ex-presidente da Braskem (BRKM5) \u00e9 condenado \u00e0 pris\u00e3o nos EUA e ter\u00e1 de pagar multa milion\u00e1ria"},"content":{"rendered":"<p>Ex-CEO da <a class=\"suno-keyword\" href=\"https:\/\/www.suno.com.br\/acoes\/BRKM5\/\" target=\"_blank\" rel=\"noopener\" data-force=\"yes\" data-priority=\"2\"><strong>Braskem<\/strong> (BRKM5)<\/a>, o executivo Jos\u00e9 Carlos Grubisich recebeu condena\u00e7\u00e3o na Justi\u00e7a dos Estados Unidos nesta ter\u00e7a-feira (12). A pena \u00e9 de 20 meses de deten\u00e7\u00e3o.<\/p>\t<div class=\"wrapper-featured-image\">\n\t\t<figure class=\"spotlightImg\">\n\n\t\t\t<picture>\n\t\t\t\t<source media=\"(max-width: 768px)\" srcset=\"https:\/\/files.sunoresearch.com.br\/n\/uploads\/2021\/04\/f01831c0-whatsapp-image-2021-04-15-at-19.53.57-400x200.webp\">\n\t\t\t\t<img loading=\"lazy\" decoding=\"async\" class=\"newsContent__article__imgCapa lazyloadDisabled \" src=\"https:\/\/files.sunoresearch.com.br\/n\/uploads\/2021\/04\/f01831c0-whatsapp-image-2021-04-15-at-19.53.57-800x450.webp\" width=\"800\" height=\"450\" alt=\"Ex-presidente da Braskem (BRKM5) \u00e9 condenado \u00e0 pris\u00e3o nos EUA e ter\u00e1 de pagar multa milion\u00e1ria\" fetchpriority=high \/>\n\t\t\t<\/picture>\n\n\t\t\t<figcaption class=\"wp-caption-text wp-caption-text--show\">Braskem (BRKM5). Foto: Reprodu\u00e7\u00e3o Instagram<\/figcaption>\n\t\t<\/figure>\n\t<\/div>\n\n\n\t<p>\n\t\t<a href=\"https:\/\/lp.suno.com.br\/planilha-controle-gastos\/\" target=\"_blank\" data-element=\"shortcode-suno-banner\" title=\"Banner SUNO, clique e saiba mais\">\n\t\t\t<picture>\n\t\t\t\t<source media=\"(max-width: 500px)\" srcset=\"https:\/\/files.sunoresearch.com.br\/n\/uploads\/2023\/03\/400x300-Planilha-controle-de-gastos.png\">\n\t\t\t\t<img class=\"newsContent__article__imgCapa newsContent__article__imgCapa--banner\"\n\t\t\t\t\tsrc=\"https:\/\/files.sunoresearch.com.br\/n\/uploads\/2023\/03\/1420x240-Planilha-controle-de-gastos.png\"\n\t\t\t\t\tdata-promo-id=\"101751\"\t\t\t\t\t\t\t\t\t\twidth='1420' height='240'\t\t\t\t\talt=\"https:\/\/files.sunoresearch.com.br\/n\/uploads\/2023\/03\/1420x240-Planilha-controle-de-gastos.png\"\n\t\t\t\t>\n\t\t\t<\/picture>\n\t\t<\/a>\n\t<\/p>\n\n\n<p><strong>Grubisich foi acusado<\/strong> de envolvimento em casos de &#8220;suborno internacional&#8221; e &#8220;viola\u00e7\u00f5es a lei de valores mobili\u00e1rios&#8221;, segundo informou o Departamento de Justi\u00e7a americano. Grubisich tamb\u00e9m ter\u00e1 de pagar US$ 2,2 milh\u00f5es em multas.<\/p>\n<p>O executivo foi sentenciado \u00e0 pris\u00e3o por ter &#8220;conspirando para desviar centenas de milh\u00f5es de d\u00f3lares da Braskem para um fundo secreto e pagar propinas a funcion\u00e1rios do governo, partidos pol\u00edticos e outros no Brasil para obter e reter neg\u00f3cios&#8221;, segundo o \u00f3rg\u00e3o americano.<\/p>\n<p>Em abril deste ano, Grubisich se declarou culpado pelo envolvimento no que os promotores do caso classificaram \u00e0 \u00e9poca como um esquema de propina de 13 anos que envolvia a <strong>controladora da Braskem<\/strong>, a Odebrecht. Quem definiu a senten\u00e7a nesta ter\u00e7a-feira foi a ju\u00edza Jacquelyn M. Kasulis, do Distrito Leste da Justi\u00e7a de Nova York.<\/p>\n\t<p>\n\t\t<a href=\"\" target=\"_blank\" data-element=\"shortcode-suno-banner\" title=\"Banner SUNO, clique e saiba mais\">\n\t\t\t<picture>\n\t\t\t\t<source media=\"(max-width: 500px)\" srcset=\"\">\n\t\t\t\t<img class=\"newsContent__article__imgCapa newsContent__article__imgCapa--banner\"\n\t\t\t\t\tsrc=\"\"\n\t\t\t\t\tdata-promo-id=\"77053\"\t\t\t\t\t\t\t\t\t\t\t\t\t\t\talt=\"\"\n\t\t\t\t>\n\t\t\t<\/picture>\n\t\t<\/a>\n\t<\/p>\n\n\n<figure id=\"attachment_193049\" aria-describedby=\"caption-attachment-193049\" style=\"width: 300px\" class=\"wp-caption alignnone\"><img loading=\"lazy\" decoding=\"async\" class=\"wp-image-193049 size-medium\" src=\"https:\/\/files.sunoresearch.com.br\/n\/uploads\/2021\/10\/WhatsApp-Image-2019-11-20-at-21.17.01-868x644-1-300x223.jpeg\" alt=\"Reprodu\u00e7\u00e3o\/YouTube\" width=\"300\" height=\"223\" srcset=\"https:\/\/files.sunoresearch.com.br\/n\/uploads\/2021\/10\/WhatsApp-Image-2019-11-20-at-21.17.01-868x644-1-300x223.jpeg 300w, https:\/\/files.sunoresearch.com.br\/n\/uploads\/2021\/10\/WhatsApp-Image-2019-11-20-at-21.17.01-868x644-1-768x570.jpeg 768w, https:\/\/files.sunoresearch.com.br\/n\/uploads\/2021\/10\/WhatsApp-Image-2019-11-20-at-21.17.01-868x644-1-180x135.jpeg 180w, https:\/\/files.sunoresearch.com.br\/n\/uploads\/2021\/10\/WhatsApp-Image-2019-11-20-at-21.17.01-868x644-1-150x111.jpeg 150w, https:\/\/files.sunoresearch.com.br\/n\/uploads\/2021\/10\/WhatsApp-Image-2019-11-20-at-21.17.01-868x644-1.jpeg 868w\" sizes=\"(max-width: 300px) 100vw, 300px\" \/><figcaption id=\"caption-attachment-193049\" class=\"wp-caption-text\">Grubisich foi acusado de envolvimento em casos de &#8220;suborno internacional&#8221; Reprodu\u00e7\u00e3o\/YouTube<\/figcaption><\/figure>\n<p>Grubusich comandou a <strong>Braskem<\/strong> entre 2002 e 2008, e tornou-se membro do <a href=\"https:\/\/www.suno.com.br\/artigos\/conselho-administracao\/\">Conselho de Administra\u00e7\u00e3o<\/a>\u00a0da companhia at\u00e9 2012. A partir disso, trabalhou por mais dois anos como consultou externo do Grupo Odebrecht.<\/p>\n<p>Ex-presidente da Braskem e da Eldorado Brasil, Grubisich confessou\u00a0ter participado de fraudes em balan\u00e7os da empresa e de ter permitido um esquema de suborno de cerca de US$ 250 milh\u00f5es.<\/p>\n<p>De acordo com o comunicado divulgado pelo Departamento de Justi\u00e7a americano (DoJ),o ex-presidente da Braskem participou de audi\u00eancia nos Estados Unidos, onde assumiu ter feito parte do esquema de pagamento de propinas na petroqu\u00edmica, que foi revelado pela Opera\u00e7\u00e3o Lava-Jato.<\/p>\n<p>Diante disso, Grubisich poderia ter sido sentenciado a at\u00e9 dez anos de pris\u00e3o, conforme informou o Doj, citando tamb\u00e9m que o executivo aceitou um acordo que prev\u00ea um confisco de US$ 2,2 milh\u00f5es de seus bens.<\/p>\n\t<p>\n\t\t<a href=\"\" target=\"_blank\" data-element=\"shortcode-suno-banner\" title=\"Banner SUNO, clique e saiba mais\">\n\t\t\t<picture>\n\t\t\t\t<source media=\"(max-width: 500px)\" srcset=\"\">\n\t\t\t\t<img class=\"newsContent__article__imgCapa newsContent__article__imgCapa--banner\"\n\t\t\t\t\tsrc=\"\"\n\t\t\t\t\tdata-promo-id=\"89005\"\t\t\t\t\t\t\t\t\t\t\t\t\t\t\talt=\"\"\n\t\t\t\t>\n\t\t\t<\/picture>\n\t\t<\/a>\n\t<\/p>\n\n\n<h2>A confiss\u00e3o do ex-CEO da Braskem<\/h2>\n<p>O brasileiro, na confiss\u00e3o de culpa apresentada em audi\u00eancia no tribunal federal do Brooklyn, em Nova York, informou sobre sua participa\u00e7\u00e3o em esquema que desviou US$ 250 milh\u00f5es da companhia e foram utilizados para subornar funcion\u00e1rios p\u00fablicos e partidos brasileiros, com a finalidade de garantir os interesses da Braskem.<\/p>\n<p>Al\u00e9m disso, Grubisich ainda assumiu ter prestado informa\u00e7\u00f5es falsas nos registros financeiros da companhia.<\/p>\n<p>De acordo com um comunicado do procurador em exerc\u00edcio do distrito leste de Nova York, Mark J. Lesko, o ex-executivo \u201cabusou de sua posi\u00e7\u00e3o como presidente da <strong>Braskem<\/strong> para facilitar e ocultar o pagamento de milh\u00f5es de d\u00f3lares em subornos para que a Braskem pudesse aumentar seus lucros, com benef\u00edcios pessoais tamb\u00e9m a executivos da companhia, incluindo Grubisich\u201d.<\/p>\n<p><em>Com informa\u00e7\u00f5es do Estad\u00e3o Conte\u00fado<\/em><\/p>\n\t<p>\n\t\t<a href=\"https:\/\/lp.suno.com.br\/planilha-de-controle-de-investimentos\/\" target=\"_blank\" data-element=\"shortcode-suno-banner\" title=\"Banner SUNO, clique e saiba mais\">\n\t\t\t<picture>\n\t\t\t\t<source media=\"(max-width: 500px)\" srcset=\"https:\/\/files.sunoresearch.com.br\/n\/uploads\/2023\/03\/400x300-Controle-de-Investimentos.png\">\n\t\t\t\t<img class=\"newsContent__article__imgCapa newsContent__article__imgCapa--banner\"\n\t\t\t\t\tsrc=\"https:\/\/files.sunoresearch.com.br\/n\/uploads\/2023\/03\/1420x240-Controle-de-Investimentos.png\"\n\t\t\t\t\tdata-promo-id=\"75934\"\t\t\t\t\t\t\t\t\t\twidth='1420' height='240'\t\t\t\t\talt=\"https:\/\/files.sunoresearch.com.br\/n\/uploads\/2023\/03\/1420x240-Controle-de-Investimentos.png\"\n\t\t\t\t>\n\t\t\t<\/picture>\n\t\t<\/a>\n\t<\/p>\n\n\n","protected":false},"excerpt":{"rendered":"<p>Ex-CEO da Braskem (BRKM5), o executivo Jos\u00e9 Carlos Grubisich recebeu condena\u00e7\u00e3o na Justi\u00e7a dos Estados Unidos nesta ter\u00e7a-feira (12). A pena \u00e9 de 20 meses de deten\u00e7\u00e3o. Braskem (BRKM5). Foto: Reprodu\u00e7\u00e3o Instagram Grubisich foi acusado de envolvimento em casos de &#8220;suborno internacional&#8221; e &#8220;viola\u00e7\u00f5es a lei de valores mobili\u00e1rios&#8221;, segundo informou o Departamento de Justi\u00e7a [&hellip;]<\/p>\n","protected":false},"author":43,"featured_media":139978,"comment_status":"closed","ping_status":"closed","sticky":false,"template":"","format":"standard","meta":[],"categories":[64],"tags":[395],"suno_strategy":[],"class_list":["post-193034","post","type-post","status-publish","format-standard","has-post-thumbnail","hentry","category-negocios","tag-braskem-brkm3-brkm5-brkm6"],"yoast_head":"<!-- This site is optimized with the Yoast SEO plugin v24.4 - https:\/\/yoast.com\/wordpress\/plugins\/seo\/ -->\n<title>Ex-presidente da Braskem (BRKM5) \u00e9 condenado \u00e0 pris\u00e3o nos EUA<\/title>\n<meta name=\"description\" content=\"Ex-CEO da Braskem (BRKM5) foi acusado de envolvimento em casos de &quot;suborno internacional&quot; e &quot;viola\u00e7\u00f5es a lei de valores mobili\u00e1rios&quot;\" \/>\n<meta name=\"robots\" content=\"index, follow, max-snippet:-1, max-image-preview:large, max-video-preview:-1\" \/>\n<link rel=\"canonical\" href=\"https:\/\/www.suno.com.br\/noticias\/braskem-brkm5-condenado-prisao-eua\/\" \/>\n<meta property=\"og:locale\" content=\"pt_BR\" \/>\n<meta property=\"og:type\" content=\"article\" \/>\n<meta property=\"og:title\" content=\"Ex-presidente da Braskem (BRKM5) \u00e9 condenado \u00e0 pris\u00e3o nos EUA\" \/>\n<meta property=\"og:description\" content=\"Ex-CEO da Braskem (BRKM5) foi acusado de envolvimento em casos de &quot;suborno internacional&quot; e &quot;viola\u00e7\u00f5es a lei de valores mobili\u00e1rios&quot;\" \/>\n<meta property=\"og:url\" content=\"https:\/\/www.suno.com.br\/noticias\/braskem-brkm5-condenado-prisao-eua\/\" \/>\n<meta property=\"og:site_name\" content=\"Suno Not\u00edcias\" \/>\n<meta property=\"article:publisher\" content=\"https:\/\/facebook.com\/sunoresearch\" \/>\n<meta property=\"article:author\" content=\"https:\/\/www.facebook.com\/sunonoticias\/\" \/>\n<meta property=\"og:image\" content=\"https:\/\/files.sunoresearch.com.br\/n\/uploads\/2021\/04\/f01831c0-whatsapp-image-2021-04-15-at-19.53.57.jpg\" \/>\n\t<meta property=\"og:image:width\" content=\"1200\" \/>\n\t<meta property=\"og:image:height\" content=\"790\" \/>\n\t<meta property=\"og:image:type\" content=\"image\/jpeg\" \/>\n<meta name=\"author\" content=\"Reda\u00e7\u00e3o Suno Not\u00edcias\" \/>\n<meta name=\"twitter:card\" content=\"summary_large_image\" \/>\n<meta name=\"twitter:creator\" content=\"@https:\/\/twitter.com\/sunoresearch\" \/>\n<meta name=\"twitter:site\" content=\"@sunoresearch\" \/>\n<meta name=\"twitter:label1\" content=\"Escrito por\" \/>\n\t<meta name=\"twitter:data1\" content=\"Reda\u00e7\u00e3o Suno Not\u00edcias\" \/>\n\t<meta name=\"twitter:label2\" content=\"Est. tempo de leitura\" \/>\n\t<meta name=\"twitter:data2\" content=\"3 minutos\" \/>\n<script type=\"application\/ld+json\" class=\"yoast-schema-graph\">{\"@context\":\"https:\/\/schema.org\",\"@graph\":[{\"@type\":\"NewsArticle\",\"@id\":\"https:\/\/www.suno.com.br\/noticias\/braskem-brkm5-condenado-prisao-eua\/#article\",\"isPartOf\":{\"@id\":\"https:\/\/www.suno.com.br\/noticias\/braskem-brkm5-condenado-prisao-eua\/\"},\"author\":{\"name\":\"Reda\u00e7\u00e3o Suno Not\u00edcias\",\"@id\":\"https:\/\/www.suno.com.br\/noticias\/#\/schema\/person\/c1b1bd3727fa852bd045e9dbff3673ea\"},\"headline\":\"Ex-presidente da Braskem (BRKM5) \u00e9 condenado \u00e0 pris\u00e3o nos EUA e ter\u00e1 de pagar multa milion\u00e1ria\",\"datePublished\":\"2021-10-12T20:40:14+00:00\",\"mainEntityOfPage\":{\"@id\":\"https:\/\/www.suno.com.br\/noticias\/braskem-brkm5-condenado-prisao-eua\/\"},\"wordCount\":516,\"publisher\":{\"@id\":\"https:\/\/www.suno.com.br\/noticias\/#organization\"},\"image\":{\"@id\":\"https:\/\/www.suno.com.br\/noticias\/braskem-brkm5-condenado-prisao-eua\/#primaryimage\"},\"thumbnailUrl\":\"https:\/\/files.sunoresearch.com.br\/n\/uploads\/2021\/04\/f01831c0-whatsapp-image-2021-04-15-at-19.53.57-jpg.webp\",\"keywords\":[\"Braskem (BRKM3\/BRKM5\/BRKM6)\"],\"articleSection\":[\"Neg\u00f3cios\"],\"inLanguage\":\"pt-BR\"},{\"@type\":\"WebPage\",\"@id\":\"https:\/\/www.suno.com.br\/noticias\/braskem-brkm5-condenado-prisao-eua\/\",\"url\":\"https:\/\/www.suno.com.br\/noticias\/braskem-brkm5-condenado-prisao-eua\/\",\"name\":\"Ex-presidente da Braskem (BRKM5) \u00e9 condenado \u00e0 pris\u00e3o nos EUA\",\"isPartOf\":{\"@id\":\"https:\/\/www.suno.com.br\/noticias\/#website\"},\"primaryImageOfPage\":{\"@id\":\"https:\/\/www.suno.com.br\/noticias\/braskem-brkm5-condenado-prisao-eua\/#primaryimage\"},\"image\":{\"@id\":\"https:\/\/www.suno.com.br\/noticias\/braskem-brkm5-condenado-prisao-eua\/#primaryimage\"},\"thumbnailUrl\":\"https:\/\/files.sunoresearch.com.br\/n\/uploads\/2021\/04\/f01831c0-whatsapp-image-2021-04-15-at-19.53.57-jpg.webp\",\"datePublished\":\"2021-10-12T20:40:14+00:00\",\"description\":\"Ex-CEO da Braskem (BRKM5) foi acusado de envolvimento em casos de \\\"suborno internacional\\\" e \\\"viola\u00e7\u00f5es a lei de valores mobili\u00e1rios\\\"\",\"breadcrumb\":{\"@id\":\"https:\/\/www.suno.com.br\/noticias\/braskem-brkm5-condenado-prisao-eua\/#breadcrumb\"},\"inLanguage\":\"pt-BR\",\"potentialAction\":[{\"@type\":\"ReadAction\",\"target\":[\"https:\/\/www.suno.com.br\/noticias\/braskem-brkm5-condenado-prisao-eua\/\"]}]},{\"@type\":\"ImageObject\",\"inLanguage\":\"pt-BR\",\"@id\":\"https:\/\/www.suno.com.br\/noticias\/braskem-brkm5-condenado-prisao-eua\/#primaryimage\",\"url\":\"https:\/\/files.sunoresearch.com.br\/n\/uploads\/2021\/04\/f01831c0-whatsapp-image-2021-04-15-at-19.53.57-jpg.webp\",\"contentUrl\":\"https:\/\/files.sunoresearch.com.br\/n\/uploads\/2021\/04\/f01831c0-whatsapp-image-2021-04-15-at-19.53.57-jpg.webp\",\"width\":1200,\"height\":790,\"caption\":\"Braskem (BRKM5). Foto: Reprodu\u00e7\u00e3o Instagram\"},{\"@type\":\"BreadcrumbList\",\"@id\":\"https:\/\/www.suno.com.br\/noticias\/braskem-brkm5-condenado-prisao-eua\/#breadcrumb\",\"itemListElement\":[{\"@type\":\"ListItem\",\"position\":1,\"name\":\"Not\u00edcias\",\"item\":\"https:\/\/www.suno.com.br\/noticias\/\"},{\"@type\":\"ListItem\",\"position\":2,\"name\":\"Neg\u00f3cios\",\"item\":\"https:\/\/www.suno.com.br\/noticias\/negocios\/\"},{\"@type\":\"ListItem\",\"position\":3,\"name\":\"Ex-presidente da Braskem (BRKM5) \u00e9 condenado \u00e0 pris\u00e3o nos EUA e ter\u00e1 de pagar multa milion\u00e1ria\"}]},{\"@type\":\"WebSite\",\"@id\":\"https:\/\/www.suno.com.br\/noticias\/#website\",\"url\":\"https:\/\/www.suno.com.br\/noticias\/\",\"name\":\"Suno Not\u00edcias\",\"description\":\"Seu portal de informa\u00e7\u00e3o sobre o mundo dos investimentos\",\"publisher\":{\"@id\":\"https:\/\/www.suno.com.br\/noticias\/#organization\"},\"potentialAction\":[{\"@type\":\"SearchAction\",\"target\":{\"@type\":\"EntryPoint\",\"urlTemplate\":\"https:\/\/www.suno.com.br\/noticias\/?s={search_term_string}\"},\"query-input\":{\"@type\":\"PropertyValueSpecification\",\"valueRequired\":true,\"valueName\":\"search_term_string\"}}],\"inLanguage\":\"pt-BR\"},{\"@type\":\"Organization\",\"@id\":\"https:\/\/www.suno.com.br\/noticias\/#organization\",\"name\":\"Suno Not\u00edcias\",\"url\":\"https:\/\/www.suno.com.br\/noticias\/\",\"logo\":{\"@type\":\"ImageObject\",\"inLanguage\":\"pt-BR\",\"@id\":\"https:\/\/www.suno.com.br\/noticias\/#\/schema\/logo\/image\/\",\"url\":\"https:\/\/files.sunoresearch.com.br\/n\/uploads\/2021\/09\/suno-logo.png\",\"contentUrl\":\"https:\/\/files.sunoresearch.com.br\/n\/uploads\/2021\/09\/suno-logo.png\",\"width\":180,\"height\":180,\"caption\":\"Suno Not\u00edcias\"},\"image\":{\"@id\":\"https:\/\/www.suno.com.br\/noticias\/#\/schema\/logo\/image\/\"},\"sameAs\":[\"https:\/\/facebook.com\/sunoresearch\",\"https:\/\/x.com\/sunoresearch\",\"https:\/\/www.instagram.com\/suno\",\"https:\/\/www.linkedin.com\/company\/suno-research\/\",\"https:\/\/www.youtube.com\/c\/sunoresearch\"]},{\"@type\":\"Person\",\"@id\":\"https:\/\/www.suno.com.br\/noticias\/#\/schema\/person\/c1b1bd3727fa852bd045e9dbff3673ea\",\"name\":\"Reda\u00e7\u00e3o Suno Not\u00edcias\",\"image\":{\"@type\":\"ImageObject\",\"inLanguage\":\"pt-BR\",\"@id\":\"https:\/\/www.suno.com.br\/noticias\/#\/schema\/person\/image\/\",\"url\":\"https:\/\/secure.gravatar.com\/avatar\/b8104b9b5a71985d5238ee59fbe418af?s=96&r=g\",\"contentUrl\":\"https:\/\/secure.gravatar.com\/avatar\/b8104b9b5a71985d5238ee59fbe418af?s=96&r=g\",\"caption\":\"Reda\u00e7\u00e3o Suno Not\u00edcias\"},\"description\":\"O Suno Not\u00edcias \u00e9 um portal de informa\u00e7\u00f5es sobre Mercado Financeiro, Pol\u00edtica, Neg\u00f3cios, Economia e Finan\u00e7as Pessoais.\",\"sameAs\":[\"https:\/\/www.suno.com.br\/noticias\",\"https:\/\/www.facebook.com\/sunonoticias\/\",\"https:\/\/www.instagram.com\/sunonoticias\/\",\"https:\/\/x.com\/https:\/\/twitter.com\/sunoresearch\",\"https:\/\/www.youtube.com\/sunonoticias\"],\"url\":\"https:\/\/www.suno.com.br\/noticias\/author\/redacao-suno\/\"}]}<\/script>\n<!-- \/ Yoast SEO plugin. -->","yoast_head_json":{"title":"Ex-presidente da Braskem (BRKM5) \u00e9 condenado \u00e0 pris\u00e3o nos EUA","description":"Ex-CEO da Braskem (BRKM5) foi acusado de envolvimento em casos de \"suborno internacional\" e \"viola\u00e7\u00f5es a lei de valores mobili\u00e1rios\"","robots":{"index":"index","follow":"follow","max-snippet":"max-snippet:-1","max-image-preview":"max-image-preview:large","max-video-preview":"max-video-preview:-1"},"canonical":"https:\/\/www.suno.com.br\/noticias\/braskem-brkm5-condenado-prisao-eua\/","og_locale":"pt_BR","og_type":"article","og_title":"Ex-presidente da Braskem (BRKM5) \u00e9 condenado \u00e0 pris\u00e3o nos EUA","og_description":"Ex-CEO da Braskem (BRKM5) foi acusado de envolvimento em casos de \"suborno internacional\" e \"viola\u00e7\u00f5es a lei de valores mobili\u00e1rios\"","og_url":"https:\/\/www.suno.com.br\/noticias\/braskem-brkm5-condenado-prisao-eua\/","og_site_name":"Suno Not\u00edcias","article_publisher":"https:\/\/facebook.com\/sunoresearch","article_author":"https:\/\/www.facebook.com\/sunonoticias\/","og_image":[{"width":1200,"height":790,"url":"https:\/\/files.sunoresearch.com.br\/n\/uploads\/2021\/04\/f01831c0-whatsapp-image-2021-04-15-at-19.53.57.jpg","type":"image\/jpeg"}],"author":"Reda\u00e7\u00e3o Suno Not\u00edcias","twitter_card":"summary_large_image","twitter_creator":"@https:\/\/twitter.com\/sunoresearch","twitter_site":"@sunoresearch","twitter_misc":{"Escrito por":"Reda\u00e7\u00e3o Suno Not\u00edcias","Est. tempo de leitura":"3 minutos"},"schema":{"@context":"https:\/\/schema.org","@graph":[{"@type":"NewsArticle","@id":"https:\/\/www.suno.com.br\/noticias\/braskem-brkm5-condenado-prisao-eua\/#article","isPartOf":{"@id":"https:\/\/www.suno.com.br\/noticias\/braskem-brkm5-condenado-prisao-eua\/"},"author":{"name":"Reda\u00e7\u00e3o Suno Not\u00edcias","@id":"https:\/\/www.suno.com.br\/noticias\/#\/schema\/person\/c1b1bd3727fa852bd045e9dbff3673ea"},"headline":"Ex-presidente da Braskem (BRKM5) \u00e9 condenado \u00e0 pris\u00e3o nos EUA e ter\u00e1 de pagar multa milion\u00e1ria","datePublished":"2021-10-12T20:40:14+00:00","mainEntityOfPage":{"@id":"https:\/\/www.suno.com.br\/noticias\/braskem-brkm5-condenado-prisao-eua\/"},"wordCount":516,"publisher":{"@id":"https:\/\/www.suno.com.br\/noticias\/#organization"},"image":{"@id":"https:\/\/www.suno.com.br\/noticias\/braskem-brkm5-condenado-prisao-eua\/#primaryimage"},"thumbnailUrl":"https:\/\/files.sunoresearch.com.br\/n\/uploads\/2021\/04\/f01831c0-whatsapp-image-2021-04-15-at-19.53.57-jpg.webp","keywords":["Braskem (BRKM3\/BRKM5\/BRKM6)"],"articleSection":["Neg\u00f3cios"],"inLanguage":"pt-BR"},{"@type":"WebPage","@id":"https:\/\/www.suno.com.br\/noticias\/braskem-brkm5-condenado-prisao-eua\/","url":"https:\/\/www.suno.com.br\/noticias\/braskem-brkm5-condenado-prisao-eua\/","name":"Ex-presidente da Braskem (BRKM5) \u00e9 condenado \u00e0 pris\u00e3o nos EUA","isPartOf":{"@id":"https:\/\/www.suno.com.br\/noticias\/#website"},"primaryImageOfPage":{"@id":"https:\/\/www.suno.com.br\/noticias\/braskem-brkm5-condenado-prisao-eua\/#primaryimage"},"image":{"@id":"https:\/\/www.suno.com.br\/noticias\/braskem-brkm5-condenado-prisao-eua\/#primaryimage"},"thumbnailUrl":"https:\/\/files.sunoresearch.com.br\/n\/uploads\/2021\/04\/f01831c0-whatsapp-image-2021-04-15-at-19.53.57-jpg.webp","datePublished":"2021-10-12T20:40:14+00:00","description":"Ex-CEO da Braskem (BRKM5) foi acusado de envolvimento em casos de \"suborno internacional\" e \"viola\u00e7\u00f5es a lei de valores mobili\u00e1rios\"","breadcrumb":{"@id":"https:\/\/www.suno.com.br\/noticias\/braskem-brkm5-condenado-prisao-eua\/#breadcrumb"},"inLanguage":"pt-BR","potentialAction":[{"@type":"ReadAction","target":["https:\/\/www.suno.com.br\/noticias\/braskem-brkm5-condenado-prisao-eua\/"]}]},{"@type":"ImageObject","inLanguage":"pt-BR","@id":"https:\/\/www.suno.com.br\/noticias\/braskem-brkm5-condenado-prisao-eua\/#primaryimage","url":"https:\/\/files.sunoresearch.com.br\/n\/uploads\/2021\/04\/f01831c0-whatsapp-image-2021-04-15-at-19.53.57-jpg.webp","contentUrl":"https:\/\/files.sunoresearch.com.br\/n\/uploads\/2021\/04\/f01831c0-whatsapp-image-2021-04-15-at-19.53.57-jpg.webp","width":1200,"height":790,"caption":"Braskem (BRKM5). Foto: Reprodu\u00e7\u00e3o Instagram"},{"@type":"BreadcrumbList","@id":"https:\/\/www.suno.com.br\/noticias\/braskem-brkm5-condenado-prisao-eua\/#breadcrumb","itemListElement":[{"@type":"ListItem","position":1,"name":"Not\u00edcias","item":"https:\/\/www.suno.com.br\/noticias\/"},{"@type":"ListItem","position":2,"name":"Neg\u00f3cios","item":"https:\/\/www.suno.com.br\/noticias\/negocios\/"},{"@type":"ListItem","position":3,"name":"Ex-presidente da Braskem (BRKM5) \u00e9 condenado \u00e0 pris\u00e3o nos EUA e ter\u00e1 de pagar multa milion\u00e1ria"}]},{"@type":"WebSite","@id":"https:\/\/www.suno.com.br\/noticias\/#website","url":"https:\/\/www.suno.com.br\/noticias\/","name":"Suno Not\u00edcias","description":"Seu portal de informa\u00e7\u00e3o sobre o mundo dos investimentos","publisher":{"@id":"https:\/\/www.suno.com.br\/noticias\/#organization"},"potentialAction":[{"@type":"SearchAction","target":{"@type":"EntryPoint","urlTemplate":"https:\/\/www.suno.com.br\/noticias\/?s={search_term_string}"},"query-input":{"@type":"PropertyValueSpecification","valueRequired":true,"valueName":"search_term_string"}}],"inLanguage":"pt-BR"},{"@type":"Organization","@id":"https:\/\/www.suno.com.br\/noticias\/#organization","name":"Suno Not\u00edcias","url":"https:\/\/www.suno.com.br\/noticias\/","logo":{"@type":"ImageObject","inLanguage":"pt-BR","@id":"https:\/\/www.suno.com.br\/noticias\/#\/schema\/logo\/image\/","url":"https:\/\/files.sunoresearch.com.br\/n\/uploads\/2021\/09\/suno-logo.png","contentUrl":"https:\/\/files.sunoresearch.com.br\/n\/uploads\/2021\/09\/suno-logo.png","width":180,"height":180,"caption":"Suno Not\u00edcias"},"image":{"@id":"https:\/\/www.suno.com.br\/noticias\/#\/schema\/logo\/image\/"},"sameAs":["https:\/\/facebook.com\/sunoresearch","https:\/\/x.com\/sunoresearch","https:\/\/www.instagram.com\/suno","https:\/\/www.linkedin.com\/company\/suno-research\/","https:\/\/www.youtube.com\/c\/sunoresearch"]},{"@type":"Person","@id":"https:\/\/www.suno.com.br\/noticias\/#\/schema\/person\/c1b1bd3727fa852bd045e9dbff3673ea","name":"Reda\u00e7\u00e3o Suno Not\u00edcias","image":{"@type":"ImageObject","inLanguage":"pt-BR","@id":"https:\/\/www.suno.com.br\/noticias\/#\/schema\/person\/image\/","url":"https:\/\/secure.gravatar.com\/avatar\/b8104b9b5a71985d5238ee59fbe418af?s=96&r=g","contentUrl":"https:\/\/secure.gravatar.com\/avatar\/b8104b9b5a71985d5238ee59fbe418af?s=96&r=g","caption":"Reda\u00e7\u00e3o Suno Not\u00edcias"},"description":"O Suno Not\u00edcias \u00e9 um portal de informa\u00e7\u00f5es sobre Mercado Financeiro, Pol\u00edtica, Neg\u00f3cios, Economia e Finan\u00e7as Pessoais.","sameAs":["https:\/\/www.suno.com.br\/noticias","https:\/\/www.facebook.com\/sunonoticias\/","https:\/\/www.instagram.com\/sunonoticias\/","https:\/\/x.com\/https:\/\/twitter.com\/sunoresearch","https:\/\/www.youtube.com\/sunonoticias"],"url":"https:\/\/www.suno.com.br\/noticias\/author\/redacao-suno\/"}]}},"default_loop_html":"<div class=\"cardsPage__listCard__boxs\"><div class=\"cardsPage__listCard__boxs__img\"><a href=\"https:\/\/www.suno.com.br\/noticias\/braskem-brkm5-condenado-prisao-eua\/\"><img class=\"mask\" src=\"https:\/\/www.suno.com.br\/noticias\/wp-content\/themes\/suno\/resources\/images\/spotlight\/spotlight1img\/bg-mask.png\" alt=\"Image Mask\"\/><img src=\"https:\/\/files.sunoresearch.com.br\/n\/uploads\/2021\/04\/f01831c0-whatsapp-image-2021-04-15-at-19.53.57-400x200.webp\" alt=\"Ex-presidente da Braskem (BRKM5) \u00e9 condenado \u00e0 pris\u00e3o nos EUA e ter\u00e1 de pagar multa milion\u00e1ria\"\/><\/a><span class=\"spotlightCategory\"><a href=\"https:\/\/www.suno.com.br\/noticias\/negocios\/\">Neg\u00f3cios<\/a><\/span><\/div><div class=\"cardsPage__listCard__boxs__content\"><a href=\"https:\/\/www.suno.com.br\/noticias\/braskem-brkm5-condenado-prisao-eua\/\"><h2 class=\"content__title\">Ex-presidente da Braskem (BRKM5) \u00e9 condenado \u00e0 pris\u00e3o nos EUA e ter\u00e1 de pagar multa milion\u00e1ria<\/h2><\/a><div class=\"newsContent__article__meta\"><div class=\"newsContent__article__meta__authorBox\"><a href=\"https:\/\/www.suno.com.br\/noticias\/author\/redacao-suno\/\" class=\"authorBox__avatar noMobi\"><img src=\"https:\/\/files.sunoresearch.com.br\/n\/uploads\/2020\/08\/0ace682d-redacao-1-150x150.webp\" alt=\"Reda\u00e7\u00e3o Suno Not\u00edcias\"><\/a><div class=\"authorBox__name\"><span>por\n\t\t\t<a href=\"https:\/\/www.suno.com.br\/noticias\/author\/redacao-suno\/\"><span itemprop=\"author\">Reda\u00e7\u00e3o Suno Not\u00edcias<\/span><\/a><\/span><time datetime=\"2021-10-12T17:40:14-03:00\" itemprop=\"datePublished\">12\/10\/2021 17:40<\/time><\/div><\/div><\/div><\/div><\/div>","single_layout":"posts","amp_enabled":true,"_links":{"self":[{"href":"https:\/\/www.suno.com.br\/noticias\/wp-json\/wp\/v2\/posts\/193034"}],"collection":[{"href":"https:\/\/www.suno.com.br\/noticias\/wp-json\/wp\/v2\/posts"}],"about":[{"href":"https:\/\/www.suno.com.br\/noticias\/wp-json\/wp\/v2\/types\/post"}],"author":[{"embeddable":true,"href":"https:\/\/www.suno.com.br\/noticias\/wp-json\/wp\/v2\/users\/43"}],"replies":[{"embeddable":true,"href":"https:\/\/www.suno.com.br\/noticias\/wp-json\/wp\/v2\/comments?post=193034"}],"version-history":[{"count":2,"href":"https:\/\/www.suno.com.br\/noticias\/wp-json\/wp\/v2\/posts\/193034\/revisions"}],"predecessor-version":[{"id":193038,"href":"https:\/\/www.suno.com.br\/noticias\/wp-json\/wp\/v2\/posts\/193034\/revisions\/193038"}],"wp:featuredmedia":[{"embeddable":true,"href":"https:\/\/www.suno.com.br\/noticias\/wp-json\/wp\/v2\/media\/139978"}],"wp:attachment":[{"href":"https:\/\/www.suno.com.br\/noticias\/wp-json\/wp\/v2\/media?parent=193034"}],"wp:term":[{"taxonomy":"category","embeddable":true,"href":"https:\/\/www.suno.com.br\/noticias\/wp-json\/wp\/v2\/categories?post=193034"},{"taxonomy":"post_tag","embeddable":true,"href":"https:\/\/www.suno.com.br\/noticias\/wp-json\/wp\/v2\/tags?post=193034"},{"taxonomy":"suno_strategy","embeddable":true,"href":"https:\/\/www.suno.com.br\/noticias\/wp-json\/wp\/v2\/suno_strategy?post=193034"}],"curies":[{"name":"wp","href":"https:\/\/api.w.org\/{rel}","templated":true}]}}