{"id":193006,"date":"2021-10-12T15:14:54","date_gmt":"2021-10-12T18:14:54","guid":{"rendered":"https:\/\/www.suno.com.br\/noticias\/?p=193006"},"modified":"2021-10-12T23:30:07","modified_gmt":"2021-10-13T02:30:07","slug":"guedes-inflacao-precos-cnn-entrevista","status":"publish","type":"post","link":"https:\/\/www.suno.com.br\/noticias\/guedes-inflacao-precos-cnn-entrevista\/","title":{"rendered":"Guedes fala nos EUA sobre a alta de pre\u00e7os no Brasil: &#8220;Infla\u00e7\u00e3o \u00e9 global&#8221;"},"content":{"rendered":"<p>O ministro da Economia, <strong><a class=\"suno-keyword\" href=\"https:\/\/www.suno.com.br\/tudo-sobre\/paulo-guedes\/\" target=\"_blank\" rel=\"noopener\" data-force=\"no\" data-priority=\"2\">Paulo Guedes<\/a><\/strong>, est\u00e1 em Washington (EUA), onde concedeu entrevista \u00e0 <i>CNN International<\/i> na manh\u00e3 nesta ter\u00e7a (12). O ministro comentou como o governo enfrenta a crise um ano e meio ap\u00f3s o in\u00edcio da pandemia, em meio ao avan\u00e7o da vacina\u00e7\u00e3o e a flexibiliza\u00e7\u00e3o das medidas de distanciamento social: &#8220;Estamos reduzindo a ajuda muito lentamente, \u00e0 medida que a popula\u00e7\u00e3o retorna ao trabalho de forma segura.&#8221; Guedes comentou sobre a escalada da infla\u00e7\u00e3o: declarou que a alta dos pre\u00e7os \u00e9 algo generalizado em todo o mundo e que, no Brasil, a eleva\u00e7\u00e3o dos valores de alimentos e energia responde por metade das taxas do Pa\u00eds.<\/p>\t<div class=\"wrapper-featured-image\">\n\t\t<figure class=\"spotlightImg\">\n\n\t\t\t<picture>\n\t\t\t\t<source media=\"(max-width: 768px)\" srcset=\"https:\/\/files.sunoresearch.com.br\/n\/uploads\/2021\/09\/paulo-guedes_mcamgo_abr_220720211818-5-400x200.jpg\">\n\t\t\t\t<img loading=\"lazy\" decoding=\"async\" class=\"newsContent__article__imgCapa lazyloadDisabled \" src=\"https:\/\/files.sunoresearch.com.br\/n\/uploads\/2021\/09\/paulo-guedes_mcamgo_abr_220720211818-5-800x450.jpg\" width=\"800\" height=\"450\" alt=\"Guedes fala nos EUA sobre a alta de pre\u00e7os no Brasil: &#8220;Infla\u00e7\u00e3o \u00e9 global&#8221;\" fetchpriority=high \/>\n\t\t\t<\/picture>\n\n\t\t\t<figcaption class=\"wp-caption-text wp-caption-text--show\"> Foto: Marcelo Camargo \/Ag\u00eancia Brasil <\/figcaption>\n\t\t<\/figure>\n\t<\/div>\n\n\n\t<p>\n\t\t<a href=\"https:\/\/lp.suno.com.br\/planilha-controle-gastos\/\" target=\"_blank\" data-element=\"shortcode-suno-banner\" title=\"Banner SUNO, clique e saiba mais\">\n\t\t\t<picture>\n\t\t\t\t<source media=\"(max-width: 500px)\" srcset=\"https:\/\/files.sunoresearch.com.br\/n\/uploads\/2023\/03\/400x300-Planilha-controle-de-gastos.png\">\n\t\t\t\t<img class=\"newsContent__article__imgCapa newsContent__article__imgCapa--banner\"\n\t\t\t\t\tsrc=\"https:\/\/files.sunoresearch.com.br\/n\/uploads\/2023\/03\/1420x240-Planilha-controle-de-gastos.png\"\n\t\t\t\t\tdata-promo-id=\"101751\"\t\t\t\t\t\t\t\t\t\twidth='1420' height='240'\t\t\t\t\talt=\"https:\/\/files.sunoresearch.com.br\/n\/uploads\/2023\/03\/1420x240-Planilha-controle-de-gastos.png\"\n\t\t\t\t>\n\t\t\t<\/picture>\n\t\t<\/a>\n\t<\/p>\n\n\n<p>Segundo o ministro, o governo federal est\u00e1 retirando &#8220;muito lentamente as camadas de prote\u00e7\u00e3o&#8221; adotadas durante a crise do coronav\u00edrus. &#8220;A infla\u00e7\u00e3o est\u00e1 em todo o mundo. Metade da infla\u00e7\u00e3o (no Brasil) \u00e9 exatamente comida e energia&#8221;, disse Guedes durante entrevista \u00e0 <i>CNN Internacional<\/i> nos Estados Unido<\/p>\n<p>\u00c0 tarde Guedes deve conceder entrevista para a <i>Bloomberg<\/i> e ir\u00e1 a um evento fechado \u00e0 imprensa, do Conselho Empresarial Brasil-Estados Unidos. Ele tamb\u00e9m vai participar de encontros organizados pelo Fundo Monet\u00e1rio Internacional (FMI) e o grupo das 20 maiores economias do mundo (G-20), do qual o Brasil faz parte. Ao falar \u00e0 <i>CNN<\/i>,<\/p>\n<p>Guedes refor\u00e7ou que o quadro de infla\u00e7\u00e3o presente no Brasil espelha o cen\u00e1rio global, e destacou que &#8220;metade&#8221; do aumento nos n\u00edveis de pre\u00e7os se d\u00e1 pelos setores de energia e alimenta\u00e7\u00e3o. &#8220;\u00c9 por isso que a prote\u00e7\u00e3o ainda est\u00e1 l\u00e1, vamos mant\u00ea-la e aumentar as transfer\u00eancias diretas de renda&#8221; \u00e0 popula\u00e7\u00e3o, afirmou.<\/p>\n<p>O ministro da Economia havia dito na \u00faltima sexta-feira que a quest\u00e3o da infla\u00e7\u00e3o j\u00e1 est\u00e1 &#8220;endere\u00e7ada&#8221;. Naquela mesma sexta, o Instituto Brasileiro de Geografia e Estat\u00edstica (IBGE) divulgou que o \u00cdndice Nacional de Pre\u00e7os ao Consumidor Amplo (IPCA) acumulado em 12 meses atingiu 10,25%.<\/p>\n\t<p>\n\t\t<a href=\"\" target=\"_blank\" data-element=\"shortcode-suno-banner\" title=\"Banner SUNO, clique e saiba mais\">\n\t\t\t<picture>\n\t\t\t\t<source media=\"(max-width: 500px)\" srcset=\"\">\n\t\t\t\t<img class=\"newsContent__article__imgCapa newsContent__article__imgCapa--banner\"\n\t\t\t\t\tsrc=\"\"\n\t\t\t\t\tdata-promo-id=\"89005\"\t\t\t\t\t\t\t\t\t\t\t\t\t\t\talt=\"\"\n\t\t\t\t>\n\t\t\t<\/picture>\n\t\t<\/a>\n\t<\/p>\n\n\n<h2>&#8220;Vamos manter essa prote\u00e7\u00e3o social&#8221;<\/h2>\n<p>De acordo com o ministro, \u00e9 por causa dessa resili\u00eancia dos pre\u00e7os em segmentos fundamentais para a popula\u00e7\u00e3o que o governo decidiu manter benef\u00edcios concedidos durante a pandemia de coronav\u00edrus. &#8220;Por isso, nossa prote\u00e7\u00e3o (social) ainda est\u00e1 l\u00e1. Vamos manter essa prote\u00e7\u00e3o. Vamos aumentar a transfer\u00eancia direta de renda para popula\u00e7\u00e3o pobre para cobrir os pre\u00e7os dos alimentos e da energia&#8221;, afirmou.<\/p>\n<p>O FMI previu que a infla\u00e7\u00e3o deve seguir em alta no globo at\u00e9 o fim de 2021, mas deve arrefecer no ano que vem e retornar a n\u00edveis pr\u00e9-pandemia. O Banco Central do Brasil tamb\u00e9m iniciou sua escalada de alta dos juros de forma antecipada em rela\u00e7\u00e3o ao restante do mundo para tentar interromper a eleva\u00e7\u00e3o dos pre\u00e7os. A autoridade monet\u00e1ria acreditava que a infla\u00e7\u00e3o seria passageira, mas, ultimamente, o presidente do BC, Roberto Campos Neto, admitiu que as eleva\u00e7\u00f5es foram mais persistentes do que o imaginado inicialmente.<\/p>\n<p>Em setembro, o IPCA, que \u00e9 o \u00edndice de pre\u00e7os oficial do Pa\u00eds, voltou a surpreender ao mostrar um aumento de 1,16%. Com esse dado, o acumulado de 12 meses superou os dois d\u00edgitos e est\u00e1 em 10,25%. Com isso, o \u00edndice est\u00e1 muito acima da meta perseguida pelo BC, de 3,75% este ano, e tamb\u00e9m \u00e9 superior ao intervalo de toler\u00e2ncia que a autoridade monet\u00e1ria pode usar para acomodar choques inesperados, de 5,25%. Mesmo com essa margem, o BC n\u00e3o deve cumprir seu objetivo e Campos Neto ter\u00e1 que dar explica\u00e7\u00f5es sobre o fracasso ao ministro da Economia.<\/p>\n\t<p>\n\t\t<a href=\"\" target=\"_blank\" data-element=\"shortcode-suno-banner\" title=\"Banner SUNO, clique e saiba mais\">\n\t\t\t<picture>\n\t\t\t\t<source media=\"(max-width: 500px)\" srcset=\"\">\n\t\t\t\t<img class=\"newsContent__article__imgCapa newsContent__article__imgCapa--banner\"\n\t\t\t\t\tsrc=\"\"\n\t\t\t\t\tdata-promo-id=\"77053\"\t\t\t\t\t\t\t\t\t\t\t\t\t\t\talt=\"\"\n\t\t\t\t>\n\t\t\t<\/picture>\n\t\t<\/a>\n\t<\/p>\n\n\n<h2>\u00a0&#8220;Pa\u00eds gastou &#8220;mais que o dobro do que a m\u00e9dia dos pa\u00edses emergentes&#8221;<\/h2>\n<p>Sobre a ajuda \u00e0 popula\u00e7\u00e3o mais carente citada por Guedes, o governo pretende elevar o benef\u00edcio m\u00e9dio do Aux\u00edlio Brasil a cerca de R$ 300,00 por m\u00eas. H\u00e1 a expectativa de que o programa social, que \u00e9 o substituto do Bolsa Fam\u00edlia, atualmente de R$ 190,00, deve ser lan\u00e7ado no pr\u00f3ximo m\u00eas.<\/p>\n<p>Na entrevista, o ministro tamb\u00e9m falou sobre o pacote de crescimento verde, que deve ser lan\u00e7ado durante a COP-26, em Glasgow (Esc\u00f3cia), no m\u00eas que vem. Ele mant\u00e9m a proje\u00e7\u00e3o ambiciosa de ferramentas no valor de US$ 2,5 bilh\u00f5es e lembrou, mais uma vez, que j\u00e1 h\u00e1 cerca de US$ 100 bilh\u00f5es contratados em infraestrutura.<\/p>\n<p>Ao ser confrontado sobre as cerca de 600 mil mortes causadas pela pandemia no Pa\u00eds, Guedes afirmou que o Pa\u00eds gastou &#8220;mais que o dobro do que a m\u00e9dia dos pa\u00edses emergentes e 10% mais do que os pa\u00edses ricos&#8221; para salvar vidas. &#8220;N\u00e3o aceito sua narrativa. N\u00f3s gastamos mais dinheiro salvando vidas do que voc\u00eas&#8221;, disse Guedes \u00e0 jornalista da <i>CNN<\/i>.<\/p>\n<p>Ainda sobre o tema, ele atribuiu a queda de 4,1% do Produto Interno Bruto (PIB) no ano passado ao distanciamento social, e disse que a medida tamb\u00e9m teve consequ\u00eancias negativas para o desemprego do Pa\u00eds. &#8220;Nossa escolha foi manter vidas em primeiro lugar. Por isso, gastamos 110% do PIB em transfer\u00eancia de renda para pessoas pobres, para que elas praticassem o distanciamento social.&#8221;<\/p>\n<h2>Guedes dir\u00e1 no FMI que infla\u00e7\u00e3o assola o mundo e citar\u00e1 preocupa\u00e7\u00e3o com vacina<\/h2>\n<p>Uma das pedras no sapato da economia atualmente, a infla\u00e7\u00e3o ser\u00e1 um dos principais temas que o ministro da Economia, Paulo Guedes, abordar\u00e1 depois de amanh\u00e3 durante o 44\u00ba encontro do Comit\u00ea Monet\u00e1rio e Financeiro Internacional do Fundo Monet\u00e1rio Internacional (FMI). Ele dir\u00e1 que as novas restri\u00e7\u00f5es relacionadas \u00e0 pandemia combinadas com uma forte recupera\u00e7\u00e3o na demanda levaram a gargalos de abastecimento global, reduzindo o ritmo de recupera\u00e7\u00e3o (principalmente para emergentes) e aumentando a press\u00e3o sobre a infla\u00e7\u00e3o.<\/p>\n<p>Esta \u00e9 uma das partes do discurso de Guedes, que se tornou p\u00fablico nesta ter\u00e7a. Al\u00e9m do Brasil, ele falar\u00e1 em nome de Cabo Verde, Rep\u00fablica Dominicana, Equador, Guiana, Haiti, Nicar\u00e1gua, Panam\u00e1, Suriname, Rep\u00fablica Democr\u00e1tica de Timor-Leste e Trinidad e Tobago.<\/p>\n<p>Segundo o discurso preparado pelo ministro, o progresso cont\u00ednuo na vacina\u00e7\u00e3o \u00e9 o fator mais importante por tr\u00e1s de uma forte e duradoura recupera\u00e7\u00e3o econ\u00f4mica. &#8220;O apoio \u00e0 pol\u00edtica continua cr\u00edtico, mas o foco deve mudar gradualmente em dire\u00e7\u00e3o \u00e0 sustentabilidade fiscal&#8221;, considerar\u00e1, acrescentando que a economia global continua a se recuperar, apesar das preocupa\u00e7\u00f5es com o ressurgimento da pandemia.<\/p>\n<p>Do lado positivo, de acordo com Guedes, os pa\u00edses exportadores de commodities inicialmente se beneficiaram da melhoria dos termos de troca, situa\u00e7\u00e3o que, segundo ele, se inverteu parcialmente. &#8220;A lacuna de vacina\u00e7\u00e3o entre economias avan\u00e7adas e emergentes est\u00e1 se fechando potencialmente e reduzindo cicatrizes nos emergentes&#8221;, apontar\u00e1.<\/p>\n<p>O ministro comentar\u00e1 que, enquanto se veem revis\u00f5es de alta no crescimento potencial para alguns pa\u00edses avan\u00e7ados, o grupo que representa chama a aten\u00e7\u00e3o para o impacto din\u00e2mico das reformas estruturais em muitos emergentes, onde o foco est\u00e1 mudando da assist\u00eancia de emerg\u00eancia para apoio direcionado e escopo fiscal de m\u00e9dio prazo. &#8220;Dito isso, os pa\u00edses de baixa renda (PBR) ainda enfrentam uma implementa\u00e7\u00e3o consider\u00e1vel de desafios de vacina\u00e7\u00e3o, incluindo acesso limitado a vacinas, e devem receber total apoio da comunidade internacional para melhorar suas perspectivas econ\u00f4micas e de sa\u00fade, em \u00faltima inst\u00e2ncia impactando a resili\u00eancia global \u00e0 pandemia&#8221;.<\/p>\n<h2>&#8220;Gastos mais bem direcionados e maior arrecada\u00e7\u00e3o de receitas&#8221;<\/h2>\n<p>Um dos trechos da fala de Guedes salientar\u00e1 que o desempenho do mercado de trabalho deve melhorar. &#8220;Maior cobertura de vacina\u00e7\u00e3o e melhor apoio \u00e0 renda direcionada aumentar\u00e1 a participa\u00e7\u00e3o no mercado de trabalho e abrir\u00e1 oportunidades de emprego no setor de servi\u00e7os. \u00c0 medida que a mobilidade aumenta, os mercados de trabalho informais em emergentes e PBR provavelmente v\u00e3o se recuperar a um ritmo forte, levando a uma redu\u00e7\u00e3o do desemprego&#8221;, dir\u00e1.<\/p>\n<p>Consequentemente, conforme o ministro, com o trabalho melhorando o mercado de forma mais consistente, os governos devem buscar reformas estruturais para fechar a lacuna entre os segmentos informais e formais, aumentar as receitas fiscais e a cobertura de esquemas de prote\u00e7\u00e3o social. &#8220;Na verdade, gastos mais bem direcionados e maior arrecada\u00e7\u00e3o de receitas melhoram os fundamentos econ\u00f4micos e fortalecem os amortecedores, que ser\u00e3o cr\u00edticos, uma vez que a economia muda para condi\u00e7\u00f5es financeiras mais apertadas&#8221;, argumentar\u00e1.<\/p>\n<h2><b>Mais infla\u00e7\u00e3o: &#8220;Press\u00f5es t\u00eam persistido em muitos pa\u00edses&#8221;<\/b><\/h2>\n<p>Voltando ao assunto da infla\u00e7\u00e3o, Guedes dir\u00e1 que as press\u00f5es t\u00eam persistido em muitos pa\u00edses, em um contexto de uma recupera\u00e7\u00e3o ainda fr\u00e1gil. &#8220;A infla\u00e7\u00e3o dos pre\u00e7os de bens e alimentos tem sido significativa e engloba itens essenciais da cesta de consumo. O aumento acentuado dos pre\u00e7os de energia est\u00e1 ampliando as press\u00f5es inflacion\u00e1rias&#8221;, enfatizar\u00e1.<\/p>\n<p>A resposta defasada da participa\u00e7\u00e3o no mercado de trabalho, segundo o ministro, tamb\u00e9m poder\u00e1 aumentar as press\u00f5es sobre a infla\u00e7\u00e3o do setor de servi\u00e7os no futuro. Ele lembrar\u00e1 que v\u00e1rios bancos centrais nos pa\u00edses emergentes est\u00e3o apertando a pol\u00edtica monet\u00e1ria, conforme necess\u00e1rio, para ancorar as expectativas de infla\u00e7\u00e3o e garantir que o crescimento potencial n\u00e3o seja afetado por din\u00e2micas inflacion\u00e1rias adversas. J\u00e1 os bancos centrais nas principais economias t\u00eam destacado, at\u00e9 o momento, de acordo com Guedes, o car\u00e1ter tempor\u00e1rio da acelera\u00e7\u00e3o da infla\u00e7\u00e3o e sinalizando a inten\u00e7\u00e3o de reduzir os programas de compra de ativos em grande escala mais cedo do que o esperado.<\/p>\n<p>O ministro ressaltar\u00e1 que as autoridades monet\u00e1rias dos pa\u00edses avan\u00e7ados devem afinar a remo\u00e7\u00e3o do suporte quantitativo de forma cuidadosa, calibrada e comunicada para evitar &#8220;din\u00e2micas de mercado perturbadoras&#8221; e repercuss\u00f5es. No entanto, alertar\u00e1 Guedes, os formuladores de pol\u00edticas devem permanecer atentos a potenciais movimentos desordenados \u00e0 medida que a economia mundial faz a transi\u00e7\u00e3o de um per\u00edodo prolongado de condi\u00e7\u00f5es financeiras extremamente frouxas.<\/p>\n<h2><b>Guedes sobre o &#8216;Pandora Papers&#8217;<\/b><\/h2>\n<p>Sobre a investiga\u00e7\u00e3o &#8220;Pandora Papers&#8221;, que apontou Guedes (e tamb\u00e9m Campos Neto) como propriet\u00e1rio de uma empresa num para\u00edso fiscal (offshore), o Guedes disse que &#8220;n\u00e3o fez nada de errado&#8221;. Ele voltou a dizer que sua offshore \u00e9 &#8220;legal, reportada ao Comit\u00ea de \u00c9tica da Presid\u00eancia, declarada na Receita Federal e registrada no Banco Central&#8221;. &#8220;Eu sa\u00ed do comando da empresa semanas antes de assumir o minist\u00e9rio. E al\u00e9m disso, na semana passada, a Suprema Corte brasileira arquivou o caso&#8221;, afirmou.<\/p>\n<p>Os advogados de Paulo Guedes devem apresentar um parecer sobre a quest\u00e3o \u00e0s autoridades, explicando que o ministro teria se afastado da gest\u00e3o\u00a0<a href=\"https:\/\/www.suno.com.br\/artigos\/offshore\">da\u00a0<strong><em>offshore<\/em><\/strong><em>\u00a0<\/em>(chamada Dreadnoughts)<\/a>\u00a0no fim de 2018 \u2013 em dezembro, um m\u00eas antes de assumir como ministro.<\/p>\n<p>Em nota oficial, a defesa do\u00a0<strong>ministro<\/strong>\u00a0negou que Guedes tenha atuado de forma a misturar interesses p\u00fablicos com privados.<img decoding=\"async\" class=\" lazyloaded\" src=\"https:\/\/agenciabrasil.ebc.com.br\/ebc.png?id=1423666&amp;o=rss\" data-src=\"https:\/\/agenciabrasil.ebc.com.br\/ebc.png?id=1423666&amp;o=rss\" \/><img decoding=\"async\" class=\" lazyloaded\" src=\"https:\/\/agenciabrasil.ebc.com.br\/ebc.gif?id=1423666&amp;o=rss\" data-src=\"https:\/\/agenciabrasil.ebc.com.br\/ebc.gif?id=1423666&amp;o=rss\" \/><\/p>\n<p>Assinada pelos advogados Ticiano Figueiredo e Pedro Ivo Velloso e enviada pela assessoria de imprensa do\u00a0<strong><a class=\"suno-keyword\" href=\"https:\/\/www.suno.com.br\/artigos\/ministerio-da-economia\/\" target=\"_blank\" rel=\"noopener\" data-force=\"no\" data-priority=\"3\">Minist\u00e9rio da Economia<\/a><\/strong>, a nota informou que os documentos a serem enviados aos dois \u00f3rg\u00e3os mostram n\u00e3o ter havido nenhuma remessa ou retirada de valores para a companhia, que funciona nas Ilhas Virgens Brit\u00e2nicas, desde que Guedes tomou posse como ministro da Economia.<\/p>\n<p>A defesa negou que ele tenha se beneficiado de forma privada de qualquer decis\u00e3o relativa \u00e0\u00a0<a class=\"suno-keyword\" href=\"https:\/\/www.suno.com.br\/artigos\/politica-economica\/\" target=\"_blank\" rel=\"noopener\" data-force=\"no\" data-priority=\"1\">pol\u00edtica econ\u00f4mica<\/a>\u00a0brasileira.<\/p>\n<p>Segundo o comunicado, toda a documenta\u00e7\u00e3o e informa\u00e7\u00e3o pessoal do ministro foi enviada \u00e0 Comiss\u00e3o de \u00c9tica P\u00fablica e aos demais \u00f3rg\u00e3os competentes, no in\u00edcio do mandato. A nota classificou de \u201cila\u00e7\u00f5es e mentiras\u201d as acusa\u00e7\u00f5es de que o ministro tenha usado o cargo para aumentar a fortuna pessoal.<\/p>\n<p><a href=\"https:\/\/lp.suno.com.br\/telegram-noticias\/\" target=\"_blank\" rel=\"noopener\" data-element=\"shortcode-suno-banner\" data-parameter=\"banner-mat-2-https:\/\/lp.suno.com.br\/telegram-noticias\/\"><picture><source srcset=\"https:\/\/files.sunoresearch.com.br\/n\/uploads\/2021\/08\/9241a157-banner-mobile-43-1-400x300.jpg\" media=\"(max-width: 500px)\" data-srcset=\"https:\/\/files.sunoresearch.com.br\/n\/uploads\/2021\/08\/9241a157-banner-mobile-43-1-400x300.jpg\" \/><\/picture><\/a>O texto acrescenta que Guedes juntar\u00e1 todos os documentos necess\u00e1rios para demonstrar que n\u00e3o violou o C\u00f3digo de Conduta da Alta\u00a0<strong>Administra\u00e7\u00e3o Federal<\/strong>\u00a0nem a Lei de Conflitos de Interesses.<\/p>\n<p>Na ter\u00e7a (5), a Comiss\u00e3o de Trabalho, Administra\u00e7\u00e3o e Servi\u00e7o P\u00fablico da C\u00e2mara dos Deputados aprovou convoca\u00e7\u00e3o para que Guedes detalhe a participa\u00e7\u00e3o na offshore.<\/p>\n<p>A Comiss\u00e3o de Assuntos Econ\u00f4micos do Senado aprovou o convite para que\u00a0<strong>Guedes<\/strong>\u00a0e o presidente do\u00a0<strong>Banco Central<\/strong>, que manteve uma offshore no Panam\u00e1 at\u00e9 outubro de 2020, apresentem explica\u00e7\u00f5es.Na segunda (4), a\u00a0<strong>PGR<\/strong> abriu uma investiga\u00e7\u00e3o preliminar sobre o caso.<\/p>\n<p><em>Com informa\u00e7\u00f5es do Estad\u00e3o Conte\u00fado<\/em><\/p>\n\t<p>\n\t\t<a href=\"https:\/\/lp.suno.com.br\/planilha-de-controle-de-investimentos\/\" target=\"_blank\" data-element=\"shortcode-suno-banner\" title=\"Banner SUNO, clique e saiba mais\">\n\t\t\t<picture>\n\t\t\t\t<source media=\"(max-width: 500px)\" srcset=\"https:\/\/files.sunoresearch.com.br\/n\/uploads\/2023\/03\/400x300-Controle-de-Investimentos.png\">\n\t\t\t\t<img class=\"newsContent__article__imgCapa newsContent__article__imgCapa--banner\"\n\t\t\t\t\tsrc=\"https:\/\/files.sunoresearch.com.br\/n\/uploads\/2023\/03\/1420x240-Controle-de-Investimentos.png\"\n\t\t\t\t\tdata-promo-id=\"75934\"\t\t\t\t\t\t\t\t\t\twidth='1420' height='240'\t\t\t\t\talt=\"https:\/\/files.sunoresearch.com.br\/n\/uploads\/2023\/03\/1420x240-Controle-de-Investimentos.png\"\n\t\t\t\t>\n\t\t\t<\/picture>\n\t\t<\/a>\n\t<\/p>\n\n\n","protected":false},"excerpt":{"rendered":"<p>O ministro da Economia, Paulo Guedes, est\u00e1 em Washington (EUA), onde concedeu entrevista \u00e0 CNN International na manh\u00e3 nesta ter\u00e7a (12). O ministro comentou como o governo enfrenta a crise um ano e meio ap\u00f3s o in\u00edcio da pandemia, em meio ao avan\u00e7o da vacina\u00e7\u00e3o e a flexibiliza\u00e7\u00e3o das medidas de distanciamento social: &#8220;Estamos reduzindo [&hellip;]<\/p>\n","protected":false},"author":43,"featured_media":184305,"comment_status":"closed","ping_status":"closed","sticky":false,"template":"","format":"standard","meta":[],"categories":[62],"tags":[1842,966,796],"suno_strategy":[],"class_list":["post-193006","post","type-post","status-publish","format-standard","has-post-thumbnail","hentry","category-economia","tag-banco-central-bc","tag-ipca","tag-paulo-guedes"],"yoast_head":"<!-- This site is optimized with the Yoast SEO plugin v24.4 - https:\/\/yoast.com\/wordpress\/plugins\/seo\/ -->\n<title>Guedes \u00e0 CNN sobre a alta de pre\u00e7os no Brasil: &quot;Infla\u00e7\u00e3o \u00e9 global&quot;<\/title>\n<meta name=\"description\" content=\"O ministro da Economia, Paulo Guedes, est\u00e1 em Washington (EUA), onde concedeu entrevista \u00e0 CNN International na manh\u00e3 nesta ter\u00e7a (12).\" \/>\n<meta name=\"robots\" content=\"index, follow, max-snippet:-1, max-image-preview:large, max-video-preview:-1\" \/>\n<link rel=\"canonical\" href=\"https:\/\/www.suno.com.br\/noticias\/guedes-inflacao-precos-cnn-entrevista\/\" \/>\n<meta property=\"og:locale\" content=\"pt_BR\" \/>\n<meta property=\"og:type\" content=\"article\" \/>\n<meta property=\"og:title\" content=\"Guedes \u00e0 CNN sobre a alta de pre\u00e7os no Brasil: &quot;Infla\u00e7\u00e3o \u00e9 global&quot;\" \/>\n<meta property=\"og:description\" content=\"O ministro da Economia, Paulo Guedes, est\u00e1 em Washington (EUA), onde concedeu entrevista \u00e0 CNN International na manh\u00e3 nesta ter\u00e7a (12).\" \/>\n<meta property=\"og:url\" content=\"https:\/\/www.suno.com.br\/noticias\/guedes-inflacao-precos-cnn-entrevista\/\" \/>\n<meta property=\"og:site_name\" content=\"Suno Not\u00edcias\" \/>\n<meta property=\"article:publisher\" content=\"https:\/\/facebook.com\/sunoresearch\" \/>\n<meta property=\"article:author\" content=\"https:\/\/www.facebook.com\/sunonoticias\/\" \/>\n<meta property=\"og:image\" content=\"https:\/\/files.sunoresearch.com.br\/n\/uploads\/2021\/09\/paulo-guedes_mcamgo_abr_220720211818-5-scaled.jpg\" \/>\n\t<meta property=\"og:image:width\" content=\"2560\" \/>\n\t<meta property=\"og:image:height\" content=\"1707\" \/>\n\t<meta property=\"og:image:type\" content=\"image\/jpeg\" \/>\n<meta name=\"author\" content=\"Reda\u00e7\u00e3o Suno Not\u00edcias\" \/>\n<meta name=\"twitter:card\" content=\"summary_large_image\" \/>\n<meta name=\"twitter:creator\" content=\"@https:\/\/twitter.com\/sunoresearch\" \/>\n<meta name=\"twitter:site\" content=\"@sunoresearch\" \/>\n<meta name=\"twitter:label1\" content=\"Escrito por\" \/>\n\t<meta name=\"twitter:data1\" content=\"Reda\u00e7\u00e3o Suno Not\u00edcias\" \/>\n\t<meta name=\"twitter:label2\" content=\"Est. tempo de leitura\" \/>\n\t<meta name=\"twitter:data2\" content=\"9 minutos\" \/>\n<script type=\"application\/ld+json\" class=\"yoast-schema-graph\">{\"@context\":\"https:\/\/schema.org\",\"@graph\":[{\"@type\":\"NewsArticle\",\"@id\":\"https:\/\/www.suno.com.br\/noticias\/guedes-inflacao-precos-cnn-entrevista\/#article\",\"isPartOf\":{\"@id\":\"https:\/\/www.suno.com.br\/noticias\/guedes-inflacao-precos-cnn-entrevista\/\"},\"author\":{\"name\":\"Reda\u00e7\u00e3o Suno Not\u00edcias\",\"@id\":\"https:\/\/www.suno.com.br\/noticias\/#\/schema\/person\/c1b1bd3727fa852bd045e9dbff3673ea\"},\"headline\":\"Guedes fala nos EUA sobre a alta de pre\u00e7os no Brasil: &#8220;Infla\u00e7\u00e3o \u00e9 global&#8221;\",\"datePublished\":\"2021-10-12T18:14:54+00:00\",\"dateModified\":\"2021-10-13T02:30:07+00:00\",\"mainEntityOfPage\":{\"@id\":\"https:\/\/www.suno.com.br\/noticias\/guedes-inflacao-precos-cnn-entrevista\/\"},\"wordCount\":2131,\"publisher\":{\"@id\":\"https:\/\/www.suno.com.br\/noticias\/#organization\"},\"image\":{\"@id\":\"https:\/\/www.suno.com.br\/noticias\/guedes-inflacao-precos-cnn-entrevista\/#primaryimage\"},\"thumbnailUrl\":\"https:\/\/files.sunoresearch.com.br\/n\/uploads\/2021\/09\/paulo-guedes_mcamgo_abr_220720211818-5-scaled.jpg\",\"keywords\":[\"Banco Central (BC)\",\"IPCA\",\"Paulo Guedes\"],\"articleSection\":[\"Economia\"],\"inLanguage\":\"pt-BR\"},{\"@type\":\"WebPage\",\"@id\":\"https:\/\/www.suno.com.br\/noticias\/guedes-inflacao-precos-cnn-entrevista\/\",\"url\":\"https:\/\/www.suno.com.br\/noticias\/guedes-inflacao-precos-cnn-entrevista\/\",\"name\":\"Guedes \u00e0 CNN sobre a alta de pre\u00e7os no Brasil: \\\"Infla\u00e7\u00e3o \u00e9 global\\\"\",\"isPartOf\":{\"@id\":\"https:\/\/www.suno.com.br\/noticias\/#website\"},\"primaryImageOfPage\":{\"@id\":\"https:\/\/www.suno.com.br\/noticias\/guedes-inflacao-precos-cnn-entrevista\/#primaryimage\"},\"image\":{\"@id\":\"https:\/\/www.suno.com.br\/noticias\/guedes-inflacao-precos-cnn-entrevista\/#primaryimage\"},\"thumbnailUrl\":\"https:\/\/files.sunoresearch.com.br\/n\/uploads\/2021\/09\/paulo-guedes_mcamgo_abr_220720211818-5-scaled.jpg\",\"datePublished\":\"2021-10-12T18:14:54+00:00\",\"dateModified\":\"2021-10-13T02:30:07+00:00\",\"description\":\"O ministro da Economia, Paulo Guedes, est\u00e1 em Washington (EUA), onde concedeu entrevista \u00e0 CNN International na manh\u00e3 nesta ter\u00e7a (12).\",\"breadcrumb\":{\"@id\":\"https:\/\/www.suno.com.br\/noticias\/guedes-inflacao-precos-cnn-entrevista\/#breadcrumb\"},\"inLanguage\":\"pt-BR\",\"potentialAction\":[{\"@type\":\"ReadAction\",\"target\":[\"https:\/\/www.suno.com.br\/noticias\/guedes-inflacao-precos-cnn-entrevista\/\"]}]},{\"@type\":\"ImageObject\",\"inLanguage\":\"pt-BR\",\"@id\":\"https:\/\/www.suno.com.br\/noticias\/guedes-inflacao-precos-cnn-entrevista\/#primaryimage\",\"url\":\"https:\/\/files.sunoresearch.com.br\/n\/uploads\/2021\/09\/paulo-guedes_mcamgo_abr_220720211818-5-scaled.jpg\",\"contentUrl\":\"https:\/\/files.sunoresearch.com.br\/n\/uploads\/2021\/09\/paulo-guedes_mcamgo_abr_220720211818-5-scaled.jpg\",\"width\":2560,\"height\":1707,\"caption\":\"Foto: Marcelo Camargo \/Ag\u00eancia Brasil\"},{\"@type\":\"BreadcrumbList\",\"@id\":\"https:\/\/www.suno.com.br\/noticias\/guedes-inflacao-precos-cnn-entrevista\/#breadcrumb\",\"itemListElement\":[{\"@type\":\"ListItem\",\"position\":1,\"name\":\"Not\u00edcias\",\"item\":\"https:\/\/www.suno.com.br\/noticias\/\"},{\"@type\":\"ListItem\",\"position\":2,\"name\":\"Economia\",\"item\":\"https:\/\/www.suno.com.br\/noticias\/economia\/\"},{\"@type\":\"ListItem\",\"position\":3,\"name\":\"Guedes fala nos EUA sobre a alta de pre\u00e7os no Brasil: &#8220;Infla\u00e7\u00e3o \u00e9 global&#8221;\"}]},{\"@type\":\"WebSite\",\"@id\":\"https:\/\/www.suno.com.br\/noticias\/#website\",\"url\":\"https:\/\/www.suno.com.br\/noticias\/\",\"name\":\"Suno Not\u00edcias\",\"description\":\"Seu portal de informa\u00e7\u00e3o sobre o mundo dos investimentos\",\"publisher\":{\"@id\":\"https:\/\/www.suno.com.br\/noticias\/#organization\"},\"potentialAction\":[{\"@type\":\"SearchAction\",\"target\":{\"@type\":\"EntryPoint\",\"urlTemplate\":\"https:\/\/www.suno.com.br\/noticias\/?s={search_term_string}\"},\"query-input\":{\"@type\":\"PropertyValueSpecification\",\"valueRequired\":true,\"valueName\":\"search_term_string\"}}],\"inLanguage\":\"pt-BR\"},{\"@type\":\"Organization\",\"@id\":\"https:\/\/www.suno.com.br\/noticias\/#organization\",\"name\":\"Suno Not\u00edcias\",\"url\":\"https:\/\/www.suno.com.br\/noticias\/\",\"logo\":{\"@type\":\"ImageObject\",\"inLanguage\":\"pt-BR\",\"@id\":\"https:\/\/www.suno.com.br\/noticias\/#\/schema\/logo\/image\/\",\"url\":\"https:\/\/files.sunoresearch.com.br\/n\/uploads\/2021\/09\/suno-logo.png\",\"contentUrl\":\"https:\/\/files.sunoresearch.com.br\/n\/uploads\/2021\/09\/suno-logo.png\",\"width\":180,\"height\":180,\"caption\":\"Suno Not\u00edcias\"},\"image\":{\"@id\":\"https:\/\/www.suno.com.br\/noticias\/#\/schema\/logo\/image\/\"},\"sameAs\":[\"https:\/\/facebook.com\/sunoresearch\",\"https:\/\/x.com\/sunoresearch\",\"https:\/\/www.instagram.com\/suno\",\"https:\/\/www.linkedin.com\/company\/suno-research\/\",\"https:\/\/www.youtube.com\/c\/sunoresearch\"]},{\"@type\":\"Person\",\"@id\":\"https:\/\/www.suno.com.br\/noticias\/#\/schema\/person\/c1b1bd3727fa852bd045e9dbff3673ea\",\"name\":\"Reda\u00e7\u00e3o Suno Not\u00edcias\",\"image\":{\"@type\":\"ImageObject\",\"inLanguage\":\"pt-BR\",\"@id\":\"https:\/\/www.suno.com.br\/noticias\/#\/schema\/person\/image\/\",\"url\":\"https:\/\/secure.gravatar.com\/avatar\/b8104b9b5a71985d5238ee59fbe418af?s=96&r=g\",\"contentUrl\":\"https:\/\/secure.gravatar.com\/avatar\/b8104b9b5a71985d5238ee59fbe418af?s=96&r=g\",\"caption\":\"Reda\u00e7\u00e3o Suno Not\u00edcias\"},\"description\":\"O Suno Not\u00edcias \u00e9 um portal de informa\u00e7\u00f5es sobre Mercado Financeiro, Pol\u00edtica, Neg\u00f3cios, Economia e Finan\u00e7as Pessoais.\",\"sameAs\":[\"https:\/\/www.suno.com.br\/noticias\",\"https:\/\/www.facebook.com\/sunonoticias\/\",\"https:\/\/www.instagram.com\/sunonoticias\/\",\"https:\/\/x.com\/https:\/\/twitter.com\/sunoresearch\",\"https:\/\/www.youtube.com\/sunonoticias\"],\"url\":\"https:\/\/www.suno.com.br\/noticias\/author\/redacao-suno\/\"}]}<\/script>\n<!-- \/ Yoast SEO plugin. -->","yoast_head_json":{"title":"Guedes \u00e0 CNN sobre a alta de pre\u00e7os no Brasil: \"Infla\u00e7\u00e3o \u00e9 global\"","description":"O ministro da Economia, Paulo Guedes, est\u00e1 em Washington (EUA), onde concedeu entrevista \u00e0 CNN International na manh\u00e3 nesta ter\u00e7a (12).","robots":{"index":"index","follow":"follow","max-snippet":"max-snippet:-1","max-image-preview":"max-image-preview:large","max-video-preview":"max-video-preview:-1"},"canonical":"https:\/\/www.suno.com.br\/noticias\/guedes-inflacao-precos-cnn-entrevista\/","og_locale":"pt_BR","og_type":"article","og_title":"Guedes \u00e0 CNN sobre a alta de pre\u00e7os no Brasil: \"Infla\u00e7\u00e3o \u00e9 global\"","og_description":"O ministro da Economia, Paulo Guedes, est\u00e1 em Washington (EUA), onde concedeu entrevista \u00e0 CNN International na manh\u00e3 nesta ter\u00e7a (12).","og_url":"https:\/\/www.suno.com.br\/noticias\/guedes-inflacao-precos-cnn-entrevista\/","og_site_name":"Suno Not\u00edcias","article_publisher":"https:\/\/facebook.com\/sunoresearch","article_author":"https:\/\/www.facebook.com\/sunonoticias\/","og_image":[{"width":2560,"height":1707,"url":"https:\/\/files.sunoresearch.com.br\/n\/uploads\/2021\/09\/paulo-guedes_mcamgo_abr_220720211818-5-scaled.jpg","type":"image\/jpeg"}],"author":"Reda\u00e7\u00e3o Suno Not\u00edcias","twitter_card":"summary_large_image","twitter_creator":"@https:\/\/twitter.com\/sunoresearch","twitter_site":"@sunoresearch","twitter_misc":{"Escrito por":"Reda\u00e7\u00e3o Suno Not\u00edcias","Est. tempo de leitura":"9 minutos"},"schema":{"@context":"https:\/\/schema.org","@graph":[{"@type":"NewsArticle","@id":"https:\/\/www.suno.com.br\/noticias\/guedes-inflacao-precos-cnn-entrevista\/#article","isPartOf":{"@id":"https:\/\/www.suno.com.br\/noticias\/guedes-inflacao-precos-cnn-entrevista\/"},"author":{"name":"Reda\u00e7\u00e3o Suno Not\u00edcias","@id":"https:\/\/www.suno.com.br\/noticias\/#\/schema\/person\/c1b1bd3727fa852bd045e9dbff3673ea"},"headline":"Guedes fala nos EUA sobre a alta de pre\u00e7os no Brasil: &#8220;Infla\u00e7\u00e3o \u00e9 global&#8221;","datePublished":"2021-10-12T18:14:54+00:00","dateModified":"2021-10-13T02:30:07+00:00","mainEntityOfPage":{"@id":"https:\/\/www.suno.com.br\/noticias\/guedes-inflacao-precos-cnn-entrevista\/"},"wordCount":2131,"publisher":{"@id":"https:\/\/www.suno.com.br\/noticias\/#organization"},"image":{"@id":"https:\/\/www.suno.com.br\/noticias\/guedes-inflacao-precos-cnn-entrevista\/#primaryimage"},"thumbnailUrl":"https:\/\/files.sunoresearch.com.br\/n\/uploads\/2021\/09\/paulo-guedes_mcamgo_abr_220720211818-5-scaled.jpg","keywords":["Banco Central (BC)","IPCA","Paulo Guedes"],"articleSection":["Economia"],"inLanguage":"pt-BR"},{"@type":"WebPage","@id":"https:\/\/www.suno.com.br\/noticias\/guedes-inflacao-precos-cnn-entrevista\/","url":"https:\/\/www.suno.com.br\/noticias\/guedes-inflacao-precos-cnn-entrevista\/","name":"Guedes \u00e0 CNN sobre a alta de pre\u00e7os no Brasil: \"Infla\u00e7\u00e3o \u00e9 global\"","isPartOf":{"@id":"https:\/\/www.suno.com.br\/noticias\/#website"},"primaryImageOfPage":{"@id":"https:\/\/www.suno.com.br\/noticias\/guedes-inflacao-precos-cnn-entrevista\/#primaryimage"},"image":{"@id":"https:\/\/www.suno.com.br\/noticias\/guedes-inflacao-precos-cnn-entrevista\/#primaryimage"},"thumbnailUrl":"https:\/\/files.sunoresearch.com.br\/n\/uploads\/2021\/09\/paulo-guedes_mcamgo_abr_220720211818-5-scaled.jpg","datePublished":"2021-10-12T18:14:54+00:00","dateModified":"2021-10-13T02:30:07+00:00","description":"O ministro da Economia, Paulo Guedes, est\u00e1 em Washington (EUA), onde concedeu entrevista \u00e0 CNN International na manh\u00e3 nesta ter\u00e7a (12).","breadcrumb":{"@id":"https:\/\/www.suno.com.br\/noticias\/guedes-inflacao-precos-cnn-entrevista\/#breadcrumb"},"inLanguage":"pt-BR","potentialAction":[{"@type":"ReadAction","target":["https:\/\/www.suno.com.br\/noticias\/guedes-inflacao-precos-cnn-entrevista\/"]}]},{"@type":"ImageObject","inLanguage":"pt-BR","@id":"https:\/\/www.suno.com.br\/noticias\/guedes-inflacao-precos-cnn-entrevista\/#primaryimage","url":"https:\/\/files.sunoresearch.com.br\/n\/uploads\/2021\/09\/paulo-guedes_mcamgo_abr_220720211818-5-scaled.jpg","contentUrl":"https:\/\/files.sunoresearch.com.br\/n\/uploads\/2021\/09\/paulo-guedes_mcamgo_abr_220720211818-5-scaled.jpg","width":2560,"height":1707,"caption":"Foto: Marcelo Camargo \/Ag\u00eancia Brasil"},{"@type":"BreadcrumbList","@id":"https:\/\/www.suno.com.br\/noticias\/guedes-inflacao-precos-cnn-entrevista\/#breadcrumb","itemListElement":[{"@type":"ListItem","position":1,"name":"Not\u00edcias","item":"https:\/\/www.suno.com.br\/noticias\/"},{"@type":"ListItem","position":2,"name":"Economia","item":"https:\/\/www.suno.com.br\/noticias\/economia\/"},{"@type":"ListItem","position":3,"name":"Guedes fala nos EUA sobre a alta de pre\u00e7os no Brasil: &#8220;Infla\u00e7\u00e3o \u00e9 global&#8221;"}]},{"@type":"WebSite","@id":"https:\/\/www.suno.com.br\/noticias\/#website","url":"https:\/\/www.suno.com.br\/noticias\/","name":"Suno Not\u00edcias","description":"Seu portal de informa\u00e7\u00e3o sobre o mundo dos investimentos","publisher":{"@id":"https:\/\/www.suno.com.br\/noticias\/#organization"},"potentialAction":[{"@type":"SearchAction","target":{"@type":"EntryPoint","urlTemplate":"https:\/\/www.suno.com.br\/noticias\/?s={search_term_string}"},"query-input":{"@type":"PropertyValueSpecification","valueRequired":true,"valueName":"search_term_string"}}],"inLanguage":"pt-BR"},{"@type":"Organization","@id":"https:\/\/www.suno.com.br\/noticias\/#organization","name":"Suno Not\u00edcias","url":"https:\/\/www.suno.com.br\/noticias\/","logo":{"@type":"ImageObject","inLanguage":"pt-BR","@id":"https:\/\/www.suno.com.br\/noticias\/#\/schema\/logo\/image\/","url":"https:\/\/files.sunoresearch.com.br\/n\/uploads\/2021\/09\/suno-logo.png","contentUrl":"https:\/\/files.sunoresearch.com.br\/n\/uploads\/2021\/09\/suno-logo.png","width":180,"height":180,"caption":"Suno Not\u00edcias"},"image":{"@id":"https:\/\/www.suno.com.br\/noticias\/#\/schema\/logo\/image\/"},"sameAs":["https:\/\/facebook.com\/sunoresearch","https:\/\/x.com\/sunoresearch","https:\/\/www.instagram.com\/suno","https:\/\/www.linkedin.com\/company\/suno-research\/","https:\/\/www.youtube.com\/c\/sunoresearch"]},{"@type":"Person","@id":"https:\/\/www.suno.com.br\/noticias\/#\/schema\/person\/c1b1bd3727fa852bd045e9dbff3673ea","name":"Reda\u00e7\u00e3o Suno Not\u00edcias","image":{"@type":"ImageObject","inLanguage":"pt-BR","@id":"https:\/\/www.suno.com.br\/noticias\/#\/schema\/person\/image\/","url":"https:\/\/secure.gravatar.com\/avatar\/b8104b9b5a71985d5238ee59fbe418af?s=96&r=g","contentUrl":"https:\/\/secure.gravatar.com\/avatar\/b8104b9b5a71985d5238ee59fbe418af?s=96&r=g","caption":"Reda\u00e7\u00e3o Suno Not\u00edcias"},"description":"O Suno Not\u00edcias \u00e9 um portal de informa\u00e7\u00f5es sobre Mercado Financeiro, Pol\u00edtica, Neg\u00f3cios, Economia e Finan\u00e7as Pessoais.","sameAs":["https:\/\/www.suno.com.br\/noticias","https:\/\/www.facebook.com\/sunonoticias\/","https:\/\/www.instagram.com\/sunonoticias\/","https:\/\/x.com\/https:\/\/twitter.com\/sunoresearch","https:\/\/www.youtube.com\/sunonoticias"],"url":"https:\/\/www.suno.com.br\/noticias\/author\/redacao-suno\/"}]}},"default_loop_html":"<div class=\"cardsPage__listCard__boxs\"><div class=\"cardsPage__listCard__boxs__img\"><a href=\"https:\/\/www.suno.com.br\/noticias\/guedes-inflacao-precos-cnn-entrevista\/\"><img class=\"mask\" src=\"https:\/\/www.suno.com.br\/noticias\/wp-content\/themes\/suno\/resources\/images\/spotlight\/spotlight1img\/bg-mask.png\" alt=\"Image Mask\"\/><img src=\"https:\/\/files.sunoresearch.com.br\/n\/uploads\/2021\/09\/paulo-guedes_mcamgo_abr_220720211818-5-400x200.jpg\" alt=\"Guedes fala nos EUA sobre a alta de pre\u00e7os no Brasil: &#8220;Infla\u00e7\u00e3o \u00e9 global&#8221;\"\/><\/a><span class=\"spotlightCategory\"><a href=\"https:\/\/www.suno.com.br\/noticias\/economia\/\">Economia<\/a><\/span><\/div><div class=\"cardsPage__listCard__boxs__content\"><a href=\"https:\/\/www.suno.com.br\/noticias\/guedes-inflacao-precos-cnn-entrevista\/\"><h2 class=\"content__title\">Guedes fala nos EUA sobre a alta de pre\u00e7os no Brasil: &#8220;Infla\u00e7\u00e3o \u00e9 global&#8221;<\/h2><\/a><div class=\"newsContent__article__meta\"><div class=\"newsContent__article__meta__authorBox\"><a href=\"https:\/\/www.suno.com.br\/noticias\/author\/redacao-suno\/\" class=\"authorBox__avatar noMobi\"><img src=\"https:\/\/files.sunoresearch.com.br\/n\/uploads\/2020\/08\/0ace682d-redacao-1-150x150.webp\" alt=\"Reda\u00e7\u00e3o Suno Not\u00edcias\"><\/a><div class=\"authorBox__name\"><span>por\n\t\t\t<a href=\"https:\/\/www.suno.com.br\/noticias\/author\/redacao-suno\/\"><span itemprop=\"author\">Reda\u00e7\u00e3o Suno Not\u00edcias<\/span><\/a><\/span><time datetime=\"2021-10-12T15:14:54-03:00\" itemprop=\"datePublished\">12\/10\/2021 15:14<\/time><\/div><\/div><\/div><\/div><\/div>","single_layout":"posts","amp_enabled":true,"_links":{"self":[{"href":"https:\/\/www.suno.com.br\/noticias\/wp-json\/wp\/v2\/posts\/193006"}],"collection":[{"href":"https:\/\/www.suno.com.br\/noticias\/wp-json\/wp\/v2\/posts"}],"about":[{"href":"https:\/\/www.suno.com.br\/noticias\/wp-json\/wp\/v2\/types\/post"}],"author":[{"embeddable":true,"href":"https:\/\/www.suno.com.br\/noticias\/wp-json\/wp\/v2\/users\/43"}],"replies":[{"embeddable":true,"href":"https:\/\/www.suno.com.br\/noticias\/wp-json\/wp\/v2\/comments?post=193006"}],"version-history":[{"count":3,"href":"https:\/\/www.suno.com.br\/noticias\/wp-json\/wp\/v2\/posts\/193006\/revisions"}],"predecessor-version":[{"id":193077,"href":"https:\/\/www.suno.com.br\/noticias\/wp-json\/wp\/v2\/posts\/193006\/revisions\/193077"}],"wp:featuredmedia":[{"embeddable":true,"href":"https:\/\/www.suno.com.br\/noticias\/wp-json\/wp\/v2\/media\/184305"}],"wp:attachment":[{"href":"https:\/\/www.suno.com.br\/noticias\/wp-json\/wp\/v2\/media?parent=193006"}],"wp:term":[{"taxonomy":"category","embeddable":true,"href":"https:\/\/www.suno.com.br\/noticias\/wp-json\/wp\/v2\/categories?post=193006"},{"taxonomy":"post_tag","embeddable":true,"href":"https:\/\/www.suno.com.br\/noticias\/wp-json\/wp\/v2\/tags?post=193006"},{"taxonomy":"suno_strategy","embeddable":true,"href":"https:\/\/www.suno.com.br\/noticias\/wp-json\/wp\/v2\/suno_strategy?post=193006"}],"curies":[{"name":"wp","href":"https:\/\/api.w.org\/{rel}","templated":true}]}}