{"id":192933,"date":"2021-10-11T20:02:36","date_gmt":"2021-10-11T23:02:36","guid":{"rendered":"https:\/\/www.suno.com.br\/noticias\/?p=192933"},"modified":"2021-10-11T20:32:47","modified_gmt":"2021-10-11T23:32:47","slug":"banco-do-nordeste-edital-operacionalizacao-microcredito","status":"publish","type":"post","link":"https:\/\/www.suno.com.br\/noticias\/banco-do-nordeste-edital-operacionalizacao-microcredito\/","title":{"rendered":"Banco do Nordeste (BNBR3) lan\u00e7a edital em busca de parceiros para viabilizar programa de microcr\u00e9dito"},"content":{"rendered":"<p>A diretoria executiva do <strong>Banco do Nordeste\u00a0<\/strong>(BNBR3) aprovou o lan\u00e7amento de edital p\u00fablico para credenciamento de pessoas jur\u00eddicas para operacionaliza\u00e7\u00e3o do programa de microcr\u00e9dito Crediamigo.<\/p>\t<div class=\"wrapper-featured-image\">\n\t\t<figure class=\"spotlightImg\">\n\n\t\t\t<picture>\n\t\t\t\t<source media=\"(max-width: 768px)\" srcset=\"https:\/\/files.sunoresearch.com.br\/n\/uploads\/2021\/10\/Fachada-da-Agencia-de-Russas-400x200.jpg\">\n\t\t\t\t<img loading=\"lazy\" decoding=\"async\" class=\"newsContent__article__imgCapa lazyloadDisabled \" src=\"https:\/\/files.sunoresearch.com.br\/n\/uploads\/2021\/10\/Fachada-da-Agencia-de-Russas-800x450.jpg\" width=\"800\" height=\"450\" alt=\"Banco do Nordeste (BNBR3) lan\u00e7a edital em busca de parceiros para viabilizar programa de microcr\u00e9dito\" fetchpriority=high \/>\n\t\t\t<\/picture>\n\n\t\t\t<figcaption class=\"wp-caption-text wp-caption-text--show\">Fachada da Ag\u00eancia de Russas. Foto: Divulga\u00e7\u00e3o<\/figcaption>\n\t\t<\/figure>\n\t<\/div>\n\n\n\t<p>\n\t\t<a href=\"https:\/\/lp.suno.com.br\/planilha-controle-gastos\/\" target=\"_blank\" data-element=\"shortcode-suno-banner\" title=\"Banner SUNO, clique e saiba mais\">\n\t\t\t<picture>\n\t\t\t\t<source media=\"(max-width: 500px)\" srcset=\"https:\/\/files.sunoresearch.com.br\/n\/uploads\/2023\/03\/400x300-Planilha-controle-de-gastos.png\">\n\t\t\t\t<img class=\"newsContent__article__imgCapa newsContent__article__imgCapa--banner\"\n\t\t\t\t\tsrc=\"https:\/\/files.sunoresearch.com.br\/n\/uploads\/2023\/03\/1420x240-Planilha-controle-de-gastos.png\"\n\t\t\t\t\tdata-promo-id=\"101751\"\t\t\t\t\t\t\t\t\t\twidth='1420' height='240'\t\t\t\t\talt=\"https:\/\/files.sunoresearch.com.br\/n\/uploads\/2023\/03\/1420x240-Planilha-controle-de-gastos.png\"\n\t\t\t\t>\n\t\t\t<\/picture>\n\t\t<\/a>\n\t<\/p>\n\n\n<p>Est\u00e3o aptos \u00e0 contrata\u00e7\u00e3o: bancos de desenvolvimento, <a class=\"suno-keyword\" href=\"https:\/\/www.suno.com.br\/artigos\/cooperativas-de-credito\/\" target=\"_blank\" rel=\"noopener\" data-force=\"no\" data-priority=\"1\">cooperativas de cr\u00e9dito<\/a>, ag\u00eancias de fomento, <a class=\"suno-keyword\" href=\"https:\/\/www.suno.com.br\/artigos\/empresa-simples-de-credito\/\" target=\"_blank\" rel=\"noopener\" data-force=\"no\" data-priority=\"1\">empresas simples de cr\u00e9dito<\/a> e Organiza\u00e7\u00f5es da Sociedade Civil de Interesse P\u00fablico.<\/p>\n<p>Desde 2003, a plataforma do Banco do Nordeste era operacionalizada pelo Instituto Nordeste Cidadania (Inec), Organiza\u00e7\u00e3o da Sociedade Civil de Interesse P\u00fablico (Oscip) presidida por Zilana Melo Ribeiro \u2014 filiada ao <strong>Partido dos Trabalhadores (PT)<\/strong> do Cear\u00e1.<\/p>\n<p>Em setembro, o l\u00edder nacional do Partido Liberal (PL) <strong>Valdemar Costa Neto<\/strong> gravou v\u00eddeo pedindo a demiss\u00e3o do presidente da institui\u00e7\u00e3o financeira, Romildo Carneiro Rolim, expressando o descontentamento do presidente da Rep\u00fablica <strong>Jair Bolsonaro<\/strong> com o contrato junto \u00e0 ONG. A Uni\u00e3o \u00e9 o principal acionista do Banco do Nordeste, com 55,38% do capital votante.<\/p>\n<p>De acordo com informa\u00e7\u00f5es do <em>Valor Econ\u00f4mico<\/em>, o Inec recebia R$ 583 milh\u00f5es pela gest\u00e3o do <strong>Crediamigo<\/strong>. Al\u00e9m disso, a Oscip ficou desde 2005 R$ 358 milh\u00f5es por meio do programa para agricultura familiar Crediagro.<\/p>\n\t<p>\n\t\t<a href=\"https:\/\/lp.suno.com.br\/planilha-da-vida-financeira\/\" target=\"_blank\" data-element=\"shortcode-suno-banner\" title=\"Banner SUNO, clique e saiba mais\">\n\t\t\t<picture>\n\t\t\t\t<source media=\"(max-width: 500px)\" srcset=\"https:\/\/files.sunoresearch.com.br\/n\/uploads\/2023\/04\/400x300-Planilha-vida-financeira-true.png\">\n\t\t\t\t<img class=\"newsContent__article__imgCapa newsContent__article__imgCapa--banner\"\n\t\t\t\t\tsrc=\"https:\/\/files.sunoresearch.com.br\/n\/uploads\/2023\/04\/1420x240-Planilha-vida-financeira-true.png\"\n\t\t\t\t\tdata-promo-id=\"106682\"\t\t\t\t\t\t\t\t\t\twidth='1420' height='240'\t\t\t\t\talt=\"https:\/\/files.sunoresearch.com.br\/n\/uploads\/2023\/04\/1420x240-Planilha-vida-financeira-true.png\"\n\t\t\t\t>\n\t\t\t<\/picture>\n\t\t<\/a>\n\t<\/p>\n\n\n<p>Ainda segundo o jornal, em 2020, o Crediamigo pagou R$ 12,1 bilh\u00f5es a 2,2 milh\u00f5es de clientes ativos no total de 4,4 milh\u00f5es de opera\u00e7\u00f5es. A carteira do <strong>Crediagro<\/strong> atingiu R$ 2,91 bilh\u00f5es e atende a 1,3 milh\u00e3o de clientes, dos quais 85% s\u00e3o de baixa renda.<\/p>\n<h2>Sele\u00e7\u00e3o para operacionaliza\u00e7\u00e3o de microcr\u00e9dito urbano do BNB est\u00e1 em vigor<\/h2>\n<p>O credenciamento teve in\u00edcio nesta segunda-feira e considera aspectos de ganhos de escala; dinamiza\u00e7\u00e3o operacional; continuidade do neg\u00f3cio; e <a class=\"suno-keyword\" href=\"https:\/\/www.suno.com.br\/artigos\/governanca-corporativa\/\" target=\"_blank\" rel=\"noopener\" data-force=\"no\" data-priority=\"2\">governan\u00e7a corporativa<\/a>.<\/p>\n\t<p>\n\t\t<a href=\"https:\/\/lp.suno.com.br\/ebook-como-analisar-uma-acao\/\" target=\"_blank\" data-element=\"shortcode-suno-banner\" title=\"Banner SUNO, clique e saiba mais\">\n\t\t\t<picture>\n\t\t\t\t<source media=\"(max-width: 500px)\" srcset=\"https:\/\/files.sunoresearch.com.br\/n\/uploads\/2023\/03\/Ebook-Acoes-Mobile-1.jpg\">\n\t\t\t\t<img class=\"newsContent__article__imgCapa newsContent__article__imgCapa--banner\"\n\t\t\t\t\tsrc=\"https:\/\/files.sunoresearch.com.br\/n\/uploads\/2023\/03\/Ebook-Acoes-Desktop-1.jpg\"\n\t\t\t\t\tdata-promo-id=\"171998\"\t\t\t\t\t\t\t\t\t\twidth='1420' height='286'\t\t\t\t\talt=\"https:\/\/files.sunoresearch.com.br\/n\/uploads\/2023\/03\/Ebook-Acoes-Desktop-1.jpg\"\n\t\t\t\t>\n\t\t\t<\/picture>\n\t\t<\/a>\n\t<\/p>\n\n\n<p>O prazo de vig\u00eancia contratual poder\u00e1 ser de at\u00e9 60 meses, conforme crit\u00e9rio do <strong>BNB<\/strong>. Al\u00e9m da operacionaliza\u00e7\u00e3o da microfinan\u00e7a urbana, o fornecedor atuar\u00e1 ainda na presta\u00e7\u00e3o de servi\u00e7os relacionados \u00e0 oferta de outros produtos e servi\u00e7os de microfinan\u00e7as.<\/p>\n<p>A atua\u00e7\u00e3o da empresa ou ONG selecionada ser\u00e1 baseada nas estrat\u00e9gias e diretrizes operacionais determinadas pelo <strong>Banco do Nordeste<\/strong>, incluindo sua metodologia de microcr\u00e9dito e pol\u00edticas operacionais, al\u00e9m do Plano de Neg\u00f3cios aprovado pelo Banco, elaborado e atualizado anualmente pelo contratado.<\/p>\n\t<p>\n\t\t<a href=\"\" target=\"_blank\" data-element=\"shortcode-suno-banner\" title=\"Banner SUNO, clique e saiba mais\">\n\t\t\t<picture>\n\t\t\t\t<source media=\"(max-width: 500px)\" srcset=\"\">\n\t\t\t\t<img class=\"newsContent__article__imgCapa newsContent__article__imgCapa--banner\"\n\t\t\t\t\tsrc=\"\"\n\t\t\t\t\tdata-promo-id=\"184190\"\t\t\t\t\t\t\t\t\t\t\t\t\t\t\talt=\"\"\n\t\t\t\t>\n\t\t\t<\/picture>\n\t\t<\/a>\n\t<\/p>\n\n\n","protected":false},"excerpt":{"rendered":"<p>A diretoria executiva do Banco do Nordeste\u00a0(BNBR3) aprovou o lan\u00e7amento de edital p\u00fablico para credenciamento de pessoas jur\u00eddicas para operacionaliza\u00e7\u00e3o do programa de microcr\u00e9dito Crediamigo. Fachada da Ag\u00eancia de Russas. Foto: Divulga\u00e7\u00e3o Est\u00e3o aptos \u00e0 contrata\u00e7\u00e3o: bancos de desenvolvimento, cooperativas de cr\u00e9dito, ag\u00eancias de fomento, empresas simples de cr\u00e9dito e Organiza\u00e7\u00f5es da Sociedade Civil de [&hellip;]<\/p>\n","protected":false},"author":35,"featured_media":192954,"comment_status":"closed","ping_status":"closed","sticky":false,"template":"","format":"standard","meta":[],"categories":[64],"tags":[719],"suno_strategy":[],"class_list":["post-192933","post","type-post","status-publish","format-standard","has-post-thumbnail","hentry","category-negocios","tag-jair-bolsonaro"],"yoast_head":"<!-- This site is optimized with the Yoast SEO plugin v24.4 - https:\/\/yoast.com\/wordpress\/plugins\/seo\/ -->\n<title>Banco do Nordeste lan\u00e7a edital para operacionaliza\u00e7\u00e3o de microcr\u00e9dito<\/title>\n<meta name=\"description\" content=\"Diretoria do Banco do Nordeste\u00a0aprovou o lan\u00e7amento de edital para credenciamento para operacionaliza\u00e7\u00e3o do Crediamigo. Clique para ler mais.\" \/>\n<meta name=\"robots\" content=\"index, follow, max-snippet:-1, max-image-preview:large, max-video-preview:-1\" \/>\n<link rel=\"canonical\" href=\"https:\/\/www.suno.com.br\/noticias\/banco-do-nordeste-edital-operacionalizacao-microcredito\/\" \/>\n<meta property=\"og:locale\" content=\"pt_BR\" \/>\n<meta property=\"og:type\" content=\"article\" \/>\n<meta property=\"og:title\" content=\"Banco do Nordeste lan\u00e7a edital para operacionaliza\u00e7\u00e3o de microcr\u00e9dito\" \/>\n<meta property=\"og:description\" content=\"Diretoria do Banco do Nordeste\u00a0aprovou o lan\u00e7amento de edital para credenciamento para operacionaliza\u00e7\u00e3o do Crediamigo. Clique para ler mais.\" \/>\n<meta property=\"og:url\" content=\"https:\/\/www.suno.com.br\/noticias\/banco-do-nordeste-edital-operacionalizacao-microcredito\/\" \/>\n<meta property=\"og:site_name\" content=\"Suno Not\u00edcias\" \/>\n<meta property=\"article:publisher\" content=\"https:\/\/facebook.com\/sunoresearch\" \/>\n<meta property=\"og:image\" content=\"https:\/\/files.sunoresearch.com.br\/n\/uploads\/2021\/10\/Fachada-da-Agencia-de-Russas-scaled.jpg\" \/>\n\t<meta property=\"og:image:width\" content=\"2560\" \/>\n\t<meta property=\"og:image:height\" content=\"1920\" \/>\n\t<meta property=\"og:image:type\" content=\"image\/jpeg\" \/>\n<meta name=\"author\" content=\"Arthur Guimar\u00e3es\" \/>\n<meta name=\"twitter:card\" content=\"summary_large_image\" \/>\n<meta name=\"twitter:creator\" content=\"@sunoresearch\" \/>\n<meta name=\"twitter:site\" content=\"@sunoresearch\" \/>\n<meta name=\"twitter:label1\" content=\"Escrito por\" \/>\n\t<meta name=\"twitter:data1\" content=\"Arthur Guimar\u00e3es\" \/>\n\t<meta name=\"twitter:label2\" content=\"Est. tempo de leitura\" \/>\n\t<meta name=\"twitter:data2\" content=\"2 minutos\" \/>\n<script type=\"application\/ld+json\" class=\"yoast-schema-graph\">{\"@context\":\"https:\/\/schema.org\",\"@graph\":[{\"@type\":\"NewsArticle\",\"@id\":\"https:\/\/www.suno.com.br\/noticias\/banco-do-nordeste-edital-operacionalizacao-microcredito\/#article\",\"isPartOf\":{\"@id\":\"https:\/\/www.suno.com.br\/noticias\/banco-do-nordeste-edital-operacionalizacao-microcredito\/\"},\"author\":{\"name\":\"Arthur Guimar\u00e3es\",\"@id\":\"https:\/\/www.suno.com.br\/noticias\/#\/schema\/person\/053a750a709a263919a20f976caae91c\"},\"headline\":\"Banco do Nordeste (BNBR3) lan\u00e7a edital em busca de parceiros para viabilizar programa de microcr\u00e9dito\",\"datePublished\":\"2021-10-11T23:02:36+00:00\",\"dateModified\":\"2021-10-11T23:32:47+00:00\",\"mainEntityOfPage\":{\"@id\":\"https:\/\/www.suno.com.br\/noticias\/banco-do-nordeste-edital-operacionalizacao-microcredito\/\"},\"wordCount\":403,\"publisher\":{\"@id\":\"https:\/\/www.suno.com.br\/noticias\/#organization\"},\"image\":{\"@id\":\"https:\/\/www.suno.com.br\/noticias\/banco-do-nordeste-edital-operacionalizacao-microcredito\/#primaryimage\"},\"thumbnailUrl\":\"https:\/\/files.sunoresearch.com.br\/n\/uploads\/2021\/10\/Fachada-da-Agencia-de-Russas-scaled.jpg\",\"keywords\":[\"Jair Bolsonaro\"],\"articleSection\":[\"Neg\u00f3cios\"],\"inLanguage\":\"pt-BR\"},{\"@type\":\"WebPage\",\"@id\":\"https:\/\/www.suno.com.br\/noticias\/banco-do-nordeste-edital-operacionalizacao-microcredito\/\",\"url\":\"https:\/\/www.suno.com.br\/noticias\/banco-do-nordeste-edital-operacionalizacao-microcredito\/\",\"name\":\"Banco do Nordeste lan\u00e7a edital para operacionaliza\u00e7\u00e3o de microcr\u00e9dito\",\"isPartOf\":{\"@id\":\"https:\/\/www.suno.com.br\/noticias\/#website\"},\"primaryImageOfPage\":{\"@id\":\"https:\/\/www.suno.com.br\/noticias\/banco-do-nordeste-edital-operacionalizacao-microcredito\/#primaryimage\"},\"image\":{\"@id\":\"https:\/\/www.suno.com.br\/noticias\/banco-do-nordeste-edital-operacionalizacao-microcredito\/#primaryimage\"},\"thumbnailUrl\":\"https:\/\/files.sunoresearch.com.br\/n\/uploads\/2021\/10\/Fachada-da-Agencia-de-Russas-scaled.jpg\",\"datePublished\":\"2021-10-11T23:02:36+00:00\",\"dateModified\":\"2021-10-11T23:32:47+00:00\",\"description\":\"Diretoria do Banco do Nordeste\u00a0aprovou o lan\u00e7amento de edital para credenciamento para operacionaliza\u00e7\u00e3o do Crediamigo. Clique para ler mais.\",\"breadcrumb\":{\"@id\":\"https:\/\/www.suno.com.br\/noticias\/banco-do-nordeste-edital-operacionalizacao-microcredito\/#breadcrumb\"},\"inLanguage\":\"pt-BR\",\"potentialAction\":[{\"@type\":\"ReadAction\",\"target\":[\"https:\/\/www.suno.com.br\/noticias\/banco-do-nordeste-edital-operacionalizacao-microcredito\/\"]}]},{\"@type\":\"ImageObject\",\"inLanguage\":\"pt-BR\",\"@id\":\"https:\/\/www.suno.com.br\/noticias\/banco-do-nordeste-edital-operacionalizacao-microcredito\/#primaryimage\",\"url\":\"https:\/\/files.sunoresearch.com.br\/n\/uploads\/2021\/10\/Fachada-da-Agencia-de-Russas-scaled.jpg\",\"contentUrl\":\"https:\/\/files.sunoresearch.com.br\/n\/uploads\/2021\/10\/Fachada-da-Agencia-de-Russas-scaled.jpg\",\"width\":2560,\"height\":1920,\"caption\":\"Fachada da Ag\u00eancia de Russas. Foto: Divulga\u00e7\u00e3o\"},{\"@type\":\"BreadcrumbList\",\"@id\":\"https:\/\/www.suno.com.br\/noticias\/banco-do-nordeste-edital-operacionalizacao-microcredito\/#breadcrumb\",\"itemListElement\":[{\"@type\":\"ListItem\",\"position\":1,\"name\":\"Not\u00edcias\",\"item\":\"https:\/\/www.suno.com.br\/noticias\/\"},{\"@type\":\"ListItem\",\"position\":2,\"name\":\"Neg\u00f3cios\",\"item\":\"https:\/\/www.suno.com.br\/noticias\/negocios\/\"},{\"@type\":\"ListItem\",\"position\":3,\"name\":\"Banco do Nordeste (BNBR3) lan\u00e7a edital em busca de parceiros para viabilizar programa de microcr\u00e9dito\"}]},{\"@type\":\"WebSite\",\"@id\":\"https:\/\/www.suno.com.br\/noticias\/#website\",\"url\":\"https:\/\/www.suno.com.br\/noticias\/\",\"name\":\"Suno Not\u00edcias\",\"description\":\"Seu portal de informa\u00e7\u00e3o sobre o mundo dos investimentos\",\"publisher\":{\"@id\":\"https:\/\/www.suno.com.br\/noticias\/#organization\"},\"potentialAction\":[{\"@type\":\"SearchAction\",\"target\":{\"@type\":\"EntryPoint\",\"urlTemplate\":\"https:\/\/www.suno.com.br\/noticias\/?s={search_term_string}\"},\"query-input\":{\"@type\":\"PropertyValueSpecification\",\"valueRequired\":true,\"valueName\":\"search_term_string\"}}],\"inLanguage\":\"pt-BR\"},{\"@type\":\"Organization\",\"@id\":\"https:\/\/www.suno.com.br\/noticias\/#organization\",\"name\":\"Suno Not\u00edcias\",\"url\":\"https:\/\/www.suno.com.br\/noticias\/\",\"logo\":{\"@type\":\"ImageObject\",\"inLanguage\":\"pt-BR\",\"@id\":\"https:\/\/www.suno.com.br\/noticias\/#\/schema\/logo\/image\/\",\"url\":\"https:\/\/files.sunoresearch.com.br\/n\/uploads\/2021\/09\/suno-logo.png\",\"contentUrl\":\"https:\/\/files.sunoresearch.com.br\/n\/uploads\/2021\/09\/suno-logo.png\",\"width\":180,\"height\":180,\"caption\":\"Suno Not\u00edcias\"},\"image\":{\"@id\":\"https:\/\/www.suno.com.br\/noticias\/#\/schema\/logo\/image\/\"},\"sameAs\":[\"https:\/\/facebook.com\/sunoresearch\",\"https:\/\/x.com\/sunoresearch\",\"https:\/\/www.instagram.com\/suno\",\"https:\/\/www.linkedin.com\/company\/suno-research\/\",\"https:\/\/www.youtube.com\/c\/sunoresearch\"]},{\"@type\":\"Person\",\"@id\":\"https:\/\/www.suno.com.br\/noticias\/#\/schema\/person\/053a750a709a263919a20f976caae91c\",\"name\":\"Arthur Guimar\u00e3es\",\"image\":{\"@type\":\"ImageObject\",\"inLanguage\":\"pt-BR\",\"@id\":\"https:\/\/www.suno.com.br\/noticias\/#\/schema\/person\/image\/\",\"url\":\"https:\/\/secure.gravatar.com\/avatar\/1affd86a11209ae09eb6dd3bcad3e96c?s=96&r=g\",\"contentUrl\":\"https:\/\/secure.gravatar.com\/avatar\/1affd86a11209ae09eb6dd3bcad3e96c?s=96&r=g\",\"caption\":\"Arthur Guimar\u00e3es\"},\"description\":\"Arthur Guimar\u00e3es escreve sobre pol\u00edtica, economia e neg\u00f3cios para o portal de not\u00edcias da Suno Research. Atualmente, \u00e9 estudante de jornalismo pela Faculdade C\u00e1sper L\u00edbero.\",\"url\":\"https:\/\/www.suno.com.br\/noticias\/author\/arthur-guimaraes\/\"}]}<\/script>\n<!-- \/ Yoast SEO plugin. -->","yoast_head_json":{"title":"Banco do Nordeste lan\u00e7a edital para operacionaliza\u00e7\u00e3o de microcr\u00e9dito","description":"Diretoria do Banco do Nordeste\u00a0aprovou o lan\u00e7amento de edital para credenciamento para operacionaliza\u00e7\u00e3o do Crediamigo. Clique para ler mais.","robots":{"index":"index","follow":"follow","max-snippet":"max-snippet:-1","max-image-preview":"max-image-preview:large","max-video-preview":"max-video-preview:-1"},"canonical":"https:\/\/www.suno.com.br\/noticias\/banco-do-nordeste-edital-operacionalizacao-microcredito\/","og_locale":"pt_BR","og_type":"article","og_title":"Banco do Nordeste lan\u00e7a edital para operacionaliza\u00e7\u00e3o de microcr\u00e9dito","og_description":"Diretoria do Banco do Nordeste\u00a0aprovou o lan\u00e7amento de edital para credenciamento para operacionaliza\u00e7\u00e3o do Crediamigo. Clique para ler mais.","og_url":"https:\/\/www.suno.com.br\/noticias\/banco-do-nordeste-edital-operacionalizacao-microcredito\/","og_site_name":"Suno Not\u00edcias","article_publisher":"https:\/\/facebook.com\/sunoresearch","og_image":[{"width":2560,"height":1920,"url":"https:\/\/files.sunoresearch.com.br\/n\/uploads\/2021\/10\/Fachada-da-Agencia-de-Russas-scaled.jpg","type":"image\/jpeg"}],"author":"Arthur Guimar\u00e3es","twitter_card":"summary_large_image","twitter_creator":"@sunoresearch","twitter_site":"@sunoresearch","twitter_misc":{"Escrito por":"Arthur Guimar\u00e3es","Est. tempo de leitura":"2 minutos"},"schema":{"@context":"https:\/\/schema.org","@graph":[{"@type":"NewsArticle","@id":"https:\/\/www.suno.com.br\/noticias\/banco-do-nordeste-edital-operacionalizacao-microcredito\/#article","isPartOf":{"@id":"https:\/\/www.suno.com.br\/noticias\/banco-do-nordeste-edital-operacionalizacao-microcredito\/"},"author":{"name":"Arthur Guimar\u00e3es","@id":"https:\/\/www.suno.com.br\/noticias\/#\/schema\/person\/053a750a709a263919a20f976caae91c"},"headline":"Banco do Nordeste (BNBR3) lan\u00e7a edital em busca de parceiros para viabilizar programa de microcr\u00e9dito","datePublished":"2021-10-11T23:02:36+00:00","dateModified":"2021-10-11T23:32:47+00:00","mainEntityOfPage":{"@id":"https:\/\/www.suno.com.br\/noticias\/banco-do-nordeste-edital-operacionalizacao-microcredito\/"},"wordCount":403,"publisher":{"@id":"https:\/\/www.suno.com.br\/noticias\/#organization"},"image":{"@id":"https:\/\/www.suno.com.br\/noticias\/banco-do-nordeste-edital-operacionalizacao-microcredito\/#primaryimage"},"thumbnailUrl":"https:\/\/files.sunoresearch.com.br\/n\/uploads\/2021\/10\/Fachada-da-Agencia-de-Russas-scaled.jpg","keywords":["Jair Bolsonaro"],"articleSection":["Neg\u00f3cios"],"inLanguage":"pt-BR"},{"@type":"WebPage","@id":"https:\/\/www.suno.com.br\/noticias\/banco-do-nordeste-edital-operacionalizacao-microcredito\/","url":"https:\/\/www.suno.com.br\/noticias\/banco-do-nordeste-edital-operacionalizacao-microcredito\/","name":"Banco do Nordeste lan\u00e7a edital para operacionaliza\u00e7\u00e3o de microcr\u00e9dito","isPartOf":{"@id":"https:\/\/www.suno.com.br\/noticias\/#website"},"primaryImageOfPage":{"@id":"https:\/\/www.suno.com.br\/noticias\/banco-do-nordeste-edital-operacionalizacao-microcredito\/#primaryimage"},"image":{"@id":"https:\/\/www.suno.com.br\/noticias\/banco-do-nordeste-edital-operacionalizacao-microcredito\/#primaryimage"},"thumbnailUrl":"https:\/\/files.sunoresearch.com.br\/n\/uploads\/2021\/10\/Fachada-da-Agencia-de-Russas-scaled.jpg","datePublished":"2021-10-11T23:02:36+00:00","dateModified":"2021-10-11T23:32:47+00:00","description":"Diretoria do Banco do Nordeste\u00a0aprovou o lan\u00e7amento de edital para credenciamento para operacionaliza\u00e7\u00e3o do Crediamigo. Clique para ler mais.","breadcrumb":{"@id":"https:\/\/www.suno.com.br\/noticias\/banco-do-nordeste-edital-operacionalizacao-microcredito\/#breadcrumb"},"inLanguage":"pt-BR","potentialAction":[{"@type":"ReadAction","target":["https:\/\/www.suno.com.br\/noticias\/banco-do-nordeste-edital-operacionalizacao-microcredito\/"]}]},{"@type":"ImageObject","inLanguage":"pt-BR","@id":"https:\/\/www.suno.com.br\/noticias\/banco-do-nordeste-edital-operacionalizacao-microcredito\/#primaryimage","url":"https:\/\/files.sunoresearch.com.br\/n\/uploads\/2021\/10\/Fachada-da-Agencia-de-Russas-scaled.jpg","contentUrl":"https:\/\/files.sunoresearch.com.br\/n\/uploads\/2021\/10\/Fachada-da-Agencia-de-Russas-scaled.jpg","width":2560,"height":1920,"caption":"Fachada da Ag\u00eancia de Russas. Foto: Divulga\u00e7\u00e3o"},{"@type":"BreadcrumbList","@id":"https:\/\/www.suno.com.br\/noticias\/banco-do-nordeste-edital-operacionalizacao-microcredito\/#breadcrumb","itemListElement":[{"@type":"ListItem","position":1,"name":"Not\u00edcias","item":"https:\/\/www.suno.com.br\/noticias\/"},{"@type":"ListItem","position":2,"name":"Neg\u00f3cios","item":"https:\/\/www.suno.com.br\/noticias\/negocios\/"},{"@type":"ListItem","position":3,"name":"Banco do Nordeste (BNBR3) lan\u00e7a edital em busca de parceiros para viabilizar programa de microcr\u00e9dito"}]},{"@type":"WebSite","@id":"https:\/\/www.suno.com.br\/noticias\/#website","url":"https:\/\/www.suno.com.br\/noticias\/","name":"Suno Not\u00edcias","description":"Seu portal de informa\u00e7\u00e3o sobre o mundo dos investimentos","publisher":{"@id":"https:\/\/www.suno.com.br\/noticias\/#organization"},"potentialAction":[{"@type":"SearchAction","target":{"@type":"EntryPoint","urlTemplate":"https:\/\/www.suno.com.br\/noticias\/?s={search_term_string}"},"query-input":{"@type":"PropertyValueSpecification","valueRequired":true,"valueName":"search_term_string"}}],"inLanguage":"pt-BR"},{"@type":"Organization","@id":"https:\/\/www.suno.com.br\/noticias\/#organization","name":"Suno Not\u00edcias","url":"https:\/\/www.suno.com.br\/noticias\/","logo":{"@type":"ImageObject","inLanguage":"pt-BR","@id":"https:\/\/www.suno.com.br\/noticias\/#\/schema\/logo\/image\/","url":"https:\/\/files.sunoresearch.com.br\/n\/uploads\/2021\/09\/suno-logo.png","contentUrl":"https:\/\/files.sunoresearch.com.br\/n\/uploads\/2021\/09\/suno-logo.png","width":180,"height":180,"caption":"Suno Not\u00edcias"},"image":{"@id":"https:\/\/www.suno.com.br\/noticias\/#\/schema\/logo\/image\/"},"sameAs":["https:\/\/facebook.com\/sunoresearch","https:\/\/x.com\/sunoresearch","https:\/\/www.instagram.com\/suno","https:\/\/www.linkedin.com\/company\/suno-research\/","https:\/\/www.youtube.com\/c\/sunoresearch"]},{"@type":"Person","@id":"https:\/\/www.suno.com.br\/noticias\/#\/schema\/person\/053a750a709a263919a20f976caae91c","name":"Arthur Guimar\u00e3es","image":{"@type":"ImageObject","inLanguage":"pt-BR","@id":"https:\/\/www.suno.com.br\/noticias\/#\/schema\/person\/image\/","url":"https:\/\/secure.gravatar.com\/avatar\/1affd86a11209ae09eb6dd3bcad3e96c?s=96&r=g","contentUrl":"https:\/\/secure.gravatar.com\/avatar\/1affd86a11209ae09eb6dd3bcad3e96c?s=96&r=g","caption":"Arthur Guimar\u00e3es"},"description":"Arthur Guimar\u00e3es escreve sobre pol\u00edtica, economia e neg\u00f3cios para o portal de not\u00edcias da Suno Research. Atualmente, \u00e9 estudante de jornalismo pela Faculdade C\u00e1sper L\u00edbero.","url":"https:\/\/www.suno.com.br\/noticias\/author\/arthur-guimaraes\/"}]}},"default_loop_html":"<div class=\"cardsPage__listCard__boxs\"><div class=\"cardsPage__listCard__boxs__img\"><a href=\"https:\/\/www.suno.com.br\/noticias\/banco-do-nordeste-edital-operacionalizacao-microcredito\/\"><img class=\"mask\" src=\"https:\/\/www.suno.com.br\/noticias\/wp-content\/themes\/suno\/resources\/images\/spotlight\/spotlight1img\/bg-mask.png\" alt=\"Image Mask\"\/><img src=\"https:\/\/files.sunoresearch.com.br\/n\/uploads\/2021\/10\/Fachada-da-Agencia-de-Russas-400x200.jpg\" alt=\"Banco do Nordeste (BNBR3) lan\u00e7a edital em busca de parceiros para viabilizar programa de microcr\u00e9dito\"\/><\/a><span class=\"spotlightCategory\"><a href=\"https:\/\/www.suno.com.br\/noticias\/negocios\/\">Neg\u00f3cios<\/a><\/span><\/div><div class=\"cardsPage__listCard__boxs__content\"><a href=\"https:\/\/www.suno.com.br\/noticias\/banco-do-nordeste-edital-operacionalizacao-microcredito\/\"><h2 class=\"content__title\">Banco do Nordeste (BNBR3) lan\u00e7a edital em busca de parceiros para viabilizar programa de microcr\u00e9dito<\/h2><\/a><div class=\"newsContent__article__meta\"><div class=\"newsContent__article__meta__authorBox\"><a href=\"https:\/\/www.suno.com.br\/noticias\/author\/arthur-guimaraes\/\" class=\"authorBox__avatar noMobi\"><img src=\"https:\/\/files.sunoresearch.com.br\/n\/uploads\/2020\/02\/dfb40897-eu-150x150.webp\" alt=\"Arthur Guimar\u00e3es\"><\/a><div class=\"authorBox__name\"><span>por\n\t\t\t<a href=\"https:\/\/www.suno.com.br\/noticias\/author\/arthur-guimaraes\/\"><span itemprop=\"author\">Arthur Guimar\u00e3es<\/span><\/a><\/span><time datetime=\"2021-10-11T20:02:36-03:00\" itemprop=\"datePublished\">11\/10\/2021 20:02<\/time><\/div><\/div><\/div><\/div><\/div>","single_layout":"posts","amp_enabled":true,"_links":{"self":[{"href":"https:\/\/www.suno.com.br\/noticias\/wp-json\/wp\/v2\/posts\/192933"}],"collection":[{"href":"https:\/\/www.suno.com.br\/noticias\/wp-json\/wp\/v2\/posts"}],"about":[{"href":"https:\/\/www.suno.com.br\/noticias\/wp-json\/wp\/v2\/types\/post"}],"author":[{"embeddable":true,"href":"https:\/\/www.suno.com.br\/noticias\/wp-json\/wp\/v2\/users\/35"}],"replies":[{"embeddable":true,"href":"https:\/\/www.suno.com.br\/noticias\/wp-json\/wp\/v2\/comments?post=192933"}],"version-history":[{"count":3,"href":"https:\/\/www.suno.com.br\/noticias\/wp-json\/wp\/v2\/posts\/192933\/revisions"}],"predecessor-version":[{"id":192968,"href":"https:\/\/www.suno.com.br\/noticias\/wp-json\/wp\/v2\/posts\/192933\/revisions\/192968"}],"wp:featuredmedia":[{"embeddable":true,"href":"https:\/\/www.suno.com.br\/noticias\/wp-json\/wp\/v2\/media\/192954"}],"wp:attachment":[{"href":"https:\/\/www.suno.com.br\/noticias\/wp-json\/wp\/v2\/media?parent=192933"}],"wp:term":[{"taxonomy":"category","embeddable":true,"href":"https:\/\/www.suno.com.br\/noticias\/wp-json\/wp\/v2\/categories?post=192933"},{"taxonomy":"post_tag","embeddable":true,"href":"https:\/\/www.suno.com.br\/noticias\/wp-json\/wp\/v2\/tags?post=192933"},{"taxonomy":"suno_strategy","embeddable":true,"href":"https:\/\/www.suno.com.br\/noticias\/wp-json\/wp\/v2\/suno_strategy?post=192933"}],"curies":[{"name":"wp","href":"https:\/\/api.w.org\/{rel}","templated":true}]}}