{"id":19293,"date":"2019-03-28T09:24:28","date_gmt":"2019-03-28T12:24:28","guid":{"rendered":"https:\/\/www.suno.com.br\/noticias\/?p=19293"},"modified":"2019-03-28T09:32:19","modified_gmt":"2019-03-28T12:32:19","slug":"dolar-28032019","status":"publish","type":"post","link":"https:\/\/www.suno.com.br\/noticias\/dolar-28032019\/","title":{"rendered":"D\u00f3lar bate os R$ 4; Tens\u00e3o entre Bolsonaro e Maia segue no radar"},"content":{"rendered":"<p>D\u00f3lar inicia a quinta-feira (28) em forte alta.<\/p>\t<div class=\"wrapper-featured-image\">\n\t\t<figure class=\"spotlightImg\">\n\n\t\t\t<picture>\n\t\t\t\t<source media=\"(max-width: 768px)\" srcset=\"https:\/\/files.sunoresearch.com.br\/n\/uploads\/2019\/01\/7e88c6e8-d\u00f3lar-400x200.webp\">\n\t\t\t\t<img loading=\"lazy\" decoding=\"async\" class=\"newsContent__article__imgCapa lazyloadDisabled newsContent__article__imgCapa--noCaption\" src=\"https:\/\/files.sunoresearch.com.br\/n\/uploads\/2019\/01\/7e88c6e8-d\u00f3lar-800x450.webp\" width=\"800\" height=\"450\" alt=\"D\u00f3lar bate os R$ 4; Tens\u00e3o entre Bolsonaro e Maia segue no radar\" fetchpriority=high \/>\n\t\t\t<\/picture>\n\n\t\t\t<figcaption class=\"wp-caption-text wp-caption-text--hide\">O d\u00f3lar hoje ampliou os ganhos ap\u00f3s avan\u00e7ar 0,43% no dia anterior<\/figcaption>\n\t\t<\/figure>\n\t<\/div>\n\n\n<p>O <strong>d\u00f3lar<\/strong> ainda opera sob os efeitos do \u00faltimo preg\u00e3o, com declara\u00e7\u00f5es do ministro da Economia, <strong>Paulo Guedes<\/strong>, sobre a <strong>reforma da Previd\u00eancia<\/strong> e tamb\u00e9m seu desapego ao cargo.<\/p>\n<p>A troca de farpas entre <strong>Maia<\/strong> e <strong>Bolsonaro<\/strong> tem um novo cap\u00edtulo. Externamente, <strong>May<\/strong> afirma que deixar\u00e1 o cargo e <strong>Estados Unidos<\/strong> e <strong>China<\/strong> t\u00eam uma nova rodada de<strong> negocia\u00e7\u00f5es comerciais<\/strong>.<\/p>\n<p>Por volta das 9h19, a<strong> moeda norte-americana<\/strong> valorizada 0,594% sendo negociada a R$ 3,978. A moeda chegou a bater R$ 4,0165 nos primeiros neg\u00f3cios da sess\u00e3o, acentuando ainda mais a<strong> inseguran\u00e7a do mercado<\/strong> em rela\u00e7\u00e3o ao <strong>cen\u00e1rio pol\u00edtico<\/strong> brasileiro.<\/p>\n<p>Principais assuntos que devem mexer com a cota\u00e7\u00e3o do d\u00f3lar nesta quinta-feira:<\/p>\n<ul>\n<li><strong>Reforma da Previd\u00eancia;<\/strong><\/li>\n<li><strong>Demiss\u00e3o de May;<\/strong><\/li>\n<li><strong>Leil\u00e3o de d\u00f3lares do Banco Central;<\/strong><\/li>\n<li><strong>Negocia\u00e7\u00e3o EUA x China.<\/strong><\/li>\n<\/ul>\n<h2>Reforma da Previd\u00eancia<\/h2>\n<p>Em rela\u00e7\u00e3o a <strong>reforma da Previd\u00eancia<\/strong>, o mercado se movimentar\u00e1 em cima das novidades sobre o <strong>avan\u00e7o da proposta<\/strong>. No entanto, at\u00e9 o momento a falta de alinhamento das lideran\u00e7as \u00e9 o que mais chama a aten\u00e7\u00e3o e mant\u00e9m os <strong>investidores<\/strong> inseguros.<\/p>\n<p><a href=\"https:\/\/www.suno.com.br\/noticias\/reforma-previdencia-bola-guedes\/\">Saiba mais:\u00a0Reforma da Previd\u00eancia: a bola est\u00e1 com o Congresso, diz Paulo Guedes<\/a><\/p>\n<p>Ap\u00f3s n\u00e3o comparecer na <strong>Comiss\u00e3o de Constitui\u00e7\u00e3o e Justi\u00e7a (CCJ)<\/strong>, o ministro da Economia, <strong>Paulo Guedes<\/strong>, foi \u00e0<strong> Comiss\u00e3o de Assuntos Econ\u00f4micos (CAE)<\/strong> do Senado, na \u00faltima quarta-feira (27), para defender a reforma.<\/p>\n<p>Na CAE, o ministro falou sobre a import\u00e2ncia da reforma da Previd\u00eancia e da descentraliza\u00e7\u00e3o dos recursos. De acordo com o ministro, a classe pol\u00edtica est\u00e1 &#8220;convidada a assumir o protagonismo&#8221; na aprova\u00e7\u00e3o do projeto. Ele ainda afirmou que &#8220;a bola est\u00e1 com o <strong>Congresso<\/strong>&#8220;.<\/p>\n<h3>Bolsonaro x Maia<\/h3>\n<p>A afirma\u00e7\u00e3o do ministro vai em acordo com o discurso do presidente da Rep\u00fablica, <strong>Jair Bolsonaro<\/strong>, que, no \u00faltimo s\u00e1bado (23), afirmou que a responsabilidade pela reforma da Previd\u00eancia est\u00e1, neste momento, com o <strong>Parlamento brasileiro<\/strong>.<\/p>\n<p>Em contrapartida, o presidente da C\u00e2mara, <strong>Rodrigo Maia<\/strong>, cobrava uma maior movimenta\u00e7\u00e3o da <strong>equipe econ\u00f4mica<\/strong> para que a proposta fosse aprovada e, ainda, amea\u00e7ou deixar a articula\u00e7\u00e3o pol\u00edtica da PEC.<\/p>\n<p><a href=\"https:\/\/www.suno.com.br\/noticias\/velha-politica-bolsonaro-pacificar-relacoes\/\">Saiba mais:\u00a0Ap\u00f3s abrir fogo contra \u2018velha pol\u00edtica\u2019, Bolsonaro tenta pacificar rela\u00e7\u00f5es<\/a><\/p>\n<p><a href=\"https:\/\/www.suno.com.br\/noticias\/reforma-da-previdencia-maia-dialogo\/\">Saiba mais:\u00a0Reforma da Previd\u00eancia: Maia pede di\u00e1logo para aprovar proposta<\/a><\/p>\n<p>A troca de farpas que acontece desde a semana passada devido a tramita\u00e7\u00e3o e a responsabilidade sobre a reforma, segue acontecendo.<\/p>\n<p>Desta vez, o <strong>presidente da C\u00e2mara<\/strong> afirmou que o <strong>Jair Bolsonaro<\/strong> est\u00e1 &#8220;brincando de presidir&#8221;. A declara\u00e7\u00e3o de Maia gerou mais um cap\u00edtulo da briga dos l\u00edderes.<\/p>\n<p>O <strong>presidente da Rep\u00fablica<\/strong> n\u00e3o ficou calado e rebateu dizendo que lamenta caso Maia realmente tenha falado isso.\u00a0De acordo com Bolsonaro, &#8220;n\u00e3o \u00e9 palavra de uma pessoa que conduz uma casa. Brincar? Se algu\u00e9m quiser que eu fa\u00e7a o que os presidentes anteriores fizeram, eu n\u00e3o vou fazer&#8221;.<\/p>\n<p>O presidente ainda falou que &#8220;n\u00e3o existe brincadeira&#8221; da sua parte e que quer &#8220;acreditar que ele [Rodrigo Maia] n\u00e3o tenha falado isso&#8221;.<\/p>\n<h2>Demiss\u00e3o de May<\/h2>\n<p>A primeira-ministra do Reino Unido, <strong>Theresa May<\/strong>, afirmou que deixar\u00e1 seu cargo ap\u00f3s o acordo do <strong>Brexit<\/strong> ser aprovado. De acordo com May, a sua ren\u00fancia ser\u00e1 apresentada aos parlamentares conservadores ap\u00f3s a aprova\u00e7\u00e3o da sa\u00edda da Uni\u00e3o Europeia (UE).<\/p>\n<p><a href=\"https:\/\/www.suno.com.br\/noticias\/brexit-may-diz-que-renunciara-caso-parlamento-aprove-acordo\/\">Saiba mais:\u00a0Brexit: May diz que renunciar\u00e1 caso Parlamento aprove acordo<\/a><\/p>\n<p>Segundo a primeira-ministra, as vota\u00e7\u00f5es do Parlamento contra sua proposta do Brexit foram uma mensagem contra ela e que entendeu o recado.<\/p>\n<h2>Leil\u00e3o de d\u00f3lares do Banco Central<\/h2>\n<p>O <strong>Banco Central<\/strong> anunciou que ser\u00e1 realizado um <strong>leil\u00e3o<\/strong> de at\u00e9 US$ 1 bilh\u00e3o no preg\u00e3o desta quinta-feira. O objetivo \u00e9 frear a crescente da moeda norte-americana. A opera\u00e7\u00e3o \u00e9 de venda com compromisso de recompra.<\/p>\n<h2>Negocia\u00e7\u00f5es EUA x China<\/h2>\n<p>Uma delega\u00e7\u00e3o dos <strong>Estados Unidos<\/strong> liderada pelo representante de Com\u00e9rcio, <strong>Robert Lightizer<\/strong>, e pelo secret\u00e1rio do Tesouro, <strong>Steven Mnuchin<\/strong>, visitar\u00e1 a China entre est\u00e1 quinta (28) e a pr\u00f3xima sexta (29).<\/p>\n<p>Em troca, o vice-primeiro-ministro <strong>Liu He<\/strong> vai para os Estados Unidos em abril para mais discuss\u00f5es. O objetivo das economias \u00e9 selar definitivamente o <strong>acordo comercial<\/strong> e acabar com as disputas e taxa\u00e7\u00f5es.<\/p>\n<h2>\u00daltima cota\u00e7\u00e3o<\/h2>\n<p>Na \u00faltima sess\u00e3o, na quarta-feira (27), o <strong>d\u00f3lar<\/strong> registrou uma alta de 2,273% sendo cotada a R$ 3,9545 na venda. Essa \u00e9 o maior valor atingido pela <strong>moeda norte-americana<\/strong> no ano.<\/p>\n","protected":false},"excerpt":{"rendered":"<p>D\u00f3lar inicia a quinta-feira (28) em forte alta. O d\u00f3lar hoje ampliou os ganhos ap\u00f3s avan\u00e7ar 0,43% no dia anterior O d\u00f3lar ainda opera sob os efeitos do \u00faltimo preg\u00e3o, com declara\u00e7\u00f5es do ministro da Economia, Paulo Guedes, sobre a reforma da Previd\u00eancia e tamb\u00e9m seu desapego ao cargo. A troca de farpas entre Maia [&hellip;]<\/p>\n","protected":false},"author":11,"featured_media":12223,"comment_status":"closed","ping_status":"closed","sticky":false,"template":"","format":"standard","meta":[],"categories":[60],"tags":[326],"suno_strategy":[],"class_list":["post-19293","post","type-post","status-publish","format-standard","has-post-thumbnail","hentry","category-mercado","tag-dolar"],"yoast_head":"<!-- This site is optimized with the Yoast SEO plugin v24.4 - https:\/\/yoast.com\/wordpress\/plugins\/seo\/ -->\n<title>D\u00f3lar bate os R$ 4; Tens\u00e3o entre Bolsonaro e Maia segue no radar<\/title>\n<meta name=\"description\" content=\"D\u00f3lar segue em alta com Brexit, reforma e negocia\u00e7\u00f5es comerciais movimentando o mercado; Clique e saiba mais.\" \/>\n<meta name=\"robots\" content=\"index, follow, max-snippet:-1, max-image-preview:large, max-video-preview:-1\" \/>\n<link rel=\"canonical\" href=\"https:\/\/www.suno.com.br\/noticias\/dolar-28032019\/\" \/>\n<meta property=\"og:locale\" content=\"pt_BR\" \/>\n<meta property=\"og:type\" content=\"article\" \/>\n<meta property=\"og:title\" content=\"D\u00f3lar bate os R$ 4; Tens\u00e3o entre Bolsonaro e Maia segue no radar\" \/>\n<meta property=\"og:description\" content=\"D\u00f3lar segue em alta com Brexit, reforma e negocia\u00e7\u00f5es comerciais movimentando o mercado; Clique e saiba mais.\" \/>\n<meta property=\"og:url\" content=\"https:\/\/www.suno.com.br\/noticias\/dolar-28032019\/\" \/>\n<meta property=\"og:site_name\" content=\"Suno Not\u00edcias\" \/>\n<meta property=\"article:publisher\" content=\"https:\/\/facebook.com\/sunoresearch\" \/>\n<meta property=\"og:image\" content=\"https:\/\/files.sunoresearch.com.br\/n\/uploads\/2019\/01\/7e88c6e8-d\u00f3lar.jpg\" \/>\n\t<meta property=\"og:image:width\" content=\"1024\" \/>\n\t<meta property=\"og:image:height\" content=\"658\" \/>\n\t<meta property=\"og:image:type\" content=\"image\/jpeg\" \/>\n<meta name=\"author\" content=\"Renan Bandeira\" \/>\n<meta name=\"twitter:card\" content=\"summary_large_image\" \/>\n<meta name=\"twitter:creator\" content=\"@sunoresearch\" \/>\n<meta name=\"twitter:site\" content=\"@sunoresearch\" \/>\n<meta name=\"twitter:label1\" content=\"Escrito por\" \/>\n\t<meta name=\"twitter:data1\" content=\"Renan Bandeira\" \/>\n\t<meta name=\"twitter:label2\" content=\"Est. tempo de leitura\" \/>\n\t<meta name=\"twitter:data2\" content=\"4 minutos\" \/>\n<script type=\"application\/ld+json\" class=\"yoast-schema-graph\">{\"@context\":\"https:\/\/schema.org\",\"@graph\":[{\"@type\":\"NewsArticle\",\"@id\":\"https:\/\/www.suno.com.br\/noticias\/dolar-28032019\/#article\",\"isPartOf\":{\"@id\":\"https:\/\/www.suno.com.br\/noticias\/dolar-28032019\/\"},\"author\":{\"name\":\"Renan Bandeira\",\"@id\":\"https:\/\/www.suno.com.br\/noticias\/#\/schema\/person\/fc144a1c6108bd1dcd43784e88a3c138\"},\"headline\":\"D\u00f3lar bate os R$ 4; Tens\u00e3o entre Bolsonaro e Maia segue no radar\",\"datePublished\":\"2019-03-28T12:24:28+00:00\",\"dateModified\":\"2019-03-28T12:32:19+00:00\",\"mainEntityOfPage\":{\"@id\":\"https:\/\/www.suno.com.br\/noticias\/dolar-28032019\/\"},\"wordCount\":792,\"publisher\":{\"@id\":\"https:\/\/www.suno.com.br\/noticias\/#organization\"},\"image\":{\"@id\":\"https:\/\/www.suno.com.br\/noticias\/dolar-28032019\/#primaryimage\"},\"thumbnailUrl\":\"https:\/\/files.sunoresearch.com.br\/n\/uploads\/2019\/01\/7e88c6e8-d\u00f3lar-jpg.webp\",\"keywords\":[\"d\u00f3lar\"],\"articleSection\":[\"Mercado\"],\"inLanguage\":\"pt-BR\"},{\"@type\":\"WebPage\",\"@id\":\"https:\/\/www.suno.com.br\/noticias\/dolar-28032019\/\",\"url\":\"https:\/\/www.suno.com.br\/noticias\/dolar-28032019\/\",\"name\":\"D\u00f3lar bate os R$ 4; Tens\u00e3o entre Bolsonaro e Maia segue no radar\",\"isPartOf\":{\"@id\":\"https:\/\/www.suno.com.br\/noticias\/#website\"},\"primaryImageOfPage\":{\"@id\":\"https:\/\/www.suno.com.br\/noticias\/dolar-28032019\/#primaryimage\"},\"image\":{\"@id\":\"https:\/\/www.suno.com.br\/noticias\/dolar-28032019\/#primaryimage\"},\"thumbnailUrl\":\"https:\/\/files.sunoresearch.com.br\/n\/uploads\/2019\/01\/7e88c6e8-d\u00f3lar-jpg.webp\",\"datePublished\":\"2019-03-28T12:24:28+00:00\",\"dateModified\":\"2019-03-28T12:32:19+00:00\",\"description\":\"D\u00f3lar segue em alta com Brexit, reforma e negocia\u00e7\u00f5es comerciais movimentando o mercado; Clique e saiba mais.\",\"breadcrumb\":{\"@id\":\"https:\/\/www.suno.com.br\/noticias\/dolar-28032019\/#breadcrumb\"},\"inLanguage\":\"pt-BR\",\"potentialAction\":[{\"@type\":\"ReadAction\",\"target\":[\"https:\/\/www.suno.com.br\/noticias\/dolar-28032019\/\"]}]},{\"@type\":\"ImageObject\",\"inLanguage\":\"pt-BR\",\"@id\":\"https:\/\/www.suno.com.br\/noticias\/dolar-28032019\/#primaryimage\",\"url\":\"https:\/\/files.sunoresearch.com.br\/n\/uploads\/2019\/01\/7e88c6e8-d\u00f3lar-jpg.webp\",\"contentUrl\":\"https:\/\/files.sunoresearch.com.br\/n\/uploads\/2019\/01\/7e88c6e8-d\u00f3lar-jpg.webp\",\"width\":1024,\"height\":658,\"caption\":\"O d\u00f3lar hoje ampliou os ganhos ap\u00f3s avan\u00e7ar 0,43% no dia anterior\"},{\"@type\":\"BreadcrumbList\",\"@id\":\"https:\/\/www.suno.com.br\/noticias\/dolar-28032019\/#breadcrumb\",\"itemListElement\":[{\"@type\":\"ListItem\",\"position\":1,\"name\":\"Not\u00edcias\",\"item\":\"https:\/\/www.suno.com.br\/noticias\/\"},{\"@type\":\"ListItem\",\"position\":2,\"name\":\"Mercado\",\"item\":\"https:\/\/www.suno.com.br\/noticias\/mercado\/\"},{\"@type\":\"ListItem\",\"position\":3,\"name\":\"D\u00f3lar bate os R$ 4; Tens\u00e3o entre Bolsonaro e Maia segue no radar\"}]},{\"@type\":\"WebSite\",\"@id\":\"https:\/\/www.suno.com.br\/noticias\/#website\",\"url\":\"https:\/\/www.suno.com.br\/noticias\/\",\"name\":\"Suno Not\u00edcias\",\"description\":\"Seu portal de informa\u00e7\u00e3o sobre o mundo dos investimentos\",\"publisher\":{\"@id\":\"https:\/\/www.suno.com.br\/noticias\/#organization\"},\"potentialAction\":[{\"@type\":\"SearchAction\",\"target\":{\"@type\":\"EntryPoint\",\"urlTemplate\":\"https:\/\/www.suno.com.br\/noticias\/?s={search_term_string}\"},\"query-input\":{\"@type\":\"PropertyValueSpecification\",\"valueRequired\":true,\"valueName\":\"search_term_string\"}}],\"inLanguage\":\"pt-BR\"},{\"@type\":\"Organization\",\"@id\":\"https:\/\/www.suno.com.br\/noticias\/#organization\",\"name\":\"Suno Not\u00edcias\",\"url\":\"https:\/\/www.suno.com.br\/noticias\/\",\"logo\":{\"@type\":\"ImageObject\",\"inLanguage\":\"pt-BR\",\"@id\":\"https:\/\/www.suno.com.br\/noticias\/#\/schema\/logo\/image\/\",\"url\":\"https:\/\/files.sunoresearch.com.br\/n\/uploads\/2021\/09\/suno-logo.png\",\"contentUrl\":\"https:\/\/files.sunoresearch.com.br\/n\/uploads\/2021\/09\/suno-logo.png\",\"width\":180,\"height\":180,\"caption\":\"Suno Not\u00edcias\"},\"image\":{\"@id\":\"https:\/\/www.suno.com.br\/noticias\/#\/schema\/logo\/image\/\"},\"sameAs\":[\"https:\/\/facebook.com\/sunoresearch\",\"https:\/\/x.com\/sunoresearch\",\"https:\/\/www.instagram.com\/suno\",\"https:\/\/www.linkedin.com\/company\/suno-research\/\",\"https:\/\/www.youtube.com\/c\/sunoresearch\"]},{\"@type\":\"Person\",\"@id\":\"https:\/\/www.suno.com.br\/noticias\/#\/schema\/person\/fc144a1c6108bd1dcd43784e88a3c138\",\"name\":\"Renan Bandeira\",\"image\":{\"@type\":\"ImageObject\",\"inLanguage\":\"pt-BR\",\"@id\":\"https:\/\/www.suno.com.br\/noticias\/#\/schema\/person\/image\/\",\"url\":\"https:\/\/secure.gravatar.com\/avatar\/68359cdb608f14f11bbefcb78f3fc747?s=96&r=g\",\"contentUrl\":\"https:\/\/secure.gravatar.com\/avatar\/68359cdb608f14f11bbefcb78f3fc747?s=96&r=g\",\"caption\":\"Renan Bandeira\"},\"description\":\"Renan Bandeira escreve sobre pol\u00edtica e economia para o portal da Suno Research. Antes da Suno, trabalhou em uma rede de televis\u00e3o, onde fazia reportagens sobre os mesmos temas. Estuda na Universidade Metodista de S\u00e3o Paulo.\",\"url\":\"https:\/\/www.suno.com.br\/noticias\/author\/renan-bandeira\/\"}]}<\/script>\n<!-- \/ Yoast SEO plugin. -->","yoast_head_json":{"title":"D\u00f3lar bate os R$ 4; Tens\u00e3o entre Bolsonaro e Maia segue no radar","description":"D\u00f3lar segue em alta com Brexit, reforma e negocia\u00e7\u00f5es comerciais movimentando o mercado; Clique e saiba mais.","robots":{"index":"index","follow":"follow","max-snippet":"max-snippet:-1","max-image-preview":"max-image-preview:large","max-video-preview":"max-video-preview:-1"},"canonical":"https:\/\/www.suno.com.br\/noticias\/dolar-28032019\/","og_locale":"pt_BR","og_type":"article","og_title":"D\u00f3lar bate os R$ 4; Tens\u00e3o entre Bolsonaro e Maia segue no radar","og_description":"D\u00f3lar segue em alta com Brexit, reforma e negocia\u00e7\u00f5es comerciais movimentando o mercado; Clique e saiba mais.","og_url":"https:\/\/www.suno.com.br\/noticias\/dolar-28032019\/","og_site_name":"Suno Not\u00edcias","article_publisher":"https:\/\/facebook.com\/sunoresearch","og_image":[{"width":1024,"height":658,"url":"https:\/\/files.sunoresearch.com.br\/n\/uploads\/2019\/01\/7e88c6e8-d\u00f3lar.jpg","type":"image\/jpeg"}],"author":"Renan Bandeira","twitter_card":"summary_large_image","twitter_creator":"@sunoresearch","twitter_site":"@sunoresearch","twitter_misc":{"Escrito por":"Renan Bandeira","Est. tempo de leitura":"4 minutos"},"schema":{"@context":"https:\/\/schema.org","@graph":[{"@type":"NewsArticle","@id":"https:\/\/www.suno.com.br\/noticias\/dolar-28032019\/#article","isPartOf":{"@id":"https:\/\/www.suno.com.br\/noticias\/dolar-28032019\/"},"author":{"name":"Renan Bandeira","@id":"https:\/\/www.suno.com.br\/noticias\/#\/schema\/person\/fc144a1c6108bd1dcd43784e88a3c138"},"headline":"D\u00f3lar bate os R$ 4; Tens\u00e3o entre Bolsonaro e Maia segue no radar","datePublished":"2019-03-28T12:24:28+00:00","dateModified":"2019-03-28T12:32:19+00:00","mainEntityOfPage":{"@id":"https:\/\/www.suno.com.br\/noticias\/dolar-28032019\/"},"wordCount":792,"publisher":{"@id":"https:\/\/www.suno.com.br\/noticias\/#organization"},"image":{"@id":"https:\/\/www.suno.com.br\/noticias\/dolar-28032019\/#primaryimage"},"thumbnailUrl":"https:\/\/files.sunoresearch.com.br\/n\/uploads\/2019\/01\/7e88c6e8-d\u00f3lar-jpg.webp","keywords":["d\u00f3lar"],"articleSection":["Mercado"],"inLanguage":"pt-BR"},{"@type":"WebPage","@id":"https:\/\/www.suno.com.br\/noticias\/dolar-28032019\/","url":"https:\/\/www.suno.com.br\/noticias\/dolar-28032019\/","name":"D\u00f3lar bate os R$ 4; Tens\u00e3o entre Bolsonaro e Maia segue no radar","isPartOf":{"@id":"https:\/\/www.suno.com.br\/noticias\/#website"},"primaryImageOfPage":{"@id":"https:\/\/www.suno.com.br\/noticias\/dolar-28032019\/#primaryimage"},"image":{"@id":"https:\/\/www.suno.com.br\/noticias\/dolar-28032019\/#primaryimage"},"thumbnailUrl":"https:\/\/files.sunoresearch.com.br\/n\/uploads\/2019\/01\/7e88c6e8-d\u00f3lar-jpg.webp","datePublished":"2019-03-28T12:24:28+00:00","dateModified":"2019-03-28T12:32:19+00:00","description":"D\u00f3lar segue em alta com Brexit, reforma e negocia\u00e7\u00f5es comerciais movimentando o mercado; Clique e saiba mais.","breadcrumb":{"@id":"https:\/\/www.suno.com.br\/noticias\/dolar-28032019\/#breadcrumb"},"inLanguage":"pt-BR","potentialAction":[{"@type":"ReadAction","target":["https:\/\/www.suno.com.br\/noticias\/dolar-28032019\/"]}]},{"@type":"ImageObject","inLanguage":"pt-BR","@id":"https:\/\/www.suno.com.br\/noticias\/dolar-28032019\/#primaryimage","url":"https:\/\/files.sunoresearch.com.br\/n\/uploads\/2019\/01\/7e88c6e8-d\u00f3lar-jpg.webp","contentUrl":"https:\/\/files.sunoresearch.com.br\/n\/uploads\/2019\/01\/7e88c6e8-d\u00f3lar-jpg.webp","width":1024,"height":658,"caption":"O d\u00f3lar hoje ampliou os ganhos ap\u00f3s avan\u00e7ar 0,43% no dia anterior"},{"@type":"BreadcrumbList","@id":"https:\/\/www.suno.com.br\/noticias\/dolar-28032019\/#breadcrumb","itemListElement":[{"@type":"ListItem","position":1,"name":"Not\u00edcias","item":"https:\/\/www.suno.com.br\/noticias\/"},{"@type":"ListItem","position":2,"name":"Mercado","item":"https:\/\/www.suno.com.br\/noticias\/mercado\/"},{"@type":"ListItem","position":3,"name":"D\u00f3lar bate os R$ 4; Tens\u00e3o entre Bolsonaro e Maia segue no radar"}]},{"@type":"WebSite","@id":"https:\/\/www.suno.com.br\/noticias\/#website","url":"https:\/\/www.suno.com.br\/noticias\/","name":"Suno Not\u00edcias","description":"Seu portal de informa\u00e7\u00e3o sobre o mundo dos investimentos","publisher":{"@id":"https:\/\/www.suno.com.br\/noticias\/#organization"},"potentialAction":[{"@type":"SearchAction","target":{"@type":"EntryPoint","urlTemplate":"https:\/\/www.suno.com.br\/noticias\/?s={search_term_string}"},"query-input":{"@type":"PropertyValueSpecification","valueRequired":true,"valueName":"search_term_string"}}],"inLanguage":"pt-BR"},{"@type":"Organization","@id":"https:\/\/www.suno.com.br\/noticias\/#organization","name":"Suno Not\u00edcias","url":"https:\/\/www.suno.com.br\/noticias\/","logo":{"@type":"ImageObject","inLanguage":"pt-BR","@id":"https:\/\/www.suno.com.br\/noticias\/#\/schema\/logo\/image\/","url":"https:\/\/files.sunoresearch.com.br\/n\/uploads\/2021\/09\/suno-logo.png","contentUrl":"https:\/\/files.sunoresearch.com.br\/n\/uploads\/2021\/09\/suno-logo.png","width":180,"height":180,"caption":"Suno Not\u00edcias"},"image":{"@id":"https:\/\/www.suno.com.br\/noticias\/#\/schema\/logo\/image\/"},"sameAs":["https:\/\/facebook.com\/sunoresearch","https:\/\/x.com\/sunoresearch","https:\/\/www.instagram.com\/suno","https:\/\/www.linkedin.com\/company\/suno-research\/","https:\/\/www.youtube.com\/c\/sunoresearch"]},{"@type":"Person","@id":"https:\/\/www.suno.com.br\/noticias\/#\/schema\/person\/fc144a1c6108bd1dcd43784e88a3c138","name":"Renan Bandeira","image":{"@type":"ImageObject","inLanguage":"pt-BR","@id":"https:\/\/www.suno.com.br\/noticias\/#\/schema\/person\/image\/","url":"https:\/\/secure.gravatar.com\/avatar\/68359cdb608f14f11bbefcb78f3fc747?s=96&r=g","contentUrl":"https:\/\/secure.gravatar.com\/avatar\/68359cdb608f14f11bbefcb78f3fc747?s=96&r=g","caption":"Renan Bandeira"},"description":"Renan Bandeira escreve sobre pol\u00edtica e economia para o portal da Suno Research. Antes da Suno, trabalhou em uma rede de televis\u00e3o, onde fazia reportagens sobre os mesmos temas. Estuda na Universidade Metodista de S\u00e3o Paulo.","url":"https:\/\/www.suno.com.br\/noticias\/author\/renan-bandeira\/"}]}},"default_loop_html":"<div class=\"cardsPage__listCard__boxs\"><div class=\"cardsPage__listCard__boxs__img\"><a href=\"https:\/\/www.suno.com.br\/noticias\/dolar-28032019\/\"><img class=\"mask\" src=\"https:\/\/www.suno.com.br\/noticias\/wp-content\/themes\/suno\/resources\/images\/spotlight\/spotlight1img\/bg-mask.png\" alt=\"Image Mask\"\/><img src=\"https:\/\/files.sunoresearch.com.br\/n\/uploads\/2019\/01\/7e88c6e8-d\u00f3lar-400x200.webp\" alt=\"D\u00f3lar bate os R$ 4; Tens\u00e3o entre Bolsonaro e Maia segue no radar\"\/><\/a><span class=\"spotlightCategory\"><a href=\"https:\/\/www.suno.com.br\/noticias\/mercado\/\">Mercado<\/a><\/span><\/div><div class=\"cardsPage__listCard__boxs__content\"><a href=\"https:\/\/www.suno.com.br\/noticias\/dolar-28032019\/\"><h2 class=\"content__title\">D\u00f3lar bate os R$ 4; Tens\u00e3o entre Bolsonaro e Maia segue no radar<\/h2><\/a><div class=\"newsContent__article__meta\"><div class=\"newsContent__article__meta__authorBox\"><a href=\"https:\/\/www.suno.com.br\/noticias\/author\/renan-bandeira\/\" class=\"authorBox__avatar noMobi\"><img src=\"https:\/\/secure.gravatar.com\/avatar\/68359cdb608f14f11bbefcb78f3fc747?s=96&#038;r=g\" alt=\"Renan Bandeira\"><\/a><div class=\"authorBox__name\"><span>por\n\t\t\t<a href=\"https:\/\/www.suno.com.br\/noticias\/author\/renan-bandeira\/\"><span itemprop=\"author\">Renan Bandeira<\/span><\/a><\/span><time datetime=\"2019-03-28T09:24:28-03:00\" itemprop=\"datePublished\">28\/03\/2019 09:24<\/time><\/div><\/div><\/div><\/div><\/div>","single_layout":"posts","amp_enabled":true,"_links":{"self":[{"href":"https:\/\/www.suno.com.br\/noticias\/wp-json\/wp\/v2\/posts\/19293"}],"collection":[{"href":"https:\/\/www.suno.com.br\/noticias\/wp-json\/wp\/v2\/posts"}],"about":[{"href":"https:\/\/www.suno.com.br\/noticias\/wp-json\/wp\/v2\/types\/post"}],"author":[{"embeddable":true,"href":"https:\/\/www.suno.com.br\/noticias\/wp-json\/wp\/v2\/users\/11"}],"replies":[{"embeddable":true,"href":"https:\/\/www.suno.com.br\/noticias\/wp-json\/wp\/v2\/comments?post=19293"}],"version-history":[{"count":0,"href":"https:\/\/www.suno.com.br\/noticias\/wp-json\/wp\/v2\/posts\/19293\/revisions"}],"wp:featuredmedia":[{"embeddable":true,"href":"https:\/\/www.suno.com.br\/noticias\/wp-json\/wp\/v2\/media\/12223"}],"wp:attachment":[{"href":"https:\/\/www.suno.com.br\/noticias\/wp-json\/wp\/v2\/media?parent=19293"}],"wp:term":[{"taxonomy":"category","embeddable":true,"href":"https:\/\/www.suno.com.br\/noticias\/wp-json\/wp\/v2\/categories?post=19293"},{"taxonomy":"post_tag","embeddable":true,"href":"https:\/\/www.suno.com.br\/noticias\/wp-json\/wp\/v2\/tags?post=19293"},{"taxonomy":"suno_strategy","embeddable":true,"href":"https:\/\/www.suno.com.br\/noticias\/wp-json\/wp\/v2\/suno_strategy?post=19293"}],"curies":[{"name":"wp","href":"https:\/\/api.w.org\/{rel}","templated":true}]}}