{"id":192891,"date":"2021-10-11T19:15:15","date_gmt":"2021-10-11T22:15:15","guid":{"rendered":"https:\/\/www.suno.com.br\/noticias\/?p=192891"},"modified":"2021-10-11T19:19:58","modified_gmt":"2021-10-11T22:19:58","slug":"acoes-da-embraer-embr3-ibovespa-netjets","status":"publish","type":"post","link":"https:\/\/www.suno.com.br\/noticias\/acoes-da-embraer-embr3-ibovespa-netjets\/","title":{"rendered":"A\u00e7\u00e3o da Embraer (EMBR3) decola e fecha entre as maiores altas do Ibovespa"},"content":{"rendered":"<p>A a\u00e7\u00e3o da <a href=\"https:\/\/www.suno.com.br\/acoes\/EMBR3\/\"><strong>Embraer<\/strong> (EMBR3)<\/a> decolou no preg\u00e3o dessa segunda-feira (11), ap\u00f3s a companhia anunciar um acordo para a venda de 100 aeronaves para a companhia a\u00e9rea NetJets.<\/p>\t<div class=\"wrapper-featured-image\">\n\t\t<figure class=\"spotlightImg\">\n\n\t\t\t<picture>\n\t\t\t\t<source media=\"(max-width: 768px)\" srcset=\"https:\/\/files.sunoresearch.com.br\/n\/uploads\/2021\/10\/Phenom-300E_Exterior-Airstair-1-400x200.jpg\">\n\t\t\t\t<img loading=\"lazy\" decoding=\"async\" class=\"newsContent__article__imgCapa lazyloadDisabled \" src=\"https:\/\/files.sunoresearch.com.br\/n\/uploads\/2021\/10\/Phenom-300E_Exterior-Airstair-1-800x450.jpg\" width=\"800\" height=\"450\" alt=\"A\u00e7\u00e3o da Embraer (EMBR3) decola e fecha entre as maiores altas do Ibovespa\" fetchpriority=high \/>\n\t\t\t<\/picture>\n\n\t\t\t<figcaption class=\"wp-caption-text wp-caption-text--show\">Embraer disse que recebeu encomenda adicional de cerca de US$ 1,2 bilh\u00e3o para a entrega de jatos executivos Phenom 300 para a NetJets, de Warren Buffett. Foto: Divulga\u00e7\u00e3o (Embraer)<\/figcaption>\n\t\t<\/figure>\n\t<\/div>\n\n\n\t<p>\n\t\t<a href=\"https:\/\/lp.suno.com.br\/planilha-controle-gastos\/\" target=\"_blank\" data-element=\"shortcode-suno-banner\" title=\"Banner SUNO, clique e saiba mais\">\n\t\t\t<picture>\n\t\t\t\t<source media=\"(max-width: 500px)\" srcset=\"https:\/\/files.sunoresearch.com.br\/n\/uploads\/2023\/03\/400x300-Planilha-controle-de-gastos.png\">\n\t\t\t\t<img class=\"newsContent__article__imgCapa newsContent__article__imgCapa--banner\"\n\t\t\t\t\tsrc=\"https:\/\/files.sunoresearch.com.br\/n\/uploads\/2023\/03\/1420x240-Planilha-controle-de-gastos.png\"\n\t\t\t\t\tdata-promo-id=\"101751\"\t\t\t\t\t\t\t\t\t\twidth='1420' height='240'\t\t\t\t\talt=\"https:\/\/files.sunoresearch.com.br\/n\/uploads\/2023\/03\/1420x240-Planilha-controle-de-gastos.png\"\n\t\t\t\t>\n\t\t\t<\/picture>\n\t\t<\/a>\n\t<\/p>\n\n\n<p>Ao final da sess\u00e3o de hoje, a <strong>a\u00e7\u00e3o da Embraer (EMBR3)<\/strong> havia acumulado uma alta de 4,89%, valendo R$ 25,96. Assim, o papel ficou entre as <strong>maiores altas do Ibovespa hoje<\/strong>.<\/p>\n<p>O \u00edndice acion\u00e1rio, por sua vez, terminou o dia em queda de 0,58%, aos 112.180,48 pontos.<\/p>\n<p>Na manh\u00e3 desta segunda-feira, a Embraer disse que recebeu encomenda adicional de cerca de US$ 1,2 bilh\u00e3o para a entrega de jatos executivos Phenom 300 para a <strong>NetJets<\/strong>, de<strong> Warren Buffett<\/strong>.<\/p>\n\t<p>\n\t\t<a href=\"https:\/\/lp.suno.com.br\/planilha-da-vida-financeira\/\" target=\"_blank\" data-element=\"shortcode-suno-banner\" title=\"Banner SUNO, clique e saiba mais\">\n\t\t\t<picture>\n\t\t\t\t<source media=\"(max-width: 500px)\" srcset=\"https:\/\/files.sunoresearch.com.br\/n\/uploads\/2023\/04\/400x300-Planilha-vida-financeira-true.png\">\n\t\t\t\t<img class=\"newsContent__article__imgCapa newsContent__article__imgCapa--banner\"\n\t\t\t\t\tsrc=\"https:\/\/files.sunoresearch.com.br\/n\/uploads\/2023\/04\/1420x240-Planilha-vida-financeira-true.png\"\n\t\t\t\t\tdata-promo-id=\"106682\"\t\t\t\t\t\t\t\t\t\twidth='1420' height='240'\t\t\t\t\talt=\"https:\/\/files.sunoresearch.com.br\/n\/uploads\/2023\/04\/1420x240-Planilha-vida-financeira-true.png\"\n\t\t\t\t>\n\t\t\t<\/picture>\n\t\t<\/a>\n\t<\/p>\n\n\n<p>O <strong>Phenom 300E<\/strong> \u00e9 o jato leve mais vendido dos \u00faltimos nove anos no segmento. O primeiro acordo de compra da NetJets, assinado em 2010, contemplou 50 pedidos para os jatos executivos, mais op\u00e7\u00f5es de at\u00e9 75 aeronaves adicionais.<\/p>\n<h2>Novo acordo com a NetJets<\/h2>\n<p>A Embraer disse que o novo acordo com a NetJets foi fechado ap\u00f3s a entrega de mais de 100 jatos Phenom 300. O novo contrato prev\u00ea a entrega de at\u00e9 100 aeronaves adicionais e que a NetJets, integrante do grupo <strong>Berkshire Hathaway<\/strong>, come\u00e7ar\u00e1 a receber o modelo Phenom 300E da nova encomenda no segundo trimestre de 2023, para opera\u00e7\u00e3o nos Estados Unidos e Europa.<\/p>\n\t<p>\n\t\t<a href=\"https:\/\/lp.suno.com.br\/ebook-como-analisar-uma-acao\/\" target=\"_blank\" data-element=\"shortcode-suno-banner\" title=\"Banner SUNO, clique e saiba mais\">\n\t\t\t<picture>\n\t\t\t\t<source media=\"(max-width: 500px)\" srcset=\"https:\/\/files.sunoresearch.com.br\/n\/uploads\/2023\/03\/Ebook-Acoes-Mobile-1.jpg\">\n\t\t\t\t<img class=\"newsContent__article__imgCapa newsContent__article__imgCapa--banner\"\n\t\t\t\t\tsrc=\"https:\/\/files.sunoresearch.com.br\/n\/uploads\/2023\/03\/Ebook-Acoes-Desktop-1.jpg\"\n\t\t\t\t\tdata-promo-id=\"171998\"\t\t\t\t\t\t\t\t\t\twidth='1420' height='286'\t\t\t\t\talt=\"https:\/\/files.sunoresearch.com.br\/n\/uploads\/2023\/03\/Ebook-Acoes-Desktop-1.jpg\"\n\t\t\t\t>\n\t\t\t<\/picture>\n\t\t<\/a>\n\t<\/p>\n\n\n<p>\u201cCom este novo pedido, que inclui um abrangente contrato de servi\u00e7os, a NetJets n\u00e3o apenas refor\u00e7a seu compromisso em criar uma experi\u00eancia aprimorada para o cliente, \u00e0 medida que a demanda por avia\u00e7\u00e3o privada continua a crescer, mas tamb\u00e9m sua confian\u00e7a no inovador portf\u00f3lio da Embraer para oferecer a experi\u00eancia perfeita a seus clientes\u201d, disse a Embraer, em comunicado.<\/p>\n<h4>Veja tamb\u00e9m:<\/h4>\n<h2>Embraer exportar\u00e1 24 jatos aos EUA com financiamento do BNDES<\/h2>\n<p>Na \u00faltima semana, a\u00a0Embraer informou que far\u00e1 um financiamento de mais de US$ 500 milh\u00f5es pelo <a class=\"suno-keyword\" href=\"https:\/\/www.suno.com.br\/artigos\/bndes\/\" target=\"_blank\" rel=\"noopener\" data-force=\"no\" data-priority=\"2\">Banco Nacional de Desenvolvimento Econ\u00f4mico e Social (BNDES)<\/a> para a exporta\u00e7\u00e3o de 24 jatos comerciais E175 \u00e0 SkyWest Airlines, dos EUA.<\/p>\n<p>A entrega dos <strong>jatos da Embraer<\/strong> est\u00e1 prevista para ocorrer desde agosto passado at\u00e9 abril de 2022.<\/p>\n\t<p>\n\t\t<a href=\"https:\/\/lp.suno.com.br\/planilha-de-controle-de-investimentos\/\" target=\"_blank\" data-element=\"shortcode-suno-banner\" title=\"Banner SUNO, clique e saiba mais\">\n\t\t\t<picture>\n\t\t\t\t<source media=\"(max-width: 500px)\" srcset=\"https:\/\/files.sunoresearch.com.br\/n\/uploads\/2023\/03\/400x300-Controle-de-Investimentos.png\">\n\t\t\t\t<img class=\"newsContent__article__imgCapa newsContent__article__imgCapa--banner\"\n\t\t\t\t\tsrc=\"https:\/\/files.sunoresearch.com.br\/n\/uploads\/2023\/03\/1420x240-Controle-de-Investimentos.png\"\n\t\t\t\t\tdata-promo-id=\"75934\"\t\t\t\t\t\t\t\t\t\twidth='1420' height='240'\t\t\t\t\talt=\"https:\/\/files.sunoresearch.com.br\/n\/uploads\/2023\/03\/1420x240-Controle-de-Investimentos.png\"\n\t\t\t\t>\n\t\t\t<\/picture>\n\t\t<\/a>\n\t<\/p>\n\n\n<p>A linha, do <strong>BNDES<\/strong> Exim P\u00f3s-embarque, tem desembolsos realizados em reais no Brasil em favor da exportadora (Embraer).<\/p>\n\t<div data-element=\"shortcode-read-more\" class=\"knowMore\">\n\t\t\t\t<span class=\"knowMore__title\">Saiba mais!<\/span>\n\t\t\t\t<a class=\"knowMore__link\" href=\"https:\/\/www.suno.com.br\/noticias\/embraer-embr3-24-jatos-eua-linha-bndes\/\">\n\t\t\tEmbraer (EMBR3) exportar\u00e1 24 jatos aos EUA com financiamento do BNDES\t\t<\/a>\n\t<\/div>\n\n\n<p>Nesse tipo de opera\u00e7\u00e3o, a importadora assume o compromisso de pagamento em d\u00f3lares ao BNDES e h\u00e1 na transa\u00e7\u00e3o um seguro de cr\u00e9dito com cobertura para riscos comerciais, <a href=\"https:\/\/www.suno.com.br\/artigos\/risco-brasil\/\">pol\u00edticos<\/a> e <a href=\"https:\/\/www.suno.com.br\/artigos\/risco-legal\">extraordin\u00e1rios<\/a>.<\/p>\n<p><em>Com informa\u00e7\u00f5es da Ag\u00eancia Brasil<\/em><\/p>\n\t<p>\n\t\t<a href=\"\" target=\"_blank\" data-element=\"shortcode-suno-banner\" title=\"Banner SUNO, clique e saiba mais\">\n\t\t\t<picture>\n\t\t\t\t<source media=\"(max-width: 500px)\" srcset=\"\">\n\t\t\t\t<img class=\"newsContent__article__imgCapa newsContent__article__imgCapa--banner\"\n\t\t\t\t\tsrc=\"\"\n\t\t\t\t\tdata-promo-id=\"184190\"\t\t\t\t\t\t\t\t\t\t\t\t\t\t\talt=\"\"\n\t\t\t\t>\n\t\t\t<\/picture>\n\t\t<\/a>\n\t<\/p>\n\n\n","protected":false},"excerpt":{"rendered":"<p>A a\u00e7\u00e3o da Embraer (EMBR3) decolou no preg\u00e3o dessa segunda-feira (11), ap\u00f3s a companhia anunciar um acordo para a venda de 100 aeronaves para a companhia a\u00e9rea NetJets. Embraer disse que recebeu encomenda adicional de cerca de US$ 1,2 bilh\u00e3o para a entrega de jatos executivos Phenom 300 para a NetJets, de Warren Buffett. Foto: [&hellip;]<\/p>\n","protected":false},"author":39,"featured_media":192945,"comment_status":"closed","ping_status":"closed","sticky":false,"template":"","format":"standard","meta":[],"categories":[60,64],"tags":[460,721],"suno_strategy":[],"class_list":["post-192891","post","type-post","status-publish","format-standard","has-post-thumbnail","hentry","category-mercado","category-negocios","tag-embraer-embr3","tag-ibovespa"],"yoast_head":"<!-- This site is optimized with the Yoast SEO plugin v24.4 - https:\/\/yoast.com\/wordpress\/plugins\/seo\/ -->\n<title>Embraer (EMBR3) decola e fecha entre as maiores altas do Ibovespa<\/title>\n<meta name=\"description\" content=\"Ao final da sess\u00e3o de hoje, a a\u00e7\u00e3o da Embraer (EMBR3) havia acumulado uma alta de 4,89%, valendo R$ 25,96. Clique e saiba mais!\" \/>\n<meta name=\"robots\" content=\"index, follow, max-snippet:-1, max-image-preview:large, max-video-preview:-1\" \/>\n<link rel=\"canonical\" href=\"https:\/\/www.suno.com.br\/noticias\/acoes-da-embraer-embr3-ibovespa-netjets\/\" \/>\n<meta property=\"og:locale\" content=\"pt_BR\" \/>\n<meta property=\"og:type\" content=\"article\" \/>\n<meta property=\"og:title\" content=\"Embraer (EMBR3) decola e fecha entre as maiores altas do Ibovespa\" \/>\n<meta property=\"og:description\" content=\"Ao final da sess\u00e3o de hoje, a a\u00e7\u00e3o da Embraer (EMBR3) havia acumulado uma alta de 4,89%, valendo R$ 25,96. Clique e saiba mais!\" \/>\n<meta property=\"og:url\" content=\"https:\/\/www.suno.com.br\/noticias\/acoes-da-embraer-embr3-ibovespa-netjets\/\" \/>\n<meta property=\"og:site_name\" content=\"Suno Not\u00edcias\" \/>\n<meta property=\"article:publisher\" content=\"https:\/\/facebook.com\/sunoresearch\" \/>\n<meta property=\"og:image\" content=\"https:\/\/files.sunoresearch.com.br\/n\/uploads\/2021\/10\/Phenom-300E_Exterior-Airstair-1.jpg\" \/>\n\t<meta property=\"og:image:width\" content=\"1280\" \/>\n\t<meta property=\"og:image:height\" content=\"853\" \/>\n\t<meta property=\"og:image:type\" content=\"image\/jpeg\" \/>\n<meta name=\"author\" content=\"Laura Moutinho\" \/>\n<meta name=\"twitter:card\" content=\"summary_large_image\" \/>\n<meta name=\"twitter:creator\" content=\"@sunoresearch\" \/>\n<meta name=\"twitter:site\" content=\"@sunoresearch\" \/>\n<meta name=\"twitter:label1\" content=\"Escrito por\" \/>\n\t<meta name=\"twitter:data1\" content=\"Laura Moutinho\" \/>\n\t<meta name=\"twitter:label2\" content=\"Est. tempo de leitura\" \/>\n\t<meta name=\"twitter:data2\" content=\"2 minutos\" \/>\n<script type=\"application\/ld+json\" class=\"yoast-schema-graph\">{\"@context\":\"https:\/\/schema.org\",\"@graph\":[{\"@type\":\"NewsArticle\",\"@id\":\"https:\/\/www.suno.com.br\/noticias\/acoes-da-embraer-embr3-ibovespa-netjets\/#article\",\"isPartOf\":{\"@id\":\"https:\/\/www.suno.com.br\/noticias\/acoes-da-embraer-embr3-ibovespa-netjets\/\"},\"author\":{\"name\":\"Laura Moutinho\",\"@id\":\"https:\/\/www.suno.com.br\/noticias\/#\/schema\/person\/3df0d2808748b74496efe5dbeaef2c72\"},\"headline\":\"A\u00e7\u00e3o da Embraer (EMBR3) decola e fecha entre as maiores altas do Ibovespa\",\"datePublished\":\"2021-10-11T22:15:15+00:00\",\"dateModified\":\"2021-10-11T22:19:58+00:00\",\"mainEntityOfPage\":{\"@id\":\"https:\/\/www.suno.com.br\/noticias\/acoes-da-embraer-embr3-ibovespa-netjets\/\"},\"wordCount\":442,\"publisher\":{\"@id\":\"https:\/\/www.suno.com.br\/noticias\/#organization\"},\"image\":{\"@id\":\"https:\/\/www.suno.com.br\/noticias\/acoes-da-embraer-embr3-ibovespa-netjets\/#primaryimage\"},\"thumbnailUrl\":\"https:\/\/files.sunoresearch.com.br\/n\/uploads\/2021\/10\/Phenom-300E_Exterior-Airstair-1.jpg\",\"keywords\":[\"Embraer (EMBR3)\",\"Ibovespa\"],\"articleSection\":[\"Mercado\",\"Neg\u00f3cios\"],\"inLanguage\":\"pt-BR\"},{\"@type\":\"WebPage\",\"@id\":\"https:\/\/www.suno.com.br\/noticias\/acoes-da-embraer-embr3-ibovespa-netjets\/\",\"url\":\"https:\/\/www.suno.com.br\/noticias\/acoes-da-embraer-embr3-ibovespa-netjets\/\",\"name\":\"Embraer (EMBR3) decola e fecha entre as maiores altas do Ibovespa\",\"isPartOf\":{\"@id\":\"https:\/\/www.suno.com.br\/noticias\/#website\"},\"primaryImageOfPage\":{\"@id\":\"https:\/\/www.suno.com.br\/noticias\/acoes-da-embraer-embr3-ibovespa-netjets\/#primaryimage\"},\"image\":{\"@id\":\"https:\/\/www.suno.com.br\/noticias\/acoes-da-embraer-embr3-ibovespa-netjets\/#primaryimage\"},\"thumbnailUrl\":\"https:\/\/files.sunoresearch.com.br\/n\/uploads\/2021\/10\/Phenom-300E_Exterior-Airstair-1.jpg\",\"datePublished\":\"2021-10-11T22:15:15+00:00\",\"dateModified\":\"2021-10-11T22:19:58+00:00\",\"description\":\"Ao final da sess\u00e3o de hoje, a a\u00e7\u00e3o da Embraer (EMBR3) havia acumulado uma alta de 4,89%, valendo R$ 25,96. Clique e saiba mais!\",\"breadcrumb\":{\"@id\":\"https:\/\/www.suno.com.br\/noticias\/acoes-da-embraer-embr3-ibovespa-netjets\/#breadcrumb\"},\"inLanguage\":\"pt-BR\",\"potentialAction\":[{\"@type\":\"ReadAction\",\"target\":[\"https:\/\/www.suno.com.br\/noticias\/acoes-da-embraer-embr3-ibovespa-netjets\/\"]}]},{\"@type\":\"ImageObject\",\"inLanguage\":\"pt-BR\",\"@id\":\"https:\/\/www.suno.com.br\/noticias\/acoes-da-embraer-embr3-ibovespa-netjets\/#primaryimage\",\"url\":\"https:\/\/files.sunoresearch.com.br\/n\/uploads\/2021\/10\/Phenom-300E_Exterior-Airstair-1.jpg\",\"contentUrl\":\"https:\/\/files.sunoresearch.com.br\/n\/uploads\/2021\/10\/Phenom-300E_Exterior-Airstair-1.jpg\",\"width\":1280,\"height\":853,\"caption\":\"Embraer disse que recebeu encomenda adicional de cerca de US$ 1,2 bilh\u00e3o para a entrega de jatos executivos Phenom 300 para a NetJets, de Warren Buffett. Foto: Divulga\u00e7\u00e3o (Embraer)\"},{\"@type\":\"BreadcrumbList\",\"@id\":\"https:\/\/www.suno.com.br\/noticias\/acoes-da-embraer-embr3-ibovespa-netjets\/#breadcrumb\",\"itemListElement\":[{\"@type\":\"ListItem\",\"position\":1,\"name\":\"Not\u00edcias\",\"item\":\"https:\/\/www.suno.com.br\/noticias\/\"},{\"@type\":\"ListItem\",\"position\":2,\"name\":\"Neg\u00f3cios\",\"item\":\"https:\/\/www.suno.com.br\/noticias\/negocios\/\"},{\"@type\":\"ListItem\",\"position\":3,\"name\":\"A\u00e7\u00e3o da Embraer (EMBR3) decola e fecha entre as maiores altas do Ibovespa\"}]},{\"@type\":\"WebSite\",\"@id\":\"https:\/\/www.suno.com.br\/noticias\/#website\",\"url\":\"https:\/\/www.suno.com.br\/noticias\/\",\"name\":\"Suno Not\u00edcias\",\"description\":\"Seu portal de informa\u00e7\u00e3o sobre o mundo dos investimentos\",\"publisher\":{\"@id\":\"https:\/\/www.suno.com.br\/noticias\/#organization\"},\"potentialAction\":[{\"@type\":\"SearchAction\",\"target\":{\"@type\":\"EntryPoint\",\"urlTemplate\":\"https:\/\/www.suno.com.br\/noticias\/?s={search_term_string}\"},\"query-input\":{\"@type\":\"PropertyValueSpecification\",\"valueRequired\":true,\"valueName\":\"search_term_string\"}}],\"inLanguage\":\"pt-BR\"},{\"@type\":\"Organization\",\"@id\":\"https:\/\/www.suno.com.br\/noticias\/#organization\",\"name\":\"Suno Not\u00edcias\",\"url\":\"https:\/\/www.suno.com.br\/noticias\/\",\"logo\":{\"@type\":\"ImageObject\",\"inLanguage\":\"pt-BR\",\"@id\":\"https:\/\/www.suno.com.br\/noticias\/#\/schema\/logo\/image\/\",\"url\":\"https:\/\/files.sunoresearch.com.br\/n\/uploads\/2021\/09\/suno-logo.png\",\"contentUrl\":\"https:\/\/files.sunoresearch.com.br\/n\/uploads\/2021\/09\/suno-logo.png\",\"width\":180,\"height\":180,\"caption\":\"Suno Not\u00edcias\"},\"image\":{\"@id\":\"https:\/\/www.suno.com.br\/noticias\/#\/schema\/logo\/image\/\"},\"sameAs\":[\"https:\/\/facebook.com\/sunoresearch\",\"https:\/\/x.com\/sunoresearch\",\"https:\/\/www.instagram.com\/suno\",\"https:\/\/www.linkedin.com\/company\/suno-research\/\",\"https:\/\/www.youtube.com\/c\/sunoresearch\"]},{\"@type\":\"Person\",\"@id\":\"https:\/\/www.suno.com.br\/noticias\/#\/schema\/person\/3df0d2808748b74496efe5dbeaef2c72\",\"name\":\"Laura Moutinho\",\"image\":{\"@type\":\"ImageObject\",\"inLanguage\":\"pt-BR\",\"@id\":\"https:\/\/www.suno.com.br\/noticias\/#\/schema\/person\/image\/\",\"url\":\"https:\/\/secure.gravatar.com\/avatar\/7571c7c8ca3a6fca5e41384ece5557ff?s=96&r=g\",\"contentUrl\":\"https:\/\/secure.gravatar.com\/avatar\/7571c7c8ca3a6fca5e41384ece5557ff?s=96&r=g\",\"caption\":\"Laura Moutinho\"},\"description\":\"Estagi\u00e1ria na Suno Not\u00edcias, escreve not\u00edcias que afetam o mercado financeiro. Estuda administra\u00e7\u00e3o na Universidade Presbiteriana Mackenzie.\",\"url\":\"https:\/\/www.suno.com.br\/noticias\/author\/laura-moutinho\/\"}]}<\/script>\n<!-- \/ Yoast SEO plugin. -->","yoast_head_json":{"title":"Embraer (EMBR3) decola e fecha entre as maiores altas do Ibovespa","description":"Ao final da sess\u00e3o de hoje, a a\u00e7\u00e3o da Embraer (EMBR3) havia acumulado uma alta de 4,89%, valendo R$ 25,96. Clique e saiba mais!","robots":{"index":"index","follow":"follow","max-snippet":"max-snippet:-1","max-image-preview":"max-image-preview:large","max-video-preview":"max-video-preview:-1"},"canonical":"https:\/\/www.suno.com.br\/noticias\/acoes-da-embraer-embr3-ibovespa-netjets\/","og_locale":"pt_BR","og_type":"article","og_title":"Embraer (EMBR3) decola e fecha entre as maiores altas do Ibovespa","og_description":"Ao final da sess\u00e3o de hoje, a a\u00e7\u00e3o da Embraer (EMBR3) havia acumulado uma alta de 4,89%, valendo R$ 25,96. Clique e saiba mais!","og_url":"https:\/\/www.suno.com.br\/noticias\/acoes-da-embraer-embr3-ibovespa-netjets\/","og_site_name":"Suno Not\u00edcias","article_publisher":"https:\/\/facebook.com\/sunoresearch","og_image":[{"width":1280,"height":853,"url":"https:\/\/files.sunoresearch.com.br\/n\/uploads\/2021\/10\/Phenom-300E_Exterior-Airstair-1.jpg","type":"image\/jpeg"}],"author":"Laura Moutinho","twitter_card":"summary_large_image","twitter_creator":"@sunoresearch","twitter_site":"@sunoresearch","twitter_misc":{"Escrito por":"Laura Moutinho","Est. tempo de leitura":"2 minutos"},"schema":{"@context":"https:\/\/schema.org","@graph":[{"@type":"NewsArticle","@id":"https:\/\/www.suno.com.br\/noticias\/acoes-da-embraer-embr3-ibovespa-netjets\/#article","isPartOf":{"@id":"https:\/\/www.suno.com.br\/noticias\/acoes-da-embraer-embr3-ibovespa-netjets\/"},"author":{"name":"Laura Moutinho","@id":"https:\/\/www.suno.com.br\/noticias\/#\/schema\/person\/3df0d2808748b74496efe5dbeaef2c72"},"headline":"A\u00e7\u00e3o da Embraer (EMBR3) decola e fecha entre as maiores altas do Ibovespa","datePublished":"2021-10-11T22:15:15+00:00","dateModified":"2021-10-11T22:19:58+00:00","mainEntityOfPage":{"@id":"https:\/\/www.suno.com.br\/noticias\/acoes-da-embraer-embr3-ibovespa-netjets\/"},"wordCount":442,"publisher":{"@id":"https:\/\/www.suno.com.br\/noticias\/#organization"},"image":{"@id":"https:\/\/www.suno.com.br\/noticias\/acoes-da-embraer-embr3-ibovespa-netjets\/#primaryimage"},"thumbnailUrl":"https:\/\/files.sunoresearch.com.br\/n\/uploads\/2021\/10\/Phenom-300E_Exterior-Airstair-1.jpg","keywords":["Embraer (EMBR3)","Ibovespa"],"articleSection":["Mercado","Neg\u00f3cios"],"inLanguage":"pt-BR"},{"@type":"WebPage","@id":"https:\/\/www.suno.com.br\/noticias\/acoes-da-embraer-embr3-ibovespa-netjets\/","url":"https:\/\/www.suno.com.br\/noticias\/acoes-da-embraer-embr3-ibovespa-netjets\/","name":"Embraer (EMBR3) decola e fecha entre as maiores altas do Ibovespa","isPartOf":{"@id":"https:\/\/www.suno.com.br\/noticias\/#website"},"primaryImageOfPage":{"@id":"https:\/\/www.suno.com.br\/noticias\/acoes-da-embraer-embr3-ibovespa-netjets\/#primaryimage"},"image":{"@id":"https:\/\/www.suno.com.br\/noticias\/acoes-da-embraer-embr3-ibovespa-netjets\/#primaryimage"},"thumbnailUrl":"https:\/\/files.sunoresearch.com.br\/n\/uploads\/2021\/10\/Phenom-300E_Exterior-Airstair-1.jpg","datePublished":"2021-10-11T22:15:15+00:00","dateModified":"2021-10-11T22:19:58+00:00","description":"Ao final da sess\u00e3o de hoje, a a\u00e7\u00e3o da Embraer (EMBR3) havia acumulado uma alta de 4,89%, valendo R$ 25,96. Clique e saiba mais!","breadcrumb":{"@id":"https:\/\/www.suno.com.br\/noticias\/acoes-da-embraer-embr3-ibovespa-netjets\/#breadcrumb"},"inLanguage":"pt-BR","potentialAction":[{"@type":"ReadAction","target":["https:\/\/www.suno.com.br\/noticias\/acoes-da-embraer-embr3-ibovespa-netjets\/"]}]},{"@type":"ImageObject","inLanguage":"pt-BR","@id":"https:\/\/www.suno.com.br\/noticias\/acoes-da-embraer-embr3-ibovespa-netjets\/#primaryimage","url":"https:\/\/files.sunoresearch.com.br\/n\/uploads\/2021\/10\/Phenom-300E_Exterior-Airstair-1.jpg","contentUrl":"https:\/\/files.sunoresearch.com.br\/n\/uploads\/2021\/10\/Phenom-300E_Exterior-Airstair-1.jpg","width":1280,"height":853,"caption":"Embraer disse que recebeu encomenda adicional de cerca de US$ 1,2 bilh\u00e3o para a entrega de jatos executivos Phenom 300 para a NetJets, de Warren Buffett. Foto: Divulga\u00e7\u00e3o (Embraer)"},{"@type":"BreadcrumbList","@id":"https:\/\/www.suno.com.br\/noticias\/acoes-da-embraer-embr3-ibovespa-netjets\/#breadcrumb","itemListElement":[{"@type":"ListItem","position":1,"name":"Not\u00edcias","item":"https:\/\/www.suno.com.br\/noticias\/"},{"@type":"ListItem","position":2,"name":"Neg\u00f3cios","item":"https:\/\/www.suno.com.br\/noticias\/negocios\/"},{"@type":"ListItem","position":3,"name":"A\u00e7\u00e3o da Embraer (EMBR3) decola e fecha entre as maiores altas do Ibovespa"}]},{"@type":"WebSite","@id":"https:\/\/www.suno.com.br\/noticias\/#website","url":"https:\/\/www.suno.com.br\/noticias\/","name":"Suno Not\u00edcias","description":"Seu portal de informa\u00e7\u00e3o sobre o mundo dos investimentos","publisher":{"@id":"https:\/\/www.suno.com.br\/noticias\/#organization"},"potentialAction":[{"@type":"SearchAction","target":{"@type":"EntryPoint","urlTemplate":"https:\/\/www.suno.com.br\/noticias\/?s={search_term_string}"},"query-input":{"@type":"PropertyValueSpecification","valueRequired":true,"valueName":"search_term_string"}}],"inLanguage":"pt-BR"},{"@type":"Organization","@id":"https:\/\/www.suno.com.br\/noticias\/#organization","name":"Suno Not\u00edcias","url":"https:\/\/www.suno.com.br\/noticias\/","logo":{"@type":"ImageObject","inLanguage":"pt-BR","@id":"https:\/\/www.suno.com.br\/noticias\/#\/schema\/logo\/image\/","url":"https:\/\/files.sunoresearch.com.br\/n\/uploads\/2021\/09\/suno-logo.png","contentUrl":"https:\/\/files.sunoresearch.com.br\/n\/uploads\/2021\/09\/suno-logo.png","width":180,"height":180,"caption":"Suno Not\u00edcias"},"image":{"@id":"https:\/\/www.suno.com.br\/noticias\/#\/schema\/logo\/image\/"},"sameAs":["https:\/\/facebook.com\/sunoresearch","https:\/\/x.com\/sunoresearch","https:\/\/www.instagram.com\/suno","https:\/\/www.linkedin.com\/company\/suno-research\/","https:\/\/www.youtube.com\/c\/sunoresearch"]},{"@type":"Person","@id":"https:\/\/www.suno.com.br\/noticias\/#\/schema\/person\/3df0d2808748b74496efe5dbeaef2c72","name":"Laura Moutinho","image":{"@type":"ImageObject","inLanguage":"pt-BR","@id":"https:\/\/www.suno.com.br\/noticias\/#\/schema\/person\/image\/","url":"https:\/\/secure.gravatar.com\/avatar\/7571c7c8ca3a6fca5e41384ece5557ff?s=96&r=g","contentUrl":"https:\/\/secure.gravatar.com\/avatar\/7571c7c8ca3a6fca5e41384ece5557ff?s=96&r=g","caption":"Laura Moutinho"},"description":"Estagi\u00e1ria na Suno Not\u00edcias, escreve not\u00edcias que afetam o mercado financeiro. Estuda administra\u00e7\u00e3o na Universidade Presbiteriana Mackenzie.","url":"https:\/\/www.suno.com.br\/noticias\/author\/laura-moutinho\/"}]}},"default_loop_html":"<div class=\"cardsPage__listCard__boxs\"><div class=\"cardsPage__listCard__boxs__img\"><a href=\"https:\/\/www.suno.com.br\/noticias\/acoes-da-embraer-embr3-ibovespa-netjets\/\"><img class=\"mask\" src=\"https:\/\/www.suno.com.br\/noticias\/wp-content\/themes\/suno\/resources\/images\/spotlight\/spotlight1img\/bg-mask.png\" alt=\"Image Mask\"\/><img src=\"https:\/\/files.sunoresearch.com.br\/n\/uploads\/2021\/10\/Phenom-300E_Exterior-Airstair-1-400x200.jpg\" alt=\"A\u00e7\u00e3o da Embraer (EMBR3) decola e fecha entre as maiores altas do Ibovespa\"\/><\/a><span class=\"spotlightCategory\"><a href=\"https:\/\/www.suno.com.br\/noticias\/mercado\/\">Mercado<\/a><\/span><\/div><div class=\"cardsPage__listCard__boxs__content\"><a href=\"https:\/\/www.suno.com.br\/noticias\/acoes-da-embraer-embr3-ibovespa-netjets\/\"><h2 class=\"content__title\">A\u00e7\u00e3o da Embraer (EMBR3) decola e fecha entre as maiores altas do Ibovespa<\/h2><\/a><div class=\"newsContent__article__meta\"><div class=\"newsContent__article__meta__authorBox\"><a href=\"https:\/\/www.suno.com.br\/noticias\/author\/laura-moutinho\/\" class=\"authorBox__avatar noMobi\"><img src=\"https:\/\/files.sunoresearch.com.br\/n\/uploads\/2020\/08\/531ff69d-whatsapp-image-2020-08-03-at-14.54.38-150x150.webp\" alt=\"Laura Moutinho\"><\/a><div class=\"authorBox__name\"><span>por\n\t\t\t<a href=\"https:\/\/www.suno.com.br\/noticias\/author\/laura-moutinho\/\"><span itemprop=\"author\">Laura Moutinho<\/span><\/a><\/span><time datetime=\"2021-10-11T19:15:15-03:00\" itemprop=\"datePublished\">11\/10\/2021 19:15<\/time><\/div><\/div><\/div><\/div><\/div>","single_layout":"posts","amp_enabled":true,"_links":{"self":[{"href":"https:\/\/www.suno.com.br\/noticias\/wp-json\/wp\/v2\/posts\/192891"}],"collection":[{"href":"https:\/\/www.suno.com.br\/noticias\/wp-json\/wp\/v2\/posts"}],"about":[{"href":"https:\/\/www.suno.com.br\/noticias\/wp-json\/wp\/v2\/types\/post"}],"author":[{"embeddable":true,"href":"https:\/\/www.suno.com.br\/noticias\/wp-json\/wp\/v2\/users\/39"}],"replies":[{"embeddable":true,"href":"https:\/\/www.suno.com.br\/noticias\/wp-json\/wp\/v2\/comments?post=192891"}],"version-history":[{"count":2,"href":"https:\/\/www.suno.com.br\/noticias\/wp-json\/wp\/v2\/posts\/192891\/revisions"}],"predecessor-version":[{"id":192940,"href":"https:\/\/www.suno.com.br\/noticias\/wp-json\/wp\/v2\/posts\/192891\/revisions\/192940"}],"wp:featuredmedia":[{"embeddable":true,"href":"https:\/\/www.suno.com.br\/noticias\/wp-json\/wp\/v2\/media\/192945"}],"wp:attachment":[{"href":"https:\/\/www.suno.com.br\/noticias\/wp-json\/wp\/v2\/media?parent=192891"}],"wp:term":[{"taxonomy":"category","embeddable":true,"href":"https:\/\/www.suno.com.br\/noticias\/wp-json\/wp\/v2\/categories?post=192891"},{"taxonomy":"post_tag","embeddable":true,"href":"https:\/\/www.suno.com.br\/noticias\/wp-json\/wp\/v2\/tags?post=192891"},{"taxonomy":"suno_strategy","embeddable":true,"href":"https:\/\/www.suno.com.br\/noticias\/wp-json\/wp\/v2\/suno_strategy?post=192891"}],"curies":[{"name":"wp","href":"https:\/\/api.w.org\/{rel}","templated":true}]}}