{"id":19288,"date":"2019-03-27T20:53:40","date_gmt":"2019-03-27T23:53:40","guid":{"rendered":"https:\/\/www.suno.com.br\/noticias\/?p=19288"},"modified":"2019-03-27T20:53:40","modified_gmt":"2019-03-27T23:53:40","slug":"maia-brincadeira-bolsonaro","status":"publish","type":"post","link":"https:\/\/www.suno.com.br\/noticias\/maia-brincadeira-bolsonaro\/","title":{"rendered":"Maia diz que est\u00e1 na hora de Bolsonaro parar de &#8216;brincadeira&#8217; e trabalhar"},"content":{"rendered":"<p>O presidente da C\u00e2mara dos Deputados, Rodrigo Maia, respondeu as falas do presidente Jair Bolsonaro.<\/p>\t<div class=\"wrapper-featured-image\">\n\t\t<figure class=\"spotlightImg\">\n\n\t\t\t<picture>\n\t\t\t\t<source media=\"(max-width: 768px)\" srcset=\"https:\/\/files.sunoresearch.com.br\/n\/uploads\/2019\/03\/f04f4c90-maia-400x200.webp\">\n\t\t\t\t<img loading=\"lazy\" decoding=\"async\" class=\"newsContent__article__imgCapa lazyloadDisabled newsContent__article__imgCapa--noCaption\" src=\"https:\/\/files.sunoresearch.com.br\/n\/uploads\/2019\/03\/f04f4c90-maia-800x450.webp\" width=\"800\" height=\"450\" alt=\"Maia diz que est\u00e1 na hora de Bolsonaro parar de &#8216;brincadeira&#8217; e trabalhar\" fetchpriority=high \/>\n\t\t\t<\/picture>\n\n\t\t\t<figcaption class=\"wp-caption-text wp-caption-text--hide\">Maia debate com deputados processo de vota\u00e7\u00e3o da reforma da Previd\u00eancia<\/figcaption>\n\t\t<\/figure>\n\t<\/div>\n\n\n<p>\u201cEst\u00e1 na hora de parar com esse tipo de brincadeira, est\u00e1 na hora de ele se sentar na cadeira dele, o Parlamento se sentar aqui e a gente, em conjunto, resolver os problemas do Brasil\u201d, afirmou <strong>Maia<\/strong>.<\/p>\n<p><a href=\"https:\/\/www.suno.com.br\/noticias\/paulo-guedes-nao-apego-cargo-bolsa-reage\/\">Saiba mais:\u00a0Paulo Guedes afirma n\u00e3o ter apego ao cargo; Bolsa reage negativamente<\/a><\/p>\n<p>Em entrevista \u00e0 TV Bandeirantes, <strong>Bolsonaro<\/strong> disse que <strong>Maia<\/strong> est\u00e1 abalado devido a pris\u00e3o do seu sogro, o ex-ministro <strong>Moreira Franco<\/strong>.\u00a0&#8220;Ele est\u00e1 um pouco abalado com quest\u00f5es pessoais que vem acontecendo na vida dele, coisas pessoais que passa pelo estado emocional dele no momento&#8221;, disse <strong>Bolsonaro<\/strong>.<\/p>\n<p>Maia respondeu dizendo que\u00a0\u201cabalados est\u00e3o os brasileiros que est\u00e3o desde 1\u00ba de janeiro esperando que o governo comece a funcionar\u201d, respondeu Maia. \u201cS\u00e3o 12 milh\u00f5es de desempregados, 15 milh\u00f5es vivendo abaixo da linha de pobreza, a capacidade de investimento do Estado brasileiro diminuindo, 60 mil homic\u00eddios, e o presidente brincando de presidir o Brasil.\u201d<\/p>\n<p><a href=\"https:\/\/www.suno.com.br\/noticias\/ibovespa-desaba-rodrigo-maia\/\">Saiba mais:\u00a0Ap\u00f3s dois golpes, Ibovespa desaba ainda mais com declara\u00e7\u00e3o de Rodrigo Maia<\/a><\/p>\n<p>O <strong>presidente da C\u00e2mara<\/strong> afirmou ainda que\u00a0\u201cn\u00e3o d\u00e1 mais para perder tempo com coisas secund\u00e1rias\u201d. Segundo o <strong>deputado<\/strong>, essas discuss\u00f5es tiram o foco da <strong>reforma da Previd\u00eancia<\/strong>.\u00a0\u00a0\u201cEstou empenhado em aprovar a reforma da Previd\u00eancia desde dois anos para c\u00e1 e vou continuar trabalhando\u201d.<\/p>\n<p><a href=\"https:\/\/www.suno.com.br\/noticias\/bolsonaro-atribui-articulacao-politica\/\">Saiba mais: Bolsonaro atribui falhas na articula\u00e7\u00e3o pol\u00edtica ao seu estado de sa\u00fade<\/a><\/p>\n<p><strong>Maia<\/strong> disse que n\u00e3o h\u00e1 nenhuma possibilidade da <strong>C\u00e2mara<\/strong> votar pautas-bomba:\u00a0\u201cN\u00e3o votaremos projetos que gerem aumento de despesa sem di\u00e1logo com a equipe econ\u00f4mica\u201d, disse. \u201cTenho responsabilidade na minha fun\u00e7\u00e3o e sem nenhuma d\u00favida vou continuar onde sempre estive, presidindo a C\u00e2mara com responsabilidade fiscal\u201d.<\/p>\n<p>&nbsp;<\/p>\n","protected":false},"excerpt":{"rendered":"<p>O presidente da C\u00e2mara dos Deputados, Rodrigo Maia, respondeu as falas do presidente Jair Bolsonaro. Maia debate com deputados processo de vota\u00e7\u00e3o da reforma da Previd\u00eancia \u201cEst\u00e1 na hora de parar com esse tipo de brincadeira, est\u00e1 na hora de ele se sentar na cadeira dele, o Parlamento se sentar aqui e a gente, em [&hellip;]<\/p>\n","protected":false},"author":14,"featured_media":19289,"comment_status":"closed","ping_status":"closed","sticky":false,"template":"","format":"standard","meta":[],"categories":[61],"tags":[901,719,940,892],"suno_strategy":[],"class_list":["post-19288","post","type-post","status-publish","format-standard","has-post-thumbnail","hentry","category-politica","tag-congresso-nacional","tag-jair-bolsonaro","tag-reforma-da-previdencia","tag-rodrigo-maia"],"yoast_head":"<!-- This site is optimized with the Yoast SEO plugin v24.4 - https:\/\/yoast.com\/wordpress\/plugins\/seo\/ -->\n<title>Maia diz que est\u00e1 na hora de Bolsonaro parar de &#039;brincadeira&#039; e trabalhar<\/title>\n<meta name=\"description\" content=\"Em entrevista \u00e0 TV Bandeirantes, Bolsonaro disse que Maia est\u00e1 abalado devido a pris\u00e3o do seu sogro. Clique para saber mais.\" \/>\n<meta name=\"robots\" content=\"index, follow, max-snippet:-1, max-image-preview:large, max-video-preview:-1\" \/>\n<link rel=\"canonical\" href=\"https:\/\/www.suno.com.br\/noticias\/maia-brincadeira-bolsonaro\/\" \/>\n<meta property=\"og:locale\" content=\"pt_BR\" \/>\n<meta property=\"og:type\" content=\"article\" \/>\n<meta property=\"og:title\" content=\"Maia diz que est\u00e1 na hora de Bolsonaro parar de &#039;brincadeira&#039; e trabalhar\" \/>\n<meta property=\"og:description\" content=\"Em entrevista \u00e0 TV Bandeirantes, Bolsonaro disse que Maia est\u00e1 abalado devido a pris\u00e3o do seu sogro. Clique para saber mais.\" \/>\n<meta property=\"og:url\" content=\"https:\/\/www.suno.com.br\/noticias\/maia-brincadeira-bolsonaro\/\" \/>\n<meta property=\"og:site_name\" content=\"Suno Not\u00edcias\" \/>\n<meta property=\"article:publisher\" content=\"https:\/\/facebook.com\/sunoresearch\" \/>\n<meta property=\"og:image\" content=\"https:\/\/files.sunoresearch.com.br\/n\/uploads\/2019\/03\/f04f4c90-maia.jpg\" \/>\n\t<meta property=\"og:image:width\" content=\"1024\" \/>\n\t<meta property=\"og:image:height\" content=\"576\" \/>\n\t<meta property=\"og:image:type\" content=\"image\/jpeg\" \/>\n<meta name=\"author\" content=\"Renan Dantas\" \/>\n<meta name=\"twitter:card\" content=\"summary_large_image\" \/>\n<meta name=\"twitter:creator\" content=\"@sunoresearch\" \/>\n<meta name=\"twitter:site\" content=\"@sunoresearch\" \/>\n<meta name=\"twitter:label1\" content=\"Escrito por\" \/>\n\t<meta name=\"twitter:data1\" content=\"Renan Dantas\" \/>\n\t<meta name=\"twitter:label2\" content=\"Est. tempo de leitura\" \/>\n\t<meta name=\"twitter:data2\" content=\"2 minutos\" \/>\n<script type=\"application\/ld+json\" class=\"yoast-schema-graph\">{\"@context\":\"https:\/\/schema.org\",\"@graph\":[{\"@type\":\"NewsArticle\",\"@id\":\"https:\/\/www.suno.com.br\/noticias\/maia-brincadeira-bolsonaro\/#article\",\"isPartOf\":{\"@id\":\"https:\/\/www.suno.com.br\/noticias\/maia-brincadeira-bolsonaro\/\"},\"author\":{\"name\":\"Renan Dantas\",\"@id\":\"https:\/\/www.suno.com.br\/noticias\/#\/schema\/person\/3f7693d5795a3f6d5ce15309ee785699\"},\"headline\":\"Maia diz que est\u00e1 na hora de Bolsonaro parar de &#8216;brincadeira&#8217; e trabalhar\",\"datePublished\":\"2019-03-27T23:53:40+00:00\",\"mainEntityOfPage\":{\"@id\":\"https:\/\/www.suno.com.br\/noticias\/maia-brincadeira-bolsonaro\/\"},\"wordCount\":323,\"publisher\":{\"@id\":\"https:\/\/www.suno.com.br\/noticias\/#organization\"},\"image\":{\"@id\":\"https:\/\/www.suno.com.br\/noticias\/maia-brincadeira-bolsonaro\/#primaryimage\"},\"thumbnailUrl\":\"https:\/\/files.sunoresearch.com.br\/n\/uploads\/2019\/03\/f04f4c90-maia-jpg.webp\",\"keywords\":[\"Congresso Nacional\",\"Jair Bolsonaro\",\"Reforma da Previd\u00eancia\",\"Rodrigo Maia\"],\"articleSection\":[\"Pol\u00edtica\"],\"inLanguage\":\"pt-BR\"},{\"@type\":\"WebPage\",\"@id\":\"https:\/\/www.suno.com.br\/noticias\/maia-brincadeira-bolsonaro\/\",\"url\":\"https:\/\/www.suno.com.br\/noticias\/maia-brincadeira-bolsonaro\/\",\"name\":\"Maia diz que est\u00e1 na hora de Bolsonaro parar de 'brincadeira' e trabalhar\",\"isPartOf\":{\"@id\":\"https:\/\/www.suno.com.br\/noticias\/#website\"},\"primaryImageOfPage\":{\"@id\":\"https:\/\/www.suno.com.br\/noticias\/maia-brincadeira-bolsonaro\/#primaryimage\"},\"image\":{\"@id\":\"https:\/\/www.suno.com.br\/noticias\/maia-brincadeira-bolsonaro\/#primaryimage\"},\"thumbnailUrl\":\"https:\/\/files.sunoresearch.com.br\/n\/uploads\/2019\/03\/f04f4c90-maia-jpg.webp\",\"datePublished\":\"2019-03-27T23:53:40+00:00\",\"description\":\"Em entrevista \u00e0 TV Bandeirantes, Bolsonaro disse que Maia est\u00e1 abalado devido a pris\u00e3o do seu sogro. Clique para saber mais.\",\"breadcrumb\":{\"@id\":\"https:\/\/www.suno.com.br\/noticias\/maia-brincadeira-bolsonaro\/#breadcrumb\"},\"inLanguage\":\"pt-BR\",\"potentialAction\":[{\"@type\":\"ReadAction\",\"target\":[\"https:\/\/www.suno.com.br\/noticias\/maia-brincadeira-bolsonaro\/\"]}]},{\"@type\":\"ImageObject\",\"inLanguage\":\"pt-BR\",\"@id\":\"https:\/\/www.suno.com.br\/noticias\/maia-brincadeira-bolsonaro\/#primaryimage\",\"url\":\"https:\/\/files.sunoresearch.com.br\/n\/uploads\/2019\/03\/f04f4c90-maia-jpg.webp\",\"contentUrl\":\"https:\/\/files.sunoresearch.com.br\/n\/uploads\/2019\/03\/f04f4c90-maia-jpg.webp\",\"width\":1024,\"height\":576,\"caption\":\"Maia debate com deputados processo de vota\u00e7\u00e3o da reforma da Previd\u00eancia\"},{\"@type\":\"BreadcrumbList\",\"@id\":\"https:\/\/www.suno.com.br\/noticias\/maia-brincadeira-bolsonaro\/#breadcrumb\",\"itemListElement\":[{\"@type\":\"ListItem\",\"position\":1,\"name\":\"Not\u00edcias\",\"item\":\"https:\/\/www.suno.com.br\/noticias\/\"},{\"@type\":\"ListItem\",\"position\":2,\"name\":\"Pol\u00edtica\",\"item\":\"https:\/\/www.suno.com.br\/noticias\/politica\/\"},{\"@type\":\"ListItem\",\"position\":3,\"name\":\"Maia diz que est\u00e1 na hora de Bolsonaro parar de &#8216;brincadeira&#8217; e trabalhar\"}]},{\"@type\":\"WebSite\",\"@id\":\"https:\/\/www.suno.com.br\/noticias\/#website\",\"url\":\"https:\/\/www.suno.com.br\/noticias\/\",\"name\":\"Suno Not\u00edcias\",\"description\":\"Seu portal de informa\u00e7\u00e3o sobre o mundo dos investimentos\",\"publisher\":{\"@id\":\"https:\/\/www.suno.com.br\/noticias\/#organization\"},\"potentialAction\":[{\"@type\":\"SearchAction\",\"target\":{\"@type\":\"EntryPoint\",\"urlTemplate\":\"https:\/\/www.suno.com.br\/noticias\/?s={search_term_string}\"},\"query-input\":{\"@type\":\"PropertyValueSpecification\",\"valueRequired\":true,\"valueName\":\"search_term_string\"}}],\"inLanguage\":\"pt-BR\"},{\"@type\":\"Organization\",\"@id\":\"https:\/\/www.suno.com.br\/noticias\/#organization\",\"name\":\"Suno Not\u00edcias\",\"url\":\"https:\/\/www.suno.com.br\/noticias\/\",\"logo\":{\"@type\":\"ImageObject\",\"inLanguage\":\"pt-BR\",\"@id\":\"https:\/\/www.suno.com.br\/noticias\/#\/schema\/logo\/image\/\",\"url\":\"https:\/\/files.sunoresearch.com.br\/n\/uploads\/2021\/09\/suno-logo.png\",\"contentUrl\":\"https:\/\/files.sunoresearch.com.br\/n\/uploads\/2021\/09\/suno-logo.png\",\"width\":180,\"height\":180,\"caption\":\"Suno Not\u00edcias\"},\"image\":{\"@id\":\"https:\/\/www.suno.com.br\/noticias\/#\/schema\/logo\/image\/\"},\"sameAs\":[\"https:\/\/facebook.com\/sunoresearch\",\"https:\/\/x.com\/sunoresearch\",\"https:\/\/www.instagram.com\/suno\",\"https:\/\/www.linkedin.com\/company\/suno-research\/\",\"https:\/\/www.youtube.com\/c\/sunoresearch\"]},{\"@type\":\"Person\",\"@id\":\"https:\/\/www.suno.com.br\/noticias\/#\/schema\/person\/3f7693d5795a3f6d5ce15309ee785699\",\"name\":\"Renan Dantas\",\"image\":{\"@type\":\"ImageObject\",\"inLanguage\":\"pt-BR\",\"@id\":\"https:\/\/www.suno.com.br\/noticias\/#\/schema\/person\/image\/\",\"url\":\"https:\/\/secure.gravatar.com\/avatar\/1787b83e7484a08e51d62ac8b41c8396?s=96&r=g\",\"contentUrl\":\"https:\/\/secure.gravatar.com\/avatar\/1787b83e7484a08e51d62ac8b41c8396?s=96&r=g\",\"caption\":\"Renan Dantas\"},\"description\":\"Escreve sobre pol\u00edtica e mercado financeiro para o portal Suno Not\u00edcias. Antes, atuou na assessoria de comunica\u00e7\u00e3o do Minist\u00e9rio P\u00fablico do Trabalho e na R\u00e1dio Mackenzie, onde apresentava e produzia um programa sobre artistas da m\u00fasica brasileira. \u00c9 estudante na Universidade Presbiteriana Mackenzie.\",\"url\":\"https:\/\/www.suno.com.br\/noticias\/author\/renan-dantas\/\"}]}<\/script>\n<!-- \/ Yoast SEO plugin. -->","yoast_head_json":{"title":"Maia diz que est\u00e1 na hora de Bolsonaro parar de 'brincadeira' e trabalhar","description":"Em entrevista \u00e0 TV Bandeirantes, Bolsonaro disse que Maia est\u00e1 abalado devido a pris\u00e3o do seu sogro. Clique para saber mais.","robots":{"index":"index","follow":"follow","max-snippet":"max-snippet:-1","max-image-preview":"max-image-preview:large","max-video-preview":"max-video-preview:-1"},"canonical":"https:\/\/www.suno.com.br\/noticias\/maia-brincadeira-bolsonaro\/","og_locale":"pt_BR","og_type":"article","og_title":"Maia diz que est\u00e1 na hora de Bolsonaro parar de 'brincadeira' e trabalhar","og_description":"Em entrevista \u00e0 TV Bandeirantes, Bolsonaro disse que Maia est\u00e1 abalado devido a pris\u00e3o do seu sogro. Clique para saber mais.","og_url":"https:\/\/www.suno.com.br\/noticias\/maia-brincadeira-bolsonaro\/","og_site_name":"Suno Not\u00edcias","article_publisher":"https:\/\/facebook.com\/sunoresearch","og_image":[{"width":1024,"height":576,"url":"https:\/\/files.sunoresearch.com.br\/n\/uploads\/2019\/03\/f04f4c90-maia.jpg","type":"image\/jpeg"}],"author":"Renan Dantas","twitter_card":"summary_large_image","twitter_creator":"@sunoresearch","twitter_site":"@sunoresearch","twitter_misc":{"Escrito por":"Renan Dantas","Est. tempo de leitura":"2 minutos"},"schema":{"@context":"https:\/\/schema.org","@graph":[{"@type":"NewsArticle","@id":"https:\/\/www.suno.com.br\/noticias\/maia-brincadeira-bolsonaro\/#article","isPartOf":{"@id":"https:\/\/www.suno.com.br\/noticias\/maia-brincadeira-bolsonaro\/"},"author":{"name":"Renan Dantas","@id":"https:\/\/www.suno.com.br\/noticias\/#\/schema\/person\/3f7693d5795a3f6d5ce15309ee785699"},"headline":"Maia diz que est\u00e1 na hora de Bolsonaro parar de &#8216;brincadeira&#8217; e trabalhar","datePublished":"2019-03-27T23:53:40+00:00","mainEntityOfPage":{"@id":"https:\/\/www.suno.com.br\/noticias\/maia-brincadeira-bolsonaro\/"},"wordCount":323,"publisher":{"@id":"https:\/\/www.suno.com.br\/noticias\/#organization"},"image":{"@id":"https:\/\/www.suno.com.br\/noticias\/maia-brincadeira-bolsonaro\/#primaryimage"},"thumbnailUrl":"https:\/\/files.sunoresearch.com.br\/n\/uploads\/2019\/03\/f04f4c90-maia-jpg.webp","keywords":["Congresso Nacional","Jair Bolsonaro","Reforma da Previd\u00eancia","Rodrigo Maia"],"articleSection":["Pol\u00edtica"],"inLanguage":"pt-BR"},{"@type":"WebPage","@id":"https:\/\/www.suno.com.br\/noticias\/maia-brincadeira-bolsonaro\/","url":"https:\/\/www.suno.com.br\/noticias\/maia-brincadeira-bolsonaro\/","name":"Maia diz que est\u00e1 na hora de Bolsonaro parar de 'brincadeira' e trabalhar","isPartOf":{"@id":"https:\/\/www.suno.com.br\/noticias\/#website"},"primaryImageOfPage":{"@id":"https:\/\/www.suno.com.br\/noticias\/maia-brincadeira-bolsonaro\/#primaryimage"},"image":{"@id":"https:\/\/www.suno.com.br\/noticias\/maia-brincadeira-bolsonaro\/#primaryimage"},"thumbnailUrl":"https:\/\/files.sunoresearch.com.br\/n\/uploads\/2019\/03\/f04f4c90-maia-jpg.webp","datePublished":"2019-03-27T23:53:40+00:00","description":"Em entrevista \u00e0 TV Bandeirantes, Bolsonaro disse que Maia est\u00e1 abalado devido a pris\u00e3o do seu sogro. Clique para saber mais.","breadcrumb":{"@id":"https:\/\/www.suno.com.br\/noticias\/maia-brincadeira-bolsonaro\/#breadcrumb"},"inLanguage":"pt-BR","potentialAction":[{"@type":"ReadAction","target":["https:\/\/www.suno.com.br\/noticias\/maia-brincadeira-bolsonaro\/"]}]},{"@type":"ImageObject","inLanguage":"pt-BR","@id":"https:\/\/www.suno.com.br\/noticias\/maia-brincadeira-bolsonaro\/#primaryimage","url":"https:\/\/files.sunoresearch.com.br\/n\/uploads\/2019\/03\/f04f4c90-maia-jpg.webp","contentUrl":"https:\/\/files.sunoresearch.com.br\/n\/uploads\/2019\/03\/f04f4c90-maia-jpg.webp","width":1024,"height":576,"caption":"Maia debate com deputados processo de vota\u00e7\u00e3o da reforma da Previd\u00eancia"},{"@type":"BreadcrumbList","@id":"https:\/\/www.suno.com.br\/noticias\/maia-brincadeira-bolsonaro\/#breadcrumb","itemListElement":[{"@type":"ListItem","position":1,"name":"Not\u00edcias","item":"https:\/\/www.suno.com.br\/noticias\/"},{"@type":"ListItem","position":2,"name":"Pol\u00edtica","item":"https:\/\/www.suno.com.br\/noticias\/politica\/"},{"@type":"ListItem","position":3,"name":"Maia diz que est\u00e1 na hora de Bolsonaro parar de &#8216;brincadeira&#8217; e trabalhar"}]},{"@type":"WebSite","@id":"https:\/\/www.suno.com.br\/noticias\/#website","url":"https:\/\/www.suno.com.br\/noticias\/","name":"Suno Not\u00edcias","description":"Seu portal de informa\u00e7\u00e3o sobre o mundo dos investimentos","publisher":{"@id":"https:\/\/www.suno.com.br\/noticias\/#organization"},"potentialAction":[{"@type":"SearchAction","target":{"@type":"EntryPoint","urlTemplate":"https:\/\/www.suno.com.br\/noticias\/?s={search_term_string}"},"query-input":{"@type":"PropertyValueSpecification","valueRequired":true,"valueName":"search_term_string"}}],"inLanguage":"pt-BR"},{"@type":"Organization","@id":"https:\/\/www.suno.com.br\/noticias\/#organization","name":"Suno Not\u00edcias","url":"https:\/\/www.suno.com.br\/noticias\/","logo":{"@type":"ImageObject","inLanguage":"pt-BR","@id":"https:\/\/www.suno.com.br\/noticias\/#\/schema\/logo\/image\/","url":"https:\/\/files.sunoresearch.com.br\/n\/uploads\/2021\/09\/suno-logo.png","contentUrl":"https:\/\/files.sunoresearch.com.br\/n\/uploads\/2021\/09\/suno-logo.png","width":180,"height":180,"caption":"Suno Not\u00edcias"},"image":{"@id":"https:\/\/www.suno.com.br\/noticias\/#\/schema\/logo\/image\/"},"sameAs":["https:\/\/facebook.com\/sunoresearch","https:\/\/x.com\/sunoresearch","https:\/\/www.instagram.com\/suno","https:\/\/www.linkedin.com\/company\/suno-research\/","https:\/\/www.youtube.com\/c\/sunoresearch"]},{"@type":"Person","@id":"https:\/\/www.suno.com.br\/noticias\/#\/schema\/person\/3f7693d5795a3f6d5ce15309ee785699","name":"Renan Dantas","image":{"@type":"ImageObject","inLanguage":"pt-BR","@id":"https:\/\/www.suno.com.br\/noticias\/#\/schema\/person\/image\/","url":"https:\/\/secure.gravatar.com\/avatar\/1787b83e7484a08e51d62ac8b41c8396?s=96&r=g","contentUrl":"https:\/\/secure.gravatar.com\/avatar\/1787b83e7484a08e51d62ac8b41c8396?s=96&r=g","caption":"Renan Dantas"},"description":"Escreve sobre pol\u00edtica e mercado financeiro para o portal Suno Not\u00edcias. Antes, atuou na assessoria de comunica\u00e7\u00e3o do Minist\u00e9rio P\u00fablico do Trabalho e na R\u00e1dio Mackenzie, onde apresentava e produzia um programa sobre artistas da m\u00fasica brasileira. \u00c9 estudante na Universidade Presbiteriana Mackenzie.","url":"https:\/\/www.suno.com.br\/noticias\/author\/renan-dantas\/"}]}},"default_loop_html":"<div class=\"cardsPage__listCard__boxs\"><div class=\"cardsPage__listCard__boxs__img\"><a href=\"https:\/\/www.suno.com.br\/noticias\/maia-brincadeira-bolsonaro\/\"><img class=\"mask\" src=\"https:\/\/www.suno.com.br\/noticias\/wp-content\/themes\/suno\/resources\/images\/spotlight\/spotlight1img\/bg-mask.png\" alt=\"Image Mask\"\/><img src=\"https:\/\/files.sunoresearch.com.br\/n\/uploads\/2019\/03\/f04f4c90-maia-400x200.webp\" alt=\"Maia diz que est\u00e1 na hora de Bolsonaro parar de &#8216;brincadeira&#8217; e trabalhar\"\/><\/a><span class=\"spotlightCategory\"><a href=\"https:\/\/www.suno.com.br\/noticias\/politica\/\">Pol\u00edtica<\/a><\/span><\/div><div class=\"cardsPage__listCard__boxs__content\"><a href=\"https:\/\/www.suno.com.br\/noticias\/maia-brincadeira-bolsonaro\/\"><h2 class=\"content__title\">Maia diz que est\u00e1 na hora de Bolsonaro parar de &#8216;brincadeira&#8217; e trabalhar<\/h2><\/a><div class=\"newsContent__article__meta\"><div class=\"newsContent__article__meta__authorBox\"><a href=\"https:\/\/www.suno.com.br\/noticias\/author\/renan-dantas\/\" class=\"authorBox__avatar noMobi\"><img src=\"https:\/\/secure.gravatar.com\/avatar\/1787b83e7484a08e51d62ac8b41c8396?s=96&#038;r=g\" alt=\"Renan Dantas\"><\/a><div class=\"authorBox__name\"><span>por\n\t\t\t<a href=\"https:\/\/www.suno.com.br\/noticias\/author\/renan-dantas\/\"><span itemprop=\"author\">Renan Dantas<\/span><\/a><\/span><time datetime=\"2019-03-27T20:53:40-03:00\" itemprop=\"datePublished\">27\/03\/2019 20:53<\/time><\/div><\/div><\/div><\/div><\/div>","single_layout":"posts","amp_enabled":true,"_links":{"self":[{"href":"https:\/\/www.suno.com.br\/noticias\/wp-json\/wp\/v2\/posts\/19288"}],"collection":[{"href":"https:\/\/www.suno.com.br\/noticias\/wp-json\/wp\/v2\/posts"}],"about":[{"href":"https:\/\/www.suno.com.br\/noticias\/wp-json\/wp\/v2\/types\/post"}],"author":[{"embeddable":true,"href":"https:\/\/www.suno.com.br\/noticias\/wp-json\/wp\/v2\/users\/14"}],"replies":[{"embeddable":true,"href":"https:\/\/www.suno.com.br\/noticias\/wp-json\/wp\/v2\/comments?post=19288"}],"version-history":[{"count":0,"href":"https:\/\/www.suno.com.br\/noticias\/wp-json\/wp\/v2\/posts\/19288\/revisions"}],"wp:featuredmedia":[{"embeddable":true,"href":"https:\/\/www.suno.com.br\/noticias\/wp-json\/wp\/v2\/media\/19289"}],"wp:attachment":[{"href":"https:\/\/www.suno.com.br\/noticias\/wp-json\/wp\/v2\/media?parent=19288"}],"wp:term":[{"taxonomy":"category","embeddable":true,"href":"https:\/\/www.suno.com.br\/noticias\/wp-json\/wp\/v2\/categories?post=19288"},{"taxonomy":"post_tag","embeddable":true,"href":"https:\/\/www.suno.com.br\/noticias\/wp-json\/wp\/v2\/tags?post=19288"},{"taxonomy":"suno_strategy","embeddable":true,"href":"https:\/\/www.suno.com.br\/noticias\/wp-json\/wp\/v2\/suno_strategy?post=19288"}],"curies":[{"name":"wp","href":"https:\/\/api.w.org\/{rel}","templated":true}]}}