{"id":192838,"date":"2021-10-11T19:30:42","date_gmt":"2021-10-11T22:30:42","guid":{"rendered":"https:\/\/www.suno.com.br\/noticias\/?p=192838"},"modified":"2021-10-11T19:46:56","modified_gmt":"2021-10-11T22:46:56","slug":"metais-ouro-fecha-em-queda-dolar-11102021","status":"publish","type":"post","link":"https:\/\/www.suno.com.br\/noticias\/metais-ouro-fecha-em-queda-dolar-11102021\/","title":{"rendered":"Ouro termina o dia em queda, pressionado por alta do d\u00f3lar"},"content":{"rendered":"<p>O <strong>ouro<\/strong> terminou a sess\u00e3o dessa segunda-feira (11) em queda no mercado futuro, pressionado pela alta do d\u00f3lar ante moedas rivais.<\/p>\t<div class=\"wrapper-featured-image\">\n\t\t<figure class=\"spotlightImg\">\n\n\t\t\t<picture>\n\t\t\t\t<source media=\"(max-width: 768px)\" srcset=\"https:\/\/files.sunoresearch.com.br\/n\/uploads\/2021\/07\/bb514084-bullion-1744773_1920-400x200.jpg\">\n\t\t\t\t<img loading=\"lazy\" decoding=\"async\" class=\"newsContent__article__imgCapa lazyloadDisabled \" src=\"https:\/\/files.sunoresearch.com.br\/n\/uploads\/2021\/07\/bb514084-bullion-1744773_1920-800x450.jpg\" width=\"800\" height=\"450\" alt=\"Ouro termina o dia em queda, pressionado por alta do d\u00f3lar\" fetchpriority=high \/>\n\t\t\t<\/picture>\n\n\t\t\t<figcaption class=\"wp-caption-text wp-caption-text--show\">Ouro Foto: Pixabay<\/figcaption>\n\t\t<\/figure>\n\t<\/div>\n\n\n\t<p>\n\t\t<a href=\"https:\/\/lp.suno.com.br\/planilha-controle-gastos\/\" target=\"_blank\" data-element=\"shortcode-suno-banner\" title=\"Banner SUNO, clique e saiba mais\">\n\t\t\t<picture>\n\t\t\t\t<source media=\"(max-width: 500px)\" srcset=\"https:\/\/files.sunoresearch.com.br\/n\/uploads\/2023\/03\/400x300-Planilha-controle-de-gastos.png\">\n\t\t\t\t<img class=\"newsContent__article__imgCapa newsContent__article__imgCapa--banner\"\n\t\t\t\t\tsrc=\"https:\/\/files.sunoresearch.com.br\/n\/uploads\/2023\/03\/1420x240-Planilha-controle-de-gastos.png\"\n\t\t\t\t\tdata-promo-id=\"101751\"\t\t\t\t\t\t\t\t\t\twidth='1420' height='240'\t\t\t\t\talt=\"https:\/\/files.sunoresearch.com.br\/n\/uploads\/2023\/03\/1420x240-Planilha-controle-de-gastos.png\"\n\t\t\t\t>\n\t\t\t<\/picture>\n\t\t<\/a>\n\t<\/p>\n\n\n<p>Na Comex, divis\u00e3o de metais da New York Mercantile Exchange (Nymex), o<strong> ouro com entrega prevista para dezembro<\/strong> recuou 0,10%, a US$ 1.755,70 por <strong>on\u00e7a-troy<\/strong>.<\/p>\n<p>Com o desempenho de hoje, o metal precioso acumulou sua terceira sess\u00e3o seguida de baixa. A demanda por commodities cotadas na divisa americana tende a diminuir com a valoriza\u00e7\u00e3o da moeda.<\/p>\n\t<p>\n\t\t<a href=\"https:\/\/lp.suno.com.br\/planilha-da-vida-financeira\/\" target=\"_blank\" data-element=\"shortcode-suno-banner\" title=\"Banner SUNO, clique e saiba mais\">\n\t\t\t<picture>\n\t\t\t\t<source media=\"(max-width: 500px)\" srcset=\"https:\/\/files.sunoresearch.com.br\/n\/uploads\/2023\/04\/400x300-Planilha-vida-financeira-true.png\">\n\t\t\t\t<img class=\"newsContent__article__imgCapa newsContent__article__imgCapa--banner\"\n\t\t\t\t\tsrc=\"https:\/\/files.sunoresearch.com.br\/n\/uploads\/2023\/04\/1420x240-Planilha-vida-financeira-true.png\"\n\t\t\t\t\tdata-promo-id=\"106682\"\t\t\t\t\t\t\t\t\t\twidth='1420' height='240'\t\t\t\t\talt=\"https:\/\/files.sunoresearch.com.br\/n\/uploads\/2023\/04\/1420x240-Planilha-vida-financeira-true.png\"\n\t\t\t\t>\n\t\t\t<\/picture>\n\t\t<\/a>\n\t<\/p>\n\n\n<p>Segundo a Capital Economics, o ouro deve sofrer mais press\u00e3o \u00e0 frente por conta do d\u00f3lar, caso a previs\u00e3o da consultoria de fortalecimento da divisa se confirme. &#8220;Acreditamos que o d\u00f3lar permanecer\u00e1 forte devido \u00e0 mudan\u00e7a na pol\u00edtica monet\u00e1ria do Federal Reserve (Fed) e \u00e0 incerteza cont\u00ednua em torno da recupera\u00e7\u00e3o global&#8221;, avalia a casa, em relat\u00f3rio enviado a clientes nesta segunda-feira.<\/p>\n<p>Assim como a Capital, o Commerzbank tamb\u00e9m prev\u00ea um cen\u00e1rio de demanda restrita por ouro por conta do in\u00edcio da retirada da acomoda\u00e7\u00e3o monet\u00e1ria adotada pelo Fed durante a crise. O banco alem\u00e3o comenta que o payroll de setembro apontou para um mercado de trabalho apertado nos EUA, o que indica alta dos sal\u00e1rios e leituras elevadas de infla\u00e7\u00e3o como consequ\u00eancia, o que deve levar o Fed a apertar a sua pol\u00edtica monet\u00e1ria em breve.<\/p>\n\t<p>\n\t\t<a href=\"https:\/\/lp.suno.com.br\/ebook-como-analisar-uma-acao\/\" target=\"_blank\" data-element=\"shortcode-suno-banner\" title=\"Banner SUNO, clique e saiba mais\">\n\t\t\t<picture>\n\t\t\t\t<source media=\"(max-width: 500px)\" srcset=\"https:\/\/files.sunoresearch.com.br\/n\/uploads\/2023\/03\/Ebook-Acoes-Mobile-1.jpg\">\n\t\t\t\t<img class=\"newsContent__article__imgCapa newsContent__article__imgCapa--banner\"\n\t\t\t\t\tsrc=\"https:\/\/files.sunoresearch.com.br\/n\/uploads\/2023\/03\/Ebook-Acoes-Desktop-1.jpg\"\n\t\t\t\t\tdata-promo-id=\"171998\"\t\t\t\t\t\t\t\t\t\twidth='1420' height='286'\t\t\t\t\talt=\"https:\/\/files.sunoresearch.com.br\/n\/uploads\/2023\/03\/Ebook-Acoes-Desktop-1.jpg\"\n\t\t\t\t>\n\t\t\t<\/picture>\n\t\t<\/a>\n\t<\/p>\n\n\n<p>Condi\u00e7\u00f5es financeiras mais restritivas nos EUA &#8220;provavelmente evitar\u00e1 que o pre\u00e7o do ouro suba para a marca de US$ 1,8 mil&#8221;, afirma a institui\u00e7\u00e3o, que v\u00ea riscos de baixa para o metal no curto prazo, caso o pre\u00e7o caia abaixo de US$ 1,75 mil.<\/p>\n<h2>Cota\u00e7\u00e3o do ouro nesta sexta (8)<\/h2>\n<p>O ouro terminou a \u00faltima sess\u00e3o, sexta-feira (11) em leve queda, impulsionado pela alta nos juros dos Treasuries. O metal precioso tamb\u00e9m seguiu de olho no relat\u00f3rio de empregos dos Estados Unidos.<\/p>\n<p>Os EUA criaram 194 mil vagas de trabalho no m\u00eas passado, resultado bastante inferior \u00e0s estimativas de 500 mil postos de trabalho.<\/p>\n\t<p>\n\t\t<a href=\"https:\/\/lp.suno.com.br\/planilha-de-controle-de-investimentos\/\" target=\"_blank\" data-element=\"shortcode-suno-banner\" title=\"Banner SUNO, clique e saiba mais\">\n\t\t\t<picture>\n\t\t\t\t<source media=\"(max-width: 500px)\" srcset=\"https:\/\/files.sunoresearch.com.br\/n\/uploads\/2023\/03\/400x300-Controle-de-Investimentos.png\">\n\t\t\t\t<img class=\"newsContent__article__imgCapa newsContent__article__imgCapa--banner\"\n\t\t\t\t\tsrc=\"https:\/\/files.sunoresearch.com.br\/n\/uploads\/2023\/03\/1420x240-Controle-de-Investimentos.png\"\n\t\t\t\t\tdata-promo-id=\"75934\"\t\t\t\t\t\t\t\t\t\twidth='1420' height='240'\t\t\t\t\talt=\"https:\/\/files.sunoresearch.com.br\/n\/uploads\/2023\/03\/1420x240-Controle-de-Investimentos.png\"\n\t\t\t\t>\n\t\t\t<\/picture>\n\t\t<\/a>\n\t<\/p>\n\n\n<p>Apesar de o n\u00famero da cria\u00e7\u00e3o de empregos nos <strong>Estados Unidos<\/strong> em setembro ter ficado abaixo das expectativas, a taxa de desemprego caiu, mostrando que menos pessoas perderam o emprego &#8211; uma condi\u00e7\u00e3o colocada pelo <strong>Federal Reserve<\/strong> (Fed, o banco central norte-americano) para dar in\u00edcio ao processo de desmonte de est\u00edmulos monet\u00e1rios (&#8216;<a class=\"suno-keyword\" href=\"https:\/\/www.suno.com.br\/artigos\/tapering\/\" target=\"_blank\" rel=\"noopener\" data-force=\"no\" data-priority=\"2\">tapering<\/a>&#8216;).<\/p>\n<p>Assim o <strong>ouro<\/strong> com entrega prevista para dezembro terminou a \u00faltima sexta-feira em queda de 0,10%, a US$ 1.757,40 por on\u00e7a-troy.<\/p>\n<p><em>Com informa\u00e7\u00f5es do Estad\u00e3o Conte\u00fado<\/em><\/p>\n\t<p>\n\t\t<a href=\"\" target=\"_blank\" data-element=\"shortcode-suno-banner\" title=\"Banner SUNO, clique e saiba mais\">\n\t\t\t<picture>\n\t\t\t\t<source media=\"(max-width: 500px)\" srcset=\"\">\n\t\t\t\t<img class=\"newsContent__article__imgCapa newsContent__article__imgCapa--banner\"\n\t\t\t\t\tsrc=\"\"\n\t\t\t\t\tdata-promo-id=\"184190\"\t\t\t\t\t\t\t\t\t\t\t\t\t\t\talt=\"\"\n\t\t\t\t>\n\t\t\t<\/picture>\n\t\t<\/a>\n\t<\/p>\n\n\n","protected":false},"excerpt":{"rendered":"<p>O ouro terminou a sess\u00e3o dessa segunda-feira (11) em queda no mercado futuro, pressionado pela alta do d\u00f3lar ante moedas rivais. Ouro Foto: Pixabay Na Comex, divis\u00e3o de metais da New York Mercantile Exchange (Nymex), o ouro com entrega prevista para dezembro recuou 0,10%, a US$ 1.755,70 por on\u00e7a-troy. Com o desempenho de hoje, o [&hellip;]<\/p>\n","protected":false},"author":39,"featured_media":164497,"comment_status":"closed","ping_status":"closed","sticky":false,"template":"","format":"standard","meta":[],"categories":[60],"tags":[973],"suno_strategy":[],"class_list":["post-192838","post","type-post","status-publish","format-standard","has-post-thumbnail","hentry","category-mercado","tag-ouro"],"yoast_head":"<!-- This site is optimized with the Yoast SEO plugin v24.4 - https:\/\/yoast.com\/wordpress\/plugins\/seo\/ -->\n<title>Ouro termina o dia em queda, pressionado por alta do d\u00f3lar<\/title>\n<meta name=\"description\" content=\"O ouro terminou a sess\u00e3o dessa segunda-feira (11) em queda no mercado futuro pressionado pela alta do d\u00f3lar ante moedas rivais. Saiba mais!\" \/>\n<meta name=\"robots\" content=\"index, follow, max-snippet:-1, max-image-preview:large, max-video-preview:-1\" \/>\n<link rel=\"canonical\" href=\"https:\/\/www.suno.com.br\/noticias\/metais-ouro-fecha-em-queda-dolar-11102021\/\" \/>\n<meta property=\"og:locale\" content=\"pt_BR\" \/>\n<meta property=\"og:type\" content=\"article\" \/>\n<meta property=\"og:title\" content=\"Ouro termina o dia em queda, pressionado por alta do d\u00f3lar\" \/>\n<meta property=\"og:description\" content=\"O ouro terminou a sess\u00e3o dessa segunda-feira (11) em queda no mercado futuro pressionado pela alta do d\u00f3lar ante moedas rivais. Saiba mais!\" \/>\n<meta property=\"og:url\" content=\"https:\/\/www.suno.com.br\/noticias\/metais-ouro-fecha-em-queda-dolar-11102021\/\" \/>\n<meta property=\"og:site_name\" content=\"Suno Not\u00edcias\" \/>\n<meta property=\"article:publisher\" content=\"https:\/\/facebook.com\/sunoresearch\" \/>\n<meta property=\"og:image\" content=\"https:\/\/files.sunoresearch.com.br\/n\/uploads\/2021\/07\/bb514084-bullion-1744773_1920.jpg\" \/>\n\t<meta property=\"og:image:width\" content=\"1920\" \/>\n\t<meta property=\"og:image:height\" content=\"1056\" \/>\n\t<meta property=\"og:image:type\" content=\"image\/jpeg\" \/>\n<meta name=\"author\" content=\"Laura Moutinho\" \/>\n<meta name=\"twitter:card\" content=\"summary_large_image\" \/>\n<meta name=\"twitter:creator\" content=\"@sunoresearch\" \/>\n<meta name=\"twitter:site\" content=\"@sunoresearch\" \/>\n<meta name=\"twitter:label1\" content=\"Escrito por\" \/>\n\t<meta name=\"twitter:data1\" content=\"Laura Moutinho\" \/>\n\t<meta name=\"twitter:label2\" content=\"Est. tempo de leitura\" \/>\n\t<meta name=\"twitter:data2\" content=\"2 minutos\" \/>\n<script type=\"application\/ld+json\" class=\"yoast-schema-graph\">{\"@context\":\"https:\/\/schema.org\",\"@graph\":[{\"@type\":\"NewsArticle\",\"@id\":\"https:\/\/www.suno.com.br\/noticias\/metais-ouro-fecha-em-queda-dolar-11102021\/#article\",\"isPartOf\":{\"@id\":\"https:\/\/www.suno.com.br\/noticias\/metais-ouro-fecha-em-queda-dolar-11102021\/\"},\"author\":{\"name\":\"Laura Moutinho\",\"@id\":\"https:\/\/www.suno.com.br\/noticias\/#\/schema\/person\/3df0d2808748b74496efe5dbeaef2c72\"},\"headline\":\"Ouro termina o dia em queda, pressionado por alta do d\u00f3lar\",\"datePublished\":\"2021-10-11T22:30:42+00:00\",\"dateModified\":\"2021-10-11T22:46:56+00:00\",\"mainEntityOfPage\":{\"@id\":\"https:\/\/www.suno.com.br\/noticias\/metais-ouro-fecha-em-queda-dolar-11102021\/\"},\"wordCount\":456,\"publisher\":{\"@id\":\"https:\/\/www.suno.com.br\/noticias\/#organization\"},\"image\":{\"@id\":\"https:\/\/www.suno.com.br\/noticias\/metais-ouro-fecha-em-queda-dolar-11102021\/#primaryimage\"},\"thumbnailUrl\":\"https:\/\/files.sunoresearch.com.br\/n\/uploads\/2021\/07\/bb514084-bullion-1744773_1920.jpg\",\"keywords\":[\"Ouro\"],\"articleSection\":[\"Mercado\"],\"inLanguage\":\"pt-BR\"},{\"@type\":\"WebPage\",\"@id\":\"https:\/\/www.suno.com.br\/noticias\/metais-ouro-fecha-em-queda-dolar-11102021\/\",\"url\":\"https:\/\/www.suno.com.br\/noticias\/metais-ouro-fecha-em-queda-dolar-11102021\/\",\"name\":\"Ouro termina o dia em queda, pressionado por alta do d\u00f3lar\",\"isPartOf\":{\"@id\":\"https:\/\/www.suno.com.br\/noticias\/#website\"},\"primaryImageOfPage\":{\"@id\":\"https:\/\/www.suno.com.br\/noticias\/metais-ouro-fecha-em-queda-dolar-11102021\/#primaryimage\"},\"image\":{\"@id\":\"https:\/\/www.suno.com.br\/noticias\/metais-ouro-fecha-em-queda-dolar-11102021\/#primaryimage\"},\"thumbnailUrl\":\"https:\/\/files.sunoresearch.com.br\/n\/uploads\/2021\/07\/bb514084-bullion-1744773_1920.jpg\",\"datePublished\":\"2021-10-11T22:30:42+00:00\",\"dateModified\":\"2021-10-11T22:46:56+00:00\",\"description\":\"O ouro terminou a sess\u00e3o dessa segunda-feira (11) em queda no mercado futuro pressionado pela alta do d\u00f3lar ante moedas rivais. Saiba mais!\",\"breadcrumb\":{\"@id\":\"https:\/\/www.suno.com.br\/noticias\/metais-ouro-fecha-em-queda-dolar-11102021\/#breadcrumb\"},\"inLanguage\":\"pt-BR\",\"potentialAction\":[{\"@type\":\"ReadAction\",\"target\":[\"https:\/\/www.suno.com.br\/noticias\/metais-ouro-fecha-em-queda-dolar-11102021\/\"]}]},{\"@type\":\"ImageObject\",\"inLanguage\":\"pt-BR\",\"@id\":\"https:\/\/www.suno.com.br\/noticias\/metais-ouro-fecha-em-queda-dolar-11102021\/#primaryimage\",\"url\":\"https:\/\/files.sunoresearch.com.br\/n\/uploads\/2021\/07\/bb514084-bullion-1744773_1920.jpg\",\"contentUrl\":\"https:\/\/files.sunoresearch.com.br\/n\/uploads\/2021\/07\/bb514084-bullion-1744773_1920.jpg\",\"width\":1920,\"height\":1056,\"caption\":\"Ouro Foto: Pixabay\"},{\"@type\":\"BreadcrumbList\",\"@id\":\"https:\/\/www.suno.com.br\/noticias\/metais-ouro-fecha-em-queda-dolar-11102021\/#breadcrumb\",\"itemListElement\":[{\"@type\":\"ListItem\",\"position\":1,\"name\":\"Not\u00edcias\",\"item\":\"https:\/\/www.suno.com.br\/noticias\/\"},{\"@type\":\"ListItem\",\"position\":2,\"name\":\"Mercado\",\"item\":\"https:\/\/www.suno.com.br\/noticias\/mercado\/\"},{\"@type\":\"ListItem\",\"position\":3,\"name\":\"Ouro termina o dia em queda, pressionado por alta do d\u00f3lar\"}]},{\"@type\":\"WebSite\",\"@id\":\"https:\/\/www.suno.com.br\/noticias\/#website\",\"url\":\"https:\/\/www.suno.com.br\/noticias\/\",\"name\":\"Suno Not\u00edcias\",\"description\":\"Seu portal de informa\u00e7\u00e3o sobre o mundo dos investimentos\",\"publisher\":{\"@id\":\"https:\/\/www.suno.com.br\/noticias\/#organization\"},\"potentialAction\":[{\"@type\":\"SearchAction\",\"target\":{\"@type\":\"EntryPoint\",\"urlTemplate\":\"https:\/\/www.suno.com.br\/noticias\/?s={search_term_string}\"},\"query-input\":{\"@type\":\"PropertyValueSpecification\",\"valueRequired\":true,\"valueName\":\"search_term_string\"}}],\"inLanguage\":\"pt-BR\"},{\"@type\":\"Organization\",\"@id\":\"https:\/\/www.suno.com.br\/noticias\/#organization\",\"name\":\"Suno Not\u00edcias\",\"url\":\"https:\/\/www.suno.com.br\/noticias\/\",\"logo\":{\"@type\":\"ImageObject\",\"inLanguage\":\"pt-BR\",\"@id\":\"https:\/\/www.suno.com.br\/noticias\/#\/schema\/logo\/image\/\",\"url\":\"https:\/\/files.sunoresearch.com.br\/n\/uploads\/2021\/09\/suno-logo.png\",\"contentUrl\":\"https:\/\/files.sunoresearch.com.br\/n\/uploads\/2021\/09\/suno-logo.png\",\"width\":180,\"height\":180,\"caption\":\"Suno Not\u00edcias\"},\"image\":{\"@id\":\"https:\/\/www.suno.com.br\/noticias\/#\/schema\/logo\/image\/\"},\"sameAs\":[\"https:\/\/facebook.com\/sunoresearch\",\"https:\/\/x.com\/sunoresearch\",\"https:\/\/www.instagram.com\/suno\",\"https:\/\/www.linkedin.com\/company\/suno-research\/\",\"https:\/\/www.youtube.com\/c\/sunoresearch\"]},{\"@type\":\"Person\",\"@id\":\"https:\/\/www.suno.com.br\/noticias\/#\/schema\/person\/3df0d2808748b74496efe5dbeaef2c72\",\"name\":\"Laura Moutinho\",\"image\":{\"@type\":\"ImageObject\",\"inLanguage\":\"pt-BR\",\"@id\":\"https:\/\/www.suno.com.br\/noticias\/#\/schema\/person\/image\/\",\"url\":\"https:\/\/secure.gravatar.com\/avatar\/7571c7c8ca3a6fca5e41384ece5557ff?s=96&r=g\",\"contentUrl\":\"https:\/\/secure.gravatar.com\/avatar\/7571c7c8ca3a6fca5e41384ece5557ff?s=96&r=g\",\"caption\":\"Laura Moutinho\"},\"description\":\"Estagi\u00e1ria na Suno Not\u00edcias, escreve not\u00edcias que afetam o mercado financeiro. Estuda administra\u00e7\u00e3o na Universidade Presbiteriana Mackenzie.\",\"url\":\"https:\/\/www.suno.com.br\/noticias\/author\/laura-moutinho\/\"}]}<\/script>\n<!-- \/ Yoast SEO plugin. -->","yoast_head_json":{"title":"Ouro termina o dia em queda, pressionado por alta do d\u00f3lar","description":"O ouro terminou a sess\u00e3o dessa segunda-feira (11) em queda no mercado futuro pressionado pela alta do d\u00f3lar ante moedas rivais. Saiba mais!","robots":{"index":"index","follow":"follow","max-snippet":"max-snippet:-1","max-image-preview":"max-image-preview:large","max-video-preview":"max-video-preview:-1"},"canonical":"https:\/\/www.suno.com.br\/noticias\/metais-ouro-fecha-em-queda-dolar-11102021\/","og_locale":"pt_BR","og_type":"article","og_title":"Ouro termina o dia em queda, pressionado por alta do d\u00f3lar","og_description":"O ouro terminou a sess\u00e3o dessa segunda-feira (11) em queda no mercado futuro pressionado pela alta do d\u00f3lar ante moedas rivais. Saiba mais!","og_url":"https:\/\/www.suno.com.br\/noticias\/metais-ouro-fecha-em-queda-dolar-11102021\/","og_site_name":"Suno Not\u00edcias","article_publisher":"https:\/\/facebook.com\/sunoresearch","og_image":[{"width":1920,"height":1056,"url":"https:\/\/files.sunoresearch.com.br\/n\/uploads\/2021\/07\/bb514084-bullion-1744773_1920.jpg","type":"image\/jpeg"}],"author":"Laura Moutinho","twitter_card":"summary_large_image","twitter_creator":"@sunoresearch","twitter_site":"@sunoresearch","twitter_misc":{"Escrito por":"Laura Moutinho","Est. tempo de leitura":"2 minutos"},"schema":{"@context":"https:\/\/schema.org","@graph":[{"@type":"NewsArticle","@id":"https:\/\/www.suno.com.br\/noticias\/metais-ouro-fecha-em-queda-dolar-11102021\/#article","isPartOf":{"@id":"https:\/\/www.suno.com.br\/noticias\/metais-ouro-fecha-em-queda-dolar-11102021\/"},"author":{"name":"Laura Moutinho","@id":"https:\/\/www.suno.com.br\/noticias\/#\/schema\/person\/3df0d2808748b74496efe5dbeaef2c72"},"headline":"Ouro termina o dia em queda, pressionado por alta do d\u00f3lar","datePublished":"2021-10-11T22:30:42+00:00","dateModified":"2021-10-11T22:46:56+00:00","mainEntityOfPage":{"@id":"https:\/\/www.suno.com.br\/noticias\/metais-ouro-fecha-em-queda-dolar-11102021\/"},"wordCount":456,"publisher":{"@id":"https:\/\/www.suno.com.br\/noticias\/#organization"},"image":{"@id":"https:\/\/www.suno.com.br\/noticias\/metais-ouro-fecha-em-queda-dolar-11102021\/#primaryimage"},"thumbnailUrl":"https:\/\/files.sunoresearch.com.br\/n\/uploads\/2021\/07\/bb514084-bullion-1744773_1920.jpg","keywords":["Ouro"],"articleSection":["Mercado"],"inLanguage":"pt-BR"},{"@type":"WebPage","@id":"https:\/\/www.suno.com.br\/noticias\/metais-ouro-fecha-em-queda-dolar-11102021\/","url":"https:\/\/www.suno.com.br\/noticias\/metais-ouro-fecha-em-queda-dolar-11102021\/","name":"Ouro termina o dia em queda, pressionado por alta do d\u00f3lar","isPartOf":{"@id":"https:\/\/www.suno.com.br\/noticias\/#website"},"primaryImageOfPage":{"@id":"https:\/\/www.suno.com.br\/noticias\/metais-ouro-fecha-em-queda-dolar-11102021\/#primaryimage"},"image":{"@id":"https:\/\/www.suno.com.br\/noticias\/metais-ouro-fecha-em-queda-dolar-11102021\/#primaryimage"},"thumbnailUrl":"https:\/\/files.sunoresearch.com.br\/n\/uploads\/2021\/07\/bb514084-bullion-1744773_1920.jpg","datePublished":"2021-10-11T22:30:42+00:00","dateModified":"2021-10-11T22:46:56+00:00","description":"O ouro terminou a sess\u00e3o dessa segunda-feira (11) em queda no mercado futuro pressionado pela alta do d\u00f3lar ante moedas rivais. Saiba mais!","breadcrumb":{"@id":"https:\/\/www.suno.com.br\/noticias\/metais-ouro-fecha-em-queda-dolar-11102021\/#breadcrumb"},"inLanguage":"pt-BR","potentialAction":[{"@type":"ReadAction","target":["https:\/\/www.suno.com.br\/noticias\/metais-ouro-fecha-em-queda-dolar-11102021\/"]}]},{"@type":"ImageObject","inLanguage":"pt-BR","@id":"https:\/\/www.suno.com.br\/noticias\/metais-ouro-fecha-em-queda-dolar-11102021\/#primaryimage","url":"https:\/\/files.sunoresearch.com.br\/n\/uploads\/2021\/07\/bb514084-bullion-1744773_1920.jpg","contentUrl":"https:\/\/files.sunoresearch.com.br\/n\/uploads\/2021\/07\/bb514084-bullion-1744773_1920.jpg","width":1920,"height":1056,"caption":"Ouro Foto: Pixabay"},{"@type":"BreadcrumbList","@id":"https:\/\/www.suno.com.br\/noticias\/metais-ouro-fecha-em-queda-dolar-11102021\/#breadcrumb","itemListElement":[{"@type":"ListItem","position":1,"name":"Not\u00edcias","item":"https:\/\/www.suno.com.br\/noticias\/"},{"@type":"ListItem","position":2,"name":"Mercado","item":"https:\/\/www.suno.com.br\/noticias\/mercado\/"},{"@type":"ListItem","position":3,"name":"Ouro termina o dia em queda, pressionado por alta do d\u00f3lar"}]},{"@type":"WebSite","@id":"https:\/\/www.suno.com.br\/noticias\/#website","url":"https:\/\/www.suno.com.br\/noticias\/","name":"Suno Not\u00edcias","description":"Seu portal de informa\u00e7\u00e3o sobre o mundo dos investimentos","publisher":{"@id":"https:\/\/www.suno.com.br\/noticias\/#organization"},"potentialAction":[{"@type":"SearchAction","target":{"@type":"EntryPoint","urlTemplate":"https:\/\/www.suno.com.br\/noticias\/?s={search_term_string}"},"query-input":{"@type":"PropertyValueSpecification","valueRequired":true,"valueName":"search_term_string"}}],"inLanguage":"pt-BR"},{"@type":"Organization","@id":"https:\/\/www.suno.com.br\/noticias\/#organization","name":"Suno Not\u00edcias","url":"https:\/\/www.suno.com.br\/noticias\/","logo":{"@type":"ImageObject","inLanguage":"pt-BR","@id":"https:\/\/www.suno.com.br\/noticias\/#\/schema\/logo\/image\/","url":"https:\/\/files.sunoresearch.com.br\/n\/uploads\/2021\/09\/suno-logo.png","contentUrl":"https:\/\/files.sunoresearch.com.br\/n\/uploads\/2021\/09\/suno-logo.png","width":180,"height":180,"caption":"Suno Not\u00edcias"},"image":{"@id":"https:\/\/www.suno.com.br\/noticias\/#\/schema\/logo\/image\/"},"sameAs":["https:\/\/facebook.com\/sunoresearch","https:\/\/x.com\/sunoresearch","https:\/\/www.instagram.com\/suno","https:\/\/www.linkedin.com\/company\/suno-research\/","https:\/\/www.youtube.com\/c\/sunoresearch"]},{"@type":"Person","@id":"https:\/\/www.suno.com.br\/noticias\/#\/schema\/person\/3df0d2808748b74496efe5dbeaef2c72","name":"Laura Moutinho","image":{"@type":"ImageObject","inLanguage":"pt-BR","@id":"https:\/\/www.suno.com.br\/noticias\/#\/schema\/person\/image\/","url":"https:\/\/secure.gravatar.com\/avatar\/7571c7c8ca3a6fca5e41384ece5557ff?s=96&r=g","contentUrl":"https:\/\/secure.gravatar.com\/avatar\/7571c7c8ca3a6fca5e41384ece5557ff?s=96&r=g","caption":"Laura Moutinho"},"description":"Estagi\u00e1ria na Suno Not\u00edcias, escreve not\u00edcias que afetam o mercado financeiro. Estuda administra\u00e7\u00e3o na Universidade Presbiteriana Mackenzie.","url":"https:\/\/www.suno.com.br\/noticias\/author\/laura-moutinho\/"}]}},"default_loop_html":"<div class=\"cardsPage__listCard__boxs\"><div class=\"cardsPage__listCard__boxs__img\"><a href=\"https:\/\/www.suno.com.br\/noticias\/metais-ouro-fecha-em-queda-dolar-11102021\/\"><img class=\"mask\" src=\"https:\/\/www.suno.com.br\/noticias\/wp-content\/themes\/suno\/resources\/images\/spotlight\/spotlight1img\/bg-mask.png\" alt=\"Image Mask\"\/><img src=\"https:\/\/files.sunoresearch.com.br\/n\/uploads\/2021\/07\/bb514084-bullion-1744773_1920-400x200.jpg\" alt=\"Ouro termina o dia em queda, pressionado por alta do d\u00f3lar\"\/><\/a><span class=\"spotlightCategory\"><a href=\"https:\/\/www.suno.com.br\/noticias\/mercado\/\">Mercado<\/a><\/span><\/div><div class=\"cardsPage__listCard__boxs__content\"><a href=\"https:\/\/www.suno.com.br\/noticias\/metais-ouro-fecha-em-queda-dolar-11102021\/\"><h2 class=\"content__title\">Ouro termina o dia em queda, pressionado por alta do d\u00f3lar<\/h2><\/a><div class=\"newsContent__article__meta\"><div class=\"newsContent__article__meta__authorBox\"><a href=\"https:\/\/www.suno.com.br\/noticias\/author\/laura-moutinho\/\" class=\"authorBox__avatar noMobi\"><img src=\"https:\/\/files.sunoresearch.com.br\/n\/uploads\/2020\/08\/531ff69d-whatsapp-image-2020-08-03-at-14.54.38-150x150.webp\" alt=\"Laura Moutinho\"><\/a><div class=\"authorBox__name\"><span>por\n\t\t\t<a href=\"https:\/\/www.suno.com.br\/noticias\/author\/laura-moutinho\/\"><span itemprop=\"author\">Laura Moutinho<\/span><\/a><\/span><time datetime=\"2021-10-11T19:30:42-03:00\" itemprop=\"datePublished\">11\/10\/2021 19:30<\/time><\/div><\/div><\/div><\/div><\/div>","single_layout":"posts","amp_enabled":true,"_links":{"self":[{"href":"https:\/\/www.suno.com.br\/noticias\/wp-json\/wp\/v2\/posts\/192838"}],"collection":[{"href":"https:\/\/www.suno.com.br\/noticias\/wp-json\/wp\/v2\/posts"}],"about":[{"href":"https:\/\/www.suno.com.br\/noticias\/wp-json\/wp\/v2\/types\/post"}],"author":[{"embeddable":true,"href":"https:\/\/www.suno.com.br\/noticias\/wp-json\/wp\/v2\/users\/39"}],"replies":[{"embeddable":true,"href":"https:\/\/www.suno.com.br\/noticias\/wp-json\/wp\/v2\/comments?post=192838"}],"version-history":[{"count":4,"href":"https:\/\/www.suno.com.br\/noticias\/wp-json\/wp\/v2\/posts\/192838\/revisions"}],"predecessor-version":[{"id":192951,"href":"https:\/\/www.suno.com.br\/noticias\/wp-json\/wp\/v2\/posts\/192838\/revisions\/192951"}],"wp:featuredmedia":[{"embeddable":true,"href":"https:\/\/www.suno.com.br\/noticias\/wp-json\/wp\/v2\/media\/164497"}],"wp:attachment":[{"href":"https:\/\/www.suno.com.br\/noticias\/wp-json\/wp\/v2\/media?parent=192838"}],"wp:term":[{"taxonomy":"category","embeddable":true,"href":"https:\/\/www.suno.com.br\/noticias\/wp-json\/wp\/v2\/categories?post=192838"},{"taxonomy":"post_tag","embeddable":true,"href":"https:\/\/www.suno.com.br\/noticias\/wp-json\/wp\/v2\/tags?post=192838"},{"taxonomy":"suno_strategy","embeddable":true,"href":"https:\/\/www.suno.com.br\/noticias\/wp-json\/wp\/v2\/suno_strategy?post=192838"}],"curies":[{"name":"wp","href":"https:\/\/api.w.org\/{rel}","templated":true}]}}