{"id":192818,"date":"2021-10-11T15:47:37","date_gmt":"2021-10-11T18:47:37","guid":{"rendered":"https:\/\/www.suno.com.br\/noticias\/?p=192818"},"modified":"2021-10-11T15:47:37","modified_gmt":"2021-10-11T18:47:37","slug":"credit-suisse-corta-preco-alvo-b3-b3sa3-risco-baixa-ibovespa","status":"publish","type":"post","link":"https:\/\/www.suno.com.br\/noticias\/credit-suisse-corta-preco-alvo-b3-b3sa3-risco-baixa-ibovespa\/","title":{"rendered":"Credit Suisse corta pre\u00e7o-alvo da B3 (B3SA3) com risco e baixa do Ibovespa"},"content":{"rendered":"<p>Em relat\u00f3rio recente, o Credit Suisse reduziu suas expectativas com a <a href=\"https:\/\/www.suno.com.br\/acoes\/b3sa3\/\"><strong>B3<\/strong> (B3SA3)<\/a>, cortando o pre\u00e7o-alvo dos pap\u00e9is da empresa de R$ 22 para R$ 16. Pesaram na conclus\u00e3o da an\u00e1lise o cen\u00e1rio de risco, queda no volume de a\u00e7\u00f5es e a desvaloriza\u00e7\u00e3o do Ibovespa para o patamar de 110 mil pontos.<\/p>\t<div class=\"wrapper-featured-image\">\n\t\t<figure class=\"spotlightImg\">\n\n\t\t\t<picture>\n\t\t\t\t<source media=\"(max-width: 768px)\" srcset=\"https:\/\/files.sunoresearch.com.br\/n\/uploads\/2021\/03\/2ad6aabd-b3-400x200.webp\">\n\t\t\t\t<img loading=\"lazy\" decoding=\"async\" class=\"newsContent__article__imgCapa lazyloadDisabled \" src=\"https:\/\/files.sunoresearch.com.br\/n\/uploads\/2021\/03\/2ad6aabd-b3-800x450.webp\" width=\"800\" height=\"450\" alt=\"Credit Suisse corta pre\u00e7o-alvo da B3 (B3SA3) com risco e baixa do Ibovespa\" fetchpriority=high \/>\n\t\t\t<\/picture>\n\n\t\t\t<figcaption class=\"wp-caption-text wp-caption-text--show\">Sede da B3 em S\u00e3o Paulo - Foto: Divulga\u00e7\u00e3o<\/figcaption>\n\t\t<\/figure>\n\t<\/div>\n\n\n\t<p>\n\t\t<a href=\"https:\/\/lp.suno.com.br\/planilha-controle-gastos\/\" target=\"_blank\" data-element=\"shortcode-suno-banner\" title=\"Banner SUNO, clique e saiba mais\">\n\t\t\t<picture>\n\t\t\t\t<source media=\"(max-width: 500px)\" srcset=\"https:\/\/files.sunoresearch.com.br\/n\/uploads\/2023\/03\/400x300-Planilha-controle-de-gastos.png\">\n\t\t\t\t<img class=\"newsContent__article__imgCapa newsContent__article__imgCapa--banner\"\n\t\t\t\t\tsrc=\"https:\/\/files.sunoresearch.com.br\/n\/uploads\/2023\/03\/1420x240-Planilha-controle-de-gastos.png\"\n\t\t\t\t\tdata-promo-id=\"101751\"\t\t\t\t\t\t\t\t\t\twidth='1420' height='240'\t\t\t\t\talt=\"https:\/\/files.sunoresearch.com.br\/n\/uploads\/2023\/03\/1420x240-Planilha-controle-de-gastos.png\"\n\t\t\t\t>\n\t\t\t<\/picture>\n\t\t<\/a>\n\t<\/p>\n\n\n<p>&#8220;Continuamos a manter um expectativa de velocidade de &#8216;virada&#8217; de 150%, pois acreditamos que houve uma mudan\u00e7a estrutural para cima em rela\u00e7\u00e3o aos n\u00edveis pr\u00e9-pand\u00eamicos, refor\u00e7ada pelos recentes <strong>dados operacionais da B3<\/strong> e bolsas em todo o mundo&#8221;, ressalta o Credit Suisse sobre as <a href=\"https:\/\/www.suno.com.br\/artigos\/acoes-ordinarias\"><strong>a\u00e7\u00f5es da B3<\/strong><\/a>.<\/p>\n<p>Os analistas ainda v\u00eam possibilidade de retorno nos patamares atuais, mas frisam a incerteza pol\u00edtica e o ambiente macro relativamente desfavor\u00e1vel, o que pode ocasionar quedas e volatilidade.<\/p>\n\t<div data-element=\"shortcode-read-more\" class=\"knowMore\">\n\t\t\t\t<span class=\"knowMore__title\">Leia mais<\/span>\n\t\t\t\t<a class=\"knowMore__link\" href=\"https:\/\/www.suno.com.br\/noticias\/b3-b3sa3-boa-bonita-barata-bb-investimentos\/\">\n\t\t\tB3 (B3SA3): &quot;Boa, bonita e barata&quot;, diz BB Investimentos em in\u00edcio de cobertura\t\t<\/a>\n\t<\/div>\n\n\n<p><a href=\"https:\/\/www.suno.com.br\/artigos\/indicadores\/\">Os pap\u00e9is ainda s\u00e3o negociados em m\u00faltiplos<\/a> abaixo da m\u00e9dia hist\u00f3rica, segundo o <strong>Credit Suisse<\/strong> &#8211; o que deve dar margem para um <em>upside<\/em> em rela\u00e7\u00e3o ao pre\u00e7o atual.<\/p>\n<p>&#8220;N\u00f3s acreditamos que o maior o risco de curto a m\u00e9dio prazo para B3 \u00e9 um decl\u00ednio adicional no<strong> \u00edndice Bovespa<\/strong> no aumento pol\u00edtico e incerteza macro, afetando os volumes de a\u00e7\u00f5es &#8211; seguindo a corre\u00e7\u00e3o significativa do mercado, em 9x pre\u00e7o por lucro. Destacamos que o <a class=\"suno-keyword\" href=\"https:\/\/www.suno.com.br\/artigos\/mercado-de-acoes\/\" target=\"_blank\" rel=\"noopener\" data-force=\"no\" data-priority=\"2\">mercado de a\u00e7\u00f5es<\/a> brasileiro est\u00e1 agora sendo negociado mais perto de sua baixa de 2016&#8243;, acrescentam os analistas.<\/p>\n\t<p>\n\t\t<a href=\"https:\/\/lp.suno.com.br\/planilha-da-vida-financeira\/\" target=\"_blank\" data-element=\"shortcode-suno-banner\" title=\"Banner SUNO, clique e saiba mais\">\n\t\t\t<picture>\n\t\t\t\t<source media=\"(max-width: 500px)\" srcset=\"https:\/\/files.sunoresearch.com.br\/n\/uploads\/2023\/04\/400x300-Planilha-vida-financeira-true.png\">\n\t\t\t\t<img class=\"newsContent__article__imgCapa newsContent__article__imgCapa--banner\"\n\t\t\t\t\tsrc=\"https:\/\/files.sunoresearch.com.br\/n\/uploads\/2023\/04\/1420x240-Planilha-vida-financeira-true.png\"\n\t\t\t\t\tdata-promo-id=\"106682\"\t\t\t\t\t\t\t\t\t\twidth='1420' height='240'\t\t\t\t\talt=\"https:\/\/files.sunoresearch.com.br\/n\/uploads\/2023\/04\/1420x240-Planilha-vida-financeira-true.png\"\n\t\t\t\t>\n\t\t\t<\/picture>\n\t\t<\/a>\n\t<\/p>\n\n\n<h2>B3 tem alta de 24% no volume de setembro<\/h2>\n<p>A companhia divulgou na sexta-feira (8) seus destaques operacionais. Segundo a empresa da <strong><a href=\"https:\/\/www.suno.com.br\/artigos\/mercado-de-capitais-conceito\/\">Bolsa de Valores<\/a><\/strong>, foi registrado em setembro um volume financeiro m\u00e9dio di\u00e1rio de R$ 34,705 bilh\u00f5es, que representa alta de 24% na compara\u00e7\u00e3o anual. Em agosto o crescimento foi de 2%.<\/p>\n<p>De acordo com a bolsa,\u00a0os maiores volumes vieram do mercado\u00a0<strong>\u00e0 vista de a\u00e7\u00f5es<\/strong>, com R$ 33,493 bilh\u00f5es na m\u00e9dia di\u00e1ria, alta anual de 22,9%, e mensal de 1,5%.<\/p>\n\t<p>\n\t\t<a href=\"https:\/\/lp.suno.com.br\/ebook-como-analisar-uma-acao\/\" target=\"_blank\" data-element=\"shortcode-suno-banner\" title=\"Banner SUNO, clique e saiba mais\">\n\t\t\t<picture>\n\t\t\t\t<source media=\"(max-width: 500px)\" srcset=\"https:\/\/files.sunoresearch.com.br\/n\/uploads\/2023\/03\/Ebook-Acoes-Mobile-1.jpg\">\n\t\t\t\t<img class=\"newsContent__article__imgCapa newsContent__article__imgCapa--banner\"\n\t\t\t\t\tsrc=\"https:\/\/files.sunoresearch.com.br\/n\/uploads\/2023\/03\/Ebook-Acoes-Desktop-1.jpg\"\n\t\t\t\t\tdata-promo-id=\"171998\"\t\t\t\t\t\t\t\t\t\twidth='1420' height='286'\t\t\t\t\talt=\"https:\/\/files.sunoresearch.com.br\/n\/uploads\/2023\/03\/Ebook-Acoes-Desktop-1.jpg\"\n\t\t\t\t>\n\t\t\t<\/picture>\n\t\t<\/a>\n\t<\/p>\n\n\n<p>O n\u00famero de\u00a0<strong>investidores<\/strong>\u00a0ativos\u00a0<strong>cresceu<\/strong>\u00a03,34 milh\u00f5es, 29,6% a mais que setembro de 2020. Em rela\u00e7\u00e3o a agosto, houve crescimento de 1,4%. O n\u00famero de empresas listadas passou de 401 para 455 em 12 meses. O\u00a0<a class=\"suno-keyword\" href=\"https:\/\/www.suno.com.br\/artigos\/valor-de-mercado\/\" target=\"_blank\" rel=\"noopener\" data-force=\"no\" data-priority=\"1\">valor de mercado<\/a>\u00a0das empresas cresceu 24,5% na mesma base de compara\u00e7\u00e3o, mas recuou 5,8% em um m\u00eas, para R$ 5,183 trilh\u00f5es.<\/p>\n<p>No mercado de\u00a0<strong>derivativos e futuros<\/strong>, o volume de contratos cresceu 24,6% na compara\u00e7\u00e3o anual, e 16,1% na mensal, para 5,398 milh\u00f5es. Ainda no mercado de futuros, a receita m\u00e9dia por contrato teve recuo de 19,7% na compara\u00e7\u00e3o com setembro de 2020, para R$ 1,711. Em rela\u00e7\u00e3o a agosto, a queda foi de 14,55% no indicador.<\/p>\n\t<p>\n\t\t<a href=\"https:\/\/lp.suno.com.br\/planilha-de-controle-de-investimentos\/\" target=\"_blank\" data-element=\"shortcode-suno-banner\" title=\"Banner SUNO, clique e saiba mais\">\n\t\t\t<picture>\n\t\t\t\t<source media=\"(max-width: 500px)\" srcset=\"https:\/\/files.sunoresearch.com.br\/n\/uploads\/2023\/03\/400x300-Controle-de-Investimentos.png\">\n\t\t\t\t<img class=\"newsContent__article__imgCapa newsContent__article__imgCapa--banner\"\n\t\t\t\t\tsrc=\"https:\/\/files.sunoresearch.com.br\/n\/uploads\/2023\/03\/1420x240-Controle-de-Investimentos.png\"\n\t\t\t\t\tdata-promo-id=\"75934\"\t\t\t\t\t\t\t\t\t\twidth='1420' height='240'\t\t\t\t\talt=\"https:\/\/files.sunoresearch.com.br\/n\/uploads\/2023\/03\/1420x240-Controle-de-Investimentos.png\"\n\t\t\t\t>\n\t\t\t<\/picture>\n\t\t<\/a>\n\t<\/p>\n\n\n<h2>CRGI passa a deter 10% dos pap\u00e9is B3SA3<\/h2>\n<p>Tamb\u00e9m na sexta (8), a B3 informou que a Capital Research Global Investors (CRGI) passou a deter 616.611.036 <strong><a class=\"suno-keyword\" href=\"https:\/\/www.suno.com.br\/artigos\/o-que-sao-acoes-ordinarias-preferenciais-e-units\/\" target=\"_blank\" rel=\"noopener\" data-force=\"no\" data-priority=\"1\">a\u00e7\u00f5es ordin\u00e1rias<\/a> <\/strong>da companhia, o que corresponde a 10,06% das a\u00e7\u00f5es emitidas pela B3.<\/p>\n<p>\u201cA CRGI aumentou a participa\u00e7\u00e3o que administra em a\u00e7\u00f5es ON da <strong>B3<\/strong>, passando a administrar um total de 616.611.036 de a\u00e7\u00f5es da companhia, que representam 10,06% dessa esp\u00e9cie de a\u00e7\u00e3o\u201d explica o comunicado.<\/p>\n\t<p>\n\t\t<a href=\"\" target=\"_blank\" data-element=\"shortcode-suno-banner\" title=\"Banner SUNO, clique e saiba mais\">\n\t\t\t<picture>\n\t\t\t\t<source media=\"(max-width: 500px)\" srcset=\"\">\n\t\t\t\t<img class=\"newsContent__article__imgCapa newsContent__article__imgCapa--banner\"\n\t\t\t\t\tsrc=\"\"\n\t\t\t\t\tdata-promo-id=\"184190\"\t\t\t\t\t\t\t\t\t\t\t\t\t\t\talt=\"\"\n\t\t\t\t>\n\t\t\t<\/picture>\n\t\t<\/a>\n\t<\/p>\n\n\n","protected":false},"excerpt":{"rendered":"<p>Em relat\u00f3rio recente, o Credit Suisse reduziu suas expectativas com a B3 (B3SA3), cortando o pre\u00e7o-alvo dos pap\u00e9is da empresa de R$ 22 para R$ 16. Pesaram na conclus\u00e3o da an\u00e1lise o cen\u00e1rio de risco, queda no volume de a\u00e7\u00f5es e a desvaloriza\u00e7\u00e3o do Ibovespa para o patamar de 110 mil pontos. Sede da B3 [&hellip;]<\/p>\n","protected":false},"author":73,"featured_media":130172,"comment_status":"closed","ping_status":"closed","sticky":false,"template":"","format":"standard","meta":[],"categories":[64],"tags":[367,1788],"suno_strategy":[],"class_list":["post-192818","post","type-post","status-publish","format-standard","has-post-thumbnail","hentry","category-negocios","tag-b3-b3sa3","tag-credit-suisse-c1su34"],"yoast_head":"<!-- This site is optimized with the Yoast SEO plugin v24.4 - https:\/\/yoast.com\/wordpress\/plugins\/seo\/ -->\n<title>B3 (B3SA3): Credit Suisse reduz pre\u00e7o com macro e baixa do Ibovespa<\/title>\n<meta name=\"description\" content=\"Os analistas ainda v\u00eam possibilidade de retorno com a\u00e7\u00f5es da B3, mas frisam a incerteza pol\u00edtica e o ambiente macro desfavor\u00e1vel. Leia mais\" \/>\n<meta name=\"robots\" content=\"index, follow, max-snippet:-1, max-image-preview:large, max-video-preview:-1\" \/>\n<link rel=\"canonical\" href=\"https:\/\/www.suno.com.br\/noticias\/credit-suisse-corta-preco-alvo-b3-b3sa3-risco-baixa-ibovespa\/\" \/>\n<meta property=\"og:locale\" content=\"pt_BR\" \/>\n<meta property=\"og:type\" content=\"article\" \/>\n<meta property=\"og:title\" content=\"B3 (B3SA3): Credit Suisse reduz pre\u00e7o com macro e baixa do Ibovespa\" \/>\n<meta property=\"og:description\" content=\"Os analistas ainda v\u00eam possibilidade de retorno com a\u00e7\u00f5es da B3, mas frisam a incerteza pol\u00edtica e o ambiente macro desfavor\u00e1vel. Leia mais\" \/>\n<meta property=\"og:url\" content=\"https:\/\/www.suno.com.br\/noticias\/credit-suisse-corta-preco-alvo-b3-b3sa3-risco-baixa-ibovespa\/\" \/>\n<meta property=\"og:site_name\" content=\"Suno Not\u00edcias\" \/>\n<meta property=\"article:publisher\" content=\"https:\/\/facebook.com\/sunoresearch\" \/>\n<meta property=\"og:image\" content=\"https:\/\/files.sunoresearch.com.br\/n\/uploads\/2021\/03\/2ad6aabd-b3.jpg\" \/>\n\t<meta property=\"og:image:width\" content=\"1200\" \/>\n\t<meta property=\"og:image:height\" content=\"800\" \/>\n\t<meta property=\"og:image:type\" content=\"image\/jpeg\" \/>\n<meta name=\"author\" content=\"Eduardo Vargas\" \/>\n<meta name=\"twitter:card\" content=\"summary_large_image\" \/>\n<meta name=\"twitter:creator\" content=\"@sunoresearch\" \/>\n<meta name=\"twitter:site\" content=\"@sunoresearch\" \/>\n<meta name=\"twitter:label1\" content=\"Escrito por\" \/>\n\t<meta name=\"twitter:data1\" content=\"Eduardo Vargas\" \/>\n\t<meta name=\"twitter:label2\" content=\"Est. tempo de leitura\" \/>\n\t<meta name=\"twitter:data2\" content=\"3 minutos\" \/>\n<script type=\"application\/ld+json\" class=\"yoast-schema-graph\">{\"@context\":\"https:\/\/schema.org\",\"@graph\":[{\"@type\":\"NewsArticle\",\"@id\":\"https:\/\/www.suno.com.br\/noticias\/credit-suisse-corta-preco-alvo-b3-b3sa3-risco-baixa-ibovespa\/#article\",\"isPartOf\":{\"@id\":\"https:\/\/www.suno.com.br\/noticias\/credit-suisse-corta-preco-alvo-b3-b3sa3-risco-baixa-ibovespa\/\"},\"author\":{\"name\":\"Eduardo Vargas\",\"@id\":\"https:\/\/www.suno.com.br\/noticias\/#\/schema\/person\/7f4d362bf3518e76090143ae77bb49a5\"},\"headline\":\"Credit Suisse corta pre\u00e7o-alvo da B3 (B3SA3) com risco e baixa do Ibovespa\",\"datePublished\":\"2021-10-11T18:47:37+00:00\",\"mainEntityOfPage\":{\"@id\":\"https:\/\/www.suno.com.br\/noticias\/credit-suisse-corta-preco-alvo-b3-b3sa3-risco-baixa-ibovespa\/\"},\"wordCount\":556,\"publisher\":{\"@id\":\"https:\/\/www.suno.com.br\/noticias\/#organization\"},\"image\":{\"@id\":\"https:\/\/www.suno.com.br\/noticias\/credit-suisse-corta-preco-alvo-b3-b3sa3-risco-baixa-ibovespa\/#primaryimage\"},\"thumbnailUrl\":\"https:\/\/files.sunoresearch.com.br\/n\/uploads\/2021\/03\/2ad6aabd-b3-jpg.webp\",\"keywords\":[\"B3 (B3SA3)\",\"Credit Suisse (C1SU34)\"],\"articleSection\":[\"Neg\u00f3cios\"],\"inLanguage\":\"pt-BR\"},{\"@type\":\"WebPage\",\"@id\":\"https:\/\/www.suno.com.br\/noticias\/credit-suisse-corta-preco-alvo-b3-b3sa3-risco-baixa-ibovespa\/\",\"url\":\"https:\/\/www.suno.com.br\/noticias\/credit-suisse-corta-preco-alvo-b3-b3sa3-risco-baixa-ibovespa\/\",\"name\":\"B3 (B3SA3): Credit Suisse reduz pre\u00e7o com macro e baixa do Ibovespa\",\"isPartOf\":{\"@id\":\"https:\/\/www.suno.com.br\/noticias\/#website\"},\"primaryImageOfPage\":{\"@id\":\"https:\/\/www.suno.com.br\/noticias\/credit-suisse-corta-preco-alvo-b3-b3sa3-risco-baixa-ibovespa\/#primaryimage\"},\"image\":{\"@id\":\"https:\/\/www.suno.com.br\/noticias\/credit-suisse-corta-preco-alvo-b3-b3sa3-risco-baixa-ibovespa\/#primaryimage\"},\"thumbnailUrl\":\"https:\/\/files.sunoresearch.com.br\/n\/uploads\/2021\/03\/2ad6aabd-b3-jpg.webp\",\"datePublished\":\"2021-10-11T18:47:37+00:00\",\"description\":\"Os analistas ainda v\u00eam possibilidade de retorno com a\u00e7\u00f5es da B3, mas frisam a incerteza pol\u00edtica e o ambiente macro desfavor\u00e1vel. Leia mais\",\"breadcrumb\":{\"@id\":\"https:\/\/www.suno.com.br\/noticias\/credit-suisse-corta-preco-alvo-b3-b3sa3-risco-baixa-ibovespa\/#breadcrumb\"},\"inLanguage\":\"pt-BR\",\"potentialAction\":[{\"@type\":\"ReadAction\",\"target\":[\"https:\/\/www.suno.com.br\/noticias\/credit-suisse-corta-preco-alvo-b3-b3sa3-risco-baixa-ibovespa\/\"]}]},{\"@type\":\"ImageObject\",\"inLanguage\":\"pt-BR\",\"@id\":\"https:\/\/www.suno.com.br\/noticias\/credit-suisse-corta-preco-alvo-b3-b3sa3-risco-baixa-ibovespa\/#primaryimage\",\"url\":\"https:\/\/files.sunoresearch.com.br\/n\/uploads\/2021\/03\/2ad6aabd-b3-jpg.webp\",\"contentUrl\":\"https:\/\/files.sunoresearch.com.br\/n\/uploads\/2021\/03\/2ad6aabd-b3-jpg.webp\",\"width\":1200,\"height\":800,\"caption\":\"Sede da B3 em S\u00e3o Paulo - Foto: Divulga\u00e7\u00e3o\"},{\"@type\":\"BreadcrumbList\",\"@id\":\"https:\/\/www.suno.com.br\/noticias\/credit-suisse-corta-preco-alvo-b3-b3sa3-risco-baixa-ibovespa\/#breadcrumb\",\"itemListElement\":[{\"@type\":\"ListItem\",\"position\":1,\"name\":\"Not\u00edcias\",\"item\":\"https:\/\/www.suno.com.br\/noticias\/\"},{\"@type\":\"ListItem\",\"position\":2,\"name\":\"Neg\u00f3cios\",\"item\":\"https:\/\/www.suno.com.br\/noticias\/negocios\/\"},{\"@type\":\"ListItem\",\"position\":3,\"name\":\"Credit Suisse corta pre\u00e7o-alvo da B3 (B3SA3) com risco e baixa do Ibovespa\"}]},{\"@type\":\"WebSite\",\"@id\":\"https:\/\/www.suno.com.br\/noticias\/#website\",\"url\":\"https:\/\/www.suno.com.br\/noticias\/\",\"name\":\"Suno Not\u00edcias\",\"description\":\"Seu portal de informa\u00e7\u00e3o sobre o mundo dos investimentos\",\"publisher\":{\"@id\":\"https:\/\/www.suno.com.br\/noticias\/#organization\"},\"potentialAction\":[{\"@type\":\"SearchAction\",\"target\":{\"@type\":\"EntryPoint\",\"urlTemplate\":\"https:\/\/www.suno.com.br\/noticias\/?s={search_term_string}\"},\"query-input\":{\"@type\":\"PropertyValueSpecification\",\"valueRequired\":true,\"valueName\":\"search_term_string\"}}],\"inLanguage\":\"pt-BR\"},{\"@type\":\"Organization\",\"@id\":\"https:\/\/www.suno.com.br\/noticias\/#organization\",\"name\":\"Suno Not\u00edcias\",\"url\":\"https:\/\/www.suno.com.br\/noticias\/\",\"logo\":{\"@type\":\"ImageObject\",\"inLanguage\":\"pt-BR\",\"@id\":\"https:\/\/www.suno.com.br\/noticias\/#\/schema\/logo\/image\/\",\"url\":\"https:\/\/files.sunoresearch.com.br\/n\/uploads\/2021\/09\/suno-logo.png\",\"contentUrl\":\"https:\/\/files.sunoresearch.com.br\/n\/uploads\/2021\/09\/suno-logo.png\",\"width\":180,\"height\":180,\"caption\":\"Suno Not\u00edcias\"},\"image\":{\"@id\":\"https:\/\/www.suno.com.br\/noticias\/#\/schema\/logo\/image\/\"},\"sameAs\":[\"https:\/\/facebook.com\/sunoresearch\",\"https:\/\/x.com\/sunoresearch\",\"https:\/\/www.instagram.com\/suno\",\"https:\/\/www.linkedin.com\/company\/suno-research\/\",\"https:\/\/www.youtube.com\/c\/sunoresearch\"]},{\"@type\":\"Person\",\"@id\":\"https:\/\/www.suno.com.br\/noticias\/#\/schema\/person\/7f4d362bf3518e76090143ae77bb49a5\",\"name\":\"Eduardo Vargas\",\"image\":{\"@type\":\"ImageObject\",\"inLanguage\":\"pt-BR\",\"@id\":\"https:\/\/www.suno.com.br\/noticias\/#\/schema\/person\/image\/\",\"url\":\"https:\/\/secure.gravatar.com\/avatar\/dac340933427a22924c9f99d1eb2e3f2?s=96&r=g\",\"contentUrl\":\"https:\/\/secure.gravatar.com\/avatar\/dac340933427a22924c9f99d1eb2e3f2?s=96&r=g\",\"caption\":\"Eduardo Vargas\"},\"description\":\"Jornalista formado pela UFSC, cobre macroeconomia, neg\u00f3cios e startups para o Suno Not\u00edcias, escrevendo principalmente not\u00edcias sobre o mercado financeiro e a bolsa de valores. No YouTube e no Instagram, \u00e9 respons\u00e1vel pela produ\u00e7\u00e3o de Reels e Shorts do Suno Not\u00edcias. Anteriormente, trabalhou cobrindo economia e cotidiano no ND+ e para o ND, maior jornal impresso de Santa Catarina. Cursou um semestre letivo de Estudos de M\u00eddia na Universidad de Buenos Aires.\",\"url\":\"https:\/\/www.suno.com.br\/noticias\/author\/eduardo-vargas\/\"}]}<\/script>\n<!-- \/ Yoast SEO plugin. -->","yoast_head_json":{"title":"B3 (B3SA3): Credit Suisse reduz pre\u00e7o com macro e baixa do Ibovespa","description":"Os analistas ainda v\u00eam possibilidade de retorno com a\u00e7\u00f5es da B3, mas frisam a incerteza pol\u00edtica e o ambiente macro desfavor\u00e1vel. Leia mais","robots":{"index":"index","follow":"follow","max-snippet":"max-snippet:-1","max-image-preview":"max-image-preview:large","max-video-preview":"max-video-preview:-1"},"canonical":"https:\/\/www.suno.com.br\/noticias\/credit-suisse-corta-preco-alvo-b3-b3sa3-risco-baixa-ibovespa\/","og_locale":"pt_BR","og_type":"article","og_title":"B3 (B3SA3): Credit Suisse reduz pre\u00e7o com macro e baixa do Ibovespa","og_description":"Os analistas ainda v\u00eam possibilidade de retorno com a\u00e7\u00f5es da B3, mas frisam a incerteza pol\u00edtica e o ambiente macro desfavor\u00e1vel. Leia mais","og_url":"https:\/\/www.suno.com.br\/noticias\/credit-suisse-corta-preco-alvo-b3-b3sa3-risco-baixa-ibovespa\/","og_site_name":"Suno Not\u00edcias","article_publisher":"https:\/\/facebook.com\/sunoresearch","og_image":[{"width":1200,"height":800,"url":"https:\/\/files.sunoresearch.com.br\/n\/uploads\/2021\/03\/2ad6aabd-b3.jpg","type":"image\/jpeg"}],"author":"Eduardo Vargas","twitter_card":"summary_large_image","twitter_creator":"@sunoresearch","twitter_site":"@sunoresearch","twitter_misc":{"Escrito por":"Eduardo Vargas","Est. tempo de leitura":"3 minutos"},"schema":{"@context":"https:\/\/schema.org","@graph":[{"@type":"NewsArticle","@id":"https:\/\/www.suno.com.br\/noticias\/credit-suisse-corta-preco-alvo-b3-b3sa3-risco-baixa-ibovespa\/#article","isPartOf":{"@id":"https:\/\/www.suno.com.br\/noticias\/credit-suisse-corta-preco-alvo-b3-b3sa3-risco-baixa-ibovespa\/"},"author":{"name":"Eduardo Vargas","@id":"https:\/\/www.suno.com.br\/noticias\/#\/schema\/person\/7f4d362bf3518e76090143ae77bb49a5"},"headline":"Credit Suisse corta pre\u00e7o-alvo da B3 (B3SA3) com risco e baixa do Ibovespa","datePublished":"2021-10-11T18:47:37+00:00","mainEntityOfPage":{"@id":"https:\/\/www.suno.com.br\/noticias\/credit-suisse-corta-preco-alvo-b3-b3sa3-risco-baixa-ibovespa\/"},"wordCount":556,"publisher":{"@id":"https:\/\/www.suno.com.br\/noticias\/#organization"},"image":{"@id":"https:\/\/www.suno.com.br\/noticias\/credit-suisse-corta-preco-alvo-b3-b3sa3-risco-baixa-ibovespa\/#primaryimage"},"thumbnailUrl":"https:\/\/files.sunoresearch.com.br\/n\/uploads\/2021\/03\/2ad6aabd-b3-jpg.webp","keywords":["B3 (B3SA3)","Credit Suisse (C1SU34)"],"articleSection":["Neg\u00f3cios"],"inLanguage":"pt-BR"},{"@type":"WebPage","@id":"https:\/\/www.suno.com.br\/noticias\/credit-suisse-corta-preco-alvo-b3-b3sa3-risco-baixa-ibovespa\/","url":"https:\/\/www.suno.com.br\/noticias\/credit-suisse-corta-preco-alvo-b3-b3sa3-risco-baixa-ibovespa\/","name":"B3 (B3SA3): Credit Suisse reduz pre\u00e7o com macro e baixa do Ibovespa","isPartOf":{"@id":"https:\/\/www.suno.com.br\/noticias\/#website"},"primaryImageOfPage":{"@id":"https:\/\/www.suno.com.br\/noticias\/credit-suisse-corta-preco-alvo-b3-b3sa3-risco-baixa-ibovespa\/#primaryimage"},"image":{"@id":"https:\/\/www.suno.com.br\/noticias\/credit-suisse-corta-preco-alvo-b3-b3sa3-risco-baixa-ibovespa\/#primaryimage"},"thumbnailUrl":"https:\/\/files.sunoresearch.com.br\/n\/uploads\/2021\/03\/2ad6aabd-b3-jpg.webp","datePublished":"2021-10-11T18:47:37+00:00","description":"Os analistas ainda v\u00eam possibilidade de retorno com a\u00e7\u00f5es da B3, mas frisam a incerteza pol\u00edtica e o ambiente macro desfavor\u00e1vel. Leia mais","breadcrumb":{"@id":"https:\/\/www.suno.com.br\/noticias\/credit-suisse-corta-preco-alvo-b3-b3sa3-risco-baixa-ibovespa\/#breadcrumb"},"inLanguage":"pt-BR","potentialAction":[{"@type":"ReadAction","target":["https:\/\/www.suno.com.br\/noticias\/credit-suisse-corta-preco-alvo-b3-b3sa3-risco-baixa-ibovespa\/"]}]},{"@type":"ImageObject","inLanguage":"pt-BR","@id":"https:\/\/www.suno.com.br\/noticias\/credit-suisse-corta-preco-alvo-b3-b3sa3-risco-baixa-ibovespa\/#primaryimage","url":"https:\/\/files.sunoresearch.com.br\/n\/uploads\/2021\/03\/2ad6aabd-b3-jpg.webp","contentUrl":"https:\/\/files.sunoresearch.com.br\/n\/uploads\/2021\/03\/2ad6aabd-b3-jpg.webp","width":1200,"height":800,"caption":"Sede da B3 em S\u00e3o Paulo - Foto: Divulga\u00e7\u00e3o"},{"@type":"BreadcrumbList","@id":"https:\/\/www.suno.com.br\/noticias\/credit-suisse-corta-preco-alvo-b3-b3sa3-risco-baixa-ibovespa\/#breadcrumb","itemListElement":[{"@type":"ListItem","position":1,"name":"Not\u00edcias","item":"https:\/\/www.suno.com.br\/noticias\/"},{"@type":"ListItem","position":2,"name":"Neg\u00f3cios","item":"https:\/\/www.suno.com.br\/noticias\/negocios\/"},{"@type":"ListItem","position":3,"name":"Credit Suisse corta pre\u00e7o-alvo da B3 (B3SA3) com risco e baixa do Ibovespa"}]},{"@type":"WebSite","@id":"https:\/\/www.suno.com.br\/noticias\/#website","url":"https:\/\/www.suno.com.br\/noticias\/","name":"Suno Not\u00edcias","description":"Seu portal de informa\u00e7\u00e3o sobre o mundo dos investimentos","publisher":{"@id":"https:\/\/www.suno.com.br\/noticias\/#organization"},"potentialAction":[{"@type":"SearchAction","target":{"@type":"EntryPoint","urlTemplate":"https:\/\/www.suno.com.br\/noticias\/?s={search_term_string}"},"query-input":{"@type":"PropertyValueSpecification","valueRequired":true,"valueName":"search_term_string"}}],"inLanguage":"pt-BR"},{"@type":"Organization","@id":"https:\/\/www.suno.com.br\/noticias\/#organization","name":"Suno Not\u00edcias","url":"https:\/\/www.suno.com.br\/noticias\/","logo":{"@type":"ImageObject","inLanguage":"pt-BR","@id":"https:\/\/www.suno.com.br\/noticias\/#\/schema\/logo\/image\/","url":"https:\/\/files.sunoresearch.com.br\/n\/uploads\/2021\/09\/suno-logo.png","contentUrl":"https:\/\/files.sunoresearch.com.br\/n\/uploads\/2021\/09\/suno-logo.png","width":180,"height":180,"caption":"Suno Not\u00edcias"},"image":{"@id":"https:\/\/www.suno.com.br\/noticias\/#\/schema\/logo\/image\/"},"sameAs":["https:\/\/facebook.com\/sunoresearch","https:\/\/x.com\/sunoresearch","https:\/\/www.instagram.com\/suno","https:\/\/www.linkedin.com\/company\/suno-research\/","https:\/\/www.youtube.com\/c\/sunoresearch"]},{"@type":"Person","@id":"https:\/\/www.suno.com.br\/noticias\/#\/schema\/person\/7f4d362bf3518e76090143ae77bb49a5","name":"Eduardo Vargas","image":{"@type":"ImageObject","inLanguage":"pt-BR","@id":"https:\/\/www.suno.com.br\/noticias\/#\/schema\/person\/image\/","url":"https:\/\/secure.gravatar.com\/avatar\/dac340933427a22924c9f99d1eb2e3f2?s=96&r=g","contentUrl":"https:\/\/secure.gravatar.com\/avatar\/dac340933427a22924c9f99d1eb2e3f2?s=96&r=g","caption":"Eduardo Vargas"},"description":"Jornalista formado pela UFSC, cobre macroeconomia, neg\u00f3cios e startups para o Suno Not\u00edcias, escrevendo principalmente not\u00edcias sobre o mercado financeiro e a bolsa de valores. No YouTube e no Instagram, \u00e9 respons\u00e1vel pela produ\u00e7\u00e3o de Reels e Shorts do Suno Not\u00edcias. Anteriormente, trabalhou cobrindo economia e cotidiano no ND+ e para o ND, maior jornal impresso de Santa Catarina. Cursou um semestre letivo de Estudos de M\u00eddia na Universidad de Buenos Aires.","url":"https:\/\/www.suno.com.br\/noticias\/author\/eduardo-vargas\/"}]}},"default_loop_html":"<div class=\"cardsPage__listCard__boxs\"><div class=\"cardsPage__listCard__boxs__img\"><a href=\"https:\/\/www.suno.com.br\/noticias\/credit-suisse-corta-preco-alvo-b3-b3sa3-risco-baixa-ibovespa\/\"><img class=\"mask\" src=\"https:\/\/www.suno.com.br\/noticias\/wp-content\/themes\/suno\/resources\/images\/spotlight\/spotlight1img\/bg-mask.png\" alt=\"Image Mask\"\/><img src=\"https:\/\/files.sunoresearch.com.br\/n\/uploads\/2021\/03\/2ad6aabd-b3-400x200.webp\" alt=\"Credit Suisse corta pre\u00e7o-alvo da B3 (B3SA3) com risco e baixa do Ibovespa\"\/><\/a><span class=\"spotlightCategory\"><a href=\"https:\/\/www.suno.com.br\/noticias\/negocios\/\">Neg\u00f3cios<\/a><\/span><\/div><div class=\"cardsPage__listCard__boxs__content\"><a href=\"https:\/\/www.suno.com.br\/noticias\/credit-suisse-corta-preco-alvo-b3-b3sa3-risco-baixa-ibovespa\/\"><h2 class=\"content__title\">Credit Suisse corta pre\u00e7o-alvo da B3 (B3SA3) com risco e baixa do Ibovespa<\/h2><\/a><div class=\"newsContent__article__meta\"><div class=\"newsContent__article__meta__authorBox\"><a href=\"https:\/\/www.suno.com.br\/noticias\/author\/eduardo-vargas\/\" class=\"authorBox__avatar noMobi\"><img src=\"https:\/\/secure.gravatar.com\/avatar\/dac340933427a22924c9f99d1eb2e3f2?s=96&#038;r=g\" alt=\"Eduardo Vargas\"><\/a><div class=\"authorBox__name\"><span>por\n\t\t\t<a href=\"https:\/\/www.suno.com.br\/noticias\/author\/eduardo-vargas\/\"><span itemprop=\"author\">Eduardo Vargas<\/span><\/a><\/span><time datetime=\"2021-10-11T15:47:37-03:00\" itemprop=\"datePublished\">11\/10\/2021 15:47<\/time><\/div><\/div><\/div><\/div><\/div>","single_layout":"posts","amp_enabled":true,"_links":{"self":[{"href":"https:\/\/www.suno.com.br\/noticias\/wp-json\/wp\/v2\/posts\/192818"}],"collection":[{"href":"https:\/\/www.suno.com.br\/noticias\/wp-json\/wp\/v2\/posts"}],"about":[{"href":"https:\/\/www.suno.com.br\/noticias\/wp-json\/wp\/v2\/types\/post"}],"author":[{"embeddable":true,"href":"https:\/\/www.suno.com.br\/noticias\/wp-json\/wp\/v2\/users\/73"}],"replies":[{"embeddable":true,"href":"https:\/\/www.suno.com.br\/noticias\/wp-json\/wp\/v2\/comments?post=192818"}],"version-history":[{"count":3,"href":"https:\/\/www.suno.com.br\/noticias\/wp-json\/wp\/v2\/posts\/192818\/revisions"}],"predecessor-version":[{"id":192842,"href":"https:\/\/www.suno.com.br\/noticias\/wp-json\/wp\/v2\/posts\/192818\/revisions\/192842"}],"wp:featuredmedia":[{"embeddable":true,"href":"https:\/\/www.suno.com.br\/noticias\/wp-json\/wp\/v2\/media\/130172"}],"wp:attachment":[{"href":"https:\/\/www.suno.com.br\/noticias\/wp-json\/wp\/v2\/media?parent=192818"}],"wp:term":[{"taxonomy":"category","embeddable":true,"href":"https:\/\/www.suno.com.br\/noticias\/wp-json\/wp\/v2\/categories?post=192818"},{"taxonomy":"post_tag","embeddable":true,"href":"https:\/\/www.suno.com.br\/noticias\/wp-json\/wp\/v2\/tags?post=192818"},{"taxonomy":"suno_strategy","embeddable":true,"href":"https:\/\/www.suno.com.br\/noticias\/wp-json\/wp\/v2\/suno_strategy?post=192818"}],"curies":[{"name":"wp","href":"https:\/\/api.w.org\/{rel}","templated":true}]}}