{"id":192747,"date":"2021-10-11T15:57:22","date_gmt":"2021-10-11T18:57:22","guid":{"rendered":"https:\/\/www.suno.com.br\/noticias\/?p=192747"},"modified":"2021-10-11T15:58:10","modified_gmt":"2021-10-11T18:58:10","slug":"kora-saude-krsa3-compra-grupo-oto-248-milhoes-ceara","status":"publish","type":"post","link":"https:\/\/www.suno.com.br\/noticias\/kora-saude-krsa3-compra-grupo-oto-248-milhoes-ceara\/","title":{"rendered":"Kora Sa\u00fade (KRSA3) compra Grupo OTO por R$ 248 milh\u00f5es"},"content":{"rendered":"<p>Novata na bolsa, a <a href=\"https:\/\/www.suno.com.br\/acoes\/krsa3\/\"><strong>Kora<\/strong> Sa\u00fade (KRSA3) <\/a>comprou de 80% do Grupo OTO, com hospitais nas cidades de Fortaleza, Caucaia e Messejana, no Estado do Cear\u00e1, por R$ 248 milh\u00f5es, segundo comunicado da companhia divulgado nesta segunda-feira (11).<\/p>\t<div class=\"wrapper-featured-image\">\n\t\t<figure class=\"spotlightImg\">\n\n\t\t\t<picture>\n\t\t\t\t<source media=\"(max-width: 768px)\" srcset=\"https:\/\/files.sunoresearch.com.br\/n\/uploads\/2021\/10\/Foto4-400x200.jpg\">\n\t\t\t\t<img loading=\"lazy\" decoding=\"async\" class=\"newsContent__article__imgCapa lazyloadDisabled \" src=\"https:\/\/files.sunoresearch.com.br\/n\/uploads\/2021\/10\/Foto4-800x450.jpg\" width=\"800\" height=\"450\" alt=\"Kora Sa\u00fade (KRSA3) compra Grupo OTO por R$ 248 milh\u00f5es\" fetchpriority=high \/>\n\t\t\t<\/picture>\n\n\t\t\t<figcaption class=\"wp-caption-text wp-caption-text--show\">Kora Sa\u00fade entrou na bolsa em meados de agosto - Foto: Divulga\u00e7\u00e3o\/Kora<\/figcaption>\n\t\t<\/figure>\n\t<\/div>\n\n\n\t<p>\n\t\t<a href=\"https:\/\/lp.suno.com.br\/planilha-controle-gastos\/\" target=\"_blank\" data-element=\"shortcode-suno-banner\" title=\"Banner SUNO, clique e saiba mais\">\n\t\t\t<picture>\n\t\t\t\t<source media=\"(max-width: 500px)\" srcset=\"https:\/\/files.sunoresearch.com.br\/n\/uploads\/2023\/03\/400x300-Planilha-controle-de-gastos.png\">\n\t\t\t\t<img class=\"newsContent__article__imgCapa newsContent__article__imgCapa--banner\"\n\t\t\t\t\tsrc=\"https:\/\/files.sunoresearch.com.br\/n\/uploads\/2023\/03\/1420x240-Planilha-controle-de-gastos.png\"\n\t\t\t\t\tdata-promo-id=\"101751\"\t\t\t\t\t\t\t\t\t\twidth='1420' height='240'\t\t\t\t\talt=\"https:\/\/files.sunoresearch.com.br\/n\/uploads\/2023\/03\/1420x240-Planilha-controle-de-gastos.png\"\n\t\t\t\t>\n\t\t\t<\/picture>\n\t\t<\/a>\n\t<\/p>\n\n\n<p><a href=\"https:\/\/www.suno.com.br\/artigos\/cvm\/\">De acordo com o informe da Kora<\/a>, ser\u00e3o pagos R$ 140 milh\u00f5es \u00e0 vista, na data de fechamento, R$ 79 milh\u00f5es ao longo dos pr\u00f3ximos 6 anos e R$ 29 milh\u00f5es por meio de troca de a\u00e7\u00f5es das participa\u00e7\u00f5es da Companhia nos Hospitais Gastroclinica e Hospital S\u00e3o Mateus (ambos localizados em Fortaleza) que ser\u00e3o incorporados ao <strong>Grupo OTO<\/strong>.<\/p>\n<p><a href=\"https:\/\/www.suno.com.br\/artigos\/capital-social\">Ser\u00e1 formada uma sociedade com acionistas<\/a> fundadores do Grupo OTO na opera\u00e7\u00e3o de todas as atividades da companhia no Cear\u00e1. A Kora passa a deter 80% das a\u00e7\u00f5es do grupo OTO e os acionistas fundadores do Grupo OTO os outros 20% de participa\u00e7\u00e3o.<\/p>\n\n\t<div data-element=\"shortcode-read-more\" class=\"readToo\">\n\t\t\t\t<span class=\"readToo__title\">Leia mais<\/span>\n\t\t\t\t<ul class=\"readToo__list\">\n\t\t\t<li><a href=\"https:\/\/www.suno.com.br\/noticias\/kora-saude-krsa3-hospital-sao-mateus\/\">Kora Sa\u00fade (KRSA3) compra hospital S\u00e3o Mateus (CE) por R$ 92,1 mi<\/a><\/li><li><a href=\"https:\/\/www.suno.com.br\/noticias\/kora-saude-krsa3-goiania-ing-aquisicao\/\">Kora (KRSA3) compra o Instituto de Neurologia de Goi\u00e2nia por R$ 123 milh\u00f5es<\/a><\/li>\t\t<\/ul>\n\t<\/div>\n\n\n<p>Conforme o <strong><a class=\"suno-keyword\" href=\"https:\/\/www.suno.com.br\/artigos\/fato-relevante\/\" target=\"_blank\" rel=\"noopener\" data-force=\"no\" data-priority=\"1\">fato relevante<\/a><\/strong>, o Hospital Otoclinica Matriz conta com 194 leitos, sendo 44 de UTI, 11 salas de cirurgia, hemodin\u00e2mica e parque completo de diagn\u00f3sticos. Al\u00e9m do hospital, o grupo conta com um centro avan\u00e7ado com pronto atendimento, consult\u00f3rios e hospital dia na regi\u00e3o sul da cidade, seis unidades de an\u00e1lises cl\u00ednicas e quatro unidades de imagem.<\/p>\n<p>Nos \u00faltimos tr\u00eas meses, a Kora Sa\u00fade concluiu tr\u00eas grandes <strong>aquisi\u00e7\u00f5es<\/strong> em Fortaleza e criou &#8211; nas palavras da empresa &#8211; o maior grupo hospitalar do Cear\u00e1, totalizando 449 leitos.<\/p>\n\t<p>\n\t\t<a href=\"https:\/\/lp.suno.com.br\/planilha-da-vida-financeira\/\" target=\"_blank\" data-element=\"shortcode-suno-banner\" title=\"Banner SUNO, clique e saiba mais\">\n\t\t\t<picture>\n\t\t\t\t<source media=\"(max-width: 500px)\" srcset=\"https:\/\/files.sunoresearch.com.br\/n\/uploads\/2023\/04\/400x300-Planilha-vida-financeira-true.png\">\n\t\t\t\t<img class=\"newsContent__article__imgCapa newsContent__article__imgCapa--banner\"\n\t\t\t\t\tsrc=\"https:\/\/files.sunoresearch.com.br\/n\/uploads\/2023\/04\/1420x240-Planilha-vida-financeira-true.png\"\n\t\t\t\t\tdata-promo-id=\"106682\"\t\t\t\t\t\t\t\t\t\twidth='1420' height='240'\t\t\t\t\talt=\"https:\/\/files.sunoresearch.com.br\/n\/uploads\/2023\/04\/1420x240-Planilha-vida-financeira-true.png\"\n\t\t\t\t>\n\t\t\t<\/picture>\n\t\t<\/a>\n\t<\/p>\n\n\n<p>O fechamento da opera\u00e7\u00e3o est\u00e1 sujeito ao cumprimento de certas condi\u00e7\u00f5es precedentes usuais para opera\u00e7\u00f5es da mesma natureza.<\/p>\n<h2>Kora Sa\u00fade teve de acionar lote suplementar no IPO<\/h2>\n<p>Com entrada na bolsa em meados de agosto, h\u00e1 algumas semanas a Kora acionou lote suplementar na sua oferta inicial de a\u00e7\u00f5es <a href=\"https:\/\/www.suno.com.br\/artigos\/ipo\/\">(IPO, na sigla em ingl\u00eas)<\/a>, em 10 de agosto, e acrescentou 14.583.333 de a\u00e7\u00f5es ordin\u00e1rias \u00e0 oferta. Com isso, a companhia somou mais R$ 104,9 milh\u00f5es \u00e0 arrecada\u00e7\u00e3o de R$ 769,9 milh\u00f5es do IPO.<\/p>\n\t<p>\n\t\t<a href=\"https:\/\/lp.suno.com.br\/ebook-como-analisar-uma-acao\/\" target=\"_blank\" data-element=\"shortcode-suno-banner\" title=\"Banner SUNO, clique e saiba mais\">\n\t\t\t<picture>\n\t\t\t\t<source media=\"(max-width: 500px)\" srcset=\"https:\/\/files.sunoresearch.com.br\/n\/uploads\/2023\/03\/Ebook-Acoes-Mobile-1.jpg\">\n\t\t\t\t<img class=\"newsContent__article__imgCapa newsContent__article__imgCapa--banner\"\n\t\t\t\t\tsrc=\"https:\/\/files.sunoresearch.com.br\/n\/uploads\/2023\/03\/Ebook-Acoes-Desktop-1.jpg\"\n\t\t\t\t\tdata-promo-id=\"171998\"\t\t\t\t\t\t\t\t\t\twidth='1420' height='286'\t\t\t\t\talt=\"https:\/\/files.sunoresearch.com.br\/n\/uploads\/2023\/03\/Ebook-Acoes-Desktop-1.jpg\"\n\t\t\t\t>\n\t\t\t<\/picture>\n\t\t<\/a>\n\t<\/p>\n\n\n<p>Diante do lote suplementar, o <a class=\"suno-keyword\" href=\"https:\/\/www.suno.com.br\/artigos\/conselho-administracao\/\" target=\"_blank\" rel=\"noopener\" data-force=\"no\" data-priority=\"1\">Conselho de Administra\u00e7\u00e3o<\/a> da Kora Sa\u00fade aprovou o aumento de capital social da companhia para R$ 337,8 milh\u00f5es.<\/p>\n<p>O aumentou de 14.583.333 <a class=\"suno-keyword\" href=\"https:\/\/www.suno.com.br\/artigos\/o-que-sao-acoes-ordinarias-preferenciais-e-units\/\" target=\"_blank\" rel=\"noopener\" data-force=\"no\" data-priority=\"1\">a\u00e7\u00f5es ordin\u00e1rias<\/a> da Kora \u00e0 sua oferta de estreia na B3 foi equivalente a 15% do total de a\u00e7\u00f5es inicialmente previstos.<\/p>\n\t<p>\n\t\t<a href=\"https:\/\/lp.suno.com.br\/planilha-de-controle-de-investimentos\/\" target=\"_blank\" data-element=\"shortcode-suno-banner\" title=\"Banner SUNO, clique e saiba mais\">\n\t\t\t<picture>\n\t\t\t\t<source media=\"(max-width: 500px)\" srcset=\"https:\/\/files.sunoresearch.com.br\/n\/uploads\/2023\/03\/400x300-Controle-de-Investimentos.png\">\n\t\t\t\t<img class=\"newsContent__article__imgCapa newsContent__article__imgCapa--banner\"\n\t\t\t\t\tsrc=\"https:\/\/files.sunoresearch.com.br\/n\/uploads\/2023\/03\/1420x240-Controle-de-Investimentos.png\"\n\t\t\t\t\tdata-promo-id=\"75934\"\t\t\t\t\t\t\t\t\t\twidth='1420' height='240'\t\t\t\t\talt=\"https:\/\/files.sunoresearch.com.br\/n\/uploads\/2023\/03\/1420x240-Controle-de-Investimentos.png\"\n\t\t\t\t>\n\t\t\t<\/picture>\n\t\t<\/a>\n\t<\/p>\n\n\n<p>Com isso, a empresa arrecadou R$ 104.999.997,6 com o <strong>lote suplementar<\/strong>, &#8220;dos quais R$ 15.749.999,64 ser\u00e3o destinados \u00e0 conta de <strong>capital social<\/strong> da Companhia e R$ 89.249.997,96 ser\u00e3o destinados \u00e0 conta de <a class=\"suno-keyword\" href=\"https:\/\/www.suno.com.br\/artigos\/reserva-capital\/\" target=\"_blank\" rel=\"noopener\" data-force=\"no\" data-priority=\"1\">reserva de capital<\/a> da Companhia&#8221;, diz documento.<\/p>\n<p>Em raz\u00e3o do <a href=\"https:\/\/www.suno.com.br\/artigos\/aumento-capital\/\" target=\"_blank\" rel=\"noopener\">aumento de capital<\/a> social da <strong>Kora <\/strong>Sa\u00fade, o novo valor passar\u00e1 a ser R$ 337.807.732,53, dividido em 765.255.175 a\u00e7\u00f5es ordin\u00e1rias.<\/p>\n<p><em>Com informa\u00e7\u00f5es do Estad\u00e3o Conte\u00fado<\/em><\/p>\n\t<p>\n\t\t<a href=\"\" target=\"_blank\" data-element=\"shortcode-suno-banner\" title=\"Banner SUNO, clique e saiba mais\">\n\t\t\t<picture>\n\t\t\t\t<source media=\"(max-width: 500px)\" srcset=\"\">\n\t\t\t\t<img class=\"newsContent__article__imgCapa newsContent__article__imgCapa--banner\"\n\t\t\t\t\tsrc=\"\"\n\t\t\t\t\tdata-promo-id=\"184190\"\t\t\t\t\t\t\t\t\t\t\t\t\t\t\talt=\"\"\n\t\t\t\t>\n\t\t\t<\/picture>\n\t\t<\/a>\n\t<\/p>\n\n\n","protected":false},"excerpt":{"rendered":"<p>Novata na bolsa, a Kora Sa\u00fade (KRSA3) comprou de 80% do Grupo OTO, com hospitais nas cidades de Fortaleza, Caucaia e Messejana, no Estado do Cear\u00e1, por R$ 248 milh\u00f5es, segundo comunicado da companhia divulgado nesta segunda-feira (11). Compra feita pela Kora mostra avan\u00e7o da companhia em aquisi\u00e7\u00f5es e diversifica\u00e7\u00e3o de segmentos, conforme a empresa [&hellip;]<\/p>\n","protected":false},"author":73,"featured_media":192783,"comment_status":"closed","ping_status":"closed","sticky":false,"template":"","format":"standard","meta":[],"categories":[64],"tags":[106444,105852,105927],"suno_strategy":[],"class_list":["post-192747","post","type-post","status-publish","format-standard","has-post-thumbnail","hentry","category-negocios","tag-agencias","tag-kora-saude-krsa3","tag-setor-de-saude"],"yoast_head":"<!-- This site is optimized with the Yoast SEO plugin v24.4 - https:\/\/yoast.com\/wordpress\/plugins\/seo\/ -->\n<title>Kora Sa\u00fade (KRSA3) compra Grupo OTO por R$ 248 milh\u00f5es<\/title>\n<meta name=\"description\" content=\"O Grupo OTO teve 80% do seu capital comprado pela Kora, tendo hospitais em Fortaleza, Caucaia e Messejana. Clique aqui e leia mais.\" \/>\n<meta name=\"robots\" content=\"index, follow, max-snippet:-1, max-image-preview:large, max-video-preview:-1\" \/>\n<link rel=\"canonical\" href=\"https:\/\/www.suno.com.br\/noticias\/kora-saude-krsa3-compra-grupo-oto-248-milhoes-ceara\/\" \/>\n<meta property=\"og:locale\" content=\"pt_BR\" \/>\n<meta property=\"og:type\" content=\"article\" \/>\n<meta property=\"og:title\" content=\"Kora Sa\u00fade (KRSA3) compra Grupo OTO por R$ 248 milh\u00f5es\" \/>\n<meta property=\"og:description\" content=\"O Grupo OTO teve 80% do seu capital comprado pela Kora, tendo hospitais em Fortaleza, Caucaia e Messejana. Clique aqui e leia mais.\" \/>\n<meta property=\"og:url\" content=\"https:\/\/www.suno.com.br\/noticias\/kora-saude-krsa3-compra-grupo-oto-248-milhoes-ceara\/\" \/>\n<meta property=\"og:site_name\" content=\"Suno Not\u00edcias\" \/>\n<meta property=\"article:publisher\" content=\"https:\/\/facebook.com\/sunoresearch\" \/>\n<meta property=\"og:image\" content=\"https:\/\/files.sunoresearch.com.br\/n\/uploads\/2021\/10\/Foto4.jpg\" \/>\n\t<meta property=\"og:image:width\" content=\"2500\" \/>\n\t<meta property=\"og:image:height\" content=\"1667\" \/>\n\t<meta property=\"og:image:type\" content=\"image\/jpeg\" \/>\n<meta name=\"author\" content=\"Eduardo Vargas\" \/>\n<meta name=\"twitter:card\" content=\"summary_large_image\" \/>\n<meta name=\"twitter:creator\" content=\"@sunoresearch\" \/>\n<meta name=\"twitter:site\" content=\"@sunoresearch\" \/>\n<meta name=\"twitter:label1\" content=\"Escrito por\" \/>\n\t<meta name=\"twitter:data1\" content=\"Eduardo Vargas\" \/>\n\t<meta name=\"twitter:label2\" content=\"Est. tempo de leitura\" \/>\n\t<meta name=\"twitter:data2\" content=\"2 minutos\" \/>\n<script type=\"application\/ld+json\" class=\"yoast-schema-graph\">{\"@context\":\"https:\/\/schema.org\",\"@graph\":[{\"@type\":\"NewsArticle\",\"@id\":\"https:\/\/www.suno.com.br\/noticias\/kora-saude-krsa3-compra-grupo-oto-248-milhoes-ceara\/#article\",\"isPartOf\":{\"@id\":\"https:\/\/www.suno.com.br\/noticias\/kora-saude-krsa3-compra-grupo-oto-248-milhoes-ceara\/\"},\"author\":{\"name\":\"Eduardo Vargas\",\"@id\":\"https:\/\/www.suno.com.br\/noticias\/#\/schema\/person\/7f4d362bf3518e76090143ae77bb49a5\"},\"headline\":\"Kora Sa\u00fade (KRSA3) compra Grupo OTO por R$ 248 milh\u00f5es\",\"datePublished\":\"2021-10-11T18:57:22+00:00\",\"dateModified\":\"2021-10-11T18:58:10+00:00\",\"mainEntityOfPage\":{\"@id\":\"https:\/\/www.suno.com.br\/noticias\/kora-saude-krsa3-compra-grupo-oto-248-milhoes-ceara\/\"},\"wordCount\":479,\"publisher\":{\"@id\":\"https:\/\/www.suno.com.br\/noticias\/#organization\"},\"image\":{\"@id\":\"https:\/\/www.suno.com.br\/noticias\/kora-saude-krsa3-compra-grupo-oto-248-milhoes-ceara\/#primaryimage\"},\"thumbnailUrl\":\"https:\/\/files.sunoresearch.com.br\/n\/uploads\/2021\/10\/Foto4.jpg\",\"keywords\":[\"Ag\u00eancias\",\"Kora Sa\u00fade (KRSA3)\",\"setor de sa\u00fade\"],\"articleSection\":[\"Neg\u00f3cios\"],\"inLanguage\":\"pt-BR\"},{\"@type\":\"WebPage\",\"@id\":\"https:\/\/www.suno.com.br\/noticias\/kora-saude-krsa3-compra-grupo-oto-248-milhoes-ceara\/\",\"url\":\"https:\/\/www.suno.com.br\/noticias\/kora-saude-krsa3-compra-grupo-oto-248-milhoes-ceara\/\",\"name\":\"Kora Sa\u00fade (KRSA3) compra Grupo OTO por R$ 248 milh\u00f5es\",\"isPartOf\":{\"@id\":\"https:\/\/www.suno.com.br\/noticias\/#website\"},\"primaryImageOfPage\":{\"@id\":\"https:\/\/www.suno.com.br\/noticias\/kora-saude-krsa3-compra-grupo-oto-248-milhoes-ceara\/#primaryimage\"},\"image\":{\"@id\":\"https:\/\/www.suno.com.br\/noticias\/kora-saude-krsa3-compra-grupo-oto-248-milhoes-ceara\/#primaryimage\"},\"thumbnailUrl\":\"https:\/\/files.sunoresearch.com.br\/n\/uploads\/2021\/10\/Foto4.jpg\",\"datePublished\":\"2021-10-11T18:57:22+00:00\",\"dateModified\":\"2021-10-11T18:58:10+00:00\",\"description\":\"O Grupo OTO teve 80% do seu capital comprado pela Kora, tendo hospitais em Fortaleza, Caucaia e Messejana. Clique aqui e leia mais.\",\"breadcrumb\":{\"@id\":\"https:\/\/www.suno.com.br\/noticias\/kora-saude-krsa3-compra-grupo-oto-248-milhoes-ceara\/#breadcrumb\"},\"inLanguage\":\"pt-BR\",\"potentialAction\":[{\"@type\":\"ReadAction\",\"target\":[\"https:\/\/www.suno.com.br\/noticias\/kora-saude-krsa3-compra-grupo-oto-248-milhoes-ceara\/\"]}]},{\"@type\":\"ImageObject\",\"inLanguage\":\"pt-BR\",\"@id\":\"https:\/\/www.suno.com.br\/noticias\/kora-saude-krsa3-compra-grupo-oto-248-milhoes-ceara\/#primaryimage\",\"url\":\"https:\/\/files.sunoresearch.com.br\/n\/uploads\/2021\/10\/Foto4.jpg\",\"contentUrl\":\"https:\/\/files.sunoresearch.com.br\/n\/uploads\/2021\/10\/Foto4.jpg\",\"width\":2500,\"height\":1667,\"caption\":\"Kora Sa\u00fade entrou na bolsa em meados de agosto - Foto: Divulga\u00e7\u00e3o\/Kora\"},{\"@type\":\"BreadcrumbList\",\"@id\":\"https:\/\/www.suno.com.br\/noticias\/kora-saude-krsa3-compra-grupo-oto-248-milhoes-ceara\/#breadcrumb\",\"itemListElement\":[{\"@type\":\"ListItem\",\"position\":1,\"name\":\"Not\u00edcias\",\"item\":\"https:\/\/www.suno.com.br\/noticias\/\"},{\"@type\":\"ListItem\",\"position\":2,\"name\":\"Neg\u00f3cios\",\"item\":\"https:\/\/www.suno.com.br\/noticias\/negocios\/\"},{\"@type\":\"ListItem\",\"position\":3,\"name\":\"Kora Sa\u00fade (KRSA3) compra Grupo OTO por R$ 248 milh\u00f5es\"}]},{\"@type\":\"WebSite\",\"@id\":\"https:\/\/www.suno.com.br\/noticias\/#website\",\"url\":\"https:\/\/www.suno.com.br\/noticias\/\",\"name\":\"Suno Not\u00edcias\",\"description\":\"Seu portal de informa\u00e7\u00e3o sobre o mundo dos investimentos\",\"publisher\":{\"@id\":\"https:\/\/www.suno.com.br\/noticias\/#organization\"},\"potentialAction\":[{\"@type\":\"SearchAction\",\"target\":{\"@type\":\"EntryPoint\",\"urlTemplate\":\"https:\/\/www.suno.com.br\/noticias\/?s={search_term_string}\"},\"query-input\":{\"@type\":\"PropertyValueSpecification\",\"valueRequired\":true,\"valueName\":\"search_term_string\"}}],\"inLanguage\":\"pt-BR\"},{\"@type\":\"Organization\",\"@id\":\"https:\/\/www.suno.com.br\/noticias\/#organization\",\"name\":\"Suno Not\u00edcias\",\"url\":\"https:\/\/www.suno.com.br\/noticias\/\",\"logo\":{\"@type\":\"ImageObject\",\"inLanguage\":\"pt-BR\",\"@id\":\"https:\/\/www.suno.com.br\/noticias\/#\/schema\/logo\/image\/\",\"url\":\"https:\/\/files.sunoresearch.com.br\/n\/uploads\/2021\/09\/suno-logo.png\",\"contentUrl\":\"https:\/\/files.sunoresearch.com.br\/n\/uploads\/2021\/09\/suno-logo.png\",\"width\":180,\"height\":180,\"caption\":\"Suno Not\u00edcias\"},\"image\":{\"@id\":\"https:\/\/www.suno.com.br\/noticias\/#\/schema\/logo\/image\/\"},\"sameAs\":[\"https:\/\/facebook.com\/sunoresearch\",\"https:\/\/x.com\/sunoresearch\",\"https:\/\/www.instagram.com\/suno\",\"https:\/\/www.linkedin.com\/company\/suno-research\/\",\"https:\/\/www.youtube.com\/c\/sunoresearch\"]},{\"@type\":\"Person\",\"@id\":\"https:\/\/www.suno.com.br\/noticias\/#\/schema\/person\/7f4d362bf3518e76090143ae77bb49a5\",\"name\":\"Eduardo Vargas\",\"image\":{\"@type\":\"ImageObject\",\"inLanguage\":\"pt-BR\",\"@id\":\"https:\/\/www.suno.com.br\/noticias\/#\/schema\/person\/image\/\",\"url\":\"https:\/\/secure.gravatar.com\/avatar\/dac340933427a22924c9f99d1eb2e3f2?s=96&r=g\",\"contentUrl\":\"https:\/\/secure.gravatar.com\/avatar\/dac340933427a22924c9f99d1eb2e3f2?s=96&r=g\",\"caption\":\"Eduardo Vargas\"},\"description\":\"Jornalista formado pela UFSC, cobre macroeconomia, neg\u00f3cios e startups para o Suno Not\u00edcias, escrevendo principalmente not\u00edcias sobre o mercado financeiro e a bolsa de valores. No YouTube e no Instagram, \u00e9 respons\u00e1vel pela produ\u00e7\u00e3o de Reels e Shorts do Suno Not\u00edcias. Anteriormente, trabalhou cobrindo economia e cotidiano no ND+ e para o ND, maior jornal impresso de Santa Catarina. Cursou um semestre letivo de Estudos de M\u00eddia na Universidad de Buenos Aires.\",\"url\":\"https:\/\/www.suno.com.br\/noticias\/author\/eduardo-vargas\/\"}]}<\/script>\n<!-- \/ Yoast SEO plugin. -->","yoast_head_json":{"title":"Kora Sa\u00fade (KRSA3) compra Grupo OTO por R$ 248 milh\u00f5es","description":"O Grupo OTO teve 80% do seu capital comprado pela Kora, tendo hospitais em Fortaleza, Caucaia e Messejana. Clique aqui e leia mais.","robots":{"index":"index","follow":"follow","max-snippet":"max-snippet:-1","max-image-preview":"max-image-preview:large","max-video-preview":"max-video-preview:-1"},"canonical":"https:\/\/www.suno.com.br\/noticias\/kora-saude-krsa3-compra-grupo-oto-248-milhoes-ceara\/","og_locale":"pt_BR","og_type":"article","og_title":"Kora Sa\u00fade (KRSA3) compra Grupo OTO por R$ 248 milh\u00f5es","og_description":"O Grupo OTO teve 80% do seu capital comprado pela Kora, tendo hospitais em Fortaleza, Caucaia e Messejana. Clique aqui e leia mais.","og_url":"https:\/\/www.suno.com.br\/noticias\/kora-saude-krsa3-compra-grupo-oto-248-milhoes-ceara\/","og_site_name":"Suno Not\u00edcias","article_publisher":"https:\/\/facebook.com\/sunoresearch","og_image":[{"width":2500,"height":1667,"url":"https:\/\/files.sunoresearch.com.br\/n\/uploads\/2021\/10\/Foto4.jpg","type":"image\/jpeg"}],"author":"Eduardo Vargas","twitter_card":"summary_large_image","twitter_creator":"@sunoresearch","twitter_site":"@sunoresearch","twitter_misc":{"Escrito por":"Eduardo Vargas","Est. tempo de leitura":"2 minutos"},"schema":{"@context":"https:\/\/schema.org","@graph":[{"@type":"NewsArticle","@id":"https:\/\/www.suno.com.br\/noticias\/kora-saude-krsa3-compra-grupo-oto-248-milhoes-ceara\/#article","isPartOf":{"@id":"https:\/\/www.suno.com.br\/noticias\/kora-saude-krsa3-compra-grupo-oto-248-milhoes-ceara\/"},"author":{"name":"Eduardo Vargas","@id":"https:\/\/www.suno.com.br\/noticias\/#\/schema\/person\/7f4d362bf3518e76090143ae77bb49a5"},"headline":"Kora Sa\u00fade (KRSA3) compra Grupo OTO por R$ 248 milh\u00f5es","datePublished":"2021-10-11T18:57:22+00:00","dateModified":"2021-10-11T18:58:10+00:00","mainEntityOfPage":{"@id":"https:\/\/www.suno.com.br\/noticias\/kora-saude-krsa3-compra-grupo-oto-248-milhoes-ceara\/"},"wordCount":479,"publisher":{"@id":"https:\/\/www.suno.com.br\/noticias\/#organization"},"image":{"@id":"https:\/\/www.suno.com.br\/noticias\/kora-saude-krsa3-compra-grupo-oto-248-milhoes-ceara\/#primaryimage"},"thumbnailUrl":"https:\/\/files.sunoresearch.com.br\/n\/uploads\/2021\/10\/Foto4.jpg","keywords":["Ag\u00eancias","Kora Sa\u00fade (KRSA3)","setor de sa\u00fade"],"articleSection":["Neg\u00f3cios"],"inLanguage":"pt-BR"},{"@type":"WebPage","@id":"https:\/\/www.suno.com.br\/noticias\/kora-saude-krsa3-compra-grupo-oto-248-milhoes-ceara\/","url":"https:\/\/www.suno.com.br\/noticias\/kora-saude-krsa3-compra-grupo-oto-248-milhoes-ceara\/","name":"Kora Sa\u00fade (KRSA3) compra Grupo OTO por R$ 248 milh\u00f5es","isPartOf":{"@id":"https:\/\/www.suno.com.br\/noticias\/#website"},"primaryImageOfPage":{"@id":"https:\/\/www.suno.com.br\/noticias\/kora-saude-krsa3-compra-grupo-oto-248-milhoes-ceara\/#primaryimage"},"image":{"@id":"https:\/\/www.suno.com.br\/noticias\/kora-saude-krsa3-compra-grupo-oto-248-milhoes-ceara\/#primaryimage"},"thumbnailUrl":"https:\/\/files.sunoresearch.com.br\/n\/uploads\/2021\/10\/Foto4.jpg","datePublished":"2021-10-11T18:57:22+00:00","dateModified":"2021-10-11T18:58:10+00:00","description":"O Grupo OTO teve 80% do seu capital comprado pela Kora, tendo hospitais em Fortaleza, Caucaia e Messejana. Clique aqui e leia mais.","breadcrumb":{"@id":"https:\/\/www.suno.com.br\/noticias\/kora-saude-krsa3-compra-grupo-oto-248-milhoes-ceara\/#breadcrumb"},"inLanguage":"pt-BR","potentialAction":[{"@type":"ReadAction","target":["https:\/\/www.suno.com.br\/noticias\/kora-saude-krsa3-compra-grupo-oto-248-milhoes-ceara\/"]}]},{"@type":"ImageObject","inLanguage":"pt-BR","@id":"https:\/\/www.suno.com.br\/noticias\/kora-saude-krsa3-compra-grupo-oto-248-milhoes-ceara\/#primaryimage","url":"https:\/\/files.sunoresearch.com.br\/n\/uploads\/2021\/10\/Foto4.jpg","contentUrl":"https:\/\/files.sunoresearch.com.br\/n\/uploads\/2021\/10\/Foto4.jpg","width":2500,"height":1667,"caption":"Kora Sa\u00fade entrou na bolsa em meados de agosto - Foto: Divulga\u00e7\u00e3o\/Kora"},{"@type":"BreadcrumbList","@id":"https:\/\/www.suno.com.br\/noticias\/kora-saude-krsa3-compra-grupo-oto-248-milhoes-ceara\/#breadcrumb","itemListElement":[{"@type":"ListItem","position":1,"name":"Not\u00edcias","item":"https:\/\/www.suno.com.br\/noticias\/"},{"@type":"ListItem","position":2,"name":"Neg\u00f3cios","item":"https:\/\/www.suno.com.br\/noticias\/negocios\/"},{"@type":"ListItem","position":3,"name":"Kora Sa\u00fade (KRSA3) compra Grupo OTO por R$ 248 milh\u00f5es"}]},{"@type":"WebSite","@id":"https:\/\/www.suno.com.br\/noticias\/#website","url":"https:\/\/www.suno.com.br\/noticias\/","name":"Suno Not\u00edcias","description":"Seu portal de informa\u00e7\u00e3o sobre o mundo dos investimentos","publisher":{"@id":"https:\/\/www.suno.com.br\/noticias\/#organization"},"potentialAction":[{"@type":"SearchAction","target":{"@type":"EntryPoint","urlTemplate":"https:\/\/www.suno.com.br\/noticias\/?s={search_term_string}"},"query-input":{"@type":"PropertyValueSpecification","valueRequired":true,"valueName":"search_term_string"}}],"inLanguage":"pt-BR"},{"@type":"Organization","@id":"https:\/\/www.suno.com.br\/noticias\/#organization","name":"Suno Not\u00edcias","url":"https:\/\/www.suno.com.br\/noticias\/","logo":{"@type":"ImageObject","inLanguage":"pt-BR","@id":"https:\/\/www.suno.com.br\/noticias\/#\/schema\/logo\/image\/","url":"https:\/\/files.sunoresearch.com.br\/n\/uploads\/2021\/09\/suno-logo.png","contentUrl":"https:\/\/files.sunoresearch.com.br\/n\/uploads\/2021\/09\/suno-logo.png","width":180,"height":180,"caption":"Suno Not\u00edcias"},"image":{"@id":"https:\/\/www.suno.com.br\/noticias\/#\/schema\/logo\/image\/"},"sameAs":["https:\/\/facebook.com\/sunoresearch","https:\/\/x.com\/sunoresearch","https:\/\/www.instagram.com\/suno","https:\/\/www.linkedin.com\/company\/suno-research\/","https:\/\/www.youtube.com\/c\/sunoresearch"]},{"@type":"Person","@id":"https:\/\/www.suno.com.br\/noticias\/#\/schema\/person\/7f4d362bf3518e76090143ae77bb49a5","name":"Eduardo Vargas","image":{"@type":"ImageObject","inLanguage":"pt-BR","@id":"https:\/\/www.suno.com.br\/noticias\/#\/schema\/person\/image\/","url":"https:\/\/secure.gravatar.com\/avatar\/dac340933427a22924c9f99d1eb2e3f2?s=96&r=g","contentUrl":"https:\/\/secure.gravatar.com\/avatar\/dac340933427a22924c9f99d1eb2e3f2?s=96&r=g","caption":"Eduardo Vargas"},"description":"Jornalista formado pela UFSC, cobre macroeconomia, neg\u00f3cios e startups para o Suno Not\u00edcias, escrevendo principalmente not\u00edcias sobre o mercado financeiro e a bolsa de valores. No YouTube e no Instagram, \u00e9 respons\u00e1vel pela produ\u00e7\u00e3o de Reels e Shorts do Suno Not\u00edcias. Anteriormente, trabalhou cobrindo economia e cotidiano no ND+ e para o ND, maior jornal impresso de Santa Catarina. Cursou um semestre letivo de Estudos de M\u00eddia na Universidad de Buenos Aires.","url":"https:\/\/www.suno.com.br\/noticias\/author\/eduardo-vargas\/"}]}},"default_loop_html":"<div class=\"cardsPage__listCard__boxs\"><div class=\"cardsPage__listCard__boxs__img\"><a href=\"https:\/\/www.suno.com.br\/noticias\/kora-saude-krsa3-goiania-ing-aquisicao\/\"><img class=\"mask\" src=\"https:\/\/www.suno.com.br\/noticias\/wp-content\/themes\/suno\/resources\/images\/spotlight\/spotlight1img\/bg-mask.png\" alt=\"Image Mask\"\/><img src=\"https:\/\/files.sunoresearch.com.br\/n\/uploads\/2021\/08\/64fff200-instituto-de-neurologia-goiania-1-400x200.jpg\" alt=\"Kora (KRSA3) compra o Instituto de Neurologia de Goi\u00e2nia por R$ 123 milh\u00f5es\"\/><\/a><span class=\"spotlightCategory\"><a href=\"https:\/\/www.suno.com.br\/noticias\/negocios\/\">Neg\u00f3cios<\/a><\/span><\/div><div class=\"cardsPage__listCard__boxs__content\"><a href=\"https:\/\/www.suno.com.br\/noticias\/kora-saude-krsa3-goiania-ing-aquisicao\/\"><h2 class=\"content__title\">Kora (KRSA3) compra o Instituto de Neurologia de Goi\u00e2nia por R$ 123 milh\u00f5es<\/h2><\/a><div class=\"newsContent__article__meta\"><div class=\"newsContent__article__meta__authorBox\"><a href=\"https:\/\/www.suno.com.br\/noticias\/author\/eduardo-vargas\/\" class=\"authorBox__avatar noMobi\"><img src=\"https:\/\/secure.gravatar.com\/avatar\/dac340933427a22924c9f99d1eb2e3f2?s=96&#038;r=g\" alt=\"Eduardo Vargas\"><\/a><div class=\"authorBox__name\"><span>por\n\t\t\t<a href=\"https:\/\/www.suno.com.br\/noticias\/author\/eduardo-vargas\/\"><span itemprop=\"author\">Eduardo Vargas<\/span><\/a><\/span><time datetime=\"2021-08-30T11:36:58-03:00\" itemprop=\"datePublished\">30\/08\/2021 11:36<\/time><\/div><\/div><\/div><\/div><\/div>","single_layout":"posts","amp_enabled":true,"_links":{"self":[{"href":"https:\/\/www.suno.com.br\/noticias\/wp-json\/wp\/v2\/posts\/192747"}],"collection":[{"href":"https:\/\/www.suno.com.br\/noticias\/wp-json\/wp\/v2\/posts"}],"about":[{"href":"https:\/\/www.suno.com.br\/noticias\/wp-json\/wp\/v2\/types\/post"}],"author":[{"embeddable":true,"href":"https:\/\/www.suno.com.br\/noticias\/wp-json\/wp\/v2\/users\/73"}],"replies":[{"embeddable":true,"href":"https:\/\/www.suno.com.br\/noticias\/wp-json\/wp\/v2\/comments?post=192747"}],"version-history":[{"count":4,"href":"https:\/\/www.suno.com.br\/noticias\/wp-json\/wp\/v2\/posts\/192747\/revisions"}],"predecessor-version":[{"id":192851,"href":"https:\/\/www.suno.com.br\/noticias\/wp-json\/wp\/v2\/posts\/192747\/revisions\/192851"}],"wp:featuredmedia":[{"embeddable":true,"href":"https:\/\/www.suno.com.br\/noticias\/wp-json\/wp\/v2\/media\/192783"}],"wp:attachment":[{"href":"https:\/\/www.suno.com.br\/noticias\/wp-json\/wp\/v2\/media?parent=192747"}],"wp:term":[{"taxonomy":"category","embeddable":true,"href":"https:\/\/www.suno.com.br\/noticias\/wp-json\/wp\/v2\/categories?post=192747"},{"taxonomy":"post_tag","embeddable":true,"href":"https:\/\/www.suno.com.br\/noticias\/wp-json\/wp\/v2\/tags?post=192747"},{"taxonomy":"suno_strategy","embeddable":true,"href":"https:\/\/www.suno.com.br\/noticias\/wp-json\/wp\/v2\/suno_strategy?post=192747"}],"curies":[{"name":"wp","href":"https:\/\/api.w.org\/{rel}","templated":true}]}}