{"id":192723,"date":"2021-10-11T10:49:26","date_gmt":"2021-10-11T13:49:26","guid":{"rendered":"https:\/\/www.suno.com.br\/noticias\/?p=192723"},"modified":"2021-10-11T10:49:26","modified_gmt":"2021-10-11T13:49:26","slug":"ibovespa-abre-alta-timida-commodities-maxima-historica","status":"publish","type":"post","link":"https:\/\/www.suno.com.br\/noticias\/ibovespa-abre-alta-timida-commodities-maxima-historica\/","title":{"rendered":"Ibovespa abre em alta em dia de pouca liquidez e commodities em m\u00e1xima hist\u00f3rica"},"content":{"rendered":"<p>No <a href=\"https:\/\/www.suno.com.br\/artigos\/pregao\">preg\u00e3o de v\u00e9spera de feriado, nesta segunda-feira (11)<\/a>,\u00a0o <strong>Ibovespa\u00a0<\/strong>abre em alta de 0,60% aos 113.506 pontos, em um dia de liquidez reduzida por conta do feriado que ocorre hoje nos EUA.<\/p>\t<div class=\"wrapper-featured-image\">\n\t\t<figure class=\"spotlightImg\">\n\n\t\t\t<picture>\n\t\t\t\t<source media=\"(max-width: 768px)\" srcset=\"https:\/\/files.sunoresearch.com.br\/n\/uploads\/2021\/08\/48062198-railway-tracks-3455169_1920-400x200.jpg\">\n\t\t\t\t<img loading=\"lazy\" decoding=\"async\" class=\"newsContent__article__imgCapa lazyloadDisabled \" src=\"https:\/\/files.sunoresearch.com.br\/n\/uploads\/2021\/08\/48062198-railway-tracks-3455169_1920-800x450.jpg\" width=\"800\" height=\"450\" alt=\"Ibovespa abre em alta em dia de pouca liquidez e commodities em m\u00e1xima hist\u00f3rica\" fetchpriority=high \/>\n\t\t\t<\/picture>\n\n\t\t\t<figcaption class=\"wp-caption-text wp-caption-text--show\">Ap\u00f3s entrar em per\u00edodo de queda, min\u00e9rio de ferro retomou o patamar de US$ 120 e puxa altas do Ibovespa - Foto: Pixabay<\/figcaption>\n\t\t<\/figure>\n\t<\/div>\n\n\n\t<p>\n\t\t<a href=\"https:\/\/lp.suno.com.br\/planilha-controle-gastos\/\" target=\"_blank\" data-element=\"shortcode-suno-banner\" title=\"Banner SUNO, clique e saiba mais\">\n\t\t\t<picture>\n\t\t\t\t<source media=\"(max-width: 500px)\" srcset=\"https:\/\/files.sunoresearch.com.br\/n\/uploads\/2023\/03\/400x300-Planilha-controle-de-gastos.png\">\n\t\t\t\t<img class=\"newsContent__article__imgCapa newsContent__article__imgCapa--banner\"\n\t\t\t\t\tsrc=\"https:\/\/files.sunoresearch.com.br\/n\/uploads\/2023\/03\/1420x240-Planilha-controle-de-gastos.png\"\n\t\t\t\t\tdata-promo-id=\"101751\"\t\t\t\t\t\t\t\t\t\twidth='1420' height='240'\t\t\t\t\talt=\"https:\/\/files.sunoresearch.com.br\/n\/uploads\/2023\/03\/1420x240-Planilha-controle-de-gastos.png\"\n\t\t\t\t>\n\t\t\t<\/picture>\n\t\t<\/a>\n\t<\/p>\n\n\n<p>O <strong>Ibovespa hoje<\/strong> lida com \u00edndice de commodities da Bloomberg em m\u00e1xima hist\u00f3rica, com o Brent a US$ 83,7 e o min\u00e9rio novamente em alta, em pouco mais de US$ 122. Al\u00e9m disso, h\u00e1 a recente escalada no pre\u00e7o do g\u00e1s ap\u00f3s os movimentos do estadista Russo, Vladimir Putin.<\/p>\n<p>Outra imobili\u00e1ria chinesa, a gigante <strong>Modern Land<\/strong>, apresenta problemas financeiros, agravando a tens\u00e3o que se iniciou com o caso da Evergrande.<\/p>\n<p>Apesar disso, no drag\u00e3o chin\u00eas, as regula\u00e7\u00f5es \u00e0s companhias tecnol\u00f3gicas foram diminu\u00eddas pelo governo em decis\u00e3o recente, atenuando o cen\u00e1rio das \u00faltimas decis\u00f5es do partido comunista chin\u00eas.<\/p>\n<p>&#8220;Na Europa e nos EUA as bolsas de valores abriram sem vi\u00e9s definido, repercutindo a crise de energia, alta inflacion\u00e1ria e expectativas de atua\u00e7\u00e3o dos bancos centrais para breve na retirada de est\u00edmulos. Por aqui, espera-se que ap\u00f3s o feriado de amanh\u00e3 as discuss\u00f5es sobre os precat\u00f3rios possam avan\u00e7ar, o que pode gerar otimismo, como observado na \u00faltima sexta-feira, quando o Ibovespa destoou de seus pares no exterior&#8221;, analisa Pedro Galdi, analista CNPI da Mirae Assset.<\/p>\n\t<div data-element=\"shortcode-read-more\" class=\"knowMore\">\n\t\t\t\t<span class=\"knowMore__title\">Leia mais<\/span>\n\t\t\t\t<a class=\"knowMore__link\" href=\"https:\/\/www.suno.com.br\/noticias\/asia-evergrande-queda-toquio-hong-kong\/\">\n\t\t\tNa \u00c1sia, Evergrande pressiona Bolsa em T\u00f3quio mas Hong Kong se recupera\t\t<\/a>\n\t<\/div>\n\n\n<p>Em termos de indicadores, o dia tamb\u00e9m segue morno e com poucos n\u00fameros relevantes, com o Pronunciamento de Lane, do BCE, pela manh\u00e3, e Vendas no Varejo do Reino Unido no fim do dia.<\/p>\n<h2>Not\u00edcias que v\u00e3o movimentar o Ibovespa hoje<\/h2>\n<ul>\n<li><strong>Gol <\/strong>aumenta expectativas com 3T21<\/li>\n<li><b>Oi <\/b>vende im\u00f3vel no Leblon (RJ)<\/li>\n<li><b>Petrobras <\/b>inicia reajuste de pre\u00e7o<\/li>\n<\/ul>\n<h2>Gol melhora previs\u00e3o para o trimestre<\/h2>\n<p>A <a href=\"https:\/\/www.suno.com.br\/acoes\/goll4\"><strong>Gol<\/strong> (GOLL4)<\/a> aumentou suas expectativas para os n\u00fameros do terceiro trimestre deste ano, estimando um Preju\u00edzo Por A\u00e7\u00e3o (LPA) de R$2,58, ante progn\u00f3stico de R$ 3,20 divulgado na \u00faltima an\u00e1lise da companhia.<\/p>\n<p>Ap\u00f3s esse movimento, haver\u00e1 a listagem das a\u00e7\u00f5es nos Estados Unidos e emiss\u00e3o de <a href=\"https:\/\/www.suno.com.br\/artigos\/bdr-uma-forma-simples-de-investir-no-exterior\/\">Brazilian Depositary Receipts (BDRs)<\/a>\u00a0na B3.<\/p>\n\t<p>\n\t\t<a href=\"https:\/\/lp.suno.com.br\/planilha-da-vida-financeira\/\" target=\"_blank\" data-element=\"shortcode-suno-banner\" title=\"Banner SUNO, clique e saiba mais\">\n\t\t\t<picture>\n\t\t\t\t<source media=\"(max-width: 500px)\" srcset=\"https:\/\/files.sunoresearch.com.br\/n\/uploads\/2023\/04\/400x300-Planilha-vida-financeira-true.png\">\n\t\t\t\t<img class=\"newsContent__article__imgCapa newsContent__article__imgCapa--banner\"\n\t\t\t\t\tsrc=\"https:\/\/files.sunoresearch.com.br\/n\/uploads\/2023\/04\/1420x240-Planilha-vida-financeira-true.png\"\n\t\t\t\t\tdata-promo-id=\"106682\"\t\t\t\t\t\t\t\t\t\twidth='1420' height='240'\t\t\t\t\talt=\"https:\/\/files.sunoresearch.com.br\/n\/uploads\/2023\/04\/1420x240-Planilha-vida-financeira-true.png\"\n\t\t\t\t>\n\t\t\t<\/picture>\n\t\t<\/a>\n\t<\/p>\n\n\n<p>A Gol informou que a <strong>receita<\/strong> unit\u00e1ria de passageiro (PRASK) para o trimestre tende a ser maior em aproximadamente 5% em rela\u00e7\u00e3o ao mesmo per\u00edodo do ano passado.<\/p>\n<p>Al\u00e9m disso, a <strong>companhia a\u00e9rea<\/strong> prev\u00ea uma receita unit\u00e1ria (RASK) 5% maior em rela\u00e7\u00e3o ao<strong> 3T20<\/strong>. Na previs\u00e3o anterior, a companhia previa queda das receitas.<\/p>\n<p>Ainda no comunicado, a companhia ressalta que o foco do trimestre em andamento atualmente \u00e9 &#8220;adequar diligentemente a capacidade <a href=\"https:\/\/www.suno.com.br\/artigos\/oferta-demanda\/\">ao aumento da <strong>demanda<\/strong><\/a>&#8220;.<\/p>\n<p>&#8220;Devemos adequar a demanda tanto no segmento de viagens a neg\u00f3cios como as <strong>viagens<\/strong> a lazer em fun\u00e7\u00e3o da temporada de <strong>f\u00e9rias<\/strong>, aumentar o invent\u00e1rio de assentos para as vendas da Black Friday e o retorno das rotas internacionais para Punta Cana, Canc\u00fan e Montevid\u00e9u\u201d, escreveu o vice-presidente financeiro da Gol, Richard Lark.<\/p>\n<p>As <strong>a\u00e7\u00f5es da Gol <\/strong>caem 1,64% no <strong>Ibovespa hoje<\/strong>.<\/p>\n<h2>Oi vende im\u00f3vel carioca<\/h2>\n<p>A\u00a0<a class=\"suno-keyword\" href=\"https:\/\/www.suno.com.br\/acoes\/OIBR3\/\" target=\"_blank\" rel=\"noopener\" data-force=\"yes\" data-priority=\"2\"><strong>Oi<\/strong>\u00a0(OIBR3)<\/a> deu mais um passo, no fim da \u00faltima semana, em sua inten\u00e7\u00e3o de vender um im\u00f3vel de sua propriedade localizado no bairro do Leblon (RJ). O Conselho da companhia de telecomunica\u00e7\u00f5es aprovou a proposta por unanimidade.<\/p>\n<p>\u201cSer\u00e1 dada ci\u00eancia da aprova\u00e7\u00e3o ora concedida ao Ju\u00edzo da 7\u00aa Vara Empresarial da Comarca da Capital do Estado do Rio de Janeiro e ser\u00e1 postulada a expedi\u00e7\u00e3o de alvar\u00e1 judicial para a transfer\u00eancia do bem\u201d, informou a tele.<\/p>\n<p>Na \u00faltima semana, o Conselho da Oi havia aprovado a venda de um im\u00f3vel em Bras\u00edlia, por R$ 100 milh\u00f5es. A proposta foi feita pela DFC Empreendimentos e Participa\u00e7\u00f5es e Meirelles Mascarenhas Empreendimentos Imobili\u00e1rios.<\/p>\n<p>As <strong>a\u00e7\u00f5es da Oi <\/strong>sobem 1,08% na <strong>bolsa de valores<\/strong><strong>\u00a0hoje<\/strong>.<\/p>\n<h2>Bradesco compra Digio do BB<\/h2>\n<p>Conforme anunciado na sexta (8), o <strong><a class=\"suno-keyword\" href=\"https:\/\/www.suno.com.br\/acoes\/BBDC4\/\" target=\"_blank\" rel=\"noopener\" data-force=\"yes\" data-priority=\"2\">Bradesco <\/a><\/strong><a class=\"suno-keyword\" href=\"https:\/\/www.suno.com.br\/acoes\/BBDC4\/\" target=\"_blank\" rel=\"noopener\" data-force=\"yes\" data-priority=\"2\">(BBDC4)<\/a> comprou a fatia remanescente de 49,9% do banco digital Digio, que pertencia ao BB Elo Cart\u00f5es, controlada do <a class=\"suno-keyword\" href=\"https:\/\/www.suno.com.br\/acoes\/BBAS3\/\" target=\"_blank\" rel=\"noopener\" data-force=\"yes\" data-priority=\"2\">Banco do Brasil (BBAS3)<\/a>. O valor da transa\u00e7\u00e3o foi de R$ 625 milh\u00f5es.<\/p>\n<p>Na <strong>Bolsa de Valores hoje<\/strong> digerindo o movimento, as <strong>a\u00e7\u00f5es do Bradesco <\/strong>sobem 0,3% ao passo que as <strong>a\u00e7\u00f5es do Banco do Brasil<\/strong> sobem 0,4%.<\/p>\n<p>Pelo contrato, o <strong>Bradesco passa a deter<\/strong>, indiretamente, 100% do\u00a0<strong>capital social<\/strong> da empresa. A opera\u00e7\u00e3o foi efetivada entre a Bradescard Elo e a BB Elo.<\/p>\n\t<p>\n\t\t<a href=\"https:\/\/lp.suno.com.br\/ebook-como-analisar-uma-acao\/\" target=\"_blank\" data-element=\"shortcode-suno-banner\" title=\"Banner SUNO, clique e saiba mais\">\n\t\t\t<picture>\n\t\t\t\t<source media=\"(max-width: 500px)\" srcset=\"https:\/\/files.sunoresearch.com.br\/n\/uploads\/2023\/03\/Ebook-Acoes-Mobile-1.jpg\">\n\t\t\t\t<img class=\"newsContent__article__imgCapa newsContent__article__imgCapa--banner\"\n\t\t\t\t\tsrc=\"https:\/\/files.sunoresearch.com.br\/n\/uploads\/2023\/03\/Ebook-Acoes-Desktop-1.jpg\"\n\t\t\t\t\tdata-promo-id=\"171998\"\t\t\t\t\t\t\t\t\t\twidth='1420' height='286'\t\t\t\t\talt=\"https:\/\/files.sunoresearch.com.br\/n\/uploads\/2023\/03\/Ebook-Acoes-Desktop-1.jpg\"\n\t\t\t\t>\n\t\t\t<\/picture>\n\t\t<\/a>\n\t<\/p>\n\n\n<p>De acordo com o Bradesco, o Digio \u00e9 um\u00a0<strong>banco digital<\/strong>, \u201cque disponibiliza aos seus clientes pessoas f\u00edsicas uma \u2018experi\u00eancia diferenciada\u2019 para realiza\u00e7\u00e3o de suas atividades financeiras e de pagamentos.\u201d<\/p>\n<p>O Digio conta hoje com cerca de 2 milh\u00f5es de cart\u00f5es de cr\u00e9dito e oferece contas e cr\u00e9dito pessoal aos seus clientes, diz o Bradesco em\u00a0<a class=\"suno-keyword\" href=\"https:\/\/www.suno.com.br\/artigos\/fato-relevante\/\" target=\"_blank\" rel=\"noopener\" data-force=\"no\" data-priority=\"1\">fato relevante<\/a>.<\/p>\n<p>A carteira de cr\u00e9dito est\u00e1 em torno de R$ 2,5 bilh\u00f5es.<\/p>\n<h2>Destaques do Ibovespa<\/h2>\n<p>As principais altas no Ibovespa, por volta das 10h20 s\u00e3o:<\/p>\n<ul>\n<li><a href=\"https:\/\/www.suno.com.br\/acoes\/BIDI11\"><strong>PetroRio <\/strong>(PRIO3)<\/a>: +3,7%<\/li>\n<li><a href=\"https:\/\/www.suno.com.br\/acoes\/BIDI4\/\"><strong>Vale <\/strong>(VALE3)<\/a>: +3,3%<\/li>\n<li><a href=\"https:\/\/www.suno.com.br\/acoes\/mrve3\/\"><strong>Usiminas <\/strong>(USIM5)<\/a>: +3%<\/li>\n<li><a href=\"https:\/\/www.suno.com.br\/acoes\/CASH3\/\"><strong>Bradespar <\/strong>(BRAP4)<\/a>: +2,8%<\/li>\n<li><a href=\"https:\/\/www.suno.com.br\/acoes\/sbsp3\/\"><strong>Companhia Sider\u00fargica Nacional <\/strong>(CSNA3)<\/a>: +2,2%<\/li>\n<\/ul>\n<p>No mesmo hor\u00e1rio, as principais quedas no Ibovespa eram:<\/p>\n<ul>\n<li><a href=\"https:\/\/www.suno.com.br\/acoes\/suzb3\/\"><strong>Banco Inter <\/strong>(BIDI4)<\/a>: -4%<\/li>\n<li><a href=\"https:\/\/www.suno.com.br\/acoes\/suzb3\/\"><strong>Banco Inter <\/strong>(BIDI11)<\/a>: -3,7%<\/li>\n<li><a href=\"https:\/\/www.suno.com.br\/acoes\/sbsp3\/\"><strong>Petz <\/strong>(PETZ3)<\/a>: -3,2%<\/li>\n<li><a href=\"https:\/\/www.suno.com.br\/acoes\/sbsp3\/\"><strong>Raia Drogasil <\/strong>(RADL3)<\/a>: -2,9%<\/li>\n<li><a href=\"https:\/\/www.suno.com.br\/acoes\/klbn11\/\"><strong>Soma <\/strong>(SOMA3)<\/a>: -2,8%<\/li>\n<\/ul>\n<h2>Principais \u00edndices<\/h2>\n<ul>\n<li><a href=\"https:\/\/www.suno.com.br\/artigos\/ifix\/\">IFIX<\/a>: +0,05%<\/li>\n<li><a href=\"https:\/\/www.suno.com.br\/artigos\/smll\/\">SMLL<\/a>: +0,09%<\/li>\n<li><a href=\"https:\/\/www.suno.com.br\/artigos\/idiv\/\">IDIV<\/a>: +0,06%<\/li>\n<li><a href=\"https:\/\/www.suno.com.br\/artigos\/ibrx\/\">IBRX 100<\/a>: +0,35%<\/li>\n<\/ul>\n<h2>Bolsas mundiais<\/h2>\n<p>Veja o desempenho dos principais \u00edndices acion\u00e1rios no exterior, al\u00e9m do \u00edndice Ibovespa<strong>:<\/strong><\/p>\n<ul>\n<li><a href=\"https:\/\/www.suno.com.br\/artigos\/indice-dow-jones-djia\/\">Nova York Dow Jones (DJIA) futuro<\/a>: +0,02%<\/li>\n<li><a href=\"https:\/\/www.suno.com.br\/artigos\/futuro-de-sp-500\/\">Nova York (S&amp;P 500) futuro<\/a>: -0,15%<\/li>\n<li><a href=\"https:\/\/www.suno.com.br\/artigos\/dax-30\/\">Frankfurt (DAX 30)<\/a>: -0,29%<\/li>\n<li><a href=\"https:\/\/www.suno.com.br\/artigos\/ftse-100\/\">Londres (FTSE 100)<\/a>: +0,41%<\/li>\n<li><a href=\"https:\/\/www.suno.com.br\/artigos\/cac-40\/\">Paris (CAC 40)<\/a>: -0,17%<\/li>\n<li><a href=\"https:\/\/www.suno.com.br\/artigos\/ftse-mib\/\">Mil\u00e3o (FTSE\/MIB)<\/a>: -0,66%<\/li>\n<li><a href=\"https:\/\/www.suno.com.br\/artigos\/nikkei-225\/\">T\u00f3quio (Nikkei 225)<\/a>: +1,60% (fechada)<\/li>\n<li><a href=\"https:\/\/www.suno.com.br\/artigos\/bolsa-de-xangai\/\">Xangai (SSE Composite)<\/a>: -0,01% (fechada)<\/li>\n<li><a href=\"https:\/\/www.suno.com.br\/artigos\/hang-seng\/\">Hong Kong (Hang Seng)<\/a>: +1,96% (fechada)<\/li>\n<\/ul>\n<h2>\u00daltima cota\u00e7\u00e3o do Ibovespa<\/h2>\n<p>No fechamento do preg\u00e3o de sexta (8), ap\u00f3s abrir no vermelho, o <strong>Ibovespa<\/strong> fechou em alta de 2,03%, a 112.833 pontos<\/p>\n\t<p>\n\t\t<a href=\"https:\/\/lp.suno.com.br\/planilha-de-controle-de-investimentos\/\" target=\"_blank\" data-element=\"shortcode-suno-banner\" title=\"Banner SUNO, clique e saiba mais\">\n\t\t\t<picture>\n\t\t\t\t<source media=\"(max-width: 500px)\" srcset=\"https:\/\/files.sunoresearch.com.br\/n\/uploads\/2023\/03\/400x300-Controle-de-Investimentos.png\">\n\t\t\t\t<img class=\"newsContent__article__imgCapa newsContent__article__imgCapa--banner\"\n\t\t\t\t\tsrc=\"https:\/\/files.sunoresearch.com.br\/n\/uploads\/2023\/03\/1420x240-Controle-de-Investimentos.png\"\n\t\t\t\t\tdata-promo-id=\"75934\"\t\t\t\t\t\t\t\t\t\twidth='1420' height='240'\t\t\t\t\talt=\"https:\/\/files.sunoresearch.com.br\/n\/uploads\/2023\/03\/1420x240-Controle-de-Investimentos.png\"\n\t\t\t\t>\n\t\t\t<\/picture>\n\t\t<\/a>\n\t<\/p>\n\n\n","protected":false},"excerpt":{"rendered":"<p>No preg\u00e3o de v\u00e9spera de feriado, nesta segunda-feira (11),\u00a0o Ibovespa\u00a0abre em alta de 0,60% aos 113.506 pontos, em um dia de liquidez reduzida por conta do feriado que ocorre hoje nos EUA. Ap\u00f3s entrar em per\u00edodo de queda, min\u00e9rio de ferro retomou o patamar de US$ 120 e puxa altas do Ibovespa &#8211; Foto: Pixabay [&hellip;]<\/p>\n","protected":false},"author":73,"featured_media":179702,"comment_status":"closed","ping_status":"closed","sticky":false,"template":"","format":"standard","meta":[],"categories":[60],"tags":[732,104703,392,105816,489,721,584,2426],"suno_strategy":[],"class_list":["post-192723","post","type-post","status-publish","format-standard","has-post-thumbnail","hentry","category-mercado","tag-banco-do-brasil-bbas3","tag-bolsas-mundiais","tag-bradesco-bbdc3-bbdc4","tag-especialistas","tag-gol-linhas-aereas-goll11-goll4","tag-ibovespa","tag-oi-oibr3-oibr4","tag-petr3"],"yoast_head":"<!-- This site is optimized with the Yoast SEO plugin v24.4 - https:\/\/yoast.com\/wordpress\/plugins\/seo\/ -->\n<title>Ibovespa abre em alta t\u00edmida com commodities em m\u00e1xima hist\u00f3rica<\/title>\n<meta name=\"description\" content=\"O \u00edndice de commodities da Bloomberg se encontra na m\u00e1xima hist\u00f3rica, o que puxa a\u00e7\u00f5es do Ibovespa. Clique aqui e leia mais.\" \/>\n<meta name=\"robots\" content=\"index, follow, max-snippet:-1, max-image-preview:large, max-video-preview:-1\" \/>\n<link rel=\"canonical\" href=\"https:\/\/www.suno.com.br\/noticias\/ibovespa-abre-alta-timida-commodities-maxima-historica\/\" \/>\n<meta property=\"og:locale\" content=\"pt_BR\" \/>\n<meta property=\"og:type\" content=\"article\" \/>\n<meta property=\"og:title\" content=\"Ibovespa abre em alta t\u00edmida com commodities em m\u00e1xima hist\u00f3rica\" \/>\n<meta property=\"og:description\" content=\"O \u00edndice de commodities da Bloomberg se encontra na m\u00e1xima hist\u00f3rica, o que puxa a\u00e7\u00f5es do Ibovespa. Clique aqui e leia mais.\" \/>\n<meta property=\"og:url\" content=\"https:\/\/www.suno.com.br\/noticias\/ibovespa-abre-alta-timida-commodities-maxima-historica\/\" \/>\n<meta property=\"og:site_name\" content=\"Suno Not\u00edcias\" \/>\n<meta property=\"article:publisher\" content=\"https:\/\/facebook.com\/sunoresearch\" \/>\n<meta property=\"og:image\" content=\"https:\/\/files.sunoresearch.com.br\/n\/uploads\/2021\/08\/48062198-railway-tracks-3455169_1920.jpg\" \/>\n\t<meta property=\"og:image:width\" content=\"1920\" \/>\n\t<meta property=\"og:image:height\" content=\"1280\" \/>\n\t<meta property=\"og:image:type\" content=\"image\/jpeg\" \/>\n<meta name=\"author\" content=\"Eduardo Vargas\" \/>\n<meta name=\"twitter:card\" content=\"summary_large_image\" \/>\n<meta name=\"twitter:creator\" content=\"@sunoresearch\" \/>\n<meta name=\"twitter:site\" content=\"@sunoresearch\" \/>\n<meta name=\"twitter:label1\" content=\"Escrito por\" \/>\n\t<meta name=\"twitter:data1\" content=\"Eduardo Vargas\" \/>\n\t<meta name=\"twitter:label2\" content=\"Est. tempo de leitura\" \/>\n\t<meta name=\"twitter:data2\" content=\"5 minutos\" \/>\n<script type=\"application\/ld+json\" class=\"yoast-schema-graph\">{\"@context\":\"https:\/\/schema.org\",\"@graph\":[{\"@type\":\"NewsArticle\",\"@id\":\"https:\/\/www.suno.com.br\/noticias\/ibovespa-abre-alta-timida-commodities-maxima-historica\/#article\",\"isPartOf\":{\"@id\":\"https:\/\/www.suno.com.br\/noticias\/ibovespa-abre-alta-timida-commodities-maxima-historica\/\"},\"author\":{\"name\":\"Eduardo Vargas\",\"@id\":\"https:\/\/www.suno.com.br\/noticias\/#\/schema\/person\/7f4d362bf3518e76090143ae77bb49a5\"},\"headline\":\"Ibovespa abre em alta em dia de pouca liquidez e commodities em m\u00e1xima hist\u00f3rica\",\"datePublished\":\"2021-10-11T13:49:26+00:00\",\"mainEntityOfPage\":{\"@id\":\"https:\/\/www.suno.com.br\/noticias\/ibovespa-abre-alta-timida-commodities-maxima-historica\/\"},\"wordCount\":996,\"publisher\":{\"@id\":\"https:\/\/www.suno.com.br\/noticias\/#organization\"},\"image\":{\"@id\":\"https:\/\/www.suno.com.br\/noticias\/ibovespa-abre-alta-timida-commodities-maxima-historica\/#primaryimage\"},\"thumbnailUrl\":\"https:\/\/files.sunoresearch.com.br\/n\/uploads\/2021\/08\/48062198-railway-tracks-3455169_1920.jpg\",\"keywords\":[\"Banco do Brasil (BBAS3)\",\"Bolsas mundiais\",\"Bradesco (BBDC3\/BBDC4)\",\"Especialistas\",\"Gol Linhas A\u00e9reas (GOLL11\/GOLL4)\",\"Ibovespa\",\"Oi (OIBR3\/OIBR4)\",\"PETR3\"],\"articleSection\":[\"Mercado\"],\"inLanguage\":\"pt-BR\"},{\"@type\":\"WebPage\",\"@id\":\"https:\/\/www.suno.com.br\/noticias\/ibovespa-abre-alta-timida-commodities-maxima-historica\/\",\"url\":\"https:\/\/www.suno.com.br\/noticias\/ibovespa-abre-alta-timida-commodities-maxima-historica\/\",\"name\":\"Ibovespa abre em alta t\u00edmida com commodities em m\u00e1xima hist\u00f3rica\",\"isPartOf\":{\"@id\":\"https:\/\/www.suno.com.br\/noticias\/#website\"},\"primaryImageOfPage\":{\"@id\":\"https:\/\/www.suno.com.br\/noticias\/ibovespa-abre-alta-timida-commodities-maxima-historica\/#primaryimage\"},\"image\":{\"@id\":\"https:\/\/www.suno.com.br\/noticias\/ibovespa-abre-alta-timida-commodities-maxima-historica\/#primaryimage\"},\"thumbnailUrl\":\"https:\/\/files.sunoresearch.com.br\/n\/uploads\/2021\/08\/48062198-railway-tracks-3455169_1920.jpg\",\"datePublished\":\"2021-10-11T13:49:26+00:00\",\"description\":\"O \u00edndice de commodities da Bloomberg se encontra na m\u00e1xima hist\u00f3rica, o que puxa a\u00e7\u00f5es do Ibovespa. Clique aqui e leia mais.\",\"breadcrumb\":{\"@id\":\"https:\/\/www.suno.com.br\/noticias\/ibovespa-abre-alta-timida-commodities-maxima-historica\/#breadcrumb\"},\"inLanguage\":\"pt-BR\",\"potentialAction\":[{\"@type\":\"ReadAction\",\"target\":[\"https:\/\/www.suno.com.br\/noticias\/ibovespa-abre-alta-timida-commodities-maxima-historica\/\"]}]},{\"@type\":\"ImageObject\",\"inLanguage\":\"pt-BR\",\"@id\":\"https:\/\/www.suno.com.br\/noticias\/ibovespa-abre-alta-timida-commodities-maxima-historica\/#primaryimage\",\"url\":\"https:\/\/files.sunoresearch.com.br\/n\/uploads\/2021\/08\/48062198-railway-tracks-3455169_1920.jpg\",\"contentUrl\":\"https:\/\/files.sunoresearch.com.br\/n\/uploads\/2021\/08\/48062198-railway-tracks-3455169_1920.jpg\",\"width\":1920,\"height\":1280,\"caption\":\"Ap\u00f3s entrar em per\u00edodo de queda, min\u00e9rio de ferro retomou o patamar de US$ 120 e puxa altas do Ibovespa - Foto: Pixabay\"},{\"@type\":\"BreadcrumbList\",\"@id\":\"https:\/\/www.suno.com.br\/noticias\/ibovespa-abre-alta-timida-commodities-maxima-historica\/#breadcrumb\",\"itemListElement\":[{\"@type\":\"ListItem\",\"position\":1,\"name\":\"Not\u00edcias\",\"item\":\"https:\/\/www.suno.com.br\/noticias\/\"},{\"@type\":\"ListItem\",\"position\":2,\"name\":\"Mercado\",\"item\":\"https:\/\/www.suno.com.br\/noticias\/mercado\/\"},{\"@type\":\"ListItem\",\"position\":3,\"name\":\"Ibovespa abre em alta em dia de pouca liquidez e commodities em m\u00e1xima hist\u00f3rica\"}]},{\"@type\":\"WebSite\",\"@id\":\"https:\/\/www.suno.com.br\/noticias\/#website\",\"url\":\"https:\/\/www.suno.com.br\/noticias\/\",\"name\":\"Suno Not\u00edcias\",\"description\":\"Seu portal de informa\u00e7\u00e3o sobre o mundo dos investimentos\",\"publisher\":{\"@id\":\"https:\/\/www.suno.com.br\/noticias\/#organization\"},\"potentialAction\":[{\"@type\":\"SearchAction\",\"target\":{\"@type\":\"EntryPoint\",\"urlTemplate\":\"https:\/\/www.suno.com.br\/noticias\/?s={search_term_string}\"},\"query-input\":{\"@type\":\"PropertyValueSpecification\",\"valueRequired\":true,\"valueName\":\"search_term_string\"}}],\"inLanguage\":\"pt-BR\"},{\"@type\":\"Organization\",\"@id\":\"https:\/\/www.suno.com.br\/noticias\/#organization\",\"name\":\"Suno Not\u00edcias\",\"url\":\"https:\/\/www.suno.com.br\/noticias\/\",\"logo\":{\"@type\":\"ImageObject\",\"inLanguage\":\"pt-BR\",\"@id\":\"https:\/\/www.suno.com.br\/noticias\/#\/schema\/logo\/image\/\",\"url\":\"https:\/\/files.sunoresearch.com.br\/n\/uploads\/2021\/09\/suno-logo.png\",\"contentUrl\":\"https:\/\/files.sunoresearch.com.br\/n\/uploads\/2021\/09\/suno-logo.png\",\"width\":180,\"height\":180,\"caption\":\"Suno Not\u00edcias\"},\"image\":{\"@id\":\"https:\/\/www.suno.com.br\/noticias\/#\/schema\/logo\/image\/\"},\"sameAs\":[\"https:\/\/facebook.com\/sunoresearch\",\"https:\/\/x.com\/sunoresearch\",\"https:\/\/www.instagram.com\/suno\",\"https:\/\/www.linkedin.com\/company\/suno-research\/\",\"https:\/\/www.youtube.com\/c\/sunoresearch\"]},{\"@type\":\"Person\",\"@id\":\"https:\/\/www.suno.com.br\/noticias\/#\/schema\/person\/7f4d362bf3518e76090143ae77bb49a5\",\"name\":\"Eduardo Vargas\",\"image\":{\"@type\":\"ImageObject\",\"inLanguage\":\"pt-BR\",\"@id\":\"https:\/\/www.suno.com.br\/noticias\/#\/schema\/person\/image\/\",\"url\":\"https:\/\/secure.gravatar.com\/avatar\/dac340933427a22924c9f99d1eb2e3f2?s=96&r=g\",\"contentUrl\":\"https:\/\/secure.gravatar.com\/avatar\/dac340933427a22924c9f99d1eb2e3f2?s=96&r=g\",\"caption\":\"Eduardo Vargas\"},\"description\":\"Jornalista formado pela UFSC, cobre macroeconomia, neg\u00f3cios e startups para o Suno Not\u00edcias, escrevendo principalmente not\u00edcias sobre o mercado financeiro e a bolsa de valores. No YouTube e no Instagram, \u00e9 respons\u00e1vel pela produ\u00e7\u00e3o de Reels e Shorts do Suno Not\u00edcias. Anteriormente, trabalhou cobrindo economia e cotidiano no ND+ e para o ND, maior jornal impresso de Santa Catarina. Cursou um semestre letivo de Estudos de M\u00eddia na Universidad de Buenos Aires.\",\"url\":\"https:\/\/www.suno.com.br\/noticias\/author\/eduardo-vargas\/\"}]}<\/script>\n<!-- \/ Yoast SEO plugin. -->","yoast_head_json":{"title":"Ibovespa abre em alta t\u00edmida com commodities em m\u00e1xima hist\u00f3rica","description":"O \u00edndice de commodities da Bloomberg se encontra na m\u00e1xima hist\u00f3rica, o que puxa a\u00e7\u00f5es do Ibovespa. Clique aqui e leia mais.","robots":{"index":"index","follow":"follow","max-snippet":"max-snippet:-1","max-image-preview":"max-image-preview:large","max-video-preview":"max-video-preview:-1"},"canonical":"https:\/\/www.suno.com.br\/noticias\/ibovespa-abre-alta-timida-commodities-maxima-historica\/","og_locale":"pt_BR","og_type":"article","og_title":"Ibovespa abre em alta t\u00edmida com commodities em m\u00e1xima hist\u00f3rica","og_description":"O \u00edndice de commodities da Bloomberg se encontra na m\u00e1xima hist\u00f3rica, o que puxa a\u00e7\u00f5es do Ibovespa. Clique aqui e leia mais.","og_url":"https:\/\/www.suno.com.br\/noticias\/ibovespa-abre-alta-timida-commodities-maxima-historica\/","og_site_name":"Suno Not\u00edcias","article_publisher":"https:\/\/facebook.com\/sunoresearch","og_image":[{"width":1920,"height":1280,"url":"https:\/\/files.sunoresearch.com.br\/n\/uploads\/2021\/08\/48062198-railway-tracks-3455169_1920.jpg","type":"image\/jpeg"}],"author":"Eduardo Vargas","twitter_card":"summary_large_image","twitter_creator":"@sunoresearch","twitter_site":"@sunoresearch","twitter_misc":{"Escrito por":"Eduardo Vargas","Est. tempo de leitura":"5 minutos"},"schema":{"@context":"https:\/\/schema.org","@graph":[{"@type":"NewsArticle","@id":"https:\/\/www.suno.com.br\/noticias\/ibovespa-abre-alta-timida-commodities-maxima-historica\/#article","isPartOf":{"@id":"https:\/\/www.suno.com.br\/noticias\/ibovespa-abre-alta-timida-commodities-maxima-historica\/"},"author":{"name":"Eduardo Vargas","@id":"https:\/\/www.suno.com.br\/noticias\/#\/schema\/person\/7f4d362bf3518e76090143ae77bb49a5"},"headline":"Ibovespa abre em alta em dia de pouca liquidez e commodities em m\u00e1xima hist\u00f3rica","datePublished":"2021-10-11T13:49:26+00:00","mainEntityOfPage":{"@id":"https:\/\/www.suno.com.br\/noticias\/ibovespa-abre-alta-timida-commodities-maxima-historica\/"},"wordCount":996,"publisher":{"@id":"https:\/\/www.suno.com.br\/noticias\/#organization"},"image":{"@id":"https:\/\/www.suno.com.br\/noticias\/ibovespa-abre-alta-timida-commodities-maxima-historica\/#primaryimage"},"thumbnailUrl":"https:\/\/files.sunoresearch.com.br\/n\/uploads\/2021\/08\/48062198-railway-tracks-3455169_1920.jpg","keywords":["Banco do Brasil (BBAS3)","Bolsas mundiais","Bradesco (BBDC3\/BBDC4)","Especialistas","Gol Linhas A\u00e9reas (GOLL11\/GOLL4)","Ibovespa","Oi (OIBR3\/OIBR4)","PETR3"],"articleSection":["Mercado"],"inLanguage":"pt-BR"},{"@type":"WebPage","@id":"https:\/\/www.suno.com.br\/noticias\/ibovespa-abre-alta-timida-commodities-maxima-historica\/","url":"https:\/\/www.suno.com.br\/noticias\/ibovespa-abre-alta-timida-commodities-maxima-historica\/","name":"Ibovespa abre em alta t\u00edmida com commodities em m\u00e1xima hist\u00f3rica","isPartOf":{"@id":"https:\/\/www.suno.com.br\/noticias\/#website"},"primaryImageOfPage":{"@id":"https:\/\/www.suno.com.br\/noticias\/ibovespa-abre-alta-timida-commodities-maxima-historica\/#primaryimage"},"image":{"@id":"https:\/\/www.suno.com.br\/noticias\/ibovespa-abre-alta-timida-commodities-maxima-historica\/#primaryimage"},"thumbnailUrl":"https:\/\/files.sunoresearch.com.br\/n\/uploads\/2021\/08\/48062198-railway-tracks-3455169_1920.jpg","datePublished":"2021-10-11T13:49:26+00:00","description":"O \u00edndice de commodities da Bloomberg se encontra na m\u00e1xima hist\u00f3rica, o que puxa a\u00e7\u00f5es do Ibovespa. Clique aqui e leia mais.","breadcrumb":{"@id":"https:\/\/www.suno.com.br\/noticias\/ibovespa-abre-alta-timida-commodities-maxima-historica\/#breadcrumb"},"inLanguage":"pt-BR","potentialAction":[{"@type":"ReadAction","target":["https:\/\/www.suno.com.br\/noticias\/ibovespa-abre-alta-timida-commodities-maxima-historica\/"]}]},{"@type":"ImageObject","inLanguage":"pt-BR","@id":"https:\/\/www.suno.com.br\/noticias\/ibovespa-abre-alta-timida-commodities-maxima-historica\/#primaryimage","url":"https:\/\/files.sunoresearch.com.br\/n\/uploads\/2021\/08\/48062198-railway-tracks-3455169_1920.jpg","contentUrl":"https:\/\/files.sunoresearch.com.br\/n\/uploads\/2021\/08\/48062198-railway-tracks-3455169_1920.jpg","width":1920,"height":1280,"caption":"Ap\u00f3s entrar em per\u00edodo de queda, min\u00e9rio de ferro retomou o patamar de US$ 120 e puxa altas do Ibovespa - Foto: Pixabay"},{"@type":"BreadcrumbList","@id":"https:\/\/www.suno.com.br\/noticias\/ibovespa-abre-alta-timida-commodities-maxima-historica\/#breadcrumb","itemListElement":[{"@type":"ListItem","position":1,"name":"Not\u00edcias","item":"https:\/\/www.suno.com.br\/noticias\/"},{"@type":"ListItem","position":2,"name":"Mercado","item":"https:\/\/www.suno.com.br\/noticias\/mercado\/"},{"@type":"ListItem","position":3,"name":"Ibovespa abre em alta em dia de pouca liquidez e commodities em m\u00e1xima hist\u00f3rica"}]},{"@type":"WebSite","@id":"https:\/\/www.suno.com.br\/noticias\/#website","url":"https:\/\/www.suno.com.br\/noticias\/","name":"Suno Not\u00edcias","description":"Seu portal de informa\u00e7\u00e3o sobre o mundo dos investimentos","publisher":{"@id":"https:\/\/www.suno.com.br\/noticias\/#organization"},"potentialAction":[{"@type":"SearchAction","target":{"@type":"EntryPoint","urlTemplate":"https:\/\/www.suno.com.br\/noticias\/?s={search_term_string}"},"query-input":{"@type":"PropertyValueSpecification","valueRequired":true,"valueName":"search_term_string"}}],"inLanguage":"pt-BR"},{"@type":"Organization","@id":"https:\/\/www.suno.com.br\/noticias\/#organization","name":"Suno Not\u00edcias","url":"https:\/\/www.suno.com.br\/noticias\/","logo":{"@type":"ImageObject","inLanguage":"pt-BR","@id":"https:\/\/www.suno.com.br\/noticias\/#\/schema\/logo\/image\/","url":"https:\/\/files.sunoresearch.com.br\/n\/uploads\/2021\/09\/suno-logo.png","contentUrl":"https:\/\/files.sunoresearch.com.br\/n\/uploads\/2021\/09\/suno-logo.png","width":180,"height":180,"caption":"Suno Not\u00edcias"},"image":{"@id":"https:\/\/www.suno.com.br\/noticias\/#\/schema\/logo\/image\/"},"sameAs":["https:\/\/facebook.com\/sunoresearch","https:\/\/x.com\/sunoresearch","https:\/\/www.instagram.com\/suno","https:\/\/www.linkedin.com\/company\/suno-research\/","https:\/\/www.youtube.com\/c\/sunoresearch"]},{"@type":"Person","@id":"https:\/\/www.suno.com.br\/noticias\/#\/schema\/person\/7f4d362bf3518e76090143ae77bb49a5","name":"Eduardo Vargas","image":{"@type":"ImageObject","inLanguage":"pt-BR","@id":"https:\/\/www.suno.com.br\/noticias\/#\/schema\/person\/image\/","url":"https:\/\/secure.gravatar.com\/avatar\/dac340933427a22924c9f99d1eb2e3f2?s=96&r=g","contentUrl":"https:\/\/secure.gravatar.com\/avatar\/dac340933427a22924c9f99d1eb2e3f2?s=96&r=g","caption":"Eduardo Vargas"},"description":"Jornalista formado pela UFSC, cobre macroeconomia, neg\u00f3cios e startups para o Suno Not\u00edcias, escrevendo principalmente not\u00edcias sobre o mercado financeiro e a bolsa de valores. No YouTube e no Instagram, \u00e9 respons\u00e1vel pela produ\u00e7\u00e3o de Reels e Shorts do Suno Not\u00edcias. Anteriormente, trabalhou cobrindo economia e cotidiano no ND+ e para o ND, maior jornal impresso de Santa Catarina. Cursou um semestre letivo de Estudos de M\u00eddia na Universidad de Buenos Aires.","url":"https:\/\/www.suno.com.br\/noticias\/author\/eduardo-vargas\/"}]}},"default_loop_html":"<div class=\"cardsPage__listCard__boxs\"><div class=\"cardsPage__listCard__boxs__img\"><a href=\"https:\/\/www.suno.com.br\/noticias\/ibovespa-abre-alta-timida-commodities-maxima-historica\/\"><img class=\"mask\" src=\"https:\/\/www.suno.com.br\/noticias\/wp-content\/themes\/suno\/resources\/images\/spotlight\/spotlight1img\/bg-mask.png\" alt=\"Image Mask\"\/><img src=\"https:\/\/files.sunoresearch.com.br\/n\/uploads\/2021\/08\/48062198-railway-tracks-3455169_1920-400x200.jpg\" alt=\"Ibovespa abre em alta em dia de pouca liquidez e commodities em m\u00e1xima hist\u00f3rica\"\/><\/a><span class=\"spotlightCategory\"><a href=\"https:\/\/www.suno.com.br\/noticias\/mercado\/\">Mercado<\/a><\/span><\/div><div class=\"cardsPage__listCard__boxs__content\"><a href=\"https:\/\/www.suno.com.br\/noticias\/ibovespa-abre-alta-timida-commodities-maxima-historica\/\"><h2 class=\"content__title\">Ibovespa abre em alta em dia de pouca liquidez e commodities em m\u00e1xima hist\u00f3rica<\/h2><\/a><div class=\"newsContent__article__meta\"><div class=\"newsContent__article__meta__authorBox\"><a href=\"https:\/\/www.suno.com.br\/noticias\/author\/eduardo-vargas\/\" class=\"authorBox__avatar noMobi\"><img src=\"https:\/\/secure.gravatar.com\/avatar\/dac340933427a22924c9f99d1eb2e3f2?s=96&#038;r=g\" alt=\"Eduardo Vargas\"><\/a><div class=\"authorBox__name\"><span>por\n\t\t\t<a href=\"https:\/\/www.suno.com.br\/noticias\/author\/eduardo-vargas\/\"><span itemprop=\"author\">Eduardo Vargas<\/span><\/a><\/span><time datetime=\"2021-10-11T10:49:26-03:00\" itemprop=\"datePublished\">11\/10\/2021 10:49<\/time><\/div><\/div><\/div><\/div><\/div>","single_layout":"posts","amp_enabled":true,"_links":{"self":[{"href":"https:\/\/www.suno.com.br\/noticias\/wp-json\/wp\/v2\/posts\/192723"}],"collection":[{"href":"https:\/\/www.suno.com.br\/noticias\/wp-json\/wp\/v2\/posts"}],"about":[{"href":"https:\/\/www.suno.com.br\/noticias\/wp-json\/wp\/v2\/types\/post"}],"author":[{"embeddable":true,"href":"https:\/\/www.suno.com.br\/noticias\/wp-json\/wp\/v2\/users\/73"}],"replies":[{"embeddable":true,"href":"https:\/\/www.suno.com.br\/noticias\/wp-json\/wp\/v2\/comments?post=192723"}],"version-history":[{"count":3,"href":"https:\/\/www.suno.com.br\/noticias\/wp-json\/wp\/v2\/posts\/192723\/revisions"}],"predecessor-version":[{"id":192742,"href":"https:\/\/www.suno.com.br\/noticias\/wp-json\/wp\/v2\/posts\/192723\/revisions\/192742"}],"wp:featuredmedia":[{"embeddable":true,"href":"https:\/\/www.suno.com.br\/noticias\/wp-json\/wp\/v2\/media\/179702"}],"wp:attachment":[{"href":"https:\/\/www.suno.com.br\/noticias\/wp-json\/wp\/v2\/media?parent=192723"}],"wp:term":[{"taxonomy":"category","embeddable":true,"href":"https:\/\/www.suno.com.br\/noticias\/wp-json\/wp\/v2\/categories?post=192723"},{"taxonomy":"post_tag","embeddable":true,"href":"https:\/\/www.suno.com.br\/noticias\/wp-json\/wp\/v2\/tags?post=192723"},{"taxonomy":"suno_strategy","embeddable":true,"href":"https:\/\/www.suno.com.br\/noticias\/wp-json\/wp\/v2\/suno_strategy?post=192723"}],"curies":[{"name":"wp","href":"https:\/\/api.w.org\/{rel}","templated":true}]}}