{"id":192652,"date":"2021-10-11T08:38:11","date_gmt":"2021-10-11T11:38:11","guid":{"rendered":"https:\/\/www.suno.com.br\/noticias\/?p=192652"},"modified":"2021-10-11T08:38:11","modified_gmt":"2021-10-11T11:38:11","slug":"vale-vale3-acordo-familias-brumadinho","status":"publish","type":"post","link":"https:\/\/www.suno.com.br\/noticias\/vale-vale3-acordo-familias-brumadinho\/","title":{"rendered":"Vale (VALE3) fecha acordo com ao menos um familiar de cada v\u00edtima em Brumadinho"},"content":{"rendered":"<p>A <a href=\"https:\/\/www.suno.com.br\/acoes\/vale3\/\"><strong>Vale<\/strong> (VALE3)<\/a> informou que fechou acordos de indeniza\u00e7\u00e3o com ao menos um familiar de cada uma das v\u00edtimas em Brumadinho. A companhia contabiliza mais de 680 acordos trabalhistas, envolvendo 2,4 mil pessoas, perfazendo o montante de R$ 1,1 bilh\u00e3o.<\/p>\t<div class=\"wrapper-featured-image\">\n\t\t<figure class=\"spotlightImg\">\n\n\t\t\t<picture>\n\t\t\t\t<source media=\"(max-width: 768px)\" srcset=\"https:\/\/files.sunoresearch.com.br\/n\/uploads\/2021\/07\/1553b156-s11d1-400x200.jpg\">\n\t\t\t\t<img loading=\"lazy\" decoding=\"async\" class=\"newsContent__article__imgCapa lazyloadDisabled \" src=\"https:\/\/files.sunoresearch.com.br\/n\/uploads\/2021\/07\/1553b156-s11d1-800x450.jpg\" width=\"800\" height=\"450\" alt=\"Vale (VALE3) fecha acordo com ao menos um familiar de cada v\u00edtima em Brumadinho\" fetchpriority=high \/>\n\t\t\t<\/picture>\n\n\t\t\t<figcaption class=\"wp-caption-text wp-caption-text--show\">Vale (VALE3). Foto: Vale\/Divulga\u00e7\u00e3o<\/figcaption>\n\t\t<\/figure>\n\t<\/div>\n\n\n\t<p>\n\t\t<a href=\"https:\/\/lp.suno.com.br\/planilha-controle-gastos\/\" target=\"_blank\" data-element=\"shortcode-suno-banner\" title=\"Banner SUNO, clique e saiba mais\">\n\t\t\t<picture>\n\t\t\t\t<source media=\"(max-width: 500px)\" srcset=\"https:\/\/files.sunoresearch.com.br\/n\/uploads\/2023\/03\/400x300-Planilha-controle-de-gastos.png\">\n\t\t\t\t<img class=\"newsContent__article__imgCapa newsContent__article__imgCapa--banner\"\n\t\t\t\t\tsrc=\"https:\/\/files.sunoresearch.com.br\/n\/uploads\/2023\/03\/1420x240-Planilha-controle-de-gastos.png\"\n\t\t\t\t\tdata-promo-id=\"101751\"\t\t\t\t\t\t\t\t\t\twidth='1420' height='240'\t\t\t\t\talt=\"https:\/\/files.sunoresearch.com.br\/n\/uploads\/2023\/03\/1420x240-Planilha-controle-de-gastos.png\"\n\t\t\t\t>\n\t\t\t<\/picture>\n\t\t<\/a>\n\t<\/p>\n\n\n<p>Segundo a mineradora, os acordos foram fechados com entes de 250 funcion\u00e1rios, entre terceirizados e pr\u00f3prios da companhia. A Vale disse que as indeniza\u00e7\u00f5es possuem como base o acordo assinado com o <strong>Minist\u00e9rio P\u00fablico do Trabalho<\/strong> (MPT).<\/p>\n<p>Os acordos tamb\u00e9m estabelecem diretrizes aos entes das <strong>v\u00edtimas<\/strong>. Pais, c\u00f4njuges e filhos das v\u00edtimas est\u00e3o recebendo pagamento de dano material e seguro adicional por acidente de trabalho, em adi\u00e7\u00e3o aos acordos por dano moral.<\/p>\n<p>De acordo com a companhia, os filhos dos mortos com at\u00e9 tr\u00eas anos recebem aux\u00edlio creche, ao passo que os que t\u00eam entre tr\u00eas e 25 anos recebem aux\u00edlio educa\u00e7\u00e3o. A Vale tamb\u00e9m disse que est\u00e1 pagando plano de sa\u00fade para todos os c\u00f4njuges ou companheiros, e filhos at\u00e9 25 anos.<\/p>\n<p>Considerando a\u00e7\u00f5es c\u00edveis e trabalhistas, a Vale j\u00e1 fechou 5,5 mil acordos que envolvem 11,2 mil pessoas. Os pagamentos, que somam cerca de R$ 2,4 bilh\u00f5es, s\u00e3o geridos pelo Programa de Assist\u00eancia Integral ao Atingido (PAIA), que ajuda na gest\u00e3o e retomada dos benefici\u00e1rios dos recursos.<\/p>\n\t<div data-element=\"shortcode-read-more\" class=\"knowMore\">\n\t\t\t\t<span class=\"knowMore__title\">Leia mais<\/span>\n\t\t\t\t<a class=\"knowMore__link\" href=\"https:\/\/www.suno.com.br\/noticias\/vale-vale3-spin-off-metais-basicos\/\">\n\t\t\tVale (VALE3) n\u00e3o v\u00ea spin off da unidade de metais b\u00e1sicos no curto prazo\t\t<\/a>\n\t<\/div>\n\n\n<p>A ades\u00e3o ao programa, segundo a empresa, \u00e9 volunt\u00e1ria e que cerca de 45% dos indenizados j\u00e1 se inscreveram. Aproximadamente quatro mil pessoas j\u00e1 foram atendidas.<\/p>\n<p>O rompimento da barragem em <strong>Brumadinho<\/strong>, no dia 25 de janeiro de 2019, resultou no total de 270 mortos, dos quais 262 j\u00e1 foram identificados.<\/p>\n<h4>Veja tamb\u00e9m:<\/h4>\n<h2>Vale ter\u00e1 de devolver o que recebeu em usina desde 2015<\/h2>\n<p>Na \u00faltima semana, a Vale perdeu uma batalha judicial no <strong>Superior Tribunal de Justi\u00e7a<\/strong> (STJ). O tribunal decidiu que a companhia ter\u00e1 de devolver tudo o que recebeu mensalmente, desde 2015, por uma hidrel\u00e9trica de sua propriedade que n\u00e3o entrega energia h\u00e1 seis anos.<\/p>\n<p>A empresa j\u00e1 recebeu mais de R$ 500 milh\u00f5es desde novembro daquele ano, por uma gera\u00e7\u00e3o de energia que deixou de entregar, a partir das turbinas de sua hidrel\u00e9trica Risoleta Neves, na regi\u00e3o de Mariana (MG), pois a <strong>usina<\/strong> foi destru\u00edda pela lama da trag\u00e9dia da Samarco, que tem a pr\u00f3pria Vale como s\u00f3cia.<\/p>\n\t<p>\n\t\t<a href=\"https:\/\/lp.suno.com.br\/planilha-da-vida-financeira\/\" target=\"_blank\" data-element=\"shortcode-suno-banner\" title=\"Banner SUNO, clique e saiba mais\">\n\t\t\t<picture>\n\t\t\t\t<source media=\"(max-width: 500px)\" srcset=\"https:\/\/files.sunoresearch.com.br\/n\/uploads\/2023\/04\/400x300-Planilha-vida-financeira-true.png\">\n\t\t\t\t<img class=\"newsContent__article__imgCapa newsContent__article__imgCapa--banner\"\n\t\t\t\t\tsrc=\"https:\/\/files.sunoresearch.com.br\/n\/uploads\/2023\/04\/1420x240-Planilha-vida-financeira-true.png\"\n\t\t\t\t\tdata-promo-id=\"106682\"\t\t\t\t\t\t\t\t\t\twidth='1420' height='240'\t\t\t\t\talt=\"https:\/\/files.sunoresearch.com.br\/n\/uploads\/2023\/04\/1420x240-Planilha-vida-financeira-true.png\"\n\t\t\t\t>\n\t\t\t<\/picture>\n\t\t<\/a>\n\t<\/p>\n\n\n<p>Na \u00faltima quarta-feira (6), por\u00e9m, o colegiado de 15 ministros do STJ decidiu, por unanimidade, que a companhia n\u00e3o tinha direito de receber os pagamentos, que vinham sendo feitos pelas demais hidrel\u00e9tricas do Pa\u00eds e os consumidores de energia.<\/p>\n<p>A hidrel\u00e9trica Risoleta Neves pertence ao cons\u00f3rcio Candonga, do qual a Vale \u00e9 dona de 77,5% e a <a href=\"https:\/\/www.suno.com.br\/acoes\/cmig4\/\">Cemig (CMIG4)<\/a>, de 22,5%.<\/p>\n<p>Em maio deste ano, ap\u00f3s essa situa\u00e7\u00e3o ser denunciada em reportagem pelo jornal <em>O Estado de S.Paulo<\/em>, a Vale se reuniu com representantes da Aneel e da C\u00e2mara dos Deputados.<\/p>\n<p>A empresa, que tinha sido convocada para prestar esclarecimentos <a href=\"https:\/\/www.suno.com.br\/noticias\/politica\/\">sobre o assunto no Congresso<\/a>, conseguiu suspender a audi\u00eancia p\u00fablica, sob o argumento de que iria desistir do processo judicial.<\/p>\n<p>A <strong>Vale<\/strong>, por\u00e9m, n\u00e3o abriu m\u00e3o do processo e seguiu na disputa judicial para continuar a ter direito de manter a usina em um mecanismo do setor el\u00e9trico.<\/p>\n\t<p>\n\t\t<a href=\"\" target=\"_blank\" data-element=\"shortcode-suno-banner\" title=\"Banner SUNO, clique e saiba mais\">\n\t\t\t<picture>\n\t\t\t\t<source media=\"(max-width: 500px)\" srcset=\"\">\n\t\t\t\t<img class=\"newsContent__article__imgCapa newsContent__article__imgCapa--banner\"\n\t\t\t\t\tsrc=\"\"\n\t\t\t\t\tdata-promo-id=\"184190\"\t\t\t\t\t\t\t\t\t\t\t\t\t\t\talt=\"\"\n\t\t\t\t>\n\t\t\t<\/picture>\n\t\t<\/a>\n\t<\/p>\n\n\n","protected":false},"excerpt":{"rendered":"<p>A Vale (VALE3) informou que fechou acordos de indeniza\u00e7\u00e3o com ao menos um familiar de cada uma das v\u00edtimas em Brumadinho. A companhia contabiliza mais de 680 acordos trabalhistas, envolvendo 2,4 mil pessoas, perfazendo o montante de R$ 1,1 bilh\u00e3o. Vale (VALE3). Foto: Vale\/Divulga\u00e7\u00e3o Segundo a mineradora, os acordos foram fechados com entes de 250 [&hellip;]<\/p>\n","protected":false},"author":24,"featured_media":168041,"comment_status":"closed","ping_status":"closed","sticky":false,"template":"","format":"standard","meta":[],"categories":[64],"tags":[1032,676],"suno_strategy":[],"class_list":["post-192652","post","type-post","status-publish","format-standard","has-post-thumbnail","hentry","category-negocios","tag-brumadinho","tag-vale-vale3"],"yoast_head":"<!-- This site is optimized with the Yoast SEO plugin v24.4 - https:\/\/yoast.com\/wordpress\/plugins\/seo\/ -->\n<title>Vale (VALE3) fecha acordo com familiar de cada v\u00edtima em Brumadinho<\/title>\n<meta name=\"description\" content=\"A Vale (VALE3) informou que fechou acordos de indeniza\u00e7\u00e3o com ao menos um familiar de cada uma das v\u00edtimas em Brumadinho. Saiba mais.\" \/>\n<meta name=\"robots\" content=\"index, follow, max-snippet:-1, max-image-preview:large, max-video-preview:-1\" \/>\n<link rel=\"canonical\" href=\"https:\/\/www.suno.com.br\/noticias\/vale-vale3-acordo-familias-brumadinho\/\" \/>\n<meta property=\"og:locale\" content=\"pt_BR\" \/>\n<meta property=\"og:type\" content=\"article\" \/>\n<meta property=\"og:title\" content=\"Vale (VALE3) fecha acordo com familiar de cada v\u00edtima em Brumadinho\" \/>\n<meta property=\"og:description\" content=\"A Vale (VALE3) informou que fechou acordos de indeniza\u00e7\u00e3o com ao menos um familiar de cada uma das v\u00edtimas em Brumadinho. Saiba mais.\" \/>\n<meta property=\"og:url\" content=\"https:\/\/www.suno.com.br\/noticias\/vale-vale3-acordo-familias-brumadinho\/\" \/>\n<meta property=\"og:site_name\" content=\"Suno Not\u00edcias\" \/>\n<meta property=\"article:publisher\" content=\"https:\/\/facebook.com\/sunoresearch\" \/>\n<meta property=\"og:image\" content=\"https:\/\/files.sunoresearch.com.br\/n\/uploads\/2021\/07\/1553b156-s11d1.jpg\" \/>\n\t<meta property=\"og:image:width\" content=\"1200\" \/>\n\t<meta property=\"og:image:height\" content=\"800\" \/>\n\t<meta property=\"og:image:type\" content=\"image\/jpeg\" \/>\n<meta name=\"author\" content=\"Jader Lazarini\" \/>\n<meta name=\"twitter:card\" content=\"summary_large_image\" \/>\n<meta name=\"twitter:creator\" content=\"@sunoresearch\" \/>\n<meta name=\"twitter:site\" content=\"@sunoresearch\" \/>\n<meta name=\"twitter:label1\" content=\"Escrito por\" \/>\n\t<meta name=\"twitter:data1\" content=\"Jader Lazarini\" \/>\n\t<meta name=\"twitter:label2\" content=\"Est. tempo de leitura\" \/>\n\t<meta name=\"twitter:data2\" content=\"3 minutos\" \/>\n<script type=\"application\/ld+json\" class=\"yoast-schema-graph\">{\"@context\":\"https:\/\/schema.org\",\"@graph\":[{\"@type\":\"NewsArticle\",\"@id\":\"https:\/\/www.suno.com.br\/noticias\/vale-vale3-acordo-familias-brumadinho\/#article\",\"isPartOf\":{\"@id\":\"https:\/\/www.suno.com.br\/noticias\/vale-vale3-acordo-familias-brumadinho\/\"},\"author\":{\"name\":\"Jader Lazarini\",\"@id\":\"https:\/\/www.suno.com.br\/noticias\/#\/schema\/person\/918d79de1f0281f01599b93f9ea6e23f\"},\"headline\":\"Vale (VALE3) fecha acordo com ao menos um familiar de cada v\u00edtima em Brumadinho\",\"datePublished\":\"2021-10-11T11:38:11+00:00\",\"mainEntityOfPage\":{\"@id\":\"https:\/\/www.suno.com.br\/noticias\/vale-vale3-acordo-familias-brumadinho\/\"},\"wordCount\":587,\"publisher\":{\"@id\":\"https:\/\/www.suno.com.br\/noticias\/#organization\"},\"image\":{\"@id\":\"https:\/\/www.suno.com.br\/noticias\/vale-vale3-acordo-familias-brumadinho\/#primaryimage\"},\"thumbnailUrl\":\"https:\/\/files.sunoresearch.com.br\/n\/uploads\/2021\/07\/1553b156-s11d1.jpg\",\"keywords\":[\"Brumadinho\",\"Vale (VALE3)\"],\"articleSection\":[\"Neg\u00f3cios\"],\"inLanguage\":\"pt-BR\"},{\"@type\":\"WebPage\",\"@id\":\"https:\/\/www.suno.com.br\/noticias\/vale-vale3-acordo-familias-brumadinho\/\",\"url\":\"https:\/\/www.suno.com.br\/noticias\/vale-vale3-acordo-familias-brumadinho\/\",\"name\":\"Vale (VALE3) fecha acordo com familiar de cada v\u00edtima em Brumadinho\",\"isPartOf\":{\"@id\":\"https:\/\/www.suno.com.br\/noticias\/#website\"},\"primaryImageOfPage\":{\"@id\":\"https:\/\/www.suno.com.br\/noticias\/vale-vale3-acordo-familias-brumadinho\/#primaryimage\"},\"image\":{\"@id\":\"https:\/\/www.suno.com.br\/noticias\/vale-vale3-acordo-familias-brumadinho\/#primaryimage\"},\"thumbnailUrl\":\"https:\/\/files.sunoresearch.com.br\/n\/uploads\/2021\/07\/1553b156-s11d1.jpg\",\"datePublished\":\"2021-10-11T11:38:11+00:00\",\"description\":\"A Vale (VALE3) informou que fechou acordos de indeniza\u00e7\u00e3o com ao menos um familiar de cada uma das v\u00edtimas em Brumadinho. Saiba mais.\",\"breadcrumb\":{\"@id\":\"https:\/\/www.suno.com.br\/noticias\/vale-vale3-acordo-familias-brumadinho\/#breadcrumb\"},\"inLanguage\":\"pt-BR\",\"potentialAction\":[{\"@type\":\"ReadAction\",\"target\":[\"https:\/\/www.suno.com.br\/noticias\/vale-vale3-acordo-familias-brumadinho\/\"]}]},{\"@type\":\"ImageObject\",\"inLanguage\":\"pt-BR\",\"@id\":\"https:\/\/www.suno.com.br\/noticias\/vale-vale3-acordo-familias-brumadinho\/#primaryimage\",\"url\":\"https:\/\/files.sunoresearch.com.br\/n\/uploads\/2021\/07\/1553b156-s11d1.jpg\",\"contentUrl\":\"https:\/\/files.sunoresearch.com.br\/n\/uploads\/2021\/07\/1553b156-s11d1.jpg\",\"width\":1200,\"height\":800,\"caption\":\"Vale (VALE3). Foto: Vale\/Divulga\u00e7\u00e3o\"},{\"@type\":\"BreadcrumbList\",\"@id\":\"https:\/\/www.suno.com.br\/noticias\/vale-vale3-acordo-familias-brumadinho\/#breadcrumb\",\"itemListElement\":[{\"@type\":\"ListItem\",\"position\":1,\"name\":\"Not\u00edcias\",\"item\":\"https:\/\/www.suno.com.br\/noticias\/\"},{\"@type\":\"ListItem\",\"position\":2,\"name\":\"Neg\u00f3cios\",\"item\":\"https:\/\/www.suno.com.br\/noticias\/negocios\/\"},{\"@type\":\"ListItem\",\"position\":3,\"name\":\"Vale (VALE3) fecha acordo com ao menos um familiar de cada v\u00edtima em Brumadinho\"}]},{\"@type\":\"WebSite\",\"@id\":\"https:\/\/www.suno.com.br\/noticias\/#website\",\"url\":\"https:\/\/www.suno.com.br\/noticias\/\",\"name\":\"Suno Not\u00edcias\",\"description\":\"Seu portal de informa\u00e7\u00e3o sobre o mundo dos investimentos\",\"publisher\":{\"@id\":\"https:\/\/www.suno.com.br\/noticias\/#organization\"},\"potentialAction\":[{\"@type\":\"SearchAction\",\"target\":{\"@type\":\"EntryPoint\",\"urlTemplate\":\"https:\/\/www.suno.com.br\/noticias\/?s={search_term_string}\"},\"query-input\":{\"@type\":\"PropertyValueSpecification\",\"valueRequired\":true,\"valueName\":\"search_term_string\"}}],\"inLanguage\":\"pt-BR\"},{\"@type\":\"Organization\",\"@id\":\"https:\/\/www.suno.com.br\/noticias\/#organization\",\"name\":\"Suno Not\u00edcias\",\"url\":\"https:\/\/www.suno.com.br\/noticias\/\",\"logo\":{\"@type\":\"ImageObject\",\"inLanguage\":\"pt-BR\",\"@id\":\"https:\/\/www.suno.com.br\/noticias\/#\/schema\/logo\/image\/\",\"url\":\"https:\/\/files.sunoresearch.com.br\/n\/uploads\/2021\/09\/suno-logo.png\",\"contentUrl\":\"https:\/\/files.sunoresearch.com.br\/n\/uploads\/2021\/09\/suno-logo.png\",\"width\":180,\"height\":180,\"caption\":\"Suno Not\u00edcias\"},\"image\":{\"@id\":\"https:\/\/www.suno.com.br\/noticias\/#\/schema\/logo\/image\/\"},\"sameAs\":[\"https:\/\/facebook.com\/sunoresearch\",\"https:\/\/x.com\/sunoresearch\",\"https:\/\/www.instagram.com\/suno\",\"https:\/\/www.linkedin.com\/company\/suno-research\/\",\"https:\/\/www.youtube.com\/c\/sunoresearch\"]},{\"@type\":\"Person\",\"@id\":\"https:\/\/www.suno.com.br\/noticias\/#\/schema\/person\/918d79de1f0281f01599b93f9ea6e23f\",\"name\":\"Jader Lazarini\",\"image\":{\"@type\":\"ImageObject\",\"inLanguage\":\"pt-BR\",\"@id\":\"https:\/\/www.suno.com.br\/noticias\/#\/schema\/person\/image\/\",\"url\":\"https:\/\/secure.gravatar.com\/avatar\/3c1ad8caa51589841baeb923fcddea97?s=96&r=g\",\"contentUrl\":\"https:\/\/secure.gravatar.com\/avatar\/3c1ad8caa51589841baeb923fcddea97?s=96&r=g\",\"caption\":\"Jader Lazarini\"},\"description\":\"Jader Lazarini escreve sobre investimentos, finan\u00e7as, economia e neg\u00f3cios. \u00c9 bacharel em Rela\u00e7\u00f5es Internacionais e analista CNPI (2619).\",\"url\":\"https:\/\/www.suno.com.br\/noticias\/author\/jader-lazarini\/\"}]}<\/script>\n<!-- \/ Yoast SEO plugin. -->","yoast_head_json":{"title":"Vale (VALE3) fecha acordo com familiar de cada v\u00edtima em Brumadinho","description":"A Vale (VALE3) informou que fechou acordos de indeniza\u00e7\u00e3o com ao menos um familiar de cada uma das v\u00edtimas em Brumadinho. Saiba mais.","robots":{"index":"index","follow":"follow","max-snippet":"max-snippet:-1","max-image-preview":"max-image-preview:large","max-video-preview":"max-video-preview:-1"},"canonical":"https:\/\/www.suno.com.br\/noticias\/vale-vale3-acordo-familias-brumadinho\/","og_locale":"pt_BR","og_type":"article","og_title":"Vale (VALE3) fecha acordo com familiar de cada v\u00edtima em Brumadinho","og_description":"A Vale (VALE3) informou que fechou acordos de indeniza\u00e7\u00e3o com ao menos um familiar de cada uma das v\u00edtimas em Brumadinho. Saiba mais.","og_url":"https:\/\/www.suno.com.br\/noticias\/vale-vale3-acordo-familias-brumadinho\/","og_site_name":"Suno Not\u00edcias","article_publisher":"https:\/\/facebook.com\/sunoresearch","og_image":[{"width":1200,"height":800,"url":"https:\/\/files.sunoresearch.com.br\/n\/uploads\/2021\/07\/1553b156-s11d1.jpg","type":"image\/jpeg"}],"author":"Jader Lazarini","twitter_card":"summary_large_image","twitter_creator":"@sunoresearch","twitter_site":"@sunoresearch","twitter_misc":{"Escrito por":"Jader Lazarini","Est. tempo de leitura":"3 minutos"},"schema":{"@context":"https:\/\/schema.org","@graph":[{"@type":"NewsArticle","@id":"https:\/\/www.suno.com.br\/noticias\/vale-vale3-acordo-familias-brumadinho\/#article","isPartOf":{"@id":"https:\/\/www.suno.com.br\/noticias\/vale-vale3-acordo-familias-brumadinho\/"},"author":{"name":"Jader Lazarini","@id":"https:\/\/www.suno.com.br\/noticias\/#\/schema\/person\/918d79de1f0281f01599b93f9ea6e23f"},"headline":"Vale (VALE3) fecha acordo com ao menos um familiar de cada v\u00edtima em Brumadinho","datePublished":"2021-10-11T11:38:11+00:00","mainEntityOfPage":{"@id":"https:\/\/www.suno.com.br\/noticias\/vale-vale3-acordo-familias-brumadinho\/"},"wordCount":587,"publisher":{"@id":"https:\/\/www.suno.com.br\/noticias\/#organization"},"image":{"@id":"https:\/\/www.suno.com.br\/noticias\/vale-vale3-acordo-familias-brumadinho\/#primaryimage"},"thumbnailUrl":"https:\/\/files.sunoresearch.com.br\/n\/uploads\/2021\/07\/1553b156-s11d1.jpg","keywords":["Brumadinho","Vale (VALE3)"],"articleSection":["Neg\u00f3cios"],"inLanguage":"pt-BR"},{"@type":"WebPage","@id":"https:\/\/www.suno.com.br\/noticias\/vale-vale3-acordo-familias-brumadinho\/","url":"https:\/\/www.suno.com.br\/noticias\/vale-vale3-acordo-familias-brumadinho\/","name":"Vale (VALE3) fecha acordo com familiar de cada v\u00edtima em Brumadinho","isPartOf":{"@id":"https:\/\/www.suno.com.br\/noticias\/#website"},"primaryImageOfPage":{"@id":"https:\/\/www.suno.com.br\/noticias\/vale-vale3-acordo-familias-brumadinho\/#primaryimage"},"image":{"@id":"https:\/\/www.suno.com.br\/noticias\/vale-vale3-acordo-familias-brumadinho\/#primaryimage"},"thumbnailUrl":"https:\/\/files.sunoresearch.com.br\/n\/uploads\/2021\/07\/1553b156-s11d1.jpg","datePublished":"2021-10-11T11:38:11+00:00","description":"A Vale (VALE3) informou que fechou acordos de indeniza\u00e7\u00e3o com ao menos um familiar de cada uma das v\u00edtimas em Brumadinho. Saiba mais.","breadcrumb":{"@id":"https:\/\/www.suno.com.br\/noticias\/vale-vale3-acordo-familias-brumadinho\/#breadcrumb"},"inLanguage":"pt-BR","potentialAction":[{"@type":"ReadAction","target":["https:\/\/www.suno.com.br\/noticias\/vale-vale3-acordo-familias-brumadinho\/"]}]},{"@type":"ImageObject","inLanguage":"pt-BR","@id":"https:\/\/www.suno.com.br\/noticias\/vale-vale3-acordo-familias-brumadinho\/#primaryimage","url":"https:\/\/files.sunoresearch.com.br\/n\/uploads\/2021\/07\/1553b156-s11d1.jpg","contentUrl":"https:\/\/files.sunoresearch.com.br\/n\/uploads\/2021\/07\/1553b156-s11d1.jpg","width":1200,"height":800,"caption":"Vale (VALE3). Foto: Vale\/Divulga\u00e7\u00e3o"},{"@type":"BreadcrumbList","@id":"https:\/\/www.suno.com.br\/noticias\/vale-vale3-acordo-familias-brumadinho\/#breadcrumb","itemListElement":[{"@type":"ListItem","position":1,"name":"Not\u00edcias","item":"https:\/\/www.suno.com.br\/noticias\/"},{"@type":"ListItem","position":2,"name":"Neg\u00f3cios","item":"https:\/\/www.suno.com.br\/noticias\/negocios\/"},{"@type":"ListItem","position":3,"name":"Vale (VALE3) fecha acordo com ao menos um familiar de cada v\u00edtima em Brumadinho"}]},{"@type":"WebSite","@id":"https:\/\/www.suno.com.br\/noticias\/#website","url":"https:\/\/www.suno.com.br\/noticias\/","name":"Suno Not\u00edcias","description":"Seu portal de informa\u00e7\u00e3o sobre o mundo dos investimentos","publisher":{"@id":"https:\/\/www.suno.com.br\/noticias\/#organization"},"potentialAction":[{"@type":"SearchAction","target":{"@type":"EntryPoint","urlTemplate":"https:\/\/www.suno.com.br\/noticias\/?s={search_term_string}"},"query-input":{"@type":"PropertyValueSpecification","valueRequired":true,"valueName":"search_term_string"}}],"inLanguage":"pt-BR"},{"@type":"Organization","@id":"https:\/\/www.suno.com.br\/noticias\/#organization","name":"Suno Not\u00edcias","url":"https:\/\/www.suno.com.br\/noticias\/","logo":{"@type":"ImageObject","inLanguage":"pt-BR","@id":"https:\/\/www.suno.com.br\/noticias\/#\/schema\/logo\/image\/","url":"https:\/\/files.sunoresearch.com.br\/n\/uploads\/2021\/09\/suno-logo.png","contentUrl":"https:\/\/files.sunoresearch.com.br\/n\/uploads\/2021\/09\/suno-logo.png","width":180,"height":180,"caption":"Suno Not\u00edcias"},"image":{"@id":"https:\/\/www.suno.com.br\/noticias\/#\/schema\/logo\/image\/"},"sameAs":["https:\/\/facebook.com\/sunoresearch","https:\/\/x.com\/sunoresearch","https:\/\/www.instagram.com\/suno","https:\/\/www.linkedin.com\/company\/suno-research\/","https:\/\/www.youtube.com\/c\/sunoresearch"]},{"@type":"Person","@id":"https:\/\/www.suno.com.br\/noticias\/#\/schema\/person\/918d79de1f0281f01599b93f9ea6e23f","name":"Jader Lazarini","image":{"@type":"ImageObject","inLanguage":"pt-BR","@id":"https:\/\/www.suno.com.br\/noticias\/#\/schema\/person\/image\/","url":"https:\/\/secure.gravatar.com\/avatar\/3c1ad8caa51589841baeb923fcddea97?s=96&r=g","contentUrl":"https:\/\/secure.gravatar.com\/avatar\/3c1ad8caa51589841baeb923fcddea97?s=96&r=g","caption":"Jader Lazarini"},"description":"Jader Lazarini escreve sobre investimentos, finan\u00e7as, economia e neg\u00f3cios. \u00c9 bacharel em Rela\u00e7\u00f5es Internacionais e analista CNPI (2619).","url":"https:\/\/www.suno.com.br\/noticias\/author\/jader-lazarini\/"}]}},"default_loop_html":"<div class=\"cardsPage__listCard__boxs\"><div class=\"cardsPage__listCard__boxs__img\"><a href=\"https:\/\/www.suno.com.br\/noticias\/vale-vale3-acordo-familias-brumadinho\/\"><img class=\"mask\" src=\"https:\/\/www.suno.com.br\/noticias\/wp-content\/themes\/suno\/resources\/images\/spotlight\/spotlight1img\/bg-mask.png\" alt=\"Image Mask\"\/><img src=\"https:\/\/files.sunoresearch.com.br\/n\/uploads\/2021\/07\/1553b156-s11d1-400x200.jpg\" alt=\"Vale (VALE3) fecha acordo com ao menos um familiar de cada v\u00edtima em Brumadinho\"\/><\/a><span class=\"spotlightCategory\"><a href=\"https:\/\/www.suno.com.br\/noticias\/negocios\/\">Neg\u00f3cios<\/a><\/span><\/div><div class=\"cardsPage__listCard__boxs__content\"><a href=\"https:\/\/www.suno.com.br\/noticias\/vale-vale3-acordo-familias-brumadinho\/\"><h2 class=\"content__title\">Vale (VALE3) fecha acordo com ao menos um familiar de cada v\u00edtima em Brumadinho<\/h2><\/a><div class=\"newsContent__article__meta\"><div class=\"newsContent__article__meta__authorBox\"><a href=\"https:\/\/www.suno.com.br\/noticias\/author\/jader-lazarini\/\" class=\"authorBox__avatar noMobi\"><img src=\"https:\/\/files.sunoresearch.com.br\/n\/uploads\/2021\/01\/178e6598-foto-perfil-2-150x150.jpg\" alt=\"Jader Lazarini\"><\/a><div class=\"authorBox__name\"><span>por\n\t\t\t<a href=\"https:\/\/www.suno.com.br\/noticias\/author\/jader-lazarini\/\"><span itemprop=\"author\">Jader Lazarini<\/span><\/a><\/span><time datetime=\"2021-10-11T08:38:11-03:00\" itemprop=\"datePublished\">11\/10\/2021 08:38<\/time><\/div><\/div><\/div><\/div><\/div>","single_layout":"posts","amp_enabled":true,"_links":{"self":[{"href":"https:\/\/www.suno.com.br\/noticias\/wp-json\/wp\/v2\/posts\/192652"}],"collection":[{"href":"https:\/\/www.suno.com.br\/noticias\/wp-json\/wp\/v2\/posts"}],"about":[{"href":"https:\/\/www.suno.com.br\/noticias\/wp-json\/wp\/v2\/types\/post"}],"author":[{"embeddable":true,"href":"https:\/\/www.suno.com.br\/noticias\/wp-json\/wp\/v2\/users\/24"}],"replies":[{"embeddable":true,"href":"https:\/\/www.suno.com.br\/noticias\/wp-json\/wp\/v2\/comments?post=192652"}],"version-history":[{"count":2,"href":"https:\/\/www.suno.com.br\/noticias\/wp-json\/wp\/v2\/posts\/192652\/revisions"}],"predecessor-version":[{"id":192658,"href":"https:\/\/www.suno.com.br\/noticias\/wp-json\/wp\/v2\/posts\/192652\/revisions\/192658"}],"wp:featuredmedia":[{"embeddable":true,"href":"https:\/\/www.suno.com.br\/noticias\/wp-json\/wp\/v2\/media\/168041"}],"wp:attachment":[{"href":"https:\/\/www.suno.com.br\/noticias\/wp-json\/wp\/v2\/media?parent=192652"}],"wp:term":[{"taxonomy":"category","embeddable":true,"href":"https:\/\/www.suno.com.br\/noticias\/wp-json\/wp\/v2\/categories?post=192652"},{"taxonomy":"post_tag","embeddable":true,"href":"https:\/\/www.suno.com.br\/noticias\/wp-json\/wp\/v2\/tags?post=192652"},{"taxonomy":"suno_strategy","embeddable":true,"href":"https:\/\/www.suno.com.br\/noticias\/wp-json\/wp\/v2\/suno_strategy?post=192652"}],"curies":[{"name":"wp","href":"https:\/\/api.w.org\/{rel}","templated":true}]}}