{"id":192622,"date":"2021-10-10T17:22:59","date_gmt":"2021-10-10T20:22:59","guid":{"rendered":"https:\/\/www.suno.com.br\/noticias\/?p=192622"},"modified":"2021-10-10T18:01:04","modified_gmt":"2021-10-10T21:01:04","slug":"guedes-mansueto-cotado-substituir-diz-site","status":"publish","type":"post","link":"https:\/\/www.suno.com.br\/noticias\/guedes-mansueto-cotado-substituir-diz-site\/","title":{"rendered":"Citado por ministros, Mansueto \u00e9 cotado para substituir Paulo Guedes, diz site"},"content":{"rendered":"<p>Ex-secret\u00e1rio do <a class=\"suno-keyword\" href=\"https:\/\/www.suno.com.br\/artigos\/tesouro-nacional\/\" target=\"_blank\" rel=\"noopener\" data-force=\"no\" data-priority=\"2\">Tesouro Nacional<\/a> e hoje executivo no banco <a class=\"suno-keyword\" href=\"https:\/\/www.suno.com.br\/acoes\/BPAC11\/\" target=\"_blank\" rel=\"noopener\" data-force=\"yes\" data-priority=\"2\">BTG Pactual (BPAC11)<\/a>, o economista Mansueto Almeida foi citado por integrantes do governo federal como um dos cotados para assumir o minist\u00e9rio da Economia no lugar de <strong>Paulo Guedes<\/strong>, segundo reportagem do site Poder 360 publicada neste domingo (10).<\/p>\t<div class=\"wrapper-featured-image\">\n\t\t<figure class=\"spotlightImg\">\n\n\t\t\t<picture>\n\t\t\t\t<source media=\"(max-width: 768px)\" srcset=\"https:\/\/files.sunoresearch.com.br\/n\/uploads\/2021\/09\/paulo-guedes_mcamgo_abr_220720211818-5-400x200.jpg\">\n\t\t\t\t<img loading=\"lazy\" decoding=\"async\" class=\"newsContent__article__imgCapa lazyloadDisabled \" src=\"https:\/\/files.sunoresearch.com.br\/n\/uploads\/2021\/09\/paulo-guedes_mcamgo_abr_220720211818-5-800x450.jpg\" width=\"800\" height=\"450\" alt=\"Citado por ministros, Mansueto \u00e9 cotado para substituir Paulo Guedes, diz site\" fetchpriority=high \/>\n\t\t\t<\/picture>\n\n\t\t\t<figcaption class=\"wp-caption-text wp-caption-text--show\"> Foto: Marcelo Camargo \/Ag\u00eancia Brasil <\/figcaption>\n\t\t<\/figure>\n\t<\/div>\n\n\n\t<p>\n\t\t<a href=\"https:\/\/lp.suno.com.br\/planilha-controle-gastos\/\" target=\"_blank\" data-element=\"shortcode-suno-banner\" title=\"Banner SUNO, clique e saiba mais\">\n\t\t\t<picture>\n\t\t\t\t<source media=\"(max-width: 500px)\" srcset=\"https:\/\/files.sunoresearch.com.br\/n\/uploads\/2023\/03\/400x300-Planilha-controle-de-gastos.png\">\n\t\t\t\t<img class=\"newsContent__article__imgCapa newsContent__article__imgCapa--banner\"\n\t\t\t\t\tsrc=\"https:\/\/files.sunoresearch.com.br\/n\/uploads\/2023\/03\/1420x240-Planilha-controle-de-gastos.png\"\n\t\t\t\t\tdata-promo-id=\"101751\"\t\t\t\t\t\t\t\t\t\twidth='1420' height='240'\t\t\t\t\talt=\"https:\/\/files.sunoresearch.com.br\/n\/uploads\/2023\/03\/1420x240-Planilha-controle-de-gastos.png\"\n\t\t\t\t>\n\t\t\t<\/picture>\n\t\t<\/a>\n\t<\/p>\n\n\n<p>Mansueto \u00e9 hoje economista-chefe do BTG. De acordo com a mat\u00e9ria do site, o ex-secret\u00e1rio do Tesouro &#8211; que ficou no posto at\u00e9 julho de 2020 &#8211; \u00e9 visto por membros do governo como uma resposta para atenuar a ansiedade do mercado em rela\u00e7\u00e3o \u00e0s incertezas sobre a condu\u00e7\u00e3o de reformas e as contas p\u00fablicas.<\/p>\n<p>Pesam tamb\u00e9m contra Guedes a press\u00e3o inflacion\u00e1ria, a <a class=\"suno-keyword\" href=\"https:\/\/www.suno.com.br\/artigos\/alta-do-dolar\/\" target=\"_blank\" rel=\"noopener\" data-force=\"no\" data-priority=\"1\">alta do d\u00f3lar<\/a>, indefini\u00e7\u00e3o sobre as privatiza\u00e7\u00f5es e a divulga\u00e7\u00e3o, no \u00faltimo domingo (3), de contas do ministro em para\u00edsos fiscais. O desgaste de Guedes seria irrevers\u00edvel, afirma a mat\u00e9ria do site, sem citar nomes de ministros.<\/p>\n\n\t<div data-element=\"shortcode-read-more\" class=\"readToo\">\n\t\t\t\t<span class=\"readToo__title\">Leia mais<\/span>\n\t\t\t\t<ul class=\"readToo__list\">\n\t\t\t<li><a href=\"https:\/\/www.suno.com.br\/noticias\/guedes-recebeu-missao-bolsonaro-lira\/\">Com reformas em pauta, Guedes diz que recebeu &#8220;uma miss\u00e3o&#8221; de Bolsonaro e Lira<\/a><\/li><li><a href=\"https:\/\/www.suno.com.br\/noticias\/paulo-guedes-plano-longo-prazo-privatizar\/\">Guedes: plano para os pr\u00f3ximos 10 anos \u00e9 privatizar Petrobras (PETR4) e BB (BBAS3)<\/a><\/li>\t\t<\/ul>\n\t<\/div>\n\n\n<p><strong>Guedes<\/strong>\u00a0e o presidente do Banco Central,\u00a0<strong>Roberto Campos Neto<\/strong>, depositaram milh\u00f5es de d\u00f3lares em offshores das Ilhas Virgens Brit\u00e2nicas. A revela\u00e7\u00e3o foi feita por ve\u00edculos de imprensa e jornalistas que integram o Cons\u00f3rcio Internacional de Jornalistas Investigativos (ICIJ, na sigla em ingl\u00eas), no megavazamento de documentos batizado de Pandora Papers. O Poder 360 faz parte desse cons\u00f3rcio.<\/p>\n<p>Segundo as reportagens, Paulo Guedes \u00e9 dono da offshore \u2013 ainda ativa \u2013 Dreadnought em que aportou US$ 9,55 milh\u00f5es de d\u00f3lares desde 2014 &#8212; antes, portanto, de se tornar ministro da Economia, cargo que passou a ocupar em janeiro de 2019, no governo Jair Bolsonaro. Em nota, o Minist\u00e9rio da Economia informou que Guedes comunicou sua participa\u00e7\u00e3o na empresa antes de se tornar ministro e desde ent\u00e3o deixou de atuar no mercado.<\/p>\n\t<p>\n\t\t<a href=\"\" target=\"_blank\" data-element=\"shortcode-suno-banner\" title=\"Banner SUNO, clique e saiba mais\">\n\t\t\t<picture>\n\t\t\t\t<source media=\"(max-width: 500px)\" srcset=\"\">\n\t\t\t\t<img class=\"newsContent__article__imgCapa newsContent__article__imgCapa--banner\"\n\t\t\t\t\tsrc=\"\"\n\t\t\t\t\tdata-promo-id=\"89005\"\t\t\t\t\t\t\t\t\t\t\t\t\t\t\talt=\"\"\n\t\t\t\t>\n\t\t\t<\/picture>\n\t\t<\/a>\n\t<\/p>\n\n\n<p>Roberto Campos Neto, por sua vez, chegou a ter US$ 1,09 milh\u00e3o de d\u00f3lares em duas offshores: a ROCN Limited e a Cor Assets S\/A, encerradas em 2016 e em 2020, respectivamente. No caso da Cor Assets, Campos Neto atuou como banqueiro central do Brasil e presidente da offshore durante 15 meses, at\u00e9 o fechamento da empresa registrada no <a class=\"suno-keyword\" href=\"https:\/\/www.suno.com.br\/artigos\/paraiso-fiscal\/\" target=\"_blank\" rel=\"noopener\" data-force=\"no\" data-priority=\"1\">para\u00edso fiscal<\/a>. As opera\u00e7\u00f5es, sustenta Campos Neto, foram declaradas \u00e0 Receita Federal e informadas ao Senado Federal quando de sua sabatina para chefiar o BC.<\/p>\n<p>Mansueto, lembra o site, conhece o presidente Jair Bolsonaro. Ministros teriam reclamado da atua\u00e7\u00e3o de Guedes no comando da pasta e citaram o epis\u00f3dio das offshores como oportunidade para efetivar a mudan\u00e7a no n\u00famero um da equipe econ\u00f4mica.<\/p>\n\t<p>\n\t\t<a href=\"\" target=\"_blank\" data-element=\"shortcode-suno-banner\" title=\"Banner SUNO, clique e saiba mais\">\n\t\t\t<picture>\n\t\t\t\t<source media=\"(max-width: 500px)\" srcset=\"\">\n\t\t\t\t<img class=\"newsContent__article__imgCapa newsContent__article__imgCapa--banner\"\n\t\t\t\t\tsrc=\"\"\n\t\t\t\t\tdata-promo-id=\"77053\"\t\t\t\t\t\t\t\t\t\t\t\t\t\t\talt=\"\"\n\t\t\t\t>\n\t\t\t<\/picture>\n\t\t<\/a>\n\t<\/p>\n\n\n<p>O ministro ter\u00e1 que se explicar \u00e0 Procuradoria-Geral da Rep\u00fablica (PGR) e ao Supremo Tribunal Federal (STF) sobre o caso da sua empresa\u00a0<em>offshore<\/em>.<\/p>\n<figure id=\"attachment_192630\" aria-describedby=\"caption-attachment-192630\" style=\"width: 1024px\" class=\"wp-caption alignnone\"><img loading=\"lazy\" decoding=\"async\" class=\"wp-image-192630 size-large\" src=\"https:\/\/files.sunoresearch.com.br\/n\/uploads\/2021\/10\/mcam27022020-4-1024x613.jpg\" alt=\"Mansueto Almeida: ministros dizem que ele seria resposta ao mercado contra crise Foto: Marcelo Camargo\/Ag\u00eancia Brasil\" width=\"1024\" height=\"613\" srcset=\"https:\/\/files.sunoresearch.com.br\/n\/uploads\/2021\/10\/mcam27022020-4-1024x613.jpg 1024w, https:\/\/files.sunoresearch.com.br\/n\/uploads\/2021\/10\/mcam27022020-4-300x179.jpg 300w, https:\/\/files.sunoresearch.com.br\/n\/uploads\/2021\/10\/mcam27022020-4-768x459.jpg 768w, https:\/\/files.sunoresearch.com.br\/n\/uploads\/2021\/10\/mcam27022020-4-150x90.jpg 150w, https:\/\/files.sunoresearch.com.br\/n\/uploads\/2021\/10\/mcam27022020-4.jpg 1170w\" sizes=\"(max-width: 1024px) 100vw, 1024px\" \/><figcaption id=\"caption-attachment-192630\" class=\"wp-caption-text\">Mansueto, hoje do BTG: ex-secret\u00e1rio do Tesouro \u00e9 visto por membros do governo como resposta para atenuar a ansiedade do mercado sobre a crise. Foto: Marcelo Camargo\/Ag\u00eancia Brasil<\/figcaption><\/figure>\n<h2>Guedes: presidente do BNDES tamb\u00e9m \u00e9 op\u00e7\u00e3o para substituir ministro<\/h2>\n<p>Os advogados de Paulo Guedes devem apresentar um parecer sobre a quest\u00e3o \u00e0s autoridades, explicando que o ministro teria se afastado da gest\u00e3o\u00a0<a href=\"https:\/\/www.suno.com.br\/artigos\/offshore\">da\u00a0<strong><em>offshore<\/em><\/strong><em>\u00a0<\/em>(chamada Dreadnoughts)<\/a>\u00a0no fim de 2018 \u2013 em dezembro, um m\u00eas antes de assumir como ministro.<\/p>\n<p>Em nota oficial, a defesa do\u00a0<strong>ministro<\/strong>\u00a0negou que Guedes tenha atuado de forma a misturar interesses p\u00fablicos com privados.<img decoding=\"async\" class=\" lazyloaded\" src=\"https:\/\/agenciabrasil.ebc.com.br\/ebc.png?id=1423666&amp;o=rss\" data-src=\"https:\/\/agenciabrasil.ebc.com.br\/ebc.png?id=1423666&amp;o=rss\" \/><img decoding=\"async\" class=\" lazyloaded\" src=\"https:\/\/agenciabrasil.ebc.com.br\/ebc.gif?id=1423666&amp;o=rss\" data-src=\"https:\/\/agenciabrasil.ebc.com.br\/ebc.gif?id=1423666&amp;o=rss\" \/><\/p>\n<p>Assinada pelos advogados Ticiano Figueiredo e Pedro Ivo Velloso e enviada pela assessoria de imprensa do\u00a0<strong><a class=\"suno-keyword\" href=\"https:\/\/www.suno.com.br\/artigos\/ministerio-da-economia\/\" target=\"_blank\" rel=\"noopener\" data-force=\"no\" data-priority=\"3\">Minist\u00e9rio da Economia<\/a><\/strong>, a nota informou que os documentos a serem enviados aos dois \u00f3rg\u00e3os mostram n\u00e3o ter havido nenhuma remessa ou retirada de valores para a companhia, que funciona nas Ilhas Virgens Brit\u00e2nicas, desde que Guedes tomou posse como ministro da Economia.<\/p>\n<p>A defesa negou que ele tenha se beneficiado de forma privada de qualquer decis\u00e3o relativa \u00e0\u00a0<a class=\"suno-keyword\" href=\"https:\/\/www.suno.com.br\/artigos\/politica-economica\/\" target=\"_blank\" rel=\"noopener\" data-force=\"no\" data-priority=\"1\">pol\u00edtica econ\u00f4mica<\/a>\u00a0brasileira.<\/p>\n<p>Segundo o comunicado, toda a documenta\u00e7\u00e3o e informa\u00e7\u00e3o pessoal do ministro foi enviada \u00e0 Comiss\u00e3o de \u00c9tica P\u00fablica e aos demais \u00f3rg\u00e3os competentes, no in\u00edcio do mandato. A nota classificou de \u201cila\u00e7\u00f5es e mentiras\u201d as acusa\u00e7\u00f5es de que o ministro tenha usado o cargo para aumentar a fortuna pessoal.<\/p>\n<p><a href=\"https:\/\/lp.suno.com.br\/telegram-noticias\/\" target=\"_blank\" rel=\"noopener\" data-element=\"shortcode-suno-banner\" data-parameter=\"banner-mat-2-https:\/\/lp.suno.com.br\/telegram-noticias\/\"><picture><source srcset=\"https:\/\/files.sunoresearch.com.br\/n\/uploads\/2021\/08\/9241a157-banner-mobile-43-1-400x300.jpg\" media=\"(max-width: 500px)\" data-srcset=\"https:\/\/files.sunoresearch.com.br\/n\/uploads\/2021\/08\/9241a157-banner-mobile-43-1-400x300.jpg\" \/><\/picture><\/a>O texto acrescenta que Guedes juntar\u00e1 todos os documentos necess\u00e1rios para demonstrar que n\u00e3o violou o C\u00f3digo de Conduta da Alta\u00a0<strong>Administra\u00e7\u00e3o Federal<\/strong>\u00a0nem a Lei de Conflitos de Interesses.<\/p>\n<p>Na ter\u00e7a (5), a Comiss\u00e3o de Trabalho, Administra\u00e7\u00e3o e Servi\u00e7o P\u00fablico da C\u00e2mara dos Deputados aprovou convoca\u00e7\u00e3o para que Guedes detalhe a participa\u00e7\u00e3o na offshore.<\/p>\n<p>A Comiss\u00e3o de Assuntos Econ\u00f4micos do Senado aprovou o convite para que\u00a0<strong>Guedes<\/strong>\u00a0e o presidente do\u00a0<strong>Banco Central<\/strong>, que manteve uma offshore no Panam\u00e1 at\u00e9 outubro de 2020, apresentem explica\u00e7\u00f5es.<\/p>\n<p>Na segunda (4), a\u00a0<strong>PGR<\/strong> abriu uma investiga\u00e7\u00e3o preliminar sobre o caso.<\/p>\n<p>Gustavo Montezano, presidente do BNDES (Banco Nacional de <a class=\"suno-keyword\" href=\"https:\/\/www.suno.com.br\/artigos\/desenvolvimento-economico\/\" target=\"_blank\" rel=\"noopener\" data-force=\"no\" data-priority=\"1\">Desenvolvimento Econ\u00f4mico<\/a> e Social), tamb\u00e9m seria outro cotado para substituir Guedes. Bolsonaro n\u00e3o comentou o caso nem saiu em defesa de Guedes. Dois filhos do chefe do executivo, o deputado Eduardo Bolsonaro (PSL-SP) e o senador Fl\u00e1vio Bolsonaro (Patriotas-RJ), isentaram Guedes de culpa no caso das offfshores, lembra a reportagem do site.<\/p>\n<p>Um v\u00eddeo de ministros postado em redes sociais pede a demiss\u00e3o de <strong>Guedes<\/strong> por &#8220;justa causa&#8221;.<\/p>\n\t<p>\n\t\t<a href=\"https:\/\/lp.suno.com.br\/planilha-de-controle-de-investimentos\/\" target=\"_blank\" data-element=\"shortcode-suno-banner\" title=\"Banner SUNO, clique e saiba mais\">\n\t\t\t<picture>\n\t\t\t\t<source media=\"(max-width: 500px)\" srcset=\"https:\/\/files.sunoresearch.com.br\/n\/uploads\/2023\/03\/400x300-Controle-de-Investimentos.png\">\n\t\t\t\t<img class=\"newsContent__article__imgCapa newsContent__article__imgCapa--banner\"\n\t\t\t\t\tsrc=\"https:\/\/files.sunoresearch.com.br\/n\/uploads\/2023\/03\/1420x240-Controle-de-Investimentos.png\"\n\t\t\t\t\tdata-promo-id=\"75934\"\t\t\t\t\t\t\t\t\t\twidth='1420' height='240'\t\t\t\t\talt=\"https:\/\/files.sunoresearch.com.br\/n\/uploads\/2023\/03\/1420x240-Controle-de-Investimentos.png\"\n\t\t\t\t>\n\t\t\t<\/picture>\n\t\t<\/a>\n\t<\/p>\n\n\n<p>&nbsp;<\/p>\n","protected":false},"excerpt":{"rendered":"<p>Ex-secret\u00e1rio do Tesouro Nacional e hoje executivo no banco BTG Pactual (BPAC11), o economista Mansueto Almeida foi citado por integrantes do governo federal como um dos cotados para assumir o minist\u00e9rio da Economia no lugar de Paulo Guedes, segundo reportagem do site Poder 360 publicada neste domingo (10). Paulo Guedes. Foto: Alan Santos\/PR Mansueto \u00e9 [&hellip;]<\/p>\n","protected":false},"author":98,"featured_media":184305,"comment_status":"closed","ping_status":"closed","sticky":false,"template":"","format":"standard","meta":[],"categories":[64],"tags":[51415,796],"suno_strategy":[],"class_list":["post-192622","post","type-post","status-publish","format-standard","has-post-thumbnail","hentry","category-negocios","tag-mansueto-almeida","tag-paulo-guedes"],"yoast_head":"<!-- This site is optimized with the Yoast SEO plugin v24.4 - https:\/\/yoast.com\/wordpress\/plugins\/seo\/ -->\n<title>Citado por ministros, Mansueto pode substituir Paulo Guedes, diz site<\/title>\n<meta name=\"description\" content=\"Ex-secret\u00e1rio do Tesouro e hoje no BTG Pactual (BPAC11), Mansueto Almeida foi citado por membros do governo para substituir Guedes\" \/>\n<meta name=\"robots\" content=\"index, follow, max-snippet:-1, max-image-preview:large, max-video-preview:-1\" \/>\n<link rel=\"canonical\" href=\"https:\/\/www.suno.com.br\/noticias\/guedes-mansueto-cotado-substituir-diz-site\/\" \/>\n<meta property=\"og:locale\" content=\"pt_BR\" \/>\n<meta property=\"og:type\" content=\"article\" \/>\n<meta property=\"og:title\" content=\"Citado por ministros, Mansueto pode substituir Paulo Guedes, diz site\" \/>\n<meta property=\"og:description\" content=\"Ex-secret\u00e1rio do Tesouro e hoje no BTG Pactual (BPAC11), Mansueto Almeida foi citado por membros do governo para substituir Guedes\" \/>\n<meta property=\"og:url\" content=\"https:\/\/www.suno.com.br\/noticias\/guedes-mansueto-cotado-substituir-diz-site\/\" \/>\n<meta property=\"og:site_name\" content=\"Suno Not\u00edcias\" \/>\n<meta property=\"article:publisher\" content=\"https:\/\/facebook.com\/sunoresearch\" \/>\n<meta property=\"og:image\" content=\"https:\/\/files.sunoresearch.com.br\/n\/uploads\/2021\/09\/paulo-guedes_mcamgo_abr_220720211818-5-scaled.jpg\" \/>\n\t<meta property=\"og:image:width\" content=\"2560\" \/>\n\t<meta property=\"og:image:height\" content=\"1707\" \/>\n\t<meta property=\"og:image:type\" content=\"image\/jpeg\" \/>\n<meta name=\"author\" content=\"Marco Ant\u00f4nio Lopes\" \/>\n<meta name=\"twitter:card\" content=\"summary_large_image\" \/>\n<meta name=\"twitter:creator\" content=\"@sunoresearch\" \/>\n<meta name=\"twitter:site\" content=\"@sunoresearch\" \/>\n<meta name=\"twitter:label1\" content=\"Escrito por\" \/>\n\t<meta name=\"twitter:data1\" content=\"Marco Ant\u00f4nio Lopes\" \/>\n\t<meta name=\"twitter:label2\" content=\"Est. tempo de leitura\" \/>\n\t<meta name=\"twitter:data2\" content=\"5 minutos\" \/>\n<script type=\"application\/ld+json\" class=\"yoast-schema-graph\">{\"@context\":\"https:\/\/schema.org\",\"@graph\":[{\"@type\":\"NewsArticle\",\"@id\":\"https:\/\/www.suno.com.br\/noticias\/guedes-mansueto-cotado-substituir-diz-site\/#article\",\"isPartOf\":{\"@id\":\"https:\/\/www.suno.com.br\/noticias\/guedes-mansueto-cotado-substituir-diz-site\/\"},\"author\":{\"name\":\"Marco Ant\u00f4nio Lopes\",\"@id\":\"https:\/\/www.suno.com.br\/noticias\/#\/schema\/person\/829bbe8d57f84333b966b96229c6bf5f\"},\"headline\":\"Citado por ministros, Mansueto \u00e9 cotado para substituir Paulo Guedes, diz site\",\"datePublished\":\"2021-10-10T20:22:59+00:00\",\"dateModified\":\"2021-10-10T21:01:04+00:00\",\"mainEntityOfPage\":{\"@id\":\"https:\/\/www.suno.com.br\/noticias\/guedes-mansueto-cotado-substituir-diz-site\/\"},\"wordCount\":922,\"publisher\":{\"@id\":\"https:\/\/www.suno.com.br\/noticias\/#organization\"},\"image\":{\"@id\":\"https:\/\/www.suno.com.br\/noticias\/guedes-mansueto-cotado-substituir-diz-site\/#primaryimage\"},\"thumbnailUrl\":\"https:\/\/files.sunoresearch.com.br\/n\/uploads\/2021\/09\/paulo-guedes_mcamgo_abr_220720211818-5-scaled.jpg\",\"keywords\":[\"Mansueto Almeida\",\"Paulo Guedes\"],\"articleSection\":[\"Neg\u00f3cios\"],\"inLanguage\":\"pt-BR\"},{\"@type\":\"WebPage\",\"@id\":\"https:\/\/www.suno.com.br\/noticias\/guedes-mansueto-cotado-substituir-diz-site\/\",\"url\":\"https:\/\/www.suno.com.br\/noticias\/guedes-mansueto-cotado-substituir-diz-site\/\",\"name\":\"Citado por ministros, Mansueto pode substituir Paulo Guedes, diz site\",\"isPartOf\":{\"@id\":\"https:\/\/www.suno.com.br\/noticias\/#website\"},\"primaryImageOfPage\":{\"@id\":\"https:\/\/www.suno.com.br\/noticias\/guedes-mansueto-cotado-substituir-diz-site\/#primaryimage\"},\"image\":{\"@id\":\"https:\/\/www.suno.com.br\/noticias\/guedes-mansueto-cotado-substituir-diz-site\/#primaryimage\"},\"thumbnailUrl\":\"https:\/\/files.sunoresearch.com.br\/n\/uploads\/2021\/09\/paulo-guedes_mcamgo_abr_220720211818-5-scaled.jpg\",\"datePublished\":\"2021-10-10T20:22:59+00:00\",\"dateModified\":\"2021-10-10T21:01:04+00:00\",\"description\":\"Ex-secret\u00e1rio do Tesouro e hoje no BTG Pactual (BPAC11), Mansueto Almeida foi citado por membros do governo para substituir Guedes\",\"breadcrumb\":{\"@id\":\"https:\/\/www.suno.com.br\/noticias\/guedes-mansueto-cotado-substituir-diz-site\/#breadcrumb\"},\"inLanguage\":\"pt-BR\",\"potentialAction\":[{\"@type\":\"ReadAction\",\"target\":[\"https:\/\/www.suno.com.br\/noticias\/guedes-mansueto-cotado-substituir-diz-site\/\"]}]},{\"@type\":\"ImageObject\",\"inLanguage\":\"pt-BR\",\"@id\":\"https:\/\/www.suno.com.br\/noticias\/guedes-mansueto-cotado-substituir-diz-site\/#primaryimage\",\"url\":\"https:\/\/files.sunoresearch.com.br\/n\/uploads\/2021\/09\/paulo-guedes_mcamgo_abr_220720211818-5-scaled.jpg\",\"contentUrl\":\"https:\/\/files.sunoresearch.com.br\/n\/uploads\/2021\/09\/paulo-guedes_mcamgo_abr_220720211818-5-scaled.jpg\",\"width\":2560,\"height\":1707,\"caption\":\"Foto: Marcelo Camargo \/Ag\u00eancia Brasil\"},{\"@type\":\"BreadcrumbList\",\"@id\":\"https:\/\/www.suno.com.br\/noticias\/guedes-mansueto-cotado-substituir-diz-site\/#breadcrumb\",\"itemListElement\":[{\"@type\":\"ListItem\",\"position\":1,\"name\":\"Not\u00edcias\",\"item\":\"https:\/\/www.suno.com.br\/noticias\/\"},{\"@type\":\"ListItem\",\"position\":2,\"name\":\"Neg\u00f3cios\",\"item\":\"https:\/\/www.suno.com.br\/noticias\/negocios\/\"},{\"@type\":\"ListItem\",\"position\":3,\"name\":\"Citado por ministros, Mansueto \u00e9 cotado para substituir Paulo Guedes, diz site\"}]},{\"@type\":\"WebSite\",\"@id\":\"https:\/\/www.suno.com.br\/noticias\/#website\",\"url\":\"https:\/\/www.suno.com.br\/noticias\/\",\"name\":\"Suno Not\u00edcias\",\"description\":\"Seu portal de informa\u00e7\u00e3o sobre o mundo dos investimentos\",\"publisher\":{\"@id\":\"https:\/\/www.suno.com.br\/noticias\/#organization\"},\"potentialAction\":[{\"@type\":\"SearchAction\",\"target\":{\"@type\":\"EntryPoint\",\"urlTemplate\":\"https:\/\/www.suno.com.br\/noticias\/?s={search_term_string}\"},\"query-input\":{\"@type\":\"PropertyValueSpecification\",\"valueRequired\":true,\"valueName\":\"search_term_string\"}}],\"inLanguage\":\"pt-BR\"},{\"@type\":\"Organization\",\"@id\":\"https:\/\/www.suno.com.br\/noticias\/#organization\",\"name\":\"Suno Not\u00edcias\",\"url\":\"https:\/\/www.suno.com.br\/noticias\/\",\"logo\":{\"@type\":\"ImageObject\",\"inLanguage\":\"pt-BR\",\"@id\":\"https:\/\/www.suno.com.br\/noticias\/#\/schema\/logo\/image\/\",\"url\":\"https:\/\/files.sunoresearch.com.br\/n\/uploads\/2021\/09\/suno-logo.png\",\"contentUrl\":\"https:\/\/files.sunoresearch.com.br\/n\/uploads\/2021\/09\/suno-logo.png\",\"width\":180,\"height\":180,\"caption\":\"Suno Not\u00edcias\"},\"image\":{\"@id\":\"https:\/\/www.suno.com.br\/noticias\/#\/schema\/logo\/image\/\"},\"sameAs\":[\"https:\/\/facebook.com\/sunoresearch\",\"https:\/\/x.com\/sunoresearch\",\"https:\/\/www.instagram.com\/suno\",\"https:\/\/www.linkedin.com\/company\/suno-research\/\",\"https:\/\/www.youtube.com\/c\/sunoresearch\"]},{\"@type\":\"Person\",\"@id\":\"https:\/\/www.suno.com.br\/noticias\/#\/schema\/person\/829bbe8d57f84333b966b96229c6bf5f\",\"name\":\"Marco Ant\u00f4nio Lopes\",\"image\":{\"@type\":\"ImageObject\",\"inLanguage\":\"pt-BR\",\"@id\":\"https:\/\/www.suno.com.br\/noticias\/#\/schema\/person\/image\/\",\"url\":\"https:\/\/secure.gravatar.com\/avatar\/385167b012fbc1cde32c5446ee253313?s=96&r=g\",\"contentUrl\":\"https:\/\/secure.gravatar.com\/avatar\/385167b012fbc1cde32c5446ee253313?s=96&r=g\",\"caption\":\"Marco Ant\u00f4nio Lopes\"},\"description\":\"Jornalista, \u00e9 editor no Suno Not\u00edcias. Trabalhou nas revistas Playboy, Super, Veja Comer &amp; Beber, Homem Vogue e Universo Masculino, al\u00e9m dos portais Abril.com, R7, nas editorias de Home, Esportes, Hora 7, Entretenimento e Geral, e Eu Quero Investir. Autor do livro Bruce Lee: Definitivo (Editora Conrad). Colaborou nas revistas Nova, Veja SP, Grandes Guerras, Placar, Bizz, Casa Claudia e Quatro Rodas.\",\"url\":\"https:\/\/www.suno.com.br\/noticias\/author\/marco-lopes\/\"}]}<\/script>\n<!-- \/ Yoast SEO plugin. -->","yoast_head_json":{"title":"Citado por ministros, Mansueto pode substituir Paulo Guedes, diz site","description":"Ex-secret\u00e1rio do Tesouro e hoje no BTG Pactual (BPAC11), Mansueto Almeida foi citado por membros do governo para substituir Guedes","robots":{"index":"index","follow":"follow","max-snippet":"max-snippet:-1","max-image-preview":"max-image-preview:large","max-video-preview":"max-video-preview:-1"},"canonical":"https:\/\/www.suno.com.br\/noticias\/guedes-mansueto-cotado-substituir-diz-site\/","og_locale":"pt_BR","og_type":"article","og_title":"Citado por ministros, Mansueto pode substituir Paulo Guedes, diz site","og_description":"Ex-secret\u00e1rio do Tesouro e hoje no BTG Pactual (BPAC11), Mansueto Almeida foi citado por membros do governo para substituir Guedes","og_url":"https:\/\/www.suno.com.br\/noticias\/guedes-mansueto-cotado-substituir-diz-site\/","og_site_name":"Suno Not\u00edcias","article_publisher":"https:\/\/facebook.com\/sunoresearch","og_image":[{"width":2560,"height":1707,"url":"https:\/\/files.sunoresearch.com.br\/n\/uploads\/2021\/09\/paulo-guedes_mcamgo_abr_220720211818-5-scaled.jpg","type":"image\/jpeg"}],"author":"Marco Ant\u00f4nio Lopes","twitter_card":"summary_large_image","twitter_creator":"@sunoresearch","twitter_site":"@sunoresearch","twitter_misc":{"Escrito por":"Marco Ant\u00f4nio Lopes","Est. tempo de leitura":"5 minutos"},"schema":{"@context":"https:\/\/schema.org","@graph":[{"@type":"NewsArticle","@id":"https:\/\/www.suno.com.br\/noticias\/guedes-mansueto-cotado-substituir-diz-site\/#article","isPartOf":{"@id":"https:\/\/www.suno.com.br\/noticias\/guedes-mansueto-cotado-substituir-diz-site\/"},"author":{"name":"Marco Ant\u00f4nio Lopes","@id":"https:\/\/www.suno.com.br\/noticias\/#\/schema\/person\/829bbe8d57f84333b966b96229c6bf5f"},"headline":"Citado por ministros, Mansueto \u00e9 cotado para substituir Paulo Guedes, diz site","datePublished":"2021-10-10T20:22:59+00:00","dateModified":"2021-10-10T21:01:04+00:00","mainEntityOfPage":{"@id":"https:\/\/www.suno.com.br\/noticias\/guedes-mansueto-cotado-substituir-diz-site\/"},"wordCount":922,"publisher":{"@id":"https:\/\/www.suno.com.br\/noticias\/#organization"},"image":{"@id":"https:\/\/www.suno.com.br\/noticias\/guedes-mansueto-cotado-substituir-diz-site\/#primaryimage"},"thumbnailUrl":"https:\/\/files.sunoresearch.com.br\/n\/uploads\/2021\/09\/paulo-guedes_mcamgo_abr_220720211818-5-scaled.jpg","keywords":["Mansueto Almeida","Paulo Guedes"],"articleSection":["Neg\u00f3cios"],"inLanguage":"pt-BR"},{"@type":"WebPage","@id":"https:\/\/www.suno.com.br\/noticias\/guedes-mansueto-cotado-substituir-diz-site\/","url":"https:\/\/www.suno.com.br\/noticias\/guedes-mansueto-cotado-substituir-diz-site\/","name":"Citado por ministros, Mansueto pode substituir Paulo Guedes, diz site","isPartOf":{"@id":"https:\/\/www.suno.com.br\/noticias\/#website"},"primaryImageOfPage":{"@id":"https:\/\/www.suno.com.br\/noticias\/guedes-mansueto-cotado-substituir-diz-site\/#primaryimage"},"image":{"@id":"https:\/\/www.suno.com.br\/noticias\/guedes-mansueto-cotado-substituir-diz-site\/#primaryimage"},"thumbnailUrl":"https:\/\/files.sunoresearch.com.br\/n\/uploads\/2021\/09\/paulo-guedes_mcamgo_abr_220720211818-5-scaled.jpg","datePublished":"2021-10-10T20:22:59+00:00","dateModified":"2021-10-10T21:01:04+00:00","description":"Ex-secret\u00e1rio do Tesouro e hoje no BTG Pactual (BPAC11), Mansueto Almeida foi citado por membros do governo para substituir Guedes","breadcrumb":{"@id":"https:\/\/www.suno.com.br\/noticias\/guedes-mansueto-cotado-substituir-diz-site\/#breadcrumb"},"inLanguage":"pt-BR","potentialAction":[{"@type":"ReadAction","target":["https:\/\/www.suno.com.br\/noticias\/guedes-mansueto-cotado-substituir-diz-site\/"]}]},{"@type":"ImageObject","inLanguage":"pt-BR","@id":"https:\/\/www.suno.com.br\/noticias\/guedes-mansueto-cotado-substituir-diz-site\/#primaryimage","url":"https:\/\/files.sunoresearch.com.br\/n\/uploads\/2021\/09\/paulo-guedes_mcamgo_abr_220720211818-5-scaled.jpg","contentUrl":"https:\/\/files.sunoresearch.com.br\/n\/uploads\/2021\/09\/paulo-guedes_mcamgo_abr_220720211818-5-scaled.jpg","width":2560,"height":1707,"caption":"Foto: Marcelo Camargo \/Ag\u00eancia Brasil"},{"@type":"BreadcrumbList","@id":"https:\/\/www.suno.com.br\/noticias\/guedes-mansueto-cotado-substituir-diz-site\/#breadcrumb","itemListElement":[{"@type":"ListItem","position":1,"name":"Not\u00edcias","item":"https:\/\/www.suno.com.br\/noticias\/"},{"@type":"ListItem","position":2,"name":"Neg\u00f3cios","item":"https:\/\/www.suno.com.br\/noticias\/negocios\/"},{"@type":"ListItem","position":3,"name":"Citado por ministros, Mansueto \u00e9 cotado para substituir Paulo Guedes, diz site"}]},{"@type":"WebSite","@id":"https:\/\/www.suno.com.br\/noticias\/#website","url":"https:\/\/www.suno.com.br\/noticias\/","name":"Suno Not\u00edcias","description":"Seu portal de informa\u00e7\u00e3o sobre o mundo dos investimentos","publisher":{"@id":"https:\/\/www.suno.com.br\/noticias\/#organization"},"potentialAction":[{"@type":"SearchAction","target":{"@type":"EntryPoint","urlTemplate":"https:\/\/www.suno.com.br\/noticias\/?s={search_term_string}"},"query-input":{"@type":"PropertyValueSpecification","valueRequired":true,"valueName":"search_term_string"}}],"inLanguage":"pt-BR"},{"@type":"Organization","@id":"https:\/\/www.suno.com.br\/noticias\/#organization","name":"Suno Not\u00edcias","url":"https:\/\/www.suno.com.br\/noticias\/","logo":{"@type":"ImageObject","inLanguage":"pt-BR","@id":"https:\/\/www.suno.com.br\/noticias\/#\/schema\/logo\/image\/","url":"https:\/\/files.sunoresearch.com.br\/n\/uploads\/2021\/09\/suno-logo.png","contentUrl":"https:\/\/files.sunoresearch.com.br\/n\/uploads\/2021\/09\/suno-logo.png","width":180,"height":180,"caption":"Suno Not\u00edcias"},"image":{"@id":"https:\/\/www.suno.com.br\/noticias\/#\/schema\/logo\/image\/"},"sameAs":["https:\/\/facebook.com\/sunoresearch","https:\/\/x.com\/sunoresearch","https:\/\/www.instagram.com\/suno","https:\/\/www.linkedin.com\/company\/suno-research\/","https:\/\/www.youtube.com\/c\/sunoresearch"]},{"@type":"Person","@id":"https:\/\/www.suno.com.br\/noticias\/#\/schema\/person\/829bbe8d57f84333b966b96229c6bf5f","name":"Marco Ant\u00f4nio Lopes","image":{"@type":"ImageObject","inLanguage":"pt-BR","@id":"https:\/\/www.suno.com.br\/noticias\/#\/schema\/person\/image\/","url":"https:\/\/secure.gravatar.com\/avatar\/385167b012fbc1cde32c5446ee253313?s=96&r=g","contentUrl":"https:\/\/secure.gravatar.com\/avatar\/385167b012fbc1cde32c5446ee253313?s=96&r=g","caption":"Marco Ant\u00f4nio Lopes"},"description":"Jornalista, \u00e9 editor no Suno Not\u00edcias. Trabalhou nas revistas Playboy, Super, Veja Comer &amp; Beber, Homem Vogue e Universo Masculino, al\u00e9m dos portais Abril.com, R7, nas editorias de Home, Esportes, Hora 7, Entretenimento e Geral, e Eu Quero Investir. Autor do livro Bruce Lee: Definitivo (Editora Conrad). Colaborou nas revistas Nova, Veja SP, Grandes Guerras, Placar, Bizz, Casa Claudia e Quatro Rodas.","url":"https:\/\/www.suno.com.br\/noticias\/author\/marco-lopes\/"}]}},"default_loop_html":"<div class=\"cardsPage__listCard__boxs\"><div class=\"cardsPage__listCard__boxs__img\"><a href=\"https:\/\/www.suno.com.br\/noticias\/paulo-guedes-plano-longo-prazo-privatizar\/\"><img class=\"mask\" src=\"https:\/\/www.suno.com.br\/noticias\/wp-content\/themes\/suno\/resources\/images\/spotlight\/spotlight1img\/bg-mask.png\" alt=\"Image Mask\"\/><img src=\"https:\/\/files.sunoresearch.com.br\/n\/uploads\/2021\/04\/be0f29b8-ministro-de-estado-da-economia-paulo-roberto-nunes-guedes.-400x200.webp\" alt=\"Guedes: plano para os pr\u00f3ximos 10 anos \u00e9 privatizar Petrobras (PETR4) e BB (BBAS3)\"\/><\/a><span class=\"spotlightCategory\"><a href=\"https:\/\/www.suno.com.br\/noticias\/economia\/\">Economia<\/a><\/span><\/div><div class=\"cardsPage__listCard__boxs__content\"><a href=\"https:\/\/www.suno.com.br\/noticias\/paulo-guedes-plano-longo-prazo-privatizar\/\"><h2 class=\"content__title\">Guedes: plano para os pr\u00f3ximos 10 anos \u00e9 privatizar Petrobras (PETR4) e BB (BBAS3)<\/h2><\/a><div class=\"newsContent__article__meta\"><div class=\"newsContent__article__meta__authorBox\"><a href=\"https:\/\/www.suno.com.br\/noticias\/author\/bruno-garcia\/\" class=\"authorBox__avatar noMobi\"><img src=\"https:\/\/secure.gravatar.com\/avatar\/53598df0b41c00f12f287a912d0e918e?s=96&#038;r=g\" alt=\"Bruno Galv\u00e3o\"><\/a><div class=\"authorBox__name\"><span>por\n\t\t\t<a href=\"https:\/\/www.suno.com.br\/noticias\/author\/bruno-garcia\/\"><span itemprop=\"author\">Bruno Galv\u00e3o<\/span><\/a><\/span><time datetime=\"2021-09-27T16:43:35-03:00\" itemprop=\"datePublished\">27\/09\/2021 16:43<\/time><\/div><\/div><\/div><\/div><\/div>","single_layout":"posts","amp_enabled":true,"_links":{"self":[{"href":"https:\/\/www.suno.com.br\/noticias\/wp-json\/wp\/v2\/posts\/192622"}],"collection":[{"href":"https:\/\/www.suno.com.br\/noticias\/wp-json\/wp\/v2\/posts"}],"about":[{"href":"https:\/\/www.suno.com.br\/noticias\/wp-json\/wp\/v2\/types\/post"}],"author":[{"embeddable":true,"href":"https:\/\/www.suno.com.br\/noticias\/wp-json\/wp\/v2\/users\/98"}],"replies":[{"embeddable":true,"href":"https:\/\/www.suno.com.br\/noticias\/wp-json\/wp\/v2\/comments?post=192622"}],"version-history":[{"count":3,"href":"https:\/\/www.suno.com.br\/noticias\/wp-json\/wp\/v2\/posts\/192622\/revisions"}],"predecessor-version":[{"id":192633,"href":"https:\/\/www.suno.com.br\/noticias\/wp-json\/wp\/v2\/posts\/192622\/revisions\/192633"}],"wp:featuredmedia":[{"embeddable":true,"href":"https:\/\/www.suno.com.br\/noticias\/wp-json\/wp\/v2\/media\/184305"}],"wp:attachment":[{"href":"https:\/\/www.suno.com.br\/noticias\/wp-json\/wp\/v2\/media?parent=192622"}],"wp:term":[{"taxonomy":"category","embeddable":true,"href":"https:\/\/www.suno.com.br\/noticias\/wp-json\/wp\/v2\/categories?post=192622"},{"taxonomy":"post_tag","embeddable":true,"href":"https:\/\/www.suno.com.br\/noticias\/wp-json\/wp\/v2\/tags?post=192622"},{"taxonomy":"suno_strategy","embeddable":true,"href":"https:\/\/www.suno.com.br\/noticias\/wp-json\/wp\/v2\/suno_strategy?post=192622"}],"curies":[{"name":"wp","href":"https:\/\/api.w.org\/{rel}","templated":true}]}}