{"id":192546,"date":"2021-10-09T14:38:22","date_gmt":"2021-10-09T17:38:22","guid":{"rendered":"https:\/\/www.suno.com.br\/noticias\/?p=192546"},"modified":"2021-10-09T14:38:22","modified_gmt":"2021-10-09T17:38:22","slug":"toffoli-arquiva-investigacao-paulo-guedes-campos-neto-offshores","status":"publish","type":"post","link":"https:\/\/www.suno.com.br\/noticias\/toffoli-arquiva-investigacao-paulo-guedes-campos-neto-offshores\/","title":{"rendered":"Toffoli arquiva pedidos de investiga\u00e7\u00e3o de Paulo Guedes e Campos Neto sobre offshores"},"content":{"rendered":"<p>Os pedidos de investiga\u00e7\u00e3o contra o ministro da Economia, <strong><a class=\"suno-keyword\" href=\"https:\/\/www.suno.com.br\/tudo-sobre\/paulo-guedes\/\" target=\"_blank\" rel=\"noopener\" data-force=\"no\" data-priority=\"2\">Paulo Guedes<\/a><\/strong>, e o presidente do Banco Central (BC), <a href=\"https:\/\/www.suno.com.br\/tudo-sobre\/roberto-campos-neto\/\">Roberto Campos Neto<\/a>, sobre companhias existentes no nome dos dois em offshores &#8211;<a href=\"https:\/\/www.suno.com.br\/artigos\/paraiso-fiscal\/\"> para\u00edsos fiscais<\/a>, foi arquivado ap\u00f3s decis\u00e3o do ministro do Supremo Tribunal Federal (STF) Dias Toffoli. Os neg\u00f3cios dos dois principais membros da equipe econ\u00f4mica foram divulgados pelo Cons\u00f3rcio Internacional de Jornalistas Investigativos conhecido como Pandora Papers.<\/p>\t<div class=\"wrapper-featured-image\">\n\t\t<figure class=\"spotlightImg\">\n\n\t\t\t<picture>\n\t\t\t\t<source media=\"(max-width: 768px)\" srcset=\"https:\/\/files.sunoresearch.com.br\/n\/uploads\/2021\/04\/53fbcfe4-economia_1202200243-1-400x200.webp\">\n\t\t\t\t<img loading=\"lazy\" decoding=\"async\" class=\"newsContent__article__imgCapa lazyloadDisabled \" src=\"https:\/\/files.sunoresearch.com.br\/n\/uploads\/2021\/04\/53fbcfe4-economia_1202200243-1-800x450.webp\" width=\"800\" height=\"450\" alt=\"Toffoli arquiva pedidos de investiga\u00e7\u00e3o de Paulo Guedes e Campos Neto sobre offshores\" fetchpriority=high \/>\n\t\t\t<\/picture>\n\n\t\t\t<figcaption class=\"wp-caption-text wp-caption-text--show\">Paulo Guedes - Foto: Wilson Dias\/Ag\u00eancia Brasil<\/figcaption>\n\t\t<\/figure>\n\t<\/div>\n\n\n\t<p>\n\t\t<a href=\"https:\/\/lp.suno.com.br\/planilha-controle-gastos\/\" target=\"_blank\" data-element=\"shortcode-suno-banner\" title=\"Banner SUNO, clique e saiba mais\">\n\t\t\t<picture>\n\t\t\t\t<source media=\"(max-width: 500px)\" srcset=\"https:\/\/files.sunoresearch.com.br\/n\/uploads\/2023\/03\/400x300-Planilha-controle-de-gastos.png\">\n\t\t\t\t<img class=\"newsContent__article__imgCapa newsContent__article__imgCapa--banner\"\n\t\t\t\t\tsrc=\"https:\/\/files.sunoresearch.com.br\/n\/uploads\/2023\/03\/1420x240-Planilha-controle-de-gastos.png\"\n\t\t\t\t\tdata-promo-id=\"101751\"\t\t\t\t\t\t\t\t\t\twidth='1420' height='240'\t\t\t\t\talt=\"https:\/\/files.sunoresearch.com.br\/n\/uploads\/2023\/03\/1420x240-Planilha-controle-de-gastos.png\"\n\t\t\t\t>\n\t\t\t<\/picture>\n\t\t<\/a>\n\t<\/p>\n\n\n<p><strong>Campos<\/strong> <strong>Neto<\/strong> e Paulo Guedes ou suas defesas j\u00e1 foram a p\u00fablico dizer que n\u00e3o est\u00e3o em situa\u00e7\u00e3o de irregularidade e que a exist\u00eancia das empresas no exterior foi informada aos \u00f3rg\u00e3os competentes &#8211; no caso, a <strong>Receita Federal<\/strong> e o pr\u00f3prio <strong>BC<\/strong>. O pedido de abertura de uma investiga\u00e7\u00e3o partiu do senador Randolfe Rodrigues (Rede-AP) e do PDT. Um processo separado com um pedido similar foi aberto pela Associa\u00e7\u00e3o Brasileira de Economistas pela Democracia (Abed).<\/p>\n<p>O desejo era o de que a Suprema Corte requisitasse ao procurador-geral da Rep\u00fablica, Augusto Aras, a abertura das investiga\u00e7\u00f5es. Nos documentos sobre o caso (um sobre Guedes e outro sobre Campos Neto), <strong>Toffoli<\/strong> escreveu que &#8220;a Procuradoria-Geral da Rep\u00fablica, det\u00e9m, privativamente, a atribui\u00e7\u00e3o de promover a a\u00e7\u00e3o penal p\u00fablica em face dos alegados crimes praticados por autoridades com foro por prerrogativa de fun\u00e7\u00e3o, caso de ministros de Estado&#8221;.<\/p>\n\t<p>\n\t\t<a href=\"https:\/\/lp.suno.com.br\/planilha-da-vida-financeira\/\" target=\"_blank\" data-element=\"shortcode-suno-banner\" title=\"Banner SUNO, clique e saiba mais\">\n\t\t\t<picture>\n\t\t\t\t<source media=\"(max-width: 500px)\" srcset=\"https:\/\/files.sunoresearch.com.br\/n\/uploads\/2023\/04\/400x300-Planilha-vida-financeira-true.png\">\n\t\t\t\t<img class=\"newsContent__article__imgCapa newsContent__article__imgCapa--banner\"\n\t\t\t\t\tsrc=\"https:\/\/files.sunoresearch.com.br\/n\/uploads\/2023\/04\/1420x240-Planilha-vida-financeira-true.png\"\n\t\t\t\t\tdata-promo-id=\"106682\"\t\t\t\t\t\t\t\t\t\twidth='1420' height='240'\t\t\t\t\talt=\"https:\/\/files.sunoresearch.com.br\/n\/uploads\/2023\/04\/1420x240-Planilha-vida-financeira-true.png\"\n\t\t\t\t>\n\t\t\t<\/picture>\n\t\t<\/a>\n\t<\/p>\n\n\n<p>Assim, para o ministro, esta \u00e9 uma &#8220;atribui\u00e7\u00e3o exclusiva&#8221; da PGR e que &#8220;tampouco cabe ao Judici\u00e1rio que &#8216;solicite a abertura de investiga\u00e7\u00e3o'&#8221;. Toffoli escreveu ainda que n\u00e3o cabe ao <strong>STF<\/strong> exercer ju\u00edzo de valor sobre fatos &#8220;alegadamente criminosos&#8221;. &#8220;N\u00e3o h\u00e1 como o Judici\u00e1rio substituir a atividade&#8221;, apontou num trecho dos documentos.<\/p>\n<p>Os despachos salientam que os requerentes podem &#8220;apresentar a not\u00edcia crime&#8221; contra o ministro e o presidente do BC &#8220;diretamente \u00e0 Procuradoria-Geral da Rep\u00fablica, n\u00e3o cabendo ao Judici\u00e1rio imiscuir-se na atua\u00e7\u00e3o daquele \u00f3rg\u00e3o ou substituir o cidad\u00e3o nesse encaminhamento.&#8221; Aras determinou no in\u00edcio da semana a abertura de uma &#8220;investiga\u00e7\u00e3o preliminar&#8221; sobre o caso.<\/p>\n\t<p>\n\t\t<a href=\"https:\/\/lp.suno.com.br\/ebook-como-analisar-uma-acao\/\" target=\"_blank\" data-element=\"shortcode-suno-banner\" title=\"Banner SUNO, clique e saiba mais\">\n\t\t\t<picture>\n\t\t\t\t<source media=\"(max-width: 500px)\" srcset=\"https:\/\/files.sunoresearch.com.br\/n\/uploads\/2023\/03\/Ebook-Acoes-Mobile-1.jpg\">\n\t\t\t\t<img class=\"newsContent__article__imgCapa newsContent__article__imgCapa--banner\"\n\t\t\t\t\tsrc=\"https:\/\/files.sunoresearch.com.br\/n\/uploads\/2023\/03\/Ebook-Acoes-Desktop-1.jpg\"\n\t\t\t\t\tdata-promo-id=\"171998\"\t\t\t\t\t\t\t\t\t\twidth='1420' height='286'\t\t\t\t\talt=\"https:\/\/files.sunoresearch.com.br\/n\/uploads\/2023\/03\/Ebook-Acoes-Desktop-1.jpg\"\n\t\t\t\t>\n\t\t\t<\/picture>\n\t\t<\/a>\n\t<\/p>\n\n\n<h2>Paulo Guedes disse que perdeu dinheiro quando entrou para o governo<\/h2>\n<p>Ainda que a legisla\u00e7\u00e3o brasileira permita a exist\u00eancia de investimentos fora do Pa\u00eds, \u00e9 clara ao proibir que n\u00e3o pode haver conflitos de interesses privados no caso de exerc\u00edcio de fun\u00e7\u00e3o p\u00fablica. Ontem, em live com investidores, o ministro da Economia comentou espontaneamente sobre o caso pela primeira vez e disse que perdeu dinheiro quando entrou para o governo, afirma\u00e7\u00e3o que j\u00e1 fez algumas vezes no passado a jornalistas antes do Pandora Papers vir \u00e0 tona.<\/p>\n\t<div data-element=\"shortcode-read-more\" class=\"knowMore\">\n\t\t\t\t<span class=\"knowMore__title\">Veja tamb\u00e9m<\/span>\n\t\t\t\t<a class=\"knowMore__link\" href=\"https:\/\/www.suno.com.br\/noticias\/paulo-guedes-ministro-economia-explicacoes-stf-pgr-offshore\/\">\n\t\t\tPaulo Guedes ter\u00e1 que esclarecer caso da offshore ao STF e \u00e0 PGR\t\t<\/a>\n\t<\/div>\n\n\n<p>&#8220;As <strong>offshores<\/strong> s\u00e3o legais, foram declaradas, n\u00e3o houve movimenta\u00e7\u00e3o para trazer dinheiro do exterior, nem envio de dinheiro para o exterior desde que eu enviei o dinheiro, em 2014 ou 2015&#8243;, disse Guedes ontem. &#8220;Perdi muito dinheiro vindo aqui (governo), exatamente para evitar problemas. Tudo que estava nas minhas m\u00e3os eu vendi a pre\u00e7o de investimento. Perdi muito mais do que o valor dessa companhia que est\u00e1 declarada no exterior. Ningu\u00e9m fez nada de errado. Qualquer dinheiro que esteja l\u00e1 tem gestores independentes, em jurisdi\u00e7\u00f5es que n\u00e3o t\u00eam influ\u00eancia de minhas a\u00e7\u00f5es&#8221;, continuou Guedes.<\/p>\n\t<p>\n\t\t<a href=\"https:\/\/lp.suno.com.br\/planilha-de-controle-de-investimentos\/\" target=\"_blank\" data-element=\"shortcode-suno-banner\" title=\"Banner SUNO, clique e saiba mais\">\n\t\t\t<picture>\n\t\t\t\t<source media=\"(max-width: 500px)\" srcset=\"https:\/\/files.sunoresearch.com.br\/n\/uploads\/2023\/03\/400x300-Controle-de-Investimentos.png\">\n\t\t\t\t<img class=\"newsContent__article__imgCapa newsContent__article__imgCapa--banner\"\n\t\t\t\t\tsrc=\"https:\/\/files.sunoresearch.com.br\/n\/uploads\/2023\/03\/1420x240-Controle-de-Investimentos.png\"\n\t\t\t\t\tdata-promo-id=\"75934\"\t\t\t\t\t\t\t\t\t\twidth='1420' height='240'\t\t\t\t\talt=\"https:\/\/files.sunoresearch.com.br\/n\/uploads\/2023\/03\/1420x240-Controle-de-Investimentos.png\"\n\t\t\t\t>\n\t\t\t<\/picture>\n\t\t<\/a>\n\t<\/p>\n\n\n<p>Depois da decis\u00e3o do STF, sua defesa enviou uma nota \u00e0 imprensa dizendo que o arquivamento da a\u00e7\u00e3o perante o STF &#8220;\u00e9 mais uma demonstra\u00e7\u00e3o inequ\u00edvoca de que n\u00e3o h\u00e1 ilegalidade em manter um ve\u00edculo de investimento no exterior&#8221;. Os advogados do ministro tamb\u00e9m ressaltaram que tudo foi declarado \u00e0 Receita e demais \u00f3rg\u00e3os competentes, muito antes de Guedes ingressar no governo. &#8220;Os documentos apresentados pela defesa \u00e0 PGR demonstram de forma clara que o ministro se afastou da gest\u00e3o da empresa e que jamais se beneficiou, de qualquer forma, do cargo que ocupa, seguindo, sempre, as determina\u00e7\u00f5es da Comiss\u00e3o de \u00c9tica P\u00fablica, do C\u00f3digo de Conduta da Alta Administra\u00e7\u00e3o Federal e da Lei de Conflito de Interesses.&#8221;<\/p>\n<p>Apesar disso, <strong>Paulo Guedes<\/strong> foi convocado pela C\u00e2mara dos Deputados a dar satisfa\u00e7\u00f5es sobre o caso no plen\u00e1rio. A derrota do governo foi grande, j\u00e1 que a aprova\u00e7\u00e3o contou com 310 votos pelo chamamento &#8211; 142 contra. Como se trata de uma convoca\u00e7\u00e3o, e n\u00e3o um convite, o ministro ser\u00e1 obrigado a prestar esclarecimentos numa audi\u00eancia, que ainda n\u00e3o teve uma data definida. A aus\u00eancia sem justificativa seria crime de responsabilidade. O presidente do BC n\u00e3o se pronunciou at\u00e9 o momento.<\/p>\n<p><em>Com informa\u00e7\u00f5es do Estad\u00e3o Conte\u00fado<\/em><\/p>\n\t<p>\n\t\t<a href=\"\" target=\"_blank\" data-element=\"shortcode-suno-banner\" title=\"Banner SUNO, clique e saiba mais\">\n\t\t\t<picture>\n\t\t\t\t<source media=\"(max-width: 500px)\" srcset=\"\">\n\t\t\t\t<img class=\"newsContent__article__imgCapa newsContent__article__imgCapa--banner\"\n\t\t\t\t\tsrc=\"\"\n\t\t\t\t\tdata-promo-id=\"184190\"\t\t\t\t\t\t\t\t\t\t\t\t\t\t\talt=\"\"\n\t\t\t\t>\n\t\t\t<\/picture>\n\t\t<\/a>\n\t<\/p>\n\n\n","protected":false},"excerpt":{"rendered":"<p>Os pedidos de investiga\u00e7\u00e3o contra o ministro da Economia, Paulo Guedes, e o presidente do Banco Central (BC), Roberto Campos Neto, sobre companhias existentes no nome dos dois em offshores &#8211; para\u00edsos fiscais, foi arquivado ap\u00f3s decis\u00e3o do ministro do Supremo Tribunal Federal (STF) Dias Toffoli. Os neg\u00f3cios dos dois principais membros da equipe econ\u00f4mica [&hellip;]<\/p>\n","protected":false},"author":39,"featured_media":138470,"comment_status":"closed","ping_status":"closed","sticky":false,"template":"","format":"standard","meta":[],"categories":[64],"tags":[106467,796],"suno_strategy":[],"class_list":["post-192546","post","type-post","status-publish","format-standard","has-post-thumbnail","hentry","category-negocios","tag-guedes","tag-paulo-guedes"],"yoast_head":"<!-- This site is optimized with the Yoast SEO plugin v24.4 - https:\/\/yoast.com\/wordpress\/plugins\/seo\/ -->\n<title>Toffoli arquiva pedidos de investiga\u00e7\u00e3o de Paulo Guedes e Campos Neto sobre offshores<\/title>\n<meta name=\"description\" content=\"O ministro do STF, Dias Toffoli arquiva pedidos de investiga\u00e7\u00e3o de Paulo Guedes e Campos Neto sobre offshores. Clique e saiba mais!\" \/>\n<meta name=\"robots\" content=\"index, follow, max-snippet:-1, max-image-preview:large, max-video-preview:-1\" \/>\n<link rel=\"canonical\" href=\"https:\/\/www.suno.com.br\/noticias\/toffoli-arquiva-investigacao-paulo-guedes-campos-neto-offshores\/\" \/>\n<meta property=\"og:locale\" content=\"pt_BR\" \/>\n<meta property=\"og:type\" content=\"article\" \/>\n<meta property=\"og:title\" content=\"Toffoli arquiva pedidos de investiga\u00e7\u00e3o de Paulo Guedes e Campos Neto sobre offshores\" \/>\n<meta property=\"og:description\" content=\"O ministro do STF, Dias Toffoli arquiva pedidos de investiga\u00e7\u00e3o de Paulo Guedes e Campos Neto sobre offshores. Clique e saiba mais!\" \/>\n<meta property=\"og:url\" content=\"https:\/\/www.suno.com.br\/noticias\/toffoli-arquiva-investigacao-paulo-guedes-campos-neto-offshores\/\" \/>\n<meta property=\"og:site_name\" content=\"Suno Not\u00edcias\" \/>\n<meta property=\"article:publisher\" content=\"https:\/\/facebook.com\/sunoresearch\" \/>\n<meta property=\"og:image\" content=\"https:\/\/files.sunoresearch.com.br\/n\/uploads\/2021\/04\/53fbcfe4-economia_1202200243-1.jpg\" \/>\n\t<meta property=\"og:image:width\" content=\"1024\" \/>\n\t<meta property=\"og:image:height\" content=\"768\" \/>\n\t<meta property=\"og:image:type\" content=\"image\/jpeg\" \/>\n<meta name=\"author\" content=\"Laura Moutinho\" \/>\n<meta name=\"twitter:card\" content=\"summary_large_image\" \/>\n<meta name=\"twitter:creator\" content=\"@sunoresearch\" \/>\n<meta name=\"twitter:site\" content=\"@sunoresearch\" \/>\n<meta name=\"twitter:label1\" content=\"Escrito por\" \/>\n\t<meta name=\"twitter:data1\" content=\"Laura Moutinho\" \/>\n\t<meta name=\"twitter:label2\" content=\"Est. tempo de leitura\" \/>\n\t<meta name=\"twitter:data2\" content=\"4 minutos\" \/>\n<script type=\"application\/ld+json\" class=\"yoast-schema-graph\">{\"@context\":\"https:\/\/schema.org\",\"@graph\":[{\"@type\":\"NewsArticle\",\"@id\":\"https:\/\/www.suno.com.br\/noticias\/toffoli-arquiva-investigacao-paulo-guedes-campos-neto-offshores\/#article\",\"isPartOf\":{\"@id\":\"https:\/\/www.suno.com.br\/noticias\/toffoli-arquiva-investigacao-paulo-guedes-campos-neto-offshores\/\"},\"author\":{\"name\":\"Laura Moutinho\",\"@id\":\"https:\/\/www.suno.com.br\/noticias\/#\/schema\/person\/3df0d2808748b74496efe5dbeaef2c72\"},\"headline\":\"Toffoli arquiva pedidos de investiga\u00e7\u00e3o de Paulo Guedes e Campos Neto sobre offshores\",\"datePublished\":\"2021-10-09T17:38:22+00:00\",\"mainEntityOfPage\":{\"@id\":\"https:\/\/www.suno.com.br\/noticias\/toffoli-arquiva-investigacao-paulo-guedes-campos-neto-offshores\/\"},\"wordCount\":814,\"publisher\":{\"@id\":\"https:\/\/www.suno.com.br\/noticias\/#organization\"},\"image\":{\"@id\":\"https:\/\/www.suno.com.br\/noticias\/toffoli-arquiva-investigacao-paulo-guedes-campos-neto-offshores\/#primaryimage\"},\"thumbnailUrl\":\"https:\/\/files.sunoresearch.com.br\/n\/uploads\/2021\/04\/53fbcfe4-economia_1202200243-1-jpg.webp\",\"keywords\":[\"guedes\",\"Paulo Guedes\"],\"articleSection\":[\"Neg\u00f3cios\"],\"inLanguage\":\"pt-BR\"},{\"@type\":\"WebPage\",\"@id\":\"https:\/\/www.suno.com.br\/noticias\/toffoli-arquiva-investigacao-paulo-guedes-campos-neto-offshores\/\",\"url\":\"https:\/\/www.suno.com.br\/noticias\/toffoli-arquiva-investigacao-paulo-guedes-campos-neto-offshores\/\",\"name\":\"Toffoli arquiva pedidos de investiga\u00e7\u00e3o de Paulo Guedes e Campos Neto sobre offshores\",\"isPartOf\":{\"@id\":\"https:\/\/www.suno.com.br\/noticias\/#website\"},\"primaryImageOfPage\":{\"@id\":\"https:\/\/www.suno.com.br\/noticias\/toffoli-arquiva-investigacao-paulo-guedes-campos-neto-offshores\/#primaryimage\"},\"image\":{\"@id\":\"https:\/\/www.suno.com.br\/noticias\/toffoli-arquiva-investigacao-paulo-guedes-campos-neto-offshores\/#primaryimage\"},\"thumbnailUrl\":\"https:\/\/files.sunoresearch.com.br\/n\/uploads\/2021\/04\/53fbcfe4-economia_1202200243-1-jpg.webp\",\"datePublished\":\"2021-10-09T17:38:22+00:00\",\"description\":\"O ministro do STF, Dias Toffoli arquiva pedidos de investiga\u00e7\u00e3o de Paulo Guedes e Campos Neto sobre offshores. Clique e saiba mais!\",\"breadcrumb\":{\"@id\":\"https:\/\/www.suno.com.br\/noticias\/toffoli-arquiva-investigacao-paulo-guedes-campos-neto-offshores\/#breadcrumb\"},\"inLanguage\":\"pt-BR\",\"potentialAction\":[{\"@type\":\"ReadAction\",\"target\":[\"https:\/\/www.suno.com.br\/noticias\/toffoli-arquiva-investigacao-paulo-guedes-campos-neto-offshores\/\"]}]},{\"@type\":\"ImageObject\",\"inLanguage\":\"pt-BR\",\"@id\":\"https:\/\/www.suno.com.br\/noticias\/toffoli-arquiva-investigacao-paulo-guedes-campos-neto-offshores\/#primaryimage\",\"url\":\"https:\/\/files.sunoresearch.com.br\/n\/uploads\/2021\/04\/53fbcfe4-economia_1202200243-1-jpg.webp\",\"contentUrl\":\"https:\/\/files.sunoresearch.com.br\/n\/uploads\/2021\/04\/53fbcfe4-economia_1202200243-1-jpg.webp\",\"width\":1024,\"height\":768,\"caption\":\"Paulo Guedes - Foto: Wilson Dias\/Ag\u00eancia Brasil\"},{\"@type\":\"BreadcrumbList\",\"@id\":\"https:\/\/www.suno.com.br\/noticias\/toffoli-arquiva-investigacao-paulo-guedes-campos-neto-offshores\/#breadcrumb\",\"itemListElement\":[{\"@type\":\"ListItem\",\"position\":1,\"name\":\"Not\u00edcias\",\"item\":\"https:\/\/www.suno.com.br\/noticias\/\"},{\"@type\":\"ListItem\",\"position\":2,\"name\":\"Neg\u00f3cios\",\"item\":\"https:\/\/www.suno.com.br\/noticias\/negocios\/\"},{\"@type\":\"ListItem\",\"position\":3,\"name\":\"Toffoli arquiva pedidos de investiga\u00e7\u00e3o de Paulo Guedes e Campos Neto sobre offshores\"}]},{\"@type\":\"WebSite\",\"@id\":\"https:\/\/www.suno.com.br\/noticias\/#website\",\"url\":\"https:\/\/www.suno.com.br\/noticias\/\",\"name\":\"Suno Not\u00edcias\",\"description\":\"Seu portal de informa\u00e7\u00e3o sobre o mundo dos investimentos\",\"publisher\":{\"@id\":\"https:\/\/www.suno.com.br\/noticias\/#organization\"},\"potentialAction\":[{\"@type\":\"SearchAction\",\"target\":{\"@type\":\"EntryPoint\",\"urlTemplate\":\"https:\/\/www.suno.com.br\/noticias\/?s={search_term_string}\"},\"query-input\":{\"@type\":\"PropertyValueSpecification\",\"valueRequired\":true,\"valueName\":\"search_term_string\"}}],\"inLanguage\":\"pt-BR\"},{\"@type\":\"Organization\",\"@id\":\"https:\/\/www.suno.com.br\/noticias\/#organization\",\"name\":\"Suno Not\u00edcias\",\"url\":\"https:\/\/www.suno.com.br\/noticias\/\",\"logo\":{\"@type\":\"ImageObject\",\"inLanguage\":\"pt-BR\",\"@id\":\"https:\/\/www.suno.com.br\/noticias\/#\/schema\/logo\/image\/\",\"url\":\"https:\/\/files.sunoresearch.com.br\/n\/uploads\/2021\/09\/suno-logo.png\",\"contentUrl\":\"https:\/\/files.sunoresearch.com.br\/n\/uploads\/2021\/09\/suno-logo.png\",\"width\":180,\"height\":180,\"caption\":\"Suno Not\u00edcias\"},\"image\":{\"@id\":\"https:\/\/www.suno.com.br\/noticias\/#\/schema\/logo\/image\/\"},\"sameAs\":[\"https:\/\/facebook.com\/sunoresearch\",\"https:\/\/x.com\/sunoresearch\",\"https:\/\/www.instagram.com\/suno\",\"https:\/\/www.linkedin.com\/company\/suno-research\/\",\"https:\/\/www.youtube.com\/c\/sunoresearch\"]},{\"@type\":\"Person\",\"@id\":\"https:\/\/www.suno.com.br\/noticias\/#\/schema\/person\/3df0d2808748b74496efe5dbeaef2c72\",\"name\":\"Laura Moutinho\",\"image\":{\"@type\":\"ImageObject\",\"inLanguage\":\"pt-BR\",\"@id\":\"https:\/\/www.suno.com.br\/noticias\/#\/schema\/person\/image\/\",\"url\":\"https:\/\/secure.gravatar.com\/avatar\/7571c7c8ca3a6fca5e41384ece5557ff?s=96&r=g\",\"contentUrl\":\"https:\/\/secure.gravatar.com\/avatar\/7571c7c8ca3a6fca5e41384ece5557ff?s=96&r=g\",\"caption\":\"Laura Moutinho\"},\"description\":\"Estagi\u00e1ria na Suno Not\u00edcias, escreve not\u00edcias que afetam o mercado financeiro. Estuda administra\u00e7\u00e3o na Universidade Presbiteriana Mackenzie.\",\"url\":\"https:\/\/www.suno.com.br\/noticias\/author\/laura-moutinho\/\"}]}<\/script>\n<!-- \/ Yoast SEO plugin. -->","yoast_head_json":{"title":"Toffoli arquiva pedidos de investiga\u00e7\u00e3o de Paulo Guedes e Campos Neto sobre offshores","description":"O ministro do STF, Dias Toffoli arquiva pedidos de investiga\u00e7\u00e3o de Paulo Guedes e Campos Neto sobre offshores. Clique e saiba mais!","robots":{"index":"index","follow":"follow","max-snippet":"max-snippet:-1","max-image-preview":"max-image-preview:large","max-video-preview":"max-video-preview:-1"},"canonical":"https:\/\/www.suno.com.br\/noticias\/toffoli-arquiva-investigacao-paulo-guedes-campos-neto-offshores\/","og_locale":"pt_BR","og_type":"article","og_title":"Toffoli arquiva pedidos de investiga\u00e7\u00e3o de Paulo Guedes e Campos Neto sobre offshores","og_description":"O ministro do STF, Dias Toffoli arquiva pedidos de investiga\u00e7\u00e3o de Paulo Guedes e Campos Neto sobre offshores. Clique e saiba mais!","og_url":"https:\/\/www.suno.com.br\/noticias\/toffoli-arquiva-investigacao-paulo-guedes-campos-neto-offshores\/","og_site_name":"Suno Not\u00edcias","article_publisher":"https:\/\/facebook.com\/sunoresearch","og_image":[{"width":1024,"height":768,"url":"https:\/\/files.sunoresearch.com.br\/n\/uploads\/2021\/04\/53fbcfe4-economia_1202200243-1.jpg","type":"image\/jpeg"}],"author":"Laura Moutinho","twitter_card":"summary_large_image","twitter_creator":"@sunoresearch","twitter_site":"@sunoresearch","twitter_misc":{"Escrito por":"Laura Moutinho","Est. tempo de leitura":"4 minutos"},"schema":{"@context":"https:\/\/schema.org","@graph":[{"@type":"NewsArticle","@id":"https:\/\/www.suno.com.br\/noticias\/toffoli-arquiva-investigacao-paulo-guedes-campos-neto-offshores\/#article","isPartOf":{"@id":"https:\/\/www.suno.com.br\/noticias\/toffoli-arquiva-investigacao-paulo-guedes-campos-neto-offshores\/"},"author":{"name":"Laura Moutinho","@id":"https:\/\/www.suno.com.br\/noticias\/#\/schema\/person\/3df0d2808748b74496efe5dbeaef2c72"},"headline":"Toffoli arquiva pedidos de investiga\u00e7\u00e3o de Paulo Guedes e Campos Neto sobre offshores","datePublished":"2021-10-09T17:38:22+00:00","mainEntityOfPage":{"@id":"https:\/\/www.suno.com.br\/noticias\/toffoli-arquiva-investigacao-paulo-guedes-campos-neto-offshores\/"},"wordCount":814,"publisher":{"@id":"https:\/\/www.suno.com.br\/noticias\/#organization"},"image":{"@id":"https:\/\/www.suno.com.br\/noticias\/toffoli-arquiva-investigacao-paulo-guedes-campos-neto-offshores\/#primaryimage"},"thumbnailUrl":"https:\/\/files.sunoresearch.com.br\/n\/uploads\/2021\/04\/53fbcfe4-economia_1202200243-1-jpg.webp","keywords":["guedes","Paulo Guedes"],"articleSection":["Neg\u00f3cios"],"inLanguage":"pt-BR"},{"@type":"WebPage","@id":"https:\/\/www.suno.com.br\/noticias\/toffoli-arquiva-investigacao-paulo-guedes-campos-neto-offshores\/","url":"https:\/\/www.suno.com.br\/noticias\/toffoli-arquiva-investigacao-paulo-guedes-campos-neto-offshores\/","name":"Toffoli arquiva pedidos de investiga\u00e7\u00e3o de Paulo Guedes e Campos Neto sobre offshores","isPartOf":{"@id":"https:\/\/www.suno.com.br\/noticias\/#website"},"primaryImageOfPage":{"@id":"https:\/\/www.suno.com.br\/noticias\/toffoli-arquiva-investigacao-paulo-guedes-campos-neto-offshores\/#primaryimage"},"image":{"@id":"https:\/\/www.suno.com.br\/noticias\/toffoli-arquiva-investigacao-paulo-guedes-campos-neto-offshores\/#primaryimage"},"thumbnailUrl":"https:\/\/files.sunoresearch.com.br\/n\/uploads\/2021\/04\/53fbcfe4-economia_1202200243-1-jpg.webp","datePublished":"2021-10-09T17:38:22+00:00","description":"O ministro do STF, Dias Toffoli arquiva pedidos de investiga\u00e7\u00e3o de Paulo Guedes e Campos Neto sobre offshores. Clique e saiba mais!","breadcrumb":{"@id":"https:\/\/www.suno.com.br\/noticias\/toffoli-arquiva-investigacao-paulo-guedes-campos-neto-offshores\/#breadcrumb"},"inLanguage":"pt-BR","potentialAction":[{"@type":"ReadAction","target":["https:\/\/www.suno.com.br\/noticias\/toffoli-arquiva-investigacao-paulo-guedes-campos-neto-offshores\/"]}]},{"@type":"ImageObject","inLanguage":"pt-BR","@id":"https:\/\/www.suno.com.br\/noticias\/toffoli-arquiva-investigacao-paulo-guedes-campos-neto-offshores\/#primaryimage","url":"https:\/\/files.sunoresearch.com.br\/n\/uploads\/2021\/04\/53fbcfe4-economia_1202200243-1-jpg.webp","contentUrl":"https:\/\/files.sunoresearch.com.br\/n\/uploads\/2021\/04\/53fbcfe4-economia_1202200243-1-jpg.webp","width":1024,"height":768,"caption":"Paulo Guedes - Foto: Wilson Dias\/Ag\u00eancia Brasil"},{"@type":"BreadcrumbList","@id":"https:\/\/www.suno.com.br\/noticias\/toffoli-arquiva-investigacao-paulo-guedes-campos-neto-offshores\/#breadcrumb","itemListElement":[{"@type":"ListItem","position":1,"name":"Not\u00edcias","item":"https:\/\/www.suno.com.br\/noticias\/"},{"@type":"ListItem","position":2,"name":"Neg\u00f3cios","item":"https:\/\/www.suno.com.br\/noticias\/negocios\/"},{"@type":"ListItem","position":3,"name":"Toffoli arquiva pedidos de investiga\u00e7\u00e3o de Paulo Guedes e Campos Neto sobre offshores"}]},{"@type":"WebSite","@id":"https:\/\/www.suno.com.br\/noticias\/#website","url":"https:\/\/www.suno.com.br\/noticias\/","name":"Suno Not\u00edcias","description":"Seu portal de informa\u00e7\u00e3o sobre o mundo dos investimentos","publisher":{"@id":"https:\/\/www.suno.com.br\/noticias\/#organization"},"potentialAction":[{"@type":"SearchAction","target":{"@type":"EntryPoint","urlTemplate":"https:\/\/www.suno.com.br\/noticias\/?s={search_term_string}"},"query-input":{"@type":"PropertyValueSpecification","valueRequired":true,"valueName":"search_term_string"}}],"inLanguage":"pt-BR"},{"@type":"Organization","@id":"https:\/\/www.suno.com.br\/noticias\/#organization","name":"Suno Not\u00edcias","url":"https:\/\/www.suno.com.br\/noticias\/","logo":{"@type":"ImageObject","inLanguage":"pt-BR","@id":"https:\/\/www.suno.com.br\/noticias\/#\/schema\/logo\/image\/","url":"https:\/\/files.sunoresearch.com.br\/n\/uploads\/2021\/09\/suno-logo.png","contentUrl":"https:\/\/files.sunoresearch.com.br\/n\/uploads\/2021\/09\/suno-logo.png","width":180,"height":180,"caption":"Suno Not\u00edcias"},"image":{"@id":"https:\/\/www.suno.com.br\/noticias\/#\/schema\/logo\/image\/"},"sameAs":["https:\/\/facebook.com\/sunoresearch","https:\/\/x.com\/sunoresearch","https:\/\/www.instagram.com\/suno","https:\/\/www.linkedin.com\/company\/suno-research\/","https:\/\/www.youtube.com\/c\/sunoresearch"]},{"@type":"Person","@id":"https:\/\/www.suno.com.br\/noticias\/#\/schema\/person\/3df0d2808748b74496efe5dbeaef2c72","name":"Laura Moutinho","image":{"@type":"ImageObject","inLanguage":"pt-BR","@id":"https:\/\/www.suno.com.br\/noticias\/#\/schema\/person\/image\/","url":"https:\/\/secure.gravatar.com\/avatar\/7571c7c8ca3a6fca5e41384ece5557ff?s=96&r=g","contentUrl":"https:\/\/secure.gravatar.com\/avatar\/7571c7c8ca3a6fca5e41384ece5557ff?s=96&r=g","caption":"Laura Moutinho"},"description":"Estagi\u00e1ria na Suno Not\u00edcias, escreve not\u00edcias que afetam o mercado financeiro. Estuda administra\u00e7\u00e3o na Universidade Presbiteriana Mackenzie.","url":"https:\/\/www.suno.com.br\/noticias\/author\/laura-moutinho\/"}]}},"default_loop_html":"<div class=\"cardsPage__listCard__boxs\"><div class=\"cardsPage__listCard__boxs__img\"><a href=\"https:\/\/www.suno.com.br\/noticias\/toffoli-arquiva-investigacao-paulo-guedes-campos-neto-offshores\/\"><img class=\"mask\" src=\"https:\/\/www.suno.com.br\/noticias\/wp-content\/themes\/suno\/resources\/images\/spotlight\/spotlight1img\/bg-mask.png\" alt=\"Image Mask\"\/><img src=\"https:\/\/files.sunoresearch.com.br\/n\/uploads\/2021\/04\/53fbcfe4-economia_1202200243-1-400x200.webp\" alt=\"Toffoli arquiva pedidos de investiga\u00e7\u00e3o de Paulo Guedes e Campos Neto sobre offshores\"\/><\/a><span class=\"spotlightCategory\"><a href=\"https:\/\/www.suno.com.br\/noticias\/negocios\/\">Neg\u00f3cios<\/a><\/span><\/div><div class=\"cardsPage__listCard__boxs__content\"><a href=\"https:\/\/www.suno.com.br\/noticias\/toffoli-arquiva-investigacao-paulo-guedes-campos-neto-offshores\/\"><h2 class=\"content__title\">Toffoli arquiva pedidos de investiga\u00e7\u00e3o de Paulo Guedes e Campos Neto sobre offshores<\/h2><\/a><div class=\"newsContent__article__meta\"><div class=\"newsContent__article__meta__authorBox\"><a href=\"https:\/\/www.suno.com.br\/noticias\/author\/laura-moutinho\/\" class=\"authorBox__avatar noMobi\"><img src=\"https:\/\/files.sunoresearch.com.br\/n\/uploads\/2020\/08\/531ff69d-whatsapp-image-2020-08-03-at-14.54.38-150x150.webp\" alt=\"Laura Moutinho\"><\/a><div class=\"authorBox__name\"><span>por\n\t\t\t<a href=\"https:\/\/www.suno.com.br\/noticias\/author\/laura-moutinho\/\"><span itemprop=\"author\">Laura Moutinho<\/span><\/a><\/span><time datetime=\"2021-10-09T14:38:22-03:00\" itemprop=\"datePublished\">09\/10\/2021 14:38<\/time><\/div><\/div><\/div><\/div><\/div>","single_layout":"posts","amp_enabled":true,"_links":{"self":[{"href":"https:\/\/www.suno.com.br\/noticias\/wp-json\/wp\/v2\/posts\/192546"}],"collection":[{"href":"https:\/\/www.suno.com.br\/noticias\/wp-json\/wp\/v2\/posts"}],"about":[{"href":"https:\/\/www.suno.com.br\/noticias\/wp-json\/wp\/v2\/types\/post"}],"author":[{"embeddable":true,"href":"https:\/\/www.suno.com.br\/noticias\/wp-json\/wp\/v2\/users\/39"}],"replies":[{"embeddable":true,"href":"https:\/\/www.suno.com.br\/noticias\/wp-json\/wp\/v2\/comments?post=192546"}],"version-history":[{"count":2,"href":"https:\/\/www.suno.com.br\/noticias\/wp-json\/wp\/v2\/posts\/192546\/revisions"}],"predecessor-version":[{"id":192569,"href":"https:\/\/www.suno.com.br\/noticias\/wp-json\/wp\/v2\/posts\/192546\/revisions\/192569"}],"wp:featuredmedia":[{"embeddable":true,"href":"https:\/\/www.suno.com.br\/noticias\/wp-json\/wp\/v2\/media\/138470"}],"wp:attachment":[{"href":"https:\/\/www.suno.com.br\/noticias\/wp-json\/wp\/v2\/media?parent=192546"}],"wp:term":[{"taxonomy":"category","embeddable":true,"href":"https:\/\/www.suno.com.br\/noticias\/wp-json\/wp\/v2\/categories?post=192546"},{"taxonomy":"post_tag","embeddable":true,"href":"https:\/\/www.suno.com.br\/noticias\/wp-json\/wp\/v2\/tags?post=192546"},{"taxonomy":"suno_strategy","embeddable":true,"href":"https:\/\/www.suno.com.br\/noticias\/wp-json\/wp\/v2\/suno_strategy?post=192546"}],"curies":[{"name":"wp","href":"https:\/\/api.w.org\/{rel}","templated":true}]}}