{"id":192429,"date":"2021-10-08T20:13:24","date_gmt":"2021-10-08T23:13:24","guid":{"rendered":"https:\/\/www.suno.com.br\/noticias\/?p=192429"},"modified":"2021-10-08T20:13:24","modified_gmt":"2021-10-08T23:13:24","slug":"bolsonaro-nao-interferir-petrobras-petr4","status":"publish","type":"post","link":"https:\/\/www.suno.com.br\/noticias\/bolsonaro-nao-interferir-petrobras-petr4\/","title":{"rendered":"Em dia de alta de pre\u00e7os dos combust\u00edveis, Bolsonaro diz que n\u00e3o vai interferir na Petrobras (PETR4)"},"content":{"rendered":"<p>O presidente Jair <strong>Bolsonaro<\/strong> declarou nesta sexta (8) que n\u00e3o vai interferir na <a class=\"suno-keyword\" href=\"https:\/\/www.suno.com.br\/acoes\/PETR4\/\" target=\"_blank\" rel=\"noopener\" data-force=\"yes\" data-priority=\"2\">Petrobras (PETR4)<\/a> ou congelar o pre\u00e7o dos combust\u00edveis &#8220;na canetada&#8221;. Ainda hoje, a estatal anunciou aumento do pre\u00e7o da gasolina e do g\u00e1s de cozinha. &#8220;N\u00e3o tenho poder sobre Petrobras&#8221;, diz Bolsonaro. O presidente tamb\u00e9m afirmou estar conversando com Paulo Guedes, ministro da Economia, sobre a dire\u00e7\u00e3o da <a class=\"suno-keyword\" href=\"https:\/\/www.suno.com.br\/artigos\/politica-economica\/\" target=\"_blank\" rel=\"noopener\" data-force=\"no\" data-priority=\"1\">pol\u00edtica econ\u00f4mica<\/a>.<\/p>\t<div class=\"wrapper-featured-image\">\n\t\t<figure class=\"spotlightImg\">\n\n\t\t\t<picture>\n\t\t\t\t<source media=\"(max-width: 768px)\" srcset=\"https:\/\/files.sunoresearch.com.br\/n\/uploads\/2021\/03\/17f59e1d-jair-bolsonaro-foto-marcos-correa-pr-2-400x200.webp\">\n\t\t\t\t<img loading=\"lazy\" decoding=\"async\" class=\"newsContent__article__imgCapa lazyloadDisabled \" src=\"https:\/\/files.sunoresearch.com.br\/n\/uploads\/2021\/03\/17f59e1d-jair-bolsonaro-foto-marcos-correa-pr-2-800x450.webp\" width=\"800\" height=\"450\" alt=\"Em dia de alta de pre\u00e7os dos combust\u00edveis, Bolsonaro diz que n\u00e3o vai interferir na Petrobras (PETR4)\" fetchpriority=high \/>\n\t\t\t<\/picture>\n\n\t\t\t<figcaption class=\"wp-caption-text wp-caption-text--show\">Presidente Jair Bolsonaro Bolsonaro comenta sobre a variante omicron. Foto: Marcos Corr\u00eaa PR<\/figcaption>\n\t\t<\/figure>\n\t<\/div>\n\n\n\t<p>\n\t\t<a href=\"https:\/\/lp.suno.com.br\/planilha-controle-gastos\/\" target=\"_blank\" data-element=\"shortcode-suno-banner\" title=\"Banner SUNO, clique e saiba mais\">\n\t\t\t<picture>\n\t\t\t\t<source media=\"(max-width: 500px)\" srcset=\"https:\/\/files.sunoresearch.com.br\/n\/uploads\/2023\/03\/400x300-Planilha-controle-de-gastos.png\">\n\t\t\t\t<img class=\"newsContent__article__imgCapa newsContent__article__imgCapa--banner\"\n\t\t\t\t\tsrc=\"https:\/\/files.sunoresearch.com.br\/n\/uploads\/2023\/03\/1420x240-Planilha-controle-de-gastos.png\"\n\t\t\t\t\tdata-promo-id=\"101751\"\t\t\t\t\t\t\t\t\t\twidth='1420' height='240'\t\t\t\t\talt=\"https:\/\/files.sunoresearch.com.br\/n\/uploads\/2023\/03\/1420x240-Planilha-controle-de-gastos.png\"\n\t\t\t\t>\n\t\t\t<\/picture>\n\t\t<\/a>\n\t<\/p>\n\n\n<p>As declara\u00e7\u00f5es v\u00eam em meio \u00e0 press\u00e3o para que <strong>Bolsonaro<\/strong> adote alguma medida para diminuir o pre\u00e7o dos combust\u00edveis, vil\u00e3o da infla\u00e7\u00e3o. \u00c9 cobrado tamb\u00e9m pelas negocia\u00e7\u00f5es do <strong>Aux\u00edlio Brasil<\/strong>, programa para substituir o Bolsa Fam\u00edlia que deve se tornar na vitrine eleitoral do governo nas elei\u00e7\u00f5es de 2022.<\/p>\n<p>Com apoio do presidente da C\u00e2mara, <strong>Arthur Lira<\/strong> (PP-AL), o Executivo quer alterar a incid\u00eancia do <strong>ICMS<\/strong> sobre os combust\u00edveis, mas enfrenta resist\u00eancia de governadores. Nesta sexta, a Petrobras reajustou a gasolina e o g\u00e1s liquefeito de petr\u00f3leo (GLP), o g\u00e1s de cozinha, em 7,2%.<\/p>\n\t<p>\n\t\t<a href=\"https:\/\/lp.suno.com.br\/planilha-da-vida-financeira\/\" target=\"_blank\" data-element=\"shortcode-suno-banner\" title=\"Banner SUNO, clique e saiba mais\">\n\t\t\t<picture>\n\t\t\t\t<source media=\"(max-width: 500px)\" srcset=\"https:\/\/files.sunoresearch.com.br\/n\/uploads\/2023\/04\/400x300-Planilha-vida-financeira-true.png\">\n\t\t\t\t<img class=\"newsContent__article__imgCapa newsContent__article__imgCapa--banner\"\n\t\t\t\t\tsrc=\"https:\/\/files.sunoresearch.com.br\/n\/uploads\/2023\/04\/1420x240-Planilha-vida-financeira-true.png\"\n\t\t\t\t\tdata-promo-id=\"106682\"\t\t\t\t\t\t\t\t\t\twidth='1420' height='240'\t\t\t\t\talt=\"https:\/\/files.sunoresearch.com.br\/n\/uploads\/2023\/04\/1420x240-Planilha-vida-financeira-true.png\"\n\t\t\t\t>\n\t\t\t<\/picture>\n\t\t<\/a>\n\t<\/p>\n\n\n<p>Apesar da insatisfa\u00e7\u00e3o com a alta dos pre\u00e7os, Bolsonaro tamb\u00e9m garantiu que n\u00e3o haver\u00e1 rompimento de contratos em seu governo. &#8220;Quando se fala em combust\u00edvel, n\u00f3s somos autossuficientes, mas por que esse pre\u00e7o atrelado ao <strong>d\u00f3lar<\/strong>? Eu posso agora rasgar contratos? Como \u00e9 que fica o Brasil perante o mundo?&#8221;, questionou.<\/p>\n\t<p>\n\t\t<a href=\"https:\/\/lp.suno.com.br\/ebook-como-analisar-uma-acao\/\" target=\"_blank\" data-element=\"shortcode-suno-banner\" title=\"Banner SUNO, clique e saiba mais\">\n\t\t\t<picture>\n\t\t\t\t<source media=\"(max-width: 500px)\" srcset=\"https:\/\/files.sunoresearch.com.br\/n\/uploads\/2023\/03\/Ebook-Acoes-Mobile-1.jpg\">\n\t\t\t\t<img class=\"newsContent__article__imgCapa newsContent__article__imgCapa--banner\"\n\t\t\t\t\tsrc=\"https:\/\/files.sunoresearch.com.br\/n\/uploads\/2023\/03\/Ebook-Acoes-Desktop-1.jpg\"\n\t\t\t\t\tdata-promo-id=\"171998\"\t\t\t\t\t\t\t\t\t\twidth='1420' height='286'\t\t\t\t\talt=\"https:\/\/files.sunoresearch.com.br\/n\/uploads\/2023\/03\/Ebook-Acoes-Desktop-1.jpg\"\n\t\t\t\t>\n\t\t\t<\/picture>\n\t\t<\/a>\n\t<\/p>\n\n\n<h2>Bolsonaro rebate cr\u00edticas ao governo<\/h2>\n<p>O discurso do presidente em Campinas foi interrompido logo no in\u00edcio por gritos de &#8220;Fora Bolsonaro&#8221; e outras cr\u00edticas ao governo. &#8220;N\u00e3o vamos chegar ao n\u00edvel deles. Sairei daqui imediatamente se ela manifestante me responder quanto \u00e9 7 vezes 8 ou raiz quadrada de quatro&#8221;, respondeu o presidente no microfone.<\/p>\n<p>Ele reconheceu, por\u00e9m, que a sua gest\u00e3o tem falhas. &#8220;Em parte d\u00e1 certo nosso governo, n\u00e3o vou falar que \u00e9 tudo 100%&#8221;, afirmou. Em seguida, voltou a dizer que seu governo n\u00e3o tem corrup\u00e7\u00e3o. &#8220;Pode haver um dia, mas n\u00e3o vai ser por incentivo&#8221;, acrescentou, sem considerar as <strong>den\u00fancias de irregularidades<\/strong> na compra de vacinas contra a covid-19 expostas pela <strong>CPI<\/strong> da Pandemia.<\/p>\n\t<p>\n\t\t<a href=\"https:\/\/lp.suno.com.br\/planilha-de-controle-de-investimentos\/\" target=\"_blank\" data-element=\"shortcode-suno-banner\" title=\"Banner SUNO, clique e saiba mais\">\n\t\t\t<picture>\n\t\t\t\t<source media=\"(max-width: 500px)\" srcset=\"https:\/\/files.sunoresearch.com.br\/n\/uploads\/2023\/03\/400x300-Controle-de-Investimentos.png\">\n\t\t\t\t<img class=\"newsContent__article__imgCapa newsContent__article__imgCapa--banner\"\n\t\t\t\t\tsrc=\"https:\/\/files.sunoresearch.com.br\/n\/uploads\/2023\/03\/1420x240-Controle-de-Investimentos.png\"\n\t\t\t\t\tdata-promo-id=\"75934\"\t\t\t\t\t\t\t\t\t\twidth='1420' height='240'\t\t\t\t\talt=\"https:\/\/files.sunoresearch.com.br\/n\/uploads\/2023\/03\/1420x240-Controle-de-Investimentos.png\"\n\t\t\t\t>\n\t\t\t<\/picture>\n\t\t<\/a>\n\t<\/p>\n\n\n<p>A participa\u00e7\u00e3o do <strong>Bolsonaro<\/strong>\u00a0para marcar investimentos do governo em ci\u00eancia e tecnologia, especialmente em ni\u00f3bio, uma ret\u00f3rica comum do presidente com sua base mais radicalizada, acontece no mesmo dia em que o <a class=\"suno-keyword\" href=\"https:\/\/www.suno.com.br\/artigos\/ministerio-da-economia\/\" target=\"_blank\" rel=\"noopener\" data-force=\"no\" data-priority=\"3\">Minist\u00e9rio da Economia<\/a> <strong>diminuiu<\/strong> em 87%, de R$ 690 milh\u00f5es para R$ 89,8 milh\u00f5es, o encaminhamento de verbas para o setor neste ano via <a class=\"suno-keyword\" href=\"https:\/\/www.suno.com.br\/artigos\/credito-suplementar\/\" target=\"_blank\" rel=\"noopener\" data-force=\"no\" data-priority=\"1\">cr\u00e9dito suplementar<\/a>. O pedido de corte foi revelado pela colunista M\u00edriam Leit\u00e3o, do jornal <i>O Globo<\/i>.<\/p>\n<p><em>(Com informa\u00e7\u00f5es da Ag\u00eancia Estado)<\/em><\/p>\n\t<p>\n\t\t<a href=\"\" target=\"_blank\" data-element=\"shortcode-suno-banner\" title=\"Banner SUNO, clique e saiba mais\">\n\t\t\t<picture>\n\t\t\t\t<source media=\"(max-width: 500px)\" srcset=\"\">\n\t\t\t\t<img class=\"newsContent__article__imgCapa newsContent__article__imgCapa--banner\"\n\t\t\t\t\tsrc=\"\"\n\t\t\t\t\tdata-promo-id=\"184190\"\t\t\t\t\t\t\t\t\t\t\t\t\t\t\talt=\"\"\n\t\t\t\t>\n\t\t\t<\/picture>\n\t\t<\/a>\n\t<\/p>\n\n\n","protected":false},"excerpt":{"rendered":"<p>O presidente Jair Bolsonaro declarou nesta sexta (8) que n\u00e3o vai interferir na Petrobras (PETR4) ou congelar o pre\u00e7o dos combust\u00edveis &#8220;na canetada&#8221;. Ainda hoje, a estatal anunciou aumento do pre\u00e7o da gasolina e do g\u00e1s de cozinha. &#8220;N\u00e3o tenho poder sobre Petrobras&#8221;, diz Bolsonaro. O presidente tamb\u00e9m afirmou estar conversando com Paulo Guedes, ministro [&hellip;]<\/p>\n","protected":false},"author":118,"featured_media":130359,"comment_status":"closed","ping_status":"closed","sticky":false,"template":"","format":"standard","meta":[],"categories":[61],"tags":[1437,879,719,595],"suno_strategy":[],"class_list":["post-192429","post","type-post","status-publish","format-standard","has-post-thumbnail","hentry","category-politica","tag-combustiveis","tag-gasolina","tag-jair-bolsonaro","tag-petrobras-petr4"],"yoast_head":"<!-- This site is optimized with the Yoast SEO plugin v24.4 - https:\/\/yoast.com\/wordpress\/plugins\/seo\/ -->\n<title>Bolsonaro diz que n\u00e3o interfere nos pre\u00e7os da Petrobras (PETR4)<\/title>\n<meta name=\"description\" content=\"O presidente Jair Bolsonaro declarou nesta sexta (8) que n\u00e3o vai interferir na Petrobras (PETR4) ou congelar o pre\u00e7o...Saiba mais\" \/>\n<meta name=\"robots\" content=\"index, follow, max-snippet:-1, max-image-preview:large, max-video-preview:-1\" \/>\n<link rel=\"canonical\" href=\"https:\/\/www.suno.com.br\/noticias\/bolsonaro-nao-interferir-petrobras-petr4\/\" \/>\n<meta property=\"og:locale\" content=\"pt_BR\" \/>\n<meta property=\"og:type\" content=\"article\" \/>\n<meta property=\"og:title\" content=\"Bolsonaro diz que n\u00e3o interfere nos pre\u00e7os da Petrobras (PETR4)\" \/>\n<meta property=\"og:description\" content=\"O presidente Jair Bolsonaro declarou nesta sexta (8) que n\u00e3o vai interferir na Petrobras (PETR4) ou congelar o pre\u00e7o...Saiba mais\" \/>\n<meta property=\"og:url\" content=\"https:\/\/www.suno.com.br\/noticias\/bolsonaro-nao-interferir-petrobras-petr4\/\" \/>\n<meta property=\"og:site_name\" content=\"Suno Not\u00edcias\" \/>\n<meta property=\"article:publisher\" content=\"https:\/\/facebook.com\/sunoresearch\" \/>\n<meta property=\"og:image\" content=\"https:\/\/files.sunoresearch.com.br\/n\/uploads\/2021\/03\/17f59e1d-jair-bolsonaro-foto-marcos-correa-pr-2.jpg\" \/>\n\t<meta property=\"og:image:width\" content=\"1200\" \/>\n\t<meta property=\"og:image:height\" content=\"800\" \/>\n\t<meta property=\"og:image:type\" content=\"image\/jpeg\" \/>\n<meta name=\"author\" content=\"Bruno Galv\u00e3o\" \/>\n<meta name=\"twitter:card\" content=\"summary_large_image\" \/>\n<meta name=\"twitter:creator\" content=\"@sunoresearch\" \/>\n<meta name=\"twitter:site\" content=\"@sunoresearch\" \/>\n<meta name=\"twitter:label1\" content=\"Escrito por\" \/>\n\t<meta name=\"twitter:data1\" content=\"Bruno Galv\u00e3o\" \/>\n\t<meta name=\"twitter:label2\" content=\"Est. tempo de leitura\" \/>\n\t<meta name=\"twitter:data2\" content=\"2 minutos\" \/>\n<script type=\"application\/ld+json\" class=\"yoast-schema-graph\">{\"@context\":\"https:\/\/schema.org\",\"@graph\":[{\"@type\":\"NewsArticle\",\"@id\":\"https:\/\/www.suno.com.br\/noticias\/bolsonaro-nao-interferir-petrobras-petr4\/#article\",\"isPartOf\":{\"@id\":\"https:\/\/www.suno.com.br\/noticias\/bolsonaro-nao-interferir-petrobras-petr4\/\"},\"author\":{\"name\":\"Bruno Galv\u00e3o\",\"@id\":\"https:\/\/www.suno.com.br\/noticias\/#\/schema\/person\/06f0d962a6b1c54852e4860f16935600\"},\"headline\":\"Em dia de alta de pre\u00e7os dos combust\u00edveis, Bolsonaro diz que n\u00e3o vai interferir na Petrobras (PETR4)\",\"datePublished\":\"2021-10-08T23:13:24+00:00\",\"mainEntityOfPage\":{\"@id\":\"https:\/\/www.suno.com.br\/noticias\/bolsonaro-nao-interferir-petrobras-petr4\/\"},\"wordCount\":486,\"publisher\":{\"@id\":\"https:\/\/www.suno.com.br\/noticias\/#organization\"},\"image\":{\"@id\":\"https:\/\/www.suno.com.br\/noticias\/bolsonaro-nao-interferir-petrobras-petr4\/#primaryimage\"},\"thumbnailUrl\":\"https:\/\/files.sunoresearch.com.br\/n\/uploads\/2021\/03\/17f59e1d-jair-bolsonaro-foto-marcos-correa-pr-2-jpg.webp\",\"keywords\":[\"combust\u00edveis\",\"Gasolina\",\"Jair Bolsonaro\",\"Petrobras (PETR4)\"],\"articleSection\":[\"Pol\u00edtica\"],\"inLanguage\":\"pt-BR\"},{\"@type\":\"WebPage\",\"@id\":\"https:\/\/www.suno.com.br\/noticias\/bolsonaro-nao-interferir-petrobras-petr4\/\",\"url\":\"https:\/\/www.suno.com.br\/noticias\/bolsonaro-nao-interferir-petrobras-petr4\/\",\"name\":\"Bolsonaro diz que n\u00e3o interfere nos pre\u00e7os da Petrobras (PETR4)\",\"isPartOf\":{\"@id\":\"https:\/\/www.suno.com.br\/noticias\/#website\"},\"primaryImageOfPage\":{\"@id\":\"https:\/\/www.suno.com.br\/noticias\/bolsonaro-nao-interferir-petrobras-petr4\/#primaryimage\"},\"image\":{\"@id\":\"https:\/\/www.suno.com.br\/noticias\/bolsonaro-nao-interferir-petrobras-petr4\/#primaryimage\"},\"thumbnailUrl\":\"https:\/\/files.sunoresearch.com.br\/n\/uploads\/2021\/03\/17f59e1d-jair-bolsonaro-foto-marcos-correa-pr-2-jpg.webp\",\"datePublished\":\"2021-10-08T23:13:24+00:00\",\"description\":\"O presidente Jair Bolsonaro declarou nesta sexta (8) que n\u00e3o vai interferir na Petrobras (PETR4) ou congelar o pre\u00e7o...Saiba mais\",\"breadcrumb\":{\"@id\":\"https:\/\/www.suno.com.br\/noticias\/bolsonaro-nao-interferir-petrobras-petr4\/#breadcrumb\"},\"inLanguage\":\"pt-BR\",\"potentialAction\":[{\"@type\":\"ReadAction\",\"target\":[\"https:\/\/www.suno.com.br\/noticias\/bolsonaro-nao-interferir-petrobras-petr4\/\"]}]},{\"@type\":\"ImageObject\",\"inLanguage\":\"pt-BR\",\"@id\":\"https:\/\/www.suno.com.br\/noticias\/bolsonaro-nao-interferir-petrobras-petr4\/#primaryimage\",\"url\":\"https:\/\/files.sunoresearch.com.br\/n\/uploads\/2021\/03\/17f59e1d-jair-bolsonaro-foto-marcos-correa-pr-2-jpg.webp\",\"contentUrl\":\"https:\/\/files.sunoresearch.com.br\/n\/uploads\/2021\/03\/17f59e1d-jair-bolsonaro-foto-marcos-correa-pr-2-jpg.webp\",\"width\":1200,\"height\":800,\"caption\":\"Presidente Jair Bolsonaro Bolsonaro comenta sobre a variante omicron. Foto: Marcos Corr\u00eaa PR\"},{\"@type\":\"BreadcrumbList\",\"@id\":\"https:\/\/www.suno.com.br\/noticias\/bolsonaro-nao-interferir-petrobras-petr4\/#breadcrumb\",\"itemListElement\":[{\"@type\":\"ListItem\",\"position\":1,\"name\":\"Not\u00edcias\",\"item\":\"https:\/\/www.suno.com.br\/noticias\/\"},{\"@type\":\"ListItem\",\"position\":2,\"name\":\"Pol\u00edtica\",\"item\":\"https:\/\/www.suno.com.br\/noticias\/politica\/\"},{\"@type\":\"ListItem\",\"position\":3,\"name\":\"Em dia de alta de pre\u00e7os dos combust\u00edveis, Bolsonaro diz que n\u00e3o vai interferir na Petrobras (PETR4)\"}]},{\"@type\":\"WebSite\",\"@id\":\"https:\/\/www.suno.com.br\/noticias\/#website\",\"url\":\"https:\/\/www.suno.com.br\/noticias\/\",\"name\":\"Suno Not\u00edcias\",\"description\":\"Seu portal de informa\u00e7\u00e3o sobre o mundo dos investimentos\",\"publisher\":{\"@id\":\"https:\/\/www.suno.com.br\/noticias\/#organization\"},\"potentialAction\":[{\"@type\":\"SearchAction\",\"target\":{\"@type\":\"EntryPoint\",\"urlTemplate\":\"https:\/\/www.suno.com.br\/noticias\/?s={search_term_string}\"},\"query-input\":{\"@type\":\"PropertyValueSpecification\",\"valueRequired\":true,\"valueName\":\"search_term_string\"}}],\"inLanguage\":\"pt-BR\"},{\"@type\":\"Organization\",\"@id\":\"https:\/\/www.suno.com.br\/noticias\/#organization\",\"name\":\"Suno Not\u00edcias\",\"url\":\"https:\/\/www.suno.com.br\/noticias\/\",\"logo\":{\"@type\":\"ImageObject\",\"inLanguage\":\"pt-BR\",\"@id\":\"https:\/\/www.suno.com.br\/noticias\/#\/schema\/logo\/image\/\",\"url\":\"https:\/\/files.sunoresearch.com.br\/n\/uploads\/2021\/09\/suno-logo.png\",\"contentUrl\":\"https:\/\/files.sunoresearch.com.br\/n\/uploads\/2021\/09\/suno-logo.png\",\"width\":180,\"height\":180,\"caption\":\"Suno Not\u00edcias\"},\"image\":{\"@id\":\"https:\/\/www.suno.com.br\/noticias\/#\/schema\/logo\/image\/\"},\"sameAs\":[\"https:\/\/facebook.com\/sunoresearch\",\"https:\/\/x.com\/sunoresearch\",\"https:\/\/www.instagram.com\/suno\",\"https:\/\/www.linkedin.com\/company\/suno-research\/\",\"https:\/\/www.youtube.com\/c\/sunoresearch\"]},{\"@type\":\"Person\",\"@id\":\"https:\/\/www.suno.com.br\/noticias\/#\/schema\/person\/06f0d962a6b1c54852e4860f16935600\",\"name\":\"Bruno Galv\u00e3o\",\"image\":{\"@type\":\"ImageObject\",\"inLanguage\":\"pt-BR\",\"@id\":\"https:\/\/www.suno.com.br\/noticias\/#\/schema\/person\/image\/\",\"url\":\"https:\/\/secure.gravatar.com\/avatar\/53598df0b41c00f12f287a912d0e918e?s=96&r=g\",\"contentUrl\":\"https:\/\/secure.gravatar.com\/avatar\/53598df0b41c00f12f287a912d0e918e?s=96&r=g\",\"caption\":\"Bruno Galv\u00e3o\"},\"description\":\"Escreve para o portal Suno Not\u00edcias. \u00c9 estudante de Jornalismo pela Faculdade C\u00e1sper L\u00edbero e Letras pela USP. Entusiasta de tecnologia e intelig\u00eancia artificial.\",\"url\":\"https:\/\/www.suno.com.br\/noticias\/author\/bruno-garcia\/\"}]}<\/script>\n<!-- \/ Yoast SEO plugin. -->","yoast_head_json":{"title":"Bolsonaro diz que n\u00e3o interfere nos pre\u00e7os da Petrobras (PETR4)","description":"O presidente Jair Bolsonaro declarou nesta sexta (8) que n\u00e3o vai interferir na Petrobras (PETR4) ou congelar o pre\u00e7o...Saiba mais","robots":{"index":"index","follow":"follow","max-snippet":"max-snippet:-1","max-image-preview":"max-image-preview:large","max-video-preview":"max-video-preview:-1"},"canonical":"https:\/\/www.suno.com.br\/noticias\/bolsonaro-nao-interferir-petrobras-petr4\/","og_locale":"pt_BR","og_type":"article","og_title":"Bolsonaro diz que n\u00e3o interfere nos pre\u00e7os da Petrobras (PETR4)","og_description":"O presidente Jair Bolsonaro declarou nesta sexta (8) que n\u00e3o vai interferir na Petrobras (PETR4) ou congelar o pre\u00e7o...Saiba mais","og_url":"https:\/\/www.suno.com.br\/noticias\/bolsonaro-nao-interferir-petrobras-petr4\/","og_site_name":"Suno Not\u00edcias","article_publisher":"https:\/\/facebook.com\/sunoresearch","og_image":[{"width":1200,"height":800,"url":"https:\/\/files.sunoresearch.com.br\/n\/uploads\/2021\/03\/17f59e1d-jair-bolsonaro-foto-marcos-correa-pr-2.jpg","type":"image\/jpeg"}],"author":"Bruno Galv\u00e3o","twitter_card":"summary_large_image","twitter_creator":"@sunoresearch","twitter_site":"@sunoresearch","twitter_misc":{"Escrito por":"Bruno Galv\u00e3o","Est. tempo de leitura":"2 minutos"},"schema":{"@context":"https:\/\/schema.org","@graph":[{"@type":"NewsArticle","@id":"https:\/\/www.suno.com.br\/noticias\/bolsonaro-nao-interferir-petrobras-petr4\/#article","isPartOf":{"@id":"https:\/\/www.suno.com.br\/noticias\/bolsonaro-nao-interferir-petrobras-petr4\/"},"author":{"name":"Bruno Galv\u00e3o","@id":"https:\/\/www.suno.com.br\/noticias\/#\/schema\/person\/06f0d962a6b1c54852e4860f16935600"},"headline":"Em dia de alta de pre\u00e7os dos combust\u00edveis, Bolsonaro diz que n\u00e3o vai interferir na Petrobras (PETR4)","datePublished":"2021-10-08T23:13:24+00:00","mainEntityOfPage":{"@id":"https:\/\/www.suno.com.br\/noticias\/bolsonaro-nao-interferir-petrobras-petr4\/"},"wordCount":486,"publisher":{"@id":"https:\/\/www.suno.com.br\/noticias\/#organization"},"image":{"@id":"https:\/\/www.suno.com.br\/noticias\/bolsonaro-nao-interferir-petrobras-petr4\/#primaryimage"},"thumbnailUrl":"https:\/\/files.sunoresearch.com.br\/n\/uploads\/2021\/03\/17f59e1d-jair-bolsonaro-foto-marcos-correa-pr-2-jpg.webp","keywords":["combust\u00edveis","Gasolina","Jair Bolsonaro","Petrobras (PETR4)"],"articleSection":["Pol\u00edtica"],"inLanguage":"pt-BR"},{"@type":"WebPage","@id":"https:\/\/www.suno.com.br\/noticias\/bolsonaro-nao-interferir-petrobras-petr4\/","url":"https:\/\/www.suno.com.br\/noticias\/bolsonaro-nao-interferir-petrobras-petr4\/","name":"Bolsonaro diz que n\u00e3o interfere nos pre\u00e7os da Petrobras (PETR4)","isPartOf":{"@id":"https:\/\/www.suno.com.br\/noticias\/#website"},"primaryImageOfPage":{"@id":"https:\/\/www.suno.com.br\/noticias\/bolsonaro-nao-interferir-petrobras-petr4\/#primaryimage"},"image":{"@id":"https:\/\/www.suno.com.br\/noticias\/bolsonaro-nao-interferir-petrobras-petr4\/#primaryimage"},"thumbnailUrl":"https:\/\/files.sunoresearch.com.br\/n\/uploads\/2021\/03\/17f59e1d-jair-bolsonaro-foto-marcos-correa-pr-2-jpg.webp","datePublished":"2021-10-08T23:13:24+00:00","description":"O presidente Jair Bolsonaro declarou nesta sexta (8) que n\u00e3o vai interferir na Petrobras (PETR4) ou congelar o pre\u00e7o...Saiba mais","breadcrumb":{"@id":"https:\/\/www.suno.com.br\/noticias\/bolsonaro-nao-interferir-petrobras-petr4\/#breadcrumb"},"inLanguage":"pt-BR","potentialAction":[{"@type":"ReadAction","target":["https:\/\/www.suno.com.br\/noticias\/bolsonaro-nao-interferir-petrobras-petr4\/"]}]},{"@type":"ImageObject","inLanguage":"pt-BR","@id":"https:\/\/www.suno.com.br\/noticias\/bolsonaro-nao-interferir-petrobras-petr4\/#primaryimage","url":"https:\/\/files.sunoresearch.com.br\/n\/uploads\/2021\/03\/17f59e1d-jair-bolsonaro-foto-marcos-correa-pr-2-jpg.webp","contentUrl":"https:\/\/files.sunoresearch.com.br\/n\/uploads\/2021\/03\/17f59e1d-jair-bolsonaro-foto-marcos-correa-pr-2-jpg.webp","width":1200,"height":800,"caption":"Presidente Jair Bolsonaro Bolsonaro comenta sobre a variante omicron. Foto: Marcos Corr\u00eaa PR"},{"@type":"BreadcrumbList","@id":"https:\/\/www.suno.com.br\/noticias\/bolsonaro-nao-interferir-petrobras-petr4\/#breadcrumb","itemListElement":[{"@type":"ListItem","position":1,"name":"Not\u00edcias","item":"https:\/\/www.suno.com.br\/noticias\/"},{"@type":"ListItem","position":2,"name":"Pol\u00edtica","item":"https:\/\/www.suno.com.br\/noticias\/politica\/"},{"@type":"ListItem","position":3,"name":"Em dia de alta de pre\u00e7os dos combust\u00edveis, Bolsonaro diz que n\u00e3o vai interferir na Petrobras (PETR4)"}]},{"@type":"WebSite","@id":"https:\/\/www.suno.com.br\/noticias\/#website","url":"https:\/\/www.suno.com.br\/noticias\/","name":"Suno Not\u00edcias","description":"Seu portal de informa\u00e7\u00e3o sobre o mundo dos investimentos","publisher":{"@id":"https:\/\/www.suno.com.br\/noticias\/#organization"},"potentialAction":[{"@type":"SearchAction","target":{"@type":"EntryPoint","urlTemplate":"https:\/\/www.suno.com.br\/noticias\/?s={search_term_string}"},"query-input":{"@type":"PropertyValueSpecification","valueRequired":true,"valueName":"search_term_string"}}],"inLanguage":"pt-BR"},{"@type":"Organization","@id":"https:\/\/www.suno.com.br\/noticias\/#organization","name":"Suno Not\u00edcias","url":"https:\/\/www.suno.com.br\/noticias\/","logo":{"@type":"ImageObject","inLanguage":"pt-BR","@id":"https:\/\/www.suno.com.br\/noticias\/#\/schema\/logo\/image\/","url":"https:\/\/files.sunoresearch.com.br\/n\/uploads\/2021\/09\/suno-logo.png","contentUrl":"https:\/\/files.sunoresearch.com.br\/n\/uploads\/2021\/09\/suno-logo.png","width":180,"height":180,"caption":"Suno Not\u00edcias"},"image":{"@id":"https:\/\/www.suno.com.br\/noticias\/#\/schema\/logo\/image\/"},"sameAs":["https:\/\/facebook.com\/sunoresearch","https:\/\/x.com\/sunoresearch","https:\/\/www.instagram.com\/suno","https:\/\/www.linkedin.com\/company\/suno-research\/","https:\/\/www.youtube.com\/c\/sunoresearch"]},{"@type":"Person","@id":"https:\/\/www.suno.com.br\/noticias\/#\/schema\/person\/06f0d962a6b1c54852e4860f16935600","name":"Bruno Galv\u00e3o","image":{"@type":"ImageObject","inLanguage":"pt-BR","@id":"https:\/\/www.suno.com.br\/noticias\/#\/schema\/person\/image\/","url":"https:\/\/secure.gravatar.com\/avatar\/53598df0b41c00f12f287a912d0e918e?s=96&r=g","contentUrl":"https:\/\/secure.gravatar.com\/avatar\/53598df0b41c00f12f287a912d0e918e?s=96&r=g","caption":"Bruno Galv\u00e3o"},"description":"Escreve para o portal Suno Not\u00edcias. \u00c9 estudante de Jornalismo pela Faculdade C\u00e1sper L\u00edbero e Letras pela USP. Entusiasta de tecnologia e intelig\u00eancia artificial.","url":"https:\/\/www.suno.com.br\/noticias\/author\/bruno-garcia\/"}]}},"default_loop_html":"<div class=\"cardsPage__listCard__boxs\"><div class=\"cardsPage__listCard__boxs__img\"><a href=\"https:\/\/www.suno.com.br\/noticias\/bolsonaro-nao-interferir-petrobras-petr4\/\"><img class=\"mask\" src=\"https:\/\/www.suno.com.br\/noticias\/wp-content\/themes\/suno\/resources\/images\/spotlight\/spotlight1img\/bg-mask.png\" alt=\"Image Mask\"\/><img src=\"https:\/\/files.sunoresearch.com.br\/n\/uploads\/2021\/03\/17f59e1d-jair-bolsonaro-foto-marcos-correa-pr-2-400x200.webp\" alt=\"Em dia de alta de pre\u00e7os dos combust\u00edveis, Bolsonaro diz que n\u00e3o vai interferir na Petrobras (PETR4)\"\/><\/a><span class=\"spotlightCategory\"><a href=\"https:\/\/www.suno.com.br\/noticias\/politica\/\">Pol\u00edtica<\/a><\/span><\/div><div class=\"cardsPage__listCard__boxs__content\"><a href=\"https:\/\/www.suno.com.br\/noticias\/bolsonaro-nao-interferir-petrobras-petr4\/\"><h2 class=\"content__title\">Em dia de alta de pre\u00e7os dos combust\u00edveis, Bolsonaro diz que n\u00e3o vai interferir na Petrobras (PETR4)<\/h2><\/a><div class=\"newsContent__article__meta\"><div class=\"newsContent__article__meta__authorBox\"><a href=\"https:\/\/www.suno.com.br\/noticias\/author\/bruno-garcia\/\" class=\"authorBox__avatar noMobi\"><img src=\"https:\/\/secure.gravatar.com\/avatar\/53598df0b41c00f12f287a912d0e918e?s=96&#038;r=g\" alt=\"Bruno Galv\u00e3o\"><\/a><div class=\"authorBox__name\"><span>por\n\t\t\t<a href=\"https:\/\/www.suno.com.br\/noticias\/author\/bruno-garcia\/\"><span itemprop=\"author\">Bruno Galv\u00e3o<\/span><\/a><\/span><time datetime=\"2021-10-08T20:13:24-03:00\" itemprop=\"datePublished\">08\/10\/2021 20:13<\/time><\/div><\/div><\/div><\/div><\/div>","single_layout":"posts","amp_enabled":true,"_links":{"self":[{"href":"https:\/\/www.suno.com.br\/noticias\/wp-json\/wp\/v2\/posts\/192429"}],"collection":[{"href":"https:\/\/www.suno.com.br\/noticias\/wp-json\/wp\/v2\/posts"}],"about":[{"href":"https:\/\/www.suno.com.br\/noticias\/wp-json\/wp\/v2\/types\/post"}],"author":[{"embeddable":true,"href":"https:\/\/www.suno.com.br\/noticias\/wp-json\/wp\/v2\/users\/118"}],"replies":[{"embeddable":true,"href":"https:\/\/www.suno.com.br\/noticias\/wp-json\/wp\/v2\/comments?post=192429"}],"version-history":[{"count":4,"href":"https:\/\/www.suno.com.br\/noticias\/wp-json\/wp\/v2\/posts\/192429\/revisions"}],"predecessor-version":[{"id":192480,"href":"https:\/\/www.suno.com.br\/noticias\/wp-json\/wp\/v2\/posts\/192429\/revisions\/192480"}],"wp:featuredmedia":[{"embeddable":true,"href":"https:\/\/www.suno.com.br\/noticias\/wp-json\/wp\/v2\/media\/130359"}],"wp:attachment":[{"href":"https:\/\/www.suno.com.br\/noticias\/wp-json\/wp\/v2\/media?parent=192429"}],"wp:term":[{"taxonomy":"category","embeddable":true,"href":"https:\/\/www.suno.com.br\/noticias\/wp-json\/wp\/v2\/categories?post=192429"},{"taxonomy":"post_tag","embeddable":true,"href":"https:\/\/www.suno.com.br\/noticias\/wp-json\/wp\/v2\/tags?post=192429"},{"taxonomy":"suno_strategy","embeddable":true,"href":"https:\/\/www.suno.com.br\/noticias\/wp-json\/wp\/v2\/suno_strategy?post=192429"}],"curies":[{"name":"wp","href":"https:\/\/api.w.org\/{rel}","templated":true}]}}