{"id":192420,"date":"2021-10-08T19:08:06","date_gmt":"2021-10-08T22:08:06","guid":{"rendered":"https:\/\/www.suno.com.br\/noticias\/?p=192420"},"modified":"2021-10-08T19:08:06","modified_gmt":"2021-10-08T22:08:06","slug":"sp500-queda-volatilidade-payroll-eua","status":"publish","type":"post","link":"https:\/\/www.suno.com.br\/noticias\/sp500-queda-volatilidade-payroll-eua\/","title":{"rendered":"S&#038;P 500 fecha em baixa, com gera\u00e7\u00e3o de emprego abaixo do esperado nos EUA"},"content":{"rendered":"<p>Ap\u00f3s preg\u00e3o vol\u00e1til, o <strong>S&amp;P 500<\/strong> fechou em queda nesta sexta-feira (8), refletindo os dados mistos do relat\u00f3rio de empregos dos Estados Unidos (payroll).<\/p>\t<div class=\"wrapper-featured-image\">\n\t\t<figure class=\"spotlightImg\">\n\n\t\t\t<picture>\n\t\t\t\t<source media=\"(max-width: 768px)\" srcset=\"https:\/\/files.sunoresearch.com.br\/n\/uploads\/2021\/05\/d05d0106-usa-5018531_1280-400x200.webp\">\n\t\t\t\t<img loading=\"lazy\" decoding=\"async\" class=\"newsContent__article__imgCapa lazyloadDisabled \" src=\"https:\/\/files.sunoresearch.com.br\/n\/uploads\/2021\/05\/d05d0106-usa-5018531_1280-800x450.webp\" width=\"800\" height=\"450\" alt=\"S&#038;P 500 fecha em baixa, com gera\u00e7\u00e3o de emprego abaixo do esperado nos EUA\" fetchpriority=high \/>\n\t\t\t<\/picture>\n\n\t\t\t<figcaption class=\"wp-caption-text wp-caption-text--show\">S&amp;P 500. Foto: Pixabay<\/figcaption>\n\t\t<\/figure>\n\t<\/div>\n\n\n\t<p>\n\t\t<a href=\"https:\/\/lp.suno.com.br\/planilha-controle-gastos\/\" target=\"_blank\" data-element=\"shortcode-suno-banner\" title=\"Banner SUNO, clique e saiba mais\">\n\t\t\t<picture>\n\t\t\t\t<source media=\"(max-width: 500px)\" srcset=\"https:\/\/files.sunoresearch.com.br\/n\/uploads\/2023\/03\/400x300-Planilha-controle-de-gastos.png\">\n\t\t\t\t<img class=\"newsContent__article__imgCapa newsContent__article__imgCapa--banner\"\n\t\t\t\t\tsrc=\"https:\/\/files.sunoresearch.com.br\/n\/uploads\/2023\/03\/1420x240-Planilha-controle-de-gastos.png\"\n\t\t\t\t\tdata-promo-id=\"101751\"\t\t\t\t\t\t\t\t\t\twidth='1420' height='240'\t\t\t\t\talt=\"https:\/\/files.sunoresearch.com.br\/n\/uploads\/2023\/03\/1420x240-Planilha-controle-de-gastos.png\"\n\t\t\t\t>\n\t\t\t<\/picture>\n\t\t<\/a>\n\t<\/p>\n\n\n<p>O <strong>Dow Jones<\/strong> caiu 0,03%, a 34.746,25, o <strong><a class=\"suno-keyword\" href=\"https:\/\/www.suno.com.br\/artigos\/sp-500\/\" target=\"_blank\" rel=\"noopener\" data-force=\"no\" data-priority=\"3\">S&amp;P 500<\/a><\/strong> recuou 0,19%, a 4.391,34, e o <a class=\"suno-keyword\" href=\"https:\/\/www.suno.com.br\/artigos\/nasdaq-composite\/\" target=\"_blank\" rel=\"noopener\" data-force=\"no\" data-priority=\"1\">Nasdaq Composite<\/a> teve baixa de 0,51%, a 14.579,54. Na semana, os \u00edndices subiram 1,22%, 0,79% e 0,09%, respectivamente.<\/p>\n<p>Em setembro, o mercado de trabalho americano gerou 194 mil empregos. A previs\u00e3o era de 500 mil novos postos. Apesar disso, os dados de cria\u00e7\u00e3o de vagas em agosto e julho foram revisados para cima. &#8220;As <strong>a\u00e7\u00f5es dos EUA<\/strong> n\u00e3o sabiam como reagir a um relat\u00f3rio complexo de empregos&#8221;, comentou o analista da Oanda Edward Moya.<\/p>\n<p>As revis\u00f5es em per\u00edodos anteriores devem permitir que o <strong>Federal Reserve<\/strong> (Fed, o banco central norte-americano) anuncie em novembro o <i>tapering<\/i>, como \u00e9 chamado o processo de redu\u00e7\u00e3o gradual das compras de ativos.<\/p>\n\t<p>\n\t\t<a href=\"\" target=\"_blank\" data-element=\"shortcode-suno-banner\" title=\"Banner SUNO, clique e saiba mais\">\n\t\t\t<picture>\n\t\t\t\t<source media=\"(max-width: 500px)\" srcset=\"\">\n\t\t\t\t<img class=\"newsContent__article__imgCapa newsContent__article__imgCapa--banner\"\n\t\t\t\t\tsrc=\"\"\n\t\t\t\t\tdata-promo-id=\"77030\"\t\t\t\t\t\t\t\t\t\t\t\t\t\t\talt=\"\"\n\t\t\t\t>\n\t\t\t<\/picture>\n\t\t<\/a>\n\t<\/p>\n\n\n<p>&#8220;Se o relat\u00f3rio do pr\u00f3ximo m\u00eas tamb\u00e9m apresentar um ritmo lento de contrata\u00e7\u00e3o, <a class=\"suno-keyword\" href=\"https:\/\/www.suno.com.br\/artigos\/wall-street\/\" target=\"_blank\" rel=\"noopener\" data-force=\"no\" data-priority=\"2\">Wall Street<\/a> pode se tornar mais c\u00e9tico em rela\u00e7\u00e3o a qualquer aumento nas taxas de juros no final do ano que vem&#8221;, afirma Moya, da Oanda.<\/p>\n<p>Na pr\u00f3xima semana, o mercado deve acompanhar de perto a divulga\u00e7\u00e3o do \u00edndice de pre\u00e7os ao consumidor (CPI, na sigla em ingl\u00eas) dos EUA, j\u00e1 que o payroll mostrou um aumento das press\u00f5es salariais, o que pode se refletir em uma acelera\u00e7\u00e3o inflacion\u00e1ria.<\/p>\n<p>Essa volatilidade das bolsas ocorre um dia depois de os \u00edndices acion\u00e1rios terem reagido com forte alta ao acordo fechado no Senado americano para elevar o teto da d\u00edvida at\u00e9 dezembro. Essa solu\u00e7\u00e3o tempor\u00e1ria, que gerou al\u00edvio em investidores que temiam um calote do governo dos EUA nos pr\u00f3ximos dias, apenas adiou o impasse pol\u00edtico entre democratas e republicanos no Congresso.<\/p>\n\t<p>\n\t\t<a href=\"\" target=\"_blank\" data-element=\"shortcode-suno-banner\" title=\"Banner SUNO, clique e saiba mais\">\n\t\t\t<picture>\n\t\t\t\t<source media=\"(max-width: 500px)\" srcset=\"\">\n\t\t\t\t<img class=\"newsContent__article__imgCapa newsContent__article__imgCapa--banner\"\n\t\t\t\t\tsrc=\"\"\n\t\t\t\t\tdata-promo-id=\"92668\"\t\t\t\t\t\t\t\t\t\t\t\t\t\t\talt=\"\"\n\t\t\t\t>\n\t\t\t<\/picture>\n\t\t<\/a>\n\t<\/p>\n\n\n<p>No S&amp;P 500, um dos \u00fanicos setores que fecharam em alta foi o de energia (+3,12%). O sub\u00edndice foi impulsionado por a\u00e7\u00f5es como o da petroleira <strong>Chevron<\/strong> (CHVX34) com aumento de 2,24%, que foram beneficiadas pelo aumento do pre\u00e7o do barril de petr\u00f3leo. A commodity tem sido apoiada pela <a class=\"suno-keyword\" href=\"https:\/\/www.suno.com.br\/artigos\/oferta-restrita\/\" target=\"_blank\" rel=\"noopener\" data-force=\"no\" data-priority=\"1\">oferta restrita<\/a> de combust\u00edveis f\u00f3sseis, que tem gerado crises energ\u00e9ticas pelo mundo.<\/p>\n<p>Os pap\u00e9is do <strong>Facebook<\/strong> (FBOK34), por sua vez, avan\u00e7aram 0,25%, em um dia no qual a rede social criada por Mark Zuckerberg e o Instagram, adquirido pelo bilion\u00e1rio, enfrentaram instabilidade pela segunda vez na semana.<\/p>\n<p>Ainda no setor de tecnologia e servi\u00e7os de comunica\u00e7\u00e3o, a a\u00e7\u00e3o da <strong>Apple<\/strong> (AAPL34) caiu 0,27%, a da <strong>Amazon<\/strong> (AMZO34) cedeu 0,42% e a da <strong>Alphabet<\/strong>, dona do Google (GOGL34), registrou alta de 0,40%.<\/p>\n<p>Nesta sexta, a Organiza\u00e7\u00e3o para a Coopera\u00e7\u00e3o e o <a class=\"suno-keyword\" href=\"https:\/\/www.suno.com.br\/artigos\/desenvolvimento-economico\/\" target=\"_blank\" rel=\"noopener\" data-force=\"no\" data-priority=\"1\">Desenvolvimento Econ\u00f4mico<\/a> (OCDE) anunciou um acordo entre 136 pa\u00edses para cobrar um imposto m\u00ednimo global de 15% das multinacionais a partir de 2023. A proposta j\u00e1 havia recebido o endosso do G7 e do G20.<\/p>\n<h2>Cota\u00e7\u00e3o do S&amp;P nesta quinta (7)<\/h2>\n<p>O\u00a0S&amp;P 500 fechou a sess\u00e3o de ontem em alta, com as bolsas de Nova York atentas ao acordo no parlamento dos Estados Unidos sobre a quest\u00e3o do <strong>teto da d\u00edvida<\/strong> americana. Investidores temiam que o pa\u00eds pudesse dar calote.<\/p>\n<p>O\u00a0<strong>S&amp;P 500<\/strong>\u00a0subiu 0,83% para 4.399,76 pontos, enquanto o\u00a0Dow Jones\u00a0fechou em alta de 0,98%, aos 34.754,94 pontos, e o\u00a0Nasdaq\u00a0Composite avan\u00e7ou 1,05%, a 14.654,02 pontos.<\/p>\n<p><a href=\"https:\/\/lp.suno.com.br\/newsletter-noticias\/\" target=\"_blank\" rel=\"noopener\" data-element=\"shortcode-suno-banner\" data-parameter=\"banner-mat-0-https:\/\/lp.suno.com.br\/newsletter-noticias\/\"><picture><source srcset=\"https:\/\/files.sunoresearch.com.br\/n\/uploads\/2021\/09\/Banner-MOBILE-54-1-1.jpg\" media=\"(max-width: 500px)\" data-srcset=\"https:\/\/files.sunoresearch.com.br\/n\/uploads\/2021\/09\/Banner-MOBILE-54-1-1.jpg\" \/><\/picture><\/a><\/p>\n<p><em>(Com informa\u00e7\u00f5es da Ag\u00eancia Estado)<\/em><\/p>\n\t<p>\n\t\t<a href=\"https:\/\/lp.suno.com.br\/planilha-de-controle-de-investimentos\/\" target=\"_blank\" data-element=\"shortcode-suno-banner\" title=\"Banner SUNO, clique e saiba mais\">\n\t\t\t<picture>\n\t\t\t\t<source media=\"(max-width: 500px)\" srcset=\"https:\/\/files.sunoresearch.com.br\/n\/uploads\/2023\/03\/400x300-Controle-de-Investimentos.png\">\n\t\t\t\t<img class=\"newsContent__article__imgCapa newsContent__article__imgCapa--banner\"\n\t\t\t\t\tsrc=\"https:\/\/files.sunoresearch.com.br\/n\/uploads\/2023\/03\/1420x240-Controle-de-Investimentos.png\"\n\t\t\t\t\tdata-promo-id=\"75934\"\t\t\t\t\t\t\t\t\t\twidth='1420' height='240'\t\t\t\t\talt=\"https:\/\/files.sunoresearch.com.br\/n\/uploads\/2023\/03\/1420x240-Controle-de-Investimentos.png\"\n\t\t\t\t>\n\t\t\t<\/picture>\n\t\t<\/a>\n\t<\/p>\n\n\n","protected":false},"excerpt":{"rendered":"<p>Ap\u00f3s preg\u00e3o vol\u00e1til, o S&amp;P 500 fechou em queda nesta sexta-feira (8), refletindo os dados mistos do relat\u00f3rio de empregos dos Estados Unidos (payroll). S&amp;P 500. Foto: Pixabay O Dow Jones caiu 0,03%, a 34.746,25, o S&amp;P 500 recuou 0,19%, a 4.391,34, e o Nasdaq Composite teve baixa de 0,51%, a 14.579,54. Na semana, os [&hellip;]<\/p>\n","protected":false},"author":118,"featured_media":149845,"comment_status":"closed","ping_status":"closed","sticky":false,"template":"","format":"standard","meta":[],"categories":[60],"tags":[1372,694,794,1058,2006,733,964,2667],"suno_strategy":[],"class_list":["post-192420","post","type-post","status-publish","format-standard","has-post-thumbnail","hentry","category-mercado","tag-alphabet-gogl34-gogl35","tag-amazon-amzo34","tag-apple-aapl34","tag-chevron-chvx34","tag-dow-jones","tag-facebook-fbok34","tag-nasdaq","tag-sp-500"],"yoast_head":"<!-- This site is optimized with the Yoast SEO plugin v24.4 - https:\/\/yoast.com\/wordpress\/plugins\/seo\/ -->\n<title>S&amp;P 500 fecha em baixa, com gera\u00e7\u00e3o de emprego abaixo do esperado nos EUA<\/title>\n<meta name=\"description\" content=\"Ap\u00f3s preg\u00e3o vol\u00e1til, o S&amp;P 500 fechou em queda nesta sexta (8), refletindo os dados mistos do relat\u00f3rio de empregos dos EUA...Saiba mais\" \/>\n<meta name=\"robots\" content=\"index, follow, max-snippet:-1, max-image-preview:large, max-video-preview:-1\" \/>\n<link rel=\"canonical\" href=\"https:\/\/www.suno.com.br\/noticias\/sp500-queda-volatilidade-payroll-eua\/\" \/>\n<meta property=\"og:locale\" content=\"pt_BR\" \/>\n<meta property=\"og:type\" content=\"article\" \/>\n<meta property=\"og:title\" content=\"S&amp;P 500 fecha em baixa, com gera\u00e7\u00e3o de emprego abaixo do esperado nos EUA\" \/>\n<meta property=\"og:description\" content=\"Ap\u00f3s preg\u00e3o vol\u00e1til, o S&amp;P 500 fechou em queda nesta sexta (8), refletindo os dados mistos do relat\u00f3rio de empregos dos EUA...Saiba mais\" \/>\n<meta property=\"og:url\" content=\"https:\/\/www.suno.com.br\/noticias\/sp500-queda-volatilidade-payroll-eua\/\" \/>\n<meta property=\"og:site_name\" content=\"Suno Not\u00edcias\" \/>\n<meta property=\"article:publisher\" content=\"https:\/\/facebook.com\/sunoresearch\" \/>\n<meta property=\"og:image\" content=\"https:\/\/files.sunoresearch.com.br\/n\/uploads\/2021\/05\/d05d0106-usa-5018531_1280.jpg\" \/>\n\t<meta property=\"og:image:width\" content=\"1280\" \/>\n\t<meta property=\"og:image:height\" content=\"818\" \/>\n\t<meta property=\"og:image:type\" content=\"image\/jpeg\" \/>\n<meta name=\"author\" content=\"Bruno Galv\u00e3o\" \/>\n<meta name=\"twitter:card\" content=\"summary_large_image\" \/>\n<meta name=\"twitter:creator\" content=\"@sunoresearch\" \/>\n<meta name=\"twitter:site\" content=\"@sunoresearch\" \/>\n<meta name=\"twitter:label1\" content=\"Escrito por\" \/>\n\t<meta name=\"twitter:data1\" content=\"Bruno Galv\u00e3o\" \/>\n\t<meta name=\"twitter:label2\" content=\"Est. tempo de leitura\" \/>\n\t<meta name=\"twitter:data2\" content=\"3 minutos\" \/>\n<script type=\"application\/ld+json\" class=\"yoast-schema-graph\">{\"@context\":\"https:\/\/schema.org\",\"@graph\":[{\"@type\":\"NewsArticle\",\"@id\":\"https:\/\/www.suno.com.br\/noticias\/sp500-queda-volatilidade-payroll-eua\/#article\",\"isPartOf\":{\"@id\":\"https:\/\/www.suno.com.br\/noticias\/sp500-queda-volatilidade-payroll-eua\/\"},\"author\":{\"name\":\"Bruno Galv\u00e3o\",\"@id\":\"https:\/\/www.suno.com.br\/noticias\/#\/schema\/person\/06f0d962a6b1c54852e4860f16935600\"},\"headline\":\"S&#038;P 500 fecha em baixa, com gera\u00e7\u00e3o de emprego abaixo do esperado nos EUA\",\"datePublished\":\"2021-10-08T22:08:06+00:00\",\"mainEntityOfPage\":{\"@id\":\"https:\/\/www.suno.com.br\/noticias\/sp500-queda-volatilidade-payroll-eua\/\"},\"wordCount\":608,\"publisher\":{\"@id\":\"https:\/\/www.suno.com.br\/noticias\/#organization\"},\"image\":{\"@id\":\"https:\/\/www.suno.com.br\/noticias\/sp500-queda-volatilidade-payroll-eua\/#primaryimage\"},\"thumbnailUrl\":\"https:\/\/files.sunoresearch.com.br\/n\/uploads\/2021\/05\/d05d0106-usa-5018531_1280-jpg.webp\",\"keywords\":[\"Alphabet (GOGL34\/GOGL35)\",\"Amazon (AMZO34)\",\"Apple (AAPL34)\",\"Chevron (CHVX34)\",\"Dow Jones\",\"Facebook (FBOK34)\",\"Nasdaq\",\"S&amp;P 500\"],\"articleSection\":[\"Mercado\"],\"inLanguage\":\"pt-BR\"},{\"@type\":\"WebPage\",\"@id\":\"https:\/\/www.suno.com.br\/noticias\/sp500-queda-volatilidade-payroll-eua\/\",\"url\":\"https:\/\/www.suno.com.br\/noticias\/sp500-queda-volatilidade-payroll-eua\/\",\"name\":\"S&P 500 fecha em baixa, com gera\u00e7\u00e3o de emprego abaixo do esperado nos EUA\",\"isPartOf\":{\"@id\":\"https:\/\/www.suno.com.br\/noticias\/#website\"},\"primaryImageOfPage\":{\"@id\":\"https:\/\/www.suno.com.br\/noticias\/sp500-queda-volatilidade-payroll-eua\/#primaryimage\"},\"image\":{\"@id\":\"https:\/\/www.suno.com.br\/noticias\/sp500-queda-volatilidade-payroll-eua\/#primaryimage\"},\"thumbnailUrl\":\"https:\/\/files.sunoresearch.com.br\/n\/uploads\/2021\/05\/d05d0106-usa-5018531_1280-jpg.webp\",\"datePublished\":\"2021-10-08T22:08:06+00:00\",\"description\":\"Ap\u00f3s preg\u00e3o vol\u00e1til, o S&P 500 fechou em queda nesta sexta (8), refletindo os dados mistos do relat\u00f3rio de empregos dos EUA...Saiba mais\",\"breadcrumb\":{\"@id\":\"https:\/\/www.suno.com.br\/noticias\/sp500-queda-volatilidade-payroll-eua\/#breadcrumb\"},\"inLanguage\":\"pt-BR\",\"potentialAction\":[{\"@type\":\"ReadAction\",\"target\":[\"https:\/\/www.suno.com.br\/noticias\/sp500-queda-volatilidade-payroll-eua\/\"]}]},{\"@type\":\"ImageObject\",\"inLanguage\":\"pt-BR\",\"@id\":\"https:\/\/www.suno.com.br\/noticias\/sp500-queda-volatilidade-payroll-eua\/#primaryimage\",\"url\":\"https:\/\/files.sunoresearch.com.br\/n\/uploads\/2021\/05\/d05d0106-usa-5018531_1280-jpg.webp\",\"contentUrl\":\"https:\/\/files.sunoresearch.com.br\/n\/uploads\/2021\/05\/d05d0106-usa-5018531_1280-jpg.webp\",\"width\":1280,\"height\":818,\"caption\":\"S&P 500. Foto: Pixabay\"},{\"@type\":\"BreadcrumbList\",\"@id\":\"https:\/\/www.suno.com.br\/noticias\/sp500-queda-volatilidade-payroll-eua\/#breadcrumb\",\"itemListElement\":[{\"@type\":\"ListItem\",\"position\":1,\"name\":\"Not\u00edcias\",\"item\":\"https:\/\/www.suno.com.br\/noticias\/\"},{\"@type\":\"ListItem\",\"position\":2,\"name\":\"Mercado\",\"item\":\"https:\/\/www.suno.com.br\/noticias\/mercado\/\"},{\"@type\":\"ListItem\",\"position\":3,\"name\":\"S&#038;P 500 fecha em baixa, com gera\u00e7\u00e3o de emprego abaixo do esperado nos EUA\"}]},{\"@type\":\"WebSite\",\"@id\":\"https:\/\/www.suno.com.br\/noticias\/#website\",\"url\":\"https:\/\/www.suno.com.br\/noticias\/\",\"name\":\"Suno Not\u00edcias\",\"description\":\"Seu portal de informa\u00e7\u00e3o sobre o mundo dos investimentos\",\"publisher\":{\"@id\":\"https:\/\/www.suno.com.br\/noticias\/#organization\"},\"potentialAction\":[{\"@type\":\"SearchAction\",\"target\":{\"@type\":\"EntryPoint\",\"urlTemplate\":\"https:\/\/www.suno.com.br\/noticias\/?s={search_term_string}\"},\"query-input\":{\"@type\":\"PropertyValueSpecification\",\"valueRequired\":true,\"valueName\":\"search_term_string\"}}],\"inLanguage\":\"pt-BR\"},{\"@type\":\"Organization\",\"@id\":\"https:\/\/www.suno.com.br\/noticias\/#organization\",\"name\":\"Suno Not\u00edcias\",\"url\":\"https:\/\/www.suno.com.br\/noticias\/\",\"logo\":{\"@type\":\"ImageObject\",\"inLanguage\":\"pt-BR\",\"@id\":\"https:\/\/www.suno.com.br\/noticias\/#\/schema\/logo\/image\/\",\"url\":\"https:\/\/files.sunoresearch.com.br\/n\/uploads\/2021\/09\/suno-logo.png\",\"contentUrl\":\"https:\/\/files.sunoresearch.com.br\/n\/uploads\/2021\/09\/suno-logo.png\",\"width\":180,\"height\":180,\"caption\":\"Suno Not\u00edcias\"},\"image\":{\"@id\":\"https:\/\/www.suno.com.br\/noticias\/#\/schema\/logo\/image\/\"},\"sameAs\":[\"https:\/\/facebook.com\/sunoresearch\",\"https:\/\/x.com\/sunoresearch\",\"https:\/\/www.instagram.com\/suno\",\"https:\/\/www.linkedin.com\/company\/suno-research\/\",\"https:\/\/www.youtube.com\/c\/sunoresearch\"]},{\"@type\":\"Person\",\"@id\":\"https:\/\/www.suno.com.br\/noticias\/#\/schema\/person\/06f0d962a6b1c54852e4860f16935600\",\"name\":\"Bruno Galv\u00e3o\",\"image\":{\"@type\":\"ImageObject\",\"inLanguage\":\"pt-BR\",\"@id\":\"https:\/\/www.suno.com.br\/noticias\/#\/schema\/person\/image\/\",\"url\":\"https:\/\/secure.gravatar.com\/avatar\/53598df0b41c00f12f287a912d0e918e?s=96&r=g\",\"contentUrl\":\"https:\/\/secure.gravatar.com\/avatar\/53598df0b41c00f12f287a912d0e918e?s=96&r=g\",\"caption\":\"Bruno Galv\u00e3o\"},\"description\":\"Escreve para o portal Suno Not\u00edcias. \u00c9 estudante de Jornalismo pela Faculdade C\u00e1sper L\u00edbero e Letras pela USP. Entusiasta de tecnologia e intelig\u00eancia artificial.\",\"url\":\"https:\/\/www.suno.com.br\/noticias\/author\/bruno-garcia\/\"}]}<\/script>\n<!-- \/ Yoast SEO plugin. -->","yoast_head_json":{"title":"S&P 500 fecha em baixa, com gera\u00e7\u00e3o de emprego abaixo do esperado nos EUA","description":"Ap\u00f3s preg\u00e3o vol\u00e1til, o S&P 500 fechou em queda nesta sexta (8), refletindo os dados mistos do relat\u00f3rio de empregos dos EUA...Saiba mais","robots":{"index":"index","follow":"follow","max-snippet":"max-snippet:-1","max-image-preview":"max-image-preview:large","max-video-preview":"max-video-preview:-1"},"canonical":"https:\/\/www.suno.com.br\/noticias\/sp500-queda-volatilidade-payroll-eua\/","og_locale":"pt_BR","og_type":"article","og_title":"S&P 500 fecha em baixa, com gera\u00e7\u00e3o de emprego abaixo do esperado nos EUA","og_description":"Ap\u00f3s preg\u00e3o vol\u00e1til, o S&P 500 fechou em queda nesta sexta (8), refletindo os dados mistos do relat\u00f3rio de empregos dos EUA...Saiba mais","og_url":"https:\/\/www.suno.com.br\/noticias\/sp500-queda-volatilidade-payroll-eua\/","og_site_name":"Suno Not\u00edcias","article_publisher":"https:\/\/facebook.com\/sunoresearch","og_image":[{"width":1280,"height":818,"url":"https:\/\/files.sunoresearch.com.br\/n\/uploads\/2021\/05\/d05d0106-usa-5018531_1280.jpg","type":"image\/jpeg"}],"author":"Bruno Galv\u00e3o","twitter_card":"summary_large_image","twitter_creator":"@sunoresearch","twitter_site":"@sunoresearch","twitter_misc":{"Escrito por":"Bruno Galv\u00e3o","Est. tempo de leitura":"3 minutos"},"schema":{"@context":"https:\/\/schema.org","@graph":[{"@type":"NewsArticle","@id":"https:\/\/www.suno.com.br\/noticias\/sp500-queda-volatilidade-payroll-eua\/#article","isPartOf":{"@id":"https:\/\/www.suno.com.br\/noticias\/sp500-queda-volatilidade-payroll-eua\/"},"author":{"name":"Bruno Galv\u00e3o","@id":"https:\/\/www.suno.com.br\/noticias\/#\/schema\/person\/06f0d962a6b1c54852e4860f16935600"},"headline":"S&#038;P 500 fecha em baixa, com gera\u00e7\u00e3o de emprego abaixo do esperado nos EUA","datePublished":"2021-10-08T22:08:06+00:00","mainEntityOfPage":{"@id":"https:\/\/www.suno.com.br\/noticias\/sp500-queda-volatilidade-payroll-eua\/"},"wordCount":608,"publisher":{"@id":"https:\/\/www.suno.com.br\/noticias\/#organization"},"image":{"@id":"https:\/\/www.suno.com.br\/noticias\/sp500-queda-volatilidade-payroll-eua\/#primaryimage"},"thumbnailUrl":"https:\/\/files.sunoresearch.com.br\/n\/uploads\/2021\/05\/d05d0106-usa-5018531_1280-jpg.webp","keywords":["Alphabet (GOGL34\/GOGL35)","Amazon (AMZO34)","Apple (AAPL34)","Chevron (CHVX34)","Dow Jones","Facebook (FBOK34)","Nasdaq","S&amp;P 500"],"articleSection":["Mercado"],"inLanguage":"pt-BR"},{"@type":"WebPage","@id":"https:\/\/www.suno.com.br\/noticias\/sp500-queda-volatilidade-payroll-eua\/","url":"https:\/\/www.suno.com.br\/noticias\/sp500-queda-volatilidade-payroll-eua\/","name":"S&P 500 fecha em baixa, com gera\u00e7\u00e3o de emprego abaixo do esperado nos EUA","isPartOf":{"@id":"https:\/\/www.suno.com.br\/noticias\/#website"},"primaryImageOfPage":{"@id":"https:\/\/www.suno.com.br\/noticias\/sp500-queda-volatilidade-payroll-eua\/#primaryimage"},"image":{"@id":"https:\/\/www.suno.com.br\/noticias\/sp500-queda-volatilidade-payroll-eua\/#primaryimage"},"thumbnailUrl":"https:\/\/files.sunoresearch.com.br\/n\/uploads\/2021\/05\/d05d0106-usa-5018531_1280-jpg.webp","datePublished":"2021-10-08T22:08:06+00:00","description":"Ap\u00f3s preg\u00e3o vol\u00e1til, o S&P 500 fechou em queda nesta sexta (8), refletindo os dados mistos do relat\u00f3rio de empregos dos EUA...Saiba mais","breadcrumb":{"@id":"https:\/\/www.suno.com.br\/noticias\/sp500-queda-volatilidade-payroll-eua\/#breadcrumb"},"inLanguage":"pt-BR","potentialAction":[{"@type":"ReadAction","target":["https:\/\/www.suno.com.br\/noticias\/sp500-queda-volatilidade-payroll-eua\/"]}]},{"@type":"ImageObject","inLanguage":"pt-BR","@id":"https:\/\/www.suno.com.br\/noticias\/sp500-queda-volatilidade-payroll-eua\/#primaryimage","url":"https:\/\/files.sunoresearch.com.br\/n\/uploads\/2021\/05\/d05d0106-usa-5018531_1280-jpg.webp","contentUrl":"https:\/\/files.sunoresearch.com.br\/n\/uploads\/2021\/05\/d05d0106-usa-5018531_1280-jpg.webp","width":1280,"height":818,"caption":"S&P 500. Foto: Pixabay"},{"@type":"BreadcrumbList","@id":"https:\/\/www.suno.com.br\/noticias\/sp500-queda-volatilidade-payroll-eua\/#breadcrumb","itemListElement":[{"@type":"ListItem","position":1,"name":"Not\u00edcias","item":"https:\/\/www.suno.com.br\/noticias\/"},{"@type":"ListItem","position":2,"name":"Mercado","item":"https:\/\/www.suno.com.br\/noticias\/mercado\/"},{"@type":"ListItem","position":3,"name":"S&#038;P 500 fecha em baixa, com gera\u00e7\u00e3o de emprego abaixo do esperado nos EUA"}]},{"@type":"WebSite","@id":"https:\/\/www.suno.com.br\/noticias\/#website","url":"https:\/\/www.suno.com.br\/noticias\/","name":"Suno Not\u00edcias","description":"Seu portal de informa\u00e7\u00e3o sobre o mundo dos investimentos","publisher":{"@id":"https:\/\/www.suno.com.br\/noticias\/#organization"},"potentialAction":[{"@type":"SearchAction","target":{"@type":"EntryPoint","urlTemplate":"https:\/\/www.suno.com.br\/noticias\/?s={search_term_string}"},"query-input":{"@type":"PropertyValueSpecification","valueRequired":true,"valueName":"search_term_string"}}],"inLanguage":"pt-BR"},{"@type":"Organization","@id":"https:\/\/www.suno.com.br\/noticias\/#organization","name":"Suno Not\u00edcias","url":"https:\/\/www.suno.com.br\/noticias\/","logo":{"@type":"ImageObject","inLanguage":"pt-BR","@id":"https:\/\/www.suno.com.br\/noticias\/#\/schema\/logo\/image\/","url":"https:\/\/files.sunoresearch.com.br\/n\/uploads\/2021\/09\/suno-logo.png","contentUrl":"https:\/\/files.sunoresearch.com.br\/n\/uploads\/2021\/09\/suno-logo.png","width":180,"height":180,"caption":"Suno Not\u00edcias"},"image":{"@id":"https:\/\/www.suno.com.br\/noticias\/#\/schema\/logo\/image\/"},"sameAs":["https:\/\/facebook.com\/sunoresearch","https:\/\/x.com\/sunoresearch","https:\/\/www.instagram.com\/suno","https:\/\/www.linkedin.com\/company\/suno-research\/","https:\/\/www.youtube.com\/c\/sunoresearch"]},{"@type":"Person","@id":"https:\/\/www.suno.com.br\/noticias\/#\/schema\/person\/06f0d962a6b1c54852e4860f16935600","name":"Bruno Galv\u00e3o","image":{"@type":"ImageObject","inLanguage":"pt-BR","@id":"https:\/\/www.suno.com.br\/noticias\/#\/schema\/person\/image\/","url":"https:\/\/secure.gravatar.com\/avatar\/53598df0b41c00f12f287a912d0e918e?s=96&r=g","contentUrl":"https:\/\/secure.gravatar.com\/avatar\/53598df0b41c00f12f287a912d0e918e?s=96&r=g","caption":"Bruno Galv\u00e3o"},"description":"Escreve para o portal Suno Not\u00edcias. \u00c9 estudante de Jornalismo pela Faculdade C\u00e1sper L\u00edbero e Letras pela USP. Entusiasta de tecnologia e intelig\u00eancia artificial.","url":"https:\/\/www.suno.com.br\/noticias\/author\/bruno-garcia\/"}]}},"default_loop_html":"<div class=\"cardsPage__listCard__boxs\"><div class=\"cardsPage__listCard__boxs__img\"><a href=\"https:\/\/www.suno.com.br\/noticias\/sp500-queda-volatilidade-payroll-eua\/\"><img class=\"mask\" src=\"https:\/\/www.suno.com.br\/noticias\/wp-content\/themes\/suno\/resources\/images\/spotlight\/spotlight1img\/bg-mask.png\" alt=\"Image Mask\"\/><img src=\"https:\/\/files.sunoresearch.com.br\/n\/uploads\/2021\/05\/d05d0106-usa-5018531_1280-400x200.webp\" alt=\"S&#038;P 500 fecha em baixa, com gera\u00e7\u00e3o de emprego abaixo do esperado nos EUA\"\/><\/a><span class=\"spotlightCategory\"><a href=\"https:\/\/www.suno.com.br\/noticias\/mercado\/\">Mercado<\/a><\/span><\/div><div class=\"cardsPage__listCard__boxs__content\"><a href=\"https:\/\/www.suno.com.br\/noticias\/sp500-queda-volatilidade-payroll-eua\/\"><h2 class=\"content__title\">S&#038;P 500 fecha em baixa, com gera\u00e7\u00e3o de emprego abaixo do esperado nos EUA<\/h2><\/a><div class=\"newsContent__article__meta\"><div class=\"newsContent__article__meta__authorBox\"><a href=\"https:\/\/www.suno.com.br\/noticias\/author\/bruno-garcia\/\" class=\"authorBox__avatar noMobi\"><img src=\"https:\/\/secure.gravatar.com\/avatar\/53598df0b41c00f12f287a912d0e918e?s=96&#038;r=g\" alt=\"Bruno Galv\u00e3o\"><\/a><div class=\"authorBox__name\"><span>por\n\t\t\t<a href=\"https:\/\/www.suno.com.br\/noticias\/author\/bruno-garcia\/\"><span itemprop=\"author\">Bruno Galv\u00e3o<\/span><\/a><\/span><time datetime=\"2021-10-08T19:08:06-03:00\" itemprop=\"datePublished\">08\/10\/2021 19:08<\/time><\/div><\/div><\/div><\/div><\/div>","single_layout":"posts","amp_enabled":true,"_links":{"self":[{"href":"https:\/\/www.suno.com.br\/noticias\/wp-json\/wp\/v2\/posts\/192420"}],"collection":[{"href":"https:\/\/www.suno.com.br\/noticias\/wp-json\/wp\/v2\/posts"}],"about":[{"href":"https:\/\/www.suno.com.br\/noticias\/wp-json\/wp\/v2\/types\/post"}],"author":[{"embeddable":true,"href":"https:\/\/www.suno.com.br\/noticias\/wp-json\/wp\/v2\/users\/118"}],"replies":[{"embeddable":true,"href":"https:\/\/www.suno.com.br\/noticias\/wp-json\/wp\/v2\/comments?post=192420"}],"version-history":[{"count":5,"href":"https:\/\/www.suno.com.br\/noticias\/wp-json\/wp\/v2\/posts\/192420\/revisions"}],"predecessor-version":[{"id":192444,"href":"https:\/\/www.suno.com.br\/noticias\/wp-json\/wp\/v2\/posts\/192420\/revisions\/192444"}],"wp:featuredmedia":[{"embeddable":true,"href":"https:\/\/www.suno.com.br\/noticias\/wp-json\/wp\/v2\/media\/149845"}],"wp:attachment":[{"href":"https:\/\/www.suno.com.br\/noticias\/wp-json\/wp\/v2\/media?parent=192420"}],"wp:term":[{"taxonomy":"category","embeddable":true,"href":"https:\/\/www.suno.com.br\/noticias\/wp-json\/wp\/v2\/categories?post=192420"},{"taxonomy":"post_tag","embeddable":true,"href":"https:\/\/www.suno.com.br\/noticias\/wp-json\/wp\/v2\/tags?post=192420"},{"taxonomy":"suno_strategy","embeddable":true,"href":"https:\/\/www.suno.com.br\/noticias\/wp-json\/wp\/v2\/suno_strategy?post=192420"}],"curies":[{"name":"wp","href":"https:\/\/api.w.org\/{rel}","templated":true}]}}