{"id":19238,"date":"2019-03-27T17:34:54","date_gmt":"2019-03-27T20:34:54","guid":{"rendered":"https:\/\/www.suno.com.br\/noticias\/?p=19238"},"modified":"2019-03-27T17:54:06","modified_gmt":"2019-03-27T20:54:06","slug":"paulo-guedes-nao-apego-cargo-bolsa-reage","status":"publish","type":"post","link":"https:\/\/www.suno.com.br\/noticias\/paulo-guedes-nao-apego-cargo-bolsa-reage\/","title":{"rendered":"Paulo Guedes afirma n\u00e3o ter apego ao cargo; Bolsa reage negativamente"},"content":{"rendered":"<p>O ministro da Economia,<strong> Paulo Guedes<\/strong>, afirmou nesta quarta-feira (27) que <strong>n\u00e3o possui apego ao cargo<\/strong> pol\u00edtico. Contudo, tamb\u00e9m disse que <strong>n\u00e3o ser\u00e1 inconsequente<\/strong> ou irrespons\u00e1vel a ponto de sair &#8220;na primeira derrota&#8221;.<\/p>\t<div class=\"wrapper-featured-image\">\n\t\t<figure class=\"spotlightImg\">\n\n\t\t\t<picture>\n\t\t\t\t<source media=\"(max-width: 768px)\" srcset=\"https:\/\/files.sunoresearch.com.br\/n\/uploads\/2018\/12\/f769d06f-paulo-guedes-400x200.webp\">\n\t\t\t\t<img loading=\"lazy\" decoding=\"async\" class=\"newsContent__article__imgCapa lazyloadDisabled newsContent__article__imgCapa--noCaption\" src=\"https:\/\/files.sunoresearch.com.br\/n\/uploads\/2018\/12\/f769d06f-paulo-guedes-800x450.webp\" width=\"800\" height=\"450\" alt=\"Paulo Guedes afirma n\u00e3o ter apego ao cargo; Bolsa reage negativamente\" fetchpriority=high \/>\n\t\t\t<\/picture>\n\n\t\t\t<figcaption class=\"wp-caption-text wp-caption-text--hide\"><\/figcaption>\n\t\t<\/figure>\n\t<\/div>\n\n\n<p>Por volta das <strong>15h<\/strong>, o \u00edndice acion\u00e1rio Ibovespa, que operava com <strong>93.442,35 pontos<\/strong>, iniciou uma <strong>trajet\u00f3ria de queda<\/strong>. O hor\u00e1rio coincide com o in\u00edcio das falas de <strong>Guedes<\/strong> na<strong>\u00a0Comiss\u00e3o de Assuntos Econ\u00f4micos<\/strong> (CAE) do Senado. O fechamento do \u00edndice foi negativo em<strong> 3,57%<\/strong>, a\u00a0<strong>91.903,40 <\/strong>pontos.<\/p>\n<p>&#8220;N\u00e3o tenho <strong>apego ao cargo<\/strong>, desejo de ficar a qualquer custo, como tamb\u00e9m n\u00e3o tenho a <strong>inconsequ\u00eancia<\/strong> e <strong>irresponsabilidade<\/strong> de sair na <strong>primeira derrota<\/strong>. N\u00e3o existe isso&#8221;, disse o ministro.<\/p>\n<p><a href=\"https:\/\/www.suno.com.br\/noticias\/dolar-fechamento-quarta-feira-03272019\/\">Saiba mais &#8211;\u00a0D\u00f3lar tem alta superior a 2% e fecha a R$ 3,95 com falas de Guedes\u00a0<\/a><\/p>\n<p>Guedes fez a declara\u00e7\u00e3o ao responder a uma pergunta referente \u00e0 possibilidade de os parlamentares n\u00e3o aprovarem um texto da <strong>reforma da Previd\u00eancia<\/strong> que prev\u00ea economia de<strong> R$ 1 trilh\u00e3o<\/strong> em dez anos.<\/p>\n<p>&#8220;Se o presidente [Jair Bolsonaro] <strong>apoiar<\/strong> as coisas que eu acho que podem <strong>resolver para o Brasil<\/strong>, eu estarei aqui. Agora, se ou o presidente ou a C\u00e2mara ou <strong>ningu\u00e9m quer aquilo<\/strong>, eu vou obstaculizar o trabalho dos senhores? De forma alguma. Eu <strong>voltarei para onde sempre estive<\/strong>. Eu tenho uma vida fora daqui&#8221;, afirmou <strong>Paulo Guedes<\/strong>.<\/p>\n<p>O ministro complementou: &#8220;suponha que os poderes aprovam que a <strong>Uni\u00e3o<\/strong> deve<strong> R$ 800 bilh\u00f5es<\/strong>, que n\u00e3o tenha <strong>reforma previdenci\u00e1ria<\/strong>, n\u00e3o tem nada disso, <strong>eu vou ficar fazendo o que aqui?<\/strong> S\u00f3 se for para apagar inc\u00eandio, <strong>vou entrar para o Corpo de Bombeiros<\/strong> de Bras\u00edlia, para ajudar voc\u00eas&#8221;.<\/p>\n<p><a href=\"https:\/\/www.suno.com.br\/noticias\/divida-publica-federal-cresce-fevereiro\/\">Saiba mais &#8211;\u00a0D\u00edvida P\u00fablica Federal cresce 1,71% em fevereiro\u00a0<\/a><\/p>\n<h2>Mais falas de Guedes<\/h2>\n<p>Ap\u00f3s cancelar sua ida a encontro na <strong>Comiss\u00e3o de Constitui\u00e7\u00e3o de Justi\u00e7a<\/strong> (CCJ) da C\u00e2mara na \u00faltima ter\u00e7a-feira (26), o ministro da Economia, <strong>Paulo Guedes<\/strong>, esteve nesta hoje na <strong>Comiss\u00e3o de Assuntos Econ\u00f4micos<\/strong> (CAE) do <strong>Senado<\/strong> para defender a Proposta de Emenda Constitucional (PEC) da <strong>reforma da Previd\u00eancia<\/strong>.<\/p>\n<p>O ministro falou por mais de trinta minutos sobre a import\u00e2ncia da <strong>reforma da Previd\u00eancia<\/strong> e da <strong>descentraliza\u00e7\u00e3o<\/strong> dos <strong>recursos,<\/strong> hoje concentrados na Uni\u00e3o. <strong>Guedes<\/strong> disse que a <strong>classe pol\u00edtica<\/strong> est\u00e1 &#8220;convidada a assumir o protagonismo&#8221; na aprova\u00e7\u00e3o do projeto. &#8220;A bola est\u00e1 com o <strong>Congresso&#8221;.<\/strong><\/p>\n<p><a href=\"https:\/\/www.suno.com.br\/noticias\/previdencia-partidos-anunciam-apoio\/\">Saiba mais &#8211;\u00a0Previd\u00eancia: l\u00edderes de 13 partidos anunciam apoio \u00e0 reforma\u00a0<\/a><\/p>\n<p><a href=\"https:\/\/www.suno.com.br\/noticias\/lideres-vetar-reforma-previdencia\/\">Saiba mais &#8211; L\u00edderes de maioria na C\u00e2mara v\u00e3o vetar trechos da reforma da Previd\u00eancia<\/a><\/p>\n<p><strong>Guedes<\/strong> afirmou que o ideal seria a <strong>aprova\u00e7\u00e3o<\/strong> de <a href=\"https:\/\/www.suno.com.br\/artigos\/tag\/previdencia\/\">uma <strong>reforma<\/strong><\/a> que <strong>economizasse<\/strong> R$ 1 trilh\u00e3o das <strong>contas p\u00fablicas<\/strong> em dez anos, tal qual o projeto original estima poupar. Mas, se aprovado um projeto menos r\u00edgido, a conta recairia no futuro sobre o Pa\u00eds novamente.<\/p>\n<p>&#8220;Se n\u00e3o fizermos, n\u00e3o tem problema. Se n\u00e3o fizermos, vamos condenar nossos <strong>filhos<\/strong> e <strong>netos,<\/strong> por nosso <strong>ego\u00edsmo,<\/strong> nossa <strong>incapacidade<\/strong> de fazer um <strong>sacrif\u00edcio&#8221;,<\/strong> declarou.<\/p>\n<p>Ap\u00f3s ficar sem a presen\u00e7a de <strong>Guedes<\/strong> na reuni\u00e3o da ter\u00e7a, <a href=\"https:\/\/www2.camara.leg.br\/atividade-legislativa\/comissoes\/comissoes...\/ccjc\">a <strong>CCJ<\/strong><\/a> convidou novamente o ministro a falar sobre a <strong>reforma da Previd\u00eancia<\/strong> na pr\u00f3xima semana. A <strong>Comiss\u00e3o<\/strong> \u00e9 a primeira etapa da aprova\u00e7\u00e3o do projeto, onde a <strong>constitucionalidade<\/strong> do texto ser\u00e1 analisada pelos deputados para, ent\u00e3o, seguir a uma comiss\u00e3o especial. Depois disso, segue para o plen\u00e1rio da <strong>C\u00e2mara.<\/strong><\/p>\n","protected":false},"excerpt":{"rendered":"<p>O ministro da Economia, Paulo Guedes, afirmou nesta quarta-feira (27) que n\u00e3o possui apego ao cargo pol\u00edtico. Contudo, tamb\u00e9m disse que n\u00e3o ser\u00e1 inconsequente ou irrespons\u00e1vel a ponto de sair &#8220;na primeira derrota&#8221;. Por volta das 15h, o \u00edndice acion\u00e1rio Ibovespa, que operava com 93.442,35 pontos, iniciou uma trajet\u00f3ria de queda. O hor\u00e1rio coincide com [&hellip;]<\/p>\n","protected":false},"author":12,"featured_media":7927,"comment_status":"closed","ping_status":"closed","sticky":false,"template":"","format":"standard","meta":[],"categories":[61],"tags":[719,909,796,940],"suno_strategy":[],"class_list":["post-19238","post","type-post","status-publish","format-standard","has-post-thumbnail","hentry","category-politica","tag-jair-bolsonaro","tag-ministerio-da-economia","tag-paulo-guedes","tag-reforma-da-previdencia"],"yoast_head":"<!-- This site is optimized with the Yoast SEO plugin v24.4 - https:\/\/yoast.com\/wordpress\/plugins\/seo\/ -->\n<title>Paulo Guedes afirma n\u00e3o ter apego ao cargo; Bolsa reage negativamente<\/title>\n<meta name=\"description\" content=\"O ministro da Economia, Paulo Guedes, afirmou que n\u00e3o possui apego ao cargo pol\u00edtico. A Bolsa reagiu logo em seguida. Clique para saber mais.\" \/>\n<meta name=\"robots\" content=\"index, follow, max-snippet:-1, max-image-preview:large, max-video-preview:-1\" \/>\n<link rel=\"canonical\" href=\"https:\/\/www.suno.com.br\/noticias\/paulo-guedes-nao-apego-cargo-bolsa-reage\/\" \/>\n<meta property=\"og:locale\" content=\"pt_BR\" \/>\n<meta property=\"og:type\" content=\"article\" \/>\n<meta property=\"og:title\" content=\"Paulo Guedes afirma n\u00e3o ter apego ao cargo; Bolsa reage negativamente\" \/>\n<meta property=\"og:description\" content=\"O ministro da Economia, Paulo Guedes, afirmou que n\u00e3o possui apego ao cargo pol\u00edtico. A Bolsa reagiu logo em seguida. Clique para saber mais.\" \/>\n<meta property=\"og:url\" content=\"https:\/\/www.suno.com.br\/noticias\/paulo-guedes-nao-apego-cargo-bolsa-reage\/\" \/>\n<meta property=\"og:site_name\" content=\"Suno Not\u00edcias\" \/>\n<meta property=\"article:publisher\" content=\"https:\/\/facebook.com\/sunoresearch\" \/>\n<meta property=\"og:image\" content=\"https:\/\/files.sunoresearch.com.br\/n\/uploads\/2018\/12\/f769d06f-paulo-guedes.jpg\" \/>\n\t<meta property=\"og:image:width\" content=\"1140\" \/>\n\t<meta property=\"og:image:height\" content=\"760\" \/>\n\t<meta property=\"og:image:type\" content=\"image\/jpeg\" \/>\n<meta name=\"author\" content=\"Amanda Gushiken\" \/>\n<meta name=\"twitter:card\" content=\"summary_large_image\" \/>\n<meta name=\"twitter:creator\" content=\"@sunoresearch\" \/>\n<meta name=\"twitter:site\" content=\"@sunoresearch\" \/>\n<meta name=\"twitter:label1\" content=\"Escrito por\" \/>\n\t<meta name=\"twitter:data1\" content=\"Amanda Gushiken\" \/>\n\t<meta name=\"twitter:label2\" content=\"Est. tempo de leitura\" \/>\n\t<meta name=\"twitter:data2\" content=\"3 minutos\" \/>\n<script type=\"application\/ld+json\" class=\"yoast-schema-graph\">{\"@context\":\"https:\/\/schema.org\",\"@graph\":[{\"@type\":\"NewsArticle\",\"@id\":\"https:\/\/www.suno.com.br\/noticias\/paulo-guedes-nao-apego-cargo-bolsa-reage\/#article\",\"isPartOf\":{\"@id\":\"https:\/\/www.suno.com.br\/noticias\/paulo-guedes-nao-apego-cargo-bolsa-reage\/\"},\"author\":{\"name\":\"Amanda Gushiken\",\"@id\":\"https:\/\/www.suno.com.br\/noticias\/#\/schema\/person\/a5b06fa4e879d8e8e119c6ed3cd630d1\"},\"headline\":\"Paulo Guedes afirma n\u00e3o ter apego ao cargo; Bolsa reage negativamente\",\"datePublished\":\"2019-03-27T20:34:54+00:00\",\"dateModified\":\"2019-03-27T20:54:06+00:00\",\"mainEntityOfPage\":{\"@id\":\"https:\/\/www.suno.com.br\/noticias\/paulo-guedes-nao-apego-cargo-bolsa-reage\/\"},\"wordCount\":606,\"publisher\":{\"@id\":\"https:\/\/www.suno.com.br\/noticias\/#organization\"},\"image\":{\"@id\":\"https:\/\/www.suno.com.br\/noticias\/paulo-guedes-nao-apego-cargo-bolsa-reage\/#primaryimage\"},\"thumbnailUrl\":\"https:\/\/files.sunoresearch.com.br\/n\/uploads\/2018\/12\/f769d06f-paulo-guedes-jpg.webp\",\"keywords\":[\"Jair Bolsonaro\",\"Minist\u00e9rio da Economia\",\"Paulo Guedes\",\"Reforma da Previd\u00eancia\"],\"articleSection\":[\"Pol\u00edtica\"],\"inLanguage\":\"pt-BR\"},{\"@type\":\"WebPage\",\"@id\":\"https:\/\/www.suno.com.br\/noticias\/paulo-guedes-nao-apego-cargo-bolsa-reage\/\",\"url\":\"https:\/\/www.suno.com.br\/noticias\/paulo-guedes-nao-apego-cargo-bolsa-reage\/\",\"name\":\"Paulo Guedes afirma n\u00e3o ter apego ao cargo; Bolsa reage negativamente\",\"isPartOf\":{\"@id\":\"https:\/\/www.suno.com.br\/noticias\/#website\"},\"primaryImageOfPage\":{\"@id\":\"https:\/\/www.suno.com.br\/noticias\/paulo-guedes-nao-apego-cargo-bolsa-reage\/#primaryimage\"},\"image\":{\"@id\":\"https:\/\/www.suno.com.br\/noticias\/paulo-guedes-nao-apego-cargo-bolsa-reage\/#primaryimage\"},\"thumbnailUrl\":\"https:\/\/files.sunoresearch.com.br\/n\/uploads\/2018\/12\/f769d06f-paulo-guedes-jpg.webp\",\"datePublished\":\"2019-03-27T20:34:54+00:00\",\"dateModified\":\"2019-03-27T20:54:06+00:00\",\"description\":\"O ministro da Economia, Paulo Guedes, afirmou que n\u00e3o possui apego ao cargo pol\u00edtico. A Bolsa reagiu logo em seguida. Clique para saber mais.\",\"breadcrumb\":{\"@id\":\"https:\/\/www.suno.com.br\/noticias\/paulo-guedes-nao-apego-cargo-bolsa-reage\/#breadcrumb\"},\"inLanguage\":\"pt-BR\",\"potentialAction\":[{\"@type\":\"ReadAction\",\"target\":[\"https:\/\/www.suno.com.br\/noticias\/paulo-guedes-nao-apego-cargo-bolsa-reage\/\"]}]},{\"@type\":\"ImageObject\",\"inLanguage\":\"pt-BR\",\"@id\":\"https:\/\/www.suno.com.br\/noticias\/paulo-guedes-nao-apego-cargo-bolsa-reage\/#primaryimage\",\"url\":\"https:\/\/files.sunoresearch.com.br\/n\/uploads\/2018\/12\/f769d06f-paulo-guedes-jpg.webp\",\"contentUrl\":\"https:\/\/files.sunoresearch.com.br\/n\/uploads\/2018\/12\/f769d06f-paulo-guedes-jpg.webp\",\"width\":1140,\"height\":760,\"caption\":\"reforma tribut\u00e1ria\"},{\"@type\":\"BreadcrumbList\",\"@id\":\"https:\/\/www.suno.com.br\/noticias\/paulo-guedes-nao-apego-cargo-bolsa-reage\/#breadcrumb\",\"itemListElement\":[{\"@type\":\"ListItem\",\"position\":1,\"name\":\"Not\u00edcias\",\"item\":\"https:\/\/www.suno.com.br\/noticias\/\"},{\"@type\":\"ListItem\",\"position\":2,\"name\":\"Pol\u00edtica\",\"item\":\"https:\/\/www.suno.com.br\/noticias\/politica\/\"},{\"@type\":\"ListItem\",\"position\":3,\"name\":\"Paulo Guedes afirma n\u00e3o ter apego ao cargo; Bolsa reage negativamente\"}]},{\"@type\":\"WebSite\",\"@id\":\"https:\/\/www.suno.com.br\/noticias\/#website\",\"url\":\"https:\/\/www.suno.com.br\/noticias\/\",\"name\":\"Suno Not\u00edcias\",\"description\":\"Seu portal de informa\u00e7\u00e3o sobre o mundo dos investimentos\",\"publisher\":{\"@id\":\"https:\/\/www.suno.com.br\/noticias\/#organization\"},\"potentialAction\":[{\"@type\":\"SearchAction\",\"target\":{\"@type\":\"EntryPoint\",\"urlTemplate\":\"https:\/\/www.suno.com.br\/noticias\/?s={search_term_string}\"},\"query-input\":{\"@type\":\"PropertyValueSpecification\",\"valueRequired\":true,\"valueName\":\"search_term_string\"}}],\"inLanguage\":\"pt-BR\"},{\"@type\":\"Organization\",\"@id\":\"https:\/\/www.suno.com.br\/noticias\/#organization\",\"name\":\"Suno Not\u00edcias\",\"url\":\"https:\/\/www.suno.com.br\/noticias\/\",\"logo\":{\"@type\":\"ImageObject\",\"inLanguage\":\"pt-BR\",\"@id\":\"https:\/\/www.suno.com.br\/noticias\/#\/schema\/logo\/image\/\",\"url\":\"https:\/\/files.sunoresearch.com.br\/n\/uploads\/2021\/09\/suno-logo.png\",\"contentUrl\":\"https:\/\/files.sunoresearch.com.br\/n\/uploads\/2021\/09\/suno-logo.png\",\"width\":180,\"height\":180,\"caption\":\"Suno Not\u00edcias\"},\"image\":{\"@id\":\"https:\/\/www.suno.com.br\/noticias\/#\/schema\/logo\/image\/\"},\"sameAs\":[\"https:\/\/facebook.com\/sunoresearch\",\"https:\/\/x.com\/sunoresearch\",\"https:\/\/www.instagram.com\/suno\",\"https:\/\/www.linkedin.com\/company\/suno-research\/\",\"https:\/\/www.youtube.com\/c\/sunoresearch\"]},{\"@type\":\"Person\",\"@id\":\"https:\/\/www.suno.com.br\/noticias\/#\/schema\/person\/a5b06fa4e879d8e8e119c6ed3cd630d1\",\"name\":\"Amanda Gushiken\",\"image\":{\"@type\":\"ImageObject\",\"inLanguage\":\"pt-BR\",\"@id\":\"https:\/\/www.suno.com.br\/noticias\/#\/schema\/person\/image\/\",\"url\":\"https:\/\/secure.gravatar.com\/avatar\/ecd84705e6b65e3685ae80d725501fbe?s=96&r=g\",\"contentUrl\":\"https:\/\/secure.gravatar.com\/avatar\/ecd84705e6b65e3685ae80d725501fbe?s=96&r=g\",\"caption\":\"Amanda Gushiken\"},\"description\":\"Amanda Sayuri Gushiken escreve sobre finan\u00e7as e neg\u00f3cios para o portal Suno Not\u00edcias. Antes, trabalhou selecionando not\u00edcias da imprensa para clientes do mercado financeiro. Tamb\u00e9m desenvolveu pesquisa acad\u00eamica pela Universidade Anhembi Morumbi na \u00e1rea de Teorias da Comunica\u00e7\u00e3o e \u00e9 fot\u00f3grafa nas horas vagas.\",\"url\":\"https:\/\/www.suno.com.br\/noticias\/author\/amanda\/\"}]}<\/script>\n<!-- \/ Yoast SEO plugin. -->","yoast_head_json":{"title":"Paulo Guedes afirma n\u00e3o ter apego ao cargo; Bolsa reage negativamente","description":"O ministro da Economia, Paulo Guedes, afirmou que n\u00e3o possui apego ao cargo pol\u00edtico. A Bolsa reagiu logo em seguida. Clique para saber mais.","robots":{"index":"index","follow":"follow","max-snippet":"max-snippet:-1","max-image-preview":"max-image-preview:large","max-video-preview":"max-video-preview:-1"},"canonical":"https:\/\/www.suno.com.br\/noticias\/paulo-guedes-nao-apego-cargo-bolsa-reage\/","og_locale":"pt_BR","og_type":"article","og_title":"Paulo Guedes afirma n\u00e3o ter apego ao cargo; Bolsa reage negativamente","og_description":"O ministro da Economia, Paulo Guedes, afirmou que n\u00e3o possui apego ao cargo pol\u00edtico. A Bolsa reagiu logo em seguida. Clique para saber mais.","og_url":"https:\/\/www.suno.com.br\/noticias\/paulo-guedes-nao-apego-cargo-bolsa-reage\/","og_site_name":"Suno Not\u00edcias","article_publisher":"https:\/\/facebook.com\/sunoresearch","og_image":[{"width":1140,"height":760,"url":"https:\/\/files.sunoresearch.com.br\/n\/uploads\/2018\/12\/f769d06f-paulo-guedes.jpg","type":"image\/jpeg"}],"author":"Amanda Gushiken","twitter_card":"summary_large_image","twitter_creator":"@sunoresearch","twitter_site":"@sunoresearch","twitter_misc":{"Escrito por":"Amanda Gushiken","Est. tempo de leitura":"3 minutos"},"schema":{"@context":"https:\/\/schema.org","@graph":[{"@type":"NewsArticle","@id":"https:\/\/www.suno.com.br\/noticias\/paulo-guedes-nao-apego-cargo-bolsa-reage\/#article","isPartOf":{"@id":"https:\/\/www.suno.com.br\/noticias\/paulo-guedes-nao-apego-cargo-bolsa-reage\/"},"author":{"name":"Amanda Gushiken","@id":"https:\/\/www.suno.com.br\/noticias\/#\/schema\/person\/a5b06fa4e879d8e8e119c6ed3cd630d1"},"headline":"Paulo Guedes afirma n\u00e3o ter apego ao cargo; Bolsa reage negativamente","datePublished":"2019-03-27T20:34:54+00:00","dateModified":"2019-03-27T20:54:06+00:00","mainEntityOfPage":{"@id":"https:\/\/www.suno.com.br\/noticias\/paulo-guedes-nao-apego-cargo-bolsa-reage\/"},"wordCount":606,"publisher":{"@id":"https:\/\/www.suno.com.br\/noticias\/#organization"},"image":{"@id":"https:\/\/www.suno.com.br\/noticias\/paulo-guedes-nao-apego-cargo-bolsa-reage\/#primaryimage"},"thumbnailUrl":"https:\/\/files.sunoresearch.com.br\/n\/uploads\/2018\/12\/f769d06f-paulo-guedes-jpg.webp","keywords":["Jair Bolsonaro","Minist\u00e9rio da Economia","Paulo Guedes","Reforma da Previd\u00eancia"],"articleSection":["Pol\u00edtica"],"inLanguage":"pt-BR"},{"@type":"WebPage","@id":"https:\/\/www.suno.com.br\/noticias\/paulo-guedes-nao-apego-cargo-bolsa-reage\/","url":"https:\/\/www.suno.com.br\/noticias\/paulo-guedes-nao-apego-cargo-bolsa-reage\/","name":"Paulo Guedes afirma n\u00e3o ter apego ao cargo; Bolsa reage negativamente","isPartOf":{"@id":"https:\/\/www.suno.com.br\/noticias\/#website"},"primaryImageOfPage":{"@id":"https:\/\/www.suno.com.br\/noticias\/paulo-guedes-nao-apego-cargo-bolsa-reage\/#primaryimage"},"image":{"@id":"https:\/\/www.suno.com.br\/noticias\/paulo-guedes-nao-apego-cargo-bolsa-reage\/#primaryimage"},"thumbnailUrl":"https:\/\/files.sunoresearch.com.br\/n\/uploads\/2018\/12\/f769d06f-paulo-guedes-jpg.webp","datePublished":"2019-03-27T20:34:54+00:00","dateModified":"2019-03-27T20:54:06+00:00","description":"O ministro da Economia, Paulo Guedes, afirmou que n\u00e3o possui apego ao cargo pol\u00edtico. A Bolsa reagiu logo em seguida. Clique para saber mais.","breadcrumb":{"@id":"https:\/\/www.suno.com.br\/noticias\/paulo-guedes-nao-apego-cargo-bolsa-reage\/#breadcrumb"},"inLanguage":"pt-BR","potentialAction":[{"@type":"ReadAction","target":["https:\/\/www.suno.com.br\/noticias\/paulo-guedes-nao-apego-cargo-bolsa-reage\/"]}]},{"@type":"ImageObject","inLanguage":"pt-BR","@id":"https:\/\/www.suno.com.br\/noticias\/paulo-guedes-nao-apego-cargo-bolsa-reage\/#primaryimage","url":"https:\/\/files.sunoresearch.com.br\/n\/uploads\/2018\/12\/f769d06f-paulo-guedes-jpg.webp","contentUrl":"https:\/\/files.sunoresearch.com.br\/n\/uploads\/2018\/12\/f769d06f-paulo-guedes-jpg.webp","width":1140,"height":760,"caption":"reforma tribut\u00e1ria"},{"@type":"BreadcrumbList","@id":"https:\/\/www.suno.com.br\/noticias\/paulo-guedes-nao-apego-cargo-bolsa-reage\/#breadcrumb","itemListElement":[{"@type":"ListItem","position":1,"name":"Not\u00edcias","item":"https:\/\/www.suno.com.br\/noticias\/"},{"@type":"ListItem","position":2,"name":"Pol\u00edtica","item":"https:\/\/www.suno.com.br\/noticias\/politica\/"},{"@type":"ListItem","position":3,"name":"Paulo Guedes afirma n\u00e3o ter apego ao cargo; Bolsa reage negativamente"}]},{"@type":"WebSite","@id":"https:\/\/www.suno.com.br\/noticias\/#website","url":"https:\/\/www.suno.com.br\/noticias\/","name":"Suno Not\u00edcias","description":"Seu portal de informa\u00e7\u00e3o sobre o mundo dos investimentos","publisher":{"@id":"https:\/\/www.suno.com.br\/noticias\/#organization"},"potentialAction":[{"@type":"SearchAction","target":{"@type":"EntryPoint","urlTemplate":"https:\/\/www.suno.com.br\/noticias\/?s={search_term_string}"},"query-input":{"@type":"PropertyValueSpecification","valueRequired":true,"valueName":"search_term_string"}}],"inLanguage":"pt-BR"},{"@type":"Organization","@id":"https:\/\/www.suno.com.br\/noticias\/#organization","name":"Suno Not\u00edcias","url":"https:\/\/www.suno.com.br\/noticias\/","logo":{"@type":"ImageObject","inLanguage":"pt-BR","@id":"https:\/\/www.suno.com.br\/noticias\/#\/schema\/logo\/image\/","url":"https:\/\/files.sunoresearch.com.br\/n\/uploads\/2021\/09\/suno-logo.png","contentUrl":"https:\/\/files.sunoresearch.com.br\/n\/uploads\/2021\/09\/suno-logo.png","width":180,"height":180,"caption":"Suno Not\u00edcias"},"image":{"@id":"https:\/\/www.suno.com.br\/noticias\/#\/schema\/logo\/image\/"},"sameAs":["https:\/\/facebook.com\/sunoresearch","https:\/\/x.com\/sunoresearch","https:\/\/www.instagram.com\/suno","https:\/\/www.linkedin.com\/company\/suno-research\/","https:\/\/www.youtube.com\/c\/sunoresearch"]},{"@type":"Person","@id":"https:\/\/www.suno.com.br\/noticias\/#\/schema\/person\/a5b06fa4e879d8e8e119c6ed3cd630d1","name":"Amanda Gushiken","image":{"@type":"ImageObject","inLanguage":"pt-BR","@id":"https:\/\/www.suno.com.br\/noticias\/#\/schema\/person\/image\/","url":"https:\/\/secure.gravatar.com\/avatar\/ecd84705e6b65e3685ae80d725501fbe?s=96&r=g","contentUrl":"https:\/\/secure.gravatar.com\/avatar\/ecd84705e6b65e3685ae80d725501fbe?s=96&r=g","caption":"Amanda Gushiken"},"description":"Amanda Sayuri Gushiken escreve sobre finan\u00e7as e neg\u00f3cios para o portal Suno Not\u00edcias. Antes, trabalhou selecionando not\u00edcias da imprensa para clientes do mercado financeiro. Tamb\u00e9m desenvolveu pesquisa acad\u00eamica pela Universidade Anhembi Morumbi na \u00e1rea de Teorias da Comunica\u00e7\u00e3o e \u00e9 fot\u00f3grafa nas horas vagas.","url":"https:\/\/www.suno.com.br\/noticias\/author\/amanda\/"}]}},"default_loop_html":"<div class=\"cardsPage__listCard__boxs\"><div class=\"cardsPage__listCard__boxs__img\"><a href=\"https:\/\/www.suno.com.br\/noticias\/paulo-guedes-nao-apego-cargo-bolsa-reage\/\"><img class=\"mask\" src=\"https:\/\/www.suno.com.br\/noticias\/wp-content\/themes\/suno\/resources\/images\/spotlight\/spotlight1img\/bg-mask.png\" alt=\"Image Mask\"\/><img src=\"https:\/\/files.sunoresearch.com.br\/n\/uploads\/2018\/12\/f769d06f-paulo-guedes-400x200.webp\" alt=\"Paulo Guedes afirma n\u00e3o ter apego ao cargo; Bolsa reage negativamente\"\/><\/a><span class=\"spotlightCategory\"><a href=\"https:\/\/www.suno.com.br\/noticias\/politica\/\">Pol\u00edtica<\/a><\/span><\/div><div class=\"cardsPage__listCard__boxs__content\"><a href=\"https:\/\/www.suno.com.br\/noticias\/paulo-guedes-nao-apego-cargo-bolsa-reage\/\"><h2 class=\"content__title\">Paulo Guedes afirma n\u00e3o ter apego ao cargo; Bolsa reage negativamente<\/h2><\/a><div class=\"newsContent__article__meta\"><div class=\"newsContent__article__meta__authorBox\"><a href=\"https:\/\/www.suno.com.br\/noticias\/author\/amanda\/\" class=\"authorBox__avatar noMobi\"><img src=\"https:\/\/files.sunoresearch.com.br\/n\/uploads\/2018\/11\/c6ad30be-amanda-150x150.webp\" alt=\"Amanda Gushiken\"><\/a><div class=\"authorBox__name\"><span>por\n\t\t\t<a href=\"https:\/\/www.suno.com.br\/noticias\/author\/amanda\/\"><span itemprop=\"author\">Amanda Gushiken<\/span><\/a><\/span><time datetime=\"2019-03-27T17:34:54-03:00\" itemprop=\"datePublished\">27\/03\/2019 17:34<\/time><\/div><\/div><\/div><\/div><\/div>","single_layout":"posts","amp_enabled":true,"_links":{"self":[{"href":"https:\/\/www.suno.com.br\/noticias\/wp-json\/wp\/v2\/posts\/19238"}],"collection":[{"href":"https:\/\/www.suno.com.br\/noticias\/wp-json\/wp\/v2\/posts"}],"about":[{"href":"https:\/\/www.suno.com.br\/noticias\/wp-json\/wp\/v2\/types\/post"}],"author":[{"embeddable":true,"href":"https:\/\/www.suno.com.br\/noticias\/wp-json\/wp\/v2\/users\/12"}],"replies":[{"embeddable":true,"href":"https:\/\/www.suno.com.br\/noticias\/wp-json\/wp\/v2\/comments?post=19238"}],"version-history":[{"count":0,"href":"https:\/\/www.suno.com.br\/noticias\/wp-json\/wp\/v2\/posts\/19238\/revisions"}],"wp:featuredmedia":[{"embeddable":true,"href":"https:\/\/www.suno.com.br\/noticias\/wp-json\/wp\/v2\/media\/7927"}],"wp:attachment":[{"href":"https:\/\/www.suno.com.br\/noticias\/wp-json\/wp\/v2\/media?parent=19238"}],"wp:term":[{"taxonomy":"category","embeddable":true,"href":"https:\/\/www.suno.com.br\/noticias\/wp-json\/wp\/v2\/categories?post=19238"},{"taxonomy":"post_tag","embeddable":true,"href":"https:\/\/www.suno.com.br\/noticias\/wp-json\/wp\/v2\/tags?post=19238"},{"taxonomy":"suno_strategy","embeddable":true,"href":"https:\/\/www.suno.com.br\/noticias\/wp-json\/wp\/v2\/suno_strategy?post=19238"}],"curies":[{"name":"wp","href":"https:\/\/api.w.org\/{rel}","templated":true}]}}