{"id":19229,"date":"2019-03-27T17:00:23","date_gmt":"2019-03-27T20:00:23","guid":{"rendered":"https:\/\/www.suno.com.br\/noticias\/?p=19229"},"modified":"2021-02-17T22:49:48","modified_gmt":"2021-02-18T01:49:48","slug":"presidente-do-bc-banco","status":"publish","type":"post","link":"https:\/\/www.suno.com.br\/noticias\/presidente-do-bc-banco\/","title":{"rendered":"Presidente do BC: inova\u00e7\u00e3o reduz custos de bancos"},"content":{"rendered":"<p>O presidente do Banco Central, Roberto Campos Neto, disse nesta quarta-feira (27) que a inova\u00e7\u00e3o \u00e9 capaz de reduzir os custos dos bancos.<\/p>\t<div class=\"wrapper-featured-image\">\n\t\t<figure class=\"spotlightImg\">\n\n\t\t\t<picture>\n\t\t\t\t<source media=\"(max-width: 768px)\" srcset=\"https:\/\/files.sunoresearch.com.br\/n\/uploads\/2019\/03\/62214367-roberto-campos-neto-400x200.webp\">\n\t\t\t\t<img loading=\"lazy\" decoding=\"async\" class=\"newsContent__article__imgCapa lazyloadDisabled newsContent__article__imgCapa--noCaption\" src=\"https:\/\/files.sunoresearch.com.br\/n\/uploads\/2019\/03\/62214367-roberto-campos-neto-800x450.webp\" width=\"800\" height=\"450\" alt=\"Presidente do BC: inova\u00e7\u00e3o reduz custos de bancos\" fetchpriority=high \/>\n\t\t\t<\/picture>\n\n\t\t\t<figcaption class=\"wp-caption-text wp-caption-text--hide\">Roberto Campos Neto \u00e9 eleito melhor banqueiro central de 2020 pela Banker<\/figcaption>\n\t\t<\/figure>\n\t<\/div>\n\n\n<p>A fala de <strong>Campo Neto<\/strong> ocorreu na abertura do <strong>LiftDay<\/strong>, evento organizado pelo <strong>Banco Central<\/strong> junto com a\u00a0<strong>Federa\u00e7\u00e3o Nacional de Associa\u00e7\u00f5es dos Servidores do Banco Central (Fenasbac)<\/strong>. O evento \u00e9 resultado do\u00a0<strong>Laborat\u00f3rio de Inova\u00e7\u00f5es Financeiras e Tecnol\u00f3gicas (Lift)<\/strong>, criado para incentivar inova\u00e7\u00f5es em tecnologia da informa\u00e7\u00e3o ligadas ao Sistema Financeiro Nacional.<\/p>\n<p><a href=\"https:\/\/www.suno.com.br\/noticias\/bndes-lucro-2018-joaquim-levy\/\">Saiba mais:\u00a0BNDES tem lucro de R$ 6,7 bilh\u00f5es em 2018, diz Joaquim Levy<\/a><\/p>\n<p>De acordo com <strong>Campos Neto<\/strong>, o processo de inova\u00e7\u00e3o tecnol\u00f3gico cresceu nos \u00faltimos anos devido a eleva\u00e7\u00e3o da capacidade de processamento, armazenamento, organiza\u00e7\u00e3o e interpreta\u00e7\u00e3o da informa\u00e7\u00e3o e uso de dados.<\/p>\n<p>\u201cComo toda a evolu\u00e7\u00e3o tem os riscos associados. Para o montante de informa\u00e7\u00e3o que temos na rede, ainda se fala pouco em cibersecurity [seguran\u00e7a da informa\u00e7\u00e3o] \u201d, disse.<\/p>\n<h2>Autonomia do BC<\/h2>\n<p>Durante a transmiss\u00e3o de cargo, Roberto Campos defendeu a possibilidade do Banco Central ganhar autonomia.<\/p>\n<p><a href=\"https:\/\/www.suno.com.br\/noticias\/cdb-banco-rci-brasil-renault-nissan\/\">Saiba mais:\u00a0Banco RCI Brasil, das marcas Renault e da Nissan, lan\u00e7a CDB online<\/a><\/p>\n<p><strong>Campos Neto<\/strong> declarou que, se a <strong>autonomia<\/strong> do <strong>BC<\/strong> estiver registrada em lei, ser\u00e1 poss\u00edvel reduzir o chamado<strong> &#8220;risco Brasil&#8221;<\/strong> e aumentar o <strong>crescimento econ\u00f4mico<\/strong>\u00a0a longo prazo. A informa\u00e7\u00e3o \u00e9 do &#8220;G1&#8221;.<\/p>\n<p>&#8220;Acreditamos que um <strong>Banco Central aut\u00f4nomo<\/strong> estaria melhor preparado para <strong>consolidar os ganhos<\/strong>&#8220;, disse o presidente.<\/p>\n<p>A <strong>autonomia do BC<\/strong> est\u00e1 em debate no <strong>Congresso Nacional<\/strong>. Caso seja implementada, diminuiria a possibilidade de<strong> inger\u00eancia pol\u00edtica<\/strong> nas decis\u00f5es de ferramentas de<strong> <a href=\"https:\/\/www.suno.com.br\/artigos\/politica-monetaria\/\">pol\u00edtica monet\u00e1ria<\/a><\/strong>.<\/p>\n<p>Dentre tais ferramentas, est\u00e3o a manuten\u00e7\u00e3o da<strong> taxa b\u00e1sica de juros<\/strong> (<a href=\"https:\/\/www.suno.com.br\/artigos\/taxa-selic\/\">taxa Selic<\/a>) e da taxa de<strong> dep\u00f3sito compuls\u00f3rio<\/strong> das institui\u00e7\u00f5es financeiras.<\/p>\n<p><a href=\"https:\/\/www.suno.com.br\/noticias\/roberto-campos-neto-presidente-bc\/\">Saiba mais:\u00a0Conhe\u00e7a Roberto Campos Neto, novo presidente do Banco Central<\/a><\/p>\n<p>Em seus projetos, <strong>Campos Neto<\/strong> fala em <strong>mandatos fixos<\/strong> para seus dirigentes e fixa\u00e7\u00e3o de <strong>crit\u00e9rios<\/strong> para as pessoas que assumirem o comando de <strong>bancos p\u00fablicos.<\/strong><\/p>\n","protected":false},"excerpt":{"rendered":"<p>O presidente do Banco Central, Roberto Campos Neto, disse nesta quarta-feira (27) que a inova\u00e7\u00e3o \u00e9 capaz de reduzir os custos dos bancos. Roberto Campos Neto \u00e9 eleito melhor banqueiro central de 2020 pela Banker A fala de Campo Neto ocorreu na abertura do LiftDay, evento organizado pelo Banco Central junto com a\u00a0Federa\u00e7\u00e3o Nacional de [&hellip;]<\/p>\n","protected":false},"author":14,"featured_media":19353,"comment_status":"closed","ping_status":"closed","sticky":false,"template":"","format":"standard","meta":[],"categories":[60],"tags":[1842,1113],"suno_strategy":[],"class_list":["post-19229","post","type-post","status-publish","format-standard","has-post-thumbnail","hentry","category-mercado","tag-banco-central-bc","tag-roberto-campos-neto"],"yoast_head":"<!-- This site is optimized with the Yoast SEO plugin v24.4 - https:\/\/yoast.com\/wordpress\/plugins\/seo\/ -->\n<title>Roberto Campos Neto: inova\u00e7\u00e3o reduz custos de bancos<\/title>\n<meta name=\"description\" content=\"A fala de Campo Neto ocorreu na abertura do LiftDay, evento organizado pelo Banco Central. Clique para saber mais.\" \/>\n<meta name=\"robots\" content=\"index, follow, max-snippet:-1, max-image-preview:large, max-video-preview:-1\" \/>\n<link rel=\"canonical\" href=\"https:\/\/www.suno.com.br\/noticias\/presidente-do-bc-banco\/\" \/>\n<meta property=\"og:locale\" content=\"pt_BR\" \/>\n<meta property=\"og:type\" content=\"article\" \/>\n<meta property=\"og:title\" content=\"Roberto Campos Neto: inova\u00e7\u00e3o reduz custos de bancos\" \/>\n<meta property=\"og:description\" content=\"A fala de Campo Neto ocorreu na abertura do LiftDay, evento organizado pelo Banco Central. Clique para saber mais.\" \/>\n<meta property=\"og:url\" content=\"https:\/\/www.suno.com.br\/noticias\/presidente-do-bc-banco\/\" \/>\n<meta property=\"og:site_name\" content=\"Suno Not\u00edcias\" \/>\n<meta property=\"article:publisher\" content=\"https:\/\/facebook.com\/sunoresearch\" \/>\n<meta property=\"og:image\" content=\"https:\/\/files.sunoresearch.com.br\/n\/uploads\/2019\/03\/62214367-roberto-campos-neto.jpg\" \/>\n\t<meta property=\"og:image:width\" content=\"1140\" \/>\n\t<meta property=\"og:image:height\" content=\"760\" \/>\n\t<meta property=\"og:image:type\" content=\"image\/jpeg\" \/>\n<meta name=\"author\" content=\"Renan Dantas\" \/>\n<meta name=\"twitter:card\" content=\"summary_large_image\" \/>\n<meta name=\"twitter:creator\" content=\"@sunoresearch\" \/>\n<meta name=\"twitter:site\" content=\"@sunoresearch\" \/>\n<meta name=\"twitter:label1\" content=\"Escrito por\" \/>\n\t<meta name=\"twitter:data1\" content=\"Renan Dantas\" \/>\n\t<meta name=\"twitter:label2\" content=\"Est. tempo de leitura\" \/>\n\t<meta name=\"twitter:data2\" content=\"2 minutos\" \/>\n<script type=\"application\/ld+json\" class=\"yoast-schema-graph\">{\"@context\":\"https:\/\/schema.org\",\"@graph\":[{\"@type\":\"NewsArticle\",\"@id\":\"https:\/\/www.suno.com.br\/noticias\/presidente-do-bc-banco\/#article\",\"isPartOf\":{\"@id\":\"https:\/\/www.suno.com.br\/noticias\/presidente-do-bc-banco\/\"},\"author\":{\"name\":\"Renan Dantas\",\"@id\":\"https:\/\/www.suno.com.br\/noticias\/#\/schema\/person\/3f7693d5795a3f6d5ce15309ee785699\"},\"headline\":\"Presidente do BC: inova\u00e7\u00e3o reduz custos de bancos\",\"datePublished\":\"2019-03-27T20:00:23+00:00\",\"dateModified\":\"2021-02-18T01:49:48+00:00\",\"mainEntityOfPage\":{\"@id\":\"https:\/\/www.suno.com.br\/noticias\/presidente-do-bc-banco\/\"},\"wordCount\":357,\"publisher\":{\"@id\":\"https:\/\/www.suno.com.br\/noticias\/#organization\"},\"image\":{\"@id\":\"https:\/\/www.suno.com.br\/noticias\/presidente-do-bc-banco\/#primaryimage\"},\"thumbnailUrl\":\"https:\/\/files.sunoresearch.com.br\/n\/uploads\/2019\/03\/62214367-roberto-campos-neto-jpg.webp\",\"keywords\":[\"Banco Central (BC)\",\"Roberto Campos Neto\"],\"articleSection\":[\"Mercado\"],\"inLanguage\":\"pt-BR\"},{\"@type\":\"WebPage\",\"@id\":\"https:\/\/www.suno.com.br\/noticias\/presidente-do-bc-banco\/\",\"url\":\"https:\/\/www.suno.com.br\/noticias\/presidente-do-bc-banco\/\",\"name\":\"Roberto Campos Neto: inova\u00e7\u00e3o reduz custos de bancos\",\"isPartOf\":{\"@id\":\"https:\/\/www.suno.com.br\/noticias\/#website\"},\"primaryImageOfPage\":{\"@id\":\"https:\/\/www.suno.com.br\/noticias\/presidente-do-bc-banco\/#primaryimage\"},\"image\":{\"@id\":\"https:\/\/www.suno.com.br\/noticias\/presidente-do-bc-banco\/#primaryimage\"},\"thumbnailUrl\":\"https:\/\/files.sunoresearch.com.br\/n\/uploads\/2019\/03\/62214367-roberto-campos-neto-jpg.webp\",\"datePublished\":\"2019-03-27T20:00:23+00:00\",\"dateModified\":\"2021-02-18T01:49:48+00:00\",\"description\":\"A fala de Campo Neto ocorreu na abertura do LiftDay, evento organizado pelo Banco Central. Clique para saber mais.\",\"breadcrumb\":{\"@id\":\"https:\/\/www.suno.com.br\/noticias\/presidente-do-bc-banco\/#breadcrumb\"},\"inLanguage\":\"pt-BR\",\"potentialAction\":[{\"@type\":\"ReadAction\",\"target\":[\"https:\/\/www.suno.com.br\/noticias\/presidente-do-bc-banco\/\"]}]},{\"@type\":\"ImageObject\",\"inLanguage\":\"pt-BR\",\"@id\":\"https:\/\/www.suno.com.br\/noticias\/presidente-do-bc-banco\/#primaryimage\",\"url\":\"https:\/\/files.sunoresearch.com.br\/n\/uploads\/2019\/03\/62214367-roberto-campos-neto-jpg.webp\",\"contentUrl\":\"https:\/\/files.sunoresearch.com.br\/n\/uploads\/2019\/03\/62214367-roberto-campos-neto-jpg.webp\",\"width\":1140,\"height\":760,\"caption\":\"Roberto Campos Neto \u00e9 eleito melhor banqueiro central de 2020 pela Banker\"},{\"@type\":\"BreadcrumbList\",\"@id\":\"https:\/\/www.suno.com.br\/noticias\/presidente-do-bc-banco\/#breadcrumb\",\"itemListElement\":[{\"@type\":\"ListItem\",\"position\":1,\"name\":\"Not\u00edcias\",\"item\":\"https:\/\/www.suno.com.br\/noticias\/\"},{\"@type\":\"ListItem\",\"position\":2,\"name\":\"Mercado\",\"item\":\"https:\/\/www.suno.com.br\/noticias\/mercado\/\"},{\"@type\":\"ListItem\",\"position\":3,\"name\":\"Presidente do BC: inova\u00e7\u00e3o reduz custos de bancos\"}]},{\"@type\":\"WebSite\",\"@id\":\"https:\/\/www.suno.com.br\/noticias\/#website\",\"url\":\"https:\/\/www.suno.com.br\/noticias\/\",\"name\":\"Suno Not\u00edcias\",\"description\":\"Seu portal de informa\u00e7\u00e3o sobre o mundo dos investimentos\",\"publisher\":{\"@id\":\"https:\/\/www.suno.com.br\/noticias\/#organization\"},\"potentialAction\":[{\"@type\":\"SearchAction\",\"target\":{\"@type\":\"EntryPoint\",\"urlTemplate\":\"https:\/\/www.suno.com.br\/noticias\/?s={search_term_string}\"},\"query-input\":{\"@type\":\"PropertyValueSpecification\",\"valueRequired\":true,\"valueName\":\"search_term_string\"}}],\"inLanguage\":\"pt-BR\"},{\"@type\":\"Organization\",\"@id\":\"https:\/\/www.suno.com.br\/noticias\/#organization\",\"name\":\"Suno Not\u00edcias\",\"url\":\"https:\/\/www.suno.com.br\/noticias\/\",\"logo\":{\"@type\":\"ImageObject\",\"inLanguage\":\"pt-BR\",\"@id\":\"https:\/\/www.suno.com.br\/noticias\/#\/schema\/logo\/image\/\",\"url\":\"https:\/\/files.sunoresearch.com.br\/n\/uploads\/2021\/09\/suno-logo.png\",\"contentUrl\":\"https:\/\/files.sunoresearch.com.br\/n\/uploads\/2021\/09\/suno-logo.png\",\"width\":180,\"height\":180,\"caption\":\"Suno Not\u00edcias\"},\"image\":{\"@id\":\"https:\/\/www.suno.com.br\/noticias\/#\/schema\/logo\/image\/\"},\"sameAs\":[\"https:\/\/facebook.com\/sunoresearch\",\"https:\/\/x.com\/sunoresearch\",\"https:\/\/www.instagram.com\/suno\",\"https:\/\/www.linkedin.com\/company\/suno-research\/\",\"https:\/\/www.youtube.com\/c\/sunoresearch\"]},{\"@type\":\"Person\",\"@id\":\"https:\/\/www.suno.com.br\/noticias\/#\/schema\/person\/3f7693d5795a3f6d5ce15309ee785699\",\"name\":\"Renan Dantas\",\"image\":{\"@type\":\"ImageObject\",\"inLanguage\":\"pt-BR\",\"@id\":\"https:\/\/www.suno.com.br\/noticias\/#\/schema\/person\/image\/\",\"url\":\"https:\/\/secure.gravatar.com\/avatar\/1787b83e7484a08e51d62ac8b41c8396?s=96&r=g\",\"contentUrl\":\"https:\/\/secure.gravatar.com\/avatar\/1787b83e7484a08e51d62ac8b41c8396?s=96&r=g\",\"caption\":\"Renan Dantas\"},\"description\":\"Escreve sobre pol\u00edtica e mercado financeiro para o portal Suno Not\u00edcias. Antes, atuou na assessoria de comunica\u00e7\u00e3o do Minist\u00e9rio P\u00fablico do Trabalho e na R\u00e1dio Mackenzie, onde apresentava e produzia um programa sobre artistas da m\u00fasica brasileira. \u00c9 estudante na Universidade Presbiteriana Mackenzie.\",\"url\":\"https:\/\/www.suno.com.br\/noticias\/author\/renan-dantas\/\"}]}<\/script>\n<!-- \/ Yoast SEO plugin. -->","yoast_head_json":{"title":"Roberto Campos Neto: inova\u00e7\u00e3o reduz custos de bancos","description":"A fala de Campo Neto ocorreu na abertura do LiftDay, evento organizado pelo Banco Central. Clique para saber mais.","robots":{"index":"index","follow":"follow","max-snippet":"max-snippet:-1","max-image-preview":"max-image-preview:large","max-video-preview":"max-video-preview:-1"},"canonical":"https:\/\/www.suno.com.br\/noticias\/presidente-do-bc-banco\/","og_locale":"pt_BR","og_type":"article","og_title":"Roberto Campos Neto: inova\u00e7\u00e3o reduz custos de bancos","og_description":"A fala de Campo Neto ocorreu na abertura do LiftDay, evento organizado pelo Banco Central. Clique para saber mais.","og_url":"https:\/\/www.suno.com.br\/noticias\/presidente-do-bc-banco\/","og_site_name":"Suno Not\u00edcias","article_publisher":"https:\/\/facebook.com\/sunoresearch","og_image":[{"width":1140,"height":760,"url":"https:\/\/files.sunoresearch.com.br\/n\/uploads\/2019\/03\/62214367-roberto-campos-neto.jpg","type":"image\/jpeg"}],"author":"Renan Dantas","twitter_card":"summary_large_image","twitter_creator":"@sunoresearch","twitter_site":"@sunoresearch","twitter_misc":{"Escrito por":"Renan Dantas","Est. tempo de leitura":"2 minutos"},"schema":{"@context":"https:\/\/schema.org","@graph":[{"@type":"NewsArticle","@id":"https:\/\/www.suno.com.br\/noticias\/presidente-do-bc-banco\/#article","isPartOf":{"@id":"https:\/\/www.suno.com.br\/noticias\/presidente-do-bc-banco\/"},"author":{"name":"Renan Dantas","@id":"https:\/\/www.suno.com.br\/noticias\/#\/schema\/person\/3f7693d5795a3f6d5ce15309ee785699"},"headline":"Presidente do BC: inova\u00e7\u00e3o reduz custos de bancos","datePublished":"2019-03-27T20:00:23+00:00","dateModified":"2021-02-18T01:49:48+00:00","mainEntityOfPage":{"@id":"https:\/\/www.suno.com.br\/noticias\/presidente-do-bc-banco\/"},"wordCount":357,"publisher":{"@id":"https:\/\/www.suno.com.br\/noticias\/#organization"},"image":{"@id":"https:\/\/www.suno.com.br\/noticias\/presidente-do-bc-banco\/#primaryimage"},"thumbnailUrl":"https:\/\/files.sunoresearch.com.br\/n\/uploads\/2019\/03\/62214367-roberto-campos-neto-jpg.webp","keywords":["Banco Central (BC)","Roberto Campos Neto"],"articleSection":["Mercado"],"inLanguage":"pt-BR"},{"@type":"WebPage","@id":"https:\/\/www.suno.com.br\/noticias\/presidente-do-bc-banco\/","url":"https:\/\/www.suno.com.br\/noticias\/presidente-do-bc-banco\/","name":"Roberto Campos Neto: inova\u00e7\u00e3o reduz custos de bancos","isPartOf":{"@id":"https:\/\/www.suno.com.br\/noticias\/#website"},"primaryImageOfPage":{"@id":"https:\/\/www.suno.com.br\/noticias\/presidente-do-bc-banco\/#primaryimage"},"image":{"@id":"https:\/\/www.suno.com.br\/noticias\/presidente-do-bc-banco\/#primaryimage"},"thumbnailUrl":"https:\/\/files.sunoresearch.com.br\/n\/uploads\/2019\/03\/62214367-roberto-campos-neto-jpg.webp","datePublished":"2019-03-27T20:00:23+00:00","dateModified":"2021-02-18T01:49:48+00:00","description":"A fala de Campo Neto ocorreu na abertura do LiftDay, evento organizado pelo Banco Central. Clique para saber mais.","breadcrumb":{"@id":"https:\/\/www.suno.com.br\/noticias\/presidente-do-bc-banco\/#breadcrumb"},"inLanguage":"pt-BR","potentialAction":[{"@type":"ReadAction","target":["https:\/\/www.suno.com.br\/noticias\/presidente-do-bc-banco\/"]}]},{"@type":"ImageObject","inLanguage":"pt-BR","@id":"https:\/\/www.suno.com.br\/noticias\/presidente-do-bc-banco\/#primaryimage","url":"https:\/\/files.sunoresearch.com.br\/n\/uploads\/2019\/03\/62214367-roberto-campos-neto-jpg.webp","contentUrl":"https:\/\/files.sunoresearch.com.br\/n\/uploads\/2019\/03\/62214367-roberto-campos-neto-jpg.webp","width":1140,"height":760,"caption":"Roberto Campos Neto \u00e9 eleito melhor banqueiro central de 2020 pela Banker"},{"@type":"BreadcrumbList","@id":"https:\/\/www.suno.com.br\/noticias\/presidente-do-bc-banco\/#breadcrumb","itemListElement":[{"@type":"ListItem","position":1,"name":"Not\u00edcias","item":"https:\/\/www.suno.com.br\/noticias\/"},{"@type":"ListItem","position":2,"name":"Mercado","item":"https:\/\/www.suno.com.br\/noticias\/mercado\/"},{"@type":"ListItem","position":3,"name":"Presidente do BC: inova\u00e7\u00e3o reduz custos de bancos"}]},{"@type":"WebSite","@id":"https:\/\/www.suno.com.br\/noticias\/#website","url":"https:\/\/www.suno.com.br\/noticias\/","name":"Suno Not\u00edcias","description":"Seu portal de informa\u00e7\u00e3o sobre o mundo dos investimentos","publisher":{"@id":"https:\/\/www.suno.com.br\/noticias\/#organization"},"potentialAction":[{"@type":"SearchAction","target":{"@type":"EntryPoint","urlTemplate":"https:\/\/www.suno.com.br\/noticias\/?s={search_term_string}"},"query-input":{"@type":"PropertyValueSpecification","valueRequired":true,"valueName":"search_term_string"}}],"inLanguage":"pt-BR"},{"@type":"Organization","@id":"https:\/\/www.suno.com.br\/noticias\/#organization","name":"Suno Not\u00edcias","url":"https:\/\/www.suno.com.br\/noticias\/","logo":{"@type":"ImageObject","inLanguage":"pt-BR","@id":"https:\/\/www.suno.com.br\/noticias\/#\/schema\/logo\/image\/","url":"https:\/\/files.sunoresearch.com.br\/n\/uploads\/2021\/09\/suno-logo.png","contentUrl":"https:\/\/files.sunoresearch.com.br\/n\/uploads\/2021\/09\/suno-logo.png","width":180,"height":180,"caption":"Suno Not\u00edcias"},"image":{"@id":"https:\/\/www.suno.com.br\/noticias\/#\/schema\/logo\/image\/"},"sameAs":["https:\/\/facebook.com\/sunoresearch","https:\/\/x.com\/sunoresearch","https:\/\/www.instagram.com\/suno","https:\/\/www.linkedin.com\/company\/suno-research\/","https:\/\/www.youtube.com\/c\/sunoresearch"]},{"@type":"Person","@id":"https:\/\/www.suno.com.br\/noticias\/#\/schema\/person\/3f7693d5795a3f6d5ce15309ee785699","name":"Renan Dantas","image":{"@type":"ImageObject","inLanguage":"pt-BR","@id":"https:\/\/www.suno.com.br\/noticias\/#\/schema\/person\/image\/","url":"https:\/\/secure.gravatar.com\/avatar\/1787b83e7484a08e51d62ac8b41c8396?s=96&r=g","contentUrl":"https:\/\/secure.gravatar.com\/avatar\/1787b83e7484a08e51d62ac8b41c8396?s=96&r=g","caption":"Renan Dantas"},"description":"Escreve sobre pol\u00edtica e mercado financeiro para o portal Suno Not\u00edcias. Antes, atuou na assessoria de comunica\u00e7\u00e3o do Minist\u00e9rio P\u00fablico do Trabalho e na R\u00e1dio Mackenzie, onde apresentava e produzia um programa sobre artistas da m\u00fasica brasileira. \u00c9 estudante na Universidade Presbiteriana Mackenzie.","url":"https:\/\/www.suno.com.br\/noticias\/author\/renan-dantas\/"}]}},"default_loop_html":"<div class=\"cardsPage__listCard__boxs\"><div class=\"cardsPage__listCard__boxs__img\"><a href=\"https:\/\/www.suno.com.br\/noticias\/presidente-do-bc-banco\/\"><img class=\"mask\" src=\"https:\/\/www.suno.com.br\/noticias\/wp-content\/themes\/suno\/resources\/images\/spotlight\/spotlight1img\/bg-mask.png\" alt=\"Image Mask\"\/><img src=\"https:\/\/files.sunoresearch.com.br\/n\/uploads\/2019\/03\/62214367-roberto-campos-neto-400x200.webp\" alt=\"Presidente do BC: inova\u00e7\u00e3o reduz custos de bancos\"\/><\/a><span class=\"spotlightCategory\"><a href=\"https:\/\/www.suno.com.br\/noticias\/mercado\/\">Mercado<\/a><\/span><\/div><div class=\"cardsPage__listCard__boxs__content\"><a href=\"https:\/\/www.suno.com.br\/noticias\/presidente-do-bc-banco\/\"><h2 class=\"content__title\">Presidente do BC: inova\u00e7\u00e3o reduz custos de bancos<\/h2><\/a><div class=\"newsContent__article__meta\"><div class=\"newsContent__article__meta__authorBox\"><a href=\"https:\/\/www.suno.com.br\/noticias\/author\/renan-dantas\/\" class=\"authorBox__avatar noMobi\"><img src=\"https:\/\/secure.gravatar.com\/avatar\/1787b83e7484a08e51d62ac8b41c8396?s=96&#038;r=g\" alt=\"Renan Dantas\"><\/a><div class=\"authorBox__name\"><span>por\n\t\t\t<a href=\"https:\/\/www.suno.com.br\/noticias\/author\/renan-dantas\/\"><span itemprop=\"author\">Renan Dantas<\/span><\/a><\/span><time datetime=\"2019-03-27T17:00:23-03:00\" itemprop=\"datePublished\">27\/03\/2019 17:00<\/time><\/div><\/div><\/div><\/div><\/div>","single_layout":"posts","amp_enabled":true,"_links":{"self":[{"href":"https:\/\/www.suno.com.br\/noticias\/wp-json\/wp\/v2\/posts\/19229"}],"collection":[{"href":"https:\/\/www.suno.com.br\/noticias\/wp-json\/wp\/v2\/posts"}],"about":[{"href":"https:\/\/www.suno.com.br\/noticias\/wp-json\/wp\/v2\/types\/post"}],"author":[{"embeddable":true,"href":"https:\/\/www.suno.com.br\/noticias\/wp-json\/wp\/v2\/users\/14"}],"replies":[{"embeddable":true,"href":"https:\/\/www.suno.com.br\/noticias\/wp-json\/wp\/v2\/comments?post=19229"}],"version-history":[{"count":0,"href":"https:\/\/www.suno.com.br\/noticias\/wp-json\/wp\/v2\/posts\/19229\/revisions"}],"wp:featuredmedia":[{"embeddable":true,"href":"https:\/\/www.suno.com.br\/noticias\/wp-json\/wp\/v2\/media\/19353"}],"wp:attachment":[{"href":"https:\/\/www.suno.com.br\/noticias\/wp-json\/wp\/v2\/media?parent=19229"}],"wp:term":[{"taxonomy":"category","embeddable":true,"href":"https:\/\/www.suno.com.br\/noticias\/wp-json\/wp\/v2\/categories?post=19229"},{"taxonomy":"post_tag","embeddable":true,"href":"https:\/\/www.suno.com.br\/noticias\/wp-json\/wp\/v2\/tags?post=19229"},{"taxonomy":"suno_strategy","embeddable":true,"href":"https:\/\/www.suno.com.br\/noticias\/wp-json\/wp\/v2\/suno_strategy?post=19229"}],"curies":[{"name":"wp","href":"https:\/\/api.w.org\/{rel}","templated":true}]}}