{"id":192248,"date":"2021-10-08T15:23:17","date_gmt":"2021-10-08T18:23:17","guid":{"rendered":"https:\/\/www.suno.com.br\/noticias\/?p=192248"},"modified":"2021-10-08T15:23:17","modified_gmt":"2021-10-08T18:23:17","slug":"bolsas-da-europa-fecham-semana-no-verde","status":"publish","type":"post","link":"https:\/\/www.suno.com.br\/noticias\/bolsas-da-europa-fecham-semana-no-verde\/","title":{"rendered":"Bolsas da Europa fecham sem sinal \u00fanico mas semana fecha no verde"},"content":{"rendered":"<p>As bolsas de valores<strong> Europa<\/strong> n\u00e3o tiveram sinal \u00fanico, <a href=\"https:\/\/www.suno.com.br\/artigos\/pregao\">nesta sexta-feira (8)<\/a>. O quadro foi de volatilidade, com as bolsas alternando perdas e ganhos, em dia de agenda local modesta, mas expectativa pelo payroll (relat\u00f3rio de emprego) dos Estados Unidos, que mostrou gera\u00e7\u00e3o de vagas em setembro abaixo do esperado por analistas.<\/p>\t<div class=\"wrapper-featured-image\">\n\t\t<figure class=\"spotlightImg\">\n\n\t\t\t<picture>\n\t\t\t\t<source media=\"(max-width: 768px)\" srcset=\"https:\/\/files.sunoresearch.com.br\/n\/uploads\/2021\/07\/9c69d4f8-euro-sculpture-2867942_1920-400x200.jpg\">\n\t\t\t\t<img loading=\"lazy\" decoding=\"async\" class=\"newsContent__article__imgCapa lazyloadDisabled \" src=\"https:\/\/files.sunoresearch.com.br\/n\/uploads\/2021\/07\/9c69d4f8-euro-sculpture-2867942_1920-800x450.jpg\" width=\"800\" height=\"450\" alt=\"Bolsas da Europa fecham sem sinal \u00fanico mas semana fecha no verde\" fetchpriority=high \/>\n\t\t\t<\/picture>\n\n\t\t\t<figcaption class=\"wp-caption-text wp-caption-text--show\">Bolsas da Europa. Foto: Pixabay<\/figcaption>\n\t\t<\/figure>\n\t<\/div>\n\n\n\t<p>\n\t\t<a href=\"https:\/\/lp.suno.com.br\/planilha-controle-gastos\/\" target=\"_blank\" data-element=\"shortcode-suno-banner\" title=\"Banner SUNO, clique e saiba mais\">\n\t\t\t<picture>\n\t\t\t\t<source media=\"(max-width: 500px)\" srcset=\"https:\/\/files.sunoresearch.com.br\/n\/uploads\/2023\/03\/400x300-Planilha-controle-de-gastos.png\">\n\t\t\t\t<img class=\"newsContent__article__imgCapa newsContent__article__imgCapa--banner\"\n\t\t\t\t\tsrc=\"https:\/\/files.sunoresearch.com.br\/n\/uploads\/2023\/03\/1420x240-Planilha-controle-de-gastos.png\"\n\t\t\t\t\tdata-promo-id=\"101751\"\t\t\t\t\t\t\t\t\t\twidth='1420' height='240'\t\t\t\t\talt=\"https:\/\/files.sunoresearch.com.br\/n\/uploads\/2023\/03\/1420x240-Planilha-controle-de-gastos.png\"\n\t\t\t\t>\n\t\t\t<\/picture>\n\t\t<\/a>\n\t<\/p>\n\n\n<p>O \u00edndice que re\u00fane as a\u00e7\u00f5es de toda a Europa, o <strong>Stoxx 600<\/strong>, fechou em baixa de 0,28%, em 457,29 pontos. Na compara\u00e7\u00e3o semanal, ele subiu 0,97%.<\/p>\n<p>As pra\u00e7as europeias abriram com ganhos, estendendo o avan\u00e7o do dia anterior. Mais adiante, por\u00e9m, inverteram o sinal. No fim do <strong>preg\u00e3o<\/strong>, n\u00e3o tinham sinal \u00fanico.<\/p>\n\t<div data-element=\"shortcode-read-more\" class=\"knowMore\">\n\t\t\t\t<span class=\"knowMore__title\">Leia mais<\/span>\n\t\t\t\t<a class=\"knowMore__link\" href=\"https:\/\/www.suno.com.br\/noticias\/ibovespa-alta-economia-ipca-precatorios-cielo-ciel3-08102021\/\">\n\t\t\tIbovespa deixa zero a zero e sobe 3% com dados econ\u00f4micos; Cielo (CIEL3) dispara 15%\t\t<\/a>\n\t<\/div>\n\n\n<p>O Morgan Stanley comenta em relat\u00f3rio que, nos pr\u00f3ximos dias, dados de produ\u00e7\u00e3o industrial da <a class=\"suno-keyword\" href=\"https:\/\/www.suno.com.br\/artigos\/zona-do-euro\/\" target=\"_blank\" rel=\"noopener\" data-force=\"no\" data-priority=\"1\">zona do <strong>euro<\/strong><\/a> e do instituto Zew na Alemanha podem confirmar a persist\u00eancia de gargalos na cadeia produtiva, o que levou o banco a j\u00e1 ter cortado proje\u00e7\u00e3o para o crescimento da regi\u00e3o da moeda comum no terceiro trimestre, de 2,3% a 2,0% ante o trimestre anterior.<\/p>\n<p>Na agenda europeia desta sexta, o Banco da <strong>Inglaterra<\/strong> (BoE, na sigla em ingl\u00eas) publicou relat\u00f3rio sobre <a class=\"suno-keyword\" href=\"https:\/\/www.suno.com.br\/artigos\/estabilidade-financeira\/\" target=\"_blank\" rel=\"noopener\" data-force=\"no\" data-priority=\"1\"><strong>estabilidade<\/strong> financeira<\/a>. No documento, o banco central diz que h\u00e1 evid\u00eancias de aumento na tomada de risco em alguns mercados financeiros, enquanto continua a haver vulnerabilidade no setor n\u00e3o banc\u00e1rio.<\/p>\n\t<p>\n\t\t<a href=\"https:\/\/lp.suno.com.br\/planilha-da-vida-financeira\/\" target=\"_blank\" data-element=\"shortcode-suno-banner\" title=\"Banner SUNO, clique e saiba mais\">\n\t\t\t<picture>\n\t\t\t\t<source media=\"(max-width: 500px)\" srcset=\"https:\/\/files.sunoresearch.com.br\/n\/uploads\/2023\/04\/400x300-Planilha-vida-financeira-true.png\">\n\t\t\t\t<img class=\"newsContent__article__imgCapa newsContent__article__imgCapa--banner\"\n\t\t\t\t\tsrc=\"https:\/\/files.sunoresearch.com.br\/n\/uploads\/2023\/04\/1420x240-Planilha-vida-financeira-true.png\"\n\t\t\t\t\tdata-promo-id=\"106682\"\t\t\t\t\t\t\t\t\t\twidth='1420' height='240'\t\t\t\t\talt=\"https:\/\/files.sunoresearch.com.br\/n\/uploads\/2023\/04\/1420x240-Planilha-vida-financeira-true.png\"\n\t\t\t\t>\n\t\t\t<\/picture>\n\t\t<\/a>\n\t<\/p>\n\n\n<p>O BoE destacou tamb\u00e9m aumento nas vulnerabilidades globais de d\u00edvida, durante a pandemia da covid-19, e notou que uma maior alavancagem e maior tomada de risco no exterior poderiam aumentar diretamente o risco de perdas para institui\u00e7\u00f5es locais. O banco central menciona no documento algumas vulnerabilidades globais, entre elas o caso da incorporadora chinesa Evergrande, que tem dificuldades para cumprir suas obriga\u00e7\u00f5es financeiras.<\/p>\n\t<p>\n\t\t<a href=\"https:\/\/lp.suno.com.br\/ebook-como-analisar-uma-acao\/\" target=\"_blank\" data-element=\"shortcode-suno-banner\" title=\"Banner SUNO, clique e saiba mais\">\n\t\t\t<picture>\n\t\t\t\t<source media=\"(max-width: 500px)\" srcset=\"https:\/\/files.sunoresearch.com.br\/n\/uploads\/2023\/03\/Ebook-Acoes-Mobile-1.jpg\">\n\t\t\t\t<img class=\"newsContent__article__imgCapa newsContent__article__imgCapa--banner\"\n\t\t\t\t\tsrc=\"https:\/\/files.sunoresearch.com.br\/n\/uploads\/2023\/03\/Ebook-Acoes-Desktop-1.jpg\"\n\t\t\t\t\tdata-promo-id=\"171998\"\t\t\t\t\t\t\t\t\t\twidth='1420' height='286'\t\t\t\t\talt=\"https:\/\/files.sunoresearch.com.br\/n\/uploads\/2023\/03\/Ebook-Acoes-Desktop-1.jpg\"\n\t\t\t\t>\n\t\t\t<\/picture>\n\t\t<\/a>\n\t<\/p>\n\n\n<h2>\u00cdndices na Europa<\/h2>\n<p>Na Bolsa de Londres, o \u00edndice <a class=\"suno-keyword\" href=\"https:\/\/www.suno.com.br\/artigos\/ftse-100\/\" target=\"_blank\" rel=\"noopener\" data-force=\"no\" data-priority=\"1\"><strong>FTSE<\/strong> <strong>100<\/strong><\/a> fechou em alta de 0,25%, em 7.095,55 pontos. Na compara\u00e7\u00e3o semanal, ele avan\u00e7ou 0,97%. Lloyds teve ganho de 0,77% nesta sexta e BP, de 2,54%.<\/p>\n<p>Em Frankfurt, o \u00edndice <strong>DAX<\/strong> recuou 0,29%, para 15.206,13 pontos, mas ficou com alta semanal de 0,33%. Deutsche Bank subiu 0,42%, mas E.ON caiu 1,98%.<\/p>\n\t<p>\n\t\t<a href=\"https:\/\/lp.suno.com.br\/planilha-de-controle-de-investimentos\/\" target=\"_blank\" data-element=\"shortcode-suno-banner\" title=\"Banner SUNO, clique e saiba mais\">\n\t\t\t<picture>\n\t\t\t\t<source media=\"(max-width: 500px)\" srcset=\"https:\/\/files.sunoresearch.com.br\/n\/uploads\/2023\/03\/400x300-Controle-de-Investimentos.png\">\n\t\t\t\t<img class=\"newsContent__article__imgCapa newsContent__article__imgCapa--banner\"\n\t\t\t\t\tsrc=\"https:\/\/files.sunoresearch.com.br\/n\/uploads\/2023\/03\/1420x240-Controle-de-Investimentos.png\"\n\t\t\t\t\tdata-promo-id=\"75934\"\t\t\t\t\t\t\t\t\t\twidth='1420' height='240'\t\t\t\t\talt=\"https:\/\/files.sunoresearch.com.br\/n\/uploads\/2023\/03\/1420x240-Controle-de-Investimentos.png\"\n\t\t\t\t>\n\t\t\t<\/picture>\n\t\t<\/a>\n\t<\/p>\n\n\n<p>Na Bolsa de Paris, o \u00edndice <strong><a class=\"suno-keyword\" href=\"https:\/\/www.suno.com.br\/artigos\/cac-40\/\" target=\"_blank\" rel=\"noopener\" data-force=\"no\" data-priority=\"1\">CAC 40<\/a><\/strong> registrou queda de 0,61%, a 6.559,99 pontos, terminando na m\u00ednima do dia. Na compara\u00e7\u00e3o semanal, ele subiu 0,65%.<\/p>\n<p>O \u00edndice <a class=\"suno-keyword\" href=\"https:\/\/www.suno.com.br\/artigos\/ftse-mib\/\" target=\"_blank\" rel=\"noopener\" data-force=\"no\" data-priority=\"1\"><strong>FTSE MIB<\/strong><\/a>, da Bolsa de Mil\u00e3o, avan\u00e7ou 0,23%, a 26.051,01 pontos, com alta de 1,70% na semana. Intesa Sanpaolo subiu 0,30% e Telecom Italia, 0,76%.<\/p>\n<p>Em Madri, o \u00edndice Ibex 35 registrou queda de 0,09%, a 8.955,00 pontos, passando ao territ\u00f3rio negativo no ajuste final, embora tamb\u00e9m tenha oscilado entre perdas e ganhos ao longo do dia. Na semana, o \u00edndice subiu 1,77%. Entre as mais negociadas na pra\u00e7a espanhola nesta sexta, Santander subiu 0,56% e Nyesa Valores avan\u00e7ou 7,81%, mas DIA recuou 3,59%.<\/p>\n<p>Na Bolsa de Lisboa, na <strong>Europa<\/strong>, o \u00edndice PSI 20 fechou em baixa de 0,29%, em 5.514,79 pontos, com alta semanal de 0,69%.<\/p>\n<p><em>Com informa\u00e7\u00f5es do Estad\u00e3o Conte\u00fado<\/em><\/p>\n\t<p>\n\t\t<a href=\"\" target=\"_blank\" data-element=\"shortcode-suno-banner\" title=\"Banner SUNO, clique e saiba mais\">\n\t\t\t<picture>\n\t\t\t\t<source media=\"(max-width: 500px)\" srcset=\"\">\n\t\t\t\t<img class=\"newsContent__article__imgCapa newsContent__article__imgCapa--banner\"\n\t\t\t\t\tsrc=\"\"\n\t\t\t\t\tdata-promo-id=\"184190\"\t\t\t\t\t\t\t\t\t\t\t\t\t\t\talt=\"\"\n\t\t\t\t>\n\t\t\t<\/picture>\n\t\t<\/a>\n\t<\/p>\n\n\n","protected":false},"excerpt":{"rendered":"<p>As bolsas de valores Europa n\u00e3o tiveram sinal \u00fanico, nesta sexta-feira (8). O quadro foi de volatilidade, com as bolsas alternando perdas e ganhos, em dia de agenda local modesta, mas expectativa pelo payroll (relat\u00f3rio de emprego) dos Estados Unidos, que mostrou gera\u00e7\u00e3o de vagas em setembro abaixo do esperado por analistas. Bolsas da Europa. [&hellip;]<\/p>\n","protected":false},"author":73,"featured_media":164648,"comment_status":"closed","ping_status":"closed","sticky":false,"template":"","format":"standard","meta":[],"categories":[60],"tags":[106444,3746,105068,105069],"suno_strategy":[],"class_list":["post-192248","post","type-post","status-publish","format-standard","has-post-thumbnail","hentry","category-mercado","tag-agencias","tag-ftse-100","tag-ftse-mib","tag-stoxx-600-europe"],"yoast_head":"<!-- This site is optimized with the Yoast SEO plugin v24.4 - https:\/\/yoast.com\/wordpress\/plugins\/seo\/ -->\n<title>Bolsas da Europa fecham sem sinal \u00fanico mas semana fecha no verde<\/title>\n<meta name=\"description\" content=\"O \u00edndice que re\u00fane as a\u00e7\u00f5es de toda a Europa, o Stoxx 600, fechou em baixa de 0,28%, em 457,29 pontos. Clique aqui e leia mais.\" \/>\n<meta name=\"robots\" content=\"index, follow, max-snippet:-1, max-image-preview:large, max-video-preview:-1\" \/>\n<link rel=\"canonical\" href=\"https:\/\/www.suno.com.br\/noticias\/bolsas-da-europa-fecham-semana-no-verde\/\" \/>\n<meta property=\"og:locale\" content=\"pt_BR\" \/>\n<meta property=\"og:type\" content=\"article\" \/>\n<meta property=\"og:title\" content=\"Bolsas da Europa fecham sem sinal \u00fanico mas semana fecha no verde\" \/>\n<meta property=\"og:description\" content=\"O \u00edndice que re\u00fane as a\u00e7\u00f5es de toda a Europa, o Stoxx 600, fechou em baixa de 0,28%, em 457,29 pontos. Clique aqui e leia mais.\" \/>\n<meta property=\"og:url\" content=\"https:\/\/www.suno.com.br\/noticias\/bolsas-da-europa-fecham-semana-no-verde\/\" \/>\n<meta property=\"og:site_name\" content=\"Suno Not\u00edcias\" \/>\n<meta property=\"article:publisher\" content=\"https:\/\/facebook.com\/sunoresearch\" \/>\n<meta property=\"og:image\" content=\"https:\/\/files.sunoresearch.com.br\/n\/uploads\/2021\/07\/9c69d4f8-euro-sculpture-2867942_1920.jpg\" \/>\n\t<meta property=\"og:image:width\" content=\"1920\" \/>\n\t<meta property=\"og:image:height\" content=\"1440\" \/>\n\t<meta property=\"og:image:type\" content=\"image\/jpeg\" \/>\n<meta name=\"author\" content=\"Eduardo Vargas\" \/>\n<meta name=\"twitter:card\" content=\"summary_large_image\" \/>\n<meta name=\"twitter:creator\" content=\"@sunoresearch\" \/>\n<meta name=\"twitter:site\" content=\"@sunoresearch\" \/>\n<meta name=\"twitter:label1\" content=\"Escrito por\" \/>\n\t<meta name=\"twitter:data1\" content=\"Eduardo Vargas\" \/>\n\t<meta name=\"twitter:label2\" content=\"Est. tempo de leitura\" \/>\n\t<meta name=\"twitter:data2\" content=\"3 minutos\" \/>\n<script type=\"application\/ld+json\" class=\"yoast-schema-graph\">{\"@context\":\"https:\/\/schema.org\",\"@graph\":[{\"@type\":\"NewsArticle\",\"@id\":\"https:\/\/www.suno.com.br\/noticias\/bolsas-da-europa-fecham-semana-no-verde\/#article\",\"isPartOf\":{\"@id\":\"https:\/\/www.suno.com.br\/noticias\/bolsas-da-europa-fecham-semana-no-verde\/\"},\"author\":{\"name\":\"Eduardo Vargas\",\"@id\":\"https:\/\/www.suno.com.br\/noticias\/#\/schema\/person\/7f4d362bf3518e76090143ae77bb49a5\"},\"headline\":\"Bolsas da Europa fecham sem sinal \u00fanico mas semana fecha no verde\",\"datePublished\":\"2021-10-08T18:23:17+00:00\",\"mainEntityOfPage\":{\"@id\":\"https:\/\/www.suno.com.br\/noticias\/bolsas-da-europa-fecham-semana-no-verde\/\"},\"wordCount\":514,\"publisher\":{\"@id\":\"https:\/\/www.suno.com.br\/noticias\/#organization\"},\"image\":{\"@id\":\"https:\/\/www.suno.com.br\/noticias\/bolsas-da-europa-fecham-semana-no-verde\/#primaryimage\"},\"thumbnailUrl\":\"https:\/\/files.sunoresearch.com.br\/n\/uploads\/2021\/07\/9c69d4f8-euro-sculpture-2867942_1920.jpg\",\"keywords\":[\"Ag\u00eancias\",\"FTSE 100\",\"FTSE MIB\",\"Stoxx 600 Europe\"],\"articleSection\":[\"Mercado\"],\"inLanguage\":\"pt-BR\"},{\"@type\":\"WebPage\",\"@id\":\"https:\/\/www.suno.com.br\/noticias\/bolsas-da-europa-fecham-semana-no-verde\/\",\"url\":\"https:\/\/www.suno.com.br\/noticias\/bolsas-da-europa-fecham-semana-no-verde\/\",\"name\":\"Bolsas da Europa fecham sem sinal \u00fanico mas semana fecha no verde\",\"isPartOf\":{\"@id\":\"https:\/\/www.suno.com.br\/noticias\/#website\"},\"primaryImageOfPage\":{\"@id\":\"https:\/\/www.suno.com.br\/noticias\/bolsas-da-europa-fecham-semana-no-verde\/#primaryimage\"},\"image\":{\"@id\":\"https:\/\/www.suno.com.br\/noticias\/bolsas-da-europa-fecham-semana-no-verde\/#primaryimage\"},\"thumbnailUrl\":\"https:\/\/files.sunoresearch.com.br\/n\/uploads\/2021\/07\/9c69d4f8-euro-sculpture-2867942_1920.jpg\",\"datePublished\":\"2021-10-08T18:23:17+00:00\",\"description\":\"O \u00edndice que re\u00fane as a\u00e7\u00f5es de toda a Europa, o Stoxx 600, fechou em baixa de 0,28%, em 457,29 pontos. Clique aqui e leia mais.\",\"breadcrumb\":{\"@id\":\"https:\/\/www.suno.com.br\/noticias\/bolsas-da-europa-fecham-semana-no-verde\/#breadcrumb\"},\"inLanguage\":\"pt-BR\",\"potentialAction\":[{\"@type\":\"ReadAction\",\"target\":[\"https:\/\/www.suno.com.br\/noticias\/bolsas-da-europa-fecham-semana-no-verde\/\"]}]},{\"@type\":\"ImageObject\",\"inLanguage\":\"pt-BR\",\"@id\":\"https:\/\/www.suno.com.br\/noticias\/bolsas-da-europa-fecham-semana-no-verde\/#primaryimage\",\"url\":\"https:\/\/files.sunoresearch.com.br\/n\/uploads\/2021\/07\/9c69d4f8-euro-sculpture-2867942_1920.jpg\",\"contentUrl\":\"https:\/\/files.sunoresearch.com.br\/n\/uploads\/2021\/07\/9c69d4f8-euro-sculpture-2867942_1920.jpg\",\"width\":1920,\"height\":1440,\"caption\":\"Bolsas da Europa. Foto: Pixabay\"},{\"@type\":\"BreadcrumbList\",\"@id\":\"https:\/\/www.suno.com.br\/noticias\/bolsas-da-europa-fecham-semana-no-verde\/#breadcrumb\",\"itemListElement\":[{\"@type\":\"ListItem\",\"position\":1,\"name\":\"Not\u00edcias\",\"item\":\"https:\/\/www.suno.com.br\/noticias\/\"},{\"@type\":\"ListItem\",\"position\":2,\"name\":\"Mercado\",\"item\":\"https:\/\/www.suno.com.br\/noticias\/mercado\/\"},{\"@type\":\"ListItem\",\"position\":3,\"name\":\"Bolsas da Europa fecham sem sinal \u00fanico mas semana fecha no verde\"}]},{\"@type\":\"WebSite\",\"@id\":\"https:\/\/www.suno.com.br\/noticias\/#website\",\"url\":\"https:\/\/www.suno.com.br\/noticias\/\",\"name\":\"Suno Not\u00edcias\",\"description\":\"Seu portal de informa\u00e7\u00e3o sobre o mundo dos investimentos\",\"publisher\":{\"@id\":\"https:\/\/www.suno.com.br\/noticias\/#organization\"},\"potentialAction\":[{\"@type\":\"SearchAction\",\"target\":{\"@type\":\"EntryPoint\",\"urlTemplate\":\"https:\/\/www.suno.com.br\/noticias\/?s={search_term_string}\"},\"query-input\":{\"@type\":\"PropertyValueSpecification\",\"valueRequired\":true,\"valueName\":\"search_term_string\"}}],\"inLanguage\":\"pt-BR\"},{\"@type\":\"Organization\",\"@id\":\"https:\/\/www.suno.com.br\/noticias\/#organization\",\"name\":\"Suno Not\u00edcias\",\"url\":\"https:\/\/www.suno.com.br\/noticias\/\",\"logo\":{\"@type\":\"ImageObject\",\"inLanguage\":\"pt-BR\",\"@id\":\"https:\/\/www.suno.com.br\/noticias\/#\/schema\/logo\/image\/\",\"url\":\"https:\/\/files.sunoresearch.com.br\/n\/uploads\/2021\/09\/suno-logo.png\",\"contentUrl\":\"https:\/\/files.sunoresearch.com.br\/n\/uploads\/2021\/09\/suno-logo.png\",\"width\":180,\"height\":180,\"caption\":\"Suno Not\u00edcias\"},\"image\":{\"@id\":\"https:\/\/www.suno.com.br\/noticias\/#\/schema\/logo\/image\/\"},\"sameAs\":[\"https:\/\/facebook.com\/sunoresearch\",\"https:\/\/x.com\/sunoresearch\",\"https:\/\/www.instagram.com\/suno\",\"https:\/\/www.linkedin.com\/company\/suno-research\/\",\"https:\/\/www.youtube.com\/c\/sunoresearch\"]},{\"@type\":\"Person\",\"@id\":\"https:\/\/www.suno.com.br\/noticias\/#\/schema\/person\/7f4d362bf3518e76090143ae77bb49a5\",\"name\":\"Eduardo Vargas\",\"image\":{\"@type\":\"ImageObject\",\"inLanguage\":\"pt-BR\",\"@id\":\"https:\/\/www.suno.com.br\/noticias\/#\/schema\/person\/image\/\",\"url\":\"https:\/\/secure.gravatar.com\/avatar\/dac340933427a22924c9f99d1eb2e3f2?s=96&r=g\",\"contentUrl\":\"https:\/\/secure.gravatar.com\/avatar\/dac340933427a22924c9f99d1eb2e3f2?s=96&r=g\",\"caption\":\"Eduardo Vargas\"},\"description\":\"Jornalista formado pela UFSC, cobre macroeconomia, neg\u00f3cios e startups para o Suno Not\u00edcias, escrevendo principalmente not\u00edcias sobre o mercado financeiro e a bolsa de valores. No YouTube e no Instagram, \u00e9 respons\u00e1vel pela produ\u00e7\u00e3o de Reels e Shorts do Suno Not\u00edcias. Anteriormente, trabalhou cobrindo economia e cotidiano no ND+ e para o ND, maior jornal impresso de Santa Catarina. Cursou um semestre letivo de Estudos de M\u00eddia na Universidad de Buenos Aires.\",\"url\":\"https:\/\/www.suno.com.br\/noticias\/author\/eduardo-vargas\/\"}]}<\/script>\n<!-- \/ Yoast SEO plugin. -->","yoast_head_json":{"title":"Bolsas da Europa fecham sem sinal \u00fanico mas semana fecha no verde","description":"O \u00edndice que re\u00fane as a\u00e7\u00f5es de toda a Europa, o Stoxx 600, fechou em baixa de 0,28%, em 457,29 pontos. Clique aqui e leia mais.","robots":{"index":"index","follow":"follow","max-snippet":"max-snippet:-1","max-image-preview":"max-image-preview:large","max-video-preview":"max-video-preview:-1"},"canonical":"https:\/\/www.suno.com.br\/noticias\/bolsas-da-europa-fecham-semana-no-verde\/","og_locale":"pt_BR","og_type":"article","og_title":"Bolsas da Europa fecham sem sinal \u00fanico mas semana fecha no verde","og_description":"O \u00edndice que re\u00fane as a\u00e7\u00f5es de toda a Europa, o Stoxx 600, fechou em baixa de 0,28%, em 457,29 pontos. Clique aqui e leia mais.","og_url":"https:\/\/www.suno.com.br\/noticias\/bolsas-da-europa-fecham-semana-no-verde\/","og_site_name":"Suno Not\u00edcias","article_publisher":"https:\/\/facebook.com\/sunoresearch","og_image":[{"width":1920,"height":1440,"url":"https:\/\/files.sunoresearch.com.br\/n\/uploads\/2021\/07\/9c69d4f8-euro-sculpture-2867942_1920.jpg","type":"image\/jpeg"}],"author":"Eduardo Vargas","twitter_card":"summary_large_image","twitter_creator":"@sunoresearch","twitter_site":"@sunoresearch","twitter_misc":{"Escrito por":"Eduardo Vargas","Est. tempo de leitura":"3 minutos"},"schema":{"@context":"https:\/\/schema.org","@graph":[{"@type":"NewsArticle","@id":"https:\/\/www.suno.com.br\/noticias\/bolsas-da-europa-fecham-semana-no-verde\/#article","isPartOf":{"@id":"https:\/\/www.suno.com.br\/noticias\/bolsas-da-europa-fecham-semana-no-verde\/"},"author":{"name":"Eduardo Vargas","@id":"https:\/\/www.suno.com.br\/noticias\/#\/schema\/person\/7f4d362bf3518e76090143ae77bb49a5"},"headline":"Bolsas da Europa fecham sem sinal \u00fanico mas semana fecha no verde","datePublished":"2021-10-08T18:23:17+00:00","mainEntityOfPage":{"@id":"https:\/\/www.suno.com.br\/noticias\/bolsas-da-europa-fecham-semana-no-verde\/"},"wordCount":514,"publisher":{"@id":"https:\/\/www.suno.com.br\/noticias\/#organization"},"image":{"@id":"https:\/\/www.suno.com.br\/noticias\/bolsas-da-europa-fecham-semana-no-verde\/#primaryimage"},"thumbnailUrl":"https:\/\/files.sunoresearch.com.br\/n\/uploads\/2021\/07\/9c69d4f8-euro-sculpture-2867942_1920.jpg","keywords":["Ag\u00eancias","FTSE 100","FTSE MIB","Stoxx 600 Europe"],"articleSection":["Mercado"],"inLanguage":"pt-BR"},{"@type":"WebPage","@id":"https:\/\/www.suno.com.br\/noticias\/bolsas-da-europa-fecham-semana-no-verde\/","url":"https:\/\/www.suno.com.br\/noticias\/bolsas-da-europa-fecham-semana-no-verde\/","name":"Bolsas da Europa fecham sem sinal \u00fanico mas semana fecha no verde","isPartOf":{"@id":"https:\/\/www.suno.com.br\/noticias\/#website"},"primaryImageOfPage":{"@id":"https:\/\/www.suno.com.br\/noticias\/bolsas-da-europa-fecham-semana-no-verde\/#primaryimage"},"image":{"@id":"https:\/\/www.suno.com.br\/noticias\/bolsas-da-europa-fecham-semana-no-verde\/#primaryimage"},"thumbnailUrl":"https:\/\/files.sunoresearch.com.br\/n\/uploads\/2021\/07\/9c69d4f8-euro-sculpture-2867942_1920.jpg","datePublished":"2021-10-08T18:23:17+00:00","description":"O \u00edndice que re\u00fane as a\u00e7\u00f5es de toda a Europa, o Stoxx 600, fechou em baixa de 0,28%, em 457,29 pontos. Clique aqui e leia mais.","breadcrumb":{"@id":"https:\/\/www.suno.com.br\/noticias\/bolsas-da-europa-fecham-semana-no-verde\/#breadcrumb"},"inLanguage":"pt-BR","potentialAction":[{"@type":"ReadAction","target":["https:\/\/www.suno.com.br\/noticias\/bolsas-da-europa-fecham-semana-no-verde\/"]}]},{"@type":"ImageObject","inLanguage":"pt-BR","@id":"https:\/\/www.suno.com.br\/noticias\/bolsas-da-europa-fecham-semana-no-verde\/#primaryimage","url":"https:\/\/files.sunoresearch.com.br\/n\/uploads\/2021\/07\/9c69d4f8-euro-sculpture-2867942_1920.jpg","contentUrl":"https:\/\/files.sunoresearch.com.br\/n\/uploads\/2021\/07\/9c69d4f8-euro-sculpture-2867942_1920.jpg","width":1920,"height":1440,"caption":"Bolsas da Europa. Foto: Pixabay"},{"@type":"BreadcrumbList","@id":"https:\/\/www.suno.com.br\/noticias\/bolsas-da-europa-fecham-semana-no-verde\/#breadcrumb","itemListElement":[{"@type":"ListItem","position":1,"name":"Not\u00edcias","item":"https:\/\/www.suno.com.br\/noticias\/"},{"@type":"ListItem","position":2,"name":"Mercado","item":"https:\/\/www.suno.com.br\/noticias\/mercado\/"},{"@type":"ListItem","position":3,"name":"Bolsas da Europa fecham sem sinal \u00fanico mas semana fecha no verde"}]},{"@type":"WebSite","@id":"https:\/\/www.suno.com.br\/noticias\/#website","url":"https:\/\/www.suno.com.br\/noticias\/","name":"Suno Not\u00edcias","description":"Seu portal de informa\u00e7\u00e3o sobre o mundo dos investimentos","publisher":{"@id":"https:\/\/www.suno.com.br\/noticias\/#organization"},"potentialAction":[{"@type":"SearchAction","target":{"@type":"EntryPoint","urlTemplate":"https:\/\/www.suno.com.br\/noticias\/?s={search_term_string}"},"query-input":{"@type":"PropertyValueSpecification","valueRequired":true,"valueName":"search_term_string"}}],"inLanguage":"pt-BR"},{"@type":"Organization","@id":"https:\/\/www.suno.com.br\/noticias\/#organization","name":"Suno Not\u00edcias","url":"https:\/\/www.suno.com.br\/noticias\/","logo":{"@type":"ImageObject","inLanguage":"pt-BR","@id":"https:\/\/www.suno.com.br\/noticias\/#\/schema\/logo\/image\/","url":"https:\/\/files.sunoresearch.com.br\/n\/uploads\/2021\/09\/suno-logo.png","contentUrl":"https:\/\/files.sunoresearch.com.br\/n\/uploads\/2021\/09\/suno-logo.png","width":180,"height":180,"caption":"Suno Not\u00edcias"},"image":{"@id":"https:\/\/www.suno.com.br\/noticias\/#\/schema\/logo\/image\/"},"sameAs":["https:\/\/facebook.com\/sunoresearch","https:\/\/x.com\/sunoresearch","https:\/\/www.instagram.com\/suno","https:\/\/www.linkedin.com\/company\/suno-research\/","https:\/\/www.youtube.com\/c\/sunoresearch"]},{"@type":"Person","@id":"https:\/\/www.suno.com.br\/noticias\/#\/schema\/person\/7f4d362bf3518e76090143ae77bb49a5","name":"Eduardo Vargas","image":{"@type":"ImageObject","inLanguage":"pt-BR","@id":"https:\/\/www.suno.com.br\/noticias\/#\/schema\/person\/image\/","url":"https:\/\/secure.gravatar.com\/avatar\/dac340933427a22924c9f99d1eb2e3f2?s=96&r=g","contentUrl":"https:\/\/secure.gravatar.com\/avatar\/dac340933427a22924c9f99d1eb2e3f2?s=96&r=g","caption":"Eduardo Vargas"},"description":"Jornalista formado pela UFSC, cobre macroeconomia, neg\u00f3cios e startups para o Suno Not\u00edcias, escrevendo principalmente not\u00edcias sobre o mercado financeiro e a bolsa de valores. No YouTube e no Instagram, \u00e9 respons\u00e1vel pela produ\u00e7\u00e3o de Reels e Shorts do Suno Not\u00edcias. Anteriormente, trabalhou cobrindo economia e cotidiano no ND+ e para o ND, maior jornal impresso de Santa Catarina. Cursou um semestre letivo de Estudos de M\u00eddia na Universidad de Buenos Aires.","url":"https:\/\/www.suno.com.br\/noticias\/author\/eduardo-vargas\/"}]}},"default_loop_html":"<div class=\"cardsPage__listCard__boxs\"><div class=\"cardsPage__listCard__boxs__img\"><a href=\"https:\/\/www.suno.com.br\/noticias\/bolsas-da-europa-fecham-semana-no-verde\/\"><img class=\"mask\" src=\"https:\/\/www.suno.com.br\/noticias\/wp-content\/themes\/suno\/resources\/images\/spotlight\/spotlight1img\/bg-mask.png\" alt=\"Image Mask\"\/><img src=\"https:\/\/files.sunoresearch.com.br\/n\/uploads\/2021\/07\/9c69d4f8-euro-sculpture-2867942_1920-400x200.jpg\" alt=\"Bolsas da Europa fecham sem sinal \u00fanico mas semana fecha no verde\"\/><\/a><span class=\"spotlightCategory\"><a href=\"https:\/\/www.suno.com.br\/noticias\/mercado\/\">Mercado<\/a><\/span><\/div><div class=\"cardsPage__listCard__boxs__content\"><a href=\"https:\/\/www.suno.com.br\/noticias\/bolsas-da-europa-fecham-semana-no-verde\/\"><h2 class=\"content__title\">Bolsas da Europa fecham sem sinal \u00fanico mas semana fecha no verde<\/h2><\/a><div class=\"newsContent__article__meta\"><div class=\"newsContent__article__meta__authorBox\"><a href=\"https:\/\/www.suno.com.br\/noticias\/author\/eduardo-vargas\/\" class=\"authorBox__avatar noMobi\"><img src=\"https:\/\/secure.gravatar.com\/avatar\/dac340933427a22924c9f99d1eb2e3f2?s=96&#038;r=g\" alt=\"Eduardo Vargas\"><\/a><div class=\"authorBox__name\"><span>por\n\t\t\t<a href=\"https:\/\/www.suno.com.br\/noticias\/author\/eduardo-vargas\/\"><span itemprop=\"author\">Eduardo Vargas<\/span><\/a><\/span><time datetime=\"2021-10-08T15:23:17-03:00\" itemprop=\"datePublished\">08\/10\/2021 15:23<\/time><\/div><\/div><\/div><\/div><\/div>","single_layout":"posts","amp_enabled":true,"_links":{"self":[{"href":"https:\/\/www.suno.com.br\/noticias\/wp-json\/wp\/v2\/posts\/192248"}],"collection":[{"href":"https:\/\/www.suno.com.br\/noticias\/wp-json\/wp\/v2\/posts"}],"about":[{"href":"https:\/\/www.suno.com.br\/noticias\/wp-json\/wp\/v2\/types\/post"}],"author":[{"embeddable":true,"href":"https:\/\/www.suno.com.br\/noticias\/wp-json\/wp\/v2\/users\/73"}],"replies":[{"embeddable":true,"href":"https:\/\/www.suno.com.br\/noticias\/wp-json\/wp\/v2\/comments?post=192248"}],"version-history":[{"count":3,"href":"https:\/\/www.suno.com.br\/noticias\/wp-json\/wp\/v2\/posts\/192248\/revisions"}],"predecessor-version":[{"id":192306,"href":"https:\/\/www.suno.com.br\/noticias\/wp-json\/wp\/v2\/posts\/192248\/revisions\/192306"}],"wp:featuredmedia":[{"embeddable":true,"href":"https:\/\/www.suno.com.br\/noticias\/wp-json\/wp\/v2\/media\/164648"}],"wp:attachment":[{"href":"https:\/\/www.suno.com.br\/noticias\/wp-json\/wp\/v2\/media?parent=192248"}],"wp:term":[{"taxonomy":"category","embeddable":true,"href":"https:\/\/www.suno.com.br\/noticias\/wp-json\/wp\/v2\/categories?post=192248"},{"taxonomy":"post_tag","embeddable":true,"href":"https:\/\/www.suno.com.br\/noticias\/wp-json\/wp\/v2\/tags?post=192248"},{"taxonomy":"suno_strategy","embeddable":true,"href":"https:\/\/www.suno.com.br\/noticias\/wp-json\/wp\/v2\/suno_strategy?post=192248"}],"curies":[{"name":"wp","href":"https:\/\/api.w.org\/{rel}","templated":true}]}}