{"id":192151,"date":"2021-10-08T19:09:38","date_gmt":"2021-10-08T22:09:38","guid":{"rendered":"https:\/\/www.suno.com.br\/noticias\/?p=192151"},"modified":"2021-10-08T22:11:14","modified_gmt":"2021-10-09T01:11:14","slug":"governo-desiste-de-repassar-r-650-milhoes-ao-ministerio-de-ciencia-e-tecnologia","status":"publish","type":"post","link":"https:\/\/www.suno.com.br\/noticias\/governo-desiste-de-repassar-r-650-milhoes-ao-ministerio-de-ciencia-e-tecnologia\/","title":{"rendered":"Governo desiste de repassar R$ 650 milh\u00f5es ao minist\u00e9rio de Ci\u00eancia e Tecnologia"},"content":{"rendered":"<p>Sob a alega\u00e7\u00e3o de que a proposta de Or\u00e7amento para 2022 aumentar\u00e1 consideravelmente os recursos para projetos de pesquisa, o <a class=\"suno-keyword\" href=\"https:\/\/www.suno.com.br\/artigos\/ministerio-da-economia\/\" target=\"_blank\" rel=\"noopener\" data-force=\"no\" data-priority=\"3\">Minist\u00e9rio da Economia<\/a> desistiu de aumentar em mais de R$ 650 milh\u00f5es os recursos para projetos de<strong> ci\u00eancia e tecnologia<\/strong> neste ano.<\/p>\t<div class=\"wrapper-featured-image\">\n\t\t<figure class=\"spotlightImg\">\n\n\t\t\t<picture>\n\t\t\t\t<source media=\"(max-width: 768px)\" srcset=\"https:\/\/files.sunoresearch.com.br\/n\/uploads\/2020\/06\/cde44238-bolsonaro-paulo-guedes-400x200.webp\">\n\t\t\t\t<img loading=\"lazy\" decoding=\"async\" class=\"newsContent__article__imgCapa lazyloadDisabled \" src=\"https:\/\/files.sunoresearch.com.br\/n\/uploads\/2020\/06\/cde44238-bolsonaro-paulo-guedes-800x450.webp\" width=\"800\" height=\"450\" alt=\"Governo desiste de repassar R$ 650 milh\u00f5es ao minist\u00e9rio de Ci\u00eancia e Tecnologia\" fetchpriority=high \/>\n\t\t\t<\/picture>\n\n\t\t\t<figcaption class=\"wp-caption-text wp-caption-text--show\">Governo decidiu repartir montante que iria Minist\u00e9rio de Ci\u00eancia e Tecnologia com outros seis minist\u00e9rios - Foto: Ag\u00eancia Brasil<\/figcaption>\n\t\t<\/figure>\n\t<\/div>\n\n\n\t<p>\n\t\t<a href=\"https:\/\/lp.suno.com.br\/planilha-controle-gastos\/\" target=\"_blank\" data-element=\"shortcode-suno-banner\" title=\"Banner SUNO, clique e saiba mais\">\n\t\t\t<picture>\n\t\t\t\t<source media=\"(max-width: 500px)\" srcset=\"https:\/\/files.sunoresearch.com.br\/n\/uploads\/2023\/03\/400x300-Planilha-controle-de-gastos.png\">\n\t\t\t\t<img class=\"newsContent__article__imgCapa newsContent__article__imgCapa--banner\"\n\t\t\t\t\tsrc=\"https:\/\/files.sunoresearch.com.br\/n\/uploads\/2023\/03\/1420x240-Planilha-controle-de-gastos.png\"\n\t\t\t\t\tdata-promo-id=\"101751\"\t\t\t\t\t\t\t\t\t\twidth='1420' height='240'\t\t\t\t\talt=\"https:\/\/files.sunoresearch.com.br\/n\/uploads\/2023\/03\/1420x240-Planilha-controle-de-gastos.png\"\n\t\t\t\t>\n\t\t\t<\/picture>\n\t\t<\/a>\n\t<\/p>\n\n\n<p>A divis\u00e3o do dinheiro com outras \u00e1reas frustrou pesquisadores que j\u00e1 contavam com o dinheiro em 2021. No dia 25 de agosto, o governo enviou ao <strong>Congresso<\/strong> Nacional o PLN 16, que abria um <a class=\"suno-keyword\" href=\"https:\/\/www.suno.com.br\/artigos\/credito-suplementar\/\" target=\"_blank\" rel=\"noopener\" data-force=\"no\" data-priority=\"1\"><strong>cr\u00e9dito<\/strong> suplementar<\/a> de R$ 690 milh\u00f5es para o Minist\u00e9rio de Ci\u00eancia e Tecnologia no Or\u00e7amento deste ano.<\/p>\n\t<div data-element=\"shortcode-read-more\" class=\"knowMore\">\n\t\t\t\t<span class=\"knowMore__title\">Leia mais<\/span>\n\t\t\t\t<a class=\"knowMore__link\" href=\"https:\/\/www.suno.com.br\/noticias\/paulo-guedes-ministro-economia-explicacoes-stf-pgr-offshore\/\">\n\t\t\tPaulo Guedes ter\u00e1 que esclarecer caso da offshore ao STF e \u00e0 PGR\t\t<\/a>\n\t<\/div>\n\n\n<p>Do montante total, R$ 34,578 milh\u00f5es iriam para a Comiss\u00e3o Nacional de Energia Nuclear (Cnen) e os R$ 655,421 milh\u00f5es restantes seriam destinados ao Fundo Nacional de Desenvolvimento Cient\u00edfico e Tecnol\u00f3gico (<strong>FNDCT<\/strong>) &#8211; que apoia os programas e projetos priorit\u00e1rios de desenvolvimento cient\u00edfico e tecnol\u00f3gico nacionais.<\/p>\n<h2>Governo fatiou dinheiro que iria para Ci\u00eancia e Tecnologia a outros minist\u00e9rios<\/h2>\n<p>No entanto, em of\u00edcio assinado pelo ministro <a href=\"https:\/\/www.suno.com.br\/tudo-sobre\/paulo-guedes\/\"><strong>Paulo Guedes<\/strong><\/a> e enviado na quinta-feira ( 7), \u00e0 Comiss\u00e3o Mista de Or\u00e7amento (CMO) do Congresso, o governo decidiu dividir os recursos que iriam integralmente para o Minist\u00e9rio de Ci\u00eancia e Tecnologia com outros seis minist\u00e9rios.<\/p>\n<p>Na nova formata\u00e7\u00e3o, aprovada na quarta mesmo pelos parlamentares, os recursos para o FNDCT ca\u00edram para apenas R$ 7,222 milh\u00f5es &#8211; ou seja, apenas 1,10% da proposta original.<\/p>\n\t<p>\n\t\t<a href=\"https:\/\/lp.suno.com.br\/planilha-da-vida-financeira\/\" target=\"_blank\" data-element=\"shortcode-suno-banner\" title=\"Banner SUNO, clique e saiba mais\">\n\t\t\t<picture>\n\t\t\t\t<source media=\"(max-width: 500px)\" srcset=\"https:\/\/files.sunoresearch.com.br\/n\/uploads\/2023\/04\/400x300-Planilha-vida-financeira-true.png\">\n\t\t\t\t<img class=\"newsContent__article__imgCapa newsContent__article__imgCapa--banner\"\n\t\t\t\t\tsrc=\"https:\/\/files.sunoresearch.com.br\/n\/uploads\/2023\/04\/1420x240-Planilha-vida-financeira-true.png\"\n\t\t\t\t\tdata-promo-id=\"106682\"\t\t\t\t\t\t\t\t\t\twidth='1420' height='240'\t\t\t\t\talt=\"https:\/\/files.sunoresearch.com.br\/n\/uploads\/2023\/04\/1420x240-Planilha-vida-financeira-true.png\"\n\t\t\t\t>\n\t\t\t<\/picture>\n\t\t<\/a>\n\t<\/p>\n\n\n<p>O maior benefici\u00e1rio das mudan\u00e7as foi o <strong>Minist\u00e9rio<\/strong> do Desenvolvimento Regional, que ir\u00e1 receber R$ 252,2 milh\u00f5es, seguido pela Agricultura e Pecu\u00e1ria com R$ 120 milh\u00f5es, o Minist\u00e9rio das Comunica\u00e7\u00f5es com R$ 100 milh\u00f5es.<\/p>\n<p>A Educa\u00e7\u00e3o recebeu R$ 50 milh\u00f5es e a pasta da Cidadania ficou com outros R$ 28 milh\u00f5es.<\/p>\n\t<p>\n\t\t<a href=\"https:\/\/lp.suno.com.br\/ebook-como-analisar-uma-acao\/\" target=\"_blank\" data-element=\"shortcode-suno-banner\" title=\"Banner SUNO, clique e saiba mais\">\n\t\t\t<picture>\n\t\t\t\t<source media=\"(max-width: 500px)\" srcset=\"https:\/\/files.sunoresearch.com.br\/n\/uploads\/2023\/03\/Ebook-Acoes-Mobile-1.jpg\">\n\t\t\t\t<img class=\"newsContent__article__imgCapa newsContent__article__imgCapa--banner\"\n\t\t\t\t\tsrc=\"https:\/\/files.sunoresearch.com.br\/n\/uploads\/2023\/03\/Ebook-Acoes-Desktop-1.jpg\"\n\t\t\t\t\tdata-promo-id=\"171998\"\t\t\t\t\t\t\t\t\t\twidth='1420' height='286'\t\t\t\t\talt=\"https:\/\/files.sunoresearch.com.br\/n\/uploads\/2023\/03\/Ebook-Acoes-Desktop-1.jpg\"\n\t\t\t\t>\n\t\t\t<\/picture>\n\t\t<\/a>\n\t<\/p>\n\n\n<p>No of\u00edcio do Minist\u00e9rio da Economia, a pasta alega que o PLN18 &#8211; que ainda tramita no Congresso &#8211; destina mais R$ 18 milh\u00f5es ao FNDCT neste ano.<\/p>\n<p>Al\u00e9m disso, a equipe de <strong>Guedes<\/strong> argumenta que, dos R$ 104,7 milh\u00f5es or\u00e7ados para a\u00e7\u00f5es do fundo em 2021, apenas R$ 87,4 milh\u00f5es foram empenhados at\u00e9 agora.<\/p>\n\t<p>\n\t\t<a href=\"https:\/\/lp.suno.com.br\/planilha-de-controle-de-investimentos\/\" target=\"_blank\" data-element=\"shortcode-suno-banner\" title=\"Banner SUNO, clique e saiba mais\">\n\t\t\t<picture>\n\t\t\t\t<source media=\"(max-width: 500px)\" srcset=\"https:\/\/files.sunoresearch.com.br\/n\/uploads\/2023\/03\/400x300-Controle-de-Investimentos.png\">\n\t\t\t\t<img class=\"newsContent__article__imgCapa newsContent__article__imgCapa--banner\"\n\t\t\t\t\tsrc=\"https:\/\/files.sunoresearch.com.br\/n\/uploads\/2023\/03\/1420x240-Controle-de-Investimentos.png\"\n\t\t\t\t\tdata-promo-id=\"75934\"\t\t\t\t\t\t\t\t\t\twidth='1420' height='240'\t\t\t\t\talt=\"https:\/\/files.sunoresearch.com.br\/n\/uploads\/2023\/03\/1420x240-Controle-de-Investimentos.png\"\n\t\t\t\t>\n\t\t\t<\/picture>\n\t\t<\/a>\n\t<\/p>\n\n\n<p>&#8220;Para o ano de 2022, o Projeto de <a class=\"suno-keyword\" href=\"https:\/\/www.suno.com.br\/artigos\/lei-orcamentaria-anual\/\" target=\"_blank\" rel=\"noopener\" data-force=\"no\" data-priority=\"2\">Lei Or\u00e7ament\u00e1ria Anual<\/a> prev\u00ea a aloca\u00e7\u00e3o total dos recursos do FNDCT em suas a\u00e7\u00f5es final\u00edsticas, no montante de R$ 8,467 bilh\u00f5es, sendo metade destinada \u00e0s despesas prim\u00e1rias e metade \u00e0s financeiras. No caso das despesas prim\u00e1rias, isso significa um acr\u00e9scimo de R$ 3,723 bilh\u00f5es, ou 729,9%, em rela\u00e7\u00e3o ao PLOA 2021&#8243;, acrescentou o Minist\u00e9rio da Economia.<\/p>\n<h2>Radiof\u00e1rmacos<\/h2>\n<p>Al\u00e9m dos R$ 7,222 milh\u00f5es para o FNDCT, o Minist\u00e9rio da <strong>Ci\u00eancia e Tecnologia<\/strong> manteve outros R$ 82,577 milh\u00f5es para manuten\u00e7\u00e3o das atividades de produ\u00e7\u00e3o de radiof\u00e1rmacos usados no tratamento do c\u00e2ncer.<\/p>\n<p><em>Com informa\u00e7\u00f5es do Estad\u00e3o Conte\u00fado<\/em><\/p>\n\t<p>\n\t\t<a href=\"\" target=\"_blank\" data-element=\"shortcode-suno-banner\" title=\"Banner SUNO, clique e saiba mais\">\n\t\t\t<picture>\n\t\t\t\t<source media=\"(max-width: 500px)\" srcset=\"\">\n\t\t\t\t<img class=\"newsContent__article__imgCapa newsContent__article__imgCapa--banner\"\n\t\t\t\t\tsrc=\"\"\n\t\t\t\t\tdata-promo-id=\"184190\"\t\t\t\t\t\t\t\t\t\t\t\t\t\t\talt=\"\"\n\t\t\t\t>\n\t\t\t<\/picture>\n\t\t<\/a>\n\t<\/p>\n\n\n","protected":false},"excerpt":{"rendered":"<p>Sob a alega\u00e7\u00e3o de que a proposta de Or\u00e7amento para 2022 aumentar\u00e1 consideravelmente os recursos para projetos de pesquisa, o Minist\u00e9rio da Economia desistiu de aumentar em mais de R$ 650 milh\u00f5es os recursos para projetos de ci\u00eancia e tecnologia neste ano. Governo decidiu repartir montante que iria Minist\u00e9rio de Ci\u00eancia e Tecnologia com outros [&hellip;]<\/p>\n","protected":false},"author":73,"featured_media":68237,"comment_status":"closed","ping_status":"closed","sticky":false,"template":"","format":"standard","meta":[],"categories":[62],"tags":[106444,1556,1134],"suno_strategy":[],"class_list":["post-192151","post","type-post","status-publish","format-standard","has-post-thumbnail","hentry","category-economia","tag-agencias","tag-governo-federal","tag-tecnologia"],"yoast_head":"<!-- This site is optimized with the Yoast SEO plugin v24.4 - https:\/\/yoast.com\/wordpress\/plugins\/seo\/ -->\n<title>Governo desiste de repassar R$ 650 milh\u00f5es \u00e0 Ci\u00eancia e Tecnologia<\/title>\n<meta name=\"description\" content=\"O governo decidiu dividir os recursos que iriam integralmente para o Minist\u00e9rio de Ci\u00eancia e Tecnologia com outros minist\u00e9rios. Leia mais.\" \/>\n<meta name=\"robots\" content=\"index, follow, max-snippet:-1, max-image-preview:large, max-video-preview:-1\" \/>\n<link rel=\"canonical\" href=\"https:\/\/www.suno.com.br\/noticias\/governo-desiste-de-repassar-r-650-milhoes-ao-ministerio-de-ciencia-e-tecnologia\/\" \/>\n<meta property=\"og:locale\" content=\"pt_BR\" \/>\n<meta property=\"og:type\" content=\"article\" \/>\n<meta property=\"og:title\" content=\"Governo desiste de repassar R$ 650 milh\u00f5es \u00e0 Ci\u00eancia e Tecnologia\" \/>\n<meta property=\"og:description\" content=\"O governo decidiu dividir os recursos que iriam integralmente para o Minist\u00e9rio de Ci\u00eancia e Tecnologia com outros minist\u00e9rios. Leia mais.\" \/>\n<meta property=\"og:url\" content=\"https:\/\/www.suno.com.br\/noticias\/governo-desiste-de-repassar-r-650-milhoes-ao-ministerio-de-ciencia-e-tecnologia\/\" \/>\n<meta property=\"og:site_name\" content=\"Suno Not\u00edcias\" \/>\n<meta property=\"article:publisher\" content=\"https:\/\/facebook.com\/sunoresearch\" \/>\n<meta property=\"og:image\" content=\"https:\/\/files.sunoresearch.com.br\/n\/uploads\/2020\/06\/cde44238-bolsonaro-paulo-guedes-1024x683.png\" \/>\n\t<meta property=\"og:image:width\" content=\"1024\" \/>\n\t<meta property=\"og:image:height\" content=\"683\" \/>\n\t<meta property=\"og:image:type\" content=\"image\/png\" \/>\n<meta name=\"author\" content=\"Eduardo Vargas\" \/>\n<meta name=\"twitter:card\" content=\"summary_large_image\" \/>\n<meta name=\"twitter:creator\" content=\"@sunoresearch\" \/>\n<meta name=\"twitter:site\" content=\"@sunoresearch\" \/>\n<meta name=\"twitter:label1\" content=\"Escrito por\" \/>\n\t<meta name=\"twitter:data1\" content=\"Eduardo Vargas\" \/>\n\t<meta name=\"twitter:label2\" content=\"Est. tempo de leitura\" \/>\n\t<meta name=\"twitter:data2\" content=\"2 minutos\" \/>\n<script type=\"application\/ld+json\" class=\"yoast-schema-graph\">{\"@context\":\"https:\/\/schema.org\",\"@graph\":[{\"@type\":\"NewsArticle\",\"@id\":\"https:\/\/www.suno.com.br\/noticias\/governo-desiste-de-repassar-r-650-milhoes-ao-ministerio-de-ciencia-e-tecnologia\/#article\",\"isPartOf\":{\"@id\":\"https:\/\/www.suno.com.br\/noticias\/governo-desiste-de-repassar-r-650-milhoes-ao-ministerio-de-ciencia-e-tecnologia\/\"},\"author\":{\"name\":\"Eduardo Vargas\",\"@id\":\"https:\/\/www.suno.com.br\/noticias\/#\/schema\/person\/7f4d362bf3518e76090143ae77bb49a5\"},\"headline\":\"Governo desiste de repassar R$ 650 milh\u00f5es ao minist\u00e9rio de Ci\u00eancia e Tecnologia\",\"datePublished\":\"2021-10-08T22:09:38+00:00\",\"dateModified\":\"2021-10-09T01:11:14+00:00\",\"mainEntityOfPage\":{\"@id\":\"https:\/\/www.suno.com.br\/noticias\/governo-desiste-de-repassar-r-650-milhoes-ao-ministerio-de-ciencia-e-tecnologia\/\"},\"wordCount\":513,\"publisher\":{\"@id\":\"https:\/\/www.suno.com.br\/noticias\/#organization\"},\"image\":{\"@id\":\"https:\/\/www.suno.com.br\/noticias\/governo-desiste-de-repassar-r-650-milhoes-ao-ministerio-de-ciencia-e-tecnologia\/#primaryimage\"},\"thumbnailUrl\":\"https:\/\/files.sunoresearch.com.br\/n\/uploads\/2020\/06\/cde44238-bolsonaro-paulo-guedes-png.webp\",\"keywords\":[\"Ag\u00eancias\",\"governo federal\",\"Tecnologia\"],\"articleSection\":[\"Economia\"],\"inLanguage\":\"pt-BR\"},{\"@type\":\"WebPage\",\"@id\":\"https:\/\/www.suno.com.br\/noticias\/governo-desiste-de-repassar-r-650-milhoes-ao-ministerio-de-ciencia-e-tecnologia\/\",\"url\":\"https:\/\/www.suno.com.br\/noticias\/governo-desiste-de-repassar-r-650-milhoes-ao-ministerio-de-ciencia-e-tecnologia\/\",\"name\":\"Governo desiste de repassar R$ 650 milh\u00f5es \u00e0 Ci\u00eancia e Tecnologia\",\"isPartOf\":{\"@id\":\"https:\/\/www.suno.com.br\/noticias\/#website\"},\"primaryImageOfPage\":{\"@id\":\"https:\/\/www.suno.com.br\/noticias\/governo-desiste-de-repassar-r-650-milhoes-ao-ministerio-de-ciencia-e-tecnologia\/#primaryimage\"},\"image\":{\"@id\":\"https:\/\/www.suno.com.br\/noticias\/governo-desiste-de-repassar-r-650-milhoes-ao-ministerio-de-ciencia-e-tecnologia\/#primaryimage\"},\"thumbnailUrl\":\"https:\/\/files.sunoresearch.com.br\/n\/uploads\/2020\/06\/cde44238-bolsonaro-paulo-guedes-png.webp\",\"datePublished\":\"2021-10-08T22:09:38+00:00\",\"dateModified\":\"2021-10-09T01:11:14+00:00\",\"description\":\"O governo decidiu dividir os recursos que iriam integralmente para o Minist\u00e9rio de Ci\u00eancia e Tecnologia com outros minist\u00e9rios. Leia mais.\",\"breadcrumb\":{\"@id\":\"https:\/\/www.suno.com.br\/noticias\/governo-desiste-de-repassar-r-650-milhoes-ao-ministerio-de-ciencia-e-tecnologia\/#breadcrumb\"},\"inLanguage\":\"pt-BR\",\"potentialAction\":[{\"@type\":\"ReadAction\",\"target\":[\"https:\/\/www.suno.com.br\/noticias\/governo-desiste-de-repassar-r-650-milhoes-ao-ministerio-de-ciencia-e-tecnologia\/\"]}]},{\"@type\":\"ImageObject\",\"inLanguage\":\"pt-BR\",\"@id\":\"https:\/\/www.suno.com.br\/noticias\/governo-desiste-de-repassar-r-650-milhoes-ao-ministerio-de-ciencia-e-tecnologia\/#primaryimage\",\"url\":\"https:\/\/files.sunoresearch.com.br\/n\/uploads\/2020\/06\/cde44238-bolsonaro-paulo-guedes-png.webp\",\"contentUrl\":\"https:\/\/files.sunoresearch.com.br\/n\/uploads\/2020\/06\/cde44238-bolsonaro-paulo-guedes-png.webp\",\"width\":1500,\"height\":1000,\"caption\":\"Governo decidiu repartir montante que iria Minist\u00e9rio de Ci\u00eancia e Tecnologia com outros seis minist\u00e9rios - Foto: Ag\u00eancia Brasil\"},{\"@type\":\"BreadcrumbList\",\"@id\":\"https:\/\/www.suno.com.br\/noticias\/governo-desiste-de-repassar-r-650-milhoes-ao-ministerio-de-ciencia-e-tecnologia\/#breadcrumb\",\"itemListElement\":[{\"@type\":\"ListItem\",\"position\":1,\"name\":\"Not\u00edcias\",\"item\":\"https:\/\/www.suno.com.br\/noticias\/\"},{\"@type\":\"ListItem\",\"position\":2,\"name\":\"Economia\",\"item\":\"https:\/\/www.suno.com.br\/noticias\/economia\/\"},{\"@type\":\"ListItem\",\"position\":3,\"name\":\"Governo desiste de repassar R$ 650 milh\u00f5es ao minist\u00e9rio de Ci\u00eancia e Tecnologia\"}]},{\"@type\":\"WebSite\",\"@id\":\"https:\/\/www.suno.com.br\/noticias\/#website\",\"url\":\"https:\/\/www.suno.com.br\/noticias\/\",\"name\":\"Suno Not\u00edcias\",\"description\":\"Seu portal de informa\u00e7\u00e3o sobre o mundo dos investimentos\",\"publisher\":{\"@id\":\"https:\/\/www.suno.com.br\/noticias\/#organization\"},\"potentialAction\":[{\"@type\":\"SearchAction\",\"target\":{\"@type\":\"EntryPoint\",\"urlTemplate\":\"https:\/\/www.suno.com.br\/noticias\/?s={search_term_string}\"},\"query-input\":{\"@type\":\"PropertyValueSpecification\",\"valueRequired\":true,\"valueName\":\"search_term_string\"}}],\"inLanguage\":\"pt-BR\"},{\"@type\":\"Organization\",\"@id\":\"https:\/\/www.suno.com.br\/noticias\/#organization\",\"name\":\"Suno Not\u00edcias\",\"url\":\"https:\/\/www.suno.com.br\/noticias\/\",\"logo\":{\"@type\":\"ImageObject\",\"inLanguage\":\"pt-BR\",\"@id\":\"https:\/\/www.suno.com.br\/noticias\/#\/schema\/logo\/image\/\",\"url\":\"https:\/\/files.sunoresearch.com.br\/n\/uploads\/2021\/09\/suno-logo.png\",\"contentUrl\":\"https:\/\/files.sunoresearch.com.br\/n\/uploads\/2021\/09\/suno-logo.png\",\"width\":180,\"height\":180,\"caption\":\"Suno Not\u00edcias\"},\"image\":{\"@id\":\"https:\/\/www.suno.com.br\/noticias\/#\/schema\/logo\/image\/\"},\"sameAs\":[\"https:\/\/facebook.com\/sunoresearch\",\"https:\/\/x.com\/sunoresearch\",\"https:\/\/www.instagram.com\/suno\",\"https:\/\/www.linkedin.com\/company\/suno-research\/\",\"https:\/\/www.youtube.com\/c\/sunoresearch\"]},{\"@type\":\"Person\",\"@id\":\"https:\/\/www.suno.com.br\/noticias\/#\/schema\/person\/7f4d362bf3518e76090143ae77bb49a5\",\"name\":\"Eduardo Vargas\",\"image\":{\"@type\":\"ImageObject\",\"inLanguage\":\"pt-BR\",\"@id\":\"https:\/\/www.suno.com.br\/noticias\/#\/schema\/person\/image\/\",\"url\":\"https:\/\/secure.gravatar.com\/avatar\/dac340933427a22924c9f99d1eb2e3f2?s=96&r=g\",\"contentUrl\":\"https:\/\/secure.gravatar.com\/avatar\/dac340933427a22924c9f99d1eb2e3f2?s=96&r=g\",\"caption\":\"Eduardo Vargas\"},\"description\":\"Jornalista formado pela UFSC, cobre macroeconomia, neg\u00f3cios e startups para o Suno Not\u00edcias, escrevendo principalmente not\u00edcias sobre o mercado financeiro e a bolsa de valores. No YouTube e no Instagram, \u00e9 respons\u00e1vel pela produ\u00e7\u00e3o de Reels e Shorts do Suno Not\u00edcias. Anteriormente, trabalhou cobrindo economia e cotidiano no ND+ e para o ND, maior jornal impresso de Santa Catarina. Cursou um semestre letivo de Estudos de M\u00eddia na Universidad de Buenos Aires.\",\"url\":\"https:\/\/www.suno.com.br\/noticias\/author\/eduardo-vargas\/\"}]}<\/script>\n<!-- \/ Yoast SEO plugin. -->","yoast_head_json":{"title":"Governo desiste de repassar R$ 650 milh\u00f5es \u00e0 Ci\u00eancia e Tecnologia","description":"O governo decidiu dividir os recursos que iriam integralmente para o Minist\u00e9rio de Ci\u00eancia e Tecnologia com outros minist\u00e9rios. Leia mais.","robots":{"index":"index","follow":"follow","max-snippet":"max-snippet:-1","max-image-preview":"max-image-preview:large","max-video-preview":"max-video-preview:-1"},"canonical":"https:\/\/www.suno.com.br\/noticias\/governo-desiste-de-repassar-r-650-milhoes-ao-ministerio-de-ciencia-e-tecnologia\/","og_locale":"pt_BR","og_type":"article","og_title":"Governo desiste de repassar R$ 650 milh\u00f5es \u00e0 Ci\u00eancia e Tecnologia","og_description":"O governo decidiu dividir os recursos que iriam integralmente para o Minist\u00e9rio de Ci\u00eancia e Tecnologia com outros minist\u00e9rios. Leia mais.","og_url":"https:\/\/www.suno.com.br\/noticias\/governo-desiste-de-repassar-r-650-milhoes-ao-ministerio-de-ciencia-e-tecnologia\/","og_site_name":"Suno Not\u00edcias","article_publisher":"https:\/\/facebook.com\/sunoresearch","og_image":[{"width":1024,"height":683,"url":"https:\/\/files.sunoresearch.com.br\/n\/uploads\/2020\/06\/cde44238-bolsonaro-paulo-guedes-1024x683.png","type":"image\/png"}],"author":"Eduardo Vargas","twitter_card":"summary_large_image","twitter_creator":"@sunoresearch","twitter_site":"@sunoresearch","twitter_misc":{"Escrito por":"Eduardo Vargas","Est. tempo de leitura":"2 minutos"},"schema":{"@context":"https:\/\/schema.org","@graph":[{"@type":"NewsArticle","@id":"https:\/\/www.suno.com.br\/noticias\/governo-desiste-de-repassar-r-650-milhoes-ao-ministerio-de-ciencia-e-tecnologia\/#article","isPartOf":{"@id":"https:\/\/www.suno.com.br\/noticias\/governo-desiste-de-repassar-r-650-milhoes-ao-ministerio-de-ciencia-e-tecnologia\/"},"author":{"name":"Eduardo Vargas","@id":"https:\/\/www.suno.com.br\/noticias\/#\/schema\/person\/7f4d362bf3518e76090143ae77bb49a5"},"headline":"Governo desiste de repassar R$ 650 milh\u00f5es ao minist\u00e9rio de Ci\u00eancia e Tecnologia","datePublished":"2021-10-08T22:09:38+00:00","dateModified":"2021-10-09T01:11:14+00:00","mainEntityOfPage":{"@id":"https:\/\/www.suno.com.br\/noticias\/governo-desiste-de-repassar-r-650-milhoes-ao-ministerio-de-ciencia-e-tecnologia\/"},"wordCount":513,"publisher":{"@id":"https:\/\/www.suno.com.br\/noticias\/#organization"},"image":{"@id":"https:\/\/www.suno.com.br\/noticias\/governo-desiste-de-repassar-r-650-milhoes-ao-ministerio-de-ciencia-e-tecnologia\/#primaryimage"},"thumbnailUrl":"https:\/\/files.sunoresearch.com.br\/n\/uploads\/2020\/06\/cde44238-bolsonaro-paulo-guedes-png.webp","keywords":["Ag\u00eancias","governo federal","Tecnologia"],"articleSection":["Economia"],"inLanguage":"pt-BR"},{"@type":"WebPage","@id":"https:\/\/www.suno.com.br\/noticias\/governo-desiste-de-repassar-r-650-milhoes-ao-ministerio-de-ciencia-e-tecnologia\/","url":"https:\/\/www.suno.com.br\/noticias\/governo-desiste-de-repassar-r-650-milhoes-ao-ministerio-de-ciencia-e-tecnologia\/","name":"Governo desiste de repassar R$ 650 milh\u00f5es \u00e0 Ci\u00eancia e Tecnologia","isPartOf":{"@id":"https:\/\/www.suno.com.br\/noticias\/#website"},"primaryImageOfPage":{"@id":"https:\/\/www.suno.com.br\/noticias\/governo-desiste-de-repassar-r-650-milhoes-ao-ministerio-de-ciencia-e-tecnologia\/#primaryimage"},"image":{"@id":"https:\/\/www.suno.com.br\/noticias\/governo-desiste-de-repassar-r-650-milhoes-ao-ministerio-de-ciencia-e-tecnologia\/#primaryimage"},"thumbnailUrl":"https:\/\/files.sunoresearch.com.br\/n\/uploads\/2020\/06\/cde44238-bolsonaro-paulo-guedes-png.webp","datePublished":"2021-10-08T22:09:38+00:00","dateModified":"2021-10-09T01:11:14+00:00","description":"O governo decidiu dividir os recursos que iriam integralmente para o Minist\u00e9rio de Ci\u00eancia e Tecnologia com outros minist\u00e9rios. Leia mais.","breadcrumb":{"@id":"https:\/\/www.suno.com.br\/noticias\/governo-desiste-de-repassar-r-650-milhoes-ao-ministerio-de-ciencia-e-tecnologia\/#breadcrumb"},"inLanguage":"pt-BR","potentialAction":[{"@type":"ReadAction","target":["https:\/\/www.suno.com.br\/noticias\/governo-desiste-de-repassar-r-650-milhoes-ao-ministerio-de-ciencia-e-tecnologia\/"]}]},{"@type":"ImageObject","inLanguage":"pt-BR","@id":"https:\/\/www.suno.com.br\/noticias\/governo-desiste-de-repassar-r-650-milhoes-ao-ministerio-de-ciencia-e-tecnologia\/#primaryimage","url":"https:\/\/files.sunoresearch.com.br\/n\/uploads\/2020\/06\/cde44238-bolsonaro-paulo-guedes-png.webp","contentUrl":"https:\/\/files.sunoresearch.com.br\/n\/uploads\/2020\/06\/cde44238-bolsonaro-paulo-guedes-png.webp","width":1500,"height":1000,"caption":"Governo decidiu repartir montante que iria Minist\u00e9rio de Ci\u00eancia e Tecnologia com outros seis minist\u00e9rios - Foto: Ag\u00eancia Brasil"},{"@type":"BreadcrumbList","@id":"https:\/\/www.suno.com.br\/noticias\/governo-desiste-de-repassar-r-650-milhoes-ao-ministerio-de-ciencia-e-tecnologia\/#breadcrumb","itemListElement":[{"@type":"ListItem","position":1,"name":"Not\u00edcias","item":"https:\/\/www.suno.com.br\/noticias\/"},{"@type":"ListItem","position":2,"name":"Economia","item":"https:\/\/www.suno.com.br\/noticias\/economia\/"},{"@type":"ListItem","position":3,"name":"Governo desiste de repassar R$ 650 milh\u00f5es ao minist\u00e9rio de Ci\u00eancia e Tecnologia"}]},{"@type":"WebSite","@id":"https:\/\/www.suno.com.br\/noticias\/#website","url":"https:\/\/www.suno.com.br\/noticias\/","name":"Suno Not\u00edcias","description":"Seu portal de informa\u00e7\u00e3o sobre o mundo dos investimentos","publisher":{"@id":"https:\/\/www.suno.com.br\/noticias\/#organization"},"potentialAction":[{"@type":"SearchAction","target":{"@type":"EntryPoint","urlTemplate":"https:\/\/www.suno.com.br\/noticias\/?s={search_term_string}"},"query-input":{"@type":"PropertyValueSpecification","valueRequired":true,"valueName":"search_term_string"}}],"inLanguage":"pt-BR"},{"@type":"Organization","@id":"https:\/\/www.suno.com.br\/noticias\/#organization","name":"Suno Not\u00edcias","url":"https:\/\/www.suno.com.br\/noticias\/","logo":{"@type":"ImageObject","inLanguage":"pt-BR","@id":"https:\/\/www.suno.com.br\/noticias\/#\/schema\/logo\/image\/","url":"https:\/\/files.sunoresearch.com.br\/n\/uploads\/2021\/09\/suno-logo.png","contentUrl":"https:\/\/files.sunoresearch.com.br\/n\/uploads\/2021\/09\/suno-logo.png","width":180,"height":180,"caption":"Suno Not\u00edcias"},"image":{"@id":"https:\/\/www.suno.com.br\/noticias\/#\/schema\/logo\/image\/"},"sameAs":["https:\/\/facebook.com\/sunoresearch","https:\/\/x.com\/sunoresearch","https:\/\/www.instagram.com\/suno","https:\/\/www.linkedin.com\/company\/suno-research\/","https:\/\/www.youtube.com\/c\/sunoresearch"]},{"@type":"Person","@id":"https:\/\/www.suno.com.br\/noticias\/#\/schema\/person\/7f4d362bf3518e76090143ae77bb49a5","name":"Eduardo Vargas","image":{"@type":"ImageObject","inLanguage":"pt-BR","@id":"https:\/\/www.suno.com.br\/noticias\/#\/schema\/person\/image\/","url":"https:\/\/secure.gravatar.com\/avatar\/dac340933427a22924c9f99d1eb2e3f2?s=96&r=g","contentUrl":"https:\/\/secure.gravatar.com\/avatar\/dac340933427a22924c9f99d1eb2e3f2?s=96&r=g","caption":"Eduardo Vargas"},"description":"Jornalista formado pela UFSC, cobre macroeconomia, neg\u00f3cios e startups para o Suno Not\u00edcias, escrevendo principalmente not\u00edcias sobre o mercado financeiro e a bolsa de valores. No YouTube e no Instagram, \u00e9 respons\u00e1vel pela produ\u00e7\u00e3o de Reels e Shorts do Suno Not\u00edcias. Anteriormente, trabalhou cobrindo economia e cotidiano no ND+ e para o ND, maior jornal impresso de Santa Catarina. Cursou um semestre letivo de Estudos de M\u00eddia na Universidad de Buenos Aires.","url":"https:\/\/www.suno.com.br\/noticias\/author\/eduardo-vargas\/"}]}},"default_loop_html":"<div class=\"cardsPage__listCard__boxs\"><div class=\"cardsPage__listCard__boxs__img\"><a href=\"https:\/\/www.suno.com.br\/noticias\/governo-desiste-de-repassar-r-650-milhoes-ao-ministerio-de-ciencia-e-tecnologia\/\"><img class=\"mask\" src=\"https:\/\/www.suno.com.br\/noticias\/wp-content\/themes\/suno\/resources\/images\/spotlight\/spotlight1img\/bg-mask.png\" alt=\"Image Mask\"\/><img src=\"https:\/\/files.sunoresearch.com.br\/n\/uploads\/2020\/06\/cde44238-bolsonaro-paulo-guedes-400x200.webp\" alt=\"Governo desiste de repassar R$ 650 milh\u00f5es ao minist\u00e9rio de Ci\u00eancia e Tecnologia\"\/><\/a><span class=\"spotlightCategory\"><a href=\"https:\/\/www.suno.com.br\/noticias\/economia\/\">Economia<\/a><\/span><\/div><div class=\"cardsPage__listCard__boxs__content\"><a href=\"https:\/\/www.suno.com.br\/noticias\/governo-desiste-de-repassar-r-650-milhoes-ao-ministerio-de-ciencia-e-tecnologia\/\"><h2 class=\"content__title\">Governo desiste de repassar R$ 650 milh\u00f5es ao minist\u00e9rio de Ci\u00eancia e Tecnologia<\/h2><\/a><div class=\"newsContent__article__meta\"><div class=\"newsContent__article__meta__authorBox\"><a href=\"https:\/\/www.suno.com.br\/noticias\/author\/eduardo-vargas\/\" class=\"authorBox__avatar noMobi\"><img src=\"https:\/\/secure.gravatar.com\/avatar\/dac340933427a22924c9f99d1eb2e3f2?s=96&#038;r=g\" alt=\"Eduardo Vargas\"><\/a><div class=\"authorBox__name\"><span>por\n\t\t\t<a href=\"https:\/\/www.suno.com.br\/noticias\/author\/eduardo-vargas\/\"><span itemprop=\"author\">Eduardo Vargas<\/span><\/a><\/span><time datetime=\"2021-10-08T19:09:38-03:00\" itemprop=\"datePublished\">08\/10\/2021 19:09<\/time><\/div><\/div><\/div><\/div><\/div>","single_layout":"posts","amp_enabled":true,"_links":{"self":[{"href":"https:\/\/www.suno.com.br\/noticias\/wp-json\/wp\/v2\/posts\/192151"}],"collection":[{"href":"https:\/\/www.suno.com.br\/noticias\/wp-json\/wp\/v2\/posts"}],"about":[{"href":"https:\/\/www.suno.com.br\/noticias\/wp-json\/wp\/v2\/types\/post"}],"author":[{"embeddable":true,"href":"https:\/\/www.suno.com.br\/noticias\/wp-json\/wp\/v2\/users\/73"}],"replies":[{"embeddable":true,"href":"https:\/\/www.suno.com.br\/noticias\/wp-json\/wp\/v2\/comments?post=192151"}],"version-history":[{"count":4,"href":"https:\/\/www.suno.com.br\/noticias\/wp-json\/wp\/v2\/posts\/192151\/revisions"}],"predecessor-version":[{"id":192515,"href":"https:\/\/www.suno.com.br\/noticias\/wp-json\/wp\/v2\/posts\/192151\/revisions\/192515"}],"wp:featuredmedia":[{"embeddable":true,"href":"https:\/\/www.suno.com.br\/noticias\/wp-json\/wp\/v2\/media\/68237"}],"wp:attachment":[{"href":"https:\/\/www.suno.com.br\/noticias\/wp-json\/wp\/v2\/media?parent=192151"}],"wp:term":[{"taxonomy":"category","embeddable":true,"href":"https:\/\/www.suno.com.br\/noticias\/wp-json\/wp\/v2\/categories?post=192151"},{"taxonomy":"post_tag","embeddable":true,"href":"https:\/\/www.suno.com.br\/noticias\/wp-json\/wp\/v2\/tags?post=192151"},{"taxonomy":"suno_strategy","embeddable":true,"href":"https:\/\/www.suno.com.br\/noticias\/wp-json\/wp\/v2\/suno_strategy?post=192151"}],"curies":[{"name":"wp","href":"https:\/\/api.w.org\/{rel}","templated":true}]}}