{"id":19204,"date":"2019-03-27T15:23:48","date_gmt":"2019-03-27T18:23:48","guid":{"rendered":"https:\/\/www.suno.com.br\/noticias\/?p=19204"},"modified":"2021-06-21T05:34:51","modified_gmt":"2021-06-21T08:34:51","slug":"juros-cartao-credito-cheque-especial-fevereiro","status":"publish","type":"post","link":"https:\/\/www.suno.com.br\/noticias\/juros-cartao-credito-cheque-especial-fevereiro\/","title":{"rendered":"Juros do cart\u00e3o de cr\u00e9dito e do cheque especial sobem em fevereiro"},"content":{"rendered":"<p>O <strong><a href=\"https:\/\/www.suno.com.br\/artigos\/bacen\/\">Banco Central<\/a><\/strong> (BC) divulgou nesta ter\u00e7a-feira (27) os dados referentes aos <strong><a href=\"https:\/\/www.suno.com.br\/artigos\/juros\/\">juros<\/a> m\u00e9dios\u00a0cobrados<\/strong> pelas institui\u00e7\u00f5es financeiras no cheque especial e no cart\u00e3o de cr\u00e9dito em fevereiro. Houve <strong>alta<\/strong> de ambos os juros:<\/p>\t<div class=\"wrapper-featured-image\">\n\t\t<figure class=\"spotlightImg\">\n\n\t\t\t<picture>\n\t\t\t\t<source media=\"(max-width: 768px)\" srcset=\"https:\/\/files.sunoresearch.com.br\/n\/uploads\/2019\/03\/014ed666-cr\u00e9dito-e1553710949884-400x200.webp\">\n\t\t\t\t<img loading=\"lazy\" decoding=\"async\" class=\"newsContent__article__imgCapa lazyloadDisabled newsContent__article__imgCapa--noCaption\" src=\"https:\/\/files.sunoresearch.com.br\/n\/uploads\/2019\/03\/014ed666-cr\u00e9dito-e1553710949884-jpg.webp\" width=\"800\" height=\"450\" alt=\"Juros do cart\u00e3o de cr\u00e9dito e do cheque especial sobem em fevereiro\" fetchpriority=high \/>\n\t\t\t<\/picture>\n\n\t\t\t<figcaption class=\"wp-caption-text wp-caption-text--hide\">Caixa corta juros do cheque especial para 2,9% ao m\u00eas<\/figcaption>\n\t\t<\/figure>\n\t<\/div>\n\n\n<ul>\n<li><strong>juros m\u00e9dios do <a href=\"https:\/\/www.suno.com.br\/artigos\/cheque-especial\/\">cheque especial<\/a>:<\/strong> alta de 0,72 p.p., de\u00a0315,6% ao ano, em janeiro, para\u00a0317,9% em fevereiro. No mesmo per\u00edodo do ano passado, a m\u00e9dia era de\u00a0331,7%.<\/li>\n<li><strong>juros m\u00e9dios do cart\u00e3o de <a href=\"https:\/\/www.suno.com.br\/artigos\/credito-rotativo\/\">cr\u00e9dito rotativo<\/a>:<\/strong> alta de 2,99 p.p., de\u00a0286,9% ao ano, em janeiro, para 295,5% em fevereiro.\u00a0No mesmo per\u00edodo do ano passado, a m\u00e9dia era de 324,1%.<\/li>\n<\/ul>\n<p>O <strong>cheque especial<\/strong> \u00e9 um <strong>produto emergencial<\/strong> das institui\u00e7\u00f5es financeiras. O correntista tem a possibilidade de gastar um <strong>valor limitado<\/strong> pelo banco, apesar da <strong>aus\u00eancia de dinheiro<\/strong> em conta.<\/p>\n<p>Em paralelo, \u00e9\u00a0um produto oferecido ao consumidor quando ele n\u00e3o consegue pagar o<strong> total da fatura do cart\u00e3o<\/strong> at\u00e9 o vencimento. E n\u00e3o deseja ficar <strong>inadimplente<\/strong>.<\/p>\n<p>Assim, o valor restante \u00e9 <strong>financiado<\/strong> e lan\u00e7ado no m\u00eas seguinte, acrescido de juros.<\/p>\n<p>Confira abaixo as altera\u00e7\u00f5es na <strong>m\u00e9dia de juros <\/strong>cobrados em diferentes modalidades de cr\u00e9dito:<\/p>\n<ul>\n<li><strong>Cart\u00e3o de cr\u00e9dito parcelado:<\/strong> de 163,1% a. a., em janeiro, contra 170,5% a. a. em fevereiro.<\/li>\n<li><strong>Cr\u00e9dito pessoal n\u00e3o-consignado:<\/strong> de 116,4% a. a., em janeiro, contra 122,5% a. a. em fevereiro.<\/li>\n<li><strong>Cr\u00e9dito pessoal consignado:<\/strong> permaneceu em 24,2% a. a. em fevereiro.<\/li>\n<li><strong>Compra de ve\u00edculos:<\/strong> de 22,4% a. a., em janeiro, contra 22% a. a. em fevereiro.<\/li>\n<li><strong>Financiamento imobili\u00e1rio:<\/strong> de 8,3% a. a., em janeiro, contra 7,7% a. a. em fevereiro.<\/li>\n<\/ul>\n<p><a href=\"https:\/\/www.suno.com.br\/noticias\/taxa-juros-baixa-operacoes-credito-anefac\/\">Saiba mais &#8211;\u00a0Taxa m\u00e9dia de juros cai em opera\u00e7\u00f5es de cr\u00e9dito pela 12\u00aa vez, diz Anefac\u00a0<\/a><\/p>\n<h2>Inadimpl\u00eancia<\/h2>\n<p>A <strong><a href=\"https:\/\/www.suno.com.br\/artigos\/inadimplencia\/\">inadimpl\u00eancia<\/a> m\u00e9dia<\/strong> manteve-se a mesma de janeiro, em fevereiro. A taxa foi de 2,9%. Tal \u00edndice calculado pelo <strong>Banco Central<\/strong> contabiliza <strong>recursos livres e direcionados<\/strong>. Em fevereiro do ano passado, a taxa era de 3,4%.<\/p>\n<p>Confira abaixo a<strong> taxa de inadimpl\u00eancia<\/strong> por categoria:<\/p>\n<ul>\n<li><strong>Inadimpl\u00eancia m\u00e9dia geral para pessoa f\u00edsica:<\/strong> manteve-se em 3,3%.<\/li>\n<li><strong>Inadimpl\u00eancia m\u00e9dia geral para pessoa jur\u00eddica:<\/strong> de 2,5%, em janeiro, contra 2,4% em fevereiro.<\/li>\n<li><strong>Inadimpl\u00eancia m\u00e9dia com recursos livres para pessoa f\u00edsica:\u00a0<\/strong>de 4,8%, em janeiro, contra 4,7% em fevereiro.<\/li>\n<li><strong>Inadimpl\u00eancia m\u00e9dia com recursos livres para pessoa jur\u00eddica:\u00a0<\/strong>de 2,9%, em janeiro, contra 2,8% em fevereiro.<\/li>\n<li><strong>Inadimpl\u00eancia m\u00e9dia total com recursos livres:\u00a0<\/strong>de 4,0%, em janeiro, contra 3,9% em fevereiro.<\/li>\n<li><strong>Inadimpl\u00eancia m\u00e9dia com cr\u00e9dito direcionado para pessoa f\u00edsica:\u00a0<\/strong>manteve-se em\u00a01,7%.<\/li>\n<li><strong>Inadimpl\u00eancia m\u00e9dia com cr\u00e9dito direcionado para pessoa jur\u00eddica:\u00a0<\/strong>de 1,9%, em janeiro, contra 1,8% em fevereiro.<\/li>\n<li><strong>Inadimpl\u00eancia m\u00e9dia total com cr\u00e9dito direcionado:\u00a0<\/strong>manteve-se em\u00a01,8%.<\/li>\n<\/ul>\n<h2>Juros banc\u00e1rios<\/h2>\n<p>O levantamento do <strong>BC<\/strong> tamb\u00e9m apresenta avan\u00e7o nos<strong> juros m\u00e9dios das institui\u00e7\u00f5es financeiras<\/strong> com recursos livres. Exclui-se da lista o <a href=\"https:\/\/www.suno.com.br\/artigos\/bndes\/\">Banco Nacional do Desenvolvimento Econ\u00f4mico e Social<\/a> (BNDES), o cr\u00e9dito rural e o cr\u00e9dito imobili\u00e1rio:<\/p>\n<ul>\n<li><strong>Taxa m\u00e9dia total (pessoa f\u00edsica e jur\u00eddica):<\/strong> subiu 37,7% a.a., em janeiro para 38,5% a.a. em fevereiro.<\/li>\n<li><strong>Taxa m\u00e9dia para\u00a0pessoas f\u00edsicas:\u00a0<\/strong>subiu de\u00a051,3% a.a., em janeiro, para 53,2% a.a. em fevereiro.<\/li>\n<li><strong>Taxa m\u00e9dia para\u00a0pessoas jur\u00eddicas:\u00a0<\/strong>caiu de\u00a020,4% a.a., em janeiro, para 19,7% a.a. em fevereiro.<\/li>\n<\/ul>\n<h2>Spread banc\u00e1rio<\/h2>\n<p>O<strong> <a href=\"https:\/\/www.suno.com.br\/artigos\/spread-bancario\/\">spread banc\u00e1rio<\/a> m\u00e9dio no cr\u00e9dito livre<\/strong>, diferen\u00e7a entre o custo de capta\u00e7\u00e3o dos bancos e as taxas cobradas dos clientes pelos mesmos, tamb\u00e9m subiu em fevereiro. De 30,2%, a 31,3%.<\/p>\n<p>Confira abaixo as varia\u00e7\u00f5es do<strong> spread banc\u00e1rio<\/strong>, por categoria:<\/p>\n<ul>\n<li><strong>Spread m\u00e9dio da pessoa f\u00edsica no cr\u00e9dito livre:<\/strong>\u00a0de 43,4%, em janeiro, para 45,4% em fevereiro.<\/li>\n<li><strong>Spread m\u00e9dio da pessoa jur\u00eddica no cr\u00e9dito livre:<\/strong>\u00a0de 13,4%, em janeiro, para 13,2% em fevereiro.<\/li>\n<li><strong> Spread m\u00e9dio do cr\u00e9dito direcionado:<\/strong>\u00a0de 4,3%, em janeiro, para 4,0% em fevereiro.<\/li>\n<li><strong>Spread m\u00e9dio no cr\u00e9dito total (livre e direcionado):\u00a0<\/strong>de 18,6%, em janeiro, para 19,0% em fevereiro.<\/li>\n<\/ul>\n","protected":false},"excerpt":{"rendered":"<p>O Banco Central (BC) divulgou nesta ter\u00e7a-feira (27) os dados referentes aos juros m\u00e9dios\u00a0cobrados pelas institui\u00e7\u00f5es financeiras no cheque especial e no cart\u00e3o de cr\u00e9dito em fevereiro. Houve alta de ambos os juros: Caixa corta juros do cheque especial para 2,9% ao m\u00eas juros m\u00e9dios do cheque especial: alta de 0,72 p.p., de\u00a0315,6% ao ano, [&hellip;]<\/p>\n","protected":false},"author":12,"featured_media":19205,"comment_status":"closed","ping_status":"closed","sticky":false,"template":"","format":"standard","meta":[],"categories":[65],"tags":[1188,943],"suno_strategy":[],"class_list":["post-19204","post","type-post","status-publish","format-standard","has-post-thumbnail","hentry","category-financas-pessoais","tag-cartoes-de-credito","tag-credito"],"yoast_head":"<!-- This site is optimized with the Yoast SEO plugin v24.4 - https:\/\/yoast.com\/wordpress\/plugins\/seo\/ -->\n<title>Juros do cart\u00e3o de cr\u00e9dito e do cheque especial sobem em fevereiro<\/title>\n<meta name=\"description\" content=\"De acordo com divulga\u00e7\u00e3o do BC, os juros m\u00e9dios do cart\u00e3o cr\u00e9dito e do cheque especial subiram em fevereiro. Clique para saber mais.\" \/>\n<meta name=\"robots\" content=\"index, follow, max-snippet:-1, max-image-preview:large, max-video-preview:-1\" \/>\n<link rel=\"canonical\" href=\"https:\/\/www.suno.com.br\/noticias\/juros-cartao-credito-cheque-especial-fevereiro\/\" \/>\n<meta property=\"og:locale\" content=\"pt_BR\" \/>\n<meta property=\"og:type\" content=\"article\" \/>\n<meta property=\"og:title\" content=\"Juros do cart\u00e3o de cr\u00e9dito e do cheque especial sobem em fevereiro\" \/>\n<meta property=\"og:description\" content=\"De acordo com divulga\u00e7\u00e3o do BC, os juros m\u00e9dios do cart\u00e3o cr\u00e9dito e do cheque especial subiram em fevereiro. Clique para saber mais.\" \/>\n<meta property=\"og:url\" content=\"https:\/\/www.suno.com.br\/noticias\/juros-cartao-credito-cheque-especial-fevereiro\/\" \/>\n<meta property=\"og:site_name\" content=\"Suno Not\u00edcias\" \/>\n<meta property=\"article:publisher\" content=\"https:\/\/facebook.com\/sunoresearch\" \/>\n<meta property=\"og:image\" content=\"https:\/\/files.sunoresearch.com.br\/n\/uploads\/2019\/03\/014ed666-cr\u00e9dito-e1553710949884.jpg\" \/>\n\t<meta property=\"og:image:width\" content=\"778\" \/>\n\t<meta property=\"og:image:height\" content=\"777\" \/>\n\t<meta property=\"og:image:type\" content=\"image\/jpeg\" \/>\n<meta name=\"author\" content=\"Amanda Gushiken\" \/>\n<meta name=\"twitter:card\" content=\"summary_large_image\" \/>\n<meta name=\"twitter:creator\" content=\"@sunoresearch\" \/>\n<meta name=\"twitter:site\" content=\"@sunoresearch\" \/>\n<meta name=\"twitter:label1\" content=\"Escrito por\" \/>\n\t<meta name=\"twitter:data1\" content=\"Amanda Gushiken\" \/>\n\t<meta name=\"twitter:label2\" content=\"Est. tempo de leitura\" \/>\n\t<meta name=\"twitter:data2\" content=\"3 minutos\" \/>\n<script type=\"application\/ld+json\" class=\"yoast-schema-graph\">{\"@context\":\"https:\/\/schema.org\",\"@graph\":[{\"@type\":\"NewsArticle\",\"@id\":\"https:\/\/www.suno.com.br\/noticias\/juros-cartao-credito-cheque-especial-fevereiro\/#article\",\"isPartOf\":{\"@id\":\"https:\/\/www.suno.com.br\/noticias\/juros-cartao-credito-cheque-especial-fevereiro\/\"},\"author\":{\"name\":\"Amanda Gushiken\",\"@id\":\"https:\/\/www.suno.com.br\/noticias\/#\/schema\/person\/a5b06fa4e879d8e8e119c6ed3cd630d1\"},\"headline\":\"Juros do cart\u00e3o de cr\u00e9dito e do cheque especial sobem em fevereiro\",\"datePublished\":\"2019-03-27T18:23:48+00:00\",\"dateModified\":\"2021-06-21T08:34:51+00:00\",\"mainEntityOfPage\":{\"@id\":\"https:\/\/www.suno.com.br\/noticias\/juros-cartao-credito-cheque-especial-fevereiro\/\"},\"wordCount\":672,\"publisher\":{\"@id\":\"https:\/\/www.suno.com.br\/noticias\/#organization\"},\"image\":{\"@id\":\"https:\/\/www.suno.com.br\/noticias\/juros-cartao-credito-cheque-especial-fevereiro\/#primaryimage\"},\"thumbnailUrl\":\"https:\/\/files.sunoresearch.com.br\/n\/uploads\/2019\/03\/014ed666-cr\u00e9dito-e1553710949884-jpg.webp\",\"keywords\":[\"cart\u00f5es de cr\u00e9dito\",\"cr\u00e9dito\"],\"articleSection\":[\"Finan\u00e7as Pessoais\"],\"inLanguage\":\"pt-BR\"},{\"@type\":\"WebPage\",\"@id\":\"https:\/\/www.suno.com.br\/noticias\/juros-cartao-credito-cheque-especial-fevereiro\/\",\"url\":\"https:\/\/www.suno.com.br\/noticias\/juros-cartao-credito-cheque-especial-fevereiro\/\",\"name\":\"Juros do cart\u00e3o de cr\u00e9dito e do cheque especial sobem em fevereiro\",\"isPartOf\":{\"@id\":\"https:\/\/www.suno.com.br\/noticias\/#website\"},\"primaryImageOfPage\":{\"@id\":\"https:\/\/www.suno.com.br\/noticias\/juros-cartao-credito-cheque-especial-fevereiro\/#primaryimage\"},\"image\":{\"@id\":\"https:\/\/www.suno.com.br\/noticias\/juros-cartao-credito-cheque-especial-fevereiro\/#primaryimage\"},\"thumbnailUrl\":\"https:\/\/files.sunoresearch.com.br\/n\/uploads\/2019\/03\/014ed666-cr\u00e9dito-e1553710949884-jpg.webp\",\"datePublished\":\"2019-03-27T18:23:48+00:00\",\"dateModified\":\"2021-06-21T08:34:51+00:00\",\"description\":\"De acordo com divulga\u00e7\u00e3o do BC, os juros m\u00e9dios do cart\u00e3o cr\u00e9dito e do cheque especial subiram em fevereiro. Clique para saber mais.\",\"breadcrumb\":{\"@id\":\"https:\/\/www.suno.com.br\/noticias\/juros-cartao-credito-cheque-especial-fevereiro\/#breadcrumb\"},\"inLanguage\":\"pt-BR\",\"potentialAction\":[{\"@type\":\"ReadAction\",\"target\":[\"https:\/\/www.suno.com.br\/noticias\/juros-cartao-credito-cheque-especial-fevereiro\/\"]}]},{\"@type\":\"ImageObject\",\"inLanguage\":\"pt-BR\",\"@id\":\"https:\/\/www.suno.com.br\/noticias\/juros-cartao-credito-cheque-especial-fevereiro\/#primaryimage\",\"url\":\"https:\/\/files.sunoresearch.com.br\/n\/uploads\/2019\/03\/014ed666-cr\u00e9dito-e1553710949884-jpg.webp\",\"contentUrl\":\"https:\/\/files.sunoresearch.com.br\/n\/uploads\/2019\/03\/014ed666-cr\u00e9dito-e1553710949884-jpg.webp\",\"width\":778,\"height\":777,\"caption\":\"Caixa corta juros do cheque especial para 2,9% ao m\u00eas\"},{\"@type\":\"BreadcrumbList\",\"@id\":\"https:\/\/www.suno.com.br\/noticias\/juros-cartao-credito-cheque-especial-fevereiro\/#breadcrumb\",\"itemListElement\":[{\"@type\":\"ListItem\",\"position\":1,\"name\":\"Not\u00edcias\",\"item\":\"https:\/\/www.suno.com.br\/noticias\/\"},{\"@type\":\"ListItem\",\"position\":2,\"name\":\"Finan\u00e7as Pessoais\",\"item\":\"https:\/\/www.suno.com.br\/noticias\/financas-pessoais\/\"},{\"@type\":\"ListItem\",\"position\":3,\"name\":\"Juros do cart\u00e3o de cr\u00e9dito e do cheque especial sobem em fevereiro\"}]},{\"@type\":\"WebSite\",\"@id\":\"https:\/\/www.suno.com.br\/noticias\/#website\",\"url\":\"https:\/\/www.suno.com.br\/noticias\/\",\"name\":\"Suno Not\u00edcias\",\"description\":\"Seu portal de informa\u00e7\u00e3o sobre o mundo dos investimentos\",\"publisher\":{\"@id\":\"https:\/\/www.suno.com.br\/noticias\/#organization\"},\"potentialAction\":[{\"@type\":\"SearchAction\",\"target\":{\"@type\":\"EntryPoint\",\"urlTemplate\":\"https:\/\/www.suno.com.br\/noticias\/?s={search_term_string}\"},\"query-input\":{\"@type\":\"PropertyValueSpecification\",\"valueRequired\":true,\"valueName\":\"search_term_string\"}}],\"inLanguage\":\"pt-BR\"},{\"@type\":\"Organization\",\"@id\":\"https:\/\/www.suno.com.br\/noticias\/#organization\",\"name\":\"Suno Not\u00edcias\",\"url\":\"https:\/\/www.suno.com.br\/noticias\/\",\"logo\":{\"@type\":\"ImageObject\",\"inLanguage\":\"pt-BR\",\"@id\":\"https:\/\/www.suno.com.br\/noticias\/#\/schema\/logo\/image\/\",\"url\":\"https:\/\/files.sunoresearch.com.br\/n\/uploads\/2021\/09\/suno-logo.png\",\"contentUrl\":\"https:\/\/files.sunoresearch.com.br\/n\/uploads\/2021\/09\/suno-logo.png\",\"width\":180,\"height\":180,\"caption\":\"Suno Not\u00edcias\"},\"image\":{\"@id\":\"https:\/\/www.suno.com.br\/noticias\/#\/schema\/logo\/image\/\"},\"sameAs\":[\"https:\/\/facebook.com\/sunoresearch\",\"https:\/\/x.com\/sunoresearch\",\"https:\/\/www.instagram.com\/suno\",\"https:\/\/www.linkedin.com\/company\/suno-research\/\",\"https:\/\/www.youtube.com\/c\/sunoresearch\"]},{\"@type\":\"Person\",\"@id\":\"https:\/\/www.suno.com.br\/noticias\/#\/schema\/person\/a5b06fa4e879d8e8e119c6ed3cd630d1\",\"name\":\"Amanda Gushiken\",\"image\":{\"@type\":\"ImageObject\",\"inLanguage\":\"pt-BR\",\"@id\":\"https:\/\/www.suno.com.br\/noticias\/#\/schema\/person\/image\/\",\"url\":\"https:\/\/secure.gravatar.com\/avatar\/ecd84705e6b65e3685ae80d725501fbe?s=96&r=g\",\"contentUrl\":\"https:\/\/secure.gravatar.com\/avatar\/ecd84705e6b65e3685ae80d725501fbe?s=96&r=g\",\"caption\":\"Amanda Gushiken\"},\"description\":\"Amanda Sayuri Gushiken escreve sobre finan\u00e7as e neg\u00f3cios para o portal Suno Not\u00edcias. Antes, trabalhou selecionando not\u00edcias da imprensa para clientes do mercado financeiro. Tamb\u00e9m desenvolveu pesquisa acad\u00eamica pela Universidade Anhembi Morumbi na \u00e1rea de Teorias da Comunica\u00e7\u00e3o e \u00e9 fot\u00f3grafa nas horas vagas.\",\"url\":\"https:\/\/www.suno.com.br\/noticias\/author\/amanda\/\"}]}<\/script>\n<!-- \/ Yoast SEO plugin. -->","yoast_head_json":{"title":"Juros do cart\u00e3o de cr\u00e9dito e do cheque especial sobem em fevereiro","description":"De acordo com divulga\u00e7\u00e3o do BC, os juros m\u00e9dios do cart\u00e3o cr\u00e9dito e do cheque especial subiram em fevereiro. Clique para saber mais.","robots":{"index":"index","follow":"follow","max-snippet":"max-snippet:-1","max-image-preview":"max-image-preview:large","max-video-preview":"max-video-preview:-1"},"canonical":"https:\/\/www.suno.com.br\/noticias\/juros-cartao-credito-cheque-especial-fevereiro\/","og_locale":"pt_BR","og_type":"article","og_title":"Juros do cart\u00e3o de cr\u00e9dito e do cheque especial sobem em fevereiro","og_description":"De acordo com divulga\u00e7\u00e3o do BC, os juros m\u00e9dios do cart\u00e3o cr\u00e9dito e do cheque especial subiram em fevereiro. Clique para saber mais.","og_url":"https:\/\/www.suno.com.br\/noticias\/juros-cartao-credito-cheque-especial-fevereiro\/","og_site_name":"Suno Not\u00edcias","article_publisher":"https:\/\/facebook.com\/sunoresearch","og_image":[{"width":778,"height":777,"url":"https:\/\/files.sunoresearch.com.br\/n\/uploads\/2019\/03\/014ed666-cr\u00e9dito-e1553710949884.jpg","type":"image\/jpeg"}],"author":"Amanda Gushiken","twitter_card":"summary_large_image","twitter_creator":"@sunoresearch","twitter_site":"@sunoresearch","twitter_misc":{"Escrito por":"Amanda Gushiken","Est. tempo de leitura":"3 minutos"},"schema":{"@context":"https:\/\/schema.org","@graph":[{"@type":"NewsArticle","@id":"https:\/\/www.suno.com.br\/noticias\/juros-cartao-credito-cheque-especial-fevereiro\/#article","isPartOf":{"@id":"https:\/\/www.suno.com.br\/noticias\/juros-cartao-credito-cheque-especial-fevereiro\/"},"author":{"name":"Amanda Gushiken","@id":"https:\/\/www.suno.com.br\/noticias\/#\/schema\/person\/a5b06fa4e879d8e8e119c6ed3cd630d1"},"headline":"Juros do cart\u00e3o de cr\u00e9dito e do cheque especial sobem em fevereiro","datePublished":"2019-03-27T18:23:48+00:00","dateModified":"2021-06-21T08:34:51+00:00","mainEntityOfPage":{"@id":"https:\/\/www.suno.com.br\/noticias\/juros-cartao-credito-cheque-especial-fevereiro\/"},"wordCount":672,"publisher":{"@id":"https:\/\/www.suno.com.br\/noticias\/#organization"},"image":{"@id":"https:\/\/www.suno.com.br\/noticias\/juros-cartao-credito-cheque-especial-fevereiro\/#primaryimage"},"thumbnailUrl":"https:\/\/files.sunoresearch.com.br\/n\/uploads\/2019\/03\/014ed666-cr\u00e9dito-e1553710949884-jpg.webp","keywords":["cart\u00f5es de cr\u00e9dito","cr\u00e9dito"],"articleSection":["Finan\u00e7as Pessoais"],"inLanguage":"pt-BR"},{"@type":"WebPage","@id":"https:\/\/www.suno.com.br\/noticias\/juros-cartao-credito-cheque-especial-fevereiro\/","url":"https:\/\/www.suno.com.br\/noticias\/juros-cartao-credito-cheque-especial-fevereiro\/","name":"Juros do cart\u00e3o de cr\u00e9dito e do cheque especial sobem em fevereiro","isPartOf":{"@id":"https:\/\/www.suno.com.br\/noticias\/#website"},"primaryImageOfPage":{"@id":"https:\/\/www.suno.com.br\/noticias\/juros-cartao-credito-cheque-especial-fevereiro\/#primaryimage"},"image":{"@id":"https:\/\/www.suno.com.br\/noticias\/juros-cartao-credito-cheque-especial-fevereiro\/#primaryimage"},"thumbnailUrl":"https:\/\/files.sunoresearch.com.br\/n\/uploads\/2019\/03\/014ed666-cr\u00e9dito-e1553710949884-jpg.webp","datePublished":"2019-03-27T18:23:48+00:00","dateModified":"2021-06-21T08:34:51+00:00","description":"De acordo com divulga\u00e7\u00e3o do BC, os juros m\u00e9dios do cart\u00e3o cr\u00e9dito e do cheque especial subiram em fevereiro. Clique para saber mais.","breadcrumb":{"@id":"https:\/\/www.suno.com.br\/noticias\/juros-cartao-credito-cheque-especial-fevereiro\/#breadcrumb"},"inLanguage":"pt-BR","potentialAction":[{"@type":"ReadAction","target":["https:\/\/www.suno.com.br\/noticias\/juros-cartao-credito-cheque-especial-fevereiro\/"]}]},{"@type":"ImageObject","inLanguage":"pt-BR","@id":"https:\/\/www.suno.com.br\/noticias\/juros-cartao-credito-cheque-especial-fevereiro\/#primaryimage","url":"https:\/\/files.sunoresearch.com.br\/n\/uploads\/2019\/03\/014ed666-cr\u00e9dito-e1553710949884-jpg.webp","contentUrl":"https:\/\/files.sunoresearch.com.br\/n\/uploads\/2019\/03\/014ed666-cr\u00e9dito-e1553710949884-jpg.webp","width":778,"height":777,"caption":"Caixa corta juros do cheque especial para 2,9% ao m\u00eas"},{"@type":"BreadcrumbList","@id":"https:\/\/www.suno.com.br\/noticias\/juros-cartao-credito-cheque-especial-fevereiro\/#breadcrumb","itemListElement":[{"@type":"ListItem","position":1,"name":"Not\u00edcias","item":"https:\/\/www.suno.com.br\/noticias\/"},{"@type":"ListItem","position":2,"name":"Finan\u00e7as Pessoais","item":"https:\/\/www.suno.com.br\/noticias\/financas-pessoais\/"},{"@type":"ListItem","position":3,"name":"Juros do cart\u00e3o de cr\u00e9dito e do cheque especial sobem em fevereiro"}]},{"@type":"WebSite","@id":"https:\/\/www.suno.com.br\/noticias\/#website","url":"https:\/\/www.suno.com.br\/noticias\/","name":"Suno Not\u00edcias","description":"Seu portal de informa\u00e7\u00e3o sobre o mundo dos investimentos","publisher":{"@id":"https:\/\/www.suno.com.br\/noticias\/#organization"},"potentialAction":[{"@type":"SearchAction","target":{"@type":"EntryPoint","urlTemplate":"https:\/\/www.suno.com.br\/noticias\/?s={search_term_string}"},"query-input":{"@type":"PropertyValueSpecification","valueRequired":true,"valueName":"search_term_string"}}],"inLanguage":"pt-BR"},{"@type":"Organization","@id":"https:\/\/www.suno.com.br\/noticias\/#organization","name":"Suno Not\u00edcias","url":"https:\/\/www.suno.com.br\/noticias\/","logo":{"@type":"ImageObject","inLanguage":"pt-BR","@id":"https:\/\/www.suno.com.br\/noticias\/#\/schema\/logo\/image\/","url":"https:\/\/files.sunoresearch.com.br\/n\/uploads\/2021\/09\/suno-logo.png","contentUrl":"https:\/\/files.sunoresearch.com.br\/n\/uploads\/2021\/09\/suno-logo.png","width":180,"height":180,"caption":"Suno Not\u00edcias"},"image":{"@id":"https:\/\/www.suno.com.br\/noticias\/#\/schema\/logo\/image\/"},"sameAs":["https:\/\/facebook.com\/sunoresearch","https:\/\/x.com\/sunoresearch","https:\/\/www.instagram.com\/suno","https:\/\/www.linkedin.com\/company\/suno-research\/","https:\/\/www.youtube.com\/c\/sunoresearch"]},{"@type":"Person","@id":"https:\/\/www.suno.com.br\/noticias\/#\/schema\/person\/a5b06fa4e879d8e8e119c6ed3cd630d1","name":"Amanda Gushiken","image":{"@type":"ImageObject","inLanguage":"pt-BR","@id":"https:\/\/www.suno.com.br\/noticias\/#\/schema\/person\/image\/","url":"https:\/\/secure.gravatar.com\/avatar\/ecd84705e6b65e3685ae80d725501fbe?s=96&r=g","contentUrl":"https:\/\/secure.gravatar.com\/avatar\/ecd84705e6b65e3685ae80d725501fbe?s=96&r=g","caption":"Amanda Gushiken"},"description":"Amanda Sayuri Gushiken escreve sobre finan\u00e7as e neg\u00f3cios para o portal Suno Not\u00edcias. Antes, trabalhou selecionando not\u00edcias da imprensa para clientes do mercado financeiro. Tamb\u00e9m desenvolveu pesquisa acad\u00eamica pela Universidade Anhembi Morumbi na \u00e1rea de Teorias da Comunica\u00e7\u00e3o e \u00e9 fot\u00f3grafa nas horas vagas.","url":"https:\/\/www.suno.com.br\/noticias\/author\/amanda\/"}]}},"default_loop_html":"<div class=\"cardsPage__listCard__boxs\"><div class=\"cardsPage__listCard__boxs__img\"><a href=\"https:\/\/www.suno.com.br\/noticias\/juros-cartao-credito-cheque-especial-fevereiro\/\"><img class=\"mask\" src=\"https:\/\/www.suno.com.br\/noticias\/wp-content\/themes\/suno\/resources\/images\/spotlight\/spotlight1img\/bg-mask.png\" alt=\"Image Mask\"\/><img src=\"https:\/\/files.sunoresearch.com.br\/n\/uploads\/2019\/03\/014ed666-cr\u00e9dito-e1553710949884-400x200.webp\" alt=\"Juros do cart\u00e3o de cr\u00e9dito e do cheque especial sobem em fevereiro\"\/><\/a><span class=\"spotlightCategory\"><a href=\"https:\/\/www.suno.com.br\/noticias\/financas-pessoais\/\">Finan\u00e7as Pessoais<\/a><\/span><\/div><div class=\"cardsPage__listCard__boxs__content\"><a href=\"https:\/\/www.suno.com.br\/noticias\/juros-cartao-credito-cheque-especial-fevereiro\/\"><h2 class=\"content__title\">Juros do cart\u00e3o de cr\u00e9dito e do cheque especial sobem em fevereiro<\/h2><\/a><div class=\"newsContent__article__meta\"><div class=\"newsContent__article__meta__authorBox\"><a href=\"https:\/\/www.suno.com.br\/noticias\/author\/amanda\/\" class=\"authorBox__avatar noMobi\"><img src=\"https:\/\/files.sunoresearch.com.br\/n\/uploads\/2018\/11\/c6ad30be-amanda-150x150.webp\" alt=\"Amanda Gushiken\"><\/a><div class=\"authorBox__name\"><span>por\n\t\t\t<a href=\"https:\/\/www.suno.com.br\/noticias\/author\/amanda\/\"><span itemprop=\"author\">Amanda Gushiken<\/span><\/a><\/span><time datetime=\"2019-03-27T15:23:48-03:00\" itemprop=\"datePublished\">27\/03\/2019 15:23<\/time><\/div><\/div><\/div><\/div><\/div>","single_layout":"posts","amp_enabled":true,"_links":{"self":[{"href":"https:\/\/www.suno.com.br\/noticias\/wp-json\/wp\/v2\/posts\/19204"}],"collection":[{"href":"https:\/\/www.suno.com.br\/noticias\/wp-json\/wp\/v2\/posts"}],"about":[{"href":"https:\/\/www.suno.com.br\/noticias\/wp-json\/wp\/v2\/types\/post"}],"author":[{"embeddable":true,"href":"https:\/\/www.suno.com.br\/noticias\/wp-json\/wp\/v2\/users\/12"}],"replies":[{"embeddable":true,"href":"https:\/\/www.suno.com.br\/noticias\/wp-json\/wp\/v2\/comments?post=19204"}],"version-history":[{"count":1,"href":"https:\/\/www.suno.com.br\/noticias\/wp-json\/wp\/v2\/posts\/19204\/revisions"}],"predecessor-version":[{"id":147634,"href":"https:\/\/www.suno.com.br\/noticias\/wp-json\/wp\/v2\/posts\/19204\/revisions\/147634"}],"wp:featuredmedia":[{"embeddable":true,"href":"https:\/\/www.suno.com.br\/noticias\/wp-json\/wp\/v2\/media\/19205"}],"wp:attachment":[{"href":"https:\/\/www.suno.com.br\/noticias\/wp-json\/wp\/v2\/media?parent=19204"}],"wp:term":[{"taxonomy":"category","embeddable":true,"href":"https:\/\/www.suno.com.br\/noticias\/wp-json\/wp\/v2\/categories?post=19204"},{"taxonomy":"post_tag","embeddable":true,"href":"https:\/\/www.suno.com.br\/noticias\/wp-json\/wp\/v2\/tags?post=19204"},{"taxonomy":"suno_strategy","embeddable":true,"href":"https:\/\/www.suno.com.br\/noticias\/wp-json\/wp\/v2\/suno_strategy?post=19204"}],"curies":[{"name":"wp","href":"https:\/\/api.w.org\/{rel}","templated":true}]}}