{"id":192030,"date":"2021-10-07T21:57:48","date_gmt":"2021-10-08T00:57:48","guid":{"rendered":"https:\/\/www.suno.com.br\/noticias\/?p=192030"},"modified":"2021-10-07T21:57:48","modified_gmt":"2021-10-08T00:57:48","slug":"radar-meliuz-cash3-fecha-parceria-klabin-klbn11-brasilagro-agro3","status":"publish","type":"post","link":"https:\/\/www.suno.com.br\/noticias\/radar-meliuz-cash3-fecha-parceria-klabin-klbn11-brasilagro-agro3\/","title":{"rendered":"Radar: M\u00e9liuz (CASH3) fecha parceria, Klabin (KLBN11) contrata linha de cr\u00e9dito e BrasilAgro (AGRO3) vende fazenda"},"content":{"rendered":"<p>A <a href=\"https:\/\/www.suno.com.br\/acoes\/CASH3\/\" target=\"_blank\" rel=\"noopener\"><strong>M\u00e9liuz<\/strong>\u00a0(CASH3)<\/a> anunciou nesta quinta-feira (7) que fechou uma parceria com a Captalys Companhia de Cr\u00e9dito, para oferecer um produto de cr\u00e9dito para os usu\u00e1rios que tiverem o novo cart\u00e3o M\u00e9liuz a partir de 2022.<\/p>\t<div class=\"wrapper-featured-image\">\n\t\t<figure class=\"spotlightImg\">\n\n\t\t\t<picture>\n\t\t\t\t<source media=\"(max-width: 768px)\" srcset=\"https:\/\/files.sunoresearch.com.br\/n\/uploads\/2021\/10\/Meliuz-divulgacao-400x200.jpg\">\n\t\t\t\t<img loading=\"lazy\" decoding=\"async\" class=\"newsContent__article__imgCapa lazyloadDisabled \" src=\"https:\/\/files.sunoresearch.com.br\/n\/uploads\/2021\/10\/Meliuz-divulgacao-800x450.jpg\" width=\"800\" height=\"450\" alt=\"Radar: M\u00e9liuz (CASH3) fecha parceria, Klabin (KLBN11) contrata linha de cr\u00e9dito e BrasilAgro (AGRO3) vende fazenda\" fetchpriority=high \/>\n\t\t\t<\/picture>\n\n\t\t\t<figcaption class=\"wp-caption-text wp-caption-text--show\">M\u00e9liuz (CASH3). Foto: Divulga\u00e7\u00e3o\/M\u00e9liuz<\/figcaption>\n\t\t<\/figure>\n\t<\/div>\n\n\n\t<p>\n\t\t<a href=\"https:\/\/lp.suno.com.br\/planilha-controle-gastos\/\" target=\"_blank\" data-element=\"shortcode-suno-banner\" title=\"Banner SUNO, clique e saiba mais\">\n\t\t\t<picture>\n\t\t\t\t<source media=\"(max-width: 500px)\" srcset=\"https:\/\/files.sunoresearch.com.br\/n\/uploads\/2023\/03\/400x300-Planilha-controle-de-gastos.png\">\n\t\t\t\t<img class=\"newsContent__article__imgCapa newsContent__article__imgCapa--banner\"\n\t\t\t\t\tsrc=\"https:\/\/files.sunoresearch.com.br\/n\/uploads\/2023\/03\/1420x240-Planilha-controle-de-gastos.png\"\n\t\t\t\t\tdata-promo-id=\"101751\"\t\t\t\t\t\t\t\t\t\twidth='1420' height='240'\t\t\t\t\talt=\"https:\/\/files.sunoresearch.com.br\/n\/uploads\/2023\/03\/1420x240-Planilha-controle-de-gastos.png\"\n\t\t\t\t>\n\t\t\t<\/picture>\n\t\t<\/a>\n\t<\/p>\n\n\n<p>A parceria com a Captalys permitir\u00e1 que o M\u00e9liuz seja o motor de cr\u00e9dito, enquanto a Captalys entra com a experi\u00eancia de cr\u00e9dito, fornecendo a infraestrutura e o financiamento da opera\u00e7\u00e3o, conforme explica o comunicado ao mercado.<\/p>\n<p>A companhia de cashback explica ainda que &#8220;a parceria tamb\u00e9m contempla a troca de experi\u00eancias para aprimorarmos nossas pol\u00edticas e tecnologias para concess\u00e3o do cr\u00e9dito dentro da plataforma M\u00e9liuz complementando toda estrutura de governan\u00e7a que j\u00e1 vem sendo desenvolvida pela Acesso desde 2019.&#8221;<\/p>\n<p>Al\u00e9m disso, a estrutura elaborada para dar suporte ao cr\u00e9dito para o novo cart\u00e3o M\u00e9liuz deve ser feita por meio de um <a class=\"suno-keyword\" href=\"https:\/\/www.suno.com.br\/artigos\/fundo-de-investimento-em-participacoes\/\" target=\"_blank\" rel=\"noopener\" data-force=\"no\" data-priority=\"2\">Fundo de Investimento<\/a> em Direitos Credit\u00f3rios (FIDC) exclusivo. Ambas as empresas ter\u00e3o participa\u00e7\u00e3o no fundo.<\/p>\n<p>Segundo a empresa, essa parceria est\u00e1 em linha com sua estrat\u00e9gia de oferecer um ecossistema completo aos usu\u00e1rios com a vertical shopping e a de servi\u00e7os financeiros. &#8220;O cr\u00e9dito \u00e9 um importante produto nesse ecossistema e o seu crescimento ser\u00e1 realizado de forma gradativa. Iniciaremos com um modelo exclusivo, com um volume extremamente baixo, e ao longo de 2022 seguiremos algumas etapas de crescimento&#8221;, completa.<\/p>\n<p>Al\u00e9m da M\u00e9liuz, veja outras empresas que ficaram no radar nessa quarta-feira:<\/p>\n<h2>Klabin (KLBN11) contrata linha de cr\u00e9dito rotativo no total de US$ 500 mi<\/h2>\n<ul>\n<li>A <a href=\"https:\/\/www.suno.com.br\/acoes\/KLBN11\/\"><strong>Klabin<\/strong>\u00a0(KLBN11)<\/a>\u00a0informou nesta quinta-feira (7) que contratou uma linha de\u00a0<a class=\"suno-keyword\" href=\"https:\/\/www.suno.com.br\/artigos\/credito-rotativo\/\" target=\"_blank\" rel=\"noopener\" data-force=\"no\" data-priority=\"1\">cr\u00e9dito rotativo<\/a>\u00a0junto a nove\u00a0<a class=\"suno-keyword\" href=\"https:\/\/www.suno.com.br\/artigos\/instituicoes-financeiras\/\" target=\"_blank\" rel=\"noopener\" data-force=\"no\" data-priority=\"1\">institui\u00e7\u00f5es financeiras<\/a> no total de US$ 500 milh\u00f5es.<\/li>\n<li>Em comunicado ao mercado arquivado na Comiss\u00e3o de Valores Mobili\u00e1rios (<strong>CVM<\/strong>), a Klabin afirma que a<strong>\u00a0linha de credito rotativo<\/strong> tem vencimento em outubro de 2026, e \u00e9 caracterizada como Sustainability-Linked.<\/li>\n<li>O custo da linha de cr\u00e9dito rotativo est\u00e1 condicionado ao desempenho anual do indicador ambiental de aumento na reutiliza\u00e7\u00e3o de res\u00edduos industriais s\u00f3lidos. \u201cDesta forma, o custo de manuten\u00e7\u00e3o (commitment fee), caso a linha n\u00e3o seja desembolsada, ser\u00e1 entre 0,36% a.a. e 0,38% a.a. e, se sacada, entre Libor+1,20% a.a. e Libor+1,25% a.a.\u201d, explica a companhia.<\/li>\n<li>A companhia afirma ainda que o indicador de sustentabilidade utilizado nessa opera\u00e7\u00e3o faz parte dos seus objetivos de desenvolvimento sustent\u00e1vel a serem atingidos at\u00e9 2030.<\/li>\n<li>Essa opera\u00e7\u00e3o deve substituir a linha de cr\u00e9dito rotativo contratada pela Klabin em fevereiro de 2019, no montante de US$ 500 milh\u00f5es, que deveria vencer em 2023. O custo de manuten\u00e7\u00e3o dessa linha era de 0,41% ao ano, enquanto o custo sacado de Libor+ 1,35% ao ano.<\/li>\n<\/ul>\n\t<p>\n\t\t<a href=\"\" target=\"_blank\" data-element=\"shortcode-suno-banner\" title=\"Banner SUNO, clique e saiba mais\">\n\t\t\t<picture>\n\t\t\t\t<source media=\"(max-width: 500px)\" srcset=\"\">\n\t\t\t\t<img class=\"newsContent__article__imgCapa newsContent__article__imgCapa--banner\"\n\t\t\t\t\tsrc=\"\"\n\t\t\t\t\tdata-promo-id=\"77053\"\t\t\t\t\t\t\t\t\t\t\t\t\t\t\talt=\"\"\n\t\t\t\t>\n\t\t\t<\/picture>\n\t\t<\/a>\n\t<\/p>\n\n\n<h2>Azul (AZUL4): tr\u00e1fego dom\u00e9stico de passageiros cresceu 125,6% em setembro<\/h2>\n<ul>\n<li>A <a class=\"suno-keyword\" href=\"https:\/\/www.suno.com.br\/acoes\/AZUL4\/\" target=\"_blank\" rel=\"noopener\" data-force=\"yes\" data-priority=\"2\"><strong>Azul<\/strong> (AZUL4)<\/a> divulgou nesta quinta-feira (7) seus resultados de tr\u00e1fego de setembro desse ano. De acordo com o documento, o tr\u00e1fego dom\u00e9stico de passageiros (RPKs) cresceu 8,7% em compara\u00e7\u00e3o com o mesmo m\u00eas em 2019, enquanto a capacidade dom\u00e9stica (ASKs) aumentou 11,1%, resultando em uma taxa de ocupa\u00e7\u00e3o de 80,3%.<\/li>\n<li>Em compara\u00e7\u00e3o com setembro de 2020, o <strong>tr\u00e1fego dom\u00e9stico da Azul<\/strong> cresceu 125,6%, e a capacidade saltou 126,7% no m\u00eas passado.<\/li>\n<li>Em documento arquivado na Comiss\u00e3o de Valores Mobili\u00e1rios (<strong>CVM<\/strong>), <strong>John<\/strong> <strong>Rodgerson<\/strong>, <strong>CEO da Azul<\/strong>, destacou que &#8220;a demanda dom\u00e9stica no Brasil continua progredindo \u00e0 medida em que aumentamos a nossa capacidade dom\u00e9stica em 43% no trimestre. Forte tend\u00eancia de vendas, com tarifas m\u00e9dias e receita vendida acima dos n\u00edveis de 2019. Estamos muito animados com o potencial da nossa receita para os pr\u00f3ximos meses.&#8221;<\/li>\n<li>O documento mostra ainda que o <strong>tr\u00e1fego internacional de passageiros<\/strong> somou 121 milh\u00f5es em setembro, contra 79 milh\u00f5es um ano antes, o que representa um avan\u00e7o de 53,6%. J\u00e1 em compara\u00e7\u00e3o com o mesmo per\u00edodo em 2019, o resultado do m\u00eas passado corresponde a uma queda de 78,5%.<\/li>\n<li>A capacidade internacional subiu 72,8% no m\u00eas passado na rela\u00e7\u00e3o ano a ano, mas caiu 71,6% em compara\u00e7\u00e3o com setembro de 2019.<\/li>\n<li>Em rela\u00e7\u00e3o a taxa de ocupa\u00e7\u00e3o internacional, houve uma queda de 8,3 ponto percentual ante setembro de 2020, ao passo que o recuo em compara\u00e7\u00e3o a setembro de 2019 foi de 21,4 pontos percentuais.<\/li>\n<li>Considerando o<strong> tr\u00e1fego nacional<\/strong> e internacional, a demanda da Azul em setembro deste ano foi 120% maior do que no mesmo per\u00edodo em 2020. Apesar disso, foi 10,6% menor do que a demanda apurada em 2019.<\/li>\n<li>J\u00e1 a capacidade total subiu 122,3% ante setembro de 2020, mas caiu 6,2% em rela\u00e7\u00e3o ao mesmo m\u00eas de 2020. A t<strong>axa de ocupa\u00e7\u00e3o<\/strong> total caiu 0,8 ponto percentual na compara\u00e7\u00e3o anualizada e 3,9 ponto percentual ante 2019.<\/li>\n<\/ul>\n<h2>BrasilAgro (AGRO3) vende \u00e1rea da Fazenda Alto Taquari (MT) por R$ 589 mi<\/h2>\n<ul>\n<li>A <a href=\"https:\/\/www.suno.com.br\/acoes\/agro3\/\"><strong>BrasilAgro<\/strong>\u00a0(AGRO3)<\/a> anunciou nesta quinta-feira (7) que vendeu uma \u00e1rea de 3.723 hectares, sendo 2.694 hectares uteis da Fazenda Alto Taquari, propriedade rural no Munic\u00edpio de Alto Taquari (MT). O valor da venda foi de 1.100 sacas de soja por hectare \u00fatil ou R$ 589 milh\u00f5es.<\/li>\n<li>Segundo a BrasilAgro, a entrega da posse das \u00e1reas ser\u00e1 feita em duas etapas<\/li>\n<li>2.566 hectares em outubro desse ano, no valor de aproximadamente R$ 336 milh\u00f5es e;<\/li>\n<li>1.157 hectares \u00fateis em setembro de 2024, com cerca de R$ 253 milh\u00f5es.<\/li>\n<li>A companhia deve continuar operando as \u00e1reas at\u00e9 a entrega da posse.<\/li>\n<li>Al\u00e9m disso, o comprador j\u00e1 realizou o pagamento inicial no valor R$ 16,5 milh\u00f5es, e ainda em 2021 deve ocorrer o pagamento adicional de R$ 31,4 milh\u00f5es e o saldo remanescente \u00e9<strong>\u00a0indexado em sacas de soja<\/strong> com pagamentos anuais com prazo m\u00e9dio de 3,9 anos.<\/li>\n<li>\u201cDo ponto de vista cont\u00e1bil, o valor desta \u00e1rea da fazenda nos livros da companhia \u00e9 de R$ 31,3 milh\u00f5es (o que inclui aquisi\u00e7\u00e3o e investimentos l\u00edquidos de deprecia\u00e7\u00e3o) e tem uma\u00a0<strong>TIR<\/strong>\u00a0(<a class=\"suno-keyword\" href=\"https:\/\/www.suno.com.br\/artigos\/taxa-interna-de-retorno\/\" target=\"_blank\" rel=\"noopener\" data-force=\"no\" data-priority=\"1\">Taxa Interna de Retorno<\/a>) esperada em Reais de 19,9%\u201d, destaca o comunicado.<\/li>\n<li>A companhia ainda apontou que essa venda \u00e9 um marco, \u201cn\u00e3o s\u00f3 pelo tamanho, mas principalmente pela capacidade de gera\u00e7\u00e3o de valor, otimizando os retornos operacionais e imobili\u00e1rios, aproveitando o bom ciclo das commodities.\u201d<\/li>\n<li>Com essa venda, a BrasilAgro vendeu todas as \u00e1reas de chapada da <strong>Fazenda Alto<\/strong>\u00a0<strong>Taquari<\/strong>, restando 1.308 hectares, sendo 809 hectares \u00fateis no portf\u00f3lio.<\/li>\n<\/ul>\n\t<p>\n\t\t<a href=\"\" target=\"_blank\" data-element=\"shortcode-suno-banner\" title=\"Banner SUNO, clique e saiba mais\">\n\t\t\t<picture>\n\t\t\t\t<source media=\"(max-width: 500px)\" srcset=\"\">\n\t\t\t\t<img class=\"newsContent__article__imgCapa newsContent__article__imgCapa--banner\"\n\t\t\t\t\tsrc=\"\"\n\t\t\t\t\tdata-promo-id=\"89005\"\t\t\t\t\t\t\t\t\t\t\t\t\t\t\talt=\"\"\n\t\t\t\t>\n\t\t\t<\/picture>\n\t\t<\/a>\n\t<\/p>\n\n\n<h2>Gol (GOLL4) prev\u00ea 425 voos di\u00e1rios em outubro, com forte retomada para o Nordeste<\/h2>\n<ul>\n<li>A <a class=\"suno-keyword\" href=\"https:\/\/www.suno.com.br\/acoes\/GOLL4\/\" target=\"_blank\" rel=\"noopener\" data-force=\"yes\" data-priority=\"2\"><strong>Gol<\/strong>\u00a0(GOLL4)<\/a> prev\u00ea executar 425 voos di\u00e1rios em outubro, um crescimento de 15% na compara\u00e7\u00e3o anual, informa a companhia a\u00e9rea nesta quinta-feira (07). E ainda destaca que,\u00a0\u00e0 medida que o combate \u00e0 pandemia avan\u00e7a, a opera\u00e7\u00e3o tamb\u00e9m ganha for\u00e7a.<\/li>\n<li>A\u00a0<strong>malha a\u00e9rea da Gol<\/strong>\u00a0de outubro deste ano retomou 68% da oferta se comparada com o per\u00edodo pr\u00e9-pandemia, h\u00e1 dois anos.\u00a0Entre os principais destaques do m\u00eas, a a\u00e9rea apresenta um aumento de 30% de\u00a0<strong>assentos de Congonhas<\/strong>\u00a0(SP) para o Nordeste brasileiro em rela\u00e7\u00e3o a setembro, principalmente para as seguintes cidades:<\/li>\n<li>Recife (PE, +52%)<\/li>\n<li>Salvador (BA, +40%); e<\/li>\n<li>Natal (RN, +22%).<\/li>\n<\/ul>\n<p>Outubro registra tamb\u00e9m fortalecimento do\u00a0<strong>hub de Guarulhos<\/strong>\u00a0(SP) na mesma base de compara\u00e7\u00e3o, com destaque na\u00a0<strong>amplia\u00e7\u00e3o de voos<\/strong>\u00a0para:<\/p>\n<ul>\n<li>S\u00e3o Lu\u00eds (MA, +375%);<\/li>\n<li>Caldas Novas (GO, +31%);<\/li>\n<li>Macei\u00f3 (AL, +22%);<\/li>\n<li>Montes Claros (MG, +14%); e<\/li>\n<li>Uberl\u00e2ndia (MG, +100%).<\/li>\n<li>Com a inclus\u00e3o de <strong>novos voos<\/strong>\u00a0e o aumento da frequ\u00eancia em determinados destinos, o\u00a0<a href=\"https:\/\/www.suno.com.br\/noticias\/gol-goll4-demanda-por-voos-setembro\/\" target=\"_blank\" rel=\"noopener\">crescimento consolidado da Gol<\/a> \u00e9 de 7% em n\u00famero de voos em rela\u00e7\u00e3o a setembro.<\/li>\n<li>\u201cA malha a\u00e9rea de outubro apresenta uma retomada significativa para alguns destinos tradicionais de turismo de lazer, especialmente no Nordeste, o que indica que o brasileiro, \u00e0 medida que v\u00ea avan\u00e7ar a vacina\u00e7\u00e3o em todo territ\u00f3rio nacional, se sente mais confiante para voltar a viajar\u201d, afirma em nota o gerente de planejamento estrat\u00e9gico da Gol, Bruno Balan.<\/li>\n<\/ul>\n<h2>Corsan contrata Morgan Stanley para coordenar IPO, diz site<\/h2>\n<ul>\n<li>A Companhia Riograndense de Saneamento (<strong>Corsan<\/strong>) contratou o Morgan Stanley para coordenar a potencial\u00a0<a href=\"https:\/\/www.suno.com.br\/artigos\/ipo\/\">oferta p\u00fablica inicial de a\u00e7\u00f5es (IPO<\/a>, na sigla em ingl\u00eas). A informa\u00e7\u00e3o \u00e9 do\u00a0<em>Pipeline<\/em>, do\u00a0<em>Valor Econ\u00f4mico<\/em>.<\/li>\n<li>De acordo com informa\u00e7\u00f5es do site, o\u00a0 presidente da estatal, Roberto Barbuti, planeja lan\u00e7ar o <strong>IPO da Corsan\u00a0<\/strong>em fevereiro do pr\u00f3ximo ano. A empresa negocia a contrata\u00e7\u00e3o de outros bancos para compor o sindicato.<\/li>\n<li>Com o cronograma, o executivo espera driblar as condi\u00e7\u00f5es adversas do mercado brasileiro. Aberturas de capital t\u00eam sido suspensas ou adiadas por causa da volatilidade com as incertezas pol\u00edtico-econ\u00f4micas do Pa\u00eds.<\/li>\n<li>A companhia ga\u00facha de saneamento pretende levantar pelo R$ 1 bilh\u00e3o com a oferta prim\u00e1ria. A <a class=\"suno-keyword\" href=\"https:\/\/www.suno.com.br\/artigos\/oferta-secundaria\/\" target=\"_blank\" rel=\"noopener\" data-force=\"no\" data-priority=\"1\">oferta secund\u00e1ria<\/a>\u00a0servir\u00e1 de sa\u00edda para o\u00a0<strong>Estado do Rio Grande do Sul<\/strong>, que dever\u00e1 reter uma posi\u00e7\u00e3o de cerca de 30%.<\/li>\n<li>Segundo o presidente Roberto Barbuti, os planos de investimentos da Corsan para 2033 totalizam R$ 11 bilh\u00f5es. A empresa tentar\u00e1 atrair investidores privados para gerar efici\u00eancia e fazer frente ao volume de investimento necess\u00e1rios.<\/li>\n<\/ul>\n<p>Da M\u00e9liuz \u00e0 Corsan, essas foram as empresas que se destacaram hoje. Para ler todas as mat\u00e9rias <a href=\"https:\/\/www.suno.com.br\/noticias\/\">clique aqui<\/a>.<\/p>\n\t<p>\n\t\t<a href=\"https:\/\/lp.suno.com.br\/planilha-de-controle-de-investimentos\/\" target=\"_blank\" data-element=\"shortcode-suno-banner\" title=\"Banner SUNO, clique e saiba mais\">\n\t\t\t<picture>\n\t\t\t\t<source media=\"(max-width: 500px)\" srcset=\"https:\/\/files.sunoresearch.com.br\/n\/uploads\/2023\/03\/400x300-Controle-de-Investimentos.png\">\n\t\t\t\t<img class=\"newsContent__article__imgCapa newsContent__article__imgCapa--banner\"\n\t\t\t\t\tsrc=\"https:\/\/files.sunoresearch.com.br\/n\/uploads\/2023\/03\/1420x240-Controle-de-Investimentos.png\"\n\t\t\t\t\tdata-promo-id=\"75934\"\t\t\t\t\t\t\t\t\t\twidth='1420' height='240'\t\t\t\t\talt=\"https:\/\/files.sunoresearch.com.br\/n\/uploads\/2023\/03\/1420x240-Controle-de-Investimentos.png\"\n\t\t\t\t>\n\t\t\t<\/picture>\n\t\t<\/a>\n\t<\/p>\n\n\n<p><a href=\"https:\/\/lp.suno.com.br\/ebook-10-livros\/\" target=\"_blank\" rel=\"noopener\" data-element=\"shortcode-suno-banner\" data-parameter=\"banner-mat-3-https:\/\/lp.suno.com.br\/ebook-10-livros\/\"><picture><source srcset=\"https:\/\/files.sunoresearch.com.br\/n\/uploads\/2021\/09\/Banner-MOBILE-53-1-400x300.jpg\" media=\"(max-width: 500px)\" data-srcset=\"https:\/\/files.sunoresearch.com.br\/n\/uploads\/2021\/09\/Banner-MOBILE-53-1-400x300.jpg\" \/><\/picture><\/a><\/p>\n","protected":false},"excerpt":{"rendered":"<p>A M\u00e9liuz\u00a0(CASH3) anunciou nesta quinta-feira (7) que fechou uma parceria com a Captalys Companhia de Cr\u00e9dito, para oferecer um produto de cr\u00e9dito para os usu\u00e1rios que tiverem o novo cart\u00e3o M\u00e9liuz a partir de 2022. M\u00e9liuz (CASH3). Foto: Divulga\u00e7\u00e3o\/M\u00e9liuz A parceria com a Captalys permitir\u00e1 que o M\u00e9liuz seja o motor de cr\u00e9dito, enquanto a [&hellip;]<\/p>\n","protected":false},"author":98,"featured_media":190548,"comment_status":"closed","ping_status":"closed","sticky":false,"template":"","format":"standard","meta":[],"categories":[64],"tags":[106932,105738,529,104467],"suno_strategy":[],"class_list":["post-192030","post","type-post","status-publish","format-standard","has-post-thumbnail","hentry","category-negocios","tag-azul-azul4","tag-brasilagro-agro3","tag-klabin-klbn11-klbn3-klbn4","tag-meliuz-cash3"],"yoast_head":"<!-- This site is optimized with the Yoast SEO plugin v24.4 - https:\/\/yoast.com\/wordpress\/plugins\/seo\/ -->\n<title>Radar: M\u00e9liuz (CASH3) fecha parceria e Klabin (KLBN11) ter\u00e1 cr\u00e9dito<\/title>\n<meta name=\"description\" content=\"A M\u00e9liuz\u00a0(CASH3) anunciou que fechou uma parceria com a Captalys para oferecer um novo cart\u00e3o M\u00e9liuz a partir de 2022. Saiba mais\" \/>\n<meta name=\"robots\" content=\"index, follow, max-snippet:-1, max-image-preview:large, max-video-preview:-1\" \/>\n<link rel=\"canonical\" href=\"https:\/\/www.suno.com.br\/noticias\/radar-meliuz-cash3-fecha-parceria-klabin-klbn11-brasilagro-agro3\/\" \/>\n<meta property=\"og:locale\" content=\"pt_BR\" \/>\n<meta property=\"og:type\" content=\"article\" \/>\n<meta property=\"og:title\" content=\"Radar: M\u00e9liuz (CASH3) fecha parceria e Klabin (KLBN11) ter\u00e1 cr\u00e9dito\" \/>\n<meta property=\"og:description\" content=\"A M\u00e9liuz\u00a0(CASH3) anunciou que fechou uma parceria com a Captalys para oferecer um novo cart\u00e3o M\u00e9liuz a partir de 2022. Saiba mais\" \/>\n<meta property=\"og:url\" content=\"https:\/\/www.suno.com.br\/noticias\/radar-meliuz-cash3-fecha-parceria-klabin-klbn11-brasilagro-agro3\/\" \/>\n<meta property=\"og:site_name\" content=\"Suno Not\u00edcias\" \/>\n<meta property=\"article:publisher\" content=\"https:\/\/facebook.com\/sunoresearch\" \/>\n<meta property=\"og:image\" content=\"https:\/\/files.sunoresearch.com.br\/n\/uploads\/2021\/10\/Meliuz-divulgacao-scaled.jpg\" \/>\n\t<meta property=\"og:image:width\" content=\"2560\" \/>\n\t<meta property=\"og:image:height\" content=\"1707\" \/>\n\t<meta property=\"og:image:type\" content=\"image\/jpeg\" \/>\n<meta name=\"author\" content=\"Marco Ant\u00f4nio Lopes\" \/>\n<meta name=\"twitter:card\" content=\"summary_large_image\" \/>\n<meta name=\"twitter:creator\" content=\"@sunoresearch\" \/>\n<meta name=\"twitter:site\" content=\"@sunoresearch\" \/>\n<meta name=\"twitter:label1\" content=\"Escrito por\" \/>\n\t<meta name=\"twitter:data1\" content=\"Marco Ant\u00f4nio Lopes\" \/>\n\t<meta name=\"twitter:label2\" content=\"Est. tempo de leitura\" \/>\n\t<meta name=\"twitter:data2\" content=\"7 minutos\" \/>\n<script type=\"application\/ld+json\" class=\"yoast-schema-graph\">{\"@context\":\"https:\/\/schema.org\",\"@graph\":[{\"@type\":\"NewsArticle\",\"@id\":\"https:\/\/www.suno.com.br\/noticias\/radar-meliuz-cash3-fecha-parceria-klabin-klbn11-brasilagro-agro3\/#article\",\"isPartOf\":{\"@id\":\"https:\/\/www.suno.com.br\/noticias\/radar-meliuz-cash3-fecha-parceria-klabin-klbn11-brasilagro-agro3\/\"},\"author\":{\"name\":\"Marco Ant\u00f4nio Lopes\",\"@id\":\"https:\/\/www.suno.com.br\/noticias\/#\/schema\/person\/829bbe8d57f84333b966b96229c6bf5f\"},\"headline\":\"Radar: M\u00e9liuz (CASH3) fecha parceria, Klabin (KLBN11) contrata linha de cr\u00e9dito e BrasilAgro (AGRO3) vende fazenda\",\"datePublished\":\"2021-10-08T00:57:48+00:00\",\"mainEntityOfPage\":{\"@id\":\"https:\/\/www.suno.com.br\/noticias\/radar-meliuz-cash3-fecha-parceria-klabin-klbn11-brasilagro-agro3\/\"},\"wordCount\":1550,\"publisher\":{\"@id\":\"https:\/\/www.suno.com.br\/noticias\/#organization\"},\"image\":{\"@id\":\"https:\/\/www.suno.com.br\/noticias\/radar-meliuz-cash3-fecha-parceria-klabin-klbn11-brasilagro-agro3\/#primaryimage\"},\"thumbnailUrl\":\"https:\/\/files.sunoresearch.com.br\/n\/uploads\/2021\/10\/Meliuz-divulgacao-scaled.jpg\",\"keywords\":[\"Azul (AZUL4)\",\"BrasilAgro (AGRO3)\",\"Klabin (KLBN11\/KLBN3\/KLBN4)\",\"M\u00e9liuz (CASH3)\"],\"articleSection\":[\"Neg\u00f3cios\"],\"inLanguage\":\"pt-BR\"},{\"@type\":\"WebPage\",\"@id\":\"https:\/\/www.suno.com.br\/noticias\/radar-meliuz-cash3-fecha-parceria-klabin-klbn11-brasilagro-agro3\/\",\"url\":\"https:\/\/www.suno.com.br\/noticias\/radar-meliuz-cash3-fecha-parceria-klabin-klbn11-brasilagro-agro3\/\",\"name\":\"Radar: M\u00e9liuz (CASH3) fecha parceria e Klabin (KLBN11) ter\u00e1 cr\u00e9dito\",\"isPartOf\":{\"@id\":\"https:\/\/www.suno.com.br\/noticias\/#website\"},\"primaryImageOfPage\":{\"@id\":\"https:\/\/www.suno.com.br\/noticias\/radar-meliuz-cash3-fecha-parceria-klabin-klbn11-brasilagro-agro3\/#primaryimage\"},\"image\":{\"@id\":\"https:\/\/www.suno.com.br\/noticias\/radar-meliuz-cash3-fecha-parceria-klabin-klbn11-brasilagro-agro3\/#primaryimage\"},\"thumbnailUrl\":\"https:\/\/files.sunoresearch.com.br\/n\/uploads\/2021\/10\/Meliuz-divulgacao-scaled.jpg\",\"datePublished\":\"2021-10-08T00:57:48+00:00\",\"description\":\"A M\u00e9liuz\u00a0(CASH3) anunciou que fechou uma parceria com a Captalys para oferecer um novo cart\u00e3o M\u00e9liuz a partir de 2022. Saiba mais\",\"breadcrumb\":{\"@id\":\"https:\/\/www.suno.com.br\/noticias\/radar-meliuz-cash3-fecha-parceria-klabin-klbn11-brasilagro-agro3\/#breadcrumb\"},\"inLanguage\":\"pt-BR\",\"potentialAction\":[{\"@type\":\"ReadAction\",\"target\":[\"https:\/\/www.suno.com.br\/noticias\/radar-meliuz-cash3-fecha-parceria-klabin-klbn11-brasilagro-agro3\/\"]}]},{\"@type\":\"ImageObject\",\"inLanguage\":\"pt-BR\",\"@id\":\"https:\/\/www.suno.com.br\/noticias\/radar-meliuz-cash3-fecha-parceria-klabin-klbn11-brasilagro-agro3\/#primaryimage\",\"url\":\"https:\/\/files.sunoresearch.com.br\/n\/uploads\/2021\/10\/Meliuz-divulgacao-scaled.jpg\",\"contentUrl\":\"https:\/\/files.sunoresearch.com.br\/n\/uploads\/2021\/10\/Meliuz-divulgacao-scaled.jpg\",\"width\":2560,\"height\":1707,\"caption\":\"M\u00e9liuz (CASH3). Foto: Divulga\u00e7\u00e3o\/M\u00e9liuz\"},{\"@type\":\"BreadcrumbList\",\"@id\":\"https:\/\/www.suno.com.br\/noticias\/radar-meliuz-cash3-fecha-parceria-klabin-klbn11-brasilagro-agro3\/#breadcrumb\",\"itemListElement\":[{\"@type\":\"ListItem\",\"position\":1,\"name\":\"Not\u00edcias\",\"item\":\"https:\/\/www.suno.com.br\/noticias\/\"},{\"@type\":\"ListItem\",\"position\":2,\"name\":\"Neg\u00f3cios\",\"item\":\"https:\/\/www.suno.com.br\/noticias\/negocios\/\"},{\"@type\":\"ListItem\",\"position\":3,\"name\":\"Radar: M\u00e9liuz (CASH3) fecha parceria, Klabin (KLBN11) contrata linha de cr\u00e9dito e BrasilAgro (AGRO3) vende fazenda\"}]},{\"@type\":\"WebSite\",\"@id\":\"https:\/\/www.suno.com.br\/noticias\/#website\",\"url\":\"https:\/\/www.suno.com.br\/noticias\/\",\"name\":\"Suno Not\u00edcias\",\"description\":\"Seu portal de informa\u00e7\u00e3o sobre o mundo dos investimentos\",\"publisher\":{\"@id\":\"https:\/\/www.suno.com.br\/noticias\/#organization\"},\"potentialAction\":[{\"@type\":\"SearchAction\",\"target\":{\"@type\":\"EntryPoint\",\"urlTemplate\":\"https:\/\/www.suno.com.br\/noticias\/?s={search_term_string}\"},\"query-input\":{\"@type\":\"PropertyValueSpecification\",\"valueRequired\":true,\"valueName\":\"search_term_string\"}}],\"inLanguage\":\"pt-BR\"},{\"@type\":\"Organization\",\"@id\":\"https:\/\/www.suno.com.br\/noticias\/#organization\",\"name\":\"Suno Not\u00edcias\",\"url\":\"https:\/\/www.suno.com.br\/noticias\/\",\"logo\":{\"@type\":\"ImageObject\",\"inLanguage\":\"pt-BR\",\"@id\":\"https:\/\/www.suno.com.br\/noticias\/#\/schema\/logo\/image\/\",\"url\":\"https:\/\/files.sunoresearch.com.br\/n\/uploads\/2021\/09\/suno-logo.png\",\"contentUrl\":\"https:\/\/files.sunoresearch.com.br\/n\/uploads\/2021\/09\/suno-logo.png\",\"width\":180,\"height\":180,\"caption\":\"Suno Not\u00edcias\"},\"image\":{\"@id\":\"https:\/\/www.suno.com.br\/noticias\/#\/schema\/logo\/image\/\"},\"sameAs\":[\"https:\/\/facebook.com\/sunoresearch\",\"https:\/\/x.com\/sunoresearch\",\"https:\/\/www.instagram.com\/suno\",\"https:\/\/www.linkedin.com\/company\/suno-research\/\",\"https:\/\/www.youtube.com\/c\/sunoresearch\"]},{\"@type\":\"Person\",\"@id\":\"https:\/\/www.suno.com.br\/noticias\/#\/schema\/person\/829bbe8d57f84333b966b96229c6bf5f\",\"name\":\"Marco Ant\u00f4nio Lopes\",\"image\":{\"@type\":\"ImageObject\",\"inLanguage\":\"pt-BR\",\"@id\":\"https:\/\/www.suno.com.br\/noticias\/#\/schema\/person\/image\/\",\"url\":\"https:\/\/secure.gravatar.com\/avatar\/385167b012fbc1cde32c5446ee253313?s=96&r=g\",\"contentUrl\":\"https:\/\/secure.gravatar.com\/avatar\/385167b012fbc1cde32c5446ee253313?s=96&r=g\",\"caption\":\"Marco Ant\u00f4nio Lopes\"},\"description\":\"Jornalista, \u00e9 editor no Suno Not\u00edcias. Trabalhou nas revistas Playboy, Super, Veja Comer &amp; Beber, Homem Vogue e Universo Masculino, al\u00e9m dos portais Abril.com, R7, nas editorias de Home, Esportes, Hora 7, Entretenimento e Geral, e Eu Quero Investir. Autor do livro Bruce Lee: Definitivo (Editora Conrad). Colaborou nas revistas Nova, Veja SP, Grandes Guerras, Placar, Bizz, Casa Claudia e Quatro Rodas.\",\"url\":\"https:\/\/www.suno.com.br\/noticias\/author\/marco-lopes\/\"}]}<\/script>\n<!-- \/ Yoast SEO plugin. -->","yoast_head_json":{"title":"Radar: M\u00e9liuz (CASH3) fecha parceria e Klabin (KLBN11) ter\u00e1 cr\u00e9dito","description":"A M\u00e9liuz\u00a0(CASH3) anunciou que fechou uma parceria com a Captalys para oferecer um novo cart\u00e3o M\u00e9liuz a partir de 2022. Saiba mais","robots":{"index":"index","follow":"follow","max-snippet":"max-snippet:-1","max-image-preview":"max-image-preview:large","max-video-preview":"max-video-preview:-1"},"canonical":"https:\/\/www.suno.com.br\/noticias\/radar-meliuz-cash3-fecha-parceria-klabin-klbn11-brasilagro-agro3\/","og_locale":"pt_BR","og_type":"article","og_title":"Radar: M\u00e9liuz (CASH3) fecha parceria e Klabin (KLBN11) ter\u00e1 cr\u00e9dito","og_description":"A M\u00e9liuz\u00a0(CASH3) anunciou que fechou uma parceria com a Captalys para oferecer um novo cart\u00e3o M\u00e9liuz a partir de 2022. Saiba mais","og_url":"https:\/\/www.suno.com.br\/noticias\/radar-meliuz-cash3-fecha-parceria-klabin-klbn11-brasilagro-agro3\/","og_site_name":"Suno Not\u00edcias","article_publisher":"https:\/\/facebook.com\/sunoresearch","og_image":[{"width":2560,"height":1707,"url":"https:\/\/files.sunoresearch.com.br\/n\/uploads\/2021\/10\/Meliuz-divulgacao-scaled.jpg","type":"image\/jpeg"}],"author":"Marco Ant\u00f4nio Lopes","twitter_card":"summary_large_image","twitter_creator":"@sunoresearch","twitter_site":"@sunoresearch","twitter_misc":{"Escrito por":"Marco Ant\u00f4nio Lopes","Est. tempo de leitura":"7 minutos"},"schema":{"@context":"https:\/\/schema.org","@graph":[{"@type":"NewsArticle","@id":"https:\/\/www.suno.com.br\/noticias\/radar-meliuz-cash3-fecha-parceria-klabin-klbn11-brasilagro-agro3\/#article","isPartOf":{"@id":"https:\/\/www.suno.com.br\/noticias\/radar-meliuz-cash3-fecha-parceria-klabin-klbn11-brasilagro-agro3\/"},"author":{"name":"Marco Ant\u00f4nio Lopes","@id":"https:\/\/www.suno.com.br\/noticias\/#\/schema\/person\/829bbe8d57f84333b966b96229c6bf5f"},"headline":"Radar: M\u00e9liuz (CASH3) fecha parceria, Klabin (KLBN11) contrata linha de cr\u00e9dito e BrasilAgro (AGRO3) vende fazenda","datePublished":"2021-10-08T00:57:48+00:00","mainEntityOfPage":{"@id":"https:\/\/www.suno.com.br\/noticias\/radar-meliuz-cash3-fecha-parceria-klabin-klbn11-brasilagro-agro3\/"},"wordCount":1550,"publisher":{"@id":"https:\/\/www.suno.com.br\/noticias\/#organization"},"image":{"@id":"https:\/\/www.suno.com.br\/noticias\/radar-meliuz-cash3-fecha-parceria-klabin-klbn11-brasilagro-agro3\/#primaryimage"},"thumbnailUrl":"https:\/\/files.sunoresearch.com.br\/n\/uploads\/2021\/10\/Meliuz-divulgacao-scaled.jpg","keywords":["Azul (AZUL4)","BrasilAgro (AGRO3)","Klabin (KLBN11\/KLBN3\/KLBN4)","M\u00e9liuz (CASH3)"],"articleSection":["Neg\u00f3cios"],"inLanguage":"pt-BR"},{"@type":"WebPage","@id":"https:\/\/www.suno.com.br\/noticias\/radar-meliuz-cash3-fecha-parceria-klabin-klbn11-brasilagro-agro3\/","url":"https:\/\/www.suno.com.br\/noticias\/radar-meliuz-cash3-fecha-parceria-klabin-klbn11-brasilagro-agro3\/","name":"Radar: M\u00e9liuz (CASH3) fecha parceria e Klabin (KLBN11) ter\u00e1 cr\u00e9dito","isPartOf":{"@id":"https:\/\/www.suno.com.br\/noticias\/#website"},"primaryImageOfPage":{"@id":"https:\/\/www.suno.com.br\/noticias\/radar-meliuz-cash3-fecha-parceria-klabin-klbn11-brasilagro-agro3\/#primaryimage"},"image":{"@id":"https:\/\/www.suno.com.br\/noticias\/radar-meliuz-cash3-fecha-parceria-klabin-klbn11-brasilagro-agro3\/#primaryimage"},"thumbnailUrl":"https:\/\/files.sunoresearch.com.br\/n\/uploads\/2021\/10\/Meliuz-divulgacao-scaled.jpg","datePublished":"2021-10-08T00:57:48+00:00","description":"A M\u00e9liuz\u00a0(CASH3) anunciou que fechou uma parceria com a Captalys para oferecer um novo cart\u00e3o M\u00e9liuz a partir de 2022. Saiba mais","breadcrumb":{"@id":"https:\/\/www.suno.com.br\/noticias\/radar-meliuz-cash3-fecha-parceria-klabin-klbn11-brasilagro-agro3\/#breadcrumb"},"inLanguage":"pt-BR","potentialAction":[{"@type":"ReadAction","target":["https:\/\/www.suno.com.br\/noticias\/radar-meliuz-cash3-fecha-parceria-klabin-klbn11-brasilagro-agro3\/"]}]},{"@type":"ImageObject","inLanguage":"pt-BR","@id":"https:\/\/www.suno.com.br\/noticias\/radar-meliuz-cash3-fecha-parceria-klabin-klbn11-brasilagro-agro3\/#primaryimage","url":"https:\/\/files.sunoresearch.com.br\/n\/uploads\/2021\/10\/Meliuz-divulgacao-scaled.jpg","contentUrl":"https:\/\/files.sunoresearch.com.br\/n\/uploads\/2021\/10\/Meliuz-divulgacao-scaled.jpg","width":2560,"height":1707,"caption":"M\u00e9liuz (CASH3). Foto: Divulga\u00e7\u00e3o\/M\u00e9liuz"},{"@type":"BreadcrumbList","@id":"https:\/\/www.suno.com.br\/noticias\/radar-meliuz-cash3-fecha-parceria-klabin-klbn11-brasilagro-agro3\/#breadcrumb","itemListElement":[{"@type":"ListItem","position":1,"name":"Not\u00edcias","item":"https:\/\/www.suno.com.br\/noticias\/"},{"@type":"ListItem","position":2,"name":"Neg\u00f3cios","item":"https:\/\/www.suno.com.br\/noticias\/negocios\/"},{"@type":"ListItem","position":3,"name":"Radar: M\u00e9liuz (CASH3) fecha parceria, Klabin (KLBN11) contrata linha de cr\u00e9dito e BrasilAgro (AGRO3) vende fazenda"}]},{"@type":"WebSite","@id":"https:\/\/www.suno.com.br\/noticias\/#website","url":"https:\/\/www.suno.com.br\/noticias\/","name":"Suno Not\u00edcias","description":"Seu portal de informa\u00e7\u00e3o sobre o mundo dos investimentos","publisher":{"@id":"https:\/\/www.suno.com.br\/noticias\/#organization"},"potentialAction":[{"@type":"SearchAction","target":{"@type":"EntryPoint","urlTemplate":"https:\/\/www.suno.com.br\/noticias\/?s={search_term_string}"},"query-input":{"@type":"PropertyValueSpecification","valueRequired":true,"valueName":"search_term_string"}}],"inLanguage":"pt-BR"},{"@type":"Organization","@id":"https:\/\/www.suno.com.br\/noticias\/#organization","name":"Suno Not\u00edcias","url":"https:\/\/www.suno.com.br\/noticias\/","logo":{"@type":"ImageObject","inLanguage":"pt-BR","@id":"https:\/\/www.suno.com.br\/noticias\/#\/schema\/logo\/image\/","url":"https:\/\/files.sunoresearch.com.br\/n\/uploads\/2021\/09\/suno-logo.png","contentUrl":"https:\/\/files.sunoresearch.com.br\/n\/uploads\/2021\/09\/suno-logo.png","width":180,"height":180,"caption":"Suno Not\u00edcias"},"image":{"@id":"https:\/\/www.suno.com.br\/noticias\/#\/schema\/logo\/image\/"},"sameAs":["https:\/\/facebook.com\/sunoresearch","https:\/\/x.com\/sunoresearch","https:\/\/www.instagram.com\/suno","https:\/\/www.linkedin.com\/company\/suno-research\/","https:\/\/www.youtube.com\/c\/sunoresearch"]},{"@type":"Person","@id":"https:\/\/www.suno.com.br\/noticias\/#\/schema\/person\/829bbe8d57f84333b966b96229c6bf5f","name":"Marco Ant\u00f4nio Lopes","image":{"@type":"ImageObject","inLanguage":"pt-BR","@id":"https:\/\/www.suno.com.br\/noticias\/#\/schema\/person\/image\/","url":"https:\/\/secure.gravatar.com\/avatar\/385167b012fbc1cde32c5446ee253313?s=96&r=g","contentUrl":"https:\/\/secure.gravatar.com\/avatar\/385167b012fbc1cde32c5446ee253313?s=96&r=g","caption":"Marco Ant\u00f4nio Lopes"},"description":"Jornalista, \u00e9 editor no Suno Not\u00edcias. Trabalhou nas revistas Playboy, Super, Veja Comer &amp; Beber, Homem Vogue e Universo Masculino, al\u00e9m dos portais Abril.com, R7, nas editorias de Home, Esportes, Hora 7, Entretenimento e Geral, e Eu Quero Investir. Autor do livro Bruce Lee: Definitivo (Editora Conrad). Colaborou nas revistas Nova, Veja SP, Grandes Guerras, Placar, Bizz, Casa Claudia e Quatro Rodas.","url":"https:\/\/www.suno.com.br\/noticias\/author\/marco-lopes\/"}]}},"default_loop_html":"<div class=\"cardsPage__listCard__boxs\"><div class=\"cardsPage__listCard__boxs__img\"><a href=\"https:\/\/www.suno.com.br\/noticias\/radar-meliuz-cash3-fecha-parceria-klabin-klbn11-brasilagro-agro3\/\"><img class=\"mask\" src=\"https:\/\/www.suno.com.br\/noticias\/wp-content\/themes\/suno\/resources\/images\/spotlight\/spotlight1img\/bg-mask.png\" alt=\"Image Mask\"\/><img src=\"https:\/\/files.sunoresearch.com.br\/n\/uploads\/2021\/10\/Meliuz-divulgacao-400x200.jpg\" alt=\"Radar: M\u00e9liuz (CASH3) fecha parceria, Klabin (KLBN11) contrata linha de cr\u00e9dito e BrasilAgro (AGRO3) vende fazenda\"\/><\/a><span class=\"spotlightCategory\"><a href=\"https:\/\/www.suno.com.br\/noticias\/negocios\/\">Neg\u00f3cios<\/a><\/span><\/div><div class=\"cardsPage__listCard__boxs__content\"><a href=\"https:\/\/www.suno.com.br\/noticias\/radar-meliuz-cash3-fecha-parceria-klabin-klbn11-brasilagro-agro3\/\"><h2 class=\"content__title\">Radar: M\u00e9liuz (CASH3) fecha parceria, Klabin (KLBN11) contrata linha de cr\u00e9dito e BrasilAgro (AGRO3) vende fazenda<\/h2><\/a><div class=\"newsContent__article__meta\"><div class=\"newsContent__article__meta__authorBox\"><a href=\"https:\/\/www.suno.com.br\/noticias\/author\/marco-lopes\/\" class=\"authorBox__avatar noMobi\"><img src=\"https:\/\/secure.gravatar.com\/avatar\/385167b012fbc1cde32c5446ee253313?s=96&#038;r=g\" alt=\"Marco Ant\u00f4nio Lopes\"><\/a><div class=\"authorBox__name\"><span>por\n\t\t\t<a href=\"https:\/\/www.suno.com.br\/noticias\/author\/marco-lopes\/\"><span itemprop=\"author\">Marco Ant\u00f4nio Lopes<\/span><\/a><\/span><time datetime=\"2021-10-07T21:57:48-03:00\" itemprop=\"datePublished\">07\/10\/2021 21:57<\/time><\/div><\/div><\/div><\/div><\/div>","single_layout":"posts","amp_enabled":true,"_links":{"self":[{"href":"https:\/\/www.suno.com.br\/noticias\/wp-json\/wp\/v2\/posts\/192030"}],"collection":[{"href":"https:\/\/www.suno.com.br\/noticias\/wp-json\/wp\/v2\/posts"}],"about":[{"href":"https:\/\/www.suno.com.br\/noticias\/wp-json\/wp\/v2\/types\/post"}],"author":[{"embeddable":true,"href":"https:\/\/www.suno.com.br\/noticias\/wp-json\/wp\/v2\/users\/98"}],"replies":[{"embeddable":true,"href":"https:\/\/www.suno.com.br\/noticias\/wp-json\/wp\/v2\/comments?post=192030"}],"version-history":[{"count":2,"href":"https:\/\/www.suno.com.br\/noticias\/wp-json\/wp\/v2\/posts\/192030\/revisions"}],"predecessor-version":[{"id":192053,"href":"https:\/\/www.suno.com.br\/noticias\/wp-json\/wp\/v2\/posts\/192030\/revisions\/192053"}],"wp:featuredmedia":[{"embeddable":true,"href":"https:\/\/www.suno.com.br\/noticias\/wp-json\/wp\/v2\/media\/190548"}],"wp:attachment":[{"href":"https:\/\/www.suno.com.br\/noticias\/wp-json\/wp\/v2\/media?parent=192030"}],"wp:term":[{"taxonomy":"category","embeddable":true,"href":"https:\/\/www.suno.com.br\/noticias\/wp-json\/wp\/v2\/categories?post=192030"},{"taxonomy":"post_tag","embeddable":true,"href":"https:\/\/www.suno.com.br\/noticias\/wp-json\/wp\/v2\/tags?post=192030"},{"taxonomy":"suno_strategy","embeddable":true,"href":"https:\/\/www.suno.com.br\/noticias\/wp-json\/wp\/v2\/suno_strategy?post=192030"}],"curies":[{"name":"wp","href":"https:\/\/api.w.org\/{rel}","templated":true}]}}