{"id":192019,"date":"2021-10-07T21:22:11","date_gmt":"2021-10-08T00:22:11","guid":{"rendered":"https:\/\/www.suno.com.br\/noticias\/?p=192019"},"modified":"2021-10-07T21:22:11","modified_gmt":"2021-10-08T00:22:11","slug":"azul-azul4-trafego-setembro-2021","status":"publish","type":"post","link":"https:\/\/www.suno.com.br\/noticias\/azul-azul4-trafego-setembro-2021\/","title":{"rendered":"Azul (AZUL4): tr\u00e1fego dom\u00e9stico de passageiros cresceu 125,6% em setembro"},"content":{"rendered":"<p>A <a class=\"suno-keyword\" href=\"https:\/\/www.suno.com.br\/acoes\/AZUL4\/\" target=\"_blank\" rel=\"noopener\" data-force=\"yes\" data-priority=\"2\"><strong>Azul<\/strong> (AZUL4)<\/a> divulgou nesta quinta-feira (7) seus resultados de tr\u00e1fego de setembro desse ano. De acordo com o documento, o tr\u00e1fego dom\u00e9stico de passageiros (RPKs) cresceu 8,7% em compara\u00e7\u00e3o com o mesmo m\u00eas em 2019, enquanto a capacidade dom\u00e9stica (ASKs) aumentou 11,1%, resultando em uma taxa de ocupa\u00e7\u00e3o de 80,3%.<\/p>\t<div class=\"wrapper-featured-image\">\n\t\t<figure class=\"spotlightImg\">\n\n\t\t\t<picture>\n\t\t\t\t<source media=\"(max-width: 768px)\" srcset=\"https:\/\/files.sunoresearch.com.br\/n\/uploads\/2021\/03\/5af25cd0-a320neoazul_foto_luisneves31-400x200.webp\">\n\t\t\t\t<img loading=\"lazy\" decoding=\"async\" class=\"newsContent__article__imgCapa lazyloadDisabled \" src=\"https:\/\/files.sunoresearch.com.br\/n\/uploads\/2021\/03\/5af25cd0-a320neoazul_foto_luisneves31-800x450.webp\" width=\"800\" height=\"450\" alt=\"Azul (AZUL4): tr\u00e1fego dom\u00e9stico de passageiros cresceu 125,6% em setembro\" fetchpriority=high \/>\n\t\t\t<\/picture>\n\n\t\t\t<figcaption class=\"wp-caption-text wp-caption-text--show\">Azul (AZUL4) - Avi\u00e3o A320 Neo. Foto: Divulga\u00e7\u00e3o Luis Neves<\/figcaption>\n\t\t<\/figure>\n\t<\/div>\n\n\n\t<p>\n\t\t<a href=\"https:\/\/lp.suno.com.br\/planilha-controle-gastos\/\" target=\"_blank\" data-element=\"shortcode-suno-banner\" title=\"Banner SUNO, clique e saiba mais\">\n\t\t\t<picture>\n\t\t\t\t<source media=\"(max-width: 500px)\" srcset=\"https:\/\/files.sunoresearch.com.br\/n\/uploads\/2023\/03\/400x300-Planilha-controle-de-gastos.png\">\n\t\t\t\t<img class=\"newsContent__article__imgCapa newsContent__article__imgCapa--banner\"\n\t\t\t\t\tsrc=\"https:\/\/files.sunoresearch.com.br\/n\/uploads\/2023\/03\/1420x240-Planilha-controle-de-gastos.png\"\n\t\t\t\t\tdata-promo-id=\"101751\"\t\t\t\t\t\t\t\t\t\twidth='1420' height='240'\t\t\t\t\talt=\"https:\/\/files.sunoresearch.com.br\/n\/uploads\/2023\/03\/1420x240-Planilha-controle-de-gastos.png\"\n\t\t\t\t>\n\t\t\t<\/picture>\n\t\t<\/a>\n\t<\/p>\n\n\n<p>Em compara\u00e7\u00e3o com setembro de 2020, o <strong>tr\u00e1fego dom\u00e9stico da Azul<\/strong> cresceu 125,6%, e a capacidade saltou 126,7% no m\u00eas passado.<\/p>\n<p>Em documento arquivado na Comiss\u00e3o de Valores Mobili\u00e1rios (<strong>CVM<\/strong>), <strong>John<\/strong> <strong>Rodgerson<\/strong>, <strong>CEO da Azul<\/strong>, destacou que &#8220;a demanda dom\u00e9stica no Brasil continua progredindo \u00e0 medida em que aumentamos a nossa capacidade dom\u00e9stica em 43% no trimestre. Forte tend\u00eancia de vendas, com tarifas m\u00e9dias e receita vendida acima dos n\u00edveis de 2019. Estamos muito animados com o potencial da nossa receita para os pr\u00f3ximos meses.&#8221;<\/p>\n<p>O documento mostra ainda que o <strong>tr\u00e1fego internacional de passageiros<\/strong> somou 121 milh\u00f5es em setembro, contra 79 milh\u00f5es um ano antes, o que representa um avan\u00e7o de 53,6%. J\u00e1 em compara\u00e7\u00e3o com o mesmo per\u00edodo em 2019, o resultado do m\u00eas passado corresponde a uma queda de 78,5%.<\/p>\n\t<p>\n\t\t<a href=\"https:\/\/lp.suno.com.br\/planilha-da-vida-financeira\/\" target=\"_blank\" data-element=\"shortcode-suno-banner\" title=\"Banner SUNO, clique e saiba mais\">\n\t\t\t<picture>\n\t\t\t\t<source media=\"(max-width: 500px)\" srcset=\"https:\/\/files.sunoresearch.com.br\/n\/uploads\/2023\/04\/400x300-Planilha-vida-financeira-true.png\">\n\t\t\t\t<img class=\"newsContent__article__imgCapa newsContent__article__imgCapa--banner\"\n\t\t\t\t\tsrc=\"https:\/\/files.sunoresearch.com.br\/n\/uploads\/2023\/04\/1420x240-Planilha-vida-financeira-true.png\"\n\t\t\t\t\tdata-promo-id=\"106682\"\t\t\t\t\t\t\t\t\t\twidth='1420' height='240'\t\t\t\t\talt=\"https:\/\/files.sunoresearch.com.br\/n\/uploads\/2023\/04\/1420x240-Planilha-vida-financeira-true.png\"\n\t\t\t\t>\n\t\t\t<\/picture>\n\t\t<\/a>\n\t<\/p>\n\n\n<p>A capacidade internacional subiu 72,8% no m\u00eas passado na rela\u00e7\u00e3o ano a ano, mas caiu 71,6% em compara\u00e7\u00e3o com setembro de 2019.<\/p>\n<p>Em rela\u00e7\u00e3o a taxa de ocupa\u00e7\u00e3o internacional, houve uma queda de 8,3 ponto percentual ante setembro de 2020, ao passo que o recuo em compara\u00e7\u00e3o a setembro de 2019 foi de 21,4 pontos percentuais.<\/p>\n\t<p>\n\t\t<a href=\"https:\/\/lp.suno.com.br\/ebook-como-analisar-uma-acao\/\" target=\"_blank\" data-element=\"shortcode-suno-banner\" title=\"Banner SUNO, clique e saiba mais\">\n\t\t\t<picture>\n\t\t\t\t<source media=\"(max-width: 500px)\" srcset=\"https:\/\/files.sunoresearch.com.br\/n\/uploads\/2023\/03\/Ebook-Acoes-Mobile-1.jpg\">\n\t\t\t\t<img class=\"newsContent__article__imgCapa newsContent__article__imgCapa--banner\"\n\t\t\t\t\tsrc=\"https:\/\/files.sunoresearch.com.br\/n\/uploads\/2023\/03\/Ebook-Acoes-Desktop-1.jpg\"\n\t\t\t\t\tdata-promo-id=\"171998\"\t\t\t\t\t\t\t\t\t\twidth='1420' height='286'\t\t\t\t\talt=\"https:\/\/files.sunoresearch.com.br\/n\/uploads\/2023\/03\/Ebook-Acoes-Desktop-1.jpg\"\n\t\t\t\t>\n\t\t\t<\/picture>\n\t\t<\/a>\n\t<\/p>\n\n\n<p>Cnsiderando o<strong> tr\u00e1fego nacional<\/strong> e internacional, a demanda da Azul em setembro deste ano foi 120% maior do que no mesmo per\u00edodo em 2020. Apesar disso, foi 10,6% menor do que a demanda apurada em 2019.<\/p>\n<p>J\u00e1 a capacidade total subiu 122,3% ante setembro de 2020, mas caiu 6,2% em rela\u00e7\u00e3o ao mesmo m\u00eas de 2020. A t<strong>axa de ocupa\u00e7\u00e3o<\/strong> total caiu 0,8 ponto percentual na compara\u00e7\u00e3o anualizada e 3,9 ponto percentual ante 2019.<\/p>\n<h2>Cota\u00e7\u00e3o da Azul nesta quinta (7)<\/h2>\n<p>A <strong>a\u00e7\u00e3o da Azul (AZUL4)<\/strong> encerrou o preg\u00e3o dessa quinta-feira em queda de 0,87%, cotada a R$ 35,36, antes da divulga\u00e7\u00e3o dos resultados de tr\u00e1fego.<\/p>\n<p>No ano, o papel da <strong>Azul<\/strong> acumula uma queda de 10,3%, frente ao fechamento a R$ 39,30 ao final de dezembro de 2020.<\/p>\n\t<p>\n\t\t<a href=\"https:\/\/lp.suno.com.br\/planilha-de-controle-de-investimentos\/\" target=\"_blank\" data-element=\"shortcode-suno-banner\" title=\"Banner SUNO, clique e saiba mais\">\n\t\t\t<picture>\n\t\t\t\t<source media=\"(max-width: 500px)\" srcset=\"https:\/\/files.sunoresearch.com.br\/n\/uploads\/2023\/03\/400x300-Controle-de-Investimentos.png\">\n\t\t\t\t<img class=\"newsContent__article__imgCapa newsContent__article__imgCapa--banner\"\n\t\t\t\t\tsrc=\"https:\/\/files.sunoresearch.com.br\/n\/uploads\/2023\/03\/1420x240-Controle-de-Investimentos.png\"\n\t\t\t\t\tdata-promo-id=\"75934\"\t\t\t\t\t\t\t\t\t\twidth='1420' height='240'\t\t\t\t\talt=\"https:\/\/files.sunoresearch.com.br\/n\/uploads\/2023\/03\/1420x240-Controle-de-Investimentos.png\"\n\t\t\t\t>\n\t\t\t<\/picture>\n\t\t<\/a>\n\t<\/p>\n\n\n","protected":false},"excerpt":{"rendered":"<p>A Azul (AZUL4) divulgou nesta quinta-feira (7) seus resultados de tr\u00e1fego de setembro desse ano. De acordo com o documento, o tr\u00e1fego dom\u00e9stico de passageiros (RPKs) cresceu 8,7% em compara\u00e7\u00e3o com o mesmo m\u00eas em 2019, enquanto a capacidade dom\u00e9stica (ASKs) aumentou 11,1%, resultando em uma taxa de ocupa\u00e7\u00e3o de 80,3%. Azul (AZUL4) &#8211; Avi\u00e3o [&hellip;]<\/p>\n","protected":false},"author":39,"featured_media":130155,"comment_status":"closed","ping_status":"closed","sticky":false,"template":"","format":"standard","meta":[],"categories":[64],"tags":[106932],"suno_strategy":[],"class_list":["post-192019","post","type-post","status-publish","format-standard","has-post-thumbnail","hentry","category-negocios","tag-azul-azul4"],"yoast_head":"<!-- This site is optimized with the Yoast SEO plugin v24.4 - https:\/\/yoast.com\/wordpress\/plugins\/seo\/ -->\n<title>Azul (AZUL4): tr\u00e1fego dom\u00e9stico cresceu 125,6% em setembro<\/title>\n<meta name=\"description\" content=\"A Azul (AZUL4) divulgou nesta quinta-feira (7) seus resultados de tr\u00e1fego de setembro desse ano. Clique aqui para saber mais!\" \/>\n<meta name=\"robots\" content=\"index, follow, max-snippet:-1, max-image-preview:large, max-video-preview:-1\" \/>\n<link rel=\"canonical\" href=\"https:\/\/www.suno.com.br\/noticias\/azul-azul4-trafego-setembro-2021\/\" \/>\n<meta property=\"og:locale\" content=\"pt_BR\" \/>\n<meta property=\"og:type\" content=\"article\" \/>\n<meta property=\"og:title\" content=\"Azul (AZUL4): tr\u00e1fego dom\u00e9stico cresceu 125,6% em setembro\" \/>\n<meta property=\"og:description\" content=\"A Azul (AZUL4) divulgou nesta quinta-feira (7) seus resultados de tr\u00e1fego de setembro desse ano. Clique aqui para saber mais!\" \/>\n<meta property=\"og:url\" content=\"https:\/\/www.suno.com.br\/noticias\/azul-azul4-trafego-setembro-2021\/\" \/>\n<meta property=\"og:site_name\" content=\"Suno Not\u00edcias\" \/>\n<meta property=\"article:publisher\" content=\"https:\/\/facebook.com\/sunoresearch\" \/>\n<meta property=\"og:image\" content=\"https:\/\/files.sunoresearch.com.br\/n\/uploads\/2021\/03\/5af25cd0-a320neoazul_foto_luisneves31.jpg\" \/>\n\t<meta property=\"og:image:width\" content=\"1200\" \/>\n\t<meta property=\"og:image:height\" content=\"800\" \/>\n\t<meta property=\"og:image:type\" content=\"image\/jpeg\" \/>\n<meta name=\"author\" content=\"Laura Moutinho\" \/>\n<meta name=\"twitter:card\" content=\"summary_large_image\" \/>\n<meta name=\"twitter:creator\" content=\"@sunoresearch\" \/>\n<meta name=\"twitter:site\" content=\"@sunoresearch\" \/>\n<meta name=\"twitter:label1\" content=\"Escrito por\" \/>\n\t<meta name=\"twitter:data1\" content=\"Laura Moutinho\" \/>\n\t<meta name=\"twitter:label2\" content=\"Est. tempo de leitura\" \/>\n\t<meta name=\"twitter:data2\" content=\"2 minutos\" \/>\n<script type=\"application\/ld+json\" class=\"yoast-schema-graph\">{\"@context\":\"https:\/\/schema.org\",\"@graph\":[{\"@type\":\"NewsArticle\",\"@id\":\"https:\/\/www.suno.com.br\/noticias\/azul-azul4-trafego-setembro-2021\/#article\",\"isPartOf\":{\"@id\":\"https:\/\/www.suno.com.br\/noticias\/azul-azul4-trafego-setembro-2021\/\"},\"author\":{\"name\":\"Laura Moutinho\",\"@id\":\"https:\/\/www.suno.com.br\/noticias\/#\/schema\/person\/3df0d2808748b74496efe5dbeaef2c72\"},\"headline\":\"Azul (AZUL4): tr\u00e1fego dom\u00e9stico de passageiros cresceu 125,6% em setembro\",\"datePublished\":\"2021-10-08T00:22:11+00:00\",\"mainEntityOfPage\":{\"@id\":\"https:\/\/www.suno.com.br\/noticias\/azul-azul4-trafego-setembro-2021\/\"},\"wordCount\":394,\"publisher\":{\"@id\":\"https:\/\/www.suno.com.br\/noticias\/#organization\"},\"image\":{\"@id\":\"https:\/\/www.suno.com.br\/noticias\/azul-azul4-trafego-setembro-2021\/#primaryimage\"},\"thumbnailUrl\":\"https:\/\/files.sunoresearch.com.br\/n\/uploads\/2021\/03\/5af25cd0-a320neoazul_foto_luisneves31-jpg.webp\",\"keywords\":[\"Azul (AZUL4)\"],\"articleSection\":[\"Neg\u00f3cios\"],\"inLanguage\":\"pt-BR\"},{\"@type\":\"WebPage\",\"@id\":\"https:\/\/www.suno.com.br\/noticias\/azul-azul4-trafego-setembro-2021\/\",\"url\":\"https:\/\/www.suno.com.br\/noticias\/azul-azul4-trafego-setembro-2021\/\",\"name\":\"Azul (AZUL4): tr\u00e1fego dom\u00e9stico cresceu 125,6% em setembro\",\"isPartOf\":{\"@id\":\"https:\/\/www.suno.com.br\/noticias\/#website\"},\"primaryImageOfPage\":{\"@id\":\"https:\/\/www.suno.com.br\/noticias\/azul-azul4-trafego-setembro-2021\/#primaryimage\"},\"image\":{\"@id\":\"https:\/\/www.suno.com.br\/noticias\/azul-azul4-trafego-setembro-2021\/#primaryimage\"},\"thumbnailUrl\":\"https:\/\/files.sunoresearch.com.br\/n\/uploads\/2021\/03\/5af25cd0-a320neoazul_foto_luisneves31-jpg.webp\",\"datePublished\":\"2021-10-08T00:22:11+00:00\",\"description\":\"A Azul (AZUL4) divulgou nesta quinta-feira (7) seus resultados de tr\u00e1fego de setembro desse ano. Clique aqui para saber mais!\",\"breadcrumb\":{\"@id\":\"https:\/\/www.suno.com.br\/noticias\/azul-azul4-trafego-setembro-2021\/#breadcrumb\"},\"inLanguage\":\"pt-BR\",\"potentialAction\":[{\"@type\":\"ReadAction\",\"target\":[\"https:\/\/www.suno.com.br\/noticias\/azul-azul4-trafego-setembro-2021\/\"]}]},{\"@type\":\"ImageObject\",\"inLanguage\":\"pt-BR\",\"@id\":\"https:\/\/www.suno.com.br\/noticias\/azul-azul4-trafego-setembro-2021\/#primaryimage\",\"url\":\"https:\/\/files.sunoresearch.com.br\/n\/uploads\/2021\/03\/5af25cd0-a320neoazul_foto_luisneves31-jpg.webp\",\"contentUrl\":\"https:\/\/files.sunoresearch.com.br\/n\/uploads\/2021\/03\/5af25cd0-a320neoazul_foto_luisneves31-jpg.webp\",\"width\":1200,\"height\":800,\"caption\":\"Azul (AZUL4) - Avi\u00e3o A320 Neo. Foto: Divulga\u00e7\u00e3o Luis Neves\"},{\"@type\":\"BreadcrumbList\",\"@id\":\"https:\/\/www.suno.com.br\/noticias\/azul-azul4-trafego-setembro-2021\/#breadcrumb\",\"itemListElement\":[{\"@type\":\"ListItem\",\"position\":1,\"name\":\"Not\u00edcias\",\"item\":\"https:\/\/www.suno.com.br\/noticias\/\"},{\"@type\":\"ListItem\",\"position\":2,\"name\":\"Neg\u00f3cios\",\"item\":\"https:\/\/www.suno.com.br\/noticias\/negocios\/\"},{\"@type\":\"ListItem\",\"position\":3,\"name\":\"Azul (AZUL4): tr\u00e1fego dom\u00e9stico de passageiros cresceu 125,6% em setembro\"}]},{\"@type\":\"WebSite\",\"@id\":\"https:\/\/www.suno.com.br\/noticias\/#website\",\"url\":\"https:\/\/www.suno.com.br\/noticias\/\",\"name\":\"Suno Not\u00edcias\",\"description\":\"Seu portal de informa\u00e7\u00e3o sobre o mundo dos investimentos\",\"publisher\":{\"@id\":\"https:\/\/www.suno.com.br\/noticias\/#organization\"},\"potentialAction\":[{\"@type\":\"SearchAction\",\"target\":{\"@type\":\"EntryPoint\",\"urlTemplate\":\"https:\/\/www.suno.com.br\/noticias\/?s={search_term_string}\"},\"query-input\":{\"@type\":\"PropertyValueSpecification\",\"valueRequired\":true,\"valueName\":\"search_term_string\"}}],\"inLanguage\":\"pt-BR\"},{\"@type\":\"Organization\",\"@id\":\"https:\/\/www.suno.com.br\/noticias\/#organization\",\"name\":\"Suno Not\u00edcias\",\"url\":\"https:\/\/www.suno.com.br\/noticias\/\",\"logo\":{\"@type\":\"ImageObject\",\"inLanguage\":\"pt-BR\",\"@id\":\"https:\/\/www.suno.com.br\/noticias\/#\/schema\/logo\/image\/\",\"url\":\"https:\/\/files.sunoresearch.com.br\/n\/uploads\/2021\/09\/suno-logo.png\",\"contentUrl\":\"https:\/\/files.sunoresearch.com.br\/n\/uploads\/2021\/09\/suno-logo.png\",\"width\":180,\"height\":180,\"caption\":\"Suno Not\u00edcias\"},\"image\":{\"@id\":\"https:\/\/www.suno.com.br\/noticias\/#\/schema\/logo\/image\/\"},\"sameAs\":[\"https:\/\/facebook.com\/sunoresearch\",\"https:\/\/x.com\/sunoresearch\",\"https:\/\/www.instagram.com\/suno\",\"https:\/\/www.linkedin.com\/company\/suno-research\/\",\"https:\/\/www.youtube.com\/c\/sunoresearch\"]},{\"@type\":\"Person\",\"@id\":\"https:\/\/www.suno.com.br\/noticias\/#\/schema\/person\/3df0d2808748b74496efe5dbeaef2c72\",\"name\":\"Laura Moutinho\",\"image\":{\"@type\":\"ImageObject\",\"inLanguage\":\"pt-BR\",\"@id\":\"https:\/\/www.suno.com.br\/noticias\/#\/schema\/person\/image\/\",\"url\":\"https:\/\/secure.gravatar.com\/avatar\/7571c7c8ca3a6fca5e41384ece5557ff?s=96&r=g\",\"contentUrl\":\"https:\/\/secure.gravatar.com\/avatar\/7571c7c8ca3a6fca5e41384ece5557ff?s=96&r=g\",\"caption\":\"Laura Moutinho\"},\"description\":\"Estagi\u00e1ria na Suno Not\u00edcias, escreve not\u00edcias que afetam o mercado financeiro. Estuda administra\u00e7\u00e3o na Universidade Presbiteriana Mackenzie.\",\"url\":\"https:\/\/www.suno.com.br\/noticias\/author\/laura-moutinho\/\"}]}<\/script>\n<!-- \/ Yoast SEO plugin. -->","yoast_head_json":{"title":"Azul (AZUL4): tr\u00e1fego dom\u00e9stico cresceu 125,6% em setembro","description":"A Azul (AZUL4) divulgou nesta quinta-feira (7) seus resultados de tr\u00e1fego de setembro desse ano. Clique aqui para saber mais!","robots":{"index":"index","follow":"follow","max-snippet":"max-snippet:-1","max-image-preview":"max-image-preview:large","max-video-preview":"max-video-preview:-1"},"canonical":"https:\/\/www.suno.com.br\/noticias\/azul-azul4-trafego-setembro-2021\/","og_locale":"pt_BR","og_type":"article","og_title":"Azul (AZUL4): tr\u00e1fego dom\u00e9stico cresceu 125,6% em setembro","og_description":"A Azul (AZUL4) divulgou nesta quinta-feira (7) seus resultados de tr\u00e1fego de setembro desse ano. Clique aqui para saber mais!","og_url":"https:\/\/www.suno.com.br\/noticias\/azul-azul4-trafego-setembro-2021\/","og_site_name":"Suno Not\u00edcias","article_publisher":"https:\/\/facebook.com\/sunoresearch","og_image":[{"width":1200,"height":800,"url":"https:\/\/files.sunoresearch.com.br\/n\/uploads\/2021\/03\/5af25cd0-a320neoazul_foto_luisneves31.jpg","type":"image\/jpeg"}],"author":"Laura Moutinho","twitter_card":"summary_large_image","twitter_creator":"@sunoresearch","twitter_site":"@sunoresearch","twitter_misc":{"Escrito por":"Laura Moutinho","Est. tempo de leitura":"2 minutos"},"schema":{"@context":"https:\/\/schema.org","@graph":[{"@type":"NewsArticle","@id":"https:\/\/www.suno.com.br\/noticias\/azul-azul4-trafego-setembro-2021\/#article","isPartOf":{"@id":"https:\/\/www.suno.com.br\/noticias\/azul-azul4-trafego-setembro-2021\/"},"author":{"name":"Laura Moutinho","@id":"https:\/\/www.suno.com.br\/noticias\/#\/schema\/person\/3df0d2808748b74496efe5dbeaef2c72"},"headline":"Azul (AZUL4): tr\u00e1fego dom\u00e9stico de passageiros cresceu 125,6% em setembro","datePublished":"2021-10-08T00:22:11+00:00","mainEntityOfPage":{"@id":"https:\/\/www.suno.com.br\/noticias\/azul-azul4-trafego-setembro-2021\/"},"wordCount":394,"publisher":{"@id":"https:\/\/www.suno.com.br\/noticias\/#organization"},"image":{"@id":"https:\/\/www.suno.com.br\/noticias\/azul-azul4-trafego-setembro-2021\/#primaryimage"},"thumbnailUrl":"https:\/\/files.sunoresearch.com.br\/n\/uploads\/2021\/03\/5af25cd0-a320neoazul_foto_luisneves31-jpg.webp","keywords":["Azul (AZUL4)"],"articleSection":["Neg\u00f3cios"],"inLanguage":"pt-BR"},{"@type":"WebPage","@id":"https:\/\/www.suno.com.br\/noticias\/azul-azul4-trafego-setembro-2021\/","url":"https:\/\/www.suno.com.br\/noticias\/azul-azul4-trafego-setembro-2021\/","name":"Azul (AZUL4): tr\u00e1fego dom\u00e9stico cresceu 125,6% em setembro","isPartOf":{"@id":"https:\/\/www.suno.com.br\/noticias\/#website"},"primaryImageOfPage":{"@id":"https:\/\/www.suno.com.br\/noticias\/azul-azul4-trafego-setembro-2021\/#primaryimage"},"image":{"@id":"https:\/\/www.suno.com.br\/noticias\/azul-azul4-trafego-setembro-2021\/#primaryimage"},"thumbnailUrl":"https:\/\/files.sunoresearch.com.br\/n\/uploads\/2021\/03\/5af25cd0-a320neoazul_foto_luisneves31-jpg.webp","datePublished":"2021-10-08T00:22:11+00:00","description":"A Azul (AZUL4) divulgou nesta quinta-feira (7) seus resultados de tr\u00e1fego de setembro desse ano. Clique aqui para saber mais!","breadcrumb":{"@id":"https:\/\/www.suno.com.br\/noticias\/azul-azul4-trafego-setembro-2021\/#breadcrumb"},"inLanguage":"pt-BR","potentialAction":[{"@type":"ReadAction","target":["https:\/\/www.suno.com.br\/noticias\/azul-azul4-trafego-setembro-2021\/"]}]},{"@type":"ImageObject","inLanguage":"pt-BR","@id":"https:\/\/www.suno.com.br\/noticias\/azul-azul4-trafego-setembro-2021\/#primaryimage","url":"https:\/\/files.sunoresearch.com.br\/n\/uploads\/2021\/03\/5af25cd0-a320neoazul_foto_luisneves31-jpg.webp","contentUrl":"https:\/\/files.sunoresearch.com.br\/n\/uploads\/2021\/03\/5af25cd0-a320neoazul_foto_luisneves31-jpg.webp","width":1200,"height":800,"caption":"Azul (AZUL4) - Avi\u00e3o A320 Neo. Foto: Divulga\u00e7\u00e3o Luis Neves"},{"@type":"BreadcrumbList","@id":"https:\/\/www.suno.com.br\/noticias\/azul-azul4-trafego-setembro-2021\/#breadcrumb","itemListElement":[{"@type":"ListItem","position":1,"name":"Not\u00edcias","item":"https:\/\/www.suno.com.br\/noticias\/"},{"@type":"ListItem","position":2,"name":"Neg\u00f3cios","item":"https:\/\/www.suno.com.br\/noticias\/negocios\/"},{"@type":"ListItem","position":3,"name":"Azul (AZUL4): tr\u00e1fego dom\u00e9stico de passageiros cresceu 125,6% em setembro"}]},{"@type":"WebSite","@id":"https:\/\/www.suno.com.br\/noticias\/#website","url":"https:\/\/www.suno.com.br\/noticias\/","name":"Suno Not\u00edcias","description":"Seu portal de informa\u00e7\u00e3o sobre o mundo dos investimentos","publisher":{"@id":"https:\/\/www.suno.com.br\/noticias\/#organization"},"potentialAction":[{"@type":"SearchAction","target":{"@type":"EntryPoint","urlTemplate":"https:\/\/www.suno.com.br\/noticias\/?s={search_term_string}"},"query-input":{"@type":"PropertyValueSpecification","valueRequired":true,"valueName":"search_term_string"}}],"inLanguage":"pt-BR"},{"@type":"Organization","@id":"https:\/\/www.suno.com.br\/noticias\/#organization","name":"Suno Not\u00edcias","url":"https:\/\/www.suno.com.br\/noticias\/","logo":{"@type":"ImageObject","inLanguage":"pt-BR","@id":"https:\/\/www.suno.com.br\/noticias\/#\/schema\/logo\/image\/","url":"https:\/\/files.sunoresearch.com.br\/n\/uploads\/2021\/09\/suno-logo.png","contentUrl":"https:\/\/files.sunoresearch.com.br\/n\/uploads\/2021\/09\/suno-logo.png","width":180,"height":180,"caption":"Suno Not\u00edcias"},"image":{"@id":"https:\/\/www.suno.com.br\/noticias\/#\/schema\/logo\/image\/"},"sameAs":["https:\/\/facebook.com\/sunoresearch","https:\/\/x.com\/sunoresearch","https:\/\/www.instagram.com\/suno","https:\/\/www.linkedin.com\/company\/suno-research\/","https:\/\/www.youtube.com\/c\/sunoresearch"]},{"@type":"Person","@id":"https:\/\/www.suno.com.br\/noticias\/#\/schema\/person\/3df0d2808748b74496efe5dbeaef2c72","name":"Laura Moutinho","image":{"@type":"ImageObject","inLanguage":"pt-BR","@id":"https:\/\/www.suno.com.br\/noticias\/#\/schema\/person\/image\/","url":"https:\/\/secure.gravatar.com\/avatar\/7571c7c8ca3a6fca5e41384ece5557ff?s=96&r=g","contentUrl":"https:\/\/secure.gravatar.com\/avatar\/7571c7c8ca3a6fca5e41384ece5557ff?s=96&r=g","caption":"Laura Moutinho"},"description":"Estagi\u00e1ria na Suno Not\u00edcias, escreve not\u00edcias que afetam o mercado financeiro. Estuda administra\u00e7\u00e3o na Universidade Presbiteriana Mackenzie.","url":"https:\/\/www.suno.com.br\/noticias\/author\/laura-moutinho\/"}]}},"default_loop_html":"<div class=\"cardsPage__listCard__boxs\"><div class=\"cardsPage__listCard__boxs__img\"><a href=\"https:\/\/www.suno.com.br\/noticias\/azul-azul4-trafego-setembro-2021\/\"><img class=\"mask\" src=\"https:\/\/www.suno.com.br\/noticias\/wp-content\/themes\/suno\/resources\/images\/spotlight\/spotlight1img\/bg-mask.png\" alt=\"Image Mask\"\/><img src=\"https:\/\/files.sunoresearch.com.br\/n\/uploads\/2021\/03\/5af25cd0-a320neoazul_foto_luisneves31-400x200.webp\" alt=\"Azul (AZUL4): tr\u00e1fego dom\u00e9stico de passageiros cresceu 125,6% em setembro\"\/><\/a><span class=\"spotlightCategory\"><a href=\"https:\/\/www.suno.com.br\/noticias\/negocios\/\">Neg\u00f3cios<\/a><\/span><\/div><div class=\"cardsPage__listCard__boxs__content\"><a href=\"https:\/\/www.suno.com.br\/noticias\/azul-azul4-trafego-setembro-2021\/\"><h2 class=\"content__title\">Azul (AZUL4): tr\u00e1fego dom\u00e9stico de passageiros cresceu 125,6% em setembro<\/h2><\/a><div class=\"newsContent__article__meta\"><div class=\"newsContent__article__meta__authorBox\"><a href=\"https:\/\/www.suno.com.br\/noticias\/author\/laura-moutinho\/\" class=\"authorBox__avatar noMobi\"><img src=\"https:\/\/files.sunoresearch.com.br\/n\/uploads\/2020\/08\/531ff69d-whatsapp-image-2020-08-03-at-14.54.38-150x150.webp\" alt=\"Laura Moutinho\"><\/a><div class=\"authorBox__name\"><span>por\n\t\t\t<a href=\"https:\/\/www.suno.com.br\/noticias\/author\/laura-moutinho\/\"><span itemprop=\"author\">Laura Moutinho<\/span><\/a><\/span><time datetime=\"2021-10-07T21:22:11-03:00\" itemprop=\"datePublished\">07\/10\/2021 21:22<\/time><\/div><\/div><\/div><\/div><\/div>","single_layout":"posts","amp_enabled":true,"_links":{"self":[{"href":"https:\/\/www.suno.com.br\/noticias\/wp-json\/wp\/v2\/posts\/192019"}],"collection":[{"href":"https:\/\/www.suno.com.br\/noticias\/wp-json\/wp\/v2\/posts"}],"about":[{"href":"https:\/\/www.suno.com.br\/noticias\/wp-json\/wp\/v2\/types\/post"}],"author":[{"embeddable":true,"href":"https:\/\/www.suno.com.br\/noticias\/wp-json\/wp\/v2\/users\/39"}],"replies":[{"embeddable":true,"href":"https:\/\/www.suno.com.br\/noticias\/wp-json\/wp\/v2\/comments?post=192019"}],"version-history":[{"count":3,"href":"https:\/\/www.suno.com.br\/noticias\/wp-json\/wp\/v2\/posts\/192019\/revisions"}],"predecessor-version":[{"id":192047,"href":"https:\/\/www.suno.com.br\/noticias\/wp-json\/wp\/v2\/posts\/192019\/revisions\/192047"}],"wp:featuredmedia":[{"embeddable":true,"href":"https:\/\/www.suno.com.br\/noticias\/wp-json\/wp\/v2\/media\/130155"}],"wp:attachment":[{"href":"https:\/\/www.suno.com.br\/noticias\/wp-json\/wp\/v2\/media?parent=192019"}],"wp:term":[{"taxonomy":"category","embeddable":true,"href":"https:\/\/www.suno.com.br\/noticias\/wp-json\/wp\/v2\/categories?post=192019"},{"taxonomy":"post_tag","embeddable":true,"href":"https:\/\/www.suno.com.br\/noticias\/wp-json\/wp\/v2\/tags?post=192019"},{"taxonomy":"suno_strategy","embeddable":true,"href":"https:\/\/www.suno.com.br\/noticias\/wp-json\/wp\/v2\/suno_strategy?post=192019"}],"curies":[{"name":"wp","href":"https:\/\/api.w.org\/{rel}","templated":true}]}}