{"id":191974,"date":"2021-10-07T19:31:19","date_gmt":"2021-10-07T22:31:19","guid":{"rendered":"https:\/\/www.suno.com.br\/noticias\/?p=191974"},"modified":"2021-10-07T20:33:14","modified_gmt":"2021-10-07T23:33:14","slug":"ibovespa-acao-embraer-embr3-sobe-bndes-financiamento","status":"publish","type":"post","link":"https:\/\/www.suno.com.br\/noticias\/ibovespa-acao-embraer-embr3-sobe-bndes-financiamento\/","title":{"rendered":"Ibovespa: a\u00e7\u00e3o da Embraer (EMBR3) sobe 3% ap\u00f3s BNDES aprovar financiamento de US$ 500 mi"},"content":{"rendered":"<p>A a\u00e7\u00e3o da <a class=\"suno-keyword\" href=\"https:\/\/www.suno.com.br\/acoes\/EMBR3\/\" target=\"_blank\" rel=\"noopener\" data-force=\"yes\" data-priority=\"2\"><strong>Embraer<\/strong> (EMBR3)<\/a> registrou alta de 3,04% no preg\u00e3o desta quinta-feira (7), atingindo R$ 24,09, ap\u00f3s o <a href=\"https:\/\/www.suno.com.br\/artigos\/BNDES\/\">Banco Nacional de Desenvolvimento Econ\u00f4mico e Social (BNDES)<\/a> aprovar financiamento de mais de US$ 500 milh\u00f5es (superior a R$ 2,6 bilh\u00f5es) para a exporta\u00e7\u00e3o de 24 jatos comerciais \u00e0 estadunidense SkyWest Airlines.<\/p>\t<div class=\"wrapper-featured-image\">\n\t\t<figure class=\"spotlightImg\">\n\n\t\t\t<picture>\n\t\t\t\t<source media=\"(max-width: 768px)\" srcset=\"https:\/\/files.sunoresearch.com.br\/n\/uploads\/2021\/05\/90793dc2-186551469_3625427630896041_6722251706334548378_n-e1697205852968-400x200.jpg\">\n\t\t\t\t<img loading=\"lazy\" decoding=\"async\" class=\"newsContent__article__imgCapa lazyloadDisabled \" src=\"https:\/\/files.sunoresearch.com.br\/n\/uploads\/2021\/05\/90793dc2-186551469_3625427630896041_6722251706334548378_n-e1697205852968-800x450.jpg\" width=\"800\" height=\"450\" alt=\"Ibovespa: a\u00e7\u00e3o da Embraer (EMBR3) sobe 3% ap\u00f3s BNDES aprovar financiamento de US$ 500 mi\" fetchpriority=high \/>\n\t\t\t<\/picture>\n\n\t\t\t<figcaption class=\"wp-caption-text wp-caption-text--show\">Embraer (EMBR3). Foto: Reprodu\u00e7\u00e3o Facebook<\/figcaption>\n\t\t<\/figure>\n\t<\/div>\n\n\n\t<p>\n\t\t<a href=\"https:\/\/lp.suno.com.br\/planilha-controle-gastos\/\" target=\"_blank\" data-element=\"shortcode-suno-banner\" title=\"Banner SUNO, clique e saiba mais\">\n\t\t\t<picture>\n\t\t\t\t<source media=\"(max-width: 500px)\" srcset=\"https:\/\/files.sunoresearch.com.br\/n\/uploads\/2023\/03\/400x300-Planilha-controle-de-gastos.png\">\n\t\t\t\t<img class=\"newsContent__article__imgCapa newsContent__article__imgCapa--banner\"\n\t\t\t\t\tsrc=\"https:\/\/files.sunoresearch.com.br\/n\/uploads\/2023\/03\/1420x240-Planilha-controle-de-gastos.png\"\n\t\t\t\t\tdata-promo-id=\"101751\"\t\t\t\t\t\t\t\t\t\twidth='1420' height='240'\t\t\t\t\talt=\"https:\/\/files.sunoresearch.com.br\/n\/uploads\/2023\/03\/1420x240-Planilha-controle-de-gastos.png\"\n\t\t\t\t>\n\t\t\t<\/picture>\n\t\t<\/a>\n\t<\/p>\n\n\n<p>A <strong>entrega das avi\u00f5es<\/strong> E175 da Embraer para a maior empresa de avia\u00e7\u00e3o regional do mundo est\u00e1 prevista para acontecer entre agosto de 2021 e abril de 2022.<\/p>\n<p>O <strong>financiamento do BNDES<\/strong> segue a linha das opera\u00e7\u00f5es realizadas por ag\u00eancias de cr\u00e9dito \u00e0 exporta\u00e7\u00e3o nos pa\u00edses com ind\u00fastrias aeron\u00e1uticas de ponta.<\/p>\n<p>Luis Gustavo Pereira , da Guide Investimentos, considerou o impacto positivo, dada a obten\u00e7\u00e3o de recursos a juros abaixo dos oferecidos no mercado, para custeio da expans\u00e3o das opera\u00e7\u00f5es e para crescimento inorg\u00e2nico.<\/p>\n\n\t<div data-element=\"shortcode-read-more\" class=\"readToo\">\n\t\t\t\t<span class=\"readToo__title\">Saiba mais<\/span>\n\t\t\t\t<ul class=\"readToo__list\">\n\t\t\t<li><a href=\"https:\/\/www.suno.com.br\/noticias\/embraer-embr3-24-jatos-eua-linha-bndes\/\">Embraer (EMBR3) exportar\u00e1 24 jatos aos EUA com financiamento do BNDES<\/a><\/li><li><a href=\"https:\/\/www.suno.com.br\/noticias\/embraer-embr3-e-avantto-ampliam-parceria-evtol\/\">Embraer (EMBR3) e Avantto ampliam parceria para uso de eVTOL na Am\u00e9rica Latina<\/a><\/li>\t\t<\/ul>\n\t<\/div>\n\n\n<p>Com a diminui\u00e7\u00e3o dos voos de longa dist\u00e2ncia por conta da <a href=\"http:\/\/suno.com.br\/noticias\/tags\/covid-19\/\">pandemia do novo coronav\u00edrus (Covid-19)<\/a>, o E175, com capacidade de transportar at\u00e9 88 passageiros, foi um dos modelos menos impactados. Atualmente, h\u00e1 mais de 600 jatos do modelo em opera\u00e7\u00e3o no mundo.<\/p>\n<p>&#8220;O apoio do <strong>BNDES<\/strong> \u00e9 essencial neste momento de retomada do transporte a\u00e9reo nos Estados Unidos, o principal mercado para o nosso jato Embraer 175. A avia\u00e7\u00e3o regional tem desempenhado um papel extremamente relevante na recupera\u00e7\u00e3o dos voos comerciais em todo o mundo e isso tem beneficiado os jatos da Embraer, que s\u00e3o os mais eficientes da ind\u00fastria,&#8221; disse Antonio Carlos Garcia, vice-presidente executivo financeiro e de <a class=\"suno-keyword\" href=\"https:\/\/www.suno.com.br\/artigos\/relacoes-com-investidores\/\" target=\"_blank\" rel=\"noopener\" data-force=\"no\" data-priority=\"1\">rela\u00e7\u00f5es com investidores<\/a> da Embraer.<\/p>\n<p>&#8220;Somos o maior exportador de bens de alto valor agregado do Brasil e temos conseguido implementar e oferecer solu\u00e7\u00f5es inteligentes e flex\u00edveis de financiamento para os nossos clientes, em linha com a estrat\u00e9gia de crescimento para os pr\u00f3ximos anos,&#8221; concluiu.<\/p>\n\t<p>\n\t\t<a href=\"https:\/\/lp.suno.com.br\/planilha-da-vida-financeira\/\" target=\"_blank\" data-element=\"shortcode-suno-banner\" title=\"Banner SUNO, clique e saiba mais\">\n\t\t\t<picture>\n\t\t\t\t<source media=\"(max-width: 500px)\" srcset=\"https:\/\/files.sunoresearch.com.br\/n\/uploads\/2023\/04\/400x300-Planilha-vida-financeira-true.png\">\n\t\t\t\t<img class=\"newsContent__article__imgCapa newsContent__article__imgCapa--banner\"\n\t\t\t\t\tsrc=\"https:\/\/files.sunoresearch.com.br\/n\/uploads\/2023\/04\/1420x240-Planilha-vida-financeira-true.png\"\n\t\t\t\t\tdata-promo-id=\"106682\"\t\t\t\t\t\t\t\t\t\twidth='1420' height='240'\t\t\t\t\talt=\"https:\/\/files.sunoresearch.com.br\/n\/uploads\/2023\/04\/1420x240-Planilha-vida-financeira-true.png\"\n\t\t\t\t>\n\t\t\t<\/picture>\n\t\t<\/a>\n\t<\/p>\n\n\n<h2>A\u00e7\u00e3o da Embraer se aproxima de m\u00e1xima de um ano<\/h2>\n<p>O desempenho positivo da fabricante brasileira na Bolsa de Valores de S\u00e3o Paulo (B3) nesta quinta-feira colocou os pap\u00e9is da companhia pr\u00f3ximos da m\u00e1xima de um ano. A <strong>cota\u00e7\u00e3o da Embraer hoje<\/strong> est\u00e1 abaixo apenas da registrada no dia primeiro de outubro, quando atingiu R$ 24,27.<\/p>\n<p>No acumulado de 2021 at\u00e9 o momento, a a\u00e7\u00e3o da <strong>Embraer<\/strong> apresentou valoriza\u00e7\u00e3o de 172,77%. Nos \u00faltimos 12 meses, o papel disparou 264,65%<\/p>\n\t<p>\n\t\t<a href=\"\" target=\"_blank\" data-element=\"shortcode-suno-banner\" title=\"Banner SUNO, clique e saiba mais\">\n\t\t\t<picture>\n\t\t\t\t<source media=\"(max-width: 500px)\" srcset=\"\">\n\t\t\t\t<img class=\"newsContent__article__imgCapa newsContent__article__imgCapa--banner\"\n\t\t\t\t\tsrc=\"\"\n\t\t\t\t\tdata-promo-id=\"184190\"\t\t\t\t\t\t\t\t\t\t\t\t\t\t\talt=\"\"\n\t\t\t\t>\n\t\t\t<\/picture>\n\t\t<\/a>\n\t<\/p>\n\n\n","protected":false},"excerpt":{"rendered":"<p>A a\u00e7\u00e3o da Embraer (EMBR3) registrou alta de 3,04% no preg\u00e3o desta quinta-feira (7), atingindo R$ 24,09, ap\u00f3s o Banco Nacional de Desenvolvimento Econ\u00f4mico e Social (BNDES) aprovar financiamento de mais de US$ 500 milh\u00f5es (superior a R$ 2,6 bilh\u00f5es) para a exporta\u00e7\u00e3o de 24 jatos comerciais \u00e0 estadunidense SkyWest Airlines. Embraer teve melhora de [&hellip;]<\/p>\n","protected":false},"author":35,"featured_media":150054,"comment_status":"closed","ping_status":"closed","sticky":false,"template":"","format":"standard","meta":[],"categories":[60],"tags":[460,105816,2354],"suno_strategy":[],"class_list":["post-191974","post","type-post","status-publish","format-standard","has-post-thumbnail","hentry","category-mercado","tag-embraer-embr3","tag-especialistas","tag-guide-investimentos"],"yoast_head":"<!-- This site is optimized with the Yoast SEO plugin v24.4 - https:\/\/yoast.com\/wordpress\/plugins\/seo\/ -->\n<title>Ibovespa: Embraer (EMBR3) sobe 3% ap\u00f3s BNDES aprovar financiamento<\/title>\n<meta name=\"description\" content=\"A Embraer (EMBR3) registrou alta de 3,04% nesta quinta-feira, atingindo R$ 24,09. Clique aqui para saber mais sobre a a\u00e7\u00e3o da Embraer\" \/>\n<meta name=\"robots\" content=\"index, follow, max-snippet:-1, max-image-preview:large, max-video-preview:-1\" \/>\n<link rel=\"canonical\" href=\"https:\/\/www.suno.com.br\/noticias\/ibovespa-acao-embraer-embr3-sobe-bndes-financiamento\/\" \/>\n<meta property=\"og:locale\" content=\"pt_BR\" \/>\n<meta property=\"og:type\" content=\"article\" \/>\n<meta property=\"og:title\" content=\"Ibovespa: Embraer (EMBR3) sobe 3% ap\u00f3s BNDES aprovar financiamento\" \/>\n<meta property=\"og:description\" content=\"A Embraer (EMBR3) registrou alta de 3,04% nesta quinta-feira, atingindo R$ 24,09. Clique aqui para saber mais sobre a a\u00e7\u00e3o da Embraer\" \/>\n<meta property=\"og:url\" content=\"https:\/\/www.suno.com.br\/noticias\/ibovespa-acao-embraer-embr3-sobe-bndes-financiamento\/\" \/>\n<meta property=\"og:site_name\" content=\"Suno Not\u00edcias\" \/>\n<meta property=\"article:publisher\" content=\"https:\/\/facebook.com\/sunoresearch\" \/>\n<meta property=\"og:image\" content=\"https:\/\/files.sunoresearch.com.br\/n\/uploads\/2021\/05\/90793dc2-186551469_3625427630896041_6722251706334548378_n.jpg\" \/>\n\t<meta property=\"og:image:width\" content=\"1685\" \/>\n\t<meta property=\"og:image:height\" content=\"1124\" \/>\n\t<meta property=\"og:image:type\" content=\"image\/jpeg\" \/>\n<meta name=\"author\" content=\"Arthur Guimar\u00e3es\" \/>\n<meta name=\"twitter:card\" content=\"summary_large_image\" \/>\n<meta name=\"twitter:creator\" content=\"@sunoresearch\" \/>\n<meta name=\"twitter:site\" content=\"@sunoresearch\" \/>\n<meta name=\"twitter:label1\" content=\"Escrito por\" \/>\n\t<meta name=\"twitter:data1\" content=\"Arthur Guimar\u00e3es\" \/>\n\t<meta name=\"twitter:label2\" content=\"Est. tempo de leitura\" \/>\n\t<meta name=\"twitter:data2\" content=\"2 minutos\" \/>\n<script type=\"application\/ld+json\" class=\"yoast-schema-graph\">{\"@context\":\"https:\/\/schema.org\",\"@graph\":[{\"@type\":\"NewsArticle\",\"@id\":\"https:\/\/www.suno.com.br\/noticias\/ibovespa-acao-embraer-embr3-sobe-bndes-financiamento\/#article\",\"isPartOf\":{\"@id\":\"https:\/\/www.suno.com.br\/noticias\/ibovespa-acao-embraer-embr3-sobe-bndes-financiamento\/\"},\"author\":{\"name\":\"Arthur Guimar\u00e3es\",\"@id\":\"https:\/\/www.suno.com.br\/noticias\/#\/schema\/person\/053a750a709a263919a20f976caae91c\"},\"headline\":\"Ibovespa: a\u00e7\u00e3o da Embraer (EMBR3) sobe 3% ap\u00f3s BNDES aprovar financiamento de US$ 500 mi\",\"datePublished\":\"2021-10-07T22:31:19+00:00\",\"dateModified\":\"2021-10-07T23:33:14+00:00\",\"mainEntityOfPage\":{\"@id\":\"https:\/\/www.suno.com.br\/noticias\/ibovespa-acao-embraer-embr3-sobe-bndes-financiamento\/\"},\"wordCount\":423,\"publisher\":{\"@id\":\"https:\/\/www.suno.com.br\/noticias\/#organization\"},\"image\":{\"@id\":\"https:\/\/www.suno.com.br\/noticias\/ibovespa-acao-embraer-embr3-sobe-bndes-financiamento\/#primaryimage\"},\"thumbnailUrl\":\"https:\/\/files.sunoresearch.com.br\/n\/uploads\/2021\/05\/90793dc2-186551469_3625427630896041_6722251706334548378_n-e1697205852968.jpg\",\"keywords\":[\"Embraer (EMBR3)\",\"Especialistas\",\"Guide Investimentos\"],\"articleSection\":[\"Mercado\"],\"inLanguage\":\"pt-BR\"},{\"@type\":\"WebPage\",\"@id\":\"https:\/\/www.suno.com.br\/noticias\/ibovespa-acao-embraer-embr3-sobe-bndes-financiamento\/\",\"url\":\"https:\/\/www.suno.com.br\/noticias\/ibovespa-acao-embraer-embr3-sobe-bndes-financiamento\/\",\"name\":\"Ibovespa: Embraer (EMBR3) sobe 3% ap\u00f3s BNDES aprovar financiamento\",\"isPartOf\":{\"@id\":\"https:\/\/www.suno.com.br\/noticias\/#website\"},\"primaryImageOfPage\":{\"@id\":\"https:\/\/www.suno.com.br\/noticias\/ibovespa-acao-embraer-embr3-sobe-bndes-financiamento\/#primaryimage\"},\"image\":{\"@id\":\"https:\/\/www.suno.com.br\/noticias\/ibovespa-acao-embraer-embr3-sobe-bndes-financiamento\/#primaryimage\"},\"thumbnailUrl\":\"https:\/\/files.sunoresearch.com.br\/n\/uploads\/2021\/05\/90793dc2-186551469_3625427630896041_6722251706334548378_n-e1697205852968.jpg\",\"datePublished\":\"2021-10-07T22:31:19+00:00\",\"dateModified\":\"2021-10-07T23:33:14+00:00\",\"description\":\"A Embraer (EMBR3) registrou alta de 3,04% nesta quinta-feira, atingindo R$ 24,09. Clique aqui para saber mais sobre a a\u00e7\u00e3o da Embraer\",\"breadcrumb\":{\"@id\":\"https:\/\/www.suno.com.br\/noticias\/ibovespa-acao-embraer-embr3-sobe-bndes-financiamento\/#breadcrumb\"},\"inLanguage\":\"pt-BR\",\"potentialAction\":[{\"@type\":\"ReadAction\",\"target\":[\"https:\/\/www.suno.com.br\/noticias\/ibovespa-acao-embraer-embr3-sobe-bndes-financiamento\/\"]}]},{\"@type\":\"ImageObject\",\"inLanguage\":\"pt-BR\",\"@id\":\"https:\/\/www.suno.com.br\/noticias\/ibovespa-acao-embraer-embr3-sobe-bndes-financiamento\/#primaryimage\",\"url\":\"https:\/\/files.sunoresearch.com.br\/n\/uploads\/2021\/05\/90793dc2-186551469_3625427630896041_6722251706334548378_n-e1697205852968.jpg\",\"contentUrl\":\"https:\/\/files.sunoresearch.com.br\/n\/uploads\/2021\/05\/90793dc2-186551469_3625427630896041_6722251706334548378_n-e1697205852968.jpg\",\"width\":1200,\"height\":800,\"caption\":\"Embraer (EMBR3). Foto: Reprodu\u00e7\u00e3o Facebook\"},{\"@type\":\"BreadcrumbList\",\"@id\":\"https:\/\/www.suno.com.br\/noticias\/ibovespa-acao-embraer-embr3-sobe-bndes-financiamento\/#breadcrumb\",\"itemListElement\":[{\"@type\":\"ListItem\",\"position\":1,\"name\":\"Not\u00edcias\",\"item\":\"https:\/\/www.suno.com.br\/noticias\/\"},{\"@type\":\"ListItem\",\"position\":2,\"name\":\"Mercado\",\"item\":\"https:\/\/www.suno.com.br\/noticias\/mercado\/\"},{\"@type\":\"ListItem\",\"position\":3,\"name\":\"Ibovespa: a\u00e7\u00e3o da Embraer (EMBR3) sobe 3% ap\u00f3s BNDES aprovar financiamento de US$ 500 mi\"}]},{\"@type\":\"WebSite\",\"@id\":\"https:\/\/www.suno.com.br\/noticias\/#website\",\"url\":\"https:\/\/www.suno.com.br\/noticias\/\",\"name\":\"Suno Not\u00edcias\",\"description\":\"Seu portal de informa\u00e7\u00e3o sobre o mundo dos investimentos\",\"publisher\":{\"@id\":\"https:\/\/www.suno.com.br\/noticias\/#organization\"},\"potentialAction\":[{\"@type\":\"SearchAction\",\"target\":{\"@type\":\"EntryPoint\",\"urlTemplate\":\"https:\/\/www.suno.com.br\/noticias\/?s={search_term_string}\"},\"query-input\":{\"@type\":\"PropertyValueSpecification\",\"valueRequired\":true,\"valueName\":\"search_term_string\"}}],\"inLanguage\":\"pt-BR\"},{\"@type\":\"Organization\",\"@id\":\"https:\/\/www.suno.com.br\/noticias\/#organization\",\"name\":\"Suno Not\u00edcias\",\"url\":\"https:\/\/www.suno.com.br\/noticias\/\",\"logo\":{\"@type\":\"ImageObject\",\"inLanguage\":\"pt-BR\",\"@id\":\"https:\/\/www.suno.com.br\/noticias\/#\/schema\/logo\/image\/\",\"url\":\"https:\/\/files.sunoresearch.com.br\/n\/uploads\/2021\/09\/suno-logo.png\",\"contentUrl\":\"https:\/\/files.sunoresearch.com.br\/n\/uploads\/2021\/09\/suno-logo.png\",\"width\":180,\"height\":180,\"caption\":\"Suno Not\u00edcias\"},\"image\":{\"@id\":\"https:\/\/www.suno.com.br\/noticias\/#\/schema\/logo\/image\/\"},\"sameAs\":[\"https:\/\/facebook.com\/sunoresearch\",\"https:\/\/x.com\/sunoresearch\",\"https:\/\/www.instagram.com\/suno\",\"https:\/\/www.linkedin.com\/company\/suno-research\/\",\"https:\/\/www.youtube.com\/c\/sunoresearch\"]},{\"@type\":\"Person\",\"@id\":\"https:\/\/www.suno.com.br\/noticias\/#\/schema\/person\/053a750a709a263919a20f976caae91c\",\"name\":\"Arthur Guimar\u00e3es\",\"image\":{\"@type\":\"ImageObject\",\"inLanguage\":\"pt-BR\",\"@id\":\"https:\/\/www.suno.com.br\/noticias\/#\/schema\/person\/image\/\",\"url\":\"https:\/\/secure.gravatar.com\/avatar\/1affd86a11209ae09eb6dd3bcad3e96c?s=96&r=g\",\"contentUrl\":\"https:\/\/secure.gravatar.com\/avatar\/1affd86a11209ae09eb6dd3bcad3e96c?s=96&r=g\",\"caption\":\"Arthur Guimar\u00e3es\"},\"description\":\"Arthur Guimar\u00e3es escreve sobre pol\u00edtica, economia e neg\u00f3cios para o portal de not\u00edcias da Suno Research. Atualmente, \u00e9 estudante de jornalismo pela Faculdade C\u00e1sper L\u00edbero.\",\"url\":\"https:\/\/www.suno.com.br\/noticias\/author\/arthur-guimaraes\/\"}]}<\/script>\n<!-- \/ Yoast SEO plugin. -->","yoast_head_json":{"title":"Ibovespa: Embraer (EMBR3) sobe 3% ap\u00f3s BNDES aprovar financiamento","description":"A Embraer (EMBR3) registrou alta de 3,04% nesta quinta-feira, atingindo R$ 24,09. Clique aqui para saber mais sobre a a\u00e7\u00e3o da Embraer","robots":{"index":"index","follow":"follow","max-snippet":"max-snippet:-1","max-image-preview":"max-image-preview:large","max-video-preview":"max-video-preview:-1"},"canonical":"https:\/\/www.suno.com.br\/noticias\/ibovespa-acao-embraer-embr3-sobe-bndes-financiamento\/","og_locale":"pt_BR","og_type":"article","og_title":"Ibovespa: Embraer (EMBR3) sobe 3% ap\u00f3s BNDES aprovar financiamento","og_description":"A Embraer (EMBR3) registrou alta de 3,04% nesta quinta-feira, atingindo R$ 24,09. Clique aqui para saber mais sobre a a\u00e7\u00e3o da Embraer","og_url":"https:\/\/www.suno.com.br\/noticias\/ibovespa-acao-embraer-embr3-sobe-bndes-financiamento\/","og_site_name":"Suno Not\u00edcias","article_publisher":"https:\/\/facebook.com\/sunoresearch","og_image":[{"width":1685,"height":1124,"url":"https:\/\/files.sunoresearch.com.br\/n\/uploads\/2021\/05\/90793dc2-186551469_3625427630896041_6722251706334548378_n.jpg","type":"image\/jpeg"}],"author":"Arthur Guimar\u00e3es","twitter_card":"summary_large_image","twitter_creator":"@sunoresearch","twitter_site":"@sunoresearch","twitter_misc":{"Escrito por":"Arthur Guimar\u00e3es","Est. tempo de leitura":"2 minutos"},"schema":{"@context":"https:\/\/schema.org","@graph":[{"@type":"NewsArticle","@id":"https:\/\/www.suno.com.br\/noticias\/ibovespa-acao-embraer-embr3-sobe-bndes-financiamento\/#article","isPartOf":{"@id":"https:\/\/www.suno.com.br\/noticias\/ibovespa-acao-embraer-embr3-sobe-bndes-financiamento\/"},"author":{"name":"Arthur Guimar\u00e3es","@id":"https:\/\/www.suno.com.br\/noticias\/#\/schema\/person\/053a750a709a263919a20f976caae91c"},"headline":"Ibovespa: a\u00e7\u00e3o da Embraer (EMBR3) sobe 3% ap\u00f3s BNDES aprovar financiamento de US$ 500 mi","datePublished":"2021-10-07T22:31:19+00:00","dateModified":"2021-10-07T23:33:14+00:00","mainEntityOfPage":{"@id":"https:\/\/www.suno.com.br\/noticias\/ibovespa-acao-embraer-embr3-sobe-bndes-financiamento\/"},"wordCount":423,"publisher":{"@id":"https:\/\/www.suno.com.br\/noticias\/#organization"},"image":{"@id":"https:\/\/www.suno.com.br\/noticias\/ibovespa-acao-embraer-embr3-sobe-bndes-financiamento\/#primaryimage"},"thumbnailUrl":"https:\/\/files.sunoresearch.com.br\/n\/uploads\/2021\/05\/90793dc2-186551469_3625427630896041_6722251706334548378_n-e1697205852968.jpg","keywords":["Embraer (EMBR3)","Especialistas","Guide Investimentos"],"articleSection":["Mercado"],"inLanguage":"pt-BR"},{"@type":"WebPage","@id":"https:\/\/www.suno.com.br\/noticias\/ibovespa-acao-embraer-embr3-sobe-bndes-financiamento\/","url":"https:\/\/www.suno.com.br\/noticias\/ibovespa-acao-embraer-embr3-sobe-bndes-financiamento\/","name":"Ibovespa: Embraer (EMBR3) sobe 3% ap\u00f3s BNDES aprovar financiamento","isPartOf":{"@id":"https:\/\/www.suno.com.br\/noticias\/#website"},"primaryImageOfPage":{"@id":"https:\/\/www.suno.com.br\/noticias\/ibovespa-acao-embraer-embr3-sobe-bndes-financiamento\/#primaryimage"},"image":{"@id":"https:\/\/www.suno.com.br\/noticias\/ibovespa-acao-embraer-embr3-sobe-bndes-financiamento\/#primaryimage"},"thumbnailUrl":"https:\/\/files.sunoresearch.com.br\/n\/uploads\/2021\/05\/90793dc2-186551469_3625427630896041_6722251706334548378_n-e1697205852968.jpg","datePublished":"2021-10-07T22:31:19+00:00","dateModified":"2021-10-07T23:33:14+00:00","description":"A Embraer (EMBR3) registrou alta de 3,04% nesta quinta-feira, atingindo R$ 24,09. Clique aqui para saber mais sobre a a\u00e7\u00e3o da Embraer","breadcrumb":{"@id":"https:\/\/www.suno.com.br\/noticias\/ibovespa-acao-embraer-embr3-sobe-bndes-financiamento\/#breadcrumb"},"inLanguage":"pt-BR","potentialAction":[{"@type":"ReadAction","target":["https:\/\/www.suno.com.br\/noticias\/ibovespa-acao-embraer-embr3-sobe-bndes-financiamento\/"]}]},{"@type":"ImageObject","inLanguage":"pt-BR","@id":"https:\/\/www.suno.com.br\/noticias\/ibovespa-acao-embraer-embr3-sobe-bndes-financiamento\/#primaryimage","url":"https:\/\/files.sunoresearch.com.br\/n\/uploads\/2021\/05\/90793dc2-186551469_3625427630896041_6722251706334548378_n-e1697205852968.jpg","contentUrl":"https:\/\/files.sunoresearch.com.br\/n\/uploads\/2021\/05\/90793dc2-186551469_3625427630896041_6722251706334548378_n-e1697205852968.jpg","width":1200,"height":800,"caption":"Embraer (EMBR3). Foto: Reprodu\u00e7\u00e3o Facebook"},{"@type":"BreadcrumbList","@id":"https:\/\/www.suno.com.br\/noticias\/ibovespa-acao-embraer-embr3-sobe-bndes-financiamento\/#breadcrumb","itemListElement":[{"@type":"ListItem","position":1,"name":"Not\u00edcias","item":"https:\/\/www.suno.com.br\/noticias\/"},{"@type":"ListItem","position":2,"name":"Mercado","item":"https:\/\/www.suno.com.br\/noticias\/mercado\/"},{"@type":"ListItem","position":3,"name":"Ibovespa: a\u00e7\u00e3o da Embraer (EMBR3) sobe 3% ap\u00f3s BNDES aprovar financiamento de US$ 500 mi"}]},{"@type":"WebSite","@id":"https:\/\/www.suno.com.br\/noticias\/#website","url":"https:\/\/www.suno.com.br\/noticias\/","name":"Suno Not\u00edcias","description":"Seu portal de informa\u00e7\u00e3o sobre o mundo dos investimentos","publisher":{"@id":"https:\/\/www.suno.com.br\/noticias\/#organization"},"potentialAction":[{"@type":"SearchAction","target":{"@type":"EntryPoint","urlTemplate":"https:\/\/www.suno.com.br\/noticias\/?s={search_term_string}"},"query-input":{"@type":"PropertyValueSpecification","valueRequired":true,"valueName":"search_term_string"}}],"inLanguage":"pt-BR"},{"@type":"Organization","@id":"https:\/\/www.suno.com.br\/noticias\/#organization","name":"Suno Not\u00edcias","url":"https:\/\/www.suno.com.br\/noticias\/","logo":{"@type":"ImageObject","inLanguage":"pt-BR","@id":"https:\/\/www.suno.com.br\/noticias\/#\/schema\/logo\/image\/","url":"https:\/\/files.sunoresearch.com.br\/n\/uploads\/2021\/09\/suno-logo.png","contentUrl":"https:\/\/files.sunoresearch.com.br\/n\/uploads\/2021\/09\/suno-logo.png","width":180,"height":180,"caption":"Suno Not\u00edcias"},"image":{"@id":"https:\/\/www.suno.com.br\/noticias\/#\/schema\/logo\/image\/"},"sameAs":["https:\/\/facebook.com\/sunoresearch","https:\/\/x.com\/sunoresearch","https:\/\/www.instagram.com\/suno","https:\/\/www.linkedin.com\/company\/suno-research\/","https:\/\/www.youtube.com\/c\/sunoresearch"]},{"@type":"Person","@id":"https:\/\/www.suno.com.br\/noticias\/#\/schema\/person\/053a750a709a263919a20f976caae91c","name":"Arthur Guimar\u00e3es","image":{"@type":"ImageObject","inLanguage":"pt-BR","@id":"https:\/\/www.suno.com.br\/noticias\/#\/schema\/person\/image\/","url":"https:\/\/secure.gravatar.com\/avatar\/1affd86a11209ae09eb6dd3bcad3e96c?s=96&r=g","contentUrl":"https:\/\/secure.gravatar.com\/avatar\/1affd86a11209ae09eb6dd3bcad3e96c?s=96&r=g","caption":"Arthur Guimar\u00e3es"},"description":"Arthur Guimar\u00e3es escreve sobre pol\u00edtica, economia e neg\u00f3cios para o portal de not\u00edcias da Suno Research. Atualmente, \u00e9 estudante de jornalismo pela Faculdade C\u00e1sper L\u00edbero.","url":"https:\/\/www.suno.com.br\/noticias\/author\/arthur-guimaraes\/"}]}},"default_loop_html":"<div class=\"cardsPage__listCard__boxs\"><div class=\"cardsPage__listCard__boxs__img\"><a href=\"https:\/\/www.suno.com.br\/noticias\/embraer-embr3-e-avantto-ampliam-parceria-evtol\/\"><img class=\"mask\" src=\"https:\/\/www.suno.com.br\/noticias\/wp-content\/themes\/suno\/resources\/images\/spotlight\/spotlight1img\/bg-mask.png\" alt=\"Image Mask\"\/><img src=\"https:\/\/files.sunoresearch.com.br\/n\/uploads\/2021\/06\/fe2d9c85-202486058_3719702038135266_8953010912953026238_n-400x200.webp\" alt=\"Embraer (EMBR3) e Avantto ampliam parceria para uso de eVTOL na Am\u00e9rica Latina\"\/><\/a><span class=\"spotlightCategory\"><a href=\"https:\/\/www.suno.com.br\/noticias\/negocios\/\">Neg\u00f3cios<\/a><\/span><\/div><div class=\"cardsPage__listCard__boxs__content\"><a href=\"https:\/\/www.suno.com.br\/noticias\/embraer-embr3-e-avantto-ampliam-parceria-evtol\/\"><h2 class=\"content__title\">Embraer (EMBR3) e Avantto ampliam parceria para uso de eVTOL na Am\u00e9rica Latina<\/h2><\/a><div class=\"newsContent__article__meta\"><div class=\"newsContent__article__meta__authorBox\"><a href=\"https:\/\/www.suno.com.br\/noticias\/author\/monique-lima\/\" class=\"authorBox__avatar noMobi\"><img src=\"https:\/\/secure.gravatar.com\/avatar\/daee7f16d906c2e9ffed236206ca2c30?s=96&#038;r=g\" alt=\"Monique Lima\"><\/a><div class=\"authorBox__name\"><span>por\n\t\t\t<a href=\"https:\/\/www.suno.com.br\/noticias\/author\/monique-lima\/\"><span itemprop=\"author\">Monique Lima<\/span><\/a><\/span><time datetime=\"2021-10-04T11:23:34-03:00\" itemprop=\"datePublished\">04\/10\/2021 11:23<\/time><\/div><\/div><\/div><\/div><\/div>","single_layout":"posts","amp_enabled":true,"_links":{"self":[{"href":"https:\/\/www.suno.com.br\/noticias\/wp-json\/wp\/v2\/posts\/191974"}],"collection":[{"href":"https:\/\/www.suno.com.br\/noticias\/wp-json\/wp\/v2\/posts"}],"about":[{"href":"https:\/\/www.suno.com.br\/noticias\/wp-json\/wp\/v2\/types\/post"}],"author":[{"embeddable":true,"href":"https:\/\/www.suno.com.br\/noticias\/wp-json\/wp\/v2\/users\/35"}],"replies":[{"embeddable":true,"href":"https:\/\/www.suno.com.br\/noticias\/wp-json\/wp\/v2\/comments?post=191974"}],"version-history":[{"count":3,"href":"https:\/\/www.suno.com.br\/noticias\/wp-json\/wp\/v2\/posts\/191974\/revisions"}],"predecessor-version":[{"id":192021,"href":"https:\/\/www.suno.com.br\/noticias\/wp-json\/wp\/v2\/posts\/191974\/revisions\/192021"}],"wp:featuredmedia":[{"embeddable":true,"href":"https:\/\/www.suno.com.br\/noticias\/wp-json\/wp\/v2\/media\/150054"}],"wp:attachment":[{"href":"https:\/\/www.suno.com.br\/noticias\/wp-json\/wp\/v2\/media?parent=191974"}],"wp:term":[{"taxonomy":"category","embeddable":true,"href":"https:\/\/www.suno.com.br\/noticias\/wp-json\/wp\/v2\/categories?post=191974"},{"taxonomy":"post_tag","embeddable":true,"href":"https:\/\/www.suno.com.br\/noticias\/wp-json\/wp\/v2\/tags?post=191974"},{"taxonomy":"suno_strategy","embeddable":true,"href":"https:\/\/www.suno.com.br\/noticias\/wp-json\/wp\/v2\/suno_strategy?post=191974"}],"curies":[{"name":"wp","href":"https:\/\/api.w.org\/{rel}","templated":true}]}}