{"id":19186,"date":"2019-03-27T12:16:11","date_gmt":"2019-03-27T15:16:11","guid":{"rendered":"https:\/\/www.suno.com.br\/noticias\/?p=19186"},"modified":"2021-05-10T13:07:48","modified_gmt":"2021-05-10T16:07:48","slug":"divida-publica-federal-cresce-fevereiro","status":"publish","type":"post","link":"https:\/\/www.suno.com.br\/noticias\/divida-publica-federal-cresce-fevereiro\/","title":{"rendered":"D\u00edvida P\u00fablica Federal cresce 1,71% em fevereiro"},"content":{"rendered":"<p>A <a href=\"https:\/\/www.suno.com.br\/artigos\/divida-externa-do-brasil\/\">D\u00edvida P\u00fablica Federal (DPF)<\/a> subiu 1,71% em fevereiro em termos nominais. O aumento \u00e9 calculado em rela\u00e7\u00e3o ao resultado registrado em janeiro.<\/p>\t<div class=\"wrapper-featured-image\">\n\t\t<figure class=\"spotlightImg\">\n\n\t\t\t<picture>\n\t\t\t\t<source media=\"(max-width: 768px)\" srcset=\"https:\/\/files.sunoresearch.com.br\/n\/uploads\/2018\/12\/6640b66a-selic-400x200.webp\">\n\t\t\t\t<img loading=\"lazy\" decoding=\"async\" class=\"newsContent__article__imgCapa lazyloadDisabled newsContent__article__imgCapa--noCaption\" src=\"https:\/\/files.sunoresearch.com.br\/n\/uploads\/2018\/12\/6640b66a-selic-800x450.webp\" width=\"800\" height=\"450\" alt=\"D\u00edvida P\u00fablica Federal cresce 1,71% em fevereiro\" fetchpriority=high \/>\n\t\t\t<\/picture>\n\n\t\t\t<figcaption class=\"wp-caption-text wp-caption-text--hide\">a\u00e7\u00f5es<\/figcaption>\n\t\t<\/figure>\n\t<\/div>\n\n\n<p>Em valor, a <strong>D\u00edvida P\u00fablica Federal<\/strong> chegou a\u00a0R$ 3,873 trilh\u00f5es. Os dados foram informados pelo <strong>Tesouro Nacional<\/strong> nesta quarta-feira (27). Segundo as metas estabelecidas\u00a0no <strong>Plano Anual de Financiamento (PAF)<\/strong>, a DPF deveria oscilar entre R$ 4,1 trilh\u00f5es e R$ 4,3 trilh\u00f5es.<\/p>\n<p><a href=\"https:\/\/www.suno.com.br\/noticias\/divida-publica-ultrapassar-pib\/\">Saiba mais: Em 2023, d\u00edvida p\u00fablica pode ultrapassar o PIB em 102,3% sem reforma\u00a0<\/a><\/p>\n<p>Por sua vez, a <strong>D\u00edvida P\u00fablica Mobili\u00e1ria Federal Interna (DPMFi)<\/strong> registrou alta de 1,69% em fevereiro, chegando a R$ 3,731 trilh\u00f5es. Enquanto a\u00a0<strong>D\u00edvida Federal Externa<\/strong> somou R$ 141,92 bilh\u00f5es (US$ 37,96 bilh\u00f5es). Um aumento de 2,24% na compara\u00e7\u00e3o com janeiro.<\/p>\n<p>As emiss\u00f5es da <strong>DPF<\/strong> corresponderam a R$ 55,14 bilh\u00f5es em fevereiro. Enquanto os resgates somaram R$ 19,1 bilh\u00f5es, o que resultou em emiss\u00e3o l\u00edquida de R$ 36,04 bilh\u00f5es. Desse montante, R$ 36,5 bilh\u00f5es s\u00e3o emiss\u00e3o l\u00edquida da <strong>D\u00edvida\u00a0P\u00fablica Mobili\u00e1ria Federal Interna (DPMFi)<\/strong> e R$ 450 milh\u00f5es s\u00e3o relativos a resgate da <strong>D\u00edvida P\u00fablica Federal Externa.<\/strong><\/p>\n<p>O percentual da <strong>DPF<\/strong> que vence em 12 meses ficou em 15,57%, contra 15,67% registrados em janeiro. Em fevereiro, o prazo m\u00e9dio da DPF foi de 4,13 anos, contra os 4,18 anos registrados come\u00e7o de 2019.<\/p>\n<h2>Como \u00e9 composta a d\u00edvida p\u00fablica<\/h2>\n<p>No per\u00edodo analisado pelo <strong>Tesouro,<\/strong> a porcentagem dos t\u00edtulos p\u00f3s-fixados na <strong>d\u00edvida p\u00fablica<\/strong> subiu de 36,92% para 37,01%. Uma participa\u00e7\u00e3o que deveria variar entre 38% e 42% esse ano, segundo quanto previsto na <strong>PAF.<\/strong><\/p>\n<p>Por sua vez, os t\u00edtulos prefixados representaram 31,30% da <strong>d\u00edvida p\u00fablica<\/strong> em fevereiro. Uma porcentagem em aumento em rela\u00e7\u00e3o ao 30,92% registrado em janeiro.<\/p>\n<p><a href=\"https:\/\/www.suno.com.br\/noticias\/divida-publica-alcancar-trilhoes\/\">Saiba mais: D\u00edvida p\u00fablica pode alcan\u00e7ar R$ 4,3 trilh\u00f5es em 2019, diz Tesouro Nacional\u00a0<\/a><\/p>\n<p>Os t\u00edtulos relacionados a \u00edndices de pre\u00e7os representaram 27,85% do total, contra 28,34% do primeiro m\u00eas do ano. Por sua vez, os t\u00edtulos ligados ao c\u00e2mbio ficaram em 3,84%, contra os 3,82% do in\u00edcio de 2019. O <strong>PAF<\/strong> indica que esse ano os t\u00edtulos\u00a0prefixados devem registrar uma participa\u00e7\u00e3o entre 29% e 33% do total. Por outro lado, os<strong> t\u00edtulos ligados a \u00edndices de pre\u00e7os<\/strong> ficar\u00e3o entre 24% e 28% da <strong>d\u00edvida p\u00fablica<\/strong>. Por sua vez, os pap\u00e9is ligados ao c\u00e2mbio ficar\u00e3o entre 3% e 7%.<\/p>\n<h2>Quem compra a d\u00edvida brasileira<\/h2>\n<p>A presen\u00e7a de investidores estrangeiros na <strong>d\u00edvida p\u00fablica brasileira<\/strong> subiu em termos percentuais. Essa porcentagem passou de 11,80% em janeiro para 12,18% em fevereiro.<\/p>\n<p>Segundo os dados do <strong>Tesouro Nacional<\/strong>, em valor absoluto, essa fatia passou de R$ 433,12 bilh\u00f5es para R$ 454,61 bilh\u00f5es.<\/p>\n<p>No segundo m\u00eas do ano, os fundos de investimento registraram uma participa\u00e7\u00e3o de 27,24%, contra o 27,06% registrado em janeiro. Enquanto as institui\u00e7\u00f5es de <strong>previd\u00eancia<\/strong> fecharam com 24,56% da d\u00edvida, contra 25,02% registrados em janeiro.<\/p>\n<p>As <strong>institui\u00e7\u00f5es financeiras<\/strong> foram respons\u00e1veis\u00a0por 22,1% da d\u00edvida mobili\u00e1ria, contra o 22,01% registado em fevereiro.\u00a0As <strong>seguradoras<\/strong> ficaram com 4,19% em fevereiro contra o\u00a04,24% no in\u00edcio de 2019. Em \u00faltimo, o <strong>governo<\/strong> respondeu por 4,12% da <strong>d\u00edvida p\u00fablica<\/strong>, contra o 4,16% de janeiro.<\/p>\n","protected":false},"excerpt":{"rendered":"<p>A D\u00edvida P\u00fablica Federal (DPF) subiu 1,71% em fevereiro em termos nominais. O aumento \u00e9 calculado em rela\u00e7\u00e3o ao resultado registrado em janeiro. a\u00e7\u00f5es Em valor, a D\u00edvida P\u00fablica Federal chegou a\u00a0R$ 3,873 trilh\u00f5es. Os dados foram informados pelo Tesouro Nacional nesta quarta-feira (27). Segundo as metas estabelecidas\u00a0no Plano Anual de Financiamento (PAF), a DPF [&hellip;]<\/p>\n","protected":false},"author":9,"featured_media":8644,"comment_status":"closed","ping_status":"closed","sticky":false,"template":"","format":"standard","meta":[],"categories":[62],"tags":[1842,1265,1044,2135],"suno_strategy":[],"class_list":["post-19186","post","type-post","status-publish","format-standard","has-post-thumbnail","hentry","category-economia","tag-banco-central-bc","tag-divida-publica-federal","tag-tesouro-nacional","tag-titulos-de-divida"],"yoast_head":"<!-- This site is optimized with the Yoast SEO plugin v24.4 - https:\/\/yoast.com\/wordpress\/plugins\/seo\/ -->\n<title>D\u00edvida P\u00fablica Federal cresce 1,71% em fevereiro alcan\u00e7ando R$ 3,87 tri<\/title>\n<meta name=\"description\" content=\"D\u00edvida P\u00fablica Federal cresce 1,71% em fevereiro e chega a recorde de R$ 3,87 trilh\u00f5es. Clique aqui para saber mais.\" \/>\n<meta name=\"robots\" content=\"index, follow, max-snippet:-1, max-image-preview:large, max-video-preview:-1\" \/>\n<link rel=\"canonical\" href=\"https:\/\/www.suno.com.br\/noticias\/divida-publica-federal-cresce-fevereiro\/\" \/>\n<meta property=\"og:locale\" content=\"pt_BR\" \/>\n<meta property=\"og:type\" content=\"article\" \/>\n<meta property=\"og:title\" content=\"D\u00edvida P\u00fablica Federal cresce 1,71% em fevereiro alcan\u00e7ando R$ 3,87 tri\" \/>\n<meta property=\"og:description\" content=\"D\u00edvida P\u00fablica Federal cresce 1,71% em fevereiro e chega a recorde de R$ 3,87 trilh\u00f5es. Clique aqui para saber mais.\" \/>\n<meta property=\"og:url\" content=\"https:\/\/www.suno.com.br\/noticias\/divida-publica-federal-cresce-fevereiro\/\" \/>\n<meta property=\"og:site_name\" content=\"Suno Not\u00edcias\" \/>\n<meta property=\"article:publisher\" content=\"https:\/\/facebook.com\/sunoresearch\" \/>\n<meta property=\"og:image\" content=\"https:\/\/files.sunoresearch.com.br\/n\/uploads\/2018\/12\/6640b66a-selic.jpg\" \/>\n\t<meta property=\"og:image:width\" content=\"1140\" \/>\n\t<meta property=\"og:image:height\" content=\"760\" \/>\n\t<meta property=\"og:image:type\" content=\"image\/jpeg\" \/>\n<meta name=\"author\" content=\"Carlo Cauti\" \/>\n<meta name=\"twitter:card\" content=\"summary_large_image\" \/>\n<meta name=\"twitter:creator\" content=\"@sunoresearch\" \/>\n<meta name=\"twitter:site\" content=\"@sunoresearch\" \/>\n<meta name=\"twitter:label1\" content=\"Escrito por\" \/>\n\t<meta name=\"twitter:data1\" content=\"Carlo Cauti\" \/>\n\t<meta name=\"twitter:label2\" content=\"Est. tempo de leitura\" \/>\n\t<meta name=\"twitter:data2\" content=\"3 minutos\" \/>\n<script type=\"application\/ld+json\" class=\"yoast-schema-graph\">{\"@context\":\"https:\/\/schema.org\",\"@graph\":[{\"@type\":\"NewsArticle\",\"@id\":\"https:\/\/www.suno.com.br\/noticias\/divida-publica-federal-cresce-fevereiro\/#article\",\"isPartOf\":{\"@id\":\"https:\/\/www.suno.com.br\/noticias\/divida-publica-federal-cresce-fevereiro\/\"},\"author\":{\"name\":\"Carlo Cauti\",\"@id\":\"https:\/\/www.suno.com.br\/noticias\/#\/schema\/person\/e6e0f723cc177805027f4566c1d5e0c8\"},\"headline\":\"D\u00edvida P\u00fablica Federal cresce 1,71% em fevereiro\",\"datePublished\":\"2019-03-27T15:16:11+00:00\",\"dateModified\":\"2021-05-10T16:07:48+00:00\",\"mainEntityOfPage\":{\"@id\":\"https:\/\/www.suno.com.br\/noticias\/divida-publica-federal-cresce-fevereiro\/\"},\"wordCount\":542,\"publisher\":{\"@id\":\"https:\/\/www.suno.com.br\/noticias\/#organization\"},\"image\":{\"@id\":\"https:\/\/www.suno.com.br\/noticias\/divida-publica-federal-cresce-fevereiro\/#primaryimage\"},\"thumbnailUrl\":\"https:\/\/files.sunoresearch.com.br\/n\/uploads\/2018\/12\/6640b66a-selic-jpg.webp\",\"keywords\":[\"Banco Central (BC)\",\"D\u00edvida P\u00fablica Federal\",\"Tesouro Nacional\",\"t\u00edtulos de d\u00edvida\"],\"articleSection\":[\"Economia\"],\"inLanguage\":\"pt-BR\"},{\"@type\":\"WebPage\",\"@id\":\"https:\/\/www.suno.com.br\/noticias\/divida-publica-federal-cresce-fevereiro\/\",\"url\":\"https:\/\/www.suno.com.br\/noticias\/divida-publica-federal-cresce-fevereiro\/\",\"name\":\"D\u00edvida P\u00fablica Federal cresce 1,71% em fevereiro alcan\u00e7ando R$ 3,87 tri\",\"isPartOf\":{\"@id\":\"https:\/\/www.suno.com.br\/noticias\/#website\"},\"primaryImageOfPage\":{\"@id\":\"https:\/\/www.suno.com.br\/noticias\/divida-publica-federal-cresce-fevereiro\/#primaryimage\"},\"image\":{\"@id\":\"https:\/\/www.suno.com.br\/noticias\/divida-publica-federal-cresce-fevereiro\/#primaryimage\"},\"thumbnailUrl\":\"https:\/\/files.sunoresearch.com.br\/n\/uploads\/2018\/12\/6640b66a-selic-jpg.webp\",\"datePublished\":\"2019-03-27T15:16:11+00:00\",\"dateModified\":\"2021-05-10T16:07:48+00:00\",\"description\":\"D\u00edvida P\u00fablica Federal cresce 1,71% em fevereiro e chega a recorde de R$ 3,87 trilh\u00f5es. Clique aqui para saber mais.\",\"breadcrumb\":{\"@id\":\"https:\/\/www.suno.com.br\/noticias\/divida-publica-federal-cresce-fevereiro\/#breadcrumb\"},\"inLanguage\":\"pt-BR\",\"potentialAction\":[{\"@type\":\"ReadAction\",\"target\":[\"https:\/\/www.suno.com.br\/noticias\/divida-publica-federal-cresce-fevereiro\/\"]}]},{\"@type\":\"ImageObject\",\"inLanguage\":\"pt-BR\",\"@id\":\"https:\/\/www.suno.com.br\/noticias\/divida-publica-federal-cresce-fevereiro\/#primaryimage\",\"url\":\"https:\/\/files.sunoresearch.com.br\/n\/uploads\/2018\/12\/6640b66a-selic-jpg.webp\",\"contentUrl\":\"https:\/\/files.sunoresearch.com.br\/n\/uploads\/2018\/12\/6640b66a-selic-jpg.webp\",\"width\":1140,\"height\":760,\"caption\":\"a\u00e7\u00f5es\"},{\"@type\":\"BreadcrumbList\",\"@id\":\"https:\/\/www.suno.com.br\/noticias\/divida-publica-federal-cresce-fevereiro\/#breadcrumb\",\"itemListElement\":[{\"@type\":\"ListItem\",\"position\":1,\"name\":\"Not\u00edcias\",\"item\":\"https:\/\/www.suno.com.br\/noticias\/\"},{\"@type\":\"ListItem\",\"position\":2,\"name\":\"Economia\",\"item\":\"https:\/\/www.suno.com.br\/noticias\/economia\/\"},{\"@type\":\"ListItem\",\"position\":3,\"name\":\"D\u00edvida P\u00fablica Federal cresce 1,71% em fevereiro\"}]},{\"@type\":\"WebSite\",\"@id\":\"https:\/\/www.suno.com.br\/noticias\/#website\",\"url\":\"https:\/\/www.suno.com.br\/noticias\/\",\"name\":\"Suno Not\u00edcias\",\"description\":\"Seu portal de informa\u00e7\u00e3o sobre o mundo dos investimentos\",\"publisher\":{\"@id\":\"https:\/\/www.suno.com.br\/noticias\/#organization\"},\"potentialAction\":[{\"@type\":\"SearchAction\",\"target\":{\"@type\":\"EntryPoint\",\"urlTemplate\":\"https:\/\/www.suno.com.br\/noticias\/?s={search_term_string}\"},\"query-input\":{\"@type\":\"PropertyValueSpecification\",\"valueRequired\":true,\"valueName\":\"search_term_string\"}}],\"inLanguage\":\"pt-BR\"},{\"@type\":\"Organization\",\"@id\":\"https:\/\/www.suno.com.br\/noticias\/#organization\",\"name\":\"Suno Not\u00edcias\",\"url\":\"https:\/\/www.suno.com.br\/noticias\/\",\"logo\":{\"@type\":\"ImageObject\",\"inLanguage\":\"pt-BR\",\"@id\":\"https:\/\/www.suno.com.br\/noticias\/#\/schema\/logo\/image\/\",\"url\":\"https:\/\/files.sunoresearch.com.br\/n\/uploads\/2021\/09\/suno-logo.png\",\"contentUrl\":\"https:\/\/files.sunoresearch.com.br\/n\/uploads\/2021\/09\/suno-logo.png\",\"width\":180,\"height\":180,\"caption\":\"Suno Not\u00edcias\"},\"image\":{\"@id\":\"https:\/\/www.suno.com.br\/noticias\/#\/schema\/logo\/image\/\"},\"sameAs\":[\"https:\/\/facebook.com\/sunoresearch\",\"https:\/\/x.com\/sunoresearch\",\"https:\/\/www.instagram.com\/suno\",\"https:\/\/www.linkedin.com\/company\/suno-research\/\",\"https:\/\/www.youtube.com\/c\/sunoresearch\"]},{\"@type\":\"Person\",\"@id\":\"https:\/\/www.suno.com.br\/noticias\/#\/schema\/person\/e6e0f723cc177805027f4566c1d5e0c8\",\"name\":\"Carlo Cauti\",\"image\":{\"@type\":\"ImageObject\",\"inLanguage\":\"pt-BR\",\"@id\":\"https:\/\/www.suno.com.br\/noticias\/#\/schema\/person\/image\/\",\"url\":\"https:\/\/secure.gravatar.com\/avatar\/3ada9e0bd164c23abd4792a9606d583c?s=96&r=g\",\"contentUrl\":\"https:\/\/secure.gravatar.com\/avatar\/3ada9e0bd164c23abd4792a9606d583c?s=96&r=g\",\"caption\":\"Carlo Cauti\"},\"description\":\"Editor multim\u00eddia do SUNO Not\u00edcias. Italiano, formado em Ci\u00eancias Pol\u00edticas pela universidade LUISS G. Carli de Roma e mestre cum laude em Rela\u00e7\u00f5es Internacionais, Jornalismo Internacional e de Guerra e em Economia Internacional. Concluiu tamb\u00e9m um MBA em Finan\u00e7as na B3. No Brasil, teve passagem por ve\u00edculos como Estad\u00e3o, Globo, Veja e EXAME. e nas ag\u00eancias de not\u00edcias italianas ANSA e NOVA.\",\"url\":\"https:\/\/www.suno.com.br\/noticias\/author\/carlo-cauti\/\"}]}<\/script>\n<!-- \/ Yoast SEO plugin. -->","yoast_head_json":{"title":"D\u00edvida P\u00fablica Federal cresce 1,71% em fevereiro alcan\u00e7ando R$ 3,87 tri","description":"D\u00edvida P\u00fablica Federal cresce 1,71% em fevereiro e chega a recorde de R$ 3,87 trilh\u00f5es. Clique aqui para saber mais.","robots":{"index":"index","follow":"follow","max-snippet":"max-snippet:-1","max-image-preview":"max-image-preview:large","max-video-preview":"max-video-preview:-1"},"canonical":"https:\/\/www.suno.com.br\/noticias\/divida-publica-federal-cresce-fevereiro\/","og_locale":"pt_BR","og_type":"article","og_title":"D\u00edvida P\u00fablica Federal cresce 1,71% em fevereiro alcan\u00e7ando R$ 3,87 tri","og_description":"D\u00edvida P\u00fablica Federal cresce 1,71% em fevereiro e chega a recorde de R$ 3,87 trilh\u00f5es. Clique aqui para saber mais.","og_url":"https:\/\/www.suno.com.br\/noticias\/divida-publica-federal-cresce-fevereiro\/","og_site_name":"Suno Not\u00edcias","article_publisher":"https:\/\/facebook.com\/sunoresearch","og_image":[{"width":1140,"height":760,"url":"https:\/\/files.sunoresearch.com.br\/n\/uploads\/2018\/12\/6640b66a-selic.jpg","type":"image\/jpeg"}],"author":"Carlo Cauti","twitter_card":"summary_large_image","twitter_creator":"@sunoresearch","twitter_site":"@sunoresearch","twitter_misc":{"Escrito por":"Carlo Cauti","Est. tempo de leitura":"3 minutos"},"schema":{"@context":"https:\/\/schema.org","@graph":[{"@type":"NewsArticle","@id":"https:\/\/www.suno.com.br\/noticias\/divida-publica-federal-cresce-fevereiro\/#article","isPartOf":{"@id":"https:\/\/www.suno.com.br\/noticias\/divida-publica-federal-cresce-fevereiro\/"},"author":{"name":"Carlo Cauti","@id":"https:\/\/www.suno.com.br\/noticias\/#\/schema\/person\/e6e0f723cc177805027f4566c1d5e0c8"},"headline":"D\u00edvida P\u00fablica Federal cresce 1,71% em fevereiro","datePublished":"2019-03-27T15:16:11+00:00","dateModified":"2021-05-10T16:07:48+00:00","mainEntityOfPage":{"@id":"https:\/\/www.suno.com.br\/noticias\/divida-publica-federal-cresce-fevereiro\/"},"wordCount":542,"publisher":{"@id":"https:\/\/www.suno.com.br\/noticias\/#organization"},"image":{"@id":"https:\/\/www.suno.com.br\/noticias\/divida-publica-federal-cresce-fevereiro\/#primaryimage"},"thumbnailUrl":"https:\/\/files.sunoresearch.com.br\/n\/uploads\/2018\/12\/6640b66a-selic-jpg.webp","keywords":["Banco Central (BC)","D\u00edvida P\u00fablica Federal","Tesouro Nacional","t\u00edtulos de d\u00edvida"],"articleSection":["Economia"],"inLanguage":"pt-BR"},{"@type":"WebPage","@id":"https:\/\/www.suno.com.br\/noticias\/divida-publica-federal-cresce-fevereiro\/","url":"https:\/\/www.suno.com.br\/noticias\/divida-publica-federal-cresce-fevereiro\/","name":"D\u00edvida P\u00fablica Federal cresce 1,71% em fevereiro alcan\u00e7ando R$ 3,87 tri","isPartOf":{"@id":"https:\/\/www.suno.com.br\/noticias\/#website"},"primaryImageOfPage":{"@id":"https:\/\/www.suno.com.br\/noticias\/divida-publica-federal-cresce-fevereiro\/#primaryimage"},"image":{"@id":"https:\/\/www.suno.com.br\/noticias\/divida-publica-federal-cresce-fevereiro\/#primaryimage"},"thumbnailUrl":"https:\/\/files.sunoresearch.com.br\/n\/uploads\/2018\/12\/6640b66a-selic-jpg.webp","datePublished":"2019-03-27T15:16:11+00:00","dateModified":"2021-05-10T16:07:48+00:00","description":"D\u00edvida P\u00fablica Federal cresce 1,71% em fevereiro e chega a recorde de R$ 3,87 trilh\u00f5es. Clique aqui para saber mais.","breadcrumb":{"@id":"https:\/\/www.suno.com.br\/noticias\/divida-publica-federal-cresce-fevereiro\/#breadcrumb"},"inLanguage":"pt-BR","potentialAction":[{"@type":"ReadAction","target":["https:\/\/www.suno.com.br\/noticias\/divida-publica-federal-cresce-fevereiro\/"]}]},{"@type":"ImageObject","inLanguage":"pt-BR","@id":"https:\/\/www.suno.com.br\/noticias\/divida-publica-federal-cresce-fevereiro\/#primaryimage","url":"https:\/\/files.sunoresearch.com.br\/n\/uploads\/2018\/12\/6640b66a-selic-jpg.webp","contentUrl":"https:\/\/files.sunoresearch.com.br\/n\/uploads\/2018\/12\/6640b66a-selic-jpg.webp","width":1140,"height":760,"caption":"a\u00e7\u00f5es"},{"@type":"BreadcrumbList","@id":"https:\/\/www.suno.com.br\/noticias\/divida-publica-federal-cresce-fevereiro\/#breadcrumb","itemListElement":[{"@type":"ListItem","position":1,"name":"Not\u00edcias","item":"https:\/\/www.suno.com.br\/noticias\/"},{"@type":"ListItem","position":2,"name":"Economia","item":"https:\/\/www.suno.com.br\/noticias\/economia\/"},{"@type":"ListItem","position":3,"name":"D\u00edvida P\u00fablica Federal cresce 1,71% em fevereiro"}]},{"@type":"WebSite","@id":"https:\/\/www.suno.com.br\/noticias\/#website","url":"https:\/\/www.suno.com.br\/noticias\/","name":"Suno Not\u00edcias","description":"Seu portal de informa\u00e7\u00e3o sobre o mundo dos investimentos","publisher":{"@id":"https:\/\/www.suno.com.br\/noticias\/#organization"},"potentialAction":[{"@type":"SearchAction","target":{"@type":"EntryPoint","urlTemplate":"https:\/\/www.suno.com.br\/noticias\/?s={search_term_string}"},"query-input":{"@type":"PropertyValueSpecification","valueRequired":true,"valueName":"search_term_string"}}],"inLanguage":"pt-BR"},{"@type":"Organization","@id":"https:\/\/www.suno.com.br\/noticias\/#organization","name":"Suno Not\u00edcias","url":"https:\/\/www.suno.com.br\/noticias\/","logo":{"@type":"ImageObject","inLanguage":"pt-BR","@id":"https:\/\/www.suno.com.br\/noticias\/#\/schema\/logo\/image\/","url":"https:\/\/files.sunoresearch.com.br\/n\/uploads\/2021\/09\/suno-logo.png","contentUrl":"https:\/\/files.sunoresearch.com.br\/n\/uploads\/2021\/09\/suno-logo.png","width":180,"height":180,"caption":"Suno Not\u00edcias"},"image":{"@id":"https:\/\/www.suno.com.br\/noticias\/#\/schema\/logo\/image\/"},"sameAs":["https:\/\/facebook.com\/sunoresearch","https:\/\/x.com\/sunoresearch","https:\/\/www.instagram.com\/suno","https:\/\/www.linkedin.com\/company\/suno-research\/","https:\/\/www.youtube.com\/c\/sunoresearch"]},{"@type":"Person","@id":"https:\/\/www.suno.com.br\/noticias\/#\/schema\/person\/e6e0f723cc177805027f4566c1d5e0c8","name":"Carlo Cauti","image":{"@type":"ImageObject","inLanguage":"pt-BR","@id":"https:\/\/www.suno.com.br\/noticias\/#\/schema\/person\/image\/","url":"https:\/\/secure.gravatar.com\/avatar\/3ada9e0bd164c23abd4792a9606d583c?s=96&r=g","contentUrl":"https:\/\/secure.gravatar.com\/avatar\/3ada9e0bd164c23abd4792a9606d583c?s=96&r=g","caption":"Carlo Cauti"},"description":"Editor multim\u00eddia do SUNO Not\u00edcias. Italiano, formado em Ci\u00eancias Pol\u00edticas pela universidade LUISS G. Carli de Roma e mestre cum laude em Rela\u00e7\u00f5es Internacionais, Jornalismo Internacional e de Guerra e em Economia Internacional. Concluiu tamb\u00e9m um MBA em Finan\u00e7as na B3. No Brasil, teve passagem por ve\u00edculos como Estad\u00e3o, Globo, Veja e EXAME. e nas ag\u00eancias de not\u00edcias italianas ANSA e NOVA.","url":"https:\/\/www.suno.com.br\/noticias\/author\/carlo-cauti\/"}]}},"default_loop_html":"<div class=\"cardsPage__listCard__boxs\"><div class=\"cardsPage__listCard__boxs__img\"><a href=\"https:\/\/www.suno.com.br\/noticias\/divida-publica-federal-cresce-fevereiro\/\"><img class=\"mask\" src=\"https:\/\/www.suno.com.br\/noticias\/wp-content\/themes\/suno\/resources\/images\/spotlight\/spotlight1img\/bg-mask.png\" alt=\"Image Mask\"\/><img src=\"https:\/\/files.sunoresearch.com.br\/n\/uploads\/2018\/12\/6640b66a-selic-400x200.webp\" alt=\"D\u00edvida P\u00fablica Federal cresce 1,71% em fevereiro\"\/><\/a><span class=\"spotlightCategory\"><a href=\"https:\/\/www.suno.com.br\/noticias\/economia\/\">Economia<\/a><\/span><\/div><div class=\"cardsPage__listCard__boxs__content\"><a href=\"https:\/\/www.suno.com.br\/noticias\/divida-publica-federal-cresce-fevereiro\/\"><h2 class=\"content__title\">D\u00edvida P\u00fablica Federal cresce 1,71% em fevereiro<\/h2><\/a><div class=\"newsContent__article__meta\"><div class=\"newsContent__article__meta__authorBox\"><a href=\"https:\/\/www.suno.com.br\/noticias\/author\/carlo-cauti\/\" class=\"authorBox__avatar noMobi\"><img src=\"https:\/\/files.sunoresearch.com.br\/n\/uploads\/2020\/08\/e3745f9a-perfil-carlo-cauti-150x150.webp\" alt=\"Carlo Cauti\"><\/a><div class=\"authorBox__name\"><span>por\n\t\t\t<a href=\"https:\/\/www.suno.com.br\/noticias\/author\/carlo-cauti\/\"><span itemprop=\"author\">Carlo Cauti<\/span><\/a><\/span><time datetime=\"2019-03-27T12:16:11-03:00\" itemprop=\"datePublished\">27\/03\/2019 12:16<\/time><\/div><\/div><\/div><\/div><\/div>","single_layout":"posts","amp_enabled":true,"_links":{"self":[{"href":"https:\/\/www.suno.com.br\/noticias\/wp-json\/wp\/v2\/posts\/19186"}],"collection":[{"href":"https:\/\/www.suno.com.br\/noticias\/wp-json\/wp\/v2\/posts"}],"about":[{"href":"https:\/\/www.suno.com.br\/noticias\/wp-json\/wp\/v2\/types\/post"}],"author":[{"embeddable":true,"href":"https:\/\/www.suno.com.br\/noticias\/wp-json\/wp\/v2\/users\/9"}],"replies":[{"embeddable":true,"href":"https:\/\/www.suno.com.br\/noticias\/wp-json\/wp\/v2\/comments?post=19186"}],"version-history":[{"count":1,"href":"https:\/\/www.suno.com.br\/noticias\/wp-json\/wp\/v2\/posts\/19186\/revisions"}],"predecessor-version":[{"id":146258,"href":"https:\/\/www.suno.com.br\/noticias\/wp-json\/wp\/v2\/posts\/19186\/revisions\/146258"}],"wp:featuredmedia":[{"embeddable":true,"href":"https:\/\/www.suno.com.br\/noticias\/wp-json\/wp\/v2\/media\/8644"}],"wp:attachment":[{"href":"https:\/\/www.suno.com.br\/noticias\/wp-json\/wp\/v2\/media?parent=19186"}],"wp:term":[{"taxonomy":"category","embeddable":true,"href":"https:\/\/www.suno.com.br\/noticias\/wp-json\/wp\/v2\/categories?post=19186"},{"taxonomy":"post_tag","embeddable":true,"href":"https:\/\/www.suno.com.br\/noticias\/wp-json\/wp\/v2\/tags?post=19186"},{"taxonomy":"suno_strategy","embeddable":true,"href":"https:\/\/www.suno.com.br\/noticias\/wp-json\/wp\/v2\/suno_strategy?post=19186"}],"curies":[{"name":"wp","href":"https:\/\/api.w.org\/{rel}","templated":true}]}}