{"id":191674,"date":"2021-10-07T11:09:33","date_gmt":"2021-10-07T14:09:33","guid":{"rendered":"https:\/\/www.suno.com.br\/noticias\/?p=191674"},"modified":"2021-10-07T11:09:33","modified_gmt":"2021-10-07T14:09:33","slug":"ibovespa-banco-inter-bidi11-bidi4-07102021","status":"publish","type":"post","link":"https:\/\/www.suno.com.br\/noticias\/ibovespa-banco-inter-bidi11-bidi4-07102021\/","title":{"rendered":"Ibovespa abre em alta com Banco Inter (BIDI11) subindo quase 10%"},"content":{"rendered":"<p>No <a href=\"https:\/\/www.suno.com.br\/artigos\/pregao\">preg\u00e3o desta quinta-feira (7)<\/a>,\u00a0o <strong>Ibovespa\u00a0<\/strong>abre em alta de 0,24% aos 110.790 pontos. O avan\u00e7o \u00e9 puxado pelo Banco Inter, ap\u00f3s a not\u00edcia de que o banco retirar\u00e1 suas units de circula\u00e7\u00e3o da Bolsa brasileira.<\/p>\t<div class=\"wrapper-featured-image\">\n\t\t<figure class=\"spotlightImg\">\n\n\t\t\t<picture>\n\t\t\t\t<source media=\"(max-width: 768px)\" srcset=\"https:\/\/files.sunoresearch.com.br\/n\/uploads\/2020\/09\/e839eb06-banco-inter-1-400x200.webp\">\n\t\t\t\t<img loading=\"lazy\" decoding=\"async\" class=\"newsContent__article__imgCapa lazyloadDisabled \" src=\"https:\/\/files.sunoresearch.com.br\/n\/uploads\/2020\/09\/e839eb06-banco-inter-1-800x450.webp\" width=\"800\" height=\"450\" alt=\"Ibovespa abre em alta com Banco Inter (BIDI11) subindo quase 10%\" fetchpriority=high \/>\n\t\t\t<\/picture>\n\n\t\t\t<figcaption class=\"wp-caption-text wp-caption-text--show\">No acumulado de 2022, a\u00e7\u00f5es do Banco Inter caem 20% e mostram valuation atrativo, dizem analistas - Foto: Divulga\u00e7\u00e3o<\/figcaption>\n\t\t<\/figure>\n\t<\/div>\n\n\n\t<p>\n\t\t<a href=\"https:\/\/lp.suno.com.br\/planilha-controle-gastos\/\" target=\"_blank\" data-element=\"shortcode-suno-banner\" title=\"Banner SUNO, clique e saiba mais\">\n\t\t\t<picture>\n\t\t\t\t<source media=\"(max-width: 500px)\" srcset=\"https:\/\/files.sunoresearch.com.br\/n\/uploads\/2023\/03\/400x300-Planilha-controle-de-gastos.png\">\n\t\t\t\t<img class=\"newsContent__article__imgCapa newsContent__article__imgCapa--banner\"\n\t\t\t\t\tsrc=\"https:\/\/files.sunoresearch.com.br\/n\/uploads\/2023\/03\/1420x240-Planilha-controle-de-gastos.png\"\n\t\t\t\t\tdata-promo-id=\"101751\"\t\t\t\t\t\t\t\t\t\twidth='1420' height='240'\t\t\t\t\talt=\"https:\/\/files.sunoresearch.com.br\/n\/uploads\/2023\/03\/1420x240-Planilha-controle-de-gastos.png\"\n\t\t\t\t>\n\t\t\t<\/picture>\n\t\t<\/a>\n\t<\/p>\n\n\n<p>O <strong>Ibovespa hoje<\/strong> tamb\u00e9m segue com a influ\u00eancia das commodities, dada a escalada do pre\u00e7o do g\u00e1s natural com os \u00faltimos movimentos de Putin.<\/p>\n<p>Al\u00e9m disso, o barril de petr\u00f3leo Brent segue no patamar de US$ 80 &#8212; recentemente o petr\u00f3leo foi o grande driver das altas da bolsa, ficando no maior patamar desde 2018, levemente acima dos US$ 82.<\/p>\n<p>&#8220;Os mercados se recuperaram nesta quinta-feira, \u00e0 medida que o recuo dos pre\u00e7os do petr\u00f3leo e do g\u00e1s gera um al\u00edvio aos investidores preocupados com descontrole da infla\u00e7\u00e3o&#8221;, analisa a <strong>Ativa Invesetimentos<\/strong>.<\/p>\n<p>&#8220;Na Europa, embora produ\u00e7\u00e3o industrial na Alemanha tenha decepcionado, algumas empresas do setor de constru\u00e7\u00e3o e materiais divulgaram dados operacionais positivos que se somaram ao sentimento otimista.&#8221;<\/p>\n<p>As tens\u00e3o do mercado imobili\u00e1rio se mant\u00eam, ao mesmo tempo que o impasse do teto da d\u00edvida dos Estados Unidos ganha novos cap\u00edtulos.<\/p>\n<p>Nos Estados Unidos, os democratas sinalizaram que devem aceitar a proposta do republicano Mitch McConnell para suspender o teto da d\u00edvida do pa\u00eds at\u00e9 dezembro, o que tira do caminho o risco imediato de um &#8220;shutdown&#8221;, ou paralisa\u00e7\u00e3o da m\u00e1quina p\u00fablica no curto prazo.<\/p>\n<p>&#8220;A secret\u00e1ria de Energia dos EUA, Jennifer Granholm, levantou a possibilidade de liberar petr\u00f3leo bruto da reserva estrat\u00e9gica da commodity mantida pelo governo, declarando que &#8220;todas as ferramentas est\u00e3o na mesa&#8221;, enquanto a administra\u00e7\u00e3o Biden enfrenta um aumento politicamente perigoso no pre\u00e7o da gasolina&#8221;, analisa Pedro Galdi, analista CNPI da Mirae Asset.<\/p>\n\t<div data-element=\"shortcode-read-more\" class=\"knowMore\">\n\t\t\t\t<span class=\"knowMore__title\">Leia mais<\/span>\n\t\t\t\t<a class=\"knowMore__link\" href=\"https:\/\/www.suno.com.br\/noticias\/asia-evergrande-queda-toquio-hong-kong\/\">\n\t\t\tNa \u00c1sia, Evergrande pressiona Bolsa em T\u00f3quio mas Hong Kong se recupera\t\t<\/a>\n\t<\/div>\n\n\n<p>Em termos de indicadores, os Pedidos Iniciais por Seguro-Desemprego vieram melhor do que o esperado, e o restante do dia deve contar com dados menores relevantes.<\/p>\n<p>Al\u00e9m disso, mais cedo, \u00e0s 8h30, foram publicadas as Atas da Reuni\u00e3o de Pol\u00edtica Monet\u00e1ria do BCE e \u00e0s 11h \u00e9 publicado o PMI Ivey do Canad\u00e1.<\/p>\n<h2>Not\u00edcias que v\u00e3o movimentar o Ibovespa hoje<\/h2>\n<ul>\n<li><strong>Banco Inter <\/strong>dispara com sa\u00edda das units<\/li>\n<li><b>Embraer <\/b>ir\u00e1 exportar jatos via financiamento do BNDES<\/li>\n<li><b>PetroRio<\/b> \u00e9 favorita da Petrobras<\/li>\n<\/ul>\n<h2>Inter avan\u00e7a em reorganiza\u00e7\u00e3o<\/h2>\n<p>O\u00a0<a href=\"https:\/\/www.suno.com.br\/acoes\/bidi4\/\"><strong>Banco Inter<\/strong>\u00a0(BIDI4)<\/a> avan\u00e7ou na sua reorganiza\u00e7\u00e3o societ\u00e1ria, j\u00e1 conhecida pelo mercado desde o m\u00eas de maio, com a contrata\u00e7\u00e3o de assessores para migrar sua base acion\u00e1ria para a Inter Platform.<\/p>\n<p>Ap\u00f3s esse movimento, haver\u00e1 a listagem das a\u00e7\u00f5es nos Estados Unidos e emiss\u00e3o de <a href=\"https:\/\/www.suno.com.br\/artigos\/bdr-uma-forma-simples-de-investir-no-exterior\/\">Brazilian Depositary Receipts (BDRs)<\/a>\u00a0na B3.<\/p>\n\t<p>\n\t\t<a href=\"https:\/\/lp.suno.com.br\/planilha-da-vida-financeira\/\" target=\"_blank\" data-element=\"shortcode-suno-banner\" title=\"Banner SUNO, clique e saiba mais\">\n\t\t\t<picture>\n\t\t\t\t<source media=\"(max-width: 500px)\" srcset=\"https:\/\/files.sunoresearch.com.br\/n\/uploads\/2023\/04\/400x300-Planilha-vida-financeira-true.png\">\n\t\t\t\t<img class=\"newsContent__article__imgCapa newsContent__article__imgCapa--banner\"\n\t\t\t\t\tsrc=\"https:\/\/files.sunoresearch.com.br\/n\/uploads\/2023\/04\/1420x240-Planilha-vida-financeira-true.png\"\n\t\t\t\t\tdata-promo-id=\"106682\"\t\t\t\t\t\t\t\t\t\twidth='1420' height='240'\t\t\t\t\talt=\"https:\/\/files.sunoresearch.com.br\/n\/uploads\/2023\/04\/1420x240-Planilha-vida-financeira-true.png\"\n\t\t\t\t>\n\t\t\t<\/picture>\n\t\t<\/a>\n\t<\/p>\n\n\n<p>A mudan\u00e7a implica no fato de que as <strong>units do Banco Inter<\/strong>\u00a0deixar\u00e3o de ser negociadas na B3, abrindo caminho para os BDRs de emiss\u00e3o do\u00a0<strong>Inter Platform<\/strong>.<\/p>\n<p>O banco disse que manter\u00e1 o registro de companhia aberta junto \u00e0 <a href=\"https:\/\/www.suno.com.br\/artigos\/cvm\/\">Comiss\u00e3o de Valores Mobili\u00e1rios (<strong>CVM<\/strong>)<\/a>\u00a0pelo prazo de, ao menos, 12 meses.<\/p>\n<p>A proposta consiste na incorpora\u00e7\u00e3o de todas as\u00a0<strong>a\u00e7\u00f5es do Banco Inter<\/strong> por sua controladora direta, a Inter Holding Financeira S.A., ou HoldFin. Enquanto isso, os Menin seguem como controladores, com 35% dos pap\u00e9is da Inter Platform e aproximadamente de 84% do capital votante.<\/p>\n<p>As <strong>a\u00e7\u00f5es do Banco Inter <\/strong>seguem a tend\u00eancia do <strong>Ibovespa hoje<\/strong>, em alta de 9,2%.<\/p>\n<h2>Embraer decola aos EUA<\/h2>\n<p>A\u00a0<a class=\"suno-keyword\" href=\"https:\/\/www.suno.com.br\/acoes\/EMBR3\/\" target=\"_blank\" rel=\"noopener\" data-force=\"yes\" data-priority=\"2\"><strong>Embraer<\/strong>\u00a0(EMBR3)<\/a>\u00a0far\u00e1 um financiamento de mais de US$ 500 milh\u00f5es pelo\u00a0<a class=\"suno-keyword\" href=\"https:\/\/www.suno.com.br\/artigos\/bndes\/\" target=\"_blank\" rel=\"noopener\" data-force=\"no\" data-priority=\"2\">Banco Nacional de Desenvolvimento Econ\u00f4mico e Social (BNDES)<\/a>\u00a0para a exporta\u00e7\u00e3o de 24 jatos comerciais E175 \u00e0 SkyWest Airlines, dos EUA.<\/p>\n<p>A entrega dos\u00a0<strong>jatos da Embraer<\/strong>\u00a0est\u00e1 prevista para ocorrer desde agosto passado at\u00e9 abril de 2022.<\/p>\n<p>A linha, do\u00a0<strong>BNDES<\/strong>\u00a0Exim P\u00f3s-embarque, tem desembolsos realizados em reais no Brasil em favor da exportadora (Embraer).<\/p>\n<p>Nesse tipo de opera\u00e7\u00e3o, a importadora assume o compromisso de pagamento em d\u00f3lares ao BNDES e h\u00e1 na transa\u00e7\u00e3o um seguro de cr\u00e9dito com cobertura para riscos comerciais,\u00a0<a href=\"https:\/\/www.suno.com.br\/artigos\/risco-brasil\/\">pol\u00edticos<\/a>\u00a0e\u00a0<a href=\"https:\/\/www.suno.com.br\/artigos\/risco-legal\">extraordin\u00e1rios<\/a>.<\/p>\n<p>\u201cA opera\u00e7\u00e3o fortalece a produ\u00e7\u00e3o industrial nacional em um momento em que ela ainda sente os efeitos da pandemia de Covid-19 e ajuda a viabilizar a presen\u00e7a de produtos brasileiros de alta tecnologia no maior e mais competitivo mercado de avia\u00e7\u00e3o do mundo\u201d, diz a companhia em comunicado.<\/p>\n<p>Na nota, o diretor de Cr\u00e9dito Produtivo e Socioambiental do BNDES, Bruno Aranha, afirma que a apoia a empresa na retomada do crescimento de suas vendas \u201cno contexto do maior desafio j\u00e1 enfrentado na hist\u00f3ria do setor aeron\u00e1utico, garantindo, assim, a manuten\u00e7\u00e3o de empregos qualificados no Pa\u00eds.\u201d<\/p>\n<p>De acordo com a Embraer, o mercado americano tem se recuperado: Em maio de 2020, a quantidade de voos correspondia a 24% do mesmo m\u00eas do ano anterior, \u00edndice que se recuperou a 80% em maio de 2021.<\/p>\n<p>As <strong>a\u00e7\u00f5es da Embraer <\/strong>sobem 1,2% no <strong>Ibovespa hoje<\/strong>.<\/p>\n<h2>Petro Rio pode ganhar disputa pelo Albacora<\/h2>\n<p>Segundo informa\u00e7\u00f5es da ag\u00eancia Reuters, citando fontes, a <a href=\"https:\/\/www.suno.com.br\/acoes\/petr4\">Petrobras (PETR4)<\/a> escolheu a proposta do cons\u00f3rcio da <a href=\"https:\/\/www.suno.com.br\/acoes\/TASA4\/\"><strong>PetroRio <\/strong>(PRIO3)<\/a> e Cobra, subsidi\u00e1ria da francesa Vinci, para o campo petrol\u00edfero offshore de Albacora.<\/p>\n<p>A proposta de ambas superou uma oferta concorrente feita por um cons\u00f3rcio composto pela empresa de private equity EIG Global Energy Partners junto com as brasileiras E<a href=\"https:\/\/www.suno.com.br\/acoes\/enat3\/\">nauta Participa\u00e7\u00f5es (ENAT3)<\/a> e <a href=\"https:\/\/www.suno.com.br\/acoes\/rrrp3\/\">3R Petroleum (RRRP3)<\/a>, de acordo com as fontes da Reuters.<\/p>\n\t<p>\n\t\t<a href=\"https:\/\/lp.suno.com.br\/ebook-como-analisar-uma-acao\/\" target=\"_blank\" data-element=\"shortcode-suno-banner\" title=\"Banner SUNO, clique e saiba mais\">\n\t\t\t<picture>\n\t\t\t\t<source media=\"(max-width: 500px)\" srcset=\"https:\/\/files.sunoresearch.com.br\/n\/uploads\/2023\/03\/Ebook-Acoes-Mobile-1.jpg\">\n\t\t\t\t<img class=\"newsContent__article__imgCapa newsContent__article__imgCapa--banner\"\n\t\t\t\t\tsrc=\"https:\/\/files.sunoresearch.com.br\/n\/uploads\/2023\/03\/Ebook-Acoes-Desktop-1.jpg\"\n\t\t\t\t\tdata-promo-id=\"171998\"\t\t\t\t\t\t\t\t\t\twidth='1420' height='286'\t\t\t\t\talt=\"https:\/\/files.sunoresearch.com.br\/n\/uploads\/2023\/03\/Ebook-Acoes-Desktop-1.jpg\"\n\t\t\t\t>\n\t\t\t<\/picture>\n\t\t<\/a>\n\t<\/p>\n\n\n<p>Em esclarecimento, a PetroRio informou que, at\u00e9 o momento, o cons\u00f3rcio n\u00e3o recebeu notifica\u00e7\u00e3o formal da Petrobras sobre ter sido escolhido como \u201cpreferred bidder\u201d no processo de desinvestimento de Albacora.<\/p>\n<p>\u201cA companhia faz parte do processo, como operador do cons\u00f3rcio em que participa, e apresentou proposta vinculante na \u00faltima etapa do procedimento, mas ainda aguarda a notifica\u00e7\u00e3o sobre as pr\u00f3ximas etapas\u201d, destacou a petroleira.<\/p>\n<p>Na <strong>Bolsa de Valores hoje<\/strong> as <strong>a\u00e7\u00f5es da PetroRio <\/strong>sobem 3,2%.<\/p>\n<h2>Destaques do Ibovespa<\/h2>\n<p>As principais altas no Ibovespa, por volta das 10h20 s\u00e3o:<\/p>\n<ul>\n<li><a href=\"https:\/\/www.suno.com.br\/acoes\/BIDI11\"><strong>Banco Inter <\/strong>(BIDI11)<\/a>: +9,2%<\/li>\n<li><a href=\"https:\/\/www.suno.com.br\/acoes\/BIDI4\/\"><strong>Banco Inter <\/strong>(BIDI4)<\/a>: +8,6%<\/li>\n<li><a href=\"https:\/\/www.suno.com.br\/acoes\/mrve3\/\"><strong>Yduqs <\/strong>(YDUQ3)<\/a>: +3,2%<\/li>\n<li><a href=\"https:\/\/www.suno.com.br\/acoes\/CASH3\/\"><strong>PetroRio <\/strong>(RADL3)<\/a>: +3,2%<\/li>\n<li><a href=\"https:\/\/www.suno.com.br\/acoes\/sbsp3\/\"><strong>Banco Pan <\/strong>(BPAN4)<\/a>: +2,5%<\/li>\n<\/ul>\n<p>No mesmo hor\u00e1rio, as principais quedas no Ibovespa eram:<\/p>\n<ul>\n<li><a href=\"https:\/\/www.suno.com.br\/acoes\/suzb3\/\"><strong>Rumo <\/strong>(RAIL3)<\/a>: -3,2%<\/li>\n<li><a href=\"https:\/\/www.suno.com.br\/acoes\/suzb3\/\"><strong>Cosan <\/strong>(CSAN3)<\/a>: -2,1%<\/li>\n<li><a href=\"https:\/\/www.suno.com.br\/acoes\/sbsp3\/\"><strong>DexCo <\/strong>(DXCO3)<\/a>: -1,4%<\/li>\n<li><a href=\"https:\/\/www.suno.com.br\/acoes\/sbsp3\/\"><strong>Rede D&#8217;Or <\/strong>(RDOR3)<\/a>: -1,1%<\/li>\n<li><a href=\"https:\/\/www.suno.com.br\/acoes\/klbn11\/\"><strong>Carrefour <\/strong>(CRFB3)<\/a>: -0,9%<\/li>\n<\/ul>\n<h2>Principais \u00edndices<\/h2>\n<ul>\n<li><a href=\"https:\/\/www.suno.com.br\/artigos\/ifix\/\">IFIX<\/a>: +0,16%<\/li>\n<li><a href=\"https:\/\/www.suno.com.br\/artigos\/smll\/\">SMLL<\/a>: +0,67%<\/li>\n<li><a href=\"https:\/\/www.suno.com.br\/artigos\/idiv\/\">IDIV<\/a>: +0,52%<\/li>\n<li><a href=\"https:\/\/www.suno.com.br\/artigos\/ibrx\/\">IBRX 100<\/a>: +0,35%<\/li>\n<\/ul>\n<h2>Bolsas mundiais<\/h2>\n<p>Veja o desempenho dos principais \u00edndices acion\u00e1rios no exterior, al\u00e9m do \u00edndice Ibovespa<strong>:<\/strong><\/p>\n<ul>\n<li><a href=\"https:\/\/www.suno.com.br\/artigos\/indice-dow-jones-djia\/\">Nova York Dow Jones (DJIA) futuro<\/a>: +1,10%<\/li>\n<li><a href=\"https:\/\/www.suno.com.br\/artigos\/futuro-de-sp-500\/\">Nova York (S&amp;P 500) futuro<\/a>: +0,93%<\/li>\n<li><a href=\"https:\/\/www.suno.com.br\/artigos\/dax-30\/\">Frankfurt (DAX 30)<\/a>: +1,17%<\/li>\n<li><a href=\"https:\/\/www.suno.com.br\/artigos\/ftse-100\/\">Londres (FTSE 100)<\/a>: +0,99%<\/li>\n<li><a href=\"https:\/\/www.suno.com.br\/artigos\/cac-40\/\">Paris (CAC 40)<\/a>: +1,50%<\/li>\n<li><a href=\"https:\/\/www.suno.com.br\/artigos\/ftse-mib\/\">Mil\u00e3o (FTSE\/MIB)<\/a>: +1,26%<\/li>\n<li><a href=\"https:\/\/www.suno.com.br\/artigos\/nikkei-225\/\">T\u00f3quio (Nikkei 225)<\/a>: +0,54% (fechada)<\/li>\n<li><a href=\"https:\/\/www.suno.com.br\/artigos\/bolsa-de-xangai\/\">Xangai (SSE Composite)<\/a>: +0,90% (fechada)<\/li>\n<li><a href=\"https:\/\/www.suno.com.br\/artigos\/hang-seng\/\">Hong Kong (Hang Seng)<\/a>: +3,07% (fechada)<\/li>\n<\/ul>\n<h2>\u00daltima cota\u00e7\u00e3o do Ibovespa<\/h2>\n<p>No fechamento do preg\u00e3o de quarta (5), ap\u00f3s abrir no vermelho, o <strong>Ibovespa<\/strong> fechou em alta de 0,09%, a 110.560 pontos.<\/p>\n\t<p>\n\t\t<a href=\"https:\/\/lp.suno.com.br\/planilha-de-controle-de-investimentos\/\" target=\"_blank\" data-element=\"shortcode-suno-banner\" title=\"Banner SUNO, clique e saiba mais\">\n\t\t\t<picture>\n\t\t\t\t<source media=\"(max-width: 500px)\" srcset=\"https:\/\/files.sunoresearch.com.br\/n\/uploads\/2023\/03\/400x300-Controle-de-Investimentos.png\">\n\t\t\t\t<img class=\"newsContent__article__imgCapa newsContent__article__imgCapa--banner\"\n\t\t\t\t\tsrc=\"https:\/\/files.sunoresearch.com.br\/n\/uploads\/2023\/03\/1420x240-Controle-de-Investimentos.png\"\n\t\t\t\t\tdata-promo-id=\"75934\"\t\t\t\t\t\t\t\t\t\twidth='1420' height='240'\t\t\t\t\talt=\"https:\/\/files.sunoresearch.com.br\/n\/uploads\/2023\/03\/1420x240-Controle-de-Investimentos.png\"\n\t\t\t\t>\n\t\t\t<\/picture>\n\t\t<\/a>\n\t<\/p>\n\n\n","protected":false},"excerpt":{"rendered":"<p>No preg\u00e3o desta quinta-feira (7),\u00a0o Ibovespa\u00a0abre em alta de 0,24% aos 110.790 pontos. O avan\u00e7o \u00e9 puxado pelo Banco Inter, ap\u00f3s a not\u00edcia de que o banco retirar\u00e1 suas units de circula\u00e7\u00e3o da Bolsa brasileira. No acumulado de 2022, a\u00e7\u00f5es do Banco Inter caem 20% e mostram valuation atrativo, dizem analistas &#8211; Foto: Divulga\u00e7\u00e3o O [&hellip;]<\/p>\n","protected":false},"author":73,"featured_media":86319,"comment_status":"closed","ping_status":"closed","sticky":false,"template":"","format":"standard","meta":[],"categories":[60],"tags":[106764,460,721,597],"suno_strategy":[],"class_list":["post-191674","post","type-post","status-publish","format-standard","has-post-thumbnail","hentry","category-mercado","tag-banco-inter-bidi11","tag-embraer-embr3","tag-ibovespa","tag-petrorio-prio3"],"yoast_head":"<!-- This site is optimized with the Yoast SEO plugin v24.4 - https:\/\/yoast.com\/wordpress\/plugins\/seo\/ -->\n<title>Ibovespa abre em alta com Banco Inter (BIDI11) subindo quase 10%<\/title>\n<meta name=\"description\" content=\"Ap\u00f3s an\u00fancio de entrada do capital nos EUA, Banco Inter dispara no Ibovespa com possibilidade de FR de suas units. Clique aqui e leia mais.\" \/>\n<meta name=\"robots\" content=\"index, follow, max-snippet:-1, max-image-preview:large, max-video-preview:-1\" \/>\n<link rel=\"canonical\" href=\"https:\/\/www.suno.com.br\/noticias\/ibovespa-banco-inter-bidi11-bidi4-07102021\/\" \/>\n<meta property=\"og:locale\" content=\"pt_BR\" \/>\n<meta property=\"og:type\" content=\"article\" \/>\n<meta property=\"og:title\" content=\"Ibovespa abre em alta com Banco Inter (BIDI11) subindo quase 10%\" \/>\n<meta property=\"og:description\" content=\"Ap\u00f3s an\u00fancio de entrada do capital nos EUA, Banco Inter dispara no Ibovespa com possibilidade de FR de suas units. Clique aqui e leia mais.\" \/>\n<meta property=\"og:url\" content=\"https:\/\/www.suno.com.br\/noticias\/ibovespa-banco-inter-bidi11-bidi4-07102021\/\" \/>\n<meta property=\"og:site_name\" content=\"Suno Not\u00edcias\" \/>\n<meta property=\"article:publisher\" content=\"https:\/\/facebook.com\/sunoresearch\" \/>\n<meta property=\"og:image\" content=\"https:\/\/files.sunoresearch.com.br\/n\/uploads\/2020\/09\/e839eb06-banco-inter-1.jpg\" \/>\n\t<meta property=\"og:image:width\" content=\"1280\" \/>\n\t<meta property=\"og:image:height\" content=\"720\" \/>\n\t<meta property=\"og:image:type\" content=\"image\/jpeg\" \/>\n<meta name=\"author\" content=\"Eduardo Vargas\" \/>\n<meta name=\"twitter:card\" content=\"summary_large_image\" \/>\n<meta name=\"twitter:creator\" content=\"@sunoresearch\" \/>\n<meta name=\"twitter:site\" content=\"@sunoresearch\" \/>\n<meta name=\"twitter:label1\" content=\"Escrito por\" \/>\n\t<meta name=\"twitter:data1\" content=\"Eduardo Vargas\" \/>\n\t<meta name=\"twitter:label2\" content=\"Est. tempo de leitura\" \/>\n\t<meta name=\"twitter:data2\" content=\"5 minutos\" \/>\n<script type=\"application\/ld+json\" class=\"yoast-schema-graph\">{\"@context\":\"https:\/\/schema.org\",\"@graph\":[{\"@type\":\"NewsArticle\",\"@id\":\"https:\/\/www.suno.com.br\/noticias\/ibovespa-banco-inter-bidi11-bidi4-07102021\/#article\",\"isPartOf\":{\"@id\":\"https:\/\/www.suno.com.br\/noticias\/ibovespa-banco-inter-bidi11-bidi4-07102021\/\"},\"author\":{\"name\":\"Eduardo Vargas\",\"@id\":\"https:\/\/www.suno.com.br\/noticias\/#\/schema\/person\/7f4d362bf3518e76090143ae77bb49a5\"},\"headline\":\"Ibovespa abre em alta com Banco Inter (BIDI11) subindo quase 10%\",\"datePublished\":\"2021-10-07T14:09:33+00:00\",\"mainEntityOfPage\":{\"@id\":\"https:\/\/www.suno.com.br\/noticias\/ibovespa-banco-inter-bidi11-bidi4-07102021\/\"},\"wordCount\":1161,\"publisher\":{\"@id\":\"https:\/\/www.suno.com.br\/noticias\/#organization\"},\"image\":{\"@id\":\"https:\/\/www.suno.com.br\/noticias\/ibovespa-banco-inter-bidi11-bidi4-07102021\/#primaryimage\"},\"thumbnailUrl\":\"https:\/\/files.sunoresearch.com.br\/n\/uploads\/2020\/09\/e839eb06-banco-inter-1-jpg.webp\",\"keywords\":[\"Banco Inter (BIDI11)\",\"Embraer (EMBR3)\",\"Ibovespa\",\"PetroRio (PRIO3)\"],\"articleSection\":[\"Mercado\"],\"inLanguage\":\"pt-BR\"},{\"@type\":\"WebPage\",\"@id\":\"https:\/\/www.suno.com.br\/noticias\/ibovespa-banco-inter-bidi11-bidi4-07102021\/\",\"url\":\"https:\/\/www.suno.com.br\/noticias\/ibovespa-banco-inter-bidi11-bidi4-07102021\/\",\"name\":\"Ibovespa abre em alta com Banco Inter (BIDI11) subindo quase 10%\",\"isPartOf\":{\"@id\":\"https:\/\/www.suno.com.br\/noticias\/#website\"},\"primaryImageOfPage\":{\"@id\":\"https:\/\/www.suno.com.br\/noticias\/ibovespa-banco-inter-bidi11-bidi4-07102021\/#primaryimage\"},\"image\":{\"@id\":\"https:\/\/www.suno.com.br\/noticias\/ibovespa-banco-inter-bidi11-bidi4-07102021\/#primaryimage\"},\"thumbnailUrl\":\"https:\/\/files.sunoresearch.com.br\/n\/uploads\/2020\/09\/e839eb06-banco-inter-1-jpg.webp\",\"datePublished\":\"2021-10-07T14:09:33+00:00\",\"description\":\"Ap\u00f3s an\u00fancio de entrada do capital nos EUA, Banco Inter dispara no Ibovespa com possibilidade de FR de suas units. Clique aqui e leia mais.\",\"breadcrumb\":{\"@id\":\"https:\/\/www.suno.com.br\/noticias\/ibovespa-banco-inter-bidi11-bidi4-07102021\/#breadcrumb\"},\"inLanguage\":\"pt-BR\",\"potentialAction\":[{\"@type\":\"ReadAction\",\"target\":[\"https:\/\/www.suno.com.br\/noticias\/ibovespa-banco-inter-bidi11-bidi4-07102021\/\"]}]},{\"@type\":\"ImageObject\",\"inLanguage\":\"pt-BR\",\"@id\":\"https:\/\/www.suno.com.br\/noticias\/ibovespa-banco-inter-bidi11-bidi4-07102021\/#primaryimage\",\"url\":\"https:\/\/files.sunoresearch.com.br\/n\/uploads\/2020\/09\/e839eb06-banco-inter-1-jpg.webp\",\"contentUrl\":\"https:\/\/files.sunoresearch.com.br\/n\/uploads\/2020\/09\/e839eb06-banco-inter-1-jpg.webp\",\"width\":1280,\"height\":720,\"caption\":\"No acumulado de 2022, a\u00e7\u00f5es do Banco Inter caem 20% e mostram valuation atrativo, dizem analistas - Foto: Divulga\u00e7\u00e3o\"},{\"@type\":\"BreadcrumbList\",\"@id\":\"https:\/\/www.suno.com.br\/noticias\/ibovespa-banco-inter-bidi11-bidi4-07102021\/#breadcrumb\",\"itemListElement\":[{\"@type\":\"ListItem\",\"position\":1,\"name\":\"Not\u00edcias\",\"item\":\"https:\/\/www.suno.com.br\/noticias\/\"},{\"@type\":\"ListItem\",\"position\":2,\"name\":\"Mercado\",\"item\":\"https:\/\/www.suno.com.br\/noticias\/mercado\/\"},{\"@type\":\"ListItem\",\"position\":3,\"name\":\"Ibovespa abre em alta com Banco Inter (BIDI11) subindo quase 10%\"}]},{\"@type\":\"WebSite\",\"@id\":\"https:\/\/www.suno.com.br\/noticias\/#website\",\"url\":\"https:\/\/www.suno.com.br\/noticias\/\",\"name\":\"Suno Not\u00edcias\",\"description\":\"Seu portal de informa\u00e7\u00e3o sobre o mundo dos investimentos\",\"publisher\":{\"@id\":\"https:\/\/www.suno.com.br\/noticias\/#organization\"},\"potentialAction\":[{\"@type\":\"SearchAction\",\"target\":{\"@type\":\"EntryPoint\",\"urlTemplate\":\"https:\/\/www.suno.com.br\/noticias\/?s={search_term_string}\"},\"query-input\":{\"@type\":\"PropertyValueSpecification\",\"valueRequired\":true,\"valueName\":\"search_term_string\"}}],\"inLanguage\":\"pt-BR\"},{\"@type\":\"Organization\",\"@id\":\"https:\/\/www.suno.com.br\/noticias\/#organization\",\"name\":\"Suno Not\u00edcias\",\"url\":\"https:\/\/www.suno.com.br\/noticias\/\",\"logo\":{\"@type\":\"ImageObject\",\"inLanguage\":\"pt-BR\",\"@id\":\"https:\/\/www.suno.com.br\/noticias\/#\/schema\/logo\/image\/\",\"url\":\"https:\/\/files.sunoresearch.com.br\/n\/uploads\/2021\/09\/suno-logo.png\",\"contentUrl\":\"https:\/\/files.sunoresearch.com.br\/n\/uploads\/2021\/09\/suno-logo.png\",\"width\":180,\"height\":180,\"caption\":\"Suno Not\u00edcias\"},\"image\":{\"@id\":\"https:\/\/www.suno.com.br\/noticias\/#\/schema\/logo\/image\/\"},\"sameAs\":[\"https:\/\/facebook.com\/sunoresearch\",\"https:\/\/x.com\/sunoresearch\",\"https:\/\/www.instagram.com\/suno\",\"https:\/\/www.linkedin.com\/company\/suno-research\/\",\"https:\/\/www.youtube.com\/c\/sunoresearch\"]},{\"@type\":\"Person\",\"@id\":\"https:\/\/www.suno.com.br\/noticias\/#\/schema\/person\/7f4d362bf3518e76090143ae77bb49a5\",\"name\":\"Eduardo Vargas\",\"image\":{\"@type\":\"ImageObject\",\"inLanguage\":\"pt-BR\",\"@id\":\"https:\/\/www.suno.com.br\/noticias\/#\/schema\/person\/image\/\",\"url\":\"https:\/\/secure.gravatar.com\/avatar\/dac340933427a22924c9f99d1eb2e3f2?s=96&r=g\",\"contentUrl\":\"https:\/\/secure.gravatar.com\/avatar\/dac340933427a22924c9f99d1eb2e3f2?s=96&r=g\",\"caption\":\"Eduardo Vargas\"},\"description\":\"Jornalista formado pela UFSC, cobre macroeconomia, neg\u00f3cios e startups para o Suno Not\u00edcias, escrevendo principalmente not\u00edcias sobre o mercado financeiro e a bolsa de valores. No YouTube e no Instagram, \u00e9 respons\u00e1vel pela produ\u00e7\u00e3o de Reels e Shorts do Suno Not\u00edcias. Anteriormente, trabalhou cobrindo economia e cotidiano no ND+ e para o ND, maior jornal impresso de Santa Catarina. Cursou um semestre letivo de Estudos de M\u00eddia na Universidad de Buenos Aires.\",\"url\":\"https:\/\/www.suno.com.br\/noticias\/author\/eduardo-vargas\/\"}]}<\/script>\n<!-- \/ Yoast SEO plugin. -->","yoast_head_json":{"title":"Ibovespa abre em alta com Banco Inter (BIDI11) subindo quase 10%","description":"Ap\u00f3s an\u00fancio de entrada do capital nos EUA, Banco Inter dispara no Ibovespa com possibilidade de FR de suas units. Clique aqui e leia mais.","robots":{"index":"index","follow":"follow","max-snippet":"max-snippet:-1","max-image-preview":"max-image-preview:large","max-video-preview":"max-video-preview:-1"},"canonical":"https:\/\/www.suno.com.br\/noticias\/ibovespa-banco-inter-bidi11-bidi4-07102021\/","og_locale":"pt_BR","og_type":"article","og_title":"Ibovespa abre em alta com Banco Inter (BIDI11) subindo quase 10%","og_description":"Ap\u00f3s an\u00fancio de entrada do capital nos EUA, Banco Inter dispara no Ibovespa com possibilidade de FR de suas units. Clique aqui e leia mais.","og_url":"https:\/\/www.suno.com.br\/noticias\/ibovespa-banco-inter-bidi11-bidi4-07102021\/","og_site_name":"Suno Not\u00edcias","article_publisher":"https:\/\/facebook.com\/sunoresearch","og_image":[{"width":1280,"height":720,"url":"https:\/\/files.sunoresearch.com.br\/n\/uploads\/2020\/09\/e839eb06-banco-inter-1.jpg","type":"image\/jpeg"}],"author":"Eduardo Vargas","twitter_card":"summary_large_image","twitter_creator":"@sunoresearch","twitter_site":"@sunoresearch","twitter_misc":{"Escrito por":"Eduardo Vargas","Est. tempo de leitura":"5 minutos"},"schema":{"@context":"https:\/\/schema.org","@graph":[{"@type":"NewsArticle","@id":"https:\/\/www.suno.com.br\/noticias\/ibovespa-banco-inter-bidi11-bidi4-07102021\/#article","isPartOf":{"@id":"https:\/\/www.suno.com.br\/noticias\/ibovespa-banco-inter-bidi11-bidi4-07102021\/"},"author":{"name":"Eduardo Vargas","@id":"https:\/\/www.suno.com.br\/noticias\/#\/schema\/person\/7f4d362bf3518e76090143ae77bb49a5"},"headline":"Ibovespa abre em alta com Banco Inter (BIDI11) subindo quase 10%","datePublished":"2021-10-07T14:09:33+00:00","mainEntityOfPage":{"@id":"https:\/\/www.suno.com.br\/noticias\/ibovespa-banco-inter-bidi11-bidi4-07102021\/"},"wordCount":1161,"publisher":{"@id":"https:\/\/www.suno.com.br\/noticias\/#organization"},"image":{"@id":"https:\/\/www.suno.com.br\/noticias\/ibovespa-banco-inter-bidi11-bidi4-07102021\/#primaryimage"},"thumbnailUrl":"https:\/\/files.sunoresearch.com.br\/n\/uploads\/2020\/09\/e839eb06-banco-inter-1-jpg.webp","keywords":["Banco Inter (BIDI11)","Embraer (EMBR3)","Ibovespa","PetroRio (PRIO3)"],"articleSection":["Mercado"],"inLanguage":"pt-BR"},{"@type":"WebPage","@id":"https:\/\/www.suno.com.br\/noticias\/ibovespa-banco-inter-bidi11-bidi4-07102021\/","url":"https:\/\/www.suno.com.br\/noticias\/ibovespa-banco-inter-bidi11-bidi4-07102021\/","name":"Ibovespa abre em alta com Banco Inter (BIDI11) subindo quase 10%","isPartOf":{"@id":"https:\/\/www.suno.com.br\/noticias\/#website"},"primaryImageOfPage":{"@id":"https:\/\/www.suno.com.br\/noticias\/ibovespa-banco-inter-bidi11-bidi4-07102021\/#primaryimage"},"image":{"@id":"https:\/\/www.suno.com.br\/noticias\/ibovespa-banco-inter-bidi11-bidi4-07102021\/#primaryimage"},"thumbnailUrl":"https:\/\/files.sunoresearch.com.br\/n\/uploads\/2020\/09\/e839eb06-banco-inter-1-jpg.webp","datePublished":"2021-10-07T14:09:33+00:00","description":"Ap\u00f3s an\u00fancio de entrada do capital nos EUA, Banco Inter dispara no Ibovespa com possibilidade de FR de suas units. Clique aqui e leia mais.","breadcrumb":{"@id":"https:\/\/www.suno.com.br\/noticias\/ibovespa-banco-inter-bidi11-bidi4-07102021\/#breadcrumb"},"inLanguage":"pt-BR","potentialAction":[{"@type":"ReadAction","target":["https:\/\/www.suno.com.br\/noticias\/ibovespa-banco-inter-bidi11-bidi4-07102021\/"]}]},{"@type":"ImageObject","inLanguage":"pt-BR","@id":"https:\/\/www.suno.com.br\/noticias\/ibovespa-banco-inter-bidi11-bidi4-07102021\/#primaryimage","url":"https:\/\/files.sunoresearch.com.br\/n\/uploads\/2020\/09\/e839eb06-banco-inter-1-jpg.webp","contentUrl":"https:\/\/files.sunoresearch.com.br\/n\/uploads\/2020\/09\/e839eb06-banco-inter-1-jpg.webp","width":1280,"height":720,"caption":"No acumulado de 2022, a\u00e7\u00f5es do Banco Inter caem 20% e mostram valuation atrativo, dizem analistas - Foto: Divulga\u00e7\u00e3o"},{"@type":"BreadcrumbList","@id":"https:\/\/www.suno.com.br\/noticias\/ibovespa-banco-inter-bidi11-bidi4-07102021\/#breadcrumb","itemListElement":[{"@type":"ListItem","position":1,"name":"Not\u00edcias","item":"https:\/\/www.suno.com.br\/noticias\/"},{"@type":"ListItem","position":2,"name":"Mercado","item":"https:\/\/www.suno.com.br\/noticias\/mercado\/"},{"@type":"ListItem","position":3,"name":"Ibovespa abre em alta com Banco Inter (BIDI11) subindo quase 10%"}]},{"@type":"WebSite","@id":"https:\/\/www.suno.com.br\/noticias\/#website","url":"https:\/\/www.suno.com.br\/noticias\/","name":"Suno Not\u00edcias","description":"Seu portal de informa\u00e7\u00e3o sobre o mundo dos investimentos","publisher":{"@id":"https:\/\/www.suno.com.br\/noticias\/#organization"},"potentialAction":[{"@type":"SearchAction","target":{"@type":"EntryPoint","urlTemplate":"https:\/\/www.suno.com.br\/noticias\/?s={search_term_string}"},"query-input":{"@type":"PropertyValueSpecification","valueRequired":true,"valueName":"search_term_string"}}],"inLanguage":"pt-BR"},{"@type":"Organization","@id":"https:\/\/www.suno.com.br\/noticias\/#organization","name":"Suno Not\u00edcias","url":"https:\/\/www.suno.com.br\/noticias\/","logo":{"@type":"ImageObject","inLanguage":"pt-BR","@id":"https:\/\/www.suno.com.br\/noticias\/#\/schema\/logo\/image\/","url":"https:\/\/files.sunoresearch.com.br\/n\/uploads\/2021\/09\/suno-logo.png","contentUrl":"https:\/\/files.sunoresearch.com.br\/n\/uploads\/2021\/09\/suno-logo.png","width":180,"height":180,"caption":"Suno Not\u00edcias"},"image":{"@id":"https:\/\/www.suno.com.br\/noticias\/#\/schema\/logo\/image\/"},"sameAs":["https:\/\/facebook.com\/sunoresearch","https:\/\/x.com\/sunoresearch","https:\/\/www.instagram.com\/suno","https:\/\/www.linkedin.com\/company\/suno-research\/","https:\/\/www.youtube.com\/c\/sunoresearch"]},{"@type":"Person","@id":"https:\/\/www.suno.com.br\/noticias\/#\/schema\/person\/7f4d362bf3518e76090143ae77bb49a5","name":"Eduardo Vargas","image":{"@type":"ImageObject","inLanguage":"pt-BR","@id":"https:\/\/www.suno.com.br\/noticias\/#\/schema\/person\/image\/","url":"https:\/\/secure.gravatar.com\/avatar\/dac340933427a22924c9f99d1eb2e3f2?s=96&r=g","contentUrl":"https:\/\/secure.gravatar.com\/avatar\/dac340933427a22924c9f99d1eb2e3f2?s=96&r=g","caption":"Eduardo Vargas"},"description":"Jornalista formado pela UFSC, cobre macroeconomia, neg\u00f3cios e startups para o Suno Not\u00edcias, escrevendo principalmente not\u00edcias sobre o mercado financeiro e a bolsa de valores. No YouTube e no Instagram, \u00e9 respons\u00e1vel pela produ\u00e7\u00e3o de Reels e Shorts do Suno Not\u00edcias. Anteriormente, trabalhou cobrindo economia e cotidiano no ND+ e para o ND, maior jornal impresso de Santa Catarina. Cursou um semestre letivo de Estudos de M\u00eddia na Universidad de Buenos Aires.","url":"https:\/\/www.suno.com.br\/noticias\/author\/eduardo-vargas\/"}]}},"default_loop_html":"<div class=\"cardsPage__listCard__boxs\"><div class=\"cardsPage__listCard__boxs__img\"><a href=\"https:\/\/www.suno.com.br\/noticias\/ibovespa-banco-inter-bidi11-bidi4-07102021\/\"><img class=\"mask\" src=\"https:\/\/www.suno.com.br\/noticias\/wp-content\/themes\/suno\/resources\/images\/spotlight\/spotlight1img\/bg-mask.png\" alt=\"Image Mask\"\/><img src=\"https:\/\/files.sunoresearch.com.br\/n\/uploads\/2020\/09\/e839eb06-banco-inter-1-400x200.webp\" alt=\"Ibovespa abre em alta com Banco Inter (BIDI11) subindo quase 10%\"\/><\/a><span class=\"spotlightCategory\"><a href=\"https:\/\/www.suno.com.br\/noticias\/mercado\/\">Mercado<\/a><\/span><\/div><div class=\"cardsPage__listCard__boxs__content\"><a href=\"https:\/\/www.suno.com.br\/noticias\/ibovespa-banco-inter-bidi11-bidi4-07102021\/\"><h2 class=\"content__title\">Ibovespa abre em alta com Banco Inter (BIDI11) subindo quase 10%<\/h2><\/a><div class=\"newsContent__article__meta\"><div class=\"newsContent__article__meta__authorBox\"><a href=\"https:\/\/www.suno.com.br\/noticias\/author\/eduardo-vargas\/\" class=\"authorBox__avatar noMobi\"><img src=\"https:\/\/secure.gravatar.com\/avatar\/dac340933427a22924c9f99d1eb2e3f2?s=96&#038;r=g\" alt=\"Eduardo Vargas\"><\/a><div class=\"authorBox__name\"><span>por\n\t\t\t<a href=\"https:\/\/www.suno.com.br\/noticias\/author\/eduardo-vargas\/\"><span itemprop=\"author\">Eduardo Vargas<\/span><\/a><\/span><time datetime=\"2021-10-07T11:09:33-03:00\" itemprop=\"datePublished\">07\/10\/2021 11:09<\/time><\/div><\/div><\/div><\/div><\/div>","single_layout":"posts","amp_enabled":true,"_links":{"self":[{"href":"https:\/\/www.suno.com.br\/noticias\/wp-json\/wp\/v2\/posts\/191674"}],"collection":[{"href":"https:\/\/www.suno.com.br\/noticias\/wp-json\/wp\/v2\/posts"}],"about":[{"href":"https:\/\/www.suno.com.br\/noticias\/wp-json\/wp\/v2\/types\/post"}],"author":[{"embeddable":true,"href":"https:\/\/www.suno.com.br\/noticias\/wp-json\/wp\/v2\/users\/73"}],"replies":[{"embeddable":true,"href":"https:\/\/www.suno.com.br\/noticias\/wp-json\/wp\/v2\/comments?post=191674"}],"version-history":[{"count":3,"href":"https:\/\/www.suno.com.br\/noticias\/wp-json\/wp\/v2\/posts\/191674\/revisions"}],"predecessor-version":[{"id":191703,"href":"https:\/\/www.suno.com.br\/noticias\/wp-json\/wp\/v2\/posts\/191674\/revisions\/191703"}],"wp:featuredmedia":[{"embeddable":true,"href":"https:\/\/www.suno.com.br\/noticias\/wp-json\/wp\/v2\/media\/86319"}],"wp:attachment":[{"href":"https:\/\/www.suno.com.br\/noticias\/wp-json\/wp\/v2\/media?parent=191674"}],"wp:term":[{"taxonomy":"category","embeddable":true,"href":"https:\/\/www.suno.com.br\/noticias\/wp-json\/wp\/v2\/categories?post=191674"},{"taxonomy":"post_tag","embeddable":true,"href":"https:\/\/www.suno.com.br\/noticias\/wp-json\/wp\/v2\/tags?post=191674"},{"taxonomy":"suno_strategy","embeddable":true,"href":"https:\/\/www.suno.com.br\/noticias\/wp-json\/wp\/v2\/suno_strategy?post=191674"}],"curies":[{"name":"wp","href":"https:\/\/api.w.org\/{rel}","templated":true}]}}