{"id":191618,"date":"2021-10-07T09:02:53","date_gmt":"2021-10-07T12:02:53","guid":{"rendered":"https:\/\/www.suno.com.br\/noticias\/?p=191618"},"modified":"2021-10-07T09:17:20","modified_gmt":"2021-10-07T12:17:20","slug":"banco-inter-bidi4-bidi11-reorganizacao-societaria-units-b3","status":"publish","type":"post","link":"https:\/\/www.suno.com.br\/noticias\/banco-inter-bidi4-bidi11-reorganizacao-societaria-units-b3\/","title":{"rendered":"Banco Inter (BIDI4) avan\u00e7a em reorganiza\u00e7\u00e3o e units deixar\u00e3o B3"},"content":{"rendered":"<p>O <a href=\"https:\/\/www.suno.com.br\/acoes\/bidi4\/\"><strong>Banco Inter<\/strong> (BIDI4)<\/a> de mais um passo rumo a sua reorganiza\u00e7\u00e3o societ\u00e1ria, anunciada em maio deste ano. O banco contratou assessores financeiros para migrar sua base acion\u00e1ria para a Inter Platform. Com isso, haver\u00e1 a listagem das a\u00e7\u00f5es nos Estados Unidos e emiss\u00e3o de <a href=\"https:\/\/www.suno.com.br\/artigos\/bdr-uma-forma-simples-de-investir-no-exterior\/\">Brazilian Depositary Receipts (BDRs)<\/a> na B3.<\/p>\t<div class=\"wrapper-featured-image\">\n\t\t<figure class=\"spotlightImg\">\n\n\t\t\t<picture>\n\t\t\t\t<source media=\"(max-width: 768px)\" srcset=\"https:\/\/files.sunoresearch.com.br\/n\/uploads\/2021\/04\/01a26e78-inter-2-400x200.webp\">\n\t\t\t\t<img loading=\"lazy\" decoding=\"async\" class=\"newsContent__article__imgCapa lazyloadDisabled \" src=\"https:\/\/files.sunoresearch.com.br\/n\/uploads\/2021\/04\/01a26e78-inter-2-800x450.webp\" width=\"800\" height=\"450\" alt=\"Banco Inter (BIDI4) avan\u00e7a em reorganiza\u00e7\u00e3o e units deixar\u00e3o B3\" fetchpriority=high \/>\n\t\t\t<\/picture>\n\n\t\t\t<figcaption class=\"wp-caption-text wp-caption-text--show\">Banco Inter (BIDI4). Foto: Divulga\u00e7\u00e3o<\/figcaption>\n\t\t<\/figure>\n\t<\/div>\n\n\n\t<p>\n\t\t<a href=\"\" target=\"_blank\" data-element=\"shortcode-suno-banner\" title=\"Banner SUNO, clique e saiba mais\">\n\t\t\t<picture>\n\t\t\t\t<source media=\"(max-width: 500px)\" srcset=\"\">\n\t\t\t\t<img class=\"newsContent__article__imgCapa newsContent__article__imgCapa--banner\"\n\t\t\t\t\tsrc=\"\"\n\t\t\t\t\tdata-promo-id=\"100083\"\t\t\t\t\t\t\t\t\t\t\t\t\t\t\talt=\"\"\n\t\t\t\t>\n\t\t\t<\/picture>\n\t\t<\/a>\n\t<\/p>\n\n\n<p>Com a reorganiza\u00e7\u00e3o societ\u00e1ria, as <strong>units do Banco Inter<\/strong> deixar\u00e3o de ser negociadas na B3, abrindo caminho para os BDRs de emiss\u00e3o do <strong>Inter Platform<\/strong>.<\/p>\n<p>A institui\u00e7\u00e3o disse que manter\u00e1 o registro de companhia aberta junto \u00e0 <a href=\"https:\/\/www.suno.com.br\/artigos\/cvm\/\">Comiss\u00e3o de Valores Mobili\u00e1rios (<strong>CVM<\/strong>)<\/a> pelo prazo de, ao menos, 12 meses.<\/p>\n<p>A reorganiza\u00e7\u00e3o societ\u00e1ria foi aprovada por unanimidade pelo <a class=\"suno-keyword\" href=\"https:\/\/www.suno.com.br\/artigos\/conselho-administracao\/\" target=\"_blank\" rel=\"noopener\" data-force=\"no\" data-priority=\"1\">Conselho de Administra\u00e7\u00e3o<\/a> do banco. O maior acionista n\u00e3o controlador do Inter, ligado ao SoftBank, prop\u00f4s uma s\u00e9rie de medidas a serem estabelecidas no processo, a fim de apoiar a reorganiza\u00e7\u00e3o.<\/p>\n<p>A proposta consiste na incorpora\u00e7\u00e3o de todas as <strong>a\u00e7\u00f5es do Banco Inter<\/strong> por sua controladora direta, a Inter Holding Financeira S.A., ou HoldFin.<\/p>\n<p>A fam\u00edlia Menin, por sua vez, manter\u00e1 o controle da empresa. Ter\u00e1 35% dos pap\u00e9is da Inter Platform e aproximadamente de 84% do capital votante.<\/p>\n<p>A incorpora\u00e7\u00e3o ser\u00e1 deliberada em Assembleia Geral Extraordin\u00e1ria e, caso aprovada, ser\u00e1 realizada imediatamente pela <strong>HoldFin<\/strong>.<\/p>\n<p>Isso ocorrer\u00e1 mediante \u00e0 entrega de <strong>BDRs N\u00edvel I<\/strong> lastreados em a\u00e7\u00f5es de Classe A, do montante financeiro correspondente por a\u00e7\u00e3o preferencial ou ordin\u00e1ria que o que o acionista detenha.<\/p>\n\t<div data-element=\"shortcode-read-more\" class=\"knowMore\">\n\t\t\t\t<span class=\"knowMore__title\">Saiba mais<\/span>\n\t\t\t\t<a class=\"knowMore__link\" href=\"https:\/\/www.suno.com.br\/noticias\/banco-inter-bidi4-bidi11-concorrencia-stone-marketplace\/\">\n\t\t\tBanco Inter (BIDI4): queda de 30% em 30 dias; entenda o que est\u00e1 por tr\u00e1s do tombo\t\t<\/a>\n\t<\/div>\n\n\n<p>As a\u00e7\u00f5es Classe A conferir\u00e3o o direto de um voto por a\u00e7\u00e3o, as quais ser\u00e3o admitidas \u00e0 negocia\u00e7\u00e3o nos Estados Unidos. J\u00e1 as a\u00e7\u00f5es de Classe B dar\u00e3o direito a 10 votos por a\u00e7\u00e3o, de titularidade exclusiva da Inter Platform.<\/p>\n<p>Ap\u00f3s a conclus\u00e3o da<strong> reorganiza\u00e7\u00e3o do Banco Inter<\/strong>, que n\u00e3o tem data nem prazo estabelecido, o organograma do Banco Inter ficar\u00e1 da seguinte forma:<\/p>\n<figure id=\"attachment_191624\" aria-describedby=\"caption-attachment-191624\" style=\"width: 678px\" class=\"wp-caption aligncenter\"><img loading=\"lazy\" decoding=\"async\" class=\"wp-image-191624 size-full\" src=\"https:\/\/files.sunoresearch.com.br\/n\/uploads\/2021\/10\/inter.jpg\" alt=\"Foto\/Reprodu\u00e7\u00e3o: Banco Inter\" width=\"678\" height=\"493\" srcset=\"https:\/\/files.sunoresearch.com.br\/n\/uploads\/2021\/10\/inter.jpg 678w, https:\/\/files.sunoresearch.com.br\/n\/uploads\/2021\/10\/inter-300x218.jpg 300w, https:\/\/files.sunoresearch.com.br\/n\/uploads\/2021\/10\/inter-150x109.jpg 150w\" sizes=\"(max-width: 678px) 100vw, 678px\" \/><figcaption id=\"caption-attachment-191624\" class=\"wp-caption-text\">Foto\/Reprodu\u00e7\u00e3o: Banco Inter<\/figcaption><\/figure>\n<h2>Investidor de Banco Inter pode n\u00e3o acompanhar a reorganiza\u00e7\u00e3o<\/h2>\n<p>O Inter informou que abrir\u00e1 a possibilidade de<em> cash out<\/em> para investidores que n\u00e3o queiram acompanhar a reorganiza\u00e7\u00e3o societ\u00e1ria, com resgate em dinheiro.<\/p>\n<p>O valor, contudo, ainda ser\u00e1 estabelecido em um laudo de avalia\u00e7\u00e3o, que ser\u00e1 realizado por uma parte independente, indicado pelos membros independentes do Conselho.<\/p>\n<p>A op\u00e7\u00e3o de <em>cash out<\/em> poder\u00e1 ser feita pelo acionista do banco, caso queira, em at\u00e9 cinco dias \u00fateis a contar da data da <strong>Assembleia Geral Extraordin\u00e1ria<\/strong> da reorganiza\u00e7\u00e3o.<\/p>\n<p>Durante esse per\u00edodo, o investidor da institui\u00e7\u00e3o que tiver escolhido a op\u00e7\u00e3o cash out poder\u00e1 migrar para a op\u00e7\u00e3o BDR, e vice-versa.<\/p>\n\t<p>\n\t\t<a href=\"https:\/\/lp.suno.com.br\/planilha-da-vida-financeira\/\" target=\"_blank\" data-element=\"shortcode-suno-banner\" title=\"Banner SUNO, clique e saiba mais\">\n\t\t\t<picture>\n\t\t\t\t<source media=\"(max-width: 500px)\" srcset=\"https:\/\/files.sunoresearch.com.br\/n\/uploads\/2023\/04\/400x300-Planilha-vida-financeira-true.png\">\n\t\t\t\t<img class=\"newsContent__article__imgCapa newsContent__article__imgCapa--banner\"\n\t\t\t\t\tsrc=\"https:\/\/files.sunoresearch.com.br\/n\/uploads\/2023\/04\/1420x240-Planilha-vida-financeira-true.png\"\n\t\t\t\t\tdata-promo-id=\"106682\"\t\t\t\t\t\t\t\t\t\twidth='1420' height='240'\t\t\t\t\talt=\"https:\/\/files.sunoresearch.com.br\/n\/uploads\/2023\/04\/1420x240-Planilha-vida-financeira-true.png\"\n\t\t\t\t>\n\t\t\t<\/picture>\n\t\t<\/a>\n\t<\/p>\n\n\n<p>Ap\u00f3s o t\u00e9rmino dos cinco dias, o acionista que optar pelo<em> cash out<\/em> n\u00e3o poder\u00e1 realizar essa migra\u00e7\u00e3o, tampouco negociar suas a\u00e7\u00f5es at\u00e9 que o pagamento seja feito.<\/p>\n<p>Ademais, os acionistas do Inter que desejarem ter as a\u00e7\u00f5es listadas no mercado norte-americano diretamente, ap\u00f3s receberem os BDRs, poder\u00e3o desfaz\u00ea-los a qualquer momento, mediante a instru\u00e7\u00f5es da <strong>B3<\/strong> e Banco Inter, que ainda ser\u00e3o estabelecidas.<\/p>\n<p>Vale ressaltar que cada investidor do Inter, seja por meio das units, a\u00e7\u00f5es preferenciais ou ordin\u00e1rias, manter\u00e1 a mesma participa\u00e7\u00e3o no <a href=\"https:\/\/www.suno.com.br\/artigos\/capital-social\/\">capital social<\/a> ap\u00f3s a conclus\u00e3o da reorganiza\u00e7\u00e3o.<\/p>\n<p>Bank of America, Bradesco BBI, JP Morgan e Ita\u00fa BBA foram os assessores contratados pelo <strong>Banco Inter<\/strong> para auxiliar no processo de migra\u00e7\u00e3o das a\u00e7\u00f5es.<\/p>\n\t<p>\n\t\t<a href=\"\" target=\"_blank\" data-element=\"shortcode-suno-banner\" title=\"Banner SUNO, clique e saiba mais\">\n\t\t\t<picture>\n\t\t\t\t<source media=\"(max-width: 500px)\" srcset=\"\">\n\t\t\t\t<img class=\"newsContent__article__imgCapa newsContent__article__imgCapa--banner\"\n\t\t\t\t\tsrc=\"\"\n\t\t\t\t\tdata-promo-id=\"184190\"\t\t\t\t\t\t\t\t\t\t\t\t\t\t\talt=\"\"\n\t\t\t\t>\n\t\t\t<\/picture>\n\t\t<\/a>\n\t<\/p>\n\n\n","protected":false},"excerpt":{"rendered":"<p>O Banco Inter (BIDI4) de mais um passo rumo a sua reorganiza\u00e7\u00e3o societ\u00e1ria, anunciada em maio deste ano. O banco contratou assessores financeiros para migrar sua base acion\u00e1ria para a Inter Platform. Com isso, haver\u00e1 a listagem das a\u00e7\u00f5es nos Estados Unidos e emiss\u00e3o de Brazilian Depositary Receipts (BDRs) na B3. Banco Inter (BIDI4). Foto: [&hellip;]<\/p>\n","protected":false},"author":24,"featured_media":136545,"comment_status":"closed","ping_status":"closed","sticky":false,"template":"","format":"standard","meta":[],"categories":[64],"tags":[286,106764,309,964],"suno_strategy":[],"class_list":["post-191618","post","type-post","status-publish","format-standard","has-post-thumbnail","hentry","category-negocios","tag-acoes","tag-banco-inter-bidi11","tag-bolsa-de-valores","tag-nasdaq"],"yoast_head":"<!-- This site is optimized with the Yoast SEO plugin v24.4 - https:\/\/yoast.com\/wordpress\/plugins\/seo\/ -->\n<title>Banco Inter (BIDI4) avan\u00e7a em reorganiza\u00e7\u00e3o e units deixar\u00e3o B3<\/title>\n<meta name=\"description\" content=\"O Banco Inter (BIDI4) de mais um passo rumo a sua reorganiza\u00e7\u00e3o societ\u00e1ria, e deixar\u00e1 de ter suas units negociadas. Saiba mais.\" \/>\n<meta name=\"robots\" content=\"index, follow, max-snippet:-1, max-image-preview:large, max-video-preview:-1\" \/>\n<link rel=\"canonical\" href=\"https:\/\/www.suno.com.br\/noticias\/banco-inter-bidi4-bidi11-reorganizacao-societaria-units-b3\/\" \/>\n<meta property=\"og:locale\" content=\"pt_BR\" \/>\n<meta property=\"og:type\" content=\"article\" \/>\n<meta property=\"og:title\" content=\"Banco Inter (BIDI4) avan\u00e7a em reorganiza\u00e7\u00e3o e units deixar\u00e3o B3\" \/>\n<meta property=\"og:description\" content=\"O Banco Inter (BIDI4) de mais um passo rumo a sua reorganiza\u00e7\u00e3o societ\u00e1ria, e deixar\u00e1 de ter suas units negociadas. Saiba mais.\" \/>\n<meta property=\"og:url\" content=\"https:\/\/www.suno.com.br\/noticias\/banco-inter-bidi4-bidi11-reorganizacao-societaria-units-b3\/\" \/>\n<meta property=\"og:site_name\" content=\"Suno Not\u00edcias\" \/>\n<meta property=\"article:publisher\" content=\"https:\/\/facebook.com\/sunoresearch\" \/>\n<meta property=\"og:image\" content=\"https:\/\/files.sunoresearch.com.br\/n\/uploads\/2021\/04\/01a26e78-inter-2-1024x683.jpg\" \/>\n\t<meta property=\"og:image:width\" content=\"1024\" \/>\n\t<meta property=\"og:image:height\" content=\"683\" \/>\n\t<meta property=\"og:image:type\" content=\"image\/jpeg\" \/>\n<meta name=\"author\" content=\"Jader Lazarini\" \/>\n<meta name=\"twitter:card\" content=\"summary_large_image\" \/>\n<meta name=\"twitter:creator\" content=\"@sunoresearch\" \/>\n<meta name=\"twitter:site\" content=\"@sunoresearch\" \/>\n<meta name=\"twitter:label1\" content=\"Escrito por\" \/>\n\t<meta name=\"twitter:data1\" content=\"Jader Lazarini\" \/>\n\t<meta name=\"twitter:label2\" content=\"Est. tempo de leitura\" \/>\n\t<meta name=\"twitter:data2\" content=\"3 minutos\" \/>\n<script type=\"application\/ld+json\" class=\"yoast-schema-graph\">{\"@context\":\"https:\/\/schema.org\",\"@graph\":[{\"@type\":\"NewsArticle\",\"@id\":\"https:\/\/www.suno.com.br\/noticias\/banco-inter-bidi4-bidi11-reorganizacao-societaria-units-b3\/#article\",\"isPartOf\":{\"@id\":\"https:\/\/www.suno.com.br\/noticias\/banco-inter-bidi4-bidi11-reorganizacao-societaria-units-b3\/\"},\"author\":{\"name\":\"Jader Lazarini\",\"@id\":\"https:\/\/www.suno.com.br\/noticias\/#\/schema\/person\/918d79de1f0281f01599b93f9ea6e23f\"},\"headline\":\"Banco Inter (BIDI4) avan\u00e7a em reorganiza\u00e7\u00e3o e units deixar\u00e3o B3\",\"datePublished\":\"2021-10-07T12:02:53+00:00\",\"dateModified\":\"2021-10-07T12:17:20+00:00\",\"mainEntityOfPage\":{\"@id\":\"https:\/\/www.suno.com.br\/noticias\/banco-inter-bidi4-bidi11-reorganizacao-societaria-units-b3\/\"},\"wordCount\":629,\"publisher\":{\"@id\":\"https:\/\/www.suno.com.br\/noticias\/#organization\"},\"image\":{\"@id\":\"https:\/\/www.suno.com.br\/noticias\/banco-inter-bidi4-bidi11-reorganizacao-societaria-units-b3\/#primaryimage\"},\"thumbnailUrl\":\"https:\/\/files.sunoresearch.com.br\/n\/uploads\/2021\/04\/01a26e78-inter-2-jpg.webp\",\"keywords\":[\"A\u00e7\u00f5es\",\"Banco Inter (BIDI11)\",\"Bolsa de Valores\",\"Nasdaq\"],\"articleSection\":[\"Neg\u00f3cios\"],\"inLanguage\":\"pt-BR\"},{\"@type\":\"WebPage\",\"@id\":\"https:\/\/www.suno.com.br\/noticias\/banco-inter-bidi4-bidi11-reorganizacao-societaria-units-b3\/\",\"url\":\"https:\/\/www.suno.com.br\/noticias\/banco-inter-bidi4-bidi11-reorganizacao-societaria-units-b3\/\",\"name\":\"Banco Inter (BIDI4) avan\u00e7a em reorganiza\u00e7\u00e3o e units deixar\u00e3o B3\",\"isPartOf\":{\"@id\":\"https:\/\/www.suno.com.br\/noticias\/#website\"},\"primaryImageOfPage\":{\"@id\":\"https:\/\/www.suno.com.br\/noticias\/banco-inter-bidi4-bidi11-reorganizacao-societaria-units-b3\/#primaryimage\"},\"image\":{\"@id\":\"https:\/\/www.suno.com.br\/noticias\/banco-inter-bidi4-bidi11-reorganizacao-societaria-units-b3\/#primaryimage\"},\"thumbnailUrl\":\"https:\/\/files.sunoresearch.com.br\/n\/uploads\/2021\/04\/01a26e78-inter-2-jpg.webp\",\"datePublished\":\"2021-10-07T12:02:53+00:00\",\"dateModified\":\"2021-10-07T12:17:20+00:00\",\"description\":\"O Banco Inter (BIDI4) de mais um passo rumo a sua reorganiza\u00e7\u00e3o societ\u00e1ria, e deixar\u00e1 de ter suas units negociadas. Saiba mais.\",\"breadcrumb\":{\"@id\":\"https:\/\/www.suno.com.br\/noticias\/banco-inter-bidi4-bidi11-reorganizacao-societaria-units-b3\/#breadcrumb\"},\"inLanguage\":\"pt-BR\",\"potentialAction\":[{\"@type\":\"ReadAction\",\"target\":[\"https:\/\/www.suno.com.br\/noticias\/banco-inter-bidi4-bidi11-reorganizacao-societaria-units-b3\/\"]}]},{\"@type\":\"ImageObject\",\"inLanguage\":\"pt-BR\",\"@id\":\"https:\/\/www.suno.com.br\/noticias\/banco-inter-bidi4-bidi11-reorganizacao-societaria-units-b3\/#primaryimage\",\"url\":\"https:\/\/files.sunoresearch.com.br\/n\/uploads\/2021\/04\/01a26e78-inter-2-jpg.webp\",\"contentUrl\":\"https:\/\/files.sunoresearch.com.br\/n\/uploads\/2021\/04\/01a26e78-inter-2-jpg.webp\",\"width\":2307,\"height\":1538,\"caption\":\"Banco Inter (BIDI4). Foto: Divulga\u00e7\u00e3o\"},{\"@type\":\"BreadcrumbList\",\"@id\":\"https:\/\/www.suno.com.br\/noticias\/banco-inter-bidi4-bidi11-reorganizacao-societaria-units-b3\/#breadcrumb\",\"itemListElement\":[{\"@type\":\"ListItem\",\"position\":1,\"name\":\"Not\u00edcias\",\"item\":\"https:\/\/www.suno.com.br\/noticias\/\"},{\"@type\":\"ListItem\",\"position\":2,\"name\":\"Neg\u00f3cios\",\"item\":\"https:\/\/www.suno.com.br\/noticias\/negocios\/\"},{\"@type\":\"ListItem\",\"position\":3,\"name\":\"Banco Inter (BIDI4) avan\u00e7a em reorganiza\u00e7\u00e3o e units deixar\u00e3o B3\"}]},{\"@type\":\"WebSite\",\"@id\":\"https:\/\/www.suno.com.br\/noticias\/#website\",\"url\":\"https:\/\/www.suno.com.br\/noticias\/\",\"name\":\"Suno Not\u00edcias\",\"description\":\"Seu portal de informa\u00e7\u00e3o sobre o mundo dos investimentos\",\"publisher\":{\"@id\":\"https:\/\/www.suno.com.br\/noticias\/#organization\"},\"potentialAction\":[{\"@type\":\"SearchAction\",\"target\":{\"@type\":\"EntryPoint\",\"urlTemplate\":\"https:\/\/www.suno.com.br\/noticias\/?s={search_term_string}\"},\"query-input\":{\"@type\":\"PropertyValueSpecification\",\"valueRequired\":true,\"valueName\":\"search_term_string\"}}],\"inLanguage\":\"pt-BR\"},{\"@type\":\"Organization\",\"@id\":\"https:\/\/www.suno.com.br\/noticias\/#organization\",\"name\":\"Suno Not\u00edcias\",\"url\":\"https:\/\/www.suno.com.br\/noticias\/\",\"logo\":{\"@type\":\"ImageObject\",\"inLanguage\":\"pt-BR\",\"@id\":\"https:\/\/www.suno.com.br\/noticias\/#\/schema\/logo\/image\/\",\"url\":\"https:\/\/files.sunoresearch.com.br\/n\/uploads\/2021\/09\/suno-logo.png\",\"contentUrl\":\"https:\/\/files.sunoresearch.com.br\/n\/uploads\/2021\/09\/suno-logo.png\",\"width\":180,\"height\":180,\"caption\":\"Suno Not\u00edcias\"},\"image\":{\"@id\":\"https:\/\/www.suno.com.br\/noticias\/#\/schema\/logo\/image\/\"},\"sameAs\":[\"https:\/\/facebook.com\/sunoresearch\",\"https:\/\/x.com\/sunoresearch\",\"https:\/\/www.instagram.com\/suno\",\"https:\/\/www.linkedin.com\/company\/suno-research\/\",\"https:\/\/www.youtube.com\/c\/sunoresearch\"]},{\"@type\":\"Person\",\"@id\":\"https:\/\/www.suno.com.br\/noticias\/#\/schema\/person\/918d79de1f0281f01599b93f9ea6e23f\",\"name\":\"Jader Lazarini\",\"image\":{\"@type\":\"ImageObject\",\"inLanguage\":\"pt-BR\",\"@id\":\"https:\/\/www.suno.com.br\/noticias\/#\/schema\/person\/image\/\",\"url\":\"https:\/\/secure.gravatar.com\/avatar\/3c1ad8caa51589841baeb923fcddea97?s=96&r=g\",\"contentUrl\":\"https:\/\/secure.gravatar.com\/avatar\/3c1ad8caa51589841baeb923fcddea97?s=96&r=g\",\"caption\":\"Jader Lazarini\"},\"description\":\"Jader Lazarini escreve sobre investimentos, finan\u00e7as, economia e neg\u00f3cios. \u00c9 bacharel em Rela\u00e7\u00f5es Internacionais e analista CNPI (2619).\",\"url\":\"https:\/\/www.suno.com.br\/noticias\/author\/jader-lazarini\/\"}]}<\/script>\n<!-- \/ Yoast SEO plugin. -->","yoast_head_json":{"title":"Banco Inter (BIDI4) avan\u00e7a em reorganiza\u00e7\u00e3o e units deixar\u00e3o B3","description":"O Banco Inter (BIDI4) de mais um passo rumo a sua reorganiza\u00e7\u00e3o societ\u00e1ria, e deixar\u00e1 de ter suas units negociadas. Saiba mais.","robots":{"index":"index","follow":"follow","max-snippet":"max-snippet:-1","max-image-preview":"max-image-preview:large","max-video-preview":"max-video-preview:-1"},"canonical":"https:\/\/www.suno.com.br\/noticias\/banco-inter-bidi4-bidi11-reorganizacao-societaria-units-b3\/","og_locale":"pt_BR","og_type":"article","og_title":"Banco Inter (BIDI4) avan\u00e7a em reorganiza\u00e7\u00e3o e units deixar\u00e3o B3","og_description":"O Banco Inter (BIDI4) de mais um passo rumo a sua reorganiza\u00e7\u00e3o societ\u00e1ria, e deixar\u00e1 de ter suas units negociadas. Saiba mais.","og_url":"https:\/\/www.suno.com.br\/noticias\/banco-inter-bidi4-bidi11-reorganizacao-societaria-units-b3\/","og_site_name":"Suno Not\u00edcias","article_publisher":"https:\/\/facebook.com\/sunoresearch","og_image":[{"width":1024,"height":683,"url":"https:\/\/files.sunoresearch.com.br\/n\/uploads\/2021\/04\/01a26e78-inter-2-1024x683.jpg","type":"image\/jpeg"}],"author":"Jader Lazarini","twitter_card":"summary_large_image","twitter_creator":"@sunoresearch","twitter_site":"@sunoresearch","twitter_misc":{"Escrito por":"Jader Lazarini","Est. tempo de leitura":"3 minutos"},"schema":{"@context":"https:\/\/schema.org","@graph":[{"@type":"NewsArticle","@id":"https:\/\/www.suno.com.br\/noticias\/banco-inter-bidi4-bidi11-reorganizacao-societaria-units-b3\/#article","isPartOf":{"@id":"https:\/\/www.suno.com.br\/noticias\/banco-inter-bidi4-bidi11-reorganizacao-societaria-units-b3\/"},"author":{"name":"Jader Lazarini","@id":"https:\/\/www.suno.com.br\/noticias\/#\/schema\/person\/918d79de1f0281f01599b93f9ea6e23f"},"headline":"Banco Inter (BIDI4) avan\u00e7a em reorganiza\u00e7\u00e3o e units deixar\u00e3o B3","datePublished":"2021-10-07T12:02:53+00:00","dateModified":"2021-10-07T12:17:20+00:00","mainEntityOfPage":{"@id":"https:\/\/www.suno.com.br\/noticias\/banco-inter-bidi4-bidi11-reorganizacao-societaria-units-b3\/"},"wordCount":629,"publisher":{"@id":"https:\/\/www.suno.com.br\/noticias\/#organization"},"image":{"@id":"https:\/\/www.suno.com.br\/noticias\/banco-inter-bidi4-bidi11-reorganizacao-societaria-units-b3\/#primaryimage"},"thumbnailUrl":"https:\/\/files.sunoresearch.com.br\/n\/uploads\/2021\/04\/01a26e78-inter-2-jpg.webp","keywords":["A\u00e7\u00f5es","Banco Inter (BIDI11)","Bolsa de Valores","Nasdaq"],"articleSection":["Neg\u00f3cios"],"inLanguage":"pt-BR"},{"@type":"WebPage","@id":"https:\/\/www.suno.com.br\/noticias\/banco-inter-bidi4-bidi11-reorganizacao-societaria-units-b3\/","url":"https:\/\/www.suno.com.br\/noticias\/banco-inter-bidi4-bidi11-reorganizacao-societaria-units-b3\/","name":"Banco Inter (BIDI4) avan\u00e7a em reorganiza\u00e7\u00e3o e units deixar\u00e3o B3","isPartOf":{"@id":"https:\/\/www.suno.com.br\/noticias\/#website"},"primaryImageOfPage":{"@id":"https:\/\/www.suno.com.br\/noticias\/banco-inter-bidi4-bidi11-reorganizacao-societaria-units-b3\/#primaryimage"},"image":{"@id":"https:\/\/www.suno.com.br\/noticias\/banco-inter-bidi4-bidi11-reorganizacao-societaria-units-b3\/#primaryimage"},"thumbnailUrl":"https:\/\/files.sunoresearch.com.br\/n\/uploads\/2021\/04\/01a26e78-inter-2-jpg.webp","datePublished":"2021-10-07T12:02:53+00:00","dateModified":"2021-10-07T12:17:20+00:00","description":"O Banco Inter (BIDI4) de mais um passo rumo a sua reorganiza\u00e7\u00e3o societ\u00e1ria, e deixar\u00e1 de ter suas units negociadas. Saiba mais.","breadcrumb":{"@id":"https:\/\/www.suno.com.br\/noticias\/banco-inter-bidi4-bidi11-reorganizacao-societaria-units-b3\/#breadcrumb"},"inLanguage":"pt-BR","potentialAction":[{"@type":"ReadAction","target":["https:\/\/www.suno.com.br\/noticias\/banco-inter-bidi4-bidi11-reorganizacao-societaria-units-b3\/"]}]},{"@type":"ImageObject","inLanguage":"pt-BR","@id":"https:\/\/www.suno.com.br\/noticias\/banco-inter-bidi4-bidi11-reorganizacao-societaria-units-b3\/#primaryimage","url":"https:\/\/files.sunoresearch.com.br\/n\/uploads\/2021\/04\/01a26e78-inter-2-jpg.webp","contentUrl":"https:\/\/files.sunoresearch.com.br\/n\/uploads\/2021\/04\/01a26e78-inter-2-jpg.webp","width":2307,"height":1538,"caption":"Banco Inter (BIDI4). Foto: Divulga\u00e7\u00e3o"},{"@type":"BreadcrumbList","@id":"https:\/\/www.suno.com.br\/noticias\/banco-inter-bidi4-bidi11-reorganizacao-societaria-units-b3\/#breadcrumb","itemListElement":[{"@type":"ListItem","position":1,"name":"Not\u00edcias","item":"https:\/\/www.suno.com.br\/noticias\/"},{"@type":"ListItem","position":2,"name":"Neg\u00f3cios","item":"https:\/\/www.suno.com.br\/noticias\/negocios\/"},{"@type":"ListItem","position":3,"name":"Banco Inter (BIDI4) avan\u00e7a em reorganiza\u00e7\u00e3o e units deixar\u00e3o B3"}]},{"@type":"WebSite","@id":"https:\/\/www.suno.com.br\/noticias\/#website","url":"https:\/\/www.suno.com.br\/noticias\/","name":"Suno Not\u00edcias","description":"Seu portal de informa\u00e7\u00e3o sobre o mundo dos investimentos","publisher":{"@id":"https:\/\/www.suno.com.br\/noticias\/#organization"},"potentialAction":[{"@type":"SearchAction","target":{"@type":"EntryPoint","urlTemplate":"https:\/\/www.suno.com.br\/noticias\/?s={search_term_string}"},"query-input":{"@type":"PropertyValueSpecification","valueRequired":true,"valueName":"search_term_string"}}],"inLanguage":"pt-BR"},{"@type":"Organization","@id":"https:\/\/www.suno.com.br\/noticias\/#organization","name":"Suno Not\u00edcias","url":"https:\/\/www.suno.com.br\/noticias\/","logo":{"@type":"ImageObject","inLanguage":"pt-BR","@id":"https:\/\/www.suno.com.br\/noticias\/#\/schema\/logo\/image\/","url":"https:\/\/files.sunoresearch.com.br\/n\/uploads\/2021\/09\/suno-logo.png","contentUrl":"https:\/\/files.sunoresearch.com.br\/n\/uploads\/2021\/09\/suno-logo.png","width":180,"height":180,"caption":"Suno Not\u00edcias"},"image":{"@id":"https:\/\/www.suno.com.br\/noticias\/#\/schema\/logo\/image\/"},"sameAs":["https:\/\/facebook.com\/sunoresearch","https:\/\/x.com\/sunoresearch","https:\/\/www.instagram.com\/suno","https:\/\/www.linkedin.com\/company\/suno-research\/","https:\/\/www.youtube.com\/c\/sunoresearch"]},{"@type":"Person","@id":"https:\/\/www.suno.com.br\/noticias\/#\/schema\/person\/918d79de1f0281f01599b93f9ea6e23f","name":"Jader Lazarini","image":{"@type":"ImageObject","inLanguage":"pt-BR","@id":"https:\/\/www.suno.com.br\/noticias\/#\/schema\/person\/image\/","url":"https:\/\/secure.gravatar.com\/avatar\/3c1ad8caa51589841baeb923fcddea97?s=96&r=g","contentUrl":"https:\/\/secure.gravatar.com\/avatar\/3c1ad8caa51589841baeb923fcddea97?s=96&r=g","caption":"Jader Lazarini"},"description":"Jader Lazarini escreve sobre investimentos, finan\u00e7as, economia e neg\u00f3cios. \u00c9 bacharel em Rela\u00e7\u00f5es Internacionais e analista CNPI (2619).","url":"https:\/\/www.suno.com.br\/noticias\/author\/jader-lazarini\/"}]}},"default_loop_html":"<div class=\"cardsPage__listCard__boxs\"><div class=\"cardsPage__listCard__boxs__img\"><a href=\"https:\/\/www.suno.com.br\/noticias\/banco-inter-bidi4-bidi11-reorganizacao-societaria-units-b3\/\"><img class=\"mask\" src=\"https:\/\/www.suno.com.br\/noticias\/wp-content\/themes\/suno\/resources\/images\/spotlight\/spotlight1img\/bg-mask.png\" alt=\"Image Mask\"\/><img src=\"https:\/\/files.sunoresearch.com.br\/n\/uploads\/2021\/04\/01a26e78-inter-2-400x200.webp\" alt=\"Banco Inter (BIDI4) avan\u00e7a em reorganiza\u00e7\u00e3o e units deixar\u00e3o B3\"\/><\/a><span class=\"spotlightCategory\"><a href=\"https:\/\/www.suno.com.br\/noticias\/negocios\/\">Neg\u00f3cios<\/a><\/span><\/div><div class=\"cardsPage__listCard__boxs__content\"><a href=\"https:\/\/www.suno.com.br\/noticias\/banco-inter-bidi4-bidi11-reorganizacao-societaria-units-b3\/\"><h2 class=\"content__title\">Banco Inter (BIDI4) avan\u00e7a em reorganiza\u00e7\u00e3o e units deixar\u00e3o B3<\/h2><\/a><div class=\"newsContent__article__meta\"><div class=\"newsContent__article__meta__authorBox\"><a href=\"https:\/\/www.suno.com.br\/noticias\/author\/jader-lazarini\/\" class=\"authorBox__avatar noMobi\"><img src=\"https:\/\/files.sunoresearch.com.br\/n\/uploads\/2021\/01\/178e6598-foto-perfil-2-150x150.jpg\" alt=\"Jader Lazarini\"><\/a><div class=\"authorBox__name\"><span>por\n\t\t\t<a href=\"https:\/\/www.suno.com.br\/noticias\/author\/jader-lazarini\/\"><span itemprop=\"author\">Jader Lazarini<\/span><\/a><\/span><time datetime=\"2021-10-07T09:02:53-03:00\" itemprop=\"datePublished\">07\/10\/2021 09:02<\/time><\/div><\/div><\/div><\/div><\/div>","single_layout":"posts","amp_enabled":true,"_links":{"self":[{"href":"https:\/\/www.suno.com.br\/noticias\/wp-json\/wp\/v2\/posts\/191618"}],"collection":[{"href":"https:\/\/www.suno.com.br\/noticias\/wp-json\/wp\/v2\/posts"}],"about":[{"href":"https:\/\/www.suno.com.br\/noticias\/wp-json\/wp\/v2\/types\/post"}],"author":[{"embeddable":true,"href":"https:\/\/www.suno.com.br\/noticias\/wp-json\/wp\/v2\/users\/24"}],"replies":[{"embeddable":true,"href":"https:\/\/www.suno.com.br\/noticias\/wp-json\/wp\/v2\/comments?post=191618"}],"version-history":[{"count":3,"href":"https:\/\/www.suno.com.br\/noticias\/wp-json\/wp\/v2\/posts\/191618\/revisions"}],"predecessor-version":[{"id":191638,"href":"https:\/\/www.suno.com.br\/noticias\/wp-json\/wp\/v2\/posts\/191618\/revisions\/191638"}],"wp:featuredmedia":[{"embeddable":true,"href":"https:\/\/www.suno.com.br\/noticias\/wp-json\/wp\/v2\/media\/136545"}],"wp:attachment":[{"href":"https:\/\/www.suno.com.br\/noticias\/wp-json\/wp\/v2\/media?parent=191618"}],"wp:term":[{"taxonomy":"category","embeddable":true,"href":"https:\/\/www.suno.com.br\/noticias\/wp-json\/wp\/v2\/categories?post=191618"},{"taxonomy":"post_tag","embeddable":true,"href":"https:\/\/www.suno.com.br\/noticias\/wp-json\/wp\/v2\/tags?post=191618"},{"taxonomy":"suno_strategy","embeddable":true,"href":"https:\/\/www.suno.com.br\/noticias\/wp-json\/wp\/v2\/suno_strategy?post=191618"}],"curies":[{"name":"wp","href":"https:\/\/api.w.org\/{rel}","templated":true}]}}