{"id":191551,"date":"2021-10-06T21:27:38","date_gmt":"2021-10-07T00:27:38","guid":{"rendered":"https:\/\/www.suno.com.br\/noticias\/?p=191551"},"modified":"2021-10-06T21:27:38","modified_gmt":"2021-10-07T00:27:38","slug":"icms-senado-aprova-projeto-isencoes","status":"publish","type":"post","link":"https:\/\/www.suno.com.br\/noticias\/icms-senado-aprova-projeto-isencoes\/","title":{"rendered":"Projeto que prorroga isen\u00e7\u00f5es do ICMS por at\u00e9 15 anos nos Estados \u00e9 aprovado no Senado"},"content":{"rendered":"<p>O Senado aprovou um projeto de lei que possibilita a extens\u00e3o, por um prazo de at\u00e9 15 anos, de isen\u00e7\u00f5es e benef\u00edcios tribut\u00e1rios atrelados ao Imposto sobre a Circula\u00e7\u00e3o de Mercadorias e Servi\u00e7os (<strong>ICMS<\/strong>) de atividades comerciais nos Estados.<\/p>\t<div class=\"wrapper-featured-image\">\n\t\t<figure class=\"spotlightImg\">\n\n\t\t\t<picture>\n\t\t\t\t<source media=\"(max-width: 768px)\" srcset=\"https:\/\/files.sunoresearch.com.br\/n\/uploads\/2021\/07\/3bb86cde-plenario_do_senado_federal_sessao_deliberativa_ordinaria_semipresencial_fcpzzb_abr_240220211043-400x200.jpg\">\n\t\t\t\t<img loading=\"lazy\" decoding=\"async\" class=\"newsContent__article__imgCapa lazyloadDisabled \" src=\"https:\/\/files.sunoresearch.com.br\/n\/uploads\/2021\/07\/3bb86cde-plenario_do_senado_federal_sessao_deliberativa_ordinaria_semipresencial_fcpzzb_abr_240220211043-800x450.jpg\" width=\"800\" height=\"450\" alt=\"Projeto que prorroga isen\u00e7\u00f5es do ICMS por at\u00e9 15 anos nos Estados \u00e9 aprovado no Senado\" fetchpriority=high \/>\n\t\t\t<\/picture>\n\n\t\t\t<figcaption class=\"wp-caption-text wp-caption-text--show\">Senado Federal. Foto: Fabio Rodrigues Pozzebom\/Ag\u00eancia Brasil<\/figcaption>\n\t\t<\/figure>\n\t<\/div>\n\n\n\t<p>\n\t\t<a href=\"https:\/\/lp.suno.com.br\/planilha-controle-gastos\/\" target=\"_blank\" data-element=\"shortcode-suno-banner\" title=\"Banner SUNO, clique e saiba mais\">\n\t\t\t<picture>\n\t\t\t\t<source media=\"(max-width: 500px)\" srcset=\"https:\/\/files.sunoresearch.com.br\/n\/uploads\/2023\/03\/400x300-Planilha-controle-de-gastos.png\">\n\t\t\t\t<img class=\"newsContent__article__imgCapa newsContent__article__imgCapa--banner\"\n\t\t\t\t\tsrc=\"https:\/\/files.sunoresearch.com.br\/n\/uploads\/2023\/03\/1420x240-Planilha-controle-de-gastos.png\"\n\t\t\t\t\tdata-promo-id=\"101751\"\t\t\t\t\t\t\t\t\t\twidth='1420' height='240'\t\t\t\t\talt=\"https:\/\/files.sunoresearch.com.br\/n\/uploads\/2023\/03\/1420x240-Planilha-controle-de-gastos.png\"\n\t\t\t\t>\n\t\t\t<\/picture>\n\t\t<\/a>\n\t<\/p>\n\n\n<p>A proposta beneficia os setores portu\u00e1rio, aeroportu\u00e1rio, comerciais, opera\u00e7\u00f5es e presta\u00e7\u00f5es de transporte interestadual de produtos agropecu\u00e1rios. Uma lei complementar de 2017 autorizou os Estados a conceder ou prorrogar os benef\u00edcios fiscais que haviam sido dados sem aval do Conselho Nacional de Pol\u00edtica Fazend\u00e1ria (Confaz), din\u00e2mica conhecida como &#8220;<strong><a class=\"suno-keyword\" href=\"https:\/\/www.suno.com.br\/artigos\/guerra-fiscal\/\" target=\"_blank\" rel=\"noopener\" data-force=\"no\" data-priority=\"1\">guerra fiscal<\/a><\/strong>&#8220;, observando determinados prazos para diferentes setores. Esse prazo ser\u00e1 estendido para essas atividades, conforme a proposta.<\/p>\n<p>A proposta havia recebido aval da C\u00e2mara e agora depender\u00e1 de san\u00e7\u00e3o do presidente Jair Bolsonaro, em meio \u00e0 discuss\u00e3o sobre a cobran\u00e7a do tributo por parte dos governadores e o impacto no pre\u00e7o dos combust\u00edveis.\t<p>\n\t\t<a href=\"https:\/\/lp.suno.com.br\/planilha-de-controle-de-investimentos\/\" target=\"_blank\" data-element=\"shortcode-suno-banner\" title=\"Banner SUNO, clique e saiba mais\">\n\t\t\t<picture>\n\t\t\t\t<source media=\"(max-width: 500px)\" srcset=\"https:\/\/files.sunoresearch.com.br\/n\/uploads\/2023\/03\/400x300-Controle-de-Investimentos.png\">\n\t\t\t\t<img class=\"newsContent__article__imgCapa newsContent__article__imgCapa--banner\"\n\t\t\t\t\tsrc=\"https:\/\/files.sunoresearch.com.br\/n\/uploads\/2023\/03\/1420x240-Controle-de-Investimentos.png\"\n\t\t\t\t\tdata-promo-id=\"75934\"\t\t\t\t\t\t\t\t\t\twidth='1420' height='240'\t\t\t\t\talt=\"https:\/\/files.sunoresearch.com.br\/n\/uploads\/2023\/03\/1420x240-Controle-de-Investimentos.png\"\n\t\t\t\t>\n\t\t\t<\/picture>\n\t\t<\/a>\n\t<\/p>\n\n<\/p>\n<p>O projeto gerou cr\u00edticas, mas recebeu o aval da maioria dos parlamentares. O senador Jos\u00e9 An\u00edbal (PSDB-SP) tentou adiar a discuss\u00e3o. &#8220;Os anos se passaram e o esperado est\u00e1 acontecendo: vence o prazo de vig\u00eancia, aprova-se novamente a prorroga\u00e7\u00e3o dos subs\u00eddios. E assim a guerra fiscal vai se perpetuando&#8221;, escreveu o parlamentar em um requerimento para que fosse realizada audi\u00eancia na Comiss\u00e3o de Assuntos Econ\u00f4micos (CAE) antes da vota\u00e7\u00e3o. O plen\u00e1rio, no entanto, manteve a vota\u00e7\u00e3o e aprovou o texto.<\/p>\n<p>N\u00e3o h\u00e1 dados consolidados e atualizados sobre o impacto dos <strong>benef\u00edcios tribut\u00e1rios<\/strong> na arrecada\u00e7\u00e3o dos Estados. Um levantamento do <strong><a class=\"suno-keyword\" href=\"https:\/\/www.suno.com.br\/artigos\/tesouro-nacional\/\" target=\"_blank\" rel=\"noopener\" data-force=\"no\" data-priority=\"2\">Tesouro Nacional<\/a><\/strong> referente a 2019 indicou que, em m\u00e9dia, os governos estaduais abriram m\u00e3o de 17% da receita com a ren\u00fancia de ICMS.<\/p>\n<p>Os n\u00fameros mostraram disparidades entre diferentes territ\u00f3rios. No Amazonas, por exemplo, onde h\u00e1 a <a class=\"suno-keyword\" href=\"https:\/\/www.suno.com.br\/artigos\/zona-franca\/\" target=\"_blank\" rel=\"noopener\" data-force=\"no\" data-priority=\"1\">Zona Franca<\/a> de Manaus, a ren\u00fancia atingiu 39%.<\/p>\n\t<p>\n\t\t<a href=\"\" target=\"_blank\" data-element=\"shortcode-suno-banner\" title=\"Banner SUNO, clique e saiba mais\">\n\t\t\t<picture>\n\t\t\t\t<source media=\"(max-width: 500px)\" srcset=\"\">\n\t\t\t\t<img class=\"newsContent__article__imgCapa newsContent__article__imgCapa--banner\"\n\t\t\t\t\tsrc=\"\"\n\t\t\t\t\tdata-promo-id=\"77053\"\t\t\t\t\t\t\t\t\t\t\t\t\t\t\talt=\"\"\n\t\t\t\t>\n\t\t\t<\/picture>\n\t\t<\/a>\n\t<\/p>\n\n\n<h2>ICMS: projeto pretende atrair empresas e estimular investimentos<\/h2>\n<p>O projeto prev\u00ea ainda a prorroga\u00e7\u00e3o de <strong>benef\u00edcios no ICMS<\/strong> para os setores de com\u00e9rcio atacadista e empresas que desenvolvem atividades portu\u00e1rias e aeroportu\u00e1rias. Al\u00e9m disso, podem ser beneficiados comerciantes e transportadores interestaduais de produtos agropecu\u00e1rios e extrativos vegetais in natura.<\/p>\n<p>O objetivo desses benef\u00edcios fiscais \u00e9, na pr\u00e1tica, atrair empresas e estimular investimentos. O texto prev\u00ea uma redu\u00e7\u00e3o gradual dos benef\u00edcios prorrogados ao longo dos \u00faltimos quatro anos dos 15 previstos. Apenas o setor de vendas de produtos agropecu\u00e1rios e extrativos vegetais in natura ficam de fora dessa redu\u00e7\u00e3o.<\/p>\n<p>O projeto d\u00e1 respaldo aos benef\u00edcios concedidos pelos estados e pelo Distrito Federal por meio de normas internas, mas sem aval do Conselho Nacional de Pol\u00edtica Fazend\u00e1ria (Confaz). O epis\u00f3dio ficou conhecido como \u201cguerra fiscal\u201d de <strong>ICMS<\/strong>. Caso o projeto n\u00e3o seja convertido em lei, esses benef\u00edcios voltar\u00e3o a ser considerados ilegais a partir de dezembro de 2022<\/p>\n<p><em>Com informa\u00e7\u00f5es do Estad\u00e3o Conte\u00fado<\/em><\/p>\n\t<p>\n\t\t<a href=\"\" target=\"_blank\" data-element=\"shortcode-suno-banner\" title=\"Banner SUNO, clique e saiba mais\">\n\t\t\t<picture>\n\t\t\t\t<source media=\"(max-width: 500px)\" srcset=\"\">\n\t\t\t\t<img class=\"newsContent__article__imgCapa newsContent__article__imgCapa--banner\"\n\t\t\t\t\tsrc=\"\"\n\t\t\t\t\tdata-promo-id=\"89005\"\t\t\t\t\t\t\t\t\t\t\t\t\t\t\talt=\"\"\n\t\t\t\t>\n\t\t\t<\/picture>\n\t\t<\/a>\n\t<\/p>\n\n\n","protected":false},"excerpt":{"rendered":"<p>O Senado aprovou um projeto de lei que possibilita a extens\u00e3o, por um prazo de at\u00e9 15 anos, de isen\u00e7\u00f5es e benef\u00edcios tribut\u00e1rios atrelados ao Imposto sobre a Circula\u00e7\u00e3o de Mercadorias e Servi\u00e7os (ICMS) de atividades comerciais nos Estados. Senado Federal. Foto: Fabio Rodrigues Pozzebom\/Ag\u00eancia Brasil A proposta beneficia os setores portu\u00e1rio, aeroportu\u00e1rio, comerciais, opera\u00e7\u00f5es [&hellip;]<\/p>\n","protected":false},"author":43,"featured_media":165996,"comment_status":"closed","ping_status":"closed","sticky":false,"template":"","format":"standard","meta":[],"categories":[64],"tags":[1068],"suno_strategy":[],"class_list":["post-191551","post","type-post","status-publish","format-standard","has-post-thumbnail","hentry","category-negocios","tag-senado-federal"],"yoast_head":"<!-- This site is optimized with the Yoast SEO plugin v24.4 - https:\/\/yoast.com\/wordpress\/plugins\/seo\/ -->\n<title>Projeto que estende isen\u00e7\u00f5es do ICMS por 15 anos \u00e9 aprovado no Senado<\/title>\n<meta name=\"description\" content=\"Projeto de lei possibilita a extens\u00e3o, por 15 anos, de isen\u00e7\u00f5es e benef\u00edcios tribut\u00e1rios atrelados ao ICMS de atividades comerciais.\" \/>\n<meta name=\"robots\" content=\"index, follow, max-snippet:-1, max-image-preview:large, max-video-preview:-1\" \/>\n<link rel=\"canonical\" href=\"https:\/\/www.suno.com.br\/noticias\/icms-senado-aprova-projeto-isencoes\/\" \/>\n<meta property=\"og:locale\" content=\"pt_BR\" \/>\n<meta property=\"og:type\" content=\"article\" \/>\n<meta property=\"og:title\" content=\"Projeto que estende isen\u00e7\u00f5es do ICMS por 15 anos \u00e9 aprovado no Senado\" \/>\n<meta property=\"og:description\" content=\"Projeto de lei possibilita a extens\u00e3o, por 15 anos, de isen\u00e7\u00f5es e benef\u00edcios tribut\u00e1rios atrelados ao ICMS de atividades comerciais.\" \/>\n<meta property=\"og:url\" content=\"https:\/\/www.suno.com.br\/noticias\/icms-senado-aprova-projeto-isencoes\/\" \/>\n<meta property=\"og:site_name\" content=\"Suno Not\u00edcias\" \/>\n<meta property=\"article:publisher\" content=\"https:\/\/facebook.com\/sunoresearch\" \/>\n<meta property=\"article:author\" content=\"https:\/\/www.facebook.com\/sunonoticias\/\" \/>\n<meta property=\"og:image\" content=\"https:\/\/files.sunoresearch.com.br\/n\/uploads\/2021\/07\/3bb86cde-plenario_do_senado_federal_sessao_deliberativa_ordinaria_semipresencial_fcpzzb_abr_240220211043-scaled.jpg\" \/>\n\t<meta property=\"og:image:width\" content=\"2560\" \/>\n\t<meta property=\"og:image:height\" content=\"1707\" \/>\n\t<meta property=\"og:image:type\" content=\"image\/jpeg\" \/>\n<meta name=\"author\" content=\"Reda\u00e7\u00e3o Suno Not\u00edcias\" \/>\n<meta name=\"twitter:card\" content=\"summary_large_image\" \/>\n<meta name=\"twitter:creator\" content=\"@https:\/\/twitter.com\/sunoresearch\" \/>\n<meta name=\"twitter:site\" content=\"@sunoresearch\" \/>\n<meta name=\"twitter:label1\" content=\"Escrito por\" \/>\n\t<meta name=\"twitter:data1\" content=\"Reda\u00e7\u00e3o Suno Not\u00edcias\" \/>\n\t<meta name=\"twitter:label2\" content=\"Est. tempo de leitura\" \/>\n\t<meta name=\"twitter:data2\" content=\"2 minutos\" \/>\n<script type=\"application\/ld+json\" class=\"yoast-schema-graph\">{\"@context\":\"https:\/\/schema.org\",\"@graph\":[{\"@type\":\"NewsArticle\",\"@id\":\"https:\/\/www.suno.com.br\/noticias\/icms-senado-aprova-projeto-isencoes\/#article\",\"isPartOf\":{\"@id\":\"https:\/\/www.suno.com.br\/noticias\/icms-senado-aprova-projeto-isencoes\/\"},\"author\":{\"name\":\"Reda\u00e7\u00e3o Suno Not\u00edcias\",\"@id\":\"https:\/\/www.suno.com.br\/noticias\/#\/schema\/person\/c1b1bd3727fa852bd045e9dbff3673ea\"},\"headline\":\"Projeto que prorroga isen\u00e7\u00f5es do ICMS por at\u00e9 15 anos nos Estados \u00e9 aprovado no Senado\",\"datePublished\":\"2021-10-07T00:27:38+00:00\",\"mainEntityOfPage\":{\"@id\":\"https:\/\/www.suno.com.br\/noticias\/icms-senado-aprova-projeto-isencoes\/\"},\"wordCount\":530,\"publisher\":{\"@id\":\"https:\/\/www.suno.com.br\/noticias\/#organization\"},\"image\":{\"@id\":\"https:\/\/www.suno.com.br\/noticias\/icms-senado-aprova-projeto-isencoes\/#primaryimage\"},\"thumbnailUrl\":\"https:\/\/files.sunoresearch.com.br\/n\/uploads\/2021\/07\/3bb86cde-plenario_do_senado_federal_sessao_deliberativa_ordinaria_semipresencial_fcpzzb_abr_240220211043-scaled.jpg\",\"keywords\":[\"Senado Federal\"],\"articleSection\":[\"Neg\u00f3cios\"],\"inLanguage\":\"pt-BR\"},{\"@type\":\"WebPage\",\"@id\":\"https:\/\/www.suno.com.br\/noticias\/icms-senado-aprova-projeto-isencoes\/\",\"url\":\"https:\/\/www.suno.com.br\/noticias\/icms-senado-aprova-projeto-isencoes\/\",\"name\":\"Projeto que estende isen\u00e7\u00f5es do ICMS por 15 anos \u00e9 aprovado no Senado\",\"isPartOf\":{\"@id\":\"https:\/\/www.suno.com.br\/noticias\/#website\"},\"primaryImageOfPage\":{\"@id\":\"https:\/\/www.suno.com.br\/noticias\/icms-senado-aprova-projeto-isencoes\/#primaryimage\"},\"image\":{\"@id\":\"https:\/\/www.suno.com.br\/noticias\/icms-senado-aprova-projeto-isencoes\/#primaryimage\"},\"thumbnailUrl\":\"https:\/\/files.sunoresearch.com.br\/n\/uploads\/2021\/07\/3bb86cde-plenario_do_senado_federal_sessao_deliberativa_ordinaria_semipresencial_fcpzzb_abr_240220211043-scaled.jpg\",\"datePublished\":\"2021-10-07T00:27:38+00:00\",\"description\":\"Projeto de lei possibilita a extens\u00e3o, por 15 anos, de isen\u00e7\u00f5es e benef\u00edcios tribut\u00e1rios atrelados ao ICMS de atividades comerciais.\",\"breadcrumb\":{\"@id\":\"https:\/\/www.suno.com.br\/noticias\/icms-senado-aprova-projeto-isencoes\/#breadcrumb\"},\"inLanguage\":\"pt-BR\",\"potentialAction\":[{\"@type\":\"ReadAction\",\"target\":[\"https:\/\/www.suno.com.br\/noticias\/icms-senado-aprova-projeto-isencoes\/\"]}]},{\"@type\":\"ImageObject\",\"inLanguage\":\"pt-BR\",\"@id\":\"https:\/\/www.suno.com.br\/noticias\/icms-senado-aprova-projeto-isencoes\/#primaryimage\",\"url\":\"https:\/\/files.sunoresearch.com.br\/n\/uploads\/2021\/07\/3bb86cde-plenario_do_senado_federal_sessao_deliberativa_ordinaria_semipresencial_fcpzzb_abr_240220211043-scaled.jpg\",\"contentUrl\":\"https:\/\/files.sunoresearch.com.br\/n\/uploads\/2021\/07\/3bb86cde-plenario_do_senado_federal_sessao_deliberativa_ordinaria_semipresencial_fcpzzb_abr_240220211043-scaled.jpg\",\"width\":2560,\"height\":1707,\"caption\":\"Senado Federal. Foto: Fabio Rodrigues Pozzebom\/Ag\u00eancia Brasil\"},{\"@type\":\"BreadcrumbList\",\"@id\":\"https:\/\/www.suno.com.br\/noticias\/icms-senado-aprova-projeto-isencoes\/#breadcrumb\",\"itemListElement\":[{\"@type\":\"ListItem\",\"position\":1,\"name\":\"Not\u00edcias\",\"item\":\"https:\/\/www.suno.com.br\/noticias\/\"},{\"@type\":\"ListItem\",\"position\":2,\"name\":\"Neg\u00f3cios\",\"item\":\"https:\/\/www.suno.com.br\/noticias\/negocios\/\"},{\"@type\":\"ListItem\",\"position\":3,\"name\":\"Projeto que prorroga isen\u00e7\u00f5es do ICMS por at\u00e9 15 anos nos Estados \u00e9 aprovado no Senado\"}]},{\"@type\":\"WebSite\",\"@id\":\"https:\/\/www.suno.com.br\/noticias\/#website\",\"url\":\"https:\/\/www.suno.com.br\/noticias\/\",\"name\":\"Suno Not\u00edcias\",\"description\":\"Seu portal de informa\u00e7\u00e3o sobre o mundo dos investimentos\",\"publisher\":{\"@id\":\"https:\/\/www.suno.com.br\/noticias\/#organization\"},\"potentialAction\":[{\"@type\":\"SearchAction\",\"target\":{\"@type\":\"EntryPoint\",\"urlTemplate\":\"https:\/\/www.suno.com.br\/noticias\/?s={search_term_string}\"},\"query-input\":{\"@type\":\"PropertyValueSpecification\",\"valueRequired\":true,\"valueName\":\"search_term_string\"}}],\"inLanguage\":\"pt-BR\"},{\"@type\":\"Organization\",\"@id\":\"https:\/\/www.suno.com.br\/noticias\/#organization\",\"name\":\"Suno Not\u00edcias\",\"url\":\"https:\/\/www.suno.com.br\/noticias\/\",\"logo\":{\"@type\":\"ImageObject\",\"inLanguage\":\"pt-BR\",\"@id\":\"https:\/\/www.suno.com.br\/noticias\/#\/schema\/logo\/image\/\",\"url\":\"https:\/\/files.sunoresearch.com.br\/n\/uploads\/2021\/09\/suno-logo.png\",\"contentUrl\":\"https:\/\/files.sunoresearch.com.br\/n\/uploads\/2021\/09\/suno-logo.png\",\"width\":180,\"height\":180,\"caption\":\"Suno Not\u00edcias\"},\"image\":{\"@id\":\"https:\/\/www.suno.com.br\/noticias\/#\/schema\/logo\/image\/\"},\"sameAs\":[\"https:\/\/facebook.com\/sunoresearch\",\"https:\/\/x.com\/sunoresearch\",\"https:\/\/www.instagram.com\/suno\",\"https:\/\/www.linkedin.com\/company\/suno-research\/\",\"https:\/\/www.youtube.com\/c\/sunoresearch\"]},{\"@type\":\"Person\",\"@id\":\"https:\/\/www.suno.com.br\/noticias\/#\/schema\/person\/c1b1bd3727fa852bd045e9dbff3673ea\",\"name\":\"Reda\u00e7\u00e3o Suno Not\u00edcias\",\"image\":{\"@type\":\"ImageObject\",\"inLanguage\":\"pt-BR\",\"@id\":\"https:\/\/www.suno.com.br\/noticias\/#\/schema\/person\/image\/\",\"url\":\"https:\/\/secure.gravatar.com\/avatar\/b8104b9b5a71985d5238ee59fbe418af?s=96&r=g\",\"contentUrl\":\"https:\/\/secure.gravatar.com\/avatar\/b8104b9b5a71985d5238ee59fbe418af?s=96&r=g\",\"caption\":\"Reda\u00e7\u00e3o Suno Not\u00edcias\"},\"description\":\"O Suno Not\u00edcias \u00e9 um portal de informa\u00e7\u00f5es sobre Mercado Financeiro, Pol\u00edtica, Neg\u00f3cios, Economia e Finan\u00e7as Pessoais.\",\"sameAs\":[\"https:\/\/www.suno.com.br\/noticias\",\"https:\/\/www.facebook.com\/sunonoticias\/\",\"https:\/\/www.instagram.com\/sunonoticias\/\",\"https:\/\/x.com\/https:\/\/twitter.com\/sunoresearch\",\"https:\/\/www.youtube.com\/sunonoticias\"],\"url\":\"https:\/\/www.suno.com.br\/noticias\/author\/redacao-suno\/\"}]}<\/script>\n<!-- \/ Yoast SEO plugin. -->","yoast_head_json":{"title":"Projeto que estende isen\u00e7\u00f5es do ICMS por 15 anos \u00e9 aprovado no Senado","description":"Projeto de lei possibilita a extens\u00e3o, por 15 anos, de isen\u00e7\u00f5es e benef\u00edcios tribut\u00e1rios atrelados ao ICMS de atividades comerciais.","robots":{"index":"index","follow":"follow","max-snippet":"max-snippet:-1","max-image-preview":"max-image-preview:large","max-video-preview":"max-video-preview:-1"},"canonical":"https:\/\/www.suno.com.br\/noticias\/icms-senado-aprova-projeto-isencoes\/","og_locale":"pt_BR","og_type":"article","og_title":"Projeto que estende isen\u00e7\u00f5es do ICMS por 15 anos \u00e9 aprovado no Senado","og_description":"Projeto de lei possibilita a extens\u00e3o, por 15 anos, de isen\u00e7\u00f5es e benef\u00edcios tribut\u00e1rios atrelados ao ICMS de atividades comerciais.","og_url":"https:\/\/www.suno.com.br\/noticias\/icms-senado-aprova-projeto-isencoes\/","og_site_name":"Suno Not\u00edcias","article_publisher":"https:\/\/facebook.com\/sunoresearch","article_author":"https:\/\/www.facebook.com\/sunonoticias\/","og_image":[{"width":2560,"height":1707,"url":"https:\/\/files.sunoresearch.com.br\/n\/uploads\/2021\/07\/3bb86cde-plenario_do_senado_federal_sessao_deliberativa_ordinaria_semipresencial_fcpzzb_abr_240220211043-scaled.jpg","type":"image\/jpeg"}],"author":"Reda\u00e7\u00e3o Suno Not\u00edcias","twitter_card":"summary_large_image","twitter_creator":"@https:\/\/twitter.com\/sunoresearch","twitter_site":"@sunoresearch","twitter_misc":{"Escrito por":"Reda\u00e7\u00e3o Suno Not\u00edcias","Est. tempo de leitura":"2 minutos"},"schema":{"@context":"https:\/\/schema.org","@graph":[{"@type":"NewsArticle","@id":"https:\/\/www.suno.com.br\/noticias\/icms-senado-aprova-projeto-isencoes\/#article","isPartOf":{"@id":"https:\/\/www.suno.com.br\/noticias\/icms-senado-aprova-projeto-isencoes\/"},"author":{"name":"Reda\u00e7\u00e3o Suno Not\u00edcias","@id":"https:\/\/www.suno.com.br\/noticias\/#\/schema\/person\/c1b1bd3727fa852bd045e9dbff3673ea"},"headline":"Projeto que prorroga isen\u00e7\u00f5es do ICMS por at\u00e9 15 anos nos Estados \u00e9 aprovado no Senado","datePublished":"2021-10-07T00:27:38+00:00","mainEntityOfPage":{"@id":"https:\/\/www.suno.com.br\/noticias\/icms-senado-aprova-projeto-isencoes\/"},"wordCount":530,"publisher":{"@id":"https:\/\/www.suno.com.br\/noticias\/#organization"},"image":{"@id":"https:\/\/www.suno.com.br\/noticias\/icms-senado-aprova-projeto-isencoes\/#primaryimage"},"thumbnailUrl":"https:\/\/files.sunoresearch.com.br\/n\/uploads\/2021\/07\/3bb86cde-plenario_do_senado_federal_sessao_deliberativa_ordinaria_semipresencial_fcpzzb_abr_240220211043-scaled.jpg","keywords":["Senado Federal"],"articleSection":["Neg\u00f3cios"],"inLanguage":"pt-BR"},{"@type":"WebPage","@id":"https:\/\/www.suno.com.br\/noticias\/icms-senado-aprova-projeto-isencoes\/","url":"https:\/\/www.suno.com.br\/noticias\/icms-senado-aprova-projeto-isencoes\/","name":"Projeto que estende isen\u00e7\u00f5es do ICMS por 15 anos \u00e9 aprovado no Senado","isPartOf":{"@id":"https:\/\/www.suno.com.br\/noticias\/#website"},"primaryImageOfPage":{"@id":"https:\/\/www.suno.com.br\/noticias\/icms-senado-aprova-projeto-isencoes\/#primaryimage"},"image":{"@id":"https:\/\/www.suno.com.br\/noticias\/icms-senado-aprova-projeto-isencoes\/#primaryimage"},"thumbnailUrl":"https:\/\/files.sunoresearch.com.br\/n\/uploads\/2021\/07\/3bb86cde-plenario_do_senado_federal_sessao_deliberativa_ordinaria_semipresencial_fcpzzb_abr_240220211043-scaled.jpg","datePublished":"2021-10-07T00:27:38+00:00","description":"Projeto de lei possibilita a extens\u00e3o, por 15 anos, de isen\u00e7\u00f5es e benef\u00edcios tribut\u00e1rios atrelados ao ICMS de atividades comerciais.","breadcrumb":{"@id":"https:\/\/www.suno.com.br\/noticias\/icms-senado-aprova-projeto-isencoes\/#breadcrumb"},"inLanguage":"pt-BR","potentialAction":[{"@type":"ReadAction","target":["https:\/\/www.suno.com.br\/noticias\/icms-senado-aprova-projeto-isencoes\/"]}]},{"@type":"ImageObject","inLanguage":"pt-BR","@id":"https:\/\/www.suno.com.br\/noticias\/icms-senado-aprova-projeto-isencoes\/#primaryimage","url":"https:\/\/files.sunoresearch.com.br\/n\/uploads\/2021\/07\/3bb86cde-plenario_do_senado_federal_sessao_deliberativa_ordinaria_semipresencial_fcpzzb_abr_240220211043-scaled.jpg","contentUrl":"https:\/\/files.sunoresearch.com.br\/n\/uploads\/2021\/07\/3bb86cde-plenario_do_senado_federal_sessao_deliberativa_ordinaria_semipresencial_fcpzzb_abr_240220211043-scaled.jpg","width":2560,"height":1707,"caption":"Senado Federal. Foto: Fabio Rodrigues Pozzebom\/Ag\u00eancia Brasil"},{"@type":"BreadcrumbList","@id":"https:\/\/www.suno.com.br\/noticias\/icms-senado-aprova-projeto-isencoes\/#breadcrumb","itemListElement":[{"@type":"ListItem","position":1,"name":"Not\u00edcias","item":"https:\/\/www.suno.com.br\/noticias\/"},{"@type":"ListItem","position":2,"name":"Neg\u00f3cios","item":"https:\/\/www.suno.com.br\/noticias\/negocios\/"},{"@type":"ListItem","position":3,"name":"Projeto que prorroga isen\u00e7\u00f5es do ICMS por at\u00e9 15 anos nos Estados \u00e9 aprovado no Senado"}]},{"@type":"WebSite","@id":"https:\/\/www.suno.com.br\/noticias\/#website","url":"https:\/\/www.suno.com.br\/noticias\/","name":"Suno Not\u00edcias","description":"Seu portal de informa\u00e7\u00e3o sobre o mundo dos investimentos","publisher":{"@id":"https:\/\/www.suno.com.br\/noticias\/#organization"},"potentialAction":[{"@type":"SearchAction","target":{"@type":"EntryPoint","urlTemplate":"https:\/\/www.suno.com.br\/noticias\/?s={search_term_string}"},"query-input":{"@type":"PropertyValueSpecification","valueRequired":true,"valueName":"search_term_string"}}],"inLanguage":"pt-BR"},{"@type":"Organization","@id":"https:\/\/www.suno.com.br\/noticias\/#organization","name":"Suno Not\u00edcias","url":"https:\/\/www.suno.com.br\/noticias\/","logo":{"@type":"ImageObject","inLanguage":"pt-BR","@id":"https:\/\/www.suno.com.br\/noticias\/#\/schema\/logo\/image\/","url":"https:\/\/files.sunoresearch.com.br\/n\/uploads\/2021\/09\/suno-logo.png","contentUrl":"https:\/\/files.sunoresearch.com.br\/n\/uploads\/2021\/09\/suno-logo.png","width":180,"height":180,"caption":"Suno Not\u00edcias"},"image":{"@id":"https:\/\/www.suno.com.br\/noticias\/#\/schema\/logo\/image\/"},"sameAs":["https:\/\/facebook.com\/sunoresearch","https:\/\/x.com\/sunoresearch","https:\/\/www.instagram.com\/suno","https:\/\/www.linkedin.com\/company\/suno-research\/","https:\/\/www.youtube.com\/c\/sunoresearch"]},{"@type":"Person","@id":"https:\/\/www.suno.com.br\/noticias\/#\/schema\/person\/c1b1bd3727fa852bd045e9dbff3673ea","name":"Reda\u00e7\u00e3o Suno Not\u00edcias","image":{"@type":"ImageObject","inLanguage":"pt-BR","@id":"https:\/\/www.suno.com.br\/noticias\/#\/schema\/person\/image\/","url":"https:\/\/secure.gravatar.com\/avatar\/b8104b9b5a71985d5238ee59fbe418af?s=96&r=g","contentUrl":"https:\/\/secure.gravatar.com\/avatar\/b8104b9b5a71985d5238ee59fbe418af?s=96&r=g","caption":"Reda\u00e7\u00e3o Suno Not\u00edcias"},"description":"O Suno Not\u00edcias \u00e9 um portal de informa\u00e7\u00f5es sobre Mercado Financeiro, Pol\u00edtica, Neg\u00f3cios, Economia e Finan\u00e7as Pessoais.","sameAs":["https:\/\/www.suno.com.br\/noticias","https:\/\/www.facebook.com\/sunonoticias\/","https:\/\/www.instagram.com\/sunonoticias\/","https:\/\/x.com\/https:\/\/twitter.com\/sunoresearch","https:\/\/www.youtube.com\/sunonoticias"],"url":"https:\/\/www.suno.com.br\/noticias\/author\/redacao-suno\/"}]}},"default_loop_html":"<div class=\"cardsPage__listCard__boxs\"><div class=\"cardsPage__listCard__boxs__img\"><a href=\"https:\/\/www.suno.com.br\/noticias\/icms-senado-aprova-projeto-isencoes\/\"><img class=\"mask\" src=\"https:\/\/www.suno.com.br\/noticias\/wp-content\/themes\/suno\/resources\/images\/spotlight\/spotlight1img\/bg-mask.png\" alt=\"Image Mask\"\/><img src=\"https:\/\/files.sunoresearch.com.br\/n\/uploads\/2021\/07\/3bb86cde-plenario_do_senado_federal_sessao_deliberativa_ordinaria_semipresencial_fcpzzb_abr_240220211043-400x200.jpg\" alt=\"Projeto que prorroga isen\u00e7\u00f5es do ICMS por at\u00e9 15 anos nos Estados \u00e9 aprovado no Senado\"\/><\/a><span class=\"spotlightCategory\"><a href=\"https:\/\/www.suno.com.br\/noticias\/negocios\/\">Neg\u00f3cios<\/a><\/span><\/div><div class=\"cardsPage__listCard__boxs__content\"><a href=\"https:\/\/www.suno.com.br\/noticias\/icms-senado-aprova-projeto-isencoes\/\"><h2 class=\"content__title\">Projeto que prorroga isen\u00e7\u00f5es do ICMS por at\u00e9 15 anos nos Estados \u00e9 aprovado no Senado<\/h2><\/a><div class=\"newsContent__article__meta\"><div class=\"newsContent__article__meta__authorBox\"><a href=\"https:\/\/www.suno.com.br\/noticias\/author\/redacao-suno\/\" class=\"authorBox__avatar noMobi\"><img src=\"https:\/\/files.sunoresearch.com.br\/n\/uploads\/2020\/08\/0ace682d-redacao-1-150x150.webp\" alt=\"Reda\u00e7\u00e3o Suno Not\u00edcias\"><\/a><div class=\"authorBox__name\"><span>por\n\t\t\t<a href=\"https:\/\/www.suno.com.br\/noticias\/author\/redacao-suno\/\"><span itemprop=\"author\">Reda\u00e7\u00e3o Suno Not\u00edcias<\/span><\/a><\/span><time datetime=\"2021-10-06T21:27:38-03:00\" itemprop=\"datePublished\">06\/10\/2021 21:27<\/time><\/div><\/div><\/div><\/div><\/div>","single_layout":"posts","amp_enabled":true,"_links":{"self":[{"href":"https:\/\/www.suno.com.br\/noticias\/wp-json\/wp\/v2\/posts\/191551"}],"collection":[{"href":"https:\/\/www.suno.com.br\/noticias\/wp-json\/wp\/v2\/posts"}],"about":[{"href":"https:\/\/www.suno.com.br\/noticias\/wp-json\/wp\/v2\/types\/post"}],"author":[{"embeddable":true,"href":"https:\/\/www.suno.com.br\/noticias\/wp-json\/wp\/v2\/users\/43"}],"replies":[{"embeddable":true,"href":"https:\/\/www.suno.com.br\/noticias\/wp-json\/wp\/v2\/comments?post=191551"}],"version-history":[{"count":2,"href":"https:\/\/www.suno.com.br\/noticias\/wp-json\/wp\/v2\/posts\/191551\/revisions"}],"predecessor-version":[{"id":191590,"href":"https:\/\/www.suno.com.br\/noticias\/wp-json\/wp\/v2\/posts\/191551\/revisions\/191590"}],"wp:featuredmedia":[{"embeddable":true,"href":"https:\/\/www.suno.com.br\/noticias\/wp-json\/wp\/v2\/media\/165996"}],"wp:attachment":[{"href":"https:\/\/www.suno.com.br\/noticias\/wp-json\/wp\/v2\/media?parent=191551"}],"wp:term":[{"taxonomy":"category","embeddable":true,"href":"https:\/\/www.suno.com.br\/noticias\/wp-json\/wp\/v2\/categories?post=191551"},{"taxonomy":"post_tag","embeddable":true,"href":"https:\/\/www.suno.com.br\/noticias\/wp-json\/wp\/v2\/tags?post=191551"},{"taxonomy":"suno_strategy","embeddable":true,"href":"https:\/\/www.suno.com.br\/noticias\/wp-json\/wp\/v2\/suno_strategy?post=191551"}],"curies":[{"name":"wp","href":"https:\/\/api.w.org\/{rel}","templated":true}]}}