{"id":191530,"date":"2021-10-06T20:19:24","date_gmt":"2021-10-06T23:19:24","guid":{"rendered":"https:\/\/www.suno.com.br\/noticias\/?p=191530"},"modified":"2021-10-06T20:19:24","modified_gmt":"2021-10-06T23:19:24","slug":"raizen-raiz4-joint-venture-gera","status":"publish","type":"post","link":"https:\/\/www.suno.com.br\/noticias\/raizen-raiz4-joint-venture-gera\/","title":{"rendered":"Ra\u00edzen (RAIZ4) anuncia joint venture com o Grupo Gera, em acordo de R$ 318 milh\u00f5es"},"content":{"rendered":"<p>A <strong>Ra\u00edzen<\/strong> (RAIZ4) anunciou nesta quarta-feira (6), em comunicado ao mercado, que fechou contrato para a forma\u00e7\u00e3o de uma <a class=\"suno-keyword\" href=\"https:\/\/www.suno.com.br\/artigos\/joint-venture\/\" target=\"_blank\" rel=\"noopener\" data-force=\"no\" data-priority=\"2\">joint venture<\/a> com o Grupo Gera, que atua no segmento de energia no Brasil.<\/p>\t<div class=\"wrapper-featured-image\">\n\t\t<figure class=\"spotlightImg\">\n\n\t\t\t<picture>\n\t\t\t\t<source media=\"(max-width: 768px)\" srcset=\"https:\/\/files.sunoresearch.com.br\/n\/uploads\/2021\/03\/e24e1db1-totem-rondonopolis-400x200.webp\">\n\t\t\t\t<img loading=\"lazy\" decoding=\"async\" class=\"newsContent__article__imgCapa lazyloadDisabled \" src=\"https:\/\/files.sunoresearch.com.br\/n\/uploads\/2021\/03\/e24e1db1-totem-rondonopolis-800x450.webp\" width=\"800\" height=\"450\" alt=\"Ra\u00edzen (RAIZ4) anuncia joint venture com o Grupo Gera, em acordo de R$ 318 milh\u00f5es\" fetchpriority=high \/>\n\t\t\t<\/picture>\n\n\t\t\t<figcaption class=\"wp-caption-text wp-caption-text--show\">Ra\u00edzen (RAIZ4) - Foto: Divulga\u00e7\u00e3o <\/figcaption>\n\t\t<\/figure>\n\t<\/div>\n\n\n\t<p>\n\t\t<a href=\"https:\/\/lp.suno.com.br\/planilha-controle-gastos\/\" target=\"_blank\" data-element=\"shortcode-suno-banner\" title=\"Banner SUNO, clique e saiba mais\">\n\t\t\t<picture>\n\t\t\t\t<source media=\"(max-width: 500px)\" srcset=\"https:\/\/files.sunoresearch.com.br\/n\/uploads\/2023\/03\/400x300-Planilha-controle-de-gastos.png\">\n\t\t\t\t<img class=\"newsContent__article__imgCapa newsContent__article__imgCapa--banner\"\n\t\t\t\t\tsrc=\"https:\/\/files.sunoresearch.com.br\/n\/uploads\/2023\/03\/1420x240-Planilha-controle-de-gastos.png\"\n\t\t\t\t\tdata-promo-id=\"101751\"\t\t\t\t\t\t\t\t\t\twidth='1420' height='240'\t\t\t\t\talt=\"https:\/\/files.sunoresearch.com.br\/n\/uploads\/2023\/03\/1420x240-Planilha-controle-de-gastos.png\"\n\t\t\t\t>\n\t\t\t<\/picture>\n\t\t<\/a>\n\t<\/p>\n\n\n<p>Segundo o fato relevante da <strong>Ra\u00edzen<\/strong>, a empresa far\u00e1 um investimento de <strong>R$ 212 milh\u00f5es<\/strong> por participa\u00e7\u00f5es em empresas do grupo, &#8220;al\u00e9m de fazer um aporte prim\u00e1rio no total de R$ 106 milh\u00f5es para desenvolvimento de novos neg\u00f3cios&#8221;.<\/p>\n<p>A companhia informa ainda que o contrato com a Gera tem como objetivo o desenvolvimento de <strong>tr\u00eas opera\u00e7\u00f5es<\/strong>:<\/p>\n<ul>\n<li>gera\u00e7\u00e3o de energia,<\/li>\n<li>desenvolvimento de novos projetos de gera\u00e7\u00e3o de energia renov\u00e1vel<\/li>\n<li>e solu\u00e7\u00f5es de tecnologia, com foco no desenvolvimento e inova\u00e7\u00e3o para os consumidores de energia.<\/li>\n<\/ul>\n\t<p>\n\t\t<a href=\"https:\/\/lp.suno.com.br\/planilha-da-vida-financeira\/\" target=\"_blank\" data-element=\"shortcode-suno-banner\" title=\"Banner SUNO, clique e saiba mais\">\n\t\t\t<picture>\n\t\t\t\t<source media=\"(max-width: 500px)\" srcset=\"https:\/\/files.sunoresearch.com.br\/n\/uploads\/2023\/04\/400x300-Planilha-vida-financeira-true.png\">\n\t\t\t\t<img class=\"newsContent__article__imgCapa newsContent__article__imgCapa--banner\"\n\t\t\t\t\tsrc=\"https:\/\/files.sunoresearch.com.br\/n\/uploads\/2023\/04\/1420x240-Planilha-vida-financeira-true.png\"\n\t\t\t\t\tdata-promo-id=\"106682\"\t\t\t\t\t\t\t\t\t\twidth='1420' height='240'\t\t\t\t\talt=\"https:\/\/files.sunoresearch.com.br\/n\/uploads\/2023\/04\/1420x240-Planilha-vida-financeira-true.png\"\n\t\t\t\t>\n\t\t\t<\/picture>\n\t\t<\/a>\n\t<\/p>\n\n\n<p>O informe diz que ap\u00f3s a realiza\u00e7\u00e3o do contrato a Ra\u00edzen ser\u00e1 a detentora do controle dos segmentos de <strong>gera\u00e7\u00e3o de rnergia e desenvolvimento<\/strong>, enquanto a Gera manter\u00e1 o controle de Solu\u00e7\u00f5es.<\/p>\n<p>&#8220;Esse movimento complementa a plataforma de produtos e servi\u00e7os renov\u00e1veis da Ra\u00edzen, refor\u00e7ando a posi\u00e7\u00e3o de lideran\u00e7a no processo de transi\u00e7\u00e3o e <strong>descarboniza\u00e7\u00e3o<\/strong> da matriz energ\u00e9tica global, atrav\u00e9s da amplia\u00e7\u00e3o da oferta de energia mais limpa, renov\u00e1vel e sustent\u00e1vel&#8221;, afirma a empresa no documento.<\/p>\n\t<p>\n\t\t<a href=\"https:\/\/lp.suno.com.br\/ebook-como-analisar-uma-acao\/\" target=\"_blank\" data-element=\"shortcode-suno-banner\" title=\"Banner SUNO, clique e saiba mais\">\n\t\t\t<picture>\n\t\t\t\t<source media=\"(max-width: 500px)\" srcset=\"https:\/\/files.sunoresearch.com.br\/n\/uploads\/2023\/03\/Ebook-Acoes-Mobile-1.jpg\">\n\t\t\t\t<img class=\"newsContent__article__imgCapa newsContent__article__imgCapa--banner\"\n\t\t\t\t\tsrc=\"https:\/\/files.sunoresearch.com.br\/n\/uploads\/2023\/03\/Ebook-Acoes-Desktop-1.jpg\"\n\t\t\t\t\tdata-promo-id=\"171998\"\t\t\t\t\t\t\t\t\t\twidth='1420' height='286'\t\t\t\t\talt=\"https:\/\/files.sunoresearch.com.br\/n\/uploads\/2023\/03\/Ebook-Acoes-Desktop-1.jpg\"\n\t\t\t\t>\n\t\t\t<\/picture>\n\t\t<\/a>\n\t<\/p>\n\n\n<p>O Grupo <strong>Gera<\/strong> possui, de acordo com a Ra\u00edzen, mais de 15.000 unidades consumidoras de energia, em 14 estados brasileiros, com capacidade instalada para gera\u00e7\u00e3o de 23 MW (127.000 MWh\/ano). Conforme o comunicado, o grupo investe &#8220;em projetos para e gera\u00e7\u00e3o distribu\u00edda para grandes empresas e gerindo energia e utilidades de grandes consumidores nacionais&#8221;.<\/p>\n<h2>BTG Pactual recomenda compra da Ra\u00edzen<\/h2>\n<p>Segundo os analistas do banco de investimentos, a Ra\u00edzen \u201capresenta um caminho de crescimento sustentado pela capacidade significativa de produ\u00e7\u00e3o de biomassa e outras energias renov\u00e1veis alternativas, prontas para entrega\u201d. Eles elencam o\u00a0<strong>etanol celul\u00f3sico<\/strong>,\u00a0<strong>biog\u00e1s<\/strong>,\u00a0<strong>pellets<\/strong>, entre outros coprodutos de\u00a0<strong>cana-de-a\u00e7\u00facar<\/strong>\u00a0como exemplos.<\/p>\n\t<div data-element=\"shortcode-read-more\" class=\"knowMore\">\n\t\t\t\t<span class=\"knowMore__title\">Saiba mais<\/span>\n\t\t\t\t<a class=\"knowMore__link\" href=\"https:\/\/www.suno.com.br\/noticias\/btg-inclui-raizen-raiz4-em-portfolio-esg\/\">\n\t\t\tBTG inclui Ra\u00edzen (RAIZ4) ao seu portf\u00f3lio ESG: &quot;tem estrat\u00e9gia clara e escala incompar\u00e1vel&quot;\t\t<\/a>\n\t<\/div>\n\n\n\t<p>\n\t\t<a href=\"https:\/\/lp.suno.com.br\/planilha-de-controle-de-investimentos\/\" target=\"_blank\" data-element=\"shortcode-suno-banner\" title=\"Banner SUNO, clique e saiba mais\">\n\t\t\t<picture>\n\t\t\t\t<source media=\"(max-width: 500px)\" srcset=\"https:\/\/files.sunoresearch.com.br\/n\/uploads\/2023\/03\/400x300-Controle-de-Investimentos.png\">\n\t\t\t\t<img class=\"newsContent__article__imgCapa newsContent__article__imgCapa--banner\"\n\t\t\t\t\tsrc=\"https:\/\/files.sunoresearch.com.br\/n\/uploads\/2023\/03\/1420x240-Controle-de-Investimentos.png\"\n\t\t\t\t\tdata-promo-id=\"75934\"\t\t\t\t\t\t\t\t\t\twidth='1420' height='240'\t\t\t\t\talt=\"https:\/\/files.sunoresearch.com.br\/n\/uploads\/2023\/03\/1420x240-Controle-de-Investimentos.png\"\n\t\t\t\t>\n\t\t\t<\/picture>\n\t\t<\/a>\n\t<\/p>\n\n\n<p>\u201cEstamos adicionando as\u00a0<strong>a\u00e7\u00f5es RAIZ4<\/strong>\u00a0ao nosso\u00a0<strong>portf\u00f3lio ESG<\/strong>\u00a0(\u2026). [a <strong>Ra\u00edzen<\/strong> apresenta] escala incompar\u00e1vel, uma forte cultura corporativa e uma estrat\u00e9gia clara. Vemos que oferece uma\u00a0<a class=\"suno-keyword\" href=\"https:\/\/www.suno.com.br\/artigos\/proposta-de-valor\/\" target=\"_blank\" rel=\"noopener\" data-force=\"no\" data-priority=\"1\">proposta de valor<\/a>\u00a0muito atraente\u201d, diz relat\u00f3rio.<\/p>\n\t<p>\n\t\t<a href=\"\" target=\"_blank\" data-element=\"shortcode-suno-banner\" title=\"Banner SUNO, clique e saiba mais\">\n\t\t\t<picture>\n\t\t\t\t<source media=\"(max-width: 500px)\" srcset=\"\">\n\t\t\t\t<img class=\"newsContent__article__imgCapa newsContent__article__imgCapa--banner\"\n\t\t\t\t\tsrc=\"\"\n\t\t\t\t\tdata-promo-id=\"184190\"\t\t\t\t\t\t\t\t\t\t\t\t\t\t\talt=\"\"\n\t\t\t\t>\n\t\t\t<\/picture>\n\t\t<\/a>\n\t<\/p>\n\n\n","protected":false},"excerpt":{"rendered":"<p>A Ra\u00edzen (RAIZ4) anunciou nesta quarta-feira (6), em comunicado ao mercado, que fechou contrato para a forma\u00e7\u00e3o de uma joint venture com o Grupo Gera, que atua no segmento de energia no Brasil. Ra\u00edzen (RAIZ4) &#8211; Foto: Divulga\u00e7\u00e3o Segundo o fato relevante da Ra\u00edzen, a empresa far\u00e1 um investimento de R$ 212 milh\u00f5es por participa\u00e7\u00f5es [&hellip;]<\/p>\n","protected":false},"author":118,"featured_media":136166,"comment_status":"closed","ping_status":"closed","sticky":false,"template":"","format":"standard","meta":[],"categories":[64],"tags":[106933],"suno_strategy":[],"class_list":["post-191530","post","type-post","status-publish","format-standard","has-post-thumbnail","hentry","category-negocios","tag-raizen-raiz4"],"yoast_head":"<!-- This site is optimized with the Yoast SEO plugin v24.4 - https:\/\/yoast.com\/wordpress\/plugins\/seo\/ -->\n<title>Ra\u00edzen (RAIZ4) anuncia joint venture com o Grupo Gera<\/title>\n<meta name=\"description\" content=\"A Ra\u00edzen (RAIZ4) anunciou nesta quarta-feira (6), por meio de um comunicado ao mercado, que celebrou hoje Contrato...Saiba mais\" \/>\n<meta name=\"robots\" content=\"index, follow, max-snippet:-1, max-image-preview:large, max-video-preview:-1\" \/>\n<link rel=\"canonical\" href=\"https:\/\/www.suno.com.br\/noticias\/raizen-raiz4-joint-venture-gera\/\" \/>\n<meta property=\"og:locale\" content=\"pt_BR\" \/>\n<meta property=\"og:type\" content=\"article\" \/>\n<meta property=\"og:title\" content=\"Ra\u00edzen (RAIZ4) anuncia joint venture com o Grupo Gera\" \/>\n<meta property=\"og:description\" content=\"A Ra\u00edzen (RAIZ4) anunciou nesta quarta-feira (6), por meio de um comunicado ao mercado, que celebrou hoje Contrato...Saiba mais\" \/>\n<meta property=\"og:url\" content=\"https:\/\/www.suno.com.br\/noticias\/raizen-raiz4-joint-venture-gera\/\" \/>\n<meta property=\"og:site_name\" content=\"Suno Not\u00edcias\" \/>\n<meta property=\"article:publisher\" content=\"https:\/\/facebook.com\/sunoresearch\" \/>\n<meta property=\"og:image\" content=\"https:\/\/files.sunoresearch.com.br\/n\/uploads\/2021\/03\/e24e1db1-totem-rondonopolis.jpg\" \/>\n\t<meta property=\"og:image:width\" content=\"2505\" \/>\n\t<meta property=\"og:image:height\" content=\"1670\" \/>\n\t<meta property=\"og:image:type\" content=\"image\/jpeg\" \/>\n<meta name=\"author\" content=\"Bruno Galv\u00e3o\" \/>\n<meta name=\"twitter:card\" content=\"summary_large_image\" \/>\n<meta name=\"twitter:creator\" content=\"@sunoresearch\" \/>\n<meta name=\"twitter:site\" content=\"@sunoresearch\" \/>\n<meta name=\"twitter:label1\" content=\"Escrito por\" \/>\n\t<meta name=\"twitter:data1\" content=\"Bruno Galv\u00e3o\" \/>\n\t<meta name=\"twitter:label2\" content=\"Est. tempo de leitura\" \/>\n\t<meta name=\"twitter:data2\" content=\"2 minutos\" \/>\n<script type=\"application\/ld+json\" class=\"yoast-schema-graph\">{\"@context\":\"https:\/\/schema.org\",\"@graph\":[{\"@type\":\"NewsArticle\",\"@id\":\"https:\/\/www.suno.com.br\/noticias\/raizen-raiz4-joint-venture-gera\/#article\",\"isPartOf\":{\"@id\":\"https:\/\/www.suno.com.br\/noticias\/raizen-raiz4-joint-venture-gera\/\"},\"author\":{\"name\":\"Bruno Galv\u00e3o\",\"@id\":\"https:\/\/www.suno.com.br\/noticias\/#\/schema\/person\/06f0d962a6b1c54852e4860f16935600\"},\"headline\":\"Ra\u00edzen (RAIZ4) anuncia joint venture com o Grupo Gera, em acordo de R$ 318 milh\u00f5es\",\"datePublished\":\"2021-10-06T23:19:24+00:00\",\"mainEntityOfPage\":{\"@id\":\"https:\/\/www.suno.com.br\/noticias\/raizen-raiz4-joint-venture-gera\/\"},\"wordCount\":412,\"publisher\":{\"@id\":\"https:\/\/www.suno.com.br\/noticias\/#organization\"},\"image\":{\"@id\":\"https:\/\/www.suno.com.br\/noticias\/raizen-raiz4-joint-venture-gera\/#primaryimage\"},\"thumbnailUrl\":\"https:\/\/files.sunoresearch.com.br\/n\/uploads\/2021\/03\/e24e1db1-totem-rondonopolis-jpg.webp\",\"keywords\":[\"Ra\u00edzen (RAIZ4)\"],\"articleSection\":[\"Neg\u00f3cios\"],\"inLanguage\":\"pt-BR\"},{\"@type\":\"WebPage\",\"@id\":\"https:\/\/www.suno.com.br\/noticias\/raizen-raiz4-joint-venture-gera\/\",\"url\":\"https:\/\/www.suno.com.br\/noticias\/raizen-raiz4-joint-venture-gera\/\",\"name\":\"Ra\u00edzen (RAIZ4) anuncia joint venture com o Grupo Gera\",\"isPartOf\":{\"@id\":\"https:\/\/www.suno.com.br\/noticias\/#website\"},\"primaryImageOfPage\":{\"@id\":\"https:\/\/www.suno.com.br\/noticias\/raizen-raiz4-joint-venture-gera\/#primaryimage\"},\"image\":{\"@id\":\"https:\/\/www.suno.com.br\/noticias\/raizen-raiz4-joint-venture-gera\/#primaryimage\"},\"thumbnailUrl\":\"https:\/\/files.sunoresearch.com.br\/n\/uploads\/2021\/03\/e24e1db1-totem-rondonopolis-jpg.webp\",\"datePublished\":\"2021-10-06T23:19:24+00:00\",\"description\":\"A Ra\u00edzen (RAIZ4) anunciou nesta quarta-feira (6), por meio de um comunicado ao mercado, que celebrou hoje Contrato...Saiba mais\",\"breadcrumb\":{\"@id\":\"https:\/\/www.suno.com.br\/noticias\/raizen-raiz4-joint-venture-gera\/#breadcrumb\"},\"inLanguage\":\"pt-BR\",\"potentialAction\":[{\"@type\":\"ReadAction\",\"target\":[\"https:\/\/www.suno.com.br\/noticias\/raizen-raiz4-joint-venture-gera\/\"]}]},{\"@type\":\"ImageObject\",\"inLanguage\":\"pt-BR\",\"@id\":\"https:\/\/www.suno.com.br\/noticias\/raizen-raiz4-joint-venture-gera\/#primaryimage\",\"url\":\"https:\/\/files.sunoresearch.com.br\/n\/uploads\/2021\/03\/e24e1db1-totem-rondonopolis-jpg.webp\",\"contentUrl\":\"https:\/\/files.sunoresearch.com.br\/n\/uploads\/2021\/03\/e24e1db1-totem-rondonopolis-jpg.webp\",\"width\":2505,\"height\":1670,\"caption\":\"Ra\u00edzen (RAIZ4) - Foto: Divulga\u00e7\u00e3o\"},{\"@type\":\"BreadcrumbList\",\"@id\":\"https:\/\/www.suno.com.br\/noticias\/raizen-raiz4-joint-venture-gera\/#breadcrumb\",\"itemListElement\":[{\"@type\":\"ListItem\",\"position\":1,\"name\":\"Not\u00edcias\",\"item\":\"https:\/\/www.suno.com.br\/noticias\/\"},{\"@type\":\"ListItem\",\"position\":2,\"name\":\"Neg\u00f3cios\",\"item\":\"https:\/\/www.suno.com.br\/noticias\/negocios\/\"},{\"@type\":\"ListItem\",\"position\":3,\"name\":\"Ra\u00edzen (RAIZ4) anuncia joint venture com o Grupo Gera, em acordo de R$ 318 milh\u00f5es\"}]},{\"@type\":\"WebSite\",\"@id\":\"https:\/\/www.suno.com.br\/noticias\/#website\",\"url\":\"https:\/\/www.suno.com.br\/noticias\/\",\"name\":\"Suno Not\u00edcias\",\"description\":\"Seu portal de informa\u00e7\u00e3o sobre o mundo dos investimentos\",\"publisher\":{\"@id\":\"https:\/\/www.suno.com.br\/noticias\/#organization\"},\"potentialAction\":[{\"@type\":\"SearchAction\",\"target\":{\"@type\":\"EntryPoint\",\"urlTemplate\":\"https:\/\/www.suno.com.br\/noticias\/?s={search_term_string}\"},\"query-input\":{\"@type\":\"PropertyValueSpecification\",\"valueRequired\":true,\"valueName\":\"search_term_string\"}}],\"inLanguage\":\"pt-BR\"},{\"@type\":\"Organization\",\"@id\":\"https:\/\/www.suno.com.br\/noticias\/#organization\",\"name\":\"Suno Not\u00edcias\",\"url\":\"https:\/\/www.suno.com.br\/noticias\/\",\"logo\":{\"@type\":\"ImageObject\",\"inLanguage\":\"pt-BR\",\"@id\":\"https:\/\/www.suno.com.br\/noticias\/#\/schema\/logo\/image\/\",\"url\":\"https:\/\/files.sunoresearch.com.br\/n\/uploads\/2021\/09\/suno-logo.png\",\"contentUrl\":\"https:\/\/files.sunoresearch.com.br\/n\/uploads\/2021\/09\/suno-logo.png\",\"width\":180,\"height\":180,\"caption\":\"Suno Not\u00edcias\"},\"image\":{\"@id\":\"https:\/\/www.suno.com.br\/noticias\/#\/schema\/logo\/image\/\"},\"sameAs\":[\"https:\/\/facebook.com\/sunoresearch\",\"https:\/\/x.com\/sunoresearch\",\"https:\/\/www.instagram.com\/suno\",\"https:\/\/www.linkedin.com\/company\/suno-research\/\",\"https:\/\/www.youtube.com\/c\/sunoresearch\"]},{\"@type\":\"Person\",\"@id\":\"https:\/\/www.suno.com.br\/noticias\/#\/schema\/person\/06f0d962a6b1c54852e4860f16935600\",\"name\":\"Bruno Galv\u00e3o\",\"image\":{\"@type\":\"ImageObject\",\"inLanguage\":\"pt-BR\",\"@id\":\"https:\/\/www.suno.com.br\/noticias\/#\/schema\/person\/image\/\",\"url\":\"https:\/\/secure.gravatar.com\/avatar\/53598df0b41c00f12f287a912d0e918e?s=96&r=g\",\"contentUrl\":\"https:\/\/secure.gravatar.com\/avatar\/53598df0b41c00f12f287a912d0e918e?s=96&r=g\",\"caption\":\"Bruno Galv\u00e3o\"},\"description\":\"Escreve para o portal Suno Not\u00edcias. \u00c9 estudante de Jornalismo pela Faculdade C\u00e1sper L\u00edbero e Letras pela USP. Entusiasta de tecnologia e intelig\u00eancia artificial.\",\"url\":\"https:\/\/www.suno.com.br\/noticias\/author\/bruno-garcia\/\"}]}<\/script>\n<!-- \/ Yoast SEO plugin. -->","yoast_head_json":{"title":"Ra\u00edzen (RAIZ4) anuncia joint venture com o Grupo Gera","description":"A Ra\u00edzen (RAIZ4) anunciou nesta quarta-feira (6), por meio de um comunicado ao mercado, que celebrou hoje Contrato...Saiba mais","robots":{"index":"index","follow":"follow","max-snippet":"max-snippet:-1","max-image-preview":"max-image-preview:large","max-video-preview":"max-video-preview:-1"},"canonical":"https:\/\/www.suno.com.br\/noticias\/raizen-raiz4-joint-venture-gera\/","og_locale":"pt_BR","og_type":"article","og_title":"Ra\u00edzen (RAIZ4) anuncia joint venture com o Grupo Gera","og_description":"A Ra\u00edzen (RAIZ4) anunciou nesta quarta-feira (6), por meio de um comunicado ao mercado, que celebrou hoje Contrato...Saiba mais","og_url":"https:\/\/www.suno.com.br\/noticias\/raizen-raiz4-joint-venture-gera\/","og_site_name":"Suno Not\u00edcias","article_publisher":"https:\/\/facebook.com\/sunoresearch","og_image":[{"width":2505,"height":1670,"url":"https:\/\/files.sunoresearch.com.br\/n\/uploads\/2021\/03\/e24e1db1-totem-rondonopolis.jpg","type":"image\/jpeg"}],"author":"Bruno Galv\u00e3o","twitter_card":"summary_large_image","twitter_creator":"@sunoresearch","twitter_site":"@sunoresearch","twitter_misc":{"Escrito por":"Bruno Galv\u00e3o","Est. tempo de leitura":"2 minutos"},"schema":{"@context":"https:\/\/schema.org","@graph":[{"@type":"NewsArticle","@id":"https:\/\/www.suno.com.br\/noticias\/raizen-raiz4-joint-venture-gera\/#article","isPartOf":{"@id":"https:\/\/www.suno.com.br\/noticias\/raizen-raiz4-joint-venture-gera\/"},"author":{"name":"Bruno Galv\u00e3o","@id":"https:\/\/www.suno.com.br\/noticias\/#\/schema\/person\/06f0d962a6b1c54852e4860f16935600"},"headline":"Ra\u00edzen (RAIZ4) anuncia joint venture com o Grupo Gera, em acordo de R$ 318 milh\u00f5es","datePublished":"2021-10-06T23:19:24+00:00","mainEntityOfPage":{"@id":"https:\/\/www.suno.com.br\/noticias\/raizen-raiz4-joint-venture-gera\/"},"wordCount":412,"publisher":{"@id":"https:\/\/www.suno.com.br\/noticias\/#organization"},"image":{"@id":"https:\/\/www.suno.com.br\/noticias\/raizen-raiz4-joint-venture-gera\/#primaryimage"},"thumbnailUrl":"https:\/\/files.sunoresearch.com.br\/n\/uploads\/2021\/03\/e24e1db1-totem-rondonopolis-jpg.webp","keywords":["Ra\u00edzen (RAIZ4)"],"articleSection":["Neg\u00f3cios"],"inLanguage":"pt-BR"},{"@type":"WebPage","@id":"https:\/\/www.suno.com.br\/noticias\/raizen-raiz4-joint-venture-gera\/","url":"https:\/\/www.suno.com.br\/noticias\/raizen-raiz4-joint-venture-gera\/","name":"Ra\u00edzen (RAIZ4) anuncia joint venture com o Grupo Gera","isPartOf":{"@id":"https:\/\/www.suno.com.br\/noticias\/#website"},"primaryImageOfPage":{"@id":"https:\/\/www.suno.com.br\/noticias\/raizen-raiz4-joint-venture-gera\/#primaryimage"},"image":{"@id":"https:\/\/www.suno.com.br\/noticias\/raizen-raiz4-joint-venture-gera\/#primaryimage"},"thumbnailUrl":"https:\/\/files.sunoresearch.com.br\/n\/uploads\/2021\/03\/e24e1db1-totem-rondonopolis-jpg.webp","datePublished":"2021-10-06T23:19:24+00:00","description":"A Ra\u00edzen (RAIZ4) anunciou nesta quarta-feira (6), por meio de um comunicado ao mercado, que celebrou hoje Contrato...Saiba mais","breadcrumb":{"@id":"https:\/\/www.suno.com.br\/noticias\/raizen-raiz4-joint-venture-gera\/#breadcrumb"},"inLanguage":"pt-BR","potentialAction":[{"@type":"ReadAction","target":["https:\/\/www.suno.com.br\/noticias\/raizen-raiz4-joint-venture-gera\/"]}]},{"@type":"ImageObject","inLanguage":"pt-BR","@id":"https:\/\/www.suno.com.br\/noticias\/raizen-raiz4-joint-venture-gera\/#primaryimage","url":"https:\/\/files.sunoresearch.com.br\/n\/uploads\/2021\/03\/e24e1db1-totem-rondonopolis-jpg.webp","contentUrl":"https:\/\/files.sunoresearch.com.br\/n\/uploads\/2021\/03\/e24e1db1-totem-rondonopolis-jpg.webp","width":2505,"height":1670,"caption":"Ra\u00edzen (RAIZ4) - Foto: Divulga\u00e7\u00e3o"},{"@type":"BreadcrumbList","@id":"https:\/\/www.suno.com.br\/noticias\/raizen-raiz4-joint-venture-gera\/#breadcrumb","itemListElement":[{"@type":"ListItem","position":1,"name":"Not\u00edcias","item":"https:\/\/www.suno.com.br\/noticias\/"},{"@type":"ListItem","position":2,"name":"Neg\u00f3cios","item":"https:\/\/www.suno.com.br\/noticias\/negocios\/"},{"@type":"ListItem","position":3,"name":"Ra\u00edzen (RAIZ4) anuncia joint venture com o Grupo Gera, em acordo de R$ 318 milh\u00f5es"}]},{"@type":"WebSite","@id":"https:\/\/www.suno.com.br\/noticias\/#website","url":"https:\/\/www.suno.com.br\/noticias\/","name":"Suno Not\u00edcias","description":"Seu portal de informa\u00e7\u00e3o sobre o mundo dos investimentos","publisher":{"@id":"https:\/\/www.suno.com.br\/noticias\/#organization"},"potentialAction":[{"@type":"SearchAction","target":{"@type":"EntryPoint","urlTemplate":"https:\/\/www.suno.com.br\/noticias\/?s={search_term_string}"},"query-input":{"@type":"PropertyValueSpecification","valueRequired":true,"valueName":"search_term_string"}}],"inLanguage":"pt-BR"},{"@type":"Organization","@id":"https:\/\/www.suno.com.br\/noticias\/#organization","name":"Suno Not\u00edcias","url":"https:\/\/www.suno.com.br\/noticias\/","logo":{"@type":"ImageObject","inLanguage":"pt-BR","@id":"https:\/\/www.suno.com.br\/noticias\/#\/schema\/logo\/image\/","url":"https:\/\/files.sunoresearch.com.br\/n\/uploads\/2021\/09\/suno-logo.png","contentUrl":"https:\/\/files.sunoresearch.com.br\/n\/uploads\/2021\/09\/suno-logo.png","width":180,"height":180,"caption":"Suno Not\u00edcias"},"image":{"@id":"https:\/\/www.suno.com.br\/noticias\/#\/schema\/logo\/image\/"},"sameAs":["https:\/\/facebook.com\/sunoresearch","https:\/\/x.com\/sunoresearch","https:\/\/www.instagram.com\/suno","https:\/\/www.linkedin.com\/company\/suno-research\/","https:\/\/www.youtube.com\/c\/sunoresearch"]},{"@type":"Person","@id":"https:\/\/www.suno.com.br\/noticias\/#\/schema\/person\/06f0d962a6b1c54852e4860f16935600","name":"Bruno Galv\u00e3o","image":{"@type":"ImageObject","inLanguage":"pt-BR","@id":"https:\/\/www.suno.com.br\/noticias\/#\/schema\/person\/image\/","url":"https:\/\/secure.gravatar.com\/avatar\/53598df0b41c00f12f287a912d0e918e?s=96&r=g","contentUrl":"https:\/\/secure.gravatar.com\/avatar\/53598df0b41c00f12f287a912d0e918e?s=96&r=g","caption":"Bruno Galv\u00e3o"},"description":"Escreve para o portal Suno Not\u00edcias. \u00c9 estudante de Jornalismo pela Faculdade C\u00e1sper L\u00edbero e Letras pela USP. Entusiasta de tecnologia e intelig\u00eancia artificial.","url":"https:\/\/www.suno.com.br\/noticias\/author\/bruno-garcia\/"}]}},"default_loop_html":"<div class=\"cardsPage__listCard__boxs\"><div class=\"cardsPage__listCard__boxs__img\"><a href=\"https:\/\/www.suno.com.br\/noticias\/raizen-raiz4-joint-venture-gera\/\"><img class=\"mask\" src=\"https:\/\/www.suno.com.br\/noticias\/wp-content\/themes\/suno\/resources\/images\/spotlight\/spotlight1img\/bg-mask.png\" alt=\"Image Mask\"\/><img src=\"https:\/\/files.sunoresearch.com.br\/n\/uploads\/2021\/03\/e24e1db1-totem-rondonopolis-400x200.webp\" alt=\"Ra\u00edzen (RAIZ4) anuncia joint venture com o Grupo Gera, em acordo de R$ 318 milh\u00f5es\"\/><\/a><span class=\"spotlightCategory\"><a href=\"https:\/\/www.suno.com.br\/noticias\/negocios\/\">Neg\u00f3cios<\/a><\/span><\/div><div class=\"cardsPage__listCard__boxs__content\"><a href=\"https:\/\/www.suno.com.br\/noticias\/raizen-raiz4-joint-venture-gera\/\"><h2 class=\"content__title\">Ra\u00edzen (RAIZ4) anuncia joint venture com o Grupo Gera, em acordo de R$ 318 milh\u00f5es<\/h2><\/a><div class=\"newsContent__article__meta\"><div class=\"newsContent__article__meta__authorBox\"><a href=\"https:\/\/www.suno.com.br\/noticias\/author\/bruno-garcia\/\" class=\"authorBox__avatar noMobi\"><img src=\"https:\/\/secure.gravatar.com\/avatar\/53598df0b41c00f12f287a912d0e918e?s=96&#038;r=g\" alt=\"Bruno Galv\u00e3o\"><\/a><div class=\"authorBox__name\"><span>por\n\t\t\t<a href=\"https:\/\/www.suno.com.br\/noticias\/author\/bruno-garcia\/\"><span itemprop=\"author\">Bruno Galv\u00e3o<\/span><\/a><\/span><time datetime=\"2021-10-06T20:19:24-03:00\" itemprop=\"datePublished\">06\/10\/2021 20:19<\/time><\/div><\/div><\/div><\/div><\/div>","single_layout":"posts","amp_enabled":true,"_links":{"self":[{"href":"https:\/\/www.suno.com.br\/noticias\/wp-json\/wp\/v2\/posts\/191530"}],"collection":[{"href":"https:\/\/www.suno.com.br\/noticias\/wp-json\/wp\/v2\/posts"}],"about":[{"href":"https:\/\/www.suno.com.br\/noticias\/wp-json\/wp\/v2\/types\/post"}],"author":[{"embeddable":true,"href":"https:\/\/www.suno.com.br\/noticias\/wp-json\/wp\/v2\/users\/118"}],"replies":[{"embeddable":true,"href":"https:\/\/www.suno.com.br\/noticias\/wp-json\/wp\/v2\/comments?post=191530"}],"version-history":[{"count":3,"href":"https:\/\/www.suno.com.br\/noticias\/wp-json\/wp\/v2\/posts\/191530\/revisions"}],"predecessor-version":[{"id":191561,"href":"https:\/\/www.suno.com.br\/noticias\/wp-json\/wp\/v2\/posts\/191530\/revisions\/191561"}],"wp:featuredmedia":[{"embeddable":true,"href":"https:\/\/www.suno.com.br\/noticias\/wp-json\/wp\/v2\/media\/136166"}],"wp:attachment":[{"href":"https:\/\/www.suno.com.br\/noticias\/wp-json\/wp\/v2\/media?parent=191530"}],"wp:term":[{"taxonomy":"category","embeddable":true,"href":"https:\/\/www.suno.com.br\/noticias\/wp-json\/wp\/v2\/categories?post=191530"},{"taxonomy":"post_tag","embeddable":true,"href":"https:\/\/www.suno.com.br\/noticias\/wp-json\/wp\/v2\/tags?post=191530"},{"taxonomy":"suno_strategy","embeddable":true,"href":"https:\/\/www.suno.com.br\/noticias\/wp-json\/wp\/v2\/suno_strategy?post=191530"}],"curies":[{"name":"wp","href":"https:\/\/api.w.org\/{rel}","templated":true}]}}