{"id":19143,"date":"2019-03-26T20:27:24","date_gmt":"2019-03-26T23:27:24","guid":{"rendered":"https:\/\/www.suno.com.br\/noticias\/?p=19143"},"modified":"2019-03-26T20:29:32","modified_gmt":"2019-03-26T23:29:32","slug":"lider-caminhoneiros-diesel","status":"publish","type":"post","link":"https:\/\/www.suno.com.br\/noticias\/lider-caminhoneiros-diesel\/","title":{"rendered":"L\u00edder dos caminhoneiros diz que mudan\u00e7a no pre\u00e7o do diesel &#8216;n\u00e3o resolve 100%&#8217;"},"content":{"rendered":"<p>Um dos l\u00edderes dos caminhoneiros, Wallace Costa da Silva, conhecido como Chor\u00e3o, disse nesta ter\u00e7a (26) que a mudan\u00e7a na pol\u00edtica de pre\u00e7os n\u00e3o resolve totalmente o problema.<\/p>\t<div class=\"wrapper-featured-image\">\n\t\t<figure class=\"spotlightImg\">\n\n\t\t\t<picture>\n\t\t\t\t<source media=\"(max-width: 768px)\" srcset=\"https:\/\/files.sunoresearch.com.br\/n\/uploads\/2019\/03\/3a953146-greve-dos-caminhoneiros-400x200.webp\">\n\t\t\t\t<img loading=\"lazy\" decoding=\"async\" class=\"newsContent__article__imgCapa lazyloadDisabled newsContent__article__imgCapa--noCaption\" src=\"https:\/\/files.sunoresearch.com.br\/n\/uploads\/2019\/03\/3a953146-greve-dos-caminhoneiros-800x450.webp\" width=\"800\" height=\"450\" alt=\"L\u00edder dos caminhoneiros diz que mudan\u00e7a no pre\u00e7o do diesel &#8216;n\u00e3o resolve 100%&#8217;\" fetchpriority=high \/>\n\t\t\t<\/picture>\n\n\t\t\t<figcaption class=\"wp-caption-text wp-caption-text--hide\">Uma nova greve dos caminhoneiros poderia ser evitada por um ano.<\/figcaption>\n\t\t<\/figure>\n\t<\/div>\n\n\n<p>De acordo com a lideran\u00e7a, a conten\u00e7\u00e3o dos pre\u00e7os do diesel n\u00e3o \u00e9 a \u00fanica reivindica\u00e7\u00e3o dos <strong>caminhoneiros<\/strong>. Os representantes da categoria se reunir\u00e3o duas vezes com o <strong>governo<\/strong> em mar\u00e7o: no dia 14, com o <strong>ministro-chefe da Casa Civil<\/strong>, <strong>Onyx Lorenzoni<\/strong>, e na sexta (22), no <strong>Minist\u00e9rio de Infraestrutura<\/strong>, durante o<strong> F\u00f3rum Permanente para o Transporte Rodovi\u00e1rio de Cargas<\/strong>.<\/p>\n<p><a href=\"https:\/\/www.suno.com.br\/noticias\/insatisfacao-nova-greve-dos-caminhoneiros\/\">Saiba mais:\u00a0Insatisfa\u00e7\u00e3o pode levar a nova greve dos caminhoneiros, diz associa\u00e7\u00e3o<\/a><\/p>\n<p>Segundo Silva, h\u00e1 um descontentamento dos caminhoneiros devido o descumprimento da <strong>tabela de fretes<\/strong>, implementada em 2018.\u00a0&#8220;A classe inteira est\u00e1 insatisfeita. N\u00f3s temos a lei, mas n\u00e3o temos o comprimento&#8221;, diz Silva.<\/p>\n<p>Durante a reuni\u00e3o com Lorenzoni, Silva disse que o governo pretende tomar medidas para atender aos pedidos da categoria.<\/p>\n<p>&#8220;Queremos uma medida r\u00e1pida para aumentar a fiscaliza\u00e7\u00e3o&#8221;, diz. &#8220;Com rela\u00e7\u00e3o ao <strong>diesel<\/strong>, que est\u00e1 subindo como subia antes [da greve], tem que arrumar um mecanismo para segurar os aumentos&#8221;, afirma.<\/p>\n<p><a href=\"https:\/\/www.suno.com.br\/noticias\/nova-greve-dos-caminhoneiros-poderia-ocorrer-marco\/\">Saiba mais:\u00a0Nova greve dos caminhoneiros pode ocorrer no dia 30 de mar\u00e7o<\/a><\/p>\n<p>Mesmo com o descontentamento, Silva se posiciona contra a<strong> paralisa\u00e7\u00e3o<\/strong>. Al\u00e9m disso, o caminhoneiro afirmou que o presidente <strong>Jair Bolsonaro<\/strong> deve falar sobre as demandas da categoria ainda nesta semana.\u00a0&#8220;Nessa quinta tem leil\u00e3o, ele deve falar&#8221;, diz.<\/p>\n<h2>Insatisfa\u00e7\u00e3o e possibilidade de greve dos caminhoneiros<\/h2>\n<p>O n\u00edvel de insatisfa\u00e7\u00e3o dos caminhoneiros est\u00e1 muito grande. Pelo menos \u00e9 o que afirma a <strong>Associa\u00e7\u00e3o Brasileira dos Caminhoeiros (Abcam)<\/strong>, uma das principais entidades do setor. Segundo ela, os \u00e2nimos podem gerar uma nova greve dos <strong>caminhoneiros<\/strong>, dando eco aos rumores surgidos no \u00faltimo fim de semana a respeito de uma paralisa\u00e7\u00e3o no fim deste m\u00eas.<\/p>\n<p>&#8220;S\u00e3o in\u00fameros telefonemas e mensagens de <strong>insatisfa\u00e7\u00e3o<\/strong> com o atual piso m\u00ednimo de frete, bem como a falta de fiscaliza\u00e7\u00e3o para o seu cumprimento&#8221;, informou a <strong>Abcam,<\/strong> que afirma representar mais de 600 mil <strong>caminhoneiros aut\u00f4nomos<\/strong> em todo o Pa\u00eds. &#8220;A entidade vem percebendo uma <strong>insatisfa\u00e7\u00e3o<\/strong> muito grande da <strong>categoria,<\/strong> o que pode refletir em uma poss\u00edvel <strong>nova paralisa\u00e7\u00e3o&#8221;.<\/strong><\/p>\n<p>Antes de tomar qualquer decis\u00e3o, no entanto, a associa\u00e7\u00e3o diz esperar a divulga\u00e7\u00e3o de um estudo elaborado pelo <strong>Grupo de Pesquisa e Extens\u00e3o em Log\u00edstica Agroindustrial (Esalq-Log)<\/strong>, da <strong>Universidade de S\u00e3o Paulo (USP)<\/strong> sobre a <strong>tabela de frete<\/strong> criada no \u00faltimo governo, ap\u00f3s a <strong>greve dos caminhoneiros<\/strong> que afetou o Pa\u00eds por 11 dias em 2018.<\/p>\n<p>O <strong>governo federal<\/strong> est\u00e1 monitorando os grupos de <strong>WhatsApp<\/strong> nos quais os <strong>caminhoneiros<\/strong> est\u00e3o <strong>articulando<\/strong> uma <strong>eventual nova paralisa\u00e7\u00e3o<\/strong>. Segundo algumas lideran\u00e7as dos <strong>caminhoneiros,<\/strong> o governo n\u00e3o teria cumprido os principais compromissos assumidos pelo governo do ex-presidente <strong>Michel Temer.<\/strong> Para tentar terminar a <strong>greve<\/strong> do ano passado, o <strong>Executivo<\/strong> tinha aceitado tabelar os fretes e reduzir o pre\u00e7o do diesel.<\/p>\n<p>O <a href=\"http:\/\/www.gsi.gov.br\/\"><strong>Gabinete de Seguran\u00e7a Institucional (GSI)<\/strong><\/a> est\u00e1 fazendo o monitoramento e detectou mensagens que falam em <strong>greve<\/strong> para o dia 30 de mar\u00e7o.<\/p>\n<p><a href=\"https:\/\/www.suno.com.br\/noticias\/greve-dos-caminhoneiros-paralisacao-negada\/\">Saiba mais: Greve dos caminhoneiros: representantes negam nova paralisa\u00e7\u00e3o<\/a><\/p>\n<p>Entretanto, as primeiras informa\u00e7\u00f5es mostram como, no momento, o <strong>movimento<\/strong> n\u00e3o tenha a mesa for\u00e7a percebida no ano passado. No governo h\u00e1 temores de que os <strong>motoristas<\/strong> acabem se fortalecendo, levando a uma <strong>greve dos caminhoneiros<\/strong> com grande potencial, como a do ano passado.<\/p>\n<p>&nbsp;<\/p>\n","protected":false},"excerpt":{"rendered":"<p>Um dos l\u00edderes dos caminhoneiros, Wallace Costa da Silva, conhecido como Chor\u00e3o, disse nesta ter\u00e7a (26) que a mudan\u00e7a na pol\u00edtica de pre\u00e7os n\u00e3o resolve totalmente o problema. Uma nova greve dos caminhoneiros poderia ser evitada por um ano. De acordo com a lideran\u00e7a, a conten\u00e7\u00e3o dos pre\u00e7os do diesel n\u00e3o \u00e9 a \u00fanica reivindica\u00e7\u00e3o [&hellip;]<\/p>\n","protected":false},"author":14,"featured_media":19144,"comment_status":"closed","ping_status":"closed","sticky":false,"template":"","format":"standard","meta":[],"categories":[62],"tags":[833],"suno_strategy":[],"class_list":["post-19143","post","type-post","status-publish","format-standard","has-post-thumbnail","hentry","category-economia","tag-greve-dos-caminhoneiros"],"yoast_head":"<!-- This site is optimized with the Yoast SEO plugin v24.4 - https:\/\/yoast.com\/wordpress\/plugins\/seo\/ -->\n<title>L\u00edder dos caminhoneiros diz que mudan\u00e7a no pre\u00e7o do diesel &#039;n\u00e3o resolve 100%&#039;<\/title>\n<meta name=\"description\" content=\"No governo h\u00e1 temores de que os motoristas acabem se fortalecendo, levando a uma greve dos caminhoneiros. Clique para saber mais.\" \/>\n<meta name=\"robots\" content=\"index, follow, max-snippet:-1, max-image-preview:large, max-video-preview:-1\" \/>\n<link rel=\"canonical\" href=\"https:\/\/www.suno.com.br\/noticias\/lider-caminhoneiros-diesel\/\" \/>\n<meta property=\"og:locale\" content=\"pt_BR\" \/>\n<meta property=\"og:type\" content=\"article\" \/>\n<meta property=\"og:title\" content=\"L\u00edder dos caminhoneiros diz que mudan\u00e7a no pre\u00e7o do diesel &#039;n\u00e3o resolve 100%&#039;\" \/>\n<meta property=\"og:description\" content=\"No governo h\u00e1 temores de que os motoristas acabem se fortalecendo, levando a uma greve dos caminhoneiros. Clique para saber mais.\" \/>\n<meta property=\"og:url\" content=\"https:\/\/www.suno.com.br\/noticias\/lider-caminhoneiros-diesel\/\" \/>\n<meta property=\"og:site_name\" content=\"Suno Not\u00edcias\" \/>\n<meta property=\"article:publisher\" content=\"https:\/\/facebook.com\/sunoresearch\" \/>\n<meta property=\"og:image\" content=\"https:\/\/files.sunoresearch.com.br\/n\/uploads\/2019\/03\/3a953146-greve-dos-caminhoneiros.jpg\" \/>\n\t<meta property=\"og:image:width\" content=\"2000\" \/>\n\t<meta property=\"og:image:height\" content=\"968\" \/>\n\t<meta property=\"og:image:type\" content=\"image\/jpeg\" \/>\n<meta name=\"author\" content=\"Renan Dantas\" \/>\n<meta name=\"twitter:card\" content=\"summary_large_image\" \/>\n<meta name=\"twitter:creator\" content=\"@sunoresearch\" \/>\n<meta name=\"twitter:site\" content=\"@sunoresearch\" \/>\n<meta name=\"twitter:label1\" content=\"Escrito por\" \/>\n\t<meta name=\"twitter:data1\" content=\"Renan Dantas\" \/>\n\t<meta name=\"twitter:label2\" content=\"Est. tempo de leitura\" \/>\n\t<meta name=\"twitter:data2\" content=\"3 minutos\" \/>\n<script type=\"application\/ld+json\" class=\"yoast-schema-graph\">{\"@context\":\"https:\/\/schema.org\",\"@graph\":[{\"@type\":\"NewsArticle\",\"@id\":\"https:\/\/www.suno.com.br\/noticias\/lider-caminhoneiros-diesel\/#article\",\"isPartOf\":{\"@id\":\"https:\/\/www.suno.com.br\/noticias\/lider-caminhoneiros-diesel\/\"},\"author\":{\"name\":\"Renan Dantas\",\"@id\":\"https:\/\/www.suno.com.br\/noticias\/#\/schema\/person\/3f7693d5795a3f6d5ce15309ee785699\"},\"headline\":\"L\u00edder dos caminhoneiros diz que mudan\u00e7a no pre\u00e7o do diesel &#8216;n\u00e3o resolve 100%&#8217;\",\"datePublished\":\"2019-03-26T23:27:24+00:00\",\"dateModified\":\"2019-03-26T23:29:32+00:00\",\"mainEntityOfPage\":{\"@id\":\"https:\/\/www.suno.com.br\/noticias\/lider-caminhoneiros-diesel\/\"},\"wordCount\":619,\"publisher\":{\"@id\":\"https:\/\/www.suno.com.br\/noticias\/#organization\"},\"image\":{\"@id\":\"https:\/\/www.suno.com.br\/noticias\/lider-caminhoneiros-diesel\/#primaryimage\"},\"thumbnailUrl\":\"https:\/\/files.sunoresearch.com.br\/n\/uploads\/2019\/03\/3a953146-greve-dos-caminhoneiros-jpg.webp\",\"keywords\":[\"greve dos caminhoneiros\"],\"articleSection\":[\"Economia\"],\"inLanguage\":\"pt-BR\"},{\"@type\":\"WebPage\",\"@id\":\"https:\/\/www.suno.com.br\/noticias\/lider-caminhoneiros-diesel\/\",\"url\":\"https:\/\/www.suno.com.br\/noticias\/lider-caminhoneiros-diesel\/\",\"name\":\"L\u00edder dos caminhoneiros diz que mudan\u00e7a no pre\u00e7o do diesel 'n\u00e3o resolve 100%'\",\"isPartOf\":{\"@id\":\"https:\/\/www.suno.com.br\/noticias\/#website\"},\"primaryImageOfPage\":{\"@id\":\"https:\/\/www.suno.com.br\/noticias\/lider-caminhoneiros-diesel\/#primaryimage\"},\"image\":{\"@id\":\"https:\/\/www.suno.com.br\/noticias\/lider-caminhoneiros-diesel\/#primaryimage\"},\"thumbnailUrl\":\"https:\/\/files.sunoresearch.com.br\/n\/uploads\/2019\/03\/3a953146-greve-dos-caminhoneiros-jpg.webp\",\"datePublished\":\"2019-03-26T23:27:24+00:00\",\"dateModified\":\"2019-03-26T23:29:32+00:00\",\"description\":\"No governo h\u00e1 temores de que os motoristas acabem se fortalecendo, levando a uma greve dos caminhoneiros. Clique para saber mais.\",\"breadcrumb\":{\"@id\":\"https:\/\/www.suno.com.br\/noticias\/lider-caminhoneiros-diesel\/#breadcrumb\"},\"inLanguage\":\"pt-BR\",\"potentialAction\":[{\"@type\":\"ReadAction\",\"target\":[\"https:\/\/www.suno.com.br\/noticias\/lider-caminhoneiros-diesel\/\"]}]},{\"@type\":\"ImageObject\",\"inLanguage\":\"pt-BR\",\"@id\":\"https:\/\/www.suno.com.br\/noticias\/lider-caminhoneiros-diesel\/#primaryimage\",\"url\":\"https:\/\/files.sunoresearch.com.br\/n\/uploads\/2019\/03\/3a953146-greve-dos-caminhoneiros-jpg.webp\",\"contentUrl\":\"https:\/\/files.sunoresearch.com.br\/n\/uploads\/2019\/03\/3a953146-greve-dos-caminhoneiros-jpg.webp\",\"width\":2000,\"height\":968,\"caption\":\"Uma nova greve dos caminhoneiros poderia ser evitada por um ano.\"},{\"@type\":\"BreadcrumbList\",\"@id\":\"https:\/\/www.suno.com.br\/noticias\/lider-caminhoneiros-diesel\/#breadcrumb\",\"itemListElement\":[{\"@type\":\"ListItem\",\"position\":1,\"name\":\"Not\u00edcias\",\"item\":\"https:\/\/www.suno.com.br\/noticias\/\"},{\"@type\":\"ListItem\",\"position\":2,\"name\":\"Economia\",\"item\":\"https:\/\/www.suno.com.br\/noticias\/economia\/\"},{\"@type\":\"ListItem\",\"position\":3,\"name\":\"L\u00edder dos caminhoneiros diz que mudan\u00e7a no pre\u00e7o do diesel &#8216;n\u00e3o resolve 100%&#8217;\"}]},{\"@type\":\"WebSite\",\"@id\":\"https:\/\/www.suno.com.br\/noticias\/#website\",\"url\":\"https:\/\/www.suno.com.br\/noticias\/\",\"name\":\"Suno Not\u00edcias\",\"description\":\"Seu portal de informa\u00e7\u00e3o sobre o mundo dos investimentos\",\"publisher\":{\"@id\":\"https:\/\/www.suno.com.br\/noticias\/#organization\"},\"potentialAction\":[{\"@type\":\"SearchAction\",\"target\":{\"@type\":\"EntryPoint\",\"urlTemplate\":\"https:\/\/www.suno.com.br\/noticias\/?s={search_term_string}\"},\"query-input\":{\"@type\":\"PropertyValueSpecification\",\"valueRequired\":true,\"valueName\":\"search_term_string\"}}],\"inLanguage\":\"pt-BR\"},{\"@type\":\"Organization\",\"@id\":\"https:\/\/www.suno.com.br\/noticias\/#organization\",\"name\":\"Suno Not\u00edcias\",\"url\":\"https:\/\/www.suno.com.br\/noticias\/\",\"logo\":{\"@type\":\"ImageObject\",\"inLanguage\":\"pt-BR\",\"@id\":\"https:\/\/www.suno.com.br\/noticias\/#\/schema\/logo\/image\/\",\"url\":\"https:\/\/files.sunoresearch.com.br\/n\/uploads\/2021\/09\/suno-logo.png\",\"contentUrl\":\"https:\/\/files.sunoresearch.com.br\/n\/uploads\/2021\/09\/suno-logo.png\",\"width\":180,\"height\":180,\"caption\":\"Suno Not\u00edcias\"},\"image\":{\"@id\":\"https:\/\/www.suno.com.br\/noticias\/#\/schema\/logo\/image\/\"},\"sameAs\":[\"https:\/\/facebook.com\/sunoresearch\",\"https:\/\/x.com\/sunoresearch\",\"https:\/\/www.instagram.com\/suno\",\"https:\/\/www.linkedin.com\/company\/suno-research\/\",\"https:\/\/www.youtube.com\/c\/sunoresearch\"]},{\"@type\":\"Person\",\"@id\":\"https:\/\/www.suno.com.br\/noticias\/#\/schema\/person\/3f7693d5795a3f6d5ce15309ee785699\",\"name\":\"Renan Dantas\",\"image\":{\"@type\":\"ImageObject\",\"inLanguage\":\"pt-BR\",\"@id\":\"https:\/\/www.suno.com.br\/noticias\/#\/schema\/person\/image\/\",\"url\":\"https:\/\/secure.gravatar.com\/avatar\/1787b83e7484a08e51d62ac8b41c8396?s=96&r=g\",\"contentUrl\":\"https:\/\/secure.gravatar.com\/avatar\/1787b83e7484a08e51d62ac8b41c8396?s=96&r=g\",\"caption\":\"Renan Dantas\"},\"description\":\"Escreve sobre pol\u00edtica e mercado financeiro para o portal Suno Not\u00edcias. Antes, atuou na assessoria de comunica\u00e7\u00e3o do Minist\u00e9rio P\u00fablico do Trabalho e na R\u00e1dio Mackenzie, onde apresentava e produzia um programa sobre artistas da m\u00fasica brasileira. \u00c9 estudante na Universidade Presbiteriana Mackenzie.\",\"url\":\"https:\/\/www.suno.com.br\/noticias\/author\/renan-dantas\/\"}]}<\/script>\n<!-- \/ Yoast SEO plugin. -->","yoast_head_json":{"title":"L\u00edder dos caminhoneiros diz que mudan\u00e7a no pre\u00e7o do diesel 'n\u00e3o resolve 100%'","description":"No governo h\u00e1 temores de que os motoristas acabem se fortalecendo, levando a uma greve dos caminhoneiros. Clique para saber mais.","robots":{"index":"index","follow":"follow","max-snippet":"max-snippet:-1","max-image-preview":"max-image-preview:large","max-video-preview":"max-video-preview:-1"},"canonical":"https:\/\/www.suno.com.br\/noticias\/lider-caminhoneiros-diesel\/","og_locale":"pt_BR","og_type":"article","og_title":"L\u00edder dos caminhoneiros diz que mudan\u00e7a no pre\u00e7o do diesel 'n\u00e3o resolve 100%'","og_description":"No governo h\u00e1 temores de que os motoristas acabem se fortalecendo, levando a uma greve dos caminhoneiros. Clique para saber mais.","og_url":"https:\/\/www.suno.com.br\/noticias\/lider-caminhoneiros-diesel\/","og_site_name":"Suno Not\u00edcias","article_publisher":"https:\/\/facebook.com\/sunoresearch","og_image":[{"width":2000,"height":968,"url":"https:\/\/files.sunoresearch.com.br\/n\/uploads\/2019\/03\/3a953146-greve-dos-caminhoneiros.jpg","type":"image\/jpeg"}],"author":"Renan Dantas","twitter_card":"summary_large_image","twitter_creator":"@sunoresearch","twitter_site":"@sunoresearch","twitter_misc":{"Escrito por":"Renan Dantas","Est. tempo de leitura":"3 minutos"},"schema":{"@context":"https:\/\/schema.org","@graph":[{"@type":"NewsArticle","@id":"https:\/\/www.suno.com.br\/noticias\/lider-caminhoneiros-diesel\/#article","isPartOf":{"@id":"https:\/\/www.suno.com.br\/noticias\/lider-caminhoneiros-diesel\/"},"author":{"name":"Renan Dantas","@id":"https:\/\/www.suno.com.br\/noticias\/#\/schema\/person\/3f7693d5795a3f6d5ce15309ee785699"},"headline":"L\u00edder dos caminhoneiros diz que mudan\u00e7a no pre\u00e7o do diesel &#8216;n\u00e3o resolve 100%&#8217;","datePublished":"2019-03-26T23:27:24+00:00","dateModified":"2019-03-26T23:29:32+00:00","mainEntityOfPage":{"@id":"https:\/\/www.suno.com.br\/noticias\/lider-caminhoneiros-diesel\/"},"wordCount":619,"publisher":{"@id":"https:\/\/www.suno.com.br\/noticias\/#organization"},"image":{"@id":"https:\/\/www.suno.com.br\/noticias\/lider-caminhoneiros-diesel\/#primaryimage"},"thumbnailUrl":"https:\/\/files.sunoresearch.com.br\/n\/uploads\/2019\/03\/3a953146-greve-dos-caminhoneiros-jpg.webp","keywords":["greve dos caminhoneiros"],"articleSection":["Economia"],"inLanguage":"pt-BR"},{"@type":"WebPage","@id":"https:\/\/www.suno.com.br\/noticias\/lider-caminhoneiros-diesel\/","url":"https:\/\/www.suno.com.br\/noticias\/lider-caminhoneiros-diesel\/","name":"L\u00edder dos caminhoneiros diz que mudan\u00e7a no pre\u00e7o do diesel 'n\u00e3o resolve 100%'","isPartOf":{"@id":"https:\/\/www.suno.com.br\/noticias\/#website"},"primaryImageOfPage":{"@id":"https:\/\/www.suno.com.br\/noticias\/lider-caminhoneiros-diesel\/#primaryimage"},"image":{"@id":"https:\/\/www.suno.com.br\/noticias\/lider-caminhoneiros-diesel\/#primaryimage"},"thumbnailUrl":"https:\/\/files.sunoresearch.com.br\/n\/uploads\/2019\/03\/3a953146-greve-dos-caminhoneiros-jpg.webp","datePublished":"2019-03-26T23:27:24+00:00","dateModified":"2019-03-26T23:29:32+00:00","description":"No governo h\u00e1 temores de que os motoristas acabem se fortalecendo, levando a uma greve dos caminhoneiros. Clique para saber mais.","breadcrumb":{"@id":"https:\/\/www.suno.com.br\/noticias\/lider-caminhoneiros-diesel\/#breadcrumb"},"inLanguage":"pt-BR","potentialAction":[{"@type":"ReadAction","target":["https:\/\/www.suno.com.br\/noticias\/lider-caminhoneiros-diesel\/"]}]},{"@type":"ImageObject","inLanguage":"pt-BR","@id":"https:\/\/www.suno.com.br\/noticias\/lider-caminhoneiros-diesel\/#primaryimage","url":"https:\/\/files.sunoresearch.com.br\/n\/uploads\/2019\/03\/3a953146-greve-dos-caminhoneiros-jpg.webp","contentUrl":"https:\/\/files.sunoresearch.com.br\/n\/uploads\/2019\/03\/3a953146-greve-dos-caminhoneiros-jpg.webp","width":2000,"height":968,"caption":"Uma nova greve dos caminhoneiros poderia ser evitada por um ano."},{"@type":"BreadcrumbList","@id":"https:\/\/www.suno.com.br\/noticias\/lider-caminhoneiros-diesel\/#breadcrumb","itemListElement":[{"@type":"ListItem","position":1,"name":"Not\u00edcias","item":"https:\/\/www.suno.com.br\/noticias\/"},{"@type":"ListItem","position":2,"name":"Economia","item":"https:\/\/www.suno.com.br\/noticias\/economia\/"},{"@type":"ListItem","position":3,"name":"L\u00edder dos caminhoneiros diz que mudan\u00e7a no pre\u00e7o do diesel &#8216;n\u00e3o resolve 100%&#8217;"}]},{"@type":"WebSite","@id":"https:\/\/www.suno.com.br\/noticias\/#website","url":"https:\/\/www.suno.com.br\/noticias\/","name":"Suno Not\u00edcias","description":"Seu portal de informa\u00e7\u00e3o sobre o mundo dos investimentos","publisher":{"@id":"https:\/\/www.suno.com.br\/noticias\/#organization"},"potentialAction":[{"@type":"SearchAction","target":{"@type":"EntryPoint","urlTemplate":"https:\/\/www.suno.com.br\/noticias\/?s={search_term_string}"},"query-input":{"@type":"PropertyValueSpecification","valueRequired":true,"valueName":"search_term_string"}}],"inLanguage":"pt-BR"},{"@type":"Organization","@id":"https:\/\/www.suno.com.br\/noticias\/#organization","name":"Suno Not\u00edcias","url":"https:\/\/www.suno.com.br\/noticias\/","logo":{"@type":"ImageObject","inLanguage":"pt-BR","@id":"https:\/\/www.suno.com.br\/noticias\/#\/schema\/logo\/image\/","url":"https:\/\/files.sunoresearch.com.br\/n\/uploads\/2021\/09\/suno-logo.png","contentUrl":"https:\/\/files.sunoresearch.com.br\/n\/uploads\/2021\/09\/suno-logo.png","width":180,"height":180,"caption":"Suno Not\u00edcias"},"image":{"@id":"https:\/\/www.suno.com.br\/noticias\/#\/schema\/logo\/image\/"},"sameAs":["https:\/\/facebook.com\/sunoresearch","https:\/\/x.com\/sunoresearch","https:\/\/www.instagram.com\/suno","https:\/\/www.linkedin.com\/company\/suno-research\/","https:\/\/www.youtube.com\/c\/sunoresearch"]},{"@type":"Person","@id":"https:\/\/www.suno.com.br\/noticias\/#\/schema\/person\/3f7693d5795a3f6d5ce15309ee785699","name":"Renan Dantas","image":{"@type":"ImageObject","inLanguage":"pt-BR","@id":"https:\/\/www.suno.com.br\/noticias\/#\/schema\/person\/image\/","url":"https:\/\/secure.gravatar.com\/avatar\/1787b83e7484a08e51d62ac8b41c8396?s=96&r=g","contentUrl":"https:\/\/secure.gravatar.com\/avatar\/1787b83e7484a08e51d62ac8b41c8396?s=96&r=g","caption":"Renan Dantas"},"description":"Escreve sobre pol\u00edtica e mercado financeiro para o portal Suno Not\u00edcias. Antes, atuou na assessoria de comunica\u00e7\u00e3o do Minist\u00e9rio P\u00fablico do Trabalho e na R\u00e1dio Mackenzie, onde apresentava e produzia um programa sobre artistas da m\u00fasica brasileira. \u00c9 estudante na Universidade Presbiteriana Mackenzie.","url":"https:\/\/www.suno.com.br\/noticias\/author\/renan-dantas\/"}]}},"default_loop_html":"<div class=\"cardsPage__listCard__boxs\"><div class=\"cardsPage__listCard__boxs__img\"><a href=\"https:\/\/www.suno.com.br\/noticias\/lider-caminhoneiros-diesel\/\"><img class=\"mask\" src=\"https:\/\/www.suno.com.br\/noticias\/wp-content\/themes\/suno\/resources\/images\/spotlight\/spotlight1img\/bg-mask.png\" alt=\"Image Mask\"\/><img src=\"https:\/\/files.sunoresearch.com.br\/n\/uploads\/2019\/03\/3a953146-greve-dos-caminhoneiros-400x200.webp\" alt=\"L\u00edder dos caminhoneiros diz que mudan\u00e7a no pre\u00e7o do diesel &#8216;n\u00e3o resolve 100%&#8217;\"\/><\/a><span class=\"spotlightCategory\"><a href=\"https:\/\/www.suno.com.br\/noticias\/economia\/\">Economia<\/a><\/span><\/div><div class=\"cardsPage__listCard__boxs__content\"><a href=\"https:\/\/www.suno.com.br\/noticias\/lider-caminhoneiros-diesel\/\"><h2 class=\"content__title\">L\u00edder dos caminhoneiros diz que mudan\u00e7a no pre\u00e7o do diesel &#8216;n\u00e3o resolve 100%&#8217;<\/h2><\/a><div class=\"newsContent__article__meta\"><div class=\"newsContent__article__meta__authorBox\"><a href=\"https:\/\/www.suno.com.br\/noticias\/author\/renan-dantas\/\" class=\"authorBox__avatar noMobi\"><img src=\"https:\/\/secure.gravatar.com\/avatar\/1787b83e7484a08e51d62ac8b41c8396?s=96&#038;r=g\" alt=\"Renan Dantas\"><\/a><div class=\"authorBox__name\"><span>por\n\t\t\t<a href=\"https:\/\/www.suno.com.br\/noticias\/author\/renan-dantas\/\"><span itemprop=\"author\">Renan Dantas<\/span><\/a><\/span><time datetime=\"2019-03-26T20:27:24-03:00\" itemprop=\"datePublished\">26\/03\/2019 20:27<\/time><\/div><\/div><\/div><\/div><\/div>","single_layout":"posts","amp_enabled":true,"_links":{"self":[{"href":"https:\/\/www.suno.com.br\/noticias\/wp-json\/wp\/v2\/posts\/19143"}],"collection":[{"href":"https:\/\/www.suno.com.br\/noticias\/wp-json\/wp\/v2\/posts"}],"about":[{"href":"https:\/\/www.suno.com.br\/noticias\/wp-json\/wp\/v2\/types\/post"}],"author":[{"embeddable":true,"href":"https:\/\/www.suno.com.br\/noticias\/wp-json\/wp\/v2\/users\/14"}],"replies":[{"embeddable":true,"href":"https:\/\/www.suno.com.br\/noticias\/wp-json\/wp\/v2\/comments?post=19143"}],"version-history":[{"count":0,"href":"https:\/\/www.suno.com.br\/noticias\/wp-json\/wp\/v2\/posts\/19143\/revisions"}],"wp:featuredmedia":[{"embeddable":true,"href":"https:\/\/www.suno.com.br\/noticias\/wp-json\/wp\/v2\/media\/19144"}],"wp:attachment":[{"href":"https:\/\/www.suno.com.br\/noticias\/wp-json\/wp\/v2\/media?parent=19143"}],"wp:term":[{"taxonomy":"category","embeddable":true,"href":"https:\/\/www.suno.com.br\/noticias\/wp-json\/wp\/v2\/categories?post=19143"},{"taxonomy":"post_tag","embeddable":true,"href":"https:\/\/www.suno.com.br\/noticias\/wp-json\/wp\/v2\/tags?post=19143"},{"taxonomy":"suno_strategy","embeddable":true,"href":"https:\/\/www.suno.com.br\/noticias\/wp-json\/wp\/v2\/suno_strategy?post=19143"}],"curies":[{"name":"wp","href":"https:\/\/api.w.org\/{rel}","templated":true}]}}