{"id":191062,"date":"2021-10-05T22:22:06","date_gmt":"2021-10-06T01:22:06","guid":{"rendered":"https:\/\/www.suno.com.br\/noticias\/?p=191062"},"modified":"2021-10-05T22:22:06","modified_gmt":"2021-10-06T01:22:06","slug":"icms-lira-votara-alteracao-combustiveis","status":"publish","type":"post","link":"https:\/\/www.suno.com.br\/noticias\/icms-lira-votara-alteracao-combustiveis\/","title":{"rendered":"Lira: proposta de mudan\u00e7a no ICMS dos combust\u00edveis ir\u00e1 a plen\u00e1rio na pr\u00f3xima quarta (13)"},"content":{"rendered":"<p>O presidente da C\u00e2mara, deputado Arthur Lira (PP-AL), disse nesta ter\u00e7a-feira (5) que a proposta que modifica a cobran\u00e7a do Imposto sobre Circula\u00e7\u00e3o de Mercadorias e Servi\u00e7os (<strong>ICMS<\/strong>) dos combust\u00edveis ser\u00e1 debatida e ir\u00e1 no plen\u00e1rio da C\u00e2mara dos Deputados na quarta-feira (13) da pr\u00f3xima semana.<\/p>\t<div class=\"wrapper-featured-image\">\n\t\t<figure class=\"spotlightImg\">\n\n\t\t\t<picture>\n\t\t\t\t<source media=\"(max-width: 768px)\" srcset=\"https:\/\/files.sunoresearch.com.br\/n\/uploads\/2021\/03\/f69cbe38-arthur-lira-foto-maryanna-oliveira-camara-dos-deputados-400x200.webp\">\n\t\t\t\t<img loading=\"lazy\" decoding=\"async\" class=\"newsContent__article__imgCapa lazyloadDisabled \" src=\"https:\/\/files.sunoresearch.com.br\/n\/uploads\/2021\/03\/f69cbe38-arthur-lira-foto-maryanna-oliveira-camara-dos-deputados-800x450.webp\" width=\"800\" height=\"450\" alt=\"Lira: proposta de mudan\u00e7a no ICMS dos combust\u00edveis ir\u00e1 a plen\u00e1rio na pr\u00f3xima quarta (13)\" fetchpriority=high \/>\n\t\t\t<\/picture>\n\n\t\t\t<figcaption class=\"wp-caption-text wp-caption-text--show\">PEC dos Precat\u00f3rios envolve imbr\u00f3glio com o teto de gastos - Foto Maryanna Oliveira C\u00e2mara dos Deputados<\/figcaption>\n\t\t<\/figure>\n\t<\/div>\n\n\n\t<p>\n\t\t<a href=\"https:\/\/lp.suno.com.br\/planilha-controle-gastos\/\" target=\"_blank\" data-element=\"shortcode-suno-banner\" title=\"Banner SUNO, clique e saiba mais\">\n\t\t\t<picture>\n\t\t\t\t<source media=\"(max-width: 500px)\" srcset=\"https:\/\/files.sunoresearch.com.br\/n\/uploads\/2023\/03\/400x300-Planilha-controle-de-gastos.png\">\n\t\t\t\t<img class=\"newsContent__article__imgCapa newsContent__article__imgCapa--banner\"\n\t\t\t\t\tsrc=\"https:\/\/files.sunoresearch.com.br\/n\/uploads\/2023\/03\/1420x240-Planilha-controle-de-gastos.png\"\n\t\t\t\t\tdata-promo-id=\"101751\"\t\t\t\t\t\t\t\t\t\twidth='1420' height='240'\t\t\t\t\talt=\"https:\/\/files.sunoresearch.com.br\/n\/uploads\/2023\/03\/1420x240-Planilha-controle-de-gastos.png\"\n\t\t\t\t>\n\t\t\t<\/picture>\n\t\t<\/a>\n\t<\/p>\n\n\n<p>Na avalia\u00e7\u00e3o do parlamentar, a medida permitir\u00e1 a redu\u00e7\u00e3o imediata do <strong>pre\u00e7o da gasolina<\/strong> em 8%; do etanol em 7%; e do diesel em 3,7%.<img decoding=\"async\" style=\"width: 1px; height: 1px;\" src=\"https:\/\/agenciabrasil.ebc.com.br\/ebc.png?id=1423651&amp;o=rss\" \/><img decoding=\"async\" style=\"width: 1px; height: 1px;\" src=\"https:\/\/agenciabrasil.ebc.com.br\/ebc.gif?id=1423651&amp;o=rss\" \/><\/p>\n<p>Para chegar nesses valores, o imposto seria calculado a partir da varia\u00e7\u00e3o do pre\u00e7o dos combust\u00edveis nos dois anos anteriores. Lira assegurou que n\u00e3o h\u00e1 embate com os governadores e que a proposta vai alterar a <a class=\"suno-keyword\" href=\"https:\/\/www.suno.com.br\/artigos\/lei-kandir\/\" target=\"_blank\" rel=\"noopener\" data-force=\"no\" data-priority=\"2\">Lei Kandir<\/a> sem interferir na autonomia dos estados. O ICMS \u00e9 um <strong>tributo estadual<\/strong> e incide, no caso dos combust\u00edveis, sobre gasolina, diesel, etanol, g\u00e1s natural, g\u00e1s de cozinha (GLP), entre outros.<\/p>\n\t<p>\n\t\t<a href=\"\" target=\"_blank\" data-element=\"shortcode-suno-banner\" title=\"Banner SUNO, clique e saiba mais\">\n\t\t\t<picture>\n\t\t\t\t<source media=\"(max-width: 500px)\" srcset=\"\">\n\t\t\t\t<img class=\"newsContent__article__imgCapa newsContent__article__imgCapa--banner\"\n\t\t\t\t\tsrc=\"\"\n\t\t\t\t\tdata-promo-id=\"77053\"\t\t\t\t\t\t\t\t\t\t\t\t\t\t\talt=\"\"\n\t\t\t\t>\n\t\t\t<\/picture>\n\t\t<\/a>\n\t<\/p>\n\n\n<p>&#8220;Vamos votar isso na pr\u00f3xima quarta-feira (13), s\u00f3 discutindo o m\u00e9rito, sem pauta obstrutiva, sem destaques. Isso ficou acertado\u201d, disse Lira. \u201cN\u00e3o estamos trabalhando contra governos estaduais, contra nenhum tipo de federa\u00e7\u00e3o, estamos trabalhando para minimizar este problema. Se o \u2018ad rem\u2019 do governo federal est\u00e1 congelado desde 2004, por que n\u00e3o fazemos uma m\u00e9dia dos dois exerc\u00edcios anteriores para que se fa\u00e7a uma contabiliza\u00e7\u00e3o de quanto custa a gasolina?\u201d, acrescentou.<\/p>\n<h2>ICMS: &#8220;Vai se arrecadar menos&#8221;<\/h2>\n<p>\u201cVai se arrecadar menos, mas n\u00e3o vejo que eles [estados] passem algum tipo de dificuldade que n\u00e3o possam suportar um ajuste moment\u00e2neo, para que os brasileiros tenham um combust\u00edvel mais barato para se locomoverem\u201d, defendeu Lira.<\/p>\n<p>Atualmente, a pol\u00edtica de pre\u00e7os \u00e9 definida pela <strong><a class=\"suno-keyword\" href=\"https:\/\/www.suno.com.br\/acoes\/PETR4\/\" target=\"_blank\" rel=\"noopener\" data-force=\"yes\" data-priority=\"2\">Petrobras (PETR4)<\/a><\/strong> com base na varia\u00e7\u00e3o internacional do <strong>pre\u00e7o do barril de petr\u00f3leo<\/strong> e do d\u00f3lar. Na pr\u00e1tica, os valores aplicados pela estatal brasileira, que domina o mercado de combust\u00edveis no pa\u00eds, est\u00e3o atrelados a esses dois indicadores.<\/p>\n\t<p>\n\t\t<a href=\"\" target=\"_blank\" data-element=\"shortcode-suno-banner\" title=\"Banner SUNO, clique e saiba mais\">\n\t\t\t<picture>\n\t\t\t\t<source media=\"(max-width: 500px)\" srcset=\"\">\n\t\t\t\t<img class=\"newsContent__article__imgCapa newsContent__article__imgCapa--banner\"\n\t\t\t\t\tsrc=\"\"\n\t\t\t\t\tdata-promo-id=\"89005\"\t\t\t\t\t\t\t\t\t\t\t\t\t\t\talt=\"\"\n\t\t\t\t>\n\t\t\t<\/picture>\n\t\t<\/a>\n\t<\/p>\n\n\n<p>Segundo o parlamentar, o pre\u00e7o dos combust\u00edveis \u00e9 impactado pelas altera\u00e7\u00f5es do petr\u00f3leo e do d\u00f3lar. Entretanto, argumentou que o<strong> ICMS<\/strong> constitui 70% do pre\u00e7o da gasolina na refinaria e, dessa forma, h\u00e1 necessidade de altera\u00e7\u00e3o na cobran\u00e7a do imposto por parte dos estados.<\/p>\n\t<p>\n\t\t<a href=\"https:\/\/lp.suno.com.br\/planilha-de-controle-de-investimentos\/\" target=\"_blank\" data-element=\"shortcode-suno-banner\" title=\"Banner SUNO, clique e saiba mais\">\n\t\t\t<picture>\n\t\t\t\t<source media=\"(max-width: 500px)\" srcset=\"https:\/\/files.sunoresearch.com.br\/n\/uploads\/2023\/03\/400x300-Controle-de-Investimentos.png\">\n\t\t\t\t<img class=\"newsContent__article__imgCapa newsContent__article__imgCapa--banner\"\n\t\t\t\t\tsrc=\"https:\/\/files.sunoresearch.com.br\/n\/uploads\/2023\/03\/1420x240-Controle-de-Investimentos.png\"\n\t\t\t\t\tdata-promo-id=\"75934\"\t\t\t\t\t\t\t\t\t\twidth='1420' height='240'\t\t\t\t\talt=\"https:\/\/files.sunoresearch.com.br\/n\/uploads\/2023\/03\/1420x240-Controle-de-Investimentos.png\"\n\t\t\t\t>\n\t\t\t<\/picture>\n\t\t<\/a>\n\t<\/p>\n\n\n<p><em>(Com informa\u00e7\u00f5es do Estad\u00e3o Conte\u00fado)<\/em><\/p>\n<p>&nbsp;<\/p>\n","protected":false},"excerpt":{"rendered":"<p>O presidente da C\u00e2mara, deputado Arthur Lira (PP-AL), disse nesta ter\u00e7a-feira (5) que a proposta que modifica a cobran\u00e7a do Imposto sobre Circula\u00e7\u00e3o de Mercadorias e Servi\u00e7os (ICMS) dos combust\u00edveis ser\u00e1 debatida e ir\u00e1 no plen\u00e1rio da C\u00e2mara dos Deputados na quarta-feira (13) da pr\u00f3xima semana. PEC dos Precat\u00f3rios envolve imbr\u00f3glio com o teto de [&hellip;]<\/p>\n","protected":false},"author":43,"featured_media":130157,"comment_status":"closed","ping_status":"closed","sticky":false,"template":"","format":"standard","meta":[],"categories":[61],"tags":[],"suno_strategy":[],"class_list":["post-191062","post","type-post","status-publish","format-standard","has-post-thumbnail","hentry","category-politica"],"yoast_head":"<!-- This site is optimized with the Yoast SEO plugin v24.4 - https:\/\/yoast.com\/wordpress\/plugins\/seo\/ -->\n<title>Lira: mudan\u00e7a no ICMS dos combust\u00edveis ir\u00e1 a plen\u00e1rio<\/title>\n<meta name=\"description\" content=\"O presidente da C\u00e2mara, Arthur Lira (PP-AL): proposta sobre ICMS dos combust\u00edveis ir\u00e1 no plen\u00e1rio da C\u00e2mara na pr\u00f3xima semana.\" \/>\n<meta name=\"robots\" content=\"index, follow, max-snippet:-1, max-image-preview:large, max-video-preview:-1\" \/>\n<link rel=\"canonical\" href=\"https:\/\/www.suno.com.br\/noticias\/icms-lira-votara-alteracao-combustiveis\/\" \/>\n<meta property=\"og:locale\" content=\"pt_BR\" \/>\n<meta property=\"og:type\" content=\"article\" \/>\n<meta property=\"og:title\" content=\"Lira: mudan\u00e7a no ICMS dos combust\u00edveis ir\u00e1 a plen\u00e1rio\" \/>\n<meta property=\"og:description\" content=\"O presidente da C\u00e2mara, Arthur Lira (PP-AL): proposta sobre ICMS dos combust\u00edveis ir\u00e1 no plen\u00e1rio da C\u00e2mara na pr\u00f3xima semana.\" \/>\n<meta property=\"og:url\" content=\"https:\/\/www.suno.com.br\/noticias\/icms-lira-votara-alteracao-combustiveis\/\" \/>\n<meta property=\"og:site_name\" content=\"Suno Not\u00edcias\" \/>\n<meta property=\"article:publisher\" content=\"https:\/\/facebook.com\/sunoresearch\" \/>\n<meta property=\"article:author\" content=\"https:\/\/www.facebook.com\/sunonoticias\/\" \/>\n<meta property=\"og:image\" content=\"https:\/\/files.sunoresearch.com.br\/n\/uploads\/2021\/03\/f69cbe38-arthur-lira-foto-maryanna-oliveira-camara-dos-deputados.jpg\" \/>\n\t<meta property=\"og:image:width\" content=\"1200\" \/>\n\t<meta property=\"og:image:height\" content=\"800\" \/>\n\t<meta property=\"og:image:type\" content=\"image\/jpeg\" \/>\n<meta name=\"author\" content=\"Reda\u00e7\u00e3o Suno Not\u00edcias\" \/>\n<meta name=\"twitter:card\" content=\"summary_large_image\" \/>\n<meta name=\"twitter:creator\" content=\"@https:\/\/twitter.com\/sunoresearch\" \/>\n<meta name=\"twitter:site\" content=\"@sunoresearch\" \/>\n<meta name=\"twitter:label1\" content=\"Escrito por\" \/>\n\t<meta name=\"twitter:data1\" content=\"Reda\u00e7\u00e3o Suno Not\u00edcias\" \/>\n\t<meta name=\"twitter:label2\" content=\"Est. tempo de leitura\" \/>\n\t<meta name=\"twitter:data2\" content=\"2 minutos\" \/>\n<script type=\"application\/ld+json\" class=\"yoast-schema-graph\">{\"@context\":\"https:\/\/schema.org\",\"@graph\":[{\"@type\":\"NewsArticle\",\"@id\":\"https:\/\/www.suno.com.br\/noticias\/icms-lira-votara-alteracao-combustiveis\/#article\",\"isPartOf\":{\"@id\":\"https:\/\/www.suno.com.br\/noticias\/icms-lira-votara-alteracao-combustiveis\/\"},\"author\":{\"name\":\"Reda\u00e7\u00e3o Suno Not\u00edcias\",\"@id\":\"https:\/\/www.suno.com.br\/noticias\/#\/schema\/person\/c1b1bd3727fa852bd045e9dbff3673ea\"},\"headline\":\"Lira: proposta de mudan\u00e7a no ICMS dos combust\u00edveis ir\u00e1 a plen\u00e1rio na pr\u00f3xima quarta (13)\",\"datePublished\":\"2021-10-06T01:22:06+00:00\",\"mainEntityOfPage\":{\"@id\":\"https:\/\/www.suno.com.br\/noticias\/icms-lira-votara-alteracao-combustiveis\/\"},\"wordCount\":419,\"publisher\":{\"@id\":\"https:\/\/www.suno.com.br\/noticias\/#organization\"},\"image\":{\"@id\":\"https:\/\/www.suno.com.br\/noticias\/icms-lira-votara-alteracao-combustiveis\/#primaryimage\"},\"thumbnailUrl\":\"https:\/\/files.sunoresearch.com.br\/n\/uploads\/2021\/03\/f69cbe38-arthur-lira-foto-maryanna-oliveira-camara-dos-deputados-jpg.webp\",\"articleSection\":[\"Pol\u00edtica\"],\"inLanguage\":\"pt-BR\"},{\"@type\":\"WebPage\",\"@id\":\"https:\/\/www.suno.com.br\/noticias\/icms-lira-votara-alteracao-combustiveis\/\",\"url\":\"https:\/\/www.suno.com.br\/noticias\/icms-lira-votara-alteracao-combustiveis\/\",\"name\":\"Lira: mudan\u00e7a no ICMS dos combust\u00edveis ir\u00e1 a plen\u00e1rio\",\"isPartOf\":{\"@id\":\"https:\/\/www.suno.com.br\/noticias\/#website\"},\"primaryImageOfPage\":{\"@id\":\"https:\/\/www.suno.com.br\/noticias\/icms-lira-votara-alteracao-combustiveis\/#primaryimage\"},\"image\":{\"@id\":\"https:\/\/www.suno.com.br\/noticias\/icms-lira-votara-alteracao-combustiveis\/#primaryimage\"},\"thumbnailUrl\":\"https:\/\/files.sunoresearch.com.br\/n\/uploads\/2021\/03\/f69cbe38-arthur-lira-foto-maryanna-oliveira-camara-dos-deputados-jpg.webp\",\"datePublished\":\"2021-10-06T01:22:06+00:00\",\"description\":\"O presidente da C\u00e2mara, Arthur Lira (PP-AL): proposta sobre ICMS dos combust\u00edveis ir\u00e1 no plen\u00e1rio da C\u00e2mara na pr\u00f3xima semana.\",\"breadcrumb\":{\"@id\":\"https:\/\/www.suno.com.br\/noticias\/icms-lira-votara-alteracao-combustiveis\/#breadcrumb\"},\"inLanguage\":\"pt-BR\",\"potentialAction\":[{\"@type\":\"ReadAction\",\"target\":[\"https:\/\/www.suno.com.br\/noticias\/icms-lira-votara-alteracao-combustiveis\/\"]}]},{\"@type\":\"ImageObject\",\"inLanguage\":\"pt-BR\",\"@id\":\"https:\/\/www.suno.com.br\/noticias\/icms-lira-votara-alteracao-combustiveis\/#primaryimage\",\"url\":\"https:\/\/files.sunoresearch.com.br\/n\/uploads\/2021\/03\/f69cbe38-arthur-lira-foto-maryanna-oliveira-camara-dos-deputados-jpg.webp\",\"contentUrl\":\"https:\/\/files.sunoresearch.com.br\/n\/uploads\/2021\/03\/f69cbe38-arthur-lira-foto-maryanna-oliveira-camara-dos-deputados-jpg.webp\",\"width\":1200,\"height\":800,\"caption\":\"PEC dos Precat\u00f3rios envolve imbr\u00f3glio com o teto de gastos - Foto Maryanna Oliveira C\u00e2mara dos Deputados\"},{\"@type\":\"BreadcrumbList\",\"@id\":\"https:\/\/www.suno.com.br\/noticias\/icms-lira-votara-alteracao-combustiveis\/#breadcrumb\",\"itemListElement\":[{\"@type\":\"ListItem\",\"position\":1,\"name\":\"Not\u00edcias\",\"item\":\"https:\/\/www.suno.com.br\/noticias\/\"},{\"@type\":\"ListItem\",\"position\":2,\"name\":\"Pol\u00edtica\",\"item\":\"https:\/\/www.suno.com.br\/noticias\/politica\/\"},{\"@type\":\"ListItem\",\"position\":3,\"name\":\"Lira: proposta de mudan\u00e7a no ICMS dos combust\u00edveis ir\u00e1 a plen\u00e1rio na pr\u00f3xima quarta (13)\"}]},{\"@type\":\"WebSite\",\"@id\":\"https:\/\/www.suno.com.br\/noticias\/#website\",\"url\":\"https:\/\/www.suno.com.br\/noticias\/\",\"name\":\"Suno Not\u00edcias\",\"description\":\"Seu portal de informa\u00e7\u00e3o sobre o mundo dos investimentos\",\"publisher\":{\"@id\":\"https:\/\/www.suno.com.br\/noticias\/#organization\"},\"potentialAction\":[{\"@type\":\"SearchAction\",\"target\":{\"@type\":\"EntryPoint\",\"urlTemplate\":\"https:\/\/www.suno.com.br\/noticias\/?s={search_term_string}\"},\"query-input\":{\"@type\":\"PropertyValueSpecification\",\"valueRequired\":true,\"valueName\":\"search_term_string\"}}],\"inLanguage\":\"pt-BR\"},{\"@type\":\"Organization\",\"@id\":\"https:\/\/www.suno.com.br\/noticias\/#organization\",\"name\":\"Suno Not\u00edcias\",\"url\":\"https:\/\/www.suno.com.br\/noticias\/\",\"logo\":{\"@type\":\"ImageObject\",\"inLanguage\":\"pt-BR\",\"@id\":\"https:\/\/www.suno.com.br\/noticias\/#\/schema\/logo\/image\/\",\"url\":\"https:\/\/files.sunoresearch.com.br\/n\/uploads\/2021\/09\/suno-logo.png\",\"contentUrl\":\"https:\/\/files.sunoresearch.com.br\/n\/uploads\/2021\/09\/suno-logo.png\",\"width\":180,\"height\":180,\"caption\":\"Suno Not\u00edcias\"},\"image\":{\"@id\":\"https:\/\/www.suno.com.br\/noticias\/#\/schema\/logo\/image\/\"},\"sameAs\":[\"https:\/\/facebook.com\/sunoresearch\",\"https:\/\/x.com\/sunoresearch\",\"https:\/\/www.instagram.com\/suno\",\"https:\/\/www.linkedin.com\/company\/suno-research\/\",\"https:\/\/www.youtube.com\/c\/sunoresearch\"]},{\"@type\":\"Person\",\"@id\":\"https:\/\/www.suno.com.br\/noticias\/#\/schema\/person\/c1b1bd3727fa852bd045e9dbff3673ea\",\"name\":\"Reda\u00e7\u00e3o Suno Not\u00edcias\",\"image\":{\"@type\":\"ImageObject\",\"inLanguage\":\"pt-BR\",\"@id\":\"https:\/\/www.suno.com.br\/noticias\/#\/schema\/person\/image\/\",\"url\":\"https:\/\/secure.gravatar.com\/avatar\/b8104b9b5a71985d5238ee59fbe418af?s=96&r=g\",\"contentUrl\":\"https:\/\/secure.gravatar.com\/avatar\/b8104b9b5a71985d5238ee59fbe418af?s=96&r=g\",\"caption\":\"Reda\u00e7\u00e3o Suno Not\u00edcias\"},\"description\":\"O Suno Not\u00edcias \u00e9 um portal de informa\u00e7\u00f5es sobre Mercado Financeiro, Pol\u00edtica, Neg\u00f3cios, Economia e Finan\u00e7as Pessoais.\",\"sameAs\":[\"https:\/\/www.suno.com.br\/noticias\",\"https:\/\/www.facebook.com\/sunonoticias\/\",\"https:\/\/www.instagram.com\/sunonoticias\/\",\"https:\/\/x.com\/https:\/\/twitter.com\/sunoresearch\",\"https:\/\/www.youtube.com\/sunonoticias\"],\"url\":\"https:\/\/www.suno.com.br\/noticias\/author\/redacao-suno\/\"}]}<\/script>\n<!-- \/ Yoast SEO plugin. -->","yoast_head_json":{"title":"Lira: mudan\u00e7a no ICMS dos combust\u00edveis ir\u00e1 a plen\u00e1rio","description":"O presidente da C\u00e2mara, Arthur Lira (PP-AL): proposta sobre ICMS dos combust\u00edveis ir\u00e1 no plen\u00e1rio da C\u00e2mara na pr\u00f3xima semana.","robots":{"index":"index","follow":"follow","max-snippet":"max-snippet:-1","max-image-preview":"max-image-preview:large","max-video-preview":"max-video-preview:-1"},"canonical":"https:\/\/www.suno.com.br\/noticias\/icms-lira-votara-alteracao-combustiveis\/","og_locale":"pt_BR","og_type":"article","og_title":"Lira: mudan\u00e7a no ICMS dos combust\u00edveis ir\u00e1 a plen\u00e1rio","og_description":"O presidente da C\u00e2mara, Arthur Lira (PP-AL): proposta sobre ICMS dos combust\u00edveis ir\u00e1 no plen\u00e1rio da C\u00e2mara na pr\u00f3xima semana.","og_url":"https:\/\/www.suno.com.br\/noticias\/icms-lira-votara-alteracao-combustiveis\/","og_site_name":"Suno Not\u00edcias","article_publisher":"https:\/\/facebook.com\/sunoresearch","article_author":"https:\/\/www.facebook.com\/sunonoticias\/","og_image":[{"width":1200,"height":800,"url":"https:\/\/files.sunoresearch.com.br\/n\/uploads\/2021\/03\/f69cbe38-arthur-lira-foto-maryanna-oliveira-camara-dos-deputados.jpg","type":"image\/jpeg"}],"author":"Reda\u00e7\u00e3o Suno Not\u00edcias","twitter_card":"summary_large_image","twitter_creator":"@https:\/\/twitter.com\/sunoresearch","twitter_site":"@sunoresearch","twitter_misc":{"Escrito por":"Reda\u00e7\u00e3o Suno Not\u00edcias","Est. tempo de leitura":"2 minutos"},"schema":{"@context":"https:\/\/schema.org","@graph":[{"@type":"NewsArticle","@id":"https:\/\/www.suno.com.br\/noticias\/icms-lira-votara-alteracao-combustiveis\/#article","isPartOf":{"@id":"https:\/\/www.suno.com.br\/noticias\/icms-lira-votara-alteracao-combustiveis\/"},"author":{"name":"Reda\u00e7\u00e3o Suno Not\u00edcias","@id":"https:\/\/www.suno.com.br\/noticias\/#\/schema\/person\/c1b1bd3727fa852bd045e9dbff3673ea"},"headline":"Lira: proposta de mudan\u00e7a no ICMS dos combust\u00edveis ir\u00e1 a plen\u00e1rio na pr\u00f3xima quarta (13)","datePublished":"2021-10-06T01:22:06+00:00","mainEntityOfPage":{"@id":"https:\/\/www.suno.com.br\/noticias\/icms-lira-votara-alteracao-combustiveis\/"},"wordCount":419,"publisher":{"@id":"https:\/\/www.suno.com.br\/noticias\/#organization"},"image":{"@id":"https:\/\/www.suno.com.br\/noticias\/icms-lira-votara-alteracao-combustiveis\/#primaryimage"},"thumbnailUrl":"https:\/\/files.sunoresearch.com.br\/n\/uploads\/2021\/03\/f69cbe38-arthur-lira-foto-maryanna-oliveira-camara-dos-deputados-jpg.webp","articleSection":["Pol\u00edtica"],"inLanguage":"pt-BR"},{"@type":"WebPage","@id":"https:\/\/www.suno.com.br\/noticias\/icms-lira-votara-alteracao-combustiveis\/","url":"https:\/\/www.suno.com.br\/noticias\/icms-lira-votara-alteracao-combustiveis\/","name":"Lira: mudan\u00e7a no ICMS dos combust\u00edveis ir\u00e1 a plen\u00e1rio","isPartOf":{"@id":"https:\/\/www.suno.com.br\/noticias\/#website"},"primaryImageOfPage":{"@id":"https:\/\/www.suno.com.br\/noticias\/icms-lira-votara-alteracao-combustiveis\/#primaryimage"},"image":{"@id":"https:\/\/www.suno.com.br\/noticias\/icms-lira-votara-alteracao-combustiveis\/#primaryimage"},"thumbnailUrl":"https:\/\/files.sunoresearch.com.br\/n\/uploads\/2021\/03\/f69cbe38-arthur-lira-foto-maryanna-oliveira-camara-dos-deputados-jpg.webp","datePublished":"2021-10-06T01:22:06+00:00","description":"O presidente da C\u00e2mara, Arthur Lira (PP-AL): proposta sobre ICMS dos combust\u00edveis ir\u00e1 no plen\u00e1rio da C\u00e2mara na pr\u00f3xima semana.","breadcrumb":{"@id":"https:\/\/www.suno.com.br\/noticias\/icms-lira-votara-alteracao-combustiveis\/#breadcrumb"},"inLanguage":"pt-BR","potentialAction":[{"@type":"ReadAction","target":["https:\/\/www.suno.com.br\/noticias\/icms-lira-votara-alteracao-combustiveis\/"]}]},{"@type":"ImageObject","inLanguage":"pt-BR","@id":"https:\/\/www.suno.com.br\/noticias\/icms-lira-votara-alteracao-combustiveis\/#primaryimage","url":"https:\/\/files.sunoresearch.com.br\/n\/uploads\/2021\/03\/f69cbe38-arthur-lira-foto-maryanna-oliveira-camara-dos-deputados-jpg.webp","contentUrl":"https:\/\/files.sunoresearch.com.br\/n\/uploads\/2021\/03\/f69cbe38-arthur-lira-foto-maryanna-oliveira-camara-dos-deputados-jpg.webp","width":1200,"height":800,"caption":"PEC dos Precat\u00f3rios envolve imbr\u00f3glio com o teto de gastos - Foto Maryanna Oliveira C\u00e2mara dos Deputados"},{"@type":"BreadcrumbList","@id":"https:\/\/www.suno.com.br\/noticias\/icms-lira-votara-alteracao-combustiveis\/#breadcrumb","itemListElement":[{"@type":"ListItem","position":1,"name":"Not\u00edcias","item":"https:\/\/www.suno.com.br\/noticias\/"},{"@type":"ListItem","position":2,"name":"Pol\u00edtica","item":"https:\/\/www.suno.com.br\/noticias\/politica\/"},{"@type":"ListItem","position":3,"name":"Lira: proposta de mudan\u00e7a no ICMS dos combust\u00edveis ir\u00e1 a plen\u00e1rio na pr\u00f3xima quarta (13)"}]},{"@type":"WebSite","@id":"https:\/\/www.suno.com.br\/noticias\/#website","url":"https:\/\/www.suno.com.br\/noticias\/","name":"Suno Not\u00edcias","description":"Seu portal de informa\u00e7\u00e3o sobre o mundo dos investimentos","publisher":{"@id":"https:\/\/www.suno.com.br\/noticias\/#organization"},"potentialAction":[{"@type":"SearchAction","target":{"@type":"EntryPoint","urlTemplate":"https:\/\/www.suno.com.br\/noticias\/?s={search_term_string}"},"query-input":{"@type":"PropertyValueSpecification","valueRequired":true,"valueName":"search_term_string"}}],"inLanguage":"pt-BR"},{"@type":"Organization","@id":"https:\/\/www.suno.com.br\/noticias\/#organization","name":"Suno Not\u00edcias","url":"https:\/\/www.suno.com.br\/noticias\/","logo":{"@type":"ImageObject","inLanguage":"pt-BR","@id":"https:\/\/www.suno.com.br\/noticias\/#\/schema\/logo\/image\/","url":"https:\/\/files.sunoresearch.com.br\/n\/uploads\/2021\/09\/suno-logo.png","contentUrl":"https:\/\/files.sunoresearch.com.br\/n\/uploads\/2021\/09\/suno-logo.png","width":180,"height":180,"caption":"Suno Not\u00edcias"},"image":{"@id":"https:\/\/www.suno.com.br\/noticias\/#\/schema\/logo\/image\/"},"sameAs":["https:\/\/facebook.com\/sunoresearch","https:\/\/x.com\/sunoresearch","https:\/\/www.instagram.com\/suno","https:\/\/www.linkedin.com\/company\/suno-research\/","https:\/\/www.youtube.com\/c\/sunoresearch"]},{"@type":"Person","@id":"https:\/\/www.suno.com.br\/noticias\/#\/schema\/person\/c1b1bd3727fa852bd045e9dbff3673ea","name":"Reda\u00e7\u00e3o Suno Not\u00edcias","image":{"@type":"ImageObject","inLanguage":"pt-BR","@id":"https:\/\/www.suno.com.br\/noticias\/#\/schema\/person\/image\/","url":"https:\/\/secure.gravatar.com\/avatar\/b8104b9b5a71985d5238ee59fbe418af?s=96&r=g","contentUrl":"https:\/\/secure.gravatar.com\/avatar\/b8104b9b5a71985d5238ee59fbe418af?s=96&r=g","caption":"Reda\u00e7\u00e3o Suno Not\u00edcias"},"description":"O Suno Not\u00edcias \u00e9 um portal de informa\u00e7\u00f5es sobre Mercado Financeiro, Pol\u00edtica, Neg\u00f3cios, Economia e Finan\u00e7as Pessoais.","sameAs":["https:\/\/www.suno.com.br\/noticias","https:\/\/www.facebook.com\/sunonoticias\/","https:\/\/www.instagram.com\/sunonoticias\/","https:\/\/x.com\/https:\/\/twitter.com\/sunoresearch","https:\/\/www.youtube.com\/sunonoticias"],"url":"https:\/\/www.suno.com.br\/noticias\/author\/redacao-suno\/"}]}},"default_loop_html":"<div class=\"cardsPage__listCard__boxs\"><div class=\"cardsPage__listCard__boxs__img\"><a href=\"https:\/\/www.suno.com.br\/noticias\/icms-lira-votara-alteracao-combustiveis\/\"><img class=\"mask\" src=\"https:\/\/www.suno.com.br\/noticias\/wp-content\/themes\/suno\/resources\/images\/spotlight\/spotlight1img\/bg-mask.png\" alt=\"Image Mask\"\/><img src=\"https:\/\/files.sunoresearch.com.br\/n\/uploads\/2021\/03\/f69cbe38-arthur-lira-foto-maryanna-oliveira-camara-dos-deputados-400x200.webp\" alt=\"Lira: proposta de mudan\u00e7a no ICMS dos combust\u00edveis ir\u00e1 a plen\u00e1rio na pr\u00f3xima quarta (13)\"\/><\/a><span class=\"spotlightCategory\"><a href=\"https:\/\/www.suno.com.br\/noticias\/politica\/\">Pol\u00edtica<\/a><\/span><\/div><div class=\"cardsPage__listCard__boxs__content\"><a href=\"https:\/\/www.suno.com.br\/noticias\/icms-lira-votara-alteracao-combustiveis\/\"><h2 class=\"content__title\">Lira: proposta de mudan\u00e7a no ICMS dos combust\u00edveis ir\u00e1 a plen\u00e1rio na pr\u00f3xima quarta (13)<\/h2><\/a><div class=\"newsContent__article__meta\"><div class=\"newsContent__article__meta__authorBox\"><a href=\"https:\/\/www.suno.com.br\/noticias\/author\/redacao-suno\/\" class=\"authorBox__avatar noMobi\"><img src=\"https:\/\/files.sunoresearch.com.br\/n\/uploads\/2020\/08\/0ace682d-redacao-1-150x150.webp\" alt=\"Reda\u00e7\u00e3o Suno Not\u00edcias\"><\/a><div class=\"authorBox__name\"><span>por\n\t\t\t<a href=\"https:\/\/www.suno.com.br\/noticias\/author\/redacao-suno\/\"><span itemprop=\"author\">Reda\u00e7\u00e3o Suno Not\u00edcias<\/span><\/a><\/span><time datetime=\"2021-10-05T22:22:06-03:00\" itemprop=\"datePublished\">05\/10\/2021 22:22<\/time><\/div><\/div><\/div><\/div><\/div>","single_layout":"posts","amp_enabled":true,"_links":{"self":[{"href":"https:\/\/www.suno.com.br\/noticias\/wp-json\/wp\/v2\/posts\/191062"}],"collection":[{"href":"https:\/\/www.suno.com.br\/noticias\/wp-json\/wp\/v2\/posts"}],"about":[{"href":"https:\/\/www.suno.com.br\/noticias\/wp-json\/wp\/v2\/types\/post"}],"author":[{"embeddable":true,"href":"https:\/\/www.suno.com.br\/noticias\/wp-json\/wp\/v2\/users\/43"}],"replies":[{"embeddable":true,"href":"https:\/\/www.suno.com.br\/noticias\/wp-json\/wp\/v2\/comments?post=191062"}],"version-history":[{"count":2,"href":"https:\/\/www.suno.com.br\/noticias\/wp-json\/wp\/v2\/posts\/191062\/revisions"}],"predecessor-version":[{"id":191088,"href":"https:\/\/www.suno.com.br\/noticias\/wp-json\/wp\/v2\/posts\/191062\/revisions\/191088"}],"wp:featuredmedia":[{"embeddable":true,"href":"https:\/\/www.suno.com.br\/noticias\/wp-json\/wp\/v2\/media\/130157"}],"wp:attachment":[{"href":"https:\/\/www.suno.com.br\/noticias\/wp-json\/wp\/v2\/media?parent=191062"}],"wp:term":[{"taxonomy":"category","embeddable":true,"href":"https:\/\/www.suno.com.br\/noticias\/wp-json\/wp\/v2\/categories?post=191062"},{"taxonomy":"post_tag","embeddable":true,"href":"https:\/\/www.suno.com.br\/noticias\/wp-json\/wp\/v2\/tags?post=191062"},{"taxonomy":"suno_strategy","embeddable":true,"href":"https:\/\/www.suno.com.br\/noticias\/wp-json\/wp\/v2\/suno_strategy?post=191062"}],"curies":[{"name":"wp","href":"https:\/\/api.w.org\/{rel}","templated":true}]}}