{"id":19097,"date":"2019-03-26T14:58:27","date_gmt":"2019-03-26T17:58:27","guid":{"rendered":"https:\/\/www.suno.com.br\/noticias\/?p=19097"},"modified":"2019-03-26T14:58:27","modified_gmt":"2019-03-26T17:58:27","slug":"greve-dos-caminhoneiros-paralisacao-negada","status":"publish","type":"post","link":"https:\/\/www.suno.com.br\/noticias\/greve-dos-caminhoneiros-paralisacao-negada\/","title":{"rendered":"Greve dos caminhoneiros: representantes negam nova paralisa\u00e7\u00e3o"},"content":{"rendered":"<p>Oficialmente, as <strong>entidades<\/strong> que representam a categoria <strong>negam<\/strong> que haver\u00e1 uma nova greve dos caminhoneiros, como aquela que parou o Pa\u00eds, em maio do ano passado.<\/p>\t<div class=\"wrapper-featured-image\">\n\t\t<figure class=\"spotlightImg\">\n\n\t\t\t<picture>\n\t\t\t\t<source media=\"(max-width: 768px)\" srcset=\"https:\/\/files.sunoresearch.com.br\/n\/uploads\/2018\/12\/25c967a8-greve-do-caminhoneiros-400x200.webp\">\n\t\t\t\t<img loading=\"lazy\" decoding=\"async\" class=\"newsContent__article__imgCapa lazyloadDisabled newsContent__article__imgCapa--noCaption\" src=\"https:\/\/files.sunoresearch.com.br\/n\/uploads\/2018\/12\/25c967a8-greve-do-caminhoneiros-800x450.webp\" width=\"800\" height=\"450\" alt=\"Greve dos caminhoneiros: representantes negam nova paralisa\u00e7\u00e3o\" fetchpriority=high \/>\n\t\t\t<\/picture>\n\n\t\t\t<figcaption class=\"wp-caption-text wp-caption-text--hide\">Greve do caminhoneiros<\/figcaption>\n\t\t<\/figure>\n\t<\/div>\n\n\n<p>Contudo, o n\u00famero de grupos no <strong>WhatsApp<\/strong> que discutem uma poss\u00edvel <strong>greve dos caminhoneiros<\/strong>, no pr\u00f3ximo s\u00e1bado (30), cresce, de acordo com o <strong>monitoramento<\/strong> do governo federal.\u00a0Os pr\u00f3prios sindicatos estimam que mais de <strong>200 grupos<\/strong> foram criados no aplicativo de mensagens.<\/p>\n<p>O\u00a0<strong>Sindicato dos Caminhoneiros Aut\u00f4nomos de S\u00e3o Jos\u00e9 dos Pinhais<\/strong> (Sinditac) apenas organizar\u00e1 uma <strong>carreata<\/strong>, no Paran\u00e1, no pr\u00f3ximo s\u00e1bado. Outras cidades devem aderir ao <strong>movimento<\/strong>.<\/p>\n<p>\u201cInfelizmente, toda vez que a gente quer fazer <strong>manifesta\u00e7\u00e3o<\/strong> aparecem pessoas infiltradas querendo distorcer a situa\u00e7\u00e3o. As entidades e caminhoneiros est\u00e3o apoiando a <strong>carreata<\/strong>. A categoria resolveu uma carreata. Se tivesse decidido <strong>paralisa\u00e7\u00e3o<\/strong>, estava falando em paralisa\u00e7\u00e3o\u201d, declarou o presidente do Sinditac, Pl\u00ednio Dias ao &#8220;Estado de Minas&#8221;.<\/p>\n<p>Segundo Dias, pouco a pouco os sindicatos t\u00eam anunciado<strong> ades\u00e3o ao movimento<\/strong>.\u00a0Em Minas, at\u00e9 o momento, est\u00e3o confirmadas <strong>carreatas<\/strong> pr\u00f3ximas a Muria\u00e9, na Zona da Mata, e Oliveira, no Centro-Oeste.<\/p>\n<p>O presidente do<strong> Sindicato da Uni\u00e3o Brasileira dos Caminhoneiros<\/strong> (Abcam), Jos\u00e9 Natan Em\u00eddio Neto, tamb\u00e9m <strong>nega<\/strong> nova greve. Entretanto, Neto admite que h\u00e1 <strong>motiva\u00e7\u00e3o<\/strong> suficiente para sustentar uma <strong>paralisa\u00e7\u00e3o<\/strong>.<\/p>\n<p>\u201cExiste um descontentamento grande com a <strong>tabela de frete, obras paradas, ped\u00e1gio alto<\/strong> (&#8230;) Mas n\u00e3o temos controle sobre os grupos de <strong>WhatsApp<\/strong>. Mas posso dizer que o caminhoneiro tem confian\u00e7a muito grande no governo\u201d, contou o presidente ao &#8220;Estado de Minas&#8221;.<\/p>\n<p>A <strong>Confedera\u00e7\u00e3o Interestadual dos Transportadores Rodovi\u00e1rios Aut\u00f4nomos<\/strong> (CNTA) tamb\u00e9m negou a possibilidade de uma nova <strong>paralisa\u00e7\u00e3o dos caminhoneiros<\/strong>. Conforme a dire\u00e7\u00e3o, o que se sabe &#8220;at\u00e9 agora \u00e9 que ser\u00e1 <strong>carreata pac\u00edfica<\/strong> no s\u00e1bado.\u201d<\/p>\n<p><a href=\"https:\/\/www.suno.com.br\/noticias\/nova-greve-dos-caminhoneiros-poderia-ocorrer-marco\/\">Saiba mais &#8211; Nova greve dos caminhoneiros poderia ocorrer no dia 30 de mar\u00e7o\u00a0<\/a><\/p>\n<h2>Insatisfa\u00e7\u00e3o e possibilidade de greve dos caminhoneiros<\/h2>\n<p>O n\u00edvel de insatisfa\u00e7\u00e3o dos caminhoneiros est\u00e1 muito grande. Pelo menos \u00e9 o que afirma a Associa\u00e7\u00e3o Brasileira dos Caminhoeiros (Abcam), uma das principais entidades do setor. Segundo ela, os \u00e2nimos podem gerar uma nova greve dos caminhoneiros, dando eco aos rumores surgidos no \u00faltimo fim de semana a respeito de uma paralisa\u00e7\u00e3o no fim deste m\u00eas.<\/p>\n<p>&#8220;S\u00e3o in\u00fameros telefonemas e mensagens de <strong>insatisfa\u00e7\u00e3o<\/strong> com o atual piso m\u00ednimo de frete, bem como a falta de fiscaliza\u00e7\u00e3o para o seu cumprimento&#8221;, informou a <strong>Abcam,<\/strong> que afirma representar mais de 600 mil <strong>caminhoneiros aut\u00f4nomos<\/strong> em todo o Pa\u00eds. &#8220;A entidade vem percebendo uma <strong>insatisfa\u00e7\u00e3o<\/strong> muito grande da <strong>categoria,<\/strong> o que pode refletir em uma poss\u00edvel <strong>nova paralisa\u00e7\u00e3o&#8221;.<\/strong><\/p>\n<p>Antes de tomar qualquer decis\u00e3o, no entanto, a associa\u00e7\u00e3o diz esperar a divulga\u00e7\u00e3o de um estudo elaborado pelo <strong>Grupo de Pesquisa e Extens\u00e3o em Log\u00edstica Agroindustrial (Esalq-Log)<\/strong>, da <strong>Universidade de S\u00e3o Paulo (USP)<\/strong> sobre a <strong>tabela de frete<\/strong> criada no \u00faltimo governo, ap\u00f3s a <strong>greve dos caminhoneiros<\/strong> que afetou o Pa\u00eds por 11 dias em 2018.<\/p>\n<p>O <strong>governo federal<\/strong> est\u00e1 monitorando os grupos de <strong>WhatsApp<\/strong> nos quais os <strong>caminhoneiros<\/strong> est\u00e3o <strong>articulando<\/strong> uma <strong>eventual nova paralisa\u00e7\u00e3o<\/strong>. Segundo algumas lideran\u00e7as dos <strong>caminhoneiros,<\/strong> o governo n\u00e3o teria cumprido os principais compromissos assumidos pelo governo do ex-presidente <strong>Michel Temer.<\/strong> Para tentar terminar a <strong>greve<\/strong> do ano passado, o <strong>Executivo<\/strong> tinha aceitado tabelar os fretes e reduzir o pre\u00e7o do diesel.<\/p>\n<p>O <a href=\"http:\/\/www.gsi.gov.br\/\"><strong>Gabinete de Seguran\u00e7a Institucional (GSI)<\/strong><\/a> est\u00e1 fazendo o monitoramento e detectou mensagens que falam em <strong>greve<\/strong> para o dia 30 de mar\u00e7o.<\/p>\n<p>Entretanto, as primeiras informa\u00e7\u00f5es mostram como, no momento, o <strong>movimento<\/strong> n\u00e3o tenha a mesa for\u00e7a percebida no ano passado. No governo h\u00e1 temores de que os <strong>motoristas<\/strong> acabem se fortalecendo, levando a uma <strong>greve dos caminhoneiros<\/strong> com grande potencial, como a do ano passado.<\/p>\n","protected":false},"excerpt":{"rendered":"<p>Oficialmente, as entidades que representam a categoria negam que haver\u00e1 uma nova greve dos caminhoneiros, como aquela que parou o Pa\u00eds, em maio do ano passado. Greve do caminhoneiros Contudo, o n\u00famero de grupos no WhatsApp que discutem uma poss\u00edvel greve dos caminhoneiros, no pr\u00f3ximo s\u00e1bado (30), cresce, de acordo com o monitoramento do governo [&hellip;]<\/p>\n","protected":false},"author":12,"featured_media":8103,"comment_status":"closed","ping_status":"closed","sticky":false,"template":"","format":"standard","meta":[],"categories":[62],"tags":[833],"suno_strategy":[],"class_list":["post-19097","post","type-post","status-publish","format-standard","has-post-thumbnail","hentry","category-economia","tag-greve-dos-caminhoneiros"],"yoast_head":"<!-- This site is optimized with the Yoast SEO plugin v24.4 - https:\/\/yoast.com\/wordpress\/plugins\/seo\/ -->\n<title>Greve dos caminhoneiros: representantes negam nova paralisa\u00e7\u00e3o<\/title>\n<meta name=\"description\" content=\"Representantes da categoria negam nova greve dos caminhoneiros no pr\u00f3ximo s\u00e1bado (30). Clique para saber mais.\" \/>\n<meta name=\"robots\" content=\"index, follow, max-snippet:-1, max-image-preview:large, max-video-preview:-1\" \/>\n<link rel=\"canonical\" href=\"https:\/\/www.suno.com.br\/noticias\/greve-dos-caminhoneiros-paralisacao-negada\/\" \/>\n<meta property=\"og:locale\" content=\"pt_BR\" \/>\n<meta property=\"og:type\" content=\"article\" \/>\n<meta property=\"og:title\" content=\"Greve dos caminhoneiros: representantes negam nova paralisa\u00e7\u00e3o\" \/>\n<meta property=\"og:description\" content=\"Representantes da categoria negam nova greve dos caminhoneiros no pr\u00f3ximo s\u00e1bado (30). Clique para saber mais.\" \/>\n<meta property=\"og:url\" content=\"https:\/\/www.suno.com.br\/noticias\/greve-dos-caminhoneiros-paralisacao-negada\/\" \/>\n<meta property=\"og:site_name\" content=\"Suno Not\u00edcias\" \/>\n<meta property=\"article:publisher\" content=\"https:\/\/facebook.com\/sunoresearch\" \/>\n<meta property=\"og:image\" content=\"https:\/\/files.sunoresearch.com.br\/n\/uploads\/2018\/12\/25c967a8-greve-do-caminhoneiros.jpg\" \/>\n\t<meta property=\"og:image:width\" content=\"980\" \/>\n\t<meta property=\"og:image:height\" content=\"670\" \/>\n\t<meta property=\"og:image:type\" content=\"image\/jpeg\" \/>\n<meta name=\"author\" content=\"Amanda Gushiken\" \/>\n<meta name=\"twitter:card\" content=\"summary_large_image\" \/>\n<meta name=\"twitter:creator\" content=\"@sunoresearch\" \/>\n<meta name=\"twitter:site\" content=\"@sunoresearch\" \/>\n<meta name=\"twitter:label1\" content=\"Escrito por\" \/>\n\t<meta name=\"twitter:data1\" content=\"Amanda Gushiken\" \/>\n\t<meta name=\"twitter:label2\" content=\"Est. tempo de leitura\" \/>\n\t<meta name=\"twitter:data2\" content=\"3 minutos\" \/>\n<script type=\"application\/ld+json\" class=\"yoast-schema-graph\">{\"@context\":\"https:\/\/schema.org\",\"@graph\":[{\"@type\":\"NewsArticle\",\"@id\":\"https:\/\/www.suno.com.br\/noticias\/greve-dos-caminhoneiros-paralisacao-negada\/#article\",\"isPartOf\":{\"@id\":\"https:\/\/www.suno.com.br\/noticias\/greve-dos-caminhoneiros-paralisacao-negada\/\"},\"author\":{\"name\":\"Amanda Gushiken\",\"@id\":\"https:\/\/www.suno.com.br\/noticias\/#\/schema\/person\/a5b06fa4e879d8e8e119c6ed3cd630d1\"},\"headline\":\"Greve dos caminhoneiros: representantes negam nova paralisa\u00e7\u00e3o\",\"datePublished\":\"2019-03-26T17:58:27+00:00\",\"mainEntityOfPage\":{\"@id\":\"https:\/\/www.suno.com.br\/noticias\/greve-dos-caminhoneiros-paralisacao-negada\/\"},\"wordCount\":667,\"publisher\":{\"@id\":\"https:\/\/www.suno.com.br\/noticias\/#organization\"},\"image\":{\"@id\":\"https:\/\/www.suno.com.br\/noticias\/greve-dos-caminhoneiros-paralisacao-negada\/#primaryimage\"},\"thumbnailUrl\":\"https:\/\/files.sunoresearch.com.br\/n\/uploads\/2018\/12\/25c967a8-greve-do-caminhoneiros.jpg\",\"keywords\":[\"greve dos caminhoneiros\"],\"articleSection\":[\"Economia\"],\"inLanguage\":\"pt-BR\"},{\"@type\":\"WebPage\",\"@id\":\"https:\/\/www.suno.com.br\/noticias\/greve-dos-caminhoneiros-paralisacao-negada\/\",\"url\":\"https:\/\/www.suno.com.br\/noticias\/greve-dos-caminhoneiros-paralisacao-negada\/\",\"name\":\"Greve dos caminhoneiros: representantes negam nova paralisa\u00e7\u00e3o\",\"isPartOf\":{\"@id\":\"https:\/\/www.suno.com.br\/noticias\/#website\"},\"primaryImageOfPage\":{\"@id\":\"https:\/\/www.suno.com.br\/noticias\/greve-dos-caminhoneiros-paralisacao-negada\/#primaryimage\"},\"image\":{\"@id\":\"https:\/\/www.suno.com.br\/noticias\/greve-dos-caminhoneiros-paralisacao-negada\/#primaryimage\"},\"thumbnailUrl\":\"https:\/\/files.sunoresearch.com.br\/n\/uploads\/2018\/12\/25c967a8-greve-do-caminhoneiros.jpg\",\"datePublished\":\"2019-03-26T17:58:27+00:00\",\"description\":\"Representantes da categoria negam nova greve dos caminhoneiros no pr\u00f3ximo s\u00e1bado (30). Clique para saber mais.\",\"breadcrumb\":{\"@id\":\"https:\/\/www.suno.com.br\/noticias\/greve-dos-caminhoneiros-paralisacao-negada\/#breadcrumb\"},\"inLanguage\":\"pt-BR\",\"potentialAction\":[{\"@type\":\"ReadAction\",\"target\":[\"https:\/\/www.suno.com.br\/noticias\/greve-dos-caminhoneiros-paralisacao-negada\/\"]}]},{\"@type\":\"ImageObject\",\"inLanguage\":\"pt-BR\",\"@id\":\"https:\/\/www.suno.com.br\/noticias\/greve-dos-caminhoneiros-paralisacao-negada\/#primaryimage\",\"url\":\"https:\/\/files.sunoresearch.com.br\/n\/uploads\/2018\/12\/25c967a8-greve-do-caminhoneiros.jpg\",\"contentUrl\":\"https:\/\/files.sunoresearch.com.br\/n\/uploads\/2018\/12\/25c967a8-greve-do-caminhoneiros.jpg\",\"width\":980,\"height\":670,\"caption\":\"Greve do caminhoneiros\"},{\"@type\":\"BreadcrumbList\",\"@id\":\"https:\/\/www.suno.com.br\/noticias\/greve-dos-caminhoneiros-paralisacao-negada\/#breadcrumb\",\"itemListElement\":[{\"@type\":\"ListItem\",\"position\":1,\"name\":\"Not\u00edcias\",\"item\":\"https:\/\/www.suno.com.br\/noticias\/\"},{\"@type\":\"ListItem\",\"position\":2,\"name\":\"Economia\",\"item\":\"https:\/\/www.suno.com.br\/noticias\/economia\/\"},{\"@type\":\"ListItem\",\"position\":3,\"name\":\"Greve dos caminhoneiros: representantes negam nova paralisa\u00e7\u00e3o\"}]},{\"@type\":\"WebSite\",\"@id\":\"https:\/\/www.suno.com.br\/noticias\/#website\",\"url\":\"https:\/\/www.suno.com.br\/noticias\/\",\"name\":\"Suno Not\u00edcias\",\"description\":\"Seu portal de informa\u00e7\u00e3o sobre o mundo dos investimentos\",\"publisher\":{\"@id\":\"https:\/\/www.suno.com.br\/noticias\/#organization\"},\"potentialAction\":[{\"@type\":\"SearchAction\",\"target\":{\"@type\":\"EntryPoint\",\"urlTemplate\":\"https:\/\/www.suno.com.br\/noticias\/?s={search_term_string}\"},\"query-input\":{\"@type\":\"PropertyValueSpecification\",\"valueRequired\":true,\"valueName\":\"search_term_string\"}}],\"inLanguage\":\"pt-BR\"},{\"@type\":\"Organization\",\"@id\":\"https:\/\/www.suno.com.br\/noticias\/#organization\",\"name\":\"Suno Not\u00edcias\",\"url\":\"https:\/\/www.suno.com.br\/noticias\/\",\"logo\":{\"@type\":\"ImageObject\",\"inLanguage\":\"pt-BR\",\"@id\":\"https:\/\/www.suno.com.br\/noticias\/#\/schema\/logo\/image\/\",\"url\":\"https:\/\/files.sunoresearch.com.br\/n\/uploads\/2021\/09\/suno-logo.png\",\"contentUrl\":\"https:\/\/files.sunoresearch.com.br\/n\/uploads\/2021\/09\/suno-logo.png\",\"width\":180,\"height\":180,\"caption\":\"Suno Not\u00edcias\"},\"image\":{\"@id\":\"https:\/\/www.suno.com.br\/noticias\/#\/schema\/logo\/image\/\"},\"sameAs\":[\"https:\/\/facebook.com\/sunoresearch\",\"https:\/\/x.com\/sunoresearch\",\"https:\/\/www.instagram.com\/suno\",\"https:\/\/www.linkedin.com\/company\/suno-research\/\",\"https:\/\/www.youtube.com\/c\/sunoresearch\"]},{\"@type\":\"Person\",\"@id\":\"https:\/\/www.suno.com.br\/noticias\/#\/schema\/person\/a5b06fa4e879d8e8e119c6ed3cd630d1\",\"name\":\"Amanda Gushiken\",\"image\":{\"@type\":\"ImageObject\",\"inLanguage\":\"pt-BR\",\"@id\":\"https:\/\/www.suno.com.br\/noticias\/#\/schema\/person\/image\/\",\"url\":\"https:\/\/secure.gravatar.com\/avatar\/ecd84705e6b65e3685ae80d725501fbe?s=96&r=g\",\"contentUrl\":\"https:\/\/secure.gravatar.com\/avatar\/ecd84705e6b65e3685ae80d725501fbe?s=96&r=g\",\"caption\":\"Amanda Gushiken\"},\"description\":\"Amanda Sayuri Gushiken escreve sobre finan\u00e7as e neg\u00f3cios para o portal Suno Not\u00edcias. Antes, trabalhou selecionando not\u00edcias da imprensa para clientes do mercado financeiro. Tamb\u00e9m desenvolveu pesquisa acad\u00eamica pela Universidade Anhembi Morumbi na \u00e1rea de Teorias da Comunica\u00e7\u00e3o e \u00e9 fot\u00f3grafa nas horas vagas.\",\"url\":\"https:\/\/www.suno.com.br\/noticias\/author\/amanda\/\"}]}<\/script>\n<!-- \/ Yoast SEO plugin. -->","yoast_head_json":{"title":"Greve dos caminhoneiros: representantes negam nova paralisa\u00e7\u00e3o","description":"Representantes da categoria negam nova greve dos caminhoneiros no pr\u00f3ximo s\u00e1bado (30). Clique para saber mais.","robots":{"index":"index","follow":"follow","max-snippet":"max-snippet:-1","max-image-preview":"max-image-preview:large","max-video-preview":"max-video-preview:-1"},"canonical":"https:\/\/www.suno.com.br\/noticias\/greve-dos-caminhoneiros-paralisacao-negada\/","og_locale":"pt_BR","og_type":"article","og_title":"Greve dos caminhoneiros: representantes negam nova paralisa\u00e7\u00e3o","og_description":"Representantes da categoria negam nova greve dos caminhoneiros no pr\u00f3ximo s\u00e1bado (30). Clique para saber mais.","og_url":"https:\/\/www.suno.com.br\/noticias\/greve-dos-caminhoneiros-paralisacao-negada\/","og_site_name":"Suno Not\u00edcias","article_publisher":"https:\/\/facebook.com\/sunoresearch","og_image":[{"width":980,"height":670,"url":"https:\/\/files.sunoresearch.com.br\/n\/uploads\/2018\/12\/25c967a8-greve-do-caminhoneiros.jpg","type":"image\/jpeg"}],"author":"Amanda Gushiken","twitter_card":"summary_large_image","twitter_creator":"@sunoresearch","twitter_site":"@sunoresearch","twitter_misc":{"Escrito por":"Amanda Gushiken","Est. tempo de leitura":"3 minutos"},"schema":{"@context":"https:\/\/schema.org","@graph":[{"@type":"NewsArticle","@id":"https:\/\/www.suno.com.br\/noticias\/greve-dos-caminhoneiros-paralisacao-negada\/#article","isPartOf":{"@id":"https:\/\/www.suno.com.br\/noticias\/greve-dos-caminhoneiros-paralisacao-negada\/"},"author":{"name":"Amanda Gushiken","@id":"https:\/\/www.suno.com.br\/noticias\/#\/schema\/person\/a5b06fa4e879d8e8e119c6ed3cd630d1"},"headline":"Greve dos caminhoneiros: representantes negam nova paralisa\u00e7\u00e3o","datePublished":"2019-03-26T17:58:27+00:00","mainEntityOfPage":{"@id":"https:\/\/www.suno.com.br\/noticias\/greve-dos-caminhoneiros-paralisacao-negada\/"},"wordCount":667,"publisher":{"@id":"https:\/\/www.suno.com.br\/noticias\/#organization"},"image":{"@id":"https:\/\/www.suno.com.br\/noticias\/greve-dos-caminhoneiros-paralisacao-negada\/#primaryimage"},"thumbnailUrl":"https:\/\/files.sunoresearch.com.br\/n\/uploads\/2018\/12\/25c967a8-greve-do-caminhoneiros.jpg","keywords":["greve dos caminhoneiros"],"articleSection":["Economia"],"inLanguage":"pt-BR"},{"@type":"WebPage","@id":"https:\/\/www.suno.com.br\/noticias\/greve-dos-caminhoneiros-paralisacao-negada\/","url":"https:\/\/www.suno.com.br\/noticias\/greve-dos-caminhoneiros-paralisacao-negada\/","name":"Greve dos caminhoneiros: representantes negam nova paralisa\u00e7\u00e3o","isPartOf":{"@id":"https:\/\/www.suno.com.br\/noticias\/#website"},"primaryImageOfPage":{"@id":"https:\/\/www.suno.com.br\/noticias\/greve-dos-caminhoneiros-paralisacao-negada\/#primaryimage"},"image":{"@id":"https:\/\/www.suno.com.br\/noticias\/greve-dos-caminhoneiros-paralisacao-negada\/#primaryimage"},"thumbnailUrl":"https:\/\/files.sunoresearch.com.br\/n\/uploads\/2018\/12\/25c967a8-greve-do-caminhoneiros.jpg","datePublished":"2019-03-26T17:58:27+00:00","description":"Representantes da categoria negam nova greve dos caminhoneiros no pr\u00f3ximo s\u00e1bado (30). Clique para saber mais.","breadcrumb":{"@id":"https:\/\/www.suno.com.br\/noticias\/greve-dos-caminhoneiros-paralisacao-negada\/#breadcrumb"},"inLanguage":"pt-BR","potentialAction":[{"@type":"ReadAction","target":["https:\/\/www.suno.com.br\/noticias\/greve-dos-caminhoneiros-paralisacao-negada\/"]}]},{"@type":"ImageObject","inLanguage":"pt-BR","@id":"https:\/\/www.suno.com.br\/noticias\/greve-dos-caminhoneiros-paralisacao-negada\/#primaryimage","url":"https:\/\/files.sunoresearch.com.br\/n\/uploads\/2018\/12\/25c967a8-greve-do-caminhoneiros.jpg","contentUrl":"https:\/\/files.sunoresearch.com.br\/n\/uploads\/2018\/12\/25c967a8-greve-do-caminhoneiros.jpg","width":980,"height":670,"caption":"Greve do caminhoneiros"},{"@type":"BreadcrumbList","@id":"https:\/\/www.suno.com.br\/noticias\/greve-dos-caminhoneiros-paralisacao-negada\/#breadcrumb","itemListElement":[{"@type":"ListItem","position":1,"name":"Not\u00edcias","item":"https:\/\/www.suno.com.br\/noticias\/"},{"@type":"ListItem","position":2,"name":"Economia","item":"https:\/\/www.suno.com.br\/noticias\/economia\/"},{"@type":"ListItem","position":3,"name":"Greve dos caminhoneiros: representantes negam nova paralisa\u00e7\u00e3o"}]},{"@type":"WebSite","@id":"https:\/\/www.suno.com.br\/noticias\/#website","url":"https:\/\/www.suno.com.br\/noticias\/","name":"Suno Not\u00edcias","description":"Seu portal de informa\u00e7\u00e3o sobre o mundo dos investimentos","publisher":{"@id":"https:\/\/www.suno.com.br\/noticias\/#organization"},"potentialAction":[{"@type":"SearchAction","target":{"@type":"EntryPoint","urlTemplate":"https:\/\/www.suno.com.br\/noticias\/?s={search_term_string}"},"query-input":{"@type":"PropertyValueSpecification","valueRequired":true,"valueName":"search_term_string"}}],"inLanguage":"pt-BR"},{"@type":"Organization","@id":"https:\/\/www.suno.com.br\/noticias\/#organization","name":"Suno Not\u00edcias","url":"https:\/\/www.suno.com.br\/noticias\/","logo":{"@type":"ImageObject","inLanguage":"pt-BR","@id":"https:\/\/www.suno.com.br\/noticias\/#\/schema\/logo\/image\/","url":"https:\/\/files.sunoresearch.com.br\/n\/uploads\/2021\/09\/suno-logo.png","contentUrl":"https:\/\/files.sunoresearch.com.br\/n\/uploads\/2021\/09\/suno-logo.png","width":180,"height":180,"caption":"Suno Not\u00edcias"},"image":{"@id":"https:\/\/www.suno.com.br\/noticias\/#\/schema\/logo\/image\/"},"sameAs":["https:\/\/facebook.com\/sunoresearch","https:\/\/x.com\/sunoresearch","https:\/\/www.instagram.com\/suno","https:\/\/www.linkedin.com\/company\/suno-research\/","https:\/\/www.youtube.com\/c\/sunoresearch"]},{"@type":"Person","@id":"https:\/\/www.suno.com.br\/noticias\/#\/schema\/person\/a5b06fa4e879d8e8e119c6ed3cd630d1","name":"Amanda Gushiken","image":{"@type":"ImageObject","inLanguage":"pt-BR","@id":"https:\/\/www.suno.com.br\/noticias\/#\/schema\/person\/image\/","url":"https:\/\/secure.gravatar.com\/avatar\/ecd84705e6b65e3685ae80d725501fbe?s=96&r=g","contentUrl":"https:\/\/secure.gravatar.com\/avatar\/ecd84705e6b65e3685ae80d725501fbe?s=96&r=g","caption":"Amanda Gushiken"},"description":"Amanda Sayuri Gushiken escreve sobre finan\u00e7as e neg\u00f3cios para o portal Suno Not\u00edcias. Antes, trabalhou selecionando not\u00edcias da imprensa para clientes do mercado financeiro. Tamb\u00e9m desenvolveu pesquisa acad\u00eamica pela Universidade Anhembi Morumbi na \u00e1rea de Teorias da Comunica\u00e7\u00e3o e \u00e9 fot\u00f3grafa nas horas vagas.","url":"https:\/\/www.suno.com.br\/noticias\/author\/amanda\/"}]}},"default_loop_html":"<div class=\"cardsPage__listCard__boxs\"><div class=\"cardsPage__listCard__boxs__img\"><a href=\"https:\/\/www.suno.com.br\/noticias\/greve-dos-caminhoneiros-paralisacao-negada\/\"><img class=\"mask\" src=\"https:\/\/www.suno.com.br\/noticias\/wp-content\/themes\/suno\/resources\/images\/spotlight\/spotlight1img\/bg-mask.png\" alt=\"Image Mask\"\/><img src=\"https:\/\/files.sunoresearch.com.br\/n\/uploads\/2018\/12\/25c967a8-greve-do-caminhoneiros-400x200.webp\" alt=\"Greve dos caminhoneiros: representantes negam nova paralisa\u00e7\u00e3o\"\/><\/a><span class=\"spotlightCategory\"><a href=\"https:\/\/www.suno.com.br\/noticias\/economia\/\">Economia<\/a><\/span><\/div><div class=\"cardsPage__listCard__boxs__content\"><a href=\"https:\/\/www.suno.com.br\/noticias\/greve-dos-caminhoneiros-paralisacao-negada\/\"><h2 class=\"content__title\">Greve dos caminhoneiros: representantes negam nova paralisa\u00e7\u00e3o<\/h2><\/a><div class=\"newsContent__article__meta\"><div class=\"newsContent__article__meta__authorBox\"><a href=\"https:\/\/www.suno.com.br\/noticias\/author\/amanda\/\" class=\"authorBox__avatar noMobi\"><img src=\"https:\/\/files.sunoresearch.com.br\/n\/uploads\/2018\/11\/c6ad30be-amanda-150x150.webp\" alt=\"Amanda Gushiken\"><\/a><div class=\"authorBox__name\"><span>por\n\t\t\t<a href=\"https:\/\/www.suno.com.br\/noticias\/author\/amanda\/\"><span itemprop=\"author\">Amanda Gushiken<\/span><\/a><\/span><time datetime=\"2019-03-26T14:58:27-03:00\" itemprop=\"datePublished\">26\/03\/2019 14:58<\/time><\/div><\/div><\/div><\/div><\/div>","single_layout":"posts","amp_enabled":true,"_links":{"self":[{"href":"https:\/\/www.suno.com.br\/noticias\/wp-json\/wp\/v2\/posts\/19097"}],"collection":[{"href":"https:\/\/www.suno.com.br\/noticias\/wp-json\/wp\/v2\/posts"}],"about":[{"href":"https:\/\/www.suno.com.br\/noticias\/wp-json\/wp\/v2\/types\/post"}],"author":[{"embeddable":true,"href":"https:\/\/www.suno.com.br\/noticias\/wp-json\/wp\/v2\/users\/12"}],"replies":[{"embeddable":true,"href":"https:\/\/www.suno.com.br\/noticias\/wp-json\/wp\/v2\/comments?post=19097"}],"version-history":[{"count":0,"href":"https:\/\/www.suno.com.br\/noticias\/wp-json\/wp\/v2\/posts\/19097\/revisions"}],"wp:featuredmedia":[{"embeddable":true,"href":"https:\/\/www.suno.com.br\/noticias\/wp-json\/wp\/v2\/media\/8103"}],"wp:attachment":[{"href":"https:\/\/www.suno.com.br\/noticias\/wp-json\/wp\/v2\/media?parent=19097"}],"wp:term":[{"taxonomy":"category","embeddable":true,"href":"https:\/\/www.suno.com.br\/noticias\/wp-json\/wp\/v2\/categories?post=19097"},{"taxonomy":"post_tag","embeddable":true,"href":"https:\/\/www.suno.com.br\/noticias\/wp-json\/wp\/v2\/tags?post=19097"},{"taxonomy":"suno_strategy","embeddable":true,"href":"https:\/\/www.suno.com.br\/noticias\/wp-json\/wp\/v2\/suno_strategy?post=19097"}],"curies":[{"name":"wp","href":"https:\/\/api.w.org\/{rel}","templated":true}]}}